{"id":29538,"date":"2023-02-05T18:10:50","date_gmt":"2023-02-05T16:10:50","guid":{"rendered":"https:\/\/just-now.news\/de\/deutschland\/deutsche-panzerlieferungen-an-die-ukraine-sind-berlins-neonazistischer-14-88-gruss\/"},"modified":"2023-02-05T18:10:50","modified_gmt":"2023-02-05T16:10:50","slug":"deutsche-panzerlieferungen-an-die-ukraine-sind-berlins-neonazistischer-14-88-gruss","status":"publish","type":"post","link":"https:\/\/now-news.de\/de\/deutschland\/deutsche-panzerlieferungen-an-die-ukraine-sind-berlins-neonazistischer-14-88-gruss\/","title":{"rendered":"Deutsche Panzerlieferungen an die Ukraine sind Berlins neonazistischer &quot;14\/88&quot;-Gru\u00df"},"content":{"rendered":"<div class=\"Text-root Text-type_1 \">\n                Auf 14 deutsche Panzer folgen in einer zweiten Tranche 88. &#8220;14\/88&#8221; ist eine unter Neonazis weltweit bekannte Chiffre, die den Hitlergru\u00df ersetzt. Gr\u00fc\u00dft die Bundesregierung damit Gesinnungsgenossen in der Ukraine? Nicht nur der auff\u00e4llige Code zeigt: Die Enkel-Generation deutscher Eliten ist vom Rachedurst f\u00fcr die Niederlage ihrer Gro\u00dfv\u00e4ter getrieben.\n            <\/div>\n<p><\/p>\n<div class=\"Text-root Text-type_5 ArticleView-text ViewText-root \">\n<p><em>Von Elena Karajewa<\/em><\/p>\n<p>Wie nun <a rel=\"nofollow noopener\" target=\"_blank\" href=\"https:\/\/test.rtde.tech\/inland\/161839-sueddeutsche-zeitung-bundesregierung-genehmigt-weitere\/\">bekannt wurde<\/a>, hat das Bundeskanzleramt in Berlin am Freitag neben der Lieferung von 14 Leopard-2-Panzern an die Ukraine (diese Entscheidung wurde bereits am 25. Januar getroffen) die Lieferung von weiteren 88 Leopard-1-Panzern angek\u00fcndigt, die angeblich aus &#8220;Reserven&#8221; stammen.<\/p>\n<p><strong>&#8220;14\/88&#8221; \u2013 Olaf Scholz gr\u00fc\u00dft die Neonazis der Ukraine<\/strong><\/p>\n<p>Das entnazifizierte (bis auf die letzte, wie uns seit Jahrzehnten eingeredet wird, SS-&#8220;Rune&#8221; auf der schwarzen Uniform) wiedervereinigte Deutschland erweist sich damit als nicht wirklich entnazifiziert. Als \u00fcberhaupt nicht entnazifiziert, um genau zu sein.<\/p>\n<p>Die Kombination 14\/88 ist ein unter Neonazis auf der ganzen Welt gebr\u00e4uchliches Codewort. Die CDU-nahe Konrad-Adenauer-Stiftung erkl\u00e4rt zur <a rel=\"nofollow noopener\" target=\"_blank\" href=\"https:\/\/www.kas.de\/de\/web\/extremismus\/rechtsextremismus\/rechtsextreme-codes?fbclid=IwAR1rN5KhNYw97JoiF6cD6VC5cSKaX8FCjekcs9oS14N28CwYmuU-rrNxAlI\">Symbolik dieser Zahlen<\/a>:\u00a0<\/p>\n<p>Die Zahl 14 steht in der Tradition von Rechtsextremisten weltweit f\u00fcr die &#8220;vierzehn Worte&#8221; des Satzes: &#8220;We must secure the existence of our people and a future for white children&#8221; (&#8220;Wir m\u00fcssen den Fortbestand unseres Volkes und eine Zukunft f\u00fcr wei\u00dfe Kinder sichern&#8221;). Sie sind die Zusammenfassung eines rassistischen Weltbildes zu einem kurzen &#8220;Glaubensbekenntnis&#8221;. Seit den 1990er-Jahren findet man die &#8220;14&#8221; auch bei deutschen Rechtsextremisten: als Aufdruck auf T-Shirts oder G\u00fcrteltaschen sowie als Aufn\u00e4her und T\u00e4towierungen, insbesondere in der rechtsextremen Musikszene.<\/p>\n<p>Die Ziffern 88 stehen jeweils f\u00fcr den achten Buchstaben im lateinischen Alphabet, also zweimal &#8220;H&#8221;, die Abk\u00fcrzung f\u00fcr den Hitlergru\u00df &#8220;Heil Hitler&#8221;. Die &#8220;88&#8221; findet als bekanntester Code der rechtsextremen Szene weltweit Verwendung.\u00a0<\/p>\n<p>&#8220;1488&#8221; ist die Kombination der beiden beschriebenen Codes und geht auf den amerikanischen Rechtsextremisten David Lane zur\u00fcck. Auch sie ist eine international weitverbreitete Chiffre der rechtsextremen Szene und nat\u00fcrlich den ukrainischen Neonazis bestens bekannt.<\/p>\n<p><strong>Historische Fakten beweisen die unterlassene Entnazifizierung der BRD\u00a0<\/strong><\/p>\n<p>Lassen wir jedoch die Symbolik der Zahlen kurz beiseite und wenden uns den Fakten zu. Deutschland wurde nach dem Krieg zun\u00e4chst in Ost und West aufgeteilt, woraus sp\u00e4ter die Deutsche Demokratische Republik und die Bundesrepublik Deutschland hervorgingen. In den beiden deutschen Staaten fand in den 40 Jahren bis 1989 eine diametral entgegengesetzte Entwicklung statt.<\/p>\n<p>Die industrielle Basis des nationalsozialistischen Deutschlands befand sich im Westen. Es war das Ruhrgebiet, das die Kohle f\u00fcr Hitlers Fabriken lieferte. Auch die R\u00fcstungsindustrie war in den westlichen Regionen, die sp\u00e4ter zu Bundesl\u00e4ndern der BRD wurden, konzentriert.<\/p>\n<p>Den Alliierten fielen damals auf der Grundlage dreier internationaler Konferenzen Fabriken in die H\u00e4nde, die hervorragenden legierten Stahl, ebenso gute Panzer und Flugzeugausr\u00fcstungen herstellten. Ein Teil der Waffenschmieden wurde in die USA verbracht, zusammen mit der wissenschaftlichen und technischen Leitung der Unternehmen im Rahmen der Operation Paperclip, die vom Office of Strategic Services, der sp\u00e4teren CIA, organisiert wurde.<\/p>\n<figure class=\"RTImage-root\">\n<div class=\"RTImage-image RTImage-original\"><picture class=\"Picture-root Picture-original\"><!--[if IE 9]><video style=\"display: none;\"><![endif]--><source media=\"(-webkit-min-device-pixel-ratio: 2) and (min-resolution: 120dpi)\" data-srcset=\" \nhttp:\/\/just-now.news\/de\/wp-content\/uploads\/sites\/3\/2023\/02\/63df92a5b480cc34bc6b8a9e.png 850w,\n                http:\/\/just-now.news\/de\/wp-content\/uploads\/sites\/3\/2023\/02\/63df92a5b480cc34bc6b8a9e.png 1960w,\n            \" ><source data-srcset=\" \nhttp:\/\/just-now.news\/de\/wp-content\/uploads\/sites\/3\/2023\/02\/63df92a5b480cc34bc6b8a9e.png 460w,\n              http:\/\/just-now.news\/de\/wp-content\/uploads\/sites\/3\/2023\/02\/63df92a5b480cc34bc6b8a9e.png 980w,\n            \" ><!--[if IE 9]><\/video><![endif]--><img decoding=\"async\" data- src=\"data:image\/png;base64,iVBORw0KGgoAAAANSUhEUgAAABAAAAAJCAQAAACRI2S5AAAAEElEQVR42mNkIAAYRxWAAQAG9gAKqv6+AwAAAABJRU5ErkJggg==\" class=\"Picture-root Picture-original lazyload\" data-src=\"http:\/\/just-now.news\/de\/wp-content\/uploads\/sites\/3\/2023\/02\/63df92a5b480cc34bc6b8a9e.png\" alt=\"\"><\/source><\/source><\/picture><!-- noscript pattern --><noscript><img decoding=\"async\" src=\"http:\/\/just-now.news\/de\/wp-content\/uploads\/sites\/3\/2023\/02\/63df92a5b480cc34bc6b8a9e.png\" alt=\"\"><\/noscript><\/div><figcaption class=\"RTImage-footer\"><span class=\"RTImage-caption\"><span class=\"RTImage-captionItem\">Infografik: Geplante Panzerlieferungen an die Ukraine<\/span><\/span><span class=\"RTImage-source\"><span class=\"RTImage-captionItem\">RIA Nowosti<\/span><span class=\"RTImage-captionItem\"> \/ Sputnik<\/span><\/span><\/figcaption><\/figure>\n<p>Die Eigent\u00fcmer der Konzerne, zu denen die Werke und Fabriken geh\u00f6rten, wurden entnazifiziert, einige sogar vor ein Kriegsgericht gestellt. Andere landeten in N\u00fcrnberg auf der Anklagebank. Durch gl\u00fcckliche Umst\u00e4nde und dank guter Anw\u00e4lte wurden diese Personen, direkte Kollaborateure Hitlers und Anh\u00e4nger der Nazi-Ideologie, jedoch nur zu geringf\u00fcgigen Haftstrafen verurteilt. Die meisten dieser &#8220;ehrenwerten Herren&#8221;, in deren Fabriken w\u00e4hrend des Krieges Zwangsarbeit geleistet wurde (zum Teil waren mehr als die H\u00e4lfte der Mitarbeiter am Flie\u00dfband KZ-H\u00e4ftlinge), kehrten bald darauf an ihren fr\u00fcheren Arbeitsplatz zur\u00fcck. Dort arbeiteten sie daran, Deutschland wieder &#8220;\u00fcber alles&#8221; zu stellen, auch wenn das niemals offen ausgesprochen wurde.\u00a0<\/p>\n<p>In gleicher Weise blieb die Zusammensetzung der Nachrichtendienste der Bundesrepublik Deutschland nahezu unver\u00e4ndert. Einer davon, der Auslandsnachrichtendienst BND, wurde von Reinhard Gehlen, einem Generalmajor der Wehrmacht, geleitet, der zuvor den milit\u00e4rischen Nachrichtendienst an der Ostfront befehligt hatte.<\/p>\n<p>Gehlen k\u00e4mpfte gegen den sowjetischen Einfluss und die kommunistische Ideologie, was ihm sehr viel Nachsicht seitens der Amerikaner sowie die M\u00f6glichkeit einbrachte, ehemalige Gestapo-Gr\u00f6\u00dfen wie Klaus Barbier, den &#8220;Schl\u00e4chter von Lyon&#8221;, anzuheuern. Jenen Klaus Barbier, der w\u00e4hrend der deutschen Besatzung Zehntausende deportieren und im Gef\u00e4ngnis foltern lie\u00df, darunter auch kleine Kinder \u2013 vor den Augen ihrer Eltern.<\/p>\n<p>Der Einfluss der Altnazis im h\u00f6chsten politischen Establishment Westdeutschlands ging so weit, dass der Bundesanwalt Fritz Bauer, ein Antifaschist, der w\u00e4hrend und nach dem Krieg gegen Hitler gek\u00e4mpft hatte, keinen anderen Weg f\u00fcr die Gerechtigkeit sah, als Informationen zum Aufenthaltsort von Adolf Eichmann in Argentinien direkt an die F\u00fchrung des Mossad zu \u00fcbergeben. Es wird vermutet, dass Eichmann von den Nachrichtendiensten der BRD f\u00fcr ihre eigenen Zwecke benutzt wurde, sodass Bauer bef\u00fcrchtete, dass dieser Massenm\u00f6rder, der f\u00fcr die &#8220;Endl\u00f6sung der Judenfrage&#8221; verantwortlich war, von seinen jetzigen Kollegen gedeckt wurde und sich so der Verantwortung f\u00fcr seine Verbrechen h\u00e4tte entziehen k\u00f6nnen.<\/p>\n<p><strong>Das gute Leben der Lieferanten des Todesgases &#8220;Zyklon B&#8221; in der BRD<\/strong><\/p>\n<p>Durch die Bem\u00fchungen der Amerikaner wurde zwar der Anschein einer &#8220;Entnazifizierung&#8221; der BRD erweckt, aber die wichtigsten Strukturen der deutschen Industrie blieben unangetastet. Der Prozess wurde so schonend gehandhabt, dass sogar die Degussa AG erhalten blieb. Degussa ist bekannt f\u00fcr die Herstellung des t\u00f6dlichen Giftgases &#8220;Zyklon B&#8221; w\u00e4hrend des Krieges, das zur Vernichtung von Menschen in den Gaskammern der Vernichtungslager oder in zu mobilen Gaskammern umgebauten Lkws Verwendung fand.<\/p>\n<p>Zyklon B wurde bei den &#8220;Dessauer Werken f\u00fcr Zucker und chemische Industrie AG&#8221; im Auftrag und auf Rechnung der Degussa hergestellt. Auch die zweite Zyklon-B-Fabrik in Kolin \u00f6stlich von Prag wurde von der Degussa AG kontrolliert.<\/p>\n<p>Allein in den Jahren 1942 und 1943 wurden 20 Tonnen Zyklon B nach Auschwitz geliefert. Die Degussa profitierte von ihren Giftgaslieferungen an die SS mit rund 300.000 Reichsmark, was heute rund drei Millionen Euro entspr\u00e4che. Der damalige Degussa-Chef Hermann Schlosser war nach 1950 noch lange Zeit Vorstandsvorsitzender der Degussa. Ein Ergebnis der Entnazifizierung &#8220;\u00e0 l&#8217;am\u00e9ricaine&#8221;: Degussa besch\u00e4ftigte noch im Jahr 2006 36.000 Mitarbeiter und erzielte einen Jahresumsatz von fast elf Milliarden Euro. Der Nettogewinn des &#8220;entnazifizierten&#8221; Herstellers von Zyklon B lag bei fast 900 Millionen Euro.<\/p>\n<p>Den Gaubschat Fahrzeugwerken aus Berlin-Neuk\u00f6lln ging es vor und nach 1945 nicht minder gut \u2013 von ihm stammten einst die mobilen Gaskammern. Diese Transporter waren speziell f\u00fcr die T\u00f6tung von Menschen konzipiert; Juden; Geisteskranke, die nicht als &#8220;echte Arier&#8221; betrachtet wurden; verwaiste slawische Kinder; Russen, etwa in der 1942\/43 besetzten Stadt Krasnodar. Nach dem Krieg strukturierte sich der &#8220;entnazifizierte&#8221; Konzern, der f\u00fcr die Massenmorde mitverantwortlich war, neu und begann mit der Reparatur von Stra\u00dfenbahnen. Erst 1975 ereilte das Unternehmen der Konkurs.<\/p>\n<p><strong>An ihren Taten werdet ihr sie erkennen<\/strong><\/p>\n<p>Und das deutsche Volk? Haben sich denn die vielen Westdeutschen, die so gern von sich behaupten, dass sie an der &#8220;historischen Schuld&#8221; so schwer zu tragen haben, in Wahrheit aber nie damit aufh\u00f6rten, sich als die Besseren zu f\u00fchlen (&#8220;Am deutschen Wesen soll die Welt genesen&#8221;), je selbstkritisch gefragt:\u00a0<\/p>\n<blockquote>\n<p><em>&#8220;Haben wir den Geist des Revanchismus wirklich schon \u00fcberwunden? Haben wir es tats\u00e4chlich geschafft, uns zu entnazifizieren? Haben wir auch nur ann\u00e4hernd verstanden, welche durch nichts zu tilgende Schuld auf unseren Schultern lastet und auf den Schultern von noch Dutzenden nachfolgenden Generationen lasten wird? \u00dcbernahmen wir die Verantwortung f\u00fcr die beiden entfesselten Weltkriege und f\u00fcr die zig Millionen Menschen, die ihr Leben verloren haben, nur weil wir an unsere \u00dcberlegenheit als Nation glaubten?&#8221;<\/em><\/p>\n<\/blockquote>\n<p>Wenn es Bosch, Porsche und Bayer wirtschaftlich gut geht, wenn die B\u00f6rsenentwicklung exzellent ist, wen st\u00f6rt es dann, dass der Vorg\u00e4ngerkonzern von Bayer, bei dem es um Aspirin und andere hochwertige Pharmazeutika ging, weibliche H\u00e4ftlinge aus der Auschwitz-Leitung gekauft hat, um an ihnen zu experimentieren und Medikamente zu testen?<\/p>\n<p>Es versteht sich von selbst, dass das heutige Unternehmen Bayer erkl\u00e4rt hat, es habe &#8220;mit diesen Gr\u00e4ueltaten nichts zu tun, denn das heutige Unternehmen Bayer war Teil der Farbenindustrie AG&#8221;, und das heutige Unternehmen Bayer ist es nicht. Und die Tatsache, dass sie mit den Produkten von damals Gesch\u00e4fte macht, ist nur Zufall.<\/p>\n<p>Vielleicht sollten wir also aufh\u00f6ren, naiv zu sein? Vielleicht sollten wir uns selbst klarmachen \u2013 uns, unseren Vorfahren, die Wehrmachtsdivisionen vertrieben, hasserf\u00fcllte Menschen vernichteten, die \u00d6fen der Krematorien l\u00f6schten und die H\u00e4hne der &#8220;Zyklon B&#8221;-Kanister zudrehten \u2013, dass ihre Leistung und unsere Opfer die Deutschen leider nicht dazu brachten, die Schuld sowohl pers\u00f6nlich als auch gesellschaftlich zu erkennen.<\/p>\n<p>Die neue Generation der deutschen Eliten verh\u00e4lt sich genauso wie die alte, wenn auch zun\u00e4chst in bescheidenerem Ma\u00dfe. Und die Slogans sind &#8220;politisch korrekter&#8221;, ganz im Sinne des Zeitgeistes.<\/p>\n<p>Aber selbst die Naivsten m\u00fcssen heute erkennen, dass die deutschen Eliten von nichts anderem als vom Rachedurst getrieben sind. Die Enkelgeneration r\u00e4cht ihre Nazi-Gro\u00dfv\u00e4ter.<\/p>\n<p><em>\u00dcbersetzung aus dem <a rel=\"nofollow noopener\" target=\"_blank\" href=\"https:\/\/ria.ru\/20230205\/tanki-1849767436.html\">Russischen<\/a>. Der Artikel ist zuerst bei ria.ru erschienen.<\/em><\/p>\n<p><strong>Mehr zum Thema<\/strong> &#8211; <a rel=\"nofollow noopener\" target=\"_blank\" href=\"https:\/\/test.rtde.tech\/international\/161856-rt-chefin-simonjan-in-ostdeutschland\/\">RT-Chefin Simonjan: &#8220;In Ostdeutschland leben Deutsche, im Westen deutschsprachige Amerikaner&#8221;<\/a><\/p>\n<\/div>\n<p><br \/>\n<br \/><a href=\"https:\/\/de.rt.com\/meinung\/161991-deutsche-panzerlieferungen-an-ukraine-sind\/\">Source link <\/a><\/p>\n","protected":false},"excerpt":{"rendered":"<p>Auf 14 deutsche Panzer folgen in einer zweiten Tranche 88. &#8220;14\/88&#8221; ist eine unter Neonazis weltweit bekannte Chiffre, die den Hitlergru\u00df ersetzt. Gr\u00fc\u00dft die Bundesregierung damit Gesinnungsgenossen in der Ukraine? Nicht nur der auff\u00e4llige Code zeigt: Die Enkel-Generation deutscher Eliten ist vom Rachedurst f\u00fcr die Niederlage ihrer Gro\u00dfv\u00e4ter getrieben. Von Elena Karajewa Wie nun bekannt [&hellip;]<\/p>\n","protected":false},"author":3,"featured_media":29539,"comment_status":"open","ping_status":"open","sticky":false,"template":"","format":"standard","meta":{"_yoast_indexnow_last_ping":["1675613650"],"wp_automatic_camp":["217"],"728fd1fb791aa47ae2c3cf149e0ae9b3":["Deutsche Panzerlieferungen an die Ukraine sind Berlins neonazistischer &quot;14\/88&quot;-Gru\u00df"],"original_link":["https:\/\/de.rt.com\/meinung\/161991-deutsche-panzerlieferungen-an-ukraine-sind\/"],"_thumbnail_id":["29539"],"_wptgpro_p2tg_sent2tg":["a:1:{i:23737;s:19:\"2023-02-05 18:15:18\";}"],"jnews_social_counter_last_update":["1777543986"]},"categories":[19,23],"tags":[37491,2374,45,40248,32725,40249,1046,127],"yoast_head":"<!-- This site is optimized with the Yoast SEO Premium plugin v22.7 (Yoast SEO v22.7) - https:\/\/yoast.com\/wordpress\/plugins\/seo\/ -->\n<title>Deutsche Panzerlieferungen an die Ukraine sind Berlins neonazistischer &quot;14\/88&quot;-Gru\u00df - just-now.NEWS Deutschland<\/title>\n<meta name=\"robots\" content=\"index, follow, max-snippet:-1, max-image-preview:large, max-video-preview:-1\" \/>\n<link rel=\"canonical\" href=\"https:\/\/now-news.de\/de\/deutschland\/deutsche-panzerlieferungen-an-die-ukraine-sind-berlins-neonazistischer-14-88-gruss\/\" \/>\n<meta property=\"og:locale\" content=\"de_DE\" \/>\n<meta property=\"og:type\" content=\"article\" \/>\n<meta property=\"og:title\" content=\"Deutsche Panzerlieferungen an die Ukraine sind Berlins neonazistischer &quot;14\/88&quot;-Gru\u00df\" \/>\n<meta property=\"og:description\" content=\"Auf 14 deutsche Panzer folgen in einer zweiten Tranche 88. &#8220;14\/88&#8221; ist eine unter Neonazis weltweit bekannte Chiffre, die den Hitlergru\u00df ersetzt. Gr\u00fc\u00dft die Bundesregierung damit Gesinnungsgenossen in der Ukraine? Nicht nur der auff\u00e4llige Code zeigt: Die Enkel-Generation deutscher Eliten ist vom Rachedurst f\u00fcr die Niederlage ihrer Gro\u00dfv\u00e4ter getrieben. Von Elena Karajewa Wie nun bekannt [&hellip;]\" \/>\n<meta property=\"og:url\" content=\"https:\/\/now-news.de\/de\/deutschland\/deutsche-panzerlieferungen-an-die-ukraine-sind-berlins-neonazistischer-14-88-gruss\/\" \/>\n<meta property=\"og:site_name\" content=\"just-now.NEWS Deutschland\" \/>\n<meta property=\"article:publisher\" content=\"https:\/\/www.facebook.com\/wirmachenauf\" \/>\n<meta property=\"article:published_time\" content=\"2023-02-05T16:10:50+00:00\" \/>\n<meta property=\"og:image\" content=\"https:\/\/now-news.de\/de\/wp-content\/uploads\/sites\/3\/2023\/02\/Deutsche-Panzerlieferungen-an-die-Ukraine-sind-Berlins-neonazistischer-quot1488quot-Gruss.png\" \/>\n\t<meta property=\"og:image:width\" content=\"1080\" \/>\n\t<meta property=\"og:image:height\" content=\"1080\" \/>\n\t<meta property=\"og:image:type\" content=\"image\/png\" \/>\n<meta name=\"author\" content=\"rtnews\" \/>\n<meta name=\"twitter:card\" content=\"summary_large_image\" \/>\n<meta name=\"twitter:creator\" content=\"@WirMachenAuf_de\" \/>\n<meta name=\"twitter:site\" content=\"@WirMachenAuf_de\" \/>\n<meta name=\"twitter:label1\" content=\"Verfasst von\" \/>\n\t<meta name=\"twitter:data1\" content=\"rtnews\" \/>\n\t<meta name=\"twitter:label2\" content=\"Gesch\u00e4tzte Lesezeit\" \/>\n\t<meta name=\"twitter:data2\" content=\"7\u00a0Minuten\" \/>\n<script type=\"application\/ld+json\" class=\"yoast-schema-graph\">{\"@context\":\"https:\/\/schema.org\",\"@graph\":[{\"@type\":\"Article\",\"@id\":\"https:\/\/now-news.de\/de\/deutschland\/deutsche-panzerlieferungen-an-die-ukraine-sind-berlins-neonazistischer-14-88-gruss\/#article\",\"isPartOf\":{\"@id\":\"https:\/\/now-news.de\/de\/deutschland\/deutsche-panzerlieferungen-an-die-ukraine-sind-berlins-neonazistischer-14-88-gruss\/\"},\"author\":{\"name\":\"rtnews\",\"@id\":\"https:\/\/now-news.de\/de\/#\/schema\/person\/fb534a4e865501d8b3285208df34a9b5\"},\"headline\":\"Deutsche Panzerlieferungen an die Ukraine sind Berlins neonazistischer &quot;14\/88&quot;-Gru\u00df\",\"datePublished\":\"2023-02-05T16:10:50+00:00\",\"dateModified\":\"2023-02-05T16:10:50+00:00\",\"mainEntityOfPage\":{\"@id\":\"https:\/\/now-news.de\/de\/deutschland\/deutsche-panzerlieferungen-an-die-ukraine-sind-berlins-neonazistischer-14-88-gruss\/\"},\"wordCount\":1506,\"commentCount\":0,\"publisher\":{\"@id\":\"https:\/\/now-news.de\/de\/#organization\"},\"image\":{\"@id\":\"https:\/\/now-news.de\/de\/deutschland\/deutsche-panzerlieferungen-an-die-ukraine-sind-berlins-neonazistischer-14-88-gruss\/#primaryimage\"},\"thumbnailUrl\":\"https:\/\/now-news.de\/de\/wp-content\/uploads\/sites\/3\/2023\/02\/Deutsche-Panzerlieferungen-an-die-Ukraine-sind-Berlins-neonazistischer-quot1488quot-Gruss.png\",\"keywords\":[\"Berlins\",\"Deutsche\",\"die\",\"neonazistischer\",\"Panzerlieferungen\",\"quot1488quotGru\u00df\",\"sind\",\"ukraine\"],\"articleSection\":[\"Deutschland\",\"Russland\"],\"inLanguage\":\"de\",\"potentialAction\":[{\"@type\":\"CommentAction\",\"name\":\"Comment\",\"target\":[\"https:\/\/now-news.de\/de\/deutschland\/deutsche-panzerlieferungen-an-die-ukraine-sind-berlins-neonazistischer-14-88-gruss\/#respond\"]}]},{\"@type\":\"WebPage\",\"@id\":\"https:\/\/now-news.de\/de\/deutschland\/deutsche-panzerlieferungen-an-die-ukraine-sind-berlins-neonazistischer-14-88-gruss\/\",\"url\":\"https:\/\/now-news.de\/de\/deutschland\/deutsche-panzerlieferungen-an-die-ukraine-sind-berlins-neonazistischer-14-88-gruss\/\",\"name\":\"Deutsche Panzerlieferungen an die Ukraine sind Berlins neonazistischer &quot;14\/88&quot;-Gru\u00df - just-now.NEWS Deutschland\",\"isPartOf\":{\"@id\":\"https:\/\/now-news.de\/de\/#website\"},\"primaryImageOfPage\":{\"@id\":\"https:\/\/now-news.de\/de\/deutschland\/deutsche-panzerlieferungen-an-die-ukraine-sind-berlins-neonazistischer-14-88-gruss\/#primaryimage\"},\"image\":{\"@id\":\"https:\/\/now-news.de\/de\/deutschland\/deutsche-panzerlieferungen-an-die-ukraine-sind-berlins-neonazistischer-14-88-gruss\/#primaryimage\"},\"thumbnailUrl\":\"https:\/\/now-news.de\/de\/wp-content\/uploads\/sites\/3\/2023\/02\/Deutsche-Panzerlieferungen-an-die-Ukraine-sind-Berlins-neonazistischer-quot1488quot-Gruss.png\",\"datePublished\":\"2023-02-05T16:10:50+00:00\",\"dateModified\":\"2023-02-05T16:10:50+00:00\",\"breadcrumb\":{\"@id\":\"https:\/\/now-news.de\/de\/deutschland\/deutsche-panzerlieferungen-an-die-ukraine-sind-berlins-neonazistischer-14-88-gruss\/#breadcrumb\"},\"inLanguage\":\"de\",\"potentialAction\":[{\"@type\":\"ReadAction\",\"target\":[\"https:\/\/now-news.de\/de\/deutschland\/deutsche-panzerlieferungen-an-die-ukraine-sind-berlins-neonazistischer-14-88-gruss\/\"]}]},{\"@type\":\"ImageObject\",\"inLanguage\":\"de\",\"@id\":\"https:\/\/now-news.de\/de\/deutschland\/deutsche-panzerlieferungen-an-die-ukraine-sind-berlins-neonazistischer-14-88-gruss\/#primaryimage\",\"url\":\"https:\/\/now-news.de\/de\/wp-content\/uploads\/sites\/3\/2023\/02\/Deutsche-Panzerlieferungen-an-die-Ukraine-sind-Berlins-neonazistischer-quot1488quot-Gruss.png\",\"contentUrl\":\"https:\/\/now-news.de\/de\/wp-content\/uploads\/sites\/3\/2023\/02\/Deutsche-Panzerlieferungen-an-die-Ukraine-sind-Berlins-neonazistischer-quot1488quot-Gruss.png\",\"width\":1080,\"height\":1080,\"caption\":\"Deutsche Panzerlieferungen an die Ukraine sind Berlins neonazistischer &quot;14\/88&quot;-Gru\u00df\"},{\"@type\":\"BreadcrumbList\",\"@id\":\"https:\/\/now-news.de\/de\/deutschland\/deutsche-panzerlieferungen-an-die-ukraine-sind-berlins-neonazistischer-14-88-gruss\/#breadcrumb\",\"itemListElement\":[{\"@type\":\"ListItem\",\"position\":1,\"name\":\"Home\",\"item\":\"https:\/\/now-news.de\/de\/\"},{\"@type\":\"ListItem\",\"position\":2,\"name\":\"Deutsche Panzerlieferungen an die Ukraine sind Berlins neonazistischer &quot;14\/88&quot;-Gru\u00df\"}]},{\"@type\":\"WebSite\",\"@id\":\"https:\/\/now-news.de\/de\/#website\",\"url\":\"https:\/\/now-news.de\/de\/\",\"name\":\"just-now.NEWS Deutschland\",\"description\":\"Das Portal f\u00fcr unzensierte Nachrichten aus der Welt\",\"publisher\":{\"@id\":\"https:\/\/now-news.de\/de\/#organization\"},\"potentialAction\":[{\"@type\":\"SearchAction\",\"target\":{\"@type\":\"EntryPoint\",\"urlTemplate\":\"https:\/\/now-news.de\/de\/?s={search_term_string}\"},\"query-input\":\"required name=search_term_string\"}],\"inLanguage\":\"de\"},{\"@type\":\"Organization\",\"@id\":\"https:\/\/now-news.de\/de\/#organization\",\"name\":\"Just Now News\",\"url\":\"https:\/\/now-news.de\/de\/\",\"logo\":{\"@type\":\"ImageObject\",\"inLanguage\":\"de\",\"@id\":\"https:\/\/now-news.de\/de\/#\/schema\/logo\/image\/\",\"url\":\"http:\/\/just-now.news\/de\/wp-content\/uploads\/sites\/3\/2022\/04\/logo500x500.jpg\",\"contentUrl\":\"http:\/\/just-now.news\/de\/wp-content\/uploads\/sites\/3\/2022\/04\/logo500x500.jpg\",\"width\":500,\"height\":500,\"caption\":\"Just Now News\"},\"image\":{\"@id\":\"https:\/\/now-news.de\/de\/#\/schema\/logo\/image\/\"},\"sameAs\":[\"https:\/\/www.facebook.com\/wirmachenauf\",\"https:\/\/x.com\/WirMachenAuf_de\"]},{\"@type\":\"Person\",\"@id\":\"https:\/\/now-news.de\/de\/#\/schema\/person\/fb534a4e865501d8b3285208df34a9b5\",\"name\":\"rtnews\",\"image\":{\"@type\":\"ImageObject\",\"inLanguage\":\"de\",\"@id\":\"https:\/\/now-news.de\/de\/#\/schema\/person\/image\/\",\"url\":\"https:\/\/secure.gravatar.com\/avatar\/82aafea7d8127119dd649515f56e2117?s=96&d=mm&r=g\",\"contentUrl\":\"https:\/\/secure.gravatar.com\/avatar\/82aafea7d8127119dd649515f56e2117?s=96&d=mm&r=g\",\"caption\":\"rtnews\"},\"url\":\"https:\/\/now-news.de\/de\/author\/rnews\/\"}]}<\/script>\n<!-- \/ Yoast SEO Premium plugin. -->","yoast_head_json":{"title":"Deutsche Panzerlieferungen an die Ukraine sind Berlins neonazistischer &quot;14\/88&quot;-Gru\u00df - just-now.NEWS Deutschland","robots":{"index":"index","follow":"follow","max-snippet":"max-snippet:-1","max-image-preview":"max-image-preview:large","max-video-preview":"max-video-preview:-1"},"canonical":"https:\/\/now-news.de\/de\/deutschland\/deutsche-panzerlieferungen-an-die-ukraine-sind-berlins-neonazistischer-14-88-gruss\/","og_locale":"de_DE","og_type":"article","og_title":"Deutsche Panzerlieferungen an die Ukraine sind Berlins neonazistischer &quot;14\/88&quot;-Gru\u00df","og_description":"Auf 14 deutsche Panzer folgen in einer zweiten Tranche 88. &#8220;14\/88&#8221; ist eine unter Neonazis weltweit bekannte Chiffre, die den Hitlergru\u00df ersetzt. Gr\u00fc\u00dft die Bundesregierung damit Gesinnungsgenossen in der Ukraine? Nicht nur der auff\u00e4llige Code zeigt: Die Enkel-Generation deutscher Eliten ist vom Rachedurst f\u00fcr die Niederlage ihrer Gro\u00dfv\u00e4ter getrieben. Von Elena Karajewa Wie nun bekannt [&hellip;]","og_url":"https:\/\/now-news.de\/de\/deutschland\/deutsche-panzerlieferungen-an-die-ukraine-sind-berlins-neonazistischer-14-88-gruss\/","og_site_name":"just-now.NEWS Deutschland","article_publisher":"https:\/\/www.facebook.com\/wirmachenauf","article_published_time":"2023-02-05T16:10:50+00:00","og_image":[{"width":1080,"height":1080,"url":"https:\/\/now-news.de\/de\/wp-content\/uploads\/sites\/3\/2023\/02\/Deutsche-Panzerlieferungen-an-die-Ukraine-sind-Berlins-neonazistischer-quot1488quot-Gruss.png","type":"image\/png"}],"author":"rtnews","twitter_card":"summary_large_image","twitter_creator":"@WirMachenAuf_de","twitter_site":"@WirMachenAuf_de","twitter_misc":{"Verfasst von":"rtnews","Gesch\u00e4tzte Lesezeit":"7\u00a0Minuten"},"schema":{"@context":"https:\/\/schema.org","@graph":[{"@type":"Article","@id":"https:\/\/now-news.de\/de\/deutschland\/deutsche-panzerlieferungen-an-die-ukraine-sind-berlins-neonazistischer-14-88-gruss\/#article","isPartOf":{"@id":"https:\/\/now-news.de\/de\/deutschland\/deutsche-panzerlieferungen-an-die-ukraine-sind-berlins-neonazistischer-14-88-gruss\/"},"author":{"name":"rtnews","@id":"https:\/\/now-news.de\/de\/#\/schema\/person\/fb534a4e865501d8b3285208df34a9b5"},"headline":"Deutsche Panzerlieferungen an die Ukraine sind Berlins neonazistischer &quot;14\/88&quot;-Gru\u00df","datePublished":"2023-02-05T16:10:50+00:00","dateModified":"2023-02-05T16:10:50+00:00","mainEntityOfPage":{"@id":"https:\/\/now-news.de\/de\/deutschland\/deutsche-panzerlieferungen-an-die-ukraine-sind-berlins-neonazistischer-14-88-gruss\/"},"wordCount":1506,"commentCount":0,"publisher":{"@id":"https:\/\/now-news.de\/de\/#organization"},"image":{"@id":"https:\/\/now-news.de\/de\/deutschland\/deutsche-panzerlieferungen-an-die-ukraine-sind-berlins-neonazistischer-14-88-gruss\/#primaryimage"},"thumbnailUrl":"https:\/\/now-news.de\/de\/wp-content\/uploads\/sites\/3\/2023\/02\/Deutsche-Panzerlieferungen-an-die-Ukraine-sind-Berlins-neonazistischer-quot1488quot-Gruss.png","keywords":["Berlins","Deutsche","die","neonazistischer","Panzerlieferungen","quot1488quotGru\u00df","sind","ukraine"],"articleSection":["Deutschland","Russland"],"inLanguage":"de","potentialAction":[{"@type":"CommentAction","name":"Comment","target":["https:\/\/now-news.de\/de\/deutschland\/deutsche-panzerlieferungen-an-die-ukraine-sind-berlins-neonazistischer-14-88-gruss\/#respond"]}]},{"@type":"WebPage","@id":"https:\/\/now-news.de\/de\/deutschland\/deutsche-panzerlieferungen-an-die-ukraine-sind-berlins-neonazistischer-14-88-gruss\/","url":"https:\/\/now-news.de\/de\/deutschland\/deutsche-panzerlieferungen-an-die-ukraine-sind-berlins-neonazistischer-14-88-gruss\/","name":"Deutsche Panzerlieferungen an die Ukraine sind Berlins neonazistischer &quot;14\/88&quot;-Gru\u00df - just-now.NEWS Deutschland","isPartOf":{"@id":"https:\/\/now-news.de\/de\/#website"},"primaryImageOfPage":{"@id":"https:\/\/now-news.de\/de\/deutschland\/deutsche-panzerlieferungen-an-die-ukraine-sind-berlins-neonazistischer-14-88-gruss\/#primaryimage"},"image":{"@id":"https:\/\/now-news.de\/de\/deutschland\/deutsche-panzerlieferungen-an-die-ukraine-sind-berlins-neonazistischer-14-88-gruss\/#primaryimage"},"thumbnailUrl":"https:\/\/now-news.de\/de\/wp-content\/uploads\/sites\/3\/2023\/02\/Deutsche-Panzerlieferungen-an-die-Ukraine-sind-Berlins-neonazistischer-quot1488quot-Gruss.png","datePublished":"2023-02-05T16:10:50+00:00","dateModified":"2023-02-05T16:10:50+00:00","breadcrumb":{"@id":"https:\/\/now-news.de\/de\/deutschland\/deutsche-panzerlieferungen-an-die-ukraine-sind-berlins-neonazistischer-14-88-gruss\/#breadcrumb"},"inLanguage":"de","potentialAction":[{"@type":"ReadAction","target":["https:\/\/now-news.de\/de\/deutschland\/deutsche-panzerlieferungen-an-die-ukraine-sind-berlins-neonazistischer-14-88-gruss\/"]}]},{"@type":"ImageObject","inLanguage":"de","@id":"https:\/\/now-news.de\/de\/deutschland\/deutsche-panzerlieferungen-an-die-ukraine-sind-berlins-neonazistischer-14-88-gruss\/#primaryimage","url":"https:\/\/now-news.de\/de\/wp-content\/uploads\/sites\/3\/2023\/02\/Deutsche-Panzerlieferungen-an-die-Ukraine-sind-Berlins-neonazistischer-quot1488quot-Gruss.png","contentUrl":"https:\/\/now-news.de\/de\/wp-content\/uploads\/sites\/3\/2023\/02\/Deutsche-Panzerlieferungen-an-die-Ukraine-sind-Berlins-neonazistischer-quot1488quot-Gruss.png","width":1080,"height":1080,"caption":"Deutsche Panzerlieferungen an die Ukraine sind Berlins neonazistischer &quot;14\/88&quot;-Gru\u00df"},{"@type":"BreadcrumbList","@id":"https:\/\/now-news.de\/de\/deutschland\/deutsche-panzerlieferungen-an-die-ukraine-sind-berlins-neonazistischer-14-88-gruss\/#breadcrumb","itemListElement":[{"@type":"ListItem","position":1,"name":"Home","item":"https:\/\/now-news.de\/de\/"},{"@type":"ListItem","position":2,"name":"Deutsche Panzerlieferungen an die Ukraine sind Berlins neonazistischer &quot;14\/88&quot;-Gru\u00df"}]},{"@type":"WebSite","@id":"https:\/\/now-news.de\/de\/#website","url":"https:\/\/now-news.de\/de\/","name":"just-now.NEWS Deutschland","description":"Das Portal f\u00fcr unzensierte Nachrichten aus der Welt","publisher":{"@id":"https:\/\/now-news.de\/de\/#organization"},"potentialAction":[{"@type":"SearchAction","target":{"@type":"EntryPoint","urlTemplate":"https:\/\/now-news.de\/de\/?s={search_term_string}"},"query-input":"required name=search_term_string"}],"inLanguage":"de"},{"@type":"Organization","@id":"https:\/\/now-news.de\/de\/#organization","name":"Just Now News","url":"https:\/\/now-news.de\/de\/","logo":{"@type":"ImageObject","inLanguage":"de","@id":"https:\/\/now-news.de\/de\/#\/schema\/logo\/image\/","url":"http:\/\/just-now.news\/de\/wp-content\/uploads\/sites\/3\/2022\/04\/logo500x500.jpg","contentUrl":"http:\/\/just-now.news\/de\/wp-content\/uploads\/sites\/3\/2022\/04\/logo500x500.jpg","width":500,"height":500,"caption":"Just Now News"},"image":{"@id":"https:\/\/now-news.de\/de\/#\/schema\/logo\/image\/"},"sameAs":["https:\/\/www.facebook.com\/wirmachenauf","https:\/\/x.com\/WirMachenAuf_de"]},{"@type":"Person","@id":"https:\/\/now-news.de\/de\/#\/schema\/person\/fb534a4e865501d8b3285208df34a9b5","name":"rtnews","image":{"@type":"ImageObject","inLanguage":"de","@id":"https:\/\/now-news.de\/de\/#\/schema\/person\/image\/","url":"https:\/\/secure.gravatar.com\/avatar\/82aafea7d8127119dd649515f56e2117?s=96&d=mm&r=g","contentUrl":"https:\/\/secure.gravatar.com\/avatar\/82aafea7d8127119dd649515f56e2117?s=96&d=mm&r=g","caption":"rtnews"},"url":"https:\/\/now-news.de\/de\/author\/rnews\/"}]}},"_links":{"self":[{"href":"https:\/\/now-news.de\/de\/wp-json\/wp\/v2\/posts\/29538"}],"collection":[{"href":"https:\/\/now-news.de\/de\/wp-json\/wp\/v2\/posts"}],"about":[{"href":"https:\/\/now-news.de\/de\/wp-json\/wp\/v2\/types\/post"}],"author":[{"embeddable":true,"href":"https:\/\/now-news.de\/de\/wp-json\/wp\/v2\/users\/3"}],"replies":[{"embeddable":true,"href":"https:\/\/now-news.de\/de\/wp-json\/wp\/v2\/comments?post=29538"}],"version-history":[{"count":0,"href":"https:\/\/now-news.de\/de\/wp-json\/wp\/v2\/posts\/29538\/revisions"}],"wp:featuredmedia":[{"embeddable":true,"href":"https:\/\/now-news.de\/de\/wp-json\/wp\/v2\/media\/29539"}],"wp:attachment":[{"href":"https:\/\/now-news.de\/de\/wp-json\/wp\/v2\/media?parent=29538"}],"wp:term":[{"taxonomy":"category","embeddable":true,"href":"https:\/\/now-news.de\/de\/wp-json\/wp\/v2\/categories?post=29538"},{"taxonomy":"post_tag","embeddable":true,"href":"https:\/\/now-news.de\/de\/wp-json\/wp\/v2\/tags?post=29538"}],"curies":[{"name":"wp","href":"https:\/\/api.w.org\/{rel}","templated":true}]}}