{"id":29536,"date":"2023-02-05T17:42:52","date_gmt":"2023-02-05T15:42:52","guid":{"rendered":"https:\/\/just-now.news\/de\/deutschland\/weber-ruft-eu-zu-schulterschluss-mit-usa-gegen-china-auf\/"},"modified":"2023-02-05T17:42:52","modified_gmt":"2023-02-05T15:42:52","slug":"weber-ruft-eu-zu-schulterschluss-mit-usa-gegen-china-auf","status":"publish","type":"post","link":"https:\/\/now-news.de\/de\/deutschland\/weber-ruft-eu-zu-schulterschluss-mit-usa-gegen-china-auf\/","title":{"rendered":"Weber ruft EU zu Schulterschluss mit USA gegen China auf"},"content":{"rendered":"<p><img decoding=\"async\" src=\"http:\/\/just-now.news\/de\/wp-content\/uploads\/sites\/3\/2023\/02\/63dfbf63b480cc07323beabb.jpg\" \/><\/p>\n<div class=\"Text-root Text-type_1 \">\n                Nach Auffassung des bayerischen CSU-Politikers und EVP-Chefs Manfred Weber soll sich die EU \u00fcberall auf der Welt, auch in Asien, einmischen oder, wie er es nennt, &#8220;Verantwortung&#8221; \u00fcbernehmen. Nun ruft der Scharfmacher zu einem europ\u00e4isch-amerikanischen B\u00fcndnis gegen China auf.\n            <\/div>\n<p><\/p>\n<div class=\"Text-root Text-type_5 ArticleView-text ViewText-root \">\n<p>Vor dem Hintergrund des Streits zwischen Washington und Peking zum Abschuss eines mutma\u00dflichen chinesischen Spionageballons \u00fcber US-Gebiet hat der Fraktionschef der &#8220;Europ\u00e4ischen Volkspartei&#8221; (EVP) im EU-Parlament, Manfred Weber (CSU), die EU\u00a0zum Schulterschluss mit den USA aufgerufen. Die &#8220;offensichtlichen Spionageaktionen Chinas&#8221; g\u00e4ben &#8220;Grund zur Sorge&#8221;, sagte Weber den Zeitungen der <em>Funke Mediengruppe<\/em> in einem Interview, das\u00a0am Sonntag vorab bekannt gegeben wurde. Das Verhalten der chinesischen F\u00fchrung gegen\u00fcber westlichen Staaten werde &#8220;deutlich aggressiver&#8221;, fuhr er fort. Weber forderte, die &#8220;freie Welt&#8221; m\u00fcsse im &#8220;Systemwettbewerb mit China&#8221; die Kr\u00e4fte b\u00fcndeln.<\/p>\n<p>Ein &#8220;enger Schulterschluss zwischen den USA und der EU sowie weiteren Verb\u00fcndeten&#8221; sei &#8220;unabdingbar&#8221;. Nur so werde man den &#8220;zunehmend aggressiven Giganten in Asien&#8221; eind\u00e4mmen k\u00f6nnen, sagte Weber weiter. Die Europ\u00e4ische Union m\u00fcsse erkennen, dass sie auch in Asien &#8220;Verantwortung&#8221; trage. Vor allem m\u00fcssten sich die EU-Staaten auf eine gemeinsame China-Strategie einigen. Man d\u00fcrfe &#8220;unsere amerikanischen Freunde mit ihren Partnern&#8221; dort nicht allein lassen.<\/p>\n<p>Das US-Milit\u00e4r hat am Sonnabend Ortszeit <a rel=\"nofollow noopener\" target=\"_blank\" href=\"https:\/\/test.rtde.tech\/kurzclips\/video\/162003-heilige-schee-us-luftabwehr-schiesst\/\">einen chinesischen Beobachtungsballon abgeschossen<\/a>, der tagelang \u00fcber dem Norden der USA geflogen war. Washington bezichtigte China daraufhin der Spionage.\u00a0Nach Angaben von US-Medien wurde die Operation in hohem Tempo durchgef\u00fchrt, damit die Marinestreitkr\u00e4fte so viele Wrackteile des Ger\u00e4ts wie m\u00f6glich sammeln k\u00f6nnen, bevor diese auf den Grund sinken.\u00a0Die Tr\u00fcmmer des Ballons st\u00fcrzten vor der K\u00fcste von South Carolina ins Meer, wo ein Einsatz der US-Marine und der K\u00fcstenwache zur Ortung und Bergung der Reste im Gange ist. Das Pentagon will beweisen, dass es sich bei dem abgest\u00fcrzten Ballon um einen &#8220;Spionageballon&#8221; gehandelt habe, der von China benutzt worden sei, um strategische Ziele der USA auszuspionieren. Peking protestierte am Sonntag gegen die &#8220;offensichtliche \u00dcberreaktion&#8221; und wies die Vorw\u00fcrfe erneut zur\u00fcck.<\/p>\n<p>Manfred Weber gilt als einer der radikalsten Scharfmacher im Europ\u00e4ischen Parlament und hat es schon oft mit konfrontativen \u00c4u\u00dferungen nicht nur im Verh\u00e4ltnis zu Russland und China in die Schlagzeilen gebracht. So <a rel=\"nofollow noopener\" target=\"_blank\" href=\"https:\/\/test.rtde.tech\/europa\/139669-neue-linie-in-eu-sicherheitspolitik\/\">forderte er<\/a> bereits im Mai letzten Jahres die Lieferung schwerer Waffen ohne jede Begrenzung an Kiew. Weber sieht die EU \u00fcberall auf der Welt im Recht, die Interessen des europ\u00e4ischen Kapitals notfalls mit Waffengewalt durchzusetzen. Der heute f\u00fcnfzigj\u00e4hrige Niederbayer setzte sich schon 2017 f\u00fcr ein Ende des Nord-Stream-2-Projekts ein und bek\u00e4mpfte es seitdem scharf.\u00a0<\/p>\n<p><em>(rt\/dpa)<\/em><\/p>\n<p><strong>Mehr zum Thema<\/strong> &#8211; <a rel=\"nofollow noopener\" target=\"_blank\" href=\"https:\/\/test.rtde.tech\/international\/161997-offensichtliche-ueberreaktion-china-warnt-usa\/\">&#8220;Offensichtliche \u00dcberreaktion&#8221;: China warnt USA vor Gegenma\u00dfnahmen wegen abgeschossenen Ballons<\/a><\/p>\n<\/div>\n<p><br \/>\n<br \/><a href=\"https:\/\/de.rt.com\/international\/162007-weber-ruft-eu-zu-schulterschluss\/\">Source link <\/a><\/p>\n","protected":false},"excerpt":{"rendered":"<p>Nach Auffassung des bayerischen CSU-Politikers und EVP-Chefs Manfred Weber soll sich die EU \u00fcberall auf der Welt, auch in Asien, einmischen oder, wie er es nennt, &#8220;Verantwortung&#8221; \u00fcbernehmen. Nun ruft der Scharfmacher zu einem europ\u00e4isch-amerikanischen B\u00fcndnis gegen China auf. Vor dem Hintergrund des Streits zwischen Washington und Peking zum Abschuss eines mutma\u00dflichen chinesischen Spionageballons \u00fcber [&hellip;]<\/p>\n","protected":false},"author":3,"featured_media":29537,"comment_status":"open","ping_status":"open","sticky":false,"template":"","format":"standard","meta":{"_yoast_indexnow_last_ping":["1675612675"],"wp_automatic_camp":["217"],"7ff1938b718a144db76d0219b805bffa":["Weber ruft EU zu Schulterschluss mit USA gegen China auf"],"original_link":["https:\/\/de.rt.com\/international\/162007-weber-ruft-eu-zu-schulterschluss\/"],"_thumbnail_id":["29537"],"_wptgpro_p2tg_sent2tg":["a:1:{i:23737;s:19:\"2023-02-05 17:58:57\";}"],"jnews_social_counter_last_update":["1777154450"]},"categories":[19,23],"tags":[133,192,278,419,6183,25851,193,22312],"yoast_head":"<!-- This site is optimized with the Yoast SEO Premium plugin v22.7 (Yoast SEO v22.7) - https:\/\/yoast.com\/wordpress\/plugins\/seo\/ -->\n<title>Weber ruft EU zu Schulterschluss mit USA gegen China auf - just-now.NEWS Deutschland<\/title>\n<meta name=\"robots\" content=\"index, follow, max-snippet:-1, max-image-preview:large, max-video-preview:-1\" \/>\n<link rel=\"canonical\" href=\"https:\/\/now-news.de\/de\/deutschland\/weber-ruft-eu-zu-schulterschluss-mit-usa-gegen-china-auf\/\" \/>\n<meta property=\"og:locale\" content=\"de_DE\" \/>\n<meta property=\"og:type\" content=\"article\" \/>\n<meta property=\"og:title\" content=\"Weber ruft EU zu Schulterschluss mit USA gegen China auf\" \/>\n<meta property=\"og:description\" content=\"Nach Auffassung des bayerischen CSU-Politikers und EVP-Chefs Manfred Weber soll sich die EU \u00fcberall auf der Welt, auch in Asien, einmischen oder, wie er es nennt, &#8220;Verantwortung&#8221; \u00fcbernehmen. Nun ruft der Scharfmacher zu einem europ\u00e4isch-amerikanischen B\u00fcndnis gegen China auf. Vor dem Hintergrund des Streits zwischen Washington und Peking zum Abschuss eines mutma\u00dflichen chinesischen Spionageballons \u00fcber [&hellip;]\" \/>\n<meta property=\"og:url\" content=\"https:\/\/now-news.de\/de\/deutschland\/weber-ruft-eu-zu-schulterschluss-mit-usa-gegen-china-auf\/\" \/>\n<meta property=\"og:site_name\" content=\"just-now.NEWS Deutschland\" \/>\n<meta property=\"article:publisher\" content=\"https:\/\/www.facebook.com\/wirmachenauf\" \/>\n<meta property=\"article:published_time\" content=\"2023-02-05T15:42:52+00:00\" \/>\n<meta property=\"og:image\" content=\"https:\/\/now-news.de\/de\/wp-content\/uploads\/sites\/3\/2023\/02\/Weber-ruft-EU-zu-Schulterschluss-mit-USA-gegen-China-auf.jpg\" \/>\n\t<meta property=\"og:image:width\" content=\"460\" \/>\n\t<meta property=\"og:image:height\" content=\"259\" \/>\n\t<meta property=\"og:image:type\" content=\"image\/jpeg\" \/>\n<meta name=\"author\" content=\"rtnews\" \/>\n<meta name=\"twitter:card\" content=\"summary_large_image\" \/>\n<meta name=\"twitter:creator\" content=\"@WirMachenAuf_de\" \/>\n<meta name=\"twitter:site\" content=\"@WirMachenAuf_de\" \/>\n<meta name=\"twitter:label1\" content=\"Verfasst von\" \/>\n\t<meta name=\"twitter:data1\" content=\"rtnews\" \/>\n\t<meta name=\"twitter:label2\" content=\"Gesch\u00e4tzte Lesezeit\" \/>\n\t<meta name=\"twitter:data2\" content=\"2\u00a0Minuten\" \/>\n<script type=\"application\/ld+json\" class=\"yoast-schema-graph\">{\"@context\":\"https:\/\/schema.org\",\"@graph\":[{\"@type\":\"Article\",\"@id\":\"https:\/\/now-news.de\/de\/deutschland\/weber-ruft-eu-zu-schulterschluss-mit-usa-gegen-china-auf\/#article\",\"isPartOf\":{\"@id\":\"https:\/\/now-news.de\/de\/deutschland\/weber-ruft-eu-zu-schulterschluss-mit-usa-gegen-china-auf\/\"},\"author\":{\"name\":\"rtnews\",\"@id\":\"https:\/\/now-news.de\/de\/#\/schema\/person\/fb534a4e865501d8b3285208df34a9b5\"},\"headline\":\"Weber ruft EU zu Schulterschluss mit USA gegen China auf\",\"datePublished\":\"2023-02-05T15:42:52+00:00\",\"dateModified\":\"2023-02-05T15:42:52+00:00\",\"mainEntityOfPage\":{\"@id\":\"https:\/\/now-news.de\/de\/deutschland\/weber-ruft-eu-zu-schulterschluss-mit-usa-gegen-china-auf\/\"},\"wordCount\":472,\"commentCount\":0,\"publisher\":{\"@id\":\"https:\/\/now-news.de\/de\/#organization\"},\"image\":{\"@id\":\"https:\/\/now-news.de\/de\/deutschland\/weber-ruft-eu-zu-schulterschluss-mit-usa-gegen-china-auf\/#primaryimage\"},\"thumbnailUrl\":\"https:\/\/now-news.de\/de\/wp-content\/uploads\/sites\/3\/2023\/02\/Weber-ruft-EU-zu-Schulterschluss-mit-USA-gegen-China-auf.jpg\",\"keywords\":[\"AUF\",\"China\",\"gegen\",\"mit\",\"ruft\",\"Schulterschluss\",\"USA\",\"Weber\"],\"articleSection\":[\"Deutschland\",\"Russland\"],\"inLanguage\":\"de\",\"potentialAction\":[{\"@type\":\"CommentAction\",\"name\":\"Comment\",\"target\":[\"https:\/\/now-news.de\/de\/deutschland\/weber-ruft-eu-zu-schulterschluss-mit-usa-gegen-china-auf\/#respond\"]}]},{\"@type\":\"WebPage\",\"@id\":\"https:\/\/now-news.de\/de\/deutschland\/weber-ruft-eu-zu-schulterschluss-mit-usa-gegen-china-auf\/\",\"url\":\"https:\/\/now-news.de\/de\/deutschland\/weber-ruft-eu-zu-schulterschluss-mit-usa-gegen-china-auf\/\",\"name\":\"Weber ruft EU zu Schulterschluss mit USA gegen China auf - just-now.NEWS Deutschland\",\"isPartOf\":{\"@id\":\"https:\/\/now-news.de\/de\/#website\"},\"primaryImageOfPage\":{\"@id\":\"https:\/\/now-news.de\/de\/deutschland\/weber-ruft-eu-zu-schulterschluss-mit-usa-gegen-china-auf\/#primaryimage\"},\"image\":{\"@id\":\"https:\/\/now-news.de\/de\/deutschland\/weber-ruft-eu-zu-schulterschluss-mit-usa-gegen-china-auf\/#primaryimage\"},\"thumbnailUrl\":\"https:\/\/now-news.de\/de\/wp-content\/uploads\/sites\/3\/2023\/02\/Weber-ruft-EU-zu-Schulterschluss-mit-USA-gegen-China-auf.jpg\",\"datePublished\":\"2023-02-05T15:42:52+00:00\",\"dateModified\":\"2023-02-05T15:42:52+00:00\",\"breadcrumb\":{\"@id\":\"https:\/\/now-news.de\/de\/deutschland\/weber-ruft-eu-zu-schulterschluss-mit-usa-gegen-china-auf\/#breadcrumb\"},\"inLanguage\":\"de\",\"potentialAction\":[{\"@type\":\"ReadAction\",\"target\":[\"https:\/\/now-news.de\/de\/deutschland\/weber-ruft-eu-zu-schulterschluss-mit-usa-gegen-china-auf\/\"]}]},{\"@type\":\"ImageObject\",\"inLanguage\":\"de\",\"@id\":\"https:\/\/now-news.de\/de\/deutschland\/weber-ruft-eu-zu-schulterschluss-mit-usa-gegen-china-auf\/#primaryimage\",\"url\":\"https:\/\/now-news.de\/de\/wp-content\/uploads\/sites\/3\/2023\/02\/Weber-ruft-EU-zu-Schulterschluss-mit-USA-gegen-China-auf.jpg\",\"contentUrl\":\"https:\/\/now-news.de\/de\/wp-content\/uploads\/sites\/3\/2023\/02\/Weber-ruft-EU-zu-Schulterschluss-mit-USA-gegen-China-auf.jpg\",\"width\":460,\"height\":259,\"caption\":\"Weber ruft EU zu Schulterschluss mit USA gegen China auf\"},{\"@type\":\"BreadcrumbList\",\"@id\":\"https:\/\/now-news.de\/de\/deutschland\/weber-ruft-eu-zu-schulterschluss-mit-usa-gegen-china-auf\/#breadcrumb\",\"itemListElement\":[{\"@type\":\"ListItem\",\"position\":1,\"name\":\"Home\",\"item\":\"https:\/\/now-news.de\/de\/\"},{\"@type\":\"ListItem\",\"position\":2,\"name\":\"Weber ruft EU zu Schulterschluss mit USA gegen China auf\"}]},{\"@type\":\"WebSite\",\"@id\":\"https:\/\/now-news.de\/de\/#website\",\"url\":\"https:\/\/now-news.de\/de\/\",\"name\":\"just-now.NEWS Deutschland\",\"description\":\"Das Portal f\u00fcr unzensierte Nachrichten aus der Welt\",\"publisher\":{\"@id\":\"https:\/\/now-news.de\/de\/#organization\"},\"potentialAction\":[{\"@type\":\"SearchAction\",\"target\":{\"@type\":\"EntryPoint\",\"urlTemplate\":\"https:\/\/now-news.de\/de\/?s={search_term_string}\"},\"query-input\":\"required name=search_term_string\"}],\"inLanguage\":\"de\"},{\"@type\":\"Organization\",\"@id\":\"https:\/\/now-news.de\/de\/#organization\",\"name\":\"Just Now News\",\"url\":\"https:\/\/now-news.de\/de\/\",\"logo\":{\"@type\":\"ImageObject\",\"inLanguage\":\"de\",\"@id\":\"https:\/\/now-news.de\/de\/#\/schema\/logo\/image\/\",\"url\":\"http:\/\/just-now.news\/de\/wp-content\/uploads\/sites\/3\/2022\/04\/logo500x500.jpg\",\"contentUrl\":\"http:\/\/just-now.news\/de\/wp-content\/uploads\/sites\/3\/2022\/04\/logo500x500.jpg\",\"width\":500,\"height\":500,\"caption\":\"Just Now News\"},\"image\":{\"@id\":\"https:\/\/now-news.de\/de\/#\/schema\/logo\/image\/\"},\"sameAs\":[\"https:\/\/www.facebook.com\/wirmachenauf\",\"https:\/\/x.com\/WirMachenAuf_de\"]},{\"@type\":\"Person\",\"@id\":\"https:\/\/now-news.de\/de\/#\/schema\/person\/fb534a4e865501d8b3285208df34a9b5\",\"name\":\"rtnews\",\"image\":{\"@type\":\"ImageObject\",\"inLanguage\":\"de\",\"@id\":\"https:\/\/now-news.de\/de\/#\/schema\/person\/image\/\",\"url\":\"https:\/\/secure.gravatar.com\/avatar\/82aafea7d8127119dd649515f56e2117?s=96&d=mm&r=g\",\"contentUrl\":\"https:\/\/secure.gravatar.com\/avatar\/82aafea7d8127119dd649515f56e2117?s=96&d=mm&r=g\",\"caption\":\"rtnews\"},\"url\":\"https:\/\/now-news.de\/de\/author\/rnews\/\"}]}<\/script>\n<!-- \/ Yoast SEO Premium plugin. -->","yoast_head_json":{"title":"Weber ruft EU zu Schulterschluss mit USA gegen China auf - just-now.NEWS Deutschland","robots":{"index":"index","follow":"follow","max-snippet":"max-snippet:-1","max-image-preview":"max-image-preview:large","max-video-preview":"max-video-preview:-1"},"canonical":"https:\/\/now-news.de\/de\/deutschland\/weber-ruft-eu-zu-schulterschluss-mit-usa-gegen-china-auf\/","og_locale":"de_DE","og_type":"article","og_title":"Weber ruft EU zu Schulterschluss mit USA gegen China auf","og_description":"Nach Auffassung des bayerischen CSU-Politikers und EVP-Chefs Manfred Weber soll sich die EU \u00fcberall auf der Welt, auch in Asien, einmischen oder, wie er es nennt, &#8220;Verantwortung&#8221; \u00fcbernehmen. Nun ruft der Scharfmacher zu einem europ\u00e4isch-amerikanischen B\u00fcndnis gegen China auf. Vor dem Hintergrund des Streits zwischen Washington und Peking zum Abschuss eines mutma\u00dflichen chinesischen Spionageballons \u00fcber [&hellip;]","og_url":"https:\/\/now-news.de\/de\/deutschland\/weber-ruft-eu-zu-schulterschluss-mit-usa-gegen-china-auf\/","og_site_name":"just-now.NEWS Deutschland","article_publisher":"https:\/\/www.facebook.com\/wirmachenauf","article_published_time":"2023-02-05T15:42:52+00:00","og_image":[{"width":460,"height":259,"url":"https:\/\/now-news.de\/de\/wp-content\/uploads\/sites\/3\/2023\/02\/Weber-ruft-EU-zu-Schulterschluss-mit-USA-gegen-China-auf.jpg","type":"image\/jpeg"}],"author":"rtnews","twitter_card":"summary_large_image","twitter_creator":"@WirMachenAuf_de","twitter_site":"@WirMachenAuf_de","twitter_misc":{"Verfasst von":"rtnews","Gesch\u00e4tzte Lesezeit":"2\u00a0Minuten"},"schema":{"@context":"https:\/\/schema.org","@graph":[{"@type":"Article","@id":"https:\/\/now-news.de\/de\/deutschland\/weber-ruft-eu-zu-schulterschluss-mit-usa-gegen-china-auf\/#article","isPartOf":{"@id":"https:\/\/now-news.de\/de\/deutschland\/weber-ruft-eu-zu-schulterschluss-mit-usa-gegen-china-auf\/"},"author":{"name":"rtnews","@id":"https:\/\/now-news.de\/de\/#\/schema\/person\/fb534a4e865501d8b3285208df34a9b5"},"headline":"Weber ruft EU zu Schulterschluss mit USA gegen China auf","datePublished":"2023-02-05T15:42:52+00:00","dateModified":"2023-02-05T15:42:52+00:00","mainEntityOfPage":{"@id":"https:\/\/now-news.de\/de\/deutschland\/weber-ruft-eu-zu-schulterschluss-mit-usa-gegen-china-auf\/"},"wordCount":472,"commentCount":0,"publisher":{"@id":"https:\/\/now-news.de\/de\/#organization"},"image":{"@id":"https:\/\/now-news.de\/de\/deutschland\/weber-ruft-eu-zu-schulterschluss-mit-usa-gegen-china-auf\/#primaryimage"},"thumbnailUrl":"https:\/\/now-news.de\/de\/wp-content\/uploads\/sites\/3\/2023\/02\/Weber-ruft-EU-zu-Schulterschluss-mit-USA-gegen-China-auf.jpg","keywords":["AUF","China","gegen","mit","ruft","Schulterschluss","USA","Weber"],"articleSection":["Deutschland","Russland"],"inLanguage":"de","potentialAction":[{"@type":"CommentAction","name":"Comment","target":["https:\/\/now-news.de\/de\/deutschland\/weber-ruft-eu-zu-schulterschluss-mit-usa-gegen-china-auf\/#respond"]}]},{"@type":"WebPage","@id":"https:\/\/now-news.de\/de\/deutschland\/weber-ruft-eu-zu-schulterschluss-mit-usa-gegen-china-auf\/","url":"https:\/\/now-news.de\/de\/deutschland\/weber-ruft-eu-zu-schulterschluss-mit-usa-gegen-china-auf\/","name":"Weber ruft EU zu Schulterschluss mit USA gegen China auf - just-now.NEWS Deutschland","isPartOf":{"@id":"https:\/\/now-news.de\/de\/#website"},"primaryImageOfPage":{"@id":"https:\/\/now-news.de\/de\/deutschland\/weber-ruft-eu-zu-schulterschluss-mit-usa-gegen-china-auf\/#primaryimage"},"image":{"@id":"https:\/\/now-news.de\/de\/deutschland\/weber-ruft-eu-zu-schulterschluss-mit-usa-gegen-china-auf\/#primaryimage"},"thumbnailUrl":"https:\/\/now-news.de\/de\/wp-content\/uploads\/sites\/3\/2023\/02\/Weber-ruft-EU-zu-Schulterschluss-mit-USA-gegen-China-auf.jpg","datePublished":"2023-02-05T15:42:52+00:00","dateModified":"2023-02-05T15:42:52+00:00","breadcrumb":{"@id":"https:\/\/now-news.de\/de\/deutschland\/weber-ruft-eu-zu-schulterschluss-mit-usa-gegen-china-auf\/#breadcrumb"},"inLanguage":"de","potentialAction":[{"@type":"ReadAction","target":["https:\/\/now-news.de\/de\/deutschland\/weber-ruft-eu-zu-schulterschluss-mit-usa-gegen-china-auf\/"]}]},{"@type":"ImageObject","inLanguage":"de","@id":"https:\/\/now-news.de\/de\/deutschland\/weber-ruft-eu-zu-schulterschluss-mit-usa-gegen-china-auf\/#primaryimage","url":"https:\/\/now-news.de\/de\/wp-content\/uploads\/sites\/3\/2023\/02\/Weber-ruft-EU-zu-Schulterschluss-mit-USA-gegen-China-auf.jpg","contentUrl":"https:\/\/now-news.de\/de\/wp-content\/uploads\/sites\/3\/2023\/02\/Weber-ruft-EU-zu-Schulterschluss-mit-USA-gegen-China-auf.jpg","width":460,"height":259,"caption":"Weber ruft EU zu Schulterschluss mit USA gegen China auf"},{"@type":"BreadcrumbList","@id":"https:\/\/now-news.de\/de\/deutschland\/weber-ruft-eu-zu-schulterschluss-mit-usa-gegen-china-auf\/#breadcrumb","itemListElement":[{"@type":"ListItem","position":1,"name":"Home","item":"https:\/\/now-news.de\/de\/"},{"@type":"ListItem","position":2,"name":"Weber ruft EU zu Schulterschluss mit USA gegen China auf"}]},{"@type":"WebSite","@id":"https:\/\/now-news.de\/de\/#website","url":"https:\/\/now-news.de\/de\/","name":"just-now.NEWS Deutschland","description":"Das Portal f\u00fcr unzensierte Nachrichten aus der Welt","publisher":{"@id":"https:\/\/now-news.de\/de\/#organization"},"potentialAction":[{"@type":"SearchAction","target":{"@type":"EntryPoint","urlTemplate":"https:\/\/now-news.de\/de\/?s={search_term_string}"},"query-input":"required name=search_term_string"}],"inLanguage":"de"},{"@type":"Organization","@id":"https:\/\/now-news.de\/de\/#organization","name":"Just Now News","url":"https:\/\/now-news.de\/de\/","logo":{"@type":"ImageObject","inLanguage":"de","@id":"https:\/\/now-news.de\/de\/#\/schema\/logo\/image\/","url":"http:\/\/just-now.news\/de\/wp-content\/uploads\/sites\/3\/2022\/04\/logo500x500.jpg","contentUrl":"http:\/\/just-now.news\/de\/wp-content\/uploads\/sites\/3\/2022\/04\/logo500x500.jpg","width":500,"height":500,"caption":"Just Now News"},"image":{"@id":"https:\/\/now-news.de\/de\/#\/schema\/logo\/image\/"},"sameAs":["https:\/\/www.facebook.com\/wirmachenauf","https:\/\/x.com\/WirMachenAuf_de"]},{"@type":"Person","@id":"https:\/\/now-news.de\/de\/#\/schema\/person\/fb534a4e865501d8b3285208df34a9b5","name":"rtnews","image":{"@type":"ImageObject","inLanguage":"de","@id":"https:\/\/now-news.de\/de\/#\/schema\/person\/image\/","url":"https:\/\/secure.gravatar.com\/avatar\/82aafea7d8127119dd649515f56e2117?s=96&d=mm&r=g","contentUrl":"https:\/\/secure.gravatar.com\/avatar\/82aafea7d8127119dd649515f56e2117?s=96&d=mm&r=g","caption":"rtnews"},"url":"https:\/\/now-news.de\/de\/author\/rnews\/"}]}},"_links":{"self":[{"href":"https:\/\/now-news.de\/de\/wp-json\/wp\/v2\/posts\/29536"}],"collection":[{"href":"https:\/\/now-news.de\/de\/wp-json\/wp\/v2\/posts"}],"about":[{"href":"https:\/\/now-news.de\/de\/wp-json\/wp\/v2\/types\/post"}],"author":[{"embeddable":true,"href":"https:\/\/now-news.de\/de\/wp-json\/wp\/v2\/users\/3"}],"replies":[{"embeddable":true,"href":"https:\/\/now-news.de\/de\/wp-json\/wp\/v2\/comments?post=29536"}],"version-history":[{"count":0,"href":"https:\/\/now-news.de\/de\/wp-json\/wp\/v2\/posts\/29536\/revisions"}],"wp:featuredmedia":[{"embeddable":true,"href":"https:\/\/now-news.de\/de\/wp-json\/wp\/v2\/media\/29537"}],"wp:attachment":[{"href":"https:\/\/now-news.de\/de\/wp-json\/wp\/v2\/media?parent=29536"}],"wp:term":[{"taxonomy":"category","embeddable":true,"href":"https:\/\/now-news.de\/de\/wp-json\/wp\/v2\/categories?post=29536"},{"taxonomy":"post_tag","embeddable":true,"href":"https:\/\/now-news.de\/de\/wp-json\/wp\/v2\/tags?post=29536"}],"curies":[{"name":"wp","href":"https:\/\/api.w.org\/{rel}","templated":true}]}}