{"id":29510,"date":"2023-02-05T09:52:34","date_gmt":"2023-02-05T07:52:34","guid":{"rendered":"http:\/\/just-now.news\/de\/deutschland\/von-klimaklebern-ihrem-pr-desaster-und-dem-schweigen-zur-ukraine\/"},"modified":"2023-02-05T09:52:34","modified_gmt":"2023-02-05T07:52:34","slug":"von-klimaklebern-ihrem-pr-desaster-und-dem-schweigen-zur-ukraine","status":"publish","type":"post","link":"https:\/\/now-news.de\/de\/deutschland\/von-klimaklebern-ihrem-pr-desaster-und-dem-schweigen-zur-ukraine\/","title":{"rendered":"Von Klimaklebern, ihrem PR-Desaster und dem Schweigen zur Ukraine"},"content":{"rendered":"<p><img decoding=\"async\" src=\"http:\/\/just-now.news\/de\/wp-content\/uploads\/sites\/3\/2023\/02\/63ddfc0a48fbef7fe25daf56.jpg\" \/><\/p>\n<div class=\"Text-root Text-type_1 \">\n                Die Letzte Generation ist durch einen Langstreckenflug zweier Aktivisten Opfer des eigenen PR-Konzepts geworden. Der Versuch, es per Pressemitteilung auszub\u00fcgeln, machte es nur schlimmer. Ihr Schweigen zur Eskalation in Richtung Nuklearkrieg entlarvt ihre Sorge ums Klima als lediglich vorgeschoben.\n            <\/div>\n<p><\/p>\n<div class=\"Text-root Text-type_5 ArticleView-text ViewText-root \">\n<p><em>Von Gert Ewen Ungar<\/em><\/p>\n<p>Selbst jenen, die alles auf medialen Effekt und auf Au\u00dfenwirkung setzen, passieren PR-Desaster. Eine Gruppierung, die sich wie kaum eine andere der Instrumente der PR bedient und ganz virtuos auf der Klaviatur der \u00f6ffentlichen Wirkung herumklimpert, ist die Letzte Generation.\u00a0Alle ihre Aktionen zielen auf Effekt, auf Show, auf das ganz gro\u00dfe Publikum. Die Letzte Generation arbeitet vor allem mit dem Mittel des kalkulierten Skandals, um uns alle wachzur\u00fctteln und um so das Klima zu retten \u2013 vorgeblich.<\/p>\n<p>Die Letzte Generation macht auch jene zu Zuschauern und zum Teil der Inszenierung, die gar keine sein und die am Spektakel auch nicht teilhaben wollen. Autofahrer auf dem Weg zu Arbeit beispielsweise. Der dadurch ausgel\u00f6ste \u00c4rger, die Emp\u00f6rung und Wut \u2013 all das geh\u00f6rt zum PR-Konzept.<\/p>\n<p>Jetzt ist den selbst ernannten Klimarettern ein kleines PR-Desaster widerfahren, denn zwei ihrer Aktivisten traten eine Fernreise nach Thailand an. Ungest\u00f6rt wohlgemerkt, denn es waren keine Aktivisten vor Ort, die die Reisenden auf die Konsequenzen ihres Tuns hinsichtlich des Klimas aufmerksam machten. Sie durften einfach so, ohne moralisch angeklagt zu werden, ohne Flugscham zeigen zu m\u00fcssen, in den Flieger steigen. Ein solch unbeschwertes Reiseerlebnis g\u00f6nnt die Letzte Generation allerdings nicht allen, denn St\u00f6raktionen an Flugh\u00e4fen geh\u00f6ren ins Repertoire der Klimasch\u00fctzer.<\/p>\n<p>Die Reise flog auf, die <em>Bild<\/em> hat berichtet, und die Letzte Generation ist jetzt das Spottobjekt der Republik. Nicht ganz zu Unrecht, denn zum PR-Konzept geh\u00f6rt eben auch diese zur Schau gestellte moralische Emp\u00f6rung. Dazu geh\u00f6rt auch ganz viel \u00dcberheblichkeit und noch mehr Egozentrik. Man dr\u00e4ngt sich auf und glaubt sich dazu im Recht. Wer es kritisiert, wird von oben herab belehrt, oft auch einfach beschimpft und verunglimpft. Es gibt f\u00fcr die Letzte Generation nichts Wichtigeres als ihr Anliegen. Das macht die Bewegung f\u00fcr alle, die ihr nicht angeh\u00f6ren, extrem unsympathisch.<\/p>\n<p>Auch die Pressemeldung, die den Langstreckenflug der beiden Aktivisten dann ins rechte Licht r\u00fccken sollte, macht es nicht besser. Darin hei\u00dft es:<\/p>\n<blockquote>\n<p><em>&#8220;Individuelles Verhalten ist nicht unwichtig, im Gegenteil. Hier in Deutschland geh\u00f6rt ein gro\u00dfer Teil der Menschen zu den reichsten Prozenten der Welt, die am meisten zur Klimakrise beigetragen haben und beitragen. Dass sich das ver\u00e4ndert, muss politisch beschlossen werden. Der entschlossene, friedliche und gemeinsame Protest hierf\u00fcr ist in Anbetracht der K\u00fcrze der Zeit unabdingbar, um die Katastrophe aufzuhalten. Sich politisch gegen den Klimakollaps zu engagieren, geht oft damit einher, das eigene Leben umzustellen. Es ist jedoch keine Voraussetzung, dies zu tun.&#8221;<\/em><\/p>\n<\/blockquote>\n<p>Moment mal! Die Klimakleber wollen gar nicht, dass all die Autofahrer, die sie mit ihren Aktionen behindern, aufs Autofahren verzichten, weil der Verzicht keine Voraussetzung daf\u00fcr ist, auch ganz dolle f\u00fcrs Klima zu sein? Es ist alles extrem widerspr\u00fcchlich.<\/p>\n<p>Was aber vor allem erstaunt, ist, dass sich die Letzte Generation und ihre Pendants Greta Thunberg und Luisa Neubauer von Fridays for Future zum Thema Ukraine-Krieg und seiner Entwicklung v\u00f6llig bedeckt halten. Auf mehreren Seiten Pressemeldungen zu allem M\u00f6glichen f\u00e4llt bei der Letzten Generation kein Wort zur Ukraine.<\/p>\n<p>Das ist nicht nur angesichts der Tatsache merkw\u00fcrdig, dass ein Leopard II im Mittel 410 Liter Diesel auf 100 Kilometer verbraucht. Auch die absehbare Verwendung von abgereicherter Uranmunition durch die ukrainische Armee wird dem Land eine Umweltkatastrophe bescheren. Das w\u00e4re f\u00fcr Umweltaktivisten ein Thema. Aber diese beiden Aspekte sind nat\u00fcrlich noch nicht das eigentliche Problem.<\/p>\n<p>Das eigentliche Problem ist, dass die Eskalation im Ukraine-Konflikt das Potenzial hat, sich zu einem Nuklearkrieg zu entwickeln. Die Letzte Generation w\u00e4re dann tats\u00e4chlich die letzte, allerdings nicht in 30 Jahren, sondern unter Umst\u00e4nden schon in diesem. Vor diesem Hintergrund wirkt das Schweigen der Letzten Generation und anderer Klimaaktivisten zur Ukraine bizarr und entlarvt ihren lautstarken Protest in anderen Kontexten eben als das, was er ist: reine PR ohne jede eigentliche Ambition.<\/p>\n<p>Angesichts der sich immer weiter entwickelnden Gefahr in der Ukraine und den immer umfassenderen Waffenlieferungen, die den Konflikt mit jeder Runde auf eine neue Ebene heben, g\u00e4be es Grund zur Sorge, Anlass f\u00fcr Weckrufe und zu Protestaktionen. Auch hysterische Ausbr\u00fcche aus Angst und Verzweiflung vor dem, was da am geschichtlichen Horizont gerade aufscheint, w\u00e4ren verst\u00e4ndlich. Aber von all dem gibt es nichts. Was die Ukraine angeht, wirken zentralen Protagonisten der Klimaproteste ganz ruhig und gelassen. Das ist einigerma\u00dfen erstaunlich. Vor allem aber entlarvt dieses Schweigen die laut vorgetragene Sorge um die weitere Existenz der Menschheit als billige und aufgesetzte PR.<\/p>\n<p>Dieses Schweigen angesichts einer wesentlich\u00a0direkteren, einer unmittelbaren Bedrohung, verbunden mit der Doppelmoral, die im PR-Desaster hinsichtlich des Langstreckenfluges zum Ausdruck kommt, belegt, es geht den Organisatoren der Klimaproteste um irgendetwas anderes. Ums Klima geht es ihnen aber nicht.<\/p>\n<p><strong>Mehr zum Thema<\/strong>\u00a0\u2013 <a rel=\"nofollow noopener\" target=\"_blank\" href=\"https:\/\/pressefreiheit.rtde.me\/meinung\/160182-mit-klimakatastrophe-indoktriniert-luetzerath-jugend\/\">Mit Klimakatastrophe indoktriniert: L\u00fctzerath als Spiegelbild einer orientierungslosen Jugend<\/a><\/p>\n<\/p>\n<\/div>\n<p><br \/>\n<br \/><a href=\"https:\/\/de.rt.com\/meinung\/161879-von-klimaklebern-ihrem-pr-desastern-und-dem-schweigen-zur-ukraine\/\">Source link <\/a><\/p>\n","protected":false},"excerpt":{"rendered":"<p>Die Letzte Generation ist durch einen Langstreckenflug zweier Aktivisten Opfer des eigenen PR-Konzepts geworden. Der Versuch, es per Pressemitteilung auszub\u00fcgeln, machte es nur schlimmer. Ihr Schweigen zur Eskalation in Richtung Nuklearkrieg entlarvt ihre Sorge ums Klima als lediglich vorgeschoben. Von Gert Ewen Ungar Selbst jenen, die alles auf medialen Effekt und auf Au\u00dfenwirkung setzen, passieren [&hellip;]<\/p>\n","protected":false},"author":3,"featured_media":29511,"comment_status":"open","ping_status":"open","sticky":false,"template":"","format":"standard","meta":{"_yoast_indexnow_last_ping":["1675583758"],"wp_automatic_camp":["217"],"1f802a932dab4ef0fb505ee2bbcce659":["Von Klimaklebern, ihrem PR-Desaster und dem Schweigen zur Ukraine"],"original_link":["https:\/\/de.rt.com\/meinung\/161879-von-klimaklebern-ihrem-pr-desastern-und-dem-schweigen-zur-ukraine\/"],"_thumbnail_id":["29511"],"_wptgpro_p2tg_sent2tg":["a:1:{i:23737;s:19:\"2023-02-05 09:57:05\";}"],"jnews_social_counter_last_update":["1777158141"]},"categories":[19,23],"tags":[134,1161,40232,35503,7393,127,140,50,581],"yoast_head":"<!-- This site is optimized with the Yoast SEO Premium plugin v22.7 (Yoast SEO v22.7) - https:\/\/yoast.com\/wordpress\/plugins\/seo\/ -->\n<title>Von Klimaklebern, ihrem PR-Desaster und dem Schweigen zur Ukraine - just-now.NEWS Deutschland<\/title>\n<meta name=\"robots\" content=\"index, follow, max-snippet:-1, max-image-preview:large, max-video-preview:-1\" \/>\n<link rel=\"canonical\" href=\"https:\/\/now-news.de\/de\/deutschland\/von-klimaklebern-ihrem-pr-desaster-und-dem-schweigen-zur-ukraine\/\" \/>\n<meta property=\"og:locale\" content=\"de_DE\" \/>\n<meta property=\"og:type\" content=\"article\" \/>\n<meta property=\"og:title\" content=\"Von Klimaklebern, ihrem PR-Desaster und dem Schweigen zur Ukraine\" \/>\n<meta property=\"og:description\" content=\"Die Letzte Generation ist durch einen Langstreckenflug zweier Aktivisten Opfer des eigenen PR-Konzepts geworden. Der Versuch, es per Pressemitteilung auszub\u00fcgeln, machte es nur schlimmer. Ihr Schweigen zur Eskalation in Richtung Nuklearkrieg entlarvt ihre Sorge ums Klima als lediglich vorgeschoben. Von Gert Ewen Ungar Selbst jenen, die alles auf medialen Effekt und auf Au\u00dfenwirkung setzen, passieren [&hellip;]\" \/>\n<meta property=\"og:url\" content=\"https:\/\/now-news.de\/de\/deutschland\/von-klimaklebern-ihrem-pr-desaster-und-dem-schweigen-zur-ukraine\/\" \/>\n<meta property=\"og:site_name\" content=\"just-now.NEWS Deutschland\" \/>\n<meta property=\"article:publisher\" content=\"https:\/\/www.facebook.com\/wirmachenauf\" \/>\n<meta property=\"article:published_time\" content=\"2023-02-05T07:52:34+00:00\" \/>\n<meta property=\"og:image\" content=\"https:\/\/now-news.de\/de\/wp-content\/uploads\/sites\/3\/2023\/02\/Von-Klimaklebern-ihrem-PR-Desaster-und-dem-Schweigen-zur-Ukraine.jpg\" \/>\n\t<meta property=\"og:image:width\" content=\"460\" \/>\n\t<meta property=\"og:image:height\" content=\"259\" \/>\n\t<meta property=\"og:image:type\" content=\"image\/jpeg\" \/>\n<meta name=\"author\" content=\"rtnews\" \/>\n<meta name=\"twitter:card\" content=\"summary_large_image\" \/>\n<meta name=\"twitter:creator\" content=\"@WirMachenAuf_de\" \/>\n<meta name=\"twitter:site\" content=\"@WirMachenAuf_de\" \/>\n<meta name=\"twitter:label1\" content=\"Verfasst von\" \/>\n\t<meta name=\"twitter:data1\" content=\"rtnews\" \/>\n\t<meta name=\"twitter:label2\" content=\"Gesch\u00e4tzte Lesezeit\" \/>\n\t<meta name=\"twitter:data2\" content=\"4\u00a0Minuten\" \/>\n<script type=\"application\/ld+json\" class=\"yoast-schema-graph\">{\"@context\":\"https:\/\/schema.org\",\"@graph\":[{\"@type\":\"Article\",\"@id\":\"https:\/\/now-news.de\/de\/deutschland\/von-klimaklebern-ihrem-pr-desaster-und-dem-schweigen-zur-ukraine\/#article\",\"isPartOf\":{\"@id\":\"https:\/\/now-news.de\/de\/deutschland\/von-klimaklebern-ihrem-pr-desaster-und-dem-schweigen-zur-ukraine\/\"},\"author\":{\"name\":\"rtnews\",\"@id\":\"https:\/\/now-news.de\/de\/#\/schema\/person\/fb534a4e865501d8b3285208df34a9b5\"},\"headline\":\"Von Klimaklebern, ihrem PR-Desaster und dem Schweigen zur Ukraine\",\"datePublished\":\"2023-02-05T07:52:34+00:00\",\"dateModified\":\"2023-02-05T07:52:34+00:00\",\"mainEntityOfPage\":{\"@id\":\"https:\/\/now-news.de\/de\/deutschland\/von-klimaklebern-ihrem-pr-desaster-und-dem-schweigen-zur-ukraine\/\"},\"wordCount\":861,\"commentCount\":0,\"publisher\":{\"@id\":\"https:\/\/now-news.de\/de\/#organization\"},\"image\":{\"@id\":\"https:\/\/now-news.de\/de\/deutschland\/von-klimaklebern-ihrem-pr-desaster-und-dem-schweigen-zur-ukraine\/#primaryimage\"},\"thumbnailUrl\":\"https:\/\/now-news.de\/de\/wp-content\/uploads\/sites\/3\/2023\/02\/Von-Klimaklebern-ihrem-PR-Desaster-und-dem-Schweigen-zur-Ukraine.jpg\",\"keywords\":[\"DEM\",\"ihrem\",\"Klimaklebern\",\"PRDesaster\",\"Schweigen\",\"ukraine\",\"und\",\"von\",\"zur\"],\"articleSection\":[\"Deutschland\",\"Russland\"],\"inLanguage\":\"de\",\"potentialAction\":[{\"@type\":\"CommentAction\",\"name\":\"Comment\",\"target\":[\"https:\/\/now-news.de\/de\/deutschland\/von-klimaklebern-ihrem-pr-desaster-und-dem-schweigen-zur-ukraine\/#respond\"]}]},{\"@type\":\"WebPage\",\"@id\":\"https:\/\/now-news.de\/de\/deutschland\/von-klimaklebern-ihrem-pr-desaster-und-dem-schweigen-zur-ukraine\/\",\"url\":\"https:\/\/now-news.de\/de\/deutschland\/von-klimaklebern-ihrem-pr-desaster-und-dem-schweigen-zur-ukraine\/\",\"name\":\"Von Klimaklebern, ihrem PR-Desaster und dem Schweigen zur Ukraine - just-now.NEWS Deutschland\",\"isPartOf\":{\"@id\":\"https:\/\/now-news.de\/de\/#website\"},\"primaryImageOfPage\":{\"@id\":\"https:\/\/now-news.de\/de\/deutschland\/von-klimaklebern-ihrem-pr-desaster-und-dem-schweigen-zur-ukraine\/#primaryimage\"},\"image\":{\"@id\":\"https:\/\/now-news.de\/de\/deutschland\/von-klimaklebern-ihrem-pr-desaster-und-dem-schweigen-zur-ukraine\/#primaryimage\"},\"thumbnailUrl\":\"https:\/\/now-news.de\/de\/wp-content\/uploads\/sites\/3\/2023\/02\/Von-Klimaklebern-ihrem-PR-Desaster-und-dem-Schweigen-zur-Ukraine.jpg\",\"datePublished\":\"2023-02-05T07:52:34+00:00\",\"dateModified\":\"2023-02-05T07:52:34+00:00\",\"breadcrumb\":{\"@id\":\"https:\/\/now-news.de\/de\/deutschland\/von-klimaklebern-ihrem-pr-desaster-und-dem-schweigen-zur-ukraine\/#breadcrumb\"},\"inLanguage\":\"de\",\"potentialAction\":[{\"@type\":\"ReadAction\",\"target\":[\"https:\/\/now-news.de\/de\/deutschland\/von-klimaklebern-ihrem-pr-desaster-und-dem-schweigen-zur-ukraine\/\"]}]},{\"@type\":\"ImageObject\",\"inLanguage\":\"de\",\"@id\":\"https:\/\/now-news.de\/de\/deutschland\/von-klimaklebern-ihrem-pr-desaster-und-dem-schweigen-zur-ukraine\/#primaryimage\",\"url\":\"https:\/\/now-news.de\/de\/wp-content\/uploads\/sites\/3\/2023\/02\/Von-Klimaklebern-ihrem-PR-Desaster-und-dem-Schweigen-zur-Ukraine.jpg\",\"contentUrl\":\"https:\/\/now-news.de\/de\/wp-content\/uploads\/sites\/3\/2023\/02\/Von-Klimaklebern-ihrem-PR-Desaster-und-dem-Schweigen-zur-Ukraine.jpg\",\"width\":460,\"height\":259,\"caption\":\"Von Klimaklebern, ihrem PR-Desaster und dem Schweigen zur Ukraine\"},{\"@type\":\"BreadcrumbList\",\"@id\":\"https:\/\/now-news.de\/de\/deutschland\/von-klimaklebern-ihrem-pr-desaster-und-dem-schweigen-zur-ukraine\/#breadcrumb\",\"itemListElement\":[{\"@type\":\"ListItem\",\"position\":1,\"name\":\"Home\",\"item\":\"https:\/\/now-news.de\/de\/\"},{\"@type\":\"ListItem\",\"position\":2,\"name\":\"Von Klimaklebern, ihrem PR-Desaster und dem Schweigen zur Ukraine\"}]},{\"@type\":\"WebSite\",\"@id\":\"https:\/\/now-news.de\/de\/#website\",\"url\":\"https:\/\/now-news.de\/de\/\",\"name\":\"just-now.NEWS Deutschland\",\"description\":\"Das Portal f\u00fcr unzensierte Nachrichten aus der Welt\",\"publisher\":{\"@id\":\"https:\/\/now-news.de\/de\/#organization\"},\"potentialAction\":[{\"@type\":\"SearchAction\",\"target\":{\"@type\":\"EntryPoint\",\"urlTemplate\":\"https:\/\/now-news.de\/de\/?s={search_term_string}\"},\"query-input\":\"required name=search_term_string\"}],\"inLanguage\":\"de\"},{\"@type\":\"Organization\",\"@id\":\"https:\/\/now-news.de\/de\/#organization\",\"name\":\"Just Now News\",\"url\":\"https:\/\/now-news.de\/de\/\",\"logo\":{\"@type\":\"ImageObject\",\"inLanguage\":\"de\",\"@id\":\"https:\/\/now-news.de\/de\/#\/schema\/logo\/image\/\",\"url\":\"http:\/\/just-now.news\/de\/wp-content\/uploads\/sites\/3\/2022\/04\/logo500x500.jpg\",\"contentUrl\":\"http:\/\/just-now.news\/de\/wp-content\/uploads\/sites\/3\/2022\/04\/logo500x500.jpg\",\"width\":500,\"height\":500,\"caption\":\"Just Now News\"},\"image\":{\"@id\":\"https:\/\/now-news.de\/de\/#\/schema\/logo\/image\/\"},\"sameAs\":[\"https:\/\/www.facebook.com\/wirmachenauf\",\"https:\/\/x.com\/WirMachenAuf_de\"]},{\"@type\":\"Person\",\"@id\":\"https:\/\/now-news.de\/de\/#\/schema\/person\/fb534a4e865501d8b3285208df34a9b5\",\"name\":\"rtnews\",\"image\":{\"@type\":\"ImageObject\",\"inLanguage\":\"de\",\"@id\":\"https:\/\/now-news.de\/de\/#\/schema\/person\/image\/\",\"url\":\"https:\/\/secure.gravatar.com\/avatar\/82aafea7d8127119dd649515f56e2117?s=96&d=mm&r=g\",\"contentUrl\":\"https:\/\/secure.gravatar.com\/avatar\/82aafea7d8127119dd649515f56e2117?s=96&d=mm&r=g\",\"caption\":\"rtnews\"},\"url\":\"https:\/\/now-news.de\/de\/author\/rnews\/\"}]}<\/script>\n<!-- \/ Yoast SEO Premium plugin. -->","yoast_head_json":{"title":"Von Klimaklebern, ihrem PR-Desaster und dem Schweigen zur Ukraine - just-now.NEWS Deutschland","robots":{"index":"index","follow":"follow","max-snippet":"max-snippet:-1","max-image-preview":"max-image-preview:large","max-video-preview":"max-video-preview:-1"},"canonical":"https:\/\/now-news.de\/de\/deutschland\/von-klimaklebern-ihrem-pr-desaster-und-dem-schweigen-zur-ukraine\/","og_locale":"de_DE","og_type":"article","og_title":"Von Klimaklebern, ihrem PR-Desaster und dem Schweigen zur Ukraine","og_description":"Die Letzte Generation ist durch einen Langstreckenflug zweier Aktivisten Opfer des eigenen PR-Konzepts geworden. Der Versuch, es per Pressemitteilung auszub\u00fcgeln, machte es nur schlimmer. Ihr Schweigen zur Eskalation in Richtung Nuklearkrieg entlarvt ihre Sorge ums Klima als lediglich vorgeschoben. Von Gert Ewen Ungar Selbst jenen, die alles auf medialen Effekt und auf Au\u00dfenwirkung setzen, passieren [&hellip;]","og_url":"https:\/\/now-news.de\/de\/deutschland\/von-klimaklebern-ihrem-pr-desaster-und-dem-schweigen-zur-ukraine\/","og_site_name":"just-now.NEWS Deutschland","article_publisher":"https:\/\/www.facebook.com\/wirmachenauf","article_published_time":"2023-02-05T07:52:34+00:00","og_image":[{"width":460,"height":259,"url":"https:\/\/now-news.de\/de\/wp-content\/uploads\/sites\/3\/2023\/02\/Von-Klimaklebern-ihrem-PR-Desaster-und-dem-Schweigen-zur-Ukraine.jpg","type":"image\/jpeg"}],"author":"rtnews","twitter_card":"summary_large_image","twitter_creator":"@WirMachenAuf_de","twitter_site":"@WirMachenAuf_de","twitter_misc":{"Verfasst von":"rtnews","Gesch\u00e4tzte Lesezeit":"4\u00a0Minuten"},"schema":{"@context":"https:\/\/schema.org","@graph":[{"@type":"Article","@id":"https:\/\/now-news.de\/de\/deutschland\/von-klimaklebern-ihrem-pr-desaster-und-dem-schweigen-zur-ukraine\/#article","isPartOf":{"@id":"https:\/\/now-news.de\/de\/deutschland\/von-klimaklebern-ihrem-pr-desaster-und-dem-schweigen-zur-ukraine\/"},"author":{"name":"rtnews","@id":"https:\/\/now-news.de\/de\/#\/schema\/person\/fb534a4e865501d8b3285208df34a9b5"},"headline":"Von Klimaklebern, ihrem PR-Desaster und dem Schweigen zur Ukraine","datePublished":"2023-02-05T07:52:34+00:00","dateModified":"2023-02-05T07:52:34+00:00","mainEntityOfPage":{"@id":"https:\/\/now-news.de\/de\/deutschland\/von-klimaklebern-ihrem-pr-desaster-und-dem-schweigen-zur-ukraine\/"},"wordCount":861,"commentCount":0,"publisher":{"@id":"https:\/\/now-news.de\/de\/#organization"},"image":{"@id":"https:\/\/now-news.de\/de\/deutschland\/von-klimaklebern-ihrem-pr-desaster-und-dem-schweigen-zur-ukraine\/#primaryimage"},"thumbnailUrl":"https:\/\/now-news.de\/de\/wp-content\/uploads\/sites\/3\/2023\/02\/Von-Klimaklebern-ihrem-PR-Desaster-und-dem-Schweigen-zur-Ukraine.jpg","keywords":["DEM","ihrem","Klimaklebern","PRDesaster","Schweigen","ukraine","und","von","zur"],"articleSection":["Deutschland","Russland"],"inLanguage":"de","potentialAction":[{"@type":"CommentAction","name":"Comment","target":["https:\/\/now-news.de\/de\/deutschland\/von-klimaklebern-ihrem-pr-desaster-und-dem-schweigen-zur-ukraine\/#respond"]}]},{"@type":"WebPage","@id":"https:\/\/now-news.de\/de\/deutschland\/von-klimaklebern-ihrem-pr-desaster-und-dem-schweigen-zur-ukraine\/","url":"https:\/\/now-news.de\/de\/deutschland\/von-klimaklebern-ihrem-pr-desaster-und-dem-schweigen-zur-ukraine\/","name":"Von Klimaklebern, ihrem PR-Desaster und dem Schweigen zur Ukraine - just-now.NEWS Deutschland","isPartOf":{"@id":"https:\/\/now-news.de\/de\/#website"},"primaryImageOfPage":{"@id":"https:\/\/now-news.de\/de\/deutschland\/von-klimaklebern-ihrem-pr-desaster-und-dem-schweigen-zur-ukraine\/#primaryimage"},"image":{"@id":"https:\/\/now-news.de\/de\/deutschland\/von-klimaklebern-ihrem-pr-desaster-und-dem-schweigen-zur-ukraine\/#primaryimage"},"thumbnailUrl":"https:\/\/now-news.de\/de\/wp-content\/uploads\/sites\/3\/2023\/02\/Von-Klimaklebern-ihrem-PR-Desaster-und-dem-Schweigen-zur-Ukraine.jpg","datePublished":"2023-02-05T07:52:34+00:00","dateModified":"2023-02-05T07:52:34+00:00","breadcrumb":{"@id":"https:\/\/now-news.de\/de\/deutschland\/von-klimaklebern-ihrem-pr-desaster-und-dem-schweigen-zur-ukraine\/#breadcrumb"},"inLanguage":"de","potentialAction":[{"@type":"ReadAction","target":["https:\/\/now-news.de\/de\/deutschland\/von-klimaklebern-ihrem-pr-desaster-und-dem-schweigen-zur-ukraine\/"]}]},{"@type":"ImageObject","inLanguage":"de","@id":"https:\/\/now-news.de\/de\/deutschland\/von-klimaklebern-ihrem-pr-desaster-und-dem-schweigen-zur-ukraine\/#primaryimage","url":"https:\/\/now-news.de\/de\/wp-content\/uploads\/sites\/3\/2023\/02\/Von-Klimaklebern-ihrem-PR-Desaster-und-dem-Schweigen-zur-Ukraine.jpg","contentUrl":"https:\/\/now-news.de\/de\/wp-content\/uploads\/sites\/3\/2023\/02\/Von-Klimaklebern-ihrem-PR-Desaster-und-dem-Schweigen-zur-Ukraine.jpg","width":460,"height":259,"caption":"Von Klimaklebern, ihrem PR-Desaster und dem Schweigen zur Ukraine"},{"@type":"BreadcrumbList","@id":"https:\/\/now-news.de\/de\/deutschland\/von-klimaklebern-ihrem-pr-desaster-und-dem-schweigen-zur-ukraine\/#breadcrumb","itemListElement":[{"@type":"ListItem","position":1,"name":"Home","item":"https:\/\/now-news.de\/de\/"},{"@type":"ListItem","position":2,"name":"Von Klimaklebern, ihrem PR-Desaster und dem Schweigen zur Ukraine"}]},{"@type":"WebSite","@id":"https:\/\/now-news.de\/de\/#website","url":"https:\/\/now-news.de\/de\/","name":"just-now.NEWS Deutschland","description":"Das Portal f\u00fcr unzensierte Nachrichten aus der Welt","publisher":{"@id":"https:\/\/now-news.de\/de\/#organization"},"potentialAction":[{"@type":"SearchAction","target":{"@type":"EntryPoint","urlTemplate":"https:\/\/now-news.de\/de\/?s={search_term_string}"},"query-input":"required name=search_term_string"}],"inLanguage":"de"},{"@type":"Organization","@id":"https:\/\/now-news.de\/de\/#organization","name":"Just Now News","url":"https:\/\/now-news.de\/de\/","logo":{"@type":"ImageObject","inLanguage":"de","@id":"https:\/\/now-news.de\/de\/#\/schema\/logo\/image\/","url":"http:\/\/just-now.news\/de\/wp-content\/uploads\/sites\/3\/2022\/04\/logo500x500.jpg","contentUrl":"http:\/\/just-now.news\/de\/wp-content\/uploads\/sites\/3\/2022\/04\/logo500x500.jpg","width":500,"height":500,"caption":"Just Now News"},"image":{"@id":"https:\/\/now-news.de\/de\/#\/schema\/logo\/image\/"},"sameAs":["https:\/\/www.facebook.com\/wirmachenauf","https:\/\/x.com\/WirMachenAuf_de"]},{"@type":"Person","@id":"https:\/\/now-news.de\/de\/#\/schema\/person\/fb534a4e865501d8b3285208df34a9b5","name":"rtnews","image":{"@type":"ImageObject","inLanguage":"de","@id":"https:\/\/now-news.de\/de\/#\/schema\/person\/image\/","url":"https:\/\/secure.gravatar.com\/avatar\/82aafea7d8127119dd649515f56e2117?s=96&d=mm&r=g","contentUrl":"https:\/\/secure.gravatar.com\/avatar\/82aafea7d8127119dd649515f56e2117?s=96&d=mm&r=g","caption":"rtnews"},"url":"https:\/\/now-news.de\/de\/author\/rnews\/"}]}},"_links":{"self":[{"href":"https:\/\/now-news.de\/de\/wp-json\/wp\/v2\/posts\/29510"}],"collection":[{"href":"https:\/\/now-news.de\/de\/wp-json\/wp\/v2\/posts"}],"about":[{"href":"https:\/\/now-news.de\/de\/wp-json\/wp\/v2\/types\/post"}],"author":[{"embeddable":true,"href":"https:\/\/now-news.de\/de\/wp-json\/wp\/v2\/users\/3"}],"replies":[{"embeddable":true,"href":"https:\/\/now-news.de\/de\/wp-json\/wp\/v2\/comments?post=29510"}],"version-history":[{"count":0,"href":"https:\/\/now-news.de\/de\/wp-json\/wp\/v2\/posts\/29510\/revisions"}],"wp:featuredmedia":[{"embeddable":true,"href":"https:\/\/now-news.de\/de\/wp-json\/wp\/v2\/media\/29511"}],"wp:attachment":[{"href":"https:\/\/now-news.de\/de\/wp-json\/wp\/v2\/media?parent=29510"}],"wp:term":[{"taxonomy":"category","embeddable":true,"href":"https:\/\/now-news.de\/de\/wp-json\/wp\/v2\/categories?post=29510"},{"taxonomy":"post_tag","embeddable":true,"href":"https:\/\/now-news.de\/de\/wp-json\/wp\/v2\/tags?post=29510"}],"curies":[{"name":"wp","href":"https:\/\/api.w.org\/{rel}","templated":true}]}}