{"id":29482,"date":"2023-02-04T15:44:29","date_gmt":"2023-02-04T13:44:29","guid":{"rendered":"http:\/\/just-now.news\/de\/deutschland\/nach-stalingrad-so-verhielten-sich-paulus-und-seine-generaele-in-sowjetischer-gefangenschaft\/"},"modified":"2023-02-04T15:44:29","modified_gmt":"2023-02-04T13:44:29","slug":"nach-stalingrad-so-verhielten-sich-paulus-und-seine-generaele-in-sowjetischer-gefangenschaft","status":"publish","type":"post","link":"https:\/\/now-news.de\/de\/deutschland\/nach-stalingrad-so-verhielten-sich-paulus-und-seine-generaele-in-sowjetischer-gefangenschaft\/","title":{"rendered":"Nach Stalingrad: So verhielten sich Paulus und seine Gener\u00e4le in sowjetischer Gefangenschaft"},"content":{"rendered":"<p><img decoding=\"async\" src=\"http:\/\/just-now.news\/de\/wp-content\/uploads\/sites\/3\/2023\/02\/63de6291b480cc790775b152.jpg\" \/><\/p>\n<div class=\"Text-root Text-type_1 \">\n                Vor 80 Jahren gingen in Stalingrad Gener\u00e4le der Wehrmacht in sowjetische Gefangenschaft. Dort wurden sie von ihren sowjetischen Bewachern genau beobachtet. W\u00e4hrend die einen mit Niederlage und Gefangenschaft haderten, zogen andere aus dem Erlebten Konsequenzen.\n            <\/div>\n<p><\/p>\n<div class=\"Text-root Text-type_5 ArticleView-text ViewText-root \">\n<p><em>Von Timur\u00a0Schersad <\/em><\/p>\n<p>Vor 80 Jahren, am 31. Januar 1943, kapitulierte Feldmarschall Friedrich Paulus mit seinem Stab vor den\u00a0sowjetischen Streitkr\u00e4ften. Technisch gesehen war die Schlacht um Stalingrad noch nicht zu Ende, doch f\u00fcr den Rest der feindlichen Verb\u00e4nde waren die Tage gez\u00e4hlt.<\/p>\n<p>Im Rahmen der gro\u00dfen Sommeroffensive von 1942 war Stalingrad kein Ziel an sich, sondern ein f\u00fcr die Wehrmacht geeigneter Punkt, dessen Kontrolle die Sicherung der Flanke erm\u00f6glichte. Dar\u00fcber hinaus war es m\u00f6glich, die Wolga abzuschneiden, die den\u00a0Sowjets als Transportweg f\u00fcr das im Kaukasus gef\u00f6rderte Erd\u00f6l in die zentralen Landesteile diente, w\u00e4hrend die wichtigsten Streitkr\u00e4fte der Deutschen gerade hinter diesem Erd\u00f6l her waren.<\/p>\n<p>Nichtsdestotrotz hat der Gegner f\u00fcr Stalingrad eine ziemlich gro\u00dfe Kampfgruppe aufgestellt. Die 6. Feldarmee der Wehrmacht, die von Paulus befehligt wurde, war eine der zahlenm\u00e4\u00dfig st\u00e4rksten. Dank ihrer m\u00e4chtigen Artilleriefaust war es m\u00f6glich, selbst die gut befestigten Verteidigungsanlagen zu durchbrechen und vorzur\u00fccken. Zudem wurde sie von rum\u00e4nischen und italienischen Einheiten unterst\u00fctzt.<\/p>\n<p>Und obwohl Stalingrad \u00fcberrannt wurde, war Paulus nicht in der Lage, es schnell in Besitz zu nehmen. Noch im November 1942 sah es so aus, als st\u00fcnde die Stadt vor der endg\u00fcltigen Niederlage, und die sowjetischen Einheiten waren kurz davor, in die Wolga zu st\u00fcrzen. Doch w\u00e4hrend dieser ganzen Zeit war eine Gro\u00dfoffensive der\u00a0Sowjets in Vorbereitung, wobei die Verlagerung und Ansammlung von Truppen erfolgreich verborgen blieb. Und die am 19. November begonnene Operation &#8220;Uranus&#8221; f\u00fchrte sehr schnell zur Einkreisung der Paulus-Truppen in und um Stalingrad.<\/p>\n<p>Das war ein Ereignis von strategischer Bedeutung. Aus der deutschen Front auf einmal 300.000 Mann herauszurei\u00dfen, bedeutete, die gesamte feindliche Gruppierung im Kaukasus in Gefahr zu bringen, die umgehend und in aller Eile abgezogen werden musste. Deshalb war die Kapitulation von Paulus im Januar des Jahres\u00a01943 nicht einfach nur ein Sieg, sondern ein Wendepunkt im Verlauf des Krieges.<\/p>\n<p><strong>Auch die W\u00e4nde haben Ohren<\/strong><\/p>\n<p>Gleich am ersten Tag der Kapitulation nahm sich der NKWD den Feldmarschall vor. Die Sache wurde mit einem cleveren Einfall angegangen. Unter dem Deckmantel einer \u00fcblichen Wache schickten sie einen Unterleutnant des Staatssicherheitsdienstes, Tarabrin, zu den verhafteten Gener\u00e4len, die in einem Bauernhaus untergebracht waren. Dieser beherrschte die deutsche und die franz\u00f6sische Sprache perfekt, zeigte aber nicht sein wahres Gesicht. So wurde f\u00fcr die Geschichtswissenschaften die Stimmung des Kommandos der 6. Armee am ersten Tag ihrer Kapitulation vor den Russen dokumentiert.<\/p>\n<p>Feldmarschall Friedrich Paulus, der Generalstabschef seiner Armee, Generalleutnant Arthur Schmidt, und Paulus&#8217; Adjutant, Oberst Wilhelm Adam, befanden sich in der Holzh\u00fctte. W\u00e4hrend Paulus sichtlich von der Verantwortung f\u00fcr das Desaster der ihm anvertrauten Armee bedr\u00fcckt war, konnte sich Schmidt nicht beruhigen und vergiftete die Atmosph\u00e4re mit seinen Possen, und Adam murrte meist \u00fcber Schmidts Verhalten.<\/p>\n<p>Als die Deutschen h\u00f6flich aufgefordert wurden, alle scharfen Gegenst\u00e4nde abzugeben, war Schmidt au\u00dfer sich vor Wut. Er lief tiefrot an, fing an laut zu kreischen und forderte eine Sonderbehandlung. Nat\u00fcrlich interessierte sich der gefangene Generalstabschef nicht f\u00fcr Rasierklingen und Messer \u2013 er war w\u00fctend dar\u00fcber, dass die gefangenen Gener\u00e4le &#8220;wie Soldaten&#8221; behandelt wurden.<\/p>\n<p>Interessanterweise bewirkte das Geschrei etwas: Die\u00a0Sowjets machten ein paar Anrufe, stimmten etwas mit ihren Vorgesetzten ab und gaben den Gefangenen die Messer und Rasierklingen zur\u00fcck.<\/p>\n<p>Es wurde Abend, und die Deutschen legten sich bald schlafen. Man gab ihnen gute Betten mit sauberer Bettw\u00e4sche, doch Schmidt zeigte wieder einmal seine Andersartigkeit, indem er sein gesamtes Bettzeug ausbreitete und es mit einer Taschenlampe genauestens inspizierte. Anschlie\u00dfend legte er sich zwar ins Bett, schlief aber schlecht und mit Unterbrechungen \u2013 der gefangene Stabschef hatte eindeutig Albtr\u00e4ume. Mehrmals wachte er auf und verlangte lautstark, man solle aufh\u00f6ren, das Bett zu sch\u00fctteln. Nat\u00fcrlich\u00a0blieb es v\u00f6llig unber\u00fchrt.<\/p>\n<p>Am n\u00e4chsten Tag wurde den Gefangenen ein Mittagessen serviert, darunter auch Wodka, den Paulus als &#8220;herrlich&#8221; bezeichnete. Nicht nur der Wodka fand bei dem Mittagessen lobende Erw\u00e4hnung \u2013 Paulus w\u00fcrdigte die milit\u00e4rischen K\u00fcnste der Russen und verk\u00fcndete, dass ihre Aktionen in Stalingrad in die Lehrb\u00fccher eingehen w\u00fcrden.<\/p>\n<p>Schmidt hingegen war ungeduldig und nerv\u00f6s. Entweder holte er die Wachen\u00a0und\u00a0erkl\u00e4rte ihnen mit Gesten irgendwelche Eigenheiten \u00fcber die Lage der 6. Armee in der Schlacht von Stalingrad, oder er sorgte sich um eine m\u00f6gliche Krise der milit\u00e4rischen F\u00fchrung in Deutschland, um dann d\u00fcster zu verk\u00fcnden, dass die Russen nun mindestens bis Mitte M\u00e4rz vorr\u00fccken w\u00fcrden. Eine ganz gro\u00dfe Unruhe l\u00f6ste die Frage aus, ob die Rote Armee &#8220;an den ehemaligen Grenzen Halt&#8221; mache oder ob sie am Ende nach Berlin marschiere.<\/p>\n<p>Gleichzeitig waren sich alle Gefangenen einig, dass die Behandlung der deutschen Generalit\u00e4t in der Gefangenschaft besser war als die der Deutschen gegen\u00fcber den\u00a0Sowjets. Es war eine positive Neuigkeit f\u00fcr sie. Oberst Adam beschloss, keine Zeit zu verlieren, und begann sofort, Russisch zu lernen.<\/p>\n<div class=\"EmbedBlock-root EmbedBlock-externalVideo EmbedBlock-vk\">\n<div class=\"VkEmbed\"><iframe class=\"lazyload\" data-src=\"https:\/\/vk.com\/video_ext.php?oid=-134310637&amp;id=456263188&amp;hash=469ea43f6ea0f00b\" frameborder=\"0\" width=\"853\" height=\"480\" allowfullscreen><\/iframe><\/div>\n<\/div>\n<p><strong>Eine weise Entscheidung<\/strong><strong><em><\/em><\/strong><\/p>\n<p>In der Gefangenschaft folgte Paulus einem spezifischen Ehrenkodex des klassischen deutschen Offiziers. Der NKWD versuchte, ihn zur Zusammenarbeit zu \u00fcberreden, aber er blieb hartn\u00e4ckig. W\u00e4hrend des Krieges wurde unter den gefangenen Offizieren ein antifaschistisches B\u00fcndnis gebildet, dem sich Paulus jedoch kategorisch verweigerte, weil er es f\u00fcr einen Verrat hielt.<\/p>\n<p>Die Situation \u00e4nderte sich jedoch pl\u00f6tzlich im August 1944, als die Nachrichten \u00fcber einen versuchten Milit\u00e4rputsch in Deutschland den gefangenen Feldmarschall erreichten, der sich bereits im Lager Susdal befand. Hitler lie\u00df die Verschw\u00f6rer und einige ihrer Freunde gnadenlos hinrichten. Die Loyalit\u00e4t gegen\u00fcber der milit\u00e4rischen Gesellschaft erwies sich f\u00fcr Paulus als sehr wichtig. Er konnte Hitler die gesellschaftlich nahestehenden Offiziere nicht verzeihen. Und aus Rache lie\u00df er sich auf eine Zusammenarbeit mit dem NKWD ein und trat dem antifaschistischen B\u00fcndnis bei, wo er sich aktiv an der Agitation beteiligte.<\/p>\n<p>Diese T\u00e4tigkeit trug Fr\u00fcchte. Am N\u00fcrnberger Prozess nahm der Feldmarschall als Zeuge teil. In der UdSSR hielt man ihn in einem &#8220;goldenen K\u00e4fig&#8221;, versorgte ihn mit allem, was man zur Erholung und Freizeitgestaltung ben\u00f6tigte, lie\u00df ihn aber nicht nach Deutschland. Daf\u00fcr gelang es Paulus, als Berater in dem Film &#8220;Die Schlacht von Stalingrad&#8221; mitzuwirken, der 1949 in die Kinos kam.<\/p>\n<p>Nicht einmal seine Frau, die 1949 starb, hat er gesehen. Nach dem Tod Stalins durfte Paulus dennoch in die DDR ausreisen. Er lebte dort wohlbeh\u00fctet, lehrte und forschte f\u00fcr den Rest seines Lebens im Bereich der Milit\u00e4rgeschichte. Am 1. Februar 1957, einen Tag nach dem Jahrestag seiner Festnahme, starb er im Alter von 66 Jahren.<\/p>\n<p>Arthur Schmidt ging einen anderen Weg. Als \u00fcberzeugter Nazi kollaborierte er bis zuletzt nicht mit der Sowjetunion und blieb seinen faschistischen \u00dcberzeugungen bis zum Schluss treu. Die Geschichte der Hinrichtung deutscher Gener\u00e4le durch Hitler hat ihn nicht in Verlegenheit gebracht. &#8220;So musste es halt sein.&#8221; Dank Adenauer wurde er 1955 freigelassen. Den Stabschef von Paulus qu\u00e4lten offensichtlich keine tr\u00fcben Gedanken. Er erreichte ein Alter von 92 Jahren und starb lange nach dem Krieg\u00a0im Jahr 1987 in der BRD.<\/p>\n<p>Adam, der zu Beginn seiner Gefangenschaft daran zweifelte, ob er\u00a0das\u00a0Richtige getan hatte, sich zu ergeben, statt sich zu erschie\u00dfen, ging schlie\u00dflich zum Milit\u00e4rdienst in der DDR, wo er mit dem Orden &#8220;Banner der Arbeit&#8221; ausgezeichnet wurde. In Ostdeutschland pflegte der ehemalige Adjutant eine herzliche Freundschaft mit Paulus, als dieser noch lebte. Wilhelm Adam starb 1978 im Alter von 85 Jahren.<\/p>\n<p><em>\u00dcbersetzt aus dem <\/em><a rel=\"nofollow noopener\" target=\"_blank\" href=\"https:\/\/m.vz.ru\/opinions\/2023\/1\/31\/1196660.html\"><em>Russischen<\/em><\/a><em>. Zuerst erschienen bei Wsgljad.<\/em><\/p>\n<p><strong>Mehr zum Thema<\/strong>\u00a0\u2013 <a rel=\"nofollow noopener\" target=\"_blank\" href=\"https:\/\/test.rtde.tech\/inland\/161471-frieden-mit-russland-zwei-ehemalige-ddr-generaele\/\">Frieden mit Russland! \u2013 Zwei ehemalige Gener\u00e4le der DDR rufen zum Protest auf<\/a><\/p>\n<div class=\"EmbedBlock-root EmbedBlock-externalVideo EmbedBlock-vk\">\n<div class=\"VkEmbed\"><iframe class=\"lazyload\" data-src=\"https:\/\/vk.com\/video_ext.php?oid=-134310637&amp;id=456263260&amp;hash=a3279fc7551d0255\" frameborder=\"0\" width=\"853\" height=\"480\" allowfullscreen><\/iframe><\/div>\n<\/div>\n<\/div>\n<p><br \/>\n<br \/><a href=\"https:\/\/de.rt.com\/russland\/161605-nach-stalingrad-verhalten-wehrmachts-generaele\/\">Source link <\/a><\/p>\n","protected":false},"excerpt":{"rendered":"<p>Vor 80 Jahren gingen in Stalingrad Gener\u00e4le der Wehrmacht in sowjetische Gefangenschaft. Dort wurden sie von ihren sowjetischen Bewachern genau beobachtet. W\u00e4hrend die einen mit Niederlage und Gefangenschaft haderten, zogen andere aus dem Erlebten Konsequenzen. Von Timur\u00a0Schersad Vor 80 Jahren, am 31. Januar 1943, kapitulierte Feldmarschall Friedrich Paulus mit seinem Stab vor den\u00a0sowjetischen Streitkr\u00e4ften. Technisch [&hellip;]<\/p>\n","protected":false},"author":3,"featured_media":29483,"comment_status":"open","ping_status":"open","sticky":false,"template":"","format":"standard","meta":{"_yoast_indexnow_last_ping":["1675519199"],"wp_automatic_camp":["217"],"fc920bdf8c009213847ce1eca333c1b6":["Nach Stalingrad: So verhielten sich Paulus und seine Gener\u00e4le in sowjetischer Gefangenschaft"],"original_link":["https:\/\/de.rt.com\/russland\/161605-nach-stalingrad-verhalten-wehrmachts-generaele\/"],"_thumbnail_id":["29483"],"_wptgpro_p2tg_sent2tg":["a:1:{i:23737;s:19:\"2023-02-04 16:01:11\";}"],"jnews_social_counter_last_update":["1777172699"]},"categories":[19,23],"tags":[680,18751,979,40204,265,434,31990,39075,140,40203],"yoast_head":"<!-- This site is optimized with the Yoast SEO Premium plugin v22.7 (Yoast SEO v22.7) - https:\/\/yoast.com\/wordpress\/plugins\/seo\/ -->\n<title>Nach Stalingrad: So verhielten sich Paulus und seine Gener\u00e4le in sowjetischer Gefangenschaft - just-now.NEWS Deutschland<\/title>\n<meta name=\"robots\" content=\"index, follow, max-snippet:-1, max-image-preview:large, max-video-preview:-1\" \/>\n<link rel=\"canonical\" href=\"https:\/\/now-news.de\/de\/deutschland\/nach-stalingrad-so-verhielten-sich-paulus-und-seine-generaele-in-sowjetischer-gefangenschaft\/\" \/>\n<meta property=\"og:locale\" content=\"de_DE\" \/>\n<meta property=\"og:type\" content=\"article\" \/>\n<meta property=\"og:title\" content=\"Nach Stalingrad: So verhielten sich Paulus und seine Gener\u00e4le in sowjetischer Gefangenschaft\" \/>\n<meta property=\"og:description\" content=\"Vor 80 Jahren gingen in Stalingrad Gener\u00e4le der Wehrmacht in sowjetische Gefangenschaft. Dort wurden sie von ihren sowjetischen Bewachern genau beobachtet. W\u00e4hrend die einen mit Niederlage und Gefangenschaft haderten, zogen andere aus dem Erlebten Konsequenzen. Von Timur\u00a0Schersad Vor 80 Jahren, am 31. Januar 1943, kapitulierte Feldmarschall Friedrich Paulus mit seinem Stab vor den\u00a0sowjetischen Streitkr\u00e4ften. Technisch [&hellip;]\" \/>\n<meta property=\"og:url\" content=\"https:\/\/now-news.de\/de\/deutschland\/nach-stalingrad-so-verhielten-sich-paulus-und-seine-generaele-in-sowjetischer-gefangenschaft\/\" \/>\n<meta property=\"og:site_name\" content=\"just-now.NEWS Deutschland\" \/>\n<meta property=\"article:publisher\" content=\"https:\/\/www.facebook.com\/wirmachenauf\" \/>\n<meta property=\"article:published_time\" content=\"2023-02-04T13:44:29+00:00\" \/>\n<meta property=\"og:image\" content=\"https:\/\/now-news.de\/de\/wp-content\/uploads\/sites\/3\/2023\/02\/Nach-Stalingrad-So-verhielten-sich-Paulus-und-seine-Generaele-in.jpg\" \/>\n\t<meta property=\"og:image:width\" content=\"460\" \/>\n\t<meta property=\"og:image:height\" content=\"259\" \/>\n\t<meta property=\"og:image:type\" content=\"image\/jpeg\" \/>\n<meta name=\"author\" content=\"rtnews\" \/>\n<meta name=\"twitter:card\" content=\"summary_large_image\" \/>\n<meta name=\"twitter:creator\" content=\"@WirMachenAuf_de\" \/>\n<meta name=\"twitter:site\" content=\"@WirMachenAuf_de\" \/>\n<meta name=\"twitter:label1\" content=\"Verfasst von\" \/>\n\t<meta name=\"twitter:data1\" content=\"rtnews\" \/>\n\t<meta name=\"twitter:label2\" content=\"Gesch\u00e4tzte Lesezeit\" \/>\n\t<meta name=\"twitter:data2\" content=\"7\u00a0Minuten\" \/>\n<script type=\"application\/ld+json\" class=\"yoast-schema-graph\">{\"@context\":\"https:\/\/schema.org\",\"@graph\":[{\"@type\":\"Article\",\"@id\":\"https:\/\/now-news.de\/de\/deutschland\/nach-stalingrad-so-verhielten-sich-paulus-und-seine-generaele-in-sowjetischer-gefangenschaft\/#article\",\"isPartOf\":{\"@id\":\"https:\/\/now-news.de\/de\/deutschland\/nach-stalingrad-so-verhielten-sich-paulus-und-seine-generaele-in-sowjetischer-gefangenschaft\/\"},\"author\":{\"name\":\"rtnews\",\"@id\":\"https:\/\/now-news.de\/de\/#\/schema\/person\/fb534a4e865501d8b3285208df34a9b5\"},\"headline\":\"Nach Stalingrad: So verhielten sich Paulus und seine Gener\u00e4le in sowjetischer Gefangenschaft\",\"datePublished\":\"2023-02-04T13:44:29+00:00\",\"dateModified\":\"2023-02-04T13:44:29+00:00\",\"mainEntityOfPage\":{\"@id\":\"https:\/\/now-news.de\/de\/deutschland\/nach-stalingrad-so-verhielten-sich-paulus-und-seine-generaele-in-sowjetischer-gefangenschaft\/\"},\"wordCount\":1326,\"commentCount\":0,\"publisher\":{\"@id\":\"https:\/\/now-news.de\/de\/#organization\"},\"image\":{\"@id\":\"https:\/\/now-news.de\/de\/deutschland\/nach-stalingrad-so-verhielten-sich-paulus-und-seine-generaele-in-sowjetischer-gefangenschaft\/#primaryimage\"},\"thumbnailUrl\":\"https:\/\/now-news.de\/de\/wp-content\/uploads\/sites\/3\/2023\/02\/Nach-Stalingrad-So-verhielten-sich-Paulus-und-seine-Generaele-in.jpg\",\"keywords\":[\"Gefangenschaft\",\"Gener\u00e4le\",\"nach\",\"Paulus\",\"seine\",\"sich\",\"sowjetischer\",\"Stalingrad\",\"und\",\"verhielten\"],\"articleSection\":[\"Deutschland\",\"Russland\"],\"inLanguage\":\"de\",\"potentialAction\":[{\"@type\":\"CommentAction\",\"name\":\"Comment\",\"target\":[\"https:\/\/now-news.de\/de\/deutschland\/nach-stalingrad-so-verhielten-sich-paulus-und-seine-generaele-in-sowjetischer-gefangenschaft\/#respond\"]}]},{\"@type\":\"WebPage\",\"@id\":\"https:\/\/now-news.de\/de\/deutschland\/nach-stalingrad-so-verhielten-sich-paulus-und-seine-generaele-in-sowjetischer-gefangenschaft\/\",\"url\":\"https:\/\/now-news.de\/de\/deutschland\/nach-stalingrad-so-verhielten-sich-paulus-und-seine-generaele-in-sowjetischer-gefangenschaft\/\",\"name\":\"Nach Stalingrad: So verhielten sich Paulus und seine Gener\u00e4le in sowjetischer Gefangenschaft - just-now.NEWS Deutschland\",\"isPartOf\":{\"@id\":\"https:\/\/now-news.de\/de\/#website\"},\"primaryImageOfPage\":{\"@id\":\"https:\/\/now-news.de\/de\/deutschland\/nach-stalingrad-so-verhielten-sich-paulus-und-seine-generaele-in-sowjetischer-gefangenschaft\/#primaryimage\"},\"image\":{\"@id\":\"https:\/\/now-news.de\/de\/deutschland\/nach-stalingrad-so-verhielten-sich-paulus-und-seine-generaele-in-sowjetischer-gefangenschaft\/#primaryimage\"},\"thumbnailUrl\":\"https:\/\/now-news.de\/de\/wp-content\/uploads\/sites\/3\/2023\/02\/Nach-Stalingrad-So-verhielten-sich-Paulus-und-seine-Generaele-in.jpg\",\"datePublished\":\"2023-02-04T13:44:29+00:00\",\"dateModified\":\"2023-02-04T13:44:29+00:00\",\"breadcrumb\":{\"@id\":\"https:\/\/now-news.de\/de\/deutschland\/nach-stalingrad-so-verhielten-sich-paulus-und-seine-generaele-in-sowjetischer-gefangenschaft\/#breadcrumb\"},\"inLanguage\":\"de\",\"potentialAction\":[{\"@type\":\"ReadAction\",\"target\":[\"https:\/\/now-news.de\/de\/deutschland\/nach-stalingrad-so-verhielten-sich-paulus-und-seine-generaele-in-sowjetischer-gefangenschaft\/\"]}]},{\"@type\":\"ImageObject\",\"inLanguage\":\"de\",\"@id\":\"https:\/\/now-news.de\/de\/deutschland\/nach-stalingrad-so-verhielten-sich-paulus-und-seine-generaele-in-sowjetischer-gefangenschaft\/#primaryimage\",\"url\":\"https:\/\/now-news.de\/de\/wp-content\/uploads\/sites\/3\/2023\/02\/Nach-Stalingrad-So-verhielten-sich-Paulus-und-seine-Generaele-in.jpg\",\"contentUrl\":\"https:\/\/now-news.de\/de\/wp-content\/uploads\/sites\/3\/2023\/02\/Nach-Stalingrad-So-verhielten-sich-Paulus-und-seine-Generaele-in.jpg\",\"width\":460,\"height\":259,\"caption\":\"Nach Stalingrad: So verhielten sich Paulus und seine Gener\u00e4le in sowjetischer Gefangenschaft\"},{\"@type\":\"BreadcrumbList\",\"@id\":\"https:\/\/now-news.de\/de\/deutschland\/nach-stalingrad-so-verhielten-sich-paulus-und-seine-generaele-in-sowjetischer-gefangenschaft\/#breadcrumb\",\"itemListElement\":[{\"@type\":\"ListItem\",\"position\":1,\"name\":\"Home\",\"item\":\"https:\/\/now-news.de\/de\/\"},{\"@type\":\"ListItem\",\"position\":2,\"name\":\"Nach Stalingrad: So verhielten sich Paulus und seine Gener\u00e4le in sowjetischer Gefangenschaft\"}]},{\"@type\":\"WebSite\",\"@id\":\"https:\/\/now-news.de\/de\/#website\",\"url\":\"https:\/\/now-news.de\/de\/\",\"name\":\"just-now.NEWS Deutschland\",\"description\":\"Das Portal f\u00fcr unzensierte Nachrichten aus der Welt\",\"publisher\":{\"@id\":\"https:\/\/now-news.de\/de\/#organization\"},\"potentialAction\":[{\"@type\":\"SearchAction\",\"target\":{\"@type\":\"EntryPoint\",\"urlTemplate\":\"https:\/\/now-news.de\/de\/?s={search_term_string}\"},\"query-input\":\"required name=search_term_string\"}],\"inLanguage\":\"de\"},{\"@type\":\"Organization\",\"@id\":\"https:\/\/now-news.de\/de\/#organization\",\"name\":\"Just Now News\",\"url\":\"https:\/\/now-news.de\/de\/\",\"logo\":{\"@type\":\"ImageObject\",\"inLanguage\":\"de\",\"@id\":\"https:\/\/now-news.de\/de\/#\/schema\/logo\/image\/\",\"url\":\"http:\/\/just-now.news\/de\/wp-content\/uploads\/sites\/3\/2022\/04\/logo500x500.jpg\",\"contentUrl\":\"http:\/\/just-now.news\/de\/wp-content\/uploads\/sites\/3\/2022\/04\/logo500x500.jpg\",\"width\":500,\"height\":500,\"caption\":\"Just Now News\"},\"image\":{\"@id\":\"https:\/\/now-news.de\/de\/#\/schema\/logo\/image\/\"},\"sameAs\":[\"https:\/\/www.facebook.com\/wirmachenauf\",\"https:\/\/x.com\/WirMachenAuf_de\"]},{\"@type\":\"Person\",\"@id\":\"https:\/\/now-news.de\/de\/#\/schema\/person\/fb534a4e865501d8b3285208df34a9b5\",\"name\":\"rtnews\",\"image\":{\"@type\":\"ImageObject\",\"inLanguage\":\"de\",\"@id\":\"https:\/\/now-news.de\/de\/#\/schema\/person\/image\/\",\"url\":\"https:\/\/secure.gravatar.com\/avatar\/82aafea7d8127119dd649515f56e2117?s=96&d=mm&r=g\",\"contentUrl\":\"https:\/\/secure.gravatar.com\/avatar\/82aafea7d8127119dd649515f56e2117?s=96&d=mm&r=g\",\"caption\":\"rtnews\"},\"url\":\"https:\/\/now-news.de\/de\/author\/rnews\/\"}]}<\/script>\n<!-- \/ Yoast SEO Premium plugin. -->","yoast_head_json":{"title":"Nach Stalingrad: So verhielten sich Paulus und seine Gener\u00e4le in sowjetischer Gefangenschaft - just-now.NEWS Deutschland","robots":{"index":"index","follow":"follow","max-snippet":"max-snippet:-1","max-image-preview":"max-image-preview:large","max-video-preview":"max-video-preview:-1"},"canonical":"https:\/\/now-news.de\/de\/deutschland\/nach-stalingrad-so-verhielten-sich-paulus-und-seine-generaele-in-sowjetischer-gefangenschaft\/","og_locale":"de_DE","og_type":"article","og_title":"Nach Stalingrad: So verhielten sich Paulus und seine Gener\u00e4le in sowjetischer Gefangenschaft","og_description":"Vor 80 Jahren gingen in Stalingrad Gener\u00e4le der Wehrmacht in sowjetische Gefangenschaft. Dort wurden sie von ihren sowjetischen Bewachern genau beobachtet. W\u00e4hrend die einen mit Niederlage und Gefangenschaft haderten, zogen andere aus dem Erlebten Konsequenzen. Von Timur\u00a0Schersad Vor 80 Jahren, am 31. Januar 1943, kapitulierte Feldmarschall Friedrich Paulus mit seinem Stab vor den\u00a0sowjetischen Streitkr\u00e4ften. Technisch [&hellip;]","og_url":"https:\/\/now-news.de\/de\/deutschland\/nach-stalingrad-so-verhielten-sich-paulus-und-seine-generaele-in-sowjetischer-gefangenschaft\/","og_site_name":"just-now.NEWS Deutschland","article_publisher":"https:\/\/www.facebook.com\/wirmachenauf","article_published_time":"2023-02-04T13:44:29+00:00","og_image":[{"width":460,"height":259,"url":"https:\/\/now-news.de\/de\/wp-content\/uploads\/sites\/3\/2023\/02\/Nach-Stalingrad-So-verhielten-sich-Paulus-und-seine-Generaele-in.jpg","type":"image\/jpeg"}],"author":"rtnews","twitter_card":"summary_large_image","twitter_creator":"@WirMachenAuf_de","twitter_site":"@WirMachenAuf_de","twitter_misc":{"Verfasst von":"rtnews","Gesch\u00e4tzte Lesezeit":"7\u00a0Minuten"},"schema":{"@context":"https:\/\/schema.org","@graph":[{"@type":"Article","@id":"https:\/\/now-news.de\/de\/deutschland\/nach-stalingrad-so-verhielten-sich-paulus-und-seine-generaele-in-sowjetischer-gefangenschaft\/#article","isPartOf":{"@id":"https:\/\/now-news.de\/de\/deutschland\/nach-stalingrad-so-verhielten-sich-paulus-und-seine-generaele-in-sowjetischer-gefangenschaft\/"},"author":{"name":"rtnews","@id":"https:\/\/now-news.de\/de\/#\/schema\/person\/fb534a4e865501d8b3285208df34a9b5"},"headline":"Nach Stalingrad: So verhielten sich Paulus und seine Gener\u00e4le in sowjetischer Gefangenschaft","datePublished":"2023-02-04T13:44:29+00:00","dateModified":"2023-02-04T13:44:29+00:00","mainEntityOfPage":{"@id":"https:\/\/now-news.de\/de\/deutschland\/nach-stalingrad-so-verhielten-sich-paulus-und-seine-generaele-in-sowjetischer-gefangenschaft\/"},"wordCount":1326,"commentCount":0,"publisher":{"@id":"https:\/\/now-news.de\/de\/#organization"},"image":{"@id":"https:\/\/now-news.de\/de\/deutschland\/nach-stalingrad-so-verhielten-sich-paulus-und-seine-generaele-in-sowjetischer-gefangenschaft\/#primaryimage"},"thumbnailUrl":"https:\/\/now-news.de\/de\/wp-content\/uploads\/sites\/3\/2023\/02\/Nach-Stalingrad-So-verhielten-sich-Paulus-und-seine-Generaele-in.jpg","keywords":["Gefangenschaft","Gener\u00e4le","nach","Paulus","seine","sich","sowjetischer","Stalingrad","und","verhielten"],"articleSection":["Deutschland","Russland"],"inLanguage":"de","potentialAction":[{"@type":"CommentAction","name":"Comment","target":["https:\/\/now-news.de\/de\/deutschland\/nach-stalingrad-so-verhielten-sich-paulus-und-seine-generaele-in-sowjetischer-gefangenschaft\/#respond"]}]},{"@type":"WebPage","@id":"https:\/\/now-news.de\/de\/deutschland\/nach-stalingrad-so-verhielten-sich-paulus-und-seine-generaele-in-sowjetischer-gefangenschaft\/","url":"https:\/\/now-news.de\/de\/deutschland\/nach-stalingrad-so-verhielten-sich-paulus-und-seine-generaele-in-sowjetischer-gefangenschaft\/","name":"Nach Stalingrad: So verhielten sich Paulus und seine Gener\u00e4le in sowjetischer Gefangenschaft - just-now.NEWS Deutschland","isPartOf":{"@id":"https:\/\/now-news.de\/de\/#website"},"primaryImageOfPage":{"@id":"https:\/\/now-news.de\/de\/deutschland\/nach-stalingrad-so-verhielten-sich-paulus-und-seine-generaele-in-sowjetischer-gefangenschaft\/#primaryimage"},"image":{"@id":"https:\/\/now-news.de\/de\/deutschland\/nach-stalingrad-so-verhielten-sich-paulus-und-seine-generaele-in-sowjetischer-gefangenschaft\/#primaryimage"},"thumbnailUrl":"https:\/\/now-news.de\/de\/wp-content\/uploads\/sites\/3\/2023\/02\/Nach-Stalingrad-So-verhielten-sich-Paulus-und-seine-Generaele-in.jpg","datePublished":"2023-02-04T13:44:29+00:00","dateModified":"2023-02-04T13:44:29+00:00","breadcrumb":{"@id":"https:\/\/now-news.de\/de\/deutschland\/nach-stalingrad-so-verhielten-sich-paulus-und-seine-generaele-in-sowjetischer-gefangenschaft\/#breadcrumb"},"inLanguage":"de","potentialAction":[{"@type":"ReadAction","target":["https:\/\/now-news.de\/de\/deutschland\/nach-stalingrad-so-verhielten-sich-paulus-und-seine-generaele-in-sowjetischer-gefangenschaft\/"]}]},{"@type":"ImageObject","inLanguage":"de","@id":"https:\/\/now-news.de\/de\/deutschland\/nach-stalingrad-so-verhielten-sich-paulus-und-seine-generaele-in-sowjetischer-gefangenschaft\/#primaryimage","url":"https:\/\/now-news.de\/de\/wp-content\/uploads\/sites\/3\/2023\/02\/Nach-Stalingrad-So-verhielten-sich-Paulus-und-seine-Generaele-in.jpg","contentUrl":"https:\/\/now-news.de\/de\/wp-content\/uploads\/sites\/3\/2023\/02\/Nach-Stalingrad-So-verhielten-sich-Paulus-und-seine-Generaele-in.jpg","width":460,"height":259,"caption":"Nach Stalingrad: So verhielten sich Paulus und seine Gener\u00e4le in sowjetischer Gefangenschaft"},{"@type":"BreadcrumbList","@id":"https:\/\/now-news.de\/de\/deutschland\/nach-stalingrad-so-verhielten-sich-paulus-und-seine-generaele-in-sowjetischer-gefangenschaft\/#breadcrumb","itemListElement":[{"@type":"ListItem","position":1,"name":"Home","item":"https:\/\/now-news.de\/de\/"},{"@type":"ListItem","position":2,"name":"Nach Stalingrad: So verhielten sich Paulus und seine Gener\u00e4le in sowjetischer Gefangenschaft"}]},{"@type":"WebSite","@id":"https:\/\/now-news.de\/de\/#website","url":"https:\/\/now-news.de\/de\/","name":"just-now.NEWS Deutschland","description":"Das Portal f\u00fcr unzensierte Nachrichten aus der Welt","publisher":{"@id":"https:\/\/now-news.de\/de\/#organization"},"potentialAction":[{"@type":"SearchAction","target":{"@type":"EntryPoint","urlTemplate":"https:\/\/now-news.de\/de\/?s={search_term_string}"},"query-input":"required name=search_term_string"}],"inLanguage":"de"},{"@type":"Organization","@id":"https:\/\/now-news.de\/de\/#organization","name":"Just Now News","url":"https:\/\/now-news.de\/de\/","logo":{"@type":"ImageObject","inLanguage":"de","@id":"https:\/\/now-news.de\/de\/#\/schema\/logo\/image\/","url":"http:\/\/just-now.news\/de\/wp-content\/uploads\/sites\/3\/2022\/04\/logo500x500.jpg","contentUrl":"http:\/\/just-now.news\/de\/wp-content\/uploads\/sites\/3\/2022\/04\/logo500x500.jpg","width":500,"height":500,"caption":"Just Now News"},"image":{"@id":"https:\/\/now-news.de\/de\/#\/schema\/logo\/image\/"},"sameAs":["https:\/\/www.facebook.com\/wirmachenauf","https:\/\/x.com\/WirMachenAuf_de"]},{"@type":"Person","@id":"https:\/\/now-news.de\/de\/#\/schema\/person\/fb534a4e865501d8b3285208df34a9b5","name":"rtnews","image":{"@type":"ImageObject","inLanguage":"de","@id":"https:\/\/now-news.de\/de\/#\/schema\/person\/image\/","url":"https:\/\/secure.gravatar.com\/avatar\/82aafea7d8127119dd649515f56e2117?s=96&d=mm&r=g","contentUrl":"https:\/\/secure.gravatar.com\/avatar\/82aafea7d8127119dd649515f56e2117?s=96&d=mm&r=g","caption":"rtnews"},"url":"https:\/\/now-news.de\/de\/author\/rnews\/"}]}},"_links":{"self":[{"href":"https:\/\/now-news.de\/de\/wp-json\/wp\/v2\/posts\/29482"}],"collection":[{"href":"https:\/\/now-news.de\/de\/wp-json\/wp\/v2\/posts"}],"about":[{"href":"https:\/\/now-news.de\/de\/wp-json\/wp\/v2\/types\/post"}],"author":[{"embeddable":true,"href":"https:\/\/now-news.de\/de\/wp-json\/wp\/v2\/users\/3"}],"replies":[{"embeddable":true,"href":"https:\/\/now-news.de\/de\/wp-json\/wp\/v2\/comments?post=29482"}],"version-history":[{"count":0,"href":"https:\/\/now-news.de\/de\/wp-json\/wp\/v2\/posts\/29482\/revisions"}],"wp:featuredmedia":[{"embeddable":true,"href":"https:\/\/now-news.de\/de\/wp-json\/wp\/v2\/media\/29483"}],"wp:attachment":[{"href":"https:\/\/now-news.de\/de\/wp-json\/wp\/v2\/media?parent=29482"}],"wp:term":[{"taxonomy":"category","embeddable":true,"href":"https:\/\/now-news.de\/de\/wp-json\/wp\/v2\/categories?post=29482"},{"taxonomy":"post_tag","embeddable":true,"href":"https:\/\/now-news.de\/de\/wp-json\/wp\/v2\/tags?post=29482"}],"curies":[{"name":"wp","href":"https:\/\/api.w.org\/{rel}","templated":true}]}}