{"id":29390,"date":"2023-02-03T16:21:56","date_gmt":"2023-02-03T14:21:56","guid":{"rendered":"https:\/\/just-now.news\/de\/deutschland\/pck-raffinerie-in-schwedt-schliessung-wohl-politisch-gewollt\/"},"modified":"2023-02-03T16:21:56","modified_gmt":"2023-02-03T14:21:56","slug":"pck-raffinerie-in-schwedt-schliessung-wohl-politisch-gewollt","status":"publish","type":"post","link":"https:\/\/now-news.de\/de\/deutschland\/pck-raffinerie-in-schwedt-schliessung-wohl-politisch-gewollt\/","title":{"rendered":"PCK-Raffinerie in Schwedt: Schlie\u00dfung wohl politisch gewollt"},"content":{"rendered":"<p><img decoding=\"async\" src=\"http:\/\/just-now.news\/de\/wp-content\/uploads\/sites\/3\/2023\/02\/63dcf5bc48fbef313f3e4eaf.jpg\" \/><\/p>\n<div class=\"Text-root Text-type_1 \">\n                Bisher sind die Zusagen, die den Erhalt der PCK-Raffinerie in Schwedt sichern sollen, nicht in konkrete Vertr\u00e4ge umgesetzt worden. Der Raffinerie droht im Gegenteil eine feindliche \u00dcbernahme durch den polnischen Konzern Orlen. Das Aus f\u00fcr den Standort scheint politisch gewollt.\n            <\/div>\n<p><\/p>\n<div class=\"Text-root Text-type_5 ArticleView-text ViewText-root \">\n<p>Entgegen der Zusicherung der Bundesregierung ist der Weiterbetrieb der PCK-Raffinerie in Schwedt keineswegs gesichert. Im Gegenteil deutet ein <a rel=\"nofollow noopener\" target=\"_blank\" href=\"https:\/\/www.jungewelt.de\/artikel\/444050.pck-raffinerie-der-rest-sind-l%C3%BCgen.html\">Bericht<\/a> der Zeitung <em>Junge Welt<\/em> an, das Aus sei politisch bereits besiegelt. Der politische Wille fehlt, die Raffinerie weiter zu betreiben und die 1.200 Arbeitspl\u00e4tze zu sichern, legt die <em>Junge Welt<\/em> nahe.\u00a0<\/p>\n<p>Gemachte Zusagen sind noch immer nicht in verbindliche Vertr\u00e4ge eingeflossen. Von Polen in diesem Zusammenhang gemachte Versprechen wirken zudem unrealistisch. Polen hatte eine Versorgung der Raffinerie \u00fcber den Hafen in Rostock zugesagt. Allerdings versucht sich auch Polen aus der Abh\u00e4ngigkeit von russischem Erd\u00f6l zu l\u00f6sen.<\/p>\n<p>Auf welcher Grundlage Polen daher Kapazit\u00e4ten hat, zus\u00e4tzlich zum eigenen Bedarf Schwedt mit Roh\u00f6l zu versorgen, bleibt unklar. Polen verf\u00fcgt weder \u00fcber die dazu notwendigen \u00dcbersch\u00fcsse noch die dazu ben\u00f6tigten ungenutzten Leitungskapazit\u00e4ten, schreibt die <em>Junge Welt<\/em>. Geplant scheint vielmehr, \u00fcber einen Einstieg des polnischen Energiekonzerns Orlen das PCK-Kombinat abzuwickeln. Orlen strebt an, Mehrheitseigner zu werden. Die Wahrscheinlichkeit, dass es sich dabei um eine feindliche \u00dcbernahme handelt, die verfolgt, einen Konkurrenten auszuschalten, ist unter den gegebenen Umst\u00e4nden naheliegend.\u00a0<\/p>\n<p>Hinsichtlich der versprochenen Roh\u00f6llieferungen aus Kasachstan ist inzwischen ebenfalls Ern\u00fcchterung eingetreten. Auch hier gibt es keine rechtsverbindlichen Vertr\u00e4ge. Zudem ist die zugesagte Liefermenge von 1,2 Millionen Tonnen in diesem Jahr angesichts des Bedarfs marginal.\u00a0<\/p>\n<p>Zudem lehnt die Bundesregierung den Bau einer zweiten Pipeline von Rostock nach Schwedt ab. Nimmt man all das zusammen, deutet dies auf ein wenn nicht geplantes, so doch in Kauf genommenes Ende der PCK-Raffinerie durch die Bundesregierung.\u00a0<\/p>\n<p>Derzeit produziert die Raffinerie noch mit einer 55-prozentigen Auslastung. Erst ab einer Auslastung von mindestens 70 Prozent gilt die Produktion als wirtschaftlich.\u00a0<\/p>\n<p>Die PCK-Raffinerie war bisher \u00fcber die Druschba-Pipeline direkt aus Russland mit Roh\u00f6l versorgt worden. Die Bundesregierung hat diese Versorgung zum 01.\u00a0Januar 2023 unterbunden, obwohl die Lieferung von russischem \u00d6l \u00fcber Pipelines nicht von den Sanktionen betroffen ist. Vor allem Ungarn, das \u00fcber keinen Seehafen verf\u00fcgt und auf russisches Roh\u00f6l angewiesen ist, hat diese Regelung durchgesetzt, von der auch Schwedt profitieren k\u00f6nnte, wenn es die Bundesregierung denn wollte.<\/p>\n<p><strong>Mehr zum Thema\u00a0\u2013 <\/strong><a rel=\"nofollow noopener\" target=\"_blank\" href=\"https:\/\/pressefreiheit.rtde.me\/inland\/159421-pck-schwedt-ohne-russisches-oel\/\">PCK Schwedt ohne russisches \u00d6l: Benzinknappheit und hohe Spritpreise im Osten<\/a><\/p>\n<\/p>\n<\/div>\n<p><br \/>\n<br \/><a href=\"https:\/\/de.rt.com\/inland\/161850-pck-raffinerie-in-schwedt-schliessung\/\">Source link <\/a><\/p>\n","protected":false},"excerpt":{"rendered":"<p>Bisher sind die Zusagen, die den Erhalt der PCK-Raffinerie in Schwedt sichern sollen, nicht in konkrete Vertr\u00e4ge umgesetzt worden. Der Raffinerie droht im Gegenteil eine feindliche \u00dcbernahme durch den polnischen Konzern Orlen. Das Aus f\u00fcr den Standort scheint politisch gewollt. Entgegen der Zusicherung der Bundesregierung ist der Weiterbetrieb der PCK-Raffinerie in Schwedt keineswegs gesichert. Im [&hellip;]<\/p>\n","protected":false},"author":3,"featured_media":29391,"comment_status":"open","ping_status":"open","sticky":false,"template":"","format":"standard","meta":{"_yoast_indexnow_last_ping":["1675435559"],"wp_automatic_camp":["217"],"01ff8bd4fc322db0673db6f54d6ff5e3":["PCK-Raffinerie in Schwedt: Schlie\u00dfung wohl politisch gewollt"],"original_link":["https:\/\/de.rt.com\/inland\/161850-pck-raffinerie-in-schwedt-schliessung\/"],"_thumbnail_id":["29391"],"_wptgpro_p2tg_sent2tg":["a:1:{i:23737;s:19:\"2023-02-03 16:47:05\";}"],"jnews_social_counter_last_update":["1777377506"]},"categories":[19,23],"tags":[40150,21667,10036,10395,19520,1776],"yoast_head":"<!-- This site is optimized with the Yoast SEO Premium plugin v22.7 (Yoast SEO v22.7) - https:\/\/yoast.com\/wordpress\/plugins\/seo\/ -->\n<title>PCK-Raffinerie in Schwedt: Schlie\u00dfung wohl politisch gewollt - just-now.NEWS Deutschland<\/title>\n<meta name=\"robots\" content=\"index, follow, max-snippet:-1, max-image-preview:large, max-video-preview:-1\" \/>\n<link rel=\"canonical\" href=\"https:\/\/now-news.de\/de\/deutschland\/pck-raffinerie-in-schwedt-schliessung-wohl-politisch-gewollt\/\" \/>\n<meta property=\"og:locale\" content=\"de_DE\" \/>\n<meta property=\"og:type\" content=\"article\" \/>\n<meta property=\"og:title\" content=\"PCK-Raffinerie in Schwedt: Schlie\u00dfung wohl politisch gewollt\" \/>\n<meta property=\"og:description\" content=\"Bisher sind die Zusagen, die den Erhalt der PCK-Raffinerie in Schwedt sichern sollen, nicht in konkrete Vertr\u00e4ge umgesetzt worden. Der Raffinerie droht im Gegenteil eine feindliche \u00dcbernahme durch den polnischen Konzern Orlen. Das Aus f\u00fcr den Standort scheint politisch gewollt. Entgegen der Zusicherung der Bundesregierung ist der Weiterbetrieb der PCK-Raffinerie in Schwedt keineswegs gesichert. Im [&hellip;]\" \/>\n<meta property=\"og:url\" content=\"https:\/\/now-news.de\/de\/deutschland\/pck-raffinerie-in-schwedt-schliessung-wohl-politisch-gewollt\/\" \/>\n<meta property=\"og:site_name\" content=\"just-now.NEWS Deutschland\" \/>\n<meta property=\"article:publisher\" content=\"https:\/\/www.facebook.com\/wirmachenauf\" \/>\n<meta property=\"article:published_time\" content=\"2023-02-03T14:21:56+00:00\" \/>\n<meta property=\"og:image\" content=\"https:\/\/now-news.de\/de\/wp-content\/uploads\/sites\/3\/2023\/02\/PCK-Raffinerie-in-Schwedt-Schliessung-wohl-politisch-gewollt.jpg\" \/>\n\t<meta property=\"og:image:width\" content=\"460\" \/>\n\t<meta property=\"og:image:height\" content=\"259\" \/>\n\t<meta property=\"og:image:type\" content=\"image\/jpeg\" \/>\n<meta name=\"author\" content=\"rtnews\" \/>\n<meta name=\"twitter:card\" content=\"summary_large_image\" \/>\n<meta name=\"twitter:creator\" content=\"@WirMachenAuf_de\" \/>\n<meta name=\"twitter:site\" content=\"@WirMachenAuf_de\" \/>\n<meta name=\"twitter:label1\" content=\"Verfasst von\" \/>\n\t<meta name=\"twitter:data1\" content=\"rtnews\" \/>\n\t<meta name=\"twitter:label2\" content=\"Gesch\u00e4tzte Lesezeit\" \/>\n\t<meta name=\"twitter:data2\" content=\"2\u00a0Minuten\" \/>\n<script type=\"application\/ld+json\" class=\"yoast-schema-graph\">{\"@context\":\"https:\/\/schema.org\",\"@graph\":[{\"@type\":\"Article\",\"@id\":\"https:\/\/now-news.de\/de\/deutschland\/pck-raffinerie-in-schwedt-schliessung-wohl-politisch-gewollt\/#article\",\"isPartOf\":{\"@id\":\"https:\/\/now-news.de\/de\/deutschland\/pck-raffinerie-in-schwedt-schliessung-wohl-politisch-gewollt\/\"},\"author\":{\"name\":\"rtnews\",\"@id\":\"https:\/\/now-news.de\/de\/#\/schema\/person\/fb534a4e865501d8b3285208df34a9b5\"},\"headline\":\"PCK-Raffinerie in Schwedt: Schlie\u00dfung wohl politisch gewollt\",\"datePublished\":\"2023-02-03T14:21:56+00:00\",\"dateModified\":\"2023-02-03T14:21:56+00:00\",\"mainEntityOfPage\":{\"@id\":\"https:\/\/now-news.de\/de\/deutschland\/pck-raffinerie-in-schwedt-schliessung-wohl-politisch-gewollt\/\"},\"wordCount\":415,\"commentCount\":0,\"publisher\":{\"@id\":\"https:\/\/now-news.de\/de\/#organization\"},\"image\":{\"@id\":\"https:\/\/now-news.de\/de\/deutschland\/pck-raffinerie-in-schwedt-schliessung-wohl-politisch-gewollt\/#primaryimage\"},\"thumbnailUrl\":\"https:\/\/now-news.de\/de\/wp-content\/uploads\/sites\/3\/2023\/02\/PCK-Raffinerie-in-Schwedt-Schliessung-wohl-politisch-gewollt.jpg\",\"keywords\":[\"gewollt\",\"PCKRaffinerie\",\"politisch\",\"Schlie\u00dfung\",\"Schwedt\",\"wohl\"],\"articleSection\":[\"Deutschland\",\"Russland\"],\"inLanguage\":\"de\",\"potentialAction\":[{\"@type\":\"CommentAction\",\"name\":\"Comment\",\"target\":[\"https:\/\/now-news.de\/de\/deutschland\/pck-raffinerie-in-schwedt-schliessung-wohl-politisch-gewollt\/#respond\"]}]},{\"@type\":\"WebPage\",\"@id\":\"https:\/\/now-news.de\/de\/deutschland\/pck-raffinerie-in-schwedt-schliessung-wohl-politisch-gewollt\/\",\"url\":\"https:\/\/now-news.de\/de\/deutschland\/pck-raffinerie-in-schwedt-schliessung-wohl-politisch-gewollt\/\",\"name\":\"PCK-Raffinerie in Schwedt: Schlie\u00dfung wohl politisch gewollt - just-now.NEWS Deutschland\",\"isPartOf\":{\"@id\":\"https:\/\/now-news.de\/de\/#website\"},\"primaryImageOfPage\":{\"@id\":\"https:\/\/now-news.de\/de\/deutschland\/pck-raffinerie-in-schwedt-schliessung-wohl-politisch-gewollt\/#primaryimage\"},\"image\":{\"@id\":\"https:\/\/now-news.de\/de\/deutschland\/pck-raffinerie-in-schwedt-schliessung-wohl-politisch-gewollt\/#primaryimage\"},\"thumbnailUrl\":\"https:\/\/now-news.de\/de\/wp-content\/uploads\/sites\/3\/2023\/02\/PCK-Raffinerie-in-Schwedt-Schliessung-wohl-politisch-gewollt.jpg\",\"datePublished\":\"2023-02-03T14:21:56+00:00\",\"dateModified\":\"2023-02-03T14:21:56+00:00\",\"breadcrumb\":{\"@id\":\"https:\/\/now-news.de\/de\/deutschland\/pck-raffinerie-in-schwedt-schliessung-wohl-politisch-gewollt\/#breadcrumb\"},\"inLanguage\":\"de\",\"potentialAction\":[{\"@type\":\"ReadAction\",\"target\":[\"https:\/\/now-news.de\/de\/deutschland\/pck-raffinerie-in-schwedt-schliessung-wohl-politisch-gewollt\/\"]}]},{\"@type\":\"ImageObject\",\"inLanguage\":\"de\",\"@id\":\"https:\/\/now-news.de\/de\/deutschland\/pck-raffinerie-in-schwedt-schliessung-wohl-politisch-gewollt\/#primaryimage\",\"url\":\"https:\/\/now-news.de\/de\/wp-content\/uploads\/sites\/3\/2023\/02\/PCK-Raffinerie-in-Schwedt-Schliessung-wohl-politisch-gewollt.jpg\",\"contentUrl\":\"https:\/\/now-news.de\/de\/wp-content\/uploads\/sites\/3\/2023\/02\/PCK-Raffinerie-in-Schwedt-Schliessung-wohl-politisch-gewollt.jpg\",\"width\":460,\"height\":259,\"caption\":\"PCK-Raffinerie in Schwedt: Schlie\u00dfung wohl politisch gewollt\"},{\"@type\":\"BreadcrumbList\",\"@id\":\"https:\/\/now-news.de\/de\/deutschland\/pck-raffinerie-in-schwedt-schliessung-wohl-politisch-gewollt\/#breadcrumb\",\"itemListElement\":[{\"@type\":\"ListItem\",\"position\":1,\"name\":\"Home\",\"item\":\"https:\/\/now-news.de\/de\/\"},{\"@type\":\"ListItem\",\"position\":2,\"name\":\"PCK-Raffinerie in Schwedt: Schlie\u00dfung wohl politisch gewollt\"}]},{\"@type\":\"WebSite\",\"@id\":\"https:\/\/now-news.de\/de\/#website\",\"url\":\"https:\/\/now-news.de\/de\/\",\"name\":\"just-now.NEWS Deutschland\",\"description\":\"Das Portal f\u00fcr unzensierte Nachrichten aus der Welt\",\"publisher\":{\"@id\":\"https:\/\/now-news.de\/de\/#organization\"},\"potentialAction\":[{\"@type\":\"SearchAction\",\"target\":{\"@type\":\"EntryPoint\",\"urlTemplate\":\"https:\/\/now-news.de\/de\/?s={search_term_string}\"},\"query-input\":\"required name=search_term_string\"}],\"inLanguage\":\"de\"},{\"@type\":\"Organization\",\"@id\":\"https:\/\/now-news.de\/de\/#organization\",\"name\":\"Just Now News\",\"url\":\"https:\/\/now-news.de\/de\/\",\"logo\":{\"@type\":\"ImageObject\",\"inLanguage\":\"de\",\"@id\":\"https:\/\/now-news.de\/de\/#\/schema\/logo\/image\/\",\"url\":\"http:\/\/just-now.news\/de\/wp-content\/uploads\/sites\/3\/2022\/04\/logo500x500.jpg\",\"contentUrl\":\"http:\/\/just-now.news\/de\/wp-content\/uploads\/sites\/3\/2022\/04\/logo500x500.jpg\",\"width\":500,\"height\":500,\"caption\":\"Just Now News\"},\"image\":{\"@id\":\"https:\/\/now-news.de\/de\/#\/schema\/logo\/image\/\"},\"sameAs\":[\"https:\/\/www.facebook.com\/wirmachenauf\",\"https:\/\/x.com\/WirMachenAuf_de\"]},{\"@type\":\"Person\",\"@id\":\"https:\/\/now-news.de\/de\/#\/schema\/person\/fb534a4e865501d8b3285208df34a9b5\",\"name\":\"rtnews\",\"image\":{\"@type\":\"ImageObject\",\"inLanguage\":\"de\",\"@id\":\"https:\/\/now-news.de\/de\/#\/schema\/person\/image\/\",\"url\":\"https:\/\/secure.gravatar.com\/avatar\/82aafea7d8127119dd649515f56e2117?s=96&d=mm&r=g\",\"contentUrl\":\"https:\/\/secure.gravatar.com\/avatar\/82aafea7d8127119dd649515f56e2117?s=96&d=mm&r=g\",\"caption\":\"rtnews\"},\"url\":\"https:\/\/now-news.de\/de\/author\/rnews\/\"}]}<\/script>\n<!-- \/ Yoast SEO Premium plugin. -->","yoast_head_json":{"title":"PCK-Raffinerie in Schwedt: Schlie\u00dfung wohl politisch gewollt - just-now.NEWS Deutschland","robots":{"index":"index","follow":"follow","max-snippet":"max-snippet:-1","max-image-preview":"max-image-preview:large","max-video-preview":"max-video-preview:-1"},"canonical":"https:\/\/now-news.de\/de\/deutschland\/pck-raffinerie-in-schwedt-schliessung-wohl-politisch-gewollt\/","og_locale":"de_DE","og_type":"article","og_title":"PCK-Raffinerie in Schwedt: Schlie\u00dfung wohl politisch gewollt","og_description":"Bisher sind die Zusagen, die den Erhalt der PCK-Raffinerie in Schwedt sichern sollen, nicht in konkrete Vertr\u00e4ge umgesetzt worden. Der Raffinerie droht im Gegenteil eine feindliche \u00dcbernahme durch den polnischen Konzern Orlen. Das Aus f\u00fcr den Standort scheint politisch gewollt. Entgegen der Zusicherung der Bundesregierung ist der Weiterbetrieb der PCK-Raffinerie in Schwedt keineswegs gesichert. Im [&hellip;]","og_url":"https:\/\/now-news.de\/de\/deutschland\/pck-raffinerie-in-schwedt-schliessung-wohl-politisch-gewollt\/","og_site_name":"just-now.NEWS Deutschland","article_publisher":"https:\/\/www.facebook.com\/wirmachenauf","article_published_time":"2023-02-03T14:21:56+00:00","og_image":[{"width":460,"height":259,"url":"https:\/\/now-news.de\/de\/wp-content\/uploads\/sites\/3\/2023\/02\/PCK-Raffinerie-in-Schwedt-Schliessung-wohl-politisch-gewollt.jpg","type":"image\/jpeg"}],"author":"rtnews","twitter_card":"summary_large_image","twitter_creator":"@WirMachenAuf_de","twitter_site":"@WirMachenAuf_de","twitter_misc":{"Verfasst von":"rtnews","Gesch\u00e4tzte Lesezeit":"2\u00a0Minuten"},"schema":{"@context":"https:\/\/schema.org","@graph":[{"@type":"Article","@id":"https:\/\/now-news.de\/de\/deutschland\/pck-raffinerie-in-schwedt-schliessung-wohl-politisch-gewollt\/#article","isPartOf":{"@id":"https:\/\/now-news.de\/de\/deutschland\/pck-raffinerie-in-schwedt-schliessung-wohl-politisch-gewollt\/"},"author":{"name":"rtnews","@id":"https:\/\/now-news.de\/de\/#\/schema\/person\/fb534a4e865501d8b3285208df34a9b5"},"headline":"PCK-Raffinerie in Schwedt: Schlie\u00dfung wohl politisch gewollt","datePublished":"2023-02-03T14:21:56+00:00","dateModified":"2023-02-03T14:21:56+00:00","mainEntityOfPage":{"@id":"https:\/\/now-news.de\/de\/deutschland\/pck-raffinerie-in-schwedt-schliessung-wohl-politisch-gewollt\/"},"wordCount":415,"commentCount":0,"publisher":{"@id":"https:\/\/now-news.de\/de\/#organization"},"image":{"@id":"https:\/\/now-news.de\/de\/deutschland\/pck-raffinerie-in-schwedt-schliessung-wohl-politisch-gewollt\/#primaryimage"},"thumbnailUrl":"https:\/\/now-news.de\/de\/wp-content\/uploads\/sites\/3\/2023\/02\/PCK-Raffinerie-in-Schwedt-Schliessung-wohl-politisch-gewollt.jpg","keywords":["gewollt","PCKRaffinerie","politisch","Schlie\u00dfung","Schwedt","wohl"],"articleSection":["Deutschland","Russland"],"inLanguage":"de","potentialAction":[{"@type":"CommentAction","name":"Comment","target":["https:\/\/now-news.de\/de\/deutschland\/pck-raffinerie-in-schwedt-schliessung-wohl-politisch-gewollt\/#respond"]}]},{"@type":"WebPage","@id":"https:\/\/now-news.de\/de\/deutschland\/pck-raffinerie-in-schwedt-schliessung-wohl-politisch-gewollt\/","url":"https:\/\/now-news.de\/de\/deutschland\/pck-raffinerie-in-schwedt-schliessung-wohl-politisch-gewollt\/","name":"PCK-Raffinerie in Schwedt: Schlie\u00dfung wohl politisch gewollt - just-now.NEWS Deutschland","isPartOf":{"@id":"https:\/\/now-news.de\/de\/#website"},"primaryImageOfPage":{"@id":"https:\/\/now-news.de\/de\/deutschland\/pck-raffinerie-in-schwedt-schliessung-wohl-politisch-gewollt\/#primaryimage"},"image":{"@id":"https:\/\/now-news.de\/de\/deutschland\/pck-raffinerie-in-schwedt-schliessung-wohl-politisch-gewollt\/#primaryimage"},"thumbnailUrl":"https:\/\/now-news.de\/de\/wp-content\/uploads\/sites\/3\/2023\/02\/PCK-Raffinerie-in-Schwedt-Schliessung-wohl-politisch-gewollt.jpg","datePublished":"2023-02-03T14:21:56+00:00","dateModified":"2023-02-03T14:21:56+00:00","breadcrumb":{"@id":"https:\/\/now-news.de\/de\/deutschland\/pck-raffinerie-in-schwedt-schliessung-wohl-politisch-gewollt\/#breadcrumb"},"inLanguage":"de","potentialAction":[{"@type":"ReadAction","target":["https:\/\/now-news.de\/de\/deutschland\/pck-raffinerie-in-schwedt-schliessung-wohl-politisch-gewollt\/"]}]},{"@type":"ImageObject","inLanguage":"de","@id":"https:\/\/now-news.de\/de\/deutschland\/pck-raffinerie-in-schwedt-schliessung-wohl-politisch-gewollt\/#primaryimage","url":"https:\/\/now-news.de\/de\/wp-content\/uploads\/sites\/3\/2023\/02\/PCK-Raffinerie-in-Schwedt-Schliessung-wohl-politisch-gewollt.jpg","contentUrl":"https:\/\/now-news.de\/de\/wp-content\/uploads\/sites\/3\/2023\/02\/PCK-Raffinerie-in-Schwedt-Schliessung-wohl-politisch-gewollt.jpg","width":460,"height":259,"caption":"PCK-Raffinerie in Schwedt: Schlie\u00dfung wohl politisch gewollt"},{"@type":"BreadcrumbList","@id":"https:\/\/now-news.de\/de\/deutschland\/pck-raffinerie-in-schwedt-schliessung-wohl-politisch-gewollt\/#breadcrumb","itemListElement":[{"@type":"ListItem","position":1,"name":"Home","item":"https:\/\/now-news.de\/de\/"},{"@type":"ListItem","position":2,"name":"PCK-Raffinerie in Schwedt: Schlie\u00dfung wohl politisch gewollt"}]},{"@type":"WebSite","@id":"https:\/\/now-news.de\/de\/#website","url":"https:\/\/now-news.de\/de\/","name":"just-now.NEWS Deutschland","description":"Das Portal f\u00fcr unzensierte Nachrichten aus der Welt","publisher":{"@id":"https:\/\/now-news.de\/de\/#organization"},"potentialAction":[{"@type":"SearchAction","target":{"@type":"EntryPoint","urlTemplate":"https:\/\/now-news.de\/de\/?s={search_term_string}"},"query-input":"required name=search_term_string"}],"inLanguage":"de"},{"@type":"Organization","@id":"https:\/\/now-news.de\/de\/#organization","name":"Just Now News","url":"https:\/\/now-news.de\/de\/","logo":{"@type":"ImageObject","inLanguage":"de","@id":"https:\/\/now-news.de\/de\/#\/schema\/logo\/image\/","url":"http:\/\/just-now.news\/de\/wp-content\/uploads\/sites\/3\/2022\/04\/logo500x500.jpg","contentUrl":"http:\/\/just-now.news\/de\/wp-content\/uploads\/sites\/3\/2022\/04\/logo500x500.jpg","width":500,"height":500,"caption":"Just Now News"},"image":{"@id":"https:\/\/now-news.de\/de\/#\/schema\/logo\/image\/"},"sameAs":["https:\/\/www.facebook.com\/wirmachenauf","https:\/\/x.com\/WirMachenAuf_de"]},{"@type":"Person","@id":"https:\/\/now-news.de\/de\/#\/schema\/person\/fb534a4e865501d8b3285208df34a9b5","name":"rtnews","image":{"@type":"ImageObject","inLanguage":"de","@id":"https:\/\/now-news.de\/de\/#\/schema\/person\/image\/","url":"https:\/\/secure.gravatar.com\/avatar\/82aafea7d8127119dd649515f56e2117?s=96&d=mm&r=g","contentUrl":"https:\/\/secure.gravatar.com\/avatar\/82aafea7d8127119dd649515f56e2117?s=96&d=mm&r=g","caption":"rtnews"},"url":"https:\/\/now-news.de\/de\/author\/rnews\/"}]}},"_links":{"self":[{"href":"https:\/\/now-news.de\/de\/wp-json\/wp\/v2\/posts\/29390"}],"collection":[{"href":"https:\/\/now-news.de\/de\/wp-json\/wp\/v2\/posts"}],"about":[{"href":"https:\/\/now-news.de\/de\/wp-json\/wp\/v2\/types\/post"}],"author":[{"embeddable":true,"href":"https:\/\/now-news.de\/de\/wp-json\/wp\/v2\/users\/3"}],"replies":[{"embeddable":true,"href":"https:\/\/now-news.de\/de\/wp-json\/wp\/v2\/comments?post=29390"}],"version-history":[{"count":0,"href":"https:\/\/now-news.de\/de\/wp-json\/wp\/v2\/posts\/29390\/revisions"}],"wp:featuredmedia":[{"embeddable":true,"href":"https:\/\/now-news.de\/de\/wp-json\/wp\/v2\/media\/29391"}],"wp:attachment":[{"href":"https:\/\/now-news.de\/de\/wp-json\/wp\/v2\/media?parent=29390"}],"wp:term":[{"taxonomy":"category","embeddable":true,"href":"https:\/\/now-news.de\/de\/wp-json\/wp\/v2\/categories?post=29390"},{"taxonomy":"post_tag","embeddable":true,"href":"https:\/\/now-news.de\/de\/wp-json\/wp\/v2\/tags?post=29390"}],"curies":[{"name":"wp","href":"https:\/\/api.w.org\/{rel}","templated":true}]}}