{"id":29328,"date":"2023-02-02T20:38:03","date_gmt":"2023-02-02T18:38:03","guid":{"rendered":"https:\/\/just-now.news\/de\/deutschland\/geheime-berichte-ueber-deutsche-verbrechen-in-stalingrad-veroeffentlicht\/"},"modified":"2023-02-02T20:38:03","modified_gmt":"2023-02-02T18:38:03","slug":"geheime-berichte-ueber-deutsche-verbrechen-in-stalingrad-veroeffentlicht","status":"publish","type":"post","link":"https:\/\/now-news.de\/de\/deutschland\/geheime-berichte-ueber-deutsche-verbrechen-in-stalingrad-veroeffentlicht\/","title":{"rendered":"Geheime Berichte \u00fcber deutsche Verbrechen in Stalingrad ver\u00f6ffentlicht"},"content":{"rendered":"<div class=\"Text-root Text-type_1 \">\n                Dass die deutsche Wehrmacht in Stalingrad Verbrechen an der Zivilbev\u00f6lkerung begangen hat, war bekannt. Nun ver\u00f6ffentlichte, bislang geheime Dokumente enth\u00fcllen neue Details. So wurden alle Jugendlichen eines Dorfes im Alter von 10 bis 15 Jahren erschossen, weil einer von ihnen einem deutschen Offizier Zigaretten gestohlen hatte.\n            <\/div>\n<p><\/p>\n<div class=\"Text-root Text-type_5 ArticleView-text ViewText-root \">\n<p>Am 2. Februar 2023 j\u00e4hrt sich zum 80. Mal die Niederlage der deutschen Streitkr\u00e4fte gegen die Sowjets in der Schlacht von Stalingrad, die eine grundlegende Wende im gesamten Zweiten Weltkrieg einleitete. Dass die fast sechs Monate dauernde Schlacht von Stalingrad auch gro\u00dfe Opfer f\u00fcr die Zivilbev\u00f6lkerung umfasste,\u00a0ist bekannt. Aus Anlass des Jahrestages ver\u00f6ffentlichte Dokumente, die bislang geheim gehalten wurden, geben jedoch neue Einblicke in die Kriegsverbrechen, die in der Stadt und ihrer Umgebung durch Wehrmachtsangeh\u00f6rige begangenen\u00a0wurden.\u00a0<\/p>\n<p>Am aufschlussreichsten unter den jetzt ver\u00f6ffentlichten Unterlagen aus dem FSB-Archiv ist ein Ermittlungsbericht des NKWD (Volkskommissariat des Inneren) vom 20. Februar 1943, in dem erste Ergebnisse der Ermittlungsarbeit festgehalten sind. Die deutschen Besatzer haben, so der Bericht, penibel Buch \u00fcber die pr\u00e4sente Zivilbev\u00f6lkerung gef\u00fchrt. Aus Verh\u00f6ren deutscher Offiziere, insbesondere eines Dolmetschers des Kommandanten, ergab sich folgendes Zahlenbild: W\u00e4hrend bei Beginn der teilweisen Besatzung von Stalingrad nach seinen Angaben rund 250.000\u00a0Zivilisten in der Stadt verblieben waren, konnten nach deren Ende die sowjetischen Beh\u00f6rden nur noch 7.661 Personen lebend feststellen. Ein bedeutender Teil des R\u00fcckgangs wurde\u00a0den\u00a0Verh\u00f6rten zufolge auf Deportationen von Zwangsarbeitern in die Ukraine zur\u00fcckgef\u00fchrt.\u00a0<\/p>\n<p>Der Bericht f\u00fchrt konkrete Beispiele deutscher Grausamkeit im zwischen August 1942 und Januar 1943 besetzten Gebiet an. So drangen Wehrmachtsangeh\u00f6rige im Oktober 1942 in die Wohnung des Arbeiters Georgi Sotow ein und raubten sie aus. Sotow und seine gesamte Familie (Mutter, Ehefrau und zwei Kinder im Alter von 3 und 7 Jahren) wurden dabei erschossen.\u00a0<\/p>\n<p>Ende November 1942 hatten Wehrmachtsangeh\u00f6rige den 14-j\u00e4hrigen Jungen Gennadi Koltun entkleidet und ihn sp\u00e4ter splitternackt in die K\u00e4lte geworfen. Zu seinem Gl\u00fcck wurde der Junge in bewusstlosem Zustand von der Frau eines Arbeiters aufgefunden und geborgen. Dar\u00fcber, was die Wehrmachtsangeh\u00f6rigen ihm sonst angetan haben, schwieg der Junge.<\/p>\n<p>Ebenfalls im November 1942 drangen Wehrmachtsangeh\u00f6rige in die Wohnh\u00f6hle von zwei Ende 1941 aus Lugansk nach Stalingrad evakuierten Frauen ein. Beide Frauen wurden vor den Augen ihrer Kinder vergewaltigt und anschlie\u00dfend get\u00f6tet.\u00a0<\/p>\n<p>Mehr Gl\u00fcck hatte die Ehefrau eines Chauffeurs, die von drei Deutschen vor den Augen des Ehemanns und der Kinder vergewaltigt, aber zumindest am Leben gelassen wurde.\u00a0Gesch\u00e4tzt wird, dass nahezu jede der in Stalingrad und Umgebung verbliebenen Frauen w\u00e4hrend der Besatzung Opfer von mehrfachen Vergewaltigungen geworden ist.<\/p>\n<p>Im Dorf Sirotinskoe raubten 4 deutsche Soldaten eine 50-j\u00e4hrige B\u00e4uerin (Familienname ist im Bericht geschw\u00e4rzt) aus, vergewaltigten sie und t\u00f6teten sie anschlie\u00dfend.\u00a0<\/p>\n<p>In der Stadt Kotelnikowo hatten 12 deutsche Soldaten eine junge Frau, deren Name vom Verfasser des Berichts nicht festgestellt werden konnte, vergewaltigt und get\u00f6tet.\u00a0<\/p>\n<p>Im Dorf Awerino des Kreises Kotelnikowo erschossen Wehrmachtsangeh\u00f6rige auf Befehl eines Offiziers, dem ein Jugendlicher zuvor Zigaretten gestohlen hatte, zehn Kinder und Jugendliche im Alter von zehn bis 16 Jahren, darunter den elfj\u00e4hrigen Iwan Safonow, den f\u00fcnfzehnj\u00e4hrigen Aksjon Timochin und dessen zw\u00f6lfj\u00e4hrigen Bruder Timofei, den vierzehnj\u00e4hrigen Wassili Gorin, den elfj\u00e4hrigen Emeljan Safonow, den zehnj\u00e4hrigen Semjon Monschin, die Br\u00fcder Nikolai (13) und Wassili (14) Jegorow, den dreizehnj\u00e4hrigen Nikifor Nasarenko und den f\u00fcnfzehnj\u00e4hrigen Konstantin Golowljow.\u00a0<\/p>\n<figure class=\"RTImage-root\">\n<div class=\"RTImage-image RTImage-original\"><picture class=\"Picture-root Picture-original\"><!--[if IE 9]><video style=\"display: none;\"><![endif]--><source media=\"(-webkit-min-device-pixel-ratio: 2) and (min-resolution: 120dpi)\" data-srcset=\" \nhttp:\/\/just-now.news\/de\/wp-content\/uploads\/sites\/3\/2023\/02\/63dbcae748fbef17895f01b5.jpg 850w,\n                http:\/\/just-now.news\/de\/wp-content\/uploads\/sites\/3\/2023\/02\/63dbcae748fbef17895f01b5.jpg 1960w,\n            \" ><source data-srcset=\" \nhttp:\/\/just-now.news\/de\/wp-content\/uploads\/sites\/3\/2023\/02\/63dbcae748fbef17895f01b5.jpg 460w,\n              http:\/\/just-now.news\/de\/wp-content\/uploads\/sites\/3\/2023\/02\/63dbcae748fbef17895f01b5.jpg 980w,\n            \" ><!--[if IE 9]><\/video><![endif]--><img decoding=\"async\" data- src=\"data:image\/png;base64,iVBORw0KGgoAAAANSUhEUgAAABAAAAAJCAQAAACRI2S5AAAAEElEQVR42mNkIAAYRxWAAQAG9gAKqv6+AwAAAABJRU5ErkJggg==\" class=\"Picture-root Picture-original lazyload\" data-src=\"http:\/\/just-now.news\/de\/wp-content\/uploads\/sites\/3\/2023\/02\/63dbcae748fbef17895f01b5.jpg\" alt=\"\"><\/source><\/source><\/picture><!-- noscript pattern --><noscript><img decoding=\"async\" src=\"http:\/\/just-now.news\/de\/wp-content\/uploads\/sites\/3\/2023\/02\/63dbcae748fbef17895f01b5.jpg\" alt=\"\"><\/noscript><\/div><figcaption class=\"RTImage-footer\"><span class=\"RTImage-caption\"><span class=\"RTImage-captionItem\">Die Kinder von Stalingrad. Nur wenigen gelang es, die Feuerh\u00f6lle und den Winter 1942\/43 zu \u00fcberleben.<\/span><\/span><span class=\"RTImage-source\"><span class=\"RTImage-captionItem\">Ryumkin<\/span><span class=\"RTImage-captionItem\"> \/ Sputnik<\/span><\/span><\/figcaption><\/figure>\n<p>In der Siedlung\u00a0Schirki wurden im Oktober 1942 zwei get\u00f6tete Rum\u00e4nen aufgefunden. Am selben Tag wurden alle Bewohner des\u00a0Ortes von Wehrmachtsangeh\u00f6rigen zusammengetrieben und zum Vorfall befragt. Nachdem die Bewohner nicht benennen konnten oder wollten, wer die Rum\u00e4nen get\u00f6tet hatte, w\u00e4hlte der befehlshabende deutsche Offizier aus den Anwesenden willk\u00fcrlich vier M\u00e4nner aus und lie\u00df sie vor den Augen der Versammelten erschie\u00dfen. Drei der Erschossenen waren Einwohner des Dorfes und daher namentlich bekannt (im Bericht angegeben als A.I. Urasow, Denis Korotkow und Jegor Smirnow), bei dem Vierten handelte es sich um einen Evakuierten aus Stalingrad, an dessen Namen sich vor Ort niemand erinnern konnte.<\/p>\n<p>Eine Resolution des Volkskommissars des Inneren befahl die Geheimhaltung dieser und anderer Vorf\u00e4lle, &#8220;um keine Racheakte an deutschen Kriegsgefangenen zu provozieren&#8221;.<\/p>\n<p>Die betroffenen Kreise des Gebiets Stalingrad (heute Wolgograd) waren im Zuge der im Juli 1942 begonnenen deutschen Offensive unter deutsche Besatzung geraten. Die Offensive der Wehrmacht hatte das Ziel, Stalingrad, den wichtigsten Industrie- und Verkehrsknotenpunkt an der Wolga, einzunehmen und anschlie\u00dfend die Kaukasusregion zu besetzen. Der Verlust von Stalingrad h\u00e4tte die gesamte S\u00fcdflanke der sowjetischen Streitkr\u00e4fte in eine kritische Lage gebracht.<\/p>\n<p>Ein besonders schwarzer Tag f\u00fcr Stalingrad war der 23. August 1942. An diesem Tag flog die deutsche Luftwaffe einen massiven Bombereinsatz gegen die Stadt, die vor dem Krieg rund 500.000 Einwohner z\u00e4hlte und zudem mit Fl\u00fcchtlingen und Evakuierten aus der Ukraine \u00fcberf\u00fcllt war.<\/p>\n<p>Es war eine schlimmere und folgenreichere Trag\u00f6die als das, was Dresden sp\u00e4ter am 13. Februar 1945 erleben musste: An dem Bombardement nahmen fast 1.000 Flugzeuge der Luftwaffe teil, die \u00fcber den Tag verteilt im Schnitt je zwei Eins\u00e4tze flogen. Das erkl\u00e4rte Ziel war es, die Stadt auszul\u00f6schen. Durch den Einsatz von Brandbomben stand die gesamte Stadt in Brand, beg\u00fcnstigt noch durch die Vielzahl von Holzh\u00e4usern in ihr. Die vorsichtigsten aller Sch\u00e4tzungen gehen von 40.000 Toten an diesem einen Tag und 150.000 Verletzten aus. Wie im Fall von Dresden kann infolge dessen, dass viele Fl\u00fcchtlinge nicht registriert waren, niemand eine genaue Zahl der Todesopfer nennen.\u00a0<\/p>\n<figure class=\"RTImage-root\">\n<div class=\"RTImage-image RTImage-original\"><picture class=\"Picture-root Picture-original\"><!--[if IE 9]><video style=\"display: none;\"><![endif]--><source media=\"(-webkit-min-device-pixel-ratio: 2) and (min-resolution: 120dpi)\" data-srcset=\" \nhttp:\/\/just-now.news\/de\/wp-content\/uploads\/sites\/3\/2023\/02\/63dbca0ab480cc3fbf3e5dc0.jpg 850w,\n                http:\/\/just-now.news\/de\/wp-content\/uploads\/sites\/3\/2023\/02\/63dbca0ab480cc3fbf3e5dc0.jpg 1960w,\n            \" ><source data-srcset=\" \nhttp:\/\/just-now.news\/de\/wp-content\/uploads\/sites\/3\/2023\/02\/63dbca0ab480cc3fbf3e5dc0.jpg 460w,\n              http:\/\/just-now.news\/de\/wp-content\/uploads\/sites\/3\/2023\/02\/63dbca0ab480cc3fbf3e5dc0.jpg 980w,\n            \" ><!--[if IE 9]><\/video><![endif]--><img decoding=\"async\" data- src=\"data:image\/png;base64,iVBORw0KGgoAAAANSUhEUgAAABAAAAAJCAQAAACRI2S5AAAAEElEQVR42mNkIAAYRxWAAQAG9gAKqv6+AwAAAABJRU5ErkJggg==\" class=\"Picture-root Picture-original lazyload\" data-src=\"http:\/\/just-now.news\/de\/wp-content\/uploads\/sites\/3\/2023\/02\/63dbca0ab480cc3fbf3e5dc0.jpg\" alt=\"\"><\/source><\/source><\/picture><!-- noscript pattern --><noscript><img decoding=\"async\" src=\"http:\/\/just-now.news\/de\/wp-content\/uploads\/sites\/3\/2023\/02\/63dbca0ab480cc3fbf3e5dc0.jpg\" alt=\"\"><\/noscript><\/div><figcaption class=\"RTImage-footer\"><span class=\"RTImage-caption\"><span class=\"RTImage-captionItem\">Die wohl bekannteste Aufnahme aus dem durch das Bombardement vom 23. August 1942 zerst\u00f6rten Stalingrad.<\/span><\/span><span class=\"RTImage-source\"><span class=\"RTImage-captionItem\">Evzerihin<\/span><span class=\"RTImage-captionItem\"> \/ Sputnik<\/span><\/span><\/figcaption><\/figure>\n<p>Von Juli bis November 1942 gelang es der Roten Armee, den Feind in Abwehrk\u00e4mpfen um Stalingrad zu binden, und am 22. November 1942 hatten die sowjetischen Truppen die deutsch-faschistischen Truppen in einen Kessel eingeschlossen. Die Schlacht um Stalingrad endete am 2. Februar 1943 mit der Kapitulation der 6. Armee der Wehrmacht unter Feldmarschall Friedrich Paulus.<\/p>\n<p>Die deutschen, rum\u00e4nischen und italienischen Faschisten hatten nicht mit einem so hartn\u00e4ckigen und heldenhaften Widerstand der sowjetischen Truppen gerechnet und lie\u00dfen ihre Wut dar\u00fcber an den wehrlosen Einwohnern der Stadt und der Region aus. Wehrmachtssoldaten brachen in H\u00e4user ein und nahmen alles mit, was sie in die Finger bekamen. Selbst Kinderkleidung und Unterw\u00e4sche wurden nicht verschont. Die gestohlenen Sachen und Wertgegenst\u00e4nde schickten sie per Paket nach Deutschland.<\/p>\n<p>Unmittelbar nach dem Ende der Schlacht von Stalingrad begann die Stalingrader Direktion des Nationalen Nachrichtendienstes zusammen mit der Spionageabwehr &#8220;SMERSch&#8221; mit dem Screening (Filtern) von Kriegsgefangenen, wozu auch die Sammlung von Informationen \u00fcber die von den Besatzern begangenen Kriegsverbrechen geh\u00f6rte.<\/p>\n<p>Das Ermittlerteam des NKWD hat 50.000 Kriegsgefangene durch Verh\u00f6re und speziell rekrutierte Agenten befragt. Diese dienten auch dem Aufsp\u00fcren der zahlreichen Minenfelder, die die Besatzer angelegt hatten.\u00a0Insgesamt ergaben die Verh\u00f6re rund 300 Minenfelder, in denen bis zu 150.000 Panzerabwehr- und Antipersonenminen verlegt waren. Die von den Kriegsgefangenen erhaltenen Informationen erleichterten die Arbeit der mit der Minenr\u00e4umung befassten Pioniereinheiten der Roten Armee erheblich.<\/p>\n<p>Nach der Befreiung der Stadt haben Mitarbeiter des Kommissariats f\u00fcr Staatssicherheit (UNKGB) des Gebiets Stalingrad die Hauptverantwortlichen f\u00fcr die w\u00e4hrend der Besatzung begangenen Gr\u00e4ueltaten ermittelt. Zu ihnen geh\u00f6rte Generalmajor Paul Lening, Leiter der deutschen Milit\u00e4rkommandantur in Stalingrad, der in den von den deutschen Invasoren besetzten Gebieten Raub\u00fcberf\u00e4lle und Misshandlungen von Sowjetb\u00fcrgern organisierte.<\/p>\n<p>Die Zahl der in Stalingrad insgesamt umgekommenen Zivilisten ist bis heute nicht zuverl\u00e4ssig festgestellt worden. W\u00e4hrend der Aufr\u00e4umarbeiten bis Juli 1943 wurden \u00fcber 200.000 Leichen von Zivilisten geborgen.\u00a041.685 H\u00e4user (90,5\u00a0Prozent des Vorkriegsbestandes) waren vollst\u00e4ndig zerst\u00f6rt. Inklusive der R\u00fcckkehrer von der anderen Seite der Wolga z\u00e4hlte die Stadt 1945 nur noch 32.181 Einwohner (von etwa 500.000 vor dem Krieg). Die Stadt war mit nicht explodierten Granaten und Bomben \u00fcbers\u00e4t, entlang der ehemaligen Kampflinien gab es Minenfelder, Entminungseinheiten mussten die Stadt r\u00e4umen\u00a0\u2012 sie neutralisierten 328.612 Minen, 1.169.443 Granaten und Bomben. Erst im Juli 1945 war es wieder sicher, sich in der Stadt zu bewegen.\u00a0<\/p>\n<p><strong>Mehr zum Thema<\/strong> &#8211; <a rel=\"nofollow noopener\" target=\"_blank\" href=\"https:\/\/test.rtde.tech\/tag\/Stalingrad\/\">Berichterstattung zum 80. Jahrestag der Schlacht von Stalingrad<\/a><\/p>\n<\/p>\n<\/div>\n<p><br \/>\n<br \/><a href=\"https:\/\/de.rt.com\/russland\/161752-geheime-berichte-ueber-deutsche-verbrechen\/\">Source link <\/a><\/p>\n","protected":false},"excerpt":{"rendered":"<p>Dass die deutsche Wehrmacht in Stalingrad Verbrechen an der Zivilbev\u00f6lkerung begangen hat, war bekannt. Nun ver\u00f6ffentlichte, bislang geheime Dokumente enth\u00fcllen neue Details. So wurden alle Jugendlichen eines Dorfes im Alter von 10 bis 15 Jahren erschossen, weil einer von ihnen einem deutschen Offizier Zigaretten gestohlen hatte. Am 2. Februar 2023 j\u00e4hrt sich zum 80. Mal [&hellip;]<\/p>\n","protected":false},"author":3,"featured_media":29329,"comment_status":"open","ping_status":"open","sticky":false,"template":"","format":"standard","meta":{"_yoast_indexnow_last_ping":["1675363194"],"wp_automatic_camp":["217"],"7f1ff1d7ff17808633712a821c72ec0e":["Geheime Berichte \u00fcber deutsche Verbrechen in Stalingrad ver\u00f6ffentlicht"],"original_link":["https:\/\/de.rt.com\/russland\/161752-geheime-berichte-ueber-deutsche-verbrechen\/"],"_thumbnail_id":["29329"],"_wptgpro_p2tg_sent2tg":["a:1:{i:23737;s:19:\"2023-02-02 20:40:53\";}"],"jnews_social_counter_last_update":["1777314000"]},"categories":[19,23],"tags":[7221,2374,5312,39075,139,4252,2329],"yoast_head":"<!-- This site is optimized with the Yoast SEO Premium plugin v22.7 (Yoast SEO v22.7) - https:\/\/yoast.com\/wordpress\/plugins\/seo\/ -->\n<title>Geheime Berichte \u00fcber deutsche Verbrechen in Stalingrad ver\u00f6ffentlicht - just-now.NEWS Deutschland<\/title>\n<meta name=\"robots\" content=\"index, follow, max-snippet:-1, max-image-preview:large, max-video-preview:-1\" \/>\n<link rel=\"canonical\" href=\"https:\/\/now-news.de\/de\/deutschland\/geheime-berichte-ueber-deutsche-verbrechen-in-stalingrad-veroeffentlicht\/\" \/>\n<meta property=\"og:locale\" content=\"de_DE\" \/>\n<meta property=\"og:type\" content=\"article\" \/>\n<meta property=\"og:title\" content=\"Geheime Berichte \u00fcber deutsche Verbrechen in Stalingrad ver\u00f6ffentlicht\" \/>\n<meta property=\"og:description\" content=\"Dass die deutsche Wehrmacht in Stalingrad Verbrechen an der Zivilbev\u00f6lkerung begangen hat, war bekannt. Nun ver\u00f6ffentlichte, bislang geheime Dokumente enth\u00fcllen neue Details. So wurden alle Jugendlichen eines Dorfes im Alter von 10 bis 15 Jahren erschossen, weil einer von ihnen einem deutschen Offizier Zigaretten gestohlen hatte. Am 2. Februar 2023 j\u00e4hrt sich zum 80. Mal [&hellip;]\" \/>\n<meta property=\"og:url\" content=\"https:\/\/now-news.de\/de\/deutschland\/geheime-berichte-ueber-deutsche-verbrechen-in-stalingrad-veroeffentlicht\/\" \/>\n<meta property=\"og:site_name\" content=\"just-now.NEWS Deutschland\" \/>\n<meta property=\"article:publisher\" content=\"https:\/\/www.facebook.com\/wirmachenauf\" \/>\n<meta property=\"article:published_time\" content=\"2023-02-02T18:38:03+00:00\" \/>\n<meta property=\"og:image\" content=\"https:\/\/now-news.de\/de\/wp-content\/uploads\/sites\/3\/2023\/02\/Geheime-Berichte-ueber-deutsche-Verbrechen-in-Stalingrad-veroeffentlicht.jpg\" \/>\n\t<meta property=\"og:image:width\" content=\"820\" \/>\n\t<meta property=\"og:image:height\" content=\"1080\" \/>\n\t<meta property=\"og:image:type\" content=\"image\/jpeg\" \/>\n<meta name=\"author\" content=\"rtnews\" \/>\n<meta name=\"twitter:card\" content=\"summary_large_image\" \/>\n<meta name=\"twitter:creator\" content=\"@WirMachenAuf_de\" \/>\n<meta name=\"twitter:site\" content=\"@WirMachenAuf_de\" \/>\n<meta name=\"twitter:label1\" content=\"Verfasst von\" \/>\n\t<meta name=\"twitter:data1\" content=\"rtnews\" \/>\n\t<meta name=\"twitter:label2\" content=\"Gesch\u00e4tzte Lesezeit\" \/>\n\t<meta name=\"twitter:data2\" content=\"7\u00a0Minuten\" \/>\n<script type=\"application\/ld+json\" class=\"yoast-schema-graph\">{\"@context\":\"https:\/\/schema.org\",\"@graph\":[{\"@type\":\"Article\",\"@id\":\"https:\/\/now-news.de\/de\/deutschland\/geheime-berichte-ueber-deutsche-verbrechen-in-stalingrad-veroeffentlicht\/#article\",\"isPartOf\":{\"@id\":\"https:\/\/now-news.de\/de\/deutschland\/geheime-berichte-ueber-deutsche-verbrechen-in-stalingrad-veroeffentlicht\/\"},\"author\":{\"name\":\"rtnews\",\"@id\":\"https:\/\/now-news.de\/de\/#\/schema\/person\/fb534a4e865501d8b3285208df34a9b5\"},\"headline\":\"Geheime Berichte \u00fcber deutsche Verbrechen in Stalingrad ver\u00f6ffentlicht\",\"datePublished\":\"2023-02-02T18:38:03+00:00\",\"dateModified\":\"2023-02-02T18:38:03+00:00\",\"mainEntityOfPage\":{\"@id\":\"https:\/\/now-news.de\/de\/deutschland\/geheime-berichte-ueber-deutsche-verbrechen-in-stalingrad-veroeffentlicht\/\"},\"wordCount\":1365,\"commentCount\":0,\"publisher\":{\"@id\":\"https:\/\/now-news.de\/de\/#organization\"},\"image\":{\"@id\":\"https:\/\/now-news.de\/de\/deutschland\/geheime-berichte-ueber-deutsche-verbrechen-in-stalingrad-veroeffentlicht\/#primaryimage\"},\"thumbnailUrl\":\"https:\/\/now-news.de\/de\/wp-content\/uploads\/sites\/3\/2023\/02\/Geheime-Berichte-ueber-deutsche-Verbrechen-in-Stalingrad-veroeffentlicht.jpg\",\"keywords\":[\"Berichte\",\"Deutsche\",\"geheime\",\"Stalingrad\",\"\u00fcber\",\"Verbrechen\",\"ver\u00f6ffentlicht\"],\"articleSection\":[\"Deutschland\",\"Russland\"],\"inLanguage\":\"de\",\"potentialAction\":[{\"@type\":\"CommentAction\",\"name\":\"Comment\",\"target\":[\"https:\/\/now-news.de\/de\/deutschland\/geheime-berichte-ueber-deutsche-verbrechen-in-stalingrad-veroeffentlicht\/#respond\"]}]},{\"@type\":\"WebPage\",\"@id\":\"https:\/\/now-news.de\/de\/deutschland\/geheime-berichte-ueber-deutsche-verbrechen-in-stalingrad-veroeffentlicht\/\",\"url\":\"https:\/\/now-news.de\/de\/deutschland\/geheime-berichte-ueber-deutsche-verbrechen-in-stalingrad-veroeffentlicht\/\",\"name\":\"Geheime Berichte \u00fcber deutsche Verbrechen in Stalingrad ver\u00f6ffentlicht - just-now.NEWS Deutschland\",\"isPartOf\":{\"@id\":\"https:\/\/now-news.de\/de\/#website\"},\"primaryImageOfPage\":{\"@id\":\"https:\/\/now-news.de\/de\/deutschland\/geheime-berichte-ueber-deutsche-verbrechen-in-stalingrad-veroeffentlicht\/#primaryimage\"},\"image\":{\"@id\":\"https:\/\/now-news.de\/de\/deutschland\/geheime-berichte-ueber-deutsche-verbrechen-in-stalingrad-veroeffentlicht\/#primaryimage\"},\"thumbnailUrl\":\"https:\/\/now-news.de\/de\/wp-content\/uploads\/sites\/3\/2023\/02\/Geheime-Berichte-ueber-deutsche-Verbrechen-in-Stalingrad-veroeffentlicht.jpg\",\"datePublished\":\"2023-02-02T18:38:03+00:00\",\"dateModified\":\"2023-02-02T18:38:03+00:00\",\"breadcrumb\":{\"@id\":\"https:\/\/now-news.de\/de\/deutschland\/geheime-berichte-ueber-deutsche-verbrechen-in-stalingrad-veroeffentlicht\/#breadcrumb\"},\"inLanguage\":\"de\",\"potentialAction\":[{\"@type\":\"ReadAction\",\"target\":[\"https:\/\/now-news.de\/de\/deutschland\/geheime-berichte-ueber-deutsche-verbrechen-in-stalingrad-veroeffentlicht\/\"]}]},{\"@type\":\"ImageObject\",\"inLanguage\":\"de\",\"@id\":\"https:\/\/now-news.de\/de\/deutschland\/geheime-berichte-ueber-deutsche-verbrechen-in-stalingrad-veroeffentlicht\/#primaryimage\",\"url\":\"https:\/\/now-news.de\/de\/wp-content\/uploads\/sites\/3\/2023\/02\/Geheime-Berichte-ueber-deutsche-Verbrechen-in-Stalingrad-veroeffentlicht.jpg\",\"contentUrl\":\"https:\/\/now-news.de\/de\/wp-content\/uploads\/sites\/3\/2023\/02\/Geheime-Berichte-ueber-deutsche-Verbrechen-in-Stalingrad-veroeffentlicht.jpg\",\"width\":820,\"height\":1080,\"caption\":\"Geheime Berichte \u00fcber deutsche Verbrechen in Stalingrad ver\u00f6ffentlicht\"},{\"@type\":\"BreadcrumbList\",\"@id\":\"https:\/\/now-news.de\/de\/deutschland\/geheime-berichte-ueber-deutsche-verbrechen-in-stalingrad-veroeffentlicht\/#breadcrumb\",\"itemListElement\":[{\"@type\":\"ListItem\",\"position\":1,\"name\":\"Home\",\"item\":\"https:\/\/now-news.de\/de\/\"},{\"@type\":\"ListItem\",\"position\":2,\"name\":\"Geheime Berichte \u00fcber deutsche Verbrechen in Stalingrad ver\u00f6ffentlicht\"}]},{\"@type\":\"WebSite\",\"@id\":\"https:\/\/now-news.de\/de\/#website\",\"url\":\"https:\/\/now-news.de\/de\/\",\"name\":\"just-now.NEWS Deutschland\",\"description\":\"Das Portal f\u00fcr unzensierte Nachrichten aus der Welt\",\"publisher\":{\"@id\":\"https:\/\/now-news.de\/de\/#organization\"},\"potentialAction\":[{\"@type\":\"SearchAction\",\"target\":{\"@type\":\"EntryPoint\",\"urlTemplate\":\"https:\/\/now-news.de\/de\/?s={search_term_string}\"},\"query-input\":\"required name=search_term_string\"}],\"inLanguage\":\"de\"},{\"@type\":\"Organization\",\"@id\":\"https:\/\/now-news.de\/de\/#organization\",\"name\":\"Just Now News\",\"url\":\"https:\/\/now-news.de\/de\/\",\"logo\":{\"@type\":\"ImageObject\",\"inLanguage\":\"de\",\"@id\":\"https:\/\/now-news.de\/de\/#\/schema\/logo\/image\/\",\"url\":\"http:\/\/just-now.news\/de\/wp-content\/uploads\/sites\/3\/2022\/04\/logo500x500.jpg\",\"contentUrl\":\"http:\/\/just-now.news\/de\/wp-content\/uploads\/sites\/3\/2022\/04\/logo500x500.jpg\",\"width\":500,\"height\":500,\"caption\":\"Just Now News\"},\"image\":{\"@id\":\"https:\/\/now-news.de\/de\/#\/schema\/logo\/image\/\"},\"sameAs\":[\"https:\/\/www.facebook.com\/wirmachenauf\",\"https:\/\/x.com\/WirMachenAuf_de\"]},{\"@type\":\"Person\",\"@id\":\"https:\/\/now-news.de\/de\/#\/schema\/person\/fb534a4e865501d8b3285208df34a9b5\",\"name\":\"rtnews\",\"image\":{\"@type\":\"ImageObject\",\"inLanguage\":\"de\",\"@id\":\"https:\/\/now-news.de\/de\/#\/schema\/person\/image\/\",\"url\":\"https:\/\/secure.gravatar.com\/avatar\/82aafea7d8127119dd649515f56e2117?s=96&d=mm&r=g\",\"contentUrl\":\"https:\/\/secure.gravatar.com\/avatar\/82aafea7d8127119dd649515f56e2117?s=96&d=mm&r=g\",\"caption\":\"rtnews\"},\"url\":\"https:\/\/now-news.de\/de\/author\/rnews\/\"}]}<\/script>\n<!-- \/ Yoast SEO Premium plugin. -->","yoast_head_json":{"title":"Geheime Berichte \u00fcber deutsche Verbrechen in Stalingrad ver\u00f6ffentlicht - just-now.NEWS Deutschland","robots":{"index":"index","follow":"follow","max-snippet":"max-snippet:-1","max-image-preview":"max-image-preview:large","max-video-preview":"max-video-preview:-1"},"canonical":"https:\/\/now-news.de\/de\/deutschland\/geheime-berichte-ueber-deutsche-verbrechen-in-stalingrad-veroeffentlicht\/","og_locale":"de_DE","og_type":"article","og_title":"Geheime Berichte \u00fcber deutsche Verbrechen in Stalingrad ver\u00f6ffentlicht","og_description":"Dass die deutsche Wehrmacht in Stalingrad Verbrechen an der Zivilbev\u00f6lkerung begangen hat, war bekannt. Nun ver\u00f6ffentlichte, bislang geheime Dokumente enth\u00fcllen neue Details. So wurden alle Jugendlichen eines Dorfes im Alter von 10 bis 15 Jahren erschossen, weil einer von ihnen einem deutschen Offizier Zigaretten gestohlen hatte. Am 2. Februar 2023 j\u00e4hrt sich zum 80. Mal [&hellip;]","og_url":"https:\/\/now-news.de\/de\/deutschland\/geheime-berichte-ueber-deutsche-verbrechen-in-stalingrad-veroeffentlicht\/","og_site_name":"just-now.NEWS Deutschland","article_publisher":"https:\/\/www.facebook.com\/wirmachenauf","article_published_time":"2023-02-02T18:38:03+00:00","og_image":[{"width":820,"height":1080,"url":"https:\/\/now-news.de\/de\/wp-content\/uploads\/sites\/3\/2023\/02\/Geheime-Berichte-ueber-deutsche-Verbrechen-in-Stalingrad-veroeffentlicht.jpg","type":"image\/jpeg"}],"author":"rtnews","twitter_card":"summary_large_image","twitter_creator":"@WirMachenAuf_de","twitter_site":"@WirMachenAuf_de","twitter_misc":{"Verfasst von":"rtnews","Gesch\u00e4tzte Lesezeit":"7\u00a0Minuten"},"schema":{"@context":"https:\/\/schema.org","@graph":[{"@type":"Article","@id":"https:\/\/now-news.de\/de\/deutschland\/geheime-berichte-ueber-deutsche-verbrechen-in-stalingrad-veroeffentlicht\/#article","isPartOf":{"@id":"https:\/\/now-news.de\/de\/deutschland\/geheime-berichte-ueber-deutsche-verbrechen-in-stalingrad-veroeffentlicht\/"},"author":{"name":"rtnews","@id":"https:\/\/now-news.de\/de\/#\/schema\/person\/fb534a4e865501d8b3285208df34a9b5"},"headline":"Geheime Berichte \u00fcber deutsche Verbrechen in Stalingrad ver\u00f6ffentlicht","datePublished":"2023-02-02T18:38:03+00:00","dateModified":"2023-02-02T18:38:03+00:00","mainEntityOfPage":{"@id":"https:\/\/now-news.de\/de\/deutschland\/geheime-berichte-ueber-deutsche-verbrechen-in-stalingrad-veroeffentlicht\/"},"wordCount":1365,"commentCount":0,"publisher":{"@id":"https:\/\/now-news.de\/de\/#organization"},"image":{"@id":"https:\/\/now-news.de\/de\/deutschland\/geheime-berichte-ueber-deutsche-verbrechen-in-stalingrad-veroeffentlicht\/#primaryimage"},"thumbnailUrl":"https:\/\/now-news.de\/de\/wp-content\/uploads\/sites\/3\/2023\/02\/Geheime-Berichte-ueber-deutsche-Verbrechen-in-Stalingrad-veroeffentlicht.jpg","keywords":["Berichte","Deutsche","geheime","Stalingrad","\u00fcber","Verbrechen","ver\u00f6ffentlicht"],"articleSection":["Deutschland","Russland"],"inLanguage":"de","potentialAction":[{"@type":"CommentAction","name":"Comment","target":["https:\/\/now-news.de\/de\/deutschland\/geheime-berichte-ueber-deutsche-verbrechen-in-stalingrad-veroeffentlicht\/#respond"]}]},{"@type":"WebPage","@id":"https:\/\/now-news.de\/de\/deutschland\/geheime-berichte-ueber-deutsche-verbrechen-in-stalingrad-veroeffentlicht\/","url":"https:\/\/now-news.de\/de\/deutschland\/geheime-berichte-ueber-deutsche-verbrechen-in-stalingrad-veroeffentlicht\/","name":"Geheime Berichte \u00fcber deutsche Verbrechen in Stalingrad ver\u00f6ffentlicht - just-now.NEWS Deutschland","isPartOf":{"@id":"https:\/\/now-news.de\/de\/#website"},"primaryImageOfPage":{"@id":"https:\/\/now-news.de\/de\/deutschland\/geheime-berichte-ueber-deutsche-verbrechen-in-stalingrad-veroeffentlicht\/#primaryimage"},"image":{"@id":"https:\/\/now-news.de\/de\/deutschland\/geheime-berichte-ueber-deutsche-verbrechen-in-stalingrad-veroeffentlicht\/#primaryimage"},"thumbnailUrl":"https:\/\/now-news.de\/de\/wp-content\/uploads\/sites\/3\/2023\/02\/Geheime-Berichte-ueber-deutsche-Verbrechen-in-Stalingrad-veroeffentlicht.jpg","datePublished":"2023-02-02T18:38:03+00:00","dateModified":"2023-02-02T18:38:03+00:00","breadcrumb":{"@id":"https:\/\/now-news.de\/de\/deutschland\/geheime-berichte-ueber-deutsche-verbrechen-in-stalingrad-veroeffentlicht\/#breadcrumb"},"inLanguage":"de","potentialAction":[{"@type":"ReadAction","target":["https:\/\/now-news.de\/de\/deutschland\/geheime-berichte-ueber-deutsche-verbrechen-in-stalingrad-veroeffentlicht\/"]}]},{"@type":"ImageObject","inLanguage":"de","@id":"https:\/\/now-news.de\/de\/deutschland\/geheime-berichte-ueber-deutsche-verbrechen-in-stalingrad-veroeffentlicht\/#primaryimage","url":"https:\/\/now-news.de\/de\/wp-content\/uploads\/sites\/3\/2023\/02\/Geheime-Berichte-ueber-deutsche-Verbrechen-in-Stalingrad-veroeffentlicht.jpg","contentUrl":"https:\/\/now-news.de\/de\/wp-content\/uploads\/sites\/3\/2023\/02\/Geheime-Berichte-ueber-deutsche-Verbrechen-in-Stalingrad-veroeffentlicht.jpg","width":820,"height":1080,"caption":"Geheime Berichte \u00fcber deutsche Verbrechen in Stalingrad ver\u00f6ffentlicht"},{"@type":"BreadcrumbList","@id":"https:\/\/now-news.de\/de\/deutschland\/geheime-berichte-ueber-deutsche-verbrechen-in-stalingrad-veroeffentlicht\/#breadcrumb","itemListElement":[{"@type":"ListItem","position":1,"name":"Home","item":"https:\/\/now-news.de\/de\/"},{"@type":"ListItem","position":2,"name":"Geheime Berichte \u00fcber deutsche Verbrechen in Stalingrad ver\u00f6ffentlicht"}]},{"@type":"WebSite","@id":"https:\/\/now-news.de\/de\/#website","url":"https:\/\/now-news.de\/de\/","name":"just-now.NEWS Deutschland","description":"Das Portal f\u00fcr unzensierte Nachrichten aus der Welt","publisher":{"@id":"https:\/\/now-news.de\/de\/#organization"},"potentialAction":[{"@type":"SearchAction","target":{"@type":"EntryPoint","urlTemplate":"https:\/\/now-news.de\/de\/?s={search_term_string}"},"query-input":"required name=search_term_string"}],"inLanguage":"de"},{"@type":"Organization","@id":"https:\/\/now-news.de\/de\/#organization","name":"Just Now News","url":"https:\/\/now-news.de\/de\/","logo":{"@type":"ImageObject","inLanguage":"de","@id":"https:\/\/now-news.de\/de\/#\/schema\/logo\/image\/","url":"http:\/\/just-now.news\/de\/wp-content\/uploads\/sites\/3\/2022\/04\/logo500x500.jpg","contentUrl":"http:\/\/just-now.news\/de\/wp-content\/uploads\/sites\/3\/2022\/04\/logo500x500.jpg","width":500,"height":500,"caption":"Just Now News"},"image":{"@id":"https:\/\/now-news.de\/de\/#\/schema\/logo\/image\/"},"sameAs":["https:\/\/www.facebook.com\/wirmachenauf","https:\/\/x.com\/WirMachenAuf_de"]},{"@type":"Person","@id":"https:\/\/now-news.de\/de\/#\/schema\/person\/fb534a4e865501d8b3285208df34a9b5","name":"rtnews","image":{"@type":"ImageObject","inLanguage":"de","@id":"https:\/\/now-news.de\/de\/#\/schema\/person\/image\/","url":"https:\/\/secure.gravatar.com\/avatar\/82aafea7d8127119dd649515f56e2117?s=96&d=mm&r=g","contentUrl":"https:\/\/secure.gravatar.com\/avatar\/82aafea7d8127119dd649515f56e2117?s=96&d=mm&r=g","caption":"rtnews"},"url":"https:\/\/now-news.de\/de\/author\/rnews\/"}]}},"_links":{"self":[{"href":"https:\/\/now-news.de\/de\/wp-json\/wp\/v2\/posts\/29328"}],"collection":[{"href":"https:\/\/now-news.de\/de\/wp-json\/wp\/v2\/posts"}],"about":[{"href":"https:\/\/now-news.de\/de\/wp-json\/wp\/v2\/types\/post"}],"author":[{"embeddable":true,"href":"https:\/\/now-news.de\/de\/wp-json\/wp\/v2\/users\/3"}],"replies":[{"embeddable":true,"href":"https:\/\/now-news.de\/de\/wp-json\/wp\/v2\/comments?post=29328"}],"version-history":[{"count":0,"href":"https:\/\/now-news.de\/de\/wp-json\/wp\/v2\/posts\/29328\/revisions"}],"wp:featuredmedia":[{"embeddable":true,"href":"https:\/\/now-news.de\/de\/wp-json\/wp\/v2\/media\/29329"}],"wp:attachment":[{"href":"https:\/\/now-news.de\/de\/wp-json\/wp\/v2\/media?parent=29328"}],"wp:term":[{"taxonomy":"category","embeddable":true,"href":"https:\/\/now-news.de\/de\/wp-json\/wp\/v2\/categories?post=29328"},{"taxonomy":"post_tag","embeddable":true,"href":"https:\/\/now-news.de\/de\/wp-json\/wp\/v2\/tags?post=29328"}],"curies":[{"name":"wp","href":"https:\/\/api.w.org\/{rel}","templated":true}]}}