{"id":29322,"date":"2023-02-02T19:54:24","date_gmt":"2023-02-02T17:54:24","guid":{"rendered":"http:\/\/just-now.news\/de\/deutschland\/russische-kriegsverbrechen-wie-eine-anti-russische-medienkampagne-koordiniert-wurde\/"},"modified":"2023-02-02T19:54:24","modified_gmt":"2023-02-02T17:54:24","slug":"russische-kriegsverbrechen-wie-eine-anti-russische-medienkampagne-koordiniert-wurde","status":"publish","type":"post","link":"https:\/\/now-news.de\/de\/deutschland\/russische-kriegsverbrechen-wie-eine-anti-russische-medienkampagne-koordiniert-wurde\/","title":{"rendered":"Russische Kriegsverbrechen? Wie eine anti-russische Medienkampagne koordiniert wurde"},"content":{"rendered":"<p><img decoding=\"async\" src=\"http:\/\/just-now.news\/de\/wp-content\/uploads\/sites\/3\/2023\/02\/63dbf896b480cc7f763f1a5d.png\" \/><\/p>\n<div class=\"Text-root Text-type_1 \">\n                Im Spiegel ist ein Artikel \u00fcber einen angeblichen russischen Soldaten erschienen, der von Kriegsverbrechen der russischen Armee erz\u00e4hlt. Was Spiegel-Leser nicht erfahren, ist, wie und von wem diese Geschichte koordiniert wurde.\n            <\/div>\n<p><\/p>\n<div class=\"Text-root Text-type_5 ArticleView-text ViewText-root \">\n<p><em>Von Thomas R\u00f6per<\/em><\/p>\n<p>Im <em>Spiegel<\/em> ist ein langer Artikel mir der \u00dcberschrift &#8220;<a rel=\"nofollow noopener\" target=\"_blank\" href=\"https:\/\/www.spiegel.de\/ausland\/russland-offizier-beschuldigt-eigene-truppen-in-der-ukraine-der-folter-und-pluenderungen-a-83510f43-e72f-4406-aabd-2f1fd390c8cd\">Russischer Offizier beschuldigt eigene Truppen der Folter \u2013 &#8216;Ich empfinde Reue, aber es gab keine M\u00f6glichkeit zu helfen<\/a>&#8216;&#8221;\u00a0erschienen, in dem ein angeblicher ehemaliger russischer Soldat ausf\u00fchrlich \u00fcber angebliche Kriegsverbrechen der russischen Armee berichtet. Er will nach eigenen Angaben Zeuge von Folter und Pl\u00fcnderungen durch russische Soldaten gewesen sein.<\/p>\n<p>Die Geschichte hat mindestens zwei Haken: Erstens wei\u00df ich aus eigenem Erleben, dass zumindest Teile seiner Geschichte frei erfundene L\u00fcgen sind. Zweitens verschweigt der <em>Spiegel<\/em>, dass es sich bei der Geschichte um eine international koordinierte Medienkampagne handelt.<\/p>\n<p><strong>Die L\u00fcgen<\/strong><\/p>\n<p>In dem <em>Spiegel<\/em>-Artikel lesen wir:<\/p>\n<blockquote>\n<p><em>&#8220;Er sei mit seinem Trupp zuerst nach Melitopol im Gebiet Saporischschja geschickt worden, als Nachhut. Damals, Ende Februar, sei noch in der Stadt gek\u00e4mpft worden (\u2026) In der Ukraine will er neben all der Gewalt auch Pl\u00fcnderungen beobachtet haben. Diese Schilderungen decken sich mit bisherigen Berichten \u00fcber das Verhalten russischer Soldaten in besetzten ukrainischen Gebieten. &#8216;Unsere Soldaten haben schon in Melitopol jeden Ramsch aus den H\u00e4usern der Ukrainer mitgenommen, in die Fahrzeuge gestopft. Es herrschte v\u00f6llige Anarchie, niemand von der Milit\u00e4rf\u00fchrung hat eingegriffen&#8217;. Andernorts h\u00e4tten russische Soldaten aus einem Lager f\u00fcr Haushaltsartikel Windeln, Puder und Seife gestohlen, Geldautomaten und Juweliergesch\u00e4fte seien reihenweise gepl\u00fcndert worden.<\/em><\/p>\n<p><em>Soldaten h\u00e4tten ukrainischen Bewohnerinnen und Bewohnern Waffen vorgehalten, sie verpr\u00fcgelt, um ihnen ihre Autos abzunehmen. Keiner der Vorgesetzten habe etwas dazu gesagt, dass ihre M\u00e4nner pl\u00f6tzlich zu Dutzenden mit ukrainischen Privatautos herumfuhren. &#8216;Das galt als normal, die Kommandeure haben selbst Fahrzeuge und Traktoren auf die Krim und nach Russland geschafft.&#8217; Einmal h\u00e4tten Soldaten zwei Toyota Land Cruiser 200 und einen Toyota Pick-up gestohlen, h\u00e4tten sie mit Z-Zeichen beklebt und seien damit Rennen gefahren. Andere h\u00e4tte Koi-Fische aus einem Teich in einem Garten geholt und gebraten.&#8221;<\/em><\/p>\n<\/blockquote>\n<p>Ich war auf meiner ersten Reise in das Konfliktgebiet Mitte M\u00e4rz 2022 einen ganzen Tag in Melitopol und konnte dabei frei mit hunderten Menschen sprechen. Dabei habe ich auch Menschen gesprochen, die gegen die russische Intervention waren und die russischen Soldaten, die zu unserem Schutz dabei waren, w\u00fcst beschimpft haben. Von Angst vor den russischen Soldaten, sie k\u00f6nnten jemanden f\u00fcr die Beschimpfungen und anti-russischen Parolen bestrafen, verhaften oder gar foltern war nichts zu sehen, im Gegenteil.<\/p>\n<p>Angst hatten damals diejenigen, die die russische Intervention unterst\u00fctzt haben, weil sie die R\u00fcckkehr der ukrainischen Armee und Racheakte bef\u00fcrchtet haben. Den ausf\u00fchrlichen Artikel \u00fcber meinen ersten Tag in Melitopol\u00a0<a rel=\"nofollow noopener\" target=\"_blank\" href=\"https:\/\/www.anti-spiegel.ru\/2022\/melitopol-meine-zweite-reise-in-das-konfliktgebiet-in-der-ost-ukraine\/\">finden Sie hier<\/a>.<\/p>\n<p>Auch danach waren ich und auch andere Journalisten, die ich gut kenne, noch oft in Melitopol. Aber kein Mensch dort hat irgendetwas von Pl\u00fcnderungen oder Folterungen durch russische Soldaten erz\u00e4hlt. Im Gegenteil: Auch diejenigen, die offen gegen die russische Intervention sind, hatten und haben am Verhalten der russischen Soldaten nichts auszusetzen.<\/p>\n<p>Melitopol ist eine normale Stadt, in der das Leben seinen normalen Gang geht, jeder kann dort hinfahren, jeder kann die Stadt verlassen. Es hat in ihr keine nennenswerten Kampfhandlungen gegeben und es war kaum ein Fenster kaputt, als ich im M\u00e4rz 2022 dort gewesen bin. Heute sieht es schon ein wenig anders aus, denn die Stadt wird immer wieder von der ukrainischen Armee beschossen.<\/p>\n<p>Wie sehr der Bericht des angeblichen russischen Soldaten, \u00fcber den der <em>Spiegel<\/em> berichtet, gelogen ist, wird deutlich, wenn man die Episode aus meinem oben verlinkten Artikel \u00fcber den Anhalter liest. Von Angst der Menschen, die russischen Soldaten k\u00f6nnten jemanden auspl\u00fcndern, berauben, zusammenschlagen, festnehmen oder foltern, kann wirklich keine Rede sein.<\/p>\n<p><strong>Die Medienkampagne<\/strong><\/p>\n<p>Als ich f\u00fcr meinen\u00a0<a rel=\"nofollow noopener\" target=\"_blank\" href=\"https:\/\/www.anti-spiegel.ru\/2023\/times-deutschland-vermutet-dass-ein-westliches-land-pipelines-gesprengt-hat\/\">Artikel \u00fcber die Sprengung von Nord Stream<\/a>\u00a0auf der Seite der britischen <em>Times<\/em> den Artikel \u00fcber die Nord-Stream-Sprengung gesucht habe, habe ich eine zuf\u00e4llige Entdeckung gemacht. Auch die <em>Times<\/em> hat einen\u00a0<a rel=\"nofollow noopener\" target=\"_blank\" href=\"https:\/\/www.thetimes.co.uk\/article\/ukraine-russia-troops-torture-war-prisoners-putin-mvsb7s7bj\">ausf\u00fchrlichen Artikel<\/a>\u00a0\u00fcber den angeblichen russischen Soldaten ver\u00f6ffentlicht.<\/p>\n<p>Da bin ich neugierig geworden, denn der <em>Spiegel<\/em> hat seinen Artikel so formuliert, als habe er exklusiv mit dem Soldaten gesprochen. Das gleiche gilt auch f\u00fcr den Artikel der <em>Times<\/em>. Und wenn man sich anschaut, wann die beiden Artikel erschienen sind, dann ist das praktisch gleichzeitig geschehen. Das bedeutet, dass die Geschichte um den angeblichen russischen Soldaten eine international koordinierte Medienkampagne ist, die zeitglich von f\u00fchrenden Medien westlicher L\u00e4nder ver\u00f6ffentlicht wurde.<\/p>\n<p><strong>Wer hat die Kampagne gesteuert?<\/strong><\/p>\n<p>Da stellt sich die Frage, wer die Medienkampagne gesteuert hat. In beiden Artikeln kann man Hinweise darauf finden, denn beide erw\u00e4hnen die NGO <em>gulagu.net<\/em>. Bei der <em>Times<\/em> steht am Ende des Artikels der Hinweis <em>&#8220;Mit Hilfe von gulagu.net&#8221;<\/em>\u00a0und beim <em>Spiegel<\/em> kann man am Ende des Artikels lesen:<\/p>\n<blockquote>\n<p><em>&#8220;&#8216;Ich bin sicher, dass seine Aussage in Den Haag geh\u00f6rt werden sollte&#8217;, sagt Gulagu.net-Gr\u00fcnder Wladimir Ossetschkin dem SPIEGEL. Mehr als 20 Soldaten will er bereits mit seiner Organisation raus aus Russland in alle Welt gebracht haben. &#8216;Jefremow ist der erste russische Offizier, der aussagen will, und hoffentlich nicht der Letzte&#8217;.&#8221;<\/em><\/p>\n<\/blockquote>\n<p><em>Gulagu.net<\/em> ist eine kleine Webseite, die so wenig Klickzahlen hat, dass ich mit den g\u00e4ngigen Analysetools keine Angaben dazu finden konnte. Sie geh\u00f6rt einer NGO mit Sitz in Frankreich, die von Wladimir Ossetschkin gegr\u00fcndet wurde, der fr\u00fcher die russische Politik und die Anti-Maidan-Bewegung unterst\u00fctzt hat, dann aber mit dem Gesetz in Konflikt geraten und wegen Betrugs angeklagt wurde, weshalb er aus Russland nach Frankreich geflohen ist, wo er in nicht gerade bescheidenen Verh\u00e4ltnissen Biarritz leben soll.<\/p>\n<p>\u00dcber die Finanzierung von <em>gulagu.net<\/em> konnte ich nichts finden, die Organisation gibt keine Ausk\u00fcnfte \u00fcber ihre Partner oder Finanziers. Daher stellt sich die Frage, wer hinter <em>gulagu.net<\/em> steht und so gute Verbindungen hat, dass er eine Medienkampagne international koordinieren kann. Auf diese Frage habe ich bisher keine Antwort gefunden, vielleicht wei\u00df die Schwarmintelligenz meiner Leser etwas dar\u00fcber.<\/p>\n<p><strong>Russische Kriegsverbrechen?<\/strong><\/p>\n<p>Hinzu kommt, dass es bemerkenswert ist, dass die westlichen Medien nur so wenige Zeugen f\u00fcr angebliche russische Kriegsverbrechen vorweisen k\u00f6nnen. In der Ukraine wurde zwar gemeldet, russische Soldaten w\u00fcrden massenhaft Vergewaltigungen begehen, aber die Opfer wurden der \u00d6ffentlichkeit nie pr\u00e4sentiert. Kein Wunder, denn\u00a0<a rel=\"nofollow noopener\" target=\"_blank\" href=\"https:\/\/www.anti-spiegel.ru\/2022\/wie-die-ukraine-fakes-ueber-angebliche-russische-verbrechen-produziert\/\">wie sich sp\u00e4ter herausstellte<\/a>, waren alle Meldungen \u00fcber Vergewaltigungen durch russische Soldaten frei erfunden.<\/p>\n<p>In Russland hingegen sind inzwischen tausende Kriegsverbrechen durch die ukrainische Armee dokumentiert, wobei die Namen der Opfer \u00f6ffentlich sind und alles in Bild und Ton festgehalten wurde. Ich kenne einen der Organisatoren der zivilgesellschaftlichen Initiative, die sich die Dokumentierung der ukrainischen Kriegsverbrechen zur Aufgabe gemacht hat und werde dar\u00fcber irgendwann berichten, wenn die Informationen auch in anderen Sprachen als Russisch verf\u00fcgbar sind.<\/p>\n<p>Aktuell haben die Organisatoren auf der russischen Videoplattform <em>rutube<\/em> eine\u00a0<a rel=\"nofollow noopener\" target=\"_blank\" href=\"https:\/\/rutube.ru\/plst\/222030\">Playlist mit einer Auswahl von etwa 100 Videos<\/a>\u00a0mit Zeugenaussagen \u00fcber ukrainische Kriegsverbrechen hochgeladen, die mit englischen Untertiteln versehen wurden. Auf Russisch gibt es jedoch weit mehr Material in Bild, Ton und auch Originaldokumente aus der Ukraine, die systematische Kriegsverbrechen der ukrainischen Armee bezeugen.<\/p>\n<p><em><strong>Thomas R\u00f6per<\/strong>\u00a0ist\u00a0<a rel=\"nofollow noopener\" target=\"_blank\" href=\"https:\/\/www.j-k-fischer-verlag.de\/J-K-Fischer-Verlag\/INSIDE-CORONA--10647.html?MODsid=j1ntrqphthqn9pcq14hvvjgic1\">Herausgeber<\/a>\u00a0und Blogbetreiber der Webseite Anti-Spiegel. Dieser Artikel wurde zuerst am 2. Februar auf Anti-Spiegel <a rel=\"nofollow noopener\" target=\"_blank\" href=\"https:\/\/www.anti-spiegel.ru\/2023\/wie-eine-anti-russische-medienkampagne-koordiniert-wurde\/?doing_wp_cron=1675353542.7011930942535400390625\">ver\u00f6ffentlicht<\/a>.<\/em><\/p>\n<p><strong>Mehr zum Thema<\/strong> &#8211; <a rel=\"nofollow noopener\" target=\"_blank\" href=\"https:\/\/test.rtde.tech\/meinung\/142723-wenn-es-gegen-russen-geht-spielt-wahrheitspruefung-keine-rolle\/\">Hundefresser, Vergewaltiger \u2013 Wenn es gegen die Russen geht, spielt die Wahrheitspr\u00fcfung keine Rolle<\/a><\/p>\n<\/p>\n<\/div>\n<p><br \/>\n<br \/><a href=\"https:\/\/de.rt.com\/inland\/161795-wie-anti-russische-medienkampagne-koordiniert-wird\/\">Source link <\/a><\/p>\n","protected":false},"excerpt":{"rendered":"<p>Im Spiegel ist ein Artikel \u00fcber einen angeblichen russischen Soldaten erschienen, der von Kriegsverbrechen der russischen Armee erz\u00e4hlt. Was Spiegel-Leser nicht erfahren, ist, wie und von wem diese Geschichte koordiniert wurde. Von Thomas R\u00f6per Im Spiegel ist ein langer Artikel mir der \u00dcberschrift &#8220;Russischer Offizier beschuldigt eigene Truppen der Folter \u2013 &#8216;Ich empfinde Reue, aber [&hellip;]<\/p>\n","protected":false},"author":3,"featured_media":29323,"comment_status":"open","ping_status":"open","sticky":false,"template":"","format":"standard","meta":{"_yoast_indexnow_last_ping":["1675361294"],"wp_automatic_camp":["217"],"272a05044a415f66aa0040eb943b18db":["Russische Kriegsverbrechen? Wie eine anti-russische Medienkampagne koordiniert wurde"],"original_link":["https:\/\/de.rt.com\/inland\/161795-wie-anti-russische-medienkampagne-koordiniert-wird\/"],"_thumbnail_id":["29323"],"jnews_social_counter_last_update":["1777611701"],"_wptgpro_p2tg_sent2tg":["a:1:{i:23737;s:19:\"2023-02-02 20:09:27\";}"]},"categories":[19,23],"tags":[20995,275,38535,9041,40102,570,579,528],"yoast_head":"<!-- This site is optimized with the Yoast SEO Premium plugin v22.7 (Yoast SEO v22.7) - https:\/\/yoast.com\/wordpress\/plugins\/seo\/ -->\n<title>Russische Kriegsverbrechen? Wie eine anti-russische Medienkampagne koordiniert wurde - just-now.NEWS Deutschland<\/title>\n<meta name=\"robots\" content=\"index, follow, max-snippet:-1, max-image-preview:large, max-video-preview:-1\" \/>\n<link rel=\"canonical\" href=\"https:\/\/now-news.de\/de\/deutschland\/russische-kriegsverbrechen-wie-eine-anti-russische-medienkampagne-koordiniert-wurde\/\" \/>\n<meta property=\"og:locale\" content=\"de_DE\" \/>\n<meta property=\"og:type\" content=\"article\" \/>\n<meta property=\"og:title\" content=\"Russische Kriegsverbrechen? Wie eine anti-russische Medienkampagne koordiniert wurde\" \/>\n<meta property=\"og:description\" content=\"Im Spiegel ist ein Artikel \u00fcber einen angeblichen russischen Soldaten erschienen, der von Kriegsverbrechen der russischen Armee erz\u00e4hlt. Was Spiegel-Leser nicht erfahren, ist, wie und von wem diese Geschichte koordiniert wurde. Von Thomas R\u00f6per Im Spiegel ist ein langer Artikel mir der \u00dcberschrift &#8220;Russischer Offizier beschuldigt eigene Truppen der Folter \u2013 &#8216;Ich empfinde Reue, aber [&hellip;]\" \/>\n<meta property=\"og:url\" content=\"https:\/\/now-news.de\/de\/deutschland\/russische-kriegsverbrechen-wie-eine-anti-russische-medienkampagne-koordiniert-wurde\/\" \/>\n<meta property=\"og:site_name\" content=\"just-now.NEWS Deutschland\" \/>\n<meta property=\"article:publisher\" content=\"https:\/\/www.facebook.com\/wirmachenauf\" \/>\n<meta property=\"article:published_time\" content=\"2023-02-02T17:54:24+00:00\" \/>\n<meta property=\"og:image\" content=\"https:\/\/now-news.de\/de\/wp-content\/uploads\/sites\/3\/2023\/02\/Russische-Kriegsverbrechen-Wie-eine-anti-russische-Medienkampagne-koordiniert-wurde.png\" \/>\n\t<meta property=\"og:image:width\" content=\"460\" \/>\n\t<meta property=\"og:image:height\" content=\"259\" \/>\n\t<meta property=\"og:image:type\" content=\"image\/png\" \/>\n<meta name=\"author\" content=\"rtnews\" \/>\n<meta name=\"twitter:card\" content=\"summary_large_image\" \/>\n<meta name=\"twitter:creator\" content=\"@WirMachenAuf_de\" \/>\n<meta name=\"twitter:site\" content=\"@WirMachenAuf_de\" \/>\n<meta name=\"twitter:label1\" content=\"Verfasst von\" \/>\n\t<meta name=\"twitter:data1\" content=\"rtnews\" \/>\n\t<meta name=\"twitter:label2\" content=\"Gesch\u00e4tzte Lesezeit\" \/>\n\t<meta name=\"twitter:data2\" content=\"6\u00a0Minuten\" \/>\n<script type=\"application\/ld+json\" class=\"yoast-schema-graph\">{\"@context\":\"https:\/\/schema.org\",\"@graph\":[{\"@type\":\"Article\",\"@id\":\"https:\/\/now-news.de\/de\/deutschland\/russische-kriegsverbrechen-wie-eine-anti-russische-medienkampagne-koordiniert-wurde\/#article\",\"isPartOf\":{\"@id\":\"https:\/\/now-news.de\/de\/deutschland\/russische-kriegsverbrechen-wie-eine-anti-russische-medienkampagne-koordiniert-wurde\/\"},\"author\":{\"name\":\"rtnews\",\"@id\":\"https:\/\/now-news.de\/de\/#\/schema\/person\/fb534a4e865501d8b3285208df34a9b5\"},\"headline\":\"Russische Kriegsverbrechen? Wie eine anti-russische Medienkampagne koordiniert wurde\",\"datePublished\":\"2023-02-02T17:54:24+00:00\",\"dateModified\":\"2023-02-02T17:54:24+00:00\",\"mainEntityOfPage\":{\"@id\":\"https:\/\/now-news.de\/de\/deutschland\/russische-kriegsverbrechen-wie-eine-anti-russische-medienkampagne-koordiniert-wurde\/\"},\"wordCount\":1237,\"commentCount\":0,\"publisher\":{\"@id\":\"https:\/\/now-news.de\/de\/#organization\"},\"image\":{\"@id\":\"https:\/\/now-news.de\/de\/deutschland\/russische-kriegsverbrechen-wie-eine-anti-russische-medienkampagne-koordiniert-wurde\/#primaryimage\"},\"thumbnailUrl\":\"https:\/\/now-news.de\/de\/wp-content\/uploads\/sites\/3\/2023\/02\/Russische-Kriegsverbrechen-Wie-eine-anti-russische-Medienkampagne-koordiniert-wurde.png\",\"keywords\":[\"antirussische\",\"eine\",\"koordiniert\",\"Kriegsverbrechen\",\"Medienkampagne\",\"Russische\",\"Wie\",\"wurde\"],\"articleSection\":[\"Deutschland\",\"Russland\"],\"inLanguage\":\"de\",\"potentialAction\":[{\"@type\":\"CommentAction\",\"name\":\"Comment\",\"target\":[\"https:\/\/now-news.de\/de\/deutschland\/russische-kriegsverbrechen-wie-eine-anti-russische-medienkampagne-koordiniert-wurde\/#respond\"]}]},{\"@type\":\"WebPage\",\"@id\":\"https:\/\/now-news.de\/de\/deutschland\/russische-kriegsverbrechen-wie-eine-anti-russische-medienkampagne-koordiniert-wurde\/\",\"url\":\"https:\/\/now-news.de\/de\/deutschland\/russische-kriegsverbrechen-wie-eine-anti-russische-medienkampagne-koordiniert-wurde\/\",\"name\":\"Russische Kriegsverbrechen? Wie eine anti-russische Medienkampagne koordiniert wurde - just-now.NEWS Deutschland\",\"isPartOf\":{\"@id\":\"https:\/\/now-news.de\/de\/#website\"},\"primaryImageOfPage\":{\"@id\":\"https:\/\/now-news.de\/de\/deutschland\/russische-kriegsverbrechen-wie-eine-anti-russische-medienkampagne-koordiniert-wurde\/#primaryimage\"},\"image\":{\"@id\":\"https:\/\/now-news.de\/de\/deutschland\/russische-kriegsverbrechen-wie-eine-anti-russische-medienkampagne-koordiniert-wurde\/#primaryimage\"},\"thumbnailUrl\":\"https:\/\/now-news.de\/de\/wp-content\/uploads\/sites\/3\/2023\/02\/Russische-Kriegsverbrechen-Wie-eine-anti-russische-Medienkampagne-koordiniert-wurde.png\",\"datePublished\":\"2023-02-02T17:54:24+00:00\",\"dateModified\":\"2023-02-02T17:54:24+00:00\",\"breadcrumb\":{\"@id\":\"https:\/\/now-news.de\/de\/deutschland\/russische-kriegsverbrechen-wie-eine-anti-russische-medienkampagne-koordiniert-wurde\/#breadcrumb\"},\"inLanguage\":\"de\",\"potentialAction\":[{\"@type\":\"ReadAction\",\"target\":[\"https:\/\/now-news.de\/de\/deutschland\/russische-kriegsverbrechen-wie-eine-anti-russische-medienkampagne-koordiniert-wurde\/\"]}]},{\"@type\":\"ImageObject\",\"inLanguage\":\"de\",\"@id\":\"https:\/\/now-news.de\/de\/deutschland\/russische-kriegsverbrechen-wie-eine-anti-russische-medienkampagne-koordiniert-wurde\/#primaryimage\",\"url\":\"https:\/\/now-news.de\/de\/wp-content\/uploads\/sites\/3\/2023\/02\/Russische-Kriegsverbrechen-Wie-eine-anti-russische-Medienkampagne-koordiniert-wurde.png\",\"contentUrl\":\"https:\/\/now-news.de\/de\/wp-content\/uploads\/sites\/3\/2023\/02\/Russische-Kriegsverbrechen-Wie-eine-anti-russische-Medienkampagne-koordiniert-wurde.png\",\"width\":460,\"height\":259,\"caption\":\"Russische Kriegsverbrechen? Wie eine anti-russische Medienkampagne koordiniert wurde\"},{\"@type\":\"BreadcrumbList\",\"@id\":\"https:\/\/now-news.de\/de\/deutschland\/russische-kriegsverbrechen-wie-eine-anti-russische-medienkampagne-koordiniert-wurde\/#breadcrumb\",\"itemListElement\":[{\"@type\":\"ListItem\",\"position\":1,\"name\":\"Home\",\"item\":\"https:\/\/now-news.de\/de\/\"},{\"@type\":\"ListItem\",\"position\":2,\"name\":\"Russische Kriegsverbrechen? Wie eine anti-russische Medienkampagne koordiniert wurde\"}]},{\"@type\":\"WebSite\",\"@id\":\"https:\/\/now-news.de\/de\/#website\",\"url\":\"https:\/\/now-news.de\/de\/\",\"name\":\"just-now.NEWS Deutschland\",\"description\":\"Das Portal f\u00fcr unzensierte Nachrichten aus der Welt\",\"publisher\":{\"@id\":\"https:\/\/now-news.de\/de\/#organization\"},\"potentialAction\":[{\"@type\":\"SearchAction\",\"target\":{\"@type\":\"EntryPoint\",\"urlTemplate\":\"https:\/\/now-news.de\/de\/?s={search_term_string}\"},\"query-input\":\"required name=search_term_string\"}],\"inLanguage\":\"de\"},{\"@type\":\"Organization\",\"@id\":\"https:\/\/now-news.de\/de\/#organization\",\"name\":\"Just Now News\",\"url\":\"https:\/\/now-news.de\/de\/\",\"logo\":{\"@type\":\"ImageObject\",\"inLanguage\":\"de\",\"@id\":\"https:\/\/now-news.de\/de\/#\/schema\/logo\/image\/\",\"url\":\"http:\/\/just-now.news\/de\/wp-content\/uploads\/sites\/3\/2022\/04\/logo500x500.jpg\",\"contentUrl\":\"http:\/\/just-now.news\/de\/wp-content\/uploads\/sites\/3\/2022\/04\/logo500x500.jpg\",\"width\":500,\"height\":500,\"caption\":\"Just Now News\"},\"image\":{\"@id\":\"https:\/\/now-news.de\/de\/#\/schema\/logo\/image\/\"},\"sameAs\":[\"https:\/\/www.facebook.com\/wirmachenauf\",\"https:\/\/x.com\/WirMachenAuf_de\"]},{\"@type\":\"Person\",\"@id\":\"https:\/\/now-news.de\/de\/#\/schema\/person\/fb534a4e865501d8b3285208df34a9b5\",\"name\":\"rtnews\",\"image\":{\"@type\":\"ImageObject\",\"inLanguage\":\"de\",\"@id\":\"https:\/\/now-news.de\/de\/#\/schema\/person\/image\/\",\"url\":\"https:\/\/secure.gravatar.com\/avatar\/82aafea7d8127119dd649515f56e2117?s=96&d=mm&r=g\",\"contentUrl\":\"https:\/\/secure.gravatar.com\/avatar\/82aafea7d8127119dd649515f56e2117?s=96&d=mm&r=g\",\"caption\":\"rtnews\"},\"url\":\"https:\/\/now-news.de\/de\/author\/rnews\/\"}]}<\/script>\n<!-- \/ Yoast SEO Premium plugin. -->","yoast_head_json":{"title":"Russische Kriegsverbrechen? Wie eine anti-russische Medienkampagne koordiniert wurde - just-now.NEWS Deutschland","robots":{"index":"index","follow":"follow","max-snippet":"max-snippet:-1","max-image-preview":"max-image-preview:large","max-video-preview":"max-video-preview:-1"},"canonical":"https:\/\/now-news.de\/de\/deutschland\/russische-kriegsverbrechen-wie-eine-anti-russische-medienkampagne-koordiniert-wurde\/","og_locale":"de_DE","og_type":"article","og_title":"Russische Kriegsverbrechen? Wie eine anti-russische Medienkampagne koordiniert wurde","og_description":"Im Spiegel ist ein Artikel \u00fcber einen angeblichen russischen Soldaten erschienen, der von Kriegsverbrechen der russischen Armee erz\u00e4hlt. Was Spiegel-Leser nicht erfahren, ist, wie und von wem diese Geschichte koordiniert wurde. Von Thomas R\u00f6per Im Spiegel ist ein langer Artikel mir der \u00dcberschrift &#8220;Russischer Offizier beschuldigt eigene Truppen der Folter \u2013 &#8216;Ich empfinde Reue, aber [&hellip;]","og_url":"https:\/\/now-news.de\/de\/deutschland\/russische-kriegsverbrechen-wie-eine-anti-russische-medienkampagne-koordiniert-wurde\/","og_site_name":"just-now.NEWS Deutschland","article_publisher":"https:\/\/www.facebook.com\/wirmachenauf","article_published_time":"2023-02-02T17:54:24+00:00","og_image":[{"width":460,"height":259,"url":"https:\/\/now-news.de\/de\/wp-content\/uploads\/sites\/3\/2023\/02\/Russische-Kriegsverbrechen-Wie-eine-anti-russische-Medienkampagne-koordiniert-wurde.png","type":"image\/png"}],"author":"rtnews","twitter_card":"summary_large_image","twitter_creator":"@WirMachenAuf_de","twitter_site":"@WirMachenAuf_de","twitter_misc":{"Verfasst von":"rtnews","Gesch\u00e4tzte Lesezeit":"6\u00a0Minuten"},"schema":{"@context":"https:\/\/schema.org","@graph":[{"@type":"Article","@id":"https:\/\/now-news.de\/de\/deutschland\/russische-kriegsverbrechen-wie-eine-anti-russische-medienkampagne-koordiniert-wurde\/#article","isPartOf":{"@id":"https:\/\/now-news.de\/de\/deutschland\/russische-kriegsverbrechen-wie-eine-anti-russische-medienkampagne-koordiniert-wurde\/"},"author":{"name":"rtnews","@id":"https:\/\/now-news.de\/de\/#\/schema\/person\/fb534a4e865501d8b3285208df34a9b5"},"headline":"Russische Kriegsverbrechen? Wie eine anti-russische Medienkampagne koordiniert wurde","datePublished":"2023-02-02T17:54:24+00:00","dateModified":"2023-02-02T17:54:24+00:00","mainEntityOfPage":{"@id":"https:\/\/now-news.de\/de\/deutschland\/russische-kriegsverbrechen-wie-eine-anti-russische-medienkampagne-koordiniert-wurde\/"},"wordCount":1237,"commentCount":0,"publisher":{"@id":"https:\/\/now-news.de\/de\/#organization"},"image":{"@id":"https:\/\/now-news.de\/de\/deutschland\/russische-kriegsverbrechen-wie-eine-anti-russische-medienkampagne-koordiniert-wurde\/#primaryimage"},"thumbnailUrl":"https:\/\/now-news.de\/de\/wp-content\/uploads\/sites\/3\/2023\/02\/Russische-Kriegsverbrechen-Wie-eine-anti-russische-Medienkampagne-koordiniert-wurde.png","keywords":["antirussische","eine","koordiniert","Kriegsverbrechen","Medienkampagne","Russische","Wie","wurde"],"articleSection":["Deutschland","Russland"],"inLanguage":"de","potentialAction":[{"@type":"CommentAction","name":"Comment","target":["https:\/\/now-news.de\/de\/deutschland\/russische-kriegsverbrechen-wie-eine-anti-russische-medienkampagne-koordiniert-wurde\/#respond"]}]},{"@type":"WebPage","@id":"https:\/\/now-news.de\/de\/deutschland\/russische-kriegsverbrechen-wie-eine-anti-russische-medienkampagne-koordiniert-wurde\/","url":"https:\/\/now-news.de\/de\/deutschland\/russische-kriegsverbrechen-wie-eine-anti-russische-medienkampagne-koordiniert-wurde\/","name":"Russische Kriegsverbrechen? Wie eine anti-russische Medienkampagne koordiniert wurde - just-now.NEWS Deutschland","isPartOf":{"@id":"https:\/\/now-news.de\/de\/#website"},"primaryImageOfPage":{"@id":"https:\/\/now-news.de\/de\/deutschland\/russische-kriegsverbrechen-wie-eine-anti-russische-medienkampagne-koordiniert-wurde\/#primaryimage"},"image":{"@id":"https:\/\/now-news.de\/de\/deutschland\/russische-kriegsverbrechen-wie-eine-anti-russische-medienkampagne-koordiniert-wurde\/#primaryimage"},"thumbnailUrl":"https:\/\/now-news.de\/de\/wp-content\/uploads\/sites\/3\/2023\/02\/Russische-Kriegsverbrechen-Wie-eine-anti-russische-Medienkampagne-koordiniert-wurde.png","datePublished":"2023-02-02T17:54:24+00:00","dateModified":"2023-02-02T17:54:24+00:00","breadcrumb":{"@id":"https:\/\/now-news.de\/de\/deutschland\/russische-kriegsverbrechen-wie-eine-anti-russische-medienkampagne-koordiniert-wurde\/#breadcrumb"},"inLanguage":"de","potentialAction":[{"@type":"ReadAction","target":["https:\/\/now-news.de\/de\/deutschland\/russische-kriegsverbrechen-wie-eine-anti-russische-medienkampagne-koordiniert-wurde\/"]}]},{"@type":"ImageObject","inLanguage":"de","@id":"https:\/\/now-news.de\/de\/deutschland\/russische-kriegsverbrechen-wie-eine-anti-russische-medienkampagne-koordiniert-wurde\/#primaryimage","url":"https:\/\/now-news.de\/de\/wp-content\/uploads\/sites\/3\/2023\/02\/Russische-Kriegsverbrechen-Wie-eine-anti-russische-Medienkampagne-koordiniert-wurde.png","contentUrl":"https:\/\/now-news.de\/de\/wp-content\/uploads\/sites\/3\/2023\/02\/Russische-Kriegsverbrechen-Wie-eine-anti-russische-Medienkampagne-koordiniert-wurde.png","width":460,"height":259,"caption":"Russische Kriegsverbrechen? Wie eine anti-russische Medienkampagne koordiniert wurde"},{"@type":"BreadcrumbList","@id":"https:\/\/now-news.de\/de\/deutschland\/russische-kriegsverbrechen-wie-eine-anti-russische-medienkampagne-koordiniert-wurde\/#breadcrumb","itemListElement":[{"@type":"ListItem","position":1,"name":"Home","item":"https:\/\/now-news.de\/de\/"},{"@type":"ListItem","position":2,"name":"Russische Kriegsverbrechen? Wie eine anti-russische Medienkampagne koordiniert wurde"}]},{"@type":"WebSite","@id":"https:\/\/now-news.de\/de\/#website","url":"https:\/\/now-news.de\/de\/","name":"just-now.NEWS Deutschland","description":"Das Portal f\u00fcr unzensierte Nachrichten aus der Welt","publisher":{"@id":"https:\/\/now-news.de\/de\/#organization"},"potentialAction":[{"@type":"SearchAction","target":{"@type":"EntryPoint","urlTemplate":"https:\/\/now-news.de\/de\/?s={search_term_string}"},"query-input":"required name=search_term_string"}],"inLanguage":"de"},{"@type":"Organization","@id":"https:\/\/now-news.de\/de\/#organization","name":"Just Now News","url":"https:\/\/now-news.de\/de\/","logo":{"@type":"ImageObject","inLanguage":"de","@id":"https:\/\/now-news.de\/de\/#\/schema\/logo\/image\/","url":"http:\/\/just-now.news\/de\/wp-content\/uploads\/sites\/3\/2022\/04\/logo500x500.jpg","contentUrl":"http:\/\/just-now.news\/de\/wp-content\/uploads\/sites\/3\/2022\/04\/logo500x500.jpg","width":500,"height":500,"caption":"Just Now News"},"image":{"@id":"https:\/\/now-news.de\/de\/#\/schema\/logo\/image\/"},"sameAs":["https:\/\/www.facebook.com\/wirmachenauf","https:\/\/x.com\/WirMachenAuf_de"]},{"@type":"Person","@id":"https:\/\/now-news.de\/de\/#\/schema\/person\/fb534a4e865501d8b3285208df34a9b5","name":"rtnews","image":{"@type":"ImageObject","inLanguage":"de","@id":"https:\/\/now-news.de\/de\/#\/schema\/person\/image\/","url":"https:\/\/secure.gravatar.com\/avatar\/82aafea7d8127119dd649515f56e2117?s=96&d=mm&r=g","contentUrl":"https:\/\/secure.gravatar.com\/avatar\/82aafea7d8127119dd649515f56e2117?s=96&d=mm&r=g","caption":"rtnews"},"url":"https:\/\/now-news.de\/de\/author\/rnews\/"}]}},"_links":{"self":[{"href":"https:\/\/now-news.de\/de\/wp-json\/wp\/v2\/posts\/29322"}],"collection":[{"href":"https:\/\/now-news.de\/de\/wp-json\/wp\/v2\/posts"}],"about":[{"href":"https:\/\/now-news.de\/de\/wp-json\/wp\/v2\/types\/post"}],"author":[{"embeddable":true,"href":"https:\/\/now-news.de\/de\/wp-json\/wp\/v2\/users\/3"}],"replies":[{"embeddable":true,"href":"https:\/\/now-news.de\/de\/wp-json\/wp\/v2\/comments?post=29322"}],"version-history":[{"count":0,"href":"https:\/\/now-news.de\/de\/wp-json\/wp\/v2\/posts\/29322\/revisions"}],"wp:featuredmedia":[{"embeddable":true,"href":"https:\/\/now-news.de\/de\/wp-json\/wp\/v2\/media\/29323"}],"wp:attachment":[{"href":"https:\/\/now-news.de\/de\/wp-json\/wp\/v2\/media?parent=29322"}],"wp:term":[{"taxonomy":"category","embeddable":true,"href":"https:\/\/now-news.de\/de\/wp-json\/wp\/v2\/categories?post=29322"},{"taxonomy":"post_tag","embeddable":true,"href":"https:\/\/now-news.de\/de\/wp-json\/wp\/v2\/tags?post=29322"}],"curies":[{"name":"wp","href":"https:\/\/api.w.org\/{rel}","templated":true}]}}