{"id":29278,"date":"2023-02-02T11:53:28","date_gmt":"2023-02-02T09:53:28","guid":{"rendered":"https:\/\/just-now.news\/de\/china\/die-usa-und-die-philippinen-planen-die-amerikanische-militaerpraesenz-inmitten-von-china-bedenken-auszuweiten\/"},"modified":"2023-02-02T11:53:28","modified_gmt":"2023-02-02T09:53:28","slug":"die-usa-und-die-philippinen-planen-die-amerikanische-militaerpraesenz-inmitten-von-china-bedenken-auszuweiten","status":"publish","type":"post","link":"https:\/\/now-news.de\/de\/china\/die-usa-und-die-philippinen-planen-die-amerikanische-militaerpraesenz-inmitten-von-china-bedenken-auszuweiten\/","title":{"rendered":"Die USA und die Philippinen planen, die amerikanische Milit\u00e4rpr\u00e4senz inmitten von China-Bedenken auszuweiten"},"content":{"rendered":"<p><\/p>\n<div>\n<p>Die Vereinigten Staaten und die Philippinen gaben am Donnerstag Pl\u00e4ne zur Verst\u00e4rkung der US-Milit\u00e4rpr\u00e4senz in dem s\u00fcdostasiatischen Land als Teil der Bem\u00fchungen zur Abschreckung der zunehmenden Aggression der Kommunistischen Partei Chinas (KPCh) im S\u00fcdchinesischen Meer sowie gegen\u00fcber Taiwan bekannt.<\/p>\n<p>In einer gemeinsamen Erkl\u00e4rung, die auf den Websites beider L\u00e4nder ver\u00f6ffentlicht wurde, hei\u00dft es, dass die Vereinigten Staaten im Rahmen eines Abkommens aus dem Jahr 2014 mit dem Namen Enhanced Defense Cooperation Agreement (EDCA) Zugang zu vier weiteren Milit\u00e4rbasen in strategischen Gebieten der Philippinen erhalten werden.<\/p>\n<p>Die Vereinbarung kommt zustande, als US-Verteidigungsminister Lloyd Austin Manila zu Gespr\u00e4chen besuchte, inmitten der Bem\u00fchungen Washingtons, seine Sicherheitsoptionen auf den Philippinen zu erweitern, um jeden Schritt der KPCh gegen das selbstverwaltete Taiwan abzuschrecken.<\/p>\n<p>In der Erkl\u00e4rung wurde nicht angegeben, wo sich die neuen EDCA-Standorte befinden w\u00fcrden.  Aber der ehemalige philippinische Milit\u00e4rchef, Generalleutnant Bartolome Bacarro, sagte, die Vereinigten Staaten h\u00e4tten im Oktober Zugang zu f\u00fcnf St\u00fctzpunkten auf der n\u00f6rdlichen Landmasse von Luzon, dem n\u00e4chstgelegenen Teil der Philippinen zu Taiwan, und auf der Insel Palawan beantragt. mit Blick auf die umstrittenen Spratly-Inseln im S\u00fcdchinesischen Meer.<\/p>\n<p>\u201eDie EDCA ist eine wichtige S\u00e4ule der Allianz zwischen den USA und den Philippinen, die kombinierte Ausbildung, \u00dcbungen und Interoperabilit\u00e4t zwischen unseren Streitkr\u00e4ften unterst\u00fctzt\u201c, hei\u00dft es in der gemeinsamen Erkl\u00e4rung.  \u201eDie Erweiterung der EDCA wird unser B\u00fcndnis st\u00e4rker und widerstandsf\u00e4higer machen und die Modernisierung unserer kombinierten milit\u00e4rischen F\u00e4higkeiten beschleunigen.<\/p>\n<p>\u201eDie Hinzuf\u00fcgung dieser neuen EDCA-Standorte wird eine schnellere Unterst\u00fctzung bei humanit\u00e4ren und klimabedingten Katastrophen auf den Philippinen erm\u00f6glichen und auf andere gemeinsame Herausforderungen reagieren.\u201c<\/p>\n<p>Die neuen vier Standorte schlie\u00dfen sich f\u00fcnf bestehenden EDCA-Standorten an, f\u00fcr die die Vereinigten Staaten mehr als 82 Millionen US-Dollar an Infrastrukturinvestitionen bereitgestellt haben, die neue Arbeitspl\u00e4tze schaffen und die lokale Wirtschaft unterst\u00fctzen.  In diesen f\u00fcnf philippinischen Milit\u00e4rlagern k\u00f6nnten die US-Streitkr\u00e4fte unter der EDCA auf unbestimmte Zeit rotieren.<\/p>\n<p>Die EDCA erleichtert den Zugang des US-Milit\u00e4rs zu den Milit\u00e4rbasen auf den Philippinen, was wiederum die kombinierte Ausbildung, \u00dcbungen und Koordination zwischen den Streitkr\u00e4ften der beiden Nationen unterst\u00fctzt.<\/p>\n<p>\u201eDie Erweiterung der EDCA wird unser B\u00fcndnis st\u00e4rker und widerstandsf\u00e4higer machen und die Modernisierung unserer kombinierten milit\u00e4rischen F\u00e4higkeiten beschleunigen\u201c, sagten die beiden Nationen.<\/p>\n<p>Austin sagte zu seinem Amtskollegen Carlito Galvez: \u201eWir sind bereit, Ihnen auf jede erdenkliche Weise zu helfen.\u201c<\/p>\n<p>Er traf sich am Donnerstag auch mit dem philippinischen Pr\u00e4sidenten Ferdinand Marcos Jr. im Pr\u00e4sidentenpalast, bevor er sich mit Galvez traf.  Marcos sagte Austin, dass das B\u00fcndnis der Philippinen mit den Vereinigten Staaten unverzichtbar sei.<\/p>\n<p>\u201eIch habe immer gesagt, so scheint es mir, die Zukunft der Philippinen und des asiatisch-pazifischen Raums wird immer die Vereinigten Staaten einbeziehen m\u00fcssen\u201c, sagte Marcos zu Austin.<\/p>\n<p>Austin kam am Dienstag aus S\u00fcdkorea auf den Philippinen an.  In S\u00fcdkorea sagte der Verteidigungschef, die Vereinigten Staaten w\u00fcrden ihre Stationierung fortschrittlicher Waffen wie Kampfflugzeuge und Bomber auf der koreanischen Halbinsel verst\u00e4rken, um das gemeinsame Training mit den s\u00fcdkoreanischen Streitkr\u00e4ften als Reaktion auf die wachsende nukleare Bedrohung durch Nordkorea zu unterst\u00fctzen.<\/p>\n<p>Zuvor besuchte US-Vizepr\u00e4sidentin Kamala Harris im November 2022 f\u00fcr drei Tage die Philippinen, einschlie\u00dflich eines Zwischenstopps auf Palawan.  Dort sagte Harris, Washington werde den Philippinen angesichts von Einsch\u00fcchterung und N\u00f6tigung im S\u00fcdchinesischen Meer zur Seite stehen.<\/p>\n<p><em>Reuters und The Associated Press haben zu diesem Bericht beigetragen.<\/em><\/p>\n<\/p><\/div>\n<p><br \/>\n<b> Text ist eine \u00dcbersetzung vom Epoch Times Artikel:<\/p>\n<p><a href=\"https:\/\/www.theepochtimes.com\/us-philippines-plan-to-broaden-american-military-presence-amid-china-concerns_5028286.html\">Source link <\/a><\/p>\n","protected":false},"excerpt":{"rendered":"<p>Die Vereinigten Staaten und die Philippinen gaben am Donnerstag Pl\u00e4ne zur Verst\u00e4rkung der US-Milit\u00e4rpr\u00e4senz in dem s\u00fcdostasiatischen Land als Teil der Bem\u00fchungen zur Abschreckung der zunehmenden Aggression der Kommunistischen Partei Chinas (KPCh) im S\u00fcdchinesischen Meer sowie gegen\u00fcber Taiwan bekannt. In einer gemeinsamen Erkl\u00e4rung, die auf den Websites beider L\u00e4nder ver\u00f6ffentlicht wurde, hei\u00dft es, dass die [&hellip;]<\/p>\n","protected":false},"author":6,"featured_media":29279,"comment_status":"open","ping_status":"open","sticky":false,"template":"","format":"standard","meta":{"_yoast_indexnow_last_ping":["1675332847"],"wp_automatic_camp":["1164"],"862826ce12d9a41bac83c307850a3a23":["Die USA und die Philippinen planen, die amerikanische Milit\u00e4rpr\u00e4senz inmitten von China-Bedenken auszuweiten\n"],"original_link":["https:\/\/www.theepochtimes.com\/us-philippines-plan-to-broaden-american-military-presence-amid-china-concerns_5028286.html"],"_thumbnail_id":["29279"],"wp_automatic_remove_first_image":["yes"],"_wptgpro_p2tg_sent2tg":["a:0:{}"],"jnews_social_counter_last_update":["1777607282"]},"categories":[21],"tags":[4531,25070,40079,45,4219,23678,26188,17975,140,193,50],"yoast_head":"<!-- This site is optimized with the Yoast SEO Premium plugin v22.7 (Yoast SEO v22.7) - https:\/\/yoast.com\/wordpress\/plugins\/seo\/ -->\n<title>Die USA und die Philippinen planen, die amerikanische Milit\u00e4rpr\u00e4senz inmitten von China-Bedenken auszuweiten - just-now.NEWS Deutschland<\/title>\n<meta name=\"robots\" content=\"index, follow, max-snippet:-1, max-image-preview:large, max-video-preview:-1\" \/>\n<link rel=\"canonical\" href=\"https:\/\/now-news.de\/de\/china\/die-usa-und-die-philippinen-planen-die-amerikanische-militaerpraesenz-inmitten-von-china-bedenken-auszuweiten\/\" \/>\n<meta property=\"og:locale\" content=\"de_DE\" \/>\n<meta property=\"og:type\" content=\"article\" \/>\n<meta property=\"og:title\" content=\"Die USA und die Philippinen planen, die amerikanische Milit\u00e4rpr\u00e4senz inmitten von China-Bedenken auszuweiten\" \/>\n<meta property=\"og:description\" content=\"Die Vereinigten Staaten und die Philippinen gaben am Donnerstag Pl\u00e4ne zur Verst\u00e4rkung der US-Milit\u00e4rpr\u00e4senz in dem s\u00fcdostasiatischen Land als Teil der Bem\u00fchungen zur Abschreckung der zunehmenden Aggression der Kommunistischen Partei Chinas (KPCh) im S\u00fcdchinesischen Meer sowie gegen\u00fcber Taiwan bekannt. In einer gemeinsamen Erkl\u00e4rung, die auf den Websites beider L\u00e4nder ver\u00f6ffentlicht wurde, hei\u00dft es, dass die [&hellip;]\" \/>\n<meta property=\"og:url\" content=\"https:\/\/now-news.de\/de\/china\/die-usa-und-die-philippinen-planen-die-amerikanische-militaerpraesenz-inmitten-von-china-bedenken-auszuweiten\/\" \/>\n<meta property=\"og:site_name\" content=\"just-now.NEWS Deutschland\" \/>\n<meta property=\"article:publisher\" content=\"https:\/\/www.facebook.com\/wirmachenauf\" \/>\n<meta property=\"article:published_time\" content=\"2023-02-02T09:53:28+00:00\" \/>\n<meta property=\"og:image\" content=\"https:\/\/now-news.de\/de\/wp-content\/uploads\/sites\/3\/2023\/02\/1675332847_Die-USA-und-die-Philippinen-planen-die-amerikanische-Militaerpraesenz-inmitten.jpeg\" \/>\n\t<meta property=\"og:image:width\" content=\"1200\" \/>\n\t<meta property=\"og:image:height\" content=\"766\" \/>\n\t<meta property=\"og:image:type\" content=\"image\/jpeg\" \/>\n<meta name=\"author\" content=\"epoch\" \/>\n<meta name=\"twitter:card\" content=\"summary_large_image\" \/>\n<meta name=\"twitter:creator\" content=\"@WirMachenAuf_de\" \/>\n<meta name=\"twitter:site\" content=\"@WirMachenAuf_de\" \/>\n<meta name=\"twitter:label1\" content=\"Verfasst von\" \/>\n\t<meta name=\"twitter:data1\" content=\"epoch\" \/>\n\t<meta name=\"twitter:label2\" content=\"Gesch\u00e4tzte Lesezeit\" \/>\n\t<meta name=\"twitter:data2\" content=\"3\u00a0Minuten\" \/>\n<script type=\"application\/ld+json\" class=\"yoast-schema-graph\">{\"@context\":\"https:\/\/schema.org\",\"@graph\":[{\"@type\":\"Article\",\"@id\":\"https:\/\/now-news.de\/de\/china\/die-usa-und-die-philippinen-planen-die-amerikanische-militaerpraesenz-inmitten-von-china-bedenken-auszuweiten\/#article\",\"isPartOf\":{\"@id\":\"https:\/\/now-news.de\/de\/china\/die-usa-und-die-philippinen-planen-die-amerikanische-militaerpraesenz-inmitten-von-china-bedenken-auszuweiten\/\"},\"author\":{\"name\":\"epoch\",\"@id\":\"https:\/\/now-news.de\/de\/#\/schema\/person\/c6dfcd35a72a074487761b9d49aef52f\"},\"headline\":\"Die USA und die Philippinen planen, die amerikanische Milit\u00e4rpr\u00e4senz inmitten von China-Bedenken auszuweiten\",\"datePublished\":\"2023-02-02T09:53:28+00:00\",\"dateModified\":\"2023-02-02T09:53:28+00:00\",\"mainEntityOfPage\":{\"@id\":\"https:\/\/now-news.de\/de\/china\/die-usa-und-die-philippinen-planen-die-amerikanische-militaerpraesenz-inmitten-von-china-bedenken-auszuweiten\/\"},\"wordCount\":623,\"commentCount\":0,\"publisher\":{\"@id\":\"https:\/\/now-news.de\/de\/#organization\"},\"image\":{\"@id\":\"https:\/\/now-news.de\/de\/china\/die-usa-und-die-philippinen-planen-die-amerikanische-militaerpraesenz-inmitten-von-china-bedenken-auszuweiten\/#primaryimage\"},\"thumbnailUrl\":\"https:\/\/now-news.de\/de\/wp-content\/uploads\/sites\/3\/2023\/02\/1675332847_Die-USA-und-die-Philippinen-planen-die-amerikanische-Militaerpraesenz-inmitten.jpeg\",\"keywords\":[\"Amerikanische\",\"auszuweiten\",\"ChinaBedenken\",\"die\",\"inmitten\",\"Milit\u00e4rpr\u00e4senz\",\"Philippinen\",\"planen\",\"und\",\"USA\",\"von\"],\"articleSection\":[\"China\"],\"inLanguage\":\"de\",\"potentialAction\":[{\"@type\":\"CommentAction\",\"name\":\"Comment\",\"target\":[\"https:\/\/now-news.de\/de\/china\/die-usa-und-die-philippinen-planen-die-amerikanische-militaerpraesenz-inmitten-von-china-bedenken-auszuweiten\/#respond\"]}]},{\"@type\":\"WebPage\",\"@id\":\"https:\/\/now-news.de\/de\/china\/die-usa-und-die-philippinen-planen-die-amerikanische-militaerpraesenz-inmitten-von-china-bedenken-auszuweiten\/\",\"url\":\"https:\/\/now-news.de\/de\/china\/die-usa-und-die-philippinen-planen-die-amerikanische-militaerpraesenz-inmitten-von-china-bedenken-auszuweiten\/\",\"name\":\"Die USA und die Philippinen planen, die amerikanische Milit\u00e4rpr\u00e4senz inmitten von China-Bedenken auszuweiten - just-now.NEWS Deutschland\",\"isPartOf\":{\"@id\":\"https:\/\/now-news.de\/de\/#website\"},\"primaryImageOfPage\":{\"@id\":\"https:\/\/now-news.de\/de\/china\/die-usa-und-die-philippinen-planen-die-amerikanische-militaerpraesenz-inmitten-von-china-bedenken-auszuweiten\/#primaryimage\"},\"image\":{\"@id\":\"https:\/\/now-news.de\/de\/china\/die-usa-und-die-philippinen-planen-die-amerikanische-militaerpraesenz-inmitten-von-china-bedenken-auszuweiten\/#primaryimage\"},\"thumbnailUrl\":\"https:\/\/now-news.de\/de\/wp-content\/uploads\/sites\/3\/2023\/02\/1675332847_Die-USA-und-die-Philippinen-planen-die-amerikanische-Militaerpraesenz-inmitten.jpeg\",\"datePublished\":\"2023-02-02T09:53:28+00:00\",\"dateModified\":\"2023-02-02T09:53:28+00:00\",\"breadcrumb\":{\"@id\":\"https:\/\/now-news.de\/de\/china\/die-usa-und-die-philippinen-planen-die-amerikanische-militaerpraesenz-inmitten-von-china-bedenken-auszuweiten\/#breadcrumb\"},\"inLanguage\":\"de\",\"potentialAction\":[{\"@type\":\"ReadAction\",\"target\":[\"https:\/\/now-news.de\/de\/china\/die-usa-und-die-philippinen-planen-die-amerikanische-militaerpraesenz-inmitten-von-china-bedenken-auszuweiten\/\"]}]},{\"@type\":\"ImageObject\",\"inLanguage\":\"de\",\"@id\":\"https:\/\/now-news.de\/de\/china\/die-usa-und-die-philippinen-planen-die-amerikanische-militaerpraesenz-inmitten-von-china-bedenken-auszuweiten\/#primaryimage\",\"url\":\"https:\/\/now-news.de\/de\/wp-content\/uploads\/sites\/3\/2023\/02\/1675332847_Die-USA-und-die-Philippinen-planen-die-amerikanische-Militaerpraesenz-inmitten.jpeg\",\"contentUrl\":\"https:\/\/now-news.de\/de\/wp-content\/uploads\/sites\/3\/2023\/02\/1675332847_Die-USA-und-die-Philippinen-planen-die-amerikanische-Militaerpraesenz-inmitten.jpeg\",\"width\":1200,\"height\":766},{\"@type\":\"BreadcrumbList\",\"@id\":\"https:\/\/now-news.de\/de\/china\/die-usa-und-die-philippinen-planen-die-amerikanische-militaerpraesenz-inmitten-von-china-bedenken-auszuweiten\/#breadcrumb\",\"itemListElement\":[{\"@type\":\"ListItem\",\"position\":1,\"name\":\"Home\",\"item\":\"https:\/\/now-news.de\/de\/\"},{\"@type\":\"ListItem\",\"position\":2,\"name\":\"Die USA und die Philippinen planen, die amerikanische Milit\u00e4rpr\u00e4senz inmitten von China-Bedenken auszuweiten\"}]},{\"@type\":\"WebSite\",\"@id\":\"https:\/\/now-news.de\/de\/#website\",\"url\":\"https:\/\/now-news.de\/de\/\",\"name\":\"just-now.NEWS Deutschland\",\"description\":\"Das Portal f\u00fcr unzensierte Nachrichten aus der Welt\",\"publisher\":{\"@id\":\"https:\/\/now-news.de\/de\/#organization\"},\"potentialAction\":[{\"@type\":\"SearchAction\",\"target\":{\"@type\":\"EntryPoint\",\"urlTemplate\":\"https:\/\/now-news.de\/de\/?s={search_term_string}\"},\"query-input\":\"required name=search_term_string\"}],\"inLanguage\":\"de\"},{\"@type\":\"Organization\",\"@id\":\"https:\/\/now-news.de\/de\/#organization\",\"name\":\"Just Now News\",\"url\":\"https:\/\/now-news.de\/de\/\",\"logo\":{\"@type\":\"ImageObject\",\"inLanguage\":\"de\",\"@id\":\"https:\/\/now-news.de\/de\/#\/schema\/logo\/image\/\",\"url\":\"http:\/\/just-now.news\/de\/wp-content\/uploads\/sites\/3\/2022\/04\/logo500x500.jpg\",\"contentUrl\":\"http:\/\/just-now.news\/de\/wp-content\/uploads\/sites\/3\/2022\/04\/logo500x500.jpg\",\"width\":500,\"height\":500,\"caption\":\"Just Now News\"},\"image\":{\"@id\":\"https:\/\/now-news.de\/de\/#\/schema\/logo\/image\/\"},\"sameAs\":[\"https:\/\/www.facebook.com\/wirmachenauf\",\"https:\/\/x.com\/WirMachenAuf_de\"]},{\"@type\":\"Person\",\"@id\":\"https:\/\/now-news.de\/de\/#\/schema\/person\/c6dfcd35a72a074487761b9d49aef52f\",\"name\":\"epoch\",\"image\":{\"@type\":\"ImageObject\",\"inLanguage\":\"de\",\"@id\":\"https:\/\/now-news.de\/de\/#\/schema\/person\/image\/\",\"url\":\"https:\/\/secure.gravatar.com\/avatar\/56933836307948e61ef581cc4d100335?s=96&d=mm&r=g\",\"contentUrl\":\"https:\/\/secure.gravatar.com\/avatar\/56933836307948e61ef581cc4d100335?s=96&d=mm&r=g\",\"caption\":\"epoch\"},\"url\":\"https:\/\/now-news.de\/de\/author\/epoch\/\"}]}<\/script>\n<!-- \/ Yoast SEO Premium plugin. -->","yoast_head_json":{"title":"Die USA und die Philippinen planen, die amerikanische Milit\u00e4rpr\u00e4senz inmitten von China-Bedenken auszuweiten - just-now.NEWS Deutschland","robots":{"index":"index","follow":"follow","max-snippet":"max-snippet:-1","max-image-preview":"max-image-preview:large","max-video-preview":"max-video-preview:-1"},"canonical":"https:\/\/now-news.de\/de\/china\/die-usa-und-die-philippinen-planen-die-amerikanische-militaerpraesenz-inmitten-von-china-bedenken-auszuweiten\/","og_locale":"de_DE","og_type":"article","og_title":"Die USA und die Philippinen planen, die amerikanische Milit\u00e4rpr\u00e4senz inmitten von China-Bedenken auszuweiten","og_description":"Die Vereinigten Staaten und die Philippinen gaben am Donnerstag Pl\u00e4ne zur Verst\u00e4rkung der US-Milit\u00e4rpr\u00e4senz in dem s\u00fcdostasiatischen Land als Teil der Bem\u00fchungen zur Abschreckung der zunehmenden Aggression der Kommunistischen Partei Chinas (KPCh) im S\u00fcdchinesischen Meer sowie gegen\u00fcber Taiwan bekannt. In einer gemeinsamen Erkl\u00e4rung, die auf den Websites beider L\u00e4nder ver\u00f6ffentlicht wurde, hei\u00dft es, dass die [&hellip;]","og_url":"https:\/\/now-news.de\/de\/china\/die-usa-und-die-philippinen-planen-die-amerikanische-militaerpraesenz-inmitten-von-china-bedenken-auszuweiten\/","og_site_name":"just-now.NEWS Deutschland","article_publisher":"https:\/\/www.facebook.com\/wirmachenauf","article_published_time":"2023-02-02T09:53:28+00:00","og_image":[{"width":1200,"height":766,"url":"https:\/\/now-news.de\/de\/wp-content\/uploads\/sites\/3\/2023\/02\/1675332847_Die-USA-und-die-Philippinen-planen-die-amerikanische-Militaerpraesenz-inmitten.jpeg","type":"image\/jpeg"}],"author":"epoch","twitter_card":"summary_large_image","twitter_creator":"@WirMachenAuf_de","twitter_site":"@WirMachenAuf_de","twitter_misc":{"Verfasst von":"epoch","Gesch\u00e4tzte Lesezeit":"3\u00a0Minuten"},"schema":{"@context":"https:\/\/schema.org","@graph":[{"@type":"Article","@id":"https:\/\/now-news.de\/de\/china\/die-usa-und-die-philippinen-planen-die-amerikanische-militaerpraesenz-inmitten-von-china-bedenken-auszuweiten\/#article","isPartOf":{"@id":"https:\/\/now-news.de\/de\/china\/die-usa-und-die-philippinen-planen-die-amerikanische-militaerpraesenz-inmitten-von-china-bedenken-auszuweiten\/"},"author":{"name":"epoch","@id":"https:\/\/now-news.de\/de\/#\/schema\/person\/c6dfcd35a72a074487761b9d49aef52f"},"headline":"Die USA und die Philippinen planen, die amerikanische Milit\u00e4rpr\u00e4senz inmitten von China-Bedenken auszuweiten","datePublished":"2023-02-02T09:53:28+00:00","dateModified":"2023-02-02T09:53:28+00:00","mainEntityOfPage":{"@id":"https:\/\/now-news.de\/de\/china\/die-usa-und-die-philippinen-planen-die-amerikanische-militaerpraesenz-inmitten-von-china-bedenken-auszuweiten\/"},"wordCount":623,"commentCount":0,"publisher":{"@id":"https:\/\/now-news.de\/de\/#organization"},"image":{"@id":"https:\/\/now-news.de\/de\/china\/die-usa-und-die-philippinen-planen-die-amerikanische-militaerpraesenz-inmitten-von-china-bedenken-auszuweiten\/#primaryimage"},"thumbnailUrl":"https:\/\/now-news.de\/de\/wp-content\/uploads\/sites\/3\/2023\/02\/1675332847_Die-USA-und-die-Philippinen-planen-die-amerikanische-Militaerpraesenz-inmitten.jpeg","keywords":["Amerikanische","auszuweiten","ChinaBedenken","die","inmitten","Milit\u00e4rpr\u00e4senz","Philippinen","planen","und","USA","von"],"articleSection":["China"],"inLanguage":"de","potentialAction":[{"@type":"CommentAction","name":"Comment","target":["https:\/\/now-news.de\/de\/china\/die-usa-und-die-philippinen-planen-die-amerikanische-militaerpraesenz-inmitten-von-china-bedenken-auszuweiten\/#respond"]}]},{"@type":"WebPage","@id":"https:\/\/now-news.de\/de\/china\/die-usa-und-die-philippinen-planen-die-amerikanische-militaerpraesenz-inmitten-von-china-bedenken-auszuweiten\/","url":"https:\/\/now-news.de\/de\/china\/die-usa-und-die-philippinen-planen-die-amerikanische-militaerpraesenz-inmitten-von-china-bedenken-auszuweiten\/","name":"Die USA und die Philippinen planen, die amerikanische Milit\u00e4rpr\u00e4senz inmitten von China-Bedenken auszuweiten - just-now.NEWS Deutschland","isPartOf":{"@id":"https:\/\/now-news.de\/de\/#website"},"primaryImageOfPage":{"@id":"https:\/\/now-news.de\/de\/china\/die-usa-und-die-philippinen-planen-die-amerikanische-militaerpraesenz-inmitten-von-china-bedenken-auszuweiten\/#primaryimage"},"image":{"@id":"https:\/\/now-news.de\/de\/china\/die-usa-und-die-philippinen-planen-die-amerikanische-militaerpraesenz-inmitten-von-china-bedenken-auszuweiten\/#primaryimage"},"thumbnailUrl":"https:\/\/now-news.de\/de\/wp-content\/uploads\/sites\/3\/2023\/02\/1675332847_Die-USA-und-die-Philippinen-planen-die-amerikanische-Militaerpraesenz-inmitten.jpeg","datePublished":"2023-02-02T09:53:28+00:00","dateModified":"2023-02-02T09:53:28+00:00","breadcrumb":{"@id":"https:\/\/now-news.de\/de\/china\/die-usa-und-die-philippinen-planen-die-amerikanische-militaerpraesenz-inmitten-von-china-bedenken-auszuweiten\/#breadcrumb"},"inLanguage":"de","potentialAction":[{"@type":"ReadAction","target":["https:\/\/now-news.de\/de\/china\/die-usa-und-die-philippinen-planen-die-amerikanische-militaerpraesenz-inmitten-von-china-bedenken-auszuweiten\/"]}]},{"@type":"ImageObject","inLanguage":"de","@id":"https:\/\/now-news.de\/de\/china\/die-usa-und-die-philippinen-planen-die-amerikanische-militaerpraesenz-inmitten-von-china-bedenken-auszuweiten\/#primaryimage","url":"https:\/\/now-news.de\/de\/wp-content\/uploads\/sites\/3\/2023\/02\/1675332847_Die-USA-und-die-Philippinen-planen-die-amerikanische-Militaerpraesenz-inmitten.jpeg","contentUrl":"https:\/\/now-news.de\/de\/wp-content\/uploads\/sites\/3\/2023\/02\/1675332847_Die-USA-und-die-Philippinen-planen-die-amerikanische-Militaerpraesenz-inmitten.jpeg","width":1200,"height":766},{"@type":"BreadcrumbList","@id":"https:\/\/now-news.de\/de\/china\/die-usa-und-die-philippinen-planen-die-amerikanische-militaerpraesenz-inmitten-von-china-bedenken-auszuweiten\/#breadcrumb","itemListElement":[{"@type":"ListItem","position":1,"name":"Home","item":"https:\/\/now-news.de\/de\/"},{"@type":"ListItem","position":2,"name":"Die USA und die Philippinen planen, die amerikanische Milit\u00e4rpr\u00e4senz inmitten von China-Bedenken auszuweiten"}]},{"@type":"WebSite","@id":"https:\/\/now-news.de\/de\/#website","url":"https:\/\/now-news.de\/de\/","name":"just-now.NEWS Deutschland","description":"Das Portal f\u00fcr unzensierte Nachrichten aus der Welt","publisher":{"@id":"https:\/\/now-news.de\/de\/#organization"},"potentialAction":[{"@type":"SearchAction","target":{"@type":"EntryPoint","urlTemplate":"https:\/\/now-news.de\/de\/?s={search_term_string}"},"query-input":"required name=search_term_string"}],"inLanguage":"de"},{"@type":"Organization","@id":"https:\/\/now-news.de\/de\/#organization","name":"Just Now News","url":"https:\/\/now-news.de\/de\/","logo":{"@type":"ImageObject","inLanguage":"de","@id":"https:\/\/now-news.de\/de\/#\/schema\/logo\/image\/","url":"http:\/\/just-now.news\/de\/wp-content\/uploads\/sites\/3\/2022\/04\/logo500x500.jpg","contentUrl":"http:\/\/just-now.news\/de\/wp-content\/uploads\/sites\/3\/2022\/04\/logo500x500.jpg","width":500,"height":500,"caption":"Just Now News"},"image":{"@id":"https:\/\/now-news.de\/de\/#\/schema\/logo\/image\/"},"sameAs":["https:\/\/www.facebook.com\/wirmachenauf","https:\/\/x.com\/WirMachenAuf_de"]},{"@type":"Person","@id":"https:\/\/now-news.de\/de\/#\/schema\/person\/c6dfcd35a72a074487761b9d49aef52f","name":"epoch","image":{"@type":"ImageObject","inLanguage":"de","@id":"https:\/\/now-news.de\/de\/#\/schema\/person\/image\/","url":"https:\/\/secure.gravatar.com\/avatar\/56933836307948e61ef581cc4d100335?s=96&d=mm&r=g","contentUrl":"https:\/\/secure.gravatar.com\/avatar\/56933836307948e61ef581cc4d100335?s=96&d=mm&r=g","caption":"epoch"},"url":"https:\/\/now-news.de\/de\/author\/epoch\/"}]}},"_links":{"self":[{"href":"https:\/\/now-news.de\/de\/wp-json\/wp\/v2\/posts\/29278"}],"collection":[{"href":"https:\/\/now-news.de\/de\/wp-json\/wp\/v2\/posts"}],"about":[{"href":"https:\/\/now-news.de\/de\/wp-json\/wp\/v2\/types\/post"}],"author":[{"embeddable":true,"href":"https:\/\/now-news.de\/de\/wp-json\/wp\/v2\/users\/6"}],"replies":[{"embeddable":true,"href":"https:\/\/now-news.de\/de\/wp-json\/wp\/v2\/comments?post=29278"}],"version-history":[{"count":0,"href":"https:\/\/now-news.de\/de\/wp-json\/wp\/v2\/posts\/29278\/revisions"}],"wp:featuredmedia":[{"embeddable":true,"href":"https:\/\/now-news.de\/de\/wp-json\/wp\/v2\/media\/29279"}],"wp:attachment":[{"href":"https:\/\/now-news.de\/de\/wp-json\/wp\/v2\/media?parent=29278"}],"wp:term":[{"taxonomy":"category","embeddable":true,"href":"https:\/\/now-news.de\/de\/wp-json\/wp\/v2\/categories?post=29278"},{"taxonomy":"post_tag","embeddable":true,"href":"https:\/\/now-news.de\/de\/wp-json\/wp\/v2\/tags?post=29278"}],"curies":[{"name":"wp","href":"https:\/\/api.w.org\/{rel}","templated":true}]}}