{"id":29230,"date":"2023-02-01T00:56:14","date_gmt":"2023-01-31T22:56:14","guid":{"rendered":"https:\/\/just-now.news\/de\/china\/mann-der-angeklagt-ist-leiter-einer-us-zeitung-mit-verbindungen-zur-kpch-getoetet-zu-haben-steht-im-maerz-vor-gericht\/"},"modified":"2023-02-01T00:56:14","modified_gmt":"2023-01-31T22:56:14","slug":"mann-der-angeklagt-ist-leiter-einer-us-zeitung-mit-verbindungen-zur-kpch-getoetet-zu-haben-steht-im-maerz-vor-gericht","status":"publish","type":"post","link":"https:\/\/now-news.de\/de\/china\/mann-der-angeklagt-ist-leiter-einer-us-zeitung-mit-verbindungen-zur-kpch-getoetet-zu-haben-steht-im-maerz-vor-gericht\/","title":{"rendered":"Mann, der angeklagt ist, Leiter einer US-Zeitung mit Verbindungen zur KPCh get\u00f6tet zu haben, steht im M\u00e4rz vor Gericht"},"content":{"rendered":"<div>\n<p>Ein Mann, der beschuldigt wird, seinen Chef im Jahr 2018 im B\u00fcro einer chinesischsprachigen Zeitung mit Sitz in den USA in Alhambra, Kalifornien, erschossen und get\u00f6tet zu haben, wird am 1. M\u00e4rz vor Gericht stehen.<\/p>\n<p>Der Schwurgerichtsprozess gegen Zhong Qi Chen, 63, der angeblich Yining Xie, Gr\u00fcnder und Vorsitzender von China Press \u2013 oder Qiao Bao auf Chinesisch \u2013 ermordet haben soll, war urspr\u00fcnglich f\u00fcr diese Woche angesetzt.<\/p>\n<p>Die Verz\u00f6gerung kam, nachdem Chen und sein Anwalt Donald B. Marks am 30. Januar im Alhambra-Gerichtsgeb\u00e4ude erschienen waren und Marks&#8217; \u201ePlanungskonflikte\u201c als Grund f\u00fcr die Verz\u00f6gerung anf\u00fchrten.<\/p>\n<p>\u201eWir hoffen, am 1. M\u00e4rz fertig zu sein\u201c, sagte Marks der Epoch Times.<\/p>\n<figure id=\"attachment_5024462\" style=\"width: 235px\" class=\"wp-caption aligncenter\"> Zhong Qi Chen aus El Monte, Kalifornien, wurde am 16. November 2018 wegen Mordverdachts mit einer Schusswaffe in Alhambra festgenommen. (Mit freundlicher Genehmigung der Polizeibeh\u00f6rde von Alhambra)<\/figure>\n<p>W\u00e4hrend der Anh\u00f6rung am Montag dr\u00e4ngte der Richter des Superior Court, Michael Villalobos, die Anw\u00e4lte des Angeklagten, den Fall schneller vor Gericht zu bringen.<\/p>\n<p>\u201eWir dr\u00e4ngen jetzt auf fast f\u00fcnf Jahre, also m\u00fcssen wir es schaffen\u201c, sagte Villalobos.<\/p>\n<p>Chen, ein chinesischer Staatsb\u00fcrger mit US-Staatsb\u00fcrgerschaft, war in einer gelben Gef\u00e4ngnisuniform mit einem Dolmetscher neben ihm zu sehen.  Es wurden keine Verwandten von Chen gesehen.<\/p>\n<figure id=\"attachment_5024480\" style=\"width: 600px\" class=\"wp-caption alignnone\"><img loading=\"lazy\" decoding=\"async\" class=\"lazy size-medium wp-image-5024480\" src=\"http:\/\/just-now.news\/de\/wp-content\/uploads\/sites\/3\/2023\/02\/Mann-der-angeklagt-ist-Leiter-einer-US-Zeitung-mit-Verbindungen-zur.jpg\" alt=\"Epoch Times Foto\" width=\"600\" height=\"400\"> Yining Xie, Gr\u00fcnder und Vorsitzender der in den USA ans\u00e4ssigen chinesischsprachigen Zeitung China Press, wurde am 16. November 2018 im B\u00fcro der Publikation in Alhambra, Kalifornien, erschossen. (Linda Jiang\/The Epoch Times)<\/figure>\n<p>Am 16. November 2018 wurde Xie, 58, um 9:40 Uhr mit mehreren Schusswunden an Kopf und Oberk\u00f6rper f\u00fcr tot erkl\u00e4rt.  Laut Polizei wurde er im zweiten Stock des Alhambra-Geb\u00e4udes der Zeitung gefunden.<\/p>\n<p>Chen wurde am selben Tag wegen Mordverdachts festgenommen, und eine Pistole wurde von Beamten am Tatort sichergestellt.  Die Ermittler sagten, sie glauben, dass ein Streit am Arbeitsplatz zu der Schie\u00dferei gef\u00fchrt habe.<\/p>\n<p>Chen wurde drei Tage sp\u00e4ter freigelassen, nachdem er eine Kaution f\u00fcr seine Kaution in H\u00f6he von 1 Million US-Dollar hinterlegt hatte, bevor er am n\u00e4chsten Tag aufgrund eines Haftbefehls des Obersten Gerichtshofs von Los Angeles mit einer Kaution von 6 Millionen US-Dollar erneut festgenommen wurde.  Die Kaution wurde sp\u00e4ter von einem Richter auf 3 Millionen Dollar reduziert.<\/p>\n<p>Chen pl\u00e4dierte sp\u00e4ter in diesem Monat auf nicht schuldig des Mordes mit Vorw\u00fcrfen, dass er eine Pistole benutzt und schwere K\u00f6rperverletzungen und den Tod verursacht habe, hei\u00dft es in einer Pressemitteilung (pdf) der Staatsanwaltschaft des Bezirks Los Angeles.<\/p>\n<h2>Die engen Verbindungen der China Press zur KPCh<\/h2>\n<p>China Press ver\u00f6ffentlichte im November 2018 einen Nachruf mit einer kurzen Zeitleiste von Xies Karriere.<\/p>\n<p>Nach ihrem Universit\u00e4tsabschluss im Jahr 1982 wurde Xie Reporterin f\u00fcr den staatlichen China News Service.  1987 wurde Xie Korrespondent des Nachrichtendienstes im Wei\u00dfen Haus.  1992 gab er seine Position auf, um China Press in San Francisco zu gr\u00fcnden;  Die Zeitung hat auch Ausgaben in Los Angeles und New York.<\/p>\n<p>China Press ist in der US-Einwanderergemeinschaft seit langem bekannt f\u00fcr seine pro-Peking-Ansichten und seine Neigung, die Propaganda der Chinesischen Gemeinschaftspartei (KPCh) zu einer Vielzahl von Themen zu wiederholen.<\/p>\n<figure id=\"attachment_2718911\" style=\"width: 600px\" class=\"wp-caption alignnone\"><img loading=\"lazy\" decoding=\"async\" class=\"lazy size-medium wp-image-2718911\" src=\"http:\/\/just-now.news\/de\/wp-content\/uploads\/sites\/3\/2023\/02\/1675272956_685_Mann-der-angeklagt-ist-Leiter-einer-US-Zeitung-mit-Verbindungen-zur.png\" alt=\"Webseite von China Press.\" width=\"600\" height=\"303\"> Die Webseite von China Press mit einem Erinnerungsfoto und einer Nachricht \u00fcber den Tod ihres Gr\u00fcnders Xie Yining.  (Bildschirmfoto)<\/figure>\n<p>Die Publikation steht unter dem Dach der Rhythm Media Group, einer in Kalifornien registrierten Firma, die 2003 gegr\u00fcndet wurde und mehrere chinesischsprachige Nachrichtenagenturen, eine Filmproduktionsfirma und ein Kulturzentrum in ihrem Profil hat.<\/p>\n<p>Im Jahr 2001 listete die US-amerikanische Denkfabrik Jamestown Foundation China Press als eine ausl\u00e4ndische chinesische Zeitung auf, die \u201edirekt von der chinesischen Regierung kontrolliert wird\u201c.  Aber es war unklar, welches Organ der Kommunistischen Partei Chinas sie leitete.<\/p>\n<p>Nach Xies Tod sei der Betrieb der Zeitung Berichten zufolge geschrumpft, und ihre Ausgabe an der Westk\u00fcste sei im Juli 2019 von einer t\u00e4glichen auf eine w\u00f6chentliche Druckverteilung umgestellt worden, gab die Ver\u00f6ffentlichung im Vormonat bekannt.<\/p>\n<p><em>Die Mitarbeiter der Epoch Times, Zhou Yuejun und Annie Wu, haben zu diesem Bericht beigetragen.<\/em><\/p>\n<\/p><\/div>\n<p><br \/>\n<b> Text ist eine \u00dcbersetzung vom Epoch Times Artikel:<\/p>\n<p><a href=\"https:\/\/www.theepochtimes.com\/man-charged-with-killing-head-of-us-newspaper-with-ties-to-ccp-to-stand-trial-in-march_5024401.html\">Source link <\/a><\/p>\n","protected":false},"excerpt":{"rendered":"<p>Ein Mann, der beschuldigt wird, seinen Chef im Jahr 2018 im B\u00fcro einer chinesischsprachigen Zeitung mit Sitz in den USA in Alhambra, Kalifornien, erschossen und get\u00f6tet zu haben, wird am 1. M\u00e4rz vor Gericht stehen. Der Schwurgerichtsprozess gegen Zhong Qi Chen, 63, der angeblich Yining Xie, Gr\u00fcnder und Vorsitzender von China Press \u2013 oder Qiao [&hellip;]<\/p>\n","protected":false},"author":6,"featured_media":29231,"comment_status":"open","ping_status":"open","sticky":false,"template":"","format":"standard","meta":{"_yoast_indexnow_last_ping":["1675272957"],"wp_automatic_camp":["1164"],"4480385b2b6a2f8b7adda2ef130d8438":["Mann, der angeklagt ist, Leiter einer US-Zeitung mit Verbindungen zur KPCh get\u00f6tet zu haben, steht im M\u00e4rz vor Gericht\n"],"original_link":["https:\/\/www.theepochtimes.com\/man-charged-with-killing-head-of-us-newspaper-with-ties-to-ccp-to-stand-trial-in-march_5024401.html"],"_thumbnail_id":["29231"],"wp_automatic_remove_first_image":["yes"],"_wptgpro_p2tg_sent2tg":["a:0:{}"],"jnews_social_counter_last_update":["1777175237"]},"categories":[21],"tags":[8172,82,212,3348,367,771,414,18803,9414,8042,9175,419,1606,40040,19160,320,581],"yoast_head":"<!-- This site is optimized with the Yoast SEO Premium plugin v22.7 (Yoast SEO v22.7) - https:\/\/yoast.com\/wordpress\/plugins\/seo\/ -->\n<title>Mann, der angeklagt ist, Leiter einer US-Zeitung mit Verbindungen zur KPCh get\u00f6tet zu haben, steht im M\u00e4rz vor Gericht - just-now.NEWS Deutschland<\/title>\n<meta name=\"robots\" content=\"index, follow, max-snippet:-1, max-image-preview:large, max-video-preview:-1\" \/>\n<link rel=\"canonical\" href=\"https:\/\/now-news.de\/de\/china\/mann-der-angeklagt-ist-leiter-einer-us-zeitung-mit-verbindungen-zur-kpch-getoetet-zu-haben-steht-im-maerz-vor-gericht\/\" \/>\n<meta property=\"og:locale\" content=\"de_DE\" \/>\n<meta property=\"og:type\" content=\"article\" \/>\n<meta property=\"og:title\" content=\"Mann, der angeklagt ist, Leiter einer US-Zeitung mit Verbindungen zur KPCh get\u00f6tet zu haben, steht im M\u00e4rz vor Gericht\" \/>\n<meta property=\"og:description\" content=\"Ein Mann, der beschuldigt wird, seinen Chef im Jahr 2018 im B\u00fcro einer chinesischsprachigen Zeitung mit Sitz in den USA in Alhambra, Kalifornien, erschossen und get\u00f6tet zu haben, wird am 1. M\u00e4rz vor Gericht stehen. Der Schwurgerichtsprozess gegen Zhong Qi Chen, 63, der angeblich Yining Xie, Gr\u00fcnder und Vorsitzender von China Press \u2013 oder Qiao [&hellip;]\" \/>\n<meta property=\"og:url\" content=\"https:\/\/now-news.de\/de\/china\/mann-der-angeklagt-ist-leiter-einer-us-zeitung-mit-verbindungen-zur-kpch-getoetet-zu-haben-steht-im-maerz-vor-gericht\/\" \/>\n<meta property=\"og:site_name\" content=\"just-now.NEWS Deutschland\" \/>\n<meta property=\"article:publisher\" content=\"https:\/\/www.facebook.com\/wirmachenauf\" \/>\n<meta property=\"article:published_time\" content=\"2023-01-31T22:56:14+00:00\" \/>\n<meta property=\"og:image\" content=\"https:\/\/now-news.de\/de\/wp-content\/uploads\/sites\/3\/2023\/02\/1675272957_Mann-der-angeklagt-ist-Leiter-einer-US-Zeitung-mit-Verbindungen-zur.jpg\" \/>\n\t<meta property=\"og:image:width\" content=\"600\" \/>\n\t<meta property=\"og:image:height\" content=\"400\" \/>\n\t<meta property=\"og:image:type\" content=\"image\/jpeg\" \/>\n<meta name=\"author\" content=\"epoch\" \/>\n<meta name=\"twitter:card\" content=\"summary_large_image\" \/>\n<meta name=\"twitter:creator\" content=\"@WirMachenAuf_de\" \/>\n<meta name=\"twitter:site\" content=\"@WirMachenAuf_de\" \/>\n<meta name=\"twitter:label1\" content=\"Verfasst von\" \/>\n\t<meta name=\"twitter:data1\" content=\"epoch\" \/>\n\t<meta name=\"twitter:label2\" content=\"Gesch\u00e4tzte Lesezeit\" \/>\n\t<meta name=\"twitter:data2\" content=\"3\u00a0Minuten\" \/>\n<script type=\"application\/ld+json\" class=\"yoast-schema-graph\">{\"@context\":\"https:\/\/schema.org\",\"@graph\":[{\"@type\":\"Article\",\"@id\":\"https:\/\/now-news.de\/de\/china\/mann-der-angeklagt-ist-leiter-einer-us-zeitung-mit-verbindungen-zur-kpch-getoetet-zu-haben-steht-im-maerz-vor-gericht\/#article\",\"isPartOf\":{\"@id\":\"https:\/\/now-news.de\/de\/china\/mann-der-angeklagt-ist-leiter-einer-us-zeitung-mit-verbindungen-zur-kpch-getoetet-zu-haben-steht-im-maerz-vor-gericht\/\"},\"author\":{\"name\":\"epoch\",\"@id\":\"https:\/\/now-news.de\/de\/#\/schema\/person\/c6dfcd35a72a074487761b9d49aef52f\"},\"headline\":\"Mann, der angeklagt ist, Leiter einer US-Zeitung mit Verbindungen zur KPCh get\u00f6tet zu haben, steht im M\u00e4rz vor Gericht\",\"datePublished\":\"2023-01-31T22:56:14+00:00\",\"dateModified\":\"2023-01-31T22:56:14+00:00\",\"mainEntityOfPage\":{\"@id\":\"https:\/\/now-news.de\/de\/china\/mann-der-angeklagt-ist-leiter-einer-us-zeitung-mit-verbindungen-zur-kpch-getoetet-zu-haben-steht-im-maerz-vor-gericht\/\"},\"wordCount\":690,\"commentCount\":0,\"publisher\":{\"@id\":\"https:\/\/now-news.de\/de\/#organization\"},\"image\":{\"@id\":\"https:\/\/now-news.de\/de\/china\/mann-der-angeklagt-ist-leiter-einer-us-zeitung-mit-verbindungen-zur-kpch-getoetet-zu-haben-steht-im-maerz-vor-gericht\/#primaryimage\"},\"thumbnailUrl\":\"https:\/\/now-news.de\/de\/wp-content\/uploads\/sites\/3\/2023\/02\/1675272957_Mann-der-angeklagt-ist-Leiter-einer-US-Zeitung-mit-Verbindungen-zur.jpg\",\"keywords\":[\"angeklagt\",\"der\",\"einer\",\"Gericht\",\"get\u00f6tet\",\"haben\",\"ist\",\"KPCh\",\"Leiter\",\"Mann\",\"M\u00e4rz\",\"mit\",\"steht\",\"USZeitung\",\"Verbindungen\",\"vor\",\"zur\"],\"articleSection\":[\"China\"],\"inLanguage\":\"de\",\"potentialAction\":[{\"@type\":\"CommentAction\",\"name\":\"Comment\",\"target\":[\"https:\/\/now-news.de\/de\/china\/mann-der-angeklagt-ist-leiter-einer-us-zeitung-mit-verbindungen-zur-kpch-getoetet-zu-haben-steht-im-maerz-vor-gericht\/#respond\"]}]},{\"@type\":\"WebPage\",\"@id\":\"https:\/\/now-news.de\/de\/china\/mann-der-angeklagt-ist-leiter-einer-us-zeitung-mit-verbindungen-zur-kpch-getoetet-zu-haben-steht-im-maerz-vor-gericht\/\",\"url\":\"https:\/\/now-news.de\/de\/china\/mann-der-angeklagt-ist-leiter-einer-us-zeitung-mit-verbindungen-zur-kpch-getoetet-zu-haben-steht-im-maerz-vor-gericht\/\",\"name\":\"Mann, der angeklagt ist, Leiter einer US-Zeitung mit Verbindungen zur KPCh get\u00f6tet zu haben, steht im M\u00e4rz vor Gericht - just-now.NEWS Deutschland\",\"isPartOf\":{\"@id\":\"https:\/\/now-news.de\/de\/#website\"},\"primaryImageOfPage\":{\"@id\":\"https:\/\/now-news.de\/de\/china\/mann-der-angeklagt-ist-leiter-einer-us-zeitung-mit-verbindungen-zur-kpch-getoetet-zu-haben-steht-im-maerz-vor-gericht\/#primaryimage\"},\"image\":{\"@id\":\"https:\/\/now-news.de\/de\/china\/mann-der-angeklagt-ist-leiter-einer-us-zeitung-mit-verbindungen-zur-kpch-getoetet-zu-haben-steht-im-maerz-vor-gericht\/#primaryimage\"},\"thumbnailUrl\":\"https:\/\/now-news.de\/de\/wp-content\/uploads\/sites\/3\/2023\/02\/1675272957_Mann-der-angeklagt-ist-Leiter-einer-US-Zeitung-mit-Verbindungen-zur.jpg\",\"datePublished\":\"2023-01-31T22:56:14+00:00\",\"dateModified\":\"2023-01-31T22:56:14+00:00\",\"breadcrumb\":{\"@id\":\"https:\/\/now-news.de\/de\/china\/mann-der-angeklagt-ist-leiter-einer-us-zeitung-mit-verbindungen-zur-kpch-getoetet-zu-haben-steht-im-maerz-vor-gericht\/#breadcrumb\"},\"inLanguage\":\"de\",\"potentialAction\":[{\"@type\":\"ReadAction\",\"target\":[\"https:\/\/now-news.de\/de\/china\/mann-der-angeklagt-ist-leiter-einer-us-zeitung-mit-verbindungen-zur-kpch-getoetet-zu-haben-steht-im-maerz-vor-gericht\/\"]}]},{\"@type\":\"ImageObject\",\"inLanguage\":\"de\",\"@id\":\"https:\/\/now-news.de\/de\/china\/mann-der-angeklagt-ist-leiter-einer-us-zeitung-mit-verbindungen-zur-kpch-getoetet-zu-haben-steht-im-maerz-vor-gericht\/#primaryimage\",\"url\":\"https:\/\/now-news.de\/de\/wp-content\/uploads\/sites\/3\/2023\/02\/1675272957_Mann-der-angeklagt-ist-Leiter-einer-US-Zeitung-mit-Verbindungen-zur.jpg\",\"contentUrl\":\"https:\/\/now-news.de\/de\/wp-content\/uploads\/sites\/3\/2023\/02\/1675272957_Mann-der-angeklagt-ist-Leiter-einer-US-Zeitung-mit-Verbindungen-zur.jpg\",\"width\":600,\"height\":400,\"caption\":\"Yining Xie, founder and chairman of the U.S.-based Chinese-language newspaper China Press, was shot to death inside the publication\u2019s office in Alhambra, Calif., on Nov. 16, 2018. (Linda Jiang\/The Epoch Times)\"},{\"@type\":\"BreadcrumbList\",\"@id\":\"https:\/\/now-news.de\/de\/china\/mann-der-angeklagt-ist-leiter-einer-us-zeitung-mit-verbindungen-zur-kpch-getoetet-zu-haben-steht-im-maerz-vor-gericht\/#breadcrumb\",\"itemListElement\":[{\"@type\":\"ListItem\",\"position\":1,\"name\":\"Home\",\"item\":\"https:\/\/now-news.de\/de\/\"},{\"@type\":\"ListItem\",\"position\":2,\"name\":\"Mann, der angeklagt ist, Leiter einer US-Zeitung mit Verbindungen zur KPCh get\u00f6tet zu haben, steht im M\u00e4rz vor Gericht\"}]},{\"@type\":\"WebSite\",\"@id\":\"https:\/\/now-news.de\/de\/#website\",\"url\":\"https:\/\/now-news.de\/de\/\",\"name\":\"just-now.NEWS Deutschland\",\"description\":\"Das Portal f\u00fcr unzensierte Nachrichten aus der Welt\",\"publisher\":{\"@id\":\"https:\/\/now-news.de\/de\/#organization\"},\"potentialAction\":[{\"@type\":\"SearchAction\",\"target\":{\"@type\":\"EntryPoint\",\"urlTemplate\":\"https:\/\/now-news.de\/de\/?s={search_term_string}\"},\"query-input\":\"required name=search_term_string\"}],\"inLanguage\":\"de\"},{\"@type\":\"Organization\",\"@id\":\"https:\/\/now-news.de\/de\/#organization\",\"name\":\"Just Now News\",\"url\":\"https:\/\/now-news.de\/de\/\",\"logo\":{\"@type\":\"ImageObject\",\"inLanguage\":\"de\",\"@id\":\"https:\/\/now-news.de\/de\/#\/schema\/logo\/image\/\",\"url\":\"http:\/\/just-now.news\/de\/wp-content\/uploads\/sites\/3\/2022\/04\/logo500x500.jpg\",\"contentUrl\":\"http:\/\/just-now.news\/de\/wp-content\/uploads\/sites\/3\/2022\/04\/logo500x500.jpg\",\"width\":500,\"height\":500,\"caption\":\"Just Now News\"},\"image\":{\"@id\":\"https:\/\/now-news.de\/de\/#\/schema\/logo\/image\/\"},\"sameAs\":[\"https:\/\/www.facebook.com\/wirmachenauf\",\"https:\/\/x.com\/WirMachenAuf_de\"]},{\"@type\":\"Person\",\"@id\":\"https:\/\/now-news.de\/de\/#\/schema\/person\/c6dfcd35a72a074487761b9d49aef52f\",\"name\":\"epoch\",\"image\":{\"@type\":\"ImageObject\",\"inLanguage\":\"de\",\"@id\":\"https:\/\/now-news.de\/de\/#\/schema\/person\/image\/\",\"url\":\"https:\/\/secure.gravatar.com\/avatar\/56933836307948e61ef581cc4d100335?s=96&d=mm&r=g\",\"contentUrl\":\"https:\/\/secure.gravatar.com\/avatar\/56933836307948e61ef581cc4d100335?s=96&d=mm&r=g\",\"caption\":\"epoch\"},\"url\":\"https:\/\/now-news.de\/de\/author\/epoch\/\"}]}<\/script>\n<!-- \/ Yoast SEO Premium plugin. -->","yoast_head_json":{"title":"Mann, der angeklagt ist, Leiter einer US-Zeitung mit Verbindungen zur KPCh get\u00f6tet zu haben, steht im M\u00e4rz vor Gericht - just-now.NEWS Deutschland","robots":{"index":"index","follow":"follow","max-snippet":"max-snippet:-1","max-image-preview":"max-image-preview:large","max-video-preview":"max-video-preview:-1"},"canonical":"https:\/\/now-news.de\/de\/china\/mann-der-angeklagt-ist-leiter-einer-us-zeitung-mit-verbindungen-zur-kpch-getoetet-zu-haben-steht-im-maerz-vor-gericht\/","og_locale":"de_DE","og_type":"article","og_title":"Mann, der angeklagt ist, Leiter einer US-Zeitung mit Verbindungen zur KPCh get\u00f6tet zu haben, steht im M\u00e4rz vor Gericht","og_description":"Ein Mann, der beschuldigt wird, seinen Chef im Jahr 2018 im B\u00fcro einer chinesischsprachigen Zeitung mit Sitz in den USA in Alhambra, Kalifornien, erschossen und get\u00f6tet zu haben, wird am 1. M\u00e4rz vor Gericht stehen. Der Schwurgerichtsprozess gegen Zhong Qi Chen, 63, der angeblich Yining Xie, Gr\u00fcnder und Vorsitzender von China Press \u2013 oder Qiao [&hellip;]","og_url":"https:\/\/now-news.de\/de\/china\/mann-der-angeklagt-ist-leiter-einer-us-zeitung-mit-verbindungen-zur-kpch-getoetet-zu-haben-steht-im-maerz-vor-gericht\/","og_site_name":"just-now.NEWS Deutschland","article_publisher":"https:\/\/www.facebook.com\/wirmachenauf","article_published_time":"2023-01-31T22:56:14+00:00","og_image":[{"width":600,"height":400,"url":"https:\/\/now-news.de\/de\/wp-content\/uploads\/sites\/3\/2023\/02\/1675272957_Mann-der-angeklagt-ist-Leiter-einer-US-Zeitung-mit-Verbindungen-zur.jpg","type":"image\/jpeg"}],"author":"epoch","twitter_card":"summary_large_image","twitter_creator":"@WirMachenAuf_de","twitter_site":"@WirMachenAuf_de","twitter_misc":{"Verfasst von":"epoch","Gesch\u00e4tzte Lesezeit":"3\u00a0Minuten"},"schema":{"@context":"https:\/\/schema.org","@graph":[{"@type":"Article","@id":"https:\/\/now-news.de\/de\/china\/mann-der-angeklagt-ist-leiter-einer-us-zeitung-mit-verbindungen-zur-kpch-getoetet-zu-haben-steht-im-maerz-vor-gericht\/#article","isPartOf":{"@id":"https:\/\/now-news.de\/de\/china\/mann-der-angeklagt-ist-leiter-einer-us-zeitung-mit-verbindungen-zur-kpch-getoetet-zu-haben-steht-im-maerz-vor-gericht\/"},"author":{"name":"epoch","@id":"https:\/\/now-news.de\/de\/#\/schema\/person\/c6dfcd35a72a074487761b9d49aef52f"},"headline":"Mann, der angeklagt ist, Leiter einer US-Zeitung mit Verbindungen zur KPCh get\u00f6tet zu haben, steht im M\u00e4rz vor Gericht","datePublished":"2023-01-31T22:56:14+00:00","dateModified":"2023-01-31T22:56:14+00:00","mainEntityOfPage":{"@id":"https:\/\/now-news.de\/de\/china\/mann-der-angeklagt-ist-leiter-einer-us-zeitung-mit-verbindungen-zur-kpch-getoetet-zu-haben-steht-im-maerz-vor-gericht\/"},"wordCount":690,"commentCount":0,"publisher":{"@id":"https:\/\/now-news.de\/de\/#organization"},"image":{"@id":"https:\/\/now-news.de\/de\/china\/mann-der-angeklagt-ist-leiter-einer-us-zeitung-mit-verbindungen-zur-kpch-getoetet-zu-haben-steht-im-maerz-vor-gericht\/#primaryimage"},"thumbnailUrl":"https:\/\/now-news.de\/de\/wp-content\/uploads\/sites\/3\/2023\/02\/1675272957_Mann-der-angeklagt-ist-Leiter-einer-US-Zeitung-mit-Verbindungen-zur.jpg","keywords":["angeklagt","der","einer","Gericht","get\u00f6tet","haben","ist","KPCh","Leiter","Mann","M\u00e4rz","mit","steht","USZeitung","Verbindungen","vor","zur"],"articleSection":["China"],"inLanguage":"de","potentialAction":[{"@type":"CommentAction","name":"Comment","target":["https:\/\/now-news.de\/de\/china\/mann-der-angeklagt-ist-leiter-einer-us-zeitung-mit-verbindungen-zur-kpch-getoetet-zu-haben-steht-im-maerz-vor-gericht\/#respond"]}]},{"@type":"WebPage","@id":"https:\/\/now-news.de\/de\/china\/mann-der-angeklagt-ist-leiter-einer-us-zeitung-mit-verbindungen-zur-kpch-getoetet-zu-haben-steht-im-maerz-vor-gericht\/","url":"https:\/\/now-news.de\/de\/china\/mann-der-angeklagt-ist-leiter-einer-us-zeitung-mit-verbindungen-zur-kpch-getoetet-zu-haben-steht-im-maerz-vor-gericht\/","name":"Mann, der angeklagt ist, Leiter einer US-Zeitung mit Verbindungen zur KPCh get\u00f6tet zu haben, steht im M\u00e4rz vor Gericht - just-now.NEWS Deutschland","isPartOf":{"@id":"https:\/\/now-news.de\/de\/#website"},"primaryImageOfPage":{"@id":"https:\/\/now-news.de\/de\/china\/mann-der-angeklagt-ist-leiter-einer-us-zeitung-mit-verbindungen-zur-kpch-getoetet-zu-haben-steht-im-maerz-vor-gericht\/#primaryimage"},"image":{"@id":"https:\/\/now-news.de\/de\/china\/mann-der-angeklagt-ist-leiter-einer-us-zeitung-mit-verbindungen-zur-kpch-getoetet-zu-haben-steht-im-maerz-vor-gericht\/#primaryimage"},"thumbnailUrl":"https:\/\/now-news.de\/de\/wp-content\/uploads\/sites\/3\/2023\/02\/1675272957_Mann-der-angeklagt-ist-Leiter-einer-US-Zeitung-mit-Verbindungen-zur.jpg","datePublished":"2023-01-31T22:56:14+00:00","dateModified":"2023-01-31T22:56:14+00:00","breadcrumb":{"@id":"https:\/\/now-news.de\/de\/china\/mann-der-angeklagt-ist-leiter-einer-us-zeitung-mit-verbindungen-zur-kpch-getoetet-zu-haben-steht-im-maerz-vor-gericht\/#breadcrumb"},"inLanguage":"de","potentialAction":[{"@type":"ReadAction","target":["https:\/\/now-news.de\/de\/china\/mann-der-angeklagt-ist-leiter-einer-us-zeitung-mit-verbindungen-zur-kpch-getoetet-zu-haben-steht-im-maerz-vor-gericht\/"]}]},{"@type":"ImageObject","inLanguage":"de","@id":"https:\/\/now-news.de\/de\/china\/mann-der-angeklagt-ist-leiter-einer-us-zeitung-mit-verbindungen-zur-kpch-getoetet-zu-haben-steht-im-maerz-vor-gericht\/#primaryimage","url":"https:\/\/now-news.de\/de\/wp-content\/uploads\/sites\/3\/2023\/02\/1675272957_Mann-der-angeklagt-ist-Leiter-einer-US-Zeitung-mit-Verbindungen-zur.jpg","contentUrl":"https:\/\/now-news.de\/de\/wp-content\/uploads\/sites\/3\/2023\/02\/1675272957_Mann-der-angeklagt-ist-Leiter-einer-US-Zeitung-mit-Verbindungen-zur.jpg","width":600,"height":400,"caption":"Yining Xie, founder and chairman of the U.S.-based Chinese-language newspaper China Press, was shot to death inside the publication\u2019s office in Alhambra, Calif., on Nov. 16, 2018. (Linda Jiang\/The Epoch Times)"},{"@type":"BreadcrumbList","@id":"https:\/\/now-news.de\/de\/china\/mann-der-angeklagt-ist-leiter-einer-us-zeitung-mit-verbindungen-zur-kpch-getoetet-zu-haben-steht-im-maerz-vor-gericht\/#breadcrumb","itemListElement":[{"@type":"ListItem","position":1,"name":"Home","item":"https:\/\/now-news.de\/de\/"},{"@type":"ListItem","position":2,"name":"Mann, der angeklagt ist, Leiter einer US-Zeitung mit Verbindungen zur KPCh get\u00f6tet zu haben, steht im M\u00e4rz vor Gericht"}]},{"@type":"WebSite","@id":"https:\/\/now-news.de\/de\/#website","url":"https:\/\/now-news.de\/de\/","name":"just-now.NEWS Deutschland","description":"Das Portal f\u00fcr unzensierte Nachrichten aus der Welt","publisher":{"@id":"https:\/\/now-news.de\/de\/#organization"},"potentialAction":[{"@type":"SearchAction","target":{"@type":"EntryPoint","urlTemplate":"https:\/\/now-news.de\/de\/?s={search_term_string}"},"query-input":"required name=search_term_string"}],"inLanguage":"de"},{"@type":"Organization","@id":"https:\/\/now-news.de\/de\/#organization","name":"Just Now News","url":"https:\/\/now-news.de\/de\/","logo":{"@type":"ImageObject","inLanguage":"de","@id":"https:\/\/now-news.de\/de\/#\/schema\/logo\/image\/","url":"http:\/\/just-now.news\/de\/wp-content\/uploads\/sites\/3\/2022\/04\/logo500x500.jpg","contentUrl":"http:\/\/just-now.news\/de\/wp-content\/uploads\/sites\/3\/2022\/04\/logo500x500.jpg","width":500,"height":500,"caption":"Just Now News"},"image":{"@id":"https:\/\/now-news.de\/de\/#\/schema\/logo\/image\/"},"sameAs":["https:\/\/www.facebook.com\/wirmachenauf","https:\/\/x.com\/WirMachenAuf_de"]},{"@type":"Person","@id":"https:\/\/now-news.de\/de\/#\/schema\/person\/c6dfcd35a72a074487761b9d49aef52f","name":"epoch","image":{"@type":"ImageObject","inLanguage":"de","@id":"https:\/\/now-news.de\/de\/#\/schema\/person\/image\/","url":"https:\/\/secure.gravatar.com\/avatar\/56933836307948e61ef581cc4d100335?s=96&d=mm&r=g","contentUrl":"https:\/\/secure.gravatar.com\/avatar\/56933836307948e61ef581cc4d100335?s=96&d=mm&r=g","caption":"epoch"},"url":"https:\/\/now-news.de\/de\/author\/epoch\/"}]}},"_links":{"self":[{"href":"https:\/\/now-news.de\/de\/wp-json\/wp\/v2\/posts\/29230"}],"collection":[{"href":"https:\/\/now-news.de\/de\/wp-json\/wp\/v2\/posts"}],"about":[{"href":"https:\/\/now-news.de\/de\/wp-json\/wp\/v2\/types\/post"}],"author":[{"embeddable":true,"href":"https:\/\/now-news.de\/de\/wp-json\/wp\/v2\/users\/6"}],"replies":[{"embeddable":true,"href":"https:\/\/now-news.de\/de\/wp-json\/wp\/v2\/comments?post=29230"}],"version-history":[{"count":0,"href":"https:\/\/now-news.de\/de\/wp-json\/wp\/v2\/posts\/29230\/revisions"}],"wp:featuredmedia":[{"embeddable":true,"href":"https:\/\/now-news.de\/de\/wp-json\/wp\/v2\/media\/29231"}],"wp:attachment":[{"href":"https:\/\/now-news.de\/de\/wp-json\/wp\/v2\/media?parent=29230"}],"wp:term":[{"taxonomy":"category","embeddable":true,"href":"https:\/\/now-news.de\/de\/wp-json\/wp\/v2\/categories?post=29230"},{"taxonomy":"post_tag","embeddable":true,"href":"https:\/\/now-news.de\/de\/wp-json\/wp\/v2\/tags?post=29230"}],"curies":[{"name":"wp","href":"https:\/\/api.w.org\/{rel}","templated":true}]}}