{"id":29220,"date":"2023-02-01T18:30:05","date_gmt":"2023-02-01T16:30:05","guid":{"rendered":"http:\/\/just-now.news\/de\/deutschland\/mord-an-haitis-staatschef-us-behoerden-klagen-vier-weitere-personen-an\/"},"modified":"2023-02-01T18:30:05","modified_gmt":"2023-02-01T16:30:05","slug":"mord-an-haitis-staatschef-us-behoerden-klagen-vier-weitere-personen-an","status":"publish","type":"post","link":"https:\/\/now-news.de\/de\/deutschland\/mord-an-haitis-staatschef-us-behoerden-klagen-vier-weitere-personen-an\/","title":{"rendered":"Mord an Haitis Staatschef: US-Beh\u00f6rden klagen vier weitere Personen an"},"content":{"rendered":"<p><img decoding=\"async\" src=\"http:\/\/just-now.news\/de\/wp-content\/uploads\/sites\/3\/2023\/02\/63da6c7bb480cc2e1d54bd1a.jpg\" \/><\/p>\n<div class=\"Text-root Text-type_1 \">\n                Im Zusammenhang mit dem Mord an dem haitianischen Pr\u00e4sidenten Jovenel Mo\u00efse Anfang Juli 2021 landen jetzt vier weitere Personen auf der Anklagebank. Bei ihnen handelt es sich um drei M\u00e4nner, die die haitianische und die US-Staatsb\u00fcrgerschaft haben, sowie einen Kolumbianer.\n            <\/div>\n<p><\/p>\n<div class=\"Text-root Text-type_5 ArticleView-text ViewText-root \">\n<p>Anderthalb Jahre nach der Ermordung des haitianischen Staatschefs Jovenel Mo\u00efse m\u00fcssen sich vier weitere M\u00e4nner in den USA wegen des Attentats vor Gericht verantworten. Nach Angaben des US-Justizministeriums <a rel=\"nofollow noopener\" target=\"_blank\" href=\"https:\/\/www.justice.gov\/opa\/pr\/additional-four-charged-connection-plot-kill-haitian-president\">sind<\/a> die Beschuldigten am Dienstag von Haiti aus in US-Gewahrsam \u00fcberf\u00fchrt worden. Sie sollen im US-Bundesstaat Florida angeklagt werden.<\/p>\n<p>Bei ihnen handelt es sich um den 37-j\u00e4hrigen James Solages, den 57-j\u00e4hrigen Joseph Vincent und den 54-j\u00e4hrigen Christian Sanon, die sowohl die haitianische als auch die US-amerikanische Staatsb\u00fcrgerschaft besitzen, sowie den 44-j\u00e4hrigen Kolumbianer Germ\u00e1n Alejandro Rivera Garc\u00eda.<\/p>\n<p>Solages, Vincent und Rivera Garc\u00eda werden Verschw\u00f6rung zum Mord oder zur Entf\u00fchrung au\u00dferhalb der USA sowie Beihilfe zum Mord vorgeworfen. Sanon wird dagegen zur Last gelegt, die Ausr\u00fcstung f\u00fcr das Mordkomplott geschmuggelt zu haben. In der Mitteilung des US-Justizministeriums hei\u00dft es, diese vier Personen und andere h\u00e4tten sich an Verbrechen beteiligt, die im Mord an dem haitianischen Pr\u00e4sidenten gem\u00fcndet seien.<\/p>\n<p>Au\u00dferdem bleiben in den USA weitere drei Verd\u00e4chtige im Kontext des Attentats in Untersuchungshaft. Der 43-j\u00e4hrige Mario Antonio Palacios, der 49-j\u00e4hrige Rodolphe Jaar und der 51-j\u00e4hrige Joseph Joel John sind noch im vergangenen Jahr festgenommen worden.<\/p>\n<p>Mo\u00efse war in der Nacht zum 7. Juli 2021 in seiner Residenz in der Hauptstadt Port-au-Prince mit zw\u00f6lf Sch\u00fcssen get\u00f6tet worden. Seine Frau \u00fcberlebte den Angriff schwer verletzt und wurde zur Behandlung in ein Krankenhaus in Miami im US-Bundesstaat Florida ausgeflogen. Nach Ermittlungen der Beh\u00f6rden in Haiti und den USA sollen rund zwanzig kolumbianische S\u00f6ldner im Auftrag mehrerer Hinterm\u00e4nner die Tat ausgef\u00fchrt haben.<\/p>\n<p><strong>Mehr zum Thema<\/strong> \u2013 <a rel=\"nofollow noopener\" target=\"_blank\" href=\"https:\/\/de.rt.com\/gesellschaft\/160252-lateinamerika-und-karibik-fuehren-bei-journalistenmorden\/\">UNESCO: Lateinamerika und Karibik f\u00fchren bei Journalistenmorden \u2013 44 get\u00f6tete Reporter im Jahr 2022<\/a><\/p>\n<\/div>\n<p><br \/>\n<br \/><a href=\"https:\/\/de.rt.com\/amerika\/161645-us-behoerden-klagen-vier-weitere-personen-wegen-beteiligung-am-mord-von-haitis-staatschef-an\/\">Source link <\/a><\/p>\n","protected":false},"excerpt":{"rendered":"<p>Im Zusammenhang mit dem Mord an dem haitianischen Pr\u00e4sidenten Jovenel Mo\u00efse Anfang Juli 2021 landen jetzt vier weitere Personen auf der Anklagebank. Bei ihnen handelt es sich um drei M\u00e4nner, die die haitianische und die US-Staatsb\u00fcrgerschaft haben, sowie einen Kolumbianer. Anderthalb Jahre nach der Ermordung des haitianischen Staatschefs Jovenel Mo\u00efse m\u00fcssen sich vier weitere M\u00e4nner [&hellip;]<\/p>\n","protected":false},"author":3,"featured_media":29221,"comment_status":"open","ping_status":"open","sticky":false,"template":"","format":"standard","meta":{"_yoast_indexnow_last_ping":["1675269538"],"wp_automatic_camp":["217"],"59056cfb1f907d130fe0aba6e4e1cfc2":["Mord an Haitis Staatschef: US-Beh\u00f6rden klagen vier weitere Personen an"],"original_link":["https:\/\/de.rt.com\/amerika\/161645-us-behoerden-klagen-vier-weitere-personen-wegen-beteiligung-am-mord-von-haitis-staatschef-an\/"],"_thumbnail_id":["29221"],"_wptgpro_p2tg_sent2tg":["a:1:{i:23737;s:19:\"2023-02-01 18:40:08\";}"],"jnews_social_counter_last_update":["1777332662"]},"categories":[19,23],"tags":[40031,22673,1091,22916,7782,33945,3232,823],"yoast_head":"<!-- This site is optimized with the Yoast SEO Premium plugin v22.7 (Yoast SEO v22.7) - https:\/\/yoast.com\/wordpress\/plugins\/seo\/ -->\n<title>Mord an Haitis Staatschef: US-Beh\u00f6rden klagen vier weitere Personen an - just-now.NEWS Deutschland<\/title>\n<meta name=\"robots\" content=\"index, follow, max-snippet:-1, max-image-preview:large, max-video-preview:-1\" \/>\n<link rel=\"canonical\" href=\"https:\/\/now-news.de\/de\/deutschland\/mord-an-haitis-staatschef-us-behoerden-klagen-vier-weitere-personen-an\/\" \/>\n<meta property=\"og:locale\" content=\"de_DE\" \/>\n<meta property=\"og:type\" content=\"article\" \/>\n<meta property=\"og:title\" content=\"Mord an Haitis Staatschef: US-Beh\u00f6rden klagen vier weitere Personen an\" \/>\n<meta property=\"og:description\" content=\"Im Zusammenhang mit dem Mord an dem haitianischen Pr\u00e4sidenten Jovenel Mo\u00efse Anfang Juli 2021 landen jetzt vier weitere Personen auf der Anklagebank. Bei ihnen handelt es sich um drei M\u00e4nner, die die haitianische und die US-Staatsb\u00fcrgerschaft haben, sowie einen Kolumbianer. Anderthalb Jahre nach der Ermordung des haitianischen Staatschefs Jovenel Mo\u00efse m\u00fcssen sich vier weitere M\u00e4nner [&hellip;]\" \/>\n<meta property=\"og:url\" content=\"https:\/\/now-news.de\/de\/deutschland\/mord-an-haitis-staatschef-us-behoerden-klagen-vier-weitere-personen-an\/\" \/>\n<meta property=\"og:site_name\" content=\"just-now.NEWS Deutschland\" \/>\n<meta property=\"article:publisher\" content=\"https:\/\/www.facebook.com\/wirmachenauf\" \/>\n<meta property=\"article:published_time\" content=\"2023-02-01T16:30:05+00:00\" \/>\n<meta property=\"og:image\" content=\"https:\/\/now-news.de\/de\/wp-content\/uploads\/sites\/3\/2023\/02\/Mord-an-Haitis-Staatschef-US-Behoerden-klagen-vier-weitere-Personen-an.jpg\" \/>\n\t<meta property=\"og:image:width\" content=\"460\" \/>\n\t<meta property=\"og:image:height\" content=\"259\" \/>\n\t<meta property=\"og:image:type\" content=\"image\/jpeg\" \/>\n<meta name=\"author\" content=\"rtnews\" \/>\n<meta name=\"twitter:card\" content=\"summary_large_image\" \/>\n<meta name=\"twitter:creator\" content=\"@WirMachenAuf_de\" \/>\n<meta name=\"twitter:site\" content=\"@WirMachenAuf_de\" \/>\n<meta name=\"twitter:label1\" content=\"Verfasst von\" \/>\n\t<meta name=\"twitter:data1\" content=\"rtnews\" \/>\n\t<meta name=\"twitter:label2\" content=\"Gesch\u00e4tzte Lesezeit\" \/>\n\t<meta name=\"twitter:data2\" content=\"2\u00a0Minuten\" \/>\n<script type=\"application\/ld+json\" class=\"yoast-schema-graph\">{\"@context\":\"https:\/\/schema.org\",\"@graph\":[{\"@type\":\"Article\",\"@id\":\"https:\/\/now-news.de\/de\/deutschland\/mord-an-haitis-staatschef-us-behoerden-klagen-vier-weitere-personen-an\/#article\",\"isPartOf\":{\"@id\":\"https:\/\/now-news.de\/de\/deutschland\/mord-an-haitis-staatschef-us-behoerden-klagen-vier-weitere-personen-an\/\"},\"author\":{\"name\":\"rtnews\",\"@id\":\"https:\/\/now-news.de\/de\/#\/schema\/person\/fb534a4e865501d8b3285208df34a9b5\"},\"headline\":\"Mord an Haitis Staatschef: US-Beh\u00f6rden klagen vier weitere Personen an\",\"datePublished\":\"2023-02-01T16:30:05+00:00\",\"dateModified\":\"2023-02-01T16:30:05+00:00\",\"mainEntityOfPage\":{\"@id\":\"https:\/\/now-news.de\/de\/deutschland\/mord-an-haitis-staatschef-us-behoerden-klagen-vier-weitere-personen-an\/\"},\"wordCount\":348,\"commentCount\":0,\"publisher\":{\"@id\":\"https:\/\/now-news.de\/de\/#organization\"},\"image\":{\"@id\":\"https:\/\/now-news.de\/de\/deutschland\/mord-an-haitis-staatschef-us-behoerden-klagen-vier-weitere-personen-an\/#primaryimage\"},\"thumbnailUrl\":\"https:\/\/now-news.de\/de\/wp-content\/uploads\/sites\/3\/2023\/02\/Mord-an-Haitis-Staatschef-US-Behoerden-klagen-vier-weitere-Personen-an.jpg\",\"keywords\":[\"Haitis\",\"klagen\",\"Mord\",\"Personen\",\"Staatschef\",\"USBeh\u00f6rden\",\"vier\",\"weitere\"],\"articleSection\":[\"Deutschland\",\"Russland\"],\"inLanguage\":\"de\",\"potentialAction\":[{\"@type\":\"CommentAction\",\"name\":\"Comment\",\"target\":[\"https:\/\/now-news.de\/de\/deutschland\/mord-an-haitis-staatschef-us-behoerden-klagen-vier-weitere-personen-an\/#respond\"]}]},{\"@type\":\"WebPage\",\"@id\":\"https:\/\/now-news.de\/de\/deutschland\/mord-an-haitis-staatschef-us-behoerden-klagen-vier-weitere-personen-an\/\",\"url\":\"https:\/\/now-news.de\/de\/deutschland\/mord-an-haitis-staatschef-us-behoerden-klagen-vier-weitere-personen-an\/\",\"name\":\"Mord an Haitis Staatschef: US-Beh\u00f6rden klagen vier weitere Personen an - just-now.NEWS Deutschland\",\"isPartOf\":{\"@id\":\"https:\/\/now-news.de\/de\/#website\"},\"primaryImageOfPage\":{\"@id\":\"https:\/\/now-news.de\/de\/deutschland\/mord-an-haitis-staatschef-us-behoerden-klagen-vier-weitere-personen-an\/#primaryimage\"},\"image\":{\"@id\":\"https:\/\/now-news.de\/de\/deutschland\/mord-an-haitis-staatschef-us-behoerden-klagen-vier-weitere-personen-an\/#primaryimage\"},\"thumbnailUrl\":\"https:\/\/now-news.de\/de\/wp-content\/uploads\/sites\/3\/2023\/02\/Mord-an-Haitis-Staatschef-US-Behoerden-klagen-vier-weitere-Personen-an.jpg\",\"datePublished\":\"2023-02-01T16:30:05+00:00\",\"dateModified\":\"2023-02-01T16:30:05+00:00\",\"breadcrumb\":{\"@id\":\"https:\/\/now-news.de\/de\/deutschland\/mord-an-haitis-staatschef-us-behoerden-klagen-vier-weitere-personen-an\/#breadcrumb\"},\"inLanguage\":\"de\",\"potentialAction\":[{\"@type\":\"ReadAction\",\"target\":[\"https:\/\/now-news.de\/de\/deutschland\/mord-an-haitis-staatschef-us-behoerden-klagen-vier-weitere-personen-an\/\"]}]},{\"@type\":\"ImageObject\",\"inLanguage\":\"de\",\"@id\":\"https:\/\/now-news.de\/de\/deutschland\/mord-an-haitis-staatschef-us-behoerden-klagen-vier-weitere-personen-an\/#primaryimage\",\"url\":\"https:\/\/now-news.de\/de\/wp-content\/uploads\/sites\/3\/2023\/02\/Mord-an-Haitis-Staatschef-US-Behoerden-klagen-vier-weitere-Personen-an.jpg\",\"contentUrl\":\"https:\/\/now-news.de\/de\/wp-content\/uploads\/sites\/3\/2023\/02\/Mord-an-Haitis-Staatschef-US-Behoerden-klagen-vier-weitere-Personen-an.jpg\",\"width\":460,\"height\":259,\"caption\":\"Mord an Haitis Staatschef: US-Beh\u00f6rden klagen vier weitere Personen an\"},{\"@type\":\"BreadcrumbList\",\"@id\":\"https:\/\/now-news.de\/de\/deutschland\/mord-an-haitis-staatschef-us-behoerden-klagen-vier-weitere-personen-an\/#breadcrumb\",\"itemListElement\":[{\"@type\":\"ListItem\",\"position\":1,\"name\":\"Home\",\"item\":\"https:\/\/now-news.de\/de\/\"},{\"@type\":\"ListItem\",\"position\":2,\"name\":\"Mord an Haitis Staatschef: US-Beh\u00f6rden klagen vier weitere Personen an\"}]},{\"@type\":\"WebSite\",\"@id\":\"https:\/\/now-news.de\/de\/#website\",\"url\":\"https:\/\/now-news.de\/de\/\",\"name\":\"just-now.NEWS Deutschland\",\"description\":\"Das Portal f\u00fcr unzensierte Nachrichten aus der Welt\",\"publisher\":{\"@id\":\"https:\/\/now-news.de\/de\/#organization\"},\"potentialAction\":[{\"@type\":\"SearchAction\",\"target\":{\"@type\":\"EntryPoint\",\"urlTemplate\":\"https:\/\/now-news.de\/de\/?s={search_term_string}\"},\"query-input\":\"required name=search_term_string\"}],\"inLanguage\":\"de\"},{\"@type\":\"Organization\",\"@id\":\"https:\/\/now-news.de\/de\/#organization\",\"name\":\"Just Now News\",\"url\":\"https:\/\/now-news.de\/de\/\",\"logo\":{\"@type\":\"ImageObject\",\"inLanguage\":\"de\",\"@id\":\"https:\/\/now-news.de\/de\/#\/schema\/logo\/image\/\",\"url\":\"http:\/\/just-now.news\/de\/wp-content\/uploads\/sites\/3\/2022\/04\/logo500x500.jpg\",\"contentUrl\":\"http:\/\/just-now.news\/de\/wp-content\/uploads\/sites\/3\/2022\/04\/logo500x500.jpg\",\"width\":500,\"height\":500,\"caption\":\"Just Now News\"},\"image\":{\"@id\":\"https:\/\/now-news.de\/de\/#\/schema\/logo\/image\/\"},\"sameAs\":[\"https:\/\/www.facebook.com\/wirmachenauf\",\"https:\/\/x.com\/WirMachenAuf_de\"]},{\"@type\":\"Person\",\"@id\":\"https:\/\/now-news.de\/de\/#\/schema\/person\/fb534a4e865501d8b3285208df34a9b5\",\"name\":\"rtnews\",\"image\":{\"@type\":\"ImageObject\",\"inLanguage\":\"de\",\"@id\":\"https:\/\/now-news.de\/de\/#\/schema\/person\/image\/\",\"url\":\"https:\/\/secure.gravatar.com\/avatar\/82aafea7d8127119dd649515f56e2117?s=96&d=mm&r=g\",\"contentUrl\":\"https:\/\/secure.gravatar.com\/avatar\/82aafea7d8127119dd649515f56e2117?s=96&d=mm&r=g\",\"caption\":\"rtnews\"},\"url\":\"https:\/\/now-news.de\/de\/author\/rnews\/\"}]}<\/script>\n<!-- \/ Yoast SEO Premium plugin. -->","yoast_head_json":{"title":"Mord an Haitis Staatschef: US-Beh\u00f6rden klagen vier weitere Personen an - just-now.NEWS Deutschland","robots":{"index":"index","follow":"follow","max-snippet":"max-snippet:-1","max-image-preview":"max-image-preview:large","max-video-preview":"max-video-preview:-1"},"canonical":"https:\/\/now-news.de\/de\/deutschland\/mord-an-haitis-staatschef-us-behoerden-klagen-vier-weitere-personen-an\/","og_locale":"de_DE","og_type":"article","og_title":"Mord an Haitis Staatschef: US-Beh\u00f6rden klagen vier weitere Personen an","og_description":"Im Zusammenhang mit dem Mord an dem haitianischen Pr\u00e4sidenten Jovenel Mo\u00efse Anfang Juli 2021 landen jetzt vier weitere Personen auf der Anklagebank. Bei ihnen handelt es sich um drei M\u00e4nner, die die haitianische und die US-Staatsb\u00fcrgerschaft haben, sowie einen Kolumbianer. Anderthalb Jahre nach der Ermordung des haitianischen Staatschefs Jovenel Mo\u00efse m\u00fcssen sich vier weitere M\u00e4nner [&hellip;]","og_url":"https:\/\/now-news.de\/de\/deutschland\/mord-an-haitis-staatschef-us-behoerden-klagen-vier-weitere-personen-an\/","og_site_name":"just-now.NEWS Deutschland","article_publisher":"https:\/\/www.facebook.com\/wirmachenauf","article_published_time":"2023-02-01T16:30:05+00:00","og_image":[{"width":460,"height":259,"url":"https:\/\/now-news.de\/de\/wp-content\/uploads\/sites\/3\/2023\/02\/Mord-an-Haitis-Staatschef-US-Behoerden-klagen-vier-weitere-Personen-an.jpg","type":"image\/jpeg"}],"author":"rtnews","twitter_card":"summary_large_image","twitter_creator":"@WirMachenAuf_de","twitter_site":"@WirMachenAuf_de","twitter_misc":{"Verfasst von":"rtnews","Gesch\u00e4tzte Lesezeit":"2\u00a0Minuten"},"schema":{"@context":"https:\/\/schema.org","@graph":[{"@type":"Article","@id":"https:\/\/now-news.de\/de\/deutschland\/mord-an-haitis-staatschef-us-behoerden-klagen-vier-weitere-personen-an\/#article","isPartOf":{"@id":"https:\/\/now-news.de\/de\/deutschland\/mord-an-haitis-staatschef-us-behoerden-klagen-vier-weitere-personen-an\/"},"author":{"name":"rtnews","@id":"https:\/\/now-news.de\/de\/#\/schema\/person\/fb534a4e865501d8b3285208df34a9b5"},"headline":"Mord an Haitis Staatschef: US-Beh\u00f6rden klagen vier weitere Personen an","datePublished":"2023-02-01T16:30:05+00:00","dateModified":"2023-02-01T16:30:05+00:00","mainEntityOfPage":{"@id":"https:\/\/now-news.de\/de\/deutschland\/mord-an-haitis-staatschef-us-behoerden-klagen-vier-weitere-personen-an\/"},"wordCount":348,"commentCount":0,"publisher":{"@id":"https:\/\/now-news.de\/de\/#organization"},"image":{"@id":"https:\/\/now-news.de\/de\/deutschland\/mord-an-haitis-staatschef-us-behoerden-klagen-vier-weitere-personen-an\/#primaryimage"},"thumbnailUrl":"https:\/\/now-news.de\/de\/wp-content\/uploads\/sites\/3\/2023\/02\/Mord-an-Haitis-Staatschef-US-Behoerden-klagen-vier-weitere-Personen-an.jpg","keywords":["Haitis","klagen","Mord","Personen","Staatschef","USBeh\u00f6rden","vier","weitere"],"articleSection":["Deutschland","Russland"],"inLanguage":"de","potentialAction":[{"@type":"CommentAction","name":"Comment","target":["https:\/\/now-news.de\/de\/deutschland\/mord-an-haitis-staatschef-us-behoerden-klagen-vier-weitere-personen-an\/#respond"]}]},{"@type":"WebPage","@id":"https:\/\/now-news.de\/de\/deutschland\/mord-an-haitis-staatschef-us-behoerden-klagen-vier-weitere-personen-an\/","url":"https:\/\/now-news.de\/de\/deutschland\/mord-an-haitis-staatschef-us-behoerden-klagen-vier-weitere-personen-an\/","name":"Mord an Haitis Staatschef: US-Beh\u00f6rden klagen vier weitere Personen an - just-now.NEWS Deutschland","isPartOf":{"@id":"https:\/\/now-news.de\/de\/#website"},"primaryImageOfPage":{"@id":"https:\/\/now-news.de\/de\/deutschland\/mord-an-haitis-staatschef-us-behoerden-klagen-vier-weitere-personen-an\/#primaryimage"},"image":{"@id":"https:\/\/now-news.de\/de\/deutschland\/mord-an-haitis-staatschef-us-behoerden-klagen-vier-weitere-personen-an\/#primaryimage"},"thumbnailUrl":"https:\/\/now-news.de\/de\/wp-content\/uploads\/sites\/3\/2023\/02\/Mord-an-Haitis-Staatschef-US-Behoerden-klagen-vier-weitere-Personen-an.jpg","datePublished":"2023-02-01T16:30:05+00:00","dateModified":"2023-02-01T16:30:05+00:00","breadcrumb":{"@id":"https:\/\/now-news.de\/de\/deutschland\/mord-an-haitis-staatschef-us-behoerden-klagen-vier-weitere-personen-an\/#breadcrumb"},"inLanguage":"de","potentialAction":[{"@type":"ReadAction","target":["https:\/\/now-news.de\/de\/deutschland\/mord-an-haitis-staatschef-us-behoerden-klagen-vier-weitere-personen-an\/"]}]},{"@type":"ImageObject","inLanguage":"de","@id":"https:\/\/now-news.de\/de\/deutschland\/mord-an-haitis-staatschef-us-behoerden-klagen-vier-weitere-personen-an\/#primaryimage","url":"https:\/\/now-news.de\/de\/wp-content\/uploads\/sites\/3\/2023\/02\/Mord-an-Haitis-Staatschef-US-Behoerden-klagen-vier-weitere-Personen-an.jpg","contentUrl":"https:\/\/now-news.de\/de\/wp-content\/uploads\/sites\/3\/2023\/02\/Mord-an-Haitis-Staatschef-US-Behoerden-klagen-vier-weitere-Personen-an.jpg","width":460,"height":259,"caption":"Mord an Haitis Staatschef: US-Beh\u00f6rden klagen vier weitere Personen an"},{"@type":"BreadcrumbList","@id":"https:\/\/now-news.de\/de\/deutschland\/mord-an-haitis-staatschef-us-behoerden-klagen-vier-weitere-personen-an\/#breadcrumb","itemListElement":[{"@type":"ListItem","position":1,"name":"Home","item":"https:\/\/now-news.de\/de\/"},{"@type":"ListItem","position":2,"name":"Mord an Haitis Staatschef: US-Beh\u00f6rden klagen vier weitere Personen an"}]},{"@type":"WebSite","@id":"https:\/\/now-news.de\/de\/#website","url":"https:\/\/now-news.de\/de\/","name":"just-now.NEWS Deutschland","description":"Das Portal f\u00fcr unzensierte Nachrichten aus der Welt","publisher":{"@id":"https:\/\/now-news.de\/de\/#organization"},"potentialAction":[{"@type":"SearchAction","target":{"@type":"EntryPoint","urlTemplate":"https:\/\/now-news.de\/de\/?s={search_term_string}"},"query-input":"required name=search_term_string"}],"inLanguage":"de"},{"@type":"Organization","@id":"https:\/\/now-news.de\/de\/#organization","name":"Just Now News","url":"https:\/\/now-news.de\/de\/","logo":{"@type":"ImageObject","inLanguage":"de","@id":"https:\/\/now-news.de\/de\/#\/schema\/logo\/image\/","url":"http:\/\/just-now.news\/de\/wp-content\/uploads\/sites\/3\/2022\/04\/logo500x500.jpg","contentUrl":"http:\/\/just-now.news\/de\/wp-content\/uploads\/sites\/3\/2022\/04\/logo500x500.jpg","width":500,"height":500,"caption":"Just Now News"},"image":{"@id":"https:\/\/now-news.de\/de\/#\/schema\/logo\/image\/"},"sameAs":["https:\/\/www.facebook.com\/wirmachenauf","https:\/\/x.com\/WirMachenAuf_de"]},{"@type":"Person","@id":"https:\/\/now-news.de\/de\/#\/schema\/person\/fb534a4e865501d8b3285208df34a9b5","name":"rtnews","image":{"@type":"ImageObject","inLanguage":"de","@id":"https:\/\/now-news.de\/de\/#\/schema\/person\/image\/","url":"https:\/\/secure.gravatar.com\/avatar\/82aafea7d8127119dd649515f56e2117?s=96&d=mm&r=g","contentUrl":"https:\/\/secure.gravatar.com\/avatar\/82aafea7d8127119dd649515f56e2117?s=96&d=mm&r=g","caption":"rtnews"},"url":"https:\/\/now-news.de\/de\/author\/rnews\/"}]}},"_links":{"self":[{"href":"https:\/\/now-news.de\/de\/wp-json\/wp\/v2\/posts\/29220"}],"collection":[{"href":"https:\/\/now-news.de\/de\/wp-json\/wp\/v2\/posts"}],"about":[{"href":"https:\/\/now-news.de\/de\/wp-json\/wp\/v2\/types\/post"}],"author":[{"embeddable":true,"href":"https:\/\/now-news.de\/de\/wp-json\/wp\/v2\/users\/3"}],"replies":[{"embeddable":true,"href":"https:\/\/now-news.de\/de\/wp-json\/wp\/v2\/comments?post=29220"}],"version-history":[{"count":0,"href":"https:\/\/now-news.de\/de\/wp-json\/wp\/v2\/posts\/29220\/revisions"}],"wp:featuredmedia":[{"embeddable":true,"href":"https:\/\/now-news.de\/de\/wp-json\/wp\/v2\/media\/29221"}],"wp:attachment":[{"href":"https:\/\/now-news.de\/de\/wp-json\/wp\/v2\/media?parent=29220"}],"wp:term":[{"taxonomy":"category","embeddable":true,"href":"https:\/\/now-news.de\/de\/wp-json\/wp\/v2\/categories?post=29220"},{"taxonomy":"post_tag","embeddable":true,"href":"https:\/\/now-news.de\/de\/wp-json\/wp\/v2\/tags?post=29220"}],"curies":[{"name":"wp","href":"https:\/\/api.w.org\/{rel}","templated":true}]}}