{"id":29208,"date":"2023-02-01T17:21:04","date_gmt":"2023-02-01T15:21:04","guid":{"rendered":"https:\/\/just-now.news\/de\/deutschland\/polizei-in-baden-wuerttemberg-nimmt-mutmasslichen-serienmoerder-fest\/"},"modified":"2023-02-01T17:21:04","modified_gmt":"2023-02-01T15:21:04","slug":"polizei-in-baden-wuerttemberg-nimmt-mutmasslichen-serienmoerder-fest","status":"publish","type":"post","link":"https:\/\/now-news.de\/de\/deutschland\/polizei-in-baden-wuerttemberg-nimmt-mutmasslichen-serienmoerder-fest\/","title":{"rendered":"Polizei in Baden-W\u00fcrttemberg nimmt mutma\u00dflichen Serienm\u00f6rder fest"},"content":{"rendered":"<p><img decoding=\"async\" src=\"http:\/\/just-now.news\/de\/wp-content\/uploads\/sites\/3\/2023\/02\/63da6b1c48fbef69514690a2.jpg\" \/><\/p>\n<div class=\"Text-root Text-type_1 \">\n                Ein festgenommener Serbe soll in Baden-W\u00fcrttemberg zwei Seniorinnen get\u00f6tet haben und auch f\u00fcr den Raub\u00fcberfall auf einen 83-J\u00e4hrigen in der Region verantwortlich sein. Der Mann sitzt nun in Untersuchungshaft, er hat sich bislang jedoch nicht zu den Vorw\u00fcrfen ge\u00e4u\u00dfert.\n            <\/div>\n<p><\/p>\n<div class=\"Text-root Text-type_5 ArticleView-text ViewText-root \">\n<p>Nachdem er\u00a0zwei Seniorinnen get\u00f6tet haben und auch f\u00fcr den Raub\u00fcberfall auf einen 83 Jahre alten Mann in der Region verantwortlich sein soll, ist nun ein Verd\u00e4chtiger in Schw\u00e4bisch Hall gefasst worden\u00a0und\u00a0sitzt derzeit in Untersuchungshaft, teilte die Polizei am Mittwoch mit. Der\u00a031-j\u00e4hrige Serbe steht in dringendem Verdacht, vergangene Woche eine 89-j\u00e4hrige Frau in Michelbach an der Bilz sowie im vergangenen Dezember eine 77-J\u00e4hrige in Schw\u00e4bisch Hall get\u00f6tet zu haben.<\/p>\n<p>Die Leichen der Frauen\u00a0wurden in ihren Wohnungen\u00a0aufgefunden. Eine Tatwaffe sei im Umfeld des Tatorts in Michelbach sichergestellt worden.\u00a0Um welche Waffe es sich handelt, wurde vorerst nicht mitgeteilt. Ob der mutma\u00dfliche T\u00e4ter auch f\u00fcr weitere Taten verantwortlich ist, sei noch unklar.<\/p>\n<p>Im Fall der toten Senioren in Schw\u00e4bisch Hall geht die Staatsanwaltschaft von Mord aus Habgier aus. Der Verd\u00e4chtige soll einen Geldbetrag in niedriger bis mittlerer dreistelliger H\u00f6he erbeutet haben. Im Fall der Get\u00f6teten aus Michelbach sprachen die Ermittler von Totschlag.<\/p>\n<p>&#8220;Zahlreiche Puzzleteilchen haben zur Identifizierung des T\u00e4ters gef\u00fchrt&#8221;, sagte der Polizeipr\u00e4sident von Aalen, Reiner M\u00f6ller. So seien beispielsweise DNA-Spuren gefunden worden, des Weiteren habe ein Phantombild des mutma\u00dflichen T\u00e4ters zum Fahndungserfolg beigetragen. Es war Mitte Januar nach dem Raub\u00fcberfall in Ilshofen angefertigt worden, bei dem der Verd\u00e4chtige sein Opfer mit einer Schusswaffe bedroht hatte.<\/p>\n<p>Der 31-J\u00e4hrige habe bisher keine Aussagen zu den Vorw\u00fcrfen gemacht, sagte Oberstaatsanwalt Harald Lustig. Der Beschuldigte sei nach eigenen Angaben Anfang Dezember mit seiner Frau\u00a0und zwei Kindern nach Deutschland eingereist. Eine Meldeadresse habe er hier nicht.<\/p>\n<p>Die Gewaltverbrechen an den\u00a0\u00e4lteren Menschen hat die B\u00fcrger in der Region Schw\u00e4bisch Hall schwer verunsichert. Ungekl\u00e4rt ist bislang auch\u00a0der Tod\u00a0einer 94 Jahre alten Seniorin, deren Leiche im Oktober 2020 in Schw\u00e4bisch Hall ganz in der N\u00e4he der Wohnung der 77-j\u00e4hrigen Get\u00f6teten gefunden worden war. Auch hier geht die Polizei von einem T\u00f6tungsdelikt aus. Im September 2021 hatte die Staatsanwaltschaft die Ermittlungsakte zun\u00e4chst geschlossen, weil es zu der Zeit\u00a0keine weiterf\u00fchrenden Erkenntnisse gab.<\/p>\n<p><strong>Mehr zum Thema<\/strong> \u2013 <a rel=\"nofollow noopener\" target=\"_blank\" href=\"https:\/\/de.rt.com\/inland\/161028-bluttat-in-regionalzug-sieht-sich\/\">Bluttat in Regionalzug \u2013 Sieht sich Deutschland mit Zunahme an Messerattacken konfrontiert?<\/a><\/p>\n<div class=\"EmbedBlock-root EmbedBlock-externalVideo EmbedBlock-vk\">\n<div class=\"VkEmbed\"><iframe class=\"lazyload\" data-src=\"https:\/\/vk.com\/video_ext.php?oid=-134310637&amp;id=456262889&amp;hash=02281c9091c895db\" frameborder=\"0\" width=\"853\" height=\"480\" allowfullscreen><\/iframe><\/div>\n<\/div>\n<p><em>(rt de\/dpa)<\/em><\/p>\n<\/div>\n<p><br \/>\n<br \/><a href=\"https:\/\/de.rt.com\/inland\/161648-polizei-in-baden-wuerttemberg-nimmt-mutmasslichen-serienmoerder-fest\/\">Source link <\/a><\/p>\n","protected":false},"excerpt":{"rendered":"<p>Ein festgenommener Serbe soll in Baden-W\u00fcrttemberg zwei Seniorinnen get\u00f6tet haben und auch f\u00fcr den Raub\u00fcberfall auf einen 83-J\u00e4hrigen in der Region verantwortlich sein. Der Mann sitzt nun in Untersuchungshaft, er hat sich bislang jedoch nicht zu den Vorw\u00fcrfen ge\u00e4u\u00dfert. Nachdem er\u00a0zwei Seniorinnen get\u00f6tet haben und auch f\u00fcr den Raub\u00fcberfall auf einen 83 Jahre alten Mann [&hellip;]<\/p>\n","protected":false},"author":3,"featured_media":29209,"comment_status":"open","ping_status":"open","sticky":false,"template":"","format":"standard","meta":{"_yoast_indexnow_last_ping":["1675265701"],"wp_automatic_camp":["217"],"be354e44d0726897ff4286a34cb2a3a1":["Polizei in Baden-W\u00fcrttemberg nimmt mutma\u00dflichen Serienm\u00f6rder fest"],"original_link":["https:\/\/de.rt.com\/inland\/161648-polizei-in-baden-wuerttemberg-nimmt-mutmasslichen-serienmoerder-fest\/"],"_thumbnail_id":["29209"],"_wptgpro_p2tg_sent2tg":["a:1:{i:23737;s:19:\"2023-02-01 17:36:10\";}"],"jnews_social_counter_last_update":["1777208431"]},"categories":[19,23],"tags":[25665,19054,20689,5233,7579,40027],"yoast_head":"<!-- This site is optimized with the Yoast SEO Premium plugin v22.7 (Yoast SEO v22.7) - https:\/\/yoast.com\/wordpress\/plugins\/seo\/ -->\n<title>Polizei in Baden-W\u00fcrttemberg nimmt mutma\u00dflichen Serienm\u00f6rder fest - just-now.NEWS Deutschland<\/title>\n<meta name=\"robots\" content=\"index, follow, max-snippet:-1, max-image-preview:large, max-video-preview:-1\" \/>\n<link rel=\"canonical\" href=\"https:\/\/now-news.de\/de\/deutschland\/polizei-in-baden-wuerttemberg-nimmt-mutmasslichen-serienmoerder-fest\/\" \/>\n<meta property=\"og:locale\" content=\"de_DE\" \/>\n<meta property=\"og:type\" content=\"article\" \/>\n<meta property=\"og:title\" content=\"Polizei in Baden-W\u00fcrttemberg nimmt mutma\u00dflichen Serienm\u00f6rder fest\" \/>\n<meta property=\"og:description\" content=\"Ein festgenommener Serbe soll in Baden-W\u00fcrttemberg zwei Seniorinnen get\u00f6tet haben und auch f\u00fcr den Raub\u00fcberfall auf einen 83-J\u00e4hrigen in der Region verantwortlich sein. Der Mann sitzt nun in Untersuchungshaft, er hat sich bislang jedoch nicht zu den Vorw\u00fcrfen ge\u00e4u\u00dfert. Nachdem er\u00a0zwei Seniorinnen get\u00f6tet haben und auch f\u00fcr den Raub\u00fcberfall auf einen 83 Jahre alten Mann [&hellip;]\" \/>\n<meta property=\"og:url\" content=\"https:\/\/now-news.de\/de\/deutschland\/polizei-in-baden-wuerttemberg-nimmt-mutmasslichen-serienmoerder-fest\/\" \/>\n<meta property=\"og:site_name\" content=\"just-now.NEWS Deutschland\" \/>\n<meta property=\"article:publisher\" content=\"https:\/\/www.facebook.com\/wirmachenauf\" \/>\n<meta property=\"article:published_time\" content=\"2023-02-01T15:21:04+00:00\" \/>\n<meta property=\"og:image\" content=\"https:\/\/now-news.de\/de\/wp-content\/uploads\/sites\/3\/2023\/02\/Polizei-in-Baden-Wuerttemberg-nimmt-mutmasslichen-Serienmoerder-fest.jpg\" \/>\n\t<meta property=\"og:image:width\" content=\"460\" \/>\n\t<meta property=\"og:image:height\" content=\"259\" \/>\n\t<meta property=\"og:image:type\" content=\"image\/jpeg\" \/>\n<meta name=\"author\" content=\"rtnews\" \/>\n<meta name=\"twitter:card\" content=\"summary_large_image\" \/>\n<meta name=\"twitter:creator\" content=\"@WirMachenAuf_de\" \/>\n<meta name=\"twitter:site\" content=\"@WirMachenAuf_de\" \/>\n<meta name=\"twitter:label1\" content=\"Verfasst von\" \/>\n\t<meta name=\"twitter:data1\" content=\"rtnews\" \/>\n\t<meta name=\"twitter:label2\" content=\"Gesch\u00e4tzte Lesezeit\" \/>\n\t<meta name=\"twitter:data2\" content=\"2\u00a0Minuten\" \/>\n<script type=\"application\/ld+json\" class=\"yoast-schema-graph\">{\"@context\":\"https:\/\/schema.org\",\"@graph\":[{\"@type\":\"Article\",\"@id\":\"https:\/\/now-news.de\/de\/deutschland\/polizei-in-baden-wuerttemberg-nimmt-mutmasslichen-serienmoerder-fest\/#article\",\"isPartOf\":{\"@id\":\"https:\/\/now-news.de\/de\/deutschland\/polizei-in-baden-wuerttemberg-nimmt-mutmasslichen-serienmoerder-fest\/\"},\"author\":{\"name\":\"rtnews\",\"@id\":\"https:\/\/now-news.de\/de\/#\/schema\/person\/fb534a4e865501d8b3285208df34a9b5\"},\"headline\":\"Polizei in Baden-W\u00fcrttemberg nimmt mutma\u00dflichen Serienm\u00f6rder fest\",\"datePublished\":\"2023-02-01T15:21:04+00:00\",\"dateModified\":\"2023-02-01T15:21:04+00:00\",\"mainEntityOfPage\":{\"@id\":\"https:\/\/now-news.de\/de\/deutschland\/polizei-in-baden-wuerttemberg-nimmt-mutmasslichen-serienmoerder-fest\/\"},\"wordCount\":431,\"commentCount\":0,\"publisher\":{\"@id\":\"https:\/\/now-news.de\/de\/#organization\"},\"image\":{\"@id\":\"https:\/\/now-news.de\/de\/deutschland\/polizei-in-baden-wuerttemberg-nimmt-mutmasslichen-serienmoerder-fest\/#primaryimage\"},\"thumbnailUrl\":\"https:\/\/now-news.de\/de\/wp-content\/uploads\/sites\/3\/2023\/02\/Polizei-in-Baden-Wuerttemberg-nimmt-mutmasslichen-Serienmoerder-fest.jpg\",\"keywords\":[\"BadenW\u00fcrttemberg\",\"fest\",\"mutma\u00dflichen\",\"nimmt\",\"Polizei\",\"Serienm\u00f6rder\"],\"articleSection\":[\"Deutschland\",\"Russland\"],\"inLanguage\":\"de\",\"potentialAction\":[{\"@type\":\"CommentAction\",\"name\":\"Comment\",\"target\":[\"https:\/\/now-news.de\/de\/deutschland\/polizei-in-baden-wuerttemberg-nimmt-mutmasslichen-serienmoerder-fest\/#respond\"]}]},{\"@type\":\"WebPage\",\"@id\":\"https:\/\/now-news.de\/de\/deutschland\/polizei-in-baden-wuerttemberg-nimmt-mutmasslichen-serienmoerder-fest\/\",\"url\":\"https:\/\/now-news.de\/de\/deutschland\/polizei-in-baden-wuerttemberg-nimmt-mutmasslichen-serienmoerder-fest\/\",\"name\":\"Polizei in Baden-W\u00fcrttemberg nimmt mutma\u00dflichen Serienm\u00f6rder fest - just-now.NEWS Deutschland\",\"isPartOf\":{\"@id\":\"https:\/\/now-news.de\/de\/#website\"},\"primaryImageOfPage\":{\"@id\":\"https:\/\/now-news.de\/de\/deutschland\/polizei-in-baden-wuerttemberg-nimmt-mutmasslichen-serienmoerder-fest\/#primaryimage\"},\"image\":{\"@id\":\"https:\/\/now-news.de\/de\/deutschland\/polizei-in-baden-wuerttemberg-nimmt-mutmasslichen-serienmoerder-fest\/#primaryimage\"},\"thumbnailUrl\":\"https:\/\/now-news.de\/de\/wp-content\/uploads\/sites\/3\/2023\/02\/Polizei-in-Baden-Wuerttemberg-nimmt-mutmasslichen-Serienmoerder-fest.jpg\",\"datePublished\":\"2023-02-01T15:21:04+00:00\",\"dateModified\":\"2023-02-01T15:21:04+00:00\",\"breadcrumb\":{\"@id\":\"https:\/\/now-news.de\/de\/deutschland\/polizei-in-baden-wuerttemberg-nimmt-mutmasslichen-serienmoerder-fest\/#breadcrumb\"},\"inLanguage\":\"de\",\"potentialAction\":[{\"@type\":\"ReadAction\",\"target\":[\"https:\/\/now-news.de\/de\/deutschland\/polizei-in-baden-wuerttemberg-nimmt-mutmasslichen-serienmoerder-fest\/\"]}]},{\"@type\":\"ImageObject\",\"inLanguage\":\"de\",\"@id\":\"https:\/\/now-news.de\/de\/deutschland\/polizei-in-baden-wuerttemberg-nimmt-mutmasslichen-serienmoerder-fest\/#primaryimage\",\"url\":\"https:\/\/now-news.de\/de\/wp-content\/uploads\/sites\/3\/2023\/02\/Polizei-in-Baden-Wuerttemberg-nimmt-mutmasslichen-Serienmoerder-fest.jpg\",\"contentUrl\":\"https:\/\/now-news.de\/de\/wp-content\/uploads\/sites\/3\/2023\/02\/Polizei-in-Baden-Wuerttemberg-nimmt-mutmasslichen-Serienmoerder-fest.jpg\",\"width\":460,\"height\":259,\"caption\":\"Polizei in Baden-W\u00fcrttemberg nimmt mutma\u00dflichen Serienm\u00f6rder fest\"},{\"@type\":\"BreadcrumbList\",\"@id\":\"https:\/\/now-news.de\/de\/deutschland\/polizei-in-baden-wuerttemberg-nimmt-mutmasslichen-serienmoerder-fest\/#breadcrumb\",\"itemListElement\":[{\"@type\":\"ListItem\",\"position\":1,\"name\":\"Home\",\"item\":\"https:\/\/now-news.de\/de\/\"},{\"@type\":\"ListItem\",\"position\":2,\"name\":\"Polizei in Baden-W\u00fcrttemberg nimmt mutma\u00dflichen Serienm\u00f6rder fest\"}]},{\"@type\":\"WebSite\",\"@id\":\"https:\/\/now-news.de\/de\/#website\",\"url\":\"https:\/\/now-news.de\/de\/\",\"name\":\"just-now.NEWS Deutschland\",\"description\":\"Das Portal f\u00fcr unzensierte Nachrichten aus der Welt\",\"publisher\":{\"@id\":\"https:\/\/now-news.de\/de\/#organization\"},\"potentialAction\":[{\"@type\":\"SearchAction\",\"target\":{\"@type\":\"EntryPoint\",\"urlTemplate\":\"https:\/\/now-news.de\/de\/?s={search_term_string}\"},\"query-input\":\"required name=search_term_string\"}],\"inLanguage\":\"de\"},{\"@type\":\"Organization\",\"@id\":\"https:\/\/now-news.de\/de\/#organization\",\"name\":\"Just Now News\",\"url\":\"https:\/\/now-news.de\/de\/\",\"logo\":{\"@type\":\"ImageObject\",\"inLanguage\":\"de\",\"@id\":\"https:\/\/now-news.de\/de\/#\/schema\/logo\/image\/\",\"url\":\"http:\/\/just-now.news\/de\/wp-content\/uploads\/sites\/3\/2022\/04\/logo500x500.jpg\",\"contentUrl\":\"http:\/\/just-now.news\/de\/wp-content\/uploads\/sites\/3\/2022\/04\/logo500x500.jpg\",\"width\":500,\"height\":500,\"caption\":\"Just Now News\"},\"image\":{\"@id\":\"https:\/\/now-news.de\/de\/#\/schema\/logo\/image\/\"},\"sameAs\":[\"https:\/\/www.facebook.com\/wirmachenauf\",\"https:\/\/x.com\/WirMachenAuf_de\"]},{\"@type\":\"Person\",\"@id\":\"https:\/\/now-news.de\/de\/#\/schema\/person\/fb534a4e865501d8b3285208df34a9b5\",\"name\":\"rtnews\",\"image\":{\"@type\":\"ImageObject\",\"inLanguage\":\"de\",\"@id\":\"https:\/\/now-news.de\/de\/#\/schema\/person\/image\/\",\"url\":\"https:\/\/secure.gravatar.com\/avatar\/82aafea7d8127119dd649515f56e2117?s=96&d=mm&r=g\",\"contentUrl\":\"https:\/\/secure.gravatar.com\/avatar\/82aafea7d8127119dd649515f56e2117?s=96&d=mm&r=g\",\"caption\":\"rtnews\"},\"url\":\"https:\/\/now-news.de\/de\/author\/rnews\/\"}]}<\/script>\n<!-- \/ Yoast SEO Premium plugin. -->","yoast_head_json":{"title":"Polizei in Baden-W\u00fcrttemberg nimmt mutma\u00dflichen Serienm\u00f6rder fest - just-now.NEWS Deutschland","robots":{"index":"index","follow":"follow","max-snippet":"max-snippet:-1","max-image-preview":"max-image-preview:large","max-video-preview":"max-video-preview:-1"},"canonical":"https:\/\/now-news.de\/de\/deutschland\/polizei-in-baden-wuerttemberg-nimmt-mutmasslichen-serienmoerder-fest\/","og_locale":"de_DE","og_type":"article","og_title":"Polizei in Baden-W\u00fcrttemberg nimmt mutma\u00dflichen Serienm\u00f6rder fest","og_description":"Ein festgenommener Serbe soll in Baden-W\u00fcrttemberg zwei Seniorinnen get\u00f6tet haben und auch f\u00fcr den Raub\u00fcberfall auf einen 83-J\u00e4hrigen in der Region verantwortlich sein. Der Mann sitzt nun in Untersuchungshaft, er hat sich bislang jedoch nicht zu den Vorw\u00fcrfen ge\u00e4u\u00dfert. Nachdem er\u00a0zwei Seniorinnen get\u00f6tet haben und auch f\u00fcr den Raub\u00fcberfall auf einen 83 Jahre alten Mann [&hellip;]","og_url":"https:\/\/now-news.de\/de\/deutschland\/polizei-in-baden-wuerttemberg-nimmt-mutmasslichen-serienmoerder-fest\/","og_site_name":"just-now.NEWS Deutschland","article_publisher":"https:\/\/www.facebook.com\/wirmachenauf","article_published_time":"2023-02-01T15:21:04+00:00","og_image":[{"width":460,"height":259,"url":"https:\/\/now-news.de\/de\/wp-content\/uploads\/sites\/3\/2023\/02\/Polizei-in-Baden-Wuerttemberg-nimmt-mutmasslichen-Serienmoerder-fest.jpg","type":"image\/jpeg"}],"author":"rtnews","twitter_card":"summary_large_image","twitter_creator":"@WirMachenAuf_de","twitter_site":"@WirMachenAuf_de","twitter_misc":{"Verfasst von":"rtnews","Gesch\u00e4tzte Lesezeit":"2\u00a0Minuten"},"schema":{"@context":"https:\/\/schema.org","@graph":[{"@type":"Article","@id":"https:\/\/now-news.de\/de\/deutschland\/polizei-in-baden-wuerttemberg-nimmt-mutmasslichen-serienmoerder-fest\/#article","isPartOf":{"@id":"https:\/\/now-news.de\/de\/deutschland\/polizei-in-baden-wuerttemberg-nimmt-mutmasslichen-serienmoerder-fest\/"},"author":{"name":"rtnews","@id":"https:\/\/now-news.de\/de\/#\/schema\/person\/fb534a4e865501d8b3285208df34a9b5"},"headline":"Polizei in Baden-W\u00fcrttemberg nimmt mutma\u00dflichen Serienm\u00f6rder fest","datePublished":"2023-02-01T15:21:04+00:00","dateModified":"2023-02-01T15:21:04+00:00","mainEntityOfPage":{"@id":"https:\/\/now-news.de\/de\/deutschland\/polizei-in-baden-wuerttemberg-nimmt-mutmasslichen-serienmoerder-fest\/"},"wordCount":431,"commentCount":0,"publisher":{"@id":"https:\/\/now-news.de\/de\/#organization"},"image":{"@id":"https:\/\/now-news.de\/de\/deutschland\/polizei-in-baden-wuerttemberg-nimmt-mutmasslichen-serienmoerder-fest\/#primaryimage"},"thumbnailUrl":"https:\/\/now-news.de\/de\/wp-content\/uploads\/sites\/3\/2023\/02\/Polizei-in-Baden-Wuerttemberg-nimmt-mutmasslichen-Serienmoerder-fest.jpg","keywords":["BadenW\u00fcrttemberg","fest","mutma\u00dflichen","nimmt","Polizei","Serienm\u00f6rder"],"articleSection":["Deutschland","Russland"],"inLanguage":"de","potentialAction":[{"@type":"CommentAction","name":"Comment","target":["https:\/\/now-news.de\/de\/deutschland\/polizei-in-baden-wuerttemberg-nimmt-mutmasslichen-serienmoerder-fest\/#respond"]}]},{"@type":"WebPage","@id":"https:\/\/now-news.de\/de\/deutschland\/polizei-in-baden-wuerttemberg-nimmt-mutmasslichen-serienmoerder-fest\/","url":"https:\/\/now-news.de\/de\/deutschland\/polizei-in-baden-wuerttemberg-nimmt-mutmasslichen-serienmoerder-fest\/","name":"Polizei in Baden-W\u00fcrttemberg nimmt mutma\u00dflichen Serienm\u00f6rder fest - just-now.NEWS Deutschland","isPartOf":{"@id":"https:\/\/now-news.de\/de\/#website"},"primaryImageOfPage":{"@id":"https:\/\/now-news.de\/de\/deutschland\/polizei-in-baden-wuerttemberg-nimmt-mutmasslichen-serienmoerder-fest\/#primaryimage"},"image":{"@id":"https:\/\/now-news.de\/de\/deutschland\/polizei-in-baden-wuerttemberg-nimmt-mutmasslichen-serienmoerder-fest\/#primaryimage"},"thumbnailUrl":"https:\/\/now-news.de\/de\/wp-content\/uploads\/sites\/3\/2023\/02\/Polizei-in-Baden-Wuerttemberg-nimmt-mutmasslichen-Serienmoerder-fest.jpg","datePublished":"2023-02-01T15:21:04+00:00","dateModified":"2023-02-01T15:21:04+00:00","breadcrumb":{"@id":"https:\/\/now-news.de\/de\/deutschland\/polizei-in-baden-wuerttemberg-nimmt-mutmasslichen-serienmoerder-fest\/#breadcrumb"},"inLanguage":"de","potentialAction":[{"@type":"ReadAction","target":["https:\/\/now-news.de\/de\/deutschland\/polizei-in-baden-wuerttemberg-nimmt-mutmasslichen-serienmoerder-fest\/"]}]},{"@type":"ImageObject","inLanguage":"de","@id":"https:\/\/now-news.de\/de\/deutschland\/polizei-in-baden-wuerttemberg-nimmt-mutmasslichen-serienmoerder-fest\/#primaryimage","url":"https:\/\/now-news.de\/de\/wp-content\/uploads\/sites\/3\/2023\/02\/Polizei-in-Baden-Wuerttemberg-nimmt-mutmasslichen-Serienmoerder-fest.jpg","contentUrl":"https:\/\/now-news.de\/de\/wp-content\/uploads\/sites\/3\/2023\/02\/Polizei-in-Baden-Wuerttemberg-nimmt-mutmasslichen-Serienmoerder-fest.jpg","width":460,"height":259,"caption":"Polizei in Baden-W\u00fcrttemberg nimmt mutma\u00dflichen Serienm\u00f6rder fest"},{"@type":"BreadcrumbList","@id":"https:\/\/now-news.de\/de\/deutschland\/polizei-in-baden-wuerttemberg-nimmt-mutmasslichen-serienmoerder-fest\/#breadcrumb","itemListElement":[{"@type":"ListItem","position":1,"name":"Home","item":"https:\/\/now-news.de\/de\/"},{"@type":"ListItem","position":2,"name":"Polizei in Baden-W\u00fcrttemberg nimmt mutma\u00dflichen Serienm\u00f6rder fest"}]},{"@type":"WebSite","@id":"https:\/\/now-news.de\/de\/#website","url":"https:\/\/now-news.de\/de\/","name":"just-now.NEWS Deutschland","description":"Das Portal f\u00fcr unzensierte Nachrichten aus der Welt","publisher":{"@id":"https:\/\/now-news.de\/de\/#organization"},"potentialAction":[{"@type":"SearchAction","target":{"@type":"EntryPoint","urlTemplate":"https:\/\/now-news.de\/de\/?s={search_term_string}"},"query-input":"required name=search_term_string"}],"inLanguage":"de"},{"@type":"Organization","@id":"https:\/\/now-news.de\/de\/#organization","name":"Just Now News","url":"https:\/\/now-news.de\/de\/","logo":{"@type":"ImageObject","inLanguage":"de","@id":"https:\/\/now-news.de\/de\/#\/schema\/logo\/image\/","url":"http:\/\/just-now.news\/de\/wp-content\/uploads\/sites\/3\/2022\/04\/logo500x500.jpg","contentUrl":"http:\/\/just-now.news\/de\/wp-content\/uploads\/sites\/3\/2022\/04\/logo500x500.jpg","width":500,"height":500,"caption":"Just Now News"},"image":{"@id":"https:\/\/now-news.de\/de\/#\/schema\/logo\/image\/"},"sameAs":["https:\/\/www.facebook.com\/wirmachenauf","https:\/\/x.com\/WirMachenAuf_de"]},{"@type":"Person","@id":"https:\/\/now-news.de\/de\/#\/schema\/person\/fb534a4e865501d8b3285208df34a9b5","name":"rtnews","image":{"@type":"ImageObject","inLanguage":"de","@id":"https:\/\/now-news.de\/de\/#\/schema\/person\/image\/","url":"https:\/\/secure.gravatar.com\/avatar\/82aafea7d8127119dd649515f56e2117?s=96&d=mm&r=g","contentUrl":"https:\/\/secure.gravatar.com\/avatar\/82aafea7d8127119dd649515f56e2117?s=96&d=mm&r=g","caption":"rtnews"},"url":"https:\/\/now-news.de\/de\/author\/rnews\/"}]}},"_links":{"self":[{"href":"https:\/\/now-news.de\/de\/wp-json\/wp\/v2\/posts\/29208"}],"collection":[{"href":"https:\/\/now-news.de\/de\/wp-json\/wp\/v2\/posts"}],"about":[{"href":"https:\/\/now-news.de\/de\/wp-json\/wp\/v2\/types\/post"}],"author":[{"embeddable":true,"href":"https:\/\/now-news.de\/de\/wp-json\/wp\/v2\/users\/3"}],"replies":[{"embeddable":true,"href":"https:\/\/now-news.de\/de\/wp-json\/wp\/v2\/comments?post=29208"}],"version-history":[{"count":0,"href":"https:\/\/now-news.de\/de\/wp-json\/wp\/v2\/posts\/29208\/revisions"}],"wp:featuredmedia":[{"embeddable":true,"href":"https:\/\/now-news.de\/de\/wp-json\/wp\/v2\/media\/29209"}],"wp:attachment":[{"href":"https:\/\/now-news.de\/de\/wp-json\/wp\/v2\/media?parent=29208"}],"wp:term":[{"taxonomy":"category","embeddable":true,"href":"https:\/\/now-news.de\/de\/wp-json\/wp\/v2\/categories?post=29208"},{"taxonomy":"post_tag","embeddable":true,"href":"https:\/\/now-news.de\/de\/wp-json\/wp\/v2\/tags?post=29208"}],"curies":[{"name":"wp","href":"https:\/\/api.w.org\/{rel}","templated":true}]}}