{"id":29181,"date":"2023-02-01T12:25:30","date_gmt":"2023-02-01T10:25:30","guid":{"rendered":"http:\/\/just-now.news\/de\/deutschland\/anklage-nach-toedlichem-schuss-alec-baldwin-drohen-bis-zu-fuenf-jahre-haft\/"},"modified":"2023-02-01T12:25:30","modified_gmt":"2023-02-01T10:25:30","slug":"anklage-nach-toedlichem-schuss-alec-baldwin-drohen-bis-zu-fuenf-jahre-haft","status":"publish","type":"post","link":"https:\/\/now-news.de\/de\/deutschland\/anklage-nach-toedlichem-schuss-alec-baldwin-drohen-bis-zu-fuenf-jahre-haft\/","title":{"rendered":"Anklage nach t\u00f6dlichem Schuss: Alec Baldwin drohen bis zu f\u00fcnf Jahre Haft"},"content":{"rendered":"<p><img decoding=\"async\" src=\"http:\/\/just-now.news\/de\/wp-content\/uploads\/sites\/3\/2023\/02\/63da30c548fbef4ad2513579.jpg\" \/><\/p>\n<div class=\"Text-root Text-type_1 \">\n                Hollywood-Schauspieler Alec Baldwin muss sich wegen fahrl\u00e4ssiger T\u00f6tung verantworten. Vor rund einem Jahr hat er bei Dreharbeiten f\u00fcr den Western-Film &#8220;Rust&#8221; versehentlich eine Kamerafrau erschossen. Ihm drohen bis zu f\u00fcnf Jahre Haft, falls er schuldig gesprochen wird.\n            <\/div>\n<p><\/p>\n<div class=\"Text-root Text-type_5 ArticleView-text ViewText-root \">\n<p>Die Staatsanwaltschaft in New Mexico hat den Hollywood-Schauspieler Alec Baldwin wegen fahrl\u00e4ssiger T\u00f6tung angeklagt, weil er im Oktober 2021 die Kamerafrau Halyna Hutchins am Set des Western-Films &#8220;Rust&#8221; erschossen hatte. Entsprechende Schritte f\u00fcr eine Anklage hatte die Bezirksstaatsanw\u00e4ltin Mary Carmack-Altwies bereits Mitte Januar angek\u00fcndigt. Am Dienstag gab sie die Gerichtsdokumente mit den schweren Vorw\u00fcrfen bekannt.\u00a0Eine Untersuchung habe gen\u00fcgend Beweise ergeben, um eine Anklage wegen Totschlags zu rechtfertigen, sagte sie. &#8220;W\u00e4hrend meiner Amtszeit steht niemand \u00fcber dem Gesetz, und jeder verdient Gerechtigkeit.&#8221;<\/p>\n<p>Angeblich sei dem Schauspieler bei den Dreharbeiten gesagt worden, dass die Waffe &#8220;kalt&#8221; sei, was bedeutet, dass sie\u00a0keine scharfe Munition enthielt. Berichten zufolge probte der Schauspieler f\u00fcr eine Szene, als er die Waffe auf die Kamera richtete, die Hutchins bediente. Die Kugel t\u00f6tete Hutchins, Regisseur Joel Souza wurde von dem Projektil an der Schulter getroffen und verletzt.<\/p>\n<p>Sowohl als Schauspieler als auch als Produzent sei es Baldwin nicht gelungen, &#8220;zahlreiche fahrl\u00e4ssige und gef\u00e4hrliche&#8221; Handlungen am Filmset zu vermeiden, so die Staatsanw\u00e4lte.\u00a0<\/p>\n<p>Neben Baldwin ist auch Hannah Gutierrez-Reed angeklagt, die am Set als Waffenmeisterin arbeitete. Die junge Frau habe viele Sicherheitsvorkehrungen missachtet, etwa sei sie bei der Schuss-Szene nicht mit\u00a0Baldwin\u00a0im selben Raum gewesen. Trotz ihrer Aufsicht sei scharfe Munition ans Set gelangt. Ermittler h\u00e4tten am Drehort f\u00fcnf echte Patronen sowie die H\u00fclle des t\u00f6dlichen Geschosses vorgefunden, hie\u00df es.\u00a0Im Falle eines Schuldspruchs mit erschwerenden Umst\u00e4nden drohen den beiden Angeklagten bis zu f\u00fcnf Jahren Haft.<\/p>\n<p>Baldwins Anwalt nannte die Anklage &#8220;einen schrecklichen Justizirrtum&#8221; und f\u00fcgte hinzu: &#8220;Herr Baldwin hatte keinen Grund zu der Annahme, dass sich eine echte Kugel in der Waffe befand \u2013 oder irgendwo am Filmset.&#8221;<\/p>\n<p>Die Dreharbeiten zu &#8220;Rust&#8221;, die seit dem Vorfall ausgesetzt worden waren, sollen Berichten zufolge diesen Monat wieder aufgenommen werden, wobei Baldwin immer noch die Hauptrolle spielt und Joel\u00a0Souza weiterhin Regie f\u00fchrt.<\/p>\n<p><strong>Mehr zum Thema<\/strong> &#8211; <a rel=\"nofollow noopener\" target=\"_blank\" href=\"https:\/\/de.rt.com\/gesellschaft\/131673-familie-bei-dreharbeiten-getoteten-kamerafrau-verklagt-baldwin\/\">Familie der bei Dreharbeiten get\u00f6teten Kamerafrau verklagt Alec Baldwin<\/a><\/p>\n<\/div>\n<p><br \/>\n<br \/><a href=\"https:\/\/de.rt.com\/gesellschaft\/161614-anklage-nach-toedlichem-schuss-alec-baldwin\/\">Source link <\/a><\/p>\n","protected":false},"excerpt":{"rendered":"<p>Hollywood-Schauspieler Alec Baldwin muss sich wegen fahrl\u00e4ssiger T\u00f6tung verantworten. Vor rund einem Jahr hat er bei Dreharbeiten f\u00fcr den Western-Film &#8220;Rust&#8221; versehentlich eine Kamerafrau erschossen. Ihm drohen bis zu f\u00fcnf Jahre Haft, falls er schuldig gesprochen wird. Die Staatsanwaltschaft in New Mexico hat den Hollywood-Schauspieler Alec Baldwin wegen fahrl\u00e4ssiger T\u00f6tung angeklagt, weil er im Oktober [&hellip;]<\/p>\n","protected":false},"author":3,"featured_media":29182,"comment_status":"open","ping_status":"open","sticky":false,"template":"","format":"standard","meta":{"_yoast_indexnow_last_ping":["1675247395"],"wp_automatic_camp":["217"],"488d0815305077225f522c992d7124d5":["Anklage nach t\u00f6dlichem Schuss: Alec Baldwin drohen bis zu f\u00fcnf Jahre Haft"],"original_link":["https:\/\/de.rt.com\/gesellschaft\/161614-anklage-nach-toedlichem-schuss-alec-baldwin\/"],"_thumbnail_id":["29182"],"_wptgpro_p2tg_sent2tg":["a:1:{i:23737;s:19:\"2023-02-01 12:31:00\";}"],"jnews_social_counter_last_update":["1777186539"]},"categories":[19,23],"tags":[15120,8054,15121,843,9047,4905,19011,7530,979,19419,40010],"yoast_head":"<!-- This site is optimized with the Yoast SEO Premium plugin v22.7 (Yoast SEO v22.7) - https:\/\/yoast.com\/wordpress\/plugins\/seo\/ -->\n<title>Anklage nach t\u00f6dlichem Schuss: Alec Baldwin drohen bis zu f\u00fcnf Jahre Haft - just-now.NEWS Deutschland<\/title>\n<meta name=\"robots\" content=\"index, follow, max-snippet:-1, max-image-preview:large, max-video-preview:-1\" \/>\n<link rel=\"canonical\" href=\"https:\/\/now-news.de\/de\/deutschland\/anklage-nach-toedlichem-schuss-alec-baldwin-drohen-bis-zu-fuenf-jahre-haft\/\" \/>\n<meta property=\"og:locale\" content=\"de_DE\" \/>\n<meta property=\"og:type\" content=\"article\" \/>\n<meta property=\"og:title\" content=\"Anklage nach t\u00f6dlichem Schuss: Alec Baldwin drohen bis zu f\u00fcnf Jahre Haft\" \/>\n<meta property=\"og:description\" content=\"Hollywood-Schauspieler Alec Baldwin muss sich wegen fahrl\u00e4ssiger T\u00f6tung verantworten. Vor rund einem Jahr hat er bei Dreharbeiten f\u00fcr den Western-Film &#8220;Rust&#8221; versehentlich eine Kamerafrau erschossen. Ihm drohen bis zu f\u00fcnf Jahre Haft, falls er schuldig gesprochen wird. Die Staatsanwaltschaft in New Mexico hat den Hollywood-Schauspieler Alec Baldwin wegen fahrl\u00e4ssiger T\u00f6tung angeklagt, weil er im Oktober [&hellip;]\" \/>\n<meta property=\"og:url\" content=\"https:\/\/now-news.de\/de\/deutschland\/anklage-nach-toedlichem-schuss-alec-baldwin-drohen-bis-zu-fuenf-jahre-haft\/\" \/>\n<meta property=\"og:site_name\" content=\"just-now.NEWS Deutschland\" \/>\n<meta property=\"article:publisher\" content=\"https:\/\/www.facebook.com\/wirmachenauf\" \/>\n<meta property=\"article:published_time\" content=\"2023-02-01T10:25:30+00:00\" \/>\n<meta property=\"og:image\" content=\"https:\/\/now-news.de\/de\/wp-content\/uploads\/sites\/3\/2023\/02\/Anklage-nach-toedlichem-Schuss-Alec-Baldwin-drohen-bis-zu-fuenf.jpg\" \/>\n\t<meta property=\"og:image:width\" content=\"460\" \/>\n\t<meta property=\"og:image:height\" content=\"259\" \/>\n\t<meta property=\"og:image:type\" content=\"image\/jpeg\" \/>\n<meta name=\"author\" content=\"rtnews\" \/>\n<meta name=\"twitter:card\" content=\"summary_large_image\" \/>\n<meta name=\"twitter:creator\" content=\"@WirMachenAuf_de\" \/>\n<meta name=\"twitter:site\" content=\"@WirMachenAuf_de\" \/>\n<meta name=\"twitter:label1\" content=\"Verfasst von\" \/>\n\t<meta name=\"twitter:data1\" content=\"rtnews\" \/>\n\t<meta name=\"twitter:label2\" content=\"Gesch\u00e4tzte Lesezeit\" \/>\n\t<meta name=\"twitter:data2\" content=\"2\u00a0Minuten\" \/>\n<script type=\"application\/ld+json\" class=\"yoast-schema-graph\">{\"@context\":\"https:\/\/schema.org\",\"@graph\":[{\"@type\":\"Article\",\"@id\":\"https:\/\/now-news.de\/de\/deutschland\/anklage-nach-toedlichem-schuss-alec-baldwin-drohen-bis-zu-fuenf-jahre-haft\/#article\",\"isPartOf\":{\"@id\":\"https:\/\/now-news.de\/de\/deutschland\/anklage-nach-toedlichem-schuss-alec-baldwin-drohen-bis-zu-fuenf-jahre-haft\/\"},\"author\":{\"name\":\"rtnews\",\"@id\":\"https:\/\/now-news.de\/de\/#\/schema\/person\/fb534a4e865501d8b3285208df34a9b5\"},\"headline\":\"Anklage nach t\u00f6dlichem Schuss: Alec Baldwin drohen bis zu f\u00fcnf Jahre Haft\",\"datePublished\":\"2023-02-01T10:25:30+00:00\",\"dateModified\":\"2023-02-01T10:25:30+00:00\",\"mainEntityOfPage\":{\"@id\":\"https:\/\/now-news.de\/de\/deutschland\/anklage-nach-toedlichem-schuss-alec-baldwin-drohen-bis-zu-fuenf-jahre-haft\/\"},\"wordCount\":394,\"commentCount\":0,\"publisher\":{\"@id\":\"https:\/\/now-news.de\/de\/#organization\"},\"image\":{\"@id\":\"https:\/\/now-news.de\/de\/deutschland\/anklage-nach-toedlichem-schuss-alec-baldwin-drohen-bis-zu-fuenf-jahre-haft\/#primaryimage\"},\"thumbnailUrl\":\"https:\/\/now-news.de\/de\/wp-content\/uploads\/sites\/3\/2023\/02\/Anklage-nach-toedlichem-Schuss-Alec-Baldwin-drohen-bis-zu-fuenf.jpg\",\"keywords\":[\"Alec\",\"Anklage\",\"Baldwin\",\"bis\",\"drohen\",\"f\u00fcnf\",\"Haft\",\"Jahre\",\"nach\",\"Schuss\",\"t\u00f6dlichem\"],\"articleSection\":[\"Deutschland\",\"Russland\"],\"inLanguage\":\"de\",\"potentialAction\":[{\"@type\":\"CommentAction\",\"name\":\"Comment\",\"target\":[\"https:\/\/now-news.de\/de\/deutschland\/anklage-nach-toedlichem-schuss-alec-baldwin-drohen-bis-zu-fuenf-jahre-haft\/#respond\"]}]},{\"@type\":\"WebPage\",\"@id\":\"https:\/\/now-news.de\/de\/deutschland\/anklage-nach-toedlichem-schuss-alec-baldwin-drohen-bis-zu-fuenf-jahre-haft\/\",\"url\":\"https:\/\/now-news.de\/de\/deutschland\/anklage-nach-toedlichem-schuss-alec-baldwin-drohen-bis-zu-fuenf-jahre-haft\/\",\"name\":\"Anklage nach t\u00f6dlichem Schuss: Alec Baldwin drohen bis zu f\u00fcnf Jahre Haft - just-now.NEWS Deutschland\",\"isPartOf\":{\"@id\":\"https:\/\/now-news.de\/de\/#website\"},\"primaryImageOfPage\":{\"@id\":\"https:\/\/now-news.de\/de\/deutschland\/anklage-nach-toedlichem-schuss-alec-baldwin-drohen-bis-zu-fuenf-jahre-haft\/#primaryimage\"},\"image\":{\"@id\":\"https:\/\/now-news.de\/de\/deutschland\/anklage-nach-toedlichem-schuss-alec-baldwin-drohen-bis-zu-fuenf-jahre-haft\/#primaryimage\"},\"thumbnailUrl\":\"https:\/\/now-news.de\/de\/wp-content\/uploads\/sites\/3\/2023\/02\/Anklage-nach-toedlichem-Schuss-Alec-Baldwin-drohen-bis-zu-fuenf.jpg\",\"datePublished\":\"2023-02-01T10:25:30+00:00\",\"dateModified\":\"2023-02-01T10:25:30+00:00\",\"breadcrumb\":{\"@id\":\"https:\/\/now-news.de\/de\/deutschland\/anklage-nach-toedlichem-schuss-alec-baldwin-drohen-bis-zu-fuenf-jahre-haft\/#breadcrumb\"},\"inLanguage\":\"de\",\"potentialAction\":[{\"@type\":\"ReadAction\",\"target\":[\"https:\/\/now-news.de\/de\/deutschland\/anklage-nach-toedlichem-schuss-alec-baldwin-drohen-bis-zu-fuenf-jahre-haft\/\"]}]},{\"@type\":\"ImageObject\",\"inLanguage\":\"de\",\"@id\":\"https:\/\/now-news.de\/de\/deutschland\/anklage-nach-toedlichem-schuss-alec-baldwin-drohen-bis-zu-fuenf-jahre-haft\/#primaryimage\",\"url\":\"https:\/\/now-news.de\/de\/wp-content\/uploads\/sites\/3\/2023\/02\/Anklage-nach-toedlichem-Schuss-Alec-Baldwin-drohen-bis-zu-fuenf.jpg\",\"contentUrl\":\"https:\/\/now-news.de\/de\/wp-content\/uploads\/sites\/3\/2023\/02\/Anklage-nach-toedlichem-Schuss-Alec-Baldwin-drohen-bis-zu-fuenf.jpg\",\"width\":460,\"height\":259,\"caption\":\"Anklage nach t\u00f6dlichem Schuss: Alec Baldwin drohen bis zu f\u00fcnf Jahre Haft\"},{\"@type\":\"BreadcrumbList\",\"@id\":\"https:\/\/now-news.de\/de\/deutschland\/anklage-nach-toedlichem-schuss-alec-baldwin-drohen-bis-zu-fuenf-jahre-haft\/#breadcrumb\",\"itemListElement\":[{\"@type\":\"ListItem\",\"position\":1,\"name\":\"Home\",\"item\":\"https:\/\/now-news.de\/de\/\"},{\"@type\":\"ListItem\",\"position\":2,\"name\":\"Anklage nach t\u00f6dlichem Schuss: Alec Baldwin drohen bis zu f\u00fcnf Jahre Haft\"}]},{\"@type\":\"WebSite\",\"@id\":\"https:\/\/now-news.de\/de\/#website\",\"url\":\"https:\/\/now-news.de\/de\/\",\"name\":\"just-now.NEWS Deutschland\",\"description\":\"Das Portal f\u00fcr unzensierte Nachrichten aus der Welt\",\"publisher\":{\"@id\":\"https:\/\/now-news.de\/de\/#organization\"},\"potentialAction\":[{\"@type\":\"SearchAction\",\"target\":{\"@type\":\"EntryPoint\",\"urlTemplate\":\"https:\/\/now-news.de\/de\/?s={search_term_string}\"},\"query-input\":\"required name=search_term_string\"}],\"inLanguage\":\"de\"},{\"@type\":\"Organization\",\"@id\":\"https:\/\/now-news.de\/de\/#organization\",\"name\":\"Just Now News\",\"url\":\"https:\/\/now-news.de\/de\/\",\"logo\":{\"@type\":\"ImageObject\",\"inLanguage\":\"de\",\"@id\":\"https:\/\/now-news.de\/de\/#\/schema\/logo\/image\/\",\"url\":\"http:\/\/just-now.news\/de\/wp-content\/uploads\/sites\/3\/2022\/04\/logo500x500.jpg\",\"contentUrl\":\"http:\/\/just-now.news\/de\/wp-content\/uploads\/sites\/3\/2022\/04\/logo500x500.jpg\",\"width\":500,\"height\":500,\"caption\":\"Just Now News\"},\"image\":{\"@id\":\"https:\/\/now-news.de\/de\/#\/schema\/logo\/image\/\"},\"sameAs\":[\"https:\/\/www.facebook.com\/wirmachenauf\",\"https:\/\/x.com\/WirMachenAuf_de\"]},{\"@type\":\"Person\",\"@id\":\"https:\/\/now-news.de\/de\/#\/schema\/person\/fb534a4e865501d8b3285208df34a9b5\",\"name\":\"rtnews\",\"image\":{\"@type\":\"ImageObject\",\"inLanguage\":\"de\",\"@id\":\"https:\/\/now-news.de\/de\/#\/schema\/person\/image\/\",\"url\":\"https:\/\/secure.gravatar.com\/avatar\/82aafea7d8127119dd649515f56e2117?s=96&d=mm&r=g\",\"contentUrl\":\"https:\/\/secure.gravatar.com\/avatar\/82aafea7d8127119dd649515f56e2117?s=96&d=mm&r=g\",\"caption\":\"rtnews\"},\"url\":\"https:\/\/now-news.de\/de\/author\/rnews\/\"}]}<\/script>\n<!-- \/ Yoast SEO Premium plugin. -->","yoast_head_json":{"title":"Anklage nach t\u00f6dlichem Schuss: Alec Baldwin drohen bis zu f\u00fcnf Jahre Haft - just-now.NEWS Deutschland","robots":{"index":"index","follow":"follow","max-snippet":"max-snippet:-1","max-image-preview":"max-image-preview:large","max-video-preview":"max-video-preview:-1"},"canonical":"https:\/\/now-news.de\/de\/deutschland\/anklage-nach-toedlichem-schuss-alec-baldwin-drohen-bis-zu-fuenf-jahre-haft\/","og_locale":"de_DE","og_type":"article","og_title":"Anklage nach t\u00f6dlichem Schuss: Alec Baldwin drohen bis zu f\u00fcnf Jahre Haft","og_description":"Hollywood-Schauspieler Alec Baldwin muss sich wegen fahrl\u00e4ssiger T\u00f6tung verantworten. Vor rund einem Jahr hat er bei Dreharbeiten f\u00fcr den Western-Film &#8220;Rust&#8221; versehentlich eine Kamerafrau erschossen. Ihm drohen bis zu f\u00fcnf Jahre Haft, falls er schuldig gesprochen wird. Die Staatsanwaltschaft in New Mexico hat den Hollywood-Schauspieler Alec Baldwin wegen fahrl\u00e4ssiger T\u00f6tung angeklagt, weil er im Oktober [&hellip;]","og_url":"https:\/\/now-news.de\/de\/deutschland\/anklage-nach-toedlichem-schuss-alec-baldwin-drohen-bis-zu-fuenf-jahre-haft\/","og_site_name":"just-now.NEWS Deutschland","article_publisher":"https:\/\/www.facebook.com\/wirmachenauf","article_published_time":"2023-02-01T10:25:30+00:00","og_image":[{"width":460,"height":259,"url":"https:\/\/now-news.de\/de\/wp-content\/uploads\/sites\/3\/2023\/02\/Anklage-nach-toedlichem-Schuss-Alec-Baldwin-drohen-bis-zu-fuenf.jpg","type":"image\/jpeg"}],"author":"rtnews","twitter_card":"summary_large_image","twitter_creator":"@WirMachenAuf_de","twitter_site":"@WirMachenAuf_de","twitter_misc":{"Verfasst von":"rtnews","Gesch\u00e4tzte Lesezeit":"2\u00a0Minuten"},"schema":{"@context":"https:\/\/schema.org","@graph":[{"@type":"Article","@id":"https:\/\/now-news.de\/de\/deutschland\/anklage-nach-toedlichem-schuss-alec-baldwin-drohen-bis-zu-fuenf-jahre-haft\/#article","isPartOf":{"@id":"https:\/\/now-news.de\/de\/deutschland\/anklage-nach-toedlichem-schuss-alec-baldwin-drohen-bis-zu-fuenf-jahre-haft\/"},"author":{"name":"rtnews","@id":"https:\/\/now-news.de\/de\/#\/schema\/person\/fb534a4e865501d8b3285208df34a9b5"},"headline":"Anklage nach t\u00f6dlichem Schuss: Alec Baldwin drohen bis zu f\u00fcnf Jahre Haft","datePublished":"2023-02-01T10:25:30+00:00","dateModified":"2023-02-01T10:25:30+00:00","mainEntityOfPage":{"@id":"https:\/\/now-news.de\/de\/deutschland\/anklage-nach-toedlichem-schuss-alec-baldwin-drohen-bis-zu-fuenf-jahre-haft\/"},"wordCount":394,"commentCount":0,"publisher":{"@id":"https:\/\/now-news.de\/de\/#organization"},"image":{"@id":"https:\/\/now-news.de\/de\/deutschland\/anklage-nach-toedlichem-schuss-alec-baldwin-drohen-bis-zu-fuenf-jahre-haft\/#primaryimage"},"thumbnailUrl":"https:\/\/now-news.de\/de\/wp-content\/uploads\/sites\/3\/2023\/02\/Anklage-nach-toedlichem-Schuss-Alec-Baldwin-drohen-bis-zu-fuenf.jpg","keywords":["Alec","Anklage","Baldwin","bis","drohen","f\u00fcnf","Haft","Jahre","nach","Schuss","t\u00f6dlichem"],"articleSection":["Deutschland","Russland"],"inLanguage":"de","potentialAction":[{"@type":"CommentAction","name":"Comment","target":["https:\/\/now-news.de\/de\/deutschland\/anklage-nach-toedlichem-schuss-alec-baldwin-drohen-bis-zu-fuenf-jahre-haft\/#respond"]}]},{"@type":"WebPage","@id":"https:\/\/now-news.de\/de\/deutschland\/anklage-nach-toedlichem-schuss-alec-baldwin-drohen-bis-zu-fuenf-jahre-haft\/","url":"https:\/\/now-news.de\/de\/deutschland\/anklage-nach-toedlichem-schuss-alec-baldwin-drohen-bis-zu-fuenf-jahre-haft\/","name":"Anklage nach t\u00f6dlichem Schuss: Alec Baldwin drohen bis zu f\u00fcnf Jahre Haft - just-now.NEWS Deutschland","isPartOf":{"@id":"https:\/\/now-news.de\/de\/#website"},"primaryImageOfPage":{"@id":"https:\/\/now-news.de\/de\/deutschland\/anklage-nach-toedlichem-schuss-alec-baldwin-drohen-bis-zu-fuenf-jahre-haft\/#primaryimage"},"image":{"@id":"https:\/\/now-news.de\/de\/deutschland\/anklage-nach-toedlichem-schuss-alec-baldwin-drohen-bis-zu-fuenf-jahre-haft\/#primaryimage"},"thumbnailUrl":"https:\/\/now-news.de\/de\/wp-content\/uploads\/sites\/3\/2023\/02\/Anklage-nach-toedlichem-Schuss-Alec-Baldwin-drohen-bis-zu-fuenf.jpg","datePublished":"2023-02-01T10:25:30+00:00","dateModified":"2023-02-01T10:25:30+00:00","breadcrumb":{"@id":"https:\/\/now-news.de\/de\/deutschland\/anklage-nach-toedlichem-schuss-alec-baldwin-drohen-bis-zu-fuenf-jahre-haft\/#breadcrumb"},"inLanguage":"de","potentialAction":[{"@type":"ReadAction","target":["https:\/\/now-news.de\/de\/deutschland\/anklage-nach-toedlichem-schuss-alec-baldwin-drohen-bis-zu-fuenf-jahre-haft\/"]}]},{"@type":"ImageObject","inLanguage":"de","@id":"https:\/\/now-news.de\/de\/deutschland\/anklage-nach-toedlichem-schuss-alec-baldwin-drohen-bis-zu-fuenf-jahre-haft\/#primaryimage","url":"https:\/\/now-news.de\/de\/wp-content\/uploads\/sites\/3\/2023\/02\/Anklage-nach-toedlichem-Schuss-Alec-Baldwin-drohen-bis-zu-fuenf.jpg","contentUrl":"https:\/\/now-news.de\/de\/wp-content\/uploads\/sites\/3\/2023\/02\/Anklage-nach-toedlichem-Schuss-Alec-Baldwin-drohen-bis-zu-fuenf.jpg","width":460,"height":259,"caption":"Anklage nach t\u00f6dlichem Schuss: Alec Baldwin drohen bis zu f\u00fcnf Jahre Haft"},{"@type":"BreadcrumbList","@id":"https:\/\/now-news.de\/de\/deutschland\/anklage-nach-toedlichem-schuss-alec-baldwin-drohen-bis-zu-fuenf-jahre-haft\/#breadcrumb","itemListElement":[{"@type":"ListItem","position":1,"name":"Home","item":"https:\/\/now-news.de\/de\/"},{"@type":"ListItem","position":2,"name":"Anklage nach t\u00f6dlichem Schuss: Alec Baldwin drohen bis zu f\u00fcnf Jahre Haft"}]},{"@type":"WebSite","@id":"https:\/\/now-news.de\/de\/#website","url":"https:\/\/now-news.de\/de\/","name":"just-now.NEWS Deutschland","description":"Das Portal f\u00fcr unzensierte Nachrichten aus der Welt","publisher":{"@id":"https:\/\/now-news.de\/de\/#organization"},"potentialAction":[{"@type":"SearchAction","target":{"@type":"EntryPoint","urlTemplate":"https:\/\/now-news.de\/de\/?s={search_term_string}"},"query-input":"required name=search_term_string"}],"inLanguage":"de"},{"@type":"Organization","@id":"https:\/\/now-news.de\/de\/#organization","name":"Just Now News","url":"https:\/\/now-news.de\/de\/","logo":{"@type":"ImageObject","inLanguage":"de","@id":"https:\/\/now-news.de\/de\/#\/schema\/logo\/image\/","url":"http:\/\/just-now.news\/de\/wp-content\/uploads\/sites\/3\/2022\/04\/logo500x500.jpg","contentUrl":"http:\/\/just-now.news\/de\/wp-content\/uploads\/sites\/3\/2022\/04\/logo500x500.jpg","width":500,"height":500,"caption":"Just Now News"},"image":{"@id":"https:\/\/now-news.de\/de\/#\/schema\/logo\/image\/"},"sameAs":["https:\/\/www.facebook.com\/wirmachenauf","https:\/\/x.com\/WirMachenAuf_de"]},{"@type":"Person","@id":"https:\/\/now-news.de\/de\/#\/schema\/person\/fb534a4e865501d8b3285208df34a9b5","name":"rtnews","image":{"@type":"ImageObject","inLanguage":"de","@id":"https:\/\/now-news.de\/de\/#\/schema\/person\/image\/","url":"https:\/\/secure.gravatar.com\/avatar\/82aafea7d8127119dd649515f56e2117?s=96&d=mm&r=g","contentUrl":"https:\/\/secure.gravatar.com\/avatar\/82aafea7d8127119dd649515f56e2117?s=96&d=mm&r=g","caption":"rtnews"},"url":"https:\/\/now-news.de\/de\/author\/rnews\/"}]}},"_links":{"self":[{"href":"https:\/\/now-news.de\/de\/wp-json\/wp\/v2\/posts\/29181"}],"collection":[{"href":"https:\/\/now-news.de\/de\/wp-json\/wp\/v2\/posts"}],"about":[{"href":"https:\/\/now-news.de\/de\/wp-json\/wp\/v2\/types\/post"}],"author":[{"embeddable":true,"href":"https:\/\/now-news.de\/de\/wp-json\/wp\/v2\/users\/3"}],"replies":[{"embeddable":true,"href":"https:\/\/now-news.de\/de\/wp-json\/wp\/v2\/comments?post=29181"}],"version-history":[{"count":0,"href":"https:\/\/now-news.de\/de\/wp-json\/wp\/v2\/posts\/29181\/revisions"}],"wp:featuredmedia":[{"embeddable":true,"href":"https:\/\/now-news.de\/de\/wp-json\/wp\/v2\/media\/29182"}],"wp:attachment":[{"href":"https:\/\/now-news.de\/de\/wp-json\/wp\/v2\/media?parent=29181"}],"wp:term":[{"taxonomy":"category","embeddable":true,"href":"https:\/\/now-news.de\/de\/wp-json\/wp\/v2\/categories?post=29181"},{"taxonomy":"post_tag","embeddable":true,"href":"https:\/\/now-news.de\/de\/wp-json\/wp\/v2\/tags?post=29181"}],"curies":[{"name":"wp","href":"https:\/\/api.w.org\/{rel}","templated":true}]}}