{"id":29149,"date":"2023-01-31T23:25:34","date_gmt":"2023-01-31T21:25:34","guid":{"rendered":"https:\/\/just-now.news\/de\/deutschland\/proteste-gegen-macrons-rentenreform-legen-frankreich-lahm\/"},"modified":"2023-01-31T23:25:34","modified_gmt":"2023-01-31T21:25:34","slug":"proteste-gegen-macrons-rentenreform-legen-frankreich-lahm","status":"publish","type":"post","link":"https:\/\/now-news.de\/de\/deutschland\/proteste-gegen-macrons-rentenreform-legen-frankreich-lahm\/","title":{"rendered":"Proteste gegen Macrons Rentenreform legen Frankreich lahm"},"content":{"rendered":"<p><img decoding=\"async\" src=\"http:\/\/just-now.news\/de\/wp-content\/uploads\/sites\/3\/2023\/01\/63d97eb0b480cc599c3797e1.jpg\" \/><\/p>\n<div class=\"Text-root Text-type_1 \">\n                Die Protestwelle gegen Emmanuel Macrons geplante Rentenreform in Frankreich ebbt nicht ab: Verkehrsbetriebe und Schulen werden bestreikt, das \u00f6ffentliche Leben ist weitgehend lahmgelegt, und selbst Energiekonzerne drosseln die Stromproduktion. Macron ger\u00e4t zunehmend unter Druck.\n            <\/div>\n<p><\/p>\n<div class=\"Text-root Text-type_5 ArticleView-text ViewText-root \">\n<p>In Frankreich nehmen die Proteste gegen die geplante Rentenreform von Pr\u00e4sident Emmanuel Macron kein Ende: Am zweiten gr\u00f6\u00dferen Protesttag legten Streiks weite Teile des \u00f6ffentlichen Lebens lahm. Im ganzen Land fielen Bahnen, Busse und Fl\u00fcge aus und in zahlreichen Schulen auch der Unterricht.<\/p>\n<p>Aus Protest fuhren Besch\u00e4ftigte des Energiekonzerns EDF die Stromproduktion herunter, zu Stromausf\u00e4llen f\u00fchrte dies jedoch nicht. Auch die Belegschaft in den Raffinerien und Treibstoffdepots des Energiekonzerns Total Energies legte zu gro\u00dfen Teilen die Arbeit nieder. An etwa 200 Orten sind Demonstrationen geplant. 11.000 Sicherheitskr\u00e4fte sollen Ausschreitungen verhindern, davon allein 4.000 in Paris.<\/p>\n<p>GT-Gewerkschaftschef Philippe Martinez sagte dem Sender <em>BFM TV<\/em>, wenn die Botschaft nicht geh\u00f6rt werde, &#8220;werden wir sie jetzt noch lauter und zahlreicher vermitteln&#8221;. Von den Gewerkschaften wird gefordert, auf die geplante Erh\u00f6hung des Renteneintrittalters von 62 auf 64 Jahre zu verzichten. Macron hatte zuvor betont, dass die Reform notwendig sei,&#8221;um das System zu retten&#8221;. Zudem liege das Renteneintrittsalter anderen EU-L\u00e4ndern deutlich h\u00f6her. Tatsache ist, dass die Rentenkasse in Frankreich derzeit ein Plus aufweist. Sch\u00e4tzungen zufolge k\u00f6nnte es bis zum Jahr 2030 allerdings zu einem Defizit in H\u00f6he von 14 Milliarden Euro kommen. Macron behauptete daher, eine Reform sei &#8220;unumg\u00e4nglich&#8221;, f\u00fcr ihn ist die Reform eines der wichtigsten Vorhaben seiner zweiten und letzten Amtszeit.<\/p>\n<p>Als Folge der Rentenreform und der Protestwelle sanken Macrons Umfragewerte um f\u00fcnf Prozentpunkte, demnach kommt er derzeit auf eine Zustimmung von 36 Prozent. Fast zwei Drittel der Bev\u00f6lkerung machten Umfragen zufolge die Regierung f\u00fcr die Streiks und die L\u00e4hmung des \u00f6ffentlichen Lebens verantwortlich.<\/p>\n<p>Experten gehen davon aus, dass die Protestwelle noch lange nicht am Ende ist: Bei vorherigen Reformversuchen 2019 hatte Frankreich die l\u00e4ngsten Streiks seit den Studentenunruhen 1968 erlebt. Der Sozialexperte Raymond Soubie sagte der Zeitung <em>Le Parisien<\/em>:<\/p>\n<blockquote>\n<p><em>&#8220;Die Renten sind in der Vorstellung der Franzosen eine heilige Kuh. Sie sind ein Symbol f\u00fcr das gesamte Sozialsystem und k\u00f6nnen daher zum Katalysator der Wut werden.&#8221;<\/em><\/p>\n<\/blockquote>\n<p><strong>Mehr zum Thema &#8211;<\/strong>\u00a0<a rel=\"nofollow noopener\" target=\"_blank\" href=\"https:\/\/test.rtde.life\/kurzclips\/video\/160668-paris-erneut-massenprotest-gegen-rentenplaene\/\">Paris: Erneut Massenprotest gegen Rentenpl\u00e4ne \u2013 &#8220;Macron ist autokratisch&#8221;<\/a><\/p>\n<div class=\"EmbedBlock-root EmbedBlock-externalVideo EmbedBlock-vk\">\n<div class=\"VkEmbed\"><iframe class=\"lazyload\" data-src=\"https:\/\/vk.com\/video_ext.php?oid=-134310637&amp;id=456263092&amp;hash=26f028bfc12f5deb\" frameborder=\"0\" width=\"853\" height=\"480\" allowfullscreen><\/iframe><\/div>\n<\/div>\n<\/div>\n<p><br \/>\n<br \/><a href=\"https:\/\/de.rt.com\/europa\/161584-proteste-gegen-macrons-rentenreform-legen\/\">Source link <\/a><\/p>\n","protected":false},"excerpt":{"rendered":"<p>Die Protestwelle gegen Emmanuel Macrons geplante Rentenreform in Frankreich ebbt nicht ab: Verkehrsbetriebe und Schulen werden bestreikt, das \u00f6ffentliche Leben ist weitgehend lahmgelegt, und selbst Energiekonzerne drosseln die Stromproduktion. Macron ger\u00e4t zunehmend unter Druck. In Frankreich nehmen die Proteste gegen die geplante Rentenreform von Pr\u00e4sident Emmanuel Macron kein Ende: Am zweiten gr\u00f6\u00dferen Protesttag legten Streiks [&hellip;]<\/p>\n","protected":false},"author":3,"featured_media":29150,"comment_status":"open","ping_status":"open","sticky":false,"template":"","format":"standard","meta":{"_yoast_indexnow_last_ping":["1675201138"],"wp_automatic_camp":["217"],"0c05c2b40aaae155face887911dee6c9":["Proteste gegen Macrons Rentenreform legen Frankreich lahm"],"original_link":["https:\/\/de.rt.com\/europa\/161584-proteste-gegen-macrons-rentenreform-legen\/"],"_thumbnail_id":["29150"],"_wptgpro_p2tg_sent2tg":["a:1:{i:23737;s:19:\"2023-01-31 23:40:00\";}"],"jnews_social_counter_last_update":["1777317722"]},"categories":[19,23],"tags":[3320,278,34497,28400,24029,3824,39987],"yoast_head":"<!-- This site is optimized with the Yoast SEO Premium plugin v22.7 (Yoast SEO v22.7) - https:\/\/yoast.com\/wordpress\/plugins\/seo\/ -->\n<title>Proteste gegen Macrons Rentenreform legen Frankreich lahm - just-now.NEWS Deutschland<\/title>\n<meta name=\"robots\" content=\"index, follow, max-snippet:-1, max-image-preview:large, max-video-preview:-1\" \/>\n<link rel=\"canonical\" href=\"https:\/\/now-news.de\/de\/deutschland\/proteste-gegen-macrons-rentenreform-legen-frankreich-lahm\/\" \/>\n<meta property=\"og:locale\" content=\"de_DE\" \/>\n<meta property=\"og:type\" content=\"article\" \/>\n<meta property=\"og:title\" content=\"Proteste gegen Macrons Rentenreform legen Frankreich lahm\" \/>\n<meta property=\"og:description\" content=\"Die Protestwelle gegen Emmanuel Macrons geplante Rentenreform in Frankreich ebbt nicht ab: Verkehrsbetriebe und Schulen werden bestreikt, das \u00f6ffentliche Leben ist weitgehend lahmgelegt, und selbst Energiekonzerne drosseln die Stromproduktion. Macron ger\u00e4t zunehmend unter Druck. In Frankreich nehmen die Proteste gegen die geplante Rentenreform von Pr\u00e4sident Emmanuel Macron kein Ende: Am zweiten gr\u00f6\u00dferen Protesttag legten Streiks [&hellip;]\" \/>\n<meta property=\"og:url\" content=\"https:\/\/now-news.de\/de\/deutschland\/proteste-gegen-macrons-rentenreform-legen-frankreich-lahm\/\" \/>\n<meta property=\"og:site_name\" content=\"just-now.NEWS Deutschland\" \/>\n<meta property=\"article:publisher\" content=\"https:\/\/www.facebook.com\/wirmachenauf\" \/>\n<meta property=\"article:published_time\" content=\"2023-01-31T21:25:34+00:00\" \/>\n<meta property=\"og:image\" content=\"https:\/\/now-news.de\/de\/wp-content\/uploads\/sites\/3\/2023\/01\/Proteste-gegen-Macrons-Rentenreform-legen-Frankreich-lahm.jpg\" \/>\n\t<meta property=\"og:image:width\" content=\"460\" \/>\n\t<meta property=\"og:image:height\" content=\"259\" \/>\n\t<meta property=\"og:image:type\" content=\"image\/jpeg\" \/>\n<meta name=\"author\" content=\"rtnews\" \/>\n<meta name=\"twitter:card\" content=\"summary_large_image\" \/>\n<meta name=\"twitter:creator\" content=\"@WirMachenAuf_de\" \/>\n<meta name=\"twitter:site\" content=\"@WirMachenAuf_de\" \/>\n<meta name=\"twitter:label1\" content=\"Verfasst von\" \/>\n\t<meta name=\"twitter:data1\" content=\"rtnews\" \/>\n\t<meta name=\"twitter:label2\" content=\"Gesch\u00e4tzte Lesezeit\" \/>\n\t<meta name=\"twitter:data2\" content=\"2\u00a0Minuten\" \/>\n<script type=\"application\/ld+json\" class=\"yoast-schema-graph\">{\"@context\":\"https:\/\/schema.org\",\"@graph\":[{\"@type\":\"Article\",\"@id\":\"https:\/\/now-news.de\/de\/deutschland\/proteste-gegen-macrons-rentenreform-legen-frankreich-lahm\/#article\",\"isPartOf\":{\"@id\":\"https:\/\/now-news.de\/de\/deutschland\/proteste-gegen-macrons-rentenreform-legen-frankreich-lahm\/\"},\"author\":{\"name\":\"rtnews\",\"@id\":\"https:\/\/now-news.de\/de\/#\/schema\/person\/fb534a4e865501d8b3285208df34a9b5\"},\"headline\":\"Proteste gegen Macrons Rentenreform legen Frankreich lahm\",\"datePublished\":\"2023-01-31T21:25:34+00:00\",\"dateModified\":\"2023-01-31T21:25:34+00:00\",\"mainEntityOfPage\":{\"@id\":\"https:\/\/now-news.de\/de\/deutschland\/proteste-gegen-macrons-rentenreform-legen-frankreich-lahm\/\"},\"wordCount\":387,\"commentCount\":0,\"publisher\":{\"@id\":\"https:\/\/now-news.de\/de\/#organization\"},\"image\":{\"@id\":\"https:\/\/now-news.de\/de\/deutschland\/proteste-gegen-macrons-rentenreform-legen-frankreich-lahm\/#primaryimage\"},\"thumbnailUrl\":\"https:\/\/now-news.de\/de\/wp-content\/uploads\/sites\/3\/2023\/01\/Proteste-gegen-Macrons-Rentenreform-legen-Frankreich-lahm.jpg\",\"keywords\":[\"Frankreich\",\"gegen\",\"lahm\",\"legen\",\"Macrons\",\"Proteste\",\"Rentenreform\"],\"articleSection\":[\"Deutschland\",\"Russland\"],\"inLanguage\":\"de\",\"potentialAction\":[{\"@type\":\"CommentAction\",\"name\":\"Comment\",\"target\":[\"https:\/\/now-news.de\/de\/deutschland\/proteste-gegen-macrons-rentenreform-legen-frankreich-lahm\/#respond\"]}]},{\"@type\":\"WebPage\",\"@id\":\"https:\/\/now-news.de\/de\/deutschland\/proteste-gegen-macrons-rentenreform-legen-frankreich-lahm\/\",\"url\":\"https:\/\/now-news.de\/de\/deutschland\/proteste-gegen-macrons-rentenreform-legen-frankreich-lahm\/\",\"name\":\"Proteste gegen Macrons Rentenreform legen Frankreich lahm - just-now.NEWS Deutschland\",\"isPartOf\":{\"@id\":\"https:\/\/now-news.de\/de\/#website\"},\"primaryImageOfPage\":{\"@id\":\"https:\/\/now-news.de\/de\/deutschland\/proteste-gegen-macrons-rentenreform-legen-frankreich-lahm\/#primaryimage\"},\"image\":{\"@id\":\"https:\/\/now-news.de\/de\/deutschland\/proteste-gegen-macrons-rentenreform-legen-frankreich-lahm\/#primaryimage\"},\"thumbnailUrl\":\"https:\/\/now-news.de\/de\/wp-content\/uploads\/sites\/3\/2023\/01\/Proteste-gegen-Macrons-Rentenreform-legen-Frankreich-lahm.jpg\",\"datePublished\":\"2023-01-31T21:25:34+00:00\",\"dateModified\":\"2023-01-31T21:25:34+00:00\",\"breadcrumb\":{\"@id\":\"https:\/\/now-news.de\/de\/deutschland\/proteste-gegen-macrons-rentenreform-legen-frankreich-lahm\/#breadcrumb\"},\"inLanguage\":\"de\",\"potentialAction\":[{\"@type\":\"ReadAction\",\"target\":[\"https:\/\/now-news.de\/de\/deutschland\/proteste-gegen-macrons-rentenreform-legen-frankreich-lahm\/\"]}]},{\"@type\":\"ImageObject\",\"inLanguage\":\"de\",\"@id\":\"https:\/\/now-news.de\/de\/deutschland\/proteste-gegen-macrons-rentenreform-legen-frankreich-lahm\/#primaryimage\",\"url\":\"https:\/\/now-news.de\/de\/wp-content\/uploads\/sites\/3\/2023\/01\/Proteste-gegen-Macrons-Rentenreform-legen-Frankreich-lahm.jpg\",\"contentUrl\":\"https:\/\/now-news.de\/de\/wp-content\/uploads\/sites\/3\/2023\/01\/Proteste-gegen-Macrons-Rentenreform-legen-Frankreich-lahm.jpg\",\"width\":460,\"height\":259,\"caption\":\"Proteste gegen Macrons Rentenreform legen Frankreich lahm\"},{\"@type\":\"BreadcrumbList\",\"@id\":\"https:\/\/now-news.de\/de\/deutschland\/proteste-gegen-macrons-rentenreform-legen-frankreich-lahm\/#breadcrumb\",\"itemListElement\":[{\"@type\":\"ListItem\",\"position\":1,\"name\":\"Home\",\"item\":\"https:\/\/now-news.de\/de\/\"},{\"@type\":\"ListItem\",\"position\":2,\"name\":\"Proteste gegen Macrons Rentenreform legen Frankreich lahm\"}]},{\"@type\":\"WebSite\",\"@id\":\"https:\/\/now-news.de\/de\/#website\",\"url\":\"https:\/\/now-news.de\/de\/\",\"name\":\"just-now.NEWS Deutschland\",\"description\":\"Das Portal f\u00fcr unzensierte Nachrichten aus der Welt\",\"publisher\":{\"@id\":\"https:\/\/now-news.de\/de\/#organization\"},\"potentialAction\":[{\"@type\":\"SearchAction\",\"target\":{\"@type\":\"EntryPoint\",\"urlTemplate\":\"https:\/\/now-news.de\/de\/?s={search_term_string}\"},\"query-input\":\"required name=search_term_string\"}],\"inLanguage\":\"de\"},{\"@type\":\"Organization\",\"@id\":\"https:\/\/now-news.de\/de\/#organization\",\"name\":\"Just Now News\",\"url\":\"https:\/\/now-news.de\/de\/\",\"logo\":{\"@type\":\"ImageObject\",\"inLanguage\":\"de\",\"@id\":\"https:\/\/now-news.de\/de\/#\/schema\/logo\/image\/\",\"url\":\"http:\/\/just-now.news\/de\/wp-content\/uploads\/sites\/3\/2022\/04\/logo500x500.jpg\",\"contentUrl\":\"http:\/\/just-now.news\/de\/wp-content\/uploads\/sites\/3\/2022\/04\/logo500x500.jpg\",\"width\":500,\"height\":500,\"caption\":\"Just Now News\"},\"image\":{\"@id\":\"https:\/\/now-news.de\/de\/#\/schema\/logo\/image\/\"},\"sameAs\":[\"https:\/\/www.facebook.com\/wirmachenauf\",\"https:\/\/x.com\/WirMachenAuf_de\"]},{\"@type\":\"Person\",\"@id\":\"https:\/\/now-news.de\/de\/#\/schema\/person\/fb534a4e865501d8b3285208df34a9b5\",\"name\":\"rtnews\",\"image\":{\"@type\":\"ImageObject\",\"inLanguage\":\"de\",\"@id\":\"https:\/\/now-news.de\/de\/#\/schema\/person\/image\/\",\"url\":\"https:\/\/secure.gravatar.com\/avatar\/82aafea7d8127119dd649515f56e2117?s=96&d=mm&r=g\",\"contentUrl\":\"https:\/\/secure.gravatar.com\/avatar\/82aafea7d8127119dd649515f56e2117?s=96&d=mm&r=g\",\"caption\":\"rtnews\"},\"url\":\"https:\/\/now-news.de\/de\/author\/rnews\/\"}]}<\/script>\n<!-- \/ Yoast SEO Premium plugin. -->","yoast_head_json":{"title":"Proteste gegen Macrons Rentenreform legen Frankreich lahm - just-now.NEWS Deutschland","robots":{"index":"index","follow":"follow","max-snippet":"max-snippet:-1","max-image-preview":"max-image-preview:large","max-video-preview":"max-video-preview:-1"},"canonical":"https:\/\/now-news.de\/de\/deutschland\/proteste-gegen-macrons-rentenreform-legen-frankreich-lahm\/","og_locale":"de_DE","og_type":"article","og_title":"Proteste gegen Macrons Rentenreform legen Frankreich lahm","og_description":"Die Protestwelle gegen Emmanuel Macrons geplante Rentenreform in Frankreich ebbt nicht ab: Verkehrsbetriebe und Schulen werden bestreikt, das \u00f6ffentliche Leben ist weitgehend lahmgelegt, und selbst Energiekonzerne drosseln die Stromproduktion. Macron ger\u00e4t zunehmend unter Druck. In Frankreich nehmen die Proteste gegen die geplante Rentenreform von Pr\u00e4sident Emmanuel Macron kein Ende: Am zweiten gr\u00f6\u00dferen Protesttag legten Streiks [&hellip;]","og_url":"https:\/\/now-news.de\/de\/deutschland\/proteste-gegen-macrons-rentenreform-legen-frankreich-lahm\/","og_site_name":"just-now.NEWS Deutschland","article_publisher":"https:\/\/www.facebook.com\/wirmachenauf","article_published_time":"2023-01-31T21:25:34+00:00","og_image":[{"width":460,"height":259,"url":"https:\/\/now-news.de\/de\/wp-content\/uploads\/sites\/3\/2023\/01\/Proteste-gegen-Macrons-Rentenreform-legen-Frankreich-lahm.jpg","type":"image\/jpeg"}],"author":"rtnews","twitter_card":"summary_large_image","twitter_creator":"@WirMachenAuf_de","twitter_site":"@WirMachenAuf_de","twitter_misc":{"Verfasst von":"rtnews","Gesch\u00e4tzte Lesezeit":"2\u00a0Minuten"},"schema":{"@context":"https:\/\/schema.org","@graph":[{"@type":"Article","@id":"https:\/\/now-news.de\/de\/deutschland\/proteste-gegen-macrons-rentenreform-legen-frankreich-lahm\/#article","isPartOf":{"@id":"https:\/\/now-news.de\/de\/deutschland\/proteste-gegen-macrons-rentenreform-legen-frankreich-lahm\/"},"author":{"name":"rtnews","@id":"https:\/\/now-news.de\/de\/#\/schema\/person\/fb534a4e865501d8b3285208df34a9b5"},"headline":"Proteste gegen Macrons Rentenreform legen Frankreich lahm","datePublished":"2023-01-31T21:25:34+00:00","dateModified":"2023-01-31T21:25:34+00:00","mainEntityOfPage":{"@id":"https:\/\/now-news.de\/de\/deutschland\/proteste-gegen-macrons-rentenreform-legen-frankreich-lahm\/"},"wordCount":387,"commentCount":0,"publisher":{"@id":"https:\/\/now-news.de\/de\/#organization"},"image":{"@id":"https:\/\/now-news.de\/de\/deutschland\/proteste-gegen-macrons-rentenreform-legen-frankreich-lahm\/#primaryimage"},"thumbnailUrl":"https:\/\/now-news.de\/de\/wp-content\/uploads\/sites\/3\/2023\/01\/Proteste-gegen-Macrons-Rentenreform-legen-Frankreich-lahm.jpg","keywords":["Frankreich","gegen","lahm","legen","Macrons","Proteste","Rentenreform"],"articleSection":["Deutschland","Russland"],"inLanguage":"de","potentialAction":[{"@type":"CommentAction","name":"Comment","target":["https:\/\/now-news.de\/de\/deutschland\/proteste-gegen-macrons-rentenreform-legen-frankreich-lahm\/#respond"]}]},{"@type":"WebPage","@id":"https:\/\/now-news.de\/de\/deutschland\/proteste-gegen-macrons-rentenreform-legen-frankreich-lahm\/","url":"https:\/\/now-news.de\/de\/deutschland\/proteste-gegen-macrons-rentenreform-legen-frankreich-lahm\/","name":"Proteste gegen Macrons Rentenreform legen Frankreich lahm - just-now.NEWS Deutschland","isPartOf":{"@id":"https:\/\/now-news.de\/de\/#website"},"primaryImageOfPage":{"@id":"https:\/\/now-news.de\/de\/deutschland\/proteste-gegen-macrons-rentenreform-legen-frankreich-lahm\/#primaryimage"},"image":{"@id":"https:\/\/now-news.de\/de\/deutschland\/proteste-gegen-macrons-rentenreform-legen-frankreich-lahm\/#primaryimage"},"thumbnailUrl":"https:\/\/now-news.de\/de\/wp-content\/uploads\/sites\/3\/2023\/01\/Proteste-gegen-Macrons-Rentenreform-legen-Frankreich-lahm.jpg","datePublished":"2023-01-31T21:25:34+00:00","dateModified":"2023-01-31T21:25:34+00:00","breadcrumb":{"@id":"https:\/\/now-news.de\/de\/deutschland\/proteste-gegen-macrons-rentenreform-legen-frankreich-lahm\/#breadcrumb"},"inLanguage":"de","potentialAction":[{"@type":"ReadAction","target":["https:\/\/now-news.de\/de\/deutschland\/proteste-gegen-macrons-rentenreform-legen-frankreich-lahm\/"]}]},{"@type":"ImageObject","inLanguage":"de","@id":"https:\/\/now-news.de\/de\/deutschland\/proteste-gegen-macrons-rentenreform-legen-frankreich-lahm\/#primaryimage","url":"https:\/\/now-news.de\/de\/wp-content\/uploads\/sites\/3\/2023\/01\/Proteste-gegen-Macrons-Rentenreform-legen-Frankreich-lahm.jpg","contentUrl":"https:\/\/now-news.de\/de\/wp-content\/uploads\/sites\/3\/2023\/01\/Proteste-gegen-Macrons-Rentenreform-legen-Frankreich-lahm.jpg","width":460,"height":259,"caption":"Proteste gegen Macrons Rentenreform legen Frankreich lahm"},{"@type":"BreadcrumbList","@id":"https:\/\/now-news.de\/de\/deutschland\/proteste-gegen-macrons-rentenreform-legen-frankreich-lahm\/#breadcrumb","itemListElement":[{"@type":"ListItem","position":1,"name":"Home","item":"https:\/\/now-news.de\/de\/"},{"@type":"ListItem","position":2,"name":"Proteste gegen Macrons Rentenreform legen Frankreich lahm"}]},{"@type":"WebSite","@id":"https:\/\/now-news.de\/de\/#website","url":"https:\/\/now-news.de\/de\/","name":"just-now.NEWS Deutschland","description":"Das Portal f\u00fcr unzensierte Nachrichten aus der Welt","publisher":{"@id":"https:\/\/now-news.de\/de\/#organization"},"potentialAction":[{"@type":"SearchAction","target":{"@type":"EntryPoint","urlTemplate":"https:\/\/now-news.de\/de\/?s={search_term_string}"},"query-input":"required name=search_term_string"}],"inLanguage":"de"},{"@type":"Organization","@id":"https:\/\/now-news.de\/de\/#organization","name":"Just Now News","url":"https:\/\/now-news.de\/de\/","logo":{"@type":"ImageObject","inLanguage":"de","@id":"https:\/\/now-news.de\/de\/#\/schema\/logo\/image\/","url":"http:\/\/just-now.news\/de\/wp-content\/uploads\/sites\/3\/2022\/04\/logo500x500.jpg","contentUrl":"http:\/\/just-now.news\/de\/wp-content\/uploads\/sites\/3\/2022\/04\/logo500x500.jpg","width":500,"height":500,"caption":"Just Now News"},"image":{"@id":"https:\/\/now-news.de\/de\/#\/schema\/logo\/image\/"},"sameAs":["https:\/\/www.facebook.com\/wirmachenauf","https:\/\/x.com\/WirMachenAuf_de"]},{"@type":"Person","@id":"https:\/\/now-news.de\/de\/#\/schema\/person\/fb534a4e865501d8b3285208df34a9b5","name":"rtnews","image":{"@type":"ImageObject","inLanguage":"de","@id":"https:\/\/now-news.de\/de\/#\/schema\/person\/image\/","url":"https:\/\/secure.gravatar.com\/avatar\/82aafea7d8127119dd649515f56e2117?s=96&d=mm&r=g","contentUrl":"https:\/\/secure.gravatar.com\/avatar\/82aafea7d8127119dd649515f56e2117?s=96&d=mm&r=g","caption":"rtnews"},"url":"https:\/\/now-news.de\/de\/author\/rnews\/"}]}},"_links":{"self":[{"href":"https:\/\/now-news.de\/de\/wp-json\/wp\/v2\/posts\/29149"}],"collection":[{"href":"https:\/\/now-news.de\/de\/wp-json\/wp\/v2\/posts"}],"about":[{"href":"https:\/\/now-news.de\/de\/wp-json\/wp\/v2\/types\/post"}],"author":[{"embeddable":true,"href":"https:\/\/now-news.de\/de\/wp-json\/wp\/v2\/users\/3"}],"replies":[{"embeddable":true,"href":"https:\/\/now-news.de\/de\/wp-json\/wp\/v2\/comments?post=29149"}],"version-history":[{"count":0,"href":"https:\/\/now-news.de\/de\/wp-json\/wp\/v2\/posts\/29149\/revisions"}],"wp:featuredmedia":[{"embeddable":true,"href":"https:\/\/now-news.de\/de\/wp-json\/wp\/v2\/media\/29150"}],"wp:attachment":[{"href":"https:\/\/now-news.de\/de\/wp-json\/wp\/v2\/media?parent=29149"}],"wp:term":[{"taxonomy":"category","embeddable":true,"href":"https:\/\/now-news.de\/de\/wp-json\/wp\/v2\/categories?post=29149"},{"taxonomy":"post_tag","embeddable":true,"href":"https:\/\/now-news.de\/de\/wp-json\/wp\/v2\/tags?post=29149"}],"curies":[{"name":"wp","href":"https:\/\/api.w.org\/{rel}","templated":true}]}}