{"id":29128,"date":"2023-01-31T20:07:15","date_gmt":"2023-01-31T18:07:15","guid":{"rendered":"https:\/\/just-now.news\/de\/deutschland\/hindukusch-struck-reloaded-deutschland-wird-nun-an-der-ostfront-der-ukraine-verteidigt\/"},"modified":"2023-01-31T20:07:15","modified_gmt":"2023-01-31T18:07:15","slug":"hindukusch-struck-reloaded-deutschland-wird-nun-an-der-ostfront-der-ukraine-verteidigt","status":"publish","type":"post","link":"https:\/\/now-news.de\/de\/deutschland\/hindukusch-struck-reloaded-deutschland-wird-nun-an-der-ostfront-der-ukraine-verteidigt\/","title":{"rendered":"Hindukusch-Struck reloaded \u2013 Deutschland wird nun &quot;an der Ostfront der Ukraine verteidigt&quot;"},"content":{"rendered":"<p><img decoding=\"async\" src=\"http:\/\/just-now.news\/de\/wp-content\/uploads\/sites\/3\/2023\/01\/63d90569b480cc1b6b6099c5.jpg\" \/><\/p>\n<div class=\"Text-root Text-type_1 \">\n                Die Aussage des Politikwissenschaftlers Stephan Bierling erinnert fatal an den Zitat-Klassiker des Ex-SPD-Verteidigungsministers Peter Struck aus dem Jahr 2002. Damals ging es um die vermeintliche Landesverteidigung Deutschlands durch den Bundeswehr-Einsatz in Afghanistan.\n            <\/div>\n<p><\/p>\n<div class=\"Text-root Text-type_5 ArticleView-text ViewText-root \">\n<p>Deutschland diskutiert aktuell kontrovers dar\u00fcber, wie weit das Engagement der Bundesregierung im Ukraine-Krieg gehen darf beziehungsweise fortgesetzt werden sollte. Durch die j\u00fcngste Entscheidung von Bundeskanzler Olaf Scholz, weitere Panzerlieferungen an die Ukraine zu genehmigen, f\u00fcrchten immer mehr B\u00fcrger die weitere Verstrickung Deutschlands in diesen Krieg. In der Sendereihe <em>Kontrovers<\/em> des <em>Bayerischen Rundfunks <\/em>wurde diesbez\u00fcglich am 25. Januar der\u00a0Politikwissenschaftler Stephan Bierling <a rel=\"nofollow noopener\" target=\"_blank\" href=\"https:\/\/www.br.de\/mediathek\/video\/kontrovers-interview-mit-stephan-bierling-politikwissenschaftler-wir-koennen-liefern-was-immer-wir-wollen-av:63d1a3b7794e2500081bdd85\">interviewt<\/a>. Die Anmoderation\u00a0lautet w\u00f6rtlich:<\/p>\n<blockquote>\n<p><em>&#8220;V\u00f6lkerrechtlich sind die zugesagten Panzerlieferungen Deutschlands unproblematisch, analysiert Stephan Bierling, Politikwissenschaftler f\u00fcr Internationale Politik an der Universit\u00e4t Regensburg, im Kontrovers-Interview. Doch wo soll die Unterst\u00fctzung Deutschlands aufh\u00f6ren? Moralisch und politisch erst mit der Niederlage Russlands, findet Bierling.&#8221;<\/em><\/p>\n<\/blockquote>\n<p>F\u00fcr Bierling zeigt sich in der aktuellen Entwicklung des Krieges eine eindeutige &#8220;rote Linie&#8221; dahingehend, dass es &#8220;keine Kampfverb\u00e4nde der NATO, keine deutschen Soldaten in der Ukraine&#8221; gebe. Dies sei die Stufe, &#8220;die im Grunde eine Kriegsbeteiligung Deutschlands und des Westens dann bedeuten w\u00fcrde&#8221;. Der\u00a0Politikwissenschaftler ist weiter der Meinung, dass aktuell durch die erneuten Panzerlieferungen die deutsche Landesverteidigung nicht geschw\u00e4cht wird. Weiter analysiert Bierling wortw\u00f6rtlich dann seinen Standpunkt mit der Feststellung:<\/p>\n<blockquote>\n<p><em>&#8220;Jetzt ist der Kampf zu gewinnen gegen Russland. Und da m\u00fcssen die Deutschen alles tun, um das zu tun. Landesverteidigung ist im Moment nicht wirklich das oberste Gebot. Das Land der Bundesrepublik wird an der Ostfront der Ukraine verteidigt.&#8221;<\/em><\/p>\n<\/blockquote>\n<p>Nutzer der sozialen Medien erinnerte diese Aussage unmittelbar an die Diskussion um den Einsatz der Bundeswehr im Afghanistan-Krieg zu Beginn der 2000er-Jahre. Erstmalig am 4. Dezember und dann leicht abge\u00e4ndert in der <a rel=\"nofollow noopener\" target=\"_blank\" href=\"https:\/\/www.bundesregierung.de\/breg-de\/service\/bulletin\/rede-des-bundesministers-der-verteidigung-dr-peter-struck--784328\">Bundestagssitzung<\/a> vom 20. Dezember 2002 teilte der damalige SPD-Bundesminister der Verteidigung Peter Struck den Abgeordneten mit:<\/p>\n<blockquote>\n<p><em>&#8220;Die Verteidigung an den Grenzen unseres Landes ist gl\u00fccklicherweise zu einer unwahrscheinlichen Option geworden. Um zu verdeutlichen, worum es wirklich geht, habe ich davon gesprochen, dass unsere Sicherheit auch am Hindukusch verteidigt wird. Deutschland ist sicherer, wenn wir zusammen mit Verb\u00fcndeten und Partnern den internationalen Terrorismus dort bek\u00e4mpfen, wo er zu Hause ist, auch mit milit\u00e4rischen Mitteln.&#8221;<\/em><\/p>\n<\/blockquote>\n<div class=\"EmbedBlock-root EmbedBlock-twitter\">\n<div class=\"TwitterEmbed\">\n<blockquote class=\"twitter-tweet lazyload\" data-twitter=\"twitter-tweet\">\n<p lang=\"de\" dir=\"ltr\">Peter Struck:&#8221;Deutschland wird auch am Hindukusch verteidigt.&#8221;Stephan Bierling:&#8221;Das Land der Bundesrepublik wird an der Ostfront der Ukraine verteidigt.&#8221; <a rel=\"nofollow noopener\" target=\"_blank\" href=\"https:\/\/t.co\/m2hcmgKlTQ\">pic.twitter.com\/m2hcmgKlTQ<\/a><\/p>\n<p>\u2014 _horizont_ (@hori_____zont) <a rel=\"nofollow noopener\" target=\"_blank\" href=\"https:\/\/twitter.com\/hori_____zont\/status\/1620043541161582592?ref_src=twsrc%5Etfw\">January 30, 2023<\/a><\/p><\/blockquote>\n<\/div>\n<\/div>\n<p>Bierling wird im Interview mit der Tatsache konfrontiert, dass &#8220;die Gesellschaft sehr gespalten sei, was die Waffenlieferungen betrifft&#8221; und &#8220;viele Deutsche Angst haben&#8221;. Seine Antwort auf die Frage in dem <em>BR<\/em>-Interview: &#8220;Wie muss man das kommunikativ einfangen?&#8221; lautet:<\/p>\n<blockquote>\n<p><em>&#8220;Nun, das Erste ist: Auf diese Angst setzt Russland. (&#8230;)\u00a0Im Moment ist Strack-Zimmermann wohl die beste Sprecherin der Bundesregierung. Aber die Verteidigungsministerin, die gerade zur\u00fcckgetreten ist, der neue Verteidigungsminister, der Kanzler, sind eigentlich in der Erkl\u00e4rung dessen, was sie wollen und wof\u00fcr Deutschland steht, ein Totalausfall. Deshalb die Verwirrung auch in der deutschen Bev\u00f6lkerung.&#8221;<\/em><\/p>\n<\/blockquote>\n<p>Bierling hatte zu Beginn des Gespr\u00e4chs eingefordert beziehungsweise eingesch\u00e4tzt:<\/p>\n<blockquote>\n<p><em>&#8220;Es endet im Letzten mit der Niederlage Russlands. Das ist das einzige wirkliche Szenario, das man moralisch und politisch vertreten kann. Solange Putin an der Macht ist, wird dieser Krieg weitergef\u00fchrt werden. (&#8230;)\u00a0Wir m\u00fcssen alles tun, dass die russischen Verb\u00e4nde geschlagen werden, und zwar so geschlagen werden, dass es vielleicht zum Sturz des Regimes in Russland und zu einem neuen Russland f\u00fchrt, mit dem wir dann auch einigerma\u00dfen geordnete Beziehungen wiederherstellen k\u00f6nnen.&#8221;\u00a0<\/em><\/p>\n<\/blockquote>\n<p>Bierling, Jahrgang 1962, ist seit Mai 2000 Professor f\u00fcr Internationale Politik und Transatlantische Beziehungen an der <a rel=\"nofollow noopener\" target=\"_blank\" href=\"https:\/\/www.uni-regensburg.de\/philosophie-kunst-geschichte-gesellschaft\/internationale-politik-transatlantische-beziehungen\/personen\/prof-dr-stephan-bierling\/index.html\">Universit\u00e4t Regensburg<\/a> und war als Gastprofessor in den USA, Israel und S\u00fcdafrika t\u00e4tig. Zuvor war er\u00a0Stipendiat der Konrad-Adenauer-Stiftung (KAS) gewesen.\u00a0Seit 2018 ist er in der Leitung des Promotionskollegs &#8220;Sicherheit und Entwicklung&#8221; der KAS.\u00a0Seit 2000 organisiert Bierling alle vier Jahre eine \u00f6ffentliche akademische Wahlparty zu den US-Pr\u00e4sidentschaftswahlen.<\/p>\n<p><strong>Mehr zum Thema &#8211; <\/strong><a rel=\"nofollow noopener\" target=\"_blank\" href=\"https:\/\/pressefreiheit.rtde.tech\/inland\/161471-frieden-mit-russland-zwei-ehemalige-ddr-generaele\/\">Frieden mit Russland! \u2013 Zwei ehemalige Gener\u00e4le der DDR rufen zum Protest auf<\/a><\/p>\n<\/p>\n<\/div>\n<p><script async src=\"https:\/\/platform.twitter.com\/widgets.js\" charset=\"utf-8\"><\/script><br \/>\n<br \/><br \/>\n<br \/><a href=\"https:\/\/de.rt.com\/inland\/161522-hindukusch-struck-reloaded-deutschland-wird-an-der-ostfront-der-ukraine-verteidigt\/\">Source link <\/a><\/p>\n","protected":false},"excerpt":{"rendered":"<p>Die Aussage des Politikwissenschaftlers Stephan Bierling erinnert fatal an den Zitat-Klassiker des Ex-SPD-Verteidigungsministers Peter Struck aus dem Jahr 2002. Damals ging es um die vermeintliche Landesverteidigung Deutschlands durch den Bundeswehr-Einsatz in Afghanistan. Deutschland diskutiert aktuell kontrovers dar\u00fcber, wie weit das Engagement der Bundesregierung im Ukraine-Krieg gehen darf beziehungsweise fortgesetzt werden sollte. Durch die j\u00fcngste Entscheidung [&hellip;]<\/p>\n","protected":false},"author":3,"featured_media":29129,"comment_status":"open","ping_status":"open","sticky":false,"template":"","format":"standard","meta":{"_yoast_indexnow_last_ping":["1675188716"],"wp_automatic_camp":["217"],"edb119bebb41b1898b50d71b7345a51f":["Hindukusch-Struck reloaded \u2013 Deutschland wird nun &quot;an der Ostfront der Ukraine verteidigt&quot;"],"original_link":["https:\/\/de.rt.com\/inland\/161522-hindukusch-struck-reloaded-deutschland-wird-an-der-ostfront-der-ukraine-verteidigt\/"],"_thumbnail_id":["29129"],"_wptgpro_p2tg_sent2tg":["a:1:{i:23737;s:19:\"2023-01-31 20:13:02\";}"],"jnews_social_counter_last_update":["1777317930"]},"categories":[19,23],"tags":[82,179,39976,2121,38662,20265,26412,127,39977,374],"yoast_head":"<!-- This site is optimized with the Yoast SEO Premium plugin v22.7 (Yoast SEO v22.7) - https:\/\/yoast.com\/wordpress\/plugins\/seo\/ -->\n<title>Hindukusch-Struck reloaded \u2013 Deutschland wird nun &quot;an der Ostfront der Ukraine verteidigt&quot; - just-now.NEWS Deutschland<\/title>\n<meta name=\"robots\" content=\"index, follow, max-snippet:-1, max-image-preview:large, max-video-preview:-1\" \/>\n<link rel=\"canonical\" href=\"https:\/\/now-news.de\/de\/deutschland\/hindukusch-struck-reloaded-deutschland-wird-nun-an-der-ostfront-der-ukraine-verteidigt\/\" \/>\n<meta property=\"og:locale\" content=\"de_DE\" \/>\n<meta property=\"og:type\" content=\"article\" \/>\n<meta property=\"og:title\" content=\"Hindukusch-Struck reloaded \u2013 Deutschland wird nun &quot;an der Ostfront der Ukraine verteidigt&quot;\" \/>\n<meta property=\"og:description\" content=\"Die Aussage des Politikwissenschaftlers Stephan Bierling erinnert fatal an den Zitat-Klassiker des Ex-SPD-Verteidigungsministers Peter Struck aus dem Jahr 2002. Damals ging es um die vermeintliche Landesverteidigung Deutschlands durch den Bundeswehr-Einsatz in Afghanistan. Deutschland diskutiert aktuell kontrovers dar\u00fcber, wie weit das Engagement der Bundesregierung im Ukraine-Krieg gehen darf beziehungsweise fortgesetzt werden sollte. Durch die j\u00fcngste Entscheidung [&hellip;]\" \/>\n<meta property=\"og:url\" content=\"https:\/\/now-news.de\/de\/deutschland\/hindukusch-struck-reloaded-deutschland-wird-nun-an-der-ostfront-der-ukraine-verteidigt\/\" \/>\n<meta property=\"og:site_name\" content=\"just-now.NEWS Deutschland\" \/>\n<meta property=\"article:publisher\" content=\"https:\/\/www.facebook.com\/wirmachenauf\" \/>\n<meta property=\"article:published_time\" content=\"2023-01-31T18:07:15+00:00\" \/>\n<meta property=\"og:image\" content=\"https:\/\/now-news.de\/de\/wp-content\/uploads\/sites\/3\/2023\/01\/Hindukusch-Struck-reloaded-\u2013-Deutschland-wird-nun-quotan-der-Ostfront-der.jpg\" \/>\n\t<meta property=\"og:image:width\" content=\"460\" \/>\n\t<meta property=\"og:image:height\" content=\"259\" \/>\n\t<meta property=\"og:image:type\" content=\"image\/jpeg\" \/>\n<meta name=\"author\" content=\"rtnews\" \/>\n<meta name=\"twitter:card\" content=\"summary_large_image\" \/>\n<meta name=\"twitter:creator\" content=\"@WirMachenAuf_de\" \/>\n<meta name=\"twitter:site\" content=\"@WirMachenAuf_de\" \/>\n<meta name=\"twitter:label1\" content=\"Verfasst von\" \/>\n\t<meta name=\"twitter:data1\" content=\"rtnews\" \/>\n\t<meta name=\"twitter:label2\" content=\"Gesch\u00e4tzte Lesezeit\" \/>\n\t<meta name=\"twitter:data2\" content=\"3\u00a0Minuten\" \/>\n<script type=\"application\/ld+json\" class=\"yoast-schema-graph\">{\"@context\":\"https:\/\/schema.org\",\"@graph\":[{\"@type\":\"Article\",\"@id\":\"https:\/\/now-news.de\/de\/deutschland\/hindukusch-struck-reloaded-deutschland-wird-nun-an-der-ostfront-der-ukraine-verteidigt\/#article\",\"isPartOf\":{\"@id\":\"https:\/\/now-news.de\/de\/deutschland\/hindukusch-struck-reloaded-deutschland-wird-nun-an-der-ostfront-der-ukraine-verteidigt\/\"},\"author\":{\"name\":\"rtnews\",\"@id\":\"https:\/\/now-news.de\/de\/#\/schema\/person\/fb534a4e865501d8b3285208df34a9b5\"},\"headline\":\"Hindukusch-Struck reloaded \u2013 Deutschland wird nun &quot;an der Ostfront der Ukraine verteidigt&quot;\",\"datePublished\":\"2023-01-31T18:07:15+00:00\",\"dateModified\":\"2023-01-31T18:07:15+00:00\",\"mainEntityOfPage\":{\"@id\":\"https:\/\/now-news.de\/de\/deutschland\/hindukusch-struck-reloaded-deutschland-wird-nun-an-der-ostfront-der-ukraine-verteidigt\/\"},\"wordCount\":682,\"commentCount\":0,\"publisher\":{\"@id\":\"https:\/\/now-news.de\/de\/#organization\"},\"image\":{\"@id\":\"https:\/\/now-news.de\/de\/deutschland\/hindukusch-struck-reloaded-deutschland-wird-nun-an-der-ostfront-der-ukraine-verteidigt\/#primaryimage\"},\"thumbnailUrl\":\"https:\/\/now-news.de\/de\/wp-content\/uploads\/sites\/3\/2023\/01\/Hindukusch-Struck-reloaded-\u2013-Deutschland-wird-nun-quotan-der-Ostfront-der.jpg\",\"keywords\":[\"der\",\"Deutschland\",\"HindukuschStruck\",\"nun\",\"Ostfront\",\"quotAn\",\"reloaded\",\"ukraine\",\"verteidigtquot\",\"wird\"],\"articleSection\":[\"Deutschland\",\"Russland\"],\"inLanguage\":\"de\",\"potentialAction\":[{\"@type\":\"CommentAction\",\"name\":\"Comment\",\"target\":[\"https:\/\/now-news.de\/de\/deutschland\/hindukusch-struck-reloaded-deutschland-wird-nun-an-der-ostfront-der-ukraine-verteidigt\/#respond\"]}]},{\"@type\":\"WebPage\",\"@id\":\"https:\/\/now-news.de\/de\/deutschland\/hindukusch-struck-reloaded-deutschland-wird-nun-an-der-ostfront-der-ukraine-verteidigt\/\",\"url\":\"https:\/\/now-news.de\/de\/deutschland\/hindukusch-struck-reloaded-deutschland-wird-nun-an-der-ostfront-der-ukraine-verteidigt\/\",\"name\":\"Hindukusch-Struck reloaded \u2013 Deutschland wird nun &quot;an der Ostfront der Ukraine verteidigt&quot; - just-now.NEWS Deutschland\",\"isPartOf\":{\"@id\":\"https:\/\/now-news.de\/de\/#website\"},\"primaryImageOfPage\":{\"@id\":\"https:\/\/now-news.de\/de\/deutschland\/hindukusch-struck-reloaded-deutschland-wird-nun-an-der-ostfront-der-ukraine-verteidigt\/#primaryimage\"},\"image\":{\"@id\":\"https:\/\/now-news.de\/de\/deutschland\/hindukusch-struck-reloaded-deutschland-wird-nun-an-der-ostfront-der-ukraine-verteidigt\/#primaryimage\"},\"thumbnailUrl\":\"https:\/\/now-news.de\/de\/wp-content\/uploads\/sites\/3\/2023\/01\/Hindukusch-Struck-reloaded-\u2013-Deutschland-wird-nun-quotan-der-Ostfront-der.jpg\",\"datePublished\":\"2023-01-31T18:07:15+00:00\",\"dateModified\":\"2023-01-31T18:07:15+00:00\",\"breadcrumb\":{\"@id\":\"https:\/\/now-news.de\/de\/deutschland\/hindukusch-struck-reloaded-deutschland-wird-nun-an-der-ostfront-der-ukraine-verteidigt\/#breadcrumb\"},\"inLanguage\":\"de\",\"potentialAction\":[{\"@type\":\"ReadAction\",\"target\":[\"https:\/\/now-news.de\/de\/deutschland\/hindukusch-struck-reloaded-deutschland-wird-nun-an-der-ostfront-der-ukraine-verteidigt\/\"]}]},{\"@type\":\"ImageObject\",\"inLanguage\":\"de\",\"@id\":\"https:\/\/now-news.de\/de\/deutschland\/hindukusch-struck-reloaded-deutschland-wird-nun-an-der-ostfront-der-ukraine-verteidigt\/#primaryimage\",\"url\":\"https:\/\/now-news.de\/de\/wp-content\/uploads\/sites\/3\/2023\/01\/Hindukusch-Struck-reloaded-\u2013-Deutschland-wird-nun-quotan-der-Ostfront-der.jpg\",\"contentUrl\":\"https:\/\/now-news.de\/de\/wp-content\/uploads\/sites\/3\/2023\/01\/Hindukusch-Struck-reloaded-\u2013-Deutschland-wird-nun-quotan-der-Ostfront-der.jpg\",\"width\":460,\"height\":259,\"caption\":\"Hindukusch-Struck reloaded \u2013 Deutschland wird nun &quot;an der Ostfront der Ukraine verteidigt&quot;\"},{\"@type\":\"BreadcrumbList\",\"@id\":\"https:\/\/now-news.de\/de\/deutschland\/hindukusch-struck-reloaded-deutschland-wird-nun-an-der-ostfront-der-ukraine-verteidigt\/#breadcrumb\",\"itemListElement\":[{\"@type\":\"ListItem\",\"position\":1,\"name\":\"Home\",\"item\":\"https:\/\/now-news.de\/de\/\"},{\"@type\":\"ListItem\",\"position\":2,\"name\":\"Hindukusch-Struck reloaded \u2013 Deutschland wird nun &quot;an der Ostfront der Ukraine verteidigt&quot;\"}]},{\"@type\":\"WebSite\",\"@id\":\"https:\/\/now-news.de\/de\/#website\",\"url\":\"https:\/\/now-news.de\/de\/\",\"name\":\"just-now.NEWS Deutschland\",\"description\":\"Das Portal f\u00fcr unzensierte Nachrichten aus der Welt\",\"publisher\":{\"@id\":\"https:\/\/now-news.de\/de\/#organization\"},\"potentialAction\":[{\"@type\":\"SearchAction\",\"target\":{\"@type\":\"EntryPoint\",\"urlTemplate\":\"https:\/\/now-news.de\/de\/?s={search_term_string}\"},\"query-input\":\"required name=search_term_string\"}],\"inLanguage\":\"de\"},{\"@type\":\"Organization\",\"@id\":\"https:\/\/now-news.de\/de\/#organization\",\"name\":\"Just Now News\",\"url\":\"https:\/\/now-news.de\/de\/\",\"logo\":{\"@type\":\"ImageObject\",\"inLanguage\":\"de\",\"@id\":\"https:\/\/now-news.de\/de\/#\/schema\/logo\/image\/\",\"url\":\"http:\/\/just-now.news\/de\/wp-content\/uploads\/sites\/3\/2022\/04\/logo500x500.jpg\",\"contentUrl\":\"http:\/\/just-now.news\/de\/wp-content\/uploads\/sites\/3\/2022\/04\/logo500x500.jpg\",\"width\":500,\"height\":500,\"caption\":\"Just Now News\"},\"image\":{\"@id\":\"https:\/\/now-news.de\/de\/#\/schema\/logo\/image\/\"},\"sameAs\":[\"https:\/\/www.facebook.com\/wirmachenauf\",\"https:\/\/x.com\/WirMachenAuf_de\"]},{\"@type\":\"Person\",\"@id\":\"https:\/\/now-news.de\/de\/#\/schema\/person\/fb534a4e865501d8b3285208df34a9b5\",\"name\":\"rtnews\",\"image\":{\"@type\":\"ImageObject\",\"inLanguage\":\"de\",\"@id\":\"https:\/\/now-news.de\/de\/#\/schema\/person\/image\/\",\"url\":\"https:\/\/secure.gravatar.com\/avatar\/82aafea7d8127119dd649515f56e2117?s=96&d=mm&r=g\",\"contentUrl\":\"https:\/\/secure.gravatar.com\/avatar\/82aafea7d8127119dd649515f56e2117?s=96&d=mm&r=g\",\"caption\":\"rtnews\"},\"url\":\"https:\/\/now-news.de\/de\/author\/rnews\/\"}]}<\/script>\n<!-- \/ Yoast SEO Premium plugin. -->","yoast_head_json":{"title":"Hindukusch-Struck reloaded \u2013 Deutschland wird nun &quot;an der Ostfront der Ukraine verteidigt&quot; - just-now.NEWS Deutschland","robots":{"index":"index","follow":"follow","max-snippet":"max-snippet:-1","max-image-preview":"max-image-preview:large","max-video-preview":"max-video-preview:-1"},"canonical":"https:\/\/now-news.de\/de\/deutschland\/hindukusch-struck-reloaded-deutschland-wird-nun-an-der-ostfront-der-ukraine-verteidigt\/","og_locale":"de_DE","og_type":"article","og_title":"Hindukusch-Struck reloaded \u2013 Deutschland wird nun &quot;an der Ostfront der Ukraine verteidigt&quot;","og_description":"Die Aussage des Politikwissenschaftlers Stephan Bierling erinnert fatal an den Zitat-Klassiker des Ex-SPD-Verteidigungsministers Peter Struck aus dem Jahr 2002. Damals ging es um die vermeintliche Landesverteidigung Deutschlands durch den Bundeswehr-Einsatz in Afghanistan. Deutschland diskutiert aktuell kontrovers dar\u00fcber, wie weit das Engagement der Bundesregierung im Ukraine-Krieg gehen darf beziehungsweise fortgesetzt werden sollte. Durch die j\u00fcngste Entscheidung [&hellip;]","og_url":"https:\/\/now-news.de\/de\/deutschland\/hindukusch-struck-reloaded-deutschland-wird-nun-an-der-ostfront-der-ukraine-verteidigt\/","og_site_name":"just-now.NEWS Deutschland","article_publisher":"https:\/\/www.facebook.com\/wirmachenauf","article_published_time":"2023-01-31T18:07:15+00:00","og_image":[{"width":460,"height":259,"url":"https:\/\/now-news.de\/de\/wp-content\/uploads\/sites\/3\/2023\/01\/Hindukusch-Struck-reloaded-\u2013-Deutschland-wird-nun-quotan-der-Ostfront-der.jpg","type":"image\/jpeg"}],"author":"rtnews","twitter_card":"summary_large_image","twitter_creator":"@WirMachenAuf_de","twitter_site":"@WirMachenAuf_de","twitter_misc":{"Verfasst von":"rtnews","Gesch\u00e4tzte Lesezeit":"3\u00a0Minuten"},"schema":{"@context":"https:\/\/schema.org","@graph":[{"@type":"Article","@id":"https:\/\/now-news.de\/de\/deutschland\/hindukusch-struck-reloaded-deutschland-wird-nun-an-der-ostfront-der-ukraine-verteidigt\/#article","isPartOf":{"@id":"https:\/\/now-news.de\/de\/deutschland\/hindukusch-struck-reloaded-deutschland-wird-nun-an-der-ostfront-der-ukraine-verteidigt\/"},"author":{"name":"rtnews","@id":"https:\/\/now-news.de\/de\/#\/schema\/person\/fb534a4e865501d8b3285208df34a9b5"},"headline":"Hindukusch-Struck reloaded \u2013 Deutschland wird nun &quot;an der Ostfront der Ukraine verteidigt&quot;","datePublished":"2023-01-31T18:07:15+00:00","dateModified":"2023-01-31T18:07:15+00:00","mainEntityOfPage":{"@id":"https:\/\/now-news.de\/de\/deutschland\/hindukusch-struck-reloaded-deutschland-wird-nun-an-der-ostfront-der-ukraine-verteidigt\/"},"wordCount":682,"commentCount":0,"publisher":{"@id":"https:\/\/now-news.de\/de\/#organization"},"image":{"@id":"https:\/\/now-news.de\/de\/deutschland\/hindukusch-struck-reloaded-deutschland-wird-nun-an-der-ostfront-der-ukraine-verteidigt\/#primaryimage"},"thumbnailUrl":"https:\/\/now-news.de\/de\/wp-content\/uploads\/sites\/3\/2023\/01\/Hindukusch-Struck-reloaded-\u2013-Deutschland-wird-nun-quotan-der-Ostfront-der.jpg","keywords":["der","Deutschland","HindukuschStruck","nun","Ostfront","quotAn","reloaded","ukraine","verteidigtquot","wird"],"articleSection":["Deutschland","Russland"],"inLanguage":"de","potentialAction":[{"@type":"CommentAction","name":"Comment","target":["https:\/\/now-news.de\/de\/deutschland\/hindukusch-struck-reloaded-deutschland-wird-nun-an-der-ostfront-der-ukraine-verteidigt\/#respond"]}]},{"@type":"WebPage","@id":"https:\/\/now-news.de\/de\/deutschland\/hindukusch-struck-reloaded-deutschland-wird-nun-an-der-ostfront-der-ukraine-verteidigt\/","url":"https:\/\/now-news.de\/de\/deutschland\/hindukusch-struck-reloaded-deutschland-wird-nun-an-der-ostfront-der-ukraine-verteidigt\/","name":"Hindukusch-Struck reloaded \u2013 Deutschland wird nun &quot;an der Ostfront der Ukraine verteidigt&quot; - just-now.NEWS Deutschland","isPartOf":{"@id":"https:\/\/now-news.de\/de\/#website"},"primaryImageOfPage":{"@id":"https:\/\/now-news.de\/de\/deutschland\/hindukusch-struck-reloaded-deutschland-wird-nun-an-der-ostfront-der-ukraine-verteidigt\/#primaryimage"},"image":{"@id":"https:\/\/now-news.de\/de\/deutschland\/hindukusch-struck-reloaded-deutschland-wird-nun-an-der-ostfront-der-ukraine-verteidigt\/#primaryimage"},"thumbnailUrl":"https:\/\/now-news.de\/de\/wp-content\/uploads\/sites\/3\/2023\/01\/Hindukusch-Struck-reloaded-\u2013-Deutschland-wird-nun-quotan-der-Ostfront-der.jpg","datePublished":"2023-01-31T18:07:15+00:00","dateModified":"2023-01-31T18:07:15+00:00","breadcrumb":{"@id":"https:\/\/now-news.de\/de\/deutschland\/hindukusch-struck-reloaded-deutschland-wird-nun-an-der-ostfront-der-ukraine-verteidigt\/#breadcrumb"},"inLanguage":"de","potentialAction":[{"@type":"ReadAction","target":["https:\/\/now-news.de\/de\/deutschland\/hindukusch-struck-reloaded-deutschland-wird-nun-an-der-ostfront-der-ukraine-verteidigt\/"]}]},{"@type":"ImageObject","inLanguage":"de","@id":"https:\/\/now-news.de\/de\/deutschland\/hindukusch-struck-reloaded-deutschland-wird-nun-an-der-ostfront-der-ukraine-verteidigt\/#primaryimage","url":"https:\/\/now-news.de\/de\/wp-content\/uploads\/sites\/3\/2023\/01\/Hindukusch-Struck-reloaded-\u2013-Deutschland-wird-nun-quotan-der-Ostfront-der.jpg","contentUrl":"https:\/\/now-news.de\/de\/wp-content\/uploads\/sites\/3\/2023\/01\/Hindukusch-Struck-reloaded-\u2013-Deutschland-wird-nun-quotan-der-Ostfront-der.jpg","width":460,"height":259,"caption":"Hindukusch-Struck reloaded \u2013 Deutschland wird nun &quot;an der Ostfront der Ukraine verteidigt&quot;"},{"@type":"BreadcrumbList","@id":"https:\/\/now-news.de\/de\/deutschland\/hindukusch-struck-reloaded-deutschland-wird-nun-an-der-ostfront-der-ukraine-verteidigt\/#breadcrumb","itemListElement":[{"@type":"ListItem","position":1,"name":"Home","item":"https:\/\/now-news.de\/de\/"},{"@type":"ListItem","position":2,"name":"Hindukusch-Struck reloaded \u2013 Deutschland wird nun &quot;an der Ostfront der Ukraine verteidigt&quot;"}]},{"@type":"WebSite","@id":"https:\/\/now-news.de\/de\/#website","url":"https:\/\/now-news.de\/de\/","name":"just-now.NEWS Deutschland","description":"Das Portal f\u00fcr unzensierte Nachrichten aus der Welt","publisher":{"@id":"https:\/\/now-news.de\/de\/#organization"},"potentialAction":[{"@type":"SearchAction","target":{"@type":"EntryPoint","urlTemplate":"https:\/\/now-news.de\/de\/?s={search_term_string}"},"query-input":"required name=search_term_string"}],"inLanguage":"de"},{"@type":"Organization","@id":"https:\/\/now-news.de\/de\/#organization","name":"Just Now News","url":"https:\/\/now-news.de\/de\/","logo":{"@type":"ImageObject","inLanguage":"de","@id":"https:\/\/now-news.de\/de\/#\/schema\/logo\/image\/","url":"http:\/\/just-now.news\/de\/wp-content\/uploads\/sites\/3\/2022\/04\/logo500x500.jpg","contentUrl":"http:\/\/just-now.news\/de\/wp-content\/uploads\/sites\/3\/2022\/04\/logo500x500.jpg","width":500,"height":500,"caption":"Just Now News"},"image":{"@id":"https:\/\/now-news.de\/de\/#\/schema\/logo\/image\/"},"sameAs":["https:\/\/www.facebook.com\/wirmachenauf","https:\/\/x.com\/WirMachenAuf_de"]},{"@type":"Person","@id":"https:\/\/now-news.de\/de\/#\/schema\/person\/fb534a4e865501d8b3285208df34a9b5","name":"rtnews","image":{"@type":"ImageObject","inLanguage":"de","@id":"https:\/\/now-news.de\/de\/#\/schema\/person\/image\/","url":"https:\/\/secure.gravatar.com\/avatar\/82aafea7d8127119dd649515f56e2117?s=96&d=mm&r=g","contentUrl":"https:\/\/secure.gravatar.com\/avatar\/82aafea7d8127119dd649515f56e2117?s=96&d=mm&r=g","caption":"rtnews"},"url":"https:\/\/now-news.de\/de\/author\/rnews\/"}]}},"_links":{"self":[{"href":"https:\/\/now-news.de\/de\/wp-json\/wp\/v2\/posts\/29128"}],"collection":[{"href":"https:\/\/now-news.de\/de\/wp-json\/wp\/v2\/posts"}],"about":[{"href":"https:\/\/now-news.de\/de\/wp-json\/wp\/v2\/types\/post"}],"author":[{"embeddable":true,"href":"https:\/\/now-news.de\/de\/wp-json\/wp\/v2\/users\/3"}],"replies":[{"embeddable":true,"href":"https:\/\/now-news.de\/de\/wp-json\/wp\/v2\/comments?post=29128"}],"version-history":[{"count":0,"href":"https:\/\/now-news.de\/de\/wp-json\/wp\/v2\/posts\/29128\/revisions"}],"wp:featuredmedia":[{"embeddable":true,"href":"https:\/\/now-news.de\/de\/wp-json\/wp\/v2\/media\/29129"}],"wp:attachment":[{"href":"https:\/\/now-news.de\/de\/wp-json\/wp\/v2\/media?parent=29128"}],"wp:term":[{"taxonomy":"category","embeddable":true,"href":"https:\/\/now-news.de\/de\/wp-json\/wp\/v2\/categories?post=29128"},{"taxonomy":"post_tag","embeddable":true,"href":"https:\/\/now-news.de\/de\/wp-json\/wp\/v2\/tags?post=29128"}],"curies":[{"name":"wp","href":"https:\/\/api.w.org\/{rel}","templated":true}]}}