{"id":29074,"date":"2023-01-31T11:27:00","date_gmt":"2023-01-31T09:27:00","guid":{"rendered":"https:\/\/just-now.news\/de\/deutschland\/lula-da-silva-lehnt-waffenlieferungen-an-ukraine-ab-brasilien-ist-ein-land-des-friedens\/"},"modified":"2023-01-31T11:27:00","modified_gmt":"2023-01-31T09:27:00","slug":"lula-da-silva-lehnt-waffenlieferungen-an-ukraine-ab-brasilien-ist-ein-land-des-friedens","status":"publish","type":"post","link":"https:\/\/now-news.de\/de\/deutschland\/lula-da-silva-lehnt-waffenlieferungen-an-ukraine-ab-brasilien-ist-ein-land-des-friedens\/","title":{"rendered":"Lula da Silva lehnt Waffenlieferungen an Ukraine ab: &quot;Brasilien ist ein Land des Friedens&quot;"},"content":{"rendered":"<p><img decoding=\"async\" src=\"http:\/\/just-now.news\/de\/wp-content\/uploads\/sites\/3\/2023\/01\/63d8df8b48fbef730241c0fc.jpg\" \/><\/p>\n<div class=\"Text-root Text-type_1 \">\n                Der brasilianische Pr\u00e4sident Luiz In\u00e1cio Lula da Silva hat nach einem Treffen mit Bundeskanzler Olaf Scholz jegliche Lieferungen von Waffen und Munition an die Ukraine ausgeschlossen. Zugleich schlug er eine Vermittlungsinitiative f\u00fcr eine Beendigung des Krieges vor.\n            <\/div>\n<p><\/p>\n<div class=\"Text-root Text-type_5 ArticleView-text ViewText-root \">\n<p>Brasiliens Staatschef Luiz In\u00e1cio Lula da Silva hat am Montag die Haltung seines Landes gegen\u00fcber dem Krieg in der Ukraine best\u00e4tigt. Nach einem Treffen mit dem deutschen Bundeskanzler Olaf Scholz im Regierungssitz Pal\u00e1cio do Planalto in Bras\u00edlia <a rel=\"nofollow noopener\" target=\"_blank\" href=\"https:\/\/mobile.twitter.com\/LulaOficial\/status\/1620185997286973440\">schrieb<\/a> der linke Politiker auf Twitter:<\/p>\n<blockquote>\n<p><em>&#8220;Brasilien hat kein Interesse daran, Munition weiterzugeben, damit sie im Krieg zwischen der Ukraine und Russland zum Einsatz kommt. Brasilien ist ein Land des Friedens. In diesem Moment brauchen wir diejenigen zu finden, die den Frieden wollen. Bisher hat man dieses Wort sehr wenig benutzt.&#8221;<\/em><\/p>\n<\/blockquote>\n<p>Somit bekr\u00e4ftigte Lula, was er zuvor bei der gemeinsamen Pressekonferenz mit Scholz vor Journalisten gesagt hatte: Brasilien sei nicht daran interessiert, Waffen an die Ukraine oder Russland zu liefern, da es sich an dem Konflikt nicht einmal indirekt beteiligen wolle.<\/p>\n<p>Bereits am Freitag\u00a0<a rel=\"nofollow noopener\" target=\"_blank\" href=\"https:\/\/www1.folha.uol.com.br\/mundo\/2023\/01\/lula-veta-envio-de-municao-do-brasil-para-tanques-na-ucrania.shtml\">hatte<\/a>\u00a0die brasilianische Zeitung\u00a0<em>Folha de S. Paulo\u00a0<\/em>berichtet, Brasiliens Pr\u00e4sident habe einen Antrag aus Berlin abgelehnt, Munition f\u00fcr die f\u00fcr die Ukraine bestimmten deutschen Panzer zu liefern. Demnach habe der nun entlassene Befehlshaber des brasilianischen Heeres, J\u00falio Cesar de Arruda,\u00a0Lula\u00a0ausgerichtet, dass Deutschland f\u00fcr eine Charge Munition f\u00fcr seine Panzer knapp f\u00fcnf Millionen US-Dollar zu zahlen bereit sei. Lula begr\u00fcndete seine Absage damit, dass es sich nicht lohne, &#8220;die Russen zu provozieren&#8221;.<\/p>\n<p>Zugleich schlug der brasilianische Pr\u00e4sident am Montag eine Friedensinitiative vor. Ihm zufolge sollte ein &#8220;Klub der L\u00e4nder&#8221; geschaffen werden, die den Frieden auf dem Planeten aufbauen m\u00f6chten.<\/p>\n<blockquote>\n<p><em>&#8220;Mein Vorschlag ist, eine Gruppe von L\u00e4ndern zu bilden, die versuchen, sich zusammen mit der Ukraine und Russland an einen Verhandlungstisch zu setzen, um eine friedliche L\u00f6sung zu finden.&#8221;<\/em><\/p>\n<\/blockquote>\n<p>\u00dcber diese Initiative habe er schon mit dem franz\u00f6sischen Pr\u00e4sidenten Emmanuel Macron und dem deutschen Bundeskanzler gesprochen, sagte Lula. Er werde dar\u00fcber auch mit dem US-Pr\u00e4sidenten Joe Biden diskutieren. Sp\u00e4ter werde man auch andere Staatschefs in dieser Angelegenheit kontaktieren. Der brasilianische Pr\u00e4sident <a rel=\"nofollow noopener\" target=\"_blank\" href=\"https:\/\/mobile.twitter.com\/LulaOficial\/status\/1620184765247930376\">hob<\/a> in diesem Zusammenhang die Rolle Chinas hervor.<\/p>\n<blockquote>\n<p><em>&#8220;Es ist Zeit, dass China anpackt. Wenn ich im M\u00e4rz nach China reise, will ich mit Pr\u00e4sident Xi Jinping auch \u00fcber den Frieden zwischen Russland und der Ukraine sprechen.&#8221;<\/em><\/p>\n<\/blockquote>\n<p>Lula brachte sich auch selbst als Vermittler ins Spiel. Er zeigte sich bereit, mit dem ukrainischen Pr\u00e4sidenten Wladimir Selenskij und mit dem russischen Staatschef Wladimir Putin zu sprechen. F\u00fcr die Friedensgespr\u00e4che brauche man eine Gruppe von L\u00e4ndern, die stark genug sei und respektiert werde.<\/p>\n<p>Der brasilianische Pr\u00e4sident kritisierte bei der Pressekonferenz sowohl Russland als auch die Ukraine und die Vereinten Nationen. Die Sonderoperation nannte er einen Fehler, da das russische Milit\u00e4r in das Territorium eines anderen Landes eingedrungen sei. Seiner Ansicht nach w\u00fcrden jedoch zwei nicht streiten, wenn einer nicht wolle, f\u00fcgte Lula hinzu. Die UNO, die eigentlich als Friedenstifter ins Leben gerufen worden sei, repr\u00e4sentiere nicht mehr die &#8220;geopolitische Realit\u00e4t&#8221;.<\/p>\n<blockquote>\n<p><em>&#8220;Wir wollen, dass der UN-Sicherheitsrat stark ist, dass er repr\u00e4sentativer ist und eine andere Sprache sprechen kann, die die Welt braucht. Wenn die UNO stark ist, vermeiden wir bestimmt m\u00f6gliche Kriege in Zukunft. Denn heute passieren Kriege wegen eines Mangels an Verhandlungen.&#8221;<\/em><\/p>\n<\/blockquote>\n<p>Am Montag <a rel=\"nofollow noopener\" target=\"_blank\" href=\"https:\/\/noticias.uol.com.br\/colunas\/jamil-chade\/2023\/01\/30\/pressionado-por-ucrania-lula-diz-a-macron-que-sua-guerra-e-contra-pobreza.htm\">hatte<\/a> das brasilianische Nachrichtenportal <em>UOL<\/em> berichtet, dass Lula am Donnerstag mit seinem franz\u00f6sischen Amtskollegen Macron telefoniert habe. Im Gespr\u00e4ch\u00a0habe\u00a0der Pr\u00e4sident des gr\u00f6\u00dften lateinamerikanischen Landes gesagt, dass sich Brasilien an keinen Operationen im Ukraine-Krieg beteiligen werde. Es sei aber bereit, sich aktiv f\u00fcr den Frieden einzusetzen. Lula habe zudem erkl\u00e4rt, dass sein Kampf einer gegen Armut sei. Das Telefonat habe demnach mehr als eine Stunde gedauert.<\/p>\n<p>In der vergangenen Woche hatten auch der argentinische Staatschef Alberto Fern\u00e1ndez und sein kolumbianischer Amtskollege Gustavo Petro jegliche Lieferungen von Waffen und Munition an Russland und die Ukraine abgelehnt. Petro verweis au\u00dferdem auf den schlechten Zustand der Milit\u00e4rausr\u00fcstung aus russischer Produktion, die sein Land besitze. Bogot\u00e1 habe keine Ressourcen, um sie warten. Grunds\u00e4tzlich sei Kolumbien auf der Seite des Friedens.<\/p>\n<p><strong>Mehr zum Thema<\/strong> &#8211;\u00a0<a rel=\"nofollow noopener\" target=\"_blank\" href=\"https:\/\/de.rt.com\/international\/161457-nato-als-konfliktpartei-in-ukraine\/\">Die Welt f\u00e4ngt an, die NATO als Konfliktpartei in der Ukraine zu sehen<\/a><\/p>\n<\/div>\n<p><script async src=\"https:\/\/platform.twitter.com\/widgets.js\" charset=\"utf-8\"><\/script><br \/>\n<br \/><br \/>\n<br \/><a href=\"https:\/\/de.rt.com\/amerika\/161487-lula-da-silva-lehnt-waffenlieferungen-an-ukraine-ab\/\">Source link <\/a><\/p>\n","protected":false},"excerpt":{"rendered":"<p>Der brasilianische Pr\u00e4sident Luiz In\u00e1cio Lula da Silva hat nach einem Treffen mit Bundeskanzler Olaf Scholz jegliche Lieferungen von Waffen und Munition an die Ukraine ausgeschlossen. Zugleich schlug er eine Vermittlungsinitiative f\u00fcr eine Beendigung des Krieges vor. Brasiliens Staatschef Luiz In\u00e1cio Lula da Silva hat am Montag die Haltung seines Landes gegen\u00fcber dem Krieg in [&hellip;]<\/p>\n","protected":false},"author":3,"featured_media":29075,"comment_status":"open","ping_status":"open","sticky":false,"template":"","format":"standard","meta":{"_yoast_indexnow_last_ping":["1675157810"],"wp_automatic_camp":["217"],"40da4f18162ac573f0ab98025681f058":["Lula da Silva lehnt Waffenlieferungen an Ukraine ab: &quot;Brasilien ist ein Land des Friedens&quot;"],"original_link":["https:\/\/de.rt.com\/amerika\/161487-lula-da-silva-lehnt-waffenlieferungen-an-ukraine-ab\/"],"_thumbnail_id":["29075"],"_wptgpro_p2tg_sent2tg":["a:1:{i:23737;s:19:\"2023-01-31 11:40:24\";}"],"jnews_social_counter_last_update":["1777262821"]},"categories":[19,23],"tags":[583,357,39947,414,7414,2034,4648,39946,4649,127,370],"yoast_head":"<!-- This site is optimized with the Yoast SEO Premium plugin v22.7 (Yoast SEO v22.7) - https:\/\/yoast.com\/wordpress\/plugins\/seo\/ -->\n<title>Lula da Silva lehnt Waffenlieferungen an Ukraine ab: &quot;Brasilien ist ein Land des Friedens&quot; - just-now.NEWS Deutschland<\/title>\n<meta name=\"robots\" content=\"index, follow, max-snippet:-1, max-image-preview:large, max-video-preview:-1\" \/>\n<link rel=\"canonical\" href=\"https:\/\/now-news.de\/de\/deutschland\/lula-da-silva-lehnt-waffenlieferungen-an-ukraine-ab-brasilien-ist-ein-land-des-friedens\/\" \/>\n<meta property=\"og:locale\" content=\"de_DE\" \/>\n<meta property=\"og:type\" content=\"article\" \/>\n<meta property=\"og:title\" content=\"Lula da Silva lehnt Waffenlieferungen an Ukraine ab: &quot;Brasilien ist ein Land des Friedens&quot;\" \/>\n<meta property=\"og:description\" content=\"Der brasilianische Pr\u00e4sident Luiz In\u00e1cio Lula da Silva hat nach einem Treffen mit Bundeskanzler Olaf Scholz jegliche Lieferungen von Waffen und Munition an die Ukraine ausgeschlossen. Zugleich schlug er eine Vermittlungsinitiative f\u00fcr eine Beendigung des Krieges vor. Brasiliens Staatschef Luiz In\u00e1cio Lula da Silva hat am Montag die Haltung seines Landes gegen\u00fcber dem Krieg in [&hellip;]\" \/>\n<meta property=\"og:url\" content=\"https:\/\/now-news.de\/de\/deutschland\/lula-da-silva-lehnt-waffenlieferungen-an-ukraine-ab-brasilien-ist-ein-land-des-friedens\/\" \/>\n<meta property=\"og:site_name\" content=\"just-now.NEWS Deutschland\" \/>\n<meta property=\"article:publisher\" content=\"https:\/\/www.facebook.com\/wirmachenauf\" \/>\n<meta property=\"article:published_time\" content=\"2023-01-31T09:27:00+00:00\" \/>\n<meta property=\"og:image\" content=\"https:\/\/now-news.de\/de\/wp-content\/uploads\/sites\/3\/2023\/01\/Lula-da-Silva-lehnt-Waffenlieferungen-an-Ukraine-ab-quotBrasilien-ist.jpg\" \/>\n\t<meta property=\"og:image:width\" content=\"460\" \/>\n\t<meta property=\"og:image:height\" content=\"259\" \/>\n\t<meta property=\"og:image:type\" content=\"image\/jpeg\" \/>\n<meta name=\"author\" content=\"rtnews\" \/>\n<meta name=\"twitter:card\" content=\"summary_large_image\" \/>\n<meta name=\"twitter:creator\" content=\"@WirMachenAuf_de\" \/>\n<meta name=\"twitter:site\" content=\"@WirMachenAuf_de\" \/>\n<meta name=\"twitter:label1\" content=\"Verfasst von\" \/>\n\t<meta name=\"twitter:data1\" content=\"rtnews\" \/>\n\t<meta name=\"twitter:label2\" content=\"Gesch\u00e4tzte Lesezeit\" \/>\n\t<meta name=\"twitter:data2\" content=\"4\u00a0Minuten\" \/>\n<script type=\"application\/ld+json\" class=\"yoast-schema-graph\">{\"@context\":\"https:\/\/schema.org\",\"@graph\":[{\"@type\":\"Article\",\"@id\":\"https:\/\/now-news.de\/de\/deutschland\/lula-da-silva-lehnt-waffenlieferungen-an-ukraine-ab-brasilien-ist-ein-land-des-friedens\/#article\",\"isPartOf\":{\"@id\":\"https:\/\/now-news.de\/de\/deutschland\/lula-da-silva-lehnt-waffenlieferungen-an-ukraine-ab-brasilien-ist-ein-land-des-friedens\/\"},\"author\":{\"name\":\"rtnews\",\"@id\":\"https:\/\/now-news.de\/de\/#\/schema\/person\/fb534a4e865501d8b3285208df34a9b5\"},\"headline\":\"Lula da Silva lehnt Waffenlieferungen an Ukraine ab: &quot;Brasilien ist ein Land des Friedens&quot;\",\"datePublished\":\"2023-01-31T09:27:00+00:00\",\"dateModified\":\"2023-01-31T09:27:00+00:00\",\"mainEntityOfPage\":{\"@id\":\"https:\/\/now-news.de\/de\/deutschland\/lula-da-silva-lehnt-waffenlieferungen-an-ukraine-ab-brasilien-ist-ein-land-des-friedens\/\"},\"wordCount\":749,\"commentCount\":0,\"publisher\":{\"@id\":\"https:\/\/now-news.de\/de\/#organization\"},\"image\":{\"@id\":\"https:\/\/now-news.de\/de\/deutschland\/lula-da-silva-lehnt-waffenlieferungen-an-ukraine-ab-brasilien-ist-ein-land-des-friedens\/#primaryimage\"},\"thumbnailUrl\":\"https:\/\/now-news.de\/de\/wp-content\/uploads\/sites\/3\/2023\/01\/Lula-da-Silva-lehnt-Waffenlieferungen-an-Ukraine-ab-quotBrasilien-ist.jpg\",\"keywords\":[\"des\",\"ein\",\"Friedensquot\",\"ist\",\"Land\",\"lehnt\",\"Lula\",\"quotBrasilien\",\"Silva\",\"ukraine\",\"Waffenlieferungen\"],\"articleSection\":[\"Deutschland\",\"Russland\"],\"inLanguage\":\"de\",\"potentialAction\":[{\"@type\":\"CommentAction\",\"name\":\"Comment\",\"target\":[\"https:\/\/now-news.de\/de\/deutschland\/lula-da-silva-lehnt-waffenlieferungen-an-ukraine-ab-brasilien-ist-ein-land-des-friedens\/#respond\"]}]},{\"@type\":\"WebPage\",\"@id\":\"https:\/\/now-news.de\/de\/deutschland\/lula-da-silva-lehnt-waffenlieferungen-an-ukraine-ab-brasilien-ist-ein-land-des-friedens\/\",\"url\":\"https:\/\/now-news.de\/de\/deutschland\/lula-da-silva-lehnt-waffenlieferungen-an-ukraine-ab-brasilien-ist-ein-land-des-friedens\/\",\"name\":\"Lula da Silva lehnt Waffenlieferungen an Ukraine ab: &quot;Brasilien ist ein Land des Friedens&quot; - just-now.NEWS Deutschland\",\"isPartOf\":{\"@id\":\"https:\/\/now-news.de\/de\/#website\"},\"primaryImageOfPage\":{\"@id\":\"https:\/\/now-news.de\/de\/deutschland\/lula-da-silva-lehnt-waffenlieferungen-an-ukraine-ab-brasilien-ist-ein-land-des-friedens\/#primaryimage\"},\"image\":{\"@id\":\"https:\/\/now-news.de\/de\/deutschland\/lula-da-silva-lehnt-waffenlieferungen-an-ukraine-ab-brasilien-ist-ein-land-des-friedens\/#primaryimage\"},\"thumbnailUrl\":\"https:\/\/now-news.de\/de\/wp-content\/uploads\/sites\/3\/2023\/01\/Lula-da-Silva-lehnt-Waffenlieferungen-an-Ukraine-ab-quotBrasilien-ist.jpg\",\"datePublished\":\"2023-01-31T09:27:00+00:00\",\"dateModified\":\"2023-01-31T09:27:00+00:00\",\"breadcrumb\":{\"@id\":\"https:\/\/now-news.de\/de\/deutschland\/lula-da-silva-lehnt-waffenlieferungen-an-ukraine-ab-brasilien-ist-ein-land-des-friedens\/#breadcrumb\"},\"inLanguage\":\"de\",\"potentialAction\":[{\"@type\":\"ReadAction\",\"target\":[\"https:\/\/now-news.de\/de\/deutschland\/lula-da-silva-lehnt-waffenlieferungen-an-ukraine-ab-brasilien-ist-ein-land-des-friedens\/\"]}]},{\"@type\":\"ImageObject\",\"inLanguage\":\"de\",\"@id\":\"https:\/\/now-news.de\/de\/deutschland\/lula-da-silva-lehnt-waffenlieferungen-an-ukraine-ab-brasilien-ist-ein-land-des-friedens\/#primaryimage\",\"url\":\"https:\/\/now-news.de\/de\/wp-content\/uploads\/sites\/3\/2023\/01\/Lula-da-Silva-lehnt-Waffenlieferungen-an-Ukraine-ab-quotBrasilien-ist.jpg\",\"contentUrl\":\"https:\/\/now-news.de\/de\/wp-content\/uploads\/sites\/3\/2023\/01\/Lula-da-Silva-lehnt-Waffenlieferungen-an-Ukraine-ab-quotBrasilien-ist.jpg\",\"width\":460,\"height\":259,\"caption\":\"Lula da Silva lehnt Waffenlieferungen an Ukraine ab: &quot;Brasilien ist ein Land des Friedens&quot;\"},{\"@type\":\"BreadcrumbList\",\"@id\":\"https:\/\/now-news.de\/de\/deutschland\/lula-da-silva-lehnt-waffenlieferungen-an-ukraine-ab-brasilien-ist-ein-land-des-friedens\/#breadcrumb\",\"itemListElement\":[{\"@type\":\"ListItem\",\"position\":1,\"name\":\"Home\",\"item\":\"https:\/\/now-news.de\/de\/\"},{\"@type\":\"ListItem\",\"position\":2,\"name\":\"Lula da Silva lehnt Waffenlieferungen an Ukraine ab: &quot;Brasilien ist ein Land des Friedens&quot;\"}]},{\"@type\":\"WebSite\",\"@id\":\"https:\/\/now-news.de\/de\/#website\",\"url\":\"https:\/\/now-news.de\/de\/\",\"name\":\"just-now.NEWS Deutschland\",\"description\":\"Das Portal f\u00fcr unzensierte Nachrichten aus der Welt\",\"publisher\":{\"@id\":\"https:\/\/now-news.de\/de\/#organization\"},\"potentialAction\":[{\"@type\":\"SearchAction\",\"target\":{\"@type\":\"EntryPoint\",\"urlTemplate\":\"https:\/\/now-news.de\/de\/?s={search_term_string}\"},\"query-input\":\"required name=search_term_string\"}],\"inLanguage\":\"de\"},{\"@type\":\"Organization\",\"@id\":\"https:\/\/now-news.de\/de\/#organization\",\"name\":\"Just Now News\",\"url\":\"https:\/\/now-news.de\/de\/\",\"logo\":{\"@type\":\"ImageObject\",\"inLanguage\":\"de\",\"@id\":\"https:\/\/now-news.de\/de\/#\/schema\/logo\/image\/\",\"url\":\"http:\/\/just-now.news\/de\/wp-content\/uploads\/sites\/3\/2022\/04\/logo500x500.jpg\",\"contentUrl\":\"http:\/\/just-now.news\/de\/wp-content\/uploads\/sites\/3\/2022\/04\/logo500x500.jpg\",\"width\":500,\"height\":500,\"caption\":\"Just Now News\"},\"image\":{\"@id\":\"https:\/\/now-news.de\/de\/#\/schema\/logo\/image\/\"},\"sameAs\":[\"https:\/\/www.facebook.com\/wirmachenauf\",\"https:\/\/x.com\/WirMachenAuf_de\"]},{\"@type\":\"Person\",\"@id\":\"https:\/\/now-news.de\/de\/#\/schema\/person\/fb534a4e865501d8b3285208df34a9b5\",\"name\":\"rtnews\",\"image\":{\"@type\":\"ImageObject\",\"inLanguage\":\"de\",\"@id\":\"https:\/\/now-news.de\/de\/#\/schema\/person\/image\/\",\"url\":\"https:\/\/secure.gravatar.com\/avatar\/82aafea7d8127119dd649515f56e2117?s=96&d=mm&r=g\",\"contentUrl\":\"https:\/\/secure.gravatar.com\/avatar\/82aafea7d8127119dd649515f56e2117?s=96&d=mm&r=g\",\"caption\":\"rtnews\"},\"url\":\"https:\/\/now-news.de\/de\/author\/rnews\/\"}]}<\/script>\n<!-- \/ Yoast SEO Premium plugin. -->","yoast_head_json":{"title":"Lula da Silva lehnt Waffenlieferungen an Ukraine ab: &quot;Brasilien ist ein Land des Friedens&quot; - just-now.NEWS Deutschland","robots":{"index":"index","follow":"follow","max-snippet":"max-snippet:-1","max-image-preview":"max-image-preview:large","max-video-preview":"max-video-preview:-1"},"canonical":"https:\/\/now-news.de\/de\/deutschland\/lula-da-silva-lehnt-waffenlieferungen-an-ukraine-ab-brasilien-ist-ein-land-des-friedens\/","og_locale":"de_DE","og_type":"article","og_title":"Lula da Silva lehnt Waffenlieferungen an Ukraine ab: &quot;Brasilien ist ein Land des Friedens&quot;","og_description":"Der brasilianische Pr\u00e4sident Luiz In\u00e1cio Lula da Silva hat nach einem Treffen mit Bundeskanzler Olaf Scholz jegliche Lieferungen von Waffen und Munition an die Ukraine ausgeschlossen. Zugleich schlug er eine Vermittlungsinitiative f\u00fcr eine Beendigung des Krieges vor. Brasiliens Staatschef Luiz In\u00e1cio Lula da Silva hat am Montag die Haltung seines Landes gegen\u00fcber dem Krieg in [&hellip;]","og_url":"https:\/\/now-news.de\/de\/deutschland\/lula-da-silva-lehnt-waffenlieferungen-an-ukraine-ab-brasilien-ist-ein-land-des-friedens\/","og_site_name":"just-now.NEWS Deutschland","article_publisher":"https:\/\/www.facebook.com\/wirmachenauf","article_published_time":"2023-01-31T09:27:00+00:00","og_image":[{"width":460,"height":259,"url":"https:\/\/now-news.de\/de\/wp-content\/uploads\/sites\/3\/2023\/01\/Lula-da-Silva-lehnt-Waffenlieferungen-an-Ukraine-ab-quotBrasilien-ist.jpg","type":"image\/jpeg"}],"author":"rtnews","twitter_card":"summary_large_image","twitter_creator":"@WirMachenAuf_de","twitter_site":"@WirMachenAuf_de","twitter_misc":{"Verfasst von":"rtnews","Gesch\u00e4tzte Lesezeit":"4\u00a0Minuten"},"schema":{"@context":"https:\/\/schema.org","@graph":[{"@type":"Article","@id":"https:\/\/now-news.de\/de\/deutschland\/lula-da-silva-lehnt-waffenlieferungen-an-ukraine-ab-brasilien-ist-ein-land-des-friedens\/#article","isPartOf":{"@id":"https:\/\/now-news.de\/de\/deutschland\/lula-da-silva-lehnt-waffenlieferungen-an-ukraine-ab-brasilien-ist-ein-land-des-friedens\/"},"author":{"name":"rtnews","@id":"https:\/\/now-news.de\/de\/#\/schema\/person\/fb534a4e865501d8b3285208df34a9b5"},"headline":"Lula da Silva lehnt Waffenlieferungen an Ukraine ab: &quot;Brasilien ist ein Land des Friedens&quot;","datePublished":"2023-01-31T09:27:00+00:00","dateModified":"2023-01-31T09:27:00+00:00","mainEntityOfPage":{"@id":"https:\/\/now-news.de\/de\/deutschland\/lula-da-silva-lehnt-waffenlieferungen-an-ukraine-ab-brasilien-ist-ein-land-des-friedens\/"},"wordCount":749,"commentCount":0,"publisher":{"@id":"https:\/\/now-news.de\/de\/#organization"},"image":{"@id":"https:\/\/now-news.de\/de\/deutschland\/lula-da-silva-lehnt-waffenlieferungen-an-ukraine-ab-brasilien-ist-ein-land-des-friedens\/#primaryimage"},"thumbnailUrl":"https:\/\/now-news.de\/de\/wp-content\/uploads\/sites\/3\/2023\/01\/Lula-da-Silva-lehnt-Waffenlieferungen-an-Ukraine-ab-quotBrasilien-ist.jpg","keywords":["des","ein","Friedensquot","ist","Land","lehnt","Lula","quotBrasilien","Silva","ukraine","Waffenlieferungen"],"articleSection":["Deutschland","Russland"],"inLanguage":"de","potentialAction":[{"@type":"CommentAction","name":"Comment","target":["https:\/\/now-news.de\/de\/deutschland\/lula-da-silva-lehnt-waffenlieferungen-an-ukraine-ab-brasilien-ist-ein-land-des-friedens\/#respond"]}]},{"@type":"WebPage","@id":"https:\/\/now-news.de\/de\/deutschland\/lula-da-silva-lehnt-waffenlieferungen-an-ukraine-ab-brasilien-ist-ein-land-des-friedens\/","url":"https:\/\/now-news.de\/de\/deutschland\/lula-da-silva-lehnt-waffenlieferungen-an-ukraine-ab-brasilien-ist-ein-land-des-friedens\/","name":"Lula da Silva lehnt Waffenlieferungen an Ukraine ab: &quot;Brasilien ist ein Land des Friedens&quot; - just-now.NEWS Deutschland","isPartOf":{"@id":"https:\/\/now-news.de\/de\/#website"},"primaryImageOfPage":{"@id":"https:\/\/now-news.de\/de\/deutschland\/lula-da-silva-lehnt-waffenlieferungen-an-ukraine-ab-brasilien-ist-ein-land-des-friedens\/#primaryimage"},"image":{"@id":"https:\/\/now-news.de\/de\/deutschland\/lula-da-silva-lehnt-waffenlieferungen-an-ukraine-ab-brasilien-ist-ein-land-des-friedens\/#primaryimage"},"thumbnailUrl":"https:\/\/now-news.de\/de\/wp-content\/uploads\/sites\/3\/2023\/01\/Lula-da-Silva-lehnt-Waffenlieferungen-an-Ukraine-ab-quotBrasilien-ist.jpg","datePublished":"2023-01-31T09:27:00+00:00","dateModified":"2023-01-31T09:27:00+00:00","breadcrumb":{"@id":"https:\/\/now-news.de\/de\/deutschland\/lula-da-silva-lehnt-waffenlieferungen-an-ukraine-ab-brasilien-ist-ein-land-des-friedens\/#breadcrumb"},"inLanguage":"de","potentialAction":[{"@type":"ReadAction","target":["https:\/\/now-news.de\/de\/deutschland\/lula-da-silva-lehnt-waffenlieferungen-an-ukraine-ab-brasilien-ist-ein-land-des-friedens\/"]}]},{"@type":"ImageObject","inLanguage":"de","@id":"https:\/\/now-news.de\/de\/deutschland\/lula-da-silva-lehnt-waffenlieferungen-an-ukraine-ab-brasilien-ist-ein-land-des-friedens\/#primaryimage","url":"https:\/\/now-news.de\/de\/wp-content\/uploads\/sites\/3\/2023\/01\/Lula-da-Silva-lehnt-Waffenlieferungen-an-Ukraine-ab-quotBrasilien-ist.jpg","contentUrl":"https:\/\/now-news.de\/de\/wp-content\/uploads\/sites\/3\/2023\/01\/Lula-da-Silva-lehnt-Waffenlieferungen-an-Ukraine-ab-quotBrasilien-ist.jpg","width":460,"height":259,"caption":"Lula da Silva lehnt Waffenlieferungen an Ukraine ab: &quot;Brasilien ist ein Land des Friedens&quot;"},{"@type":"BreadcrumbList","@id":"https:\/\/now-news.de\/de\/deutschland\/lula-da-silva-lehnt-waffenlieferungen-an-ukraine-ab-brasilien-ist-ein-land-des-friedens\/#breadcrumb","itemListElement":[{"@type":"ListItem","position":1,"name":"Home","item":"https:\/\/now-news.de\/de\/"},{"@type":"ListItem","position":2,"name":"Lula da Silva lehnt Waffenlieferungen an Ukraine ab: &quot;Brasilien ist ein Land des Friedens&quot;"}]},{"@type":"WebSite","@id":"https:\/\/now-news.de\/de\/#website","url":"https:\/\/now-news.de\/de\/","name":"just-now.NEWS Deutschland","description":"Das Portal f\u00fcr unzensierte Nachrichten aus der Welt","publisher":{"@id":"https:\/\/now-news.de\/de\/#organization"},"potentialAction":[{"@type":"SearchAction","target":{"@type":"EntryPoint","urlTemplate":"https:\/\/now-news.de\/de\/?s={search_term_string}"},"query-input":"required name=search_term_string"}],"inLanguage":"de"},{"@type":"Organization","@id":"https:\/\/now-news.de\/de\/#organization","name":"Just Now News","url":"https:\/\/now-news.de\/de\/","logo":{"@type":"ImageObject","inLanguage":"de","@id":"https:\/\/now-news.de\/de\/#\/schema\/logo\/image\/","url":"http:\/\/just-now.news\/de\/wp-content\/uploads\/sites\/3\/2022\/04\/logo500x500.jpg","contentUrl":"http:\/\/just-now.news\/de\/wp-content\/uploads\/sites\/3\/2022\/04\/logo500x500.jpg","width":500,"height":500,"caption":"Just Now News"},"image":{"@id":"https:\/\/now-news.de\/de\/#\/schema\/logo\/image\/"},"sameAs":["https:\/\/www.facebook.com\/wirmachenauf","https:\/\/x.com\/WirMachenAuf_de"]},{"@type":"Person","@id":"https:\/\/now-news.de\/de\/#\/schema\/person\/fb534a4e865501d8b3285208df34a9b5","name":"rtnews","image":{"@type":"ImageObject","inLanguage":"de","@id":"https:\/\/now-news.de\/de\/#\/schema\/person\/image\/","url":"https:\/\/secure.gravatar.com\/avatar\/82aafea7d8127119dd649515f56e2117?s=96&d=mm&r=g","contentUrl":"https:\/\/secure.gravatar.com\/avatar\/82aafea7d8127119dd649515f56e2117?s=96&d=mm&r=g","caption":"rtnews"},"url":"https:\/\/now-news.de\/de\/author\/rnews\/"}]}},"_links":{"self":[{"href":"https:\/\/now-news.de\/de\/wp-json\/wp\/v2\/posts\/29074"}],"collection":[{"href":"https:\/\/now-news.de\/de\/wp-json\/wp\/v2\/posts"}],"about":[{"href":"https:\/\/now-news.de\/de\/wp-json\/wp\/v2\/types\/post"}],"author":[{"embeddable":true,"href":"https:\/\/now-news.de\/de\/wp-json\/wp\/v2\/users\/3"}],"replies":[{"embeddable":true,"href":"https:\/\/now-news.de\/de\/wp-json\/wp\/v2\/comments?post=29074"}],"version-history":[{"count":0,"href":"https:\/\/now-news.de\/de\/wp-json\/wp\/v2\/posts\/29074\/revisions"}],"wp:featuredmedia":[{"embeddable":true,"href":"https:\/\/now-news.de\/de\/wp-json\/wp\/v2\/media\/29075"}],"wp:attachment":[{"href":"https:\/\/now-news.de\/de\/wp-json\/wp\/v2\/media?parent=29074"}],"wp:term":[{"taxonomy":"category","embeddable":true,"href":"https:\/\/now-news.de\/de\/wp-json\/wp\/v2\/categories?post=29074"},{"taxonomy":"post_tag","embeddable":true,"href":"https:\/\/now-news.de\/de\/wp-json\/wp\/v2\/tags?post=29074"}],"curies":[{"name":"wp","href":"https:\/\/api.w.org\/{rel}","templated":true}]}}