{"id":29021,"date":"2023-01-30T17:43:41","date_gmt":"2023-01-30T15:43:41","guid":{"rendered":"https:\/\/just-now.news\/de\/deutschland\/praesident-kroatiens-handeln-des-kollektiven-westens-in-der-ukraine-zutiefst-unmoralisch\/"},"modified":"2023-01-30T17:43:41","modified_gmt":"2023-01-30T15:43:41","slug":"praesident-kroatiens-handeln-des-kollektiven-westens-in-der-ukraine-zutiefst-unmoralisch","status":"publish","type":"post","link":"https:\/\/now-news.de\/de\/deutschland\/praesident-kroatiens-handeln-des-kollektiven-westens-in-der-ukraine-zutiefst-unmoralisch\/","title":{"rendered":"Pr\u00e4sident Kroatiens: &quot;Handeln des kollektiven Westens in der Ukraine zutiefst unmoralisch&quot;"},"content":{"rendered":"<p><img decoding=\"async\" src=\"http:\/\/just-now.news\/de\/wp-content\/uploads\/sites\/3\/2023\/01\/63d7cc59b480cc1a4e0bff68.jpg\" \/><\/p>\n<div class=\"Text-root Text-type_1 \">\n                Der kroatische Pr\u00e4sident Zoran Milanovi\u0107 hat sich in einer Rede erneut gegen die Waffenlieferungen an die Ukraine ausgesprochen und betont, die Haltung des Westens in Bezug auf dieses Land sei zutiefst unmoralisch.\n            <\/div>\n<p><\/p>\n<div class=\"Text-root Text-type_5 ArticleView-text ViewText-root \">\n<p>Kroatiens Pr\u00e4sident Zoran Milanovi\u0107 hat in seiner Rede bei der Entsendung des neuen Kontingents der kroatischen Armee zur NATO-Mission in Litauen <a rel=\"nofollow noopener\" target=\"_blank\" href=\"https:\/\/www.tanjug.rs\/region\/politika\/11257\/zoran-milanovic-ovo-sto-kolektivni-zapad-radi-u-ukrajini-je-duboko-nemoralno-cenu-placa-evropa\/vest\">angegeben<\/a>, er sei dagegen, t\u00f6dliche Waffen in die Ukraine zu schicken, weil dadurch der Krieg verl\u00e4ngert werde. Die Pazifisten von gestern und Friedensk\u00e4mpfer im Westen wollten sich nun &#8220;an fremdem Blut betrinken&#8221;, ohne sich aber pers\u00f6nlich in Gefahr zu begeben, hie\u00df es. Milanovi\u0107 stellte klar:<\/p>\n<blockquote>\n<p><em>&#8220;Was wir als kollektiver Westen in der Ukraine tun, ist zutiefst unmoralisch.&#8221;<\/em><\/p>\n<\/blockquote>\n<p>Seine Aufgabe sei es, Kroatien von einer Beteiligung daran fernzuhalten, weil es lebensgef\u00e4hrlich sei, so der Pr\u00e4sident. Bei der Ukraine-Hilfe k\u00f6nne es sich nur um eine humanit\u00e4re Hilfe oder die Verurteilung des russischen Verhaltens handeln, f\u00fcgte er hinzu. Vor zwei Monaten habe die EU-Kommissionspr\u00e4sidentin Ursula von der Leyen gesagt, 100.000 ukrainische Soldaten seien bisher get\u00f6tet worden, insgesamt d\u00fcrften es 150.000 sein, hie\u00df es weiter. Russland sei im Vorteil bei Munition und Artillerie, es verf\u00fcge \u00fcber eine unbegrenzte Menge davon. Kroatiens Staatsoberhaupt fragte sich:<\/p>\n<blockquote>\n<p><em>&#8220;Und was ist die L\u00f6sung \u2013 dass die Ukraine v\u00f6llig ohne M\u00e4nner dasteht? Ich bin nicht der Pr\u00e4sident der Ukraine, aber ich habe Sympathie f\u00fcr dieses Land.&#8221;<\/em><\/p>\n<\/blockquote>\n<p>Ihm zufolge wird die Lieferung deutscher Panzer an die Ukraine dazu f\u00fchren, dass der Zusammenhalt der russischen Bev\u00f6lkerung st\u00e4rker wird. Zudem h\u00e4tten die westlichen Waffenlieferungen eine Ann\u00e4herung zwischen Russland und China zur Folge, was politisch unvern\u00fcnftig sei und dem Westen schade.<\/p>\n<p>Milanovi\u0107 hatte sich wiederholt gegen eine Beteiligung des kroatischen Milit\u00e4rs an den Ereignissen in der Ukraine ausgesprochen und Zweifel an der Wirksamkeit von Russland-Sanktionen ge\u00e4u\u00dfert. Dies hinderte aber die Regierung mit Premierminister Andrej Plenkovi\u0107 an der Spitze nicht daran, harte Position gegen\u00fcber Russland einzunehmen und Kiew auch milit\u00e4risch zu unterst\u00fctzen.<\/p>\n<p><strong>Mehr zum Thema<\/strong> &#8211; <a rel=\"nofollow noopener\" target=\"_blank\" href=\"https:\/\/de.rt.com\/international\/161196-praesident-kroatiens-ueber-baerbocks-kriegsansage\/\">Pr\u00e4sident Kroatiens \u00fcber Baerbocks Kriegsansage: Wir befinden uns mit niemandem im Krieg<\/a><\/p>\n<div class=\"EmbedBlock-root EmbedBlock-externalVideo EmbedBlock-vk\">\n<div class=\"VkEmbed\"><iframe class=\"lazyload\" data-src=\"https:\/\/vk.com\/video_ext.php?oid=-134310637&amp;id=456263010&amp;hash=29efc2c79bbceff8\" frameborder=\"0\" width=\"853\" height=\"480\" allowfullscreen><\/iframe><\/div>\n<\/div>\n<\/div>\n<p><br \/>\n<br \/><a href=\"https:\/\/de.rt.com\/europa\/161437-praesident-kroatiens-was-der-kollektive-westen-bezueglich-ukraine-tut-ist-unmoralisch\/\">Source link <\/a><\/p>\n","protected":false},"excerpt":{"rendered":"<p>Der kroatische Pr\u00e4sident Zoran Milanovi\u0107 hat sich in einer Rede erneut gegen die Waffenlieferungen an die Ukraine ausgesprochen und betont, die Haltung des Westens in Bezug auf dieses Land sei zutiefst unmoralisch. Kroatiens Pr\u00e4sident Zoran Milanovi\u0107 hat in seiner Rede bei der Entsendung des neuen Kontingents der kroatischen Armee zur NATO-Mission in Litauen angegeben, er [&hellip;]<\/p>\n","protected":false},"author":3,"featured_media":29022,"comment_status":"open","ping_status":"open","sticky":false,"template":"","format":"standard","meta":{"_yoast_indexnow_last_ping":["1675094278"],"wp_automatic_camp":["217"],"f184664aca661c9790327119e8de52d4":["Pr\u00e4sident Kroatiens: &quot;Handeln des kollektiven Westens in der Ukraine zutiefst unmoralisch&quot;"],"original_link":["https:\/\/de.rt.com\/europa\/161437-praesident-kroatiens-was-der-kollektive-westen-bezueglich-ukraine-tut-ist-unmoralisch\/"],"_thumbnail_id":["29022"],"_wptgpro_p2tg_sent2tg":["a:1:{i:23737;s:19:\"2023-01-30 17:59:32\";}"],"jnews_social_counter_last_update":["1777792604"]},"categories":[19,23],"tags":[82,583,27941,35658,3464,39905,127,39906,3117,33271],"yoast_head":"<!-- This site is optimized with the Yoast SEO Premium plugin v22.7 (Yoast SEO v22.7) - https:\/\/yoast.com\/wordpress\/plugins\/seo\/ -->\n<title>Pr\u00e4sident Kroatiens: &quot;Handeln des kollektiven Westens in der Ukraine zutiefst unmoralisch&quot; - just-now.NEWS Deutschland<\/title>\n<meta name=\"robots\" content=\"index, follow, max-snippet:-1, max-image-preview:large, max-video-preview:-1\" \/>\n<link rel=\"canonical\" href=\"https:\/\/now-news.de\/de\/deutschland\/praesident-kroatiens-handeln-des-kollektiven-westens-in-der-ukraine-zutiefst-unmoralisch\/\" \/>\n<meta property=\"og:locale\" content=\"de_DE\" \/>\n<meta property=\"og:type\" content=\"article\" \/>\n<meta property=\"og:title\" content=\"Pr\u00e4sident Kroatiens: &quot;Handeln des kollektiven Westens in der Ukraine zutiefst unmoralisch&quot;\" \/>\n<meta property=\"og:description\" content=\"Der kroatische Pr\u00e4sident Zoran Milanovi\u0107 hat sich in einer Rede erneut gegen die Waffenlieferungen an die Ukraine ausgesprochen und betont, die Haltung des Westens in Bezug auf dieses Land sei zutiefst unmoralisch. Kroatiens Pr\u00e4sident Zoran Milanovi\u0107 hat in seiner Rede bei der Entsendung des neuen Kontingents der kroatischen Armee zur NATO-Mission in Litauen angegeben, er [&hellip;]\" \/>\n<meta property=\"og:url\" content=\"https:\/\/now-news.de\/de\/deutschland\/praesident-kroatiens-handeln-des-kollektiven-westens-in-der-ukraine-zutiefst-unmoralisch\/\" \/>\n<meta property=\"og:site_name\" content=\"just-now.NEWS Deutschland\" \/>\n<meta property=\"article:publisher\" content=\"https:\/\/www.facebook.com\/wirmachenauf\" \/>\n<meta property=\"article:published_time\" content=\"2023-01-30T15:43:41+00:00\" \/>\n<meta property=\"og:image\" content=\"https:\/\/now-news.de\/de\/wp-content\/uploads\/sites\/3\/2023\/01\/Praesident-Kroatiens-quotHandeln-des-kollektiven-Westens-in-der-Ukraine-zutiefst.jpg\" \/>\n\t<meta property=\"og:image:width\" content=\"460\" \/>\n\t<meta property=\"og:image:height\" content=\"259\" \/>\n\t<meta property=\"og:image:type\" content=\"image\/jpeg\" \/>\n<meta name=\"author\" content=\"rtnews\" \/>\n<meta name=\"twitter:card\" content=\"summary_large_image\" \/>\n<meta name=\"twitter:creator\" content=\"@WirMachenAuf_de\" \/>\n<meta name=\"twitter:site\" content=\"@WirMachenAuf_de\" \/>\n<meta name=\"twitter:label1\" content=\"Verfasst von\" \/>\n\t<meta name=\"twitter:data1\" content=\"rtnews\" \/>\n\t<meta name=\"twitter:label2\" content=\"Gesch\u00e4tzte Lesezeit\" \/>\n\t<meta name=\"twitter:data2\" content=\"2\u00a0Minuten\" \/>\n<script type=\"application\/ld+json\" class=\"yoast-schema-graph\">{\"@context\":\"https:\/\/schema.org\",\"@graph\":[{\"@type\":\"Article\",\"@id\":\"https:\/\/now-news.de\/de\/deutschland\/praesident-kroatiens-handeln-des-kollektiven-westens-in-der-ukraine-zutiefst-unmoralisch\/#article\",\"isPartOf\":{\"@id\":\"https:\/\/now-news.de\/de\/deutschland\/praesident-kroatiens-handeln-des-kollektiven-westens-in-der-ukraine-zutiefst-unmoralisch\/\"},\"author\":{\"name\":\"rtnews\",\"@id\":\"https:\/\/now-news.de\/de\/#\/schema\/person\/fb534a4e865501d8b3285208df34a9b5\"},\"headline\":\"Pr\u00e4sident Kroatiens: &quot;Handeln des kollektiven Westens in der Ukraine zutiefst unmoralisch&quot;\",\"datePublished\":\"2023-01-30T15:43:41+00:00\",\"dateModified\":\"2023-01-30T15:43:41+00:00\",\"mainEntityOfPage\":{\"@id\":\"https:\/\/now-news.de\/de\/deutschland\/praesident-kroatiens-handeln-des-kollektiven-westens-in-der-ukraine-zutiefst-unmoralisch\/\"},\"wordCount\":374,\"commentCount\":0,\"publisher\":{\"@id\":\"https:\/\/now-news.de\/de\/#organization\"},\"image\":{\"@id\":\"https:\/\/now-news.de\/de\/deutschland\/praesident-kroatiens-handeln-des-kollektiven-westens-in-der-ukraine-zutiefst-unmoralisch\/#primaryimage\"},\"thumbnailUrl\":\"https:\/\/now-news.de\/de\/wp-content\/uploads\/sites\/3\/2023\/01\/Praesident-Kroatiens-quotHandeln-des-kollektiven-Westens-in-der-Ukraine-zutiefst.jpg\",\"keywords\":[\"der\",\"des\",\"kollektiven\",\"Kroatiens\",\"Pr\u00e4sident\",\"quotHandeln\",\"ukraine\",\"unmoralischquot\",\"Westens\",\"zutiefst\"],\"articleSection\":[\"Deutschland\",\"Russland\"],\"inLanguage\":\"de\",\"potentialAction\":[{\"@type\":\"CommentAction\",\"name\":\"Comment\",\"target\":[\"https:\/\/now-news.de\/de\/deutschland\/praesident-kroatiens-handeln-des-kollektiven-westens-in-der-ukraine-zutiefst-unmoralisch\/#respond\"]}]},{\"@type\":\"WebPage\",\"@id\":\"https:\/\/now-news.de\/de\/deutschland\/praesident-kroatiens-handeln-des-kollektiven-westens-in-der-ukraine-zutiefst-unmoralisch\/\",\"url\":\"https:\/\/now-news.de\/de\/deutschland\/praesident-kroatiens-handeln-des-kollektiven-westens-in-der-ukraine-zutiefst-unmoralisch\/\",\"name\":\"Pr\u00e4sident Kroatiens: &quot;Handeln des kollektiven Westens in der Ukraine zutiefst unmoralisch&quot; - just-now.NEWS Deutschland\",\"isPartOf\":{\"@id\":\"https:\/\/now-news.de\/de\/#website\"},\"primaryImageOfPage\":{\"@id\":\"https:\/\/now-news.de\/de\/deutschland\/praesident-kroatiens-handeln-des-kollektiven-westens-in-der-ukraine-zutiefst-unmoralisch\/#primaryimage\"},\"image\":{\"@id\":\"https:\/\/now-news.de\/de\/deutschland\/praesident-kroatiens-handeln-des-kollektiven-westens-in-der-ukraine-zutiefst-unmoralisch\/#primaryimage\"},\"thumbnailUrl\":\"https:\/\/now-news.de\/de\/wp-content\/uploads\/sites\/3\/2023\/01\/Praesident-Kroatiens-quotHandeln-des-kollektiven-Westens-in-der-Ukraine-zutiefst.jpg\",\"datePublished\":\"2023-01-30T15:43:41+00:00\",\"dateModified\":\"2023-01-30T15:43:41+00:00\",\"breadcrumb\":{\"@id\":\"https:\/\/now-news.de\/de\/deutschland\/praesident-kroatiens-handeln-des-kollektiven-westens-in-der-ukraine-zutiefst-unmoralisch\/#breadcrumb\"},\"inLanguage\":\"de\",\"potentialAction\":[{\"@type\":\"ReadAction\",\"target\":[\"https:\/\/now-news.de\/de\/deutschland\/praesident-kroatiens-handeln-des-kollektiven-westens-in-der-ukraine-zutiefst-unmoralisch\/\"]}]},{\"@type\":\"ImageObject\",\"inLanguage\":\"de\",\"@id\":\"https:\/\/now-news.de\/de\/deutschland\/praesident-kroatiens-handeln-des-kollektiven-westens-in-der-ukraine-zutiefst-unmoralisch\/#primaryimage\",\"url\":\"https:\/\/now-news.de\/de\/wp-content\/uploads\/sites\/3\/2023\/01\/Praesident-Kroatiens-quotHandeln-des-kollektiven-Westens-in-der-Ukraine-zutiefst.jpg\",\"contentUrl\":\"https:\/\/now-news.de\/de\/wp-content\/uploads\/sites\/3\/2023\/01\/Praesident-Kroatiens-quotHandeln-des-kollektiven-Westens-in-der-Ukraine-zutiefst.jpg\",\"width\":460,\"height\":259,\"caption\":\"Pr\u00e4sident Kroatiens: &quot;Handeln des kollektiven Westens in der Ukraine zutiefst unmoralisch&quot;\"},{\"@type\":\"BreadcrumbList\",\"@id\":\"https:\/\/now-news.de\/de\/deutschland\/praesident-kroatiens-handeln-des-kollektiven-westens-in-der-ukraine-zutiefst-unmoralisch\/#breadcrumb\",\"itemListElement\":[{\"@type\":\"ListItem\",\"position\":1,\"name\":\"Home\",\"item\":\"https:\/\/now-news.de\/de\/\"},{\"@type\":\"ListItem\",\"position\":2,\"name\":\"Pr\u00e4sident Kroatiens: &quot;Handeln des kollektiven Westens in der Ukraine zutiefst unmoralisch&quot;\"}]},{\"@type\":\"WebSite\",\"@id\":\"https:\/\/now-news.de\/de\/#website\",\"url\":\"https:\/\/now-news.de\/de\/\",\"name\":\"just-now.NEWS Deutschland\",\"description\":\"Das Portal f\u00fcr unzensierte Nachrichten aus der Welt\",\"publisher\":{\"@id\":\"https:\/\/now-news.de\/de\/#organization\"},\"potentialAction\":[{\"@type\":\"SearchAction\",\"target\":{\"@type\":\"EntryPoint\",\"urlTemplate\":\"https:\/\/now-news.de\/de\/?s={search_term_string}\"},\"query-input\":\"required name=search_term_string\"}],\"inLanguage\":\"de\"},{\"@type\":\"Organization\",\"@id\":\"https:\/\/now-news.de\/de\/#organization\",\"name\":\"Just Now News\",\"url\":\"https:\/\/now-news.de\/de\/\",\"logo\":{\"@type\":\"ImageObject\",\"inLanguage\":\"de\",\"@id\":\"https:\/\/now-news.de\/de\/#\/schema\/logo\/image\/\",\"url\":\"http:\/\/just-now.news\/de\/wp-content\/uploads\/sites\/3\/2022\/04\/logo500x500.jpg\",\"contentUrl\":\"http:\/\/just-now.news\/de\/wp-content\/uploads\/sites\/3\/2022\/04\/logo500x500.jpg\",\"width\":500,\"height\":500,\"caption\":\"Just Now News\"},\"image\":{\"@id\":\"https:\/\/now-news.de\/de\/#\/schema\/logo\/image\/\"},\"sameAs\":[\"https:\/\/www.facebook.com\/wirmachenauf\",\"https:\/\/x.com\/WirMachenAuf_de\"]},{\"@type\":\"Person\",\"@id\":\"https:\/\/now-news.de\/de\/#\/schema\/person\/fb534a4e865501d8b3285208df34a9b5\",\"name\":\"rtnews\",\"image\":{\"@type\":\"ImageObject\",\"inLanguage\":\"de\",\"@id\":\"https:\/\/now-news.de\/de\/#\/schema\/person\/image\/\",\"url\":\"https:\/\/secure.gravatar.com\/avatar\/82aafea7d8127119dd649515f56e2117?s=96&d=mm&r=g\",\"contentUrl\":\"https:\/\/secure.gravatar.com\/avatar\/82aafea7d8127119dd649515f56e2117?s=96&d=mm&r=g\",\"caption\":\"rtnews\"},\"url\":\"https:\/\/now-news.de\/de\/author\/rnews\/\"}]}<\/script>\n<!-- \/ Yoast SEO Premium plugin. -->","yoast_head_json":{"title":"Pr\u00e4sident Kroatiens: &quot;Handeln des kollektiven Westens in der Ukraine zutiefst unmoralisch&quot; - just-now.NEWS Deutschland","robots":{"index":"index","follow":"follow","max-snippet":"max-snippet:-1","max-image-preview":"max-image-preview:large","max-video-preview":"max-video-preview:-1"},"canonical":"https:\/\/now-news.de\/de\/deutschland\/praesident-kroatiens-handeln-des-kollektiven-westens-in-der-ukraine-zutiefst-unmoralisch\/","og_locale":"de_DE","og_type":"article","og_title":"Pr\u00e4sident Kroatiens: &quot;Handeln des kollektiven Westens in der Ukraine zutiefst unmoralisch&quot;","og_description":"Der kroatische Pr\u00e4sident Zoran Milanovi\u0107 hat sich in einer Rede erneut gegen die Waffenlieferungen an die Ukraine ausgesprochen und betont, die Haltung des Westens in Bezug auf dieses Land sei zutiefst unmoralisch. Kroatiens Pr\u00e4sident Zoran Milanovi\u0107 hat in seiner Rede bei der Entsendung des neuen Kontingents der kroatischen Armee zur NATO-Mission in Litauen angegeben, er [&hellip;]","og_url":"https:\/\/now-news.de\/de\/deutschland\/praesident-kroatiens-handeln-des-kollektiven-westens-in-der-ukraine-zutiefst-unmoralisch\/","og_site_name":"just-now.NEWS Deutschland","article_publisher":"https:\/\/www.facebook.com\/wirmachenauf","article_published_time":"2023-01-30T15:43:41+00:00","og_image":[{"width":460,"height":259,"url":"https:\/\/now-news.de\/de\/wp-content\/uploads\/sites\/3\/2023\/01\/Praesident-Kroatiens-quotHandeln-des-kollektiven-Westens-in-der-Ukraine-zutiefst.jpg","type":"image\/jpeg"}],"author":"rtnews","twitter_card":"summary_large_image","twitter_creator":"@WirMachenAuf_de","twitter_site":"@WirMachenAuf_de","twitter_misc":{"Verfasst von":"rtnews","Gesch\u00e4tzte Lesezeit":"2\u00a0Minuten"},"schema":{"@context":"https:\/\/schema.org","@graph":[{"@type":"Article","@id":"https:\/\/now-news.de\/de\/deutschland\/praesident-kroatiens-handeln-des-kollektiven-westens-in-der-ukraine-zutiefst-unmoralisch\/#article","isPartOf":{"@id":"https:\/\/now-news.de\/de\/deutschland\/praesident-kroatiens-handeln-des-kollektiven-westens-in-der-ukraine-zutiefst-unmoralisch\/"},"author":{"name":"rtnews","@id":"https:\/\/now-news.de\/de\/#\/schema\/person\/fb534a4e865501d8b3285208df34a9b5"},"headline":"Pr\u00e4sident Kroatiens: &quot;Handeln des kollektiven Westens in der Ukraine zutiefst unmoralisch&quot;","datePublished":"2023-01-30T15:43:41+00:00","dateModified":"2023-01-30T15:43:41+00:00","mainEntityOfPage":{"@id":"https:\/\/now-news.de\/de\/deutschland\/praesident-kroatiens-handeln-des-kollektiven-westens-in-der-ukraine-zutiefst-unmoralisch\/"},"wordCount":374,"commentCount":0,"publisher":{"@id":"https:\/\/now-news.de\/de\/#organization"},"image":{"@id":"https:\/\/now-news.de\/de\/deutschland\/praesident-kroatiens-handeln-des-kollektiven-westens-in-der-ukraine-zutiefst-unmoralisch\/#primaryimage"},"thumbnailUrl":"https:\/\/now-news.de\/de\/wp-content\/uploads\/sites\/3\/2023\/01\/Praesident-Kroatiens-quotHandeln-des-kollektiven-Westens-in-der-Ukraine-zutiefst.jpg","keywords":["der","des","kollektiven","Kroatiens","Pr\u00e4sident","quotHandeln","ukraine","unmoralischquot","Westens","zutiefst"],"articleSection":["Deutschland","Russland"],"inLanguage":"de","potentialAction":[{"@type":"CommentAction","name":"Comment","target":["https:\/\/now-news.de\/de\/deutschland\/praesident-kroatiens-handeln-des-kollektiven-westens-in-der-ukraine-zutiefst-unmoralisch\/#respond"]}]},{"@type":"WebPage","@id":"https:\/\/now-news.de\/de\/deutschland\/praesident-kroatiens-handeln-des-kollektiven-westens-in-der-ukraine-zutiefst-unmoralisch\/","url":"https:\/\/now-news.de\/de\/deutschland\/praesident-kroatiens-handeln-des-kollektiven-westens-in-der-ukraine-zutiefst-unmoralisch\/","name":"Pr\u00e4sident Kroatiens: &quot;Handeln des kollektiven Westens in der Ukraine zutiefst unmoralisch&quot; - just-now.NEWS Deutschland","isPartOf":{"@id":"https:\/\/now-news.de\/de\/#website"},"primaryImageOfPage":{"@id":"https:\/\/now-news.de\/de\/deutschland\/praesident-kroatiens-handeln-des-kollektiven-westens-in-der-ukraine-zutiefst-unmoralisch\/#primaryimage"},"image":{"@id":"https:\/\/now-news.de\/de\/deutschland\/praesident-kroatiens-handeln-des-kollektiven-westens-in-der-ukraine-zutiefst-unmoralisch\/#primaryimage"},"thumbnailUrl":"https:\/\/now-news.de\/de\/wp-content\/uploads\/sites\/3\/2023\/01\/Praesident-Kroatiens-quotHandeln-des-kollektiven-Westens-in-der-Ukraine-zutiefst.jpg","datePublished":"2023-01-30T15:43:41+00:00","dateModified":"2023-01-30T15:43:41+00:00","breadcrumb":{"@id":"https:\/\/now-news.de\/de\/deutschland\/praesident-kroatiens-handeln-des-kollektiven-westens-in-der-ukraine-zutiefst-unmoralisch\/#breadcrumb"},"inLanguage":"de","potentialAction":[{"@type":"ReadAction","target":["https:\/\/now-news.de\/de\/deutschland\/praesident-kroatiens-handeln-des-kollektiven-westens-in-der-ukraine-zutiefst-unmoralisch\/"]}]},{"@type":"ImageObject","inLanguage":"de","@id":"https:\/\/now-news.de\/de\/deutschland\/praesident-kroatiens-handeln-des-kollektiven-westens-in-der-ukraine-zutiefst-unmoralisch\/#primaryimage","url":"https:\/\/now-news.de\/de\/wp-content\/uploads\/sites\/3\/2023\/01\/Praesident-Kroatiens-quotHandeln-des-kollektiven-Westens-in-der-Ukraine-zutiefst.jpg","contentUrl":"https:\/\/now-news.de\/de\/wp-content\/uploads\/sites\/3\/2023\/01\/Praesident-Kroatiens-quotHandeln-des-kollektiven-Westens-in-der-Ukraine-zutiefst.jpg","width":460,"height":259,"caption":"Pr\u00e4sident Kroatiens: &quot;Handeln des kollektiven Westens in der Ukraine zutiefst unmoralisch&quot;"},{"@type":"BreadcrumbList","@id":"https:\/\/now-news.de\/de\/deutschland\/praesident-kroatiens-handeln-des-kollektiven-westens-in-der-ukraine-zutiefst-unmoralisch\/#breadcrumb","itemListElement":[{"@type":"ListItem","position":1,"name":"Home","item":"https:\/\/now-news.de\/de\/"},{"@type":"ListItem","position":2,"name":"Pr\u00e4sident Kroatiens: &quot;Handeln des kollektiven Westens in der Ukraine zutiefst unmoralisch&quot;"}]},{"@type":"WebSite","@id":"https:\/\/now-news.de\/de\/#website","url":"https:\/\/now-news.de\/de\/","name":"just-now.NEWS Deutschland","description":"Das Portal f\u00fcr unzensierte Nachrichten aus der Welt","publisher":{"@id":"https:\/\/now-news.de\/de\/#organization"},"potentialAction":[{"@type":"SearchAction","target":{"@type":"EntryPoint","urlTemplate":"https:\/\/now-news.de\/de\/?s={search_term_string}"},"query-input":"required name=search_term_string"}],"inLanguage":"de"},{"@type":"Organization","@id":"https:\/\/now-news.de\/de\/#organization","name":"Just Now News","url":"https:\/\/now-news.de\/de\/","logo":{"@type":"ImageObject","inLanguage":"de","@id":"https:\/\/now-news.de\/de\/#\/schema\/logo\/image\/","url":"http:\/\/just-now.news\/de\/wp-content\/uploads\/sites\/3\/2022\/04\/logo500x500.jpg","contentUrl":"http:\/\/just-now.news\/de\/wp-content\/uploads\/sites\/3\/2022\/04\/logo500x500.jpg","width":500,"height":500,"caption":"Just Now News"},"image":{"@id":"https:\/\/now-news.de\/de\/#\/schema\/logo\/image\/"},"sameAs":["https:\/\/www.facebook.com\/wirmachenauf","https:\/\/x.com\/WirMachenAuf_de"]},{"@type":"Person","@id":"https:\/\/now-news.de\/de\/#\/schema\/person\/fb534a4e865501d8b3285208df34a9b5","name":"rtnews","image":{"@type":"ImageObject","inLanguage":"de","@id":"https:\/\/now-news.de\/de\/#\/schema\/person\/image\/","url":"https:\/\/secure.gravatar.com\/avatar\/82aafea7d8127119dd649515f56e2117?s=96&d=mm&r=g","contentUrl":"https:\/\/secure.gravatar.com\/avatar\/82aafea7d8127119dd649515f56e2117?s=96&d=mm&r=g","caption":"rtnews"},"url":"https:\/\/now-news.de\/de\/author\/rnews\/"}]}},"_links":{"self":[{"href":"https:\/\/now-news.de\/de\/wp-json\/wp\/v2\/posts\/29021"}],"collection":[{"href":"https:\/\/now-news.de\/de\/wp-json\/wp\/v2\/posts"}],"about":[{"href":"https:\/\/now-news.de\/de\/wp-json\/wp\/v2\/types\/post"}],"author":[{"embeddable":true,"href":"https:\/\/now-news.de\/de\/wp-json\/wp\/v2\/users\/3"}],"replies":[{"embeddable":true,"href":"https:\/\/now-news.de\/de\/wp-json\/wp\/v2\/comments?post=29021"}],"version-history":[{"count":0,"href":"https:\/\/now-news.de\/de\/wp-json\/wp\/v2\/posts\/29021\/revisions"}],"wp:featuredmedia":[{"embeddable":true,"href":"https:\/\/now-news.de\/de\/wp-json\/wp\/v2\/media\/29022"}],"wp:attachment":[{"href":"https:\/\/now-news.de\/de\/wp-json\/wp\/v2\/media?parent=29021"}],"wp:term":[{"taxonomy":"category","embeddable":true,"href":"https:\/\/now-news.de\/de\/wp-json\/wp\/v2\/categories?post=29021"},{"taxonomy":"post_tag","embeddable":true,"href":"https:\/\/now-news.de\/de\/wp-json\/wp\/v2\/tags?post=29021"}],"curies":[{"name":"wp","href":"https:\/\/api.w.org\/{rel}","templated":true}]}}