{"id":28876,"date":"2023-01-28T18:11:59","date_gmt":"2023-01-28T16:11:59","guid":{"rendered":"https:\/\/just-now.news\/de\/deutschland\/wieder-schiesserei-in-jerusalem-schuetze-ist-palaestinensischer-jugendlicher\/"},"modified":"2023-01-28T18:11:59","modified_gmt":"2023-01-28T16:11:59","slug":"wieder-schiesserei-in-jerusalem-schuetze-ist-palaestinensischer-jugendlicher","status":"publish","type":"post","link":"https:\/\/now-news.de\/de\/deutschland\/wieder-schiesserei-in-jerusalem-schuetze-ist-palaestinensischer-jugendlicher\/","title":{"rendered":"Wieder Schie\u00dferei in Jerusalem \u2013 Sch\u00fctze ist pal\u00e4stinensischer Jugendlicher"},"content":{"rendered":"<p><img decoding=\"async\" src=\"http:\/\/just-now.news\/de\/wp-content\/uploads\/sites\/3\/2023\/01\/63d53341b480cc622f25554c.jpg\" \/><\/p>\n<div class=\"Text-root Text-type_1 \">\n                Nicht einmal einen Tag nach dem blutigen Terroranschlag in Ostjerusalem waren in der heiligen Stadt erneut Sch\u00fcsse zu h\u00f6ren. Diesmal griff ein 13-j\u00e4hriger Pal\u00e4stinenser zwei Menschen an. Sie wurden verletzt. Der Junge wurde festgenommen.\n            <\/div>\n<p><\/p>\n<div class=\"Text-root Text-type_5 ArticleView-text ViewText-root \">\n<p>Die Gewalt in Jerusalem l\u00e4sst nicht nach. Nachdem am Vortag ein pal\u00e4stinensischer Angreifer sieben Menschen vor einer Synagoge in der Stadt get\u00f6tet hatte, schoss ein Minderj\u00e4hriger im Viertel Silwan in Ostjerusalem auf zwei Israelis.<\/p>\n<p>Bei den Opfern handelt es sich um einen 47 Jahre alten Mann und seinen 23-j\u00e4hrigen Sohn. Nach Angaben der Rettungsdienste seien die beiden verletzten M\u00e4nner zur Behandlung ins Krankenhaus gebracht worden. Ihr Zustand wird als mittelschwer eingesch\u00e4tzt. Nach Angaben der Polizei wurde der Attent\u00e4ter von zwei Passanten angeschossen und dabei verletzt. \u00dcber den Angreifer berichtete die Polizei wie folgt:<\/p>\n<blockquote>\n<p><em>&#8220;Eine \u00dcberpr\u00fcfung der Identit\u00e4t des neutralisierten und verletzten Terroristen ergab, dass es sich um einen 13-j\u00e4hrigen Einwohner Ostjerusalems handelt.&#8221;<\/em><\/p>\n<\/blockquote>\n<p>Der Vorfall folgt auf die Trag\u00f6die vom 27. Januar, dem internationalen Holocaust-Gedenktag, als in einer israelischen Siedlung in Ostjerusalem ein pal\u00e4stinensischer T\u00e4ter nahe einer Synagoge bei einem Terroranschlag acht Menschen erschossen hatte.\u00a0Viele weitere waren verletzt worden. Der Attent\u00e4ter wurde laut der Polizei nach einer kurzen Verfolgungsjagd get\u00f6tet. Anschlie\u00dfend wurde die Polizei in H\u00f6chstalarm versetzt, mindestens 42 Verd\u00e4chtige festgenommen. Israels Polizeichef Kobi Schabtai sprach von &#8220;einem der schlimmsten Anschl\u00e4ge der vergangenen Jahre&#8221;. Regierungschef Benjamin Netanjahu k\u00fcndigte &#8220;sofortige Gegenma\u00dfnahmen&#8221; an.<\/p>\n<p>Einen Tag zuvor hatten die israelischen Streitkr\u00e4fte eine Razzia im pal\u00e4stinensischen Fl\u00fcchtlingslager\u00a0Dschenin im Norden des Westjordanlands durchgef\u00fchrt, bei der neun Pal\u00e4stinenser umgebracht worden waren. Der Hamas-Vertreter im Gazastreifen, Hazem Qassem, bezeichnete den Anschlag in Jerusalem als &#8220;Reaktion&#8221; auf das von der israelischen Armee angerichtete Blutbad in Dschenin.<\/p>\n<p>Als Vergeltung wurden am Freitag aus dem Gazastreifen Raketen auf Israel abgefeuert. Die meisten wurden aber abgefangen. Als Reaktion auf die Raketenangriffe flog Israel seinerseits mehrere Luftangriffe gegen Stellungen der militanten Hamas im Gazastreifen. Nach den Luftangriffen war bereits ein weiterer Ausbruch der Gewalt zwischen Israelis und Pal\u00e4stinensern bef\u00fcrchtet worden.<\/p>\n<p><strong>Mehr zum Thema<\/strong> &#8211; <a rel=\"nofollow noopener\" target=\"_blank\" href=\"https:\/\/kurz.rt.com\/3gcq\">Nach Blutbad im Westjordanland: Israelischer Verteidigungsminister droht weitere Schl\u00e4ge an<\/a><\/p>\n<\/div>\n<p><br \/>\n<br \/><a href=\"https:\/\/de.rt.com\/der-nahe-osten\/161255-wieder-schiesserei-in-jerusalem-schuetze\/\">Source link <\/a><\/p>\n","protected":false},"excerpt":{"rendered":"<p>Nicht einmal einen Tag nach dem blutigen Terroranschlag in Ostjerusalem waren in der heiligen Stadt erneut Sch\u00fcsse zu h\u00f6ren. Diesmal griff ein 13-j\u00e4hriger Pal\u00e4stinenser zwei Menschen an. Sie wurden verletzt. Der Junge wurde festgenommen. Die Gewalt in Jerusalem l\u00e4sst nicht nach. Nachdem am Vortag ein pal\u00e4stinensischer Angreifer sieben Menschen vor einer Synagoge in der Stadt [&hellip;]<\/p>\n","protected":false},"author":3,"featured_media":28877,"comment_status":"open","ping_status":"open","sticky":false,"template":"","format":"standard","meta":{"_yoast_indexnow_last_ping":["1674922739"],"wp_automatic_camp":["217"],"11648fa6bec2d2770f7b7edf13c4e810":["Wieder Schie\u00dferei in Jerusalem \u2013 Sch\u00fctze ist pal\u00e4stinensischer Jugendlicher"],"original_link":["https:\/\/de.rt.com\/der-nahe-osten\/161255-wieder-schiesserei-in-jerusalem-schuetze\/"],"_thumbnail_id":["28877"],"_wptgpro_p2tg_sent2tg":["a:1:{i:23737;s:19:\"2023-01-28 18:20:05\";}"],"jnews_social_counter_last_update":["1777171306"]},"categories":[19,23],"tags":[414,645,24733,36831,18962,11796,904],"yoast_head":"<!-- This site is optimized with the Yoast SEO Premium plugin v22.7 (Yoast SEO v22.7) - https:\/\/yoast.com\/wordpress\/plugins\/seo\/ -->\n<title>Wieder Schie\u00dferei in Jerusalem \u2013 Sch\u00fctze ist pal\u00e4stinensischer Jugendlicher - just-now.NEWS Deutschland<\/title>\n<meta name=\"robots\" content=\"index, follow, max-snippet:-1, max-image-preview:large, max-video-preview:-1\" \/>\n<link rel=\"canonical\" href=\"https:\/\/now-news.de\/de\/deutschland\/wieder-schiesserei-in-jerusalem-schuetze-ist-palaestinensischer-jugendlicher\/\" \/>\n<meta property=\"og:locale\" content=\"de_DE\" \/>\n<meta property=\"og:type\" content=\"article\" \/>\n<meta property=\"og:title\" content=\"Wieder Schie\u00dferei in Jerusalem \u2013 Sch\u00fctze ist pal\u00e4stinensischer Jugendlicher\" \/>\n<meta property=\"og:description\" content=\"Nicht einmal einen Tag nach dem blutigen Terroranschlag in Ostjerusalem waren in der heiligen Stadt erneut Sch\u00fcsse zu h\u00f6ren. Diesmal griff ein 13-j\u00e4hriger Pal\u00e4stinenser zwei Menschen an. Sie wurden verletzt. Der Junge wurde festgenommen. Die Gewalt in Jerusalem l\u00e4sst nicht nach. Nachdem am Vortag ein pal\u00e4stinensischer Angreifer sieben Menschen vor einer Synagoge in der Stadt [&hellip;]\" \/>\n<meta property=\"og:url\" content=\"https:\/\/now-news.de\/de\/deutschland\/wieder-schiesserei-in-jerusalem-schuetze-ist-palaestinensischer-jugendlicher\/\" \/>\n<meta property=\"og:site_name\" content=\"just-now.NEWS Deutschland\" \/>\n<meta property=\"article:publisher\" content=\"https:\/\/www.facebook.com\/wirmachenauf\" \/>\n<meta property=\"article:published_time\" content=\"2023-01-28T16:11:59+00:00\" \/>\n<meta property=\"og:image\" content=\"https:\/\/now-news.de\/de\/wp-content\/uploads\/sites\/3\/2023\/01\/Wieder-Schiesserei-in-Jerusalem-\u2013-Schuetze-ist-palaestinensischer-Jugendlicher.jpg\" \/>\n\t<meta property=\"og:image:width\" content=\"460\" \/>\n\t<meta property=\"og:image:height\" content=\"259\" \/>\n\t<meta property=\"og:image:type\" content=\"image\/jpeg\" \/>\n<meta name=\"author\" content=\"rtnews\" \/>\n<meta name=\"twitter:card\" content=\"summary_large_image\" \/>\n<meta name=\"twitter:creator\" content=\"@WirMachenAuf_de\" \/>\n<meta name=\"twitter:site\" content=\"@WirMachenAuf_de\" \/>\n<meta name=\"twitter:label1\" content=\"Verfasst von\" \/>\n\t<meta name=\"twitter:data1\" content=\"rtnews\" \/>\n\t<meta name=\"twitter:label2\" content=\"Gesch\u00e4tzte Lesezeit\" \/>\n\t<meta name=\"twitter:data2\" content=\"2\u00a0Minuten\" \/>\n<script type=\"application\/ld+json\" class=\"yoast-schema-graph\">{\"@context\":\"https:\/\/schema.org\",\"@graph\":[{\"@type\":\"Article\",\"@id\":\"https:\/\/now-news.de\/de\/deutschland\/wieder-schiesserei-in-jerusalem-schuetze-ist-palaestinensischer-jugendlicher\/#article\",\"isPartOf\":{\"@id\":\"https:\/\/now-news.de\/de\/deutschland\/wieder-schiesserei-in-jerusalem-schuetze-ist-palaestinensischer-jugendlicher\/\"},\"author\":{\"name\":\"rtnews\",\"@id\":\"https:\/\/now-news.de\/de\/#\/schema\/person\/fb534a4e865501d8b3285208df34a9b5\"},\"headline\":\"Wieder Schie\u00dferei in Jerusalem \u2013 Sch\u00fctze ist pal\u00e4stinensischer Jugendlicher\",\"datePublished\":\"2023-01-28T16:11:59+00:00\",\"dateModified\":\"2023-01-28T16:11:59+00:00\",\"mainEntityOfPage\":{\"@id\":\"https:\/\/now-news.de\/de\/deutschland\/wieder-schiesserei-in-jerusalem-schuetze-ist-palaestinensischer-jugendlicher\/\"},\"wordCount\":382,\"commentCount\":0,\"publisher\":{\"@id\":\"https:\/\/now-news.de\/de\/#organization\"},\"image\":{\"@id\":\"https:\/\/now-news.de\/de\/deutschland\/wieder-schiesserei-in-jerusalem-schuetze-ist-palaestinensischer-jugendlicher\/#primaryimage\"},\"thumbnailUrl\":\"https:\/\/now-news.de\/de\/wp-content\/uploads\/sites\/3\/2023\/01\/Wieder-Schiesserei-in-Jerusalem-\u2013-Schuetze-ist-palaestinensischer-Jugendlicher.jpg\",\"keywords\":[\"ist\",\"Jerusalem\",\"Jugendlicher\",\"pal\u00e4stinensischer\",\"Schie\u00dferei\",\"Sch\u00fctze\",\"wieder\"],\"articleSection\":[\"Deutschland\",\"Russland\"],\"inLanguage\":\"de\",\"potentialAction\":[{\"@type\":\"CommentAction\",\"name\":\"Comment\",\"target\":[\"https:\/\/now-news.de\/de\/deutschland\/wieder-schiesserei-in-jerusalem-schuetze-ist-palaestinensischer-jugendlicher\/#respond\"]}]},{\"@type\":\"WebPage\",\"@id\":\"https:\/\/now-news.de\/de\/deutschland\/wieder-schiesserei-in-jerusalem-schuetze-ist-palaestinensischer-jugendlicher\/\",\"url\":\"https:\/\/now-news.de\/de\/deutschland\/wieder-schiesserei-in-jerusalem-schuetze-ist-palaestinensischer-jugendlicher\/\",\"name\":\"Wieder Schie\u00dferei in Jerusalem \u2013 Sch\u00fctze ist pal\u00e4stinensischer Jugendlicher - just-now.NEWS Deutschland\",\"isPartOf\":{\"@id\":\"https:\/\/now-news.de\/de\/#website\"},\"primaryImageOfPage\":{\"@id\":\"https:\/\/now-news.de\/de\/deutschland\/wieder-schiesserei-in-jerusalem-schuetze-ist-palaestinensischer-jugendlicher\/#primaryimage\"},\"image\":{\"@id\":\"https:\/\/now-news.de\/de\/deutschland\/wieder-schiesserei-in-jerusalem-schuetze-ist-palaestinensischer-jugendlicher\/#primaryimage\"},\"thumbnailUrl\":\"https:\/\/now-news.de\/de\/wp-content\/uploads\/sites\/3\/2023\/01\/Wieder-Schiesserei-in-Jerusalem-\u2013-Schuetze-ist-palaestinensischer-Jugendlicher.jpg\",\"datePublished\":\"2023-01-28T16:11:59+00:00\",\"dateModified\":\"2023-01-28T16:11:59+00:00\",\"breadcrumb\":{\"@id\":\"https:\/\/now-news.de\/de\/deutschland\/wieder-schiesserei-in-jerusalem-schuetze-ist-palaestinensischer-jugendlicher\/#breadcrumb\"},\"inLanguage\":\"de\",\"potentialAction\":[{\"@type\":\"ReadAction\",\"target\":[\"https:\/\/now-news.de\/de\/deutschland\/wieder-schiesserei-in-jerusalem-schuetze-ist-palaestinensischer-jugendlicher\/\"]}]},{\"@type\":\"ImageObject\",\"inLanguage\":\"de\",\"@id\":\"https:\/\/now-news.de\/de\/deutschland\/wieder-schiesserei-in-jerusalem-schuetze-ist-palaestinensischer-jugendlicher\/#primaryimage\",\"url\":\"https:\/\/now-news.de\/de\/wp-content\/uploads\/sites\/3\/2023\/01\/Wieder-Schiesserei-in-Jerusalem-\u2013-Schuetze-ist-palaestinensischer-Jugendlicher.jpg\",\"contentUrl\":\"https:\/\/now-news.de\/de\/wp-content\/uploads\/sites\/3\/2023\/01\/Wieder-Schiesserei-in-Jerusalem-\u2013-Schuetze-ist-palaestinensischer-Jugendlicher.jpg\",\"width\":460,\"height\":259,\"caption\":\"Wieder Schie\u00dferei in Jerusalem \u2013 Sch\u00fctze ist pal\u00e4stinensischer Jugendlicher\"},{\"@type\":\"BreadcrumbList\",\"@id\":\"https:\/\/now-news.de\/de\/deutschland\/wieder-schiesserei-in-jerusalem-schuetze-ist-palaestinensischer-jugendlicher\/#breadcrumb\",\"itemListElement\":[{\"@type\":\"ListItem\",\"position\":1,\"name\":\"Home\",\"item\":\"https:\/\/now-news.de\/de\/\"},{\"@type\":\"ListItem\",\"position\":2,\"name\":\"Wieder Schie\u00dferei in Jerusalem \u2013 Sch\u00fctze ist pal\u00e4stinensischer Jugendlicher\"}]},{\"@type\":\"WebSite\",\"@id\":\"https:\/\/now-news.de\/de\/#website\",\"url\":\"https:\/\/now-news.de\/de\/\",\"name\":\"just-now.NEWS Deutschland\",\"description\":\"Das Portal f\u00fcr unzensierte Nachrichten aus der Welt\",\"publisher\":{\"@id\":\"https:\/\/now-news.de\/de\/#organization\"},\"potentialAction\":[{\"@type\":\"SearchAction\",\"target\":{\"@type\":\"EntryPoint\",\"urlTemplate\":\"https:\/\/now-news.de\/de\/?s={search_term_string}\"},\"query-input\":\"required name=search_term_string\"}],\"inLanguage\":\"de\"},{\"@type\":\"Organization\",\"@id\":\"https:\/\/now-news.de\/de\/#organization\",\"name\":\"Just Now News\",\"url\":\"https:\/\/now-news.de\/de\/\",\"logo\":{\"@type\":\"ImageObject\",\"inLanguage\":\"de\",\"@id\":\"https:\/\/now-news.de\/de\/#\/schema\/logo\/image\/\",\"url\":\"http:\/\/just-now.news\/de\/wp-content\/uploads\/sites\/3\/2022\/04\/logo500x500.jpg\",\"contentUrl\":\"http:\/\/just-now.news\/de\/wp-content\/uploads\/sites\/3\/2022\/04\/logo500x500.jpg\",\"width\":500,\"height\":500,\"caption\":\"Just Now News\"},\"image\":{\"@id\":\"https:\/\/now-news.de\/de\/#\/schema\/logo\/image\/\"},\"sameAs\":[\"https:\/\/www.facebook.com\/wirmachenauf\",\"https:\/\/x.com\/WirMachenAuf_de\"]},{\"@type\":\"Person\",\"@id\":\"https:\/\/now-news.de\/de\/#\/schema\/person\/fb534a4e865501d8b3285208df34a9b5\",\"name\":\"rtnews\",\"image\":{\"@type\":\"ImageObject\",\"inLanguage\":\"de\",\"@id\":\"https:\/\/now-news.de\/de\/#\/schema\/person\/image\/\",\"url\":\"https:\/\/secure.gravatar.com\/avatar\/82aafea7d8127119dd649515f56e2117?s=96&d=mm&r=g\",\"contentUrl\":\"https:\/\/secure.gravatar.com\/avatar\/82aafea7d8127119dd649515f56e2117?s=96&d=mm&r=g\",\"caption\":\"rtnews\"},\"url\":\"https:\/\/now-news.de\/de\/author\/rnews\/\"}]}<\/script>\n<!-- \/ Yoast SEO Premium plugin. -->","yoast_head_json":{"title":"Wieder Schie\u00dferei in Jerusalem \u2013 Sch\u00fctze ist pal\u00e4stinensischer Jugendlicher - just-now.NEWS Deutschland","robots":{"index":"index","follow":"follow","max-snippet":"max-snippet:-1","max-image-preview":"max-image-preview:large","max-video-preview":"max-video-preview:-1"},"canonical":"https:\/\/now-news.de\/de\/deutschland\/wieder-schiesserei-in-jerusalem-schuetze-ist-palaestinensischer-jugendlicher\/","og_locale":"de_DE","og_type":"article","og_title":"Wieder Schie\u00dferei in Jerusalem \u2013 Sch\u00fctze ist pal\u00e4stinensischer Jugendlicher","og_description":"Nicht einmal einen Tag nach dem blutigen Terroranschlag in Ostjerusalem waren in der heiligen Stadt erneut Sch\u00fcsse zu h\u00f6ren. Diesmal griff ein 13-j\u00e4hriger Pal\u00e4stinenser zwei Menschen an. Sie wurden verletzt. Der Junge wurde festgenommen. Die Gewalt in Jerusalem l\u00e4sst nicht nach. Nachdem am Vortag ein pal\u00e4stinensischer Angreifer sieben Menschen vor einer Synagoge in der Stadt [&hellip;]","og_url":"https:\/\/now-news.de\/de\/deutschland\/wieder-schiesserei-in-jerusalem-schuetze-ist-palaestinensischer-jugendlicher\/","og_site_name":"just-now.NEWS Deutschland","article_publisher":"https:\/\/www.facebook.com\/wirmachenauf","article_published_time":"2023-01-28T16:11:59+00:00","og_image":[{"width":460,"height":259,"url":"https:\/\/now-news.de\/de\/wp-content\/uploads\/sites\/3\/2023\/01\/Wieder-Schiesserei-in-Jerusalem-\u2013-Schuetze-ist-palaestinensischer-Jugendlicher.jpg","type":"image\/jpeg"}],"author":"rtnews","twitter_card":"summary_large_image","twitter_creator":"@WirMachenAuf_de","twitter_site":"@WirMachenAuf_de","twitter_misc":{"Verfasst von":"rtnews","Gesch\u00e4tzte Lesezeit":"2\u00a0Minuten"},"schema":{"@context":"https:\/\/schema.org","@graph":[{"@type":"Article","@id":"https:\/\/now-news.de\/de\/deutschland\/wieder-schiesserei-in-jerusalem-schuetze-ist-palaestinensischer-jugendlicher\/#article","isPartOf":{"@id":"https:\/\/now-news.de\/de\/deutschland\/wieder-schiesserei-in-jerusalem-schuetze-ist-palaestinensischer-jugendlicher\/"},"author":{"name":"rtnews","@id":"https:\/\/now-news.de\/de\/#\/schema\/person\/fb534a4e865501d8b3285208df34a9b5"},"headline":"Wieder Schie\u00dferei in Jerusalem \u2013 Sch\u00fctze ist pal\u00e4stinensischer Jugendlicher","datePublished":"2023-01-28T16:11:59+00:00","dateModified":"2023-01-28T16:11:59+00:00","mainEntityOfPage":{"@id":"https:\/\/now-news.de\/de\/deutschland\/wieder-schiesserei-in-jerusalem-schuetze-ist-palaestinensischer-jugendlicher\/"},"wordCount":382,"commentCount":0,"publisher":{"@id":"https:\/\/now-news.de\/de\/#organization"},"image":{"@id":"https:\/\/now-news.de\/de\/deutschland\/wieder-schiesserei-in-jerusalem-schuetze-ist-palaestinensischer-jugendlicher\/#primaryimage"},"thumbnailUrl":"https:\/\/now-news.de\/de\/wp-content\/uploads\/sites\/3\/2023\/01\/Wieder-Schiesserei-in-Jerusalem-\u2013-Schuetze-ist-palaestinensischer-Jugendlicher.jpg","keywords":["ist","Jerusalem","Jugendlicher","pal\u00e4stinensischer","Schie\u00dferei","Sch\u00fctze","wieder"],"articleSection":["Deutschland","Russland"],"inLanguage":"de","potentialAction":[{"@type":"CommentAction","name":"Comment","target":["https:\/\/now-news.de\/de\/deutschland\/wieder-schiesserei-in-jerusalem-schuetze-ist-palaestinensischer-jugendlicher\/#respond"]}]},{"@type":"WebPage","@id":"https:\/\/now-news.de\/de\/deutschland\/wieder-schiesserei-in-jerusalem-schuetze-ist-palaestinensischer-jugendlicher\/","url":"https:\/\/now-news.de\/de\/deutschland\/wieder-schiesserei-in-jerusalem-schuetze-ist-palaestinensischer-jugendlicher\/","name":"Wieder Schie\u00dferei in Jerusalem \u2013 Sch\u00fctze ist pal\u00e4stinensischer Jugendlicher - just-now.NEWS Deutschland","isPartOf":{"@id":"https:\/\/now-news.de\/de\/#website"},"primaryImageOfPage":{"@id":"https:\/\/now-news.de\/de\/deutschland\/wieder-schiesserei-in-jerusalem-schuetze-ist-palaestinensischer-jugendlicher\/#primaryimage"},"image":{"@id":"https:\/\/now-news.de\/de\/deutschland\/wieder-schiesserei-in-jerusalem-schuetze-ist-palaestinensischer-jugendlicher\/#primaryimage"},"thumbnailUrl":"https:\/\/now-news.de\/de\/wp-content\/uploads\/sites\/3\/2023\/01\/Wieder-Schiesserei-in-Jerusalem-\u2013-Schuetze-ist-palaestinensischer-Jugendlicher.jpg","datePublished":"2023-01-28T16:11:59+00:00","dateModified":"2023-01-28T16:11:59+00:00","breadcrumb":{"@id":"https:\/\/now-news.de\/de\/deutschland\/wieder-schiesserei-in-jerusalem-schuetze-ist-palaestinensischer-jugendlicher\/#breadcrumb"},"inLanguage":"de","potentialAction":[{"@type":"ReadAction","target":["https:\/\/now-news.de\/de\/deutschland\/wieder-schiesserei-in-jerusalem-schuetze-ist-palaestinensischer-jugendlicher\/"]}]},{"@type":"ImageObject","inLanguage":"de","@id":"https:\/\/now-news.de\/de\/deutschland\/wieder-schiesserei-in-jerusalem-schuetze-ist-palaestinensischer-jugendlicher\/#primaryimage","url":"https:\/\/now-news.de\/de\/wp-content\/uploads\/sites\/3\/2023\/01\/Wieder-Schiesserei-in-Jerusalem-\u2013-Schuetze-ist-palaestinensischer-Jugendlicher.jpg","contentUrl":"https:\/\/now-news.de\/de\/wp-content\/uploads\/sites\/3\/2023\/01\/Wieder-Schiesserei-in-Jerusalem-\u2013-Schuetze-ist-palaestinensischer-Jugendlicher.jpg","width":460,"height":259,"caption":"Wieder Schie\u00dferei in Jerusalem \u2013 Sch\u00fctze ist pal\u00e4stinensischer Jugendlicher"},{"@type":"BreadcrumbList","@id":"https:\/\/now-news.de\/de\/deutschland\/wieder-schiesserei-in-jerusalem-schuetze-ist-palaestinensischer-jugendlicher\/#breadcrumb","itemListElement":[{"@type":"ListItem","position":1,"name":"Home","item":"https:\/\/now-news.de\/de\/"},{"@type":"ListItem","position":2,"name":"Wieder Schie\u00dferei in Jerusalem \u2013 Sch\u00fctze ist pal\u00e4stinensischer Jugendlicher"}]},{"@type":"WebSite","@id":"https:\/\/now-news.de\/de\/#website","url":"https:\/\/now-news.de\/de\/","name":"just-now.NEWS Deutschland","description":"Das Portal f\u00fcr unzensierte Nachrichten aus der Welt","publisher":{"@id":"https:\/\/now-news.de\/de\/#organization"},"potentialAction":[{"@type":"SearchAction","target":{"@type":"EntryPoint","urlTemplate":"https:\/\/now-news.de\/de\/?s={search_term_string}"},"query-input":"required name=search_term_string"}],"inLanguage":"de"},{"@type":"Organization","@id":"https:\/\/now-news.de\/de\/#organization","name":"Just Now News","url":"https:\/\/now-news.de\/de\/","logo":{"@type":"ImageObject","inLanguage":"de","@id":"https:\/\/now-news.de\/de\/#\/schema\/logo\/image\/","url":"http:\/\/just-now.news\/de\/wp-content\/uploads\/sites\/3\/2022\/04\/logo500x500.jpg","contentUrl":"http:\/\/just-now.news\/de\/wp-content\/uploads\/sites\/3\/2022\/04\/logo500x500.jpg","width":500,"height":500,"caption":"Just Now News"},"image":{"@id":"https:\/\/now-news.de\/de\/#\/schema\/logo\/image\/"},"sameAs":["https:\/\/www.facebook.com\/wirmachenauf","https:\/\/x.com\/WirMachenAuf_de"]},{"@type":"Person","@id":"https:\/\/now-news.de\/de\/#\/schema\/person\/fb534a4e865501d8b3285208df34a9b5","name":"rtnews","image":{"@type":"ImageObject","inLanguage":"de","@id":"https:\/\/now-news.de\/de\/#\/schema\/person\/image\/","url":"https:\/\/secure.gravatar.com\/avatar\/82aafea7d8127119dd649515f56e2117?s=96&d=mm&r=g","contentUrl":"https:\/\/secure.gravatar.com\/avatar\/82aafea7d8127119dd649515f56e2117?s=96&d=mm&r=g","caption":"rtnews"},"url":"https:\/\/now-news.de\/de\/author\/rnews\/"}]}},"_links":{"self":[{"href":"https:\/\/now-news.de\/de\/wp-json\/wp\/v2\/posts\/28876"}],"collection":[{"href":"https:\/\/now-news.de\/de\/wp-json\/wp\/v2\/posts"}],"about":[{"href":"https:\/\/now-news.de\/de\/wp-json\/wp\/v2\/types\/post"}],"author":[{"embeddable":true,"href":"https:\/\/now-news.de\/de\/wp-json\/wp\/v2\/users\/3"}],"replies":[{"embeddable":true,"href":"https:\/\/now-news.de\/de\/wp-json\/wp\/v2\/comments?post=28876"}],"version-history":[{"count":0,"href":"https:\/\/now-news.de\/de\/wp-json\/wp\/v2\/posts\/28876\/revisions"}],"wp:featuredmedia":[{"embeddable":true,"href":"https:\/\/now-news.de\/de\/wp-json\/wp\/v2\/media\/28877"}],"wp:attachment":[{"href":"https:\/\/now-news.de\/de\/wp-json\/wp\/v2\/media?parent=28876"}],"wp:term":[{"taxonomy":"category","embeddable":true,"href":"https:\/\/now-news.de\/de\/wp-json\/wp\/v2\/categories?post=28876"},{"taxonomy":"post_tag","embeddable":true,"href":"https:\/\/now-news.de\/de\/wp-json\/wp\/v2\/tags?post=28876"}],"curies":[{"name":"wp","href":"https:\/\/api.w.org\/{rel}","templated":true}]}}