{"id":28836,"date":"2023-01-27T23:19:50","date_gmt":"2023-01-27T21:19:50","guid":{"rendered":"https:\/\/just-now.news\/de\/deutschland\/vater-von-tennisstar-dokovic-ich-wollte-nicht-provozieren\/"},"modified":"2023-01-27T23:19:50","modified_gmt":"2023-01-27T21:19:50","slug":"vater-von-tennisstar-dokovic-ich-wollte-nicht-provozieren","status":"publish","type":"post","link":"https:\/\/now-news.de\/de\/deutschland\/vater-von-tennisstar-dokovic-ich-wollte-nicht-provozieren\/","title":{"rendered":"Vater von Tennisstar \u0110okovi\u0107: Ich wollte nicht provozieren"},"content":{"rendered":"<p><img decoding=\"async\" src=\"http:\/\/just-now.news\/de\/wp-content\/uploads\/sites\/3\/2023\/01\/63d3d43b48fbef362b418fbd.jpg\" \/><\/p>\n<div class=\"Text-root Text-type_1 \">\n                Sr\u0111an \u0110okovi\u0107, Vater des serbischen Tennisspielers Novak \u0110okovi\u0107, \u00e4u\u00dferte sich zu dem Vorfall mit prorussischen Fans beim Tennisturnier &#8220;Australian Open 2023&#8221;. Der Vater versicherte, er habe auf keinen Fall provokativ wirken wollen.\n            <\/div>\n<p><\/p>\n<div class=\"Text-root Text-type_5 ArticleView-text ViewText-root \">\n<p>Am 27. Januar hat der Vater des Tennisstars Novak \u0110okovi\u0107, Sr\u0111an, bei den Australian Open dem Halbfinalspiel seines Sohnes gegen Tommy Paul nicht beigewohnt. Sr\u0111an erl\u00e4uterte, er wolle Novak nicht st\u00f6ren. Der serbische Tennisspieler erreichte durch seinen heutigen Sieg \u00fcber den US-Amerikaner das Finale.<\/p>\n<p>Zuvor am 25. Januar soll Sr\u0111an nach Novaks Spiel gegen den Russen Andrei Rubljow in eine prorussische Demonstration verwickelt gewesen sein. Nun brachte Sr\u0111an \u0110okovi\u0107 in einer von seinen Vertretern herausgegebenen Erkl\u00e4rung zum Ausdruck, dass er\u00a0zu jenem Zeitpunkt\u00a0nicht die Absicht gehabt habe, bei der Veranstaltung &#8220;Unruhe&#8221; zu stiften. Sr\u0111an w\u00f6rtlich:<\/p>\n<blockquote>\n<p><em>&#8220;Ich bin hier nur daf\u00fcr da, meinen Sohn zu unterst\u00fctzen. Ich hatte nicht die Absicht, solche Schlagzeilen oder Spaltungen zu provozieren. Ich war mit den Fans von Novak drau\u00dfen, wie ich es nach allen Spielen meines Sohnes tat, um seine Siege zu feiern und Fotos mit den Fans zu machen. Da wollte ich mich nicht einmischen.&#8221;<\/em><\/p>\n<\/blockquote>\n<p>Das Verbot russischer Flaggen beim Turnier wurde nach einem Spiel zwischen der Ukrainerin Katerina Baindl und der Russin Kamilla Rachimowa verh\u00e4ngt, bei dem sich russische Fans angeblich provokativ benommen haben sollen.<\/p>\n<p>Im weiteren Verlauf des Turniers wurde eine Partie mit Rubljow kurz unterbrochen, als eine ukrainische Flagge \u00fcber Werbebanden drapiert wurde. Der Russe beschwerte sich daraufhin beim Vorsitzenden des Schiedsrichters, dass er von einer Gruppe beschimpft worden sei.<\/p>\n<p>Tennis Australia \u00e4u\u00dferte sich zu der Angelegenheit mit Sr\u0111an \u0110okovi\u0107: &#8220;Nach den Ereignissen am Mittwochabend haben wir schnell gehandelt und mit der Polizei und unseren Sicherheitsteams zusammengearbeitet, um die Anstifter des Protests vom Veranstaltungsort zu entfernen.&#8221; Die Einrichtung unterstrich, dass sie den Aufruf zur Beendigung des Krieges in der Ukraine unterst\u00fctze.<\/p>\n<p>Zuvor hatte der australische Tennisverband Tennis Australia den Fans aufgrund von Beschwerden ukrainischer Zuschauer verboten, russische und wei\u00dfrussische Flaggen auf die Trib\u00fcnen der Australian Open mitzubringen. Die Organisatoren der Australian Open erinnerten daran, dass Fans aus Russland und Wei\u00dfrussland anfangs zwar Flaggen mitbringen durften, es aber verboten war, sie zu schwenken.<\/p>\n<p><strong>Mehr zum Thema<\/strong> &#8211; <a rel=\"nofollow noopener\" target=\"_blank\" href=\"https:\/\/kurz.rt.com\/3g3b\">Verwechslung bei Australian Open: Sicherheitspersonal will Fan serbische Fahne wegnehmen<\/a><\/p>\n<\/div>\n<p><br \/>\n<br \/><a href=\"https:\/\/de.rt.com\/international\/161171-vater-von-tennisstar-dokovic-ich\/\">Source link <\/a><\/p>\n","protected":false},"excerpt":{"rendered":"<p>Sr\u0111an \u0110okovi\u0107, Vater des serbischen Tennisspielers Novak \u0110okovi\u0107, \u00e4u\u00dferte sich zu dem Vorfall mit prorussischen Fans beim Tennisturnier &#8220;Australian Open 2023&#8221;. Der Vater versicherte, er habe auf keinen Fall provokativ wirken wollen. Am 27. Januar hat der Vater des Tennisstars Novak \u0110okovi\u0107, Sr\u0111an, bei den Australian Open dem Halbfinalspiel seines Sohnes gegen Tommy Paul nicht [&hellip;]<\/p>\n","protected":false},"author":3,"featured_media":28837,"comment_status":"open","ping_status":"open","sticky":false,"template":"","format":"standard","meta":{"_yoast_indexnow_last_ping":["1674855199"],"wp_automatic_camp":["217"],"52a5cab7075fe31669fa2ba3562089a7":["Vater von Tennisstar \u0110okovi\u0107: Ich wollte nicht provozieren"],"original_link":["https:\/\/de.rt.com\/international\/161171-vater-von-tennisstar-dokovic-ich\/"],"_thumbnail_id":["28837"],"_wptgpro_p2tg_sent2tg":["a:1:{i:23737;s:19:\"2023-01-27 23:34:36\";}"],"jnews_social_counter_last_update":["1777181066"]},"categories":[19,23],"tags":[31912,410,800,20154,38564,19980,50,10596],"yoast_head":"<!-- This site is optimized with the Yoast SEO Premium plugin v22.7 (Yoast SEO v22.7) - https:\/\/yoast.com\/wordpress\/plugins\/seo\/ -->\n<title>Vater von Tennisstar \u0110okovi\u0107: Ich wollte nicht provozieren - just-now.NEWS Deutschland<\/title>\n<meta name=\"robots\" content=\"index, follow, max-snippet:-1, max-image-preview:large, max-video-preview:-1\" \/>\n<link rel=\"canonical\" href=\"https:\/\/now-news.de\/de\/deutschland\/vater-von-tennisstar-dokovic-ich-wollte-nicht-provozieren\/\" \/>\n<meta property=\"og:locale\" content=\"de_DE\" \/>\n<meta property=\"og:type\" content=\"article\" \/>\n<meta property=\"og:title\" content=\"Vater von Tennisstar \u0110okovi\u0107: Ich wollte nicht provozieren\" \/>\n<meta property=\"og:description\" content=\"Sr\u0111an \u0110okovi\u0107, Vater des serbischen Tennisspielers Novak \u0110okovi\u0107, \u00e4u\u00dferte sich zu dem Vorfall mit prorussischen Fans beim Tennisturnier &#8220;Australian Open 2023&#8221;. Der Vater versicherte, er habe auf keinen Fall provokativ wirken wollen. Am 27. Januar hat der Vater des Tennisstars Novak \u0110okovi\u0107, Sr\u0111an, bei den Australian Open dem Halbfinalspiel seines Sohnes gegen Tommy Paul nicht [&hellip;]\" \/>\n<meta property=\"og:url\" content=\"https:\/\/now-news.de\/de\/deutschland\/vater-von-tennisstar-dokovic-ich-wollte-nicht-provozieren\/\" \/>\n<meta property=\"og:site_name\" content=\"just-now.NEWS Deutschland\" \/>\n<meta property=\"article:publisher\" content=\"https:\/\/www.facebook.com\/wirmachenauf\" \/>\n<meta property=\"article:published_time\" content=\"2023-01-27T21:19:50+00:00\" \/>\n<meta property=\"og:image\" content=\"https:\/\/now-news.de\/de\/wp-content\/uploads\/sites\/3\/2023\/01\/Vater-von-Tennisstar-Dokovic-Ich-wollte-nicht-provozieren.jpg\" \/>\n\t<meta property=\"og:image:width\" content=\"460\" \/>\n\t<meta property=\"og:image:height\" content=\"259\" \/>\n\t<meta property=\"og:image:type\" content=\"image\/jpeg\" \/>\n<meta name=\"author\" content=\"rtnews\" \/>\n<meta name=\"twitter:card\" content=\"summary_large_image\" \/>\n<meta name=\"twitter:creator\" content=\"@WirMachenAuf_de\" \/>\n<meta name=\"twitter:site\" content=\"@WirMachenAuf_de\" \/>\n<meta name=\"twitter:label1\" content=\"Verfasst von\" \/>\n\t<meta name=\"twitter:data1\" content=\"rtnews\" \/>\n\t<meta name=\"twitter:label2\" content=\"Gesch\u00e4tzte Lesezeit\" \/>\n\t<meta name=\"twitter:data2\" content=\"2\u00a0Minuten\" \/>\n<script type=\"application\/ld+json\" class=\"yoast-schema-graph\">{\"@context\":\"https:\/\/schema.org\",\"@graph\":[{\"@type\":\"Article\",\"@id\":\"https:\/\/now-news.de\/de\/deutschland\/vater-von-tennisstar-dokovic-ich-wollte-nicht-provozieren\/#article\",\"isPartOf\":{\"@id\":\"https:\/\/now-news.de\/de\/deutschland\/vater-von-tennisstar-dokovic-ich-wollte-nicht-provozieren\/\"},\"author\":{\"name\":\"rtnews\",\"@id\":\"https:\/\/now-news.de\/de\/#\/schema\/person\/fb534a4e865501d8b3285208df34a9b5\"},\"headline\":\"Vater von Tennisstar \u0110okovi\u0107: Ich wollte nicht provozieren\",\"datePublished\":\"2023-01-27T21:19:50+00:00\",\"dateModified\":\"2023-01-27T21:19:50+00:00\",\"mainEntityOfPage\":{\"@id\":\"https:\/\/now-news.de\/de\/deutschland\/vater-von-tennisstar-dokovic-ich-wollte-nicht-provozieren\/\"},\"wordCount\":397,\"commentCount\":0,\"publisher\":{\"@id\":\"https:\/\/now-news.de\/de\/#organization\"},\"image\":{\"@id\":\"https:\/\/now-news.de\/de\/deutschland\/vater-von-tennisstar-dokovic-ich-wollte-nicht-provozieren\/#primaryimage\"},\"thumbnailUrl\":\"https:\/\/now-news.de\/de\/wp-content\/uploads\/sites\/3\/2023\/01\/Vater-von-Tennisstar-Dokovic-Ich-wollte-nicht-provozieren.jpg\",\"keywords\":[\"\u0110okovi\u0107\",\"Ich\",\"nicht\",\"provozieren\",\"Tennisstar\",\"Vater\",\"von\",\"wollte\"],\"articleSection\":[\"Deutschland\",\"Russland\"],\"inLanguage\":\"de\",\"potentialAction\":[{\"@type\":\"CommentAction\",\"name\":\"Comment\",\"target\":[\"https:\/\/now-news.de\/de\/deutschland\/vater-von-tennisstar-dokovic-ich-wollte-nicht-provozieren\/#respond\"]}]},{\"@type\":\"WebPage\",\"@id\":\"https:\/\/now-news.de\/de\/deutschland\/vater-von-tennisstar-dokovic-ich-wollte-nicht-provozieren\/\",\"url\":\"https:\/\/now-news.de\/de\/deutschland\/vater-von-tennisstar-dokovic-ich-wollte-nicht-provozieren\/\",\"name\":\"Vater von Tennisstar \u0110okovi\u0107: Ich wollte nicht provozieren - just-now.NEWS Deutschland\",\"isPartOf\":{\"@id\":\"https:\/\/now-news.de\/de\/#website\"},\"primaryImageOfPage\":{\"@id\":\"https:\/\/now-news.de\/de\/deutschland\/vater-von-tennisstar-dokovic-ich-wollte-nicht-provozieren\/#primaryimage\"},\"image\":{\"@id\":\"https:\/\/now-news.de\/de\/deutschland\/vater-von-tennisstar-dokovic-ich-wollte-nicht-provozieren\/#primaryimage\"},\"thumbnailUrl\":\"https:\/\/now-news.de\/de\/wp-content\/uploads\/sites\/3\/2023\/01\/Vater-von-Tennisstar-Dokovic-Ich-wollte-nicht-provozieren.jpg\",\"datePublished\":\"2023-01-27T21:19:50+00:00\",\"dateModified\":\"2023-01-27T21:19:50+00:00\",\"breadcrumb\":{\"@id\":\"https:\/\/now-news.de\/de\/deutschland\/vater-von-tennisstar-dokovic-ich-wollte-nicht-provozieren\/#breadcrumb\"},\"inLanguage\":\"de\",\"potentialAction\":[{\"@type\":\"ReadAction\",\"target\":[\"https:\/\/now-news.de\/de\/deutschland\/vater-von-tennisstar-dokovic-ich-wollte-nicht-provozieren\/\"]}]},{\"@type\":\"ImageObject\",\"inLanguage\":\"de\",\"@id\":\"https:\/\/now-news.de\/de\/deutschland\/vater-von-tennisstar-dokovic-ich-wollte-nicht-provozieren\/#primaryimage\",\"url\":\"https:\/\/now-news.de\/de\/wp-content\/uploads\/sites\/3\/2023\/01\/Vater-von-Tennisstar-Dokovic-Ich-wollte-nicht-provozieren.jpg\",\"contentUrl\":\"https:\/\/now-news.de\/de\/wp-content\/uploads\/sites\/3\/2023\/01\/Vater-von-Tennisstar-Dokovic-Ich-wollte-nicht-provozieren.jpg\",\"width\":460,\"height\":259,\"caption\":\"Vater von Tennisstar \u0110okovi\u0107: Ich wollte nicht provozieren\"},{\"@type\":\"BreadcrumbList\",\"@id\":\"https:\/\/now-news.de\/de\/deutschland\/vater-von-tennisstar-dokovic-ich-wollte-nicht-provozieren\/#breadcrumb\",\"itemListElement\":[{\"@type\":\"ListItem\",\"position\":1,\"name\":\"Home\",\"item\":\"https:\/\/now-news.de\/de\/\"},{\"@type\":\"ListItem\",\"position\":2,\"name\":\"Vater von Tennisstar \u0110okovi\u0107: Ich wollte nicht provozieren\"}]},{\"@type\":\"WebSite\",\"@id\":\"https:\/\/now-news.de\/de\/#website\",\"url\":\"https:\/\/now-news.de\/de\/\",\"name\":\"just-now.NEWS Deutschland\",\"description\":\"Das Portal f\u00fcr unzensierte Nachrichten aus der Welt\",\"publisher\":{\"@id\":\"https:\/\/now-news.de\/de\/#organization\"},\"potentialAction\":[{\"@type\":\"SearchAction\",\"target\":{\"@type\":\"EntryPoint\",\"urlTemplate\":\"https:\/\/now-news.de\/de\/?s={search_term_string}\"},\"query-input\":\"required name=search_term_string\"}],\"inLanguage\":\"de\"},{\"@type\":\"Organization\",\"@id\":\"https:\/\/now-news.de\/de\/#organization\",\"name\":\"Just Now News\",\"url\":\"https:\/\/now-news.de\/de\/\",\"logo\":{\"@type\":\"ImageObject\",\"inLanguage\":\"de\",\"@id\":\"https:\/\/now-news.de\/de\/#\/schema\/logo\/image\/\",\"url\":\"http:\/\/just-now.news\/de\/wp-content\/uploads\/sites\/3\/2022\/04\/logo500x500.jpg\",\"contentUrl\":\"http:\/\/just-now.news\/de\/wp-content\/uploads\/sites\/3\/2022\/04\/logo500x500.jpg\",\"width\":500,\"height\":500,\"caption\":\"Just Now News\"},\"image\":{\"@id\":\"https:\/\/now-news.de\/de\/#\/schema\/logo\/image\/\"},\"sameAs\":[\"https:\/\/www.facebook.com\/wirmachenauf\",\"https:\/\/x.com\/WirMachenAuf_de\"]},{\"@type\":\"Person\",\"@id\":\"https:\/\/now-news.de\/de\/#\/schema\/person\/fb534a4e865501d8b3285208df34a9b5\",\"name\":\"rtnews\",\"image\":{\"@type\":\"ImageObject\",\"inLanguage\":\"de\",\"@id\":\"https:\/\/now-news.de\/de\/#\/schema\/person\/image\/\",\"url\":\"https:\/\/secure.gravatar.com\/avatar\/82aafea7d8127119dd649515f56e2117?s=96&d=mm&r=g\",\"contentUrl\":\"https:\/\/secure.gravatar.com\/avatar\/82aafea7d8127119dd649515f56e2117?s=96&d=mm&r=g\",\"caption\":\"rtnews\"},\"url\":\"https:\/\/now-news.de\/de\/author\/rnews\/\"}]}<\/script>\n<!-- \/ Yoast SEO Premium plugin. -->","yoast_head_json":{"title":"Vater von Tennisstar \u0110okovi\u0107: Ich wollte nicht provozieren - just-now.NEWS Deutschland","robots":{"index":"index","follow":"follow","max-snippet":"max-snippet:-1","max-image-preview":"max-image-preview:large","max-video-preview":"max-video-preview:-1"},"canonical":"https:\/\/now-news.de\/de\/deutschland\/vater-von-tennisstar-dokovic-ich-wollte-nicht-provozieren\/","og_locale":"de_DE","og_type":"article","og_title":"Vater von Tennisstar \u0110okovi\u0107: Ich wollte nicht provozieren","og_description":"Sr\u0111an \u0110okovi\u0107, Vater des serbischen Tennisspielers Novak \u0110okovi\u0107, \u00e4u\u00dferte sich zu dem Vorfall mit prorussischen Fans beim Tennisturnier &#8220;Australian Open 2023&#8221;. Der Vater versicherte, er habe auf keinen Fall provokativ wirken wollen. Am 27. Januar hat der Vater des Tennisstars Novak \u0110okovi\u0107, Sr\u0111an, bei den Australian Open dem Halbfinalspiel seines Sohnes gegen Tommy Paul nicht [&hellip;]","og_url":"https:\/\/now-news.de\/de\/deutschland\/vater-von-tennisstar-dokovic-ich-wollte-nicht-provozieren\/","og_site_name":"just-now.NEWS Deutschland","article_publisher":"https:\/\/www.facebook.com\/wirmachenauf","article_published_time":"2023-01-27T21:19:50+00:00","og_image":[{"width":460,"height":259,"url":"https:\/\/now-news.de\/de\/wp-content\/uploads\/sites\/3\/2023\/01\/Vater-von-Tennisstar-Dokovic-Ich-wollte-nicht-provozieren.jpg","type":"image\/jpeg"}],"author":"rtnews","twitter_card":"summary_large_image","twitter_creator":"@WirMachenAuf_de","twitter_site":"@WirMachenAuf_de","twitter_misc":{"Verfasst von":"rtnews","Gesch\u00e4tzte Lesezeit":"2\u00a0Minuten"},"schema":{"@context":"https:\/\/schema.org","@graph":[{"@type":"Article","@id":"https:\/\/now-news.de\/de\/deutschland\/vater-von-tennisstar-dokovic-ich-wollte-nicht-provozieren\/#article","isPartOf":{"@id":"https:\/\/now-news.de\/de\/deutschland\/vater-von-tennisstar-dokovic-ich-wollte-nicht-provozieren\/"},"author":{"name":"rtnews","@id":"https:\/\/now-news.de\/de\/#\/schema\/person\/fb534a4e865501d8b3285208df34a9b5"},"headline":"Vater von Tennisstar \u0110okovi\u0107: Ich wollte nicht provozieren","datePublished":"2023-01-27T21:19:50+00:00","dateModified":"2023-01-27T21:19:50+00:00","mainEntityOfPage":{"@id":"https:\/\/now-news.de\/de\/deutschland\/vater-von-tennisstar-dokovic-ich-wollte-nicht-provozieren\/"},"wordCount":397,"commentCount":0,"publisher":{"@id":"https:\/\/now-news.de\/de\/#organization"},"image":{"@id":"https:\/\/now-news.de\/de\/deutschland\/vater-von-tennisstar-dokovic-ich-wollte-nicht-provozieren\/#primaryimage"},"thumbnailUrl":"https:\/\/now-news.de\/de\/wp-content\/uploads\/sites\/3\/2023\/01\/Vater-von-Tennisstar-Dokovic-Ich-wollte-nicht-provozieren.jpg","keywords":["\u0110okovi\u0107","Ich","nicht","provozieren","Tennisstar","Vater","von","wollte"],"articleSection":["Deutschland","Russland"],"inLanguage":"de","potentialAction":[{"@type":"CommentAction","name":"Comment","target":["https:\/\/now-news.de\/de\/deutschland\/vater-von-tennisstar-dokovic-ich-wollte-nicht-provozieren\/#respond"]}]},{"@type":"WebPage","@id":"https:\/\/now-news.de\/de\/deutschland\/vater-von-tennisstar-dokovic-ich-wollte-nicht-provozieren\/","url":"https:\/\/now-news.de\/de\/deutschland\/vater-von-tennisstar-dokovic-ich-wollte-nicht-provozieren\/","name":"Vater von Tennisstar \u0110okovi\u0107: Ich wollte nicht provozieren - just-now.NEWS Deutschland","isPartOf":{"@id":"https:\/\/now-news.de\/de\/#website"},"primaryImageOfPage":{"@id":"https:\/\/now-news.de\/de\/deutschland\/vater-von-tennisstar-dokovic-ich-wollte-nicht-provozieren\/#primaryimage"},"image":{"@id":"https:\/\/now-news.de\/de\/deutschland\/vater-von-tennisstar-dokovic-ich-wollte-nicht-provozieren\/#primaryimage"},"thumbnailUrl":"https:\/\/now-news.de\/de\/wp-content\/uploads\/sites\/3\/2023\/01\/Vater-von-Tennisstar-Dokovic-Ich-wollte-nicht-provozieren.jpg","datePublished":"2023-01-27T21:19:50+00:00","dateModified":"2023-01-27T21:19:50+00:00","breadcrumb":{"@id":"https:\/\/now-news.de\/de\/deutschland\/vater-von-tennisstar-dokovic-ich-wollte-nicht-provozieren\/#breadcrumb"},"inLanguage":"de","potentialAction":[{"@type":"ReadAction","target":["https:\/\/now-news.de\/de\/deutschland\/vater-von-tennisstar-dokovic-ich-wollte-nicht-provozieren\/"]}]},{"@type":"ImageObject","inLanguage":"de","@id":"https:\/\/now-news.de\/de\/deutschland\/vater-von-tennisstar-dokovic-ich-wollte-nicht-provozieren\/#primaryimage","url":"https:\/\/now-news.de\/de\/wp-content\/uploads\/sites\/3\/2023\/01\/Vater-von-Tennisstar-Dokovic-Ich-wollte-nicht-provozieren.jpg","contentUrl":"https:\/\/now-news.de\/de\/wp-content\/uploads\/sites\/3\/2023\/01\/Vater-von-Tennisstar-Dokovic-Ich-wollte-nicht-provozieren.jpg","width":460,"height":259,"caption":"Vater von Tennisstar \u0110okovi\u0107: Ich wollte nicht provozieren"},{"@type":"BreadcrumbList","@id":"https:\/\/now-news.de\/de\/deutschland\/vater-von-tennisstar-dokovic-ich-wollte-nicht-provozieren\/#breadcrumb","itemListElement":[{"@type":"ListItem","position":1,"name":"Home","item":"https:\/\/now-news.de\/de\/"},{"@type":"ListItem","position":2,"name":"Vater von Tennisstar \u0110okovi\u0107: Ich wollte nicht provozieren"}]},{"@type":"WebSite","@id":"https:\/\/now-news.de\/de\/#website","url":"https:\/\/now-news.de\/de\/","name":"just-now.NEWS Deutschland","description":"Das Portal f\u00fcr unzensierte Nachrichten aus der Welt","publisher":{"@id":"https:\/\/now-news.de\/de\/#organization"},"potentialAction":[{"@type":"SearchAction","target":{"@type":"EntryPoint","urlTemplate":"https:\/\/now-news.de\/de\/?s={search_term_string}"},"query-input":"required name=search_term_string"}],"inLanguage":"de"},{"@type":"Organization","@id":"https:\/\/now-news.de\/de\/#organization","name":"Just Now News","url":"https:\/\/now-news.de\/de\/","logo":{"@type":"ImageObject","inLanguage":"de","@id":"https:\/\/now-news.de\/de\/#\/schema\/logo\/image\/","url":"http:\/\/just-now.news\/de\/wp-content\/uploads\/sites\/3\/2022\/04\/logo500x500.jpg","contentUrl":"http:\/\/just-now.news\/de\/wp-content\/uploads\/sites\/3\/2022\/04\/logo500x500.jpg","width":500,"height":500,"caption":"Just Now News"},"image":{"@id":"https:\/\/now-news.de\/de\/#\/schema\/logo\/image\/"},"sameAs":["https:\/\/www.facebook.com\/wirmachenauf","https:\/\/x.com\/WirMachenAuf_de"]},{"@type":"Person","@id":"https:\/\/now-news.de\/de\/#\/schema\/person\/fb534a4e865501d8b3285208df34a9b5","name":"rtnews","image":{"@type":"ImageObject","inLanguage":"de","@id":"https:\/\/now-news.de\/de\/#\/schema\/person\/image\/","url":"https:\/\/secure.gravatar.com\/avatar\/82aafea7d8127119dd649515f56e2117?s=96&d=mm&r=g","contentUrl":"https:\/\/secure.gravatar.com\/avatar\/82aafea7d8127119dd649515f56e2117?s=96&d=mm&r=g","caption":"rtnews"},"url":"https:\/\/now-news.de\/de\/author\/rnews\/"}]}},"_links":{"self":[{"href":"https:\/\/now-news.de\/de\/wp-json\/wp\/v2\/posts\/28836"}],"collection":[{"href":"https:\/\/now-news.de\/de\/wp-json\/wp\/v2\/posts"}],"about":[{"href":"https:\/\/now-news.de\/de\/wp-json\/wp\/v2\/types\/post"}],"author":[{"embeddable":true,"href":"https:\/\/now-news.de\/de\/wp-json\/wp\/v2\/users\/3"}],"replies":[{"embeddable":true,"href":"https:\/\/now-news.de\/de\/wp-json\/wp\/v2\/comments?post=28836"}],"version-history":[{"count":0,"href":"https:\/\/now-news.de\/de\/wp-json\/wp\/v2\/posts\/28836\/revisions"}],"wp:featuredmedia":[{"embeddable":true,"href":"https:\/\/now-news.de\/de\/wp-json\/wp\/v2\/media\/28837"}],"wp:attachment":[{"href":"https:\/\/now-news.de\/de\/wp-json\/wp\/v2\/media?parent=28836"}],"wp:term":[{"taxonomy":"category","embeddable":true,"href":"https:\/\/now-news.de\/de\/wp-json\/wp\/v2\/categories?post=28836"},{"taxonomy":"post_tag","embeddable":true,"href":"https:\/\/now-news.de\/de\/wp-json\/wp\/v2\/tags?post=28836"}],"curies":[{"name":"wp","href":"https:\/\/api.w.org\/{rel}","templated":true}]}}