{"id":28814,"date":"2023-01-27T20:27:46","date_gmt":"2023-01-27T18:27:46","guid":{"rendered":"https:\/\/just-now.news\/de\/deutschland\/praesident-kroatiens-ueber-baerbocks-kriegsansage-wir-befinden-uns-mit-niemandem-im-krieg\/"},"modified":"2023-01-27T20:27:46","modified_gmt":"2023-01-27T18:27:46","slug":"praesident-kroatiens-ueber-baerbocks-kriegsansage-wir-befinden-uns-mit-niemandem-im-krieg","status":"publish","type":"post","link":"https:\/\/now-news.de\/de\/deutschland\/praesident-kroatiens-ueber-baerbocks-kriegsansage-wir-befinden-uns-mit-niemandem-im-krieg\/","title":{"rendered":"Pr\u00e4sident Kroatiens \u00fcber Baerbocks Kriegsansage: Wir befinden uns mit niemandem im Krieg"},"content":{"rendered":"<p><img decoding=\"async\" src=\"http:\/\/just-now.news\/de\/wp-content\/uploads\/sites\/3\/2023\/01\/63d3fa9748fbef35a2241754.jpg\" \/><\/p>\n<div class=\"Text-root Text-type_1 \">\n                Der kroatische Pr\u00e4sident hat die Aussage der deutschen Au\u00dfenministerin, Europa befinde sich in &#8220;einem Krieg gegen Russland&#8221; kommentiert. Er sagte, dass sich sein Land mit niemandem im Krieg befinde und dass die an die Ukraine gelieferten Panzer wahrscheinlich genauso abbrennen w\u00fcrden wie die im Irak.\n            <\/div>\n<p><\/p>\n<div class=\"Text-root Text-type_5 ArticleView-text ViewText-root \">\n<p>Der kroatische Pr\u00e4sident Zoran Milanovi\u0107 hat sich zu den Aussagen der deutschen Au\u00dfenministerin Annalena Baerbock (B\u00fcndnis 90\/ Die Gr\u00fcnen) \u00fcber &#8220;einen Krieg gegen Russland&#8221; ge\u00e4u\u00dfert. Zuvor hatte die Politikerin auf Englisch behauptet, die europ\u00e4ischen L\u00e4nder &#8220;k\u00e4mpfen einen Krieg gegen Russland&#8221; und m\u00fcssten deshalb vereint bleiben. Milanovi\u0107 sagte <a rel=\"nofollow noopener\" target=\"_blank\" href=\"https:\/\/t.me\/NachrichtenWelt\/13559\">dazu<\/a>:<\/p>\n<blockquote>\n<p><em>&#8220;Ich wusste das nicht. Vielleicht k\u00e4mpft Deutschland wieder\u00a0einen\u00a0Krieg\u00a0gegen Russland, dann viel Gl\u00fcck, vielleicht endet es besser als vor 70 Jahren. Wir befinden uns mit niemandem im Krieg. Und ich wei\u00df nicht, wie Panzer der Ukraine helfen werden. Vielleicht helfen sie, vielleicht brennen sie ab \u2013 wie im Irak. Wir werden dies jedenfalls nicht in Betracht ziehen, und bitte nehmen Sie es ernst. Ich selbst werde darauf bestehen, solange ich kann.&#8221;<\/em><\/p>\n<\/blockquote>\n<p><strong><\/strong>Zuvor hatte Annalena Baerbock bei der Parlamentarischen Versammlung des Europarats in Stra\u00dfburg im Zusammenhang mit deutschen Panzerlieferungen an die Ukraine gefordert, dass die Europ\u00e4ische Union mehr f\u00fcr den Schutz des Landes tun m\u00fcsse. Das Wichtigste sei, dass die europ\u00e4ischen L\u00e4nder gemeinsam handelten, anstatt sich gegenseitig die Schuld zuzuschieben, denn sie &#8220;k\u00e4mpfen einen Krieg gegen Russland, nicht gegeneinander&#8221;.<\/p>\n<p>Die Sprecherin des russischen Au\u00dfenministeriums, Maria Sacharowa, <a rel=\"nofollow noopener\" target=\"_blank\" href=\"https:\/\/t.me\/MariaVladimirovnaZakharova\/4665\">teilte<\/a> au\u00dferdem auf ihrem Telegram-Kanal mit, dass das russische Au\u00dfenministerium nach den \u00c4u\u00dferungen Baerbocks eine Stellungnahme vom deutschen Botschafter gefordert hat.\u00a0Sacharowa schrieb:<\/p>\n<blockquote>\n<p><em>&#8220;Die deutsche Au\u00dfenministerin sagt, ihr Land befinde sich zusammen mit anderen L\u00e4ndern im Krieg mit Russland. Dasselbe Ministerium betrachtet sein Land jedoch nicht als Konfliktpartei. Angesichts dieser Widerspr\u00fcche zwischen beiden Aussagen sollte der deutsche Botschafter in Russland dies aufkl\u00e4ren.&#8221;<\/em><\/p>\n<\/blockquote>\n<p><strong>Mehr zum Thema<\/strong>\u00a0\u2013 <a rel=\"nofollow noopener\" target=\"_blank\" href=\"https:\/\/de.rt.com\/kurzclips\/video\/160993-baerbock-wir-fuehren-krieg-gegen-russland\/\">Baerbock: &#8220;Wir f\u00fchren einen Krieg gegen Russland&#8221;<\/a><\/p>\n<div class=\"EmbedBlock-root EmbedBlock-externalVideo EmbedBlock-vk\">\n<div class=\"VkEmbed\"><iframe class=\"lazyload\" data-src=\"https:\/\/vk.com\/video_ext.php?oid=-134310637&amp;id=456262892&amp;hash=a183463de13a13f2\" frameborder=\"0\" width=\"853\" height=\"480\" allowfullscreen><\/iframe><\/div>\n<\/div>\n<\/div>\n<p><br \/>\n<br \/><a href=\"https:\/\/de.rt.com\/international\/161196-praesident-kroatiens-ueber-baerbocks-kriegsansage\/\">Source link <\/a><\/p>\n","protected":false},"excerpt":{"rendered":"<p>Der kroatische Pr\u00e4sident hat die Aussage der deutschen Au\u00dfenministerin, Europa befinde sich in &#8220;einem Krieg gegen Russland&#8221; kommentiert. Er sagte, dass sich sein Land mit niemandem im Krieg befinde und dass die an die Ukraine gelieferten Panzer wahrscheinlich genauso abbrennen w\u00fcrden wie die im Irak. Der kroatische Pr\u00e4sident Zoran Milanovi\u0107 hat sich zu den Aussagen [&hellip;]<\/p>\n","protected":false},"author":3,"featured_media":28815,"comment_status":"open","ping_status":"open","sticky":false,"template":"","format":"standard","meta":{"_yoast_indexnow_last_ping":["1674844626"],"wp_automatic_camp":["217"],"481e1aac685eb4f49ce404ed21542c40":["Pr\u00e4sident Kroatiens \u00fcber Baerbocks Kriegsansage: Wir befinden uns mit niemandem im Krieg"],"original_link":["https:\/\/de.rt.com\/international\/161196-praesident-kroatiens-ueber-baerbocks-kriegsansage\/"],"_thumbnail_id":["28815"],"_wptgpro_p2tg_sent2tg":["a:1:{i:23737;s:19:\"2023-01-27 20:38:10\";}"],"jnews_social_counter_last_update":["1777384183"]},"categories":[19,23],"tags":[5932,1802,130,39759,35658,419,39760,3464,139,311,1801],"yoast_head":"<!-- This site is optimized with the Yoast SEO Premium plugin v22.7 (Yoast SEO v22.7) - https:\/\/yoast.com\/wordpress\/plugins\/seo\/ -->\n<title>Pr\u00e4sident Kroatiens \u00fcber Baerbocks Kriegsansage: Wir befinden uns mit niemandem im Krieg - just-now.NEWS Deutschland<\/title>\n<meta name=\"robots\" content=\"index, follow, max-snippet:-1, max-image-preview:large, max-video-preview:-1\" \/>\n<link rel=\"canonical\" href=\"https:\/\/now-news.de\/de\/deutschland\/praesident-kroatiens-ueber-baerbocks-kriegsansage-wir-befinden-uns-mit-niemandem-im-krieg\/\" \/>\n<meta property=\"og:locale\" content=\"de_DE\" \/>\n<meta property=\"og:type\" content=\"article\" \/>\n<meta property=\"og:title\" content=\"Pr\u00e4sident Kroatiens \u00fcber Baerbocks Kriegsansage: Wir befinden uns mit niemandem im Krieg\" \/>\n<meta property=\"og:description\" content=\"Der kroatische Pr\u00e4sident hat die Aussage der deutschen Au\u00dfenministerin, Europa befinde sich in &#8220;einem Krieg gegen Russland&#8221; kommentiert. Er sagte, dass sich sein Land mit niemandem im Krieg befinde und dass die an die Ukraine gelieferten Panzer wahrscheinlich genauso abbrennen w\u00fcrden wie die im Irak. Der kroatische Pr\u00e4sident Zoran Milanovi\u0107 hat sich zu den Aussagen [&hellip;]\" \/>\n<meta property=\"og:url\" content=\"https:\/\/now-news.de\/de\/deutschland\/praesident-kroatiens-ueber-baerbocks-kriegsansage-wir-befinden-uns-mit-niemandem-im-krieg\/\" \/>\n<meta property=\"og:site_name\" content=\"just-now.NEWS Deutschland\" \/>\n<meta property=\"article:publisher\" content=\"https:\/\/www.facebook.com\/wirmachenauf\" \/>\n<meta property=\"article:published_time\" content=\"2023-01-27T18:27:46+00:00\" \/>\n<meta property=\"og:image\" content=\"https:\/\/now-news.de\/de\/wp-content\/uploads\/sites\/3\/2023\/01\/Praesident-Kroatiens-ueber-Baerbocks-Kriegsansage-Wir-befinden-uns-mit-niemandem.jpg\" \/>\n\t<meta property=\"og:image:width\" content=\"460\" \/>\n\t<meta property=\"og:image:height\" content=\"259\" \/>\n\t<meta property=\"og:image:type\" content=\"image\/jpeg\" \/>\n<meta name=\"author\" content=\"rtnews\" \/>\n<meta name=\"twitter:card\" content=\"summary_large_image\" \/>\n<meta name=\"twitter:creator\" content=\"@WirMachenAuf_de\" \/>\n<meta name=\"twitter:site\" content=\"@WirMachenAuf_de\" \/>\n<meta name=\"twitter:label1\" content=\"Verfasst von\" \/>\n\t<meta name=\"twitter:data1\" content=\"rtnews\" \/>\n\t<meta name=\"twitter:label2\" content=\"Gesch\u00e4tzte Lesezeit\" \/>\n\t<meta name=\"twitter:data2\" content=\"2\u00a0Minuten\" \/>\n<script type=\"application\/ld+json\" class=\"yoast-schema-graph\">{\"@context\":\"https:\/\/schema.org\",\"@graph\":[{\"@type\":\"Article\",\"@id\":\"https:\/\/now-news.de\/de\/deutschland\/praesident-kroatiens-ueber-baerbocks-kriegsansage-wir-befinden-uns-mit-niemandem-im-krieg\/#article\",\"isPartOf\":{\"@id\":\"https:\/\/now-news.de\/de\/deutschland\/praesident-kroatiens-ueber-baerbocks-kriegsansage-wir-befinden-uns-mit-niemandem-im-krieg\/\"},\"author\":{\"name\":\"rtnews\",\"@id\":\"https:\/\/now-news.de\/de\/#\/schema\/person\/fb534a4e865501d8b3285208df34a9b5\"},\"headline\":\"Pr\u00e4sident Kroatiens \u00fcber Baerbocks Kriegsansage: Wir befinden uns mit niemandem im Krieg\",\"datePublished\":\"2023-01-27T18:27:46+00:00\",\"dateModified\":\"2023-01-27T18:27:46+00:00\",\"mainEntityOfPage\":{\"@id\":\"https:\/\/now-news.de\/de\/deutschland\/praesident-kroatiens-ueber-baerbocks-kriegsansage-wir-befinden-uns-mit-niemandem-im-krieg\/\"},\"wordCount\":346,\"commentCount\":0,\"publisher\":{\"@id\":\"https:\/\/now-news.de\/de\/#organization\"},\"image\":{\"@id\":\"https:\/\/now-news.de\/de\/deutschland\/praesident-kroatiens-ueber-baerbocks-kriegsansage-wir-befinden-uns-mit-niemandem-im-krieg\/#primaryimage\"},\"thumbnailUrl\":\"https:\/\/now-news.de\/de\/wp-content\/uploads\/sites\/3\/2023\/01\/Praesident-Kroatiens-ueber-Baerbocks-Kriegsansage-Wir-befinden-uns-mit-niemandem.jpg\",\"keywords\":[\"Baerbocks\",\"befinden\",\"krieg\",\"Kriegsansage\",\"Kroatiens\",\"mit\",\"niemandem\",\"Pr\u00e4sident\",\"\u00fcber\",\"uns\",\"Wir\"],\"articleSection\":[\"Deutschland\",\"Russland\"],\"inLanguage\":\"de\",\"potentialAction\":[{\"@type\":\"CommentAction\",\"name\":\"Comment\",\"target\":[\"https:\/\/now-news.de\/de\/deutschland\/praesident-kroatiens-ueber-baerbocks-kriegsansage-wir-befinden-uns-mit-niemandem-im-krieg\/#respond\"]}]},{\"@type\":\"WebPage\",\"@id\":\"https:\/\/now-news.de\/de\/deutschland\/praesident-kroatiens-ueber-baerbocks-kriegsansage-wir-befinden-uns-mit-niemandem-im-krieg\/\",\"url\":\"https:\/\/now-news.de\/de\/deutschland\/praesident-kroatiens-ueber-baerbocks-kriegsansage-wir-befinden-uns-mit-niemandem-im-krieg\/\",\"name\":\"Pr\u00e4sident Kroatiens \u00fcber Baerbocks Kriegsansage: Wir befinden uns mit niemandem im Krieg - just-now.NEWS Deutschland\",\"isPartOf\":{\"@id\":\"https:\/\/now-news.de\/de\/#website\"},\"primaryImageOfPage\":{\"@id\":\"https:\/\/now-news.de\/de\/deutschland\/praesident-kroatiens-ueber-baerbocks-kriegsansage-wir-befinden-uns-mit-niemandem-im-krieg\/#primaryimage\"},\"image\":{\"@id\":\"https:\/\/now-news.de\/de\/deutschland\/praesident-kroatiens-ueber-baerbocks-kriegsansage-wir-befinden-uns-mit-niemandem-im-krieg\/#primaryimage\"},\"thumbnailUrl\":\"https:\/\/now-news.de\/de\/wp-content\/uploads\/sites\/3\/2023\/01\/Praesident-Kroatiens-ueber-Baerbocks-Kriegsansage-Wir-befinden-uns-mit-niemandem.jpg\",\"datePublished\":\"2023-01-27T18:27:46+00:00\",\"dateModified\":\"2023-01-27T18:27:46+00:00\",\"breadcrumb\":{\"@id\":\"https:\/\/now-news.de\/de\/deutschland\/praesident-kroatiens-ueber-baerbocks-kriegsansage-wir-befinden-uns-mit-niemandem-im-krieg\/#breadcrumb\"},\"inLanguage\":\"de\",\"potentialAction\":[{\"@type\":\"ReadAction\",\"target\":[\"https:\/\/now-news.de\/de\/deutschland\/praesident-kroatiens-ueber-baerbocks-kriegsansage-wir-befinden-uns-mit-niemandem-im-krieg\/\"]}]},{\"@type\":\"ImageObject\",\"inLanguage\":\"de\",\"@id\":\"https:\/\/now-news.de\/de\/deutschland\/praesident-kroatiens-ueber-baerbocks-kriegsansage-wir-befinden-uns-mit-niemandem-im-krieg\/#primaryimage\",\"url\":\"https:\/\/now-news.de\/de\/wp-content\/uploads\/sites\/3\/2023\/01\/Praesident-Kroatiens-ueber-Baerbocks-Kriegsansage-Wir-befinden-uns-mit-niemandem.jpg\",\"contentUrl\":\"https:\/\/now-news.de\/de\/wp-content\/uploads\/sites\/3\/2023\/01\/Praesident-Kroatiens-ueber-Baerbocks-Kriegsansage-Wir-befinden-uns-mit-niemandem.jpg\",\"width\":460,\"height\":259,\"caption\":\"Pr\u00e4sident Kroatiens \u00fcber Baerbocks Kriegsansage: Wir befinden uns mit niemandem im Krieg\"},{\"@type\":\"BreadcrumbList\",\"@id\":\"https:\/\/now-news.de\/de\/deutschland\/praesident-kroatiens-ueber-baerbocks-kriegsansage-wir-befinden-uns-mit-niemandem-im-krieg\/#breadcrumb\",\"itemListElement\":[{\"@type\":\"ListItem\",\"position\":1,\"name\":\"Home\",\"item\":\"https:\/\/now-news.de\/de\/\"},{\"@type\":\"ListItem\",\"position\":2,\"name\":\"Pr\u00e4sident Kroatiens \u00fcber Baerbocks Kriegsansage: Wir befinden uns mit niemandem im Krieg\"}]},{\"@type\":\"WebSite\",\"@id\":\"https:\/\/now-news.de\/de\/#website\",\"url\":\"https:\/\/now-news.de\/de\/\",\"name\":\"just-now.NEWS Deutschland\",\"description\":\"Das Portal f\u00fcr unzensierte Nachrichten aus der Welt\",\"publisher\":{\"@id\":\"https:\/\/now-news.de\/de\/#organization\"},\"potentialAction\":[{\"@type\":\"SearchAction\",\"target\":{\"@type\":\"EntryPoint\",\"urlTemplate\":\"https:\/\/now-news.de\/de\/?s={search_term_string}\"},\"query-input\":\"required name=search_term_string\"}],\"inLanguage\":\"de\"},{\"@type\":\"Organization\",\"@id\":\"https:\/\/now-news.de\/de\/#organization\",\"name\":\"Just Now News\",\"url\":\"https:\/\/now-news.de\/de\/\",\"logo\":{\"@type\":\"ImageObject\",\"inLanguage\":\"de\",\"@id\":\"https:\/\/now-news.de\/de\/#\/schema\/logo\/image\/\",\"url\":\"http:\/\/just-now.news\/de\/wp-content\/uploads\/sites\/3\/2022\/04\/logo500x500.jpg\",\"contentUrl\":\"http:\/\/just-now.news\/de\/wp-content\/uploads\/sites\/3\/2022\/04\/logo500x500.jpg\",\"width\":500,\"height\":500,\"caption\":\"Just Now News\"},\"image\":{\"@id\":\"https:\/\/now-news.de\/de\/#\/schema\/logo\/image\/\"},\"sameAs\":[\"https:\/\/www.facebook.com\/wirmachenauf\",\"https:\/\/x.com\/WirMachenAuf_de\"]},{\"@type\":\"Person\",\"@id\":\"https:\/\/now-news.de\/de\/#\/schema\/person\/fb534a4e865501d8b3285208df34a9b5\",\"name\":\"rtnews\",\"image\":{\"@type\":\"ImageObject\",\"inLanguage\":\"de\",\"@id\":\"https:\/\/now-news.de\/de\/#\/schema\/person\/image\/\",\"url\":\"https:\/\/secure.gravatar.com\/avatar\/82aafea7d8127119dd649515f56e2117?s=96&d=mm&r=g\",\"contentUrl\":\"https:\/\/secure.gravatar.com\/avatar\/82aafea7d8127119dd649515f56e2117?s=96&d=mm&r=g\",\"caption\":\"rtnews\"},\"url\":\"https:\/\/now-news.de\/de\/author\/rnews\/\"}]}<\/script>\n<!-- \/ Yoast SEO Premium plugin. -->","yoast_head_json":{"title":"Pr\u00e4sident Kroatiens \u00fcber Baerbocks Kriegsansage: Wir befinden uns mit niemandem im Krieg - just-now.NEWS Deutschland","robots":{"index":"index","follow":"follow","max-snippet":"max-snippet:-1","max-image-preview":"max-image-preview:large","max-video-preview":"max-video-preview:-1"},"canonical":"https:\/\/now-news.de\/de\/deutschland\/praesident-kroatiens-ueber-baerbocks-kriegsansage-wir-befinden-uns-mit-niemandem-im-krieg\/","og_locale":"de_DE","og_type":"article","og_title":"Pr\u00e4sident Kroatiens \u00fcber Baerbocks Kriegsansage: Wir befinden uns mit niemandem im Krieg","og_description":"Der kroatische Pr\u00e4sident hat die Aussage der deutschen Au\u00dfenministerin, Europa befinde sich in &#8220;einem Krieg gegen Russland&#8221; kommentiert. Er sagte, dass sich sein Land mit niemandem im Krieg befinde und dass die an die Ukraine gelieferten Panzer wahrscheinlich genauso abbrennen w\u00fcrden wie die im Irak. Der kroatische Pr\u00e4sident Zoran Milanovi\u0107 hat sich zu den Aussagen [&hellip;]","og_url":"https:\/\/now-news.de\/de\/deutschland\/praesident-kroatiens-ueber-baerbocks-kriegsansage-wir-befinden-uns-mit-niemandem-im-krieg\/","og_site_name":"just-now.NEWS Deutschland","article_publisher":"https:\/\/www.facebook.com\/wirmachenauf","article_published_time":"2023-01-27T18:27:46+00:00","og_image":[{"width":460,"height":259,"url":"https:\/\/now-news.de\/de\/wp-content\/uploads\/sites\/3\/2023\/01\/Praesident-Kroatiens-ueber-Baerbocks-Kriegsansage-Wir-befinden-uns-mit-niemandem.jpg","type":"image\/jpeg"}],"author":"rtnews","twitter_card":"summary_large_image","twitter_creator":"@WirMachenAuf_de","twitter_site":"@WirMachenAuf_de","twitter_misc":{"Verfasst von":"rtnews","Gesch\u00e4tzte Lesezeit":"2\u00a0Minuten"},"schema":{"@context":"https:\/\/schema.org","@graph":[{"@type":"Article","@id":"https:\/\/now-news.de\/de\/deutschland\/praesident-kroatiens-ueber-baerbocks-kriegsansage-wir-befinden-uns-mit-niemandem-im-krieg\/#article","isPartOf":{"@id":"https:\/\/now-news.de\/de\/deutschland\/praesident-kroatiens-ueber-baerbocks-kriegsansage-wir-befinden-uns-mit-niemandem-im-krieg\/"},"author":{"name":"rtnews","@id":"https:\/\/now-news.de\/de\/#\/schema\/person\/fb534a4e865501d8b3285208df34a9b5"},"headline":"Pr\u00e4sident Kroatiens \u00fcber Baerbocks Kriegsansage: Wir befinden uns mit niemandem im Krieg","datePublished":"2023-01-27T18:27:46+00:00","dateModified":"2023-01-27T18:27:46+00:00","mainEntityOfPage":{"@id":"https:\/\/now-news.de\/de\/deutschland\/praesident-kroatiens-ueber-baerbocks-kriegsansage-wir-befinden-uns-mit-niemandem-im-krieg\/"},"wordCount":346,"commentCount":0,"publisher":{"@id":"https:\/\/now-news.de\/de\/#organization"},"image":{"@id":"https:\/\/now-news.de\/de\/deutschland\/praesident-kroatiens-ueber-baerbocks-kriegsansage-wir-befinden-uns-mit-niemandem-im-krieg\/#primaryimage"},"thumbnailUrl":"https:\/\/now-news.de\/de\/wp-content\/uploads\/sites\/3\/2023\/01\/Praesident-Kroatiens-ueber-Baerbocks-Kriegsansage-Wir-befinden-uns-mit-niemandem.jpg","keywords":["Baerbocks","befinden","krieg","Kriegsansage","Kroatiens","mit","niemandem","Pr\u00e4sident","\u00fcber","uns","Wir"],"articleSection":["Deutschland","Russland"],"inLanguage":"de","potentialAction":[{"@type":"CommentAction","name":"Comment","target":["https:\/\/now-news.de\/de\/deutschland\/praesident-kroatiens-ueber-baerbocks-kriegsansage-wir-befinden-uns-mit-niemandem-im-krieg\/#respond"]}]},{"@type":"WebPage","@id":"https:\/\/now-news.de\/de\/deutschland\/praesident-kroatiens-ueber-baerbocks-kriegsansage-wir-befinden-uns-mit-niemandem-im-krieg\/","url":"https:\/\/now-news.de\/de\/deutschland\/praesident-kroatiens-ueber-baerbocks-kriegsansage-wir-befinden-uns-mit-niemandem-im-krieg\/","name":"Pr\u00e4sident Kroatiens \u00fcber Baerbocks Kriegsansage: Wir befinden uns mit niemandem im Krieg - just-now.NEWS Deutschland","isPartOf":{"@id":"https:\/\/now-news.de\/de\/#website"},"primaryImageOfPage":{"@id":"https:\/\/now-news.de\/de\/deutschland\/praesident-kroatiens-ueber-baerbocks-kriegsansage-wir-befinden-uns-mit-niemandem-im-krieg\/#primaryimage"},"image":{"@id":"https:\/\/now-news.de\/de\/deutschland\/praesident-kroatiens-ueber-baerbocks-kriegsansage-wir-befinden-uns-mit-niemandem-im-krieg\/#primaryimage"},"thumbnailUrl":"https:\/\/now-news.de\/de\/wp-content\/uploads\/sites\/3\/2023\/01\/Praesident-Kroatiens-ueber-Baerbocks-Kriegsansage-Wir-befinden-uns-mit-niemandem.jpg","datePublished":"2023-01-27T18:27:46+00:00","dateModified":"2023-01-27T18:27:46+00:00","breadcrumb":{"@id":"https:\/\/now-news.de\/de\/deutschland\/praesident-kroatiens-ueber-baerbocks-kriegsansage-wir-befinden-uns-mit-niemandem-im-krieg\/#breadcrumb"},"inLanguage":"de","potentialAction":[{"@type":"ReadAction","target":["https:\/\/now-news.de\/de\/deutschland\/praesident-kroatiens-ueber-baerbocks-kriegsansage-wir-befinden-uns-mit-niemandem-im-krieg\/"]}]},{"@type":"ImageObject","inLanguage":"de","@id":"https:\/\/now-news.de\/de\/deutschland\/praesident-kroatiens-ueber-baerbocks-kriegsansage-wir-befinden-uns-mit-niemandem-im-krieg\/#primaryimage","url":"https:\/\/now-news.de\/de\/wp-content\/uploads\/sites\/3\/2023\/01\/Praesident-Kroatiens-ueber-Baerbocks-Kriegsansage-Wir-befinden-uns-mit-niemandem.jpg","contentUrl":"https:\/\/now-news.de\/de\/wp-content\/uploads\/sites\/3\/2023\/01\/Praesident-Kroatiens-ueber-Baerbocks-Kriegsansage-Wir-befinden-uns-mit-niemandem.jpg","width":460,"height":259,"caption":"Pr\u00e4sident Kroatiens \u00fcber Baerbocks Kriegsansage: Wir befinden uns mit niemandem im Krieg"},{"@type":"BreadcrumbList","@id":"https:\/\/now-news.de\/de\/deutschland\/praesident-kroatiens-ueber-baerbocks-kriegsansage-wir-befinden-uns-mit-niemandem-im-krieg\/#breadcrumb","itemListElement":[{"@type":"ListItem","position":1,"name":"Home","item":"https:\/\/now-news.de\/de\/"},{"@type":"ListItem","position":2,"name":"Pr\u00e4sident Kroatiens \u00fcber Baerbocks Kriegsansage: Wir befinden uns mit niemandem im Krieg"}]},{"@type":"WebSite","@id":"https:\/\/now-news.de\/de\/#website","url":"https:\/\/now-news.de\/de\/","name":"just-now.NEWS Deutschland","description":"Das Portal f\u00fcr unzensierte Nachrichten aus der Welt","publisher":{"@id":"https:\/\/now-news.de\/de\/#organization"},"potentialAction":[{"@type":"SearchAction","target":{"@type":"EntryPoint","urlTemplate":"https:\/\/now-news.de\/de\/?s={search_term_string}"},"query-input":"required name=search_term_string"}],"inLanguage":"de"},{"@type":"Organization","@id":"https:\/\/now-news.de\/de\/#organization","name":"Just Now News","url":"https:\/\/now-news.de\/de\/","logo":{"@type":"ImageObject","inLanguage":"de","@id":"https:\/\/now-news.de\/de\/#\/schema\/logo\/image\/","url":"http:\/\/just-now.news\/de\/wp-content\/uploads\/sites\/3\/2022\/04\/logo500x500.jpg","contentUrl":"http:\/\/just-now.news\/de\/wp-content\/uploads\/sites\/3\/2022\/04\/logo500x500.jpg","width":500,"height":500,"caption":"Just Now News"},"image":{"@id":"https:\/\/now-news.de\/de\/#\/schema\/logo\/image\/"},"sameAs":["https:\/\/www.facebook.com\/wirmachenauf","https:\/\/x.com\/WirMachenAuf_de"]},{"@type":"Person","@id":"https:\/\/now-news.de\/de\/#\/schema\/person\/fb534a4e865501d8b3285208df34a9b5","name":"rtnews","image":{"@type":"ImageObject","inLanguage":"de","@id":"https:\/\/now-news.de\/de\/#\/schema\/person\/image\/","url":"https:\/\/secure.gravatar.com\/avatar\/82aafea7d8127119dd649515f56e2117?s=96&d=mm&r=g","contentUrl":"https:\/\/secure.gravatar.com\/avatar\/82aafea7d8127119dd649515f56e2117?s=96&d=mm&r=g","caption":"rtnews"},"url":"https:\/\/now-news.de\/de\/author\/rnews\/"}]}},"_links":{"self":[{"href":"https:\/\/now-news.de\/de\/wp-json\/wp\/v2\/posts\/28814"}],"collection":[{"href":"https:\/\/now-news.de\/de\/wp-json\/wp\/v2\/posts"}],"about":[{"href":"https:\/\/now-news.de\/de\/wp-json\/wp\/v2\/types\/post"}],"author":[{"embeddable":true,"href":"https:\/\/now-news.de\/de\/wp-json\/wp\/v2\/users\/3"}],"replies":[{"embeddable":true,"href":"https:\/\/now-news.de\/de\/wp-json\/wp\/v2\/comments?post=28814"}],"version-history":[{"count":0,"href":"https:\/\/now-news.de\/de\/wp-json\/wp\/v2\/posts\/28814\/revisions"}],"wp:featuredmedia":[{"embeddable":true,"href":"https:\/\/now-news.de\/de\/wp-json\/wp\/v2\/media\/28815"}],"wp:attachment":[{"href":"https:\/\/now-news.de\/de\/wp-json\/wp\/v2\/media?parent=28814"}],"wp:term":[{"taxonomy":"category","embeddable":true,"href":"https:\/\/now-news.de\/de\/wp-json\/wp\/v2\/categories?post=28814"},{"taxonomy":"post_tag","embeddable":true,"href":"https:\/\/now-news.de\/de\/wp-json\/wp\/v2\/tags?post=28814"}],"curies":[{"name":"wp","href":"https:\/\/api.w.org\/{rel}","templated":true}]}}