{"id":28812,"date":"2023-01-27T20:09:01","date_gmt":"2023-01-27T18:09:01","guid":{"rendered":"https:\/\/just-now.news\/de\/deutschland\/radikale-bei-klimaprotesten-bundesbehoerden-sehen-gefahr-linksextremistischer-unterwanderung\/"},"modified":"2023-01-27T20:09:01","modified_gmt":"2023-01-27T18:09:01","slug":"radikale-bei-klimaprotesten-bundesbehoerden-sehen-gefahr-linksextremistischer-unterwanderung","status":"publish","type":"post","link":"https:\/\/now-news.de\/de\/deutschland\/radikale-bei-klimaprotesten-bundesbehoerden-sehen-gefahr-linksextremistischer-unterwanderung\/","title":{"rendered":"Radikale bei Klimaprotesten? Bundesbeh\u00f6rden sehen Gefahr linksextremistischer Unterwanderung"},"content":{"rendered":"<p><img decoding=\"async\" src=\"http:\/\/just-now.news\/de\/wp-content\/uploads\/sites\/3\/2023\/01\/63d3c10db480cc519d51eef3.jpg\" \/><\/p>\n<div class=\"Text-root Text-type_1 \">\n                Die Aktionen der Klimabewegung sind rigoroser geworden. Nun bef\u00fcrchtet man im Bundesministerium des Innern, Linksextremisten k\u00f6nnten versuchen, die Klimabewegung zu vereinnahmen. Es gebe &#8220;bereits erste Versuche in diese Richtung&#8221;.\n            <\/div>\n<p><\/p>\n<div class=\"Text-root Text-type_5 ArticleView-text ViewText-root \">\n<p>Stra\u00dfenblockaden, Klebeaktionen und Besetzungen \u2013 mit einer offenkundigen Radikalisierung versuchen Aktivisten der Umwelt- und Klimabewegungen &#8220;Fridays for Future&#8221; und &#8220;Letzte Generation&#8221;\u00a0seit Monaten, Politiker und \u00d6ffentlichkeit noch st\u00e4rker als zuvor auf die Notwendigkeit konsequenter Ma\u00dfnahmen zum Klimaschutz aufmerksam zu machen.\u00a0Damit verletzten die Aktivisten allerdings nicht nur die Freiheitsrechte zahlreicher B\u00fcrger, insbesondere auch der Verkehrsteilnehmer, sondern legitimieren zugleich auch den &#8220;Kampf&#8221; gegen demokratisch gef\u00e4llte Entscheidungen. Allerdings k\u00f6nnen selbst Verst\u00f6\u00dfe der Bundesregierung gegen unterzeichnete Klimavertr\u00e4ge sicherlich niemals eine Rechtfertigung f\u00fcr kriminelle Handlungen von Aktivisten sein.<\/p>\n<p>In breiten Kreisen der Bev\u00f6lkerung sto\u00dfen solche Aktionen daher bereits seit geraumer Zeit auf Kritik. Von der &#8220;Ampel&#8221;-Regierung wurden diese Proteste hingegen lange Zeit sogar noch gutgehei\u00dfen. Angesichts der j\u00fcngsten Vorkommnisse blickt nun aber auch das Bundesinnenministerium &#8220;sorgenvoll&#8221; auf Klimaprotestler \u2013 und warnt insbesondere vor einer vermuteten angeblichen Vereinnahmung der Klimaschutzbewegung durch sogenannte Linksextremisten. &#8220;Akteure aus der linksextremistischen Szene versuchen, Einfluss auf Klimaschutzgruppen zu nehmen, sie f\u00fcr ihre Ziele empf\u00e4nglich zu machen, gesellschaftlichen Protest zu radikalisieren und den Staat und seine Institutionen zu delegitimieren&#8221;, erkl\u00e4rte eine Ministeriumssprecherin auf Anfrage des <em>Handelsblatts<\/em>.<\/p>\n<p>Auch der Pr\u00e4sident des Th\u00fcringer Verfassungsschutzes, Stephan Kramer, h\u00e4lt die Radikalisierung der Klimaprotestbewegungen f\u00fcr ein realistisches Szenario: &#8220;Es besteht die Gefahr, dass die bisher nicht extremistischen Umwelt- und Klima-Bewegungen Fridays for Future oder Letzte Generation durch Linksextremisten unterwandert werden.&#8221; Dahinter stehe die Absicht, ma\u00dfgeblichen Einfluss auf die Bewegungen auszu\u00fcben, sagte Kramer der Zeitung. &#8220;Es gibt bereits erste Versuche in diese Richtung.&#8221; Dies w\u00fcrde durch den Umstand beg\u00fcnstigt, dass sich bei vielen jungen Leuten eine Perspektiv- und Hoffnungslosigkeit breit mache, &#8220;die in Endzeitgedanken&#8221; m\u00fcnde, erl\u00e4uterte der Verfassungssch\u00fctzer.\u00a0Das k\u00f6nne aus seiner Sicht zu einer Eskalation der Proteste f\u00fchren:<\/p>\n<blockquote>\n<p><em>&#8220;Auf diese Weise soll noch mehr Aufmerksamkeit erzeugt werden, um die Politik und gro\u00dfe Teile der Bev\u00f6lkerung zum Handeln zu zwingen.&#8221;<\/em><\/p>\n<\/blockquote>\n<p>Tats\u00e4chlich gibt es innerhalb der Klimaaktivistengruppen Akteure, die immer st\u00e4rker darauf dr\u00e4ngen, dass die Bewegung auch jenseits der bisher \u00fcberwiegend friedlichen Streiks auf zivilen Ungehorsam setzen solle. L\u00fctzerath war dabei nur ein weiteres Beispiel daf\u00fcr, wie schnell ziviler Ungehorsam in Kriminalit\u00e4t umschlagen kann. Doch auch andere Aktionen der Klimaprotestler stie\u00dfen allgemein auf Kritik. So warnte der\u00a0CSU-Politiker Alexander Dobrindt bereits im letzten Jahr vor einer Radikalisierung der Klimabewegung und verglich die Letzte Generation gar mit der linksextremistischen Terrorgruppe Rote Armee Fraktion (RAF). Dieser schr\u00e4ge Vergleich wurde in Medien und sozialen Netzwerken breit reflektiert.<\/p>\n<p>Ungeachtet der zunehmenden Kritik an ihren Aktionen hat die Klimaprotestgruppe &#8220;Letzte Generation&#8221; im November eine Ausweitung ihrer radikalen Proteste in Deutschland angek\u00fcndigt. &#8220;Wir werden unseren Protest in alle Bereiche tragen, die von der Klimakatastrophe betroffen sein werden&#8221;, sagte die Aktivistin Carla Rochel in der <em>RTL<\/em>-Sendung &#8220;<em>Stern-TV<\/em>&#8220;.\u00a0Die Unionsparteien im Deutschen Bundestag setzten sich daraufhin f\u00fcr eine Versch\u00e4rfung des Strafrechts mit Blick auf Klimaaktivisten ein.\u00a0<\/p>\n<p>Stra\u00dfenblockierern, die die Durchfahrt von Polizei, Feuerwehr und Rettungsdiensten behindern, droht nun eine Mindestfreiheitsstrafe. Zudem k\u00f6nnen Aktivisten bei Wiederholungsgefahr sogar vorbeugend in Haft genommen werden. Auch f\u00fcr die Besch\u00e4digung von Kulturg\u00fctern sieht der neue Strafkatalog eine Mindestfreiheitsstrafe anstatt der bisher geltenden Geldstrafe vor.\u00a0Klimaprotest d\u00fcrfe &#8220;kein Freibrief f\u00fcr Straftaten sein&#8221;, begr\u00fcndete Dobrindt die Gesetzesinitiative der Union. Die Strafversch\u00e4rfung werde gebraucht, &#8220;um einer weiteren Radikalisierung in Teilen dieser Klimabewegung entgegenzuwirken und Nachahmer abzuschrecken&#8221;.<\/p>\n<p>Die Klimabewegung hatte unter anderem mit Blockaden des Stra\u00dfenverkehrs und Attacken auf Gem\u00e4lde und im Bereich von Kunst und Kultur immer wieder f\u00fcr Aufsehen gesorgt. Der politische Streit \u00fcber die Aktionen eskalierte, als in Berlin Anfang November bei einem Verkehrsunfall eine Radfahrerin von einem Betonmischer \u00fcberrollt worden war.\u00a0Der Fall hatte f\u00fcr bundesweites Aufsehen und Diskussionen gesorgt, weil ein Spezialfahrzeug, das die Verletzte unter dem Lkw befreien sollte, konnte nicht helfen, weil es nach Angaben der Feuerwehr in einem von Klimaprotestlern verursachten Stau auf der Stadtautobahn festsa\u00df. Diese Aktion der Klimaprotestgruppe &#8220;Letzte Generation&#8221; stie\u00df auf breite \u00f6ffentliche Kritik.<\/p>\n<p>Die Gruppe begeht inzwischen auch schwere Straftaten, wie etwa Blockaden auf Flugh\u00e4fen, die von Polizei, Staatsanwaltschaften und Gerichten nun regelm\u00e4\u00dfig verfolgt und geahndet werden.<\/p>\n<p><strong>Mehr zum Thema <\/strong>&#8211;\u00a0<a rel=\"nofollow noopener\" target=\"_blank\" href=\"https:\/\/test.rtde.tech\/inland\/160822-letzte-generation-will-deutschland-lahm-legen\/\">&#8220;Letzte Generation&#8221; will Deutschland &#8220;lahmlegen&#8221;<\/a><\/p>\n<\/div>\n<p><br \/>\n<br \/><a href=\"https:\/\/de.rt.com\/inland\/161151-radikale-bei-klimaprotesten-bundesbehoerden-sehen\/\">Source link <\/a><\/p>\n","protected":false},"excerpt":{"rendered":"<p>Die Aktionen der Klimabewegung sind rigoroser geworden. Nun bef\u00fcrchtet man im Bundesministerium des Innern, Linksextremisten k\u00f6nnten versuchen, die Klimabewegung zu vereinnahmen. Es gebe &#8220;bereits erste Versuche in diese Richtung&#8221;. Stra\u00dfenblockaden, Klebeaktionen und Besetzungen \u2013 mit einer offenkundigen Radikalisierung versuchen Aktivisten der Umwelt- und Klimabewegungen &#8220;Fridays for Future&#8221; und &#8220;Letzte Generation&#8221;\u00a0seit Monaten, Politiker und \u00d6ffentlichkeit noch [&hellip;]<\/p>\n","protected":false},"author":3,"featured_media":28813,"comment_status":"open","ping_status":"open","sticky":false,"template":"","format":"standard","meta":{"_yoast_indexnow_last_ping":["1674843671"],"wp_automatic_camp":["217"],"79ca609db0af622ad6f0b997ecdbd5af":["Radikale bei Klimaprotesten? Bundesbeh\u00f6rden sehen Gefahr linksextremistischer Unterwanderung"],"original_link":["https:\/\/de.rt.com\/inland\/161151-radikale-bei-klimaprotesten-bundesbehoerden-sehen\/"],"_thumbnail_id":["28813"],"_wptgpro_p2tg_sent2tg":["a:1:{i:23737;s:19:\"2023-01-27 20:22:10\";}"],"jnews_social_counter_last_update":["1777085165"]},"categories":[19,23],"tags":[363,22233,4448,39756,39757,19264,8173,39758],"yoast_head":"<!-- This site is optimized with the Yoast SEO Premium plugin v22.7 (Yoast SEO v22.7) - https:\/\/yoast.com\/wordpress\/plugins\/seo\/ -->\n<title>Radikale bei Klimaprotesten? Bundesbeh\u00f6rden sehen Gefahr linksextremistischer Unterwanderung - just-now.NEWS Deutschland<\/title>\n<meta name=\"robots\" content=\"index, follow, max-snippet:-1, max-image-preview:large, max-video-preview:-1\" \/>\n<link rel=\"canonical\" href=\"https:\/\/now-news.de\/de\/deutschland\/radikale-bei-klimaprotesten-bundesbehoerden-sehen-gefahr-linksextremistischer-unterwanderung\/\" \/>\n<meta property=\"og:locale\" content=\"de_DE\" \/>\n<meta property=\"og:type\" content=\"article\" \/>\n<meta property=\"og:title\" content=\"Radikale bei Klimaprotesten? Bundesbeh\u00f6rden sehen Gefahr linksextremistischer Unterwanderung\" \/>\n<meta property=\"og:description\" content=\"Die Aktionen der Klimabewegung sind rigoroser geworden. Nun bef\u00fcrchtet man im Bundesministerium des Innern, Linksextremisten k\u00f6nnten versuchen, die Klimabewegung zu vereinnahmen. Es gebe &#8220;bereits erste Versuche in diese Richtung&#8221;. Stra\u00dfenblockaden, Klebeaktionen und Besetzungen \u2013 mit einer offenkundigen Radikalisierung versuchen Aktivisten der Umwelt- und Klimabewegungen &#8220;Fridays for Future&#8221; und &#8220;Letzte Generation&#8221;\u00a0seit Monaten, Politiker und \u00d6ffentlichkeit noch [&hellip;]\" \/>\n<meta property=\"og:url\" content=\"https:\/\/now-news.de\/de\/deutschland\/radikale-bei-klimaprotesten-bundesbehoerden-sehen-gefahr-linksextremistischer-unterwanderung\/\" \/>\n<meta property=\"og:site_name\" content=\"just-now.NEWS Deutschland\" \/>\n<meta property=\"article:publisher\" content=\"https:\/\/www.facebook.com\/wirmachenauf\" \/>\n<meta property=\"article:published_time\" content=\"2023-01-27T18:09:01+00:00\" \/>\n<meta property=\"og:image\" content=\"https:\/\/now-news.de\/de\/wp-content\/uploads\/sites\/3\/2023\/01\/Radikale-bei-Klimaprotesten-Bundesbehoerden-sehen-Gefahr-linksextremistischer-Unterwanderung.jpg\" \/>\n\t<meta property=\"og:image:width\" content=\"460\" \/>\n\t<meta property=\"og:image:height\" content=\"259\" \/>\n\t<meta property=\"og:image:type\" content=\"image\/jpeg\" \/>\n<meta name=\"author\" content=\"rtnews\" \/>\n<meta name=\"twitter:card\" content=\"summary_large_image\" \/>\n<meta name=\"twitter:creator\" content=\"@WirMachenAuf_de\" \/>\n<meta name=\"twitter:site\" content=\"@WirMachenAuf_de\" \/>\n<meta name=\"twitter:label1\" content=\"Verfasst von\" \/>\n\t<meta name=\"twitter:data1\" content=\"rtnews\" \/>\n\t<meta name=\"twitter:label2\" content=\"Gesch\u00e4tzte Lesezeit\" \/>\n\t<meta name=\"twitter:data2\" content=\"4\u00a0Minuten\" \/>\n<script type=\"application\/ld+json\" class=\"yoast-schema-graph\">{\"@context\":\"https:\/\/schema.org\",\"@graph\":[{\"@type\":\"Article\",\"@id\":\"https:\/\/now-news.de\/de\/deutschland\/radikale-bei-klimaprotesten-bundesbehoerden-sehen-gefahr-linksextremistischer-unterwanderung\/#article\",\"isPartOf\":{\"@id\":\"https:\/\/now-news.de\/de\/deutschland\/radikale-bei-klimaprotesten-bundesbehoerden-sehen-gefahr-linksextremistischer-unterwanderung\/\"},\"author\":{\"name\":\"rtnews\",\"@id\":\"https:\/\/now-news.de\/de\/#\/schema\/person\/fb534a4e865501d8b3285208df34a9b5\"},\"headline\":\"Radikale bei Klimaprotesten? Bundesbeh\u00f6rden sehen Gefahr linksextremistischer Unterwanderung\",\"datePublished\":\"2023-01-27T18:09:01+00:00\",\"dateModified\":\"2023-01-27T18:09:01+00:00\",\"mainEntityOfPage\":{\"@id\":\"https:\/\/now-news.de\/de\/deutschland\/radikale-bei-klimaprotesten-bundesbehoerden-sehen-gefahr-linksextremistischer-unterwanderung\/\"},\"wordCount\":752,\"commentCount\":0,\"publisher\":{\"@id\":\"https:\/\/now-news.de\/de\/#organization\"},\"image\":{\"@id\":\"https:\/\/now-news.de\/de\/deutschland\/radikale-bei-klimaprotesten-bundesbehoerden-sehen-gefahr-linksextremistischer-unterwanderung\/#primaryimage\"},\"thumbnailUrl\":\"https:\/\/now-news.de\/de\/wp-content\/uploads\/sites\/3\/2023\/01\/Radikale-bei-Klimaprotesten-Bundesbehoerden-sehen-Gefahr-linksextremistischer-Unterwanderung.jpg\",\"keywords\":[\"bei\",\"Bundesbeh\u00f6rden\",\"Gefahr\",\"Klimaprotesten\",\"linksextremistischer\",\"radikale\",\"sehen\",\"Unterwanderung\"],\"articleSection\":[\"Deutschland\",\"Russland\"],\"inLanguage\":\"de\",\"potentialAction\":[{\"@type\":\"CommentAction\",\"name\":\"Comment\",\"target\":[\"https:\/\/now-news.de\/de\/deutschland\/radikale-bei-klimaprotesten-bundesbehoerden-sehen-gefahr-linksextremistischer-unterwanderung\/#respond\"]}]},{\"@type\":\"WebPage\",\"@id\":\"https:\/\/now-news.de\/de\/deutschland\/radikale-bei-klimaprotesten-bundesbehoerden-sehen-gefahr-linksextremistischer-unterwanderung\/\",\"url\":\"https:\/\/now-news.de\/de\/deutschland\/radikale-bei-klimaprotesten-bundesbehoerden-sehen-gefahr-linksextremistischer-unterwanderung\/\",\"name\":\"Radikale bei Klimaprotesten? Bundesbeh\u00f6rden sehen Gefahr linksextremistischer Unterwanderung - just-now.NEWS Deutschland\",\"isPartOf\":{\"@id\":\"https:\/\/now-news.de\/de\/#website\"},\"primaryImageOfPage\":{\"@id\":\"https:\/\/now-news.de\/de\/deutschland\/radikale-bei-klimaprotesten-bundesbehoerden-sehen-gefahr-linksextremistischer-unterwanderung\/#primaryimage\"},\"image\":{\"@id\":\"https:\/\/now-news.de\/de\/deutschland\/radikale-bei-klimaprotesten-bundesbehoerden-sehen-gefahr-linksextremistischer-unterwanderung\/#primaryimage\"},\"thumbnailUrl\":\"https:\/\/now-news.de\/de\/wp-content\/uploads\/sites\/3\/2023\/01\/Radikale-bei-Klimaprotesten-Bundesbehoerden-sehen-Gefahr-linksextremistischer-Unterwanderung.jpg\",\"datePublished\":\"2023-01-27T18:09:01+00:00\",\"dateModified\":\"2023-01-27T18:09:01+00:00\",\"breadcrumb\":{\"@id\":\"https:\/\/now-news.de\/de\/deutschland\/radikale-bei-klimaprotesten-bundesbehoerden-sehen-gefahr-linksextremistischer-unterwanderung\/#breadcrumb\"},\"inLanguage\":\"de\",\"potentialAction\":[{\"@type\":\"ReadAction\",\"target\":[\"https:\/\/now-news.de\/de\/deutschland\/radikale-bei-klimaprotesten-bundesbehoerden-sehen-gefahr-linksextremistischer-unterwanderung\/\"]}]},{\"@type\":\"ImageObject\",\"inLanguage\":\"de\",\"@id\":\"https:\/\/now-news.de\/de\/deutschland\/radikale-bei-klimaprotesten-bundesbehoerden-sehen-gefahr-linksextremistischer-unterwanderung\/#primaryimage\",\"url\":\"https:\/\/now-news.de\/de\/wp-content\/uploads\/sites\/3\/2023\/01\/Radikale-bei-Klimaprotesten-Bundesbehoerden-sehen-Gefahr-linksextremistischer-Unterwanderung.jpg\",\"contentUrl\":\"https:\/\/now-news.de\/de\/wp-content\/uploads\/sites\/3\/2023\/01\/Radikale-bei-Klimaprotesten-Bundesbehoerden-sehen-Gefahr-linksextremistischer-Unterwanderung.jpg\",\"width\":460,\"height\":259,\"caption\":\"Radikale bei Klimaprotesten? Bundesbeh\u00f6rden sehen Gefahr linksextremistischer Unterwanderung\"},{\"@type\":\"BreadcrumbList\",\"@id\":\"https:\/\/now-news.de\/de\/deutschland\/radikale-bei-klimaprotesten-bundesbehoerden-sehen-gefahr-linksextremistischer-unterwanderung\/#breadcrumb\",\"itemListElement\":[{\"@type\":\"ListItem\",\"position\":1,\"name\":\"Home\",\"item\":\"https:\/\/now-news.de\/de\/\"},{\"@type\":\"ListItem\",\"position\":2,\"name\":\"Radikale bei Klimaprotesten? Bundesbeh\u00f6rden sehen Gefahr linksextremistischer Unterwanderung\"}]},{\"@type\":\"WebSite\",\"@id\":\"https:\/\/now-news.de\/de\/#website\",\"url\":\"https:\/\/now-news.de\/de\/\",\"name\":\"just-now.NEWS Deutschland\",\"description\":\"Das Portal f\u00fcr unzensierte Nachrichten aus der Welt\",\"publisher\":{\"@id\":\"https:\/\/now-news.de\/de\/#organization\"},\"potentialAction\":[{\"@type\":\"SearchAction\",\"target\":{\"@type\":\"EntryPoint\",\"urlTemplate\":\"https:\/\/now-news.de\/de\/?s={search_term_string}\"},\"query-input\":\"required name=search_term_string\"}],\"inLanguage\":\"de\"},{\"@type\":\"Organization\",\"@id\":\"https:\/\/now-news.de\/de\/#organization\",\"name\":\"Just Now News\",\"url\":\"https:\/\/now-news.de\/de\/\",\"logo\":{\"@type\":\"ImageObject\",\"inLanguage\":\"de\",\"@id\":\"https:\/\/now-news.de\/de\/#\/schema\/logo\/image\/\",\"url\":\"http:\/\/just-now.news\/de\/wp-content\/uploads\/sites\/3\/2022\/04\/logo500x500.jpg\",\"contentUrl\":\"http:\/\/just-now.news\/de\/wp-content\/uploads\/sites\/3\/2022\/04\/logo500x500.jpg\",\"width\":500,\"height\":500,\"caption\":\"Just Now News\"},\"image\":{\"@id\":\"https:\/\/now-news.de\/de\/#\/schema\/logo\/image\/\"},\"sameAs\":[\"https:\/\/www.facebook.com\/wirmachenauf\",\"https:\/\/x.com\/WirMachenAuf_de\"]},{\"@type\":\"Person\",\"@id\":\"https:\/\/now-news.de\/de\/#\/schema\/person\/fb534a4e865501d8b3285208df34a9b5\",\"name\":\"rtnews\",\"image\":{\"@type\":\"ImageObject\",\"inLanguage\":\"de\",\"@id\":\"https:\/\/now-news.de\/de\/#\/schema\/person\/image\/\",\"url\":\"https:\/\/secure.gravatar.com\/avatar\/82aafea7d8127119dd649515f56e2117?s=96&d=mm&r=g\",\"contentUrl\":\"https:\/\/secure.gravatar.com\/avatar\/82aafea7d8127119dd649515f56e2117?s=96&d=mm&r=g\",\"caption\":\"rtnews\"},\"url\":\"https:\/\/now-news.de\/de\/author\/rnews\/\"}]}<\/script>\n<!-- \/ Yoast SEO Premium plugin. -->","yoast_head_json":{"title":"Radikale bei Klimaprotesten? Bundesbeh\u00f6rden sehen Gefahr linksextremistischer Unterwanderung - just-now.NEWS Deutschland","robots":{"index":"index","follow":"follow","max-snippet":"max-snippet:-1","max-image-preview":"max-image-preview:large","max-video-preview":"max-video-preview:-1"},"canonical":"https:\/\/now-news.de\/de\/deutschland\/radikale-bei-klimaprotesten-bundesbehoerden-sehen-gefahr-linksextremistischer-unterwanderung\/","og_locale":"de_DE","og_type":"article","og_title":"Radikale bei Klimaprotesten? Bundesbeh\u00f6rden sehen Gefahr linksextremistischer Unterwanderung","og_description":"Die Aktionen der Klimabewegung sind rigoroser geworden. Nun bef\u00fcrchtet man im Bundesministerium des Innern, Linksextremisten k\u00f6nnten versuchen, die Klimabewegung zu vereinnahmen. Es gebe &#8220;bereits erste Versuche in diese Richtung&#8221;. Stra\u00dfenblockaden, Klebeaktionen und Besetzungen \u2013 mit einer offenkundigen Radikalisierung versuchen Aktivisten der Umwelt- und Klimabewegungen &#8220;Fridays for Future&#8221; und &#8220;Letzte Generation&#8221;\u00a0seit Monaten, Politiker und \u00d6ffentlichkeit noch [&hellip;]","og_url":"https:\/\/now-news.de\/de\/deutschland\/radikale-bei-klimaprotesten-bundesbehoerden-sehen-gefahr-linksextremistischer-unterwanderung\/","og_site_name":"just-now.NEWS Deutschland","article_publisher":"https:\/\/www.facebook.com\/wirmachenauf","article_published_time":"2023-01-27T18:09:01+00:00","og_image":[{"width":460,"height":259,"url":"https:\/\/now-news.de\/de\/wp-content\/uploads\/sites\/3\/2023\/01\/Radikale-bei-Klimaprotesten-Bundesbehoerden-sehen-Gefahr-linksextremistischer-Unterwanderung.jpg","type":"image\/jpeg"}],"author":"rtnews","twitter_card":"summary_large_image","twitter_creator":"@WirMachenAuf_de","twitter_site":"@WirMachenAuf_de","twitter_misc":{"Verfasst von":"rtnews","Gesch\u00e4tzte Lesezeit":"4\u00a0Minuten"},"schema":{"@context":"https:\/\/schema.org","@graph":[{"@type":"Article","@id":"https:\/\/now-news.de\/de\/deutschland\/radikale-bei-klimaprotesten-bundesbehoerden-sehen-gefahr-linksextremistischer-unterwanderung\/#article","isPartOf":{"@id":"https:\/\/now-news.de\/de\/deutschland\/radikale-bei-klimaprotesten-bundesbehoerden-sehen-gefahr-linksextremistischer-unterwanderung\/"},"author":{"name":"rtnews","@id":"https:\/\/now-news.de\/de\/#\/schema\/person\/fb534a4e865501d8b3285208df34a9b5"},"headline":"Radikale bei Klimaprotesten? Bundesbeh\u00f6rden sehen Gefahr linksextremistischer Unterwanderung","datePublished":"2023-01-27T18:09:01+00:00","dateModified":"2023-01-27T18:09:01+00:00","mainEntityOfPage":{"@id":"https:\/\/now-news.de\/de\/deutschland\/radikale-bei-klimaprotesten-bundesbehoerden-sehen-gefahr-linksextremistischer-unterwanderung\/"},"wordCount":752,"commentCount":0,"publisher":{"@id":"https:\/\/now-news.de\/de\/#organization"},"image":{"@id":"https:\/\/now-news.de\/de\/deutschland\/radikale-bei-klimaprotesten-bundesbehoerden-sehen-gefahr-linksextremistischer-unterwanderung\/#primaryimage"},"thumbnailUrl":"https:\/\/now-news.de\/de\/wp-content\/uploads\/sites\/3\/2023\/01\/Radikale-bei-Klimaprotesten-Bundesbehoerden-sehen-Gefahr-linksextremistischer-Unterwanderung.jpg","keywords":["bei","Bundesbeh\u00f6rden","Gefahr","Klimaprotesten","linksextremistischer","radikale","sehen","Unterwanderung"],"articleSection":["Deutschland","Russland"],"inLanguage":"de","potentialAction":[{"@type":"CommentAction","name":"Comment","target":["https:\/\/now-news.de\/de\/deutschland\/radikale-bei-klimaprotesten-bundesbehoerden-sehen-gefahr-linksextremistischer-unterwanderung\/#respond"]}]},{"@type":"WebPage","@id":"https:\/\/now-news.de\/de\/deutschland\/radikale-bei-klimaprotesten-bundesbehoerden-sehen-gefahr-linksextremistischer-unterwanderung\/","url":"https:\/\/now-news.de\/de\/deutschland\/radikale-bei-klimaprotesten-bundesbehoerden-sehen-gefahr-linksextremistischer-unterwanderung\/","name":"Radikale bei Klimaprotesten? Bundesbeh\u00f6rden sehen Gefahr linksextremistischer Unterwanderung - just-now.NEWS Deutschland","isPartOf":{"@id":"https:\/\/now-news.de\/de\/#website"},"primaryImageOfPage":{"@id":"https:\/\/now-news.de\/de\/deutschland\/radikale-bei-klimaprotesten-bundesbehoerden-sehen-gefahr-linksextremistischer-unterwanderung\/#primaryimage"},"image":{"@id":"https:\/\/now-news.de\/de\/deutschland\/radikale-bei-klimaprotesten-bundesbehoerden-sehen-gefahr-linksextremistischer-unterwanderung\/#primaryimage"},"thumbnailUrl":"https:\/\/now-news.de\/de\/wp-content\/uploads\/sites\/3\/2023\/01\/Radikale-bei-Klimaprotesten-Bundesbehoerden-sehen-Gefahr-linksextremistischer-Unterwanderung.jpg","datePublished":"2023-01-27T18:09:01+00:00","dateModified":"2023-01-27T18:09:01+00:00","breadcrumb":{"@id":"https:\/\/now-news.de\/de\/deutschland\/radikale-bei-klimaprotesten-bundesbehoerden-sehen-gefahr-linksextremistischer-unterwanderung\/#breadcrumb"},"inLanguage":"de","potentialAction":[{"@type":"ReadAction","target":["https:\/\/now-news.de\/de\/deutschland\/radikale-bei-klimaprotesten-bundesbehoerden-sehen-gefahr-linksextremistischer-unterwanderung\/"]}]},{"@type":"ImageObject","inLanguage":"de","@id":"https:\/\/now-news.de\/de\/deutschland\/radikale-bei-klimaprotesten-bundesbehoerden-sehen-gefahr-linksextremistischer-unterwanderung\/#primaryimage","url":"https:\/\/now-news.de\/de\/wp-content\/uploads\/sites\/3\/2023\/01\/Radikale-bei-Klimaprotesten-Bundesbehoerden-sehen-Gefahr-linksextremistischer-Unterwanderung.jpg","contentUrl":"https:\/\/now-news.de\/de\/wp-content\/uploads\/sites\/3\/2023\/01\/Radikale-bei-Klimaprotesten-Bundesbehoerden-sehen-Gefahr-linksextremistischer-Unterwanderung.jpg","width":460,"height":259,"caption":"Radikale bei Klimaprotesten? Bundesbeh\u00f6rden sehen Gefahr linksextremistischer Unterwanderung"},{"@type":"BreadcrumbList","@id":"https:\/\/now-news.de\/de\/deutschland\/radikale-bei-klimaprotesten-bundesbehoerden-sehen-gefahr-linksextremistischer-unterwanderung\/#breadcrumb","itemListElement":[{"@type":"ListItem","position":1,"name":"Home","item":"https:\/\/now-news.de\/de\/"},{"@type":"ListItem","position":2,"name":"Radikale bei Klimaprotesten? Bundesbeh\u00f6rden sehen Gefahr linksextremistischer Unterwanderung"}]},{"@type":"WebSite","@id":"https:\/\/now-news.de\/de\/#website","url":"https:\/\/now-news.de\/de\/","name":"just-now.NEWS Deutschland","description":"Das Portal f\u00fcr unzensierte Nachrichten aus der Welt","publisher":{"@id":"https:\/\/now-news.de\/de\/#organization"},"potentialAction":[{"@type":"SearchAction","target":{"@type":"EntryPoint","urlTemplate":"https:\/\/now-news.de\/de\/?s={search_term_string}"},"query-input":"required name=search_term_string"}],"inLanguage":"de"},{"@type":"Organization","@id":"https:\/\/now-news.de\/de\/#organization","name":"Just Now News","url":"https:\/\/now-news.de\/de\/","logo":{"@type":"ImageObject","inLanguage":"de","@id":"https:\/\/now-news.de\/de\/#\/schema\/logo\/image\/","url":"http:\/\/just-now.news\/de\/wp-content\/uploads\/sites\/3\/2022\/04\/logo500x500.jpg","contentUrl":"http:\/\/just-now.news\/de\/wp-content\/uploads\/sites\/3\/2022\/04\/logo500x500.jpg","width":500,"height":500,"caption":"Just Now News"},"image":{"@id":"https:\/\/now-news.de\/de\/#\/schema\/logo\/image\/"},"sameAs":["https:\/\/www.facebook.com\/wirmachenauf","https:\/\/x.com\/WirMachenAuf_de"]},{"@type":"Person","@id":"https:\/\/now-news.de\/de\/#\/schema\/person\/fb534a4e865501d8b3285208df34a9b5","name":"rtnews","image":{"@type":"ImageObject","inLanguage":"de","@id":"https:\/\/now-news.de\/de\/#\/schema\/person\/image\/","url":"https:\/\/secure.gravatar.com\/avatar\/82aafea7d8127119dd649515f56e2117?s=96&d=mm&r=g","contentUrl":"https:\/\/secure.gravatar.com\/avatar\/82aafea7d8127119dd649515f56e2117?s=96&d=mm&r=g","caption":"rtnews"},"url":"https:\/\/now-news.de\/de\/author\/rnews\/"}]}},"_links":{"self":[{"href":"https:\/\/now-news.de\/de\/wp-json\/wp\/v2\/posts\/28812"}],"collection":[{"href":"https:\/\/now-news.de\/de\/wp-json\/wp\/v2\/posts"}],"about":[{"href":"https:\/\/now-news.de\/de\/wp-json\/wp\/v2\/types\/post"}],"author":[{"embeddable":true,"href":"https:\/\/now-news.de\/de\/wp-json\/wp\/v2\/users\/3"}],"replies":[{"embeddable":true,"href":"https:\/\/now-news.de\/de\/wp-json\/wp\/v2\/comments?post=28812"}],"version-history":[{"count":0,"href":"https:\/\/now-news.de\/de\/wp-json\/wp\/v2\/posts\/28812\/revisions"}],"wp:featuredmedia":[{"embeddable":true,"href":"https:\/\/now-news.de\/de\/wp-json\/wp\/v2\/media\/28813"}],"wp:attachment":[{"href":"https:\/\/now-news.de\/de\/wp-json\/wp\/v2\/media?parent=28812"}],"wp:term":[{"taxonomy":"category","embeddable":true,"href":"https:\/\/now-news.de\/de\/wp-json\/wp\/v2\/categories?post=28812"},{"taxonomy":"post_tag","embeddable":true,"href":"https:\/\/now-news.de\/de\/wp-json\/wp\/v2\/tags?post=28812"}],"curies":[{"name":"wp","href":"https:\/\/api.w.org\/{rel}","templated":true}]}}