{"id":28806,"date":"2023-01-27T18:00:00","date_gmt":"2023-01-27T16:00:00","guid":{"rendered":"https:\/\/just-now.news\/de\/deutschland\/liveticker-ukraine-krieg-ungarischer-premier-westen-befindet-sich-im-krieg-mit-russland\/"},"modified":"2023-01-27T18:00:00","modified_gmt":"2023-01-27T16:00:00","slug":"liveticker-ukraine-krieg-ungarischer-premier-westen-befindet-sich-im-krieg-mit-russland","status":"publish","type":"post","link":"https:\/\/now-news.de\/de\/deutschland\/liveticker-ukraine-krieg-ungarischer-premier-westen-befindet-sich-im-krieg-mit-russland\/","title":{"rendered":"Liveticker Ukraine-Krieg \u2013 Ungarischer Premier: Westen befindet sich im Krieg mit Russland"},"content":{"rendered":"<div class=\"Text-root Text-type_1 \">\n                Russland f\u00fchrt gemeinsam mit den Streitkr\u00e4ften der Donbass-Republiken eine Milit\u00e4roperation in der Ukraine durch. Der Westen reagiert mit immer neuen Waffenlieferungen an die Ukraine und beispiellosen Sanktionen gegen Russland. Lesen Sie hier die neuesten Entwicklungen.\n            <\/div>\n<p><\/p>\n<div class=\"ArticleView-liveUpdates\">\n<div class=\"LiveUpdates-root\">\n<div class=\"LiveUpdates-content\">\n<ul class=\"LiveUpdates-list Listing-root\" data-listing=\"LiveUpdates\" data-count=\"10\">\n<li class=\"LiveUpdates-item Listing-item\">\n<div class=\"LiveUpdates-date\">\n<p class=\"HeaderNews-root HeaderNews-type_2 \">\n                27.01.2023 18:18 Uhr\n            <\/p>\n<\/div>\n<div class=\"LiveUpdate-root\">\n<div class=\"LiveUpdate-date\">\n<p class=\"HeaderNews-root HeaderNews-type_6 \">\n                18:18 Uhr\n            <\/p>\n<\/div>\n<div class=\"LiveUpdate-content\">\n<div class=\"LiveUpdate-text\">\n<div class=\"Text-root Text-type_5 ViewText-root\">\n<p><strong>Ungarischer Ministerpr\u00e4sident: Westen befindet sich im Krieg mit Russland<\/strong><\/p>\n<figure class=\"RTImage-root\">\n<div class=\"RTImage-image RTImage-original\"><picture class=\"Picture-root Picture-original\"><!--[if IE 9]><video style=\"display: none;\"><![endif]--><source media=\"(-webkit-min-device-pixel-ratio: 2) and (min-resolution: 120dpi)\" data-srcset=\" \nhttp:\/\/just-now.news\/de\/wp-content\/uploads\/sites\/3\/2023\/01\/63d3fdccb480cc5190712def.jpg 850w,\n                http:\/\/just-now.news\/de\/wp-content\/uploads\/sites\/3\/2023\/01\/1674840775_101_63d3fdccb480cc5190712def.jpg 1960w,\n            \" ><source data-srcset=\" \nhttp:\/\/just-now.news\/de\/wp-content\/uploads\/sites\/3\/2023\/01\/63d3fdccb480cc5190712def.jpg 460w,\n              http:\/\/just-now.news\/de\/wp-content\/uploads\/sites\/3\/2023\/01\/1674840775_101_63d3fdccb480cc5190712def.jpg 980w,\n            \" ><!--[if IE 9]><\/video><![endif]--><img decoding=\"async\" data- src=\"data:image\/png;base64,iVBORw0KGgoAAAANSUhEUgAAABAAAAAJCAQAAACRI2S5AAAAEElEQVR42mNkIAAYRxWAAQAG9gAKqv6+AwAAAABJRU5ErkJggg==\" class=\"Picture-root Picture-original lazyload\" data-src=\"http:\/\/just-now.news\/de\/wp-content\/uploads\/sites\/3\/2023\/01\/63d3fdccb480cc5190712def.jpg\" alt=\"\"><\/source><\/source><\/picture><!-- noscript pattern --><noscript><img decoding=\"async\" src=\"http:\/\/just-now.news\/de\/wp-content\/uploads\/sites\/3\/2023\/01\/1674840775_101_63d3fdccb480cc5190712def.jpg\" alt=\"\"><\/noscript><\/div><figcaption class=\"RTImage-footer\"><span class=\"RTImage-caption\"><span class=\"RTImage-captionItem\">(Symbolbild)<\/span><\/span><span class=\"RTImage-source\"><span class=\"RTImage-captionItem\">Sipa USA<\/span><span class=\"RTImage-captionItem\"> \/ Legion-media.ru<\/span><\/span><\/figcaption><\/figure>\n<p>Nach Ansicht des ungarischen Ministerpr\u00e4sidenten Viktor Orb\u00e1n <a rel=\"nofollow noopener\" target=\"_blank\" href=\"https:\/\/www.theamericanconservative.com\/viktor-orban-we-are-in-a-war-with-russia\/\">ist<\/a> die Realit\u00e4t so, dass sich der Westen &#8220;im Krieg mit Russland befindet&#8221; und jeden Tag weiter vorankommt. Orb\u00e1n fuhr fort:<\/p>\n<p><em>&#8220;Der Westen mag denken, dass er sich nicht im Krieg mit Russland befindet, aber indem sie immer mehr Waffen schickt und sich einer tats\u00e4chlichen milit\u00e4rischen Intervention n\u00e4hert, spielen die westlichen F\u00fchrungen ein \u00e4u\u00dferst gef\u00e4hrliches Spiel mit sich selbst, mit Russland und mit der westlichen \u00d6ffentlichkeit.&#8221;<\/em><\/p>\n<p>Orb\u00e1n schloss auch das Szenario eines Atomwaffeneinsatzes nicht aus.<\/p>\n<\/div>\n<\/div>\n<\/div>\n<\/div>\n<\/li>\n<li class=\"LiveUpdates-item Listing-item\">\n<div class=\"LiveUpdate-root\">\n<div class=\"LiveUpdate-date\">\n<p class=\"HeaderNews-root HeaderNews-type_6 \">\n                17:57 Uhr\n            <\/p>\n<\/div>\n<div class=\"LiveUpdate-content\">\n<div class=\"LiveUpdate-text\">\n<div class=\"Text-root Text-type_5 ViewText-root\">\n<p><strong>Spanien will Leopard-Panzer an die Ukraine abgeben<\/strong><\/p>\n<figure class=\"RTImage-root\">\n<div class=\"RTImage-image RTImage-original\"><picture class=\"Picture-root Picture-original\"><!--[if IE 9]><video style=\"display: none;\"><![endif]--><source media=\"(-webkit-min-device-pixel-ratio: 2) and (min-resolution: 120dpi)\" data-srcset=\" \nhttp:\/\/just-now.news\/de\/wp-content\/uploads\/sites\/3\/2023\/01\/63d3f1f848fbef362b418fe5.jpg 850w,\n                http:\/\/just-now.news\/de\/wp-content\/uploads\/sites\/3\/2023\/01\/63d3f1f848fbef362b418fe4.jpg 1960w,\n            \" ><source data-srcset=\" \nhttp:\/\/just-now.news\/de\/wp-content\/uploads\/sites\/3\/2023\/01\/63d3f1f848fbef362b418fe5.jpg 460w,\n              http:\/\/just-now.news\/de\/wp-content\/uploads\/sites\/3\/2023\/01\/63d3f1f848fbef362b418fe4.jpg 980w,\n            \" ><!--[if IE 9]><\/video><![endif]--><img decoding=\"async\" data- src=\"data:image\/png;base64,iVBORw0KGgoAAAANSUhEUgAAABAAAAAJCAQAAACRI2S5AAAAEElEQVR42mNkIAAYRxWAAQAG9gAKqv6+AwAAAABJRU5ErkJggg==\" class=\"Picture-root Picture-original lazyload\" data-src=\"http:\/\/just-now.news\/de\/wp-content\/uploads\/sites\/3\/2023\/01\/63d3f1f848fbef362b418fe5.jpg\" alt=\"\"><\/source><\/source><\/picture><!-- noscript pattern --><noscript><img decoding=\"async\" src=\"http:\/\/just-now.news\/de\/wp-content\/uploads\/sites\/3\/2023\/01\/63d3f1f848fbef362b418fe4.jpg\" alt=\"\"><\/noscript><\/div><figcaption class=\"RTImage-footer\"><span class=\"RTImage-caption\"><span class=\"RTImage-captionItem\">Archivbild: Ein Leopard-Panzer<\/span><\/span><span class=\"RTImage-source\"><span class=\"RTImage-captionItem\">Ronny Hartmann<\/span><span class=\"RTImage-captionItem\"> \/ AFP<\/span><\/span><\/figcaption><\/figure>\n<p>Die Verteidigungsministerin Spaniens Margarita Robles hat sich verpflichtet, im Fr\u00fchjahr Kampfpanzer vom Typ Leopard an die Ukraine zu schicken. Vor Journalisten erkl\u00e4rte sie diesbez\u00fcglich:<\/p>\n<p><em>&#8220;Es handelt sich nicht um einzelne Lieferungen jedes Landes, sondern um absolut koordinierte Aktionen, denn kein Land handelt im Alleingang. Auf jeden Fall gehen alle Verb\u00fcndeten davon aus, dass die Lieferung bis zum Fr\u00fchjahr stattfinden wird.&#8221;<\/em><\/p>\n<p>Robles nannte jedoch nicht die genaue Anzahl der Panzer, die nach Kiew verlegt werden sollen.<\/p>\n<\/div>\n<\/div>\n<\/div>\n<\/div>\n<\/li>\n<li class=\"LiveUpdates-item Listing-item\">\n<div class=\"LiveUpdate-root\">\n<div class=\"LiveUpdate-date\">\n<p class=\"HeaderNews-root HeaderNews-type_6 \">\n                17:30 Uhr\n            <\/p>\n<\/div>\n<div class=\"LiveUpdate-content\">\n<div class=\"LiveUpdate-text\">\n<div class=\"Text-root Text-type_5 ViewText-root\">\n<p><strong>Schwester von Kim Jong-un: Nordkorea wird immer im selben Graben mit russischer Armee und russischem Volk sein<\/strong><\/p>\n<p>Pj\u00f6ngjang <a rel=\"nofollow noopener\" target=\"_blank\" href=\"https:\/\/t.me\/boris_rozhin\/76545\">werde<\/a>\u00a0immer an der Seite Moskaus stehen, &#8220;im selben Graben&#8221; wie die russische Armee und das russische Volk sein, so Kim Yo-jong, die Schwester des nordkoreanischen Staatschefs und stellvertretende Vorsitzende des Zentralkomitees der Partei der Arbeit Koreas. Die Funktion\u00e4rin w\u00f6rtlich:<\/p>\n<p><em>&#8220;Wir werden immer im selben Graben mit der Armee und dem Volk Russlands sein, das sich erhoben hat, um die W\u00fcrde und die Ehre des Staates, die Souver\u00e4nit\u00e4t und die Sicherheit des Landes zu verteidigen.&#8221;<\/em><\/p>\n<p>Zur Entwicklung des Konflikts in der Ukraine brachte Kim Yo-jong zum Ausdruck, dass die USA &#8220;der Hauptschuldige&#8221; an der Situation seien und eine Bedrohung f\u00fcr die strategische Sicherheit Russlands darstellten. Sie \u00e4u\u00dferte zudem die Meinung, dass &#8220;die Welt ohne die USA ein hellerer, sicherer und ruhigerer Ort w\u00e4re&#8221;.<\/p>\n<p>Die Schwester von Kim Jong-un unterstrich, dass die Vereinigten Staaten Instabilit\u00e4t auf der Welt provozierten, indem sie Kiew mit Waffen vollpumpten. Sie wies auch darauf hin, dass die USA einen &#8220;Stellvertreterkrieg mit dem Ziel der Zerst\u00f6rung der Russischen F\u00f6deration&#8221; f\u00fchrten.<\/p>\n<p>\u00dcberdies\u00a0w\u00fcnschte sie Russland,\u00a0westliche Waffen, die an die Ukraine geliefert werden, &#8220;in Schutt und Asche zu legen&#8221;.<\/p>\n<\/div>\n<\/div>\n<\/div>\n<\/div>\n<\/li>\n<li class=\"LiveUpdates-item Listing-item\">\n<div class=\"LiveUpdate-root\">\n<div class=\"LiveUpdate-date\">\n<p class=\"HeaderNews-root HeaderNews-type_6 \">\n                17:06 Uhr\n            <\/p>\n<\/div>\n<div class=\"LiveUpdate-content\">\n<div class=\"LiveUpdate-text\">\n<div class=\"Text-root Text-type_5 ViewText-root\">\n<p><strong>Selenskij:\u00a0Wenn Abrams-Panzer erst im August kommen,\u00a0ist\u00a0es zu sp\u00e4t<\/strong><\/p>\n<figure class=\"RTImage-root\">\n<div class=\"RTImage-image RTImage-original\"><picture class=\"Picture-root Picture-original\"><!--[if IE 9]><video style=\"display: none;\"><![endif]--><source media=\"(-webkit-min-device-pixel-ratio: 2) and (min-resolution: 120dpi)\" data-srcset=\" \nhttp:\/\/just-now.news\/de\/wp-content\/uploads\/sites\/3\/2023\/01\/63d3e7bf48fbef362b418fd2.jpg 850w,\n                http:\/\/just-now.news\/de\/wp-content\/uploads\/sites\/3\/2023\/01\/1674840775_720_63d3e7bf48fbef362b418fd2.jpg 1960w,\n            \" ><source data-srcset=\" \nhttp:\/\/just-now.news\/de\/wp-content\/uploads\/sites\/3\/2023\/01\/63d3e7bf48fbef362b418fd2.jpg 460w,\n              http:\/\/just-now.news\/de\/wp-content\/uploads\/sites\/3\/2023\/01\/1674840775_720_63d3e7bf48fbef362b418fd2.jpg 980w,\n            \" ><!--[if IE 9]><\/video><![endif]--><img decoding=\"async\" data- src=\"data:image\/png;base64,iVBORw0KGgoAAAANSUhEUgAAABAAAAAJCAQAAACRI2S5AAAAEElEQVR42mNkIAAYRxWAAQAG9gAKqv6+AwAAAABJRU5ErkJggg==\" class=\"Picture-root Picture-original lazyload\" data-src=\"http:\/\/just-now.news\/de\/wp-content\/uploads\/sites\/3\/2023\/01\/63d3e7bf48fbef362b418fd2.jpg\" alt=\"\"><\/source><\/source><\/picture><!-- noscript pattern --><noscript><img decoding=\"async\" src=\"http:\/\/just-now.news\/de\/wp-content\/uploads\/sites\/3\/2023\/01\/1674840775_720_63d3e7bf48fbef362b418fd2.jpg\" alt=\"\"><\/noscript><\/div><figcaption class=\"RTImage-footer\"><span class=\"RTImage-caption\"><span class=\"RTImage-captionItem\">Archivbild: Ein US-Kampfpanzer Abrams<\/span><\/span><span class=\"RTImage-source\"><span class=\"RTImage-captionItem\">MATEUSZ SLODKOWSKI<\/span><span class=\"RTImage-captionItem\"> \/ AFP<\/span><\/span><\/figcaption><\/figure>\n<p>Im Interview mit dem britischen TV-Sender <em>SkyNews<\/em> hat Wladimir Selenskij, der Pr\u00e4sident der Ukraine, erneut betont, dass die Ukraine neue Waffen so schnell wie m\u00f6glich erhalten m\u00fcsse. Auf die Frage, ob er die Ankunft der US-amerikanischen Panzer Abrams im August f\u00fcr rechtzeitig halte, antwortete der ukrainische Pr\u00e4sident, das w\u00e4re zu sp\u00e4t.\u00a0<strong><\/strong>Au\u00dferdem ist Selenskij zufolge noch kein Liefertermin f\u00fcr die Panzer aus Europa bestimmt worden. Der Pr\u00e4sident \u00e4u\u00dferte sich jedoch zuversichtlich, dass die Kampfwagen fr\u00fcher oder sp\u00e4ter geliefert w\u00fcrden. Erneut bekr\u00e4ftigte Selenskij, dass Kiew Panzer in gro\u00dfen Mengen ben\u00f6tigt. F\u00fcnf, acht oder zehn Panzer k\u00f6nnten nichts auf dem Schlachtfeld \u00e4ndern.<\/p>\n<p>John Kirby, der Koordinator f\u00fcr strategische Kommunikation des Nationalen Sicherheitsrats der USA, hatte zuvor erkl\u00e4rt, dass die Lieferung von Abrams-Panzern an die Ukraine viele Monate dauern werde, wobei er nicht best\u00e4tigen k\u00f6nne, dass die Panzer bis Jahresende eintreffen w\u00fcrden. Das Wei\u00dfe Haus hatte die Lieferung von 31 Abrams-Panzern bekannt gegeben.<\/p>\n<\/div>\n<\/div>\n<\/div>\n<\/div>\n<\/li>\n<li class=\"LiveUpdates-item Listing-item\">\n<div class=\"LiveUpdate-root\">\n<div class=\"LiveUpdate-date\">\n<p class=\"HeaderNews-root HeaderNews-type_6 \">\n                16:38 Uhr\n            <\/p>\n<\/div>\n<div class=\"LiveUpdate-content\">\n<div class=\"LiveUpdate-text\">\n<div class=\"Text-root Text-type_5 ViewText-root\">\n<p><strong>Ukrainisches Waffen- und Sprengstoffversteck in der LVR gefunden<\/strong><\/p>\n<figure class=\"RTImage-root\">\n<div class=\"RTImage-image RTImage-original\"><picture class=\"Picture-root Picture-original\"><!--[if IE 9]><video style=\"display: none;\"><![endif]--><source media=\"(-webkit-min-device-pixel-ratio: 2) and (min-resolution: 120dpi)\" data-srcset=\" \nhttp:\/\/just-now.news\/de\/wp-content\/uploads\/sites\/3\/2023\/01\/63d3e08bb480cc52795b31a2.jpg 850w,\n                http:\/\/just-now.news\/de\/wp-content\/uploads\/sites\/3\/2023\/01\/1674840776_698_63d3e08bb480cc52795b31a2.jpg 1960w,\n            \" ><source data-srcset=\" \nhttp:\/\/just-now.news\/de\/wp-content\/uploads\/sites\/3\/2023\/01\/63d3e08bb480cc52795b31a2.jpg 460w,\n              http:\/\/just-now.news\/de\/wp-content\/uploads\/sites\/3\/2023\/01\/1674840776_698_63d3e08bb480cc52795b31a2.jpg 980w,\n            \" ><!--[if IE 9]><\/video><![endif]--><img decoding=\"async\" data- src=\"data:image\/png;base64,iVBORw0KGgoAAAANSUhEUgAAABAAAAAJCAQAAACRI2S5AAAAEElEQVR42mNkIAAYRxWAAQAG9gAKqv6+AwAAAABJRU5ErkJggg==\" class=\"Picture-root Picture-original lazyload\" data-src=\"http:\/\/just-now.news\/de\/wp-content\/uploads\/sites\/3\/2023\/01\/63d3e08bb480cc52795b31a2.jpg\" alt=\"\"><\/source><\/source><\/picture><!-- noscript pattern --><noscript><img decoding=\"async\" src=\"http:\/\/just-now.news\/de\/wp-content\/uploads\/sites\/3\/2023\/01\/1674840776_698_63d3e08bb480cc52795b31a2.jpg\" alt=\"\"><\/noscript><\/div><figcaption class=\"RTImage-footer\"><span class=\"RTImage-caption\"><span class=\"RTImage-captionItem\">(Symbolbild)<\/span><\/span><span class=\"RTImage-source\"><span class=\"RTImage-captionItem\">FSB<\/span><span class=\"RTImage-captionItem\"> \/ Sputnik<\/span><\/span><\/figcaption><\/figure>\n<p>Das Innenministerium der Lugansker Volksrepublik hat mitgeteilt, dass Strafverfolgungs- und Sicherheitskr\u00e4fte in einem Privathaus der Republik ein ukrainisches Versteck mit Waffen, Munition und Sprengstoff entdeckt h\u00e4tten.<\/p>\n<p>Nach Angaben des Ressorts ist das Versteck in einem Privathaus eingerichtet worden. Dort seien zwei TNT-K\u00f6rper und elektrische Z\u00fcnder dazu, Handgranaten, eine 5,45-Millimeter-Maschinenpistole und 3.000 Patronen dazu sowie ein Granatwerfer entdeckt worden.<\/p>\n<p><em>&#8220;Die Art und Weise, wie das Versteck angelegt wurde, und sein Inhalt zeugen davon, dass das Versteck dazu bestimmt war, die Aktivit\u00e4ten feindlicher Sabotage- und Aufkl\u00e4rungsgruppen sicherzustellen.&#8221;<\/em><\/p>\n<\/div>\n<\/div>\n<\/div>\n<\/div>\n<\/li>\n<li class=\"LiveUpdates-item Listing-item\">\n<div class=\"LiveUpdate-root\">\n<div class=\"LiveUpdate-date\">\n<p class=\"HeaderNews-root HeaderNews-type_6 \">\n                16:05 Uhr\n            <\/p>\n<\/div>\n<div class=\"LiveUpdate-content\">\n<div class=\"LiveUpdate-text\">\n<div class=\"Text-root Text-type_5 ViewText-root\">\n<p><strong>EU-Kommissar:\u00a0EU kann sich mit\u00a0Ukraine-Tribunal bei der UNO nicht durchzusetzen<\/strong><\/p>\n<figure class=\"RTImage-root\">\n<div class=\"RTImage-image RTImage-original\"><picture class=\"Picture-root Picture-original\"><!--[if IE 9]><video style=\"display: none;\"><![endif]--><source media=\"(-webkit-min-device-pixel-ratio: 2) and (min-resolution: 120dpi)\" data-srcset=\" \nhttp:\/\/just-now.news\/de\/wp-content\/uploads\/sites\/3\/2023\/01\/63d3dc59b480cc40f2205ecb.jpg 850w,\n                http:\/\/just-now.news\/de\/wp-content\/uploads\/sites\/3\/2023\/01\/1674840776_836_63d3dc59b480cc40f2205ecb.jpg 1960w,\n            \" ><source data-srcset=\" \nhttp:\/\/just-now.news\/de\/wp-content\/uploads\/sites\/3\/2023\/01\/63d3dc59b480cc40f2205ecb.jpg 460w,\n              http:\/\/just-now.news\/de\/wp-content\/uploads\/sites\/3\/2023\/01\/1674840776_836_63d3dc59b480cc40f2205ecb.jpg 980w,\n            \" ><!--[if IE 9]><\/video><![endif]--><img decoding=\"async\" data- src=\"data:image\/png;base64,iVBORw0KGgoAAAANSUhEUgAAABAAAAAJCAQAAACRI2S5AAAAEElEQVR42mNkIAAYRxWAAQAG9gAKqv6+AwAAAABJRU5ErkJggg==\" class=\"Picture-root Picture-original lazyload\" data-src=\"http:\/\/just-now.news\/de\/wp-content\/uploads\/sites\/3\/2023\/01\/63d3dc59b480cc40f2205ecb.jpg\" alt=\"\"><\/source><\/source><\/picture><!-- noscript pattern --><noscript><img decoding=\"async\" src=\"http:\/\/just-now.news\/de\/wp-content\/uploads\/sites\/3\/2023\/01\/1674840776_836_63d3dc59b480cc40f2205ecb.jpg\" alt=\"\"><\/noscript><\/div><figcaption class=\"RTImage-footer\"><span class=\"RTImage-caption\"><span class=\"RTImage-captionItem\">Archivbild: Das Hauptquartier der UNO in Genf<\/span><\/span><span class=\"RTImage-source\"><span class=\"RTImage-captionItem\">Alexei Witwizki<\/span><span class=\"RTImage-captionItem\"> \/ Sputnik<\/span><\/span><\/figcaption><\/figure>\n<p>Vor dem Beginn des informellen EU-Justizrates in Schweden erkl\u00e4rte der EU-Kommissar f\u00fcr Justiz und Rechtsstaatlichkeit Didier Reynders Reportern, es gebe derzeit keine Mehrheit, um die Initiative eines Ukraine-Tribunals in der UN-Generalversammlung durchzusetzen. Eine solche Entscheidung werde ebenfalls exklusiv vom UN-Sicherheitsrat getroffen, wo Russland Vetomacht ist. Trotz der fehlenden Mehrheit in der UN-Generalversammlung ist es laut Reynders \u00e4u\u00dferst wichtig, die Unterst\u00fctzung nicht nur der europ\u00e4ischen, sondern auch der internationalen Partner zu sichern. Das k\u00f6nnte als erster Schritt zu einem Tribunal dienen.<\/p>\n<p>Au\u00dferdem suchen die EU-Justizminister nach Alternativen wie etwa der Einrichtung einer Art Staatsanwaltschaft, um die Beweise zu sammeln. Jedenfalls k\u00f6nne man aktuell um keine konkreten Ma\u00dfnahmen sprechen, so Reynders.<\/p>\n<p>Nach Angaben des Kommissars wird auch \u00fcber die Verfolgung von Kriegsverbrechen oder Verbrechen gegen die Menschlichkeit gesprochen. Die Arbeit in dieser Richtung k\u00f6nnte in Zusammenarbeit mit dem Internationalen Strafgerichtshof und dem Generalstaatsanwalt der Ukraine m\u00f6glich sein. Dar\u00fcber hinaus sollen einige EU-Staaten ihre eigenen Untersuchungen unabh\u00e4ngig durchf\u00fchren.<\/p>\n<\/div>\n<\/div>\n<\/div>\n<\/div>\n<\/li>\n<li class=\"LiveUpdates-item Listing-item\">\n<div class=\"LiveUpdate-root\">\n<div class=\"LiveUpdate-date\">\n<p class=\"HeaderNews-root HeaderNews-type_6 \">\n                15:22 Uhr\n            <\/p>\n<\/div>\n<div class=\"LiveUpdate-content\">\n<div class=\"LiveUpdate-text\">\n<div class=\"Text-root Text-type_5 ViewText-root\">\n<p><strong>Russische Erfolge\u00a0an\u00a0Frontabschnitten Ugledar und Saporoschje, ukrainisches Flugzeug abgeschossen<\/strong><\/p>\n<figure class=\"RTImage-root\">\n<div class=\"RTImage-image RTImage-original\"><picture class=\"Picture-root Picture-original\"><!--[if IE 9]><video style=\"display: none;\"><![endif]--><source media=\"(-webkit-min-device-pixel-ratio: 2) and (min-resolution: 120dpi)\" data-srcset=\" \nhttp:\/\/just-now.news\/de\/wp-content\/uploads\/sites\/3\/2023\/01\/63d3cf53b480cc519d51ef08.jpg 850w,\n                http:\/\/just-now.news\/de\/wp-content\/uploads\/sites\/3\/2023\/01\/63d3cf53b480cc519d51ef08.jpg 1960w,\n            \" ><source data-srcset=\" \nhttp:\/\/just-now.news\/de\/wp-content\/uploads\/sites\/3\/2023\/01\/63d3cf53b480cc519d51ef08.jpg 460w,\n              http:\/\/just-now.news\/de\/wp-content\/uploads\/sites\/3\/2023\/01\/63d3cf53b480cc519d51ef08.jpg 980w,\n            \" ><!--[if IE 9]><\/video><![endif]--><img decoding=\"async\" data- src=\"data:image\/png;base64,iVBORw0KGgoAAAANSUhEUgAAABAAAAAJCAQAAACRI2S5AAAAEElEQVR42mNkIAAYRxWAAQAG9gAKqv6+AwAAAABJRU5ErkJggg==\" class=\"Picture-root Picture-original lazyload\" data-src=\"http:\/\/just-now.news\/de\/wp-content\/uploads\/sites\/3\/2023\/01\/63d3cf53b480cc519d51ef08.jpg\" alt=\"\"><\/source><\/source><\/picture><!-- noscript pattern --><noscript><img decoding=\"async\" src=\"http:\/\/just-now.news\/de\/wp-content\/uploads\/sites\/3\/2023\/01\/63d3cf53b480cc519d51ef08.jpg\" alt=\"\"><\/noscript><\/div><figcaption class=\"RTImage-footer\"><span class=\"RTImage-caption\"><span class=\"RTImage-captionItem\">Ein russischer Panzer im Gebiet Saporoschje (Symbolbild)<\/span><\/span><span class=\"RTImage-source\"><span class=\"RTImage-captionItem\">Konstantin Michaltschewski<\/span><span class=\"RTImage-captionItem\"> \/ Sputnik<\/span><\/span><\/figcaption><\/figure>\n<p>Die russischen Streitkr\u00e4fte haben nach Angaben des Verteidigungsministeriums ihren Vormarsch am Frontabschnitt Ugledar und nahe Gebiet Saporoschje fortgesetzt. So die ukrainischen 72. mechanisierte Brigade und die 108. Territorialverteidigungsbrigade\u00a0erlitten dabei Verluste durch russische Artillerieangriffe.<\/p>\n<p>Insgesamt habe die ukrainische Seite an diesem Frontabschnitt am vergangenen Tag bis zu 65 Soldaten, einen Panzer, zwei gepanzerte Kampffahrzeuge, eine Haubitze vom Typ D-20, drei Autos sowie zwei US-produzierte Radaranlagen vom Typ AN\/TPQ-37 verloren. Au\u00dferdem habe die russische Luftabwehr nahe Ugledar einen ukrainischen Kampfflugzeug vom Typ Su-25 abgeschossen.<\/p>\n<p>Wie Russlands Verteidigungsministerium weiter mitteilte, wurden zudem am Frontabschnitt Cherson ein Mehrfachraketenwerfer vom Typ BM-21 Grad, ein US-produziertes Artilleriegesch\u00fctz vom Typ M777 (wir berichteten in diesem Ticker) sowie ein Munitionslager zerst\u00f6rt. Im Gebiet Charkow zerst\u00f6rten die russischen Streitkr\u00e4fte einen ukrainischen Flugabwehrkomplex vom Typ S-300.<\/p>\n<\/div>\n<\/div>\n<\/div>\n<\/div>\n<\/li>\n<li class=\"LiveUpdates-item Listing-item\">\n<div class=\"LiveUpdate-root\">\n<div class=\"LiveUpdate-date\">\n<p class=\"HeaderNews-root HeaderNews-type_6 \">\n                14:45 Uhr\n            <\/p>\n<\/div>\n<div class=\"LiveUpdate-content\">\n<div class=\"LiveUpdate-text\">\n<div class=\"Text-root Text-type_5 ViewText-root\">\n<p><strong>Konaschenkow: Russland unterbricht Zufuhr von NATO-Munition f\u00fcr ukrainische Truppen<\/strong><\/p>\n<p>In seinem t\u00e4glichen <a rel=\"nofollow noopener\" target=\"_blank\" href=\"https:\/\/t.me\/mod_russia\/23785\">Briefing<\/a> berichtet der Sprecher des russischen Verteidigungsministeriums, Generalleutnant Igor Konaschenkow, dass Russland am Vortag einen massiven Raketenangriff mit pr\u00e4zisionsgelenkten Langstreckenwaffen sowie Drohnen gegen die Objekte des ukrainischen Energiesystems durchgef\u00fchrt hat. Dabei wurde das Funktionieren der ukrainischen Verteidigungsindustrie und des Verkehrssystems gehemmt. Infolge des Streiks wurde der Transport von Waffen und Munition, einschlie\u00dflich der von NATO-L\u00e4ndern gelieferten, in die Kampfgebiete unterbrochen. Die Arbeit der Produktionsanlagen f\u00fcr die Reparatur und Instandsetzung von ukrainischem Milit\u00e4rger\u00e4t wurde auch gest\u00f6rt.<\/p>\n<p>Am Freitag nahm die russische Artillerie die ukrainischen Truppen am Frontabschnitt Kupjansk in der N\u00e4he der Siedlungen Pestschanoje und Sinkowka unter Beschuss. Als Folge verloren die Einheiten der 103. territorialen Verteidigungsbrigade und der 14. mechanisierten Brigade der Streitkr\u00e4fte der Ukraine mehr als 30 Soldaten, zwei Fahrzeuge, ein Artilleriesystem vom Typ M-777 US-amerikanischer Herstellung und eine Haubitze vom Typ D-20.<\/p>\n<p>Am Frontabschnitt Krasno-Limanskoje bek\u00e4mpften die russischen Heeresflieger und Artillerie die Einheiten der 24. und 92. mechanisierten Brigaden der Ukraine in der N\u00e4he der Siedlungen Ostrowskoje im Gebiet Charkow und Stelmachowka in der Volksrepublik Lugansk. Die Verluste des Feindes belaufen sich auf bis zu 40 verletzte und get\u00f6tete Soldaten. Au\u00dferdem wurden drei gepanzerte Kampffahrzeuge, drei Fahrzeuge, eine D-20-Haubitze sowie eine M-777-Haubitze zerst\u00f6rt. In der N\u00e4he der Siedlung Schtschurowo in der Volksrepublik Donezk wurde ein ukrainisches Lager mit Artilleriemunition zerst\u00f6rt.<\/p>\n<p>Dank der erfolgreichen Offensive Russlands in Richtung Donezk hat das ukrainische Milit\u00e4r \u00fcber 80 Soldaten, einen Panzer, drei Sch\u00fctzenpanzer, drei Pick-ups, eine D-20-Haubitze, eine MSTA-B-Haubitze, zwei Haubitzen vom Typ D-30 sowie eine Panzerhaubitze vom Typ M109 Paladin und ein Artillerieaufkl\u00e4rungsradar AN\/TPQ-50 US-amerikanischer Produktion verloren.<\/p>\n<\/div>\n<\/div>\n<\/div>\n<\/div>\n<\/li>\n<li class=\"LiveUpdates-item Listing-item\">\n<div class=\"LiveUpdate-root\">\n<div class=\"LiveUpdate-date\">\n<p class=\"HeaderNews-root HeaderNews-type_6 \">\n                14:04 Uhr\n            <\/p>\n<\/div>\n<div class=\"LiveUpdate-content\">\n<div class=\"LiveUpdate-text\">\n<div class=\"Text-root Text-type_5 ViewText-root\">\n<p><strong><\/strong><strong>Russisches Au\u00dfenministerium bezeichnet Stoltenbergs \u00c4u\u00dferung als &#8220;verbrecherische Heuchelei&#8221;<\/strong><\/p>\n<p>Die Behauptung des NATO-Generalsekret\u00e4rs Jens Stoltenberg, wonach die Allianz keine Kriegspartei im Ukraine-Konflikt sei, ist von der Pressesprecherin des russischen Au\u00dfenministeriums Maria Sacharowa als &#8220;verbrecherische Heuchelei&#8221; bezeichnet worden. W\u00e4hrend einer Pressekonferenz antwortete Sacharowa auf die Bitte, Stoltenbergs \u00c4u\u00dferungen zu kommentieren, wie folgt:<\/p>\n<p><em>&#8220;Es ist erstaunlich, wie dieselben Menschen ernsthaft behaupten k\u00f6nnen, keine Konfliktpartei zu sein, weil sie keine Infanterie oder Flugzeuge schicken. Und Panzer zu liefern, ist erlaubt? Die Panzer fahren nicht von selbst, sie werden von Menschen gesteuert. Das ist pure Heuchelei, nicht nur eine Ablenkung von unangenehmen Fragen oder Themen, sondern verbrecherische Heuchelei.&#8221;<\/em><\/p>\n<\/div>\n<\/div>\n<\/div>\n<\/div>\n<\/li>\n<li class=\"LiveUpdates-item Listing-item\">\n<div class=\"LiveUpdate-root\">\n<div class=\"LiveUpdate-date\">\n<p class=\"HeaderNews-root HeaderNews-type_6 \">\n                13:25 Uhr\n            <\/p>\n<\/div>\n<div class=\"LiveUpdate-content\">\n<div class=\"LiveUpdate-text\">\n<div class=\"Text-root Text-type_5 ViewText-root\">\n<p><strong>Kreml-Pressesprecher Peskow: Keine Aussichten auf Verhandlungen \u00fcber Ukraine<\/strong><\/p>\n<p>Die Position der Vereinigten Staaten in Bezug auf die Ukraine ist der russischen diametral entgegengesetzt und kompromisslos, weswegen es momentan keine Aussicht auf Verhandlungen gibt. Dies erkl\u00e4rte Dmitri Peskow, der Pressesprecher des russischen Pr\u00e4sidenten, nach Angaben der Nachrichtenagentur\u00a0<em>TASS<\/em>. Die\u00a0zuvor von der US-Vizeau\u00dfenministerin Victoria Nuland ge\u00e4u\u00dferte Bereitschaft, die antirussischen Sanktionen im Gegenzug f\u00fcr Verhandlungen zu lockern, sei nicht \u00fcberzubewerten, da nichts Neues gesagt worden war. Peskow erkl\u00e4rte:<\/p>\n<p><em>&#8220;Faktisch wurde ein Satz von Thesen wiederholt, die von Abwesenheit jeglichen Kompromisses oder Flexibilit\u00e4t in der Position der USA zeugen. Diese Position ist ihrerseits der unseren diametral entgegengesetzt.&#8221;<\/em><\/p>\n<\/div>\n<\/div>\n<\/div>\n<\/div>\n<\/li>\n<\/ul>\n<div class=\"Listing-isReact\" data-rtmodule=\"Listing\" onload=\"return {\n                page: '1',\n                limit: '10',\n                listing: '\/listing\/parent.6209f961b480cc2c7e35341b\/noprepare\/liveupdates\/10\/1',\n            };\"><\/div>\n<\/div>\n<\/div>\n<\/div>\n<p><br \/>\n<br \/><a href=\"https:\/\/de.rt.com\/international\/131481-liveticker-ukraine-krieg-ungarischer-premier\/\">Source link <\/a><\/p>\n","protected":false},"excerpt":{"rendered":"<p>Russland f\u00fchrt gemeinsam mit den Streitkr\u00e4ften der Donbass-Republiken eine Milit\u00e4roperation in der Ukraine durch. Der Westen reagiert mit immer neuen Waffenlieferungen an die Ukraine und beispiellosen Sanktionen gegen Russland. Lesen Sie hier die neuesten Entwicklungen. 27.01.2023 18:18 Uhr 18:18 Uhr Ungarischer Ministerpr\u00e4sident: Westen befindet sich im Krieg mit Russland (Symbolbild)Sipa USA \/ Legion-media.ru Nach Ansicht [&hellip;]<\/p>\n","protected":false},"author":3,"featured_media":28807,"comment_status":"open","ping_status":"open","sticky":false,"template":"","format":"standard","meta":{"_yoast_indexnow_last_ping":["1674840776"],"wp_automatic_camp":["217"],"f994a39bf3c3a21831dd965c8ebcec5c":["Liveticker Ukraine-Krieg \u2013 Ungarischer Premier: Westen befindet sich im Krieg mit Russland"],"original_link":["https:\/\/de.rt.com\/international\/131481-liveticker-ukraine-krieg-ungarischer-premier\/"],"_thumbnail_id":["28807"],"_wptgpro_p2tg_sent2tg":["a:1:{i:23737;s:19:\"2023-01-27 19:33:57\";}"],"jnews_social_counter_last_update":["1777186198"]},"categories":[19,23],"tags":[20633,130,564,419,9770,126,434,566,19643,378],"yoast_head":"<!-- This site is optimized with the Yoast SEO Premium plugin v22.7 (Yoast SEO v22.7) - https:\/\/yoast.com\/wordpress\/plugins\/seo\/ -->\n<title>Liveticker Ukraine-Krieg \u2013 Ungarischer Premier: Westen befindet sich im Krieg mit Russland - just-now.NEWS Deutschland<\/title>\n<meta name=\"robots\" content=\"index, follow, max-snippet:-1, max-image-preview:large, max-video-preview:-1\" \/>\n<link rel=\"canonical\" href=\"https:\/\/now-news.de\/de\/deutschland\/liveticker-ukraine-krieg-ungarischer-premier-westen-befindet-sich-im-krieg-mit-russland\/\" \/>\n<meta property=\"og:locale\" content=\"de_DE\" \/>\n<meta property=\"og:type\" content=\"article\" \/>\n<meta property=\"og:title\" content=\"Liveticker Ukraine-Krieg \u2013 Ungarischer Premier: Westen befindet sich im Krieg mit Russland\" \/>\n<meta property=\"og:description\" content=\"Russland f\u00fchrt gemeinsam mit den Streitkr\u00e4ften der Donbass-Republiken eine Milit\u00e4roperation in der Ukraine durch. Der Westen reagiert mit immer neuen Waffenlieferungen an die Ukraine und beispiellosen Sanktionen gegen Russland. Lesen Sie hier die neuesten Entwicklungen. 27.01.2023 18:18 Uhr 18:18 Uhr Ungarischer Ministerpr\u00e4sident: Westen befindet sich im Krieg mit Russland (Symbolbild)Sipa USA \/ Legion-media.ru Nach Ansicht [&hellip;]\" \/>\n<meta property=\"og:url\" content=\"https:\/\/now-news.de\/de\/deutschland\/liveticker-ukraine-krieg-ungarischer-premier-westen-befindet-sich-im-krieg-mit-russland\/\" \/>\n<meta property=\"og:site_name\" content=\"just-now.NEWS Deutschland\" \/>\n<meta property=\"article:publisher\" content=\"https:\/\/www.facebook.com\/wirmachenauf\" \/>\n<meta property=\"article:published_time\" content=\"2023-01-27T16:00:00+00:00\" \/>\n<meta property=\"og:image\" content=\"https:\/\/now-news.de\/de\/wp-content\/uploads\/sites\/3\/2023\/01\/Liveticker-Ukraine-Krieg-\u2013-Ungarischer-Premier-Westen-befindet-sich-im-Krieg.jpg\" \/>\n\t<meta property=\"og:image:width\" content=\"460\" \/>\n\t<meta property=\"og:image:height\" content=\"259\" \/>\n\t<meta property=\"og:image:type\" content=\"image\/jpeg\" \/>\n<meta name=\"author\" content=\"rtnews\" \/>\n<meta name=\"twitter:card\" content=\"summary_large_image\" \/>\n<meta name=\"twitter:creator\" content=\"@WirMachenAuf_de\" \/>\n<meta name=\"twitter:site\" content=\"@WirMachenAuf_de\" \/>\n<meta name=\"twitter:label1\" content=\"Verfasst von\" \/>\n\t<meta name=\"twitter:data1\" content=\"rtnews\" \/>\n\t<meta name=\"twitter:label2\" content=\"Gesch\u00e4tzte Lesezeit\" \/>\n\t<meta name=\"twitter:data2\" content=\"8\u00a0Minuten\" \/>\n<script type=\"application\/ld+json\" class=\"yoast-schema-graph\">{\"@context\":\"https:\/\/schema.org\",\"@graph\":[{\"@type\":\"Article\",\"@id\":\"https:\/\/now-news.de\/de\/deutschland\/liveticker-ukraine-krieg-ungarischer-premier-westen-befindet-sich-im-krieg-mit-russland\/#article\",\"isPartOf\":{\"@id\":\"https:\/\/now-news.de\/de\/deutschland\/liveticker-ukraine-krieg-ungarischer-premier-westen-befindet-sich-im-krieg-mit-russland\/\"},\"author\":{\"name\":\"rtnews\",\"@id\":\"https:\/\/now-news.de\/de\/#\/schema\/person\/fb534a4e865501d8b3285208df34a9b5\"},\"headline\":\"Liveticker Ukraine-Krieg \u2013 Ungarischer Premier: Westen befindet sich im Krieg mit Russland\",\"datePublished\":\"2023-01-27T16:00:00+00:00\",\"dateModified\":\"2023-01-27T16:00:00+00:00\",\"mainEntityOfPage\":{\"@id\":\"https:\/\/now-news.de\/de\/deutschland\/liveticker-ukraine-krieg-ungarischer-premier-westen-befindet-sich-im-krieg-mit-russland\/\"},\"wordCount\":1621,\"commentCount\":0,\"publisher\":{\"@id\":\"https:\/\/now-news.de\/de\/#organization\"},\"image\":{\"@id\":\"https:\/\/now-news.de\/de\/deutschland\/liveticker-ukraine-krieg-ungarischer-premier-westen-befindet-sich-im-krieg-mit-russland\/#primaryimage\"},\"thumbnailUrl\":\"https:\/\/now-news.de\/de\/wp-content\/uploads\/sites\/3\/2023\/01\/Liveticker-Ukraine-Krieg-\u2013-Ungarischer-Premier-Westen-befindet-sich-im-Krieg.jpg\",\"keywords\":[\"Befindet\",\"krieg\",\"Liveticker\",\"mit\",\"Premier\",\"russland\",\"sich\",\"UkraineKrieg\",\"Ungarischer\",\"Westen\"],\"articleSection\":[\"Deutschland\",\"Russland\"],\"inLanguage\":\"de\",\"potentialAction\":[{\"@type\":\"CommentAction\",\"name\":\"Comment\",\"target\":[\"https:\/\/now-news.de\/de\/deutschland\/liveticker-ukraine-krieg-ungarischer-premier-westen-befindet-sich-im-krieg-mit-russland\/#respond\"]}]},{\"@type\":\"WebPage\",\"@id\":\"https:\/\/now-news.de\/de\/deutschland\/liveticker-ukraine-krieg-ungarischer-premier-westen-befindet-sich-im-krieg-mit-russland\/\",\"url\":\"https:\/\/now-news.de\/de\/deutschland\/liveticker-ukraine-krieg-ungarischer-premier-westen-befindet-sich-im-krieg-mit-russland\/\",\"name\":\"Liveticker Ukraine-Krieg \u2013 Ungarischer Premier: Westen befindet sich im Krieg mit Russland - just-now.NEWS Deutschland\",\"isPartOf\":{\"@id\":\"https:\/\/now-news.de\/de\/#website\"},\"primaryImageOfPage\":{\"@id\":\"https:\/\/now-news.de\/de\/deutschland\/liveticker-ukraine-krieg-ungarischer-premier-westen-befindet-sich-im-krieg-mit-russland\/#primaryimage\"},\"image\":{\"@id\":\"https:\/\/now-news.de\/de\/deutschland\/liveticker-ukraine-krieg-ungarischer-premier-westen-befindet-sich-im-krieg-mit-russland\/#primaryimage\"},\"thumbnailUrl\":\"https:\/\/now-news.de\/de\/wp-content\/uploads\/sites\/3\/2023\/01\/Liveticker-Ukraine-Krieg-\u2013-Ungarischer-Premier-Westen-befindet-sich-im-Krieg.jpg\",\"datePublished\":\"2023-01-27T16:00:00+00:00\",\"dateModified\":\"2023-01-27T16:00:00+00:00\",\"breadcrumb\":{\"@id\":\"https:\/\/now-news.de\/de\/deutschland\/liveticker-ukraine-krieg-ungarischer-premier-westen-befindet-sich-im-krieg-mit-russland\/#breadcrumb\"},\"inLanguage\":\"de\",\"potentialAction\":[{\"@type\":\"ReadAction\",\"target\":[\"https:\/\/now-news.de\/de\/deutschland\/liveticker-ukraine-krieg-ungarischer-premier-westen-befindet-sich-im-krieg-mit-russland\/\"]}]},{\"@type\":\"ImageObject\",\"inLanguage\":\"de\",\"@id\":\"https:\/\/now-news.de\/de\/deutschland\/liveticker-ukraine-krieg-ungarischer-premier-westen-befindet-sich-im-krieg-mit-russland\/#primaryimage\",\"url\":\"https:\/\/now-news.de\/de\/wp-content\/uploads\/sites\/3\/2023\/01\/Liveticker-Ukraine-Krieg-\u2013-Ungarischer-Premier-Westen-befindet-sich-im-Krieg.jpg\",\"contentUrl\":\"https:\/\/now-news.de\/de\/wp-content\/uploads\/sites\/3\/2023\/01\/Liveticker-Ukraine-Krieg-\u2013-Ungarischer-Premier-Westen-befindet-sich-im-Krieg.jpg\",\"width\":460,\"height\":259,\"caption\":\"Liveticker Ukraine-Krieg \u2013 Ungarischer Premier: Westen befindet sich im Krieg mit Russland\"},{\"@type\":\"BreadcrumbList\",\"@id\":\"https:\/\/now-news.de\/de\/deutschland\/liveticker-ukraine-krieg-ungarischer-premier-westen-befindet-sich-im-krieg-mit-russland\/#breadcrumb\",\"itemListElement\":[{\"@type\":\"ListItem\",\"position\":1,\"name\":\"Home\",\"item\":\"https:\/\/now-news.de\/de\/\"},{\"@type\":\"ListItem\",\"position\":2,\"name\":\"Liveticker Ukraine-Krieg \u2013 Ungarischer Premier: Westen befindet sich im Krieg mit Russland\"}]},{\"@type\":\"WebSite\",\"@id\":\"https:\/\/now-news.de\/de\/#website\",\"url\":\"https:\/\/now-news.de\/de\/\",\"name\":\"just-now.NEWS Deutschland\",\"description\":\"Das Portal f\u00fcr unzensierte Nachrichten aus der Welt\",\"publisher\":{\"@id\":\"https:\/\/now-news.de\/de\/#organization\"},\"potentialAction\":[{\"@type\":\"SearchAction\",\"target\":{\"@type\":\"EntryPoint\",\"urlTemplate\":\"https:\/\/now-news.de\/de\/?s={search_term_string}\"},\"query-input\":\"required name=search_term_string\"}],\"inLanguage\":\"de\"},{\"@type\":\"Organization\",\"@id\":\"https:\/\/now-news.de\/de\/#organization\",\"name\":\"Just Now News\",\"url\":\"https:\/\/now-news.de\/de\/\",\"logo\":{\"@type\":\"ImageObject\",\"inLanguage\":\"de\",\"@id\":\"https:\/\/now-news.de\/de\/#\/schema\/logo\/image\/\",\"url\":\"http:\/\/just-now.news\/de\/wp-content\/uploads\/sites\/3\/2022\/04\/logo500x500.jpg\",\"contentUrl\":\"http:\/\/just-now.news\/de\/wp-content\/uploads\/sites\/3\/2022\/04\/logo500x500.jpg\",\"width\":500,\"height\":500,\"caption\":\"Just Now News\"},\"image\":{\"@id\":\"https:\/\/now-news.de\/de\/#\/schema\/logo\/image\/\"},\"sameAs\":[\"https:\/\/www.facebook.com\/wirmachenauf\",\"https:\/\/x.com\/WirMachenAuf_de\"]},{\"@type\":\"Person\",\"@id\":\"https:\/\/now-news.de\/de\/#\/schema\/person\/fb534a4e865501d8b3285208df34a9b5\",\"name\":\"rtnews\",\"image\":{\"@type\":\"ImageObject\",\"inLanguage\":\"de\",\"@id\":\"https:\/\/now-news.de\/de\/#\/schema\/person\/image\/\",\"url\":\"https:\/\/secure.gravatar.com\/avatar\/82aafea7d8127119dd649515f56e2117?s=96&d=mm&r=g\",\"contentUrl\":\"https:\/\/secure.gravatar.com\/avatar\/82aafea7d8127119dd649515f56e2117?s=96&d=mm&r=g\",\"caption\":\"rtnews\"},\"url\":\"https:\/\/now-news.de\/de\/author\/rnews\/\"}]}<\/script>\n<!-- \/ Yoast SEO Premium plugin. -->","yoast_head_json":{"title":"Liveticker Ukraine-Krieg \u2013 Ungarischer Premier: Westen befindet sich im Krieg mit Russland - just-now.NEWS Deutschland","robots":{"index":"index","follow":"follow","max-snippet":"max-snippet:-1","max-image-preview":"max-image-preview:large","max-video-preview":"max-video-preview:-1"},"canonical":"https:\/\/now-news.de\/de\/deutschland\/liveticker-ukraine-krieg-ungarischer-premier-westen-befindet-sich-im-krieg-mit-russland\/","og_locale":"de_DE","og_type":"article","og_title":"Liveticker Ukraine-Krieg \u2013 Ungarischer Premier: Westen befindet sich im Krieg mit Russland","og_description":"Russland f\u00fchrt gemeinsam mit den Streitkr\u00e4ften der Donbass-Republiken eine Milit\u00e4roperation in der Ukraine durch. Der Westen reagiert mit immer neuen Waffenlieferungen an die Ukraine und beispiellosen Sanktionen gegen Russland. Lesen Sie hier die neuesten Entwicklungen. 27.01.2023 18:18 Uhr 18:18 Uhr Ungarischer Ministerpr\u00e4sident: Westen befindet sich im Krieg mit Russland (Symbolbild)Sipa USA \/ Legion-media.ru Nach Ansicht [&hellip;]","og_url":"https:\/\/now-news.de\/de\/deutschland\/liveticker-ukraine-krieg-ungarischer-premier-westen-befindet-sich-im-krieg-mit-russland\/","og_site_name":"just-now.NEWS Deutschland","article_publisher":"https:\/\/www.facebook.com\/wirmachenauf","article_published_time":"2023-01-27T16:00:00+00:00","og_image":[{"width":460,"height":259,"url":"https:\/\/now-news.de\/de\/wp-content\/uploads\/sites\/3\/2023\/01\/Liveticker-Ukraine-Krieg-\u2013-Ungarischer-Premier-Westen-befindet-sich-im-Krieg.jpg","type":"image\/jpeg"}],"author":"rtnews","twitter_card":"summary_large_image","twitter_creator":"@WirMachenAuf_de","twitter_site":"@WirMachenAuf_de","twitter_misc":{"Verfasst von":"rtnews","Gesch\u00e4tzte Lesezeit":"8\u00a0Minuten"},"schema":{"@context":"https:\/\/schema.org","@graph":[{"@type":"Article","@id":"https:\/\/now-news.de\/de\/deutschland\/liveticker-ukraine-krieg-ungarischer-premier-westen-befindet-sich-im-krieg-mit-russland\/#article","isPartOf":{"@id":"https:\/\/now-news.de\/de\/deutschland\/liveticker-ukraine-krieg-ungarischer-premier-westen-befindet-sich-im-krieg-mit-russland\/"},"author":{"name":"rtnews","@id":"https:\/\/now-news.de\/de\/#\/schema\/person\/fb534a4e865501d8b3285208df34a9b5"},"headline":"Liveticker Ukraine-Krieg \u2013 Ungarischer Premier: Westen befindet sich im Krieg mit Russland","datePublished":"2023-01-27T16:00:00+00:00","dateModified":"2023-01-27T16:00:00+00:00","mainEntityOfPage":{"@id":"https:\/\/now-news.de\/de\/deutschland\/liveticker-ukraine-krieg-ungarischer-premier-westen-befindet-sich-im-krieg-mit-russland\/"},"wordCount":1621,"commentCount":0,"publisher":{"@id":"https:\/\/now-news.de\/de\/#organization"},"image":{"@id":"https:\/\/now-news.de\/de\/deutschland\/liveticker-ukraine-krieg-ungarischer-premier-westen-befindet-sich-im-krieg-mit-russland\/#primaryimage"},"thumbnailUrl":"https:\/\/now-news.de\/de\/wp-content\/uploads\/sites\/3\/2023\/01\/Liveticker-Ukraine-Krieg-\u2013-Ungarischer-Premier-Westen-befindet-sich-im-Krieg.jpg","keywords":["Befindet","krieg","Liveticker","mit","Premier","russland","sich","UkraineKrieg","Ungarischer","Westen"],"articleSection":["Deutschland","Russland"],"inLanguage":"de","potentialAction":[{"@type":"CommentAction","name":"Comment","target":["https:\/\/now-news.de\/de\/deutschland\/liveticker-ukraine-krieg-ungarischer-premier-westen-befindet-sich-im-krieg-mit-russland\/#respond"]}]},{"@type":"WebPage","@id":"https:\/\/now-news.de\/de\/deutschland\/liveticker-ukraine-krieg-ungarischer-premier-westen-befindet-sich-im-krieg-mit-russland\/","url":"https:\/\/now-news.de\/de\/deutschland\/liveticker-ukraine-krieg-ungarischer-premier-westen-befindet-sich-im-krieg-mit-russland\/","name":"Liveticker Ukraine-Krieg \u2013 Ungarischer Premier: Westen befindet sich im Krieg mit Russland - just-now.NEWS Deutschland","isPartOf":{"@id":"https:\/\/now-news.de\/de\/#website"},"primaryImageOfPage":{"@id":"https:\/\/now-news.de\/de\/deutschland\/liveticker-ukraine-krieg-ungarischer-premier-westen-befindet-sich-im-krieg-mit-russland\/#primaryimage"},"image":{"@id":"https:\/\/now-news.de\/de\/deutschland\/liveticker-ukraine-krieg-ungarischer-premier-westen-befindet-sich-im-krieg-mit-russland\/#primaryimage"},"thumbnailUrl":"https:\/\/now-news.de\/de\/wp-content\/uploads\/sites\/3\/2023\/01\/Liveticker-Ukraine-Krieg-\u2013-Ungarischer-Premier-Westen-befindet-sich-im-Krieg.jpg","datePublished":"2023-01-27T16:00:00+00:00","dateModified":"2023-01-27T16:00:00+00:00","breadcrumb":{"@id":"https:\/\/now-news.de\/de\/deutschland\/liveticker-ukraine-krieg-ungarischer-premier-westen-befindet-sich-im-krieg-mit-russland\/#breadcrumb"},"inLanguage":"de","potentialAction":[{"@type":"ReadAction","target":["https:\/\/now-news.de\/de\/deutschland\/liveticker-ukraine-krieg-ungarischer-premier-westen-befindet-sich-im-krieg-mit-russland\/"]}]},{"@type":"ImageObject","inLanguage":"de","@id":"https:\/\/now-news.de\/de\/deutschland\/liveticker-ukraine-krieg-ungarischer-premier-westen-befindet-sich-im-krieg-mit-russland\/#primaryimage","url":"https:\/\/now-news.de\/de\/wp-content\/uploads\/sites\/3\/2023\/01\/Liveticker-Ukraine-Krieg-\u2013-Ungarischer-Premier-Westen-befindet-sich-im-Krieg.jpg","contentUrl":"https:\/\/now-news.de\/de\/wp-content\/uploads\/sites\/3\/2023\/01\/Liveticker-Ukraine-Krieg-\u2013-Ungarischer-Premier-Westen-befindet-sich-im-Krieg.jpg","width":460,"height":259,"caption":"Liveticker Ukraine-Krieg \u2013 Ungarischer Premier: Westen befindet sich im Krieg mit Russland"},{"@type":"BreadcrumbList","@id":"https:\/\/now-news.de\/de\/deutschland\/liveticker-ukraine-krieg-ungarischer-premier-westen-befindet-sich-im-krieg-mit-russland\/#breadcrumb","itemListElement":[{"@type":"ListItem","position":1,"name":"Home","item":"https:\/\/now-news.de\/de\/"},{"@type":"ListItem","position":2,"name":"Liveticker Ukraine-Krieg \u2013 Ungarischer Premier: Westen befindet sich im Krieg mit Russland"}]},{"@type":"WebSite","@id":"https:\/\/now-news.de\/de\/#website","url":"https:\/\/now-news.de\/de\/","name":"just-now.NEWS Deutschland","description":"Das Portal f\u00fcr unzensierte Nachrichten aus der Welt","publisher":{"@id":"https:\/\/now-news.de\/de\/#organization"},"potentialAction":[{"@type":"SearchAction","target":{"@type":"EntryPoint","urlTemplate":"https:\/\/now-news.de\/de\/?s={search_term_string}"},"query-input":"required name=search_term_string"}],"inLanguage":"de"},{"@type":"Organization","@id":"https:\/\/now-news.de\/de\/#organization","name":"Just Now News","url":"https:\/\/now-news.de\/de\/","logo":{"@type":"ImageObject","inLanguage":"de","@id":"https:\/\/now-news.de\/de\/#\/schema\/logo\/image\/","url":"http:\/\/just-now.news\/de\/wp-content\/uploads\/sites\/3\/2022\/04\/logo500x500.jpg","contentUrl":"http:\/\/just-now.news\/de\/wp-content\/uploads\/sites\/3\/2022\/04\/logo500x500.jpg","width":500,"height":500,"caption":"Just Now News"},"image":{"@id":"https:\/\/now-news.de\/de\/#\/schema\/logo\/image\/"},"sameAs":["https:\/\/www.facebook.com\/wirmachenauf","https:\/\/x.com\/WirMachenAuf_de"]},{"@type":"Person","@id":"https:\/\/now-news.de\/de\/#\/schema\/person\/fb534a4e865501d8b3285208df34a9b5","name":"rtnews","image":{"@type":"ImageObject","inLanguage":"de","@id":"https:\/\/now-news.de\/de\/#\/schema\/person\/image\/","url":"https:\/\/secure.gravatar.com\/avatar\/82aafea7d8127119dd649515f56e2117?s=96&d=mm&r=g","contentUrl":"https:\/\/secure.gravatar.com\/avatar\/82aafea7d8127119dd649515f56e2117?s=96&d=mm&r=g","caption":"rtnews"},"url":"https:\/\/now-news.de\/de\/author\/rnews\/"}]}},"_links":{"self":[{"href":"https:\/\/now-news.de\/de\/wp-json\/wp\/v2\/posts\/28806"}],"collection":[{"href":"https:\/\/now-news.de\/de\/wp-json\/wp\/v2\/posts"}],"about":[{"href":"https:\/\/now-news.de\/de\/wp-json\/wp\/v2\/types\/post"}],"author":[{"embeddable":true,"href":"https:\/\/now-news.de\/de\/wp-json\/wp\/v2\/users\/3"}],"replies":[{"embeddable":true,"href":"https:\/\/now-news.de\/de\/wp-json\/wp\/v2\/comments?post=28806"}],"version-history":[{"count":0,"href":"https:\/\/now-news.de\/de\/wp-json\/wp\/v2\/posts\/28806\/revisions"}],"wp:featuredmedia":[{"embeddable":true,"href":"https:\/\/now-news.de\/de\/wp-json\/wp\/v2\/media\/28807"}],"wp:attachment":[{"href":"https:\/\/now-news.de\/de\/wp-json\/wp\/v2\/media?parent=28806"}],"wp:term":[{"taxonomy":"category","embeddable":true,"href":"https:\/\/now-news.de\/de\/wp-json\/wp\/v2\/categories?post=28806"},{"taxonomy":"post_tag","embeddable":true,"href":"https:\/\/now-news.de\/de\/wp-json\/wp\/v2\/tags?post=28806"}],"curies":[{"name":"wp","href":"https:\/\/api.w.org\/{rel}","templated":true}]}}