{"id":28796,"date":"2023-01-27T17:42:35","date_gmt":"2023-01-27T15:42:35","guid":{"rendered":"https:\/\/just-now.news\/de\/deutschland\/lula-da-silva-ist-der-erste-brics-staatschef-der-russlands-ukrainefeldzug-oeffentlich-verurteilt\/"},"modified":"2023-01-27T17:42:35","modified_gmt":"2023-01-27T15:42:35","slug":"lula-da-silva-ist-der-erste-brics-staatschef-der-russlands-ukrainefeldzug-oeffentlich-verurteilt","status":"publish","type":"post","link":"https:\/\/now-news.de\/de\/deutschland\/lula-da-silva-ist-der-erste-brics-staatschef-der-russlands-ukrainefeldzug-oeffentlich-verurteilt\/","title":{"rendered":"Lula da Silva ist der erste BRICS-Staatschef, der Russlands Ukrainefeldzug \u00f6ffentlich verurteilt"},"content":{"rendered":"<p><img decoding=\"async\" src=\"http:\/\/just-now.news\/de\/wp-content\/uploads\/sites\/3\/2023\/01\/63d2ba27b480cc56b630fd22.jpg\" \/><\/p>\n<div class=\"Text-root Text-type_1 \">\n                In einer Bemerkung, die er am vergangenen Montag in Buenos Aires machte, verurteilte der Staatschef Brasiliens, eines der Gr\u00fcnderl\u00e4nder der BRICS, auf schockierende Weise Russlands Vorgehen in der Ukraine. Damit deutete Lula da Silva an, dass Russlands milit\u00e4rische Operation moralisch auf derselben Stufe steht wie die hybride Aggression der USA gegen Venezuela.\n            <\/div>\n<p><\/p>\n<div class=\"Text-root Text-type_5 ArticleView-text ViewText-root \">\n<p><em>Eine Analyse von Andrew Korybko<\/em><\/p>\n<p><strong><\/strong>Der neu wiedergew\u00e4hlte dreimalige brasilianische Staatspr\u00e4sident Luiz In\u00e1cio Lula da Silva, der im Volksmund Lula genannt wird, hat eben erst die au\u00dfenpolitischen Erwartungen seiner W\u00e4hlerbasis zunichtegemacht, indem er als erster BRICS-Staatschef die Sonderoperation Russlands in der Ukraine \u00f6ffentlich verurteilte. Im Gegensatz zu seinem Vorg\u00e4nger Jair Bolsonaro, der dies nicht tat und f\u00fcr seinen Pragmatismus viel <a rel=\"nofollow noopener\" target=\"_blank\" href=\"https:\/\/www.reuters.com\/world\/bolsonaro-wont-condemn-putin-says-brazil-will-remain-neutral-over-invasion-2022-02-27\/\">Kritik<\/a> in den westlichen Mainstream-Medien erntete, \u00fcberschritt Lula diese Grenze und verglich Russlands Engagement in der Ukraine sogar mit dem Vorgehen der USA gegen Venezuela.<\/p>\n<p>In einer Bemerkung, die er am vergangenen Montag in Buenos Aires machte, verurteilte der Staatschef Brasiliens, eines der Gr\u00fcnderl\u00e4nder der BRICS, auf schockierende Weise Russlands Vorgehen in der Ukraine: &#8220;Genauso wie ich gegen eine territoriale Besetzung bin, wie Russland dies gerade in der Ukraine getan hat, so bin ich gegen eine zu starke Einmischung in den venezolanischen Prozess.&#8221;\u00a0<\/p>\n<p>Damit deutete Lula an, dass Russlands milit\u00e4rische Operation, um die Integrit\u00e4t seiner roten Linien der nationalen Sicherheit in der Ukraine wiederherzustellen \u2013 nachdem die NATO sie dort \u00fcberschritten hat \u2013, moralisch auf derselben Stufe steht wie die hybride Aggression der USA gegen Venezuela. Lula hat nat\u00fcrlich das Recht auf seine Meinung \u2013 auch als brasilianisches Staatsoberhaupt \u2013 und dahingehend, \u00f6ffentlich seine Ansichten zu \u00e4u\u00dfern. Allerdings haben au\u00dfenstehende Beobachter auch das Recht, seinen unerwartet scharfen Angriff gegen Moskau zu kritisieren, zumal er damit die Erwartungen seiner multipolar ausgerichteten Basis im In- und Ausland verr\u00e4t.<\/p>\n<p>Brasilien sollte versuchen, ein pragmatisches Gleichgewicht zwischen den beiden Bl\u00f6cken des Neuen Kalten Krieges zu finden, indem es dem Weg folgt, den das BRICS-Mitglied Indien im vergangenen Jahr beschritten hat, anstatt sich mit einer Bemerkung in die Debatte einzumischen, auf die Art, wie es Lula getan hat, und was offensichtlich seinen russischen Amtskollegen irritiert haben wird. Es besteht kaum ein Zweifel, dass Lula innenpolitisch mit der liberal-globalistischen Ideologie der regierenden Demokraten in den USA verb\u00fcndet ist, w\u00e4hrend er \u00f6ffentlich behauptet, Russlands und Chinas Vision einer multipolaren Zukunft zu teilen.<\/p>\n<p><strong><\/strong>Er h\u00e4tte eine viel ausgewogenere Herangehensweise an diesen Konflikt zum Ausdruck bringen k\u00f6nnen, wenn er gewollt h\u00e4tte, genau wie seine Amtskollegen in den anderen BRICS-Staaten China, Indien und S\u00fcdafrika es im vergangenen Jahr getan haben. Stattdessen entschied sich derselbe Mann, der f\u00fcr seinen meisterhaften Umgang mit Worten ber\u00fchmt ist, daf\u00fcr, Russlands Spezialoperation in der Ukraine mit der hybriden Aggression der USA gegen Venezuela zu vergleichen, was die Frage aufwirft, ob dies ein seltener Fehltritt dieses begnadeten Rhetorikers war oder eine absichtliche unfreundliche Ansage.<\/p>\n<p><strong><\/strong>Was auch immer seine wahren Absichten gewesen sein m\u00f6gen, es l\u00e4sst sich nicht leugnen, dass seine Bemerkung gemischte Signale aussendet, zumal er am selben Tag das Interesse Brasiliens an der Schaffung einer gemeinsamen W\u00e4hrung innerhalb der BRICS bekundete. Lula wird jedoch Anfang Februar in die USA reisen, um sich mit dem &#8220;Freundfeind&#8221; seines Landes zu treffen, mit dem es\u00a0in einer komplexen wirtschaftlichen und milit\u00e4rischen Beziehung steht und der\u00a0f\u00fcr seine Inhaftierung verantwortlich war.<\/p>\n<p><strong><\/strong>Es ist in der Tat m\u00f6glich, dass Brasilien pragmatisch zwischen dem US-gef\u00fchrten kollektiven Westen und dem gemeinsam von BRICS und der Shanghaier Organisation f\u00fcr Zusammenarbeit\u00a0(SOZ) gef\u00fchrten Globalen S\u00fcden balancieren kann, so wie es Indien erfolgreich handhabt. Aber damit dies geschehen kann, sollte sich Lula an der Rhetorik des indischen Ministerpr\u00e4sidenten Narendra Modi orientieren, der es ablehnte, Russlands Spezialoperation in der Ukraine \u00f6ffentlich zu verurteilen, geschweige denn, diese mit dem nackten US-Imperialismus gleichzusetzen.<\/p>\n<p><strong><\/strong>Hoffentlich war das nur ein Ausrutscher von Lula und kein Signal f\u00fcr seine zuk\u00fcnftige Au\u00dfenpolitik.<\/p>\n<p><em>Aus dem <a rel=\"nofollow noopener\" target=\"_blank\" href=\"https:\/\/korybko.substack.com\/p\/lula-just-became-the-first-brics\">Englischen<\/a><\/em><\/p>\n<p><em>Andrew Korybko\u00a0ist ein in Moskau ans\u00e4ssiger amerikanischer Politologe.\u00a0Er\u00a0spezialisiert sich auf die US-Strategie in Afrika und Eurasien, Chinas &#8220;Neue Seidenstra\u00dfen&#8221;-Initiative, Russlands geopolitischen Balanceakt sowie hybride Kriegsf\u00fchrung.<\/em><\/p>\n<p><strong>Mehr zum Thema<\/strong> &#8211;\u00a0<a rel=\"nofollow noopener\" target=\"_blank\" href=\"https:\/\/freeassange.rtde.me\/amerika\/159573-brasilien-politik-chaos\/\">Brasilien: Die Politik des Chaos<\/a><\/p>\n<\/p>\n<\/div>\n<p><br \/>\n<br \/><a href=\"https:\/\/de.rt.com\/international\/161095-lula-da-silva-ist-erste\/\">Source link <\/a><\/p>\n","protected":false},"excerpt":{"rendered":"<p>In einer Bemerkung, die er am vergangenen Montag in Buenos Aires machte, verurteilte der Staatschef Brasiliens, eines der Gr\u00fcnderl\u00e4nder der BRICS, auf schockierende Weise Russlands Vorgehen in der Ukraine. Damit deutete Lula da Silva an, dass Russlands milit\u00e4rische Operation moralisch auf derselben Stufe steht wie die hybride Aggression der USA gegen Venezuela. Eine Analyse von [&hellip;]<\/p>\n","protected":false},"author":3,"featured_media":28797,"comment_status":"open","ping_status":"open","sticky":false,"template":"","format":"standard","meta":{"_yoast_indexnow_last_ping":["1674834958"],"wp_automatic_camp":["217"],"207b5b64d1fd71d8ecc4a1715b4bd85f":["Lula da Silva ist der erste BRICS-Staatschef, der Russlands Ukrainefeldzug \u00f6ffentlich verurteilt"],"original_link":["https:\/\/de.rt.com\/international\/161095-lula-da-silva-ist-erste\/"],"_thumbnail_id":["28797"],"_wptgpro_p2tg_sent2tg":["a:1:{i:23737;s:19:\"2023-01-27 17:57:07\";}"],"jnews_social_counter_last_update":["1777791242"]},"categories":[19,23],"tags":[39750,82,274,414,4648,27789,142,4649,39751,2006],"yoast_head":"<!-- This site is optimized with the Yoast SEO Premium plugin v22.7 (Yoast SEO v22.7) - https:\/\/yoast.com\/wordpress\/plugins\/seo\/ -->\n<title>Lula da Silva ist der erste BRICS-Staatschef, der Russlands Ukrainefeldzug \u00f6ffentlich verurteilt - just-now.NEWS Deutschland<\/title>\n<meta name=\"robots\" content=\"index, follow, max-snippet:-1, max-image-preview:large, max-video-preview:-1\" \/>\n<link rel=\"canonical\" href=\"https:\/\/now-news.de\/de\/deutschland\/lula-da-silva-ist-der-erste-brics-staatschef-der-russlands-ukrainefeldzug-oeffentlich-verurteilt\/\" \/>\n<meta property=\"og:locale\" content=\"de_DE\" \/>\n<meta property=\"og:type\" content=\"article\" \/>\n<meta property=\"og:title\" content=\"Lula da Silva ist der erste BRICS-Staatschef, der Russlands Ukrainefeldzug \u00f6ffentlich verurteilt\" \/>\n<meta property=\"og:description\" content=\"In einer Bemerkung, die er am vergangenen Montag in Buenos Aires machte, verurteilte der Staatschef Brasiliens, eines der Gr\u00fcnderl\u00e4nder der BRICS, auf schockierende Weise Russlands Vorgehen in der Ukraine. Damit deutete Lula da Silva an, dass Russlands milit\u00e4rische Operation moralisch auf derselben Stufe steht wie die hybride Aggression der USA gegen Venezuela. Eine Analyse von [&hellip;]\" \/>\n<meta property=\"og:url\" content=\"https:\/\/now-news.de\/de\/deutschland\/lula-da-silva-ist-der-erste-brics-staatschef-der-russlands-ukrainefeldzug-oeffentlich-verurteilt\/\" \/>\n<meta property=\"og:site_name\" content=\"just-now.NEWS Deutschland\" \/>\n<meta property=\"article:publisher\" content=\"https:\/\/www.facebook.com\/wirmachenauf\" \/>\n<meta property=\"article:published_time\" content=\"2023-01-27T15:42:35+00:00\" \/>\n<meta property=\"og:image\" content=\"https:\/\/now-news.de\/de\/wp-content\/uploads\/sites\/3\/2023\/01\/Lula-da-Silva-ist-der-erste-BRICS-Staatschef-der-Russlands-Ukrainefeldzug.jpg\" \/>\n\t<meta property=\"og:image:width\" content=\"460\" \/>\n\t<meta property=\"og:image:height\" content=\"259\" \/>\n\t<meta property=\"og:image:type\" content=\"image\/jpeg\" \/>\n<meta name=\"author\" content=\"rtnews\" \/>\n<meta name=\"twitter:card\" content=\"summary_large_image\" \/>\n<meta name=\"twitter:creator\" content=\"@WirMachenAuf_de\" \/>\n<meta name=\"twitter:site\" content=\"@WirMachenAuf_de\" \/>\n<meta name=\"twitter:label1\" content=\"Verfasst von\" \/>\n\t<meta name=\"twitter:data1\" content=\"rtnews\" \/>\n\t<meta name=\"twitter:label2\" content=\"Gesch\u00e4tzte Lesezeit\" \/>\n\t<meta name=\"twitter:data2\" content=\"4\u00a0Minuten\" \/>\n<script type=\"application\/ld+json\" class=\"yoast-schema-graph\">{\"@context\":\"https:\/\/schema.org\",\"@graph\":[{\"@type\":\"Article\",\"@id\":\"https:\/\/now-news.de\/de\/deutschland\/lula-da-silva-ist-der-erste-brics-staatschef-der-russlands-ukrainefeldzug-oeffentlich-verurteilt\/#article\",\"isPartOf\":{\"@id\":\"https:\/\/now-news.de\/de\/deutschland\/lula-da-silva-ist-der-erste-brics-staatschef-der-russlands-ukrainefeldzug-oeffentlich-verurteilt\/\"},\"author\":{\"name\":\"rtnews\",\"@id\":\"https:\/\/now-news.de\/de\/#\/schema\/person\/fb534a4e865501d8b3285208df34a9b5\"},\"headline\":\"Lula da Silva ist der erste BRICS-Staatschef, der Russlands Ukrainefeldzug \u00f6ffentlich verurteilt\",\"datePublished\":\"2023-01-27T15:42:35+00:00\",\"dateModified\":\"2023-01-27T15:42:35+00:00\",\"mainEntityOfPage\":{\"@id\":\"https:\/\/now-news.de\/de\/deutschland\/lula-da-silva-ist-der-erste-brics-staatschef-der-russlands-ukrainefeldzug-oeffentlich-verurteilt\/\"},\"wordCount\":719,\"commentCount\":0,\"publisher\":{\"@id\":\"https:\/\/now-news.de\/de\/#organization\"},\"image\":{\"@id\":\"https:\/\/now-news.de\/de\/deutschland\/lula-da-silva-ist-der-erste-brics-staatschef-der-russlands-ukrainefeldzug-oeffentlich-verurteilt\/#primaryimage\"},\"thumbnailUrl\":\"https:\/\/now-news.de\/de\/wp-content\/uploads\/sites\/3\/2023\/01\/Lula-da-Silva-ist-der-erste-BRICS-Staatschef-der-Russlands-Ukrainefeldzug.jpg\",\"keywords\":[\"BRICSStaatschef\",\"der\",\"Erste\",\"ist\",\"Lula\",\"\u00f6ffentlich\",\"Russlands\",\"Silva\",\"Ukrainefeldzug\",\"verurteilt\"],\"articleSection\":[\"Deutschland\",\"Russland\"],\"inLanguage\":\"de\",\"potentialAction\":[{\"@type\":\"CommentAction\",\"name\":\"Comment\",\"target\":[\"https:\/\/now-news.de\/de\/deutschland\/lula-da-silva-ist-der-erste-brics-staatschef-der-russlands-ukrainefeldzug-oeffentlich-verurteilt\/#respond\"]}]},{\"@type\":\"WebPage\",\"@id\":\"https:\/\/now-news.de\/de\/deutschland\/lula-da-silva-ist-der-erste-brics-staatschef-der-russlands-ukrainefeldzug-oeffentlich-verurteilt\/\",\"url\":\"https:\/\/now-news.de\/de\/deutschland\/lula-da-silva-ist-der-erste-brics-staatschef-der-russlands-ukrainefeldzug-oeffentlich-verurteilt\/\",\"name\":\"Lula da Silva ist der erste BRICS-Staatschef, der Russlands Ukrainefeldzug \u00f6ffentlich verurteilt - just-now.NEWS Deutschland\",\"isPartOf\":{\"@id\":\"https:\/\/now-news.de\/de\/#website\"},\"primaryImageOfPage\":{\"@id\":\"https:\/\/now-news.de\/de\/deutschland\/lula-da-silva-ist-der-erste-brics-staatschef-der-russlands-ukrainefeldzug-oeffentlich-verurteilt\/#primaryimage\"},\"image\":{\"@id\":\"https:\/\/now-news.de\/de\/deutschland\/lula-da-silva-ist-der-erste-brics-staatschef-der-russlands-ukrainefeldzug-oeffentlich-verurteilt\/#primaryimage\"},\"thumbnailUrl\":\"https:\/\/now-news.de\/de\/wp-content\/uploads\/sites\/3\/2023\/01\/Lula-da-Silva-ist-der-erste-BRICS-Staatschef-der-Russlands-Ukrainefeldzug.jpg\",\"datePublished\":\"2023-01-27T15:42:35+00:00\",\"dateModified\":\"2023-01-27T15:42:35+00:00\",\"breadcrumb\":{\"@id\":\"https:\/\/now-news.de\/de\/deutschland\/lula-da-silva-ist-der-erste-brics-staatschef-der-russlands-ukrainefeldzug-oeffentlich-verurteilt\/#breadcrumb\"},\"inLanguage\":\"de\",\"potentialAction\":[{\"@type\":\"ReadAction\",\"target\":[\"https:\/\/now-news.de\/de\/deutschland\/lula-da-silva-ist-der-erste-brics-staatschef-der-russlands-ukrainefeldzug-oeffentlich-verurteilt\/\"]}]},{\"@type\":\"ImageObject\",\"inLanguage\":\"de\",\"@id\":\"https:\/\/now-news.de\/de\/deutschland\/lula-da-silva-ist-der-erste-brics-staatschef-der-russlands-ukrainefeldzug-oeffentlich-verurteilt\/#primaryimage\",\"url\":\"https:\/\/now-news.de\/de\/wp-content\/uploads\/sites\/3\/2023\/01\/Lula-da-Silva-ist-der-erste-BRICS-Staatschef-der-Russlands-Ukrainefeldzug.jpg\",\"contentUrl\":\"https:\/\/now-news.de\/de\/wp-content\/uploads\/sites\/3\/2023\/01\/Lula-da-Silva-ist-der-erste-BRICS-Staatschef-der-Russlands-Ukrainefeldzug.jpg\",\"width\":460,\"height\":259,\"caption\":\"Lula da Silva ist der erste BRICS-Staatschef, der Russlands Ukrainefeldzug \u00f6ffentlich verurteilt\"},{\"@type\":\"BreadcrumbList\",\"@id\":\"https:\/\/now-news.de\/de\/deutschland\/lula-da-silva-ist-der-erste-brics-staatschef-der-russlands-ukrainefeldzug-oeffentlich-verurteilt\/#breadcrumb\",\"itemListElement\":[{\"@type\":\"ListItem\",\"position\":1,\"name\":\"Home\",\"item\":\"https:\/\/now-news.de\/de\/\"},{\"@type\":\"ListItem\",\"position\":2,\"name\":\"Lula da Silva ist der erste BRICS-Staatschef, der Russlands Ukrainefeldzug \u00f6ffentlich verurteilt\"}]},{\"@type\":\"WebSite\",\"@id\":\"https:\/\/now-news.de\/de\/#website\",\"url\":\"https:\/\/now-news.de\/de\/\",\"name\":\"just-now.NEWS Deutschland\",\"description\":\"Das Portal f\u00fcr unzensierte Nachrichten aus der Welt\",\"publisher\":{\"@id\":\"https:\/\/now-news.de\/de\/#organization\"},\"potentialAction\":[{\"@type\":\"SearchAction\",\"target\":{\"@type\":\"EntryPoint\",\"urlTemplate\":\"https:\/\/now-news.de\/de\/?s={search_term_string}\"},\"query-input\":\"required name=search_term_string\"}],\"inLanguage\":\"de\"},{\"@type\":\"Organization\",\"@id\":\"https:\/\/now-news.de\/de\/#organization\",\"name\":\"Just Now News\",\"url\":\"https:\/\/now-news.de\/de\/\",\"logo\":{\"@type\":\"ImageObject\",\"inLanguage\":\"de\",\"@id\":\"https:\/\/now-news.de\/de\/#\/schema\/logo\/image\/\",\"url\":\"http:\/\/just-now.news\/de\/wp-content\/uploads\/sites\/3\/2022\/04\/logo500x500.jpg\",\"contentUrl\":\"http:\/\/just-now.news\/de\/wp-content\/uploads\/sites\/3\/2022\/04\/logo500x500.jpg\",\"width\":500,\"height\":500,\"caption\":\"Just Now News\"},\"image\":{\"@id\":\"https:\/\/now-news.de\/de\/#\/schema\/logo\/image\/\"},\"sameAs\":[\"https:\/\/www.facebook.com\/wirmachenauf\",\"https:\/\/x.com\/WirMachenAuf_de\"]},{\"@type\":\"Person\",\"@id\":\"https:\/\/now-news.de\/de\/#\/schema\/person\/fb534a4e865501d8b3285208df34a9b5\",\"name\":\"rtnews\",\"image\":{\"@type\":\"ImageObject\",\"inLanguage\":\"de\",\"@id\":\"https:\/\/now-news.de\/de\/#\/schema\/person\/image\/\",\"url\":\"https:\/\/secure.gravatar.com\/avatar\/82aafea7d8127119dd649515f56e2117?s=96&d=mm&r=g\",\"contentUrl\":\"https:\/\/secure.gravatar.com\/avatar\/82aafea7d8127119dd649515f56e2117?s=96&d=mm&r=g\",\"caption\":\"rtnews\"},\"url\":\"https:\/\/now-news.de\/de\/author\/rnews\/\"}]}<\/script>\n<!-- \/ Yoast SEO Premium plugin. -->","yoast_head_json":{"title":"Lula da Silva ist der erste BRICS-Staatschef, der Russlands Ukrainefeldzug \u00f6ffentlich verurteilt - just-now.NEWS Deutschland","robots":{"index":"index","follow":"follow","max-snippet":"max-snippet:-1","max-image-preview":"max-image-preview:large","max-video-preview":"max-video-preview:-1"},"canonical":"https:\/\/now-news.de\/de\/deutschland\/lula-da-silva-ist-der-erste-brics-staatschef-der-russlands-ukrainefeldzug-oeffentlich-verurteilt\/","og_locale":"de_DE","og_type":"article","og_title":"Lula da Silva ist der erste BRICS-Staatschef, der Russlands Ukrainefeldzug \u00f6ffentlich verurteilt","og_description":"In einer Bemerkung, die er am vergangenen Montag in Buenos Aires machte, verurteilte der Staatschef Brasiliens, eines der Gr\u00fcnderl\u00e4nder der BRICS, auf schockierende Weise Russlands Vorgehen in der Ukraine. Damit deutete Lula da Silva an, dass Russlands milit\u00e4rische Operation moralisch auf derselben Stufe steht wie die hybride Aggression der USA gegen Venezuela. Eine Analyse von [&hellip;]","og_url":"https:\/\/now-news.de\/de\/deutschland\/lula-da-silva-ist-der-erste-brics-staatschef-der-russlands-ukrainefeldzug-oeffentlich-verurteilt\/","og_site_name":"just-now.NEWS Deutschland","article_publisher":"https:\/\/www.facebook.com\/wirmachenauf","article_published_time":"2023-01-27T15:42:35+00:00","og_image":[{"width":460,"height":259,"url":"https:\/\/now-news.de\/de\/wp-content\/uploads\/sites\/3\/2023\/01\/Lula-da-Silva-ist-der-erste-BRICS-Staatschef-der-Russlands-Ukrainefeldzug.jpg","type":"image\/jpeg"}],"author":"rtnews","twitter_card":"summary_large_image","twitter_creator":"@WirMachenAuf_de","twitter_site":"@WirMachenAuf_de","twitter_misc":{"Verfasst von":"rtnews","Gesch\u00e4tzte Lesezeit":"4\u00a0Minuten"},"schema":{"@context":"https:\/\/schema.org","@graph":[{"@type":"Article","@id":"https:\/\/now-news.de\/de\/deutschland\/lula-da-silva-ist-der-erste-brics-staatschef-der-russlands-ukrainefeldzug-oeffentlich-verurteilt\/#article","isPartOf":{"@id":"https:\/\/now-news.de\/de\/deutschland\/lula-da-silva-ist-der-erste-brics-staatschef-der-russlands-ukrainefeldzug-oeffentlich-verurteilt\/"},"author":{"name":"rtnews","@id":"https:\/\/now-news.de\/de\/#\/schema\/person\/fb534a4e865501d8b3285208df34a9b5"},"headline":"Lula da Silva ist der erste BRICS-Staatschef, der Russlands Ukrainefeldzug \u00f6ffentlich verurteilt","datePublished":"2023-01-27T15:42:35+00:00","dateModified":"2023-01-27T15:42:35+00:00","mainEntityOfPage":{"@id":"https:\/\/now-news.de\/de\/deutschland\/lula-da-silva-ist-der-erste-brics-staatschef-der-russlands-ukrainefeldzug-oeffentlich-verurteilt\/"},"wordCount":719,"commentCount":0,"publisher":{"@id":"https:\/\/now-news.de\/de\/#organization"},"image":{"@id":"https:\/\/now-news.de\/de\/deutschland\/lula-da-silva-ist-der-erste-brics-staatschef-der-russlands-ukrainefeldzug-oeffentlich-verurteilt\/#primaryimage"},"thumbnailUrl":"https:\/\/now-news.de\/de\/wp-content\/uploads\/sites\/3\/2023\/01\/Lula-da-Silva-ist-der-erste-BRICS-Staatschef-der-Russlands-Ukrainefeldzug.jpg","keywords":["BRICSStaatschef","der","Erste","ist","Lula","\u00f6ffentlich","Russlands","Silva","Ukrainefeldzug","verurteilt"],"articleSection":["Deutschland","Russland"],"inLanguage":"de","potentialAction":[{"@type":"CommentAction","name":"Comment","target":["https:\/\/now-news.de\/de\/deutschland\/lula-da-silva-ist-der-erste-brics-staatschef-der-russlands-ukrainefeldzug-oeffentlich-verurteilt\/#respond"]}]},{"@type":"WebPage","@id":"https:\/\/now-news.de\/de\/deutschland\/lula-da-silva-ist-der-erste-brics-staatschef-der-russlands-ukrainefeldzug-oeffentlich-verurteilt\/","url":"https:\/\/now-news.de\/de\/deutschland\/lula-da-silva-ist-der-erste-brics-staatschef-der-russlands-ukrainefeldzug-oeffentlich-verurteilt\/","name":"Lula da Silva ist der erste BRICS-Staatschef, der Russlands Ukrainefeldzug \u00f6ffentlich verurteilt - just-now.NEWS Deutschland","isPartOf":{"@id":"https:\/\/now-news.de\/de\/#website"},"primaryImageOfPage":{"@id":"https:\/\/now-news.de\/de\/deutschland\/lula-da-silva-ist-der-erste-brics-staatschef-der-russlands-ukrainefeldzug-oeffentlich-verurteilt\/#primaryimage"},"image":{"@id":"https:\/\/now-news.de\/de\/deutschland\/lula-da-silva-ist-der-erste-brics-staatschef-der-russlands-ukrainefeldzug-oeffentlich-verurteilt\/#primaryimage"},"thumbnailUrl":"https:\/\/now-news.de\/de\/wp-content\/uploads\/sites\/3\/2023\/01\/Lula-da-Silva-ist-der-erste-BRICS-Staatschef-der-Russlands-Ukrainefeldzug.jpg","datePublished":"2023-01-27T15:42:35+00:00","dateModified":"2023-01-27T15:42:35+00:00","breadcrumb":{"@id":"https:\/\/now-news.de\/de\/deutschland\/lula-da-silva-ist-der-erste-brics-staatschef-der-russlands-ukrainefeldzug-oeffentlich-verurteilt\/#breadcrumb"},"inLanguage":"de","potentialAction":[{"@type":"ReadAction","target":["https:\/\/now-news.de\/de\/deutschland\/lula-da-silva-ist-der-erste-brics-staatschef-der-russlands-ukrainefeldzug-oeffentlich-verurteilt\/"]}]},{"@type":"ImageObject","inLanguage":"de","@id":"https:\/\/now-news.de\/de\/deutschland\/lula-da-silva-ist-der-erste-brics-staatschef-der-russlands-ukrainefeldzug-oeffentlich-verurteilt\/#primaryimage","url":"https:\/\/now-news.de\/de\/wp-content\/uploads\/sites\/3\/2023\/01\/Lula-da-Silva-ist-der-erste-BRICS-Staatschef-der-Russlands-Ukrainefeldzug.jpg","contentUrl":"https:\/\/now-news.de\/de\/wp-content\/uploads\/sites\/3\/2023\/01\/Lula-da-Silva-ist-der-erste-BRICS-Staatschef-der-Russlands-Ukrainefeldzug.jpg","width":460,"height":259,"caption":"Lula da Silva ist der erste BRICS-Staatschef, der Russlands Ukrainefeldzug \u00f6ffentlich verurteilt"},{"@type":"BreadcrumbList","@id":"https:\/\/now-news.de\/de\/deutschland\/lula-da-silva-ist-der-erste-brics-staatschef-der-russlands-ukrainefeldzug-oeffentlich-verurteilt\/#breadcrumb","itemListElement":[{"@type":"ListItem","position":1,"name":"Home","item":"https:\/\/now-news.de\/de\/"},{"@type":"ListItem","position":2,"name":"Lula da Silva ist der erste BRICS-Staatschef, der Russlands Ukrainefeldzug \u00f6ffentlich verurteilt"}]},{"@type":"WebSite","@id":"https:\/\/now-news.de\/de\/#website","url":"https:\/\/now-news.de\/de\/","name":"just-now.NEWS Deutschland","description":"Das Portal f\u00fcr unzensierte Nachrichten aus der Welt","publisher":{"@id":"https:\/\/now-news.de\/de\/#organization"},"potentialAction":[{"@type":"SearchAction","target":{"@type":"EntryPoint","urlTemplate":"https:\/\/now-news.de\/de\/?s={search_term_string}"},"query-input":"required name=search_term_string"}],"inLanguage":"de"},{"@type":"Organization","@id":"https:\/\/now-news.de\/de\/#organization","name":"Just Now News","url":"https:\/\/now-news.de\/de\/","logo":{"@type":"ImageObject","inLanguage":"de","@id":"https:\/\/now-news.de\/de\/#\/schema\/logo\/image\/","url":"http:\/\/just-now.news\/de\/wp-content\/uploads\/sites\/3\/2022\/04\/logo500x500.jpg","contentUrl":"http:\/\/just-now.news\/de\/wp-content\/uploads\/sites\/3\/2022\/04\/logo500x500.jpg","width":500,"height":500,"caption":"Just Now News"},"image":{"@id":"https:\/\/now-news.de\/de\/#\/schema\/logo\/image\/"},"sameAs":["https:\/\/www.facebook.com\/wirmachenauf","https:\/\/x.com\/WirMachenAuf_de"]},{"@type":"Person","@id":"https:\/\/now-news.de\/de\/#\/schema\/person\/fb534a4e865501d8b3285208df34a9b5","name":"rtnews","image":{"@type":"ImageObject","inLanguage":"de","@id":"https:\/\/now-news.de\/de\/#\/schema\/person\/image\/","url":"https:\/\/secure.gravatar.com\/avatar\/82aafea7d8127119dd649515f56e2117?s=96&d=mm&r=g","contentUrl":"https:\/\/secure.gravatar.com\/avatar\/82aafea7d8127119dd649515f56e2117?s=96&d=mm&r=g","caption":"rtnews"},"url":"https:\/\/now-news.de\/de\/author\/rnews\/"}]}},"_links":{"self":[{"href":"https:\/\/now-news.de\/de\/wp-json\/wp\/v2\/posts\/28796"}],"collection":[{"href":"https:\/\/now-news.de\/de\/wp-json\/wp\/v2\/posts"}],"about":[{"href":"https:\/\/now-news.de\/de\/wp-json\/wp\/v2\/types\/post"}],"author":[{"embeddable":true,"href":"https:\/\/now-news.de\/de\/wp-json\/wp\/v2\/users\/3"}],"replies":[{"embeddable":true,"href":"https:\/\/now-news.de\/de\/wp-json\/wp\/v2\/comments?post=28796"}],"version-history":[{"count":0,"href":"https:\/\/now-news.de\/de\/wp-json\/wp\/v2\/posts\/28796\/revisions"}],"wp:featuredmedia":[{"embeddable":true,"href":"https:\/\/now-news.de\/de\/wp-json\/wp\/v2\/media\/28797"}],"wp:attachment":[{"href":"https:\/\/now-news.de\/de\/wp-json\/wp\/v2\/media?parent=28796"}],"wp:term":[{"taxonomy":"category","embeddable":true,"href":"https:\/\/now-news.de\/de\/wp-json\/wp\/v2\/categories?post=28796"},{"taxonomy":"post_tag","embeddable":true,"href":"https:\/\/now-news.de\/de\/wp-json\/wp\/v2\/tags?post=28796"}],"curies":[{"name":"wp","href":"https:\/\/api.w.org\/{rel}","templated":true}]}}