{"id":28780,"date":"2023-01-27T16:09:22","date_gmt":"2023-01-27T14:09:22","guid":{"rendered":"https:\/\/just-now.news\/de\/deutschland\/orban-ungarn-laesst-sich-beim-ukraine-konflikt-von-eigenen-sicherheitsinteressen-leiten\/"},"modified":"2023-01-27T16:09:22","modified_gmt":"2023-01-27T14:09:22","slug":"orban-ungarn-laesst-sich-beim-ukraine-konflikt-von-eigenen-sicherheitsinteressen-leiten","status":"publish","type":"post","link":"https:\/\/now-news.de\/de\/deutschland\/orban-ungarn-laesst-sich-beim-ukraine-konflikt-von-eigenen-sicherheitsinteressen-leiten\/","title":{"rendered":"Orb\u00e1n: Ungarn l\u00e4sst sich beim Ukraine-Konflikt von eigenen Sicherheitsinteressen leiten"},"content":{"rendered":"<p><img decoding=\"async\" src=\"http:\/\/just-now.news\/de\/wp-content\/uploads\/sites\/3\/2023\/01\/63d3bc14b480cc40f2205e9c.jpg\" \/><\/p>\n<div class=\"Text-root Text-type_1 \">\n                Bei der Haltung zu dem Ukraine-Konflikt sei Ungarn vor allem daran gelegen, die eigenen Sicherheitsinteressen zu wahren, erkl\u00e4rte der Ministerpr\u00e4sident Viktor Orb\u00e1n in einem Interview. Daher befinde sich das Land mit niemandem im Krieg.\n            <\/div>\n<p><\/p>\n<div class=\"Text-root Text-type_5 ArticleView-text ViewText-root \">\n<p>Sowohl Br\u00fcssel als auch ungarische Oppositionspolitiker h\u00e4tten seit Anfang des vergangenen Jahres darauf bestanden, dass sich Ungarn aktiv in den Ukraine-Konflikt einmischen solle, <a rel=\"nofollow noopener\" target=\"_blank\" href=\"https:\/\/mediaklikk.hu\/miniszterelnoki-interjuk\/cikk\/2023\/01\/27\/orban-viktor-miniszterelnoki-interju-jo-reggelt-magyarorszag-januar-27\">sagte<\/a> der ungarische Regierungschef Viktor Orb\u00e1n in einem Interview mit dem Radiosender <em>Kossuth<\/em> am Freitag. Er habe jedoch seit Anbeginn betont, dass das &#8220;nicht unser Krieg ist&#8221;. Und weiter:<\/p>\n<blockquote>\n<p><em>&#8220;Die Sicherheit Ungarns steht f\u00fcr uns an erster Stelle, und deshalb befindet sich Ungarn mit niemandem im Krieg.&#8221;<\/em><\/p>\n<\/blockquote>\n<p>Linke Parteien h\u00e4tten damals hinsichtlich der Ukraine-Krise laut Orb\u00e1n erkl\u00e4rt, sie wollten tun, was die internationale Gemeinschaft sagen werde. H\u00e4tten sie bei den Parlamentswahlen im Fr\u00fchling 2022 eine Mehrheit gewonnen und w\u00e4ren damit an die Macht gekommen, dann w\u00e4re Ungarn jetzt in diesen Krieg verstrickt, wie es bei Deutschland der Fall sei, sagte der Premierminister. Zugleich stellte er fest, es sei allein im Hinblick auf menschliche Gef\u00fchle und moralische Prinzipien notwendig, alles M\u00f6gliche zu tun, um das Feuer einzustellen und Friedensgespr\u00e4che aufzunehmen. Ungarn ist auch einer der wenigen EU-Staaten, die sich bisher geweigert haben, Waffen in die Ukraine zu schicken oder deren Truppen auszubilden.<\/p>\n<p>Mitte Oktober 2022 hatte der ungarische Regierungschef erkl\u00e4rt, dass ein sofortiger Waffenstillstand in der Ukraine notwendig sei. Ein solcher sollte zwischen Russland und den USA und nicht zwischen Moskau und Kiew erzielt werden, da die russische Seite \u00fcber viele Ressourcen verf\u00fcge, w\u00e4hrend die Ukraine auf das beschr\u00e4nkt sei, was die USA liefern w\u00fcrden, hie\u00df es. Orb\u00e1n betonte damals, dass sich die Politik des US-Pr\u00e4sidenten Joe Biden zu weit davon entfernt habe, einen Frieden mit Russland erreichen zu k\u00f6nnen.<\/p>\n<p><strong>Mehr zum Thema<\/strong> &#8211; <a rel=\"nofollow noopener\" target=\"_blank\" href=\"https:\/\/de.rt.com\/europa\/159817-ungarn-beklagt-kulturschock-aufgrund-deutscher-russland-politik\/\">Ungarn beklagt &#8220;Kulturschock&#8221; aufgrund deutscher Russland-Politik<\/a><\/p>\n<div class=\"EmbedBlock-root EmbedBlock-externalVideo EmbedBlock-vk\">\n<div class=\"VkEmbed\"><iframe class=\"lazyload\" data-src=\"https:\/\/vk.com\/video_ext.php?oid=-134310637&amp;id=456262909&amp;hash=4d50aa4544e7263a\" frameborder=\"0\" width=\"853\" height=\"480\" allowfullscreen><\/iframe><\/div>\n<\/div>\n<\/div>\n<p><br \/>\n<br \/><a href=\"https:\/\/de.rt.com\/europa\/161161-orban-ungarn-laesst-sich-beim\/\">Source link <\/a><\/p>\n","protected":false},"excerpt":{"rendered":"<p>Bei der Haltung zu dem Ukraine-Konflikt sei Ungarn vor allem daran gelegen, die eigenen Sicherheitsinteressen zu wahren, erkl\u00e4rte der Ministerpr\u00e4sident Viktor Orb\u00e1n in einem Interview. Daher befinde sich das Land mit niemandem im Krieg. Sowohl Br\u00fcssel als auch ungarische Oppositionspolitiker h\u00e4tten seit Anfang des vergangenen Jahres darauf bestanden, dass sich Ungarn aktiv in den Ukraine-Konflikt [&hellip;]<\/p>\n","protected":false},"author":3,"featured_media":28781,"comment_status":"open","ping_status":"open","sticky":false,"template":"","format":"standard","meta":{"_yoast_indexnow_last_ping":["1674829196"],"wp_automatic_camp":["217"],"0b931d3de46e43f3b0f0baf1e0a4a7ad":["Orb\u00e1n: Ungarn l\u00e4sst sich beim Ukraine-Konflikt von eigenen Sicherheitsinteressen leiten"],"original_link":["https:\/\/de.rt.com\/europa\/161161-orban-ungarn-laesst-sich-beim\/"],"_thumbnail_id":["28781"],"_wptgpro_p2tg_sent2tg":["a:1:{i:23737;s:19:\"2023-01-27 16:21:00\";}"],"jnews_social_counter_last_update":["1777287828"]},"categories":[19,23],"tags":[1814,947,1545,21020,6397,434,34728,1173,11664,50],"yoast_head":"<!-- This site is optimized with the Yoast SEO Premium plugin v22.7 (Yoast SEO v22.7) - https:\/\/yoast.com\/wordpress\/plugins\/seo\/ -->\n<title>Orb\u00e1n: Ungarn l\u00e4sst sich beim Ukraine-Konflikt von eigenen Sicherheitsinteressen leiten - just-now.NEWS Deutschland<\/title>\n<meta name=\"robots\" content=\"index, follow, max-snippet:-1, max-image-preview:large, max-video-preview:-1\" \/>\n<link rel=\"canonical\" href=\"https:\/\/now-news.de\/de\/deutschland\/orban-ungarn-laesst-sich-beim-ukraine-konflikt-von-eigenen-sicherheitsinteressen-leiten\/\" \/>\n<meta property=\"og:locale\" content=\"de_DE\" \/>\n<meta property=\"og:type\" content=\"article\" \/>\n<meta property=\"og:title\" content=\"Orb\u00e1n: Ungarn l\u00e4sst sich beim Ukraine-Konflikt von eigenen Sicherheitsinteressen leiten\" \/>\n<meta property=\"og:description\" content=\"Bei der Haltung zu dem Ukraine-Konflikt sei Ungarn vor allem daran gelegen, die eigenen Sicherheitsinteressen zu wahren, erkl\u00e4rte der Ministerpr\u00e4sident Viktor Orb\u00e1n in einem Interview. Daher befinde sich das Land mit niemandem im Krieg. Sowohl Br\u00fcssel als auch ungarische Oppositionspolitiker h\u00e4tten seit Anfang des vergangenen Jahres darauf bestanden, dass sich Ungarn aktiv in den Ukraine-Konflikt [&hellip;]\" \/>\n<meta property=\"og:url\" content=\"https:\/\/now-news.de\/de\/deutschland\/orban-ungarn-laesst-sich-beim-ukraine-konflikt-von-eigenen-sicherheitsinteressen-leiten\/\" \/>\n<meta property=\"og:site_name\" content=\"just-now.NEWS Deutschland\" \/>\n<meta property=\"article:publisher\" content=\"https:\/\/www.facebook.com\/wirmachenauf\" \/>\n<meta property=\"article:published_time\" content=\"2023-01-27T14:09:22+00:00\" \/>\n<meta property=\"og:image\" content=\"https:\/\/now-news.de\/de\/wp-content\/uploads\/sites\/3\/2023\/01\/Orban-Ungarn-laesst-sich-beim-Ukraine-Konflikt-von-eigenen-Sicherheitsinteressen-leiten.jpg\" \/>\n\t<meta property=\"og:image:width\" content=\"460\" \/>\n\t<meta property=\"og:image:height\" content=\"259\" \/>\n\t<meta property=\"og:image:type\" content=\"image\/jpeg\" \/>\n<meta name=\"author\" content=\"rtnews\" \/>\n<meta name=\"twitter:card\" content=\"summary_large_image\" \/>\n<meta name=\"twitter:creator\" content=\"@WirMachenAuf_de\" \/>\n<meta name=\"twitter:site\" content=\"@WirMachenAuf_de\" \/>\n<meta name=\"twitter:label1\" content=\"Verfasst von\" \/>\n\t<meta name=\"twitter:data1\" content=\"rtnews\" \/>\n\t<meta name=\"twitter:label2\" content=\"Gesch\u00e4tzte Lesezeit\" \/>\n\t<meta name=\"twitter:data2\" content=\"2\u00a0Minuten\" \/>\n<script type=\"application\/ld+json\" class=\"yoast-schema-graph\">{\"@context\":\"https:\/\/schema.org\",\"@graph\":[{\"@type\":\"Article\",\"@id\":\"https:\/\/now-news.de\/de\/deutschland\/orban-ungarn-laesst-sich-beim-ukraine-konflikt-von-eigenen-sicherheitsinteressen-leiten\/#article\",\"isPartOf\":{\"@id\":\"https:\/\/now-news.de\/de\/deutschland\/orban-ungarn-laesst-sich-beim-ukraine-konflikt-von-eigenen-sicherheitsinteressen-leiten\/\"},\"author\":{\"name\":\"rtnews\",\"@id\":\"https:\/\/now-news.de\/de\/#\/schema\/person\/fb534a4e865501d8b3285208df34a9b5\"},\"headline\":\"Orb\u00e1n: Ungarn l\u00e4sst sich beim Ukraine-Konflikt von eigenen Sicherheitsinteressen leiten\",\"datePublished\":\"2023-01-27T14:09:22+00:00\",\"dateModified\":\"2023-01-27T14:09:22+00:00\",\"mainEntityOfPage\":{\"@id\":\"https:\/\/now-news.de\/de\/deutschland\/orban-ungarn-laesst-sich-beim-ukraine-konflikt-von-eigenen-sicherheitsinteressen-leiten\/\"},\"wordCount\":334,\"commentCount\":0,\"publisher\":{\"@id\":\"https:\/\/now-news.de\/de\/#organization\"},\"image\":{\"@id\":\"https:\/\/now-news.de\/de\/deutschland\/orban-ungarn-laesst-sich-beim-ukraine-konflikt-von-eigenen-sicherheitsinteressen-leiten\/#primaryimage\"},\"thumbnailUrl\":\"https:\/\/now-news.de\/de\/wp-content\/uploads\/sites\/3\/2023\/01\/Orban-Ungarn-laesst-sich-beim-Ukraine-Konflikt-von-eigenen-Sicherheitsinteressen-leiten.jpg\",\"keywords\":[\"beim\",\"eigenen\",\"l\u00e4sst\",\"leiten\",\"Orb\u00e1n\",\"sich\",\"Sicherheitsinteressen\",\"UkraineKonflikt\",\"Ungarn\",\"von\"],\"articleSection\":[\"Deutschland\",\"Russland\"],\"inLanguage\":\"de\",\"potentialAction\":[{\"@type\":\"CommentAction\",\"name\":\"Comment\",\"target\":[\"https:\/\/now-news.de\/de\/deutschland\/orban-ungarn-laesst-sich-beim-ukraine-konflikt-von-eigenen-sicherheitsinteressen-leiten\/#respond\"]}]},{\"@type\":\"WebPage\",\"@id\":\"https:\/\/now-news.de\/de\/deutschland\/orban-ungarn-laesst-sich-beim-ukraine-konflikt-von-eigenen-sicherheitsinteressen-leiten\/\",\"url\":\"https:\/\/now-news.de\/de\/deutschland\/orban-ungarn-laesst-sich-beim-ukraine-konflikt-von-eigenen-sicherheitsinteressen-leiten\/\",\"name\":\"Orb\u00e1n: Ungarn l\u00e4sst sich beim Ukraine-Konflikt von eigenen Sicherheitsinteressen leiten - just-now.NEWS Deutschland\",\"isPartOf\":{\"@id\":\"https:\/\/now-news.de\/de\/#website\"},\"primaryImageOfPage\":{\"@id\":\"https:\/\/now-news.de\/de\/deutschland\/orban-ungarn-laesst-sich-beim-ukraine-konflikt-von-eigenen-sicherheitsinteressen-leiten\/#primaryimage\"},\"image\":{\"@id\":\"https:\/\/now-news.de\/de\/deutschland\/orban-ungarn-laesst-sich-beim-ukraine-konflikt-von-eigenen-sicherheitsinteressen-leiten\/#primaryimage\"},\"thumbnailUrl\":\"https:\/\/now-news.de\/de\/wp-content\/uploads\/sites\/3\/2023\/01\/Orban-Ungarn-laesst-sich-beim-Ukraine-Konflikt-von-eigenen-Sicherheitsinteressen-leiten.jpg\",\"datePublished\":\"2023-01-27T14:09:22+00:00\",\"dateModified\":\"2023-01-27T14:09:22+00:00\",\"breadcrumb\":{\"@id\":\"https:\/\/now-news.de\/de\/deutschland\/orban-ungarn-laesst-sich-beim-ukraine-konflikt-von-eigenen-sicherheitsinteressen-leiten\/#breadcrumb\"},\"inLanguage\":\"de\",\"potentialAction\":[{\"@type\":\"ReadAction\",\"target\":[\"https:\/\/now-news.de\/de\/deutschland\/orban-ungarn-laesst-sich-beim-ukraine-konflikt-von-eigenen-sicherheitsinteressen-leiten\/\"]}]},{\"@type\":\"ImageObject\",\"inLanguage\":\"de\",\"@id\":\"https:\/\/now-news.de\/de\/deutschland\/orban-ungarn-laesst-sich-beim-ukraine-konflikt-von-eigenen-sicherheitsinteressen-leiten\/#primaryimage\",\"url\":\"https:\/\/now-news.de\/de\/wp-content\/uploads\/sites\/3\/2023\/01\/Orban-Ungarn-laesst-sich-beim-Ukraine-Konflikt-von-eigenen-Sicherheitsinteressen-leiten.jpg\",\"contentUrl\":\"https:\/\/now-news.de\/de\/wp-content\/uploads\/sites\/3\/2023\/01\/Orban-Ungarn-laesst-sich-beim-Ukraine-Konflikt-von-eigenen-Sicherheitsinteressen-leiten.jpg\",\"width\":460,\"height\":259,\"caption\":\"Orb\u00e1n: Ungarn l\u00e4sst sich beim Ukraine-Konflikt von eigenen Sicherheitsinteressen leiten\"},{\"@type\":\"BreadcrumbList\",\"@id\":\"https:\/\/now-news.de\/de\/deutschland\/orban-ungarn-laesst-sich-beim-ukraine-konflikt-von-eigenen-sicherheitsinteressen-leiten\/#breadcrumb\",\"itemListElement\":[{\"@type\":\"ListItem\",\"position\":1,\"name\":\"Home\",\"item\":\"https:\/\/now-news.de\/de\/\"},{\"@type\":\"ListItem\",\"position\":2,\"name\":\"Orb\u00e1n: Ungarn l\u00e4sst sich beim Ukraine-Konflikt von eigenen Sicherheitsinteressen leiten\"}]},{\"@type\":\"WebSite\",\"@id\":\"https:\/\/now-news.de\/de\/#website\",\"url\":\"https:\/\/now-news.de\/de\/\",\"name\":\"just-now.NEWS Deutschland\",\"description\":\"Das Portal f\u00fcr unzensierte Nachrichten aus der Welt\",\"publisher\":{\"@id\":\"https:\/\/now-news.de\/de\/#organization\"},\"potentialAction\":[{\"@type\":\"SearchAction\",\"target\":{\"@type\":\"EntryPoint\",\"urlTemplate\":\"https:\/\/now-news.de\/de\/?s={search_term_string}\"},\"query-input\":\"required name=search_term_string\"}],\"inLanguage\":\"de\"},{\"@type\":\"Organization\",\"@id\":\"https:\/\/now-news.de\/de\/#organization\",\"name\":\"Just Now News\",\"url\":\"https:\/\/now-news.de\/de\/\",\"logo\":{\"@type\":\"ImageObject\",\"inLanguage\":\"de\",\"@id\":\"https:\/\/now-news.de\/de\/#\/schema\/logo\/image\/\",\"url\":\"http:\/\/just-now.news\/de\/wp-content\/uploads\/sites\/3\/2022\/04\/logo500x500.jpg\",\"contentUrl\":\"http:\/\/just-now.news\/de\/wp-content\/uploads\/sites\/3\/2022\/04\/logo500x500.jpg\",\"width\":500,\"height\":500,\"caption\":\"Just Now News\"},\"image\":{\"@id\":\"https:\/\/now-news.de\/de\/#\/schema\/logo\/image\/\"},\"sameAs\":[\"https:\/\/www.facebook.com\/wirmachenauf\",\"https:\/\/x.com\/WirMachenAuf_de\"]},{\"@type\":\"Person\",\"@id\":\"https:\/\/now-news.de\/de\/#\/schema\/person\/fb534a4e865501d8b3285208df34a9b5\",\"name\":\"rtnews\",\"image\":{\"@type\":\"ImageObject\",\"inLanguage\":\"de\",\"@id\":\"https:\/\/now-news.de\/de\/#\/schema\/person\/image\/\",\"url\":\"https:\/\/secure.gravatar.com\/avatar\/82aafea7d8127119dd649515f56e2117?s=96&d=mm&r=g\",\"contentUrl\":\"https:\/\/secure.gravatar.com\/avatar\/82aafea7d8127119dd649515f56e2117?s=96&d=mm&r=g\",\"caption\":\"rtnews\"},\"url\":\"https:\/\/now-news.de\/de\/author\/rnews\/\"}]}<\/script>\n<!-- \/ Yoast SEO Premium plugin. -->","yoast_head_json":{"title":"Orb\u00e1n: Ungarn l\u00e4sst sich beim Ukraine-Konflikt von eigenen Sicherheitsinteressen leiten - just-now.NEWS Deutschland","robots":{"index":"index","follow":"follow","max-snippet":"max-snippet:-1","max-image-preview":"max-image-preview:large","max-video-preview":"max-video-preview:-1"},"canonical":"https:\/\/now-news.de\/de\/deutschland\/orban-ungarn-laesst-sich-beim-ukraine-konflikt-von-eigenen-sicherheitsinteressen-leiten\/","og_locale":"de_DE","og_type":"article","og_title":"Orb\u00e1n: Ungarn l\u00e4sst sich beim Ukraine-Konflikt von eigenen Sicherheitsinteressen leiten","og_description":"Bei der Haltung zu dem Ukraine-Konflikt sei Ungarn vor allem daran gelegen, die eigenen Sicherheitsinteressen zu wahren, erkl\u00e4rte der Ministerpr\u00e4sident Viktor Orb\u00e1n in einem Interview. Daher befinde sich das Land mit niemandem im Krieg. Sowohl Br\u00fcssel als auch ungarische Oppositionspolitiker h\u00e4tten seit Anfang des vergangenen Jahres darauf bestanden, dass sich Ungarn aktiv in den Ukraine-Konflikt [&hellip;]","og_url":"https:\/\/now-news.de\/de\/deutschland\/orban-ungarn-laesst-sich-beim-ukraine-konflikt-von-eigenen-sicherheitsinteressen-leiten\/","og_site_name":"just-now.NEWS Deutschland","article_publisher":"https:\/\/www.facebook.com\/wirmachenauf","article_published_time":"2023-01-27T14:09:22+00:00","og_image":[{"width":460,"height":259,"url":"https:\/\/now-news.de\/de\/wp-content\/uploads\/sites\/3\/2023\/01\/Orban-Ungarn-laesst-sich-beim-Ukraine-Konflikt-von-eigenen-Sicherheitsinteressen-leiten.jpg","type":"image\/jpeg"}],"author":"rtnews","twitter_card":"summary_large_image","twitter_creator":"@WirMachenAuf_de","twitter_site":"@WirMachenAuf_de","twitter_misc":{"Verfasst von":"rtnews","Gesch\u00e4tzte Lesezeit":"2\u00a0Minuten"},"schema":{"@context":"https:\/\/schema.org","@graph":[{"@type":"Article","@id":"https:\/\/now-news.de\/de\/deutschland\/orban-ungarn-laesst-sich-beim-ukraine-konflikt-von-eigenen-sicherheitsinteressen-leiten\/#article","isPartOf":{"@id":"https:\/\/now-news.de\/de\/deutschland\/orban-ungarn-laesst-sich-beim-ukraine-konflikt-von-eigenen-sicherheitsinteressen-leiten\/"},"author":{"name":"rtnews","@id":"https:\/\/now-news.de\/de\/#\/schema\/person\/fb534a4e865501d8b3285208df34a9b5"},"headline":"Orb\u00e1n: Ungarn l\u00e4sst sich beim Ukraine-Konflikt von eigenen Sicherheitsinteressen leiten","datePublished":"2023-01-27T14:09:22+00:00","dateModified":"2023-01-27T14:09:22+00:00","mainEntityOfPage":{"@id":"https:\/\/now-news.de\/de\/deutschland\/orban-ungarn-laesst-sich-beim-ukraine-konflikt-von-eigenen-sicherheitsinteressen-leiten\/"},"wordCount":334,"commentCount":0,"publisher":{"@id":"https:\/\/now-news.de\/de\/#organization"},"image":{"@id":"https:\/\/now-news.de\/de\/deutschland\/orban-ungarn-laesst-sich-beim-ukraine-konflikt-von-eigenen-sicherheitsinteressen-leiten\/#primaryimage"},"thumbnailUrl":"https:\/\/now-news.de\/de\/wp-content\/uploads\/sites\/3\/2023\/01\/Orban-Ungarn-laesst-sich-beim-Ukraine-Konflikt-von-eigenen-Sicherheitsinteressen-leiten.jpg","keywords":["beim","eigenen","l\u00e4sst","leiten","Orb\u00e1n","sich","Sicherheitsinteressen","UkraineKonflikt","Ungarn","von"],"articleSection":["Deutschland","Russland"],"inLanguage":"de","potentialAction":[{"@type":"CommentAction","name":"Comment","target":["https:\/\/now-news.de\/de\/deutschland\/orban-ungarn-laesst-sich-beim-ukraine-konflikt-von-eigenen-sicherheitsinteressen-leiten\/#respond"]}]},{"@type":"WebPage","@id":"https:\/\/now-news.de\/de\/deutschland\/orban-ungarn-laesst-sich-beim-ukraine-konflikt-von-eigenen-sicherheitsinteressen-leiten\/","url":"https:\/\/now-news.de\/de\/deutschland\/orban-ungarn-laesst-sich-beim-ukraine-konflikt-von-eigenen-sicherheitsinteressen-leiten\/","name":"Orb\u00e1n: Ungarn l\u00e4sst sich beim Ukraine-Konflikt von eigenen Sicherheitsinteressen leiten - just-now.NEWS Deutschland","isPartOf":{"@id":"https:\/\/now-news.de\/de\/#website"},"primaryImageOfPage":{"@id":"https:\/\/now-news.de\/de\/deutschland\/orban-ungarn-laesst-sich-beim-ukraine-konflikt-von-eigenen-sicherheitsinteressen-leiten\/#primaryimage"},"image":{"@id":"https:\/\/now-news.de\/de\/deutschland\/orban-ungarn-laesst-sich-beim-ukraine-konflikt-von-eigenen-sicherheitsinteressen-leiten\/#primaryimage"},"thumbnailUrl":"https:\/\/now-news.de\/de\/wp-content\/uploads\/sites\/3\/2023\/01\/Orban-Ungarn-laesst-sich-beim-Ukraine-Konflikt-von-eigenen-Sicherheitsinteressen-leiten.jpg","datePublished":"2023-01-27T14:09:22+00:00","dateModified":"2023-01-27T14:09:22+00:00","breadcrumb":{"@id":"https:\/\/now-news.de\/de\/deutschland\/orban-ungarn-laesst-sich-beim-ukraine-konflikt-von-eigenen-sicherheitsinteressen-leiten\/#breadcrumb"},"inLanguage":"de","potentialAction":[{"@type":"ReadAction","target":["https:\/\/now-news.de\/de\/deutschland\/orban-ungarn-laesst-sich-beim-ukraine-konflikt-von-eigenen-sicherheitsinteressen-leiten\/"]}]},{"@type":"ImageObject","inLanguage":"de","@id":"https:\/\/now-news.de\/de\/deutschland\/orban-ungarn-laesst-sich-beim-ukraine-konflikt-von-eigenen-sicherheitsinteressen-leiten\/#primaryimage","url":"https:\/\/now-news.de\/de\/wp-content\/uploads\/sites\/3\/2023\/01\/Orban-Ungarn-laesst-sich-beim-Ukraine-Konflikt-von-eigenen-Sicherheitsinteressen-leiten.jpg","contentUrl":"https:\/\/now-news.de\/de\/wp-content\/uploads\/sites\/3\/2023\/01\/Orban-Ungarn-laesst-sich-beim-Ukraine-Konflikt-von-eigenen-Sicherheitsinteressen-leiten.jpg","width":460,"height":259,"caption":"Orb\u00e1n: Ungarn l\u00e4sst sich beim Ukraine-Konflikt von eigenen Sicherheitsinteressen leiten"},{"@type":"BreadcrumbList","@id":"https:\/\/now-news.de\/de\/deutschland\/orban-ungarn-laesst-sich-beim-ukraine-konflikt-von-eigenen-sicherheitsinteressen-leiten\/#breadcrumb","itemListElement":[{"@type":"ListItem","position":1,"name":"Home","item":"https:\/\/now-news.de\/de\/"},{"@type":"ListItem","position":2,"name":"Orb\u00e1n: Ungarn l\u00e4sst sich beim Ukraine-Konflikt von eigenen Sicherheitsinteressen leiten"}]},{"@type":"WebSite","@id":"https:\/\/now-news.de\/de\/#website","url":"https:\/\/now-news.de\/de\/","name":"just-now.NEWS Deutschland","description":"Das Portal f\u00fcr unzensierte Nachrichten aus der Welt","publisher":{"@id":"https:\/\/now-news.de\/de\/#organization"},"potentialAction":[{"@type":"SearchAction","target":{"@type":"EntryPoint","urlTemplate":"https:\/\/now-news.de\/de\/?s={search_term_string}"},"query-input":"required name=search_term_string"}],"inLanguage":"de"},{"@type":"Organization","@id":"https:\/\/now-news.de\/de\/#organization","name":"Just Now News","url":"https:\/\/now-news.de\/de\/","logo":{"@type":"ImageObject","inLanguage":"de","@id":"https:\/\/now-news.de\/de\/#\/schema\/logo\/image\/","url":"http:\/\/just-now.news\/de\/wp-content\/uploads\/sites\/3\/2022\/04\/logo500x500.jpg","contentUrl":"http:\/\/just-now.news\/de\/wp-content\/uploads\/sites\/3\/2022\/04\/logo500x500.jpg","width":500,"height":500,"caption":"Just Now News"},"image":{"@id":"https:\/\/now-news.de\/de\/#\/schema\/logo\/image\/"},"sameAs":["https:\/\/www.facebook.com\/wirmachenauf","https:\/\/x.com\/WirMachenAuf_de"]},{"@type":"Person","@id":"https:\/\/now-news.de\/de\/#\/schema\/person\/fb534a4e865501d8b3285208df34a9b5","name":"rtnews","image":{"@type":"ImageObject","inLanguage":"de","@id":"https:\/\/now-news.de\/de\/#\/schema\/person\/image\/","url":"https:\/\/secure.gravatar.com\/avatar\/82aafea7d8127119dd649515f56e2117?s=96&d=mm&r=g","contentUrl":"https:\/\/secure.gravatar.com\/avatar\/82aafea7d8127119dd649515f56e2117?s=96&d=mm&r=g","caption":"rtnews"},"url":"https:\/\/now-news.de\/de\/author\/rnews\/"}]}},"_links":{"self":[{"href":"https:\/\/now-news.de\/de\/wp-json\/wp\/v2\/posts\/28780"}],"collection":[{"href":"https:\/\/now-news.de\/de\/wp-json\/wp\/v2\/posts"}],"about":[{"href":"https:\/\/now-news.de\/de\/wp-json\/wp\/v2\/types\/post"}],"author":[{"embeddable":true,"href":"https:\/\/now-news.de\/de\/wp-json\/wp\/v2\/users\/3"}],"replies":[{"embeddable":true,"href":"https:\/\/now-news.de\/de\/wp-json\/wp\/v2\/comments?post=28780"}],"version-history":[{"count":0,"href":"https:\/\/now-news.de\/de\/wp-json\/wp\/v2\/posts\/28780\/revisions"}],"wp:featuredmedia":[{"embeddable":true,"href":"https:\/\/now-news.de\/de\/wp-json\/wp\/v2\/media\/28781"}],"wp:attachment":[{"href":"https:\/\/now-news.de\/de\/wp-json\/wp\/v2\/media?parent=28780"}],"wp:term":[{"taxonomy":"category","embeddable":true,"href":"https:\/\/now-news.de\/de\/wp-json\/wp\/v2\/categories?post=28780"},{"taxonomy":"post_tag","embeddable":true,"href":"https:\/\/now-news.de\/de\/wp-json\/wp\/v2\/tags?post=28780"}],"curies":[{"name":"wp","href":"https:\/\/api.w.org\/{rel}","templated":true}]}}