{"id":28776,"date":"2023-01-27T15:25:03","date_gmt":"2023-01-27T13:25:03","guid":{"rendered":"https:\/\/just-now.news\/de\/deutschland\/nach-razzia-mit-mehreren-toten-israel-bombardiert-gaza\/"},"modified":"2023-01-27T15:25:03","modified_gmt":"2023-01-27T13:25:03","slug":"nach-razzia-mit-mehreren-toten-israel-bombardiert-gaza","status":"publish","type":"post","link":"https:\/\/now-news.de\/de\/deutschland\/nach-razzia-mit-mehreren-toten-israel-bombardiert-gaza\/","title":{"rendered":"Nach Razzia mit mehreren Toten: Israel bombardiert Gaza"},"content":{"rendered":"<p><img decoding=\"async\" src=\"http:\/\/just-now.news\/de\/wp-content\/uploads\/sites\/3\/2023\/01\/63d3890c48fbef5ed4681d21.jpg\" \/><\/p>\n<div class=\"Text-root Text-type_1 \">\n                Israel hat am fr\u00fchen Freitagmorgen Luftangriffe auf den Gazastreifen geflogen, um auf einen Raketenbeschuss aus der pal\u00e4stinensischen Enklave zu reagieren. Erst am Donnerstag f\u00fchrte die israelische Armee eine Razzia im besetzten Westjordanland durch, bei der mehrere Menschen starben.\n            <\/div>\n<p><\/p>\n<div class=\"Text-root Text-type_5 ArticleView-text ViewText-root \">\n<p>Israel hat Luftangriffe auf eine angebliche &#8220;Milit\u00e4ranlage&#8221; im Gazastreifen geflogen und behauptet, der Einsatz sei eine Reaktion auf den Raketenbeschuss aus diesem Gebiet. Pal\u00e4stinensische Offizielle beschuldigten die israelischen Truppen zuvor eines &#8220;Massakers&#8221; im besetzten Westjordanland, woraufhin militante Gruppen Vergeltung ank\u00fcndigten.<\/p>\n<p>Die israelische Armee (IDF) gab die Angriffe am fr\u00fchen Freitagmorgen bekannt und <a rel=\"nofollow noopener\" target=\"_blank\" href=\"https:\/\/twitter.com\/idfonline\/status\/1618796229651210240\">erkl\u00e4rte<\/a>, dass sie auf eine &#8220;unterirdische&#8221; Anlage abzielten, in der Raketen f\u00fcr die Hamas, die politische Partei und bewaffnete Gruppierung, die den Gazastreifen seit 2007 regiert, hergestellt werden.<\/p>\n<p>Das Milit\u00e4r teilte mit:\u00a0<\/p>\n<blockquote>\n<p><em>&#8220;Der Angriff wurde als Reaktion auf den Abschuss von Raketen aus dem Gazastreifen nach Israel am fr\u00fchen Abend durchgef\u00fchrt, die von Luftabwehrk\u00e4mpfern <a rel=\"nofollow noopener\" target=\"_blank\" href=\"https:\/\/twitter.com\/IDF\/status\/1618735870592557057\">abgefangen<\/a> worden sind.&#8221;<\/em><\/p>\n<\/blockquote>\n<p>Die Luftschl\u00e4ge w\u00fcrden zu &#8220;einem erheblichen Schaden f\u00fcr die St\u00e4rkung und Bewaffnung der Hamas&#8221; f\u00fchren, so die IDF. &#8220;Die Terrororganisation Hamas tr\u00e4gt die Verantwortung f\u00fcr das, was im Gazastreifen passiert, und ist diejenige, die den Preis f\u00fcr die Sicherheitsverletzungen gegen den Staat Israel zahlen wird&#8221;, hie\u00df es seitens der israelischen Armee.<\/p>\n<p>Nach Angaben der IDF wurden in der Nacht mindestens f\u00fcnf Raketen auf Israel abgefeuert, von denen drei abgefangen wurden, eine auf offenem Gel\u00e4nde landete und eine weitere innerhalb des Gazastreifens fehlschlug. Die Absch\u00fcsse l\u00f6sten in den an die pal\u00e4stinensische Enklave angrenzenden Siedlungen, einschlie\u00dflich der Stadt Aschkelon n\u00f6rdlich des Gazastreifens, Luftangriffssirenen aus.<\/p>\n<p>Die Raketenangriffe aus dem Gazastreifen wiederum folgten auf eine <a rel=\"nofollow noopener\" target=\"_blank\" href=\"https:\/\/www.timesofisrael.com\/palestinian-killed-in-clashes-between-gunmen-and-idf-soldiers-in-jenin\/\">Razzia israelischer Spezialeinheiten<\/a> in einem Fl\u00fcchtlingslager im Ort Dschenin im Westjordanland, bei dem nach pal\u00e4stinensischen Angaben mindestens neun Menschen,\u00a0darunter eine 61-j\u00e4hrige Frau, get\u00f6tet worden sind. 20 weitere Menschen wurden demnach verletzt. Nach Angaben der Pal\u00e4stinensischen Autonomiebeh\u00f6rde endete die Razzia in einem Feuergefecht mit Militanten.\u00a0<\/p>\n<p>Die IDF erkl\u00e4rte, die Operation habe sich gegen eine terroristische Gruppierung des Islamischen Dschihad gerichtet, die in Dschenin aktiv sei. Sie ver\u00f6ffentlichte Bildmaterial, das Bewaffnete zeigen soll, die mit Gewehren schie\u00dfen und Molotowcocktails auf israelische Truppen werfen. Die Terrorzelle sei eine &#8220;tickende Zeitbombe&#8221;, hie\u00df es seitens der israelischen Armee.<\/p>\n<div class=\"EmbedBlock-root EmbedBlock-twitter\">\n<div class=\"TwitterEmbed\">\n<blockquote class=\"twitter-tweet lazyload\" data-twitter=\"twitter-tweet\">\n<p lang=\"en\" dir=\"ltr\">IDF &amp; Israeli security forces operated in Jenin to apprehend an Islamic Jihad terrorist squad planning imminent terrorist attacks earlier today.Armed gunmen fired heavily at our soldiers from civilian rooftops as they carried out their critical mission.See for yourself: <a rel=\"nofollow noopener\" target=\"_blank\" href=\"https:\/\/t.co\/Yi8Qgr4f4K\">pic.twitter.com\/Yi8Qgr4f4K<\/a><\/p>\n<p>\u2014 Israel Defense Forces (@IDF) <a rel=\"nofollow noopener\" target=\"_blank\" href=\"https:\/\/twitter.com\/IDF\/status\/1618680074441740288?ref_src=twsrc%5Etfw\">January 26, 2023<\/a><\/p><\/blockquote>\n<\/div>\n<\/div>\n<p>Die Pal\u00e4stinensische Autonomiebeh\u00f6rde, die im besetzten Westjordanland nur eine begrenzte Kontrolle aus\u00fcbt, verurteilte die Operation als &#8220;Massaker&#8221; und erkl\u00e4rte, sie werde als Reaktion darauf jegliche Zusammenarbeit mit Israel im Sicherheitsbereich einstellen. &#8220;Die Sicherheitskoordinierung mit der Besatzungsregierung existiert ab sofort nicht mehr&#8221;, <a rel=\"nofollow noopener\" target=\"_blank\" href=\"https:\/\/www.timesofisrael.com\/pa-announces-halt-to-security-coordination-with-israel-us-cautions-against-move\/\">sagte<\/a> der stellvertretende Ministerpr\u00e4sident der Pal\u00e4stinensischen Autonomiebeh\u00f6rde, Nabil Abu Rudeineh, und f\u00fcgte hinzu,\u00a0dass die Entscheidung angesichts &#8220;der wiederholten Aggressionen gegen unser Volk und der Untergrabung unterzeichneter Vereinbarungen unter Bezugnahme auf die Verpflichtungen aus dem Osloer Friedensprozess in den 1990er Jahren&#8221; getroffen wurde.<\/p>\n<p>In den lokalen Medien zirkulierende Videoaufnahmen zeigen die Folgen des Angriffs auf das Fl\u00fcchtlingslager, auf denen Bewohner zu sehen sind, die sich durch Schutt und ausgebrannte Geb\u00e4ude in Dschenin w\u00fchlen. Nach Angaben der Nachrichtenagentur <em>AP<\/em> war der \u00dcberfall die t\u00f6dlichste Razzia im Westjordanland seit mehr als zwei Jahrzehnten.<\/p>\n<div class=\"EmbedBlock-root EmbedBlock-twitter\">\n<div class=\"TwitterEmbed\">\n<blockquote class=\"twitter-tweet lazyload\" data-twitter=\"twitter-tweet\">\n<p lang=\"ar\" dir=\"rtl\"><a rel=\"nofollow noopener\" target=\"_blank\" href=\"https:\/\/twitter.com\/hashtag\/%D8%B4%D8%A7%D9%87%D8%AF?src=hash&amp;ref_src=twsrc%5Etfw\">#\u0634\u0627\u0647\u062f<\/a> .. \u0641\u0644\u0633\u0637\u064a\u0646\u064a\u0648\u0646 \u064a\u062a\u0641\u0642\u062f\u0648\u0646 \u0622\u062b\u0627\u0631 \u0627\u0644\u0639\u062f\u0648\u0627\u0646 \u0639\u0644\u0649 <a rel=\"nofollow noopener\" target=\"_blank\" href=\"https:\/\/twitter.com\/hashtag\/%D8%AC%D9%86%D9%8A%D9%86?src=hash&amp;ref_src=twsrc%5Etfw\">#\u062c\u0646\u064a\u0646<\/a><a rel=\"nofollow noopener\" target=\"_blank\" href=\"https:\/\/t.co\/e7n7K8rKR7\">pic.twitter.com\/e7n7K8rKR7<\/a><\/p>\n<p>\u2014 \u0642\u0646\u0627\u0629 \u0631\u0627\u062c\u0639\u064a\u0646 Rajeen TV (@rajeentv) <a rel=\"nofollow noopener\" target=\"_blank\" href=\"https:\/\/twitter.com\/rajeentv\/status\/1618561091973545985?ref_src=twsrc%5Etfw\">January 26, 2023<\/a><\/p><\/blockquote>\n<\/div>\n<\/div>\n<p>Die Hamas erkl\u00e4rte kurz nach der israelischen Operation, dass ihr Vergeltungsschlag &#8220;keinen Aufschub&#8221; dulden werde, w\u00e4hrend der Anf\u00fchrer des Islamischen Dschihad, Khader Adnan, den IDF-Truppen &#8220;Exekutionen vor Ort&#8221; <a rel=\"nofollow noopener\" target=\"_blank\" href=\"https:\/\/www.aljazeera.net\/news\/liveblog\/2023\/1\/26\/%D8%A7%D9%82%D8%AA%D8%AD%D8%A7%D9%85-%D9%85%D8%AE%D9%8A%D9%85-%D8%AC%D9%86%D9%8A%D9%86-%D8%A2%D8%AE%D8%B1-%D8%A7%D9%84%D8%AA%D8%B7%D9%88%D8%B1%D8%A7%D8%AA\">vorwarf<\/a> und erkl\u00e4rte, &#8220;der pal\u00e4stinensische Widerstand wird alles in seiner Macht Stehende tun, um unser Volk zu verteidigen&#8221;.<\/p>\n<p>Der letzte gr\u00f6\u00dfere Gewaltausbruch im Gazastreifen ereignete sich im Fr\u00fchling 2021. Damals waren israelische Einheiten in die al-Aqsa-Moschee\u00a0in Jerusalem, das drittwichtigste Heiligtum im Islam, eingedrungen. Zuvor war es zwischen israelischen Sicherheitskr\u00e4ften und Pal\u00e4stinensern zu heftigen Auseinandersetzungen gekommen.\u00a0Mehr als zwei Wochen lang bombardierten IDF-Kampfflugzeuge das pal\u00e4stinensische Gebiet, w\u00e4hrend Militante unz\u00e4hlige Raketen auf Israel abfeuerten. Hunderte von Menschen in Gaza und mehr als ein Dutzend in Israel wurden get\u00f6tet.<\/p>\n<p>Obwohl die israelische Armee den Gazastreifen 2005 verlassen hat, h\u00e4lt die israelische Regierung eine strenge Blockade \u00fcber das Gebiet aufrecht und besetzt weiterhin das Westjordanland, was zu regelm\u00e4\u00dfigen Zusammenst\u00f6\u00dfen zwischen den beiden Seiten f\u00fchrt.<\/p>\n<p><strong>Mehr zum Thema \u2013<\/strong>\u00a0<a rel=\"nofollow noopener\" target=\"_blank\" href=\"https:\/\/test.rtde.tech\/der-nahe-osten\/158736-un-stimmt-fuer-pruefung-israelischer\/\">UN stimmt f\u00fcr Pr\u00fcfung israelischer Besatzung durch Internationalen Gerichtshof<\/a><\/p>\n<div class=\"EmbedBlock-root EmbedBlock-externalVideo EmbedBlock-vk\">\n<div class=\"VkEmbed\"><iframe class=\"lazyload\" data-src=\"https:\/\/vk.com\/video_ext.php?oid=-134310637&amp;id=456261963&amp;hash=6687751eaf562427\" frameborder=\"0\" width=\"853\" height=\"480\" allowfullscreen><\/iframe><\/div>\n<\/div>\n<\/div>\n<p><script async src=\"https:\/\/platform.twitter.com\/widgets.js\" charset=\"utf-8\"><\/script><br \/>\n<br \/><br \/>\n<br \/><a href=\"https:\/\/de.rt.com\/der-nahe-osten\/161130-nach-razzia-mit-mehreren-toten\/\">Source link <\/a><\/p>\n","protected":false},"excerpt":{"rendered":"<p>Israel hat am fr\u00fchen Freitagmorgen Luftangriffe auf den Gazastreifen geflogen, um auf einen Raketenbeschuss aus der pal\u00e4stinensischen Enklave zu reagieren. Erst am Donnerstag f\u00fchrte die israelische Armee eine Razzia im besetzten Westjordanland durch, bei der mehrere Menschen starben. Israel hat Luftangriffe auf eine angebliche &#8220;Milit\u00e4ranlage&#8221; im Gazastreifen geflogen und behauptet, der Einsatz sei eine Reaktion [&hellip;]<\/p>\n","protected":false},"author":3,"featured_media":28777,"comment_status":"open","ping_status":"open","sticky":false,"template":"","format":"standard","meta":{"_yoast_indexnow_last_ping":["1674826315"],"wp_automatic_camp":["217"],"cb14b9326ece44818bc5302c0d73d73e":["Nach Razzia mit mehreren Toten: Israel bombardiert Gaza"],"original_link":["https:\/\/de.rt.com\/der-nahe-osten\/161130-nach-razzia-mit-mehreren-toten\/"],"_thumbnail_id":["28777"],"_wptgpro_p2tg_sent2tg":["a:1:{i:23737;s:19:\"2023-01-27 15:33:06\";}"],"jnews_social_counter_last_update":["1777272412"]},"categories":[19,23],"tags":[28877,12988,432,13044,419,979,1749,2564],"yoast_head":"<!-- This site is optimized with the Yoast SEO Premium plugin v22.7 (Yoast SEO v22.7) - https:\/\/yoast.com\/wordpress\/plugins\/seo\/ -->\n<title>Nach Razzia mit mehreren Toten: Israel bombardiert Gaza - just-now.NEWS Deutschland<\/title>\n<meta name=\"robots\" content=\"index, follow, max-snippet:-1, max-image-preview:large, max-video-preview:-1\" \/>\n<link rel=\"canonical\" href=\"https:\/\/now-news.de\/de\/deutschland\/nach-razzia-mit-mehreren-toten-israel-bombardiert-gaza\/\" \/>\n<meta property=\"og:locale\" content=\"de_DE\" \/>\n<meta property=\"og:type\" content=\"article\" \/>\n<meta property=\"og:title\" content=\"Nach Razzia mit mehreren Toten: Israel bombardiert Gaza\" \/>\n<meta property=\"og:description\" content=\"Israel hat am fr\u00fchen Freitagmorgen Luftangriffe auf den Gazastreifen geflogen, um auf einen Raketenbeschuss aus der pal\u00e4stinensischen Enklave zu reagieren. Erst am Donnerstag f\u00fchrte die israelische Armee eine Razzia im besetzten Westjordanland durch, bei der mehrere Menschen starben. Israel hat Luftangriffe auf eine angebliche &#8220;Milit\u00e4ranlage&#8221; im Gazastreifen geflogen und behauptet, der Einsatz sei eine Reaktion [&hellip;]\" \/>\n<meta property=\"og:url\" content=\"https:\/\/now-news.de\/de\/deutschland\/nach-razzia-mit-mehreren-toten-israel-bombardiert-gaza\/\" \/>\n<meta property=\"og:site_name\" content=\"just-now.NEWS Deutschland\" \/>\n<meta property=\"article:publisher\" content=\"https:\/\/www.facebook.com\/wirmachenauf\" \/>\n<meta property=\"article:published_time\" content=\"2023-01-27T13:25:03+00:00\" \/>\n<meta property=\"og:image\" content=\"https:\/\/now-news.de\/de\/wp-content\/uploads\/sites\/3\/2023\/01\/Nach-Razzia-mit-mehreren-Toten-Israel-bombardiert-Gaza.jpg\" \/>\n\t<meta property=\"og:image:width\" content=\"460\" \/>\n\t<meta property=\"og:image:height\" content=\"259\" \/>\n\t<meta property=\"og:image:type\" content=\"image\/jpeg\" \/>\n<meta name=\"author\" content=\"rtnews\" \/>\n<meta name=\"twitter:card\" content=\"summary_large_image\" \/>\n<meta name=\"twitter:creator\" content=\"@WirMachenAuf_de\" \/>\n<meta name=\"twitter:site\" content=\"@WirMachenAuf_de\" \/>\n<meta name=\"twitter:label1\" content=\"Verfasst von\" \/>\n\t<meta name=\"twitter:data1\" content=\"rtnews\" \/>\n\t<meta name=\"twitter:label2\" content=\"Gesch\u00e4tzte Lesezeit\" \/>\n\t<meta name=\"twitter:data2\" content=\"4\u00a0Minuten\" \/>\n<script type=\"application\/ld+json\" class=\"yoast-schema-graph\">{\"@context\":\"https:\/\/schema.org\",\"@graph\":[{\"@type\":\"Article\",\"@id\":\"https:\/\/now-news.de\/de\/deutschland\/nach-razzia-mit-mehreren-toten-israel-bombardiert-gaza\/#article\",\"isPartOf\":{\"@id\":\"https:\/\/now-news.de\/de\/deutschland\/nach-razzia-mit-mehreren-toten-israel-bombardiert-gaza\/\"},\"author\":{\"name\":\"rtnews\",\"@id\":\"https:\/\/now-news.de\/de\/#\/schema\/person\/fb534a4e865501d8b3285208df34a9b5\"},\"headline\":\"Nach Razzia mit mehreren Toten: Israel bombardiert Gaza\",\"datePublished\":\"2023-01-27T13:25:03+00:00\",\"dateModified\":\"2023-01-27T13:25:03+00:00\",\"mainEntityOfPage\":{\"@id\":\"https:\/\/now-news.de\/de\/deutschland\/nach-razzia-mit-mehreren-toten-israel-bombardiert-gaza\/\"},\"wordCount\":784,\"commentCount\":0,\"publisher\":{\"@id\":\"https:\/\/now-news.de\/de\/#organization\"},\"image\":{\"@id\":\"https:\/\/now-news.de\/de\/deutschland\/nach-razzia-mit-mehreren-toten-israel-bombardiert-gaza\/#primaryimage\"},\"thumbnailUrl\":\"https:\/\/now-news.de\/de\/wp-content\/uploads\/sites\/3\/2023\/01\/Nach-Razzia-mit-mehreren-Toten-Israel-bombardiert-Gaza.jpg\",\"keywords\":[\"bombardiert\",\"Gaza\",\"Israel\",\"mehreren\",\"mit\",\"nach\",\"Razzia\",\"Toten\"],\"articleSection\":[\"Deutschland\",\"Russland\"],\"inLanguage\":\"de\",\"potentialAction\":[{\"@type\":\"CommentAction\",\"name\":\"Comment\",\"target\":[\"https:\/\/now-news.de\/de\/deutschland\/nach-razzia-mit-mehreren-toten-israel-bombardiert-gaza\/#respond\"]}]},{\"@type\":\"WebPage\",\"@id\":\"https:\/\/now-news.de\/de\/deutschland\/nach-razzia-mit-mehreren-toten-israel-bombardiert-gaza\/\",\"url\":\"https:\/\/now-news.de\/de\/deutschland\/nach-razzia-mit-mehreren-toten-israel-bombardiert-gaza\/\",\"name\":\"Nach Razzia mit mehreren Toten: Israel bombardiert Gaza - just-now.NEWS Deutschland\",\"isPartOf\":{\"@id\":\"https:\/\/now-news.de\/de\/#website\"},\"primaryImageOfPage\":{\"@id\":\"https:\/\/now-news.de\/de\/deutschland\/nach-razzia-mit-mehreren-toten-israel-bombardiert-gaza\/#primaryimage\"},\"image\":{\"@id\":\"https:\/\/now-news.de\/de\/deutschland\/nach-razzia-mit-mehreren-toten-israel-bombardiert-gaza\/#primaryimage\"},\"thumbnailUrl\":\"https:\/\/now-news.de\/de\/wp-content\/uploads\/sites\/3\/2023\/01\/Nach-Razzia-mit-mehreren-Toten-Israel-bombardiert-Gaza.jpg\",\"datePublished\":\"2023-01-27T13:25:03+00:00\",\"dateModified\":\"2023-01-27T13:25:03+00:00\",\"breadcrumb\":{\"@id\":\"https:\/\/now-news.de\/de\/deutschland\/nach-razzia-mit-mehreren-toten-israel-bombardiert-gaza\/#breadcrumb\"},\"inLanguage\":\"de\",\"potentialAction\":[{\"@type\":\"ReadAction\",\"target\":[\"https:\/\/now-news.de\/de\/deutschland\/nach-razzia-mit-mehreren-toten-israel-bombardiert-gaza\/\"]}]},{\"@type\":\"ImageObject\",\"inLanguage\":\"de\",\"@id\":\"https:\/\/now-news.de\/de\/deutschland\/nach-razzia-mit-mehreren-toten-israel-bombardiert-gaza\/#primaryimage\",\"url\":\"https:\/\/now-news.de\/de\/wp-content\/uploads\/sites\/3\/2023\/01\/Nach-Razzia-mit-mehreren-Toten-Israel-bombardiert-Gaza.jpg\",\"contentUrl\":\"https:\/\/now-news.de\/de\/wp-content\/uploads\/sites\/3\/2023\/01\/Nach-Razzia-mit-mehreren-Toten-Israel-bombardiert-Gaza.jpg\",\"width\":460,\"height\":259,\"caption\":\"Nach Razzia mit mehreren Toten: Israel bombardiert Gaza\"},{\"@type\":\"BreadcrumbList\",\"@id\":\"https:\/\/now-news.de\/de\/deutschland\/nach-razzia-mit-mehreren-toten-israel-bombardiert-gaza\/#breadcrumb\",\"itemListElement\":[{\"@type\":\"ListItem\",\"position\":1,\"name\":\"Home\",\"item\":\"https:\/\/now-news.de\/de\/\"},{\"@type\":\"ListItem\",\"position\":2,\"name\":\"Nach Razzia mit mehreren Toten: Israel bombardiert Gaza\"}]},{\"@type\":\"WebSite\",\"@id\":\"https:\/\/now-news.de\/de\/#website\",\"url\":\"https:\/\/now-news.de\/de\/\",\"name\":\"just-now.NEWS Deutschland\",\"description\":\"Das Portal f\u00fcr unzensierte Nachrichten aus der Welt\",\"publisher\":{\"@id\":\"https:\/\/now-news.de\/de\/#organization\"},\"potentialAction\":[{\"@type\":\"SearchAction\",\"target\":{\"@type\":\"EntryPoint\",\"urlTemplate\":\"https:\/\/now-news.de\/de\/?s={search_term_string}\"},\"query-input\":\"required name=search_term_string\"}],\"inLanguage\":\"de\"},{\"@type\":\"Organization\",\"@id\":\"https:\/\/now-news.de\/de\/#organization\",\"name\":\"Just Now News\",\"url\":\"https:\/\/now-news.de\/de\/\",\"logo\":{\"@type\":\"ImageObject\",\"inLanguage\":\"de\",\"@id\":\"https:\/\/now-news.de\/de\/#\/schema\/logo\/image\/\",\"url\":\"http:\/\/just-now.news\/de\/wp-content\/uploads\/sites\/3\/2022\/04\/logo500x500.jpg\",\"contentUrl\":\"http:\/\/just-now.news\/de\/wp-content\/uploads\/sites\/3\/2022\/04\/logo500x500.jpg\",\"width\":500,\"height\":500,\"caption\":\"Just Now News\"},\"image\":{\"@id\":\"https:\/\/now-news.de\/de\/#\/schema\/logo\/image\/\"},\"sameAs\":[\"https:\/\/www.facebook.com\/wirmachenauf\",\"https:\/\/x.com\/WirMachenAuf_de\"]},{\"@type\":\"Person\",\"@id\":\"https:\/\/now-news.de\/de\/#\/schema\/person\/fb534a4e865501d8b3285208df34a9b5\",\"name\":\"rtnews\",\"image\":{\"@type\":\"ImageObject\",\"inLanguage\":\"de\",\"@id\":\"https:\/\/now-news.de\/de\/#\/schema\/person\/image\/\",\"url\":\"https:\/\/secure.gravatar.com\/avatar\/82aafea7d8127119dd649515f56e2117?s=96&d=mm&r=g\",\"contentUrl\":\"https:\/\/secure.gravatar.com\/avatar\/82aafea7d8127119dd649515f56e2117?s=96&d=mm&r=g\",\"caption\":\"rtnews\"},\"url\":\"https:\/\/now-news.de\/de\/author\/rnews\/\"}]}<\/script>\n<!-- \/ Yoast SEO Premium plugin. -->","yoast_head_json":{"title":"Nach Razzia mit mehreren Toten: Israel bombardiert Gaza - just-now.NEWS Deutschland","robots":{"index":"index","follow":"follow","max-snippet":"max-snippet:-1","max-image-preview":"max-image-preview:large","max-video-preview":"max-video-preview:-1"},"canonical":"https:\/\/now-news.de\/de\/deutschland\/nach-razzia-mit-mehreren-toten-israel-bombardiert-gaza\/","og_locale":"de_DE","og_type":"article","og_title":"Nach Razzia mit mehreren Toten: Israel bombardiert Gaza","og_description":"Israel hat am fr\u00fchen Freitagmorgen Luftangriffe auf den Gazastreifen geflogen, um auf einen Raketenbeschuss aus der pal\u00e4stinensischen Enklave zu reagieren. Erst am Donnerstag f\u00fchrte die israelische Armee eine Razzia im besetzten Westjordanland durch, bei der mehrere Menschen starben. Israel hat Luftangriffe auf eine angebliche &#8220;Milit\u00e4ranlage&#8221; im Gazastreifen geflogen und behauptet, der Einsatz sei eine Reaktion [&hellip;]","og_url":"https:\/\/now-news.de\/de\/deutschland\/nach-razzia-mit-mehreren-toten-israel-bombardiert-gaza\/","og_site_name":"just-now.NEWS Deutschland","article_publisher":"https:\/\/www.facebook.com\/wirmachenauf","article_published_time":"2023-01-27T13:25:03+00:00","og_image":[{"width":460,"height":259,"url":"https:\/\/now-news.de\/de\/wp-content\/uploads\/sites\/3\/2023\/01\/Nach-Razzia-mit-mehreren-Toten-Israel-bombardiert-Gaza.jpg","type":"image\/jpeg"}],"author":"rtnews","twitter_card":"summary_large_image","twitter_creator":"@WirMachenAuf_de","twitter_site":"@WirMachenAuf_de","twitter_misc":{"Verfasst von":"rtnews","Gesch\u00e4tzte Lesezeit":"4\u00a0Minuten"},"schema":{"@context":"https:\/\/schema.org","@graph":[{"@type":"Article","@id":"https:\/\/now-news.de\/de\/deutschland\/nach-razzia-mit-mehreren-toten-israel-bombardiert-gaza\/#article","isPartOf":{"@id":"https:\/\/now-news.de\/de\/deutschland\/nach-razzia-mit-mehreren-toten-israel-bombardiert-gaza\/"},"author":{"name":"rtnews","@id":"https:\/\/now-news.de\/de\/#\/schema\/person\/fb534a4e865501d8b3285208df34a9b5"},"headline":"Nach Razzia mit mehreren Toten: Israel bombardiert Gaza","datePublished":"2023-01-27T13:25:03+00:00","dateModified":"2023-01-27T13:25:03+00:00","mainEntityOfPage":{"@id":"https:\/\/now-news.de\/de\/deutschland\/nach-razzia-mit-mehreren-toten-israel-bombardiert-gaza\/"},"wordCount":784,"commentCount":0,"publisher":{"@id":"https:\/\/now-news.de\/de\/#organization"},"image":{"@id":"https:\/\/now-news.de\/de\/deutschland\/nach-razzia-mit-mehreren-toten-israel-bombardiert-gaza\/#primaryimage"},"thumbnailUrl":"https:\/\/now-news.de\/de\/wp-content\/uploads\/sites\/3\/2023\/01\/Nach-Razzia-mit-mehreren-Toten-Israel-bombardiert-Gaza.jpg","keywords":["bombardiert","Gaza","Israel","mehreren","mit","nach","Razzia","Toten"],"articleSection":["Deutschland","Russland"],"inLanguage":"de","potentialAction":[{"@type":"CommentAction","name":"Comment","target":["https:\/\/now-news.de\/de\/deutschland\/nach-razzia-mit-mehreren-toten-israel-bombardiert-gaza\/#respond"]}]},{"@type":"WebPage","@id":"https:\/\/now-news.de\/de\/deutschland\/nach-razzia-mit-mehreren-toten-israel-bombardiert-gaza\/","url":"https:\/\/now-news.de\/de\/deutschland\/nach-razzia-mit-mehreren-toten-israel-bombardiert-gaza\/","name":"Nach Razzia mit mehreren Toten: Israel bombardiert Gaza - just-now.NEWS Deutschland","isPartOf":{"@id":"https:\/\/now-news.de\/de\/#website"},"primaryImageOfPage":{"@id":"https:\/\/now-news.de\/de\/deutschland\/nach-razzia-mit-mehreren-toten-israel-bombardiert-gaza\/#primaryimage"},"image":{"@id":"https:\/\/now-news.de\/de\/deutschland\/nach-razzia-mit-mehreren-toten-israel-bombardiert-gaza\/#primaryimage"},"thumbnailUrl":"https:\/\/now-news.de\/de\/wp-content\/uploads\/sites\/3\/2023\/01\/Nach-Razzia-mit-mehreren-Toten-Israel-bombardiert-Gaza.jpg","datePublished":"2023-01-27T13:25:03+00:00","dateModified":"2023-01-27T13:25:03+00:00","breadcrumb":{"@id":"https:\/\/now-news.de\/de\/deutschland\/nach-razzia-mit-mehreren-toten-israel-bombardiert-gaza\/#breadcrumb"},"inLanguage":"de","potentialAction":[{"@type":"ReadAction","target":["https:\/\/now-news.de\/de\/deutschland\/nach-razzia-mit-mehreren-toten-israel-bombardiert-gaza\/"]}]},{"@type":"ImageObject","inLanguage":"de","@id":"https:\/\/now-news.de\/de\/deutschland\/nach-razzia-mit-mehreren-toten-israel-bombardiert-gaza\/#primaryimage","url":"https:\/\/now-news.de\/de\/wp-content\/uploads\/sites\/3\/2023\/01\/Nach-Razzia-mit-mehreren-Toten-Israel-bombardiert-Gaza.jpg","contentUrl":"https:\/\/now-news.de\/de\/wp-content\/uploads\/sites\/3\/2023\/01\/Nach-Razzia-mit-mehreren-Toten-Israel-bombardiert-Gaza.jpg","width":460,"height":259,"caption":"Nach Razzia mit mehreren Toten: Israel bombardiert Gaza"},{"@type":"BreadcrumbList","@id":"https:\/\/now-news.de\/de\/deutschland\/nach-razzia-mit-mehreren-toten-israel-bombardiert-gaza\/#breadcrumb","itemListElement":[{"@type":"ListItem","position":1,"name":"Home","item":"https:\/\/now-news.de\/de\/"},{"@type":"ListItem","position":2,"name":"Nach Razzia mit mehreren Toten: Israel bombardiert Gaza"}]},{"@type":"WebSite","@id":"https:\/\/now-news.de\/de\/#website","url":"https:\/\/now-news.de\/de\/","name":"just-now.NEWS Deutschland","description":"Das Portal f\u00fcr unzensierte Nachrichten aus der Welt","publisher":{"@id":"https:\/\/now-news.de\/de\/#organization"},"potentialAction":[{"@type":"SearchAction","target":{"@type":"EntryPoint","urlTemplate":"https:\/\/now-news.de\/de\/?s={search_term_string}"},"query-input":"required name=search_term_string"}],"inLanguage":"de"},{"@type":"Organization","@id":"https:\/\/now-news.de\/de\/#organization","name":"Just Now News","url":"https:\/\/now-news.de\/de\/","logo":{"@type":"ImageObject","inLanguage":"de","@id":"https:\/\/now-news.de\/de\/#\/schema\/logo\/image\/","url":"http:\/\/just-now.news\/de\/wp-content\/uploads\/sites\/3\/2022\/04\/logo500x500.jpg","contentUrl":"http:\/\/just-now.news\/de\/wp-content\/uploads\/sites\/3\/2022\/04\/logo500x500.jpg","width":500,"height":500,"caption":"Just Now News"},"image":{"@id":"https:\/\/now-news.de\/de\/#\/schema\/logo\/image\/"},"sameAs":["https:\/\/www.facebook.com\/wirmachenauf","https:\/\/x.com\/WirMachenAuf_de"]},{"@type":"Person","@id":"https:\/\/now-news.de\/de\/#\/schema\/person\/fb534a4e865501d8b3285208df34a9b5","name":"rtnews","image":{"@type":"ImageObject","inLanguage":"de","@id":"https:\/\/now-news.de\/de\/#\/schema\/person\/image\/","url":"https:\/\/secure.gravatar.com\/avatar\/82aafea7d8127119dd649515f56e2117?s=96&d=mm&r=g","contentUrl":"https:\/\/secure.gravatar.com\/avatar\/82aafea7d8127119dd649515f56e2117?s=96&d=mm&r=g","caption":"rtnews"},"url":"https:\/\/now-news.de\/de\/author\/rnews\/"}]}},"_links":{"self":[{"href":"https:\/\/now-news.de\/de\/wp-json\/wp\/v2\/posts\/28776"}],"collection":[{"href":"https:\/\/now-news.de\/de\/wp-json\/wp\/v2\/posts"}],"about":[{"href":"https:\/\/now-news.de\/de\/wp-json\/wp\/v2\/types\/post"}],"author":[{"embeddable":true,"href":"https:\/\/now-news.de\/de\/wp-json\/wp\/v2\/users\/3"}],"replies":[{"embeddable":true,"href":"https:\/\/now-news.de\/de\/wp-json\/wp\/v2\/comments?post=28776"}],"version-history":[{"count":0,"href":"https:\/\/now-news.de\/de\/wp-json\/wp\/v2\/posts\/28776\/revisions"}],"wp:featuredmedia":[{"embeddable":true,"href":"https:\/\/now-news.de\/de\/wp-json\/wp\/v2\/media\/28777"}],"wp:attachment":[{"href":"https:\/\/now-news.de\/de\/wp-json\/wp\/v2\/media?parent=28776"}],"wp:term":[{"taxonomy":"category","embeddable":true,"href":"https:\/\/now-news.de\/de\/wp-json\/wp\/v2\/categories?post=28776"},{"taxonomy":"post_tag","embeddable":true,"href":"https:\/\/now-news.de\/de\/wp-json\/wp\/v2\/tags?post=28776"}],"curies":[{"name":"wp","href":"https:\/\/api.w.org\/{rel}","templated":true}]}}