{"id":28758,"date":"2023-01-27T12:10:24","date_gmt":"2023-01-27T10:10:24","guid":{"rendered":"https:\/\/just-now.news\/de\/deutschland\/postmann-klingelt-vorerst-nicht-%e2%80%92-tausende-beschaeftigte-streiken\/"},"modified":"2023-01-27T12:10:24","modified_gmt":"2023-01-27T10:10:24","slug":"postmann-klingelt-vorerst-nicht-%e2%80%92-tausende-beschaeftigte-streiken","status":"publish","type":"post","link":"https:\/\/now-news.de\/de\/deutschland\/postmann-klingelt-vorerst-nicht-%e2%80%92-tausende-beschaeftigte-streiken\/","title":{"rendered":"Postmann klingelt vorerst nicht \u2012 Tausende Besch\u00e4ftigte streiken"},"content":{"rendered":"<p><img decoding=\"async\" src=\"http:\/\/just-now.news\/de\/wp-content\/uploads\/sites\/3\/2023\/01\/63d2d1ea48fbef5ed4681cc8.jpg\" \/><\/p>\n<div class=\"Text-root Text-type_1 \">\n                Tausende Brieftr\u00e4ger, Paketboten und andere Besch\u00e4ftigte der Deutschen Post streiken und bestehen auf ihrer Forderung nach mehr Lohn. Die Gewerkschaft verweist dabei neben der Inflation auch auf Gewinne des Konzerns. Briefe und Pakete werden sp\u00e4ter zugestellt.\n            <\/div>\n<p><\/p>\n<div class=\"Text-root Text-type_5 ArticleView-text ViewText-root \">\n<p>Im\u00a0Tarifstreit bei der Deutschen\u00a0Post haben erneut Tausende Brieftr\u00e4ger, Paketboten und andere Besch\u00e4ftigte die Arbeit niedergelegt, um ihrer\u00a0Forderung nach 15 Prozent mehr\u00a0Lohn Nachdruck zu verleihen. Die Gewerkschaft Verdi sprach von 6.000 Teilnehmern der Warnstreiks am\u00a0Donnerstag, die Deutsche Post von 3.100.<\/p>\n<p>Wie schon bei den Warnstreiks in der vergangenen Woche lag die Beteiligungsquote an den betroffenen\u00a0Post-Standorten Firmenangaben zufolge bei etwa einem\u00a0Drittel. Dieses Mal bestreikte Verdi weniger Post-Standorte als in der vergangenen\u00a0Woche, daher war die Zahl der Warnstreik-Teilnehmer niedriger.<\/p>\n<p>Als Folge der Ausst\u00e4nde blieben Firmenangaben zufolge bundesweit rund 450.000\u00a0Pakete liegen, das waren knapp sieben Prozent der durchschnittlichen\u00a0Tagesmenge. Bei den Briefen lag die Quote bei 3,5 Prozent, also 1,7 Millionen. Sp\u00e4testens Anfang n\u00e4chster Woche sollen diese Sendungen zugestellt werden\u00a0\u2012 der genaue Zeitpunkt der Auslieferung h\u00e4ngt auch davon ab, ob weitere Arbeitsniederlegungen folgen und die ben\u00f6tigten Sortier- und Zustellzentren betroffen sind.<\/p>\n<p>In den zweieinhalbt\u00e4gigen Warnstreiks der vergangenen\u00a0Woche waren eine Million\u00a0Pakete und drei Millionen\u00a0Briefe liegengeblieben, circa 30.000\u00a0Besch\u00e4ftigte hatten die Arbeit niedergelegt.<\/p>\n<p>Thomas Gro\u00dfst\u00fcck von\u00a0Verdi NRW sprach am\u00a0Donnerstag von einer &#8220;sehr guten\u00a0Beteiligung&#8221;. Die Warnstreiks waren zun\u00e4chst nur f\u00fcr einen\u00a0Tag geplant, also bis in die Nacht zu Freitag. Eine Verl\u00e4ngerung war aber m\u00f6glich. &#8220;Es kann gut sein, dass in den n\u00e4chsten\u00a0Tagen weitere Warnstreiks folgen werden&#8221;, sagte der Gewerkschafter.<\/p>\n<p>Die Arbeitnehmerseite fordert 15 Prozent mehr Lohn f\u00fcr die rund 160.000\u00a0Tarifbesch\u00e4ftigten im Bereich &#8220;Post &amp;\u00a0Paket Deutschland&#8221;. Dem Unternehmen ist das viel zu viel, es h\u00e4lt diese Forderung f\u00fcr nicht erf\u00fcllbar.<\/p>\n<p>Der\u00a0Sprecher der Post reagierte mit\u00a0Unverst\u00e4ndnis auf die neuerlichen Arbeitsniederlegungen. Man habe bereits angek\u00fcndigt, zu Beginn der dritten Verhandlungsrunde am 8.\u00a0Februar ein Angebot vorzulegen. Daher seien die Warnstreiks &#8220;unn\u00f6tig, da sie letztlich nur zulasten unserer Kundinnen und Kunden gehen&#8221;.<\/p>\n<p>Nicht nur kennen Kunden bereits die regelm\u00e4\u00dfigen Preissteigerungen\u00a0\u2012 die Post hat auch starke Wachstumsjahre hinter sich, unter anderem w\u00e4hrend der Corona-Pandemie:\u00a0Die Menschen bestellten viel mehr im\u00a0Internet als zuvor.<\/p>\n<p>Im vergangenen\u00a0Jahr sanken die Paketmengen zwar etwas, da sich die Pandemiefolgen abschw\u00e4chten und die Menschen wieder mehr einkaufen gingen. Auch die konjunkturelle Eintr\u00fcbung machte sich bemerkbar. Daf\u00fcr zog aber das zuvor schw\u00e4chelnde Briefgesch\u00e4ft wegen steigender Werbesendungen an. Die Perspektiven des Logistikers sind in Zeiten des boomenden Online-Handels weiter positiv. Jedoch verweist das Unternehmen\u00a0\u2012 wie andere auch\u00a0\u2012 auf h\u00f6here Kosten, etwa f\u00fcr Energie.<\/p>\n<p>Die Deutsche Post betont, dass sie finanziellen\u00a0Spielraum f\u00fcr Investitionen brauche\u00a0\u2012 Investitionen, die die derzeitigen\u00a0Jobs langfristig absicherten. Stiegen die Personalkosten zu stark, k\u00f6nnte das Investitionen ausbremsen und so die Zukunft eintr\u00fcben.<\/p>\n<p>Verdi hingegen verweist auf die besonderen Leistungen der Belegschaft in Pandemiezeiten und auf die hohe Inflation, die eine kr\u00e4ftige Entgeltsteigerung erforderlich mache. &#8220;Die Streiks sind ein klares Zeichen unserer Mitglieder in Richtung Arbeitgeber&#8221;, sagte die Vize-Vorsitzende von\u00a0Verdi, Andrea Kocsis.<\/p>\n<p>Die Arbeitgeber h\u00e4tten in der zweiten Tarifverhandlungsrunde in der vergangenen Woche deutlich gemacht, dass sie nicht bereit und auch nicht in der Lage seien, die Reallohnverluste der Besch\u00e4ftigten auszugleichen, sagte die Gewerkschafterin. &#8220;Das ist eine Provokation, auf die die Besch\u00e4ftigten mit ihren Streiks eine unmissverst\u00e4ndliche Antwort geben.&#8221; Der Konzern erwarte f\u00fcr 2022 einen Rekordgewinn.<\/p>\n<blockquote>\n<p><em>&#8220;Diesen Erfolg verdankt das Unternehmen der Arbeit der Besch\u00e4ftigten&#8221;, <\/em><\/p>\n<\/blockquote>\n<p>so Kocsis. Auch vor diesem Hintergrund seien die Tarifforderungen &#8220;notwendig, gerecht und machbar&#8221;.<\/p>\n<p>\u00dcber die Diskrepanz zwischen denjenigen, die den Wert erwirtschaften, und denen, die davon tats\u00e4chlich profitieren, zeugen auch Zahlen hinsichtlich des Ruhestandes. Frank Appel, Vorstandschef der Deutschen Post, konnte laut einem Bericht der <em>Welt<\/em> bereits mit unter 60 Jahren \u2013 ohne weiter zu arbeiten \u2013 von seinen Bez\u00fcgen in H\u00f6he von rund <a rel=\"nofollow noopener\" target=\"_blank\" href=\"https:\/\/fromrussiawithlove.rtde.world\/inland\/104533-uppige-gehalter-und-saftige-renten\/\">einer Million Euro pro Jahr<\/a> leben. Der Post-Chef war einer der Corona-Krisengewinner, was ihm dank Boni eine <a rel=\"nofollow noopener\" target=\"_blank\" href=\"https:\/\/fromrussiawithlove.rtde.world\/inland\/116803-dax-bestverdiener-im-corona-jahr\/\">Verg\u00fctung von 10,03 Millionen Euro bescherte<\/a>.<\/p>\n<p><em>(dpa\/ rt de)<\/em><\/p>\n<\/div>\n<p><br \/>\n<br \/><a href=\"https:\/\/de.rt.com\/inland\/161111-postmann-klingelt-vorerst-nicht-tausende\/\">Source link <\/a><\/p>\n","protected":false},"excerpt":{"rendered":"<p>Tausende Brieftr\u00e4ger, Paketboten und andere Besch\u00e4ftigte der Deutschen Post streiken und bestehen auf ihrer Forderung nach mehr Lohn. Die Gewerkschaft verweist dabei neben der Inflation auch auf Gewinne des Konzerns. Briefe und Pakete werden sp\u00e4ter zugestellt. Im\u00a0Tarifstreit bei der Deutschen\u00a0Post haben erneut Tausende Brieftr\u00e4ger, Paketboten und andere Besch\u00e4ftigte die Arbeit niedergelegt, um ihrer\u00a0Forderung nach 15 [&hellip;]<\/p>\n","protected":false},"author":3,"featured_media":28759,"comment_status":"open","ping_status":"open","sticky":false,"template":"","format":"standard","meta":{"_yoast_indexnow_last_ping":["1674814794"],"wp_automatic_camp":["217"],"80a815377cbf319ca4aa254a1cac9688":["Postmann klingelt vorerst nicht \u2012 Tausende Besch\u00e4ftigte streiken"],"original_link":["https:\/\/de.rt.com\/inland\/161111-postmann-klingelt-vorerst-nicht-tausende\/"],"_thumbnail_id":["28759"],"jnews_social_counter_last_update":["1777174439"],"_wptgpro_p2tg_sent2tg":["a:1:{i:23737;s:19:\"2023-01-27 12:21:04\";}"]},"categories":[19,23],"tags":[24739,39733,800,39732,39734,8460,30634],"yoast_head":"<!-- This site is optimized with the Yoast SEO Premium plugin v22.7 (Yoast SEO v22.7) - https:\/\/yoast.com\/wordpress\/plugins\/seo\/ -->\n<title>Postmann klingelt vorerst nicht \u2012 Tausende Besch\u00e4ftigte streiken - just-now.NEWS Deutschland<\/title>\n<meta name=\"robots\" content=\"index, follow, max-snippet:-1, max-image-preview:large, max-video-preview:-1\" \/>\n<link rel=\"canonical\" href=\"https:\/\/now-news.de\/de\/deutschland\/postmann-klingelt-vorerst-nicht-\u2012-tausende-beschaeftigte-streiken\/\" \/>\n<meta property=\"og:locale\" content=\"de_DE\" \/>\n<meta property=\"og:type\" content=\"article\" \/>\n<meta property=\"og:title\" content=\"Postmann klingelt vorerst nicht \u2012 Tausende Besch\u00e4ftigte streiken\" \/>\n<meta property=\"og:description\" content=\"Tausende Brieftr\u00e4ger, Paketboten und andere Besch\u00e4ftigte der Deutschen Post streiken und bestehen auf ihrer Forderung nach mehr Lohn. Die Gewerkschaft verweist dabei neben der Inflation auch auf Gewinne des Konzerns. Briefe und Pakete werden sp\u00e4ter zugestellt. Im\u00a0Tarifstreit bei der Deutschen\u00a0Post haben erneut Tausende Brieftr\u00e4ger, Paketboten und andere Besch\u00e4ftigte die Arbeit niedergelegt, um ihrer\u00a0Forderung nach 15 [&hellip;]\" \/>\n<meta property=\"og:url\" content=\"https:\/\/now-news.de\/de\/deutschland\/postmann-klingelt-vorerst-nicht-\u2012-tausende-beschaeftigte-streiken\/\" \/>\n<meta property=\"og:site_name\" content=\"just-now.NEWS Deutschland\" \/>\n<meta property=\"article:publisher\" content=\"https:\/\/www.facebook.com\/wirmachenauf\" \/>\n<meta property=\"article:published_time\" content=\"2023-01-27T10:10:24+00:00\" \/>\n<meta property=\"og:image\" content=\"https:\/\/now-news.de\/de\/wp-content\/uploads\/sites\/3\/2023\/01\/Postmann-klingelt-vorerst-nicht-\u2012-Tausende-Beschaeftigte-streiken.jpg\" \/>\n\t<meta property=\"og:image:width\" content=\"460\" \/>\n\t<meta property=\"og:image:height\" content=\"259\" \/>\n\t<meta property=\"og:image:type\" content=\"image\/jpeg\" \/>\n<meta name=\"author\" content=\"rtnews\" \/>\n<meta name=\"twitter:card\" content=\"summary_large_image\" \/>\n<meta name=\"twitter:creator\" content=\"@WirMachenAuf_de\" \/>\n<meta name=\"twitter:site\" content=\"@WirMachenAuf_de\" \/>\n<meta name=\"twitter:label1\" content=\"Verfasst von\" \/>\n\t<meta name=\"twitter:data1\" content=\"rtnews\" \/>\n\t<meta name=\"twitter:label2\" content=\"Gesch\u00e4tzte Lesezeit\" \/>\n\t<meta name=\"twitter:data2\" content=\"3\u00a0Minuten\" \/>\n<script type=\"application\/ld+json\" class=\"yoast-schema-graph\">{\"@context\":\"https:\/\/schema.org\",\"@graph\":[{\"@type\":\"Article\",\"@id\":\"https:\/\/now-news.de\/de\/deutschland\/postmann-klingelt-vorerst-nicht-%e2%80%92-tausende-beschaeftigte-streiken\/#article\",\"isPartOf\":{\"@id\":\"https:\/\/now-news.de\/de\/deutschland\/postmann-klingelt-vorerst-nicht-%e2%80%92-tausende-beschaeftigte-streiken\/\"},\"author\":{\"name\":\"rtnews\",\"@id\":\"https:\/\/now-news.de\/de\/#\/schema\/person\/fb534a4e865501d8b3285208df34a9b5\"},\"headline\":\"Postmann klingelt vorerst nicht \u2012 Tausende Besch\u00e4ftigte streiken\",\"datePublished\":\"2023-01-27T10:10:24+00:00\",\"dateModified\":\"2023-01-27T10:10:24+00:00\",\"mainEntityOfPage\":{\"@id\":\"https:\/\/now-news.de\/de\/deutschland\/postmann-klingelt-vorerst-nicht-%e2%80%92-tausende-beschaeftigte-streiken\/\"},\"wordCount\":692,\"commentCount\":0,\"publisher\":{\"@id\":\"https:\/\/now-news.de\/de\/#organization\"},\"image\":{\"@id\":\"https:\/\/now-news.de\/de\/deutschland\/postmann-klingelt-vorerst-nicht-%e2%80%92-tausende-beschaeftigte-streiken\/#primaryimage\"},\"thumbnailUrl\":\"https:\/\/now-news.de\/de\/wp-content\/uploads\/sites\/3\/2023\/01\/Postmann-klingelt-vorerst-nicht-\u2012-Tausende-Beschaeftigte-streiken.jpg\",\"keywords\":[\"Besch\u00e4ftigte\",\"klingelt\",\"nicht\",\"Postmann\",\"streiken\",\"Tausende\",\"vorerst\"],\"articleSection\":[\"Deutschland\",\"Russland\"],\"inLanguage\":\"de\",\"potentialAction\":[{\"@type\":\"CommentAction\",\"name\":\"Comment\",\"target\":[\"https:\/\/now-news.de\/de\/deutschland\/postmann-klingelt-vorerst-nicht-%e2%80%92-tausende-beschaeftigte-streiken\/#respond\"]}]},{\"@type\":\"WebPage\",\"@id\":\"https:\/\/now-news.de\/de\/deutschland\/postmann-klingelt-vorerst-nicht-%e2%80%92-tausende-beschaeftigte-streiken\/\",\"url\":\"https:\/\/now-news.de\/de\/deutschland\/postmann-klingelt-vorerst-nicht-%e2%80%92-tausende-beschaeftigte-streiken\/\",\"name\":\"Postmann klingelt vorerst nicht \u2012 Tausende Besch\u00e4ftigte streiken - just-now.NEWS Deutschland\",\"isPartOf\":{\"@id\":\"https:\/\/now-news.de\/de\/#website\"},\"primaryImageOfPage\":{\"@id\":\"https:\/\/now-news.de\/de\/deutschland\/postmann-klingelt-vorerst-nicht-%e2%80%92-tausende-beschaeftigte-streiken\/#primaryimage\"},\"image\":{\"@id\":\"https:\/\/now-news.de\/de\/deutschland\/postmann-klingelt-vorerst-nicht-%e2%80%92-tausende-beschaeftigte-streiken\/#primaryimage\"},\"thumbnailUrl\":\"https:\/\/now-news.de\/de\/wp-content\/uploads\/sites\/3\/2023\/01\/Postmann-klingelt-vorerst-nicht-\u2012-Tausende-Beschaeftigte-streiken.jpg\",\"datePublished\":\"2023-01-27T10:10:24+00:00\",\"dateModified\":\"2023-01-27T10:10:24+00:00\",\"breadcrumb\":{\"@id\":\"https:\/\/now-news.de\/de\/deutschland\/postmann-klingelt-vorerst-nicht-%e2%80%92-tausende-beschaeftigte-streiken\/#breadcrumb\"},\"inLanguage\":\"de\",\"potentialAction\":[{\"@type\":\"ReadAction\",\"target\":[\"https:\/\/now-news.de\/de\/deutschland\/postmann-klingelt-vorerst-nicht-%e2%80%92-tausende-beschaeftigte-streiken\/\"]}]},{\"@type\":\"ImageObject\",\"inLanguage\":\"de\",\"@id\":\"https:\/\/now-news.de\/de\/deutschland\/postmann-klingelt-vorerst-nicht-%e2%80%92-tausende-beschaeftigte-streiken\/#primaryimage\",\"url\":\"https:\/\/now-news.de\/de\/wp-content\/uploads\/sites\/3\/2023\/01\/Postmann-klingelt-vorerst-nicht-\u2012-Tausende-Beschaeftigte-streiken.jpg\",\"contentUrl\":\"https:\/\/now-news.de\/de\/wp-content\/uploads\/sites\/3\/2023\/01\/Postmann-klingelt-vorerst-nicht-\u2012-Tausende-Beschaeftigte-streiken.jpg\",\"width\":460,\"height\":259,\"caption\":\"Postmann klingelt vorerst nicht \u2012 Tausende Besch\u00e4ftigte streiken\"},{\"@type\":\"BreadcrumbList\",\"@id\":\"https:\/\/now-news.de\/de\/deutschland\/postmann-klingelt-vorerst-nicht-%e2%80%92-tausende-beschaeftigte-streiken\/#breadcrumb\",\"itemListElement\":[{\"@type\":\"ListItem\",\"position\":1,\"name\":\"Home\",\"item\":\"https:\/\/now-news.de\/de\/\"},{\"@type\":\"ListItem\",\"position\":2,\"name\":\"Postmann klingelt vorerst nicht \u2012 Tausende Besch\u00e4ftigte streiken\"}]},{\"@type\":\"WebSite\",\"@id\":\"https:\/\/now-news.de\/de\/#website\",\"url\":\"https:\/\/now-news.de\/de\/\",\"name\":\"just-now.NEWS Deutschland\",\"description\":\"Das Portal f\u00fcr unzensierte Nachrichten aus der Welt\",\"publisher\":{\"@id\":\"https:\/\/now-news.de\/de\/#organization\"},\"potentialAction\":[{\"@type\":\"SearchAction\",\"target\":{\"@type\":\"EntryPoint\",\"urlTemplate\":\"https:\/\/now-news.de\/de\/?s={search_term_string}\"},\"query-input\":\"required name=search_term_string\"}],\"inLanguage\":\"de\"},{\"@type\":\"Organization\",\"@id\":\"https:\/\/now-news.de\/de\/#organization\",\"name\":\"Just Now News\",\"url\":\"https:\/\/now-news.de\/de\/\",\"logo\":{\"@type\":\"ImageObject\",\"inLanguage\":\"de\",\"@id\":\"https:\/\/now-news.de\/de\/#\/schema\/logo\/image\/\",\"url\":\"http:\/\/just-now.news\/de\/wp-content\/uploads\/sites\/3\/2022\/04\/logo500x500.jpg\",\"contentUrl\":\"http:\/\/just-now.news\/de\/wp-content\/uploads\/sites\/3\/2022\/04\/logo500x500.jpg\",\"width\":500,\"height\":500,\"caption\":\"Just Now News\"},\"image\":{\"@id\":\"https:\/\/now-news.de\/de\/#\/schema\/logo\/image\/\"},\"sameAs\":[\"https:\/\/www.facebook.com\/wirmachenauf\",\"https:\/\/x.com\/WirMachenAuf_de\"]},{\"@type\":\"Person\",\"@id\":\"https:\/\/now-news.de\/de\/#\/schema\/person\/fb534a4e865501d8b3285208df34a9b5\",\"name\":\"rtnews\",\"image\":{\"@type\":\"ImageObject\",\"inLanguage\":\"de\",\"@id\":\"https:\/\/now-news.de\/de\/#\/schema\/person\/image\/\",\"url\":\"https:\/\/secure.gravatar.com\/avatar\/82aafea7d8127119dd649515f56e2117?s=96&d=mm&r=g\",\"contentUrl\":\"https:\/\/secure.gravatar.com\/avatar\/82aafea7d8127119dd649515f56e2117?s=96&d=mm&r=g\",\"caption\":\"rtnews\"},\"url\":\"https:\/\/now-news.de\/de\/author\/rnews\/\"}]}<\/script>\n<!-- \/ Yoast SEO Premium plugin. -->","yoast_head_json":{"title":"Postmann klingelt vorerst nicht \u2012 Tausende Besch\u00e4ftigte streiken - just-now.NEWS Deutschland","robots":{"index":"index","follow":"follow","max-snippet":"max-snippet:-1","max-image-preview":"max-image-preview:large","max-video-preview":"max-video-preview:-1"},"canonical":"https:\/\/now-news.de\/de\/deutschland\/postmann-klingelt-vorerst-nicht-\u2012-tausende-beschaeftigte-streiken\/","og_locale":"de_DE","og_type":"article","og_title":"Postmann klingelt vorerst nicht \u2012 Tausende Besch\u00e4ftigte streiken","og_description":"Tausende Brieftr\u00e4ger, Paketboten und andere Besch\u00e4ftigte der Deutschen Post streiken und bestehen auf ihrer Forderung nach mehr Lohn. Die Gewerkschaft verweist dabei neben der Inflation auch auf Gewinne des Konzerns. Briefe und Pakete werden sp\u00e4ter zugestellt. Im\u00a0Tarifstreit bei der Deutschen\u00a0Post haben erneut Tausende Brieftr\u00e4ger, Paketboten und andere Besch\u00e4ftigte die Arbeit niedergelegt, um ihrer\u00a0Forderung nach 15 [&hellip;]","og_url":"https:\/\/now-news.de\/de\/deutschland\/postmann-klingelt-vorerst-nicht-\u2012-tausende-beschaeftigte-streiken\/","og_site_name":"just-now.NEWS Deutschland","article_publisher":"https:\/\/www.facebook.com\/wirmachenauf","article_published_time":"2023-01-27T10:10:24+00:00","og_image":[{"width":460,"height":259,"url":"https:\/\/now-news.de\/de\/wp-content\/uploads\/sites\/3\/2023\/01\/Postmann-klingelt-vorerst-nicht-\u2012-Tausende-Beschaeftigte-streiken.jpg","type":"image\/jpeg"}],"author":"rtnews","twitter_card":"summary_large_image","twitter_creator":"@WirMachenAuf_de","twitter_site":"@WirMachenAuf_de","twitter_misc":{"Verfasst von":"rtnews","Gesch\u00e4tzte Lesezeit":"3\u00a0Minuten"},"schema":{"@context":"https:\/\/schema.org","@graph":[{"@type":"Article","@id":"https:\/\/now-news.de\/de\/deutschland\/postmann-klingelt-vorerst-nicht-%e2%80%92-tausende-beschaeftigte-streiken\/#article","isPartOf":{"@id":"https:\/\/now-news.de\/de\/deutschland\/postmann-klingelt-vorerst-nicht-%e2%80%92-tausende-beschaeftigte-streiken\/"},"author":{"name":"rtnews","@id":"https:\/\/now-news.de\/de\/#\/schema\/person\/fb534a4e865501d8b3285208df34a9b5"},"headline":"Postmann klingelt vorerst nicht \u2012 Tausende Besch\u00e4ftigte streiken","datePublished":"2023-01-27T10:10:24+00:00","dateModified":"2023-01-27T10:10:24+00:00","mainEntityOfPage":{"@id":"https:\/\/now-news.de\/de\/deutschland\/postmann-klingelt-vorerst-nicht-%e2%80%92-tausende-beschaeftigte-streiken\/"},"wordCount":692,"commentCount":0,"publisher":{"@id":"https:\/\/now-news.de\/de\/#organization"},"image":{"@id":"https:\/\/now-news.de\/de\/deutschland\/postmann-klingelt-vorerst-nicht-%e2%80%92-tausende-beschaeftigte-streiken\/#primaryimage"},"thumbnailUrl":"https:\/\/now-news.de\/de\/wp-content\/uploads\/sites\/3\/2023\/01\/Postmann-klingelt-vorerst-nicht-\u2012-Tausende-Beschaeftigte-streiken.jpg","keywords":["Besch\u00e4ftigte","klingelt","nicht","Postmann","streiken","Tausende","vorerst"],"articleSection":["Deutschland","Russland"],"inLanguage":"de","potentialAction":[{"@type":"CommentAction","name":"Comment","target":["https:\/\/now-news.de\/de\/deutschland\/postmann-klingelt-vorerst-nicht-%e2%80%92-tausende-beschaeftigte-streiken\/#respond"]}]},{"@type":"WebPage","@id":"https:\/\/now-news.de\/de\/deutschland\/postmann-klingelt-vorerst-nicht-%e2%80%92-tausende-beschaeftigte-streiken\/","url":"https:\/\/now-news.de\/de\/deutschland\/postmann-klingelt-vorerst-nicht-%e2%80%92-tausende-beschaeftigte-streiken\/","name":"Postmann klingelt vorerst nicht \u2012 Tausende Besch\u00e4ftigte streiken - just-now.NEWS Deutschland","isPartOf":{"@id":"https:\/\/now-news.de\/de\/#website"},"primaryImageOfPage":{"@id":"https:\/\/now-news.de\/de\/deutschland\/postmann-klingelt-vorerst-nicht-%e2%80%92-tausende-beschaeftigte-streiken\/#primaryimage"},"image":{"@id":"https:\/\/now-news.de\/de\/deutschland\/postmann-klingelt-vorerst-nicht-%e2%80%92-tausende-beschaeftigte-streiken\/#primaryimage"},"thumbnailUrl":"https:\/\/now-news.de\/de\/wp-content\/uploads\/sites\/3\/2023\/01\/Postmann-klingelt-vorerst-nicht-\u2012-Tausende-Beschaeftigte-streiken.jpg","datePublished":"2023-01-27T10:10:24+00:00","dateModified":"2023-01-27T10:10:24+00:00","breadcrumb":{"@id":"https:\/\/now-news.de\/de\/deutschland\/postmann-klingelt-vorerst-nicht-%e2%80%92-tausende-beschaeftigte-streiken\/#breadcrumb"},"inLanguage":"de","potentialAction":[{"@type":"ReadAction","target":["https:\/\/now-news.de\/de\/deutschland\/postmann-klingelt-vorerst-nicht-%e2%80%92-tausende-beschaeftigte-streiken\/"]}]},{"@type":"ImageObject","inLanguage":"de","@id":"https:\/\/now-news.de\/de\/deutschland\/postmann-klingelt-vorerst-nicht-%e2%80%92-tausende-beschaeftigte-streiken\/#primaryimage","url":"https:\/\/now-news.de\/de\/wp-content\/uploads\/sites\/3\/2023\/01\/Postmann-klingelt-vorerst-nicht-\u2012-Tausende-Beschaeftigte-streiken.jpg","contentUrl":"https:\/\/now-news.de\/de\/wp-content\/uploads\/sites\/3\/2023\/01\/Postmann-klingelt-vorerst-nicht-\u2012-Tausende-Beschaeftigte-streiken.jpg","width":460,"height":259,"caption":"Postmann klingelt vorerst nicht \u2012 Tausende Besch\u00e4ftigte streiken"},{"@type":"BreadcrumbList","@id":"https:\/\/now-news.de\/de\/deutschland\/postmann-klingelt-vorerst-nicht-%e2%80%92-tausende-beschaeftigte-streiken\/#breadcrumb","itemListElement":[{"@type":"ListItem","position":1,"name":"Home","item":"https:\/\/now-news.de\/de\/"},{"@type":"ListItem","position":2,"name":"Postmann klingelt vorerst nicht \u2012 Tausende Besch\u00e4ftigte streiken"}]},{"@type":"WebSite","@id":"https:\/\/now-news.de\/de\/#website","url":"https:\/\/now-news.de\/de\/","name":"just-now.NEWS Deutschland","description":"Das Portal f\u00fcr unzensierte Nachrichten aus der Welt","publisher":{"@id":"https:\/\/now-news.de\/de\/#organization"},"potentialAction":[{"@type":"SearchAction","target":{"@type":"EntryPoint","urlTemplate":"https:\/\/now-news.de\/de\/?s={search_term_string}"},"query-input":"required name=search_term_string"}],"inLanguage":"de"},{"@type":"Organization","@id":"https:\/\/now-news.de\/de\/#organization","name":"Just Now News","url":"https:\/\/now-news.de\/de\/","logo":{"@type":"ImageObject","inLanguage":"de","@id":"https:\/\/now-news.de\/de\/#\/schema\/logo\/image\/","url":"http:\/\/just-now.news\/de\/wp-content\/uploads\/sites\/3\/2022\/04\/logo500x500.jpg","contentUrl":"http:\/\/just-now.news\/de\/wp-content\/uploads\/sites\/3\/2022\/04\/logo500x500.jpg","width":500,"height":500,"caption":"Just Now News"},"image":{"@id":"https:\/\/now-news.de\/de\/#\/schema\/logo\/image\/"},"sameAs":["https:\/\/www.facebook.com\/wirmachenauf","https:\/\/x.com\/WirMachenAuf_de"]},{"@type":"Person","@id":"https:\/\/now-news.de\/de\/#\/schema\/person\/fb534a4e865501d8b3285208df34a9b5","name":"rtnews","image":{"@type":"ImageObject","inLanguage":"de","@id":"https:\/\/now-news.de\/de\/#\/schema\/person\/image\/","url":"https:\/\/secure.gravatar.com\/avatar\/82aafea7d8127119dd649515f56e2117?s=96&d=mm&r=g","contentUrl":"https:\/\/secure.gravatar.com\/avatar\/82aafea7d8127119dd649515f56e2117?s=96&d=mm&r=g","caption":"rtnews"},"url":"https:\/\/now-news.de\/de\/author\/rnews\/"}]}},"_links":{"self":[{"href":"https:\/\/now-news.de\/de\/wp-json\/wp\/v2\/posts\/28758"}],"collection":[{"href":"https:\/\/now-news.de\/de\/wp-json\/wp\/v2\/posts"}],"about":[{"href":"https:\/\/now-news.de\/de\/wp-json\/wp\/v2\/types\/post"}],"author":[{"embeddable":true,"href":"https:\/\/now-news.de\/de\/wp-json\/wp\/v2\/users\/3"}],"replies":[{"embeddable":true,"href":"https:\/\/now-news.de\/de\/wp-json\/wp\/v2\/comments?post=28758"}],"version-history":[{"count":0,"href":"https:\/\/now-news.de\/de\/wp-json\/wp\/v2\/posts\/28758\/revisions"}],"wp:featuredmedia":[{"embeddable":true,"href":"https:\/\/now-news.de\/de\/wp-json\/wp\/v2\/media\/28759"}],"wp:attachment":[{"href":"https:\/\/now-news.de\/de\/wp-json\/wp\/v2\/media?parent=28758"}],"wp:term":[{"taxonomy":"category","embeddable":true,"href":"https:\/\/now-news.de\/de\/wp-json\/wp\/v2\/categories?post=28758"},{"taxonomy":"post_tag","embeddable":true,"href":"https:\/\/now-news.de\/de\/wp-json\/wp\/v2\/tags?post=28758"}],"curies":[{"name":"wp","href":"https:\/\/api.w.org\/{rel}","templated":true}]}}