{"id":28746,"date":"2023-01-27T07:30:26","date_gmt":"2023-01-27T05:30:26","guid":{"rendered":"https:\/\/just-now.news\/de\/deutschland\/scott-ritter-im-interview-das-letzte-was-die-regierung-will-ist-dass-man-eigenstaendig-denkt\/"},"modified":"2023-01-27T07:30:26","modified_gmt":"2023-01-27T05:30:26","slug":"scott-ritter-im-interview-das-letzte-was-die-regierung-will-ist-dass-man-eigenstaendig-denkt","status":"publish","type":"post","link":"https:\/\/now-news.de\/de\/deutschland\/scott-ritter-im-interview-das-letzte-was-die-regierung-will-ist-dass-man-eigenstaendig-denkt\/","title":{"rendered":"Scott Ritter im Interview: &quot;Das Letzte, was die Regierung will, ist, dass man eigenst\u00e4ndig denkt&quot;"},"content":{"rendered":"<p><img decoding=\"async\" src=\"http:\/\/just-now.news\/de\/wp-content\/uploads\/sites\/3\/2023\/01\/63d2e5c0b480cc1c40179584.jpg\" \/><\/p>\n<div class=\"Text-root Text-type_1 \">\n                Scott Ritter, ehemaliger US-Milit\u00e4r und Waffenexperte, diskutiert mit Diane Sare, der unabh\u00e4ngigen Kandidatin f\u00fcr den US-Senat, dar\u00fcber, wie es aktuell um die Pressefreiheit im Westen bestellt ist.\n            <\/div>\n<p><\/p>\n<div class=\"Text-root Text-type_5 ArticleView-text ViewText-root \">\n<p>Es ist kein Geheimnis, dass Kritiker und Gegner des im Westen vorherrschenden Kurses der Medien und Politik zunehmend diffamiert werden und das oft auf plumpeste Art und Weise. Kaum ausgesprochen oder an einem Protest teilgenommen, ist man schon ein &#8220;Putin-Versteher&#8221;, ein &#8220;Naivling&#8221;, ein &#8220;Leugner von Kriegsverbrechen&#8221; oder gar ein &#8220;Nazi&#8221;. Mit gesunder Debattenkultur hat das jedoch nichts mehr zu tun \u2013 unterdessen wird der zugelassene Meinungskorridor enger und somit die Meinungsfreiheit immer eingeschr\u00e4nkter.<\/p>\n<p>Scott Ritter, ehemaliger US-Milit\u00e4r und Waffenexperte, ist einer dieser unliebsamen Meinungstr\u00e4ger. Auch Diane Sare, die unabh\u00e4ngige Kandidatin f\u00fcr den US-Senat, ist eine scharfe Kritikerin des westlichen Kurses und sieht sich mit Widerstand konfrontiert. Beide diskutieren dar\u00fcber, wie es aktuell um die Pressefreiheit im Westen bestellt ist. So wurde Ritter beispielsweise erst k\u00fcrzlich in einem Artikel des <em>Wall Street Journal<\/em> erw\u00e4hnt, in dem es um Putins Propagandisten gehe:<\/p>\n<blockquote>\n<p><em>&#8220;Es ist immer wieder interessant zu beobachten, wie Journalisten, die Experten in nichts, buchst\u00e4blich in gar nichts, sind, [&#8230;] sagen, dass ich irre und sie recht haben.&#8221;<\/em><\/p>\n<\/blockquote>\n<p>Wenn die Journalisten genauer recherchiert h\u00e4tten, h\u00e4tten sie festgestellt, dass er auf der Liste des &#8220;Zentrums zur Bek\u00e4mpfung f\u00fcr Desinformation&#8221; stehe und als &#8220;Informationsterrorist&#8221; und &#8220;russischer Propagandist&#8221; dargestellt wurde, so Ritter. Einer der Vorw\u00fcrfe war, dass er den Krieg in der Ukraine als Stellvertreterkrieg zwischen der NATO und Russland bezeichnet habe. Ironischerweise hatte der ukrainische Verteidigungsminister dies allerdings erst k\u00fcrzlich ebenfalls gesagt:<\/p>\n<blockquote>\n<p><em>&#8220;Der Unterschied ist, dass ich dies bereits im M\u00e4rz richtig festgestellt habe, er hingegen scheint ein wenig sp\u00e4t dran zu sein.&#8221;<\/em><\/p>\n<\/blockquote>\n<p><strong>Mehr zum Thema <\/strong>&#8211;\u00a0<a rel=\"nofollow noopener\" target=\"_blank\" href=\"https:\/\/test.rtde.life\/kurzclips\/video\/156721-scott-ritter-deutschland-ist-nur\/\">Scott Ritter: Deutschland ist nur eine Prostituierte der USA, genauso wie die anderen EU-Staaten<\/a><\/p>\n<\/div>\n<p><br \/>\n<br \/><a href=\"https:\/\/de.rt.com\/international\/161120-scott-ritter-im-interview-letzte\/\">Source link <\/a><\/p>\n","protected":false},"excerpt":{"rendered":"<p>Scott Ritter, ehemaliger US-Milit\u00e4r und Waffenexperte, diskutiert mit Diane Sare, der unabh\u00e4ngigen Kandidatin f\u00fcr den US-Senat, dar\u00fcber, wie es aktuell um die Pressefreiheit im Westen bestellt ist. Es ist kein Geheimnis, dass Kritiker und Gegner des im Westen vorherrschenden Kurses der Medien und Politik zunehmend diffamiert werden und das oft auf plumpeste Art und Weise. [&hellip;]<\/p>\n","protected":false},"author":3,"featured_media":28747,"comment_status":"open","ping_status":"open","sticky":false,"template":"","format":"standard","meta":{"_yoast_indexnow_last_ping":["1674798417"],"wp_automatic_camp":["217"],"ab8749306aedf4bc13de0fed21ddb5a5":["Scott Ritter im Interview: &quot;Das Letzte, was die Regierung will, ist, dass man eigenst\u00e4ndig denkt&quot;"],"original_link":["https:\/\/de.rt.com\/international\/161120-scott-ritter-im-interview-letzte\/"],"_thumbnail_id":["28747"],"jnews_social_counter_last_update":["1777196385"],"_wptgpro_p2tg_sent2tg":["a:1:{i:23737;s:19:\"2023-01-27 07:47:57\";}"]},"categories":[19,23],"tags":[42,39728,45,39727,122,414,2109,3676,4209,46,24863,3221],"yoast_head":"<!-- This site is optimized with the Yoast SEO Premium plugin v22.7 (Yoast SEO v22.7) - https:\/\/yoast.com\/wordpress\/plugins\/seo\/ -->\n<title>Scott Ritter im Interview: &quot;Das Letzte, was die Regierung will, ist, dass man eigenst\u00e4ndig denkt&quot; - just-now.NEWS Deutschland<\/title>\n<meta name=\"robots\" content=\"index, follow, max-snippet:-1, max-image-preview:large, max-video-preview:-1\" \/>\n<link rel=\"canonical\" href=\"https:\/\/now-news.de\/de\/deutschland\/scott-ritter-im-interview-das-letzte-was-die-regierung-will-ist-dass-man-eigenstaendig-denkt\/\" \/>\n<meta property=\"og:locale\" content=\"de_DE\" \/>\n<meta property=\"og:type\" content=\"article\" \/>\n<meta property=\"og:title\" content=\"Scott Ritter im Interview: &quot;Das Letzte, was die Regierung will, ist, dass man eigenst\u00e4ndig denkt&quot;\" \/>\n<meta property=\"og:description\" content=\"Scott Ritter, ehemaliger US-Milit\u00e4r und Waffenexperte, diskutiert mit Diane Sare, der unabh\u00e4ngigen Kandidatin f\u00fcr den US-Senat, dar\u00fcber, wie es aktuell um die Pressefreiheit im Westen bestellt ist. Es ist kein Geheimnis, dass Kritiker und Gegner des im Westen vorherrschenden Kurses der Medien und Politik zunehmend diffamiert werden und das oft auf plumpeste Art und Weise. [&hellip;]\" \/>\n<meta property=\"og:url\" content=\"https:\/\/now-news.de\/de\/deutschland\/scott-ritter-im-interview-das-letzte-was-die-regierung-will-ist-dass-man-eigenstaendig-denkt\/\" \/>\n<meta property=\"og:site_name\" content=\"just-now.NEWS Deutschland\" \/>\n<meta property=\"article:publisher\" content=\"https:\/\/www.facebook.com\/wirmachenauf\" \/>\n<meta property=\"article:published_time\" content=\"2023-01-27T05:30:26+00:00\" \/>\n<meta property=\"og:image\" content=\"https:\/\/now-news.de\/de\/wp-content\/uploads\/sites\/3\/2023\/01\/Scott-Ritter-im-Interview-quotDas-Letzte-was-die-Regierung-will.jpg\" \/>\n\t<meta property=\"og:image:width\" content=\"460\" \/>\n\t<meta property=\"og:image:height\" content=\"259\" \/>\n\t<meta property=\"og:image:type\" content=\"image\/jpeg\" \/>\n<meta name=\"author\" content=\"rtnews\" \/>\n<meta name=\"twitter:card\" content=\"summary_large_image\" \/>\n<meta name=\"twitter:creator\" content=\"@WirMachenAuf_de\" \/>\n<meta name=\"twitter:site\" content=\"@WirMachenAuf_de\" \/>\n<meta name=\"twitter:label1\" content=\"Verfasst von\" \/>\n\t<meta name=\"twitter:data1\" content=\"rtnews\" \/>\n\t<meta name=\"twitter:label2\" content=\"Gesch\u00e4tzte Lesezeit\" \/>\n\t<meta name=\"twitter:data2\" content=\"2\u00a0Minuten\" \/>\n<script type=\"application\/ld+json\" class=\"yoast-schema-graph\">{\"@context\":\"https:\/\/schema.org\",\"@graph\":[{\"@type\":\"Article\",\"@id\":\"https:\/\/now-news.de\/de\/deutschland\/scott-ritter-im-interview-das-letzte-was-die-regierung-will-ist-dass-man-eigenstaendig-denkt\/#article\",\"isPartOf\":{\"@id\":\"https:\/\/now-news.de\/de\/deutschland\/scott-ritter-im-interview-das-letzte-was-die-regierung-will-ist-dass-man-eigenstaendig-denkt\/\"},\"author\":{\"name\":\"rtnews\",\"@id\":\"https:\/\/now-news.de\/de\/#\/schema\/person\/fb534a4e865501d8b3285208df34a9b5\"},\"headline\":\"Scott Ritter im Interview: &quot;Das Letzte, was die Regierung will, ist, dass man eigenst\u00e4ndig denkt&quot;\",\"datePublished\":\"2023-01-27T05:30:26+00:00\",\"dateModified\":\"2023-01-27T05:30:26+00:00\",\"mainEntityOfPage\":{\"@id\":\"https:\/\/now-news.de\/de\/deutschland\/scott-ritter-im-interview-das-letzte-was-die-regierung-will-ist-dass-man-eigenstaendig-denkt\/\"},\"wordCount\":335,\"commentCount\":0,\"publisher\":{\"@id\":\"https:\/\/now-news.de\/de\/#organization\"},\"image\":{\"@id\":\"https:\/\/now-news.de\/de\/deutschland\/scott-ritter-im-interview-das-letzte-was-die-regierung-will-ist-dass-man-eigenstaendig-denkt\/#primaryimage\"},\"thumbnailUrl\":\"https:\/\/now-news.de\/de\/wp-content\/uploads\/sites\/3\/2023\/01\/Scott-Ritter-im-Interview-quotDas-Letzte-was-die-Regierung-will.jpg\",\"keywords\":[\"dass\",\"denktquot\",\"die\",\"eigenst\u00e4ndig\",\"interview\",\"ist\",\"letzte\",\"Man\",\"quotDas\",\"Regierung\",\"Ritter\",\"Scott\"],\"articleSection\":[\"Deutschland\",\"Russland\"],\"inLanguage\":\"de\",\"potentialAction\":[{\"@type\":\"CommentAction\",\"name\":\"Comment\",\"target\":[\"https:\/\/now-news.de\/de\/deutschland\/scott-ritter-im-interview-das-letzte-was-die-regierung-will-ist-dass-man-eigenstaendig-denkt\/#respond\"]}]},{\"@type\":\"WebPage\",\"@id\":\"https:\/\/now-news.de\/de\/deutschland\/scott-ritter-im-interview-das-letzte-was-die-regierung-will-ist-dass-man-eigenstaendig-denkt\/\",\"url\":\"https:\/\/now-news.de\/de\/deutschland\/scott-ritter-im-interview-das-letzte-was-die-regierung-will-ist-dass-man-eigenstaendig-denkt\/\",\"name\":\"Scott Ritter im Interview: &quot;Das Letzte, was die Regierung will, ist, dass man eigenst\u00e4ndig denkt&quot; - just-now.NEWS Deutschland\",\"isPartOf\":{\"@id\":\"https:\/\/now-news.de\/de\/#website\"},\"primaryImageOfPage\":{\"@id\":\"https:\/\/now-news.de\/de\/deutschland\/scott-ritter-im-interview-das-letzte-was-die-regierung-will-ist-dass-man-eigenstaendig-denkt\/#primaryimage\"},\"image\":{\"@id\":\"https:\/\/now-news.de\/de\/deutschland\/scott-ritter-im-interview-das-letzte-was-die-regierung-will-ist-dass-man-eigenstaendig-denkt\/#primaryimage\"},\"thumbnailUrl\":\"https:\/\/now-news.de\/de\/wp-content\/uploads\/sites\/3\/2023\/01\/Scott-Ritter-im-Interview-quotDas-Letzte-was-die-Regierung-will.jpg\",\"datePublished\":\"2023-01-27T05:30:26+00:00\",\"dateModified\":\"2023-01-27T05:30:26+00:00\",\"breadcrumb\":{\"@id\":\"https:\/\/now-news.de\/de\/deutschland\/scott-ritter-im-interview-das-letzte-was-die-regierung-will-ist-dass-man-eigenstaendig-denkt\/#breadcrumb\"},\"inLanguage\":\"de\",\"potentialAction\":[{\"@type\":\"ReadAction\",\"target\":[\"https:\/\/now-news.de\/de\/deutschland\/scott-ritter-im-interview-das-letzte-was-die-regierung-will-ist-dass-man-eigenstaendig-denkt\/\"]}]},{\"@type\":\"ImageObject\",\"inLanguage\":\"de\",\"@id\":\"https:\/\/now-news.de\/de\/deutschland\/scott-ritter-im-interview-das-letzte-was-die-regierung-will-ist-dass-man-eigenstaendig-denkt\/#primaryimage\",\"url\":\"https:\/\/now-news.de\/de\/wp-content\/uploads\/sites\/3\/2023\/01\/Scott-Ritter-im-Interview-quotDas-Letzte-was-die-Regierung-will.jpg\",\"contentUrl\":\"https:\/\/now-news.de\/de\/wp-content\/uploads\/sites\/3\/2023\/01\/Scott-Ritter-im-Interview-quotDas-Letzte-was-die-Regierung-will.jpg\",\"width\":460,\"height\":259,\"caption\":\"Scott Ritter im Interview: &quot;Das Letzte, was die Regierung will, ist, dass man eigenst\u00e4ndig denkt&quot;\"},{\"@type\":\"BreadcrumbList\",\"@id\":\"https:\/\/now-news.de\/de\/deutschland\/scott-ritter-im-interview-das-letzte-was-die-regierung-will-ist-dass-man-eigenstaendig-denkt\/#breadcrumb\",\"itemListElement\":[{\"@type\":\"ListItem\",\"position\":1,\"name\":\"Home\",\"item\":\"https:\/\/now-news.de\/de\/\"},{\"@type\":\"ListItem\",\"position\":2,\"name\":\"Scott Ritter im Interview: &quot;Das Letzte, was die Regierung will, ist, dass man eigenst\u00e4ndig denkt&quot;\"}]},{\"@type\":\"WebSite\",\"@id\":\"https:\/\/now-news.de\/de\/#website\",\"url\":\"https:\/\/now-news.de\/de\/\",\"name\":\"just-now.NEWS Deutschland\",\"description\":\"Das Portal f\u00fcr unzensierte Nachrichten aus der Welt\",\"publisher\":{\"@id\":\"https:\/\/now-news.de\/de\/#organization\"},\"potentialAction\":[{\"@type\":\"SearchAction\",\"target\":{\"@type\":\"EntryPoint\",\"urlTemplate\":\"https:\/\/now-news.de\/de\/?s={search_term_string}\"},\"query-input\":\"required name=search_term_string\"}],\"inLanguage\":\"de\"},{\"@type\":\"Organization\",\"@id\":\"https:\/\/now-news.de\/de\/#organization\",\"name\":\"Just Now News\",\"url\":\"https:\/\/now-news.de\/de\/\",\"logo\":{\"@type\":\"ImageObject\",\"inLanguage\":\"de\",\"@id\":\"https:\/\/now-news.de\/de\/#\/schema\/logo\/image\/\",\"url\":\"http:\/\/just-now.news\/de\/wp-content\/uploads\/sites\/3\/2022\/04\/logo500x500.jpg\",\"contentUrl\":\"http:\/\/just-now.news\/de\/wp-content\/uploads\/sites\/3\/2022\/04\/logo500x500.jpg\",\"width\":500,\"height\":500,\"caption\":\"Just Now News\"},\"image\":{\"@id\":\"https:\/\/now-news.de\/de\/#\/schema\/logo\/image\/\"},\"sameAs\":[\"https:\/\/www.facebook.com\/wirmachenauf\",\"https:\/\/x.com\/WirMachenAuf_de\"]},{\"@type\":\"Person\",\"@id\":\"https:\/\/now-news.de\/de\/#\/schema\/person\/fb534a4e865501d8b3285208df34a9b5\",\"name\":\"rtnews\",\"image\":{\"@type\":\"ImageObject\",\"inLanguage\":\"de\",\"@id\":\"https:\/\/now-news.de\/de\/#\/schema\/person\/image\/\",\"url\":\"https:\/\/secure.gravatar.com\/avatar\/82aafea7d8127119dd649515f56e2117?s=96&d=mm&r=g\",\"contentUrl\":\"https:\/\/secure.gravatar.com\/avatar\/82aafea7d8127119dd649515f56e2117?s=96&d=mm&r=g\",\"caption\":\"rtnews\"},\"url\":\"https:\/\/now-news.de\/de\/author\/rnews\/\"}]}<\/script>\n<!-- \/ Yoast SEO Premium plugin. -->","yoast_head_json":{"title":"Scott Ritter im Interview: &quot;Das Letzte, was die Regierung will, ist, dass man eigenst\u00e4ndig denkt&quot; - just-now.NEWS Deutschland","robots":{"index":"index","follow":"follow","max-snippet":"max-snippet:-1","max-image-preview":"max-image-preview:large","max-video-preview":"max-video-preview:-1"},"canonical":"https:\/\/now-news.de\/de\/deutschland\/scott-ritter-im-interview-das-letzte-was-die-regierung-will-ist-dass-man-eigenstaendig-denkt\/","og_locale":"de_DE","og_type":"article","og_title":"Scott Ritter im Interview: &quot;Das Letzte, was die Regierung will, ist, dass man eigenst\u00e4ndig denkt&quot;","og_description":"Scott Ritter, ehemaliger US-Milit\u00e4r und Waffenexperte, diskutiert mit Diane Sare, der unabh\u00e4ngigen Kandidatin f\u00fcr den US-Senat, dar\u00fcber, wie es aktuell um die Pressefreiheit im Westen bestellt ist. Es ist kein Geheimnis, dass Kritiker und Gegner des im Westen vorherrschenden Kurses der Medien und Politik zunehmend diffamiert werden und das oft auf plumpeste Art und Weise. [&hellip;]","og_url":"https:\/\/now-news.de\/de\/deutschland\/scott-ritter-im-interview-das-letzte-was-die-regierung-will-ist-dass-man-eigenstaendig-denkt\/","og_site_name":"just-now.NEWS Deutschland","article_publisher":"https:\/\/www.facebook.com\/wirmachenauf","article_published_time":"2023-01-27T05:30:26+00:00","og_image":[{"width":460,"height":259,"url":"https:\/\/now-news.de\/de\/wp-content\/uploads\/sites\/3\/2023\/01\/Scott-Ritter-im-Interview-quotDas-Letzte-was-die-Regierung-will.jpg","type":"image\/jpeg"}],"author":"rtnews","twitter_card":"summary_large_image","twitter_creator":"@WirMachenAuf_de","twitter_site":"@WirMachenAuf_de","twitter_misc":{"Verfasst von":"rtnews","Gesch\u00e4tzte Lesezeit":"2\u00a0Minuten"},"schema":{"@context":"https:\/\/schema.org","@graph":[{"@type":"Article","@id":"https:\/\/now-news.de\/de\/deutschland\/scott-ritter-im-interview-das-letzte-was-die-regierung-will-ist-dass-man-eigenstaendig-denkt\/#article","isPartOf":{"@id":"https:\/\/now-news.de\/de\/deutschland\/scott-ritter-im-interview-das-letzte-was-die-regierung-will-ist-dass-man-eigenstaendig-denkt\/"},"author":{"name":"rtnews","@id":"https:\/\/now-news.de\/de\/#\/schema\/person\/fb534a4e865501d8b3285208df34a9b5"},"headline":"Scott Ritter im Interview: &quot;Das Letzte, was die Regierung will, ist, dass man eigenst\u00e4ndig denkt&quot;","datePublished":"2023-01-27T05:30:26+00:00","dateModified":"2023-01-27T05:30:26+00:00","mainEntityOfPage":{"@id":"https:\/\/now-news.de\/de\/deutschland\/scott-ritter-im-interview-das-letzte-was-die-regierung-will-ist-dass-man-eigenstaendig-denkt\/"},"wordCount":335,"commentCount":0,"publisher":{"@id":"https:\/\/now-news.de\/de\/#organization"},"image":{"@id":"https:\/\/now-news.de\/de\/deutschland\/scott-ritter-im-interview-das-letzte-was-die-regierung-will-ist-dass-man-eigenstaendig-denkt\/#primaryimage"},"thumbnailUrl":"https:\/\/now-news.de\/de\/wp-content\/uploads\/sites\/3\/2023\/01\/Scott-Ritter-im-Interview-quotDas-Letzte-was-die-Regierung-will.jpg","keywords":["dass","denktquot","die","eigenst\u00e4ndig","interview","ist","letzte","Man","quotDas","Regierung","Ritter","Scott"],"articleSection":["Deutschland","Russland"],"inLanguage":"de","potentialAction":[{"@type":"CommentAction","name":"Comment","target":["https:\/\/now-news.de\/de\/deutschland\/scott-ritter-im-interview-das-letzte-was-die-regierung-will-ist-dass-man-eigenstaendig-denkt\/#respond"]}]},{"@type":"WebPage","@id":"https:\/\/now-news.de\/de\/deutschland\/scott-ritter-im-interview-das-letzte-was-die-regierung-will-ist-dass-man-eigenstaendig-denkt\/","url":"https:\/\/now-news.de\/de\/deutschland\/scott-ritter-im-interview-das-letzte-was-die-regierung-will-ist-dass-man-eigenstaendig-denkt\/","name":"Scott Ritter im Interview: &quot;Das Letzte, was die Regierung will, ist, dass man eigenst\u00e4ndig denkt&quot; - just-now.NEWS Deutschland","isPartOf":{"@id":"https:\/\/now-news.de\/de\/#website"},"primaryImageOfPage":{"@id":"https:\/\/now-news.de\/de\/deutschland\/scott-ritter-im-interview-das-letzte-was-die-regierung-will-ist-dass-man-eigenstaendig-denkt\/#primaryimage"},"image":{"@id":"https:\/\/now-news.de\/de\/deutschland\/scott-ritter-im-interview-das-letzte-was-die-regierung-will-ist-dass-man-eigenstaendig-denkt\/#primaryimage"},"thumbnailUrl":"https:\/\/now-news.de\/de\/wp-content\/uploads\/sites\/3\/2023\/01\/Scott-Ritter-im-Interview-quotDas-Letzte-was-die-Regierung-will.jpg","datePublished":"2023-01-27T05:30:26+00:00","dateModified":"2023-01-27T05:30:26+00:00","breadcrumb":{"@id":"https:\/\/now-news.de\/de\/deutschland\/scott-ritter-im-interview-das-letzte-was-die-regierung-will-ist-dass-man-eigenstaendig-denkt\/#breadcrumb"},"inLanguage":"de","potentialAction":[{"@type":"ReadAction","target":["https:\/\/now-news.de\/de\/deutschland\/scott-ritter-im-interview-das-letzte-was-die-regierung-will-ist-dass-man-eigenstaendig-denkt\/"]}]},{"@type":"ImageObject","inLanguage":"de","@id":"https:\/\/now-news.de\/de\/deutschland\/scott-ritter-im-interview-das-letzte-was-die-regierung-will-ist-dass-man-eigenstaendig-denkt\/#primaryimage","url":"https:\/\/now-news.de\/de\/wp-content\/uploads\/sites\/3\/2023\/01\/Scott-Ritter-im-Interview-quotDas-Letzte-was-die-Regierung-will.jpg","contentUrl":"https:\/\/now-news.de\/de\/wp-content\/uploads\/sites\/3\/2023\/01\/Scott-Ritter-im-Interview-quotDas-Letzte-was-die-Regierung-will.jpg","width":460,"height":259,"caption":"Scott Ritter im Interview: &quot;Das Letzte, was die Regierung will, ist, dass man eigenst\u00e4ndig denkt&quot;"},{"@type":"BreadcrumbList","@id":"https:\/\/now-news.de\/de\/deutschland\/scott-ritter-im-interview-das-letzte-was-die-regierung-will-ist-dass-man-eigenstaendig-denkt\/#breadcrumb","itemListElement":[{"@type":"ListItem","position":1,"name":"Home","item":"https:\/\/now-news.de\/de\/"},{"@type":"ListItem","position":2,"name":"Scott Ritter im Interview: &quot;Das Letzte, was die Regierung will, ist, dass man eigenst\u00e4ndig denkt&quot;"}]},{"@type":"WebSite","@id":"https:\/\/now-news.de\/de\/#website","url":"https:\/\/now-news.de\/de\/","name":"just-now.NEWS Deutschland","description":"Das Portal f\u00fcr unzensierte Nachrichten aus der Welt","publisher":{"@id":"https:\/\/now-news.de\/de\/#organization"},"potentialAction":[{"@type":"SearchAction","target":{"@type":"EntryPoint","urlTemplate":"https:\/\/now-news.de\/de\/?s={search_term_string}"},"query-input":"required name=search_term_string"}],"inLanguage":"de"},{"@type":"Organization","@id":"https:\/\/now-news.de\/de\/#organization","name":"Just Now News","url":"https:\/\/now-news.de\/de\/","logo":{"@type":"ImageObject","inLanguage":"de","@id":"https:\/\/now-news.de\/de\/#\/schema\/logo\/image\/","url":"http:\/\/just-now.news\/de\/wp-content\/uploads\/sites\/3\/2022\/04\/logo500x500.jpg","contentUrl":"http:\/\/just-now.news\/de\/wp-content\/uploads\/sites\/3\/2022\/04\/logo500x500.jpg","width":500,"height":500,"caption":"Just Now News"},"image":{"@id":"https:\/\/now-news.de\/de\/#\/schema\/logo\/image\/"},"sameAs":["https:\/\/www.facebook.com\/wirmachenauf","https:\/\/x.com\/WirMachenAuf_de"]},{"@type":"Person","@id":"https:\/\/now-news.de\/de\/#\/schema\/person\/fb534a4e865501d8b3285208df34a9b5","name":"rtnews","image":{"@type":"ImageObject","inLanguage":"de","@id":"https:\/\/now-news.de\/de\/#\/schema\/person\/image\/","url":"https:\/\/secure.gravatar.com\/avatar\/82aafea7d8127119dd649515f56e2117?s=96&d=mm&r=g","contentUrl":"https:\/\/secure.gravatar.com\/avatar\/82aafea7d8127119dd649515f56e2117?s=96&d=mm&r=g","caption":"rtnews"},"url":"https:\/\/now-news.de\/de\/author\/rnews\/"}]}},"_links":{"self":[{"href":"https:\/\/now-news.de\/de\/wp-json\/wp\/v2\/posts\/28746"}],"collection":[{"href":"https:\/\/now-news.de\/de\/wp-json\/wp\/v2\/posts"}],"about":[{"href":"https:\/\/now-news.de\/de\/wp-json\/wp\/v2\/types\/post"}],"author":[{"embeddable":true,"href":"https:\/\/now-news.de\/de\/wp-json\/wp\/v2\/users\/3"}],"replies":[{"embeddable":true,"href":"https:\/\/now-news.de\/de\/wp-json\/wp\/v2\/comments?post=28746"}],"version-history":[{"count":0,"href":"https:\/\/now-news.de\/de\/wp-json\/wp\/v2\/posts\/28746\/revisions"}],"wp:featuredmedia":[{"embeddable":true,"href":"https:\/\/now-news.de\/de\/wp-json\/wp\/v2\/media\/28747"}],"wp:attachment":[{"href":"https:\/\/now-news.de\/de\/wp-json\/wp\/v2\/media?parent=28746"}],"wp:term":[{"taxonomy":"category","embeddable":true,"href":"https:\/\/now-news.de\/de\/wp-json\/wp\/v2\/categories?post=28746"},{"taxonomy":"post_tag","embeddable":true,"href":"https:\/\/now-news.de\/de\/wp-json\/wp\/v2\/tags?post=28746"}],"curies":[{"name":"wp","href":"https:\/\/api.w.org\/{rel}","templated":true}]}}