{"id":28737,"date":"2023-01-26T22:59:20","date_gmt":"2023-01-26T20:59:20","guid":{"rendered":"https:\/\/just-now.news\/de\/deutschland\/nord-stream-geschaeftsfuehrer-deutet-an-nato-land-fuer-sabotage-an-gaspipelines-verantwortlich\/"},"modified":"2023-01-26T22:59:20","modified_gmt":"2023-01-26T20:59:20","slug":"nord-stream-geschaeftsfuehrer-deutet-an-nato-land-fuer-sabotage-an-gaspipelines-verantwortlich","status":"publish","type":"post","link":"https:\/\/now-news.de\/de\/deutschland\/nord-stream-geschaeftsfuehrer-deutet-an-nato-land-fuer-sabotage-an-gaspipelines-verantwortlich\/","title":{"rendered":"Nord-Stream-Gesch\u00e4ftsf\u00fchrer deutet an: &quot;NATO-Land&quot; f\u00fcr Sabotage an Gaspipelines verantwortlich"},"content":{"rendered":"<p><img decoding=\"async\" src=\"http:\/\/just-now.news\/de\/wp-content\/uploads\/sites\/3\/2023\/01\/63d2b997b480cc55551144f3.jpg\" \/><\/p>\n<div class=\"Text-root Text-type_1 \">\n                Matthias Warnig, Gesch\u00e4ftsf\u00fchrer der Nord Stream AG, offenbarte in einem Interview, dass Russland nicht an den Terroranschl\u00e4gen auf die Nord-Stream-Pipelines beteiligt gewesen sei. Hinter diesen stecke ein NATO-Land, hie\u00df es.\n            <\/div>\n<p><\/p>\n<div class=\"Text-root Text-type_5 ArticleView-text ViewText-root \">\n<p>Immer noch steht nicht fest, wer f\u00fcr die Sprengung der Nord-Stream-Pipelines verantwortlich ist. F\u00fcr Matthias Warnig, Gesch\u00e4ftsf\u00fchrer der Nord Stream AG, ist aber klar, dass auf keinen Fall Russland darin verwickelt gewesen sei. Dies <a rel=\"nofollow noopener\" target=\"_blank\" href=\"https:\/\/www.zeit.de\/2023\/05\/matthias-warnig-nord-stream-2-wladimir-putin\">gab<\/a>\u00a0er in einem Interview mit der <em>Zeit<\/em> bekannt. Anschlie\u00dfend fragte der Journalist Stefan Willeke den Gesch\u00e4ftsmann:<\/p>\n<blockquote>\n<p><em>&#8220;Wer dann? Ein NATO-Land?&#8221; <\/em><\/p>\n<\/blockquote>\n<p>Darauf reagierte Warnig mit einem stummen Nicken. Willeke fragte weiter, ob es sich dann dabei um Gro\u00dfbritannien handeln k\u00f6nne. Warnigs Antwort lautete wie folgt:<\/p>\n<blockquote>\n<p><em>&#8220;Ist alles Spekulation. Aber denken Sie mal dar\u00fcber nach.&#8221;<\/em><\/p>\n<\/blockquote>\n<p>Die Lecks in Gasleitungen Nord Stream 1 und Nord Stream 2 waren am 26. September 2022 entdeckt worden. Am n\u00e4chsten Tag best\u00e4tigte der schwedische Sicherheitsdienst die Explosionen. Vor Ort wurden Spuren von Sprengstoff gefunden. Die in der Ostsee durchgef\u00fchrten Untersuchungen wiesen erhebliche Sch\u00e4den an den Pipelines als Folge der Explosionen nach.<\/p>\n<p>D\u00e4nemark, Schweden und Deutschland, in deren Zust\u00e4ndigkeitsbereich die Anschl\u00e4ge stattgefunden hatten, waren an den Ermittlungen beteiligt. Russland wurde jedoch nicht zur Teilnahme an der Untersuchung zugelassen. Stattdessen beeilten sich westliche Politiker und Journalisten zu behaupten, dass es sich angeblich dabei um eine russische Spur handeln k\u00f6nnte.<\/p>\n<p>Russland bezeichnete solche Spekulationen als absurd und erkl\u00e4rte, die Schuld m\u00fcsse bei denjenigen gesucht werden, die von der Zerst\u00f6rung der Gaspipelines profitiert h\u00e4tten. Die Sprecherin des russischen Au\u00dfenministeriums Maria Sacharowa erinnerte insbesondere an die wiederholten Drohungen der USA, den Start von Nord Stream 2 zu verhindern und es loszuwerden.<\/p>\n<p>Am 18. Oktober erkl\u00e4rte Kremlsprecher Dmitri Peskow, dass die Ermittlung durch europ\u00e4ische L\u00e4nder mit der Absicht organisiert worden seien, Russland die Schuld zuzuschieben. Am 31. Oktober teilte der russische Pr\u00e4sident Wladimir Putin mit, dass Vertretern vom russischen Energieriesen Gazprom der Zugang zu den Explosionsorten gestattet worden sei.<\/p>\n<p>Pr\u00e4sident Putin bezeichnete die Sabotage als &#8220;offensichtlichen Terroranschlag&#8221; und die &#8220;Angelsachsen&#8221; als Verantwortliche f\u00fcr den Vorfall. Am 29. Oktober erkl\u00e4rte das russische Verteidigungsministerium, dass britische Marinespezialisten in den Angriff verwickelt gewesen seien. London wiederum dementierte die Vorw\u00fcrfe.<\/p>\n<p>Kurz danach \u00e4u\u00dferte sich diesbez\u00fcglich auch der Chef des russischen Sicherheitsrates Nikolai Patruschew. Er offenbarte, die damalige britische Premierministerin Liz Truss habe unmittelbar nach den Explosionen an den Gaspipelines eine SMS an US-Au\u00dfenminister Antony Blinken geschickt, in der es hie\u00df: &#8220;It&#8217;s done&#8221; (zu Deutsch: &#8220;Es ist vollbracht&#8221;).<\/p>\n<p>Sergei Naryschkin, Leiter des russischen Auslandsgeheimdienstes SWR, unterstrich, es gebe indirekte Hinweise darauf, dass es einen Zusammenhang zwischen der SMS von Truss und den Sabotageakten an den Gaspipelines Nord Stream 1 und Nord Stream 2 gebe.<\/p>\n<p>Die <em>Washington Post<\/em>\u00a0<a rel=\"nofollow noopener\" target=\"_blank\" href=\"https:\/\/www.washingtonpost.com\/national-security\/2022\/12\/21\/russia-nord-stream-explosions\/\">schrieb<\/a>\u00a0am 21. Dezember unter Berufung auf westliche Geheimdienstquellen, die USA und die EU h\u00e4tten keine Beweise daf\u00fcr, dass Moskau hinter den Explosionen stecke.<\/p>\n<p><strong>Mehr zum Thema<\/strong> &#8211; <a rel=\"nofollow noopener\" target=\"_blank\" href=\"https:\/\/de.rt.com\/international\/153603-russischer-auslandsgeheimdienst-schliesst-zusammenhang-von\/\">Russischer Auslandsgeheimdienst: Zusammenhang zwischen Truss&#8217; SMS und Nord-Stream-Explosionen<\/a><\/p>\n<\/div>\n<p><br \/>\n<br \/><a href=\"https:\/\/de.rt.com\/international\/161100-nord-stream-geschaeftsfuehrer-deutet-an\/\">Source link <\/a><\/p>\n","protected":false},"excerpt":{"rendered":"<p>Matthias Warnig, Gesch\u00e4ftsf\u00fchrer der Nord Stream AG, offenbarte in einem Interview, dass Russland nicht an den Terroranschl\u00e4gen auf die Nord-Stream-Pipelines beteiligt gewesen sei. Hinter diesen stecke ein NATO-Land, hie\u00df es. Immer noch steht nicht fest, wer f\u00fcr die Sprengung der Nord-Stream-Pipelines verantwortlich ist. F\u00fcr Matthias Warnig, Gesch\u00e4ftsf\u00fchrer der Nord Stream AG, ist aber klar, dass [&hellip;]<\/p>\n","protected":false},"author":3,"featured_media":28738,"comment_status":"open","ping_status":"open","sticky":false,"template":"","format":"standard","meta":{"_yoast_indexnow_last_ping":["1674767579"],"wp_automatic_camp":["217"],"d91bdf62f4fe44e654b9e232696504c2":["Nord-Stream-Gesch\u00e4ftsf\u00fchrer deutet an: &quot;NATO-Land&quot; f\u00fcr Sabotage an Gaspipelines verantwortlich"],"original_link":["https:\/\/de.rt.com\/international\/161100-nord-stream-geschaeftsfuehrer-deutet-an\/"],"_thumbnail_id":["28738"],"_wptgpro_p2tg_sent2tg":["a:1:{i:23737;s:19:\"2023-01-26 23:14:17\";}"],"jnews_social_counter_last_update":["1777259417"]},"categories":[19,23],"tags":[20455,221,39721,39719,39720,30977,20199],"yoast_head":"<!-- This site is optimized with the Yoast SEO Premium plugin v22.7 (Yoast SEO v22.7) - https:\/\/yoast.com\/wordpress\/plugins\/seo\/ -->\n<title>Nord-Stream-Gesch\u00e4ftsf\u00fchrer deutet an: &quot;NATO-Land&quot; f\u00fcr Sabotage an Gaspipelines verantwortlich - just-now.NEWS Deutschland<\/title>\n<meta name=\"robots\" content=\"index, follow, max-snippet:-1, max-image-preview:large, max-video-preview:-1\" \/>\n<link rel=\"canonical\" href=\"https:\/\/now-news.de\/de\/deutschland\/nord-stream-geschaeftsfuehrer-deutet-an-nato-land-fuer-sabotage-an-gaspipelines-verantwortlich\/\" \/>\n<meta property=\"og:locale\" content=\"de_DE\" \/>\n<meta property=\"og:type\" content=\"article\" \/>\n<meta property=\"og:title\" content=\"Nord-Stream-Gesch\u00e4ftsf\u00fchrer deutet an: &quot;NATO-Land&quot; f\u00fcr Sabotage an Gaspipelines verantwortlich\" \/>\n<meta property=\"og:description\" content=\"Matthias Warnig, Gesch\u00e4ftsf\u00fchrer der Nord Stream AG, offenbarte in einem Interview, dass Russland nicht an den Terroranschl\u00e4gen auf die Nord-Stream-Pipelines beteiligt gewesen sei. Hinter diesen stecke ein NATO-Land, hie\u00df es. Immer noch steht nicht fest, wer f\u00fcr die Sprengung der Nord-Stream-Pipelines verantwortlich ist. F\u00fcr Matthias Warnig, Gesch\u00e4ftsf\u00fchrer der Nord Stream AG, ist aber klar, dass [&hellip;]\" \/>\n<meta property=\"og:url\" content=\"https:\/\/now-news.de\/de\/deutschland\/nord-stream-geschaeftsfuehrer-deutet-an-nato-land-fuer-sabotage-an-gaspipelines-verantwortlich\/\" \/>\n<meta property=\"og:site_name\" content=\"just-now.NEWS Deutschland\" \/>\n<meta property=\"article:publisher\" content=\"https:\/\/www.facebook.com\/wirmachenauf\" \/>\n<meta property=\"article:published_time\" content=\"2023-01-26T20:59:20+00:00\" \/>\n<meta property=\"og:image\" content=\"https:\/\/now-news.de\/de\/wp-content\/uploads\/sites\/3\/2023\/01\/Nord-Stream-Geschaeftsfuehrer-deutet-an-quotNATO-Landquot-fuer-Sabotage-an-Gaspipelines-verantwortlich.jpg\" \/>\n\t<meta property=\"og:image:width\" content=\"460\" \/>\n\t<meta property=\"og:image:height\" content=\"259\" \/>\n\t<meta property=\"og:image:type\" content=\"image\/jpeg\" \/>\n<meta name=\"author\" content=\"rtnews\" \/>\n<meta name=\"twitter:card\" content=\"summary_large_image\" \/>\n<meta name=\"twitter:creator\" content=\"@WirMachenAuf_de\" \/>\n<meta name=\"twitter:site\" content=\"@WirMachenAuf_de\" \/>\n<meta name=\"twitter:label1\" content=\"Verfasst von\" \/>\n\t<meta name=\"twitter:data1\" content=\"rtnews\" \/>\n\t<meta name=\"twitter:label2\" content=\"Gesch\u00e4tzte Lesezeit\" \/>\n\t<meta name=\"twitter:data2\" content=\"3\u00a0Minuten\" \/>\n<script type=\"application\/ld+json\" class=\"yoast-schema-graph\">{\"@context\":\"https:\/\/schema.org\",\"@graph\":[{\"@type\":\"Article\",\"@id\":\"https:\/\/now-news.de\/de\/deutschland\/nord-stream-geschaeftsfuehrer-deutet-an-nato-land-fuer-sabotage-an-gaspipelines-verantwortlich\/#article\",\"isPartOf\":{\"@id\":\"https:\/\/now-news.de\/de\/deutschland\/nord-stream-geschaeftsfuehrer-deutet-an-nato-land-fuer-sabotage-an-gaspipelines-verantwortlich\/\"},\"author\":{\"name\":\"rtnews\",\"@id\":\"https:\/\/now-news.de\/de\/#\/schema\/person\/fb534a4e865501d8b3285208df34a9b5\"},\"headline\":\"Nord-Stream-Gesch\u00e4ftsf\u00fchrer deutet an: &quot;NATO-Land&quot; f\u00fcr Sabotage an Gaspipelines verantwortlich\",\"datePublished\":\"2023-01-26T20:59:20+00:00\",\"dateModified\":\"2023-01-26T20:59:20+00:00\",\"mainEntityOfPage\":{\"@id\":\"https:\/\/now-news.de\/de\/deutschland\/nord-stream-geschaeftsfuehrer-deutet-an-nato-land-fuer-sabotage-an-gaspipelines-verantwortlich\/\"},\"wordCount\":515,\"commentCount\":0,\"publisher\":{\"@id\":\"https:\/\/now-news.de\/de\/#organization\"},\"image\":{\"@id\":\"https:\/\/now-news.de\/de\/deutschland\/nord-stream-geschaeftsfuehrer-deutet-an-nato-land-fuer-sabotage-an-gaspipelines-verantwortlich\/#primaryimage\"},\"thumbnailUrl\":\"https:\/\/now-news.de\/de\/wp-content\/uploads\/sites\/3\/2023\/01\/Nord-Stream-Geschaeftsfuehrer-deutet-an-quotNATO-Landquot-fuer-Sabotage-an-Gaspipelines-verantwortlich.jpg\",\"keywords\":[\"deutet\",\"f\u00fcr\",\"Gaspipelines\",\"NordStreamGesch\u00e4ftsf\u00fchrer\",\"quotNATOLandquot\",\"Sabotage\",\"verantwortlich\"],\"articleSection\":[\"Deutschland\",\"Russland\"],\"inLanguage\":\"de\",\"potentialAction\":[{\"@type\":\"CommentAction\",\"name\":\"Comment\",\"target\":[\"https:\/\/now-news.de\/de\/deutschland\/nord-stream-geschaeftsfuehrer-deutet-an-nato-land-fuer-sabotage-an-gaspipelines-verantwortlich\/#respond\"]}]},{\"@type\":\"WebPage\",\"@id\":\"https:\/\/now-news.de\/de\/deutschland\/nord-stream-geschaeftsfuehrer-deutet-an-nato-land-fuer-sabotage-an-gaspipelines-verantwortlich\/\",\"url\":\"https:\/\/now-news.de\/de\/deutschland\/nord-stream-geschaeftsfuehrer-deutet-an-nato-land-fuer-sabotage-an-gaspipelines-verantwortlich\/\",\"name\":\"Nord-Stream-Gesch\u00e4ftsf\u00fchrer deutet an: &quot;NATO-Land&quot; f\u00fcr Sabotage an Gaspipelines verantwortlich - just-now.NEWS Deutschland\",\"isPartOf\":{\"@id\":\"https:\/\/now-news.de\/de\/#website\"},\"primaryImageOfPage\":{\"@id\":\"https:\/\/now-news.de\/de\/deutschland\/nord-stream-geschaeftsfuehrer-deutet-an-nato-land-fuer-sabotage-an-gaspipelines-verantwortlich\/#primaryimage\"},\"image\":{\"@id\":\"https:\/\/now-news.de\/de\/deutschland\/nord-stream-geschaeftsfuehrer-deutet-an-nato-land-fuer-sabotage-an-gaspipelines-verantwortlich\/#primaryimage\"},\"thumbnailUrl\":\"https:\/\/now-news.de\/de\/wp-content\/uploads\/sites\/3\/2023\/01\/Nord-Stream-Geschaeftsfuehrer-deutet-an-quotNATO-Landquot-fuer-Sabotage-an-Gaspipelines-verantwortlich.jpg\",\"datePublished\":\"2023-01-26T20:59:20+00:00\",\"dateModified\":\"2023-01-26T20:59:20+00:00\",\"breadcrumb\":{\"@id\":\"https:\/\/now-news.de\/de\/deutschland\/nord-stream-geschaeftsfuehrer-deutet-an-nato-land-fuer-sabotage-an-gaspipelines-verantwortlich\/#breadcrumb\"},\"inLanguage\":\"de\",\"potentialAction\":[{\"@type\":\"ReadAction\",\"target\":[\"https:\/\/now-news.de\/de\/deutschland\/nord-stream-geschaeftsfuehrer-deutet-an-nato-land-fuer-sabotage-an-gaspipelines-verantwortlich\/\"]}]},{\"@type\":\"ImageObject\",\"inLanguage\":\"de\",\"@id\":\"https:\/\/now-news.de\/de\/deutschland\/nord-stream-geschaeftsfuehrer-deutet-an-nato-land-fuer-sabotage-an-gaspipelines-verantwortlich\/#primaryimage\",\"url\":\"https:\/\/now-news.de\/de\/wp-content\/uploads\/sites\/3\/2023\/01\/Nord-Stream-Geschaeftsfuehrer-deutet-an-quotNATO-Landquot-fuer-Sabotage-an-Gaspipelines-verantwortlich.jpg\",\"contentUrl\":\"https:\/\/now-news.de\/de\/wp-content\/uploads\/sites\/3\/2023\/01\/Nord-Stream-Geschaeftsfuehrer-deutet-an-quotNATO-Landquot-fuer-Sabotage-an-Gaspipelines-verantwortlich.jpg\",\"width\":460,\"height\":259,\"caption\":\"Nord-Stream-Gesch\u00e4ftsf\u00fchrer deutet an: &quot;NATO-Land&quot; f\u00fcr Sabotage an Gaspipelines verantwortlich\"},{\"@type\":\"BreadcrumbList\",\"@id\":\"https:\/\/now-news.de\/de\/deutschland\/nord-stream-geschaeftsfuehrer-deutet-an-nato-land-fuer-sabotage-an-gaspipelines-verantwortlich\/#breadcrumb\",\"itemListElement\":[{\"@type\":\"ListItem\",\"position\":1,\"name\":\"Home\",\"item\":\"https:\/\/now-news.de\/de\/\"},{\"@type\":\"ListItem\",\"position\":2,\"name\":\"Nord-Stream-Gesch\u00e4ftsf\u00fchrer deutet an: &quot;NATO-Land&quot; f\u00fcr Sabotage an Gaspipelines verantwortlich\"}]},{\"@type\":\"WebSite\",\"@id\":\"https:\/\/now-news.de\/de\/#website\",\"url\":\"https:\/\/now-news.de\/de\/\",\"name\":\"just-now.NEWS Deutschland\",\"description\":\"Das Portal f\u00fcr unzensierte Nachrichten aus der Welt\",\"publisher\":{\"@id\":\"https:\/\/now-news.de\/de\/#organization\"},\"potentialAction\":[{\"@type\":\"SearchAction\",\"target\":{\"@type\":\"EntryPoint\",\"urlTemplate\":\"https:\/\/now-news.de\/de\/?s={search_term_string}\"},\"query-input\":\"required name=search_term_string\"}],\"inLanguage\":\"de\"},{\"@type\":\"Organization\",\"@id\":\"https:\/\/now-news.de\/de\/#organization\",\"name\":\"Just Now News\",\"url\":\"https:\/\/now-news.de\/de\/\",\"logo\":{\"@type\":\"ImageObject\",\"inLanguage\":\"de\",\"@id\":\"https:\/\/now-news.de\/de\/#\/schema\/logo\/image\/\",\"url\":\"http:\/\/just-now.news\/de\/wp-content\/uploads\/sites\/3\/2022\/04\/logo500x500.jpg\",\"contentUrl\":\"http:\/\/just-now.news\/de\/wp-content\/uploads\/sites\/3\/2022\/04\/logo500x500.jpg\",\"width\":500,\"height\":500,\"caption\":\"Just Now News\"},\"image\":{\"@id\":\"https:\/\/now-news.de\/de\/#\/schema\/logo\/image\/\"},\"sameAs\":[\"https:\/\/www.facebook.com\/wirmachenauf\",\"https:\/\/x.com\/WirMachenAuf_de\"]},{\"@type\":\"Person\",\"@id\":\"https:\/\/now-news.de\/de\/#\/schema\/person\/fb534a4e865501d8b3285208df34a9b5\",\"name\":\"rtnews\",\"image\":{\"@type\":\"ImageObject\",\"inLanguage\":\"de\",\"@id\":\"https:\/\/now-news.de\/de\/#\/schema\/person\/image\/\",\"url\":\"https:\/\/secure.gravatar.com\/avatar\/82aafea7d8127119dd649515f56e2117?s=96&d=mm&r=g\",\"contentUrl\":\"https:\/\/secure.gravatar.com\/avatar\/82aafea7d8127119dd649515f56e2117?s=96&d=mm&r=g\",\"caption\":\"rtnews\"},\"url\":\"https:\/\/now-news.de\/de\/author\/rnews\/\"}]}<\/script>\n<!-- \/ Yoast SEO Premium plugin. -->","yoast_head_json":{"title":"Nord-Stream-Gesch\u00e4ftsf\u00fchrer deutet an: &quot;NATO-Land&quot; f\u00fcr Sabotage an Gaspipelines verantwortlich - just-now.NEWS Deutschland","robots":{"index":"index","follow":"follow","max-snippet":"max-snippet:-1","max-image-preview":"max-image-preview:large","max-video-preview":"max-video-preview:-1"},"canonical":"https:\/\/now-news.de\/de\/deutschland\/nord-stream-geschaeftsfuehrer-deutet-an-nato-land-fuer-sabotage-an-gaspipelines-verantwortlich\/","og_locale":"de_DE","og_type":"article","og_title":"Nord-Stream-Gesch\u00e4ftsf\u00fchrer deutet an: &quot;NATO-Land&quot; f\u00fcr Sabotage an Gaspipelines verantwortlich","og_description":"Matthias Warnig, Gesch\u00e4ftsf\u00fchrer der Nord Stream AG, offenbarte in einem Interview, dass Russland nicht an den Terroranschl\u00e4gen auf die Nord-Stream-Pipelines beteiligt gewesen sei. Hinter diesen stecke ein NATO-Land, hie\u00df es. Immer noch steht nicht fest, wer f\u00fcr die Sprengung der Nord-Stream-Pipelines verantwortlich ist. F\u00fcr Matthias Warnig, Gesch\u00e4ftsf\u00fchrer der Nord Stream AG, ist aber klar, dass [&hellip;]","og_url":"https:\/\/now-news.de\/de\/deutschland\/nord-stream-geschaeftsfuehrer-deutet-an-nato-land-fuer-sabotage-an-gaspipelines-verantwortlich\/","og_site_name":"just-now.NEWS Deutschland","article_publisher":"https:\/\/www.facebook.com\/wirmachenauf","article_published_time":"2023-01-26T20:59:20+00:00","og_image":[{"width":460,"height":259,"url":"https:\/\/now-news.de\/de\/wp-content\/uploads\/sites\/3\/2023\/01\/Nord-Stream-Geschaeftsfuehrer-deutet-an-quotNATO-Landquot-fuer-Sabotage-an-Gaspipelines-verantwortlich.jpg","type":"image\/jpeg"}],"author":"rtnews","twitter_card":"summary_large_image","twitter_creator":"@WirMachenAuf_de","twitter_site":"@WirMachenAuf_de","twitter_misc":{"Verfasst von":"rtnews","Gesch\u00e4tzte Lesezeit":"3\u00a0Minuten"},"schema":{"@context":"https:\/\/schema.org","@graph":[{"@type":"Article","@id":"https:\/\/now-news.de\/de\/deutschland\/nord-stream-geschaeftsfuehrer-deutet-an-nato-land-fuer-sabotage-an-gaspipelines-verantwortlich\/#article","isPartOf":{"@id":"https:\/\/now-news.de\/de\/deutschland\/nord-stream-geschaeftsfuehrer-deutet-an-nato-land-fuer-sabotage-an-gaspipelines-verantwortlich\/"},"author":{"name":"rtnews","@id":"https:\/\/now-news.de\/de\/#\/schema\/person\/fb534a4e865501d8b3285208df34a9b5"},"headline":"Nord-Stream-Gesch\u00e4ftsf\u00fchrer deutet an: &quot;NATO-Land&quot; f\u00fcr Sabotage an Gaspipelines verantwortlich","datePublished":"2023-01-26T20:59:20+00:00","dateModified":"2023-01-26T20:59:20+00:00","mainEntityOfPage":{"@id":"https:\/\/now-news.de\/de\/deutschland\/nord-stream-geschaeftsfuehrer-deutet-an-nato-land-fuer-sabotage-an-gaspipelines-verantwortlich\/"},"wordCount":515,"commentCount":0,"publisher":{"@id":"https:\/\/now-news.de\/de\/#organization"},"image":{"@id":"https:\/\/now-news.de\/de\/deutschland\/nord-stream-geschaeftsfuehrer-deutet-an-nato-land-fuer-sabotage-an-gaspipelines-verantwortlich\/#primaryimage"},"thumbnailUrl":"https:\/\/now-news.de\/de\/wp-content\/uploads\/sites\/3\/2023\/01\/Nord-Stream-Geschaeftsfuehrer-deutet-an-quotNATO-Landquot-fuer-Sabotage-an-Gaspipelines-verantwortlich.jpg","keywords":["deutet","f\u00fcr","Gaspipelines","NordStreamGesch\u00e4ftsf\u00fchrer","quotNATOLandquot","Sabotage","verantwortlich"],"articleSection":["Deutschland","Russland"],"inLanguage":"de","potentialAction":[{"@type":"CommentAction","name":"Comment","target":["https:\/\/now-news.de\/de\/deutschland\/nord-stream-geschaeftsfuehrer-deutet-an-nato-land-fuer-sabotage-an-gaspipelines-verantwortlich\/#respond"]}]},{"@type":"WebPage","@id":"https:\/\/now-news.de\/de\/deutschland\/nord-stream-geschaeftsfuehrer-deutet-an-nato-land-fuer-sabotage-an-gaspipelines-verantwortlich\/","url":"https:\/\/now-news.de\/de\/deutschland\/nord-stream-geschaeftsfuehrer-deutet-an-nato-land-fuer-sabotage-an-gaspipelines-verantwortlich\/","name":"Nord-Stream-Gesch\u00e4ftsf\u00fchrer deutet an: &quot;NATO-Land&quot; f\u00fcr Sabotage an Gaspipelines verantwortlich - just-now.NEWS Deutschland","isPartOf":{"@id":"https:\/\/now-news.de\/de\/#website"},"primaryImageOfPage":{"@id":"https:\/\/now-news.de\/de\/deutschland\/nord-stream-geschaeftsfuehrer-deutet-an-nato-land-fuer-sabotage-an-gaspipelines-verantwortlich\/#primaryimage"},"image":{"@id":"https:\/\/now-news.de\/de\/deutschland\/nord-stream-geschaeftsfuehrer-deutet-an-nato-land-fuer-sabotage-an-gaspipelines-verantwortlich\/#primaryimage"},"thumbnailUrl":"https:\/\/now-news.de\/de\/wp-content\/uploads\/sites\/3\/2023\/01\/Nord-Stream-Geschaeftsfuehrer-deutet-an-quotNATO-Landquot-fuer-Sabotage-an-Gaspipelines-verantwortlich.jpg","datePublished":"2023-01-26T20:59:20+00:00","dateModified":"2023-01-26T20:59:20+00:00","breadcrumb":{"@id":"https:\/\/now-news.de\/de\/deutschland\/nord-stream-geschaeftsfuehrer-deutet-an-nato-land-fuer-sabotage-an-gaspipelines-verantwortlich\/#breadcrumb"},"inLanguage":"de","potentialAction":[{"@type":"ReadAction","target":["https:\/\/now-news.de\/de\/deutschland\/nord-stream-geschaeftsfuehrer-deutet-an-nato-land-fuer-sabotage-an-gaspipelines-verantwortlich\/"]}]},{"@type":"ImageObject","inLanguage":"de","@id":"https:\/\/now-news.de\/de\/deutschland\/nord-stream-geschaeftsfuehrer-deutet-an-nato-land-fuer-sabotage-an-gaspipelines-verantwortlich\/#primaryimage","url":"https:\/\/now-news.de\/de\/wp-content\/uploads\/sites\/3\/2023\/01\/Nord-Stream-Geschaeftsfuehrer-deutet-an-quotNATO-Landquot-fuer-Sabotage-an-Gaspipelines-verantwortlich.jpg","contentUrl":"https:\/\/now-news.de\/de\/wp-content\/uploads\/sites\/3\/2023\/01\/Nord-Stream-Geschaeftsfuehrer-deutet-an-quotNATO-Landquot-fuer-Sabotage-an-Gaspipelines-verantwortlich.jpg","width":460,"height":259,"caption":"Nord-Stream-Gesch\u00e4ftsf\u00fchrer deutet an: &quot;NATO-Land&quot; f\u00fcr Sabotage an Gaspipelines verantwortlich"},{"@type":"BreadcrumbList","@id":"https:\/\/now-news.de\/de\/deutschland\/nord-stream-geschaeftsfuehrer-deutet-an-nato-land-fuer-sabotage-an-gaspipelines-verantwortlich\/#breadcrumb","itemListElement":[{"@type":"ListItem","position":1,"name":"Home","item":"https:\/\/now-news.de\/de\/"},{"@type":"ListItem","position":2,"name":"Nord-Stream-Gesch\u00e4ftsf\u00fchrer deutet an: &quot;NATO-Land&quot; f\u00fcr Sabotage an Gaspipelines verantwortlich"}]},{"@type":"WebSite","@id":"https:\/\/now-news.de\/de\/#website","url":"https:\/\/now-news.de\/de\/","name":"just-now.NEWS Deutschland","description":"Das Portal f\u00fcr unzensierte Nachrichten aus der Welt","publisher":{"@id":"https:\/\/now-news.de\/de\/#organization"},"potentialAction":[{"@type":"SearchAction","target":{"@type":"EntryPoint","urlTemplate":"https:\/\/now-news.de\/de\/?s={search_term_string}"},"query-input":"required name=search_term_string"}],"inLanguage":"de"},{"@type":"Organization","@id":"https:\/\/now-news.de\/de\/#organization","name":"Just Now News","url":"https:\/\/now-news.de\/de\/","logo":{"@type":"ImageObject","inLanguage":"de","@id":"https:\/\/now-news.de\/de\/#\/schema\/logo\/image\/","url":"http:\/\/just-now.news\/de\/wp-content\/uploads\/sites\/3\/2022\/04\/logo500x500.jpg","contentUrl":"http:\/\/just-now.news\/de\/wp-content\/uploads\/sites\/3\/2022\/04\/logo500x500.jpg","width":500,"height":500,"caption":"Just Now News"},"image":{"@id":"https:\/\/now-news.de\/de\/#\/schema\/logo\/image\/"},"sameAs":["https:\/\/www.facebook.com\/wirmachenauf","https:\/\/x.com\/WirMachenAuf_de"]},{"@type":"Person","@id":"https:\/\/now-news.de\/de\/#\/schema\/person\/fb534a4e865501d8b3285208df34a9b5","name":"rtnews","image":{"@type":"ImageObject","inLanguage":"de","@id":"https:\/\/now-news.de\/de\/#\/schema\/person\/image\/","url":"https:\/\/secure.gravatar.com\/avatar\/82aafea7d8127119dd649515f56e2117?s=96&d=mm&r=g","contentUrl":"https:\/\/secure.gravatar.com\/avatar\/82aafea7d8127119dd649515f56e2117?s=96&d=mm&r=g","caption":"rtnews"},"url":"https:\/\/now-news.de\/de\/author\/rnews\/"}]}},"_links":{"self":[{"href":"https:\/\/now-news.de\/de\/wp-json\/wp\/v2\/posts\/28737"}],"collection":[{"href":"https:\/\/now-news.de\/de\/wp-json\/wp\/v2\/posts"}],"about":[{"href":"https:\/\/now-news.de\/de\/wp-json\/wp\/v2\/types\/post"}],"author":[{"embeddable":true,"href":"https:\/\/now-news.de\/de\/wp-json\/wp\/v2\/users\/3"}],"replies":[{"embeddable":true,"href":"https:\/\/now-news.de\/de\/wp-json\/wp\/v2\/comments?post=28737"}],"version-history":[{"count":0,"href":"https:\/\/now-news.de\/de\/wp-json\/wp\/v2\/posts\/28737\/revisions"}],"wp:featuredmedia":[{"embeddable":true,"href":"https:\/\/now-news.de\/de\/wp-json\/wp\/v2\/media\/28738"}],"wp:attachment":[{"href":"https:\/\/now-news.de\/de\/wp-json\/wp\/v2\/media?parent=28737"}],"wp:term":[{"taxonomy":"category","embeddable":true,"href":"https:\/\/now-news.de\/de\/wp-json\/wp\/v2\/categories?post=28737"},{"taxonomy":"post_tag","embeddable":true,"href":"https:\/\/now-news.de\/de\/wp-json\/wp\/v2\/tags?post=28737"}],"curies":[{"name":"wp","href":"https:\/\/api.w.org\/{rel}","templated":true}]}}