{"id":28675,"date":"2023-01-26T11:03:42","date_gmt":"2023-01-26T09:03:42","guid":{"rendered":"https:\/\/just-now.news\/de\/deutschland\/bombenstimmung-gruenen-mitglieder-feiern-panzerlieferungen-an-die-ukraine\/"},"modified":"2023-01-26T11:03:42","modified_gmt":"2023-01-26T09:03:42","slug":"bombenstimmung-gruenen-mitglieder-feiern-panzerlieferungen-an-die-ukraine","status":"publish","type":"post","link":"https:\/\/now-news.de\/de\/deutschland\/bombenstimmung-gruenen-mitglieder-feiern-panzerlieferungen-an-die-ukraine\/","title":{"rendered":"Bombenstimmung: Gr\u00fcnen-Mitglieder feiern Panzerlieferungen an die Ukraine"},"content":{"rendered":"<p><img decoding=\"async\" src=\"http:\/\/just-now.news\/de\/wp-content\/uploads\/sites\/3\/2023\/01\/63d219d048fbef17cf7604ae.jpg\" \/><\/p>\n<div class=\"Text-root Text-type_1 \">\n                Parteimitglieder der Gr\u00fcnen haben in den sozialen Medien mit Begeisterung auf den Regierungsbeschluss zu Panzerlieferungen reagiert. Mahnungen an die Partei, dass der Export von Waffen in Kriegsgebiete wenig friedensf\u00f6rderlich ist, h\u00e4tten lediglich das Ziel, &#8220;Schaden anzurichten und aufzuhetzen&#8221;.\n            <\/div>\n<p><\/p>\n<div class=\"Text-root Text-type_5 ArticleView-text ViewText-root \">\n<p>Eine Mehrheit der B\u00fcrger im Land wollte <a rel=\"nofollow noopener\" target=\"_blank\" href=\"https:\/\/www.tagesschau.de\/inland\/deutschlandtrend\/deutschlandtrend-3255.html\">keine<\/a> weiteren\u00a0Waffenlieferungen von Deutschland an die Ukraine. Viele Menschen, auch ehemalige Unterst\u00fctzer und die W\u00e4hlerschaft der Partei\u00a0B\u00fcndnis 90\/Die Gr\u00fcnen, sind weiter emp\u00f6rt hinsichtlich des weiteren radikalen Weges einer ehemaligen Friedenspartei (bis zum Jugoslawien-Krieg in den 1990ern) hin zu der treibenden deutschen politischen Kraft im Ukraine-Krieg.<\/p>\n<p>Bez\u00fcglich der\u00a0euphorischen und unterst\u00fctzenden Reaktionen einzelner Mitglieder von\u00a0B\u00fcndnis 90\/Die Gr\u00fcnen in den sozialen Medien\u00a0auf die\u00a0beschlossenen Panzerlieferungen an die Ukraine sei an das plakative Wahlversprechen der Partei\u00a0vom September 2021 erinnert:<\/p>\n<div class=\"EmbedBlock-root EmbedBlock-twitter\">\n<div class=\"TwitterEmbed\">\n<blockquote class=\"twitter-tweet lazyload\" data-twitter=\"twitter-tweet\">\n<p lang=\"de\" dir=\"ltr\">Wir setzen uns f\u00fcr ein Exportverbot von Waffen und R\u00fcstungsg\u00fctern an Diktaturen, menschenrechtsverachtende Regime und in Kriegsgebiete ein. F\u00fcr Deutschland werden wir ein R\u00fcstungsexportkontrollgesetz vorlegen. Das willst du auch? \ud83d\udc49 Dann w\u00e4hl GR\u00dcN am 26. September! <a rel=\"nofollow noopener\" target=\"_blank\" href=\"https:\/\/t.co\/sPkZ9ZhkkI\">pic.twitter.com\/sPkZ9ZhkkI<\/a><\/p>\n<p>\u2014 B\u00dcNDNIS 90\/DIE GR\u00dcNEN (@Die_Gruenen) <a rel=\"nofollow noopener\" target=\"_blank\" href=\"https:\/\/twitter.com\/Die_Gruenen\/status\/1440316635126980623?ref_src=twsrc%5Etfw\">September 21, 2021<\/a><\/p><\/blockquote>\n<\/div>\n<\/div>\n<p>Zoe Mayer (28), <a rel=\"nofollow noopener\" target=\"_blank\" href=\"https:\/\/www.bundestag.de\/abgeordnete\/biografien\/M\/mayer_zoe-860136\">Bundestagsabgeordnete<\/a> von\u00a0B\u00fcndnis 90\/Die Gr\u00fcnen, <a rel=\"nofollow noopener\" target=\"_blank\" href=\"https:\/\/twitter.com\/zoe_gruene\/status\/1618281922291195905\">kommentierte<\/a> bez\u00fcglich\u00a0der aktuellen Versch\u00e4rfung des Konflikts durch Waffenlieferungen:<\/p>\n<blockquote>\n<p><em>&#8220;Jede Person, die gerade twittert, dass Deutschland in den Krieg ziehen will wei\u00df, dass das Quatsch ist. Diese Suggestion hat das Ziel Schaden anzurichten und aufzuhetzen.&#8221;<\/em><\/p>\n<\/blockquote>\n<p>Die gr\u00fcne Vizepr\u00e4sidentin des Deutschen Bundestages\u00a0Katrin G\u00f6ring-Eckardt\u00a0<a rel=\"nofollow noopener\" target=\"_blank\" href=\"https:\/\/twitter.com\/GoeringEckardt\/status\/1617955489765294080\">twitterte<\/a>\u00a0begeistert am 24. Januar mit dem Hashtag der Stunde:<\/p>\n<blockquote>\n<p><em>&#8220;The #Leopard&#8217;s freed!\u00a0Jetzt kann er hoffentlich schnell der Ukraine bei ihrem Kampf gegen den russischen Angriff und f\u00fcr die Freiheit der Ukraine und Europas helfen.&#8221;<\/em><\/p>\n<\/blockquote>\n<p>Der f\u00fcr seine Radikalit\u00e4t in der Corona-Krise bekannte Gesundheitsexperte der Gr\u00fcnen, Janosch Dahmen,\u00a0verwies\u00a0lediglich mit einem Wort auf die Unterst\u00fctzung von Bundeskanzler Scholz:<\/p>\n<blockquote>\n<p><em>&#8220;Endlich! #Ukraine\ufe0f #FreeTheLeopard&#8221;<\/em><\/p>\n<\/blockquote>\n<div class=\"EmbedBlock-root EmbedBlock-twitter\">\n<div class=\"TwitterEmbed\">\n<blockquote class=\"twitter-tweet lazyload\" data-twitter=\"twitter-tweet\">\n<p lang=\"de\" dir=\"ltr\">Endlich! <a rel=\"nofollow noopener\" target=\"_blank\" href=\"https:\/\/twitter.com\/hashtag\/Ukraine%EF%B8%8F?src=hash&amp;ref_src=twsrc%5Etfw\">#Ukraine\ufe0f<\/a><a rel=\"nofollow noopener\" target=\"_blank\" href=\"https:\/\/twitter.com\/hashtag\/FreeTheLeopard?src=hash&amp;ref_src=twsrc%5Etfw\">#FreeTheLeopard<\/a><a rel=\"nofollow noopener\" target=\"_blank\" href=\"https:\/\/t.co\/0NuuhJJY3W\">pic.twitter.com\/0NuuhJJY3W<\/a><\/p>\n<p>\u2014 Janosch Dahmen (@janoschdahmen) <a rel=\"nofollow noopener\" target=\"_blank\" href=\"https:\/\/twitter.com\/janoschdahmen\/status\/1617946463887314944?ref_src=twsrc%5Etfw\">January 24, 2023<\/a><\/p><\/blockquote>\n<\/div>\n<\/div>\n<p>Agnieszka Brugger (38), gr\u00fcnes <a rel=\"nofollow noopener\" target=\"_blank\" href=\"https:\/\/www.bundestag.de\/abgeordnete\/biografien\/B\/brugger_agnieszka-857182\">Bundestagsmitglied<\/a>\u00a0im Verteidigungsausschuss,\u00a0Mitglied der Mitgliederversammlung der Heinrich-B\u00f6ll-Stiftung sowie Mitglied im Beirat der Bundesakademie f\u00fcr Sicherheitspolitik, <a rel=\"nofollow noopener\" target=\"_blank\" href=\"https:\/\/twitter.com\/agnieszka_mdb\/status\/1617945862981971968\">erkl\u00e4rte<\/a> ihren Twitter-Followern:<\/p>\n<blockquote>\n<p><em>&#8220;Es ist die richtige Entscheidung. Die unschuldigen Menschen in der Ukraine brauchen diese Unterst\u00fctzung angesichts der drohenden russischen Offensive dringend. Es muss jetzt schnell gehen.&#8221;<\/em><\/p>\n<\/blockquote>\n<p>Sara Nanni (36), sicherheitspolitische Sprecherin der Partei, lie\u00df am Tag der Entscheidung <a rel=\"nofollow noopener\" target=\"_blank\" href=\"https:\/\/twitter.com\/SaraNanni\/status\/1618205501652860933\">wissen<\/a>:<\/p>\n<blockquote>\n<p><em>&#8220;Der Leopard ist zum Symbol geworden f\u00fcr den Willen Europas und des Westens, die Ukraine bei ihrem Verteidigungskampf bestm\u00f6glich zu unterst\u00fctzen. Jetzt geht es los. Gut so.&#8221;<\/em><\/p>\n<\/blockquote>\n<p>Am 24. Januar ver\u00f6ffentlichte sie einen Twitter-Beitrag\u00a0und nutzte dabei den Werbeslogan des US-amerikanischen Sportartikelherstellers Nike: &#8220;Just do it&#8221;. Nanni schrieb:<\/p>\n<blockquote>\n<p><em>&#8220;Free the Leopards. Just do it.&#8221;<\/em><\/p>\n<\/blockquote>\n<div class=\"EmbedBlock-root EmbedBlock-twitter\">\n<div class=\"TwitterEmbed\">\n<blockquote class=\"twitter-tweet lazyload\" data-twitter=\"twitter-tweet\">\n<p lang=\"en\" dir=\"ltr\">Free the Leopards.Just do it. <a rel=\"nofollow noopener\" target=\"_blank\" href=\"https:\/\/t.co\/zPosUXyUYg\">pic.twitter.com\/zPosUXyUYg<\/a><\/p>\n<p>\u2014 Sara Nanni \ud83d\udc18 (@SaraNanni) <a rel=\"nofollow noopener\" target=\"_blank\" href=\"https:\/\/twitter.com\/SaraNanni\/status\/1617920764912730113?ref_src=twsrc%5Etfw\">January 24, 2023<\/a><\/p><\/blockquote>\n<\/div>\n<\/div>\n<p>Am\u00a0selben Tag schrieb sie zudem in einem weiteren\u00a0<a rel=\"nofollow noopener\" target=\"_blank\" href=\"https:\/\/twitter.com\/SaraNanni\/status\/1617940423284252674\">Beitrag<\/a>: &#8220;Endlich! #FreeTheLeopards. Eine gute Entscheidung.&#8221; Zu Wochenbeginn hatte der Bundesvorsitzende der Partei, Omid Nouripour, dem <em>ZDF<\/em> als proaktiver Unterst\u00fctzer der Waffenlieferungen <a rel=\"nofollow noopener\" target=\"_blank\" href=\"https:\/\/www.zdf.de\/nachrichten\/politik\/nouripour-panzer-debatte-ukraine-krieg-russland-100.html#xtor=CS5-282\">erkl\u00e4rt<\/a>: &#8220;Ich wei\u00df\u00a0nicht, warum Sch\u00fctzenpanzer\u00a0nicht\u00a0eskalativ sind, aber Kampfpanzer schon. (&#8230;) Deshalb ist es umso notwendiger, dass es jetzt endlich Klarheit gibt, und zwar so schnell wie m\u00f6glich.&#8221; Am 25. Januar <a rel=\"nofollow noopener\" target=\"_blank\" href=\"https:\/\/www.facebook.com\/anton.hofreiter\">kommentierte<\/a> Anton Hofreiter via Facebook:<\/p>\n<blockquote>\n<p><em>&#8220;Die Entscheidung des Kanzlers erm\u00f6glicht es der Ukraine, sich besser gegen die russischen Angriffe zu verteidigen und die Kontrolle \u00fcber ihr Staatsgebiet zur\u00fcckzuerlangen.<br \/>Es kommt jetzt darauf an, die n\u00e4chsten Schritte eng mit unseren Verb\u00fcndeten abzustimmen. Ausbildung, Versorgungsketten, Wartung, Instandsetzung &#8211; es gibt viel zu tun. Erst wenn Putin erkennt, dass er diesen Krieg nicht gewinnen kann, wird er zu Verhandlungen bereit sein und ein Frieden wird m\u00f6glich.&#8221;<\/em><\/p>\n<\/blockquote>\n<p>Ebenfalls am 25. Januar <a rel=\"nofollow noopener\" target=\"_blank\" href=\"https:\/\/twitter.com\/cem_oezdemir\/status\/1618206258380836867?ref_src=twsrc%5Etfw%7Ctwcamp%5Etweetembed%7Ctwterm%5E1618206258380836867%7Ctwgr%5Eca506099c44061afcd492b675e4d2ac5975581fd%7Ctwcon%5Es1_&amp;ref_url=https%3A%2F%2Frtde.site%2Fpreview%2FNews%2F63d140ebb480cc4ea3274113%2F\">erkl\u00e4rte<\/a> der\u00a0Bundesminister f\u00fcr Ern\u00e4hrung und Landwirtschaft, Cem \u00d6zdemir, sein Verst\u00e4ndnis zum Regierungsbeschluss:<\/p>\n<blockquote>\n<p><em>&#8220;Russland muss begreifen, dass es seinen m\u00f6rderischen Krieg nicht gewinnen kann. Dazu muss die Ukraine in der Lage sein, die russischen Angriffe immer wieder abzuwehren. Und dazu m\u00fcssen wir die Ukraine so stark wie m\u00f6glich machen. Genau daf\u00fcr liefern wir den\u00a0Leopard 2. Gut so!&#8221;<\/em><\/p>\n<\/blockquote>\n<p>Es erfolgte im Verlauf des Tages die Aussage der gr\u00fcnen Bundesau\u00dfenministerin Annalena Baerbock bei dem Treffen der Parlamentarischen Versammlung des Europarats, die als geschichtshistorisch ihren Weg in die Archive finden wird:<\/p>\n<blockquote>\n<p><em>&#8220;Ja, wir m\u00fcssen mehr tun, um die Ukraine zu verteidigen. Ja, wir m\u00fcssen mehr tun, auch bei den Panzern. (&#8230;) Denn wir f\u00fchren einen Krieg gegen Russland und nicht (als EU-Mitglieder) gegeneinander.&#8221;\u00a0<\/em><\/p>\n<\/blockquote>\n<div class=\"EmbedBlock-root EmbedBlock-twitter\">\n<div class=\"TwitterEmbed\">\n<blockquote class=\"twitter-tweet lazyload\" data-twitter=\"twitter-tweet\">\n<p lang=\"de\" dir=\"ltr\">Au\u00dfenministerin Annalena Baerbock am 24.1.2023 im Europarat: &#8220;Wir f\u00fchren einen Krieg gegen Russland.&#8221;Quelle: <a rel=\"nofollow noopener\" target=\"_blank\" href=\"https:\/\/t.co\/p7EudGanNN\">https:\/\/t.co\/p7EudGanNN<\/a><a rel=\"nofollow noopener\" target=\"_blank\" href=\"https:\/\/t.co\/H5jw10pcDb\">pic.twitter.com\/H5jw10pcDb<\/a><\/p>\n<p>\u2014 Bastian Barucker (@BBarucker) <a rel=\"nofollow noopener\" target=\"_blank\" href=\"https:\/\/twitter.com\/BBarucker\/status\/1618263965850796038?ref_src=twsrc%5Etfw\">January 25, 2023<\/a><\/p><\/blockquote>\n<\/div>\n<\/div>\n<p><strong>Mehr zum Thema &#8211;<\/strong>\u00a0<a rel=\"nofollow noopener\" target=\"_blank\" href=\"https:\/\/de.rt.com\/inland\/view\/63d2199fb480cc213d3c7274\">Wir sind Kriegspartei \u2013 Allein Moskau entscheidet, wann entsprechend darauf reagiert wird<\/a><\/p>\n<\/div>\n<p><script async src=\"https:\/\/platform.twitter.com\/widgets.js\" charset=\"utf-8\"><\/script><br \/>\n<br \/><br \/>\n<br \/><a href=\"https:\/\/de.rt.com\/inland\/161021-bombenstimmung-gruenen-mitglieder-feiern-panzerlieferungen\/\">Source link <\/a><\/p>\n","protected":false},"excerpt":{"rendered":"<p>Parteimitglieder der Gr\u00fcnen haben in den sozialen Medien mit Begeisterung auf den Regierungsbeschluss zu Panzerlieferungen reagiert. Mahnungen an die Partei, dass der Export von Waffen in Kriegsgebiete wenig friedensf\u00f6rderlich ist, h\u00e4tten lediglich das Ziel, &#8220;Schaden anzurichten und aufzuhetzen&#8221;. Eine Mehrheit der B\u00fcrger im Land wollte keine weiteren\u00a0Waffenlieferungen von Deutschland an die Ukraine. Viele Menschen, auch [&hellip;]<\/p>\n","protected":false},"author":3,"featured_media":28676,"comment_status":"open","ping_status":"open","sticky":false,"template":"","format":"standard","meta":{"_yoast_indexnow_last_ping":["1674724205"],"wp_automatic_camp":["217"],"32656f83a002995b0472ab24066f25b6":["Bombenstimmung: Gr\u00fcnen-Mitglieder feiern Panzerlieferungen an die Ukraine"],"original_link":["https:\/\/de.rt.com\/inland\/161021-bombenstimmung-gruenen-mitglieder-feiern-panzerlieferungen\/"],"_thumbnail_id":["28676"],"_wptgpro_p2tg_sent2tg":["a:1:{i:23737;s:19:\"2023-01-26 11:11:24\";}"],"jnews_social_counter_last_update":["1777585566"]},"categories":[19,23],"tags":[34071,45,6363,39677,32725,127],"yoast_head":"<!-- This site is optimized with the Yoast SEO Premium plugin v22.7 (Yoast SEO v22.7) - https:\/\/yoast.com\/wordpress\/plugins\/seo\/ -->\n<title>Bombenstimmung: Gr\u00fcnen-Mitglieder feiern Panzerlieferungen an die Ukraine - just-now.NEWS Deutschland<\/title>\n<meta name=\"robots\" content=\"index, follow, max-snippet:-1, max-image-preview:large, max-video-preview:-1\" \/>\n<link rel=\"canonical\" href=\"https:\/\/now-news.de\/de\/deutschland\/bombenstimmung-gruenen-mitglieder-feiern-panzerlieferungen-an-die-ukraine\/\" \/>\n<meta property=\"og:locale\" content=\"de_DE\" \/>\n<meta property=\"og:type\" content=\"article\" \/>\n<meta property=\"og:title\" content=\"Bombenstimmung: Gr\u00fcnen-Mitglieder feiern Panzerlieferungen an die Ukraine\" \/>\n<meta property=\"og:description\" content=\"Parteimitglieder der Gr\u00fcnen haben in den sozialen Medien mit Begeisterung auf den Regierungsbeschluss zu Panzerlieferungen reagiert. Mahnungen an die Partei, dass der Export von Waffen in Kriegsgebiete wenig friedensf\u00f6rderlich ist, h\u00e4tten lediglich das Ziel, &#8220;Schaden anzurichten und aufzuhetzen&#8221;. Eine Mehrheit der B\u00fcrger im Land wollte keine weiteren\u00a0Waffenlieferungen von Deutschland an die Ukraine. Viele Menschen, auch [&hellip;]\" \/>\n<meta property=\"og:url\" content=\"https:\/\/now-news.de\/de\/deutschland\/bombenstimmung-gruenen-mitglieder-feiern-panzerlieferungen-an-die-ukraine\/\" \/>\n<meta property=\"og:site_name\" content=\"just-now.NEWS Deutschland\" \/>\n<meta property=\"article:publisher\" content=\"https:\/\/www.facebook.com\/wirmachenauf\" \/>\n<meta property=\"article:published_time\" content=\"2023-01-26T09:03:42+00:00\" \/>\n<meta property=\"og:image\" content=\"https:\/\/now-news.de\/de\/wp-content\/uploads\/sites\/3\/2023\/01\/Bombenstimmung-Gruenen-Mitglieder-feiern-Panzerlieferungen-an-die-Ukraine.jpg\" \/>\n\t<meta property=\"og:image:width\" content=\"460\" \/>\n\t<meta property=\"og:image:height\" content=\"259\" \/>\n\t<meta property=\"og:image:type\" content=\"image\/jpeg\" \/>\n<meta name=\"author\" content=\"rtnews\" \/>\n<meta name=\"twitter:card\" content=\"summary_large_image\" \/>\n<meta name=\"twitter:creator\" content=\"@WirMachenAuf_de\" \/>\n<meta name=\"twitter:site\" content=\"@WirMachenAuf_de\" \/>\n<meta name=\"twitter:label1\" content=\"Verfasst von\" \/>\n\t<meta name=\"twitter:data1\" content=\"rtnews\" \/>\n\t<meta name=\"twitter:label2\" content=\"Gesch\u00e4tzte Lesezeit\" \/>\n\t<meta name=\"twitter:data2\" content=\"4\u00a0Minuten\" \/>\n<script type=\"application\/ld+json\" class=\"yoast-schema-graph\">{\"@context\":\"https:\/\/schema.org\",\"@graph\":[{\"@type\":\"Article\",\"@id\":\"https:\/\/now-news.de\/de\/deutschland\/bombenstimmung-gruenen-mitglieder-feiern-panzerlieferungen-an-die-ukraine\/#article\",\"isPartOf\":{\"@id\":\"https:\/\/now-news.de\/de\/deutschland\/bombenstimmung-gruenen-mitglieder-feiern-panzerlieferungen-an-die-ukraine\/\"},\"author\":{\"name\":\"rtnews\",\"@id\":\"https:\/\/now-news.de\/de\/#\/schema\/person\/fb534a4e865501d8b3285208df34a9b5\"},\"headline\":\"Bombenstimmung: Gr\u00fcnen-Mitglieder feiern Panzerlieferungen an die Ukraine\",\"datePublished\":\"2023-01-26T09:03:42+00:00\",\"dateModified\":\"2023-01-26T09:03:42+00:00\",\"mainEntityOfPage\":{\"@id\":\"https:\/\/now-news.de\/de\/deutschland\/bombenstimmung-gruenen-mitglieder-feiern-panzerlieferungen-an-die-ukraine\/\"},\"wordCount\":799,\"commentCount\":0,\"publisher\":{\"@id\":\"https:\/\/now-news.de\/de\/#organization\"},\"image\":{\"@id\":\"https:\/\/now-news.de\/de\/deutschland\/bombenstimmung-gruenen-mitglieder-feiern-panzerlieferungen-an-die-ukraine\/#primaryimage\"},\"thumbnailUrl\":\"https:\/\/now-news.de\/de\/wp-content\/uploads\/sites\/3\/2023\/01\/Bombenstimmung-Gruenen-Mitglieder-feiern-Panzerlieferungen-an-die-Ukraine.jpg\",\"keywords\":[\"Bombenstimmung\",\"die\",\"Feiern\",\"Gr\u00fcnenMitglieder\",\"Panzerlieferungen\",\"ukraine\"],\"articleSection\":[\"Deutschland\",\"Russland\"],\"inLanguage\":\"de\",\"potentialAction\":[{\"@type\":\"CommentAction\",\"name\":\"Comment\",\"target\":[\"https:\/\/now-news.de\/de\/deutschland\/bombenstimmung-gruenen-mitglieder-feiern-panzerlieferungen-an-die-ukraine\/#respond\"]}]},{\"@type\":\"WebPage\",\"@id\":\"https:\/\/now-news.de\/de\/deutschland\/bombenstimmung-gruenen-mitglieder-feiern-panzerlieferungen-an-die-ukraine\/\",\"url\":\"https:\/\/now-news.de\/de\/deutschland\/bombenstimmung-gruenen-mitglieder-feiern-panzerlieferungen-an-die-ukraine\/\",\"name\":\"Bombenstimmung: Gr\u00fcnen-Mitglieder feiern Panzerlieferungen an die Ukraine - just-now.NEWS Deutschland\",\"isPartOf\":{\"@id\":\"https:\/\/now-news.de\/de\/#website\"},\"primaryImageOfPage\":{\"@id\":\"https:\/\/now-news.de\/de\/deutschland\/bombenstimmung-gruenen-mitglieder-feiern-panzerlieferungen-an-die-ukraine\/#primaryimage\"},\"image\":{\"@id\":\"https:\/\/now-news.de\/de\/deutschland\/bombenstimmung-gruenen-mitglieder-feiern-panzerlieferungen-an-die-ukraine\/#primaryimage\"},\"thumbnailUrl\":\"https:\/\/now-news.de\/de\/wp-content\/uploads\/sites\/3\/2023\/01\/Bombenstimmung-Gruenen-Mitglieder-feiern-Panzerlieferungen-an-die-Ukraine.jpg\",\"datePublished\":\"2023-01-26T09:03:42+00:00\",\"dateModified\":\"2023-01-26T09:03:42+00:00\",\"breadcrumb\":{\"@id\":\"https:\/\/now-news.de\/de\/deutschland\/bombenstimmung-gruenen-mitglieder-feiern-panzerlieferungen-an-die-ukraine\/#breadcrumb\"},\"inLanguage\":\"de\",\"potentialAction\":[{\"@type\":\"ReadAction\",\"target\":[\"https:\/\/now-news.de\/de\/deutschland\/bombenstimmung-gruenen-mitglieder-feiern-panzerlieferungen-an-die-ukraine\/\"]}]},{\"@type\":\"ImageObject\",\"inLanguage\":\"de\",\"@id\":\"https:\/\/now-news.de\/de\/deutschland\/bombenstimmung-gruenen-mitglieder-feiern-panzerlieferungen-an-die-ukraine\/#primaryimage\",\"url\":\"https:\/\/now-news.de\/de\/wp-content\/uploads\/sites\/3\/2023\/01\/Bombenstimmung-Gruenen-Mitglieder-feiern-Panzerlieferungen-an-die-Ukraine.jpg\",\"contentUrl\":\"https:\/\/now-news.de\/de\/wp-content\/uploads\/sites\/3\/2023\/01\/Bombenstimmung-Gruenen-Mitglieder-feiern-Panzerlieferungen-an-die-Ukraine.jpg\",\"width\":460,\"height\":259,\"caption\":\"Bombenstimmung: Gr\u00fcnen-Mitglieder feiern Panzerlieferungen an die Ukraine\"},{\"@type\":\"BreadcrumbList\",\"@id\":\"https:\/\/now-news.de\/de\/deutschland\/bombenstimmung-gruenen-mitglieder-feiern-panzerlieferungen-an-die-ukraine\/#breadcrumb\",\"itemListElement\":[{\"@type\":\"ListItem\",\"position\":1,\"name\":\"Home\",\"item\":\"https:\/\/now-news.de\/de\/\"},{\"@type\":\"ListItem\",\"position\":2,\"name\":\"Bombenstimmung: Gr\u00fcnen-Mitglieder feiern Panzerlieferungen an die Ukraine\"}]},{\"@type\":\"WebSite\",\"@id\":\"https:\/\/now-news.de\/de\/#website\",\"url\":\"https:\/\/now-news.de\/de\/\",\"name\":\"just-now.NEWS Deutschland\",\"description\":\"Das Portal f\u00fcr unzensierte Nachrichten aus der Welt\",\"publisher\":{\"@id\":\"https:\/\/now-news.de\/de\/#organization\"},\"potentialAction\":[{\"@type\":\"SearchAction\",\"target\":{\"@type\":\"EntryPoint\",\"urlTemplate\":\"https:\/\/now-news.de\/de\/?s={search_term_string}\"},\"query-input\":\"required name=search_term_string\"}],\"inLanguage\":\"de\"},{\"@type\":\"Organization\",\"@id\":\"https:\/\/now-news.de\/de\/#organization\",\"name\":\"Just Now News\",\"url\":\"https:\/\/now-news.de\/de\/\",\"logo\":{\"@type\":\"ImageObject\",\"inLanguage\":\"de\",\"@id\":\"https:\/\/now-news.de\/de\/#\/schema\/logo\/image\/\",\"url\":\"http:\/\/just-now.news\/de\/wp-content\/uploads\/sites\/3\/2022\/04\/logo500x500.jpg\",\"contentUrl\":\"http:\/\/just-now.news\/de\/wp-content\/uploads\/sites\/3\/2022\/04\/logo500x500.jpg\",\"width\":500,\"height\":500,\"caption\":\"Just Now News\"},\"image\":{\"@id\":\"https:\/\/now-news.de\/de\/#\/schema\/logo\/image\/\"},\"sameAs\":[\"https:\/\/www.facebook.com\/wirmachenauf\",\"https:\/\/x.com\/WirMachenAuf_de\"]},{\"@type\":\"Person\",\"@id\":\"https:\/\/now-news.de\/de\/#\/schema\/person\/fb534a4e865501d8b3285208df34a9b5\",\"name\":\"rtnews\",\"image\":{\"@type\":\"ImageObject\",\"inLanguage\":\"de\",\"@id\":\"https:\/\/now-news.de\/de\/#\/schema\/person\/image\/\",\"url\":\"https:\/\/secure.gravatar.com\/avatar\/82aafea7d8127119dd649515f56e2117?s=96&d=mm&r=g\",\"contentUrl\":\"https:\/\/secure.gravatar.com\/avatar\/82aafea7d8127119dd649515f56e2117?s=96&d=mm&r=g\",\"caption\":\"rtnews\"},\"url\":\"https:\/\/now-news.de\/de\/author\/rnews\/\"}]}<\/script>\n<!-- \/ Yoast SEO Premium plugin. -->","yoast_head_json":{"title":"Bombenstimmung: Gr\u00fcnen-Mitglieder feiern Panzerlieferungen an die Ukraine - just-now.NEWS Deutschland","robots":{"index":"index","follow":"follow","max-snippet":"max-snippet:-1","max-image-preview":"max-image-preview:large","max-video-preview":"max-video-preview:-1"},"canonical":"https:\/\/now-news.de\/de\/deutschland\/bombenstimmung-gruenen-mitglieder-feiern-panzerlieferungen-an-die-ukraine\/","og_locale":"de_DE","og_type":"article","og_title":"Bombenstimmung: Gr\u00fcnen-Mitglieder feiern Panzerlieferungen an die Ukraine","og_description":"Parteimitglieder der Gr\u00fcnen haben in den sozialen Medien mit Begeisterung auf den Regierungsbeschluss zu Panzerlieferungen reagiert. Mahnungen an die Partei, dass der Export von Waffen in Kriegsgebiete wenig friedensf\u00f6rderlich ist, h\u00e4tten lediglich das Ziel, &#8220;Schaden anzurichten und aufzuhetzen&#8221;. Eine Mehrheit der B\u00fcrger im Land wollte keine weiteren\u00a0Waffenlieferungen von Deutschland an die Ukraine. Viele Menschen, auch [&hellip;]","og_url":"https:\/\/now-news.de\/de\/deutschland\/bombenstimmung-gruenen-mitglieder-feiern-panzerlieferungen-an-die-ukraine\/","og_site_name":"just-now.NEWS Deutschland","article_publisher":"https:\/\/www.facebook.com\/wirmachenauf","article_published_time":"2023-01-26T09:03:42+00:00","og_image":[{"width":460,"height":259,"url":"https:\/\/now-news.de\/de\/wp-content\/uploads\/sites\/3\/2023\/01\/Bombenstimmung-Gruenen-Mitglieder-feiern-Panzerlieferungen-an-die-Ukraine.jpg","type":"image\/jpeg"}],"author":"rtnews","twitter_card":"summary_large_image","twitter_creator":"@WirMachenAuf_de","twitter_site":"@WirMachenAuf_de","twitter_misc":{"Verfasst von":"rtnews","Gesch\u00e4tzte Lesezeit":"4\u00a0Minuten"},"schema":{"@context":"https:\/\/schema.org","@graph":[{"@type":"Article","@id":"https:\/\/now-news.de\/de\/deutschland\/bombenstimmung-gruenen-mitglieder-feiern-panzerlieferungen-an-die-ukraine\/#article","isPartOf":{"@id":"https:\/\/now-news.de\/de\/deutschland\/bombenstimmung-gruenen-mitglieder-feiern-panzerlieferungen-an-die-ukraine\/"},"author":{"name":"rtnews","@id":"https:\/\/now-news.de\/de\/#\/schema\/person\/fb534a4e865501d8b3285208df34a9b5"},"headline":"Bombenstimmung: Gr\u00fcnen-Mitglieder feiern Panzerlieferungen an die Ukraine","datePublished":"2023-01-26T09:03:42+00:00","dateModified":"2023-01-26T09:03:42+00:00","mainEntityOfPage":{"@id":"https:\/\/now-news.de\/de\/deutschland\/bombenstimmung-gruenen-mitglieder-feiern-panzerlieferungen-an-die-ukraine\/"},"wordCount":799,"commentCount":0,"publisher":{"@id":"https:\/\/now-news.de\/de\/#organization"},"image":{"@id":"https:\/\/now-news.de\/de\/deutschland\/bombenstimmung-gruenen-mitglieder-feiern-panzerlieferungen-an-die-ukraine\/#primaryimage"},"thumbnailUrl":"https:\/\/now-news.de\/de\/wp-content\/uploads\/sites\/3\/2023\/01\/Bombenstimmung-Gruenen-Mitglieder-feiern-Panzerlieferungen-an-die-Ukraine.jpg","keywords":["Bombenstimmung","die","Feiern","Gr\u00fcnenMitglieder","Panzerlieferungen","ukraine"],"articleSection":["Deutschland","Russland"],"inLanguage":"de","potentialAction":[{"@type":"CommentAction","name":"Comment","target":["https:\/\/now-news.de\/de\/deutschland\/bombenstimmung-gruenen-mitglieder-feiern-panzerlieferungen-an-die-ukraine\/#respond"]}]},{"@type":"WebPage","@id":"https:\/\/now-news.de\/de\/deutschland\/bombenstimmung-gruenen-mitglieder-feiern-panzerlieferungen-an-die-ukraine\/","url":"https:\/\/now-news.de\/de\/deutschland\/bombenstimmung-gruenen-mitglieder-feiern-panzerlieferungen-an-die-ukraine\/","name":"Bombenstimmung: Gr\u00fcnen-Mitglieder feiern Panzerlieferungen an die Ukraine - just-now.NEWS Deutschland","isPartOf":{"@id":"https:\/\/now-news.de\/de\/#website"},"primaryImageOfPage":{"@id":"https:\/\/now-news.de\/de\/deutschland\/bombenstimmung-gruenen-mitglieder-feiern-panzerlieferungen-an-die-ukraine\/#primaryimage"},"image":{"@id":"https:\/\/now-news.de\/de\/deutschland\/bombenstimmung-gruenen-mitglieder-feiern-panzerlieferungen-an-die-ukraine\/#primaryimage"},"thumbnailUrl":"https:\/\/now-news.de\/de\/wp-content\/uploads\/sites\/3\/2023\/01\/Bombenstimmung-Gruenen-Mitglieder-feiern-Panzerlieferungen-an-die-Ukraine.jpg","datePublished":"2023-01-26T09:03:42+00:00","dateModified":"2023-01-26T09:03:42+00:00","breadcrumb":{"@id":"https:\/\/now-news.de\/de\/deutschland\/bombenstimmung-gruenen-mitglieder-feiern-panzerlieferungen-an-die-ukraine\/#breadcrumb"},"inLanguage":"de","potentialAction":[{"@type":"ReadAction","target":["https:\/\/now-news.de\/de\/deutschland\/bombenstimmung-gruenen-mitglieder-feiern-panzerlieferungen-an-die-ukraine\/"]}]},{"@type":"ImageObject","inLanguage":"de","@id":"https:\/\/now-news.de\/de\/deutschland\/bombenstimmung-gruenen-mitglieder-feiern-panzerlieferungen-an-die-ukraine\/#primaryimage","url":"https:\/\/now-news.de\/de\/wp-content\/uploads\/sites\/3\/2023\/01\/Bombenstimmung-Gruenen-Mitglieder-feiern-Panzerlieferungen-an-die-Ukraine.jpg","contentUrl":"https:\/\/now-news.de\/de\/wp-content\/uploads\/sites\/3\/2023\/01\/Bombenstimmung-Gruenen-Mitglieder-feiern-Panzerlieferungen-an-die-Ukraine.jpg","width":460,"height":259,"caption":"Bombenstimmung: Gr\u00fcnen-Mitglieder feiern Panzerlieferungen an die Ukraine"},{"@type":"BreadcrumbList","@id":"https:\/\/now-news.de\/de\/deutschland\/bombenstimmung-gruenen-mitglieder-feiern-panzerlieferungen-an-die-ukraine\/#breadcrumb","itemListElement":[{"@type":"ListItem","position":1,"name":"Home","item":"https:\/\/now-news.de\/de\/"},{"@type":"ListItem","position":2,"name":"Bombenstimmung: Gr\u00fcnen-Mitglieder feiern Panzerlieferungen an die Ukraine"}]},{"@type":"WebSite","@id":"https:\/\/now-news.de\/de\/#website","url":"https:\/\/now-news.de\/de\/","name":"just-now.NEWS Deutschland","description":"Das Portal f\u00fcr unzensierte Nachrichten aus der Welt","publisher":{"@id":"https:\/\/now-news.de\/de\/#organization"},"potentialAction":[{"@type":"SearchAction","target":{"@type":"EntryPoint","urlTemplate":"https:\/\/now-news.de\/de\/?s={search_term_string}"},"query-input":"required name=search_term_string"}],"inLanguage":"de"},{"@type":"Organization","@id":"https:\/\/now-news.de\/de\/#organization","name":"Just Now News","url":"https:\/\/now-news.de\/de\/","logo":{"@type":"ImageObject","inLanguage":"de","@id":"https:\/\/now-news.de\/de\/#\/schema\/logo\/image\/","url":"http:\/\/just-now.news\/de\/wp-content\/uploads\/sites\/3\/2022\/04\/logo500x500.jpg","contentUrl":"http:\/\/just-now.news\/de\/wp-content\/uploads\/sites\/3\/2022\/04\/logo500x500.jpg","width":500,"height":500,"caption":"Just Now News"},"image":{"@id":"https:\/\/now-news.de\/de\/#\/schema\/logo\/image\/"},"sameAs":["https:\/\/www.facebook.com\/wirmachenauf","https:\/\/x.com\/WirMachenAuf_de"]},{"@type":"Person","@id":"https:\/\/now-news.de\/de\/#\/schema\/person\/fb534a4e865501d8b3285208df34a9b5","name":"rtnews","image":{"@type":"ImageObject","inLanguage":"de","@id":"https:\/\/now-news.de\/de\/#\/schema\/person\/image\/","url":"https:\/\/secure.gravatar.com\/avatar\/82aafea7d8127119dd649515f56e2117?s=96&d=mm&r=g","contentUrl":"https:\/\/secure.gravatar.com\/avatar\/82aafea7d8127119dd649515f56e2117?s=96&d=mm&r=g","caption":"rtnews"},"url":"https:\/\/now-news.de\/de\/author\/rnews\/"}]}},"_links":{"self":[{"href":"https:\/\/now-news.de\/de\/wp-json\/wp\/v2\/posts\/28675"}],"collection":[{"href":"https:\/\/now-news.de\/de\/wp-json\/wp\/v2\/posts"}],"about":[{"href":"https:\/\/now-news.de\/de\/wp-json\/wp\/v2\/types\/post"}],"author":[{"embeddable":true,"href":"https:\/\/now-news.de\/de\/wp-json\/wp\/v2\/users\/3"}],"replies":[{"embeddable":true,"href":"https:\/\/now-news.de\/de\/wp-json\/wp\/v2\/comments?post=28675"}],"version-history":[{"count":0,"href":"https:\/\/now-news.de\/de\/wp-json\/wp\/v2\/posts\/28675\/revisions"}],"wp:featuredmedia":[{"embeddable":true,"href":"https:\/\/now-news.de\/de\/wp-json\/wp\/v2\/media\/28676"}],"wp:attachment":[{"href":"https:\/\/now-news.de\/de\/wp-json\/wp\/v2\/media?parent=28675"}],"wp:term":[{"taxonomy":"category","embeddable":true,"href":"https:\/\/now-news.de\/de\/wp-json\/wp\/v2\/categories?post=28675"},{"taxonomy":"post_tag","embeddable":true,"href":"https:\/\/now-news.de\/de\/wp-json\/wp\/v2\/tags?post=28675"}],"curies":[{"name":"wp","href":"https:\/\/api.w.org\/{rel}","templated":true}]}}