{"id":28647,"date":"2023-01-25T22:08:50","date_gmt":"2023-01-25T20:08:50","guid":{"rendered":"https:\/\/just-now.news\/de\/deutschland\/rki-chef-wieler-raeumt-ein-schulschliessungen-waren-nie-noetig\/"},"modified":"2023-01-25T22:08:50","modified_gmt":"2023-01-25T20:08:50","slug":"rki-chef-wieler-raeumt-ein-schulschliessungen-waren-nie-noetig","status":"publish","type":"post","link":"https:\/\/now-news.de\/de\/deutschland\/rki-chef-wieler-raeumt-ein-schulschliessungen-waren-nie-noetig\/","title":{"rendered":"RKI-Chef Wieler r\u00e4umt ein: Schulschlie\u00dfungen waren nie n\u00f6tig"},"content":{"rendered":"<p><img decoding=\"async\" src=\"http:\/\/just-now.news\/de\/wp-content\/uploads\/sites\/3\/2023\/01\/63d1802e48fbef3fe14a385b.jpg\" \/><\/p>\n<div class=\"Text-root Text-type_1 \">\n                Bevor er geht, r\u00e4umte RKI-Chef Lothar Wieler im Interview mit der Zeit ein, dass die Schulschlie\u00dfungen in der Corona-Krise nie n\u00f6tig waren. Es sei auch immer klar gewesen, dass jede Ma\u00dfnahme Nebenwirkungen hat.\n            <\/div>\n<p><\/p>\n<div class=\"Text-root Text-type_5 ArticleView-text ViewText-root \">\n<p>Kurz bevor er das Robert Koch-Institut (RKI) zum 1. April verl\u00e4sst, r\u00e4umt Lothar Wieler, Chef der Beh\u00f6rde, nun eigene Fehler ein und fordert erstaunlicherweise eine Aufarbeitung der Corona-Krise. Die \u00c4u\u00dferungen Wielers kommen zu einem Zeitpunkt, in dem eine Umfrage der <em>Zeit<\/em> ergab, dass eine Mehrheit der 2500 Befragten\u00a0\u2013 58 Prozent \u2013 sich f\u00fcr eine Aufarbeitung der Fehler in der Corona-Krise aussprach. Im Interview mit der <em>Zeit<\/em> erkl\u00e4rte Wieler nun, es m\u00fcsse &#8220;unbedingt&#8221; eine Aufarbeitung der Corona-Krise geben:<\/p>\n<blockquote>\n<p><em>&#8220;Als Wissenschaftler will ich wissen: Welche Ma\u00dfnahmen waren ad\u00e4quat, welche Kosten-Nutzen-Effekte gab es?&#8221;<\/em><\/p>\n<\/blockquote>\n<p>Die Aufarbeitung m\u00fcsse jedoch &#8220;fundiert&#8221; geschehen, in Form einer &#8220;sauberen Analyse, denn wir m\u00fcssen ja f\u00fcr die Zukunft daraus lernen&#8221;. Auf die dramatischen Einschnitte f\u00fcr Kinder und Jugendliche durch Lockdowns und Schulschlie\u00dfungen angesprochen, behauptete Wieler:<\/p>\n<blockquote>\n<p><em>&#8220;Wir haben immer Empfehlungen abgegeben, mit denen man den Betrieb in Schulen und Kitas h\u00e4tte laufen lassen k\u00f6nnen, wenn auch unter Anstrengung.&#8221;<\/em><\/p>\n<\/blockquote>\n<p>Es habe nie nur die Alternative gegeben: Entweder wenige Tote oder Schulen offen halten, doch der vorhandene Spielraum sei &#8220;nicht ausreichend mit der n\u00f6tigen Sorgfalt, Ruhe und Sachlichkeit&#8221; betrachtet worden. Zu Beginn der Krise sei auch nicht klar gewesen, in welchem Ma\u00df Kinder an Corona erkranken und inwiefern sie von m\u00f6glichen Langzeitfolgen betroffen sind. &#8220;Wir mussten auch sie sch\u00fctzen&#8221;, sagte Wieler. Die Verantwortung f\u00fcr die Umsetzung schob er auf die Politik und die Verantwortlichen vor Ort.<\/p>\n<blockquote>\n<p><em>&#8220;Und es war immer klar, dass jede Ma\u00dfnahme Nebenwirkungen hat.&#8221;<\/em><\/p>\n<\/blockquote>\n<p>Nach den eigenen Fehlern gefragt sagte Wieler, er habe &#8220;auch aus \u00dcberlastung&#8221; zu wenige Gespr\u00e4che gef\u00fchrt, um die komplexen Geschehnisse besser einzuordnen. Das RKI und das Bundesgesundheitsministerium hatten bekanntgegeben, dass Wieler die Beh\u00f6rde zum 1. April verl\u00e4sst. Was er danach vorhat, sagte er auch im Interview mit der <em>Zeit<\/em> nicht. Sein R\u00fccktritt und der Zeitpunkt seien eine &#8220;pers\u00f6nliche Entscheidung&#8221; gewesen. Das Corona-Geschehen sei nun beherrschbar geworden, daher sei dies ein guter Zeitpunkt, um aufzuh\u00f6ren. Er wolle noch einmal &#8220;etwas Neues machen&#8221;.<\/p>\n<p><strong>Mehr zum Thema \u2013<\/strong>\u00a0<a rel=\"nofollow noopener\" target=\"_blank\" href=\"https:\/\/test.rtde.tech\/meinung\/159625-lothar-wieler-danke-fuer-nichts\/\">Lothar Wieler? Danke f\u00fcr nichts!<\/a><\/p>\n<p>(rt\/dpa)<\/p>\n<\/div>\n<p><br \/>\n<br \/><a href=\"https:\/\/de.rt.com\/inland\/160999-rki-chef-wieler-schulschliessungen\/\">Source link <\/a><\/p>\n","protected":false},"excerpt":{"rendered":"<p>Bevor er geht, r\u00e4umte RKI-Chef Lothar Wieler im Interview mit der Zeit ein, dass die Schulschlie\u00dfungen in der Corona-Krise nie n\u00f6tig waren. Es sei auch immer klar gewesen, dass jede Ma\u00dfnahme Nebenwirkungen hat. Kurz bevor er das Robert Koch-Institut (RKI) zum 1. April verl\u00e4sst, r\u00e4umt Lothar Wieler, Chef der Beh\u00f6rde, nun eigene Fehler ein und [&hellip;]<\/p>\n","protected":false},"author":3,"featured_media":28648,"comment_status":"open","ping_status":"open","sticky":false,"template":"","format":"standard","meta":{"_yoast_indexnow_last_ping":["1674678895"],"wp_automatic_camp":["217"],"c95aec4c84e0c84840f2864408033e81":["RKI-Chef Wieler r\u00e4umt ein: Schulschlie\u00dfungen waren nie n\u00f6tig"],"original_link":["https:\/\/de.rt.com\/inland\/160999-rki-chef-wieler-schulschliessungen\/"],"_thumbnail_id":["28648"],"_wptgpro_p2tg_sent2tg":["a:1:{i:23737;s:19:\"2023-01-25 22:35:58\";}"],"jnews_social_counter_last_update":["1777573621"]},"categories":[19,23],"tags":[357,10730,21631,3947,26490,23601,6518,3808],"yoast_head":"<!-- This site is optimized with the Yoast SEO Premium plugin v22.7 (Yoast SEO v22.7) - https:\/\/yoast.com\/wordpress\/plugins\/seo\/ -->\n<title>RKI-Chef Wieler r\u00e4umt ein: Schulschlie\u00dfungen waren nie n\u00f6tig - just-now.NEWS Deutschland<\/title>\n<meta name=\"robots\" content=\"index, follow, max-snippet:-1, max-image-preview:large, max-video-preview:-1\" \/>\n<link rel=\"canonical\" href=\"https:\/\/now-news.de\/de\/deutschland\/rki-chef-wieler-raeumt-ein-schulschliessungen-waren-nie-noetig\/\" \/>\n<meta property=\"og:locale\" content=\"de_DE\" \/>\n<meta property=\"og:type\" content=\"article\" \/>\n<meta property=\"og:title\" content=\"RKI-Chef Wieler r\u00e4umt ein: Schulschlie\u00dfungen waren nie n\u00f6tig\" \/>\n<meta property=\"og:description\" content=\"Bevor er geht, r\u00e4umte RKI-Chef Lothar Wieler im Interview mit der Zeit ein, dass die Schulschlie\u00dfungen in der Corona-Krise nie n\u00f6tig waren. Es sei auch immer klar gewesen, dass jede Ma\u00dfnahme Nebenwirkungen hat. Kurz bevor er das Robert Koch-Institut (RKI) zum 1. April verl\u00e4sst, r\u00e4umt Lothar Wieler, Chef der Beh\u00f6rde, nun eigene Fehler ein und [&hellip;]\" \/>\n<meta property=\"og:url\" content=\"https:\/\/now-news.de\/de\/deutschland\/rki-chef-wieler-raeumt-ein-schulschliessungen-waren-nie-noetig\/\" \/>\n<meta property=\"og:site_name\" content=\"just-now.NEWS Deutschland\" \/>\n<meta property=\"article:publisher\" content=\"https:\/\/www.facebook.com\/wirmachenauf\" \/>\n<meta property=\"article:published_time\" content=\"2023-01-25T20:08:50+00:00\" \/>\n<meta property=\"og:image\" content=\"https:\/\/now-news.de\/de\/wp-content\/uploads\/sites\/3\/2023\/01\/RKI-Chef-Wieler-raeumt-ein-Schulschliessungen-waren-nie-noetig.jpg\" \/>\n\t<meta property=\"og:image:width\" content=\"460\" \/>\n\t<meta property=\"og:image:height\" content=\"259\" \/>\n\t<meta property=\"og:image:type\" content=\"image\/jpeg\" \/>\n<meta name=\"author\" content=\"rtnews\" \/>\n<meta name=\"twitter:card\" content=\"summary_large_image\" \/>\n<meta name=\"twitter:creator\" content=\"@WirMachenAuf_de\" \/>\n<meta name=\"twitter:site\" content=\"@WirMachenAuf_de\" \/>\n<meta name=\"twitter:label1\" content=\"Verfasst von\" \/>\n\t<meta name=\"twitter:data1\" content=\"rtnews\" \/>\n\t<meta name=\"twitter:label2\" content=\"Gesch\u00e4tzte Lesezeit\" \/>\n\t<meta name=\"twitter:data2\" content=\"2\u00a0Minuten\" \/>\n<script type=\"application\/ld+json\" class=\"yoast-schema-graph\">{\"@context\":\"https:\/\/schema.org\",\"@graph\":[{\"@type\":\"Article\",\"@id\":\"https:\/\/now-news.de\/de\/deutschland\/rki-chef-wieler-raeumt-ein-schulschliessungen-waren-nie-noetig\/#article\",\"isPartOf\":{\"@id\":\"https:\/\/now-news.de\/de\/deutschland\/rki-chef-wieler-raeumt-ein-schulschliessungen-waren-nie-noetig\/\"},\"author\":{\"name\":\"rtnews\",\"@id\":\"https:\/\/now-news.de\/de\/#\/schema\/person\/fb534a4e865501d8b3285208df34a9b5\"},\"headline\":\"RKI-Chef Wieler r\u00e4umt ein: Schulschlie\u00dfungen waren nie n\u00f6tig\",\"datePublished\":\"2023-01-25T20:08:50+00:00\",\"dateModified\":\"2023-01-25T20:08:50+00:00\",\"mainEntityOfPage\":{\"@id\":\"https:\/\/now-news.de\/de\/deutschland\/rki-chef-wieler-raeumt-ein-schulschliessungen-waren-nie-noetig\/\"},\"wordCount\":399,\"commentCount\":0,\"publisher\":{\"@id\":\"https:\/\/now-news.de\/de\/#organization\"},\"image\":{\"@id\":\"https:\/\/now-news.de\/de\/deutschland\/rki-chef-wieler-raeumt-ein-schulschliessungen-waren-nie-noetig\/#primaryimage\"},\"thumbnailUrl\":\"https:\/\/now-news.de\/de\/wp-content\/uploads\/sites\/3\/2023\/01\/RKI-Chef-Wieler-raeumt-ein-Schulschliessungen-waren-nie-noetig.jpg\",\"keywords\":[\"ein\",\"nie\",\"n\u00f6tig\",\"r\u00e4umt\",\"RKIChef\",\"Schulschlie\u00dfungen\",\"waren\",\"Wieler\"],\"articleSection\":[\"Deutschland\",\"Russland\"],\"inLanguage\":\"de\",\"potentialAction\":[{\"@type\":\"CommentAction\",\"name\":\"Comment\",\"target\":[\"https:\/\/now-news.de\/de\/deutschland\/rki-chef-wieler-raeumt-ein-schulschliessungen-waren-nie-noetig\/#respond\"]}]},{\"@type\":\"WebPage\",\"@id\":\"https:\/\/now-news.de\/de\/deutschland\/rki-chef-wieler-raeumt-ein-schulschliessungen-waren-nie-noetig\/\",\"url\":\"https:\/\/now-news.de\/de\/deutschland\/rki-chef-wieler-raeumt-ein-schulschliessungen-waren-nie-noetig\/\",\"name\":\"RKI-Chef Wieler r\u00e4umt ein: Schulschlie\u00dfungen waren nie n\u00f6tig - just-now.NEWS Deutschland\",\"isPartOf\":{\"@id\":\"https:\/\/now-news.de\/de\/#website\"},\"primaryImageOfPage\":{\"@id\":\"https:\/\/now-news.de\/de\/deutschland\/rki-chef-wieler-raeumt-ein-schulschliessungen-waren-nie-noetig\/#primaryimage\"},\"image\":{\"@id\":\"https:\/\/now-news.de\/de\/deutschland\/rki-chef-wieler-raeumt-ein-schulschliessungen-waren-nie-noetig\/#primaryimage\"},\"thumbnailUrl\":\"https:\/\/now-news.de\/de\/wp-content\/uploads\/sites\/3\/2023\/01\/RKI-Chef-Wieler-raeumt-ein-Schulschliessungen-waren-nie-noetig.jpg\",\"datePublished\":\"2023-01-25T20:08:50+00:00\",\"dateModified\":\"2023-01-25T20:08:50+00:00\",\"breadcrumb\":{\"@id\":\"https:\/\/now-news.de\/de\/deutschland\/rki-chef-wieler-raeumt-ein-schulschliessungen-waren-nie-noetig\/#breadcrumb\"},\"inLanguage\":\"de\",\"potentialAction\":[{\"@type\":\"ReadAction\",\"target\":[\"https:\/\/now-news.de\/de\/deutschland\/rki-chef-wieler-raeumt-ein-schulschliessungen-waren-nie-noetig\/\"]}]},{\"@type\":\"ImageObject\",\"inLanguage\":\"de\",\"@id\":\"https:\/\/now-news.de\/de\/deutschland\/rki-chef-wieler-raeumt-ein-schulschliessungen-waren-nie-noetig\/#primaryimage\",\"url\":\"https:\/\/now-news.de\/de\/wp-content\/uploads\/sites\/3\/2023\/01\/RKI-Chef-Wieler-raeumt-ein-Schulschliessungen-waren-nie-noetig.jpg\",\"contentUrl\":\"https:\/\/now-news.de\/de\/wp-content\/uploads\/sites\/3\/2023\/01\/RKI-Chef-Wieler-raeumt-ein-Schulschliessungen-waren-nie-noetig.jpg\",\"width\":460,\"height\":259,\"caption\":\"RKI-Chef Wieler r\u00e4umt ein: Schulschlie\u00dfungen waren nie n\u00f6tig\"},{\"@type\":\"BreadcrumbList\",\"@id\":\"https:\/\/now-news.de\/de\/deutschland\/rki-chef-wieler-raeumt-ein-schulschliessungen-waren-nie-noetig\/#breadcrumb\",\"itemListElement\":[{\"@type\":\"ListItem\",\"position\":1,\"name\":\"Home\",\"item\":\"https:\/\/now-news.de\/de\/\"},{\"@type\":\"ListItem\",\"position\":2,\"name\":\"RKI-Chef Wieler r\u00e4umt ein: Schulschlie\u00dfungen waren nie n\u00f6tig\"}]},{\"@type\":\"WebSite\",\"@id\":\"https:\/\/now-news.de\/de\/#website\",\"url\":\"https:\/\/now-news.de\/de\/\",\"name\":\"just-now.NEWS Deutschland\",\"description\":\"Das Portal f\u00fcr unzensierte Nachrichten aus der Welt\",\"publisher\":{\"@id\":\"https:\/\/now-news.de\/de\/#organization\"},\"potentialAction\":[{\"@type\":\"SearchAction\",\"target\":{\"@type\":\"EntryPoint\",\"urlTemplate\":\"https:\/\/now-news.de\/de\/?s={search_term_string}\"},\"query-input\":\"required name=search_term_string\"}],\"inLanguage\":\"de\"},{\"@type\":\"Organization\",\"@id\":\"https:\/\/now-news.de\/de\/#organization\",\"name\":\"Just Now News\",\"url\":\"https:\/\/now-news.de\/de\/\",\"logo\":{\"@type\":\"ImageObject\",\"inLanguage\":\"de\",\"@id\":\"https:\/\/now-news.de\/de\/#\/schema\/logo\/image\/\",\"url\":\"http:\/\/just-now.news\/de\/wp-content\/uploads\/sites\/3\/2022\/04\/logo500x500.jpg\",\"contentUrl\":\"http:\/\/just-now.news\/de\/wp-content\/uploads\/sites\/3\/2022\/04\/logo500x500.jpg\",\"width\":500,\"height\":500,\"caption\":\"Just Now News\"},\"image\":{\"@id\":\"https:\/\/now-news.de\/de\/#\/schema\/logo\/image\/\"},\"sameAs\":[\"https:\/\/www.facebook.com\/wirmachenauf\",\"https:\/\/x.com\/WirMachenAuf_de\"]},{\"@type\":\"Person\",\"@id\":\"https:\/\/now-news.de\/de\/#\/schema\/person\/fb534a4e865501d8b3285208df34a9b5\",\"name\":\"rtnews\",\"image\":{\"@type\":\"ImageObject\",\"inLanguage\":\"de\",\"@id\":\"https:\/\/now-news.de\/de\/#\/schema\/person\/image\/\",\"url\":\"https:\/\/secure.gravatar.com\/avatar\/82aafea7d8127119dd649515f56e2117?s=96&d=mm&r=g\",\"contentUrl\":\"https:\/\/secure.gravatar.com\/avatar\/82aafea7d8127119dd649515f56e2117?s=96&d=mm&r=g\",\"caption\":\"rtnews\"},\"url\":\"https:\/\/now-news.de\/de\/author\/rnews\/\"}]}<\/script>\n<!-- \/ Yoast SEO Premium plugin. -->","yoast_head_json":{"title":"RKI-Chef Wieler r\u00e4umt ein: Schulschlie\u00dfungen waren nie n\u00f6tig - just-now.NEWS Deutschland","robots":{"index":"index","follow":"follow","max-snippet":"max-snippet:-1","max-image-preview":"max-image-preview:large","max-video-preview":"max-video-preview:-1"},"canonical":"https:\/\/now-news.de\/de\/deutschland\/rki-chef-wieler-raeumt-ein-schulschliessungen-waren-nie-noetig\/","og_locale":"de_DE","og_type":"article","og_title":"RKI-Chef Wieler r\u00e4umt ein: Schulschlie\u00dfungen waren nie n\u00f6tig","og_description":"Bevor er geht, r\u00e4umte RKI-Chef Lothar Wieler im Interview mit der Zeit ein, dass die Schulschlie\u00dfungen in der Corona-Krise nie n\u00f6tig waren. Es sei auch immer klar gewesen, dass jede Ma\u00dfnahme Nebenwirkungen hat. Kurz bevor er das Robert Koch-Institut (RKI) zum 1. April verl\u00e4sst, r\u00e4umt Lothar Wieler, Chef der Beh\u00f6rde, nun eigene Fehler ein und [&hellip;]","og_url":"https:\/\/now-news.de\/de\/deutschland\/rki-chef-wieler-raeumt-ein-schulschliessungen-waren-nie-noetig\/","og_site_name":"just-now.NEWS Deutschland","article_publisher":"https:\/\/www.facebook.com\/wirmachenauf","article_published_time":"2023-01-25T20:08:50+00:00","og_image":[{"width":460,"height":259,"url":"https:\/\/now-news.de\/de\/wp-content\/uploads\/sites\/3\/2023\/01\/RKI-Chef-Wieler-raeumt-ein-Schulschliessungen-waren-nie-noetig.jpg","type":"image\/jpeg"}],"author":"rtnews","twitter_card":"summary_large_image","twitter_creator":"@WirMachenAuf_de","twitter_site":"@WirMachenAuf_de","twitter_misc":{"Verfasst von":"rtnews","Gesch\u00e4tzte Lesezeit":"2\u00a0Minuten"},"schema":{"@context":"https:\/\/schema.org","@graph":[{"@type":"Article","@id":"https:\/\/now-news.de\/de\/deutschland\/rki-chef-wieler-raeumt-ein-schulschliessungen-waren-nie-noetig\/#article","isPartOf":{"@id":"https:\/\/now-news.de\/de\/deutschland\/rki-chef-wieler-raeumt-ein-schulschliessungen-waren-nie-noetig\/"},"author":{"name":"rtnews","@id":"https:\/\/now-news.de\/de\/#\/schema\/person\/fb534a4e865501d8b3285208df34a9b5"},"headline":"RKI-Chef Wieler r\u00e4umt ein: Schulschlie\u00dfungen waren nie n\u00f6tig","datePublished":"2023-01-25T20:08:50+00:00","dateModified":"2023-01-25T20:08:50+00:00","mainEntityOfPage":{"@id":"https:\/\/now-news.de\/de\/deutschland\/rki-chef-wieler-raeumt-ein-schulschliessungen-waren-nie-noetig\/"},"wordCount":399,"commentCount":0,"publisher":{"@id":"https:\/\/now-news.de\/de\/#organization"},"image":{"@id":"https:\/\/now-news.de\/de\/deutschland\/rki-chef-wieler-raeumt-ein-schulschliessungen-waren-nie-noetig\/#primaryimage"},"thumbnailUrl":"https:\/\/now-news.de\/de\/wp-content\/uploads\/sites\/3\/2023\/01\/RKI-Chef-Wieler-raeumt-ein-Schulschliessungen-waren-nie-noetig.jpg","keywords":["ein","nie","n\u00f6tig","r\u00e4umt","RKIChef","Schulschlie\u00dfungen","waren","Wieler"],"articleSection":["Deutschland","Russland"],"inLanguage":"de","potentialAction":[{"@type":"CommentAction","name":"Comment","target":["https:\/\/now-news.de\/de\/deutschland\/rki-chef-wieler-raeumt-ein-schulschliessungen-waren-nie-noetig\/#respond"]}]},{"@type":"WebPage","@id":"https:\/\/now-news.de\/de\/deutschland\/rki-chef-wieler-raeumt-ein-schulschliessungen-waren-nie-noetig\/","url":"https:\/\/now-news.de\/de\/deutschland\/rki-chef-wieler-raeumt-ein-schulschliessungen-waren-nie-noetig\/","name":"RKI-Chef Wieler r\u00e4umt ein: Schulschlie\u00dfungen waren nie n\u00f6tig - just-now.NEWS Deutschland","isPartOf":{"@id":"https:\/\/now-news.de\/de\/#website"},"primaryImageOfPage":{"@id":"https:\/\/now-news.de\/de\/deutschland\/rki-chef-wieler-raeumt-ein-schulschliessungen-waren-nie-noetig\/#primaryimage"},"image":{"@id":"https:\/\/now-news.de\/de\/deutschland\/rki-chef-wieler-raeumt-ein-schulschliessungen-waren-nie-noetig\/#primaryimage"},"thumbnailUrl":"https:\/\/now-news.de\/de\/wp-content\/uploads\/sites\/3\/2023\/01\/RKI-Chef-Wieler-raeumt-ein-Schulschliessungen-waren-nie-noetig.jpg","datePublished":"2023-01-25T20:08:50+00:00","dateModified":"2023-01-25T20:08:50+00:00","breadcrumb":{"@id":"https:\/\/now-news.de\/de\/deutschland\/rki-chef-wieler-raeumt-ein-schulschliessungen-waren-nie-noetig\/#breadcrumb"},"inLanguage":"de","potentialAction":[{"@type":"ReadAction","target":["https:\/\/now-news.de\/de\/deutschland\/rki-chef-wieler-raeumt-ein-schulschliessungen-waren-nie-noetig\/"]}]},{"@type":"ImageObject","inLanguage":"de","@id":"https:\/\/now-news.de\/de\/deutschland\/rki-chef-wieler-raeumt-ein-schulschliessungen-waren-nie-noetig\/#primaryimage","url":"https:\/\/now-news.de\/de\/wp-content\/uploads\/sites\/3\/2023\/01\/RKI-Chef-Wieler-raeumt-ein-Schulschliessungen-waren-nie-noetig.jpg","contentUrl":"https:\/\/now-news.de\/de\/wp-content\/uploads\/sites\/3\/2023\/01\/RKI-Chef-Wieler-raeumt-ein-Schulschliessungen-waren-nie-noetig.jpg","width":460,"height":259,"caption":"RKI-Chef Wieler r\u00e4umt ein: Schulschlie\u00dfungen waren nie n\u00f6tig"},{"@type":"BreadcrumbList","@id":"https:\/\/now-news.de\/de\/deutschland\/rki-chef-wieler-raeumt-ein-schulschliessungen-waren-nie-noetig\/#breadcrumb","itemListElement":[{"@type":"ListItem","position":1,"name":"Home","item":"https:\/\/now-news.de\/de\/"},{"@type":"ListItem","position":2,"name":"RKI-Chef Wieler r\u00e4umt ein: Schulschlie\u00dfungen waren nie n\u00f6tig"}]},{"@type":"WebSite","@id":"https:\/\/now-news.de\/de\/#website","url":"https:\/\/now-news.de\/de\/","name":"just-now.NEWS Deutschland","description":"Das Portal f\u00fcr unzensierte Nachrichten aus der Welt","publisher":{"@id":"https:\/\/now-news.de\/de\/#organization"},"potentialAction":[{"@type":"SearchAction","target":{"@type":"EntryPoint","urlTemplate":"https:\/\/now-news.de\/de\/?s={search_term_string}"},"query-input":"required name=search_term_string"}],"inLanguage":"de"},{"@type":"Organization","@id":"https:\/\/now-news.de\/de\/#organization","name":"Just Now News","url":"https:\/\/now-news.de\/de\/","logo":{"@type":"ImageObject","inLanguage":"de","@id":"https:\/\/now-news.de\/de\/#\/schema\/logo\/image\/","url":"http:\/\/just-now.news\/de\/wp-content\/uploads\/sites\/3\/2022\/04\/logo500x500.jpg","contentUrl":"http:\/\/just-now.news\/de\/wp-content\/uploads\/sites\/3\/2022\/04\/logo500x500.jpg","width":500,"height":500,"caption":"Just Now News"},"image":{"@id":"https:\/\/now-news.de\/de\/#\/schema\/logo\/image\/"},"sameAs":["https:\/\/www.facebook.com\/wirmachenauf","https:\/\/x.com\/WirMachenAuf_de"]},{"@type":"Person","@id":"https:\/\/now-news.de\/de\/#\/schema\/person\/fb534a4e865501d8b3285208df34a9b5","name":"rtnews","image":{"@type":"ImageObject","inLanguage":"de","@id":"https:\/\/now-news.de\/de\/#\/schema\/person\/image\/","url":"https:\/\/secure.gravatar.com\/avatar\/82aafea7d8127119dd649515f56e2117?s=96&d=mm&r=g","contentUrl":"https:\/\/secure.gravatar.com\/avatar\/82aafea7d8127119dd649515f56e2117?s=96&d=mm&r=g","caption":"rtnews"},"url":"https:\/\/now-news.de\/de\/author\/rnews\/"}]}},"_links":{"self":[{"href":"https:\/\/now-news.de\/de\/wp-json\/wp\/v2\/posts\/28647"}],"collection":[{"href":"https:\/\/now-news.de\/de\/wp-json\/wp\/v2\/posts"}],"about":[{"href":"https:\/\/now-news.de\/de\/wp-json\/wp\/v2\/types\/post"}],"author":[{"embeddable":true,"href":"https:\/\/now-news.de\/de\/wp-json\/wp\/v2\/users\/3"}],"replies":[{"embeddable":true,"href":"https:\/\/now-news.de\/de\/wp-json\/wp\/v2\/comments?post=28647"}],"version-history":[{"count":0,"href":"https:\/\/now-news.de\/de\/wp-json\/wp\/v2\/posts\/28647\/revisions"}],"wp:featuredmedia":[{"embeddable":true,"href":"https:\/\/now-news.de\/de\/wp-json\/wp\/v2\/media\/28648"}],"wp:attachment":[{"href":"https:\/\/now-news.de\/de\/wp-json\/wp\/v2\/media?parent=28647"}],"wp:term":[{"taxonomy":"category","embeddable":true,"href":"https:\/\/now-news.de\/de\/wp-json\/wp\/v2\/categories?post=28647"},{"taxonomy":"post_tag","embeddable":true,"href":"https:\/\/now-news.de\/de\/wp-json\/wp\/v2\/tags?post=28647"}],"curies":[{"name":"wp","href":"https:\/\/api.w.org\/{rel}","templated":true}]}}