{"id":28641,"date":"2023-01-25T21:21:58","date_gmt":"2023-01-25T19:21:58","guid":{"rendered":"https:\/\/just-now.news\/de\/deutschland\/transkarpatien-das-ukrainische-militaer-jagt-ungarische-maenner-auf-den-maerkten\/"},"modified":"2023-01-25T21:21:58","modified_gmt":"2023-01-25T19:21:58","slug":"transkarpatien-das-ukrainische-militaer-jagt-ungarische-maenner-auf-den-maerkten","status":"publish","type":"post","link":"https:\/\/now-news.de\/de\/deutschland\/transkarpatien-das-ukrainische-militaer-jagt-ungarische-maenner-auf-den-maerkten\/","title":{"rendered":"Transkarpatien: Das ukrainische Milit\u00e4r jagt ungarische M\u00e4nner auf den M\u00e4rkten"},"content":{"rendered":"<p><img decoding=\"async\" src=\"http:\/\/just-now.news\/de\/wp-content\/uploads\/sites\/3\/2023\/01\/63d12a5fb480cc07b5651734.jpg\" \/><\/p>\n<div class=\"Text-root Text-type_1 \">\n                Die ungarische Presse berichtet \u00fcber die Zwangsmobilisierung f\u00fcr die ukrainische Armee in dem Gebiet der ungarischen Minderheit in Transkarpatien. Sie verwandelt sich immer mehr in eine allgegenw\u00e4rtige Menschenjagd.\n            <\/div>\n<p><\/p>\n<div class=\"Text-root Text-type_5 ArticleView-text ViewText-root \">\n<p>Nachts herrscht Finsternis in Transkarpatien, <a rel=\"nofollow noopener\" target=\"_blank\" href=\"https:\/\/mandiner-hu.translate.goog\/cikk\/20230118_sotetbe_borult_karpatalja?_x_tr_sl=hu&amp;_x_tr_tl=en&amp;_x_tr_hl=de&amp;_x_tr_pto=wapp\">berichtet<\/a> die ungarische Wochenzeitung <em>Mandiner<\/em>. &#8220;Wir sind weit von der Front entfernt, den Raketen entronnen, aber die Stromversorgung ist in Transkarpatien die schlechteste: es gibt t\u00e4glich zwei Stunden lang Strom, und nicht immer am Tag.&#8221; Auch die Wasserversorgung f\u00e4llt aus, und nachts ist auf den Stra\u00dfen das Dr\u00f6hnen der Generatoren zu h\u00f6ren. Nahrungsmittel sind 50 Prozent teurer als im vergangenen Fr\u00fchjahr, Benzin kostet doppelt so viel und durch die Fl\u00fcchtlinge aus den \u00f6stlicheren Regionen haben sich die Mieten verdreifacht.<\/p>\n<p>&#8220;Im Fr\u00fchling&#8221;, berichtet der Herausgeber der dortigen ungarischen Zeitung <em>K\u00e1rp\u00e1ti Igaz Sz\u00f3<\/em>, Gy\u00f6rgy Dunda, &#8220;haben sich noch viele Leute f\u00fcr die Territorialverteidigungsbataillone gemeldet, weil ihnen versprochen wurde, sie k\u00f6nnten in der Region bleiben, aber am Ende fanden sie sich auch an der Front wieder.&#8221; T\u00e4glich finden mehrere Beisetzungen statt; die tats\u00e4chliche H\u00f6he der Verluste ist aber auch dort nicht bekannt. Die vor allem aus Transkarpatien rekrutierte 128. Brigade der ukrainischen Armee wurde nach russischen Berichten bereits mindestens einmal v\u00f6llig ausgel\u00f6scht.<\/p>\n<p>In den letzten Tagen <a rel=\"nofollow noopener\" target=\"_blank\" href=\"https:\/\/mandiner-hu.translate.goog\/cikk\/20230122_karpatalja_sorozas_munkacs_ukrajna_zaszlo?_x_tr_sl=hu&amp;_x_tr_tl=en&amp;_x_tr_hl=de&amp;_x_tr_pto=wapp\">haben<\/a>, nach Aussage des Korrespondenten von <em>Pesti Sr\u00e1cok<\/em>, Ang\u00e9la F\u00fcssy, &#8220;sch\u00e4tzungsweise hunderte ukrainische Soldaten und Polizisten Transkarpatien \u00fcberrascht. Sie betreiben eine Volksz\u00e4hlung, verteilen Einberufungen, und sammeln die M\u00e4nner ein: auf der Stra\u00dfe, auf dem Markt, im Bus, beim Kindergarten, in Zeitungsl\u00e4den. Sogar in den Zigeunersiedlungen.&#8221;<\/p>\n<p>In Munkacz wurde nach Aussage eines Zeugen der ganze Markt abgeriegelt; Soldaten und Polizisten drangen ein, und jeder, der wie jemand Einziehbarer aussah, wurde erst in einen Bus und dann fortgebracht.<\/p>\n<p>Selbst Sechzehnj\u00e4hrige sollen weggefangen worden sein, und eine ungarische Frau <a rel=\"nofollow noopener\" target=\"_blank\" href=\"https:\/\/pestisracok.hu\/ha-ez-egy-megy-tovabb-tenyleg-nem-marad-magyar-karpataljan-fussy-angela-helyszini-riportja-a-brutalis-kenyszersorozasokrol-es-elnyomasrol\/?utm_source=mandiner&amp;utm_medium=link&amp;utm_campaign=mandiner_202301\">erkl\u00e4rte<\/a>: &#8220;Ungarn, die hier nicht fortgehen, werden auf jeden Fall weggeholt, das ist nur eine Frage der Zeit.&#8221;<\/p>\n<p>Die neueste Bestimmung greift noch ganz anders in das Leben ein: &#8220;Der letzte Irrsinn, ein ganz neues Gesetz, ist, dass man jetzt nur noch mit Zustimmung des Milit\u00e4rkommandos heiraten oder sich scheiden lassen darf. Sie wollen das einf\u00fchren, weil es vorkam, dass sich jemand hat scheiden lassen, weil alleinerziehende V\u00e4ter nicht eingezogen werden k\u00f6nnen.&#8221;<\/p>\n<p><strong>Mehr zum Thema<\/strong> &#8211; <a rel=\"nofollow noopener\" target=\"_blank\" href=\"https:\/\/pressefreiheit.rtde.tech\/europa\/159907-fast-alle-ungarn-lehnen-eu-sanktionen-gegen-russland-ab\/\">97 Prozent der Ungarn lehnen EU-Sanktionen gegen Russland ab<\/a><\/p>\n<\/div>\n<p><br \/>\n<br \/><a href=\"https:\/\/de.rt.com\/europa\/160960-transkarpathien-ukrainische-militaer-jagt-ungarische\/\">Source link <\/a><\/p>\n","protected":false},"excerpt":{"rendered":"<p>Die ungarische Presse berichtet \u00fcber die Zwangsmobilisierung f\u00fcr die ukrainische Armee in dem Gebiet der ungarischen Minderheit in Transkarpatien. Sie verwandelt sich immer mehr in eine allgegenw\u00e4rtige Menschenjagd. Nachts herrscht Finsternis in Transkarpatien, berichtet die ungarische Wochenzeitung Mandiner. &#8220;Wir sind weit von der Front entfernt, den Raketen entronnen, aber die Stromversorgung ist in Transkarpatien die [&hellip;]<\/p>\n","protected":false},"author":3,"featured_media":28642,"comment_status":"open","ping_status":"open","sticky":false,"template":"","format":"standard","meta":{"_yoast_indexnow_last_ping":["1674675057"],"wp_automatic_camp":["217"],"02ad37c04d2d0c78fa117905466c9179":["Transkarpatien: Das ukrainische Milit\u00e4r jagt ungarische M\u00e4nner auf den M\u00e4rkten"],"original_link":["https:\/\/de.rt.com\/europa\/160960-transkarpathien-ukrainische-militaer-jagt-ungarische\/"],"_thumbnail_id":["28642"],"_wptgpro_p2tg_sent2tg":["a:1:{i:23737;s:19:\"2023-01-25 21:32:01\";}"],"jnews_social_counter_last_update":["1777284478"]},"categories":[19,23],"tags":[133,427,48,39648,16415,39650,4029,39647,905,39649],"yoast_head":"<!-- This site is optimized with the Yoast SEO Premium plugin v22.7 (Yoast SEO v22.7) - https:\/\/yoast.com\/wordpress\/plugins\/seo\/ -->\n<title>Transkarpatien: Das ukrainische Milit\u00e4r jagt ungarische M\u00e4nner auf den M\u00e4rkten - just-now.NEWS Deutschland<\/title>\n<meta name=\"robots\" content=\"index, follow, max-snippet:-1, max-image-preview:large, max-video-preview:-1\" \/>\n<link rel=\"canonical\" href=\"https:\/\/now-news.de\/de\/deutschland\/transkarpatien-das-ukrainische-militaer-jagt-ungarische-maenner-auf-den-maerkten\/\" \/>\n<meta property=\"og:locale\" content=\"de_DE\" \/>\n<meta property=\"og:type\" content=\"article\" \/>\n<meta property=\"og:title\" content=\"Transkarpatien: Das ukrainische Milit\u00e4r jagt ungarische M\u00e4nner auf den M\u00e4rkten\" \/>\n<meta property=\"og:description\" content=\"Die ungarische Presse berichtet \u00fcber die Zwangsmobilisierung f\u00fcr die ukrainische Armee in dem Gebiet der ungarischen Minderheit in Transkarpatien. Sie verwandelt sich immer mehr in eine allgegenw\u00e4rtige Menschenjagd. Nachts herrscht Finsternis in Transkarpatien, berichtet die ungarische Wochenzeitung Mandiner. &#8220;Wir sind weit von der Front entfernt, den Raketen entronnen, aber die Stromversorgung ist in Transkarpatien die [&hellip;]\" \/>\n<meta property=\"og:url\" content=\"https:\/\/now-news.de\/de\/deutschland\/transkarpatien-das-ukrainische-militaer-jagt-ungarische-maenner-auf-den-maerkten\/\" \/>\n<meta property=\"og:site_name\" content=\"just-now.NEWS Deutschland\" \/>\n<meta property=\"article:publisher\" content=\"https:\/\/www.facebook.com\/wirmachenauf\" \/>\n<meta property=\"article:published_time\" content=\"2023-01-25T19:21:58+00:00\" \/>\n<meta property=\"og:image\" content=\"https:\/\/now-news.de\/de\/wp-content\/uploads\/sites\/3\/2023\/01\/Transkarpatien-Das-ukrainische-Militaer-jagt-ungarische-Maenner-auf-den-Maerkten.jpg\" \/>\n\t<meta property=\"og:image:width\" content=\"460\" \/>\n\t<meta property=\"og:image:height\" content=\"259\" \/>\n\t<meta property=\"og:image:type\" content=\"image\/jpeg\" \/>\n<meta name=\"author\" content=\"rtnews\" \/>\n<meta name=\"twitter:card\" content=\"summary_large_image\" \/>\n<meta name=\"twitter:creator\" content=\"@WirMachenAuf_de\" \/>\n<meta name=\"twitter:site\" content=\"@WirMachenAuf_de\" \/>\n<meta name=\"twitter:label1\" content=\"Verfasst von\" \/>\n\t<meta name=\"twitter:data1\" content=\"rtnews\" \/>\n\t<meta name=\"twitter:label2\" content=\"Gesch\u00e4tzte Lesezeit\" \/>\n\t<meta name=\"twitter:data2\" content=\"2\u00a0Minuten\" \/>\n<script type=\"application\/ld+json\" class=\"yoast-schema-graph\">{\"@context\":\"https:\/\/schema.org\",\"@graph\":[{\"@type\":\"Article\",\"@id\":\"https:\/\/now-news.de\/de\/deutschland\/transkarpatien-das-ukrainische-militaer-jagt-ungarische-maenner-auf-den-maerkten\/#article\",\"isPartOf\":{\"@id\":\"https:\/\/now-news.de\/de\/deutschland\/transkarpatien-das-ukrainische-militaer-jagt-ungarische-maenner-auf-den-maerkten\/\"},\"author\":{\"name\":\"rtnews\",\"@id\":\"https:\/\/now-news.de\/de\/#\/schema\/person\/fb534a4e865501d8b3285208df34a9b5\"},\"headline\":\"Transkarpatien: Das ukrainische Milit\u00e4r jagt ungarische M\u00e4nner auf den M\u00e4rkten\",\"datePublished\":\"2023-01-25T19:21:58+00:00\",\"dateModified\":\"2023-01-25T19:21:58+00:00\",\"mainEntityOfPage\":{\"@id\":\"https:\/\/now-news.de\/de\/deutschland\/transkarpatien-das-ukrainische-militaer-jagt-ungarische-maenner-auf-den-maerkten\/\"},\"wordCount\":414,\"commentCount\":0,\"publisher\":{\"@id\":\"https:\/\/now-news.de\/de\/#organization\"},\"image\":{\"@id\":\"https:\/\/now-news.de\/de\/deutschland\/transkarpatien-das-ukrainische-militaer-jagt-ungarische-maenner-auf-den-maerkten\/#primaryimage\"},\"thumbnailUrl\":\"https:\/\/now-news.de\/de\/wp-content\/uploads\/sites\/3\/2023\/01\/Transkarpatien-Das-ukrainische-Militaer-jagt-ungarische-Maenner-auf-den-Maerkten.jpg\",\"keywords\":[\"AUF\",\"das\",\"den\",\"jagt\",\"M\u00e4nner\",\"M\u00e4rkten\",\"Milit\u00e4r\",\"Transkarpatien\",\"Ukrainische\",\"ungarische\"],\"articleSection\":[\"Deutschland\",\"Russland\"],\"inLanguage\":\"de\",\"potentialAction\":[{\"@type\":\"CommentAction\",\"name\":\"Comment\",\"target\":[\"https:\/\/now-news.de\/de\/deutschland\/transkarpatien-das-ukrainische-militaer-jagt-ungarische-maenner-auf-den-maerkten\/#respond\"]}]},{\"@type\":\"WebPage\",\"@id\":\"https:\/\/now-news.de\/de\/deutschland\/transkarpatien-das-ukrainische-militaer-jagt-ungarische-maenner-auf-den-maerkten\/\",\"url\":\"https:\/\/now-news.de\/de\/deutschland\/transkarpatien-das-ukrainische-militaer-jagt-ungarische-maenner-auf-den-maerkten\/\",\"name\":\"Transkarpatien: Das ukrainische Milit\u00e4r jagt ungarische M\u00e4nner auf den M\u00e4rkten - just-now.NEWS Deutschland\",\"isPartOf\":{\"@id\":\"https:\/\/now-news.de\/de\/#website\"},\"primaryImageOfPage\":{\"@id\":\"https:\/\/now-news.de\/de\/deutschland\/transkarpatien-das-ukrainische-militaer-jagt-ungarische-maenner-auf-den-maerkten\/#primaryimage\"},\"image\":{\"@id\":\"https:\/\/now-news.de\/de\/deutschland\/transkarpatien-das-ukrainische-militaer-jagt-ungarische-maenner-auf-den-maerkten\/#primaryimage\"},\"thumbnailUrl\":\"https:\/\/now-news.de\/de\/wp-content\/uploads\/sites\/3\/2023\/01\/Transkarpatien-Das-ukrainische-Militaer-jagt-ungarische-Maenner-auf-den-Maerkten.jpg\",\"datePublished\":\"2023-01-25T19:21:58+00:00\",\"dateModified\":\"2023-01-25T19:21:58+00:00\",\"breadcrumb\":{\"@id\":\"https:\/\/now-news.de\/de\/deutschland\/transkarpatien-das-ukrainische-militaer-jagt-ungarische-maenner-auf-den-maerkten\/#breadcrumb\"},\"inLanguage\":\"de\",\"potentialAction\":[{\"@type\":\"ReadAction\",\"target\":[\"https:\/\/now-news.de\/de\/deutschland\/transkarpatien-das-ukrainische-militaer-jagt-ungarische-maenner-auf-den-maerkten\/\"]}]},{\"@type\":\"ImageObject\",\"inLanguage\":\"de\",\"@id\":\"https:\/\/now-news.de\/de\/deutschland\/transkarpatien-das-ukrainische-militaer-jagt-ungarische-maenner-auf-den-maerkten\/#primaryimage\",\"url\":\"https:\/\/now-news.de\/de\/wp-content\/uploads\/sites\/3\/2023\/01\/Transkarpatien-Das-ukrainische-Militaer-jagt-ungarische-Maenner-auf-den-Maerkten.jpg\",\"contentUrl\":\"https:\/\/now-news.de\/de\/wp-content\/uploads\/sites\/3\/2023\/01\/Transkarpatien-Das-ukrainische-Militaer-jagt-ungarische-Maenner-auf-den-Maerkten.jpg\",\"width\":460,\"height\":259,\"caption\":\"Transkarpatien: Das ukrainische Milit\u00e4r jagt ungarische M\u00e4nner auf den M\u00e4rkten\"},{\"@type\":\"BreadcrumbList\",\"@id\":\"https:\/\/now-news.de\/de\/deutschland\/transkarpatien-das-ukrainische-militaer-jagt-ungarische-maenner-auf-den-maerkten\/#breadcrumb\",\"itemListElement\":[{\"@type\":\"ListItem\",\"position\":1,\"name\":\"Home\",\"item\":\"https:\/\/now-news.de\/de\/\"},{\"@type\":\"ListItem\",\"position\":2,\"name\":\"Transkarpatien: Das ukrainische Milit\u00e4r jagt ungarische M\u00e4nner auf den M\u00e4rkten\"}]},{\"@type\":\"WebSite\",\"@id\":\"https:\/\/now-news.de\/de\/#website\",\"url\":\"https:\/\/now-news.de\/de\/\",\"name\":\"just-now.NEWS Deutschland\",\"description\":\"Das Portal f\u00fcr unzensierte Nachrichten aus der Welt\",\"publisher\":{\"@id\":\"https:\/\/now-news.de\/de\/#organization\"},\"potentialAction\":[{\"@type\":\"SearchAction\",\"target\":{\"@type\":\"EntryPoint\",\"urlTemplate\":\"https:\/\/now-news.de\/de\/?s={search_term_string}\"},\"query-input\":\"required name=search_term_string\"}],\"inLanguage\":\"de\"},{\"@type\":\"Organization\",\"@id\":\"https:\/\/now-news.de\/de\/#organization\",\"name\":\"Just Now News\",\"url\":\"https:\/\/now-news.de\/de\/\",\"logo\":{\"@type\":\"ImageObject\",\"inLanguage\":\"de\",\"@id\":\"https:\/\/now-news.de\/de\/#\/schema\/logo\/image\/\",\"url\":\"http:\/\/just-now.news\/de\/wp-content\/uploads\/sites\/3\/2022\/04\/logo500x500.jpg\",\"contentUrl\":\"http:\/\/just-now.news\/de\/wp-content\/uploads\/sites\/3\/2022\/04\/logo500x500.jpg\",\"width\":500,\"height\":500,\"caption\":\"Just Now News\"},\"image\":{\"@id\":\"https:\/\/now-news.de\/de\/#\/schema\/logo\/image\/\"},\"sameAs\":[\"https:\/\/www.facebook.com\/wirmachenauf\",\"https:\/\/x.com\/WirMachenAuf_de\"]},{\"@type\":\"Person\",\"@id\":\"https:\/\/now-news.de\/de\/#\/schema\/person\/fb534a4e865501d8b3285208df34a9b5\",\"name\":\"rtnews\",\"image\":{\"@type\":\"ImageObject\",\"inLanguage\":\"de\",\"@id\":\"https:\/\/now-news.de\/de\/#\/schema\/person\/image\/\",\"url\":\"https:\/\/secure.gravatar.com\/avatar\/82aafea7d8127119dd649515f56e2117?s=96&d=mm&r=g\",\"contentUrl\":\"https:\/\/secure.gravatar.com\/avatar\/82aafea7d8127119dd649515f56e2117?s=96&d=mm&r=g\",\"caption\":\"rtnews\"},\"url\":\"https:\/\/now-news.de\/de\/author\/rnews\/\"}]}<\/script>\n<!-- \/ Yoast SEO Premium plugin. -->","yoast_head_json":{"title":"Transkarpatien: Das ukrainische Milit\u00e4r jagt ungarische M\u00e4nner auf den M\u00e4rkten - just-now.NEWS Deutschland","robots":{"index":"index","follow":"follow","max-snippet":"max-snippet:-1","max-image-preview":"max-image-preview:large","max-video-preview":"max-video-preview:-1"},"canonical":"https:\/\/now-news.de\/de\/deutschland\/transkarpatien-das-ukrainische-militaer-jagt-ungarische-maenner-auf-den-maerkten\/","og_locale":"de_DE","og_type":"article","og_title":"Transkarpatien: Das ukrainische Milit\u00e4r jagt ungarische M\u00e4nner auf den M\u00e4rkten","og_description":"Die ungarische Presse berichtet \u00fcber die Zwangsmobilisierung f\u00fcr die ukrainische Armee in dem Gebiet der ungarischen Minderheit in Transkarpatien. Sie verwandelt sich immer mehr in eine allgegenw\u00e4rtige Menschenjagd. Nachts herrscht Finsternis in Transkarpatien, berichtet die ungarische Wochenzeitung Mandiner. &#8220;Wir sind weit von der Front entfernt, den Raketen entronnen, aber die Stromversorgung ist in Transkarpatien die [&hellip;]","og_url":"https:\/\/now-news.de\/de\/deutschland\/transkarpatien-das-ukrainische-militaer-jagt-ungarische-maenner-auf-den-maerkten\/","og_site_name":"just-now.NEWS Deutschland","article_publisher":"https:\/\/www.facebook.com\/wirmachenauf","article_published_time":"2023-01-25T19:21:58+00:00","og_image":[{"width":460,"height":259,"url":"https:\/\/now-news.de\/de\/wp-content\/uploads\/sites\/3\/2023\/01\/Transkarpatien-Das-ukrainische-Militaer-jagt-ungarische-Maenner-auf-den-Maerkten.jpg","type":"image\/jpeg"}],"author":"rtnews","twitter_card":"summary_large_image","twitter_creator":"@WirMachenAuf_de","twitter_site":"@WirMachenAuf_de","twitter_misc":{"Verfasst von":"rtnews","Gesch\u00e4tzte Lesezeit":"2\u00a0Minuten"},"schema":{"@context":"https:\/\/schema.org","@graph":[{"@type":"Article","@id":"https:\/\/now-news.de\/de\/deutschland\/transkarpatien-das-ukrainische-militaer-jagt-ungarische-maenner-auf-den-maerkten\/#article","isPartOf":{"@id":"https:\/\/now-news.de\/de\/deutschland\/transkarpatien-das-ukrainische-militaer-jagt-ungarische-maenner-auf-den-maerkten\/"},"author":{"name":"rtnews","@id":"https:\/\/now-news.de\/de\/#\/schema\/person\/fb534a4e865501d8b3285208df34a9b5"},"headline":"Transkarpatien: Das ukrainische Milit\u00e4r jagt ungarische M\u00e4nner auf den M\u00e4rkten","datePublished":"2023-01-25T19:21:58+00:00","dateModified":"2023-01-25T19:21:58+00:00","mainEntityOfPage":{"@id":"https:\/\/now-news.de\/de\/deutschland\/transkarpatien-das-ukrainische-militaer-jagt-ungarische-maenner-auf-den-maerkten\/"},"wordCount":414,"commentCount":0,"publisher":{"@id":"https:\/\/now-news.de\/de\/#organization"},"image":{"@id":"https:\/\/now-news.de\/de\/deutschland\/transkarpatien-das-ukrainische-militaer-jagt-ungarische-maenner-auf-den-maerkten\/#primaryimage"},"thumbnailUrl":"https:\/\/now-news.de\/de\/wp-content\/uploads\/sites\/3\/2023\/01\/Transkarpatien-Das-ukrainische-Militaer-jagt-ungarische-Maenner-auf-den-Maerkten.jpg","keywords":["AUF","das","den","jagt","M\u00e4nner","M\u00e4rkten","Milit\u00e4r","Transkarpatien","Ukrainische","ungarische"],"articleSection":["Deutschland","Russland"],"inLanguage":"de","potentialAction":[{"@type":"CommentAction","name":"Comment","target":["https:\/\/now-news.de\/de\/deutschland\/transkarpatien-das-ukrainische-militaer-jagt-ungarische-maenner-auf-den-maerkten\/#respond"]}]},{"@type":"WebPage","@id":"https:\/\/now-news.de\/de\/deutschland\/transkarpatien-das-ukrainische-militaer-jagt-ungarische-maenner-auf-den-maerkten\/","url":"https:\/\/now-news.de\/de\/deutschland\/transkarpatien-das-ukrainische-militaer-jagt-ungarische-maenner-auf-den-maerkten\/","name":"Transkarpatien: Das ukrainische Milit\u00e4r jagt ungarische M\u00e4nner auf den M\u00e4rkten - just-now.NEWS Deutschland","isPartOf":{"@id":"https:\/\/now-news.de\/de\/#website"},"primaryImageOfPage":{"@id":"https:\/\/now-news.de\/de\/deutschland\/transkarpatien-das-ukrainische-militaer-jagt-ungarische-maenner-auf-den-maerkten\/#primaryimage"},"image":{"@id":"https:\/\/now-news.de\/de\/deutschland\/transkarpatien-das-ukrainische-militaer-jagt-ungarische-maenner-auf-den-maerkten\/#primaryimage"},"thumbnailUrl":"https:\/\/now-news.de\/de\/wp-content\/uploads\/sites\/3\/2023\/01\/Transkarpatien-Das-ukrainische-Militaer-jagt-ungarische-Maenner-auf-den-Maerkten.jpg","datePublished":"2023-01-25T19:21:58+00:00","dateModified":"2023-01-25T19:21:58+00:00","breadcrumb":{"@id":"https:\/\/now-news.de\/de\/deutschland\/transkarpatien-das-ukrainische-militaer-jagt-ungarische-maenner-auf-den-maerkten\/#breadcrumb"},"inLanguage":"de","potentialAction":[{"@type":"ReadAction","target":["https:\/\/now-news.de\/de\/deutschland\/transkarpatien-das-ukrainische-militaer-jagt-ungarische-maenner-auf-den-maerkten\/"]}]},{"@type":"ImageObject","inLanguage":"de","@id":"https:\/\/now-news.de\/de\/deutschland\/transkarpatien-das-ukrainische-militaer-jagt-ungarische-maenner-auf-den-maerkten\/#primaryimage","url":"https:\/\/now-news.de\/de\/wp-content\/uploads\/sites\/3\/2023\/01\/Transkarpatien-Das-ukrainische-Militaer-jagt-ungarische-Maenner-auf-den-Maerkten.jpg","contentUrl":"https:\/\/now-news.de\/de\/wp-content\/uploads\/sites\/3\/2023\/01\/Transkarpatien-Das-ukrainische-Militaer-jagt-ungarische-Maenner-auf-den-Maerkten.jpg","width":460,"height":259,"caption":"Transkarpatien: Das ukrainische Milit\u00e4r jagt ungarische M\u00e4nner auf den M\u00e4rkten"},{"@type":"BreadcrumbList","@id":"https:\/\/now-news.de\/de\/deutschland\/transkarpatien-das-ukrainische-militaer-jagt-ungarische-maenner-auf-den-maerkten\/#breadcrumb","itemListElement":[{"@type":"ListItem","position":1,"name":"Home","item":"https:\/\/now-news.de\/de\/"},{"@type":"ListItem","position":2,"name":"Transkarpatien: Das ukrainische Milit\u00e4r jagt ungarische M\u00e4nner auf den M\u00e4rkten"}]},{"@type":"WebSite","@id":"https:\/\/now-news.de\/de\/#website","url":"https:\/\/now-news.de\/de\/","name":"just-now.NEWS Deutschland","description":"Das Portal f\u00fcr unzensierte Nachrichten aus der Welt","publisher":{"@id":"https:\/\/now-news.de\/de\/#organization"},"potentialAction":[{"@type":"SearchAction","target":{"@type":"EntryPoint","urlTemplate":"https:\/\/now-news.de\/de\/?s={search_term_string}"},"query-input":"required name=search_term_string"}],"inLanguage":"de"},{"@type":"Organization","@id":"https:\/\/now-news.de\/de\/#organization","name":"Just Now News","url":"https:\/\/now-news.de\/de\/","logo":{"@type":"ImageObject","inLanguage":"de","@id":"https:\/\/now-news.de\/de\/#\/schema\/logo\/image\/","url":"http:\/\/just-now.news\/de\/wp-content\/uploads\/sites\/3\/2022\/04\/logo500x500.jpg","contentUrl":"http:\/\/just-now.news\/de\/wp-content\/uploads\/sites\/3\/2022\/04\/logo500x500.jpg","width":500,"height":500,"caption":"Just Now News"},"image":{"@id":"https:\/\/now-news.de\/de\/#\/schema\/logo\/image\/"},"sameAs":["https:\/\/www.facebook.com\/wirmachenauf","https:\/\/x.com\/WirMachenAuf_de"]},{"@type":"Person","@id":"https:\/\/now-news.de\/de\/#\/schema\/person\/fb534a4e865501d8b3285208df34a9b5","name":"rtnews","image":{"@type":"ImageObject","inLanguage":"de","@id":"https:\/\/now-news.de\/de\/#\/schema\/person\/image\/","url":"https:\/\/secure.gravatar.com\/avatar\/82aafea7d8127119dd649515f56e2117?s=96&d=mm&r=g","contentUrl":"https:\/\/secure.gravatar.com\/avatar\/82aafea7d8127119dd649515f56e2117?s=96&d=mm&r=g","caption":"rtnews"},"url":"https:\/\/now-news.de\/de\/author\/rnews\/"}]}},"_links":{"self":[{"href":"https:\/\/now-news.de\/de\/wp-json\/wp\/v2\/posts\/28641"}],"collection":[{"href":"https:\/\/now-news.de\/de\/wp-json\/wp\/v2\/posts"}],"about":[{"href":"https:\/\/now-news.de\/de\/wp-json\/wp\/v2\/types\/post"}],"author":[{"embeddable":true,"href":"https:\/\/now-news.de\/de\/wp-json\/wp\/v2\/users\/3"}],"replies":[{"embeddable":true,"href":"https:\/\/now-news.de\/de\/wp-json\/wp\/v2\/comments?post=28641"}],"version-history":[{"count":0,"href":"https:\/\/now-news.de\/de\/wp-json\/wp\/v2\/posts\/28641\/revisions"}],"wp:featuredmedia":[{"embeddable":true,"href":"https:\/\/now-news.de\/de\/wp-json\/wp\/v2\/media\/28642"}],"wp:attachment":[{"href":"https:\/\/now-news.de\/de\/wp-json\/wp\/v2\/media?parent=28641"}],"wp:term":[{"taxonomy":"category","embeddable":true,"href":"https:\/\/now-news.de\/de\/wp-json\/wp\/v2\/categories?post=28641"},{"taxonomy":"post_tag","embeddable":true,"href":"https:\/\/now-news.de\/de\/wp-json\/wp\/v2\/tags?post=28641"}],"curies":[{"name":"wp","href":"https:\/\/api.w.org\/{rel}","templated":true}]}}