{"id":28616,"date":"2023-01-25T17:03:57","date_gmt":"2023-01-25T15:03:57","guid":{"rendered":"https:\/\/just-now.news\/de\/deutschland\/russischer-general-ueber-moegliche-folgen-von-leopard-2-panzer-lieferungen-an-die-ukraine\/"},"modified":"2023-01-25T17:03:57","modified_gmt":"2023-01-25T15:03:57","slug":"russischer-general-ueber-moegliche-folgen-von-leopard-2-panzer-lieferungen-an-die-ukraine","status":"publish","type":"post","link":"https:\/\/now-news.de\/de\/deutschland\/russischer-general-ueber-moegliche-folgen-von-leopard-2-panzer-lieferungen-an-die-ukraine\/","title":{"rendered":"Russischer General \u00fcber m\u00f6gliche Folgen von Leopard-2-Panzer-Lieferungen an die Ukraine"},"content":{"rendered":"<p><img decoding=\"async\" src=\"http:\/\/just-now.news\/de\/wp-content\/uploads\/sites\/3\/2023\/01\/63d12e1b48fbef17092609e5.jpg\" \/><\/p>\n<div class=\"Text-root Text-type_1 \">\n                Andrei Kartapolow, Chef des Verteidigungsausschusses der Staatsduma, hat sich zu den von Deutschland zugesagten Lieferungen von Leopard-2-Panzern ge\u00e4u\u00dfert. Dem General zufolge werde die Entscheidung kaum die Lage an der Front ver\u00e4ndern.\n            <\/div>\n<p><\/p>\n<div class=\"Text-root Text-type_5 ArticleView-text ViewText-root \">\n<p>Nach Ansicht des Vorsitzenden des Verteidigungsausschusses des russischen Unterhauses (der Staatsduma), General Andrei Kartapolow, werde die Lieferung von deutschen Panzern des Typs Leopard 2A6 an die Ukraine den Verlauf der milit\u00e4rischen Sonderoperation nicht wesentlich ver\u00e4ndern. Es &#8220;wird nichts Drastisches passieren&#8221;, was f\u00fcr die russischen Truppen problematisch werden k\u00f6nnte.<\/p>\n<p>Kartapolow f\u00fcgte hinzu, dass &#8220;Panzer gewartet und ukrainische Besatzungen ausgebildet werden m\u00fcssen&#8221;. Der Experte wies darauf hin, dass je mehr neue Modelle von milit\u00e4rischer Ausr\u00fcstung nach Kiew geliefert w\u00fcrden, desto schwieriger ihre Versorgung und Wartung sein werde.\u00a0<\/p>\n<p>Wenn Leopard-2-Panzer &#8220;jedoch nicht direkt auf das Schlachtfeld geliefert w\u00fcrden, sondern etwa in Polen oder der Westukraine neue Einheiten und Formationen vorbereitet werden, die irgendwann im Fr\u00fchjahr, vielleicht sogar schon im Sommer, erscheinen werden, dann wird es ernst&#8221;, hie\u00df es weiter. Dem Ausschussvorsitzenden zufolge seien Leopard-2-Panzer &#8220;nicht schlecht&#8221; und in mancher Hinsicht effektiver als die US-amerikanische Abrams, aber dem russischen T-90 in puncto Feuerkraft und Panzerschutz unterlegen.<\/p>\n<p>Dar\u00fcber hinaus betonte der Parlamentarier, dass russische Panzer bereits w\u00e4hrend der milit\u00e4rischen Sonderoperation getestet worden seien und sich dabei &#8220;bestens bew\u00e4hrt&#8221; h\u00e4tten.<\/p>\n<p>Am 25. Januar k\u00fcndigte Regierungssprecher Steffen Hebestreit an, dass Deutschland der Ukraine 14 Leopard-2-Panzer aus den Bundeswehrbest\u00e4nden liefern und anderen L\u00e4ndern Genehmigungen f\u00fcr die Weiterausfuhr erteilen werde. Ziel sei es, &#8220;rasch zwei Panzer-Bataillone mit Leopard-2-Panzern&#8221; f\u00fcr die Ukraine zusammenzustellen. Zu einem deutschen Kampfpanzerbataillon geh\u00f6ren \u00fcblicherweise 44 Leopard-2-Panzer. Es geht bei der Lieferung in die Ukraine also um knapp 90 Panzer, meldete die <em>dpa<\/em>.<\/p>\n<p><strong>Mehr zum Thema<\/strong> &#8211; <a rel=\"nofollow noopener\" target=\"_blank\" href=\"https:\/\/kurz.rt.com\/3g69\">Reuters: USA werden offenbar Abrams-Panzer an die Ukraine liefern<\/a><\/p>\n<\/div>\n<p><br \/>\n<br \/><a href=\"https:\/\/de.rt.com\/international\/160964-russischer-general-bewertet-moegliche-folgen\/\">Source link <\/a><\/p>\n","protected":false},"excerpt":{"rendered":"<p>Andrei Kartapolow, Chef des Verteidigungsausschusses der Staatsduma, hat sich zu den von Deutschland zugesagten Lieferungen von Leopard-2-Panzern ge\u00e4u\u00dfert. Dem General zufolge werde die Entscheidung kaum die Lage an der Front ver\u00e4ndern. Nach Ansicht des Vorsitzenden des Verteidigungsausschusses des russischen Unterhauses (der Staatsduma), General Andrei Kartapolow, werde die Lieferung von deutschen Panzern des Typs Leopard 2A6 [&hellip;]<\/p>\n","protected":false},"author":3,"featured_media":28617,"comment_status":"open","ping_status":"open","sticky":false,"template":"","format":"standard","meta":{"_yoast_indexnow_last_ping":["1674659653"],"wp_automatic_camp":["217"],"b2b53e1a71b168d4c5cccf180c8aee9d":["Russischer General \u00fcber m\u00f6gliche Folgen von Leopard-2-Panzer-Lieferungen an die Ukraine"],"original_link":["https:\/\/de.rt.com\/international\/160964-russischer-general-bewertet-moegliche-folgen\/"],"_thumbnail_id":["28617"],"jnews_social_counter_last_update":["1777181216"],"_wptgpro_p2tg_sent2tg":["a:1:{i:23737;s:19:\"2023-01-25 17:15:25\";}"]},"categories":[19,23],"tags":[45,2378,7409,39633,26307,793,139,127,50],"yoast_head":"<!-- This site is optimized with the Yoast SEO Premium plugin v22.7 (Yoast SEO v22.7) - https:\/\/yoast.com\/wordpress\/plugins\/seo\/ -->\n<title>Russischer General \u00fcber m\u00f6gliche Folgen von Leopard-2-Panzer-Lieferungen an die Ukraine - just-now.NEWS Deutschland<\/title>\n<meta name=\"robots\" content=\"index, follow, max-snippet:-1, max-image-preview:large, max-video-preview:-1\" \/>\n<link rel=\"canonical\" href=\"https:\/\/now-news.de\/de\/deutschland\/russischer-general-ueber-moegliche-folgen-von-leopard-2-panzer-lieferungen-an-die-ukraine\/\" \/>\n<meta property=\"og:locale\" content=\"de_DE\" \/>\n<meta property=\"og:type\" content=\"article\" \/>\n<meta property=\"og:title\" content=\"Russischer General \u00fcber m\u00f6gliche Folgen von Leopard-2-Panzer-Lieferungen an die Ukraine\" \/>\n<meta property=\"og:description\" content=\"Andrei Kartapolow, Chef des Verteidigungsausschusses der Staatsduma, hat sich zu den von Deutschland zugesagten Lieferungen von Leopard-2-Panzern ge\u00e4u\u00dfert. Dem General zufolge werde die Entscheidung kaum die Lage an der Front ver\u00e4ndern. Nach Ansicht des Vorsitzenden des Verteidigungsausschusses des russischen Unterhauses (der Staatsduma), General Andrei Kartapolow, werde die Lieferung von deutschen Panzern des Typs Leopard 2A6 [&hellip;]\" \/>\n<meta property=\"og:url\" content=\"https:\/\/now-news.de\/de\/deutschland\/russischer-general-ueber-moegliche-folgen-von-leopard-2-panzer-lieferungen-an-die-ukraine\/\" \/>\n<meta property=\"og:site_name\" content=\"just-now.NEWS Deutschland\" \/>\n<meta property=\"article:publisher\" content=\"https:\/\/www.facebook.com\/wirmachenauf\" \/>\n<meta property=\"article:published_time\" content=\"2023-01-25T15:03:57+00:00\" \/>\n<meta property=\"og:image\" content=\"https:\/\/now-news.de\/de\/wp-content\/uploads\/sites\/3\/2023\/01\/Russischer-General-ueber-moegliche-Folgen-von-Leopard-2-Panzer-Lieferungen-an-die-Ukraine.jpg\" \/>\n\t<meta property=\"og:image:width\" content=\"460\" \/>\n\t<meta property=\"og:image:height\" content=\"259\" \/>\n\t<meta property=\"og:image:type\" content=\"image\/jpeg\" \/>\n<meta name=\"author\" content=\"rtnews\" \/>\n<meta name=\"twitter:card\" content=\"summary_large_image\" \/>\n<meta name=\"twitter:creator\" content=\"@WirMachenAuf_de\" \/>\n<meta name=\"twitter:site\" content=\"@WirMachenAuf_de\" \/>\n<meta name=\"twitter:label1\" content=\"Verfasst von\" \/>\n\t<meta name=\"twitter:data1\" content=\"rtnews\" \/>\n\t<meta name=\"twitter:label2\" content=\"Gesch\u00e4tzte Lesezeit\" \/>\n\t<meta name=\"twitter:data2\" content=\"2\u00a0Minuten\" \/>\n<script type=\"application\/ld+json\" class=\"yoast-schema-graph\">{\"@context\":\"https:\/\/schema.org\",\"@graph\":[{\"@type\":\"Article\",\"@id\":\"https:\/\/now-news.de\/de\/deutschland\/russischer-general-ueber-moegliche-folgen-von-leopard-2-panzer-lieferungen-an-die-ukraine\/#article\",\"isPartOf\":{\"@id\":\"https:\/\/now-news.de\/de\/deutschland\/russischer-general-ueber-moegliche-folgen-von-leopard-2-panzer-lieferungen-an-die-ukraine\/\"},\"author\":{\"name\":\"rtnews\",\"@id\":\"https:\/\/now-news.de\/de\/#\/schema\/person\/fb534a4e865501d8b3285208df34a9b5\"},\"headline\":\"Russischer General \u00fcber m\u00f6gliche Folgen von Leopard-2-Panzer-Lieferungen an die Ukraine\",\"datePublished\":\"2023-01-25T15:03:57+00:00\",\"dateModified\":\"2023-01-25T15:03:57+00:00\",\"mainEntityOfPage\":{\"@id\":\"https:\/\/now-news.de\/de\/deutschland\/russischer-general-ueber-moegliche-folgen-von-leopard-2-panzer-lieferungen-an-die-ukraine\/\"},\"wordCount\":323,\"commentCount\":0,\"publisher\":{\"@id\":\"https:\/\/now-news.de\/de\/#organization\"},\"image\":{\"@id\":\"https:\/\/now-news.de\/de\/deutschland\/russischer-general-ueber-moegliche-folgen-von-leopard-2-panzer-lieferungen-an-die-ukraine\/#primaryimage\"},\"thumbnailUrl\":\"https:\/\/now-news.de\/de\/wp-content\/uploads\/sites\/3\/2023\/01\/Russischer-General-ueber-moegliche-Folgen-von-Leopard-2-Panzer-Lieferungen-an-die-Ukraine.jpg\",\"keywords\":[\"die\",\"Folgen\",\"General\",\"Leopard2PanzerLieferungen\",\"m\u00f6gliche\",\"Russischer\",\"\u00fcber\",\"ukraine\",\"von\"],\"articleSection\":[\"Deutschland\",\"Russland\"],\"inLanguage\":\"de\",\"potentialAction\":[{\"@type\":\"CommentAction\",\"name\":\"Comment\",\"target\":[\"https:\/\/now-news.de\/de\/deutschland\/russischer-general-ueber-moegliche-folgen-von-leopard-2-panzer-lieferungen-an-die-ukraine\/#respond\"]}]},{\"@type\":\"WebPage\",\"@id\":\"https:\/\/now-news.de\/de\/deutschland\/russischer-general-ueber-moegliche-folgen-von-leopard-2-panzer-lieferungen-an-die-ukraine\/\",\"url\":\"https:\/\/now-news.de\/de\/deutschland\/russischer-general-ueber-moegliche-folgen-von-leopard-2-panzer-lieferungen-an-die-ukraine\/\",\"name\":\"Russischer General \u00fcber m\u00f6gliche Folgen von Leopard-2-Panzer-Lieferungen an die Ukraine - just-now.NEWS Deutschland\",\"isPartOf\":{\"@id\":\"https:\/\/now-news.de\/de\/#website\"},\"primaryImageOfPage\":{\"@id\":\"https:\/\/now-news.de\/de\/deutschland\/russischer-general-ueber-moegliche-folgen-von-leopard-2-panzer-lieferungen-an-die-ukraine\/#primaryimage\"},\"image\":{\"@id\":\"https:\/\/now-news.de\/de\/deutschland\/russischer-general-ueber-moegliche-folgen-von-leopard-2-panzer-lieferungen-an-die-ukraine\/#primaryimage\"},\"thumbnailUrl\":\"https:\/\/now-news.de\/de\/wp-content\/uploads\/sites\/3\/2023\/01\/Russischer-General-ueber-moegliche-Folgen-von-Leopard-2-Panzer-Lieferungen-an-die-Ukraine.jpg\",\"datePublished\":\"2023-01-25T15:03:57+00:00\",\"dateModified\":\"2023-01-25T15:03:57+00:00\",\"breadcrumb\":{\"@id\":\"https:\/\/now-news.de\/de\/deutschland\/russischer-general-ueber-moegliche-folgen-von-leopard-2-panzer-lieferungen-an-die-ukraine\/#breadcrumb\"},\"inLanguage\":\"de\",\"potentialAction\":[{\"@type\":\"ReadAction\",\"target\":[\"https:\/\/now-news.de\/de\/deutschland\/russischer-general-ueber-moegliche-folgen-von-leopard-2-panzer-lieferungen-an-die-ukraine\/\"]}]},{\"@type\":\"ImageObject\",\"inLanguage\":\"de\",\"@id\":\"https:\/\/now-news.de\/de\/deutschland\/russischer-general-ueber-moegliche-folgen-von-leopard-2-panzer-lieferungen-an-die-ukraine\/#primaryimage\",\"url\":\"https:\/\/now-news.de\/de\/wp-content\/uploads\/sites\/3\/2023\/01\/Russischer-General-ueber-moegliche-Folgen-von-Leopard-2-Panzer-Lieferungen-an-die-Ukraine.jpg\",\"contentUrl\":\"https:\/\/now-news.de\/de\/wp-content\/uploads\/sites\/3\/2023\/01\/Russischer-General-ueber-moegliche-Folgen-von-Leopard-2-Panzer-Lieferungen-an-die-Ukraine.jpg\",\"width\":460,\"height\":259,\"caption\":\"Russischer General \u00fcber m\u00f6gliche Folgen von Leopard-2-Panzer-Lieferungen an die Ukraine\"},{\"@type\":\"BreadcrumbList\",\"@id\":\"https:\/\/now-news.de\/de\/deutschland\/russischer-general-ueber-moegliche-folgen-von-leopard-2-panzer-lieferungen-an-die-ukraine\/#breadcrumb\",\"itemListElement\":[{\"@type\":\"ListItem\",\"position\":1,\"name\":\"Home\",\"item\":\"https:\/\/now-news.de\/de\/\"},{\"@type\":\"ListItem\",\"position\":2,\"name\":\"Russischer General \u00fcber m\u00f6gliche Folgen von Leopard-2-Panzer-Lieferungen an die Ukraine\"}]},{\"@type\":\"WebSite\",\"@id\":\"https:\/\/now-news.de\/de\/#website\",\"url\":\"https:\/\/now-news.de\/de\/\",\"name\":\"just-now.NEWS Deutschland\",\"description\":\"Das Portal f\u00fcr unzensierte Nachrichten aus der Welt\",\"publisher\":{\"@id\":\"https:\/\/now-news.de\/de\/#organization\"},\"potentialAction\":[{\"@type\":\"SearchAction\",\"target\":{\"@type\":\"EntryPoint\",\"urlTemplate\":\"https:\/\/now-news.de\/de\/?s={search_term_string}\"},\"query-input\":\"required name=search_term_string\"}],\"inLanguage\":\"de\"},{\"@type\":\"Organization\",\"@id\":\"https:\/\/now-news.de\/de\/#organization\",\"name\":\"Just Now News\",\"url\":\"https:\/\/now-news.de\/de\/\",\"logo\":{\"@type\":\"ImageObject\",\"inLanguage\":\"de\",\"@id\":\"https:\/\/now-news.de\/de\/#\/schema\/logo\/image\/\",\"url\":\"http:\/\/just-now.news\/de\/wp-content\/uploads\/sites\/3\/2022\/04\/logo500x500.jpg\",\"contentUrl\":\"http:\/\/just-now.news\/de\/wp-content\/uploads\/sites\/3\/2022\/04\/logo500x500.jpg\",\"width\":500,\"height\":500,\"caption\":\"Just Now News\"},\"image\":{\"@id\":\"https:\/\/now-news.de\/de\/#\/schema\/logo\/image\/\"},\"sameAs\":[\"https:\/\/www.facebook.com\/wirmachenauf\",\"https:\/\/x.com\/WirMachenAuf_de\"]},{\"@type\":\"Person\",\"@id\":\"https:\/\/now-news.de\/de\/#\/schema\/person\/fb534a4e865501d8b3285208df34a9b5\",\"name\":\"rtnews\",\"image\":{\"@type\":\"ImageObject\",\"inLanguage\":\"de\",\"@id\":\"https:\/\/now-news.de\/de\/#\/schema\/person\/image\/\",\"url\":\"https:\/\/secure.gravatar.com\/avatar\/82aafea7d8127119dd649515f56e2117?s=96&d=mm&r=g\",\"contentUrl\":\"https:\/\/secure.gravatar.com\/avatar\/82aafea7d8127119dd649515f56e2117?s=96&d=mm&r=g\",\"caption\":\"rtnews\"},\"url\":\"https:\/\/now-news.de\/de\/author\/rnews\/\"}]}<\/script>\n<!-- \/ Yoast SEO Premium plugin. -->","yoast_head_json":{"title":"Russischer General \u00fcber m\u00f6gliche Folgen von Leopard-2-Panzer-Lieferungen an die Ukraine - just-now.NEWS Deutschland","robots":{"index":"index","follow":"follow","max-snippet":"max-snippet:-1","max-image-preview":"max-image-preview:large","max-video-preview":"max-video-preview:-1"},"canonical":"https:\/\/now-news.de\/de\/deutschland\/russischer-general-ueber-moegliche-folgen-von-leopard-2-panzer-lieferungen-an-die-ukraine\/","og_locale":"de_DE","og_type":"article","og_title":"Russischer General \u00fcber m\u00f6gliche Folgen von Leopard-2-Panzer-Lieferungen an die Ukraine","og_description":"Andrei Kartapolow, Chef des Verteidigungsausschusses der Staatsduma, hat sich zu den von Deutschland zugesagten Lieferungen von Leopard-2-Panzern ge\u00e4u\u00dfert. Dem General zufolge werde die Entscheidung kaum die Lage an der Front ver\u00e4ndern. Nach Ansicht des Vorsitzenden des Verteidigungsausschusses des russischen Unterhauses (der Staatsduma), General Andrei Kartapolow, werde die Lieferung von deutschen Panzern des Typs Leopard 2A6 [&hellip;]","og_url":"https:\/\/now-news.de\/de\/deutschland\/russischer-general-ueber-moegliche-folgen-von-leopard-2-panzer-lieferungen-an-die-ukraine\/","og_site_name":"just-now.NEWS Deutschland","article_publisher":"https:\/\/www.facebook.com\/wirmachenauf","article_published_time":"2023-01-25T15:03:57+00:00","og_image":[{"width":460,"height":259,"url":"https:\/\/now-news.de\/de\/wp-content\/uploads\/sites\/3\/2023\/01\/Russischer-General-ueber-moegliche-Folgen-von-Leopard-2-Panzer-Lieferungen-an-die-Ukraine.jpg","type":"image\/jpeg"}],"author":"rtnews","twitter_card":"summary_large_image","twitter_creator":"@WirMachenAuf_de","twitter_site":"@WirMachenAuf_de","twitter_misc":{"Verfasst von":"rtnews","Gesch\u00e4tzte Lesezeit":"2\u00a0Minuten"},"schema":{"@context":"https:\/\/schema.org","@graph":[{"@type":"Article","@id":"https:\/\/now-news.de\/de\/deutschland\/russischer-general-ueber-moegliche-folgen-von-leopard-2-panzer-lieferungen-an-die-ukraine\/#article","isPartOf":{"@id":"https:\/\/now-news.de\/de\/deutschland\/russischer-general-ueber-moegliche-folgen-von-leopard-2-panzer-lieferungen-an-die-ukraine\/"},"author":{"name":"rtnews","@id":"https:\/\/now-news.de\/de\/#\/schema\/person\/fb534a4e865501d8b3285208df34a9b5"},"headline":"Russischer General \u00fcber m\u00f6gliche Folgen von Leopard-2-Panzer-Lieferungen an die Ukraine","datePublished":"2023-01-25T15:03:57+00:00","dateModified":"2023-01-25T15:03:57+00:00","mainEntityOfPage":{"@id":"https:\/\/now-news.de\/de\/deutschland\/russischer-general-ueber-moegliche-folgen-von-leopard-2-panzer-lieferungen-an-die-ukraine\/"},"wordCount":323,"commentCount":0,"publisher":{"@id":"https:\/\/now-news.de\/de\/#organization"},"image":{"@id":"https:\/\/now-news.de\/de\/deutschland\/russischer-general-ueber-moegliche-folgen-von-leopard-2-panzer-lieferungen-an-die-ukraine\/#primaryimage"},"thumbnailUrl":"https:\/\/now-news.de\/de\/wp-content\/uploads\/sites\/3\/2023\/01\/Russischer-General-ueber-moegliche-Folgen-von-Leopard-2-Panzer-Lieferungen-an-die-Ukraine.jpg","keywords":["die","Folgen","General","Leopard2PanzerLieferungen","m\u00f6gliche","Russischer","\u00fcber","ukraine","von"],"articleSection":["Deutschland","Russland"],"inLanguage":"de","potentialAction":[{"@type":"CommentAction","name":"Comment","target":["https:\/\/now-news.de\/de\/deutschland\/russischer-general-ueber-moegliche-folgen-von-leopard-2-panzer-lieferungen-an-die-ukraine\/#respond"]}]},{"@type":"WebPage","@id":"https:\/\/now-news.de\/de\/deutschland\/russischer-general-ueber-moegliche-folgen-von-leopard-2-panzer-lieferungen-an-die-ukraine\/","url":"https:\/\/now-news.de\/de\/deutschland\/russischer-general-ueber-moegliche-folgen-von-leopard-2-panzer-lieferungen-an-die-ukraine\/","name":"Russischer General \u00fcber m\u00f6gliche Folgen von Leopard-2-Panzer-Lieferungen an die Ukraine - just-now.NEWS Deutschland","isPartOf":{"@id":"https:\/\/now-news.de\/de\/#website"},"primaryImageOfPage":{"@id":"https:\/\/now-news.de\/de\/deutschland\/russischer-general-ueber-moegliche-folgen-von-leopard-2-panzer-lieferungen-an-die-ukraine\/#primaryimage"},"image":{"@id":"https:\/\/now-news.de\/de\/deutschland\/russischer-general-ueber-moegliche-folgen-von-leopard-2-panzer-lieferungen-an-die-ukraine\/#primaryimage"},"thumbnailUrl":"https:\/\/now-news.de\/de\/wp-content\/uploads\/sites\/3\/2023\/01\/Russischer-General-ueber-moegliche-Folgen-von-Leopard-2-Panzer-Lieferungen-an-die-Ukraine.jpg","datePublished":"2023-01-25T15:03:57+00:00","dateModified":"2023-01-25T15:03:57+00:00","breadcrumb":{"@id":"https:\/\/now-news.de\/de\/deutschland\/russischer-general-ueber-moegliche-folgen-von-leopard-2-panzer-lieferungen-an-die-ukraine\/#breadcrumb"},"inLanguage":"de","potentialAction":[{"@type":"ReadAction","target":["https:\/\/now-news.de\/de\/deutschland\/russischer-general-ueber-moegliche-folgen-von-leopard-2-panzer-lieferungen-an-die-ukraine\/"]}]},{"@type":"ImageObject","inLanguage":"de","@id":"https:\/\/now-news.de\/de\/deutschland\/russischer-general-ueber-moegliche-folgen-von-leopard-2-panzer-lieferungen-an-die-ukraine\/#primaryimage","url":"https:\/\/now-news.de\/de\/wp-content\/uploads\/sites\/3\/2023\/01\/Russischer-General-ueber-moegliche-Folgen-von-Leopard-2-Panzer-Lieferungen-an-die-Ukraine.jpg","contentUrl":"https:\/\/now-news.de\/de\/wp-content\/uploads\/sites\/3\/2023\/01\/Russischer-General-ueber-moegliche-Folgen-von-Leopard-2-Panzer-Lieferungen-an-die-Ukraine.jpg","width":460,"height":259,"caption":"Russischer General \u00fcber m\u00f6gliche Folgen von Leopard-2-Panzer-Lieferungen an die Ukraine"},{"@type":"BreadcrumbList","@id":"https:\/\/now-news.de\/de\/deutschland\/russischer-general-ueber-moegliche-folgen-von-leopard-2-panzer-lieferungen-an-die-ukraine\/#breadcrumb","itemListElement":[{"@type":"ListItem","position":1,"name":"Home","item":"https:\/\/now-news.de\/de\/"},{"@type":"ListItem","position":2,"name":"Russischer General \u00fcber m\u00f6gliche Folgen von Leopard-2-Panzer-Lieferungen an die Ukraine"}]},{"@type":"WebSite","@id":"https:\/\/now-news.de\/de\/#website","url":"https:\/\/now-news.de\/de\/","name":"just-now.NEWS Deutschland","description":"Das Portal f\u00fcr unzensierte Nachrichten aus der Welt","publisher":{"@id":"https:\/\/now-news.de\/de\/#organization"},"potentialAction":[{"@type":"SearchAction","target":{"@type":"EntryPoint","urlTemplate":"https:\/\/now-news.de\/de\/?s={search_term_string}"},"query-input":"required name=search_term_string"}],"inLanguage":"de"},{"@type":"Organization","@id":"https:\/\/now-news.de\/de\/#organization","name":"Just Now News","url":"https:\/\/now-news.de\/de\/","logo":{"@type":"ImageObject","inLanguage":"de","@id":"https:\/\/now-news.de\/de\/#\/schema\/logo\/image\/","url":"http:\/\/just-now.news\/de\/wp-content\/uploads\/sites\/3\/2022\/04\/logo500x500.jpg","contentUrl":"http:\/\/just-now.news\/de\/wp-content\/uploads\/sites\/3\/2022\/04\/logo500x500.jpg","width":500,"height":500,"caption":"Just Now News"},"image":{"@id":"https:\/\/now-news.de\/de\/#\/schema\/logo\/image\/"},"sameAs":["https:\/\/www.facebook.com\/wirmachenauf","https:\/\/x.com\/WirMachenAuf_de"]},{"@type":"Person","@id":"https:\/\/now-news.de\/de\/#\/schema\/person\/fb534a4e865501d8b3285208df34a9b5","name":"rtnews","image":{"@type":"ImageObject","inLanguage":"de","@id":"https:\/\/now-news.de\/de\/#\/schema\/person\/image\/","url":"https:\/\/secure.gravatar.com\/avatar\/82aafea7d8127119dd649515f56e2117?s=96&d=mm&r=g","contentUrl":"https:\/\/secure.gravatar.com\/avatar\/82aafea7d8127119dd649515f56e2117?s=96&d=mm&r=g","caption":"rtnews"},"url":"https:\/\/now-news.de\/de\/author\/rnews\/"}]}},"_links":{"self":[{"href":"https:\/\/now-news.de\/de\/wp-json\/wp\/v2\/posts\/28616"}],"collection":[{"href":"https:\/\/now-news.de\/de\/wp-json\/wp\/v2\/posts"}],"about":[{"href":"https:\/\/now-news.de\/de\/wp-json\/wp\/v2\/types\/post"}],"author":[{"embeddable":true,"href":"https:\/\/now-news.de\/de\/wp-json\/wp\/v2\/users\/3"}],"replies":[{"embeddable":true,"href":"https:\/\/now-news.de\/de\/wp-json\/wp\/v2\/comments?post=28616"}],"version-history":[{"count":0,"href":"https:\/\/now-news.de\/de\/wp-json\/wp\/v2\/posts\/28616\/revisions"}],"wp:featuredmedia":[{"embeddable":true,"href":"https:\/\/now-news.de\/de\/wp-json\/wp\/v2\/media\/28617"}],"wp:attachment":[{"href":"https:\/\/now-news.de\/de\/wp-json\/wp\/v2\/media?parent=28616"}],"wp:term":[{"taxonomy":"category","embeddable":true,"href":"https:\/\/now-news.de\/de\/wp-json\/wp\/v2\/categories?post=28616"},{"taxonomy":"post_tag","embeddable":true,"href":"https:\/\/now-news.de\/de\/wp-json\/wp\/v2\/tags?post=28616"}],"curies":[{"name":"wp","href":"https:\/\/api.w.org\/{rel}","templated":true}]}}