{"id":28573,"date":"2023-01-25T07:45:00","date_gmt":"2023-01-25T05:45:00","guid":{"rendered":"https:\/\/just-now.news\/de\/deutschland\/friedensverhandlungen-torpediert-und-unterhaendler-vom-ukrainischen-geheimdienst-erschossen\/"},"modified":"2023-01-25T07:45:00","modified_gmt":"2023-01-25T05:45:00","slug":"friedensverhandlungen-torpediert-und-unterhaendler-vom-ukrainischen-geheimdienst-erschossen","status":"publish","type":"post","link":"https:\/\/now-news.de\/de\/deutschland\/friedensverhandlungen-torpediert-und-unterhaendler-vom-ukrainischen-geheimdienst-erschossen\/","title":{"rendered":"Friedensverhandlungen torpediert und Unterh\u00e4ndler vom ukrainischen Geheimdienst erschossen"},"content":{"rendered":"<p><img decoding=\"async\" src=\"http:\/\/just-now.news\/de\/wp-content\/uploads\/sites\/3\/2023\/01\/63d002f448fbef7a1f4992f2.jpg\" \/><\/p>\n<div class=\"Text-root Text-type_1 \">\n                Im M\u00e4rz 2022 wurde ein Unterh\u00e4ndler Kiews vom ukrainischen Geheimdienst auf offener Stra\u00dfe erschossen \u2013 angeblicher Vorwurf: Hochverrat. Jetzt wurde er posthum von diesem Vorwurf freigesprochen. Der gesamte Vorgang wirft ein Schlaglicht auf die Zust\u00e4nde in der Ukraine und den Unwillen des Westens zum Frieden.\n            <\/div>\n<p><\/p>\n<div class=\"Text-root Text-type_5 ArticleView-text ViewText-root \">\n<p><em>Von Gert Ewen Ungar<\/em><\/p>\n<p>Wie das B\u00fcro des ukrainischen Pr\u00e4sidenten Selenskij mitteilt, war der im M\u00e4rz des vergangenen Jahres vom ukrainischen Geheimdienst erschossene Unterh\u00e4ndler Denis Kirejew doch kein russischer Spion. Kirejew war im vergangenen M\u00e4rz in Kiew auf offener Stra\u00dfe vom ukrainischen Geheimdienst SBU erschossen worden, Denn er hatte sich seiner Verhaftung widersetzt und wurde kurzerhand im Zentrum der ukrainischen Hauptstadt get\u00f6tet. Der ukrainische Geheimdienst hatte behauptet, Kirejew h\u00e4tte bei den Verhandlungen in Wei\u00dfrussland f\u00fcr die russische Seite spioniert und wollte ihn wegen Verdachts auf Hochverrat festnehmen.<\/p>\n<p>Selenskijs B\u00fcro spricht Kirejew jetzt \u2013 neun Monate zu sp\u00e4t \u2013 vom Vorwurf der Spionage frei. Er habe im Gegenteil den Auftrag gehabt, die Verhandlungen mit Russland in die L\u00e4nge zu ziehen, gesteht der Chef des milit\u00e4rischen Nachrichtendienstes der Ukraine, Kirill Budanow. Dadurch sollte der Ukraine noch mehr Zeit verschafft werden. Ein Sprecher Selenskijs kommentierte, Kirejew sei\u00a0leider zum\u00a0Opfer gegeneinander arbeitender Strukturen im ukrainischen Machtapparat geworden.\u00a0<\/p>\n<p>Der Vorgang wirft ein Schlaglicht auf mehrere Aspekte des aktuellen milit\u00e4rischen Konflikts, die kaum beachtet werden. Der wichtigste Aspekt: der Konflikt h\u00e4tte bereits im April 2022 zu einem f\u00fcr beide Seiten ertr\u00e4glichen Ende kommen k\u00f6nnen. Bereits vier Tage nach Beginn der milit\u00e4rischen Spezialoperation trafen sich in Wei\u00dfrussland russische und ukrainische Unterh\u00e4ndler. Eine in z\u00e4hen Verhandlungen erzielte Vereinbarung zwischen Russland und der Ukraine lag schon im M\u00e4rz unterschriftsreif vor. Diese wichtigsten Punkte der Vereinbarung sahen vor, dass Russland sich hinter die Linien vom 23. Februar 2022 zur\u00fcckzieht und die Ukraine k\u00fcnftig neutral bleibt, also nicht der NATO beitritt. Die Parteien einigten sich darauf, die Krim-Frage nicht anzutasten. Bei zuk\u00fcnftigen Verhandlungen wird auch aus heutiger Sicht kaum mehr zu erzielen sein. Dennoch hat der Westen diese Vereinbarung hintertrieben \u2013 wie \u00fcbrigens schon Vereinbarungen Minsk 2 \u2013 und verhindert bis heute weiterhin Gespr\u00e4che \u00fcber eine Ende der Kampfhandlungen.<\/p>\n<p>Was n\u00e4mlich dann seit April 2022 folgte, wirft kein gutes Licht auf den Westen und dessen angebliches Interesse am Frieden und Wohlergehen der Ukraine. Im Gegenteil, dabei wird deutlich, dass der Westen den Krieg und die Eskalation mit allen erdenklichen Kr\u00e4ften anfeuert. Die Schlussfolgerung, der Krieg in der Ukraine sei ein Stellvertreterkonflikt zwischen Russland und dem kollektiven Westen, wird durch die historischen Abl\u00e4ufe untermauert.\u00a0<\/p>\n<p>Denn bereits w\u00e4hrend der laufenden Verhandlungen von Ende Februar bis Anfang M\u00e4rz 2022 sagte die Europ\u00e4ische Union (EU) dem Kiewer Regime kostenlose <a rel=\"nofollow noopener\" target=\"_blank\" href=\"https:\/\/www.tagesschau.de\/ausland\/europa\/eu-gipfel-ukraine-103.html\">Waffenlieferungen<\/a> zu. Nach einem Treffen des damaligen britischen Premierministers Boris Johnson mit dem ukrainischen Pr\u00e4sidenten Selenskij Anfang April zog sich &#8220;ganz pl\u00f6tzlich&#8221; die Ukraine aus der unterschriftsreifen Vereinbarung zur\u00fcck. Seitdem eskaliert der Konflikt ununterbrochen.\u00a0<\/p>\n<p>Die Zeitung Ukrainska Prawda <a rel=\"nofollow noopener\" target=\"_blank\" href=\"https:\/\/www.pravda.com.ua\/eng\/news\/2022\/05\/5\/7344206\/\">schrieb<\/a>\u00a0schon im Mai 2022, der \u00fcberraschende Besuch Johnsons in Kiew h\u00e4tte vor allem zum Ziel gehabt, Selenskij zwei Botschaften zu vermitteln:\u00a0<\/p>\n<blockquote>\n<p><em>&#8220;Die erste ist, dass Putin ein Kriegsverbrecher ist, der unter Druck gesetzt werden muss, und niemand sei, mit dem man verhandelt. Die zweite ist, dass \u2013 selbst wenn die Ukraine bereit sei, Vereinbarungen mit Russland zu unterzeichnen \u2013 es der Westen nicht sei.&#8221;<\/em><\/p>\n<\/blockquote>\n<p>Drei Tage nach der Abreise von Johnson aus Kiew konstatierte Putin vor der \u00d6ffentlichkeit, die Verhandlungen w\u00fcrden derzeit in einer Sackgasse stecken.\u00a0<\/p>\n<p>Seitdem kocht der Konflikt in der Ukraine auf immer gr\u00f6\u00dfer werdender Flamme vor sich hin. Der Westen dreht die Temperatur immer h\u00f6her.\u00a0Ohne westliche finanzielle und milit\u00e4rische Unterst\u00fctzung w\u00e4re der Krieg \u00fcbrigens l\u00e4ngst vorbei, denn die Ukraine verf\u00fcgt \u00fcber keinerlei eigene Mittel, diesen Krieg noch l\u00e4nger zu f\u00fchren. Ohne westliche Einmischung in die Verhandlungen und unentwegte Waffenlieferungen w\u00fcrde \u2013 so oder so \u2013 l\u00e4ngst wieder Frieden herrschen.<\/p>\n<p>Westliche Politiker verstecken sich seit Anbeginn hinter einer angeblichen &#8220;Souver\u00e4nit\u00e4t&#8221; der Ukraine, die ihre Kriegsziele vorgeblich selbst festlegen w\u00fcrde. Dabei war und ist diese Ukraine vollkommen vom Westen abh\u00e4ngig. Es ist seit Jahren v\u00f6llig unglaubw\u00fcrdig, der Westen lie\u00dfe der Ukraine freie Hand hinsichtlich ihrer Entscheidungen. Alle Entwicklungen machen deutlich: Der Westen wollte und will bis heute diesen Krieg.<\/p>\n<p>Westliche Politiker \u2013 wie beispielsweise die derzeitige deutsche Au\u00dfenministerin Annalena Baerbock (B\u00fcndnis 90\/Die Gr\u00fcnen) \u2013 behaupten entgegen allen Tatsachen, Russland lehne Verhandlungen ab. Die Abl\u00e4ufe machen deutlich, dass Russland unmittelbar nach Beginn der milit\u00e4rischen Spezialoperation Verhandlungsbereitschaft gezeigt und auch sehr kompromissbereit verhandelt hat. Politiker wie Baerbock treiben die Ukraine aktiv ins Verderben, denn die Ziele, die zahlreiche deutsche und westliche Politiker verfolgen, sind nicht realisierbar.\u00a0<\/p>\n<p>So strebt Baerbock angeblich mit den westlichen Waffenlieferungen einen milit\u00e4rischen Sieg der Ukraine \u00fcber Russland an, mit dem Ziel, der Ukraine dadurch zu einer &#8220;guten Verhandlungsposition&#8221; zu verhelfen. Dieser neuerliche deutsche Wille zum totalen Krieg gegen Russland wird absehbar zur v\u00f6lligen Zerst\u00f6rung, allerdings der Ukraine, f\u00fchren.\u00a0<\/p>\n<p>Die bizarren Vorg\u00e4nge, die eingangs erw\u00e4hnte politische Intrige in Verbindung mit einer \u00f6ffentlicher Erschie\u00dfung aus einem nun schlie\u00dflich widerrufenen Grund, die sich rund um die Verhandlungen abgespielt haben, bedeuten dreierlei: Der Westen hat kein Interesse am Frieden in der Ukraine und in Europa. Das Schicksal der Ukraine, der Ukrainerinnen und der Ukrainer ist dabei nicht von Interesse, Denn es geht um blo\u00dfe Macht und geopolitischen Einfluss. Und am wichtigsten, der Westen betreibt die Eskalation mit dem Ziel, Russland dauerhaft in den Konflikt zu binden und so zu schw\u00e4chen oder aufzureiben.<\/p>\n<p>Alles, was nach dem April 2022 kam \u2013 die Zerst\u00f6rung der ukrainischen Infrastruktur, die Referenden mit dem Beitritt der Gebiete im S\u00fcdosten der Ukraine zur Russischen F\u00f6deration, all die Opfer, die der Konflikt nach Abbruch der Friedensverhandlungen gekostet hatte \u2013, h\u00e4tte vermieden werden k\u00f6nnen, wenn der Westen nicht auf Eskalation gedr\u00e4ngt h\u00e4tte. Das tagt\u00e4glich im Sinne ihrer Kriegspropaganda f\u00fcr die \u00d6ffentlichkeit zur Schau gestellte Entsetzen westlicher Medien und westlicher Politiker \u00fcber die Entwicklung in der Ukraine wirkt angesichts des tats\u00e4chlichen Ablaufs der Ereignisse geheuchelt und verlogen.<\/p>\n<p>Zudem wird deutlich, dass auch im inneren Machtzirkel der Ukraine ein Kampf tobt. F\u00fcr zahlreiche politische Figuren in der Ukraine h\u00e4ngt deren Existenz unmittelbar mit dem Krieg zusammen. Auch sie haben an einer Beendigung des Krieges kein Interesse. Gleichzeitig zeigt das, wie weit die Ukraine von dem entfernt ist, was sich Rechtsstaatlichkeit nennt. Ein wichtiger Unterh\u00e4ndler wird des Hochverrats verd\u00e4chtig und erschossen. Nachdem seine Unschuld anerkannt ist, passiert \u2013 nichts! Niemand wird zur Rechenschaft gezogen. Der Vorgang ist so unglaublich weit von all dem entfernt, wof\u00fcr die EU stets vorgibt zu stehen und wof\u00fcr die Ukraine angeblich &#8220;in unser aller Namen&#8221; k\u00e4mpft. Nein, auch die Ukraine hat mit den geheuchelten westlichen Werten nichts am Hut. Selbst Teile der ukrainischen Elite haben ein pers\u00f6nliches Interesse an einem langen Krieg, denn er sichert ihre lukrativen Posten, ihren Einfluss und ern\u00e4hrt sie.\u00a0<\/p>\n<p>Drittens ist zudem offensichtlich, dass Russland die milit\u00e4rische F\u00e4higkeit hat, die Eskalationsschritte des Westens problemlos mitzugehen. Seit dem Abbruch der Gespr\u00e4che im April liefert der Westen in einem beispiellosen Ausma\u00df Waffen an die Ukraine. Begleitet wird das von umfassenden Sanktionen, die unter anderem eine wirtschaftliche Schw\u00e4chung Russlands erreichen sollen, um so Russland die Finanzierung des Krieges zu erschweren. Beides ist nicht gelungen. Russland kann noch immer zu jedem beliebigen Zeitpunkt jeden beliebigen Ort in der Ukraine angreifen und zerst\u00f6ren, ohne dass die Ukraine dem viel entgegenzusetzen h\u00e4tte. Die Waffenlieferungen haben lediglich zu einer Eskalation der Gewalt gef\u00fchrt. Weitere Waffenlieferungen setzen diesen Pfad der Eskalation lediglich fort. Sie werden ihn nicht beenden.\u00a0<\/p>\n<p>Wie die aktuellen Entwicklungen zeigen, verf\u00fcgt der Westen \u00fcber keinen Plan zum Ausstieg aus der Eskalationsspirale, die er in Gang gesetzt hat. Das n\u00e4chste Ziel ist dabei augenscheinlich, Deutschland \u00fcber die Lieferung von Kampfpanzern des Typs Leopard 2 unleugbar zur Kriegspartei zu machen und in die Auseinandersetzung mit Russland zu zwingen.\u00a0<\/p>\n<p>Dabei ist klar: je l\u00e4nger dieser Krieg dauert, desto umfassender wird die Ukraine zerst\u00f6rt und desto gr\u00f6\u00dfer sind auch der Schaden und die Gefahren f\u00fcr Europa. Der Konflikt hat das Potenzial, zur vollst\u00e4ndigen Vernichtung Europas f\u00fchren zu k\u00f6nnen. Es w\u00e4re daher dringend notwendig, die Ukraine wieder in den Stand zu versetzen, der es ihr erlaubt, an Verhandlungen teilzunehmen. Europa und die Welt brauchen dringend eine Besinnung der politisch Verantwortlichen darauf, wie man die Eskalationsspirale stoppen kann. Ein Blick auf den bisherigen historischen Verlauf zeigt aber auch: Alles, was nach April 2022 in der Ukraine passierte, hat der kollektive Westen zu verantworten, der seinen unnachgiebigen Willen zum Krieg mit der Sabotage der Friedensverhandlungen bewiesen hat.<\/p>\n<p><strong>Mehr zum Thema\u00a0\u2013 <\/strong><a rel=\"nofollow noopener\" target=\"_blank\" href=\"https:\/\/pressefreiheit.rtde.me\/meinung\/160743-leopard-lieferung-bedeutet-heiligen-krieg-solowjow-interviewt-richard-black\/\">&#8220;Deutsche Panzer auf russischem Boden bedeuten Heiligen Krieg&#8221; \u2013 Solowjow interviewt Richard Black<\/a><\/p>\n<\/div>\n<p><br \/>\n<br \/><a href=\"https:\/\/de.rt.com\/meinung\/160838-wie-ukrainische-geheimdienst-friedensverhandlungen-torpediert-hat\/\">Source link <\/a><\/p>\n","protected":false},"excerpt":{"rendered":"<p>Im M\u00e4rz 2022 wurde ein Unterh\u00e4ndler Kiews vom ukrainischen Geheimdienst auf offener Stra\u00dfe erschossen \u2013 angeblicher Vorwurf: Hochverrat. Jetzt wurde er posthum von diesem Vorwurf freigesprochen. Der gesamte Vorgang wirft ein Schlaglicht auf die Zust\u00e4nde in der Ukraine und den Unwillen des Westens zum Frieden. Von Gert Ewen Ungar Wie das B\u00fcro des ukrainischen Pr\u00e4sidenten [&hellip;]<\/p>\n","protected":false},"author":3,"featured_media":28574,"comment_status":"open","ping_status":"open","sticky":false,"template":"","format":"standard","meta":{"_yoast_indexnow_last_ping":["1674626713"],"wp_automatic_camp":["217"],"118c5105592574e9488b277d13bcc75e":["Friedensverhandlungen torpediert und Unterh\u00e4ndler vom ukrainischen Geheimdienst erschossen"],"original_link":["https:\/\/de.rt.com\/meinung\/160838-wie-ukrainische-geheimdienst-friedensverhandlungen-torpediert-hat\/"],"_thumbnail_id":["28574"],"jnews_social_counter_last_update":["1777578964"],"_wptgpro_p2tg_sent2tg":["a:1:{i:23737;s:19:\"2023-01-25 08:06:18\";}"]},"categories":[19,23],"tags":[5189,19884,5188,39602,2332,140,39603,1010],"yoast_head":"<!-- This site is optimized with the Yoast SEO Premium plugin v22.7 (Yoast SEO v22.7) - https:\/\/yoast.com\/wordpress\/plugins\/seo\/ -->\n<title>Friedensverhandlungen torpediert und Unterh\u00e4ndler vom ukrainischen Geheimdienst erschossen - just-now.NEWS Deutschland<\/title>\n<meta name=\"robots\" content=\"index, follow, max-snippet:-1, max-image-preview:large, max-video-preview:-1\" \/>\n<link rel=\"canonical\" href=\"https:\/\/now-news.de\/de\/deutschland\/friedensverhandlungen-torpediert-und-unterhaendler-vom-ukrainischen-geheimdienst-erschossen\/\" \/>\n<meta property=\"og:locale\" content=\"de_DE\" \/>\n<meta property=\"og:type\" content=\"article\" \/>\n<meta property=\"og:title\" content=\"Friedensverhandlungen torpediert und Unterh\u00e4ndler vom ukrainischen Geheimdienst erschossen\" \/>\n<meta property=\"og:description\" content=\"Im M\u00e4rz 2022 wurde ein Unterh\u00e4ndler Kiews vom ukrainischen Geheimdienst auf offener Stra\u00dfe erschossen \u2013 angeblicher Vorwurf: Hochverrat. Jetzt wurde er posthum von diesem Vorwurf freigesprochen. Der gesamte Vorgang wirft ein Schlaglicht auf die Zust\u00e4nde in der Ukraine und den Unwillen des Westens zum Frieden. Von Gert Ewen Ungar Wie das B\u00fcro des ukrainischen Pr\u00e4sidenten [&hellip;]\" \/>\n<meta property=\"og:url\" content=\"https:\/\/now-news.de\/de\/deutschland\/friedensverhandlungen-torpediert-und-unterhaendler-vom-ukrainischen-geheimdienst-erschossen\/\" \/>\n<meta property=\"og:site_name\" content=\"just-now.NEWS Deutschland\" \/>\n<meta property=\"article:publisher\" content=\"https:\/\/www.facebook.com\/wirmachenauf\" \/>\n<meta property=\"article:published_time\" content=\"2023-01-25T05:45:00+00:00\" \/>\n<meta property=\"og:image\" content=\"https:\/\/now-news.de\/de\/wp-content\/uploads\/sites\/3\/2023\/01\/Friedensverhandlungen-torpediert-und-Unterhaendler-vom-ukrainischen-Geheimdienst-erschossen.jpg\" \/>\n\t<meta property=\"og:image:width\" content=\"460\" \/>\n\t<meta property=\"og:image:height\" content=\"259\" \/>\n\t<meta property=\"og:image:type\" content=\"image\/jpeg\" \/>\n<meta name=\"author\" content=\"rtnews\" \/>\n<meta name=\"twitter:card\" content=\"summary_large_image\" \/>\n<meta name=\"twitter:creator\" content=\"@WirMachenAuf_de\" \/>\n<meta name=\"twitter:site\" content=\"@WirMachenAuf_de\" \/>\n<meta name=\"twitter:label1\" content=\"Verfasst von\" \/>\n\t<meta name=\"twitter:data1\" content=\"rtnews\" \/>\n\t<meta name=\"twitter:label2\" content=\"Gesch\u00e4tzte Lesezeit\" \/>\n\t<meta name=\"twitter:data2\" content=\"7\u00a0Minuten\" \/>\n<script type=\"application\/ld+json\" class=\"yoast-schema-graph\">{\"@context\":\"https:\/\/schema.org\",\"@graph\":[{\"@type\":\"Article\",\"@id\":\"https:\/\/now-news.de\/de\/deutschland\/friedensverhandlungen-torpediert-und-unterhaendler-vom-ukrainischen-geheimdienst-erschossen\/#article\",\"isPartOf\":{\"@id\":\"https:\/\/now-news.de\/de\/deutschland\/friedensverhandlungen-torpediert-und-unterhaendler-vom-ukrainischen-geheimdienst-erschossen\/\"},\"author\":{\"name\":\"rtnews\",\"@id\":\"https:\/\/now-news.de\/de\/#\/schema\/person\/fb534a4e865501d8b3285208df34a9b5\"},\"headline\":\"Friedensverhandlungen torpediert und Unterh\u00e4ndler vom ukrainischen Geheimdienst erschossen\",\"datePublished\":\"2023-01-25T05:45:00+00:00\",\"dateModified\":\"2023-01-25T05:45:00+00:00\",\"mainEntityOfPage\":{\"@id\":\"https:\/\/now-news.de\/de\/deutschland\/friedensverhandlungen-torpediert-und-unterhaendler-vom-ukrainischen-geheimdienst-erschossen\/\"},\"wordCount\":1496,\"commentCount\":0,\"publisher\":{\"@id\":\"https:\/\/now-news.de\/de\/#organization\"},\"image\":{\"@id\":\"https:\/\/now-news.de\/de\/deutschland\/friedensverhandlungen-torpediert-und-unterhaendler-vom-ukrainischen-geheimdienst-erschossen\/#primaryimage\"},\"thumbnailUrl\":\"https:\/\/now-news.de\/de\/wp-content\/uploads\/sites\/3\/2023\/01\/Friedensverhandlungen-torpediert-und-Unterhaendler-vom-ukrainischen-Geheimdienst-erschossen.jpg\",\"keywords\":[\"erschossen\",\"Friedensverhandlungen\",\"Geheimdienst\",\"torpediert\",\"ukrainischen\",\"und\",\"Unterh\u00e4ndler\",\"vom\"],\"articleSection\":[\"Deutschland\",\"Russland\"],\"inLanguage\":\"de\",\"potentialAction\":[{\"@type\":\"CommentAction\",\"name\":\"Comment\",\"target\":[\"https:\/\/now-news.de\/de\/deutschland\/friedensverhandlungen-torpediert-und-unterhaendler-vom-ukrainischen-geheimdienst-erschossen\/#respond\"]}]},{\"@type\":\"WebPage\",\"@id\":\"https:\/\/now-news.de\/de\/deutschland\/friedensverhandlungen-torpediert-und-unterhaendler-vom-ukrainischen-geheimdienst-erschossen\/\",\"url\":\"https:\/\/now-news.de\/de\/deutschland\/friedensverhandlungen-torpediert-und-unterhaendler-vom-ukrainischen-geheimdienst-erschossen\/\",\"name\":\"Friedensverhandlungen torpediert und Unterh\u00e4ndler vom ukrainischen Geheimdienst erschossen - just-now.NEWS Deutschland\",\"isPartOf\":{\"@id\":\"https:\/\/now-news.de\/de\/#website\"},\"primaryImageOfPage\":{\"@id\":\"https:\/\/now-news.de\/de\/deutschland\/friedensverhandlungen-torpediert-und-unterhaendler-vom-ukrainischen-geheimdienst-erschossen\/#primaryimage\"},\"image\":{\"@id\":\"https:\/\/now-news.de\/de\/deutschland\/friedensverhandlungen-torpediert-und-unterhaendler-vom-ukrainischen-geheimdienst-erschossen\/#primaryimage\"},\"thumbnailUrl\":\"https:\/\/now-news.de\/de\/wp-content\/uploads\/sites\/3\/2023\/01\/Friedensverhandlungen-torpediert-und-Unterhaendler-vom-ukrainischen-Geheimdienst-erschossen.jpg\",\"datePublished\":\"2023-01-25T05:45:00+00:00\",\"dateModified\":\"2023-01-25T05:45:00+00:00\",\"breadcrumb\":{\"@id\":\"https:\/\/now-news.de\/de\/deutschland\/friedensverhandlungen-torpediert-und-unterhaendler-vom-ukrainischen-geheimdienst-erschossen\/#breadcrumb\"},\"inLanguage\":\"de\",\"potentialAction\":[{\"@type\":\"ReadAction\",\"target\":[\"https:\/\/now-news.de\/de\/deutschland\/friedensverhandlungen-torpediert-und-unterhaendler-vom-ukrainischen-geheimdienst-erschossen\/\"]}]},{\"@type\":\"ImageObject\",\"inLanguage\":\"de\",\"@id\":\"https:\/\/now-news.de\/de\/deutschland\/friedensverhandlungen-torpediert-und-unterhaendler-vom-ukrainischen-geheimdienst-erschossen\/#primaryimage\",\"url\":\"https:\/\/now-news.de\/de\/wp-content\/uploads\/sites\/3\/2023\/01\/Friedensverhandlungen-torpediert-und-Unterhaendler-vom-ukrainischen-Geheimdienst-erschossen.jpg\",\"contentUrl\":\"https:\/\/now-news.de\/de\/wp-content\/uploads\/sites\/3\/2023\/01\/Friedensverhandlungen-torpediert-und-Unterhaendler-vom-ukrainischen-Geheimdienst-erschossen.jpg\",\"width\":460,\"height\":259,\"caption\":\"Friedensverhandlungen torpediert und Unterh\u00e4ndler vom ukrainischen Geheimdienst erschossen\"},{\"@type\":\"BreadcrumbList\",\"@id\":\"https:\/\/now-news.de\/de\/deutschland\/friedensverhandlungen-torpediert-und-unterhaendler-vom-ukrainischen-geheimdienst-erschossen\/#breadcrumb\",\"itemListElement\":[{\"@type\":\"ListItem\",\"position\":1,\"name\":\"Home\",\"item\":\"https:\/\/now-news.de\/de\/\"},{\"@type\":\"ListItem\",\"position\":2,\"name\":\"Friedensverhandlungen torpediert und Unterh\u00e4ndler vom ukrainischen Geheimdienst erschossen\"}]},{\"@type\":\"WebSite\",\"@id\":\"https:\/\/now-news.de\/de\/#website\",\"url\":\"https:\/\/now-news.de\/de\/\",\"name\":\"just-now.NEWS Deutschland\",\"description\":\"Das Portal f\u00fcr unzensierte Nachrichten aus der Welt\",\"publisher\":{\"@id\":\"https:\/\/now-news.de\/de\/#organization\"},\"potentialAction\":[{\"@type\":\"SearchAction\",\"target\":{\"@type\":\"EntryPoint\",\"urlTemplate\":\"https:\/\/now-news.de\/de\/?s={search_term_string}\"},\"query-input\":\"required name=search_term_string\"}],\"inLanguage\":\"de\"},{\"@type\":\"Organization\",\"@id\":\"https:\/\/now-news.de\/de\/#organization\",\"name\":\"Just Now News\",\"url\":\"https:\/\/now-news.de\/de\/\",\"logo\":{\"@type\":\"ImageObject\",\"inLanguage\":\"de\",\"@id\":\"https:\/\/now-news.de\/de\/#\/schema\/logo\/image\/\",\"url\":\"http:\/\/just-now.news\/de\/wp-content\/uploads\/sites\/3\/2022\/04\/logo500x500.jpg\",\"contentUrl\":\"http:\/\/just-now.news\/de\/wp-content\/uploads\/sites\/3\/2022\/04\/logo500x500.jpg\",\"width\":500,\"height\":500,\"caption\":\"Just Now News\"},\"image\":{\"@id\":\"https:\/\/now-news.de\/de\/#\/schema\/logo\/image\/\"},\"sameAs\":[\"https:\/\/www.facebook.com\/wirmachenauf\",\"https:\/\/x.com\/WirMachenAuf_de\"]},{\"@type\":\"Person\",\"@id\":\"https:\/\/now-news.de\/de\/#\/schema\/person\/fb534a4e865501d8b3285208df34a9b5\",\"name\":\"rtnews\",\"image\":{\"@type\":\"ImageObject\",\"inLanguage\":\"de\",\"@id\":\"https:\/\/now-news.de\/de\/#\/schema\/person\/image\/\",\"url\":\"https:\/\/secure.gravatar.com\/avatar\/82aafea7d8127119dd649515f56e2117?s=96&d=mm&r=g\",\"contentUrl\":\"https:\/\/secure.gravatar.com\/avatar\/82aafea7d8127119dd649515f56e2117?s=96&d=mm&r=g\",\"caption\":\"rtnews\"},\"url\":\"https:\/\/now-news.de\/de\/author\/rnews\/\"}]}<\/script>\n<!-- \/ Yoast SEO Premium plugin. -->","yoast_head_json":{"title":"Friedensverhandlungen torpediert und Unterh\u00e4ndler vom ukrainischen Geheimdienst erschossen - just-now.NEWS Deutschland","robots":{"index":"index","follow":"follow","max-snippet":"max-snippet:-1","max-image-preview":"max-image-preview:large","max-video-preview":"max-video-preview:-1"},"canonical":"https:\/\/now-news.de\/de\/deutschland\/friedensverhandlungen-torpediert-und-unterhaendler-vom-ukrainischen-geheimdienst-erschossen\/","og_locale":"de_DE","og_type":"article","og_title":"Friedensverhandlungen torpediert und Unterh\u00e4ndler vom ukrainischen Geheimdienst erschossen","og_description":"Im M\u00e4rz 2022 wurde ein Unterh\u00e4ndler Kiews vom ukrainischen Geheimdienst auf offener Stra\u00dfe erschossen \u2013 angeblicher Vorwurf: Hochverrat. Jetzt wurde er posthum von diesem Vorwurf freigesprochen. Der gesamte Vorgang wirft ein Schlaglicht auf die Zust\u00e4nde in der Ukraine und den Unwillen des Westens zum Frieden. Von Gert Ewen Ungar Wie das B\u00fcro des ukrainischen Pr\u00e4sidenten [&hellip;]","og_url":"https:\/\/now-news.de\/de\/deutschland\/friedensverhandlungen-torpediert-und-unterhaendler-vom-ukrainischen-geheimdienst-erschossen\/","og_site_name":"just-now.NEWS Deutschland","article_publisher":"https:\/\/www.facebook.com\/wirmachenauf","article_published_time":"2023-01-25T05:45:00+00:00","og_image":[{"width":460,"height":259,"url":"https:\/\/now-news.de\/de\/wp-content\/uploads\/sites\/3\/2023\/01\/Friedensverhandlungen-torpediert-und-Unterhaendler-vom-ukrainischen-Geheimdienst-erschossen.jpg","type":"image\/jpeg"}],"author":"rtnews","twitter_card":"summary_large_image","twitter_creator":"@WirMachenAuf_de","twitter_site":"@WirMachenAuf_de","twitter_misc":{"Verfasst von":"rtnews","Gesch\u00e4tzte Lesezeit":"7\u00a0Minuten"},"schema":{"@context":"https:\/\/schema.org","@graph":[{"@type":"Article","@id":"https:\/\/now-news.de\/de\/deutschland\/friedensverhandlungen-torpediert-und-unterhaendler-vom-ukrainischen-geheimdienst-erschossen\/#article","isPartOf":{"@id":"https:\/\/now-news.de\/de\/deutschland\/friedensverhandlungen-torpediert-und-unterhaendler-vom-ukrainischen-geheimdienst-erschossen\/"},"author":{"name":"rtnews","@id":"https:\/\/now-news.de\/de\/#\/schema\/person\/fb534a4e865501d8b3285208df34a9b5"},"headline":"Friedensverhandlungen torpediert und Unterh\u00e4ndler vom ukrainischen Geheimdienst erschossen","datePublished":"2023-01-25T05:45:00+00:00","dateModified":"2023-01-25T05:45:00+00:00","mainEntityOfPage":{"@id":"https:\/\/now-news.de\/de\/deutschland\/friedensverhandlungen-torpediert-und-unterhaendler-vom-ukrainischen-geheimdienst-erschossen\/"},"wordCount":1496,"commentCount":0,"publisher":{"@id":"https:\/\/now-news.de\/de\/#organization"},"image":{"@id":"https:\/\/now-news.de\/de\/deutschland\/friedensverhandlungen-torpediert-und-unterhaendler-vom-ukrainischen-geheimdienst-erschossen\/#primaryimage"},"thumbnailUrl":"https:\/\/now-news.de\/de\/wp-content\/uploads\/sites\/3\/2023\/01\/Friedensverhandlungen-torpediert-und-Unterhaendler-vom-ukrainischen-Geheimdienst-erschossen.jpg","keywords":["erschossen","Friedensverhandlungen","Geheimdienst","torpediert","ukrainischen","und","Unterh\u00e4ndler","vom"],"articleSection":["Deutschland","Russland"],"inLanguage":"de","potentialAction":[{"@type":"CommentAction","name":"Comment","target":["https:\/\/now-news.de\/de\/deutschland\/friedensverhandlungen-torpediert-und-unterhaendler-vom-ukrainischen-geheimdienst-erschossen\/#respond"]}]},{"@type":"WebPage","@id":"https:\/\/now-news.de\/de\/deutschland\/friedensverhandlungen-torpediert-und-unterhaendler-vom-ukrainischen-geheimdienst-erschossen\/","url":"https:\/\/now-news.de\/de\/deutschland\/friedensverhandlungen-torpediert-und-unterhaendler-vom-ukrainischen-geheimdienst-erschossen\/","name":"Friedensverhandlungen torpediert und Unterh\u00e4ndler vom ukrainischen Geheimdienst erschossen - just-now.NEWS Deutschland","isPartOf":{"@id":"https:\/\/now-news.de\/de\/#website"},"primaryImageOfPage":{"@id":"https:\/\/now-news.de\/de\/deutschland\/friedensverhandlungen-torpediert-und-unterhaendler-vom-ukrainischen-geheimdienst-erschossen\/#primaryimage"},"image":{"@id":"https:\/\/now-news.de\/de\/deutschland\/friedensverhandlungen-torpediert-und-unterhaendler-vom-ukrainischen-geheimdienst-erschossen\/#primaryimage"},"thumbnailUrl":"https:\/\/now-news.de\/de\/wp-content\/uploads\/sites\/3\/2023\/01\/Friedensverhandlungen-torpediert-und-Unterhaendler-vom-ukrainischen-Geheimdienst-erschossen.jpg","datePublished":"2023-01-25T05:45:00+00:00","dateModified":"2023-01-25T05:45:00+00:00","breadcrumb":{"@id":"https:\/\/now-news.de\/de\/deutschland\/friedensverhandlungen-torpediert-und-unterhaendler-vom-ukrainischen-geheimdienst-erschossen\/#breadcrumb"},"inLanguage":"de","potentialAction":[{"@type":"ReadAction","target":["https:\/\/now-news.de\/de\/deutschland\/friedensverhandlungen-torpediert-und-unterhaendler-vom-ukrainischen-geheimdienst-erschossen\/"]}]},{"@type":"ImageObject","inLanguage":"de","@id":"https:\/\/now-news.de\/de\/deutschland\/friedensverhandlungen-torpediert-und-unterhaendler-vom-ukrainischen-geheimdienst-erschossen\/#primaryimage","url":"https:\/\/now-news.de\/de\/wp-content\/uploads\/sites\/3\/2023\/01\/Friedensverhandlungen-torpediert-und-Unterhaendler-vom-ukrainischen-Geheimdienst-erschossen.jpg","contentUrl":"https:\/\/now-news.de\/de\/wp-content\/uploads\/sites\/3\/2023\/01\/Friedensverhandlungen-torpediert-und-Unterhaendler-vom-ukrainischen-Geheimdienst-erschossen.jpg","width":460,"height":259,"caption":"Friedensverhandlungen torpediert und Unterh\u00e4ndler vom ukrainischen Geheimdienst erschossen"},{"@type":"BreadcrumbList","@id":"https:\/\/now-news.de\/de\/deutschland\/friedensverhandlungen-torpediert-und-unterhaendler-vom-ukrainischen-geheimdienst-erschossen\/#breadcrumb","itemListElement":[{"@type":"ListItem","position":1,"name":"Home","item":"https:\/\/now-news.de\/de\/"},{"@type":"ListItem","position":2,"name":"Friedensverhandlungen torpediert und Unterh\u00e4ndler vom ukrainischen Geheimdienst erschossen"}]},{"@type":"WebSite","@id":"https:\/\/now-news.de\/de\/#website","url":"https:\/\/now-news.de\/de\/","name":"just-now.NEWS Deutschland","description":"Das Portal f\u00fcr unzensierte Nachrichten aus der Welt","publisher":{"@id":"https:\/\/now-news.de\/de\/#organization"},"potentialAction":[{"@type":"SearchAction","target":{"@type":"EntryPoint","urlTemplate":"https:\/\/now-news.de\/de\/?s={search_term_string}"},"query-input":"required name=search_term_string"}],"inLanguage":"de"},{"@type":"Organization","@id":"https:\/\/now-news.de\/de\/#organization","name":"Just Now News","url":"https:\/\/now-news.de\/de\/","logo":{"@type":"ImageObject","inLanguage":"de","@id":"https:\/\/now-news.de\/de\/#\/schema\/logo\/image\/","url":"http:\/\/just-now.news\/de\/wp-content\/uploads\/sites\/3\/2022\/04\/logo500x500.jpg","contentUrl":"http:\/\/just-now.news\/de\/wp-content\/uploads\/sites\/3\/2022\/04\/logo500x500.jpg","width":500,"height":500,"caption":"Just Now News"},"image":{"@id":"https:\/\/now-news.de\/de\/#\/schema\/logo\/image\/"},"sameAs":["https:\/\/www.facebook.com\/wirmachenauf","https:\/\/x.com\/WirMachenAuf_de"]},{"@type":"Person","@id":"https:\/\/now-news.de\/de\/#\/schema\/person\/fb534a4e865501d8b3285208df34a9b5","name":"rtnews","image":{"@type":"ImageObject","inLanguage":"de","@id":"https:\/\/now-news.de\/de\/#\/schema\/person\/image\/","url":"https:\/\/secure.gravatar.com\/avatar\/82aafea7d8127119dd649515f56e2117?s=96&d=mm&r=g","contentUrl":"https:\/\/secure.gravatar.com\/avatar\/82aafea7d8127119dd649515f56e2117?s=96&d=mm&r=g","caption":"rtnews"},"url":"https:\/\/now-news.de\/de\/author\/rnews\/"}]}},"_links":{"self":[{"href":"https:\/\/now-news.de\/de\/wp-json\/wp\/v2\/posts\/28573"}],"collection":[{"href":"https:\/\/now-news.de\/de\/wp-json\/wp\/v2\/posts"}],"about":[{"href":"https:\/\/now-news.de\/de\/wp-json\/wp\/v2\/types\/post"}],"author":[{"embeddable":true,"href":"https:\/\/now-news.de\/de\/wp-json\/wp\/v2\/users\/3"}],"replies":[{"embeddable":true,"href":"https:\/\/now-news.de\/de\/wp-json\/wp\/v2\/comments?post=28573"}],"version-history":[{"count":0,"href":"https:\/\/now-news.de\/de\/wp-json\/wp\/v2\/posts\/28573\/revisions"}],"wp:featuredmedia":[{"embeddable":true,"href":"https:\/\/now-news.de\/de\/wp-json\/wp\/v2\/media\/28574"}],"wp:attachment":[{"href":"https:\/\/now-news.de\/de\/wp-json\/wp\/v2\/media?parent=28573"}],"wp:term":[{"taxonomy":"category","embeddable":true,"href":"https:\/\/now-news.de\/de\/wp-json\/wp\/v2\/categories?post=28573"},{"taxonomy":"post_tag","embeddable":true,"href":"https:\/\/now-news.de\/de\/wp-json\/wp\/v2\/tags?post=28573"}],"curies":[{"name":"wp","href":"https:\/\/api.w.org\/{rel}","templated":true}]}}