{"id":28565,"date":"2023-01-24T23:43:06","date_gmt":"2023-01-24T21:43:06","guid":{"rendered":"https:\/\/just-now.news\/de\/deutschland\/deutsche-leopard-panzer-an-die-ukraine-ampel-und-cdu-frohlocken-kritik-von-die-linke-und-afd\/"},"modified":"2023-01-24T23:43:06","modified_gmt":"2023-01-24T21:43:06","slug":"deutsche-leopard-panzer-an-die-ukraine-ampel-und-cdu-frohlocken-kritik-von-die-linke-und-afd","status":"publish","type":"post","link":"https:\/\/now-news.de\/de\/deutschland\/deutsche-leopard-panzer-an-die-ukraine-ampel-und-cdu-frohlocken-kritik-von-die-linke-und-afd\/","title":{"rendered":"Deutsche Leopard-Panzer an die Ukraine? Ampel und CDU frohlocken \u2013 Kritik von Die Linke und AfD"},"content":{"rendered":"<p><img decoding=\"async\" src=\"http:\/\/just-now.news\/de\/wp-content\/uploads\/sites\/3\/2023\/01\/63d043c2b480cc44ce1f43fe.jpg\" \/><\/p>\n<div class=\"Text-root Text-type_1 \">\n                In den ersten Reaktionen begr\u00fc\u00dfen Politiker von Gr\u00fcnen und FDP sowie der Unionsparteien die Entscheidung des Bundeskanzlers Scholz, deutsche Leopard-Kampfpanzer an die Ukraine zu liefern. Es wird jedoch moniert, dass diese Entscheidung zu lange gedauert h\u00e4tte. Die Linke und die AfD kritisieren den Schritt.\n            <\/div>\n<p><\/p>\n<div class=\"Text-root Text-type_5 ArticleView-text ViewText-root \">\n<p>Nach der Entscheidung des Bundeskanzlers Olaf Scholz (SPD), dass Deutschland Leopard-Kampfpanzer an die Ukraine liefern wird, war es wenig \u00fcberraschend, dass etwa die R\u00fcstungslobbyistin Marie-Agnes Strack-Zimmermann (FDP), zugleich Abgeordnete im Deutschen Bundestag und dort Vorsitzende des Verteidigungsausschusses, diese Entscheidung begr\u00fc\u00dfte. Sie monierte jedoch, dass dies so lange gedauert hat, und sagte der <em>dpa<\/em>:<\/p>\n<blockquote>\n<p><em>&#8220;Die Entscheidung war z\u00e4h, sie dauerte viel zu lange, aber sie ist am Ende unausweichlich. Dass Deutschland die Lieferung seines Panzers Leopard 2 durch Partnerl\u00e4nder freigibt und auch selbst liefert, ist eine erl\u00f6sende Nachricht f\u00fcr das geschundene und tapfere ukrainische Volk.&#8221;<\/em><\/p>\n<\/blockquote>\n<p>Der fr\u00fchere ukrainische Botschafter in Deutschland und jetzige stellvertretende Au\u00dfenminister der Ukraine Andrei Melnyk\u00a0bejubelte die geplante Lieferung an sein Land und schrieb auf Twitter: &#8220;Halleluja! Jesus Christus!&#8221; Doch offensichtlich sind ihm die Panzer noch nicht genug, da er nun zugleich noch weitere Waffensysteme fordert:<\/p>\n<blockquote>\n<p><em>&#8220;Und nun, liebe Verb\u00fcndete, lasst uns eine starke Kampfjet-Koalition f\u00fcr die Ukraine auf die Beine stellen, mit F-16 und F-35, Eurofightern und Tornados, Rafale und Gripen-Jets \u2013 und allem, was ihr der Ukraine liefern k\u00f6nnt.&#8221;\u00a0<\/em><\/p>\n<\/blockquote>\n<p>F\u00fchrende Politiker der Freien Demokraten zeigten sich &#8220;dankbar, dass der kontinuierliche Einsatz f\u00fcr die Menschen in der Ukraine erfolgreich sei&#8221;. Auch FDP-Fraktionschef Christian D\u00fcrr lobte die Entscheidung:<\/p>\n<blockquote>\n<p><em>&#8220;Der Bundeskanzler hat heute eine Entscheidung getroffen, die niemand auf die leichte Schulter genommen hat.&#8221;<\/em><\/p>\n<\/blockquote>\n<p>\u00c4hnliche T\u00f6ne schlug der Vorsitzende der CDU\/CSU-Bundestagsfraktion Friedrich Merz (CDU) an, der die Entscheidung begr\u00fc\u00dfte, zugleich dem Bundeskanzler Scholz jedoch nochmals dessen &#8220;Z\u00f6gerlichkeit&#8221; vorwarf. Gegen\u00fcber der <em>dpa<\/em> sagte Merz am Dienstag in Berlin, die Entscheidung &#8220;sei richtig&#8221;. Er kritisierte jedoch, dass Scholz die Entscheidung nicht &#8220;zusammen mit dem franz\u00f6sischen Staatspr\u00e4sidenten (Emmanuel Macron) bekannt gegeben hat&#8221;, beispielsweise zu der &#8220;passenden&#8221; Gelegenheit am Sonntag beim deutsch-franz\u00f6sischen Ministerrat zum 60. Jubil\u00e4um des \u00c9lys\u00e9e-Vertrags in Paris.<\/p>\n<blockquote>\n<p><em>&#8220;So bleibt das Bild eines Getriebenen, der zu lange gez\u00f6gert hat.&#8221;<\/em><\/p>\n<\/blockquote>\n<p>Auch bei B\u00fcndnis 90\/Die Gr\u00fcnen klangen die Reaktionen \u00e4hnlich: Der Vorsitzende des Europaausschusses im Deutschen Bundestag Anton Hofreiter, der nach seiner Niederlage im parteiinternen Ringen um den ersehnten Posten als Landwirtschaftsminister seine Begeisterung f\u00fcr das deutsche Milit\u00e4r entdeckte, sagte dem <em>RedaktionsNetzwerk Deutschland<\/em>:<\/p>\n<blockquote>\n<p><em>&#8220;Nat\u00fcrlich w\u00e4re es besser gewesen, die Entscheidung schneller zu treffen, insbesondere f\u00fcr das Ansehen Deutschlands in Europa. Aber besser sp\u00e4t als gar nicht.&#8221;<\/em><\/p>\n<\/blockquote>\n<p>Die Bundestagsvizepr\u00e4sidentin Katrin G\u00f6ring-Eckardt (B\u00fcndnis 90\/Die Gr\u00fcnen) twitterte am Dienstag:<\/p>\n<blockquote>\n<p><em>&#8220;The <a rel=\"nofollow noopener\" target=\"_blank\" href=\"https:\/\/twitter.com\/hashtag\/Leopard?src=hashtag_click\">#Leopard<\/a>\u2019s freed! Jetzt kann er hoffentlich schnell der Ukraine bei ihrem Kampf gegen den russischen Angriff und f\u00fcr die Freiheit der Ukraine und Europas helfen.&#8221;<\/em><\/p>\n<\/blockquote>\n<p>Kritik an deutschen Panzerlieferungen kam immerhin von der AfD, die diese Entscheidung des Bundeskanzlers als &#8220;unverantwortlich und gef\u00e4hrlich&#8221; bezeichnete. Der Bundestagsfraktionschef Tino Chrupalla erkl\u00e4rte am Dienstag in Berlin dazu:<\/p>\n<blockquote>\n<p><em>&#8220;Deutschland droht dadurch direkt in den Krieg hineingezogen zu werden. Durch die Lieferung von Panzern aus Best\u00e4nden der Bundeswehr werden unsere Streitkr\u00e4fte weiter gepl\u00fcndert.&#8221;<\/em><\/p>\n<\/blockquote>\n<p>Damit setze der Bundeskanzler die Sicherheit Deutschlands und aller seiner B\u00fcrger aufs Spiel, warnte er eindringlich. Auch der Fraktionsvorsitzende Dietmar Bartsch der Partei Die Linke kritisierte die Entscheidung der Bundesregierung, Leopard-Kampfpanzer an die Ukraine schicken:<\/p>\n<blockquote>\n<p><em>&#8220;Die Lieferung von Leopard-Kampfpanzern, womit ein weiteres Tabu f\u00e4llt, f\u00fchrt uns potenziell n\u00e4her an den Dritten Weltkrieg als Richtung Frieden in Europa.&#8221; <\/em><\/p>\n<\/blockquote>\n<p>Leopard-Panzer seien der Auftakt &#8220;in eine m\u00f6gliche Rutschbahn Richtung Katastrophe&#8221;. Den Rufen nach Kampfpanzern w\u00fcrden Rufe nach Kampfflugzeugen und mehr folgen.<\/p>\n<blockquote>\n<p><em>&#8220;Die Entscheidung, Deutschland weiter zur Kriegspartei zu machen, hat in der Bev\u00f6lkerung keine Mehrheit.&#8221;<\/em><\/p>\n<\/blockquote>\n<p>Die bekannte Bundestagsabgeordnete Sevim Da\u011fdelen von der Linkspartei schrieb auf Twitter:<\/p>\n<blockquote>\n<p><em>&#8220;Die USA schicken Deutschland wie einen Vasallen ins Feuer. Entscheidung der <a rel=\"nofollow noopener\" target=\"_blank\" href=\"https:\/\/twitter.com\/hashtag\/Ampel?src=hashtag_click\">#Ampel<\/a> auf Gehei\u00df Washingtons bereitet Deutschland den Weg in den <a rel=\"nofollow noopener\" target=\"_blank\" href=\"https:\/\/twitter.com\/hashtag\/Krieg?src=hashtag_click\">#Krieg<\/a>. Fatal, dass <a rel=\"nofollow noopener\" target=\"_blank\" href=\"https:\/\/twitter.com\/hashtag\/Scholz?src=hashtag_click\">#Scholz<\/a> die einst von ihm selbst gezogene rote Linie \u00fcberschritten hat. Es gilt jetzt den Kriegstreibern in den Arm zu fallen! <a rel=\"nofollow noopener\" target=\"_blank\" href=\"https:\/\/twitter.com\/hashtag\/Leopard?src=hashtag_click\">#Leopard<\/a>&#8220;<\/em><\/p>\n<\/blockquote>\n<div class=\"EmbedBlock-root EmbedBlock-twitter\">\n<div class=\"TwitterEmbed\">\n<blockquote class=\"twitter-tweet lazyload\" data-twitter=\"twitter-tweet\">\n<p lang=\"de\" dir=\"ltr\"><a rel=\"nofollow noopener\" target=\"_blank\" href=\"https:\/\/twitter.com\/hashtag\/USA?src=hash&amp;ref_src=twsrc%5Etfw\">#USA<\/a> schicken \ud83c\udde9\ud83c\uddea wie einen Vasallen ins Feuer. Entscheidung d <a rel=\"nofollow noopener\" target=\"_blank\" href=\"https:\/\/twitter.com\/hashtag\/Ampel?src=hash&amp;ref_src=twsrc%5Etfw\">#Ampel<\/a> auf Gehei\u00df Washingtons bereitet \ud83c\udde9\ud83c\uddea den Weg in den <a rel=\"nofollow noopener\" target=\"_blank\" href=\"https:\/\/twitter.com\/hashtag\/Krieg?src=hash&amp;ref_src=twsrc%5Etfw\">#Krieg<\/a>. Fatal, dass <a rel=\"nofollow noopener\" target=\"_blank\" href=\"https:\/\/twitter.com\/hashtag\/Scholz?src=hash&amp;ref_src=twsrc%5Etfw\">#Scholz<\/a> die einst von ihm selbst gezoge rote Linie \u00fcberschritten hat. Es gilt jetzt den Kriegstreibern in den Arm zu fallen! <a rel=\"nofollow noopener\" target=\"_blank\" href=\"https:\/\/twitter.com\/hashtag\/Leopard?src=hash&amp;ref_src=twsrc%5Etfw\">#Leopard<\/a><\/p>\n<p>\u2014 Sevim Da\u011fdelen, MdB (@SevimDagdelen) <a rel=\"nofollow noopener\" target=\"_blank\" href=\"https:\/\/twitter.com\/SevimDagdelen\/status\/1617969056258338817?ref_src=twsrc%5Etfw\">January 24, 2023<\/a><\/p><\/blockquote>\n<\/div>\n<\/div>\n<p><strong>Mehr zum Thema &#8211; <\/strong><a rel=\"nofollow noopener\" target=\"_blank\" href=\"https:\/\/test.rtde.tech\/kurzclips\/video\/160900-deutschland-wird-leopard-2-an-ukraine-liefern\/\">Deutschland wird Leopard 2 an Ukraine liefern \u2013 Kritische Stimmen aus der Politik<\/a><\/p>\n<div class=\"EmbedBlock-root EmbedBlock-externalVideo EmbedBlock-odysee\">\n<div class=\"VkEmbed\"><iframe class=\"lazyload\" data-src=\"https:\/\/odysee.com\/%24\/embed\/%40RTDE%3Ae%2FDeutschland-wird-Kampfpanzer-Leopard-2-an-Ukraine-liefern%E2%80%93Kritische-Stimmen-aus-der-Politik%3A2\" frameborder=\"0\" width=\"853\" height=\"480\" allowfullscreen><\/iframe><\/div>\n<\/div>\n<\/div>\n<p><script async src=\"https:\/\/platform.twitter.com\/widgets.js\" charset=\"utf-8\"><\/script><br \/>\n<br \/><br \/>\n<br \/><a href=\"https:\/\/de.rt.com\/inland\/160901-deutsche-leopard-panzer-an-ukraine\/\">Source link <\/a><\/p>\n","protected":false},"excerpt":{"rendered":"<p>In den ersten Reaktionen begr\u00fc\u00dfen Politiker von Gr\u00fcnen und FDP sowie der Unionsparteien die Entscheidung des Bundeskanzlers Scholz, deutsche Leopard-Kampfpanzer an die Ukraine zu liefern. Es wird jedoch moniert, dass diese Entscheidung zu lange gedauert h\u00e4tte. Die Linke und die AfD kritisieren den Schritt. Nach der Entscheidung des Bundeskanzlers Olaf Scholz (SPD), dass Deutschland Leopard-Kampfpanzer [&hellip;]<\/p>\n","protected":false},"author":3,"featured_media":28566,"comment_status":"open","ping_status":"open","sticky":false,"template":"","format":"standard","meta":{"_yoast_indexnow_last_ping":["1674596814"],"wp_automatic_camp":["217"],"6e2fe99df0bc98ee9870686e792565b7":["Deutsche Leopard-Panzer an die Ukraine? Ampel und CDU frohlocken \u2013 Kritik von Die Linke und AfD"],"original_link":["https:\/\/de.rt.com\/inland\/160901-deutsche-leopard-panzer-an-ukraine\/"],"_thumbnail_id":["28566"],"_wptgpro_p2tg_sent2tg":["a:1:{i:23737;s:19:\"2023-01-24 23:48:18\";}"],"jnews_social_counter_last_update":["1777472590"]},"categories":[19,23],"tags":[3815,20367,3795,2374,45,39598,935,15741,1301,127,140,50],"yoast_head":"<!-- This site is optimized with the Yoast SEO Premium plugin v22.7 (Yoast SEO v22.7) - https:\/\/yoast.com\/wordpress\/plugins\/seo\/ -->\n<title>Deutsche Leopard-Panzer an die Ukraine? Ampel und CDU frohlocken \u2013 Kritik von Die Linke und AfD - just-now.NEWS Deutschland<\/title>\n<meta name=\"robots\" content=\"index, follow, max-snippet:-1, max-image-preview:large, max-video-preview:-1\" \/>\n<link rel=\"canonical\" href=\"https:\/\/now-news.de\/de\/deutschland\/deutsche-leopard-panzer-an-die-ukraine-ampel-und-cdu-frohlocken-kritik-von-die-linke-und-afd\/\" \/>\n<meta property=\"og:locale\" content=\"de_DE\" \/>\n<meta property=\"og:type\" content=\"article\" \/>\n<meta property=\"og:title\" content=\"Deutsche Leopard-Panzer an die Ukraine? Ampel und CDU frohlocken \u2013 Kritik von Die Linke und AfD\" \/>\n<meta property=\"og:description\" content=\"In den ersten Reaktionen begr\u00fc\u00dfen Politiker von Gr\u00fcnen und FDP sowie der Unionsparteien die Entscheidung des Bundeskanzlers Scholz, deutsche Leopard-Kampfpanzer an die Ukraine zu liefern. Es wird jedoch moniert, dass diese Entscheidung zu lange gedauert h\u00e4tte. Die Linke und die AfD kritisieren den Schritt. Nach der Entscheidung des Bundeskanzlers Olaf Scholz (SPD), dass Deutschland Leopard-Kampfpanzer [&hellip;]\" \/>\n<meta property=\"og:url\" content=\"https:\/\/now-news.de\/de\/deutschland\/deutsche-leopard-panzer-an-die-ukraine-ampel-und-cdu-frohlocken-kritik-von-die-linke-und-afd\/\" \/>\n<meta property=\"og:site_name\" content=\"just-now.NEWS Deutschland\" \/>\n<meta property=\"article:publisher\" content=\"https:\/\/www.facebook.com\/wirmachenauf\" \/>\n<meta property=\"article:published_time\" content=\"2023-01-24T21:43:06+00:00\" \/>\n<meta property=\"og:image\" content=\"https:\/\/now-news.de\/de\/wp-content\/uploads\/sites\/3\/2023\/01\/Deutsche-Leopard-Panzer-an-die-Ukraine-Ampel-und-CDU-frohlocken-\u2013.jpg\" \/>\n\t<meta property=\"og:image:width\" content=\"460\" \/>\n\t<meta property=\"og:image:height\" content=\"259\" \/>\n\t<meta property=\"og:image:type\" content=\"image\/jpeg\" \/>\n<meta name=\"author\" content=\"rtnews\" \/>\n<meta name=\"twitter:card\" content=\"summary_large_image\" \/>\n<meta name=\"twitter:creator\" content=\"@WirMachenAuf_de\" \/>\n<meta name=\"twitter:site\" content=\"@WirMachenAuf_de\" \/>\n<meta name=\"twitter:label1\" content=\"Verfasst von\" \/>\n\t<meta name=\"twitter:data1\" content=\"rtnews\" \/>\n\t<meta name=\"twitter:label2\" content=\"Gesch\u00e4tzte Lesezeit\" \/>\n\t<meta name=\"twitter:data2\" content=\"4\u00a0Minuten\" \/>\n<script type=\"application\/ld+json\" class=\"yoast-schema-graph\">{\"@context\":\"https:\/\/schema.org\",\"@graph\":[{\"@type\":\"Article\",\"@id\":\"https:\/\/now-news.de\/de\/deutschland\/deutsche-leopard-panzer-an-die-ukraine-ampel-und-cdu-frohlocken-kritik-von-die-linke-und-afd\/#article\",\"isPartOf\":{\"@id\":\"https:\/\/now-news.de\/de\/deutschland\/deutsche-leopard-panzer-an-die-ukraine-ampel-und-cdu-frohlocken-kritik-von-die-linke-und-afd\/\"},\"author\":{\"name\":\"rtnews\",\"@id\":\"https:\/\/now-news.de\/de\/#\/schema\/person\/fb534a4e865501d8b3285208df34a9b5\"},\"headline\":\"Deutsche Leopard-Panzer an die Ukraine? Ampel und CDU frohlocken \u2013 Kritik von Die Linke und AfD\",\"datePublished\":\"2023-01-24T21:43:06+00:00\",\"dateModified\":\"2023-01-24T21:43:06+00:00\",\"mainEntityOfPage\":{\"@id\":\"https:\/\/now-news.de\/de\/deutschland\/deutsche-leopard-panzer-an-die-ukraine-ampel-und-cdu-frohlocken-kritik-von-die-linke-und-afd\/\"},\"wordCount\":780,\"commentCount\":0,\"publisher\":{\"@id\":\"https:\/\/now-news.de\/de\/#organization\"},\"image\":{\"@id\":\"https:\/\/now-news.de\/de\/deutschland\/deutsche-leopard-panzer-an-die-ukraine-ampel-und-cdu-frohlocken-kritik-von-die-linke-und-afd\/#primaryimage\"},\"thumbnailUrl\":\"https:\/\/now-news.de\/de\/wp-content\/uploads\/sites\/3\/2023\/01\/Deutsche-Leopard-Panzer-an-die-Ukraine-Ampel-und-CDU-frohlocken-\u2013.jpg\",\"keywords\":[\"AfD\",\"Ampel\",\"CDU\",\"Deutsche\",\"die\",\"frohlocken\",\"Kritik\",\"LeopardPanzer\",\"Linke\",\"ukraine\",\"und\",\"von\"],\"articleSection\":[\"Deutschland\",\"Russland\"],\"inLanguage\":\"de\",\"potentialAction\":[{\"@type\":\"CommentAction\",\"name\":\"Comment\",\"target\":[\"https:\/\/now-news.de\/de\/deutschland\/deutsche-leopard-panzer-an-die-ukraine-ampel-und-cdu-frohlocken-kritik-von-die-linke-und-afd\/#respond\"]}]},{\"@type\":\"WebPage\",\"@id\":\"https:\/\/now-news.de\/de\/deutschland\/deutsche-leopard-panzer-an-die-ukraine-ampel-und-cdu-frohlocken-kritik-von-die-linke-und-afd\/\",\"url\":\"https:\/\/now-news.de\/de\/deutschland\/deutsche-leopard-panzer-an-die-ukraine-ampel-und-cdu-frohlocken-kritik-von-die-linke-und-afd\/\",\"name\":\"Deutsche Leopard-Panzer an die Ukraine? Ampel und CDU frohlocken \u2013 Kritik von Die Linke und AfD - just-now.NEWS Deutschland\",\"isPartOf\":{\"@id\":\"https:\/\/now-news.de\/de\/#website\"},\"primaryImageOfPage\":{\"@id\":\"https:\/\/now-news.de\/de\/deutschland\/deutsche-leopard-panzer-an-die-ukraine-ampel-und-cdu-frohlocken-kritik-von-die-linke-und-afd\/#primaryimage\"},\"image\":{\"@id\":\"https:\/\/now-news.de\/de\/deutschland\/deutsche-leopard-panzer-an-die-ukraine-ampel-und-cdu-frohlocken-kritik-von-die-linke-und-afd\/#primaryimage\"},\"thumbnailUrl\":\"https:\/\/now-news.de\/de\/wp-content\/uploads\/sites\/3\/2023\/01\/Deutsche-Leopard-Panzer-an-die-Ukraine-Ampel-und-CDU-frohlocken-\u2013.jpg\",\"datePublished\":\"2023-01-24T21:43:06+00:00\",\"dateModified\":\"2023-01-24T21:43:06+00:00\",\"breadcrumb\":{\"@id\":\"https:\/\/now-news.de\/de\/deutschland\/deutsche-leopard-panzer-an-die-ukraine-ampel-und-cdu-frohlocken-kritik-von-die-linke-und-afd\/#breadcrumb\"},\"inLanguage\":\"de\",\"potentialAction\":[{\"@type\":\"ReadAction\",\"target\":[\"https:\/\/now-news.de\/de\/deutschland\/deutsche-leopard-panzer-an-die-ukraine-ampel-und-cdu-frohlocken-kritik-von-die-linke-und-afd\/\"]}]},{\"@type\":\"ImageObject\",\"inLanguage\":\"de\",\"@id\":\"https:\/\/now-news.de\/de\/deutschland\/deutsche-leopard-panzer-an-die-ukraine-ampel-und-cdu-frohlocken-kritik-von-die-linke-und-afd\/#primaryimage\",\"url\":\"https:\/\/now-news.de\/de\/wp-content\/uploads\/sites\/3\/2023\/01\/Deutsche-Leopard-Panzer-an-die-Ukraine-Ampel-und-CDU-frohlocken-\u2013.jpg\",\"contentUrl\":\"https:\/\/now-news.de\/de\/wp-content\/uploads\/sites\/3\/2023\/01\/Deutsche-Leopard-Panzer-an-die-Ukraine-Ampel-und-CDU-frohlocken-\u2013.jpg\",\"width\":460,\"height\":259,\"caption\":\"Deutsche Leopard-Panzer an die Ukraine? Ampel und CDU frohlocken \u2013 Kritik von Die Linke und AfD\"},{\"@type\":\"BreadcrumbList\",\"@id\":\"https:\/\/now-news.de\/de\/deutschland\/deutsche-leopard-panzer-an-die-ukraine-ampel-und-cdu-frohlocken-kritik-von-die-linke-und-afd\/#breadcrumb\",\"itemListElement\":[{\"@type\":\"ListItem\",\"position\":1,\"name\":\"Home\",\"item\":\"https:\/\/now-news.de\/de\/\"},{\"@type\":\"ListItem\",\"position\":2,\"name\":\"Deutsche Leopard-Panzer an die Ukraine? Ampel und CDU frohlocken \u2013 Kritik von Die Linke und AfD\"}]},{\"@type\":\"WebSite\",\"@id\":\"https:\/\/now-news.de\/de\/#website\",\"url\":\"https:\/\/now-news.de\/de\/\",\"name\":\"just-now.NEWS Deutschland\",\"description\":\"Das Portal f\u00fcr unzensierte Nachrichten aus der Welt\",\"publisher\":{\"@id\":\"https:\/\/now-news.de\/de\/#organization\"},\"potentialAction\":[{\"@type\":\"SearchAction\",\"target\":{\"@type\":\"EntryPoint\",\"urlTemplate\":\"https:\/\/now-news.de\/de\/?s={search_term_string}\"},\"query-input\":\"required name=search_term_string\"}],\"inLanguage\":\"de\"},{\"@type\":\"Organization\",\"@id\":\"https:\/\/now-news.de\/de\/#organization\",\"name\":\"Just Now News\",\"url\":\"https:\/\/now-news.de\/de\/\",\"logo\":{\"@type\":\"ImageObject\",\"inLanguage\":\"de\",\"@id\":\"https:\/\/now-news.de\/de\/#\/schema\/logo\/image\/\",\"url\":\"http:\/\/just-now.news\/de\/wp-content\/uploads\/sites\/3\/2022\/04\/logo500x500.jpg\",\"contentUrl\":\"http:\/\/just-now.news\/de\/wp-content\/uploads\/sites\/3\/2022\/04\/logo500x500.jpg\",\"width\":500,\"height\":500,\"caption\":\"Just Now News\"},\"image\":{\"@id\":\"https:\/\/now-news.de\/de\/#\/schema\/logo\/image\/\"},\"sameAs\":[\"https:\/\/www.facebook.com\/wirmachenauf\",\"https:\/\/x.com\/WirMachenAuf_de\"]},{\"@type\":\"Person\",\"@id\":\"https:\/\/now-news.de\/de\/#\/schema\/person\/fb534a4e865501d8b3285208df34a9b5\",\"name\":\"rtnews\",\"image\":{\"@type\":\"ImageObject\",\"inLanguage\":\"de\",\"@id\":\"https:\/\/now-news.de\/de\/#\/schema\/person\/image\/\",\"url\":\"https:\/\/secure.gravatar.com\/avatar\/82aafea7d8127119dd649515f56e2117?s=96&d=mm&r=g\",\"contentUrl\":\"https:\/\/secure.gravatar.com\/avatar\/82aafea7d8127119dd649515f56e2117?s=96&d=mm&r=g\",\"caption\":\"rtnews\"},\"url\":\"https:\/\/now-news.de\/de\/author\/rnews\/\"}]}<\/script>\n<!-- \/ Yoast SEO Premium plugin. -->","yoast_head_json":{"title":"Deutsche Leopard-Panzer an die Ukraine? Ampel und CDU frohlocken \u2013 Kritik von Die Linke und AfD - just-now.NEWS Deutschland","robots":{"index":"index","follow":"follow","max-snippet":"max-snippet:-1","max-image-preview":"max-image-preview:large","max-video-preview":"max-video-preview:-1"},"canonical":"https:\/\/now-news.de\/de\/deutschland\/deutsche-leopard-panzer-an-die-ukraine-ampel-und-cdu-frohlocken-kritik-von-die-linke-und-afd\/","og_locale":"de_DE","og_type":"article","og_title":"Deutsche Leopard-Panzer an die Ukraine? Ampel und CDU frohlocken \u2013 Kritik von Die Linke und AfD","og_description":"In den ersten Reaktionen begr\u00fc\u00dfen Politiker von Gr\u00fcnen und FDP sowie der Unionsparteien die Entscheidung des Bundeskanzlers Scholz, deutsche Leopard-Kampfpanzer an die Ukraine zu liefern. Es wird jedoch moniert, dass diese Entscheidung zu lange gedauert h\u00e4tte. Die Linke und die AfD kritisieren den Schritt. Nach der Entscheidung des Bundeskanzlers Olaf Scholz (SPD), dass Deutschland Leopard-Kampfpanzer [&hellip;]","og_url":"https:\/\/now-news.de\/de\/deutschland\/deutsche-leopard-panzer-an-die-ukraine-ampel-und-cdu-frohlocken-kritik-von-die-linke-und-afd\/","og_site_name":"just-now.NEWS Deutschland","article_publisher":"https:\/\/www.facebook.com\/wirmachenauf","article_published_time":"2023-01-24T21:43:06+00:00","og_image":[{"width":460,"height":259,"url":"https:\/\/now-news.de\/de\/wp-content\/uploads\/sites\/3\/2023\/01\/Deutsche-Leopard-Panzer-an-die-Ukraine-Ampel-und-CDU-frohlocken-\u2013.jpg","type":"image\/jpeg"}],"author":"rtnews","twitter_card":"summary_large_image","twitter_creator":"@WirMachenAuf_de","twitter_site":"@WirMachenAuf_de","twitter_misc":{"Verfasst von":"rtnews","Gesch\u00e4tzte Lesezeit":"4\u00a0Minuten"},"schema":{"@context":"https:\/\/schema.org","@graph":[{"@type":"Article","@id":"https:\/\/now-news.de\/de\/deutschland\/deutsche-leopard-panzer-an-die-ukraine-ampel-und-cdu-frohlocken-kritik-von-die-linke-und-afd\/#article","isPartOf":{"@id":"https:\/\/now-news.de\/de\/deutschland\/deutsche-leopard-panzer-an-die-ukraine-ampel-und-cdu-frohlocken-kritik-von-die-linke-und-afd\/"},"author":{"name":"rtnews","@id":"https:\/\/now-news.de\/de\/#\/schema\/person\/fb534a4e865501d8b3285208df34a9b5"},"headline":"Deutsche Leopard-Panzer an die Ukraine? Ampel und CDU frohlocken \u2013 Kritik von Die Linke und AfD","datePublished":"2023-01-24T21:43:06+00:00","dateModified":"2023-01-24T21:43:06+00:00","mainEntityOfPage":{"@id":"https:\/\/now-news.de\/de\/deutschland\/deutsche-leopard-panzer-an-die-ukraine-ampel-und-cdu-frohlocken-kritik-von-die-linke-und-afd\/"},"wordCount":780,"commentCount":0,"publisher":{"@id":"https:\/\/now-news.de\/de\/#organization"},"image":{"@id":"https:\/\/now-news.de\/de\/deutschland\/deutsche-leopard-panzer-an-die-ukraine-ampel-und-cdu-frohlocken-kritik-von-die-linke-und-afd\/#primaryimage"},"thumbnailUrl":"https:\/\/now-news.de\/de\/wp-content\/uploads\/sites\/3\/2023\/01\/Deutsche-Leopard-Panzer-an-die-Ukraine-Ampel-und-CDU-frohlocken-\u2013.jpg","keywords":["AfD","Ampel","CDU","Deutsche","die","frohlocken","Kritik","LeopardPanzer","Linke","ukraine","und","von"],"articleSection":["Deutschland","Russland"],"inLanguage":"de","potentialAction":[{"@type":"CommentAction","name":"Comment","target":["https:\/\/now-news.de\/de\/deutschland\/deutsche-leopard-panzer-an-die-ukraine-ampel-und-cdu-frohlocken-kritik-von-die-linke-und-afd\/#respond"]}]},{"@type":"WebPage","@id":"https:\/\/now-news.de\/de\/deutschland\/deutsche-leopard-panzer-an-die-ukraine-ampel-und-cdu-frohlocken-kritik-von-die-linke-und-afd\/","url":"https:\/\/now-news.de\/de\/deutschland\/deutsche-leopard-panzer-an-die-ukraine-ampel-und-cdu-frohlocken-kritik-von-die-linke-und-afd\/","name":"Deutsche Leopard-Panzer an die Ukraine? Ampel und CDU frohlocken \u2013 Kritik von Die Linke und AfD - just-now.NEWS Deutschland","isPartOf":{"@id":"https:\/\/now-news.de\/de\/#website"},"primaryImageOfPage":{"@id":"https:\/\/now-news.de\/de\/deutschland\/deutsche-leopard-panzer-an-die-ukraine-ampel-und-cdu-frohlocken-kritik-von-die-linke-und-afd\/#primaryimage"},"image":{"@id":"https:\/\/now-news.de\/de\/deutschland\/deutsche-leopard-panzer-an-die-ukraine-ampel-und-cdu-frohlocken-kritik-von-die-linke-und-afd\/#primaryimage"},"thumbnailUrl":"https:\/\/now-news.de\/de\/wp-content\/uploads\/sites\/3\/2023\/01\/Deutsche-Leopard-Panzer-an-die-Ukraine-Ampel-und-CDU-frohlocken-\u2013.jpg","datePublished":"2023-01-24T21:43:06+00:00","dateModified":"2023-01-24T21:43:06+00:00","breadcrumb":{"@id":"https:\/\/now-news.de\/de\/deutschland\/deutsche-leopard-panzer-an-die-ukraine-ampel-und-cdu-frohlocken-kritik-von-die-linke-und-afd\/#breadcrumb"},"inLanguage":"de","potentialAction":[{"@type":"ReadAction","target":["https:\/\/now-news.de\/de\/deutschland\/deutsche-leopard-panzer-an-die-ukraine-ampel-und-cdu-frohlocken-kritik-von-die-linke-und-afd\/"]}]},{"@type":"ImageObject","inLanguage":"de","@id":"https:\/\/now-news.de\/de\/deutschland\/deutsche-leopard-panzer-an-die-ukraine-ampel-und-cdu-frohlocken-kritik-von-die-linke-und-afd\/#primaryimage","url":"https:\/\/now-news.de\/de\/wp-content\/uploads\/sites\/3\/2023\/01\/Deutsche-Leopard-Panzer-an-die-Ukraine-Ampel-und-CDU-frohlocken-\u2013.jpg","contentUrl":"https:\/\/now-news.de\/de\/wp-content\/uploads\/sites\/3\/2023\/01\/Deutsche-Leopard-Panzer-an-die-Ukraine-Ampel-und-CDU-frohlocken-\u2013.jpg","width":460,"height":259,"caption":"Deutsche Leopard-Panzer an die Ukraine? Ampel und CDU frohlocken \u2013 Kritik von Die Linke und AfD"},{"@type":"BreadcrumbList","@id":"https:\/\/now-news.de\/de\/deutschland\/deutsche-leopard-panzer-an-die-ukraine-ampel-und-cdu-frohlocken-kritik-von-die-linke-und-afd\/#breadcrumb","itemListElement":[{"@type":"ListItem","position":1,"name":"Home","item":"https:\/\/now-news.de\/de\/"},{"@type":"ListItem","position":2,"name":"Deutsche Leopard-Panzer an die Ukraine? Ampel und CDU frohlocken \u2013 Kritik von Die Linke und AfD"}]},{"@type":"WebSite","@id":"https:\/\/now-news.de\/de\/#website","url":"https:\/\/now-news.de\/de\/","name":"just-now.NEWS Deutschland","description":"Das Portal f\u00fcr unzensierte Nachrichten aus der Welt","publisher":{"@id":"https:\/\/now-news.de\/de\/#organization"},"potentialAction":[{"@type":"SearchAction","target":{"@type":"EntryPoint","urlTemplate":"https:\/\/now-news.de\/de\/?s={search_term_string}"},"query-input":"required name=search_term_string"}],"inLanguage":"de"},{"@type":"Organization","@id":"https:\/\/now-news.de\/de\/#organization","name":"Just Now News","url":"https:\/\/now-news.de\/de\/","logo":{"@type":"ImageObject","inLanguage":"de","@id":"https:\/\/now-news.de\/de\/#\/schema\/logo\/image\/","url":"http:\/\/just-now.news\/de\/wp-content\/uploads\/sites\/3\/2022\/04\/logo500x500.jpg","contentUrl":"http:\/\/just-now.news\/de\/wp-content\/uploads\/sites\/3\/2022\/04\/logo500x500.jpg","width":500,"height":500,"caption":"Just Now News"},"image":{"@id":"https:\/\/now-news.de\/de\/#\/schema\/logo\/image\/"},"sameAs":["https:\/\/www.facebook.com\/wirmachenauf","https:\/\/x.com\/WirMachenAuf_de"]},{"@type":"Person","@id":"https:\/\/now-news.de\/de\/#\/schema\/person\/fb534a4e865501d8b3285208df34a9b5","name":"rtnews","image":{"@type":"ImageObject","inLanguage":"de","@id":"https:\/\/now-news.de\/de\/#\/schema\/person\/image\/","url":"https:\/\/secure.gravatar.com\/avatar\/82aafea7d8127119dd649515f56e2117?s=96&d=mm&r=g","contentUrl":"https:\/\/secure.gravatar.com\/avatar\/82aafea7d8127119dd649515f56e2117?s=96&d=mm&r=g","caption":"rtnews"},"url":"https:\/\/now-news.de\/de\/author\/rnews\/"}]}},"_links":{"self":[{"href":"https:\/\/now-news.de\/de\/wp-json\/wp\/v2\/posts\/28565"}],"collection":[{"href":"https:\/\/now-news.de\/de\/wp-json\/wp\/v2\/posts"}],"about":[{"href":"https:\/\/now-news.de\/de\/wp-json\/wp\/v2\/types\/post"}],"author":[{"embeddable":true,"href":"https:\/\/now-news.de\/de\/wp-json\/wp\/v2\/users\/3"}],"replies":[{"embeddable":true,"href":"https:\/\/now-news.de\/de\/wp-json\/wp\/v2\/comments?post=28565"}],"version-history":[{"count":0,"href":"https:\/\/now-news.de\/de\/wp-json\/wp\/v2\/posts\/28565\/revisions"}],"wp:featuredmedia":[{"embeddable":true,"href":"https:\/\/now-news.de\/de\/wp-json\/wp\/v2\/media\/28566"}],"wp:attachment":[{"href":"https:\/\/now-news.de\/de\/wp-json\/wp\/v2\/media?parent=28565"}],"wp:term":[{"taxonomy":"category","embeddable":true,"href":"https:\/\/now-news.de\/de\/wp-json\/wp\/v2\/categories?post=28565"},{"taxonomy":"post_tag","embeddable":true,"href":"https:\/\/now-news.de\/de\/wp-json\/wp\/v2\/tags?post=28565"}],"curies":[{"name":"wp","href":"https:\/\/api.w.org\/{rel}","templated":true}]}}