{"id":28559,"date":"2023-01-24T22:25:01","date_gmt":"2023-01-24T20:25:01","guid":{"rendered":"https:\/\/just-now.news\/de\/deutschland\/cdu-jetzt-muss-schluss-sein-droht-hans-georg-maassen-nun-doch-der-parteiausschluss\/"},"modified":"2023-01-24T22:25:01","modified_gmt":"2023-01-24T20:25:01","slug":"cdu-jetzt-muss-schluss-sein-droht-hans-georg-maassen-nun-doch-der-parteiausschluss","status":"publish","type":"post","link":"https:\/\/now-news.de\/de\/deutschland\/cdu-jetzt-muss-schluss-sein-droht-hans-georg-maassen-nun-doch-der-parteiausschluss\/","title":{"rendered":"CDU: &quot;Jetzt muss Schluss sein&quot; \u2013 Droht Hans-Georg Maa\u00dfen nun doch der Parteiausschluss?"},"content":{"rendered":"<p><img decoding=\"async\" src=\"http:\/\/just-now.news\/de\/wp-content\/uploads\/sites\/3\/2023\/01\/63d0078248fbef7a0c7dd056.jpg\" \/><\/p>\n<div class=\"Text-root Text-type_1 \">\n                Am 12. Februar finden die Wiederholungswahlen zum Berliner Abgeordnetenhaus statt. Bisher schleppte sich der Wahlkampf eher so dahin. Nun scheint Bewegung hineinzukommen: Nicht nur der Berliner CDU-Spitzenkandidat Kai Wegner fordert jetzt den Parteiausschluss von Hans-Georg Maa\u00dfen.\n            <\/div>\n<p><\/p>\n<div class=\"Text-root Text-type_5 ArticleView-text ViewText-root \">\n<p>Hans-Georg Maa\u00dfen (60), konservatives CDU-Mitglied und Jurist, kennt sich als fr\u00fcherer Chef des Bundesamtes f\u00fcr Verfassungsschutz mit Provokationen und Provokateuren bestens aus. Seit Jahren macht er durch kontroverse bis mutige \u00c4u\u00dferungen von sich reden. Nun fordern mehrere CDU-Politiker seinen Austritt.<\/p>\n<p><strong>&#8220;Gr\u00fcn-rote Rassenlehre&#8221;<\/strong><\/p>\n<p>Maa\u00dfen hatte k\u00fcrzlich dem Publizisten Alexander Wallasch ein Interview <a rel=\"nofollow noopener\" target=\"_blank\" href=\"https:\/\/www.alexander-wallasch.de\/gastbeitraege\/nach-gruen-roter-rassenlehre-sind-weisse-eine-minderwertige-rasse\">gegeben<\/a>. Darin \u00e4u\u00dferte sich der fr\u00fchere Verfassungsschutzpr\u00e4sident zwei Wochen nach den Berliner Silvesterunruhen zu Problemen der Migration und Integration. Der CDU-Politiker vertrat dabei die Ansicht, dass die &#8220;verantwortlichen Politiker und Haltungsjournalisten&#8221; aus ideologischen Gr\u00fcnden f\u00fcr &#8220;Massenzuwanderung&#8221; eintreten, &#8220;weil sie Deutschland und das deutsche Volk hassen&#8221;. Die von ihnen als &#8220;Wei\u00dfbrote&#8221; oder &#8220;Kartoffeln&#8221; bezeichneten Deutschen w\u00fcrden &#8220;in f\u00fcnfzig bis hundert Jahren gar nicht mehr existieren&#8221;. Es seit gut, &#8220;dass Migranten zu uns kommen, damit es diese &#8216;Wei\u00dfbrote&#8217; nicht mehr gebe&#8221;. In den Augen von Maa\u00dfen handelt es sich um &#8220;Rassismus, der gegen die einheimischen Deutschen betrieben wird&#8221;, woraus er schlussfolgerte:<\/p>\n<blockquote>\n<p><em>&#8220;Wenn hier nun von Politikern und Haltungsjournalisten behauptet wird, Rassismus gegen Wei\u00dfe oder gegen Deutsche gebe es nicht, dann bedeutet dies, dass politische Verfolgung aus rassischen Gr\u00fcnden gegen Wei\u00dfe erlaubt ist, und dies ist nichts anderes, als uns abzusprechen, dass wir gegen\u00fcber Migranten gleichwertige Menschen sind.&#8221;<\/em><\/p>\n<\/blockquote>\n<p>Dieses Denken sei, so Maa\u00dfen, &#8220;Ausdruck einer gr\u00fcn-roten Rassenlehre, nach der Wei\u00dfe als minderwertige Rasse angesehen werden und man deshalb arabische und afrikanische M\u00e4nner ins Land holen m\u00fcsse&#8221;.<\/p>\n<p>Zudem sprach der CDU-Mann in einem Tweet davon, dass die Sto\u00dfrichtung der &#8220;treibenden Kr\u00e4fte im politischen-medialen Raum&#8221; ein &#8220;eliminatorischer Rassismus gegen Wei\u00dfe&#8221; sei.<\/p>\n<p><strong>Distanzierungen aus der CDU<\/strong><\/p>\n<p>Diese von Maa\u00dfen vertretenen Ansichten bilden den Hintergrund f\u00fcr Forderungen mehrerer CDU-Politiker, die den fr\u00fcheren Verfassungsschutzpr\u00e4sidenten zum Parteiaustritt aufgerufen oder mit einem Antrag auf Parteiausschluss gedroht haben.<\/p>\n<blockquote>\n<p><em>&#8220;Sollte Herr Maa\u00dfen bei unserer n\u00e4chsten Bundesvorstandssitzung am 13. Februar noch Mitglied der CDU sein, werde ich einen entsprechenden Antrag an den Bundesvorstand stellen, ihn aus unserer Partei auszuschlie\u00dfen&#8221;, so die stellvertretende CDU-Bundesvorsitzende Karin Prien am Dienstag in Kiel.<\/em><\/p>\n<\/blockquote>\n<p>Die schleswig-holsteinische Bildungsministerin warf Maa\u00dfen unter anderem das wiederholte Verwenden antisemitischer und verschw\u00f6rungstheoretischer Codes sowie die Verharmlosung von Rassismus vor.<\/p>\n<p>Auch CDU-Generalsekret\u00e4r Mario Czaja forderte Maa\u00dfen zum Parteiaustritt auf. &#8220;F\u00fcr seine \u00c4u\u00dferungen und das damit zum Ausdruck gebrachte Gedankengut ist in unserer Partei kein Platz&#8221;, schrieb Czaja auf Twitter.<\/p>\n<p><strong>Verharmlosung des Antisemitismus und der Shoah?<\/strong><\/p>\n<p>In der Auseinandersetzung um Maa\u00dfens \u00c4u\u00dferungen wird sowohl von ihm selbst \u2013 etwa im Interview mit Wallasch \u2013 als auch von seinen Kritikern die These von der T\u00e4ter-Opfer-Umkehr vertreten.<\/p>\n<p>So warf der Direktor der Stiftung Gedenkst\u00e4tten Buchenwald und Mittelbau Dora, Jens-Christian Wagner, Maa\u00dfen in einem <a rel=\"nofollow noopener\" target=\"_blank\" href=\"https:\/\/www.juedische-allgemeine.de\/politik\/fuer-eine-demokratische-partei-nicht-tragbar\/\">Gastbeitrag<\/a> f\u00fcr die <em>J\u00fcdische Allgemeine<\/em> vor, eine &#8220;klassische rechtsextreme Schuldumkehr&#8221; zu betreiben. Wagner argumentierte gegen\u00fcber der <em>dpa<\/em>:<\/p>\n<blockquote>\n<p><em>&#8220;Wenn er vom &#8216;eliminatorischen Rassismus&#8217; spricht, dann ist das ein Anklang an den von Daniel Goldhagen in den \u00f6ffentlichen Diskurs eingef\u00fchrten Begriff des eliminatorischen Antisemitismus, der zum Holocaust gef\u00fchrt habe.&#8221;<\/em><\/p>\n<\/blockquote>\n<p>Ohne den Begriff Holocaust eingef\u00fchrt zu haben und ohne sich explizit antisemitisch zu \u00e4u\u00dfern, stelle Maa\u00dfen den Bezug zum Holocaust her, und zwar &#8220;\u00fcber diesen v\u00f6llig irrsinnigen Vorwurf, irgendwer betreibe hier einen Vernichtungskrieg gegen Wei\u00dfe&#8221;, wie Wagner meinte. Damit werde per Schuldumkehrung der Holocaust verharmlost.<\/p>\n<p>Maa\u00dfen will nach eigenen Angaben am kommenden Samstag als Vorsitzender der sogenannten &#8220;Werteunion&#8221; kandidieren. Diese konservative politische Vereinigung hat nach eigenen Angaben rund 4.000 Mitglieder \u2013 nicht alle von ihnen geh\u00f6ren auch der CDU oder CSU an. Die Werteunion stellte sich hinter Maa\u00dfen. &#8220;Zu keinem Zeitpunkt hat es je eine antisemitische Aussage von Hans-Georg Maa\u00dfen gegeben&#8221;, teilte die Gruppierung mit.<\/p>\n<p><strong>Bundes- und Landesparteif\u00fchrungen nun gegen Maa\u00dfen<\/strong><\/p>\n<p>Allerdings distanzierte sich die Th\u00fcringer CDU von Maa\u00dfen: &#8220;Die \u00c4u\u00dferungen von Herrn Maa\u00dfen spiegeln weder die Sprache noch die Geisteshaltung der CDU Th\u00fcringen wider. Die Sprache von Antisemiten und Verschw\u00f6rungsideologen hat keinen Platz in unserer Mitte&#8221;, erkl\u00e4rte Christian Herrgott, der Generalsekret\u00e4r des Th\u00fcringer CDU-Landesverbandes, in dem auch Maa\u00dfen Mitglied ist.<\/p>\n<p>Und der im Wahlkampf stehende Berliner CDU-Landesvorsitzende Kai Wegner sagte dem <em>Tagesspiegel<\/em>, Maa\u00dfen habe eine weitere Grenze \u00fcberschritten: &#8220;Jetzt muss Schluss sein. Wer sich so \u00e4u\u00dfert, hat in der CDU nichts mehr zu suchen.&#8221;<\/p>\n<p>Unterst\u00fctzung <a rel=\"nofollow noopener\" target=\"_blank\" href=\"https:\/\/www.focus.de\/politik\/deutschland\/nach-rassenlehre-aussage-berliner-cdu-chef-fordert-ausschluss-von-hans-georg-maassen_id_183908710.html\">erhielt<\/a> Wegner laut <em>Focus<\/em> von CDU-Chef Friedrich Merz, der bisher allen Forderungen nach einem Parteiausschluss eine Absage erteilt hatte. Merz kritisierte die Thesen von Maa\u00dfen nun scharf: &#8220;Die \u00c4u\u00dferungen von Herrn Maa\u00dfen sind erneut inakzeptabel&#8221;, so Merz am Dienstag vor einer Sitzung der CDU\/CSU-Abgeordneten in Berlin. Er f\u00fcgte hinzu: &#8220;Wir werden uns mit diesem Fall weiter besch\u00e4ftigen und ihn auch unter diesem Aspekt beurteilen.&#8221; Auf Nachfrage habe Merz betont, es werde keine &#8220;vorschnelle Entscheidung&#8221; \u00fcber ein Ausschlussverfahren geben.<\/p>\n<p>Hingegen h\u00e4lt Maa\u00dfen, der auch in Fragen wie der Klimapolitik oder des Krieges in der Ukraine (&#8220;Nicht unser Krieg&#8221;) von der CDU-Linie und dem Mainstream abweicht, selbst ein Parteiausschlussverfahren gegen sich f\u00fcr aussichtslos: &#8220;Durch die Forderung eines Parteiausschlussverfahrens lasse ich mich nicht einsch\u00fcchtern und auch nicht beeindrucken, weil ich nicht glaube, dass ich in irgendeiner Weise die Voraussetzungen f\u00fcr ein Parteiausschlussverfahren erf\u00fcllt habe&#8221;, <a rel=\"nofollow noopener\" target=\"_blank\" href=\"https:\/\/jungefreiheit.de\/politik\/deutschland\/2023\/maassen-kontert-cdu\/\">erkl\u00e4rte<\/a> er der Wochenzeitung <em>Junge Freiheit<\/em>. Er teilte weiter gegen die Parteif\u00fchrung aus: &#8220;Ich vertrete die Positionen des Grundsatzprogramms der CDU und die Positionen der CDU von Adenauer, Erhard und Helmut Kohl \u2013 und nicht die einer \u00f6ko-woken Parteielite.&#8221; Maa\u00dfen behauptete, dass &#8220;viele Parteifreunde&#8221; hinter ihm st\u00fcnden, und drehte den Spie\u00df um: Wer sich an den von ihm vertretenen Positionen st\u00f6re, der m\u00fcsse eben aus der CDU austreten.<\/p>\n<p><strong>Mehr zum Thema<\/strong> &#8211; <a rel=\"nofollow noopener\" target=\"_blank\" href=\"https:\/\/freeassange.rtde.me\/meinung\/146535-verbindung-nord-stream-2-ermordung\/\">Die Verbindung: Nord Stream 2 \u2013 Ermordung Herrhausens<\/a><\/p>\n<p>(rt\/dpa)<\/p>\n<\/div>\n<p><br \/>\n<br \/><a href=\"https:\/\/de.rt.com\/inland\/160860-cdu-jetzt-muss-schluss-sein-droht-hans-georg-maassen-nun-doch-der-parteiausschluss\/\">Source link <\/a><\/p>\n","protected":false},"excerpt":{"rendered":"<p>Am 12. Februar finden die Wiederholungswahlen zum Berliner Abgeordnetenhaus statt. Bisher schleppte sich der Wahlkampf eher so dahin. Nun scheint Bewegung hineinzukommen: Nicht nur der Berliner CDU-Spitzenkandidat Kai Wegner fordert jetzt den Parteiausschluss von Hans-Georg Maa\u00dfen. Hans-Georg Maa\u00dfen (60), konservatives CDU-Mitglied und Jurist, kennt sich als fr\u00fcherer Chef des Bundesamtes f\u00fcr Verfassungsschutz mit Provokationen und [&hellip;]<\/p>\n","protected":false},"author":3,"featured_media":28560,"comment_status":"open","ping_status":"open","sticky":false,"template":"","format":"standard","meta":{"_yoast_indexnow_last_ping":["1674592056"],"wp_automatic_camp":["217"],"330065f689a04b06b143ef0fb15c5f0f":["CDU: &quot;Jetzt muss Schluss sein&quot; \u2013 Droht Hans-Georg Maa\u00dfen nun doch der Parteiausschluss?"],"original_link":["https:\/\/de.rt.com\/inland\/160860-cdu-jetzt-muss-schluss-sein-droht-hans-georg-maassen-nun-doch-der-parteiausschluss\/"],"_thumbnail_id":["28560"],"jnews_social_counter_last_update":["1777571435"],"_wptgpro_p2tg_sent2tg":["a:1:{i:23737;s:19:\"2023-01-24 22:29:59\";}"]},"categories":[19,23],"tags":[3795,82,9898,44,39593,39594,534,2121,20703,39592,28929,18579],"yoast_head":"<!-- This site is optimized with the Yoast SEO Premium plugin v22.7 (Yoast SEO v22.7) - https:\/\/yoast.com\/wordpress\/plugins\/seo\/ -->\n<title>CDU: &quot;Jetzt muss Schluss sein&quot; \u2013 Droht Hans-Georg Maa\u00dfen nun doch der Parteiausschluss? - just-now.NEWS Deutschland<\/title>\n<meta name=\"robots\" content=\"index, follow, max-snippet:-1, max-image-preview:large, max-video-preview:-1\" \/>\n<link rel=\"canonical\" href=\"https:\/\/now-news.de\/de\/deutschland\/cdu-jetzt-muss-schluss-sein-droht-hans-georg-maassen-nun-doch-der-parteiausschluss\/\" \/>\n<meta property=\"og:locale\" content=\"de_DE\" \/>\n<meta property=\"og:type\" content=\"article\" \/>\n<meta property=\"og:title\" content=\"CDU: &quot;Jetzt muss Schluss sein&quot; \u2013 Droht Hans-Georg Maa\u00dfen nun doch der Parteiausschluss?\" \/>\n<meta property=\"og:description\" content=\"Am 12. Februar finden die Wiederholungswahlen zum Berliner Abgeordnetenhaus statt. Bisher schleppte sich der Wahlkampf eher so dahin. Nun scheint Bewegung hineinzukommen: Nicht nur der Berliner CDU-Spitzenkandidat Kai Wegner fordert jetzt den Parteiausschluss von Hans-Georg Maa\u00dfen. Hans-Georg Maa\u00dfen (60), konservatives CDU-Mitglied und Jurist, kennt sich als fr\u00fcherer Chef des Bundesamtes f\u00fcr Verfassungsschutz mit Provokationen und [&hellip;]\" \/>\n<meta property=\"og:url\" content=\"https:\/\/now-news.de\/de\/deutschland\/cdu-jetzt-muss-schluss-sein-droht-hans-georg-maassen-nun-doch-der-parteiausschluss\/\" \/>\n<meta property=\"og:site_name\" content=\"just-now.NEWS Deutschland\" \/>\n<meta property=\"article:publisher\" content=\"https:\/\/www.facebook.com\/wirmachenauf\" \/>\n<meta property=\"article:published_time\" content=\"2023-01-24T20:25:01+00:00\" \/>\n<meta property=\"og:image\" content=\"https:\/\/now-news.de\/de\/wp-content\/uploads\/sites\/3\/2023\/01\/CDU-quotJetzt-muss-Schluss-seinquot-\u2013-Droht-Hans-Georg-Maassen-nun.jpg\" \/>\n\t<meta property=\"og:image:width\" content=\"460\" \/>\n\t<meta property=\"og:image:height\" content=\"259\" \/>\n\t<meta property=\"og:image:type\" content=\"image\/jpeg\" \/>\n<meta name=\"author\" content=\"rtnews\" \/>\n<meta name=\"twitter:card\" content=\"summary_large_image\" \/>\n<meta name=\"twitter:creator\" content=\"@WirMachenAuf_de\" \/>\n<meta name=\"twitter:site\" content=\"@WirMachenAuf_de\" \/>\n<meta name=\"twitter:label1\" content=\"Verfasst von\" \/>\n\t<meta name=\"twitter:data1\" content=\"rtnews\" \/>\n\t<meta name=\"twitter:label2\" content=\"Gesch\u00e4tzte Lesezeit\" \/>\n\t<meta name=\"twitter:data2\" content=\"5\u00a0Minuten\" \/>\n<script type=\"application\/ld+json\" class=\"yoast-schema-graph\">{\"@context\":\"https:\/\/schema.org\",\"@graph\":[{\"@type\":\"Article\",\"@id\":\"https:\/\/now-news.de\/de\/deutschland\/cdu-jetzt-muss-schluss-sein-droht-hans-georg-maassen-nun-doch-der-parteiausschluss\/#article\",\"isPartOf\":{\"@id\":\"https:\/\/now-news.de\/de\/deutschland\/cdu-jetzt-muss-schluss-sein-droht-hans-georg-maassen-nun-doch-der-parteiausschluss\/\"},\"author\":{\"name\":\"rtnews\",\"@id\":\"https:\/\/now-news.de\/de\/#\/schema\/person\/fb534a4e865501d8b3285208df34a9b5\"},\"headline\":\"CDU: &quot;Jetzt muss Schluss sein&quot; \u2013 Droht Hans-Georg Maa\u00dfen nun doch der Parteiausschluss?\",\"datePublished\":\"2023-01-24T20:25:01+00:00\",\"dateModified\":\"2023-01-24T20:25:01+00:00\",\"mainEntityOfPage\":{\"@id\":\"https:\/\/now-news.de\/de\/deutschland\/cdu-jetzt-muss-schluss-sein-droht-hans-georg-maassen-nun-doch-der-parteiausschluss\/\"},\"wordCount\":1022,\"commentCount\":0,\"publisher\":{\"@id\":\"https:\/\/now-news.de\/de\/#organization\"},\"image\":{\"@id\":\"https:\/\/now-news.de\/de\/deutschland\/cdu-jetzt-muss-schluss-sein-droht-hans-georg-maassen-nun-doch-der-parteiausschluss\/#primaryimage\"},\"thumbnailUrl\":\"https:\/\/now-news.de\/de\/wp-content\/uploads\/sites\/3\/2023\/01\/CDU-quotJetzt-muss-Schluss-seinquot-\u2013-Droht-Hans-Georg-Maassen-nun.jpg\",\"keywords\":[\"CDU\",\"der\",\"doch\",\"droht\",\"HansGeorg\",\"Maa\u00dfen\",\"muss\",\"nun\",\"Parteiausschluss\",\"quotJetzt\",\"Schluss\",\"seinquot\"],\"articleSection\":[\"Deutschland\",\"Russland\"],\"inLanguage\":\"de\",\"potentialAction\":[{\"@type\":\"CommentAction\",\"name\":\"Comment\",\"target\":[\"https:\/\/now-news.de\/de\/deutschland\/cdu-jetzt-muss-schluss-sein-droht-hans-georg-maassen-nun-doch-der-parteiausschluss\/#respond\"]}]},{\"@type\":\"WebPage\",\"@id\":\"https:\/\/now-news.de\/de\/deutschland\/cdu-jetzt-muss-schluss-sein-droht-hans-georg-maassen-nun-doch-der-parteiausschluss\/\",\"url\":\"https:\/\/now-news.de\/de\/deutschland\/cdu-jetzt-muss-schluss-sein-droht-hans-georg-maassen-nun-doch-der-parteiausschluss\/\",\"name\":\"CDU: &quot;Jetzt muss Schluss sein&quot; \u2013 Droht Hans-Georg Maa\u00dfen nun doch der Parteiausschluss? - just-now.NEWS Deutschland\",\"isPartOf\":{\"@id\":\"https:\/\/now-news.de\/de\/#website\"},\"primaryImageOfPage\":{\"@id\":\"https:\/\/now-news.de\/de\/deutschland\/cdu-jetzt-muss-schluss-sein-droht-hans-georg-maassen-nun-doch-der-parteiausschluss\/#primaryimage\"},\"image\":{\"@id\":\"https:\/\/now-news.de\/de\/deutschland\/cdu-jetzt-muss-schluss-sein-droht-hans-georg-maassen-nun-doch-der-parteiausschluss\/#primaryimage\"},\"thumbnailUrl\":\"https:\/\/now-news.de\/de\/wp-content\/uploads\/sites\/3\/2023\/01\/CDU-quotJetzt-muss-Schluss-seinquot-\u2013-Droht-Hans-Georg-Maassen-nun.jpg\",\"datePublished\":\"2023-01-24T20:25:01+00:00\",\"dateModified\":\"2023-01-24T20:25:01+00:00\",\"breadcrumb\":{\"@id\":\"https:\/\/now-news.de\/de\/deutschland\/cdu-jetzt-muss-schluss-sein-droht-hans-georg-maassen-nun-doch-der-parteiausschluss\/#breadcrumb\"},\"inLanguage\":\"de\",\"potentialAction\":[{\"@type\":\"ReadAction\",\"target\":[\"https:\/\/now-news.de\/de\/deutschland\/cdu-jetzt-muss-schluss-sein-droht-hans-georg-maassen-nun-doch-der-parteiausschluss\/\"]}]},{\"@type\":\"ImageObject\",\"inLanguage\":\"de\",\"@id\":\"https:\/\/now-news.de\/de\/deutschland\/cdu-jetzt-muss-schluss-sein-droht-hans-georg-maassen-nun-doch-der-parteiausschluss\/#primaryimage\",\"url\":\"https:\/\/now-news.de\/de\/wp-content\/uploads\/sites\/3\/2023\/01\/CDU-quotJetzt-muss-Schluss-seinquot-\u2013-Droht-Hans-Georg-Maassen-nun.jpg\",\"contentUrl\":\"https:\/\/now-news.de\/de\/wp-content\/uploads\/sites\/3\/2023\/01\/CDU-quotJetzt-muss-Schluss-seinquot-\u2013-Droht-Hans-Georg-Maassen-nun.jpg\",\"width\":460,\"height\":259,\"caption\":\"CDU: &quot;Jetzt muss Schluss sein&quot; \u2013 Droht Hans-Georg Maa\u00dfen nun doch der Parteiausschluss?\"},{\"@type\":\"BreadcrumbList\",\"@id\":\"https:\/\/now-news.de\/de\/deutschland\/cdu-jetzt-muss-schluss-sein-droht-hans-georg-maassen-nun-doch-der-parteiausschluss\/#breadcrumb\",\"itemListElement\":[{\"@type\":\"ListItem\",\"position\":1,\"name\":\"Home\",\"item\":\"https:\/\/now-news.de\/de\/\"},{\"@type\":\"ListItem\",\"position\":2,\"name\":\"CDU: &quot;Jetzt muss Schluss sein&quot; \u2013 Droht Hans-Georg Maa\u00dfen nun doch der Parteiausschluss?\"}]},{\"@type\":\"WebSite\",\"@id\":\"https:\/\/now-news.de\/de\/#website\",\"url\":\"https:\/\/now-news.de\/de\/\",\"name\":\"just-now.NEWS Deutschland\",\"description\":\"Das Portal f\u00fcr unzensierte Nachrichten aus der Welt\",\"publisher\":{\"@id\":\"https:\/\/now-news.de\/de\/#organization\"},\"potentialAction\":[{\"@type\":\"SearchAction\",\"target\":{\"@type\":\"EntryPoint\",\"urlTemplate\":\"https:\/\/now-news.de\/de\/?s={search_term_string}\"},\"query-input\":\"required name=search_term_string\"}],\"inLanguage\":\"de\"},{\"@type\":\"Organization\",\"@id\":\"https:\/\/now-news.de\/de\/#organization\",\"name\":\"Just Now News\",\"url\":\"https:\/\/now-news.de\/de\/\",\"logo\":{\"@type\":\"ImageObject\",\"inLanguage\":\"de\",\"@id\":\"https:\/\/now-news.de\/de\/#\/schema\/logo\/image\/\",\"url\":\"http:\/\/just-now.news\/de\/wp-content\/uploads\/sites\/3\/2022\/04\/logo500x500.jpg\",\"contentUrl\":\"http:\/\/just-now.news\/de\/wp-content\/uploads\/sites\/3\/2022\/04\/logo500x500.jpg\",\"width\":500,\"height\":500,\"caption\":\"Just Now News\"},\"image\":{\"@id\":\"https:\/\/now-news.de\/de\/#\/schema\/logo\/image\/\"},\"sameAs\":[\"https:\/\/www.facebook.com\/wirmachenauf\",\"https:\/\/x.com\/WirMachenAuf_de\"]},{\"@type\":\"Person\",\"@id\":\"https:\/\/now-news.de\/de\/#\/schema\/person\/fb534a4e865501d8b3285208df34a9b5\",\"name\":\"rtnews\",\"image\":{\"@type\":\"ImageObject\",\"inLanguage\":\"de\",\"@id\":\"https:\/\/now-news.de\/de\/#\/schema\/person\/image\/\",\"url\":\"https:\/\/secure.gravatar.com\/avatar\/82aafea7d8127119dd649515f56e2117?s=96&d=mm&r=g\",\"contentUrl\":\"https:\/\/secure.gravatar.com\/avatar\/82aafea7d8127119dd649515f56e2117?s=96&d=mm&r=g\",\"caption\":\"rtnews\"},\"url\":\"https:\/\/now-news.de\/de\/author\/rnews\/\"}]}<\/script>\n<!-- \/ Yoast SEO Premium plugin. -->","yoast_head_json":{"title":"CDU: &quot;Jetzt muss Schluss sein&quot; \u2013 Droht Hans-Georg Maa\u00dfen nun doch der Parteiausschluss? - just-now.NEWS Deutschland","robots":{"index":"index","follow":"follow","max-snippet":"max-snippet:-1","max-image-preview":"max-image-preview:large","max-video-preview":"max-video-preview:-1"},"canonical":"https:\/\/now-news.de\/de\/deutschland\/cdu-jetzt-muss-schluss-sein-droht-hans-georg-maassen-nun-doch-der-parteiausschluss\/","og_locale":"de_DE","og_type":"article","og_title":"CDU: &quot;Jetzt muss Schluss sein&quot; \u2013 Droht Hans-Georg Maa\u00dfen nun doch der Parteiausschluss?","og_description":"Am 12. Februar finden die Wiederholungswahlen zum Berliner Abgeordnetenhaus statt. Bisher schleppte sich der Wahlkampf eher so dahin. Nun scheint Bewegung hineinzukommen: Nicht nur der Berliner CDU-Spitzenkandidat Kai Wegner fordert jetzt den Parteiausschluss von Hans-Georg Maa\u00dfen. Hans-Georg Maa\u00dfen (60), konservatives CDU-Mitglied und Jurist, kennt sich als fr\u00fcherer Chef des Bundesamtes f\u00fcr Verfassungsschutz mit Provokationen und [&hellip;]","og_url":"https:\/\/now-news.de\/de\/deutschland\/cdu-jetzt-muss-schluss-sein-droht-hans-georg-maassen-nun-doch-der-parteiausschluss\/","og_site_name":"just-now.NEWS Deutschland","article_publisher":"https:\/\/www.facebook.com\/wirmachenauf","article_published_time":"2023-01-24T20:25:01+00:00","og_image":[{"width":460,"height":259,"url":"https:\/\/now-news.de\/de\/wp-content\/uploads\/sites\/3\/2023\/01\/CDU-quotJetzt-muss-Schluss-seinquot-\u2013-Droht-Hans-Georg-Maassen-nun.jpg","type":"image\/jpeg"}],"author":"rtnews","twitter_card":"summary_large_image","twitter_creator":"@WirMachenAuf_de","twitter_site":"@WirMachenAuf_de","twitter_misc":{"Verfasst von":"rtnews","Gesch\u00e4tzte Lesezeit":"5\u00a0Minuten"},"schema":{"@context":"https:\/\/schema.org","@graph":[{"@type":"Article","@id":"https:\/\/now-news.de\/de\/deutschland\/cdu-jetzt-muss-schluss-sein-droht-hans-georg-maassen-nun-doch-der-parteiausschluss\/#article","isPartOf":{"@id":"https:\/\/now-news.de\/de\/deutschland\/cdu-jetzt-muss-schluss-sein-droht-hans-georg-maassen-nun-doch-der-parteiausschluss\/"},"author":{"name":"rtnews","@id":"https:\/\/now-news.de\/de\/#\/schema\/person\/fb534a4e865501d8b3285208df34a9b5"},"headline":"CDU: &quot;Jetzt muss Schluss sein&quot; \u2013 Droht Hans-Georg Maa\u00dfen nun doch der Parteiausschluss?","datePublished":"2023-01-24T20:25:01+00:00","dateModified":"2023-01-24T20:25:01+00:00","mainEntityOfPage":{"@id":"https:\/\/now-news.de\/de\/deutschland\/cdu-jetzt-muss-schluss-sein-droht-hans-georg-maassen-nun-doch-der-parteiausschluss\/"},"wordCount":1022,"commentCount":0,"publisher":{"@id":"https:\/\/now-news.de\/de\/#organization"},"image":{"@id":"https:\/\/now-news.de\/de\/deutschland\/cdu-jetzt-muss-schluss-sein-droht-hans-georg-maassen-nun-doch-der-parteiausschluss\/#primaryimage"},"thumbnailUrl":"https:\/\/now-news.de\/de\/wp-content\/uploads\/sites\/3\/2023\/01\/CDU-quotJetzt-muss-Schluss-seinquot-\u2013-Droht-Hans-Georg-Maassen-nun.jpg","keywords":["CDU","der","doch","droht","HansGeorg","Maa\u00dfen","muss","nun","Parteiausschluss","quotJetzt","Schluss","seinquot"],"articleSection":["Deutschland","Russland"],"inLanguage":"de","potentialAction":[{"@type":"CommentAction","name":"Comment","target":["https:\/\/now-news.de\/de\/deutschland\/cdu-jetzt-muss-schluss-sein-droht-hans-georg-maassen-nun-doch-der-parteiausschluss\/#respond"]}]},{"@type":"WebPage","@id":"https:\/\/now-news.de\/de\/deutschland\/cdu-jetzt-muss-schluss-sein-droht-hans-georg-maassen-nun-doch-der-parteiausschluss\/","url":"https:\/\/now-news.de\/de\/deutschland\/cdu-jetzt-muss-schluss-sein-droht-hans-georg-maassen-nun-doch-der-parteiausschluss\/","name":"CDU: &quot;Jetzt muss Schluss sein&quot; \u2013 Droht Hans-Georg Maa\u00dfen nun doch der Parteiausschluss? - just-now.NEWS Deutschland","isPartOf":{"@id":"https:\/\/now-news.de\/de\/#website"},"primaryImageOfPage":{"@id":"https:\/\/now-news.de\/de\/deutschland\/cdu-jetzt-muss-schluss-sein-droht-hans-georg-maassen-nun-doch-der-parteiausschluss\/#primaryimage"},"image":{"@id":"https:\/\/now-news.de\/de\/deutschland\/cdu-jetzt-muss-schluss-sein-droht-hans-georg-maassen-nun-doch-der-parteiausschluss\/#primaryimage"},"thumbnailUrl":"https:\/\/now-news.de\/de\/wp-content\/uploads\/sites\/3\/2023\/01\/CDU-quotJetzt-muss-Schluss-seinquot-\u2013-Droht-Hans-Georg-Maassen-nun.jpg","datePublished":"2023-01-24T20:25:01+00:00","dateModified":"2023-01-24T20:25:01+00:00","breadcrumb":{"@id":"https:\/\/now-news.de\/de\/deutschland\/cdu-jetzt-muss-schluss-sein-droht-hans-georg-maassen-nun-doch-der-parteiausschluss\/#breadcrumb"},"inLanguage":"de","potentialAction":[{"@type":"ReadAction","target":["https:\/\/now-news.de\/de\/deutschland\/cdu-jetzt-muss-schluss-sein-droht-hans-georg-maassen-nun-doch-der-parteiausschluss\/"]}]},{"@type":"ImageObject","inLanguage":"de","@id":"https:\/\/now-news.de\/de\/deutschland\/cdu-jetzt-muss-schluss-sein-droht-hans-georg-maassen-nun-doch-der-parteiausschluss\/#primaryimage","url":"https:\/\/now-news.de\/de\/wp-content\/uploads\/sites\/3\/2023\/01\/CDU-quotJetzt-muss-Schluss-seinquot-\u2013-Droht-Hans-Georg-Maassen-nun.jpg","contentUrl":"https:\/\/now-news.de\/de\/wp-content\/uploads\/sites\/3\/2023\/01\/CDU-quotJetzt-muss-Schluss-seinquot-\u2013-Droht-Hans-Georg-Maassen-nun.jpg","width":460,"height":259,"caption":"CDU: &quot;Jetzt muss Schluss sein&quot; \u2013 Droht Hans-Georg Maa\u00dfen nun doch der Parteiausschluss?"},{"@type":"BreadcrumbList","@id":"https:\/\/now-news.de\/de\/deutschland\/cdu-jetzt-muss-schluss-sein-droht-hans-georg-maassen-nun-doch-der-parteiausschluss\/#breadcrumb","itemListElement":[{"@type":"ListItem","position":1,"name":"Home","item":"https:\/\/now-news.de\/de\/"},{"@type":"ListItem","position":2,"name":"CDU: &quot;Jetzt muss Schluss sein&quot; \u2013 Droht Hans-Georg Maa\u00dfen nun doch der Parteiausschluss?"}]},{"@type":"WebSite","@id":"https:\/\/now-news.de\/de\/#website","url":"https:\/\/now-news.de\/de\/","name":"just-now.NEWS Deutschland","description":"Das Portal f\u00fcr unzensierte Nachrichten aus der Welt","publisher":{"@id":"https:\/\/now-news.de\/de\/#organization"},"potentialAction":[{"@type":"SearchAction","target":{"@type":"EntryPoint","urlTemplate":"https:\/\/now-news.de\/de\/?s={search_term_string}"},"query-input":"required name=search_term_string"}],"inLanguage":"de"},{"@type":"Organization","@id":"https:\/\/now-news.de\/de\/#organization","name":"Just Now News","url":"https:\/\/now-news.de\/de\/","logo":{"@type":"ImageObject","inLanguage":"de","@id":"https:\/\/now-news.de\/de\/#\/schema\/logo\/image\/","url":"http:\/\/just-now.news\/de\/wp-content\/uploads\/sites\/3\/2022\/04\/logo500x500.jpg","contentUrl":"http:\/\/just-now.news\/de\/wp-content\/uploads\/sites\/3\/2022\/04\/logo500x500.jpg","width":500,"height":500,"caption":"Just Now News"},"image":{"@id":"https:\/\/now-news.de\/de\/#\/schema\/logo\/image\/"},"sameAs":["https:\/\/www.facebook.com\/wirmachenauf","https:\/\/x.com\/WirMachenAuf_de"]},{"@type":"Person","@id":"https:\/\/now-news.de\/de\/#\/schema\/person\/fb534a4e865501d8b3285208df34a9b5","name":"rtnews","image":{"@type":"ImageObject","inLanguage":"de","@id":"https:\/\/now-news.de\/de\/#\/schema\/person\/image\/","url":"https:\/\/secure.gravatar.com\/avatar\/82aafea7d8127119dd649515f56e2117?s=96&d=mm&r=g","contentUrl":"https:\/\/secure.gravatar.com\/avatar\/82aafea7d8127119dd649515f56e2117?s=96&d=mm&r=g","caption":"rtnews"},"url":"https:\/\/now-news.de\/de\/author\/rnews\/"}]}},"_links":{"self":[{"href":"https:\/\/now-news.de\/de\/wp-json\/wp\/v2\/posts\/28559"}],"collection":[{"href":"https:\/\/now-news.de\/de\/wp-json\/wp\/v2\/posts"}],"about":[{"href":"https:\/\/now-news.de\/de\/wp-json\/wp\/v2\/types\/post"}],"author":[{"embeddable":true,"href":"https:\/\/now-news.de\/de\/wp-json\/wp\/v2\/users\/3"}],"replies":[{"embeddable":true,"href":"https:\/\/now-news.de\/de\/wp-json\/wp\/v2\/comments?post=28559"}],"version-history":[{"count":0,"href":"https:\/\/now-news.de\/de\/wp-json\/wp\/v2\/posts\/28559\/revisions"}],"wp:featuredmedia":[{"embeddable":true,"href":"https:\/\/now-news.de\/de\/wp-json\/wp\/v2\/media\/28560"}],"wp:attachment":[{"href":"https:\/\/now-news.de\/de\/wp-json\/wp\/v2\/media?parent=28559"}],"wp:term":[{"taxonomy":"category","embeddable":true,"href":"https:\/\/now-news.de\/de\/wp-json\/wp\/v2\/categories?post=28559"},{"taxonomy":"post_tag","embeddable":true,"href":"https:\/\/now-news.de\/de\/wp-json\/wp\/v2\/tags?post=28559"}],"curies":[{"name":"wp","href":"https:\/\/api.w.org\/{rel}","templated":true}]}}