{"id":28500,"date":"2023-01-24T13:32:52","date_gmt":"2023-01-24T11:32:52","guid":{"rendered":"https:\/\/just-now.news\/de\/deutschland\/letzte-generation-will-deutschland-lahmlegen\/"},"modified":"2023-01-24T13:32:52","modified_gmt":"2023-01-24T11:32:52","slug":"letzte-generation-will-deutschland-lahmlegen","status":"publish","type":"post","link":"https:\/\/now-news.de\/de\/deutschland\/letzte-generation-will-deutschland-lahmlegen\/","title":{"rendered":"&quot;Letzte Generation&quot; will Deutschland &quot;lahmlegen&quot;"},"content":{"rendered":"<p><img decoding=\"async\" src=\"http:\/\/just-now.news\/de\/wp-content\/uploads\/sites\/3\/2023\/01\/63cfade648fbef02207c8e8f.jpg\" \/><\/p>\n<div class=\"Text-root Text-type_1 \">\n                Die Klimaaktivisten von &#8220;Letzte Generation&#8221; wollen ihre Blockade- und St\u00f6raktionen in diesem Jahr auf ganz Deutschland auszuweiten. Der &#8220;Widerstand werde gr\u00f6\u00dfer als je zuvor&#8221; hie\u00df es von einer Sprecherin der Gruppe am Montag.\n            <\/div>\n<p><\/p>\n<div class=\"Text-root Text-type_5 ArticleView-text ViewText-root \">\n<p>Die Klimaschutz-Protestgruppe &#8220;Letzte Generation&#8221; hat angek\u00fcndigt, ihre Blockade- und St\u00f6raktionen in diesem Jahr in ganz Deutschland deutlich auszuweiten.<\/p>\n<p>&#8220;Der Widerstand wird gr\u00f6\u00dfer als je zuvor&#8221;, sagte Aim\u00e9e van Baalen, eine Sprecherin der Gruppe, am Montag. &#8220;Wir werden massiv auf die Stra\u00dfen gehen.&#8221; Ab 6. Februar sollten Protestaktionen &#8220;in allen Regionen Deutschlands&#8221; stattfinden.<\/p>\n<p>&#8220;Wir werden an so vielen Stellen wie m\u00f6glich den Alltag in dieser Republik unterbrechen.&#8221; Man wolle die St\u00f6rungen &#8220;in jede Stadt und jedes Dorf tragen, mit immer mehr Menschen&#8221;. Wie genau die Aktionen aussehen sollen, sagte die Gruppe nicht.<\/p>\n<p>Vor einem Jahr, am 24. Januar 2022, hatte die Gruppe in Berlin zum ersten Mal eine Stra\u00dfe blockiert. Es folgten zahlreiche Blockaden auf Autobahnen mit langen Staus sowie St\u00f6rungen in Museen und Ministerien. Oft klebten sich Demonstranten fest, damit die R\u00e4umung m\u00f6glichst lange dauert.<\/p>\n<p>Die Letzte Generation hofft nun darauf, dass immer mehr Menschen teilnehmen, um das Land &#8220;zum Stillstand&#8221; zu bringen. Das sei ein &#8220;entscheidender Faktor&#8221;, sagte van Baalen.<\/p>\n<p>Im vergangenen Jahr h\u00e4tten sich in vielen St\u00e4dten rund 800 Menschen bei Blockaden festgeklebt, sagte Sprecherin Carla Hinrichs. Eine genaue Anzahl der Unterst\u00fctzer sei nicht bekannt. &#8220;Es sind so viele Menschen, hunderte, ganz genau wissen wir es nicht.&#8221; Entweder m\u00fcsse die Regierung &#8220;uns alle wegsperren&#8221; oder die Forderungen akzeptieren.<\/p>\n<p>Die Letzte Generation forderte die Bundesregierung auf, einen &#8220;Gesellschaftsrat&#8221; einzuberufen, in dem zuf\u00e4llig ausgeloste Menschen sitzen. Der Rat sollte Konzepte ausarbeiten, um Deutschland ab 2030 &#8220;klimaneutral&#8221; zu machen.<\/p>\n<p>Einige Unterst\u00fctzer werden von der Gruppe und einer verbundenen Initiative aus Spendengeldern bezahlt, vor allem f\u00fcr Vortr\u00e4ge und weitere Bildungsarbeit, wie es im Transparenzbericht hei\u00dft. Im vergangenen Jahr gingen mehr als 900.000 EUR Spenden ein. Die Gruppe gab 535.000 EUR aus.<\/p>\n<p><strong>Mehr zum Thema<\/strong> \u2013 <a rel=\"nofollow noopener\" target=\"_blank\" href=\"https:\/\/de.rt.com\/meinung\/160240-politiker-letzten-generation-werden-sie\/\">Politiker der &#8220;Letzten Generation&#8221;: Werden sie gezielt dumm gez\u00fcchtet?<\/a><\/p>\n<div class=\"EmbedBlock-root EmbedBlock-externalVideo EmbedBlock-vk\">\n<div class=\"VkEmbed\"><iframe class=\"lazyload\" data-src=\"https:\/\/vk.com\/video_ext.php?oid=-134310637&amp;id=456262626&amp;hash=93d9454597a29e98\" frameborder=\"0\" width=\"853\" height=\"480\" allowfullscreen><\/iframe><\/div>\n<\/div>\n<\/div>\n<p><br \/>\n<br \/><a href=\"https:\/\/de.rt.com\/inland\/160822-letzte-generation-will-deutschland-lahm-legen\/\">Source link <\/a><\/p>\n","protected":false},"excerpt":{"rendered":"<p>Die Klimaaktivisten von &#8220;Letzte Generation&#8221; wollen ihre Blockade- und St\u00f6raktionen in diesem Jahr auf ganz Deutschland auszuweiten. Der &#8220;Widerstand werde gr\u00f6\u00dfer als je zuvor&#8221; hie\u00df es von einer Sprecherin der Gruppe am Montag. Die Klimaschutz-Protestgruppe &#8220;Letzte Generation&#8221; hat angek\u00fcndigt, ihre Blockade- und St\u00f6raktionen in diesem Jahr in ganz Deutschland deutlich auszuweiten. &#8220;Der Widerstand wird gr\u00f6\u00dfer [&hellip;]<\/p>\n","protected":false},"author":3,"featured_media":28501,"comment_status":"open","ping_status":"open","sticky":false,"template":"","format":"standard","meta":{"_yoast_indexnow_last_ping":["1674559994"],"wp_automatic_camp":["217"],"aeae916e7e89a5d85fc89fd60313c9c8":["&quot;Letzte Generation&quot; will Deutschland &quot;lahmlegen&quot;"],"original_link":["https:\/\/de.rt.com\/inland\/160822-letzte-generation-will-deutschland-lahm-legen\/"],"_thumbnail_id":["28501"],"_wptgpro_p2tg_sent2tg":["a:1:{i:23737;s:19:\"2023-01-24 13:34:13\";}"],"jnews_social_counter_last_update":["1777327762"]},"categories":[19,23],"tags":[179,29277,39556,35490],"yoast_head":"<!-- This site is optimized with the Yoast SEO Premium plugin v22.7 (Yoast SEO v22.7) - https:\/\/yoast.com\/wordpress\/plugins\/seo\/ -->\n<title>&quot;Letzte Generation&quot; will Deutschland &quot;lahmlegen&quot; - just-now.NEWS Deutschland<\/title>\n<meta name=\"robots\" content=\"index, follow, max-snippet:-1, max-image-preview:large, max-video-preview:-1\" \/>\n<link rel=\"canonical\" href=\"https:\/\/now-news.de\/de\/deutschland\/letzte-generation-will-deutschland-lahmlegen\/\" \/>\n<meta property=\"og:locale\" content=\"de_DE\" \/>\n<meta property=\"og:type\" content=\"article\" \/>\n<meta property=\"og:title\" content=\"&quot;Letzte Generation&quot; will Deutschland &quot;lahmlegen&quot;\" \/>\n<meta property=\"og:description\" content=\"Die Klimaaktivisten von &#8220;Letzte Generation&#8221; wollen ihre Blockade- und St\u00f6raktionen in diesem Jahr auf ganz Deutschland auszuweiten. Der &#8220;Widerstand werde gr\u00f6\u00dfer als je zuvor&#8221; hie\u00df es von einer Sprecherin der Gruppe am Montag. Die Klimaschutz-Protestgruppe &#8220;Letzte Generation&#8221; hat angek\u00fcndigt, ihre Blockade- und St\u00f6raktionen in diesem Jahr in ganz Deutschland deutlich auszuweiten. &#8220;Der Widerstand wird gr\u00f6\u00dfer [&hellip;]\" \/>\n<meta property=\"og:url\" content=\"https:\/\/now-news.de\/de\/deutschland\/letzte-generation-will-deutschland-lahmlegen\/\" \/>\n<meta property=\"og:site_name\" content=\"just-now.NEWS Deutschland\" \/>\n<meta property=\"article:publisher\" content=\"https:\/\/www.facebook.com\/wirmachenauf\" \/>\n<meta property=\"article:published_time\" content=\"2023-01-24T11:32:52+00:00\" \/>\n<meta property=\"og:image\" content=\"https:\/\/now-news.de\/de\/wp-content\/uploads\/sites\/3\/2023\/01\/quotLetzte-Generationquot-will-Deutschland-quotlahmlegenquot.jpg\" \/>\n\t<meta property=\"og:image:width\" content=\"460\" \/>\n\t<meta property=\"og:image:height\" content=\"259\" \/>\n\t<meta property=\"og:image:type\" content=\"image\/jpeg\" \/>\n<meta name=\"author\" content=\"rtnews\" \/>\n<meta name=\"twitter:card\" content=\"summary_large_image\" \/>\n<meta name=\"twitter:creator\" content=\"@WirMachenAuf_de\" \/>\n<meta name=\"twitter:site\" content=\"@WirMachenAuf_de\" \/>\n<meta name=\"twitter:label1\" content=\"Verfasst von\" \/>\n\t<meta name=\"twitter:data1\" content=\"rtnews\" \/>\n\t<meta name=\"twitter:label2\" content=\"Gesch\u00e4tzte Lesezeit\" \/>\n\t<meta name=\"twitter:data2\" content=\"2\u00a0Minuten\" \/>\n<script type=\"application\/ld+json\" class=\"yoast-schema-graph\">{\"@context\":\"https:\/\/schema.org\",\"@graph\":[{\"@type\":\"Article\",\"@id\":\"https:\/\/now-news.de\/de\/deutschland\/letzte-generation-will-deutschland-lahmlegen\/#article\",\"isPartOf\":{\"@id\":\"https:\/\/now-news.de\/de\/deutschland\/letzte-generation-will-deutschland-lahmlegen\/\"},\"author\":{\"name\":\"rtnews\",\"@id\":\"https:\/\/now-news.de\/de\/#\/schema\/person\/fb534a4e865501d8b3285208df34a9b5\"},\"headline\":\"&quot;Letzte Generation&quot; will Deutschland &quot;lahmlegen&quot;\",\"datePublished\":\"2023-01-24T11:32:52+00:00\",\"dateModified\":\"2023-01-24T11:32:52+00:00\",\"mainEntityOfPage\":{\"@id\":\"https:\/\/now-news.de\/de\/deutschland\/letzte-generation-will-deutschland-lahmlegen\/\"},\"wordCount\":352,\"commentCount\":0,\"publisher\":{\"@id\":\"https:\/\/now-news.de\/de\/#organization\"},\"image\":{\"@id\":\"https:\/\/now-news.de\/de\/deutschland\/letzte-generation-will-deutschland-lahmlegen\/#primaryimage\"},\"thumbnailUrl\":\"https:\/\/now-news.de\/de\/wp-content\/uploads\/sites\/3\/2023\/01\/quotLetzte-Generationquot-will-Deutschland-quotlahmlegenquot.jpg\",\"keywords\":[\"Deutschland\",\"Generationquot\",\"quotlahmlegenquot\",\"quotLetzte\"],\"articleSection\":[\"Deutschland\",\"Russland\"],\"inLanguage\":\"de\",\"potentialAction\":[{\"@type\":\"CommentAction\",\"name\":\"Comment\",\"target\":[\"https:\/\/now-news.de\/de\/deutschland\/letzte-generation-will-deutschland-lahmlegen\/#respond\"]}]},{\"@type\":\"WebPage\",\"@id\":\"https:\/\/now-news.de\/de\/deutschland\/letzte-generation-will-deutschland-lahmlegen\/\",\"url\":\"https:\/\/now-news.de\/de\/deutschland\/letzte-generation-will-deutschland-lahmlegen\/\",\"name\":\"&quot;Letzte Generation&quot; will Deutschland &quot;lahmlegen&quot; - just-now.NEWS Deutschland\",\"isPartOf\":{\"@id\":\"https:\/\/now-news.de\/de\/#website\"},\"primaryImageOfPage\":{\"@id\":\"https:\/\/now-news.de\/de\/deutschland\/letzte-generation-will-deutschland-lahmlegen\/#primaryimage\"},\"image\":{\"@id\":\"https:\/\/now-news.de\/de\/deutschland\/letzte-generation-will-deutschland-lahmlegen\/#primaryimage\"},\"thumbnailUrl\":\"https:\/\/now-news.de\/de\/wp-content\/uploads\/sites\/3\/2023\/01\/quotLetzte-Generationquot-will-Deutschland-quotlahmlegenquot.jpg\",\"datePublished\":\"2023-01-24T11:32:52+00:00\",\"dateModified\":\"2023-01-24T11:32:52+00:00\",\"breadcrumb\":{\"@id\":\"https:\/\/now-news.de\/de\/deutschland\/letzte-generation-will-deutschland-lahmlegen\/#breadcrumb\"},\"inLanguage\":\"de\",\"potentialAction\":[{\"@type\":\"ReadAction\",\"target\":[\"https:\/\/now-news.de\/de\/deutschland\/letzte-generation-will-deutschland-lahmlegen\/\"]}]},{\"@type\":\"ImageObject\",\"inLanguage\":\"de\",\"@id\":\"https:\/\/now-news.de\/de\/deutschland\/letzte-generation-will-deutschland-lahmlegen\/#primaryimage\",\"url\":\"https:\/\/now-news.de\/de\/wp-content\/uploads\/sites\/3\/2023\/01\/quotLetzte-Generationquot-will-Deutschland-quotlahmlegenquot.jpg\",\"contentUrl\":\"https:\/\/now-news.de\/de\/wp-content\/uploads\/sites\/3\/2023\/01\/quotLetzte-Generationquot-will-Deutschland-quotlahmlegenquot.jpg\",\"width\":460,\"height\":259,\"caption\":\"&quot;Letzte Generation&quot; will Deutschland &quot;lahmlegen&quot;\"},{\"@type\":\"BreadcrumbList\",\"@id\":\"https:\/\/now-news.de\/de\/deutschland\/letzte-generation-will-deutschland-lahmlegen\/#breadcrumb\",\"itemListElement\":[{\"@type\":\"ListItem\",\"position\":1,\"name\":\"Home\",\"item\":\"https:\/\/now-news.de\/de\/\"},{\"@type\":\"ListItem\",\"position\":2,\"name\":\"&quot;Letzte Generation&quot; will Deutschland &quot;lahmlegen&quot;\"}]},{\"@type\":\"WebSite\",\"@id\":\"https:\/\/now-news.de\/de\/#website\",\"url\":\"https:\/\/now-news.de\/de\/\",\"name\":\"just-now.NEWS Deutschland\",\"description\":\"Das Portal f\u00fcr unzensierte Nachrichten aus der Welt\",\"publisher\":{\"@id\":\"https:\/\/now-news.de\/de\/#organization\"},\"potentialAction\":[{\"@type\":\"SearchAction\",\"target\":{\"@type\":\"EntryPoint\",\"urlTemplate\":\"https:\/\/now-news.de\/de\/?s={search_term_string}\"},\"query-input\":\"required name=search_term_string\"}],\"inLanguage\":\"de\"},{\"@type\":\"Organization\",\"@id\":\"https:\/\/now-news.de\/de\/#organization\",\"name\":\"Just Now News\",\"url\":\"https:\/\/now-news.de\/de\/\",\"logo\":{\"@type\":\"ImageObject\",\"inLanguage\":\"de\",\"@id\":\"https:\/\/now-news.de\/de\/#\/schema\/logo\/image\/\",\"url\":\"http:\/\/just-now.news\/de\/wp-content\/uploads\/sites\/3\/2022\/04\/logo500x500.jpg\",\"contentUrl\":\"http:\/\/just-now.news\/de\/wp-content\/uploads\/sites\/3\/2022\/04\/logo500x500.jpg\",\"width\":500,\"height\":500,\"caption\":\"Just Now News\"},\"image\":{\"@id\":\"https:\/\/now-news.de\/de\/#\/schema\/logo\/image\/\"},\"sameAs\":[\"https:\/\/www.facebook.com\/wirmachenauf\",\"https:\/\/x.com\/WirMachenAuf_de\"]},{\"@type\":\"Person\",\"@id\":\"https:\/\/now-news.de\/de\/#\/schema\/person\/fb534a4e865501d8b3285208df34a9b5\",\"name\":\"rtnews\",\"image\":{\"@type\":\"ImageObject\",\"inLanguage\":\"de\",\"@id\":\"https:\/\/now-news.de\/de\/#\/schema\/person\/image\/\",\"url\":\"https:\/\/secure.gravatar.com\/avatar\/82aafea7d8127119dd649515f56e2117?s=96&d=mm&r=g\",\"contentUrl\":\"https:\/\/secure.gravatar.com\/avatar\/82aafea7d8127119dd649515f56e2117?s=96&d=mm&r=g\",\"caption\":\"rtnews\"},\"url\":\"https:\/\/now-news.de\/de\/author\/rnews\/\"}]}<\/script>\n<!-- \/ Yoast SEO Premium plugin. -->","yoast_head_json":{"title":"&quot;Letzte Generation&quot; will Deutschland &quot;lahmlegen&quot; - just-now.NEWS Deutschland","robots":{"index":"index","follow":"follow","max-snippet":"max-snippet:-1","max-image-preview":"max-image-preview:large","max-video-preview":"max-video-preview:-1"},"canonical":"https:\/\/now-news.de\/de\/deutschland\/letzte-generation-will-deutschland-lahmlegen\/","og_locale":"de_DE","og_type":"article","og_title":"&quot;Letzte Generation&quot; will Deutschland &quot;lahmlegen&quot;","og_description":"Die Klimaaktivisten von &#8220;Letzte Generation&#8221; wollen ihre Blockade- und St\u00f6raktionen in diesem Jahr auf ganz Deutschland auszuweiten. Der &#8220;Widerstand werde gr\u00f6\u00dfer als je zuvor&#8221; hie\u00df es von einer Sprecherin der Gruppe am Montag. Die Klimaschutz-Protestgruppe &#8220;Letzte Generation&#8221; hat angek\u00fcndigt, ihre Blockade- und St\u00f6raktionen in diesem Jahr in ganz Deutschland deutlich auszuweiten. &#8220;Der Widerstand wird gr\u00f6\u00dfer [&hellip;]","og_url":"https:\/\/now-news.de\/de\/deutschland\/letzte-generation-will-deutschland-lahmlegen\/","og_site_name":"just-now.NEWS Deutschland","article_publisher":"https:\/\/www.facebook.com\/wirmachenauf","article_published_time":"2023-01-24T11:32:52+00:00","og_image":[{"width":460,"height":259,"url":"https:\/\/now-news.de\/de\/wp-content\/uploads\/sites\/3\/2023\/01\/quotLetzte-Generationquot-will-Deutschland-quotlahmlegenquot.jpg","type":"image\/jpeg"}],"author":"rtnews","twitter_card":"summary_large_image","twitter_creator":"@WirMachenAuf_de","twitter_site":"@WirMachenAuf_de","twitter_misc":{"Verfasst von":"rtnews","Gesch\u00e4tzte Lesezeit":"2\u00a0Minuten"},"schema":{"@context":"https:\/\/schema.org","@graph":[{"@type":"Article","@id":"https:\/\/now-news.de\/de\/deutschland\/letzte-generation-will-deutschland-lahmlegen\/#article","isPartOf":{"@id":"https:\/\/now-news.de\/de\/deutschland\/letzte-generation-will-deutschland-lahmlegen\/"},"author":{"name":"rtnews","@id":"https:\/\/now-news.de\/de\/#\/schema\/person\/fb534a4e865501d8b3285208df34a9b5"},"headline":"&quot;Letzte Generation&quot; will Deutschland &quot;lahmlegen&quot;","datePublished":"2023-01-24T11:32:52+00:00","dateModified":"2023-01-24T11:32:52+00:00","mainEntityOfPage":{"@id":"https:\/\/now-news.de\/de\/deutschland\/letzte-generation-will-deutschland-lahmlegen\/"},"wordCount":352,"commentCount":0,"publisher":{"@id":"https:\/\/now-news.de\/de\/#organization"},"image":{"@id":"https:\/\/now-news.de\/de\/deutschland\/letzte-generation-will-deutschland-lahmlegen\/#primaryimage"},"thumbnailUrl":"https:\/\/now-news.de\/de\/wp-content\/uploads\/sites\/3\/2023\/01\/quotLetzte-Generationquot-will-Deutschland-quotlahmlegenquot.jpg","keywords":["Deutschland","Generationquot","quotlahmlegenquot","quotLetzte"],"articleSection":["Deutschland","Russland"],"inLanguage":"de","potentialAction":[{"@type":"CommentAction","name":"Comment","target":["https:\/\/now-news.de\/de\/deutschland\/letzte-generation-will-deutschland-lahmlegen\/#respond"]}]},{"@type":"WebPage","@id":"https:\/\/now-news.de\/de\/deutschland\/letzte-generation-will-deutschland-lahmlegen\/","url":"https:\/\/now-news.de\/de\/deutschland\/letzte-generation-will-deutschland-lahmlegen\/","name":"&quot;Letzte Generation&quot; will Deutschland &quot;lahmlegen&quot; - just-now.NEWS Deutschland","isPartOf":{"@id":"https:\/\/now-news.de\/de\/#website"},"primaryImageOfPage":{"@id":"https:\/\/now-news.de\/de\/deutschland\/letzte-generation-will-deutschland-lahmlegen\/#primaryimage"},"image":{"@id":"https:\/\/now-news.de\/de\/deutschland\/letzte-generation-will-deutschland-lahmlegen\/#primaryimage"},"thumbnailUrl":"https:\/\/now-news.de\/de\/wp-content\/uploads\/sites\/3\/2023\/01\/quotLetzte-Generationquot-will-Deutschland-quotlahmlegenquot.jpg","datePublished":"2023-01-24T11:32:52+00:00","dateModified":"2023-01-24T11:32:52+00:00","breadcrumb":{"@id":"https:\/\/now-news.de\/de\/deutschland\/letzte-generation-will-deutschland-lahmlegen\/#breadcrumb"},"inLanguage":"de","potentialAction":[{"@type":"ReadAction","target":["https:\/\/now-news.de\/de\/deutschland\/letzte-generation-will-deutschland-lahmlegen\/"]}]},{"@type":"ImageObject","inLanguage":"de","@id":"https:\/\/now-news.de\/de\/deutschland\/letzte-generation-will-deutschland-lahmlegen\/#primaryimage","url":"https:\/\/now-news.de\/de\/wp-content\/uploads\/sites\/3\/2023\/01\/quotLetzte-Generationquot-will-Deutschland-quotlahmlegenquot.jpg","contentUrl":"https:\/\/now-news.de\/de\/wp-content\/uploads\/sites\/3\/2023\/01\/quotLetzte-Generationquot-will-Deutschland-quotlahmlegenquot.jpg","width":460,"height":259,"caption":"&quot;Letzte Generation&quot; will Deutschland &quot;lahmlegen&quot;"},{"@type":"BreadcrumbList","@id":"https:\/\/now-news.de\/de\/deutschland\/letzte-generation-will-deutschland-lahmlegen\/#breadcrumb","itemListElement":[{"@type":"ListItem","position":1,"name":"Home","item":"https:\/\/now-news.de\/de\/"},{"@type":"ListItem","position":2,"name":"&quot;Letzte Generation&quot; will Deutschland &quot;lahmlegen&quot;"}]},{"@type":"WebSite","@id":"https:\/\/now-news.de\/de\/#website","url":"https:\/\/now-news.de\/de\/","name":"just-now.NEWS Deutschland","description":"Das Portal f\u00fcr unzensierte Nachrichten aus der Welt","publisher":{"@id":"https:\/\/now-news.de\/de\/#organization"},"potentialAction":[{"@type":"SearchAction","target":{"@type":"EntryPoint","urlTemplate":"https:\/\/now-news.de\/de\/?s={search_term_string}"},"query-input":"required name=search_term_string"}],"inLanguage":"de"},{"@type":"Organization","@id":"https:\/\/now-news.de\/de\/#organization","name":"Just Now News","url":"https:\/\/now-news.de\/de\/","logo":{"@type":"ImageObject","inLanguage":"de","@id":"https:\/\/now-news.de\/de\/#\/schema\/logo\/image\/","url":"http:\/\/just-now.news\/de\/wp-content\/uploads\/sites\/3\/2022\/04\/logo500x500.jpg","contentUrl":"http:\/\/just-now.news\/de\/wp-content\/uploads\/sites\/3\/2022\/04\/logo500x500.jpg","width":500,"height":500,"caption":"Just Now News"},"image":{"@id":"https:\/\/now-news.de\/de\/#\/schema\/logo\/image\/"},"sameAs":["https:\/\/www.facebook.com\/wirmachenauf","https:\/\/x.com\/WirMachenAuf_de"]},{"@type":"Person","@id":"https:\/\/now-news.de\/de\/#\/schema\/person\/fb534a4e865501d8b3285208df34a9b5","name":"rtnews","image":{"@type":"ImageObject","inLanguage":"de","@id":"https:\/\/now-news.de\/de\/#\/schema\/person\/image\/","url":"https:\/\/secure.gravatar.com\/avatar\/82aafea7d8127119dd649515f56e2117?s=96&d=mm&r=g","contentUrl":"https:\/\/secure.gravatar.com\/avatar\/82aafea7d8127119dd649515f56e2117?s=96&d=mm&r=g","caption":"rtnews"},"url":"https:\/\/now-news.de\/de\/author\/rnews\/"}]}},"_links":{"self":[{"href":"https:\/\/now-news.de\/de\/wp-json\/wp\/v2\/posts\/28500"}],"collection":[{"href":"https:\/\/now-news.de\/de\/wp-json\/wp\/v2\/posts"}],"about":[{"href":"https:\/\/now-news.de\/de\/wp-json\/wp\/v2\/types\/post"}],"author":[{"embeddable":true,"href":"https:\/\/now-news.de\/de\/wp-json\/wp\/v2\/users\/3"}],"replies":[{"embeddable":true,"href":"https:\/\/now-news.de\/de\/wp-json\/wp\/v2\/comments?post=28500"}],"version-history":[{"count":0,"href":"https:\/\/now-news.de\/de\/wp-json\/wp\/v2\/posts\/28500\/revisions"}],"wp:featuredmedia":[{"embeddable":true,"href":"https:\/\/now-news.de\/de\/wp-json\/wp\/v2\/media\/28501"}],"wp:attachment":[{"href":"https:\/\/now-news.de\/de\/wp-json\/wp\/v2\/media?parent=28500"}],"wp:term":[{"taxonomy":"category","embeddable":true,"href":"https:\/\/now-news.de\/de\/wp-json\/wp\/v2\/categories?post=28500"},{"taxonomy":"post_tag","embeddable":true,"href":"https:\/\/now-news.de\/de\/wp-json\/wp\/v2\/tags?post=28500"}],"curies":[{"name":"wp","href":"https:\/\/api.w.org\/{rel}","templated":true}]}}