{"id":28498,"date":"2023-01-24T12:54:30","date_gmt":"2023-01-24T10:54:30","guid":{"rendered":"https:\/\/just-now.news\/de\/deutschland\/staatskrise-in-israel-und-hamas-strategie-westjordanland-bildet-neuen-brennpunkt-der-konflikte\/"},"modified":"2023-01-24T12:54:30","modified_gmt":"2023-01-24T10:54:30","slug":"staatskrise-in-israel-und-hamas-strategie-westjordanland-bildet-neuen-brennpunkt-der-konflikte","status":"publish","type":"post","link":"https:\/\/now-news.de\/de\/deutschland\/staatskrise-in-israel-und-hamas-strategie-westjordanland-bildet-neuen-brennpunkt-der-konflikte\/","title":{"rendered":"Staatskrise in Israel und Hamas-Strategie: Westjordanland bildet neuen Brennpunkt der Konflikte"},"content":{"rendered":"<p><img decoding=\"async\" src=\"http:\/\/just-now.news\/de\/wp-content\/uploads\/sites\/3\/2023\/01\/63cfa59bb480cc77c122a497.jpg\" \/><\/p>\n<div class=\"Text-root Text-type_1 \">\n                Die R\u00fcckkehr Netanjahus in einem B\u00fcndnis mit einer Reihe radikaler Parteien hat zu Bef\u00fcrchtungen \u00fcber eine erneute Konfrontation mit der Hamas gef\u00fchrt. Die zuk\u00fcnftige Eskalation um die Pal\u00e4stina-Frage wird wohl innerhalb der gemischten j\u00fcdisch-arabischen Gemeinden im israelisch besetzten Westjordanland ausgetragen.\n            <\/div>\n<p><\/p>\n<div class=\"Text-root Text-type_5 ArticleView-text ViewText-root \">\n<p><em>Von Seyed Alireza Mousavi<\/em><\/p>\n<p>Die Wahlergebnisse im November\u00a02022 beendeten mit dem Sieg von\u00a0Benjamin Netanjahu\u00a0eine Serie von vier Wahlg\u00e4ngen innerhalb von drei Jahren, bei denen keines der Lager pro und contra Netanjahu einen klaren Sieg erringen konnte.\u00a0Die\u00a0neue Regierung Netanjahu kam allerdings aus einer schwachen Position heraus zustande. Denn Netanjahu\u00a0musste\u00a0seinen nationalistischen und ultrareligi\u00f6sen Koalitionspartnern mehrere Zugest\u00e4ndnisse machen, um \u00fcberhaupt ein Regierungsb\u00fcndnis bilden zu k\u00f6nnen.\u00a0Erstmals kommen damit Parteien und Politiker an die Macht, die noch vor kurzer Zeit als nicht salonf\u00e4hig galten. In den Reihen der neuen Regierung finden sich\u00a0Fundamentalisten, deren ideologische Weltvorstellungen an Radikalit\u00e4t alles \u00fcbertreffen, was bislang in Israel\u00a0vorstellbar war.<\/p>\n<p>Itamar Ben-Gvir, der wegen Unterst\u00fctzung einer terroristischen Organisation verurteilt wurde, erhielt den Posten als Minister f\u00fcr Nationale Sicherheit.\u00a0Israels neuer Finanzminister ist\u00a0Bezalel Smotrich, der beim Verteidigungsministerium zudem die Kontrolle \u00fcber die Milit\u00e4rverwaltung in den besetzten Gebieten \u00fcbernommen hat.\u00a0Damit wird fortan Smotrich\u00a0das Vorgehen der Armee im Westjordanland und die umstrittene Siedlungspolitik bestimmen. Er plant etwa, die Milit\u00e4rverwaltung in zwei Jahren aufzul\u00f6sen, wobei dieser m\u00f6gliche Schritt faktisch einer Annexion der besetzten Gebiete gleichk\u00e4me.\u00a0Damit wird die\u00a0Anwendung des Apartheid-Begriffs auf Israel\u00a0immer relevanter.\u00a0<\/p>\n<p>Das Justizsystem ist der neuen Regierung ein Dorn im Auge, da das Oberste Gericht Gesetze f\u00fcr verfassungswidrig erkl\u00e4ren kann. Nun will die Netanjahu-Regierung Kompetenzen des Obersten Gerichtshofes bei der Pr\u00fcfung von\u00a0Parlamentsgesetzen stark beschneiden.\u00a0Gegen Netanjahu selbst l\u00e4uft aktuell ein Prozess wegen mutma\u00dflicher Korruption. Und die\u00a0Lage zwischen der Regierung und der Justiz\u00a0war zudem vor Kurzem eskaliert, nachdem der Oberste\u00a0Gerichtshof Netanjahu gezwungen hatte, den Innen- und Gesundheitsminister,\u00a0Arje Deri, wegen\u00a0seiner Vorstrafen\u00a0zu entlassen.<\/p>\n<p>Die radikale Regierung in Israel hat wieder einmal die Bruchstellen der israelischen Gesellschaft offenbart.\u00a0Die israelische Staatskrise reicht indes weit \u00fcber den Streit um\u00a0die Justizreform und die radikalen Pers\u00f6nlichkeiten in der Regierung hinaus. Zehntausende Israelis\u00a0versammelten\u00a0sich den\u00a0dritten Samstagabend\u00a0in Folge am 21. Januar in mehreren israelischen St\u00e4dten, um gegen die neue Regierung zu protestieren.\u00a0Viele Teilnehmer scheuten sich dabei nicht vor nachdr\u00fccklichen Forderungen. Man m\u00fcsse verhindern, dass Israel zu einer Diktatur werde, hie\u00df es. Bei den j\u00fcngsten Protesten waren auch pal\u00e4stinensische Flaggen zu sehen.\u00a0Die arabische Minderheit macht etwa 20 Prozent der rund neun Millionen Einwohner Israels aus. In vielen St\u00e4dten ist die Bev\u00f6lkerung gemischt, die arabische Bev\u00f6lkerung ist\u00a0zahlreichen Diskriminierungen ausgesetzt.<\/p>\n<p>Zugleich eskalieren die Unruhen im Westjordanland.\u00a0Im vergangenen Jahr kam es\u00a0dort zu einer der schlimmsten Gewalttaten seit \u00fcber einem Jahrzehnt, als die Armee nach einer Reihe t\u00f6dlicher Angriffe von Pal\u00e4stinensern in Israel fast t\u00e4glich Razzien in St\u00e4dten wie Nablus und Dschenin durchf\u00fchrte.\u00a0Mehr als 160 Pal\u00e4stinenser wurden get\u00f6tet, als die israelischen Streitkr\u00e4fte ihre Operationen verst\u00e4rkten. Dabei war zu beobachten, wie\u00a0junge K\u00e4mpfer, die von der Fatah-Bewegung\u00a0entt\u00e4uscht\u00a0waren, neue Gruppen wie die &#8220;L\u00f6wengrube&#8221; in Nablus oder die Dschenin-Brigaden gr\u00fcndeten.<\/p>\n<p>Die R\u00fcckkehr Netanjahus in einem B\u00fcndnis mit einer Reihe religi\u00f6ser und rechtsextremer Parteien, die den Siedlungsausbau und\u00a0die Entrechtung der Pal\u00e4stinenser bef\u00fcrworten, hat zu Bef\u00fcrchtungen \u00fcber eine erneute Konfrontation mit den Pal\u00e4stinensern und insbesondere mit der Hamas gef\u00fchrt. Da der Fatah-F\u00fchrer und Pr\u00e4sident der Pal\u00e4stinensischen Autonomiebeh\u00f6rde, Mahmud Abbas, inzwischen weit \u00fcber 80 Jahre alt ist, hat die Hamas bereits ein Auge auf die Zukunft im Westjordanland geworfen. Die zuk\u00fcnftige Eskalation um die\u00a0Pal\u00e4stina-Frage wird daher\u00a0wohl nicht mehr zwischen Gaza und Israel ausgetragen, sondern im Westjordanland. Genauer gesagt, innerhalb der Orte mit israelisch-pal\u00e4stinisch gemischter Bev\u00f6lkerung. Und damit w\u00fcrde eine\u00a0weitere Eskalationsstufe erreicht.<\/p>\n<p>US-Au\u00dfenminister Antony Blinken wird n\u00e4chste Woche Israel und das Westjordanland besuchen, um die neuen Entwicklungen zu besprechen.\u00a0Blinken wird der zweite hochrangige Beamte der Biden-Regierung sein, der diesen Monat Israel besucht, weniger als zwei Wochen nach dem Nationalen Sicherheitsberater des Wei\u00dfen Hauses, Jake Sullivan. Die USA\u00a0bef\u00fcrchten\u00a0erneute b\u00fcrgerkriegs\u00e4hnliche Zust\u00e4nde in Israel, wie schon bei dem Konflikt in Gaza im Jahr 2021.\u00a0Denn\u00a0von diesen Unruhen k\u00f6nnte nicht zuletzt der Hauptrivale der USA in der Region, Iran, profitieren.\u00a0<\/p>\n<p><strong>Mehr zum Thema<\/strong> &#8211; <a rel=\"nofollow noopener\" target=\"_blank\" href=\"https:\/\/de.rt.com\/der-nahe-osten\/152563-kollektivbestrafung-palastinenser-nablus-von-israelischen\/\">Kollektivbestrafung der Pal\u00e4stinenser: Nablus von der israelischen Armee abgeriegelt<\/a><\/p>\n<\/p>\n<\/div>\n<p><br \/>\n<br \/><a href=\"https:\/\/de.rt.com\/der-nahe-osten\/160808-staatskrise-in-israel-und-hamas\/\">Source link <\/a><\/p>\n","protected":false},"excerpt":{"rendered":"<p>Die R\u00fcckkehr Netanjahus in einem B\u00fcndnis mit einer Reihe radikaler Parteien hat zu Bef\u00fcrchtungen \u00fcber eine erneute Konfrontation mit der Hamas gef\u00fchrt. Die zuk\u00fcnftige Eskalation um die Pal\u00e4stina-Frage wird wohl innerhalb der gemischten j\u00fcdisch-arabischen Gemeinden im israelisch besetzten Westjordanland ausgetragen. Von Seyed Alireza Mousavi Die Wahlergebnisse im November\u00a02022 beendeten mit dem Sieg von\u00a0Benjamin Netanjahu\u00a0eine Serie [&hellip;]<\/p>\n","protected":false},"author":3,"featured_media":28499,"comment_status":"open","ping_status":"open","sticky":false,"template":"","format":"standard","meta":{"_yoast_indexnow_last_ping":["1674558001"],"wp_automatic_camp":["217"],"e2a39b934267314410e6abb6b5f97db3":["Staatskrise in Israel und Hamas-Strategie: Westjordanland bildet neuen Brennpunkt der Konflikte"],"original_link":["https:\/\/de.rt.com\/der-nahe-osten\/160808-staatskrise-in-israel-und-hamas\/"],"_thumbnail_id":["28499"],"_wptgpro_p2tg_sent2tg":["a:1:{i:23737;s:19:\"2023-01-24 13:01:16\";}"],"jnews_social_counter_last_update":["1777349856"]},"categories":[19,23],"tags":[10864,39555,82,39554,432,3649,213,39508,140,15698],"yoast_head":"<!-- This site is optimized with the Yoast SEO Premium plugin v22.7 (Yoast SEO v22.7) - https:\/\/yoast.com\/wordpress\/plugins\/seo\/ -->\n<title>Staatskrise in Israel und Hamas-Strategie: Westjordanland bildet neuen Brennpunkt der Konflikte - just-now.NEWS Deutschland<\/title>\n<meta name=\"robots\" content=\"index, follow, max-snippet:-1, max-image-preview:large, max-video-preview:-1\" \/>\n<link rel=\"canonical\" href=\"https:\/\/now-news.de\/de\/deutschland\/staatskrise-in-israel-und-hamas-strategie-westjordanland-bildet-neuen-brennpunkt-der-konflikte\/\" \/>\n<meta property=\"og:locale\" content=\"de_DE\" \/>\n<meta property=\"og:type\" content=\"article\" \/>\n<meta property=\"og:title\" content=\"Staatskrise in Israel und Hamas-Strategie: Westjordanland bildet neuen Brennpunkt der Konflikte\" \/>\n<meta property=\"og:description\" content=\"Die R\u00fcckkehr Netanjahus in einem B\u00fcndnis mit einer Reihe radikaler Parteien hat zu Bef\u00fcrchtungen \u00fcber eine erneute Konfrontation mit der Hamas gef\u00fchrt. Die zuk\u00fcnftige Eskalation um die Pal\u00e4stina-Frage wird wohl innerhalb der gemischten j\u00fcdisch-arabischen Gemeinden im israelisch besetzten Westjordanland ausgetragen. Von Seyed Alireza Mousavi Die Wahlergebnisse im November\u00a02022 beendeten mit dem Sieg von\u00a0Benjamin Netanjahu\u00a0eine Serie [&hellip;]\" \/>\n<meta property=\"og:url\" content=\"https:\/\/now-news.de\/de\/deutschland\/staatskrise-in-israel-und-hamas-strategie-westjordanland-bildet-neuen-brennpunkt-der-konflikte\/\" \/>\n<meta property=\"og:site_name\" content=\"just-now.NEWS Deutschland\" \/>\n<meta property=\"article:publisher\" content=\"https:\/\/www.facebook.com\/wirmachenauf\" \/>\n<meta property=\"article:published_time\" content=\"2023-01-24T10:54:30+00:00\" \/>\n<meta property=\"og:image\" content=\"https:\/\/now-news.de\/de\/wp-content\/uploads\/sites\/3\/2023\/01\/Staatskrise-in-Israel-und-Hamas-Strategie-Westjordanland-bildet-neuen-Brennpunkt-der.jpg\" \/>\n\t<meta property=\"og:image:width\" content=\"460\" \/>\n\t<meta property=\"og:image:height\" content=\"259\" \/>\n\t<meta property=\"og:image:type\" content=\"image\/jpeg\" \/>\n<meta name=\"author\" content=\"rtnews\" \/>\n<meta name=\"twitter:card\" content=\"summary_large_image\" \/>\n<meta name=\"twitter:creator\" content=\"@WirMachenAuf_de\" \/>\n<meta name=\"twitter:site\" content=\"@WirMachenAuf_de\" \/>\n<meta name=\"twitter:label1\" content=\"Verfasst von\" \/>\n\t<meta name=\"twitter:data1\" content=\"rtnews\" \/>\n\t<meta name=\"twitter:label2\" content=\"Gesch\u00e4tzte Lesezeit\" \/>\n\t<meta name=\"twitter:data2\" content=\"4\u00a0Minuten\" \/>\n<script type=\"application\/ld+json\" class=\"yoast-schema-graph\">{\"@context\":\"https:\/\/schema.org\",\"@graph\":[{\"@type\":\"Article\",\"@id\":\"https:\/\/now-news.de\/de\/deutschland\/staatskrise-in-israel-und-hamas-strategie-westjordanland-bildet-neuen-brennpunkt-der-konflikte\/#article\",\"isPartOf\":{\"@id\":\"https:\/\/now-news.de\/de\/deutschland\/staatskrise-in-israel-und-hamas-strategie-westjordanland-bildet-neuen-brennpunkt-der-konflikte\/\"},\"author\":{\"name\":\"rtnews\",\"@id\":\"https:\/\/now-news.de\/de\/#\/schema\/person\/fb534a4e865501d8b3285208df34a9b5\"},\"headline\":\"Staatskrise in Israel und Hamas-Strategie: Westjordanland bildet neuen Brennpunkt der Konflikte\",\"datePublished\":\"2023-01-24T10:54:30+00:00\",\"dateModified\":\"2023-01-24T10:54:30+00:00\",\"mainEntityOfPage\":{\"@id\":\"https:\/\/now-news.de\/de\/deutschland\/staatskrise-in-israel-und-hamas-strategie-westjordanland-bildet-neuen-brennpunkt-der-konflikte\/\"},\"wordCount\":779,\"commentCount\":0,\"publisher\":{\"@id\":\"https:\/\/now-news.de\/de\/#organization\"},\"image\":{\"@id\":\"https:\/\/now-news.de\/de\/deutschland\/staatskrise-in-israel-und-hamas-strategie-westjordanland-bildet-neuen-brennpunkt-der-konflikte\/#primaryimage\"},\"thumbnailUrl\":\"https:\/\/now-news.de\/de\/wp-content\/uploads\/sites\/3\/2023\/01\/Staatskrise-in-Israel-und-Hamas-Strategie-Westjordanland-bildet-neuen-Brennpunkt-der.jpg\",\"keywords\":[\"bildet\",\"Brennpunkt\",\"der\",\"HamasStrategie\",\"Israel\",\"Konflikte\",\"neuen\",\"Staatskrise\",\"und\",\"Westjordanland\"],\"articleSection\":[\"Deutschland\",\"Russland\"],\"inLanguage\":\"de\",\"potentialAction\":[{\"@type\":\"CommentAction\",\"name\":\"Comment\",\"target\":[\"https:\/\/now-news.de\/de\/deutschland\/staatskrise-in-israel-und-hamas-strategie-westjordanland-bildet-neuen-brennpunkt-der-konflikte\/#respond\"]}]},{\"@type\":\"WebPage\",\"@id\":\"https:\/\/now-news.de\/de\/deutschland\/staatskrise-in-israel-und-hamas-strategie-westjordanland-bildet-neuen-brennpunkt-der-konflikte\/\",\"url\":\"https:\/\/now-news.de\/de\/deutschland\/staatskrise-in-israel-und-hamas-strategie-westjordanland-bildet-neuen-brennpunkt-der-konflikte\/\",\"name\":\"Staatskrise in Israel und Hamas-Strategie: Westjordanland bildet neuen Brennpunkt der Konflikte - just-now.NEWS Deutschland\",\"isPartOf\":{\"@id\":\"https:\/\/now-news.de\/de\/#website\"},\"primaryImageOfPage\":{\"@id\":\"https:\/\/now-news.de\/de\/deutschland\/staatskrise-in-israel-und-hamas-strategie-westjordanland-bildet-neuen-brennpunkt-der-konflikte\/#primaryimage\"},\"image\":{\"@id\":\"https:\/\/now-news.de\/de\/deutschland\/staatskrise-in-israel-und-hamas-strategie-westjordanland-bildet-neuen-brennpunkt-der-konflikte\/#primaryimage\"},\"thumbnailUrl\":\"https:\/\/now-news.de\/de\/wp-content\/uploads\/sites\/3\/2023\/01\/Staatskrise-in-Israel-und-Hamas-Strategie-Westjordanland-bildet-neuen-Brennpunkt-der.jpg\",\"datePublished\":\"2023-01-24T10:54:30+00:00\",\"dateModified\":\"2023-01-24T10:54:30+00:00\",\"breadcrumb\":{\"@id\":\"https:\/\/now-news.de\/de\/deutschland\/staatskrise-in-israel-und-hamas-strategie-westjordanland-bildet-neuen-brennpunkt-der-konflikte\/#breadcrumb\"},\"inLanguage\":\"de\",\"potentialAction\":[{\"@type\":\"ReadAction\",\"target\":[\"https:\/\/now-news.de\/de\/deutschland\/staatskrise-in-israel-und-hamas-strategie-westjordanland-bildet-neuen-brennpunkt-der-konflikte\/\"]}]},{\"@type\":\"ImageObject\",\"inLanguage\":\"de\",\"@id\":\"https:\/\/now-news.de\/de\/deutschland\/staatskrise-in-israel-und-hamas-strategie-westjordanland-bildet-neuen-brennpunkt-der-konflikte\/#primaryimage\",\"url\":\"https:\/\/now-news.de\/de\/wp-content\/uploads\/sites\/3\/2023\/01\/Staatskrise-in-Israel-und-Hamas-Strategie-Westjordanland-bildet-neuen-Brennpunkt-der.jpg\",\"contentUrl\":\"https:\/\/now-news.de\/de\/wp-content\/uploads\/sites\/3\/2023\/01\/Staatskrise-in-Israel-und-Hamas-Strategie-Westjordanland-bildet-neuen-Brennpunkt-der.jpg\",\"width\":460,\"height\":259,\"caption\":\"Staatskrise in Israel und Hamas-Strategie: Westjordanland bildet neuen Brennpunkt der Konflikte\"},{\"@type\":\"BreadcrumbList\",\"@id\":\"https:\/\/now-news.de\/de\/deutschland\/staatskrise-in-israel-und-hamas-strategie-westjordanland-bildet-neuen-brennpunkt-der-konflikte\/#breadcrumb\",\"itemListElement\":[{\"@type\":\"ListItem\",\"position\":1,\"name\":\"Home\",\"item\":\"https:\/\/now-news.de\/de\/\"},{\"@type\":\"ListItem\",\"position\":2,\"name\":\"Staatskrise in Israel und Hamas-Strategie: Westjordanland bildet neuen Brennpunkt der Konflikte\"}]},{\"@type\":\"WebSite\",\"@id\":\"https:\/\/now-news.de\/de\/#website\",\"url\":\"https:\/\/now-news.de\/de\/\",\"name\":\"just-now.NEWS Deutschland\",\"description\":\"Das Portal f\u00fcr unzensierte Nachrichten aus der Welt\",\"publisher\":{\"@id\":\"https:\/\/now-news.de\/de\/#organization\"},\"potentialAction\":[{\"@type\":\"SearchAction\",\"target\":{\"@type\":\"EntryPoint\",\"urlTemplate\":\"https:\/\/now-news.de\/de\/?s={search_term_string}\"},\"query-input\":\"required name=search_term_string\"}],\"inLanguage\":\"de\"},{\"@type\":\"Organization\",\"@id\":\"https:\/\/now-news.de\/de\/#organization\",\"name\":\"Just Now News\",\"url\":\"https:\/\/now-news.de\/de\/\",\"logo\":{\"@type\":\"ImageObject\",\"inLanguage\":\"de\",\"@id\":\"https:\/\/now-news.de\/de\/#\/schema\/logo\/image\/\",\"url\":\"http:\/\/just-now.news\/de\/wp-content\/uploads\/sites\/3\/2022\/04\/logo500x500.jpg\",\"contentUrl\":\"http:\/\/just-now.news\/de\/wp-content\/uploads\/sites\/3\/2022\/04\/logo500x500.jpg\",\"width\":500,\"height\":500,\"caption\":\"Just Now News\"},\"image\":{\"@id\":\"https:\/\/now-news.de\/de\/#\/schema\/logo\/image\/\"},\"sameAs\":[\"https:\/\/www.facebook.com\/wirmachenauf\",\"https:\/\/x.com\/WirMachenAuf_de\"]},{\"@type\":\"Person\",\"@id\":\"https:\/\/now-news.de\/de\/#\/schema\/person\/fb534a4e865501d8b3285208df34a9b5\",\"name\":\"rtnews\",\"image\":{\"@type\":\"ImageObject\",\"inLanguage\":\"de\",\"@id\":\"https:\/\/now-news.de\/de\/#\/schema\/person\/image\/\",\"url\":\"https:\/\/secure.gravatar.com\/avatar\/82aafea7d8127119dd649515f56e2117?s=96&d=mm&r=g\",\"contentUrl\":\"https:\/\/secure.gravatar.com\/avatar\/82aafea7d8127119dd649515f56e2117?s=96&d=mm&r=g\",\"caption\":\"rtnews\"},\"url\":\"https:\/\/now-news.de\/de\/author\/rnews\/\"}]}<\/script>\n<!-- \/ Yoast SEO Premium plugin. -->","yoast_head_json":{"title":"Staatskrise in Israel und Hamas-Strategie: Westjordanland bildet neuen Brennpunkt der Konflikte - just-now.NEWS Deutschland","robots":{"index":"index","follow":"follow","max-snippet":"max-snippet:-1","max-image-preview":"max-image-preview:large","max-video-preview":"max-video-preview:-1"},"canonical":"https:\/\/now-news.de\/de\/deutschland\/staatskrise-in-israel-und-hamas-strategie-westjordanland-bildet-neuen-brennpunkt-der-konflikte\/","og_locale":"de_DE","og_type":"article","og_title":"Staatskrise in Israel und Hamas-Strategie: Westjordanland bildet neuen Brennpunkt der Konflikte","og_description":"Die R\u00fcckkehr Netanjahus in einem B\u00fcndnis mit einer Reihe radikaler Parteien hat zu Bef\u00fcrchtungen \u00fcber eine erneute Konfrontation mit der Hamas gef\u00fchrt. Die zuk\u00fcnftige Eskalation um die Pal\u00e4stina-Frage wird wohl innerhalb der gemischten j\u00fcdisch-arabischen Gemeinden im israelisch besetzten Westjordanland ausgetragen. Von Seyed Alireza Mousavi Die Wahlergebnisse im November\u00a02022 beendeten mit dem Sieg von\u00a0Benjamin Netanjahu\u00a0eine Serie [&hellip;]","og_url":"https:\/\/now-news.de\/de\/deutschland\/staatskrise-in-israel-und-hamas-strategie-westjordanland-bildet-neuen-brennpunkt-der-konflikte\/","og_site_name":"just-now.NEWS Deutschland","article_publisher":"https:\/\/www.facebook.com\/wirmachenauf","article_published_time":"2023-01-24T10:54:30+00:00","og_image":[{"width":460,"height":259,"url":"https:\/\/now-news.de\/de\/wp-content\/uploads\/sites\/3\/2023\/01\/Staatskrise-in-Israel-und-Hamas-Strategie-Westjordanland-bildet-neuen-Brennpunkt-der.jpg","type":"image\/jpeg"}],"author":"rtnews","twitter_card":"summary_large_image","twitter_creator":"@WirMachenAuf_de","twitter_site":"@WirMachenAuf_de","twitter_misc":{"Verfasst von":"rtnews","Gesch\u00e4tzte Lesezeit":"4\u00a0Minuten"},"schema":{"@context":"https:\/\/schema.org","@graph":[{"@type":"Article","@id":"https:\/\/now-news.de\/de\/deutschland\/staatskrise-in-israel-und-hamas-strategie-westjordanland-bildet-neuen-brennpunkt-der-konflikte\/#article","isPartOf":{"@id":"https:\/\/now-news.de\/de\/deutschland\/staatskrise-in-israel-und-hamas-strategie-westjordanland-bildet-neuen-brennpunkt-der-konflikte\/"},"author":{"name":"rtnews","@id":"https:\/\/now-news.de\/de\/#\/schema\/person\/fb534a4e865501d8b3285208df34a9b5"},"headline":"Staatskrise in Israel und Hamas-Strategie: Westjordanland bildet neuen Brennpunkt der Konflikte","datePublished":"2023-01-24T10:54:30+00:00","dateModified":"2023-01-24T10:54:30+00:00","mainEntityOfPage":{"@id":"https:\/\/now-news.de\/de\/deutschland\/staatskrise-in-israel-und-hamas-strategie-westjordanland-bildet-neuen-brennpunkt-der-konflikte\/"},"wordCount":779,"commentCount":0,"publisher":{"@id":"https:\/\/now-news.de\/de\/#organization"},"image":{"@id":"https:\/\/now-news.de\/de\/deutschland\/staatskrise-in-israel-und-hamas-strategie-westjordanland-bildet-neuen-brennpunkt-der-konflikte\/#primaryimage"},"thumbnailUrl":"https:\/\/now-news.de\/de\/wp-content\/uploads\/sites\/3\/2023\/01\/Staatskrise-in-Israel-und-Hamas-Strategie-Westjordanland-bildet-neuen-Brennpunkt-der.jpg","keywords":["bildet","Brennpunkt","der","HamasStrategie","Israel","Konflikte","neuen","Staatskrise","und","Westjordanland"],"articleSection":["Deutschland","Russland"],"inLanguage":"de","potentialAction":[{"@type":"CommentAction","name":"Comment","target":["https:\/\/now-news.de\/de\/deutschland\/staatskrise-in-israel-und-hamas-strategie-westjordanland-bildet-neuen-brennpunkt-der-konflikte\/#respond"]}]},{"@type":"WebPage","@id":"https:\/\/now-news.de\/de\/deutschland\/staatskrise-in-israel-und-hamas-strategie-westjordanland-bildet-neuen-brennpunkt-der-konflikte\/","url":"https:\/\/now-news.de\/de\/deutschland\/staatskrise-in-israel-und-hamas-strategie-westjordanland-bildet-neuen-brennpunkt-der-konflikte\/","name":"Staatskrise in Israel und Hamas-Strategie: Westjordanland bildet neuen Brennpunkt der Konflikte - just-now.NEWS Deutschland","isPartOf":{"@id":"https:\/\/now-news.de\/de\/#website"},"primaryImageOfPage":{"@id":"https:\/\/now-news.de\/de\/deutschland\/staatskrise-in-israel-und-hamas-strategie-westjordanland-bildet-neuen-brennpunkt-der-konflikte\/#primaryimage"},"image":{"@id":"https:\/\/now-news.de\/de\/deutschland\/staatskrise-in-israel-und-hamas-strategie-westjordanland-bildet-neuen-brennpunkt-der-konflikte\/#primaryimage"},"thumbnailUrl":"https:\/\/now-news.de\/de\/wp-content\/uploads\/sites\/3\/2023\/01\/Staatskrise-in-Israel-und-Hamas-Strategie-Westjordanland-bildet-neuen-Brennpunkt-der.jpg","datePublished":"2023-01-24T10:54:30+00:00","dateModified":"2023-01-24T10:54:30+00:00","breadcrumb":{"@id":"https:\/\/now-news.de\/de\/deutschland\/staatskrise-in-israel-und-hamas-strategie-westjordanland-bildet-neuen-brennpunkt-der-konflikte\/#breadcrumb"},"inLanguage":"de","potentialAction":[{"@type":"ReadAction","target":["https:\/\/now-news.de\/de\/deutschland\/staatskrise-in-israel-und-hamas-strategie-westjordanland-bildet-neuen-brennpunkt-der-konflikte\/"]}]},{"@type":"ImageObject","inLanguage":"de","@id":"https:\/\/now-news.de\/de\/deutschland\/staatskrise-in-israel-und-hamas-strategie-westjordanland-bildet-neuen-brennpunkt-der-konflikte\/#primaryimage","url":"https:\/\/now-news.de\/de\/wp-content\/uploads\/sites\/3\/2023\/01\/Staatskrise-in-Israel-und-Hamas-Strategie-Westjordanland-bildet-neuen-Brennpunkt-der.jpg","contentUrl":"https:\/\/now-news.de\/de\/wp-content\/uploads\/sites\/3\/2023\/01\/Staatskrise-in-Israel-und-Hamas-Strategie-Westjordanland-bildet-neuen-Brennpunkt-der.jpg","width":460,"height":259,"caption":"Staatskrise in Israel und Hamas-Strategie: Westjordanland bildet neuen Brennpunkt der Konflikte"},{"@type":"BreadcrumbList","@id":"https:\/\/now-news.de\/de\/deutschland\/staatskrise-in-israel-und-hamas-strategie-westjordanland-bildet-neuen-brennpunkt-der-konflikte\/#breadcrumb","itemListElement":[{"@type":"ListItem","position":1,"name":"Home","item":"https:\/\/now-news.de\/de\/"},{"@type":"ListItem","position":2,"name":"Staatskrise in Israel und Hamas-Strategie: Westjordanland bildet neuen Brennpunkt der Konflikte"}]},{"@type":"WebSite","@id":"https:\/\/now-news.de\/de\/#website","url":"https:\/\/now-news.de\/de\/","name":"just-now.NEWS Deutschland","description":"Das Portal f\u00fcr unzensierte Nachrichten aus der Welt","publisher":{"@id":"https:\/\/now-news.de\/de\/#organization"},"potentialAction":[{"@type":"SearchAction","target":{"@type":"EntryPoint","urlTemplate":"https:\/\/now-news.de\/de\/?s={search_term_string}"},"query-input":"required name=search_term_string"}],"inLanguage":"de"},{"@type":"Organization","@id":"https:\/\/now-news.de\/de\/#organization","name":"Just Now News","url":"https:\/\/now-news.de\/de\/","logo":{"@type":"ImageObject","inLanguage":"de","@id":"https:\/\/now-news.de\/de\/#\/schema\/logo\/image\/","url":"http:\/\/just-now.news\/de\/wp-content\/uploads\/sites\/3\/2022\/04\/logo500x500.jpg","contentUrl":"http:\/\/just-now.news\/de\/wp-content\/uploads\/sites\/3\/2022\/04\/logo500x500.jpg","width":500,"height":500,"caption":"Just Now News"},"image":{"@id":"https:\/\/now-news.de\/de\/#\/schema\/logo\/image\/"},"sameAs":["https:\/\/www.facebook.com\/wirmachenauf","https:\/\/x.com\/WirMachenAuf_de"]},{"@type":"Person","@id":"https:\/\/now-news.de\/de\/#\/schema\/person\/fb534a4e865501d8b3285208df34a9b5","name":"rtnews","image":{"@type":"ImageObject","inLanguage":"de","@id":"https:\/\/now-news.de\/de\/#\/schema\/person\/image\/","url":"https:\/\/secure.gravatar.com\/avatar\/82aafea7d8127119dd649515f56e2117?s=96&d=mm&r=g","contentUrl":"https:\/\/secure.gravatar.com\/avatar\/82aafea7d8127119dd649515f56e2117?s=96&d=mm&r=g","caption":"rtnews"},"url":"https:\/\/now-news.de\/de\/author\/rnews\/"}]}},"_links":{"self":[{"href":"https:\/\/now-news.de\/de\/wp-json\/wp\/v2\/posts\/28498"}],"collection":[{"href":"https:\/\/now-news.de\/de\/wp-json\/wp\/v2\/posts"}],"about":[{"href":"https:\/\/now-news.de\/de\/wp-json\/wp\/v2\/types\/post"}],"author":[{"embeddable":true,"href":"https:\/\/now-news.de\/de\/wp-json\/wp\/v2\/users\/3"}],"replies":[{"embeddable":true,"href":"https:\/\/now-news.de\/de\/wp-json\/wp\/v2\/comments?post=28498"}],"version-history":[{"count":0,"href":"https:\/\/now-news.de\/de\/wp-json\/wp\/v2\/posts\/28498\/revisions"}],"wp:featuredmedia":[{"embeddable":true,"href":"https:\/\/now-news.de\/de\/wp-json\/wp\/v2\/media\/28499"}],"wp:attachment":[{"href":"https:\/\/now-news.de\/de\/wp-json\/wp\/v2\/media?parent=28498"}],"wp:term":[{"taxonomy":"category","embeddable":true,"href":"https:\/\/now-news.de\/de\/wp-json\/wp\/v2\/categories?post=28498"},{"taxonomy":"post_tag","embeddable":true,"href":"https:\/\/now-news.de\/de\/wp-json\/wp\/v2\/tags?post=28498"}],"curies":[{"name":"wp","href":"https:\/\/api.w.org\/{rel}","templated":true}]}}