{"id":28489,"date":"2023-01-24T11:21:14","date_gmt":"2023-01-24T09:21:14","guid":{"rendered":"https:\/\/just-now.news\/de\/deutschland\/nicolas-maduro-begruesst-initiative-fuer-einheitliche-waehrung-in-lateinamerika\/"},"modified":"2023-01-24T11:21:14","modified_gmt":"2023-01-24T09:21:14","slug":"nicolas-maduro-begruesst-initiative-fuer-einheitliche-waehrung-in-lateinamerika","status":"publish","type":"post","link":"https:\/\/now-news.de\/de\/deutschland\/nicolas-maduro-begruesst-initiative-fuer-einheitliche-waehrung-in-lateinamerika\/","title":{"rendered":"Nicol\u00e1s Maduro begr\u00fc\u00dft Initiative f\u00fcr einheitliche W\u00e4hrung in Lateinamerika"},"content":{"rendered":"<p><img decoding=\"async\" src=\"http:\/\/just-now.news\/de\/wp-content\/uploads\/sites\/3\/2023\/01\/63cf98bb48fbef592d6698dc.jpg\" \/><\/p>\n<div class=\"Text-root Text-type_1 \">\n                Der Auslandsbesuch von Luiz In\u00e1cio Lula da Silva in Argentinien hat auch in Venezuela Anklang gefunden. Nicol\u00e1s Maduro begr\u00fc\u00dft die Idee einer gemeinsamen lateinamerikanischen W\u00e4hrung, die Brasiliens Pr\u00e4sident ins Spiel gebracht hat. Venezuela sei bereit, so Maduro.\n            <\/div>\n<p><\/p>\n<div class=\"Text-root Text-type_5 ArticleView-text ViewText-root \">\n<p>Der venezolanische Pr\u00e4sident Nicol\u00e1s Maduro hat am Montag die Initiative begr\u00fc\u00dft, in Lateinamerika und in der Karibik eine einheitliche W\u00e4hrung ins Leben zu rufen. Bei einer Veranstaltung in Caracas, die dem 65. Jahrestag des Endes der Diktatur von General Marcos P\u00e9rez Jim\u00e9nez gewidmet war, teilte Maduro mit, er habe das Treffen zwischen seinen Amtskollegen aus Argentinien und Brasilien in Buenos Aires mitverfolgt.<\/p>\n<blockquote>\n<p><em>&#8220;Heute haben Pr\u00e4sident Lula da Silva und Pr\u00e4sident Alberto Fern\u00e1ndez angek\u00fcndigt, dass sie die Schaffung einer gemeinsamen s\u00fcdamerikanischen W\u00e4hrung ansteuern werden. Ich verk\u00fcnde, dass Venezuela bereit ist. Wir unterst\u00fctzen die Idee, eine lateinamerikanische und karibische W\u00e4hrung ins Leben zu rufen.&#8221;<\/em><\/p>\n<\/blockquote>\n<div class=\"EmbedBlock-root EmbedBlock-twitter\">\n<div class=\"TwitterEmbed\">\n<blockquote class=\"twitter-tweet lazyload\" data-twitter=\"twitter-tweet\">\n<p lang=\"es\" dir=\"ltr\"><a rel=\"nofollow noopener\" target=\"_blank\" href=\"https:\/\/twitter.com\/hashtag\/EnVideo?src=hash&amp;ref_src=twsrc%5Etfw\">#EnVideo<\/a>\ud83d\udcf9| Presidente de la Rep\u00fablica Bolivariana de Venezuela, <a rel=\"nofollow noopener\" target=\"_blank\" href=\"https:\/\/twitter.com\/NicolasMaduro?ref_src=twsrc%5Etfw\">@NicolasMaduro<\/a> anunci\u00f3 el apoyo a la propuesta de los presidentes de Argentina y Brasil, Alberto Fern\u00e1ndez y Luiz In\u00e1cio Lula da Silva, de crear la moneda com\u00fan para Suram\u00e9rica.  <a rel=\"nofollow noopener\" target=\"_blank\" href=\"https:\/\/twitter.com\/hashtag\/ConMaduroVamosPaLante?src=hash&amp;ref_src=twsrc%5Etfw\">#ConMaduroVamosPaLante<\/a><a rel=\"nofollow noopener\" target=\"_blank\" href=\"https:\/\/t.co\/vTbTQUhGLZ\">pic.twitter.com\/vTbTQUhGLZ<\/a><\/p>\n<p>\u2014 VTV CANAL 8 (@VTVcanal8) <a rel=\"nofollow noopener\" target=\"_blank\" href=\"https:\/\/twitter.com\/VTVcanal8\/status\/1617623478630514688?ref_src=twsrc%5Etfw\">January 23, 2023<\/a><\/p><\/blockquote>\n<\/div>\n<\/div>\n<p>Der venezolanische Pr\u00e4sident \u00fcbermittelte zudem seine Gr\u00fc\u00dfe an die Teilnehmer des siebten Gipfels der Gemeinschaft der Lateinamerikanischen und Karibischen Staaten (CELAC), zu dem er aus Sicherheitsgr\u00fcnden nicht gereist war. Im Vorfeld der am 24. Januar in Buenos Aires startenden Veranstaltung sagte Maduro: \u00a0\u00a0\u00a0\u00a0\u00a0\u00a0<\/p>\n<blockquote>\n<p><em>&#8220;Unabh\u00e4ngigkeit, Einigkeit und Befreiung Lateinamerikas und der Karibik \u2013 es\u00a0gibt viele Dinge, die wir noch zu tun haben.&#8221;<\/em><\/p>\n<\/blockquote>\n<p>Bei der Veranstaltung vor dem Miraflores-Palast in Caracas forderten tausende Venezolaner die Aufhebung der westlichen Sanktionen gegen ihr Land.<\/p>\n<p>Nach dem Amtsantritt am 1. Januar war Lula da Silva, einer diplomatischen Tradition folgend, zu seinem ersten Auslandsbesuch in Argentinien eingetroffen.\u00a0Gespr\u00e4chsthemen beim Treffen mit seinem Amtskollegen Fern\u00e1ndez in Buenos Aires\u00a0waren das Wiederaufleben der Beziehungen, die Vertiefung des bilateralen Handels und die St\u00e4rkung des s\u00fcdamerikanischen Staatenbundes MERCOSUR. Zudem dachten beide Pr\u00e4sidenten \u00fcber eine gemeinsame W\u00e4hrung nach.<\/p>\n<p>Der argentinische Wirtschaftsminister Sergio Massa <a rel=\"nofollow noopener\" target=\"_blank\" href=\"https:\/\/www.ft.com\/content\/5347d263-7f24-4966-8da4-79485d1287b4\">best\u00e4tigte<\/a> in einem Interview f\u00fcr die Zeitung <em>Financial Times<\/em>, dass die beiden L\u00e4nder tats\u00e4chlich am Projekt einer gemeinsamen W\u00e4hrung arbeiteten. Zun\u00e4chst einmal sollte die Sur (auf Deutsch &#8220;S\u00fcden&#8221;) genannte W\u00e4hrung parallel zum brasilianischen und zum argentinischen Peso im Umlauf sein. Erst sp\u00e4ter k\u00f6nnte man auch anderen L\u00e4ndern der Region anbieten, sich dem Projekt anzuschlie\u00dfen.<\/p>\n<p><strong>Mehr zum Thema<\/strong>\u00a0\u2013 <a rel=\"nofollow noopener\" target=\"_blank\" href=\"https:\/\/rtde.site\/amerika\/160726-lateinamerika-erwartet-eine-schluesselrolle-in-der-multipolaren-weltordnung\/\">Lateinamerika erwartet eine Schl\u00fcsselrolle in der aufkeimenden multipolaren Weltordnung<\/a><\/p>\n<\/p>\n<\/div>\n<p><script async src=\"https:\/\/platform.twitter.com\/widgets.js\" charset=\"utf-8\"><\/script><br \/>\n<br \/><br \/>\n<br \/><a href=\"https:\/\/de.rt.com\/amerika\/160797-nicolas-maduro-begruesst-initiative-fuer-einheitliche-waehrung-in-lateinamerika\/\">Source link <\/a><\/p>\n","protected":false},"excerpt":{"rendered":"<p>Der Auslandsbesuch von Luiz In\u00e1cio Lula da Silva in Argentinien hat auch in Venezuela Anklang gefunden. Nicol\u00e1s Maduro begr\u00fc\u00dft die Idee einer gemeinsamen lateinamerikanischen W\u00e4hrung, die Brasiliens Pr\u00e4sident ins Spiel gebracht hat. Venezuela sei bereit, so Maduro. Der venezolanische Pr\u00e4sident Nicol\u00e1s Maduro hat am Montag die Initiative begr\u00fc\u00dft, in Lateinamerika und in der Karibik eine [&hellip;]<\/p>\n","protected":false},"author":3,"featured_media":28490,"comment_status":"open","ping_status":"open","sticky":false,"template":"","format":"standard","meta":{"_yoast_indexnow_last_ping":["1674552185"],"wp_automatic_camp":["217"],"b8f03eef68db1f0eaff5e5fe1db4e4a4":["Nicol\u00e1s Maduro begr\u00fc\u00dft Initiative f\u00fcr einheitliche W\u00e4hrung in Lateinamerika"],"original_link":["https:\/\/de.rt.com\/amerika\/160797-nicolas-maduro-begruesst-initiative-fuer-einheitliche-waehrung-in-lateinamerika\/"],"_thumbnail_id":["28490"],"_wptgpro_p2tg_sent2tg":["a:1:{i:23737;s:19:\"2023-01-24 11:24:33\";}"],"jnews_social_counter_last_update":["1777601949"]},"categories":[19,23],"tags":[22402,39551,221,12455,4853,22944,39550,19810],"yoast_head":"<!-- This site is optimized with the Yoast SEO Premium plugin v22.7 (Yoast SEO v22.7) - https:\/\/yoast.com\/wordpress\/plugins\/seo\/ -->\n<title>Nicol\u00e1s Maduro begr\u00fc\u00dft Initiative f\u00fcr einheitliche W\u00e4hrung in Lateinamerika - just-now.NEWS Deutschland<\/title>\n<meta name=\"robots\" content=\"index, follow, max-snippet:-1, max-image-preview:large, max-video-preview:-1\" \/>\n<link rel=\"canonical\" href=\"https:\/\/now-news.de\/de\/deutschland\/nicolas-maduro-begruesst-initiative-fuer-einheitliche-waehrung-in-lateinamerika\/\" \/>\n<meta property=\"og:locale\" content=\"de_DE\" \/>\n<meta property=\"og:type\" content=\"article\" \/>\n<meta property=\"og:title\" content=\"Nicol\u00e1s Maduro begr\u00fc\u00dft Initiative f\u00fcr einheitliche W\u00e4hrung in Lateinamerika\" \/>\n<meta property=\"og:description\" content=\"Der Auslandsbesuch von Luiz In\u00e1cio Lula da Silva in Argentinien hat auch in Venezuela Anklang gefunden. Nicol\u00e1s Maduro begr\u00fc\u00dft die Idee einer gemeinsamen lateinamerikanischen W\u00e4hrung, die Brasiliens Pr\u00e4sident ins Spiel gebracht hat. Venezuela sei bereit, so Maduro. Der venezolanische Pr\u00e4sident Nicol\u00e1s Maduro hat am Montag die Initiative begr\u00fc\u00dft, in Lateinamerika und in der Karibik eine [&hellip;]\" \/>\n<meta property=\"og:url\" content=\"https:\/\/now-news.de\/de\/deutschland\/nicolas-maduro-begruesst-initiative-fuer-einheitliche-waehrung-in-lateinamerika\/\" \/>\n<meta property=\"og:site_name\" content=\"just-now.NEWS Deutschland\" \/>\n<meta property=\"article:publisher\" content=\"https:\/\/www.facebook.com\/wirmachenauf\" \/>\n<meta property=\"article:published_time\" content=\"2023-01-24T09:21:14+00:00\" \/>\n<meta property=\"og:image\" content=\"https:\/\/now-news.de\/de\/wp-content\/uploads\/sites\/3\/2023\/01\/Nicolas-Maduro-begruesst-Initiative-fuer-einheitliche-Waehrung-in-Lateinamerika.jpg\" \/>\n\t<meta property=\"og:image:width\" content=\"460\" \/>\n\t<meta property=\"og:image:height\" content=\"259\" \/>\n\t<meta property=\"og:image:type\" content=\"image\/jpeg\" \/>\n<meta name=\"author\" content=\"rtnews\" \/>\n<meta name=\"twitter:card\" content=\"summary_large_image\" \/>\n<meta name=\"twitter:creator\" content=\"@WirMachenAuf_de\" \/>\n<meta name=\"twitter:site\" content=\"@WirMachenAuf_de\" \/>\n<meta name=\"twitter:label1\" content=\"Verfasst von\" \/>\n\t<meta name=\"twitter:data1\" content=\"rtnews\" \/>\n\t<meta name=\"twitter:label2\" content=\"Gesch\u00e4tzte Lesezeit\" \/>\n\t<meta name=\"twitter:data2\" content=\"2\u00a0Minuten\" \/>\n<script type=\"application\/ld+json\" class=\"yoast-schema-graph\">{\"@context\":\"https:\/\/schema.org\",\"@graph\":[{\"@type\":\"Article\",\"@id\":\"https:\/\/now-news.de\/de\/deutschland\/nicolas-maduro-begruesst-initiative-fuer-einheitliche-waehrung-in-lateinamerika\/#article\",\"isPartOf\":{\"@id\":\"https:\/\/now-news.de\/de\/deutschland\/nicolas-maduro-begruesst-initiative-fuer-einheitliche-waehrung-in-lateinamerika\/\"},\"author\":{\"name\":\"rtnews\",\"@id\":\"https:\/\/now-news.de\/de\/#\/schema\/person\/fb534a4e865501d8b3285208df34a9b5\"},\"headline\":\"Nicol\u00e1s Maduro begr\u00fc\u00dft Initiative f\u00fcr einheitliche W\u00e4hrung in Lateinamerika\",\"datePublished\":\"2023-01-24T09:21:14+00:00\",\"dateModified\":\"2023-01-24T09:21:14+00:00\",\"mainEntityOfPage\":{\"@id\":\"https:\/\/now-news.de\/de\/deutschland\/nicolas-maduro-begruesst-initiative-fuer-einheitliche-waehrung-in-lateinamerika\/\"},\"wordCount\":453,\"commentCount\":0,\"publisher\":{\"@id\":\"https:\/\/now-news.de\/de\/#organization\"},\"image\":{\"@id\":\"https:\/\/now-news.de\/de\/deutschland\/nicolas-maduro-begruesst-initiative-fuer-einheitliche-waehrung-in-lateinamerika\/#primaryimage\"},\"thumbnailUrl\":\"https:\/\/now-news.de\/de\/wp-content\/uploads\/sites\/3\/2023\/01\/Nicolas-Maduro-begruesst-Initiative-fuer-einheitliche-Waehrung-in-Lateinamerika.jpg\",\"keywords\":[\"begr\u00fc\u00dft\",\"einheitliche\",\"f\u00fcr\",\"Initiative\",\"Lateinamerika\",\"Maduro\",\"Nicol\u00e1s\",\"W\u00e4hrung\"],\"articleSection\":[\"Deutschland\",\"Russland\"],\"inLanguage\":\"de\",\"potentialAction\":[{\"@type\":\"CommentAction\",\"name\":\"Comment\",\"target\":[\"https:\/\/now-news.de\/de\/deutschland\/nicolas-maduro-begruesst-initiative-fuer-einheitliche-waehrung-in-lateinamerika\/#respond\"]}]},{\"@type\":\"WebPage\",\"@id\":\"https:\/\/now-news.de\/de\/deutschland\/nicolas-maduro-begruesst-initiative-fuer-einheitliche-waehrung-in-lateinamerika\/\",\"url\":\"https:\/\/now-news.de\/de\/deutschland\/nicolas-maduro-begruesst-initiative-fuer-einheitliche-waehrung-in-lateinamerika\/\",\"name\":\"Nicol\u00e1s Maduro begr\u00fc\u00dft Initiative f\u00fcr einheitliche W\u00e4hrung in Lateinamerika - just-now.NEWS Deutschland\",\"isPartOf\":{\"@id\":\"https:\/\/now-news.de\/de\/#website\"},\"primaryImageOfPage\":{\"@id\":\"https:\/\/now-news.de\/de\/deutschland\/nicolas-maduro-begruesst-initiative-fuer-einheitliche-waehrung-in-lateinamerika\/#primaryimage\"},\"image\":{\"@id\":\"https:\/\/now-news.de\/de\/deutschland\/nicolas-maduro-begruesst-initiative-fuer-einheitliche-waehrung-in-lateinamerika\/#primaryimage\"},\"thumbnailUrl\":\"https:\/\/now-news.de\/de\/wp-content\/uploads\/sites\/3\/2023\/01\/Nicolas-Maduro-begruesst-Initiative-fuer-einheitliche-Waehrung-in-Lateinamerika.jpg\",\"datePublished\":\"2023-01-24T09:21:14+00:00\",\"dateModified\":\"2023-01-24T09:21:14+00:00\",\"breadcrumb\":{\"@id\":\"https:\/\/now-news.de\/de\/deutschland\/nicolas-maduro-begruesst-initiative-fuer-einheitliche-waehrung-in-lateinamerika\/#breadcrumb\"},\"inLanguage\":\"de\",\"potentialAction\":[{\"@type\":\"ReadAction\",\"target\":[\"https:\/\/now-news.de\/de\/deutschland\/nicolas-maduro-begruesst-initiative-fuer-einheitliche-waehrung-in-lateinamerika\/\"]}]},{\"@type\":\"ImageObject\",\"inLanguage\":\"de\",\"@id\":\"https:\/\/now-news.de\/de\/deutschland\/nicolas-maduro-begruesst-initiative-fuer-einheitliche-waehrung-in-lateinamerika\/#primaryimage\",\"url\":\"https:\/\/now-news.de\/de\/wp-content\/uploads\/sites\/3\/2023\/01\/Nicolas-Maduro-begruesst-Initiative-fuer-einheitliche-Waehrung-in-Lateinamerika.jpg\",\"contentUrl\":\"https:\/\/now-news.de\/de\/wp-content\/uploads\/sites\/3\/2023\/01\/Nicolas-Maduro-begruesst-Initiative-fuer-einheitliche-Waehrung-in-Lateinamerika.jpg\",\"width\":460,\"height\":259,\"caption\":\"Nicol\u00e1s Maduro begr\u00fc\u00dft Initiative f\u00fcr einheitliche W\u00e4hrung in Lateinamerika\"},{\"@type\":\"BreadcrumbList\",\"@id\":\"https:\/\/now-news.de\/de\/deutschland\/nicolas-maduro-begruesst-initiative-fuer-einheitliche-waehrung-in-lateinamerika\/#breadcrumb\",\"itemListElement\":[{\"@type\":\"ListItem\",\"position\":1,\"name\":\"Home\",\"item\":\"https:\/\/now-news.de\/de\/\"},{\"@type\":\"ListItem\",\"position\":2,\"name\":\"Nicol\u00e1s Maduro begr\u00fc\u00dft Initiative f\u00fcr einheitliche W\u00e4hrung in Lateinamerika\"}]},{\"@type\":\"WebSite\",\"@id\":\"https:\/\/now-news.de\/de\/#website\",\"url\":\"https:\/\/now-news.de\/de\/\",\"name\":\"just-now.NEWS Deutschland\",\"description\":\"Das Portal f\u00fcr unzensierte Nachrichten aus der Welt\",\"publisher\":{\"@id\":\"https:\/\/now-news.de\/de\/#organization\"},\"potentialAction\":[{\"@type\":\"SearchAction\",\"target\":{\"@type\":\"EntryPoint\",\"urlTemplate\":\"https:\/\/now-news.de\/de\/?s={search_term_string}\"},\"query-input\":\"required name=search_term_string\"}],\"inLanguage\":\"de\"},{\"@type\":\"Organization\",\"@id\":\"https:\/\/now-news.de\/de\/#organization\",\"name\":\"Just Now News\",\"url\":\"https:\/\/now-news.de\/de\/\",\"logo\":{\"@type\":\"ImageObject\",\"inLanguage\":\"de\",\"@id\":\"https:\/\/now-news.de\/de\/#\/schema\/logo\/image\/\",\"url\":\"http:\/\/just-now.news\/de\/wp-content\/uploads\/sites\/3\/2022\/04\/logo500x500.jpg\",\"contentUrl\":\"http:\/\/just-now.news\/de\/wp-content\/uploads\/sites\/3\/2022\/04\/logo500x500.jpg\",\"width\":500,\"height\":500,\"caption\":\"Just Now News\"},\"image\":{\"@id\":\"https:\/\/now-news.de\/de\/#\/schema\/logo\/image\/\"},\"sameAs\":[\"https:\/\/www.facebook.com\/wirmachenauf\",\"https:\/\/x.com\/WirMachenAuf_de\"]},{\"@type\":\"Person\",\"@id\":\"https:\/\/now-news.de\/de\/#\/schema\/person\/fb534a4e865501d8b3285208df34a9b5\",\"name\":\"rtnews\",\"image\":{\"@type\":\"ImageObject\",\"inLanguage\":\"de\",\"@id\":\"https:\/\/now-news.de\/de\/#\/schema\/person\/image\/\",\"url\":\"https:\/\/secure.gravatar.com\/avatar\/82aafea7d8127119dd649515f56e2117?s=96&d=mm&r=g\",\"contentUrl\":\"https:\/\/secure.gravatar.com\/avatar\/82aafea7d8127119dd649515f56e2117?s=96&d=mm&r=g\",\"caption\":\"rtnews\"},\"url\":\"https:\/\/now-news.de\/de\/author\/rnews\/\"}]}<\/script>\n<!-- \/ Yoast SEO Premium plugin. -->","yoast_head_json":{"title":"Nicol\u00e1s Maduro begr\u00fc\u00dft Initiative f\u00fcr einheitliche W\u00e4hrung in Lateinamerika - just-now.NEWS Deutschland","robots":{"index":"index","follow":"follow","max-snippet":"max-snippet:-1","max-image-preview":"max-image-preview:large","max-video-preview":"max-video-preview:-1"},"canonical":"https:\/\/now-news.de\/de\/deutschland\/nicolas-maduro-begruesst-initiative-fuer-einheitliche-waehrung-in-lateinamerika\/","og_locale":"de_DE","og_type":"article","og_title":"Nicol\u00e1s Maduro begr\u00fc\u00dft Initiative f\u00fcr einheitliche W\u00e4hrung in Lateinamerika","og_description":"Der Auslandsbesuch von Luiz In\u00e1cio Lula da Silva in Argentinien hat auch in Venezuela Anklang gefunden. Nicol\u00e1s Maduro begr\u00fc\u00dft die Idee einer gemeinsamen lateinamerikanischen W\u00e4hrung, die Brasiliens Pr\u00e4sident ins Spiel gebracht hat. Venezuela sei bereit, so Maduro. Der venezolanische Pr\u00e4sident Nicol\u00e1s Maduro hat am Montag die Initiative begr\u00fc\u00dft, in Lateinamerika und in der Karibik eine [&hellip;]","og_url":"https:\/\/now-news.de\/de\/deutschland\/nicolas-maduro-begruesst-initiative-fuer-einheitliche-waehrung-in-lateinamerika\/","og_site_name":"just-now.NEWS Deutschland","article_publisher":"https:\/\/www.facebook.com\/wirmachenauf","article_published_time":"2023-01-24T09:21:14+00:00","og_image":[{"width":460,"height":259,"url":"https:\/\/now-news.de\/de\/wp-content\/uploads\/sites\/3\/2023\/01\/Nicolas-Maduro-begruesst-Initiative-fuer-einheitliche-Waehrung-in-Lateinamerika.jpg","type":"image\/jpeg"}],"author":"rtnews","twitter_card":"summary_large_image","twitter_creator":"@WirMachenAuf_de","twitter_site":"@WirMachenAuf_de","twitter_misc":{"Verfasst von":"rtnews","Gesch\u00e4tzte Lesezeit":"2\u00a0Minuten"},"schema":{"@context":"https:\/\/schema.org","@graph":[{"@type":"Article","@id":"https:\/\/now-news.de\/de\/deutschland\/nicolas-maduro-begruesst-initiative-fuer-einheitliche-waehrung-in-lateinamerika\/#article","isPartOf":{"@id":"https:\/\/now-news.de\/de\/deutschland\/nicolas-maduro-begruesst-initiative-fuer-einheitliche-waehrung-in-lateinamerika\/"},"author":{"name":"rtnews","@id":"https:\/\/now-news.de\/de\/#\/schema\/person\/fb534a4e865501d8b3285208df34a9b5"},"headline":"Nicol\u00e1s Maduro begr\u00fc\u00dft Initiative f\u00fcr einheitliche W\u00e4hrung in Lateinamerika","datePublished":"2023-01-24T09:21:14+00:00","dateModified":"2023-01-24T09:21:14+00:00","mainEntityOfPage":{"@id":"https:\/\/now-news.de\/de\/deutschland\/nicolas-maduro-begruesst-initiative-fuer-einheitliche-waehrung-in-lateinamerika\/"},"wordCount":453,"commentCount":0,"publisher":{"@id":"https:\/\/now-news.de\/de\/#organization"},"image":{"@id":"https:\/\/now-news.de\/de\/deutschland\/nicolas-maduro-begruesst-initiative-fuer-einheitliche-waehrung-in-lateinamerika\/#primaryimage"},"thumbnailUrl":"https:\/\/now-news.de\/de\/wp-content\/uploads\/sites\/3\/2023\/01\/Nicolas-Maduro-begruesst-Initiative-fuer-einheitliche-Waehrung-in-Lateinamerika.jpg","keywords":["begr\u00fc\u00dft","einheitliche","f\u00fcr","Initiative","Lateinamerika","Maduro","Nicol\u00e1s","W\u00e4hrung"],"articleSection":["Deutschland","Russland"],"inLanguage":"de","potentialAction":[{"@type":"CommentAction","name":"Comment","target":["https:\/\/now-news.de\/de\/deutschland\/nicolas-maduro-begruesst-initiative-fuer-einheitliche-waehrung-in-lateinamerika\/#respond"]}]},{"@type":"WebPage","@id":"https:\/\/now-news.de\/de\/deutschland\/nicolas-maduro-begruesst-initiative-fuer-einheitliche-waehrung-in-lateinamerika\/","url":"https:\/\/now-news.de\/de\/deutschland\/nicolas-maduro-begruesst-initiative-fuer-einheitliche-waehrung-in-lateinamerika\/","name":"Nicol\u00e1s Maduro begr\u00fc\u00dft Initiative f\u00fcr einheitliche W\u00e4hrung in Lateinamerika - just-now.NEWS Deutschland","isPartOf":{"@id":"https:\/\/now-news.de\/de\/#website"},"primaryImageOfPage":{"@id":"https:\/\/now-news.de\/de\/deutschland\/nicolas-maduro-begruesst-initiative-fuer-einheitliche-waehrung-in-lateinamerika\/#primaryimage"},"image":{"@id":"https:\/\/now-news.de\/de\/deutschland\/nicolas-maduro-begruesst-initiative-fuer-einheitliche-waehrung-in-lateinamerika\/#primaryimage"},"thumbnailUrl":"https:\/\/now-news.de\/de\/wp-content\/uploads\/sites\/3\/2023\/01\/Nicolas-Maduro-begruesst-Initiative-fuer-einheitliche-Waehrung-in-Lateinamerika.jpg","datePublished":"2023-01-24T09:21:14+00:00","dateModified":"2023-01-24T09:21:14+00:00","breadcrumb":{"@id":"https:\/\/now-news.de\/de\/deutschland\/nicolas-maduro-begruesst-initiative-fuer-einheitliche-waehrung-in-lateinamerika\/#breadcrumb"},"inLanguage":"de","potentialAction":[{"@type":"ReadAction","target":["https:\/\/now-news.de\/de\/deutschland\/nicolas-maduro-begruesst-initiative-fuer-einheitliche-waehrung-in-lateinamerika\/"]}]},{"@type":"ImageObject","inLanguage":"de","@id":"https:\/\/now-news.de\/de\/deutschland\/nicolas-maduro-begruesst-initiative-fuer-einheitliche-waehrung-in-lateinamerika\/#primaryimage","url":"https:\/\/now-news.de\/de\/wp-content\/uploads\/sites\/3\/2023\/01\/Nicolas-Maduro-begruesst-Initiative-fuer-einheitliche-Waehrung-in-Lateinamerika.jpg","contentUrl":"https:\/\/now-news.de\/de\/wp-content\/uploads\/sites\/3\/2023\/01\/Nicolas-Maduro-begruesst-Initiative-fuer-einheitliche-Waehrung-in-Lateinamerika.jpg","width":460,"height":259,"caption":"Nicol\u00e1s Maduro begr\u00fc\u00dft Initiative f\u00fcr einheitliche W\u00e4hrung in Lateinamerika"},{"@type":"BreadcrumbList","@id":"https:\/\/now-news.de\/de\/deutschland\/nicolas-maduro-begruesst-initiative-fuer-einheitliche-waehrung-in-lateinamerika\/#breadcrumb","itemListElement":[{"@type":"ListItem","position":1,"name":"Home","item":"https:\/\/now-news.de\/de\/"},{"@type":"ListItem","position":2,"name":"Nicol\u00e1s Maduro begr\u00fc\u00dft Initiative f\u00fcr einheitliche W\u00e4hrung in Lateinamerika"}]},{"@type":"WebSite","@id":"https:\/\/now-news.de\/de\/#website","url":"https:\/\/now-news.de\/de\/","name":"just-now.NEWS Deutschland","description":"Das Portal f\u00fcr unzensierte Nachrichten aus der Welt","publisher":{"@id":"https:\/\/now-news.de\/de\/#organization"},"potentialAction":[{"@type":"SearchAction","target":{"@type":"EntryPoint","urlTemplate":"https:\/\/now-news.de\/de\/?s={search_term_string}"},"query-input":"required name=search_term_string"}],"inLanguage":"de"},{"@type":"Organization","@id":"https:\/\/now-news.de\/de\/#organization","name":"Just Now News","url":"https:\/\/now-news.de\/de\/","logo":{"@type":"ImageObject","inLanguage":"de","@id":"https:\/\/now-news.de\/de\/#\/schema\/logo\/image\/","url":"http:\/\/just-now.news\/de\/wp-content\/uploads\/sites\/3\/2022\/04\/logo500x500.jpg","contentUrl":"http:\/\/just-now.news\/de\/wp-content\/uploads\/sites\/3\/2022\/04\/logo500x500.jpg","width":500,"height":500,"caption":"Just Now News"},"image":{"@id":"https:\/\/now-news.de\/de\/#\/schema\/logo\/image\/"},"sameAs":["https:\/\/www.facebook.com\/wirmachenauf","https:\/\/x.com\/WirMachenAuf_de"]},{"@type":"Person","@id":"https:\/\/now-news.de\/de\/#\/schema\/person\/fb534a4e865501d8b3285208df34a9b5","name":"rtnews","image":{"@type":"ImageObject","inLanguage":"de","@id":"https:\/\/now-news.de\/de\/#\/schema\/person\/image\/","url":"https:\/\/secure.gravatar.com\/avatar\/82aafea7d8127119dd649515f56e2117?s=96&d=mm&r=g","contentUrl":"https:\/\/secure.gravatar.com\/avatar\/82aafea7d8127119dd649515f56e2117?s=96&d=mm&r=g","caption":"rtnews"},"url":"https:\/\/now-news.de\/de\/author\/rnews\/"}]}},"_links":{"self":[{"href":"https:\/\/now-news.de\/de\/wp-json\/wp\/v2\/posts\/28489"}],"collection":[{"href":"https:\/\/now-news.de\/de\/wp-json\/wp\/v2\/posts"}],"about":[{"href":"https:\/\/now-news.de\/de\/wp-json\/wp\/v2\/types\/post"}],"author":[{"embeddable":true,"href":"https:\/\/now-news.de\/de\/wp-json\/wp\/v2\/users\/3"}],"replies":[{"embeddable":true,"href":"https:\/\/now-news.de\/de\/wp-json\/wp\/v2\/comments?post=28489"}],"version-history":[{"count":0,"href":"https:\/\/now-news.de\/de\/wp-json\/wp\/v2\/posts\/28489\/revisions"}],"wp:featuredmedia":[{"embeddable":true,"href":"https:\/\/now-news.de\/de\/wp-json\/wp\/v2\/media\/28490"}],"wp:attachment":[{"href":"https:\/\/now-news.de\/de\/wp-json\/wp\/v2\/media?parent=28489"}],"wp:term":[{"taxonomy":"category","embeddable":true,"href":"https:\/\/now-news.de\/de\/wp-json\/wp\/v2\/categories?post=28489"},{"taxonomy":"post_tag","embeddable":true,"href":"https:\/\/now-news.de\/de\/wp-json\/wp\/v2\/tags?post=28489"}],"curies":[{"name":"wp","href":"https:\/\/api.w.org\/{rel}","templated":true}]}}