{"id":28485,"date":"2023-01-24T10:23:29","date_gmt":"2023-01-24T08:23:29","guid":{"rendered":"https:\/\/just-now.news\/de\/deutschland\/der-drang-nach-osten-im-kollektiven-gedaechtnis-der-europaeer-verankert\/"},"modified":"2023-01-24T10:23:29","modified_gmt":"2023-01-24T08:23:29","slug":"der-drang-nach-osten-im-kollektiven-gedaechtnis-der-europaeer-verankert","status":"publish","type":"post","link":"https:\/\/now-news.de\/de\/deutschland\/der-drang-nach-osten-im-kollektiven-gedaechtnis-der-europaeer-verankert\/","title":{"rendered":"Der Drang nach Osten \u2013 im kollektiven Ged\u00e4chtnis der Europ\u00e4er verankert"},"content":{"rendered":"<p><img decoding=\"async\" src=\"http:\/\/just-now.news\/de\/wp-content\/uploads\/sites\/3\/2023\/01\/63cefa3548fbef596d7596c1.jpg\" \/><\/p>\n<div class=\"Text-root Text-type_1 \">\n                Josep Borrell hat in einer Rede einen Blick zur\u00fcck auf die Geschichte der Kriege gegen Russland gezogen. Damit gesteht er sich ein, dass sich die EU auf einen schmachvollen Marsch an den Ort begibt, an dem schon Hunderttausende Franzosen und Millionen Deutsche den Tod gefunden hatten, meint Igor Karaulow.\n            <\/div>\n<p><\/p>\n<div class=\"Text-root Text-type_5 ArticleView-text ViewText-root \">\n<p><em>Von Igor Karaulow<\/em><\/p>\n<p>Josep Borrell, Chef der EU-Diplomatie, hat erneut etwas Interessantes und sogar Konzeptuelles gesagt. M\u00f6glicherweise hat er es gar nicht bemerkt, weil er viel redet und keine Zeit hat, alles im Voraus zu bedenken.<\/p>\n<p>Seinem Aufruf zur Bewaffnung der Ukraine war er mit Worten vorausgeeilt, die diesem Aufruf ganz und gar nicht zu entsprechen scheinen. Darin steckt jedoch die gro\u00dfe Wahrheit, die jedem Russen seit der Schulzeit bekannt ist:<\/p>\n<blockquote>\n<p><em>&#8220;Russland ist ein riesiges Land, es ist gewohnt, bis zum Ende zu k\u00e4mpfen, es ist gewohnt, fast zu verlieren und dann alles wiederherzustellen. Das haben sie mit Napoleon getan, und das haben sie mit Hitler getan.&#8221;<\/em><\/p>\n<\/blockquote>\n<p>Hier sehen wir nicht nur das Eingest\u00e4ndnis, dass sich die EU auf einen schmachvollen Marsch an den Ort begibt, an dem schon Hunderttausende Franzosen und Millionen Deutsche den Tod gefunden hatten. Trotz der J\u00e4mmerlichkeit der Figur Borrells atmen hier die Rhythmen einer gro\u00dfen Geschichte. In der Tat wird ab einem bestimmten Zeitpunkt \u2013 offenbar ab demselben, als Russland begann, eine bedeutende globale Macht zu werden \u2013 der Konflikt zwischen einem vereinten Europa und Russland zu einem wiederkehrenden Ereignis und damit zu einem konstanten Ph\u00e4nomen der europ\u00e4ischen Geschichte.<\/p>\n<p>Nun sind wir in der Lage zu beantworten, was ein geeintes Europa ist. Wie sich herausstellt, geht es nicht um die wirtschaftliche Integration oder die Solidarit\u00e4t der demokratischen Staaten. Ein geeintes Europa ist ein geopolitisches Gebilde, das zwangsl\u00e4ufig mit Russland zusammenst\u00f6\u00dft, m\u00f6glicherweise wurde es aber auch gerade f\u00fcr einen solchen Zusammensto\u00df geschaffen. Das erinnert ein wenig an die Geschichte eines so gesamteurop\u00e4ischen Unternehmens wie der Kreuzz\u00fcge, aber auch an die Geschichte der fr\u00fchen Kaiser des Heiligen R\u00f6mischen Reiches, denen der milit\u00e4rische Feldzug die gleiche &#8220;systemische&#8221; und fast rituelle Bedeutung hatte. Doch im Falle der russisch-europ\u00e4ischen Beziehungen handelt es sich nicht um ein Ritual, sondern um ein sinnloses Blutbad, bei dem viele Menschen ums Leben kommen. Hinzu kommt, dass in der Regel nach einem Zusammensto\u00df mit Russland die jeweilige Fassung des geeinten Europas aufh\u00f6rt zu existieren, was Borrell aber noch nicht bedacht hat.<\/p>\n<p>Borrell hat sich selbst als Nachkomme Adolf Hitlers bezeichnet und damit seine wahre Identit\u00e4t preisgegeben. Selbstverst\u00e4ndlich ist er davon \u00fcberzeugt, dass &#8220;dies etwas anderes ist&#8221;, denn der F\u00fchrer h\u00f6chstpers\u00f6nlich w\u00fcrde einen solchen Nachkommen nicht anerkennen; trotz des bekannten homosexuellen Anstrichs des deutschen Nationalsozialismus w\u00e4re der derzeitige europ\u00e4ische Gender-Wahnsinn doch zu viel f\u00fcr ihn. Entscheidend f\u00fcr uns ist hier ein etwas anderer Aspekt des Ganzen: Der europ\u00e4isch-russische Konflikt ist in Bezug auf die historische Einordnung v\u00f6llig unver\u00e4nderlich. Zum Beispiel die Ideologie, in deren Namen sich Europa vereint.<\/p>\n<p>Es ist wahr, dass Napoleon Bonaparte Europa unter dem Banner der Freiheit, Gleichheit und Br\u00fcderlichkeit vereinte. Die Leibeigenschaft in den unterworfenen L\u00e4ndern wurde abgeschafft und die Rechtsstaatlichkeit durchgesetzt. Vermutlich hat niemand mehr f\u00fcr die Ideale der Demokratie in Europa getan als dieser Usurpator der absoluten Macht. Letztendlich stand er Russland gegen\u00fcber \u2013 und das sch\u00f6ne M\u00e4rchen, das so viele romantische Dichter inspirierte, war zu Ende.<\/p>\n<p>Hitler dagegen wurde zum Symbol f\u00fcr ein repressives und regressives Regime. Er war bem\u00fcht, ganze V\u00f6lker zu vernichten. Seine Losung zur Einigung Europas war die Schaffung einer deutschen Ordnung, eine R\u00fcckkehr zu den Idealen von Blut und Boden. Und am Ende\u00a0\u00fcberfiel er Sowjetrussland in Konflikt. Das Ergebnis ist bekannt.<\/p>\n<p>Au\u00dferdem spielt es keine Rolle, wie sich Russland selbst zu diesem Zeitpunkt verh\u00e4lt. Zu Zeiten Napoleons strebte Russland nach Expansion und k\u00e4mpfte um Finnland, Polen und den Kaukasus. Heute unternehmen wir lediglich den Versuch, etwas von dem zur\u00fcckzugewinnen, das wir beim Zusammenbruch der UdSSR verloren haben. Und zur Zeit des Krimkriegs hatte es die Allianz der Westm\u00e4chte eigentlich mit einem Russland zu tun, das sich als Garant stabiler Grenzen und stabiler Regimes in Europa verstand \u2013 erinnern Sie sich an das \u00f6sterreichische &#8220;Wir werden die Welt mit unserer Undankbarkeit \u00fcberraschen&#8221;? Doch in all diesen F\u00e4llen blieben die antirussischen Bestrebungen des Westens unver\u00e4ndert.<\/p>\n<p>Ohne Bedeutung ist auch, was Russland selbst zu einem bestimmten Zeitpunkt f\u00fcr Europa darstellt. Napoleon betrachtete die Russen einfach als \u00f6stliche Barbaren, die seine napoleonischen Pl\u00e4ne durchkreuzten. F\u00fcr Hitler war die UdSSR eine Quelle der sch\u00e4dlichen kommunistischen Ansteckung, wobei er au\u00dferdem das Ziel verfolgte, den &#8220;Lebensraum&#8221; des deutschen Volkes zu erweitern, \u00fcbrigens auf Kosten der fruchtbaren Ukraine, wo die deutschen Bauern angesiedelt werden sollten. Die sibirischen \u00d6l- und Gasvorkommen waren damals noch unbekannt, und die Entwicklung von Norilsk-Nickel begann gerade erst. Die zeitgen\u00f6ssischen US- und europ\u00e4ischen Politiker sind jedoch sehr daran interessiert, Russlands Bodensch\u00e4tze auszubeuten, die ihrer Meinung nach in den Dienst der Menschheit gestellt werden, d. h. den Russen unentgeltlich weggenommen werden sollten, denn wie kann es gerecht sein, wenn fast die H\u00e4lfte des Reichtums des Erdinneren von zwei Prozent der Weltbev\u00f6lkerung kontrolliert wird?<\/p>\n<p>Zugegebenerma\u00dfen haben wir die EU lange Zeit untersch\u00e4tzt, was ihr historisches Karma anbelangt. Selbstverst\u00e4ndlich, die USA sind die wichtigste und aggressivste globale Macht, f\u00fcr die einen sind sie der Fortschritt, f\u00fcr die anderen ein Aggressor. Die Vereinigten Staaten sind auch der Hauptsponsor der europ\u00e4ischen Einigung. Allerdings schien das vereinte Europa selbst wie ein Klub pensionierter Staaten zu sein, die des Krieges und der gro\u00dfen Geschichte im Allgemeinen m\u00fcde waren.<\/p>\n<p>Die Mutigsten in Russland tr\u00e4umten davon, wie sich die EU zu einem unabh\u00e4ngigen, vor allem wirtschaftlichen Machtzentrum entwickeln w\u00fcrde, doch selbst diejenigen, die diesem skeptisch gegen\u00fcberstanden, waren voller Erwartung, dass Europa mit seiner friedliebenden Tr\u00e4gheit die US-Forderungen nach Gewalt im Nahen Osten und in Afrika, und nat\u00fcrlich auch in Russland, zur\u00fcckhalten w\u00fcrde. Der Handel, so hei\u00dft es, ist wohl besser als Krieg, und wir waren gar nicht so schlecht im Handel.<\/p>\n<p>Leider wurden diese Hoffnungen nicht erf\u00fcllt. Der Drang nach Osten \u2013 dieser Marsch ist im kollektiven Ged\u00e4chtnis der Europ\u00e4er verankert. Die Europ\u00e4er brennen noch nicht darauf, in den Steppen der Ukraine zu sterben, doch bedienen sie sich so selbstlos der Trommel des Krieges, als ob Heinrich Heines besungener napoleonischer Trommler Le Grand noch lebte und seine Aufgabe nicht vergessen h\u00e4tte. Sie sind bereit, bis zum Ende Waffen zu liefern, wobei diejenigen L\u00e4nder den gr\u00f6\u00dften Enthusiasmus zeigen, von denen man fr\u00fcher nicht glaubte, dass sie k\u00e4mpferischer Natur sind, wie etwa die Niederlande oder Lettland.<\/p>\n<p>Doch \u00fcber kurz oder lang wird die EU ihr Mantra &#8220;Russland muss verlieren&#8221; mit Menschenleben bezahlen m\u00fcssen, denn die ukrainischen menschlichen Ressourcen sind begrenzt. Wer wird in den Kampf geschickt: Polen, Rum\u00e4nen oder sonst jemand? Wer erregt kein Mitleid?<\/p>\n<p>Auf jeden Fall ist es an der Zeit, sich nicht mehr dar\u00fcber zu wundern, dass die EU einen bewaffneten Konflikt gegen wirtschaftliche europ\u00e4ische Interessen und ohne jedes klare Ziel f\u00fchrt. Denn die EU hat kein Ziel, sondern nur einen Weg. Sie strebt nach Osten, weil sie geeint ist. Folglich ist die Einheit Europas an sich eine Bedrohung f\u00fcr Russland. Unser Land wird sich erst dann sicher f\u00fchlen, wenn die europ\u00e4ische Einheit gebrochen ist. K\u00f6nnen wir diesen Zustand mit unseren begrenzten Mitteln erreichen? Das Schicksal von Napoleon und Hitler, das Borrell so treffend erw\u00e4hnt hat, gibt zumindest Anlass zur Hoffnung.<\/p>\n<p><em>\u00dcbersetzt aus dem\u00a0<\/em><em><a rel=\"nofollow noopener\" target=\"_blank\" href=\"https:\/\/vz.ru\/opinions\/2023\/1\/23\/1196067.html\">Russischen<\/a>.<\/em><\/p>\n<p><strong>Mehr zum Thema &#8211;<\/strong>\u00a0<a rel=\"nofollow noopener\" target=\"_blank\" href=\"https:\/\/pressefreiheit.rtde.tech\/kurzclips\/video\/156514-eu-aussenbeauftragter-borrell-muessen-neue\/\">EU-Au\u00dfenbeauftragter Borrell: &#8220;M\u00fcssen eine neue Welt erfinden \u2013 wie die Konquistadoren&#8221;<\/a><\/p>\n<div class=\"EmbedBlock-root EmbedBlock-externalVideo EmbedBlock-odysee\">\n<div class=\"VkEmbed\"><iframe class=\"lazyload\" data-src=\"https:\/\/odysee.com\/%24\/embed\/%40RTDE%3Ae%2FEU-Au%C3%9Fenbeauftragter-Borrell-M%C3%BCssen-eine-neue-Welt-erfinden%E2%80%93wie-die-Konquistadoren%3A7\" frameborder=\"0\" width=\"853\" height=\"480\" allowfullscreen><\/iframe><\/div>\n<\/div>\n<\/div>\n<p><br \/>\n<br \/><a href=\"https:\/\/de.rt.com\/meinung\/160777-der-drang-nach-osten-im-kollektiven-gedaechtnis-der-europaeer-verankert\/\">Source link <\/a><\/p>\n","protected":false},"excerpt":{"rendered":"<p>Josep Borrell hat in einer Rede einen Blick zur\u00fcck auf die Geschichte der Kriege gegen Russland gezogen. Damit gesteht er sich ein, dass sich die EU auf einen schmachvollen Marsch an den Ort begibt, an dem schon Hunderttausende Franzosen und Millionen Deutsche den Tod gefunden hatten, meint Igor Karaulow. Von Igor Karaulow Josep Borrell, Chef [&hellip;]<\/p>\n","protected":false},"author":3,"featured_media":28486,"comment_status":"open","ping_status":"open","sticky":false,"template":"","format":"standard","meta":{"_yoast_indexnow_last_ping":["1674550325"],"wp_automatic_camp":["217"],"0e26b281ae0d6c4b0988627b502696fe":["Der Drang nach Osten \u2013 im kollektiven Ged\u00e4chtnis der Europ\u00e4er verankert"],"original_link":["https:\/\/de.rt.com\/meinung\/160777-der-drang-nach-osten-im-kollektiven-gedaechtnis-der-europaeer-verankert\/"],"_thumbnail_id":["28486"],"_wptgpro_p2tg_sent2tg":["a:1:{i:23737;s:19:\"2023-01-24 10:53:22\";}"],"jnews_social_counter_last_update":["1777691159"]},"categories":[19,23],"tags":[82,23206,9477,35820,27941,979,2195,34048],"yoast_head":"<!-- This site is optimized with the Yoast SEO Premium plugin v22.7 (Yoast SEO v22.7) - https:\/\/yoast.com\/wordpress\/plugins\/seo\/ -->\n<title>Der Drang nach Osten \u2013 im kollektiven Ged\u00e4chtnis der Europ\u00e4er verankert - just-now.NEWS Deutschland<\/title>\n<meta name=\"robots\" content=\"index, follow, max-snippet:-1, max-image-preview:large, max-video-preview:-1\" \/>\n<link rel=\"canonical\" href=\"https:\/\/now-news.de\/de\/deutschland\/der-drang-nach-osten-im-kollektiven-gedaechtnis-der-europaeer-verankert\/\" \/>\n<meta property=\"og:locale\" content=\"de_DE\" \/>\n<meta property=\"og:type\" content=\"article\" \/>\n<meta property=\"og:title\" content=\"Der Drang nach Osten \u2013 im kollektiven Ged\u00e4chtnis der Europ\u00e4er verankert\" \/>\n<meta property=\"og:description\" content=\"Josep Borrell hat in einer Rede einen Blick zur\u00fcck auf die Geschichte der Kriege gegen Russland gezogen. Damit gesteht er sich ein, dass sich die EU auf einen schmachvollen Marsch an den Ort begibt, an dem schon Hunderttausende Franzosen und Millionen Deutsche den Tod gefunden hatten, meint Igor Karaulow. Von Igor Karaulow Josep Borrell, Chef [&hellip;]\" \/>\n<meta property=\"og:url\" content=\"https:\/\/now-news.de\/de\/deutschland\/der-drang-nach-osten-im-kollektiven-gedaechtnis-der-europaeer-verankert\/\" \/>\n<meta property=\"og:site_name\" content=\"just-now.NEWS Deutschland\" \/>\n<meta property=\"article:publisher\" content=\"https:\/\/www.facebook.com\/wirmachenauf\" \/>\n<meta property=\"article:published_time\" content=\"2023-01-24T08:23:29+00:00\" \/>\n<meta property=\"og:image\" content=\"https:\/\/now-news.de\/de\/wp-content\/uploads\/sites\/3\/2023\/01\/Der-Drang-nach-Osten-\u2013-im-kollektiven-Gedaechtnis-der-Europaeer.jpg\" \/>\n\t<meta property=\"og:image:width\" content=\"460\" \/>\n\t<meta property=\"og:image:height\" content=\"259\" \/>\n\t<meta property=\"og:image:type\" content=\"image\/jpeg\" \/>\n<meta name=\"author\" content=\"rtnews\" \/>\n<meta name=\"twitter:card\" content=\"summary_large_image\" \/>\n<meta name=\"twitter:creator\" content=\"@WirMachenAuf_de\" \/>\n<meta name=\"twitter:site\" content=\"@WirMachenAuf_de\" \/>\n<meta name=\"twitter:label1\" content=\"Verfasst von\" \/>\n\t<meta name=\"twitter:data1\" content=\"rtnews\" \/>\n\t<meta name=\"twitter:label2\" content=\"Gesch\u00e4tzte Lesezeit\" \/>\n\t<meta name=\"twitter:data2\" content=\"7\u00a0Minuten\" \/>\n<script type=\"application\/ld+json\" class=\"yoast-schema-graph\">{\"@context\":\"https:\/\/schema.org\",\"@graph\":[{\"@type\":\"Article\",\"@id\":\"https:\/\/now-news.de\/de\/deutschland\/der-drang-nach-osten-im-kollektiven-gedaechtnis-der-europaeer-verankert\/#article\",\"isPartOf\":{\"@id\":\"https:\/\/now-news.de\/de\/deutschland\/der-drang-nach-osten-im-kollektiven-gedaechtnis-der-europaeer-verankert\/\"},\"author\":{\"name\":\"rtnews\",\"@id\":\"https:\/\/now-news.de\/de\/#\/schema\/person\/fb534a4e865501d8b3285208df34a9b5\"},\"headline\":\"Der Drang nach Osten \u2013 im kollektiven Ged\u00e4chtnis der Europ\u00e4er verankert\",\"datePublished\":\"2023-01-24T08:23:29+00:00\",\"dateModified\":\"2023-01-24T08:23:29+00:00\",\"mainEntityOfPage\":{\"@id\":\"https:\/\/now-news.de\/de\/deutschland\/der-drang-nach-osten-im-kollektiven-gedaechtnis-der-europaeer-verankert\/\"},\"wordCount\":1321,\"commentCount\":0,\"publisher\":{\"@id\":\"https:\/\/now-news.de\/de\/#organization\"},\"image\":{\"@id\":\"https:\/\/now-news.de\/de\/deutschland\/der-drang-nach-osten-im-kollektiven-gedaechtnis-der-europaeer-verankert\/#primaryimage\"},\"thumbnailUrl\":\"https:\/\/now-news.de\/de\/wp-content\/uploads\/sites\/3\/2023\/01\/Der-Drang-nach-Osten-\u2013-im-kollektiven-Gedaechtnis-der-Europaeer.jpg\",\"keywords\":[\"der\",\"drang\",\"Europ\u00e4er\",\"Ged\u00e4chtnis\",\"kollektiven\",\"nach\",\"Osten\",\"verankert\"],\"articleSection\":[\"Deutschland\",\"Russland\"],\"inLanguage\":\"de\",\"potentialAction\":[{\"@type\":\"CommentAction\",\"name\":\"Comment\",\"target\":[\"https:\/\/now-news.de\/de\/deutschland\/der-drang-nach-osten-im-kollektiven-gedaechtnis-der-europaeer-verankert\/#respond\"]}]},{\"@type\":\"WebPage\",\"@id\":\"https:\/\/now-news.de\/de\/deutschland\/der-drang-nach-osten-im-kollektiven-gedaechtnis-der-europaeer-verankert\/\",\"url\":\"https:\/\/now-news.de\/de\/deutschland\/der-drang-nach-osten-im-kollektiven-gedaechtnis-der-europaeer-verankert\/\",\"name\":\"Der Drang nach Osten \u2013 im kollektiven Ged\u00e4chtnis der Europ\u00e4er verankert - just-now.NEWS Deutschland\",\"isPartOf\":{\"@id\":\"https:\/\/now-news.de\/de\/#website\"},\"primaryImageOfPage\":{\"@id\":\"https:\/\/now-news.de\/de\/deutschland\/der-drang-nach-osten-im-kollektiven-gedaechtnis-der-europaeer-verankert\/#primaryimage\"},\"image\":{\"@id\":\"https:\/\/now-news.de\/de\/deutschland\/der-drang-nach-osten-im-kollektiven-gedaechtnis-der-europaeer-verankert\/#primaryimage\"},\"thumbnailUrl\":\"https:\/\/now-news.de\/de\/wp-content\/uploads\/sites\/3\/2023\/01\/Der-Drang-nach-Osten-\u2013-im-kollektiven-Gedaechtnis-der-Europaeer.jpg\",\"datePublished\":\"2023-01-24T08:23:29+00:00\",\"dateModified\":\"2023-01-24T08:23:29+00:00\",\"breadcrumb\":{\"@id\":\"https:\/\/now-news.de\/de\/deutschland\/der-drang-nach-osten-im-kollektiven-gedaechtnis-der-europaeer-verankert\/#breadcrumb\"},\"inLanguage\":\"de\",\"potentialAction\":[{\"@type\":\"ReadAction\",\"target\":[\"https:\/\/now-news.de\/de\/deutschland\/der-drang-nach-osten-im-kollektiven-gedaechtnis-der-europaeer-verankert\/\"]}]},{\"@type\":\"ImageObject\",\"inLanguage\":\"de\",\"@id\":\"https:\/\/now-news.de\/de\/deutschland\/der-drang-nach-osten-im-kollektiven-gedaechtnis-der-europaeer-verankert\/#primaryimage\",\"url\":\"https:\/\/now-news.de\/de\/wp-content\/uploads\/sites\/3\/2023\/01\/Der-Drang-nach-Osten-\u2013-im-kollektiven-Gedaechtnis-der-Europaeer.jpg\",\"contentUrl\":\"https:\/\/now-news.de\/de\/wp-content\/uploads\/sites\/3\/2023\/01\/Der-Drang-nach-Osten-\u2013-im-kollektiven-Gedaechtnis-der-Europaeer.jpg\",\"width\":460,\"height\":259,\"caption\":\"Der Drang nach Osten \u2013 im kollektiven Ged\u00e4chtnis der Europ\u00e4er verankert\"},{\"@type\":\"BreadcrumbList\",\"@id\":\"https:\/\/now-news.de\/de\/deutschland\/der-drang-nach-osten-im-kollektiven-gedaechtnis-der-europaeer-verankert\/#breadcrumb\",\"itemListElement\":[{\"@type\":\"ListItem\",\"position\":1,\"name\":\"Home\",\"item\":\"https:\/\/now-news.de\/de\/\"},{\"@type\":\"ListItem\",\"position\":2,\"name\":\"Der Drang nach Osten \u2013 im kollektiven Ged\u00e4chtnis der Europ\u00e4er verankert\"}]},{\"@type\":\"WebSite\",\"@id\":\"https:\/\/now-news.de\/de\/#website\",\"url\":\"https:\/\/now-news.de\/de\/\",\"name\":\"just-now.NEWS Deutschland\",\"description\":\"Das Portal f\u00fcr unzensierte Nachrichten aus der Welt\",\"publisher\":{\"@id\":\"https:\/\/now-news.de\/de\/#organization\"},\"potentialAction\":[{\"@type\":\"SearchAction\",\"target\":{\"@type\":\"EntryPoint\",\"urlTemplate\":\"https:\/\/now-news.de\/de\/?s={search_term_string}\"},\"query-input\":\"required name=search_term_string\"}],\"inLanguage\":\"de\"},{\"@type\":\"Organization\",\"@id\":\"https:\/\/now-news.de\/de\/#organization\",\"name\":\"Just Now News\",\"url\":\"https:\/\/now-news.de\/de\/\",\"logo\":{\"@type\":\"ImageObject\",\"inLanguage\":\"de\",\"@id\":\"https:\/\/now-news.de\/de\/#\/schema\/logo\/image\/\",\"url\":\"http:\/\/just-now.news\/de\/wp-content\/uploads\/sites\/3\/2022\/04\/logo500x500.jpg\",\"contentUrl\":\"http:\/\/just-now.news\/de\/wp-content\/uploads\/sites\/3\/2022\/04\/logo500x500.jpg\",\"width\":500,\"height\":500,\"caption\":\"Just Now News\"},\"image\":{\"@id\":\"https:\/\/now-news.de\/de\/#\/schema\/logo\/image\/\"},\"sameAs\":[\"https:\/\/www.facebook.com\/wirmachenauf\",\"https:\/\/x.com\/WirMachenAuf_de\"]},{\"@type\":\"Person\",\"@id\":\"https:\/\/now-news.de\/de\/#\/schema\/person\/fb534a4e865501d8b3285208df34a9b5\",\"name\":\"rtnews\",\"image\":{\"@type\":\"ImageObject\",\"inLanguage\":\"de\",\"@id\":\"https:\/\/now-news.de\/de\/#\/schema\/person\/image\/\",\"url\":\"https:\/\/secure.gravatar.com\/avatar\/82aafea7d8127119dd649515f56e2117?s=96&d=mm&r=g\",\"contentUrl\":\"https:\/\/secure.gravatar.com\/avatar\/82aafea7d8127119dd649515f56e2117?s=96&d=mm&r=g\",\"caption\":\"rtnews\"},\"url\":\"https:\/\/now-news.de\/de\/author\/rnews\/\"}]}<\/script>\n<!-- \/ Yoast SEO Premium plugin. -->","yoast_head_json":{"title":"Der Drang nach Osten \u2013 im kollektiven Ged\u00e4chtnis der Europ\u00e4er verankert - just-now.NEWS Deutschland","robots":{"index":"index","follow":"follow","max-snippet":"max-snippet:-1","max-image-preview":"max-image-preview:large","max-video-preview":"max-video-preview:-1"},"canonical":"https:\/\/now-news.de\/de\/deutschland\/der-drang-nach-osten-im-kollektiven-gedaechtnis-der-europaeer-verankert\/","og_locale":"de_DE","og_type":"article","og_title":"Der Drang nach Osten \u2013 im kollektiven Ged\u00e4chtnis der Europ\u00e4er verankert","og_description":"Josep Borrell hat in einer Rede einen Blick zur\u00fcck auf die Geschichte der Kriege gegen Russland gezogen. Damit gesteht er sich ein, dass sich die EU auf einen schmachvollen Marsch an den Ort begibt, an dem schon Hunderttausende Franzosen und Millionen Deutsche den Tod gefunden hatten, meint Igor Karaulow. Von Igor Karaulow Josep Borrell, Chef [&hellip;]","og_url":"https:\/\/now-news.de\/de\/deutschland\/der-drang-nach-osten-im-kollektiven-gedaechtnis-der-europaeer-verankert\/","og_site_name":"just-now.NEWS Deutschland","article_publisher":"https:\/\/www.facebook.com\/wirmachenauf","article_published_time":"2023-01-24T08:23:29+00:00","og_image":[{"width":460,"height":259,"url":"https:\/\/now-news.de\/de\/wp-content\/uploads\/sites\/3\/2023\/01\/Der-Drang-nach-Osten-\u2013-im-kollektiven-Gedaechtnis-der-Europaeer.jpg","type":"image\/jpeg"}],"author":"rtnews","twitter_card":"summary_large_image","twitter_creator":"@WirMachenAuf_de","twitter_site":"@WirMachenAuf_de","twitter_misc":{"Verfasst von":"rtnews","Gesch\u00e4tzte Lesezeit":"7\u00a0Minuten"},"schema":{"@context":"https:\/\/schema.org","@graph":[{"@type":"Article","@id":"https:\/\/now-news.de\/de\/deutschland\/der-drang-nach-osten-im-kollektiven-gedaechtnis-der-europaeer-verankert\/#article","isPartOf":{"@id":"https:\/\/now-news.de\/de\/deutschland\/der-drang-nach-osten-im-kollektiven-gedaechtnis-der-europaeer-verankert\/"},"author":{"name":"rtnews","@id":"https:\/\/now-news.de\/de\/#\/schema\/person\/fb534a4e865501d8b3285208df34a9b5"},"headline":"Der Drang nach Osten \u2013 im kollektiven Ged\u00e4chtnis der Europ\u00e4er verankert","datePublished":"2023-01-24T08:23:29+00:00","dateModified":"2023-01-24T08:23:29+00:00","mainEntityOfPage":{"@id":"https:\/\/now-news.de\/de\/deutschland\/der-drang-nach-osten-im-kollektiven-gedaechtnis-der-europaeer-verankert\/"},"wordCount":1321,"commentCount":0,"publisher":{"@id":"https:\/\/now-news.de\/de\/#organization"},"image":{"@id":"https:\/\/now-news.de\/de\/deutschland\/der-drang-nach-osten-im-kollektiven-gedaechtnis-der-europaeer-verankert\/#primaryimage"},"thumbnailUrl":"https:\/\/now-news.de\/de\/wp-content\/uploads\/sites\/3\/2023\/01\/Der-Drang-nach-Osten-\u2013-im-kollektiven-Gedaechtnis-der-Europaeer.jpg","keywords":["der","drang","Europ\u00e4er","Ged\u00e4chtnis","kollektiven","nach","Osten","verankert"],"articleSection":["Deutschland","Russland"],"inLanguage":"de","potentialAction":[{"@type":"CommentAction","name":"Comment","target":["https:\/\/now-news.de\/de\/deutschland\/der-drang-nach-osten-im-kollektiven-gedaechtnis-der-europaeer-verankert\/#respond"]}]},{"@type":"WebPage","@id":"https:\/\/now-news.de\/de\/deutschland\/der-drang-nach-osten-im-kollektiven-gedaechtnis-der-europaeer-verankert\/","url":"https:\/\/now-news.de\/de\/deutschland\/der-drang-nach-osten-im-kollektiven-gedaechtnis-der-europaeer-verankert\/","name":"Der Drang nach Osten \u2013 im kollektiven Ged\u00e4chtnis der Europ\u00e4er verankert - just-now.NEWS Deutschland","isPartOf":{"@id":"https:\/\/now-news.de\/de\/#website"},"primaryImageOfPage":{"@id":"https:\/\/now-news.de\/de\/deutschland\/der-drang-nach-osten-im-kollektiven-gedaechtnis-der-europaeer-verankert\/#primaryimage"},"image":{"@id":"https:\/\/now-news.de\/de\/deutschland\/der-drang-nach-osten-im-kollektiven-gedaechtnis-der-europaeer-verankert\/#primaryimage"},"thumbnailUrl":"https:\/\/now-news.de\/de\/wp-content\/uploads\/sites\/3\/2023\/01\/Der-Drang-nach-Osten-\u2013-im-kollektiven-Gedaechtnis-der-Europaeer.jpg","datePublished":"2023-01-24T08:23:29+00:00","dateModified":"2023-01-24T08:23:29+00:00","breadcrumb":{"@id":"https:\/\/now-news.de\/de\/deutschland\/der-drang-nach-osten-im-kollektiven-gedaechtnis-der-europaeer-verankert\/#breadcrumb"},"inLanguage":"de","potentialAction":[{"@type":"ReadAction","target":["https:\/\/now-news.de\/de\/deutschland\/der-drang-nach-osten-im-kollektiven-gedaechtnis-der-europaeer-verankert\/"]}]},{"@type":"ImageObject","inLanguage":"de","@id":"https:\/\/now-news.de\/de\/deutschland\/der-drang-nach-osten-im-kollektiven-gedaechtnis-der-europaeer-verankert\/#primaryimage","url":"https:\/\/now-news.de\/de\/wp-content\/uploads\/sites\/3\/2023\/01\/Der-Drang-nach-Osten-\u2013-im-kollektiven-Gedaechtnis-der-Europaeer.jpg","contentUrl":"https:\/\/now-news.de\/de\/wp-content\/uploads\/sites\/3\/2023\/01\/Der-Drang-nach-Osten-\u2013-im-kollektiven-Gedaechtnis-der-Europaeer.jpg","width":460,"height":259,"caption":"Der Drang nach Osten \u2013 im kollektiven Ged\u00e4chtnis der Europ\u00e4er verankert"},{"@type":"BreadcrumbList","@id":"https:\/\/now-news.de\/de\/deutschland\/der-drang-nach-osten-im-kollektiven-gedaechtnis-der-europaeer-verankert\/#breadcrumb","itemListElement":[{"@type":"ListItem","position":1,"name":"Home","item":"https:\/\/now-news.de\/de\/"},{"@type":"ListItem","position":2,"name":"Der Drang nach Osten \u2013 im kollektiven Ged\u00e4chtnis der Europ\u00e4er verankert"}]},{"@type":"WebSite","@id":"https:\/\/now-news.de\/de\/#website","url":"https:\/\/now-news.de\/de\/","name":"just-now.NEWS Deutschland","description":"Das Portal f\u00fcr unzensierte Nachrichten aus der Welt","publisher":{"@id":"https:\/\/now-news.de\/de\/#organization"},"potentialAction":[{"@type":"SearchAction","target":{"@type":"EntryPoint","urlTemplate":"https:\/\/now-news.de\/de\/?s={search_term_string}"},"query-input":"required name=search_term_string"}],"inLanguage":"de"},{"@type":"Organization","@id":"https:\/\/now-news.de\/de\/#organization","name":"Just Now News","url":"https:\/\/now-news.de\/de\/","logo":{"@type":"ImageObject","inLanguage":"de","@id":"https:\/\/now-news.de\/de\/#\/schema\/logo\/image\/","url":"http:\/\/just-now.news\/de\/wp-content\/uploads\/sites\/3\/2022\/04\/logo500x500.jpg","contentUrl":"http:\/\/just-now.news\/de\/wp-content\/uploads\/sites\/3\/2022\/04\/logo500x500.jpg","width":500,"height":500,"caption":"Just Now News"},"image":{"@id":"https:\/\/now-news.de\/de\/#\/schema\/logo\/image\/"},"sameAs":["https:\/\/www.facebook.com\/wirmachenauf","https:\/\/x.com\/WirMachenAuf_de"]},{"@type":"Person","@id":"https:\/\/now-news.de\/de\/#\/schema\/person\/fb534a4e865501d8b3285208df34a9b5","name":"rtnews","image":{"@type":"ImageObject","inLanguage":"de","@id":"https:\/\/now-news.de\/de\/#\/schema\/person\/image\/","url":"https:\/\/secure.gravatar.com\/avatar\/82aafea7d8127119dd649515f56e2117?s=96&d=mm&r=g","contentUrl":"https:\/\/secure.gravatar.com\/avatar\/82aafea7d8127119dd649515f56e2117?s=96&d=mm&r=g","caption":"rtnews"},"url":"https:\/\/now-news.de\/de\/author\/rnews\/"}]}},"_links":{"self":[{"href":"https:\/\/now-news.de\/de\/wp-json\/wp\/v2\/posts\/28485"}],"collection":[{"href":"https:\/\/now-news.de\/de\/wp-json\/wp\/v2\/posts"}],"about":[{"href":"https:\/\/now-news.de\/de\/wp-json\/wp\/v2\/types\/post"}],"author":[{"embeddable":true,"href":"https:\/\/now-news.de\/de\/wp-json\/wp\/v2\/users\/3"}],"replies":[{"embeddable":true,"href":"https:\/\/now-news.de\/de\/wp-json\/wp\/v2\/comments?post=28485"}],"version-history":[{"count":0,"href":"https:\/\/now-news.de\/de\/wp-json\/wp\/v2\/posts\/28485\/revisions"}],"wp:featuredmedia":[{"embeddable":true,"href":"https:\/\/now-news.de\/de\/wp-json\/wp\/v2\/media\/28486"}],"wp:attachment":[{"href":"https:\/\/now-news.de\/de\/wp-json\/wp\/v2\/media?parent=28485"}],"wp:term":[{"taxonomy":"category","embeddable":true,"href":"https:\/\/now-news.de\/de\/wp-json\/wp\/v2\/categories?post=28485"},{"taxonomy":"post_tag","embeddable":true,"href":"https:\/\/now-news.de\/de\/wp-json\/wp\/v2\/tags?post=28485"}],"curies":[{"name":"wp","href":"https:\/\/api.w.org\/{rel}","templated":true}]}}