{"id":28479,"date":"2023-01-24T08:48:45","date_gmt":"2023-01-24T06:48:45","guid":{"rendered":"https:\/\/just-now.news\/de\/deutschland\/eu-verstaerkt-engagement-im-suedkaukasus-und-will-beobachter-mission-nach-armenien-schicken\/"},"modified":"2023-01-24T08:48:45","modified_gmt":"2023-01-24T06:48:45","slug":"eu-verstaerkt-engagement-im-suedkaukasus-und-will-beobachter-mission-nach-armenien-schicken","status":"publish","type":"post","link":"https:\/\/now-news.de\/de\/deutschland\/eu-verstaerkt-engagement-im-suedkaukasus-und-will-beobachter-mission-nach-armenien-schicken\/","title":{"rendered":"EU verst\u00e4rkt &quot;Engagement&quot; im S\u00fcdkaukasus und will Beobachter-Mission nach Armenien schicken"},"content":{"rendered":"<p><img decoding=\"async\" src=\"http:\/\/just-now.news\/de\/wp-content\/uploads\/sites\/3\/2023\/01\/63cef304b480cc317028f353.jpg\" \/><\/p>\n<div class=\"Text-root Text-type_1 \">\n                Die EU-Staaten wollen eine Mission an die Grenze von Armenien und Aserbaidschan schicken. EU-Hauptau\u00dfenbeauftragter Josep Borrell sprach von einer &#8220;neuen Phase des EU-Engagements im S\u00fcdkaukasus&#8221;. Mit diesem Schritt soll auch Russlands Einfluss in der Region zur\u00fcckgedr\u00e4ngt werden.\n            <\/div>\n<p><\/p>\n<div class=\"Text-root Text-type_5 ArticleView-text ViewText-root \">\n<p>Die EU-Au\u00dfenminister haben sich auf eine neue Mission in Armenien verst\u00e4ndigt, wie am Montag bekannt wurde. Zweck der Mission sei es, zur Stabilit\u00e4t an der Grenze zu Aserbaidschan beizutragen und Voraussetzungen f\u00fcr eine &#8220;Normalisierung&#8221; der beiden L\u00e4nder zu schaffen. Die Mission namens EUMA (European Union Mission in\u00a0Armenia) soll bereits Ende Februar starten. Der EU-Au\u00dfenbeauftragte Josep Borrell erkl\u00e4rte:<\/p>\n<blockquote>\n<p><em>&#8220;Die Einrichtung einer EU-Mission in Armenien leitet eine neue Phase des Engagements der EU im S\u00fcdkaukasus ein.&#8221;<\/em><\/p>\n<\/blockquote>\n<p>Der Einsatz, der &#8220;auf Ersuchen Armeniens&#8221; erfolgt, ist zun\u00e4chst auf zwei Jahre angelegt, wie der Rat mitteilte. Der Schritt baut auf fr\u00fcheren Aktivit\u00e4ten der EU in der Region auf, insbesondere auf dem Projekt EUMCAP (EU Monitoring Capacity in Armenia), in dessen Rahmen Br\u00fcssel nach den t\u00f6dlichen Grenzkonflikten zwischen Armenien und Aserbaidschan testweise f\u00fcr zwei Monate rund 40 zivile Beobachter entsandte.<\/p>\n<p>Die Mission beruhte auf einer Verst\u00e4ndigung zwischen Armenien und Aserbaidschan und f\u00fchrte in den zwei Monaten 176 Patrouillen an den Grenzen zwischen beiden L\u00e4ndern durch. Nach dem Auslaufen der Testphase hatte sich Eriwan f\u00fcr eine dauerhafte EU-Mission eingesetzt. Da sich die Beobachter nur auf armenischem Gebiet aufhalten, ist keine Zustimmung Aserbaidschans notwendig. Die EU beabsichtigt, ihren Einfluss im S\u00fcdkaukasus ausweiten und Russland aus der Region zur\u00fcckdr\u00e4ngen. Borrell rechnet nach Angaben aus seinem Umfeld jedoch nicht damit, dass die Mission die Spannungen zwischen der EU und Russland noch weiter versch\u00e4rft.<\/p>\n<p>Armenien, eine ehemalige Sowjetrepublik, ist zusammen mit Russland, Belarus, Kasachstan, Kirgisistan und Tadschikistan Mitglied der Organisation des Vertrags \u00fcber kollektive Sicherheit (OVKS). Anfang dieses Monats bekr\u00e4ftigte der Kreml-Sprecher Dmitri Peskow, dass Eriwan ein &#8220;enger Verb\u00fcndeter&#8221; Russlands bleibe.<\/p>\n<p>Im September letzten Jahres flammten die Spannungen an der Grenze zwischen Armenien und Aserbaidschan wieder auf. Nach Zusammenst\u00f6\u00dfen, bei denen Dutzende Soldaten beider Seiten ums Leben kamen, beschuldigten sich die beiden L\u00e4nder gegenseitig der Anstiftung zur Gewalt. Damals bat der armenische Premierminister Nikol Pashinyan die OVKS um milit\u00e4rische Unterst\u00fctzung, doch diese weigerte sich, Truppen zu entsenden, und bestand auf eine diplomatische L\u00f6sung der Situation.<\/p>\n<p>Die beiden Staaten sind seit jeher wegen zahlreicher Probleme zerstritten, wobei die umstrittene Region Berg-Karabach \u2013 de jure Teil Aserbaidschans, aber von ethnischen Armeniern bewohnt \u2013 den Hauptstreitpunkt darstellt. Im Jahr 2020 lieferten sich Armenien und Aserbaidschan einen 44-t\u00e4gigen Krieg um dieses Gebiet, der mit einem von Russland vermittelten Waffenstillstand und der Abtretung einiger zuvor von armenischen Truppen kontrollierter Gebiete an Baku endete. Die Vereinbarung sah auch die Entsendung russischer Friedenstruppen in das Gebiet vor.<\/p>\n<p><strong>Mehr zum Thema &#8211; <\/strong><a rel=\"nofollow noopener\" target=\"_blank\" href=\"https:\/\/de.rt.com\/international\/153785-bergkarabach-konflikt-aserbaidschan-kuendigt-fuer\/\">Bergkarabach-Konflikt: Aserbaidschan k\u00fcndigt f\u00fcr 2023 Milit\u00e4retat in Rekordh\u00f6he an<\/a><\/p>\n<\/p>\n<\/div>\n<p><br \/>\n<br \/><a href=\"https:\/\/de.rt.com\/international\/160780-eu-verstaerkt-engagement-im-suedkaukasus\/\">Source link <\/a><\/p>\n","protected":false},"excerpt":{"rendered":"<p>Die EU-Staaten wollen eine Mission an die Grenze von Armenien und Aserbaidschan schicken. EU-Hauptau\u00dfenbeauftragter Josep Borrell sprach von einer &#8220;neuen Phase des EU-Engagements im S\u00fcdkaukasus&#8221;. Mit diesem Schritt soll auch Russlands Einfluss in der Region zur\u00fcckgedr\u00e4ngt werden. Die EU-Au\u00dfenminister haben sich auf eine neue Mission in Armenien verst\u00e4ndigt, wie am Montag bekannt wurde. Zweck der [&hellip;]<\/p>\n","protected":false},"author":3,"featured_media":28480,"comment_status":"open","ping_status":"open","sticky":false,"template":"","format":"standard","meta":{"_yoast_indexnow_last_ping":["1674543632"],"wp_automatic_camp":["217"],"d51724b546a3a508efb76081b3dc1327":["EU verst\u00e4rkt &quot;Engagement&quot; im S\u00fcdkaukasus und will Beobachter-Mission nach Armenien schicken"],"original_link":["https:\/\/de.rt.com\/international\/160780-eu-verstaerkt-engagement-im-suedkaukasus\/"],"_thumbnail_id":["28480"],"_wptgpro_p2tg_sent2tg":["a:1:{i:23737;s:19:\"2023-01-24 09:02:52\";}"],"jnews_social_counter_last_update":["1777530367"]},"categories":[19,23],"tags":[10002,31610,979,39542,20904,39543,140,10898],"yoast_head":"<!-- This site is optimized with the Yoast SEO Premium plugin v22.7 (Yoast SEO v22.7) - https:\/\/yoast.com\/wordpress\/plugins\/seo\/ -->\n<title>EU verst\u00e4rkt &quot;Engagement&quot; im S\u00fcdkaukasus und will Beobachter-Mission nach Armenien schicken - just-now.NEWS Deutschland<\/title>\n<meta name=\"robots\" content=\"index, follow, max-snippet:-1, max-image-preview:large, max-video-preview:-1\" \/>\n<link rel=\"canonical\" href=\"https:\/\/now-news.de\/de\/deutschland\/eu-verstaerkt-engagement-im-suedkaukasus-und-will-beobachter-mission-nach-armenien-schicken\/\" \/>\n<meta property=\"og:locale\" content=\"de_DE\" \/>\n<meta property=\"og:type\" content=\"article\" \/>\n<meta property=\"og:title\" content=\"EU verst\u00e4rkt &quot;Engagement&quot; im S\u00fcdkaukasus und will Beobachter-Mission nach Armenien schicken\" \/>\n<meta property=\"og:description\" content=\"Die EU-Staaten wollen eine Mission an die Grenze von Armenien und Aserbaidschan schicken. EU-Hauptau\u00dfenbeauftragter Josep Borrell sprach von einer &#8220;neuen Phase des EU-Engagements im S\u00fcdkaukasus&#8221;. Mit diesem Schritt soll auch Russlands Einfluss in der Region zur\u00fcckgedr\u00e4ngt werden. Die EU-Au\u00dfenminister haben sich auf eine neue Mission in Armenien verst\u00e4ndigt, wie am Montag bekannt wurde. Zweck der [&hellip;]\" \/>\n<meta property=\"og:url\" content=\"https:\/\/now-news.de\/de\/deutschland\/eu-verstaerkt-engagement-im-suedkaukasus-und-will-beobachter-mission-nach-armenien-schicken\/\" \/>\n<meta property=\"og:site_name\" content=\"just-now.NEWS Deutschland\" \/>\n<meta property=\"article:publisher\" content=\"https:\/\/www.facebook.com\/wirmachenauf\" \/>\n<meta property=\"article:published_time\" content=\"2023-01-24T06:48:45+00:00\" \/>\n<meta property=\"og:image\" content=\"https:\/\/now-news.de\/de\/wp-content\/uploads\/sites\/3\/2023\/01\/EU-verstaerkt-quotEngagementquot-im-Suedkaukasus-und-will-Beobachter-Mission-nach-Armenien.jpg\" \/>\n\t<meta property=\"og:image:width\" content=\"460\" \/>\n\t<meta property=\"og:image:height\" content=\"259\" \/>\n\t<meta property=\"og:image:type\" content=\"image\/jpeg\" \/>\n<meta name=\"author\" content=\"rtnews\" \/>\n<meta name=\"twitter:card\" content=\"summary_large_image\" \/>\n<meta name=\"twitter:creator\" content=\"@WirMachenAuf_de\" \/>\n<meta name=\"twitter:site\" content=\"@WirMachenAuf_de\" \/>\n<meta name=\"twitter:label1\" content=\"Verfasst von\" \/>\n\t<meta name=\"twitter:data1\" content=\"rtnews\" \/>\n\t<meta name=\"twitter:label2\" content=\"Gesch\u00e4tzte Lesezeit\" \/>\n\t<meta name=\"twitter:data2\" content=\"2\u00a0Minuten\" \/>\n<script type=\"application\/ld+json\" class=\"yoast-schema-graph\">{\"@context\":\"https:\/\/schema.org\",\"@graph\":[{\"@type\":\"Article\",\"@id\":\"https:\/\/now-news.de\/de\/deutschland\/eu-verstaerkt-engagement-im-suedkaukasus-und-will-beobachter-mission-nach-armenien-schicken\/#article\",\"isPartOf\":{\"@id\":\"https:\/\/now-news.de\/de\/deutschland\/eu-verstaerkt-engagement-im-suedkaukasus-und-will-beobachter-mission-nach-armenien-schicken\/\"},\"author\":{\"name\":\"rtnews\",\"@id\":\"https:\/\/now-news.de\/de\/#\/schema\/person\/fb534a4e865501d8b3285208df34a9b5\"},\"headline\":\"EU verst\u00e4rkt &quot;Engagement&quot; im S\u00fcdkaukasus und will Beobachter-Mission nach Armenien schicken\",\"datePublished\":\"2023-01-24T06:48:45+00:00\",\"dateModified\":\"2023-01-24T06:48:45+00:00\",\"mainEntityOfPage\":{\"@id\":\"https:\/\/now-news.de\/de\/deutschland\/eu-verstaerkt-engagement-im-suedkaukasus-und-will-beobachter-mission-nach-armenien-schicken\/\"},\"wordCount\":500,\"commentCount\":0,\"publisher\":{\"@id\":\"https:\/\/now-news.de\/de\/#organization\"},\"image\":{\"@id\":\"https:\/\/now-news.de\/de\/deutschland\/eu-verstaerkt-engagement-im-suedkaukasus-und-will-beobachter-mission-nach-armenien-schicken\/#primaryimage\"},\"thumbnailUrl\":\"https:\/\/now-news.de\/de\/wp-content\/uploads\/sites\/3\/2023\/01\/EU-verstaerkt-quotEngagementquot-im-Suedkaukasus-und-will-Beobachter-Mission-nach-Armenien.jpg\",\"keywords\":[\"Armenien\",\"Beobachtermission\",\"nach\",\"quotEngagementquot\",\"schicken\",\"S\u00fcdkaukasus\",\"und\",\"verst\u00e4rkt\"],\"articleSection\":[\"Deutschland\",\"Russland\"],\"inLanguage\":\"de\",\"potentialAction\":[{\"@type\":\"CommentAction\",\"name\":\"Comment\",\"target\":[\"https:\/\/now-news.de\/de\/deutschland\/eu-verstaerkt-engagement-im-suedkaukasus-und-will-beobachter-mission-nach-armenien-schicken\/#respond\"]}]},{\"@type\":\"WebPage\",\"@id\":\"https:\/\/now-news.de\/de\/deutschland\/eu-verstaerkt-engagement-im-suedkaukasus-und-will-beobachter-mission-nach-armenien-schicken\/\",\"url\":\"https:\/\/now-news.de\/de\/deutschland\/eu-verstaerkt-engagement-im-suedkaukasus-und-will-beobachter-mission-nach-armenien-schicken\/\",\"name\":\"EU verst\u00e4rkt &quot;Engagement&quot; im S\u00fcdkaukasus und will Beobachter-Mission nach Armenien schicken - just-now.NEWS Deutschland\",\"isPartOf\":{\"@id\":\"https:\/\/now-news.de\/de\/#website\"},\"primaryImageOfPage\":{\"@id\":\"https:\/\/now-news.de\/de\/deutschland\/eu-verstaerkt-engagement-im-suedkaukasus-und-will-beobachter-mission-nach-armenien-schicken\/#primaryimage\"},\"image\":{\"@id\":\"https:\/\/now-news.de\/de\/deutschland\/eu-verstaerkt-engagement-im-suedkaukasus-und-will-beobachter-mission-nach-armenien-schicken\/#primaryimage\"},\"thumbnailUrl\":\"https:\/\/now-news.de\/de\/wp-content\/uploads\/sites\/3\/2023\/01\/EU-verstaerkt-quotEngagementquot-im-Suedkaukasus-und-will-Beobachter-Mission-nach-Armenien.jpg\",\"datePublished\":\"2023-01-24T06:48:45+00:00\",\"dateModified\":\"2023-01-24T06:48:45+00:00\",\"breadcrumb\":{\"@id\":\"https:\/\/now-news.de\/de\/deutschland\/eu-verstaerkt-engagement-im-suedkaukasus-und-will-beobachter-mission-nach-armenien-schicken\/#breadcrumb\"},\"inLanguage\":\"de\",\"potentialAction\":[{\"@type\":\"ReadAction\",\"target\":[\"https:\/\/now-news.de\/de\/deutschland\/eu-verstaerkt-engagement-im-suedkaukasus-und-will-beobachter-mission-nach-armenien-schicken\/\"]}]},{\"@type\":\"ImageObject\",\"inLanguage\":\"de\",\"@id\":\"https:\/\/now-news.de\/de\/deutschland\/eu-verstaerkt-engagement-im-suedkaukasus-und-will-beobachter-mission-nach-armenien-schicken\/#primaryimage\",\"url\":\"https:\/\/now-news.de\/de\/wp-content\/uploads\/sites\/3\/2023\/01\/EU-verstaerkt-quotEngagementquot-im-Suedkaukasus-und-will-Beobachter-Mission-nach-Armenien.jpg\",\"contentUrl\":\"https:\/\/now-news.de\/de\/wp-content\/uploads\/sites\/3\/2023\/01\/EU-verstaerkt-quotEngagementquot-im-Suedkaukasus-und-will-Beobachter-Mission-nach-Armenien.jpg\",\"width\":460,\"height\":259,\"caption\":\"EU verst\u00e4rkt &quot;Engagement&quot; im S\u00fcdkaukasus und will Beobachter-Mission nach Armenien schicken\"},{\"@type\":\"BreadcrumbList\",\"@id\":\"https:\/\/now-news.de\/de\/deutschland\/eu-verstaerkt-engagement-im-suedkaukasus-und-will-beobachter-mission-nach-armenien-schicken\/#breadcrumb\",\"itemListElement\":[{\"@type\":\"ListItem\",\"position\":1,\"name\":\"Home\",\"item\":\"https:\/\/now-news.de\/de\/\"},{\"@type\":\"ListItem\",\"position\":2,\"name\":\"EU verst\u00e4rkt &quot;Engagement&quot; im S\u00fcdkaukasus und will Beobachter-Mission nach Armenien schicken\"}]},{\"@type\":\"WebSite\",\"@id\":\"https:\/\/now-news.de\/de\/#website\",\"url\":\"https:\/\/now-news.de\/de\/\",\"name\":\"just-now.NEWS Deutschland\",\"description\":\"Das Portal f\u00fcr unzensierte Nachrichten aus der Welt\",\"publisher\":{\"@id\":\"https:\/\/now-news.de\/de\/#organization\"},\"potentialAction\":[{\"@type\":\"SearchAction\",\"target\":{\"@type\":\"EntryPoint\",\"urlTemplate\":\"https:\/\/now-news.de\/de\/?s={search_term_string}\"},\"query-input\":\"required name=search_term_string\"}],\"inLanguage\":\"de\"},{\"@type\":\"Organization\",\"@id\":\"https:\/\/now-news.de\/de\/#organization\",\"name\":\"Just Now News\",\"url\":\"https:\/\/now-news.de\/de\/\",\"logo\":{\"@type\":\"ImageObject\",\"inLanguage\":\"de\",\"@id\":\"https:\/\/now-news.de\/de\/#\/schema\/logo\/image\/\",\"url\":\"http:\/\/just-now.news\/de\/wp-content\/uploads\/sites\/3\/2022\/04\/logo500x500.jpg\",\"contentUrl\":\"http:\/\/just-now.news\/de\/wp-content\/uploads\/sites\/3\/2022\/04\/logo500x500.jpg\",\"width\":500,\"height\":500,\"caption\":\"Just Now News\"},\"image\":{\"@id\":\"https:\/\/now-news.de\/de\/#\/schema\/logo\/image\/\"},\"sameAs\":[\"https:\/\/www.facebook.com\/wirmachenauf\",\"https:\/\/x.com\/WirMachenAuf_de\"]},{\"@type\":\"Person\",\"@id\":\"https:\/\/now-news.de\/de\/#\/schema\/person\/fb534a4e865501d8b3285208df34a9b5\",\"name\":\"rtnews\",\"image\":{\"@type\":\"ImageObject\",\"inLanguage\":\"de\",\"@id\":\"https:\/\/now-news.de\/de\/#\/schema\/person\/image\/\",\"url\":\"https:\/\/secure.gravatar.com\/avatar\/82aafea7d8127119dd649515f56e2117?s=96&d=mm&r=g\",\"contentUrl\":\"https:\/\/secure.gravatar.com\/avatar\/82aafea7d8127119dd649515f56e2117?s=96&d=mm&r=g\",\"caption\":\"rtnews\"},\"url\":\"https:\/\/now-news.de\/de\/author\/rnews\/\"}]}<\/script>\n<!-- \/ Yoast SEO Premium plugin. -->","yoast_head_json":{"title":"EU verst\u00e4rkt &quot;Engagement&quot; im S\u00fcdkaukasus und will Beobachter-Mission nach Armenien schicken - just-now.NEWS Deutschland","robots":{"index":"index","follow":"follow","max-snippet":"max-snippet:-1","max-image-preview":"max-image-preview:large","max-video-preview":"max-video-preview:-1"},"canonical":"https:\/\/now-news.de\/de\/deutschland\/eu-verstaerkt-engagement-im-suedkaukasus-und-will-beobachter-mission-nach-armenien-schicken\/","og_locale":"de_DE","og_type":"article","og_title":"EU verst\u00e4rkt &quot;Engagement&quot; im S\u00fcdkaukasus und will Beobachter-Mission nach Armenien schicken","og_description":"Die EU-Staaten wollen eine Mission an die Grenze von Armenien und Aserbaidschan schicken. EU-Hauptau\u00dfenbeauftragter Josep Borrell sprach von einer &#8220;neuen Phase des EU-Engagements im S\u00fcdkaukasus&#8221;. Mit diesem Schritt soll auch Russlands Einfluss in der Region zur\u00fcckgedr\u00e4ngt werden. Die EU-Au\u00dfenminister haben sich auf eine neue Mission in Armenien verst\u00e4ndigt, wie am Montag bekannt wurde. Zweck der [&hellip;]","og_url":"https:\/\/now-news.de\/de\/deutschland\/eu-verstaerkt-engagement-im-suedkaukasus-und-will-beobachter-mission-nach-armenien-schicken\/","og_site_name":"just-now.NEWS Deutschland","article_publisher":"https:\/\/www.facebook.com\/wirmachenauf","article_published_time":"2023-01-24T06:48:45+00:00","og_image":[{"width":460,"height":259,"url":"https:\/\/now-news.de\/de\/wp-content\/uploads\/sites\/3\/2023\/01\/EU-verstaerkt-quotEngagementquot-im-Suedkaukasus-und-will-Beobachter-Mission-nach-Armenien.jpg","type":"image\/jpeg"}],"author":"rtnews","twitter_card":"summary_large_image","twitter_creator":"@WirMachenAuf_de","twitter_site":"@WirMachenAuf_de","twitter_misc":{"Verfasst von":"rtnews","Gesch\u00e4tzte Lesezeit":"2\u00a0Minuten"},"schema":{"@context":"https:\/\/schema.org","@graph":[{"@type":"Article","@id":"https:\/\/now-news.de\/de\/deutschland\/eu-verstaerkt-engagement-im-suedkaukasus-und-will-beobachter-mission-nach-armenien-schicken\/#article","isPartOf":{"@id":"https:\/\/now-news.de\/de\/deutschland\/eu-verstaerkt-engagement-im-suedkaukasus-und-will-beobachter-mission-nach-armenien-schicken\/"},"author":{"name":"rtnews","@id":"https:\/\/now-news.de\/de\/#\/schema\/person\/fb534a4e865501d8b3285208df34a9b5"},"headline":"EU verst\u00e4rkt &quot;Engagement&quot; im S\u00fcdkaukasus und will Beobachter-Mission nach Armenien schicken","datePublished":"2023-01-24T06:48:45+00:00","dateModified":"2023-01-24T06:48:45+00:00","mainEntityOfPage":{"@id":"https:\/\/now-news.de\/de\/deutschland\/eu-verstaerkt-engagement-im-suedkaukasus-und-will-beobachter-mission-nach-armenien-schicken\/"},"wordCount":500,"commentCount":0,"publisher":{"@id":"https:\/\/now-news.de\/de\/#organization"},"image":{"@id":"https:\/\/now-news.de\/de\/deutschland\/eu-verstaerkt-engagement-im-suedkaukasus-und-will-beobachter-mission-nach-armenien-schicken\/#primaryimage"},"thumbnailUrl":"https:\/\/now-news.de\/de\/wp-content\/uploads\/sites\/3\/2023\/01\/EU-verstaerkt-quotEngagementquot-im-Suedkaukasus-und-will-Beobachter-Mission-nach-Armenien.jpg","keywords":["Armenien","Beobachtermission","nach","quotEngagementquot","schicken","S\u00fcdkaukasus","und","verst\u00e4rkt"],"articleSection":["Deutschland","Russland"],"inLanguage":"de","potentialAction":[{"@type":"CommentAction","name":"Comment","target":["https:\/\/now-news.de\/de\/deutschland\/eu-verstaerkt-engagement-im-suedkaukasus-und-will-beobachter-mission-nach-armenien-schicken\/#respond"]}]},{"@type":"WebPage","@id":"https:\/\/now-news.de\/de\/deutschland\/eu-verstaerkt-engagement-im-suedkaukasus-und-will-beobachter-mission-nach-armenien-schicken\/","url":"https:\/\/now-news.de\/de\/deutschland\/eu-verstaerkt-engagement-im-suedkaukasus-und-will-beobachter-mission-nach-armenien-schicken\/","name":"EU verst\u00e4rkt &quot;Engagement&quot; im S\u00fcdkaukasus und will Beobachter-Mission nach Armenien schicken - just-now.NEWS Deutschland","isPartOf":{"@id":"https:\/\/now-news.de\/de\/#website"},"primaryImageOfPage":{"@id":"https:\/\/now-news.de\/de\/deutschland\/eu-verstaerkt-engagement-im-suedkaukasus-und-will-beobachter-mission-nach-armenien-schicken\/#primaryimage"},"image":{"@id":"https:\/\/now-news.de\/de\/deutschland\/eu-verstaerkt-engagement-im-suedkaukasus-und-will-beobachter-mission-nach-armenien-schicken\/#primaryimage"},"thumbnailUrl":"https:\/\/now-news.de\/de\/wp-content\/uploads\/sites\/3\/2023\/01\/EU-verstaerkt-quotEngagementquot-im-Suedkaukasus-und-will-Beobachter-Mission-nach-Armenien.jpg","datePublished":"2023-01-24T06:48:45+00:00","dateModified":"2023-01-24T06:48:45+00:00","breadcrumb":{"@id":"https:\/\/now-news.de\/de\/deutschland\/eu-verstaerkt-engagement-im-suedkaukasus-und-will-beobachter-mission-nach-armenien-schicken\/#breadcrumb"},"inLanguage":"de","potentialAction":[{"@type":"ReadAction","target":["https:\/\/now-news.de\/de\/deutschland\/eu-verstaerkt-engagement-im-suedkaukasus-und-will-beobachter-mission-nach-armenien-schicken\/"]}]},{"@type":"ImageObject","inLanguage":"de","@id":"https:\/\/now-news.de\/de\/deutschland\/eu-verstaerkt-engagement-im-suedkaukasus-und-will-beobachter-mission-nach-armenien-schicken\/#primaryimage","url":"https:\/\/now-news.de\/de\/wp-content\/uploads\/sites\/3\/2023\/01\/EU-verstaerkt-quotEngagementquot-im-Suedkaukasus-und-will-Beobachter-Mission-nach-Armenien.jpg","contentUrl":"https:\/\/now-news.de\/de\/wp-content\/uploads\/sites\/3\/2023\/01\/EU-verstaerkt-quotEngagementquot-im-Suedkaukasus-und-will-Beobachter-Mission-nach-Armenien.jpg","width":460,"height":259,"caption":"EU verst\u00e4rkt &quot;Engagement&quot; im S\u00fcdkaukasus und will Beobachter-Mission nach Armenien schicken"},{"@type":"BreadcrumbList","@id":"https:\/\/now-news.de\/de\/deutschland\/eu-verstaerkt-engagement-im-suedkaukasus-und-will-beobachter-mission-nach-armenien-schicken\/#breadcrumb","itemListElement":[{"@type":"ListItem","position":1,"name":"Home","item":"https:\/\/now-news.de\/de\/"},{"@type":"ListItem","position":2,"name":"EU verst\u00e4rkt &quot;Engagement&quot; im S\u00fcdkaukasus und will Beobachter-Mission nach Armenien schicken"}]},{"@type":"WebSite","@id":"https:\/\/now-news.de\/de\/#website","url":"https:\/\/now-news.de\/de\/","name":"just-now.NEWS Deutschland","description":"Das Portal f\u00fcr unzensierte Nachrichten aus der Welt","publisher":{"@id":"https:\/\/now-news.de\/de\/#organization"},"potentialAction":[{"@type":"SearchAction","target":{"@type":"EntryPoint","urlTemplate":"https:\/\/now-news.de\/de\/?s={search_term_string}"},"query-input":"required name=search_term_string"}],"inLanguage":"de"},{"@type":"Organization","@id":"https:\/\/now-news.de\/de\/#organization","name":"Just Now News","url":"https:\/\/now-news.de\/de\/","logo":{"@type":"ImageObject","inLanguage":"de","@id":"https:\/\/now-news.de\/de\/#\/schema\/logo\/image\/","url":"http:\/\/just-now.news\/de\/wp-content\/uploads\/sites\/3\/2022\/04\/logo500x500.jpg","contentUrl":"http:\/\/just-now.news\/de\/wp-content\/uploads\/sites\/3\/2022\/04\/logo500x500.jpg","width":500,"height":500,"caption":"Just Now News"},"image":{"@id":"https:\/\/now-news.de\/de\/#\/schema\/logo\/image\/"},"sameAs":["https:\/\/www.facebook.com\/wirmachenauf","https:\/\/x.com\/WirMachenAuf_de"]},{"@type":"Person","@id":"https:\/\/now-news.de\/de\/#\/schema\/person\/fb534a4e865501d8b3285208df34a9b5","name":"rtnews","image":{"@type":"ImageObject","inLanguage":"de","@id":"https:\/\/now-news.de\/de\/#\/schema\/person\/image\/","url":"https:\/\/secure.gravatar.com\/avatar\/82aafea7d8127119dd649515f56e2117?s=96&d=mm&r=g","contentUrl":"https:\/\/secure.gravatar.com\/avatar\/82aafea7d8127119dd649515f56e2117?s=96&d=mm&r=g","caption":"rtnews"},"url":"https:\/\/now-news.de\/de\/author\/rnews\/"}]}},"_links":{"self":[{"href":"https:\/\/now-news.de\/de\/wp-json\/wp\/v2\/posts\/28479"}],"collection":[{"href":"https:\/\/now-news.de\/de\/wp-json\/wp\/v2\/posts"}],"about":[{"href":"https:\/\/now-news.de\/de\/wp-json\/wp\/v2\/types\/post"}],"author":[{"embeddable":true,"href":"https:\/\/now-news.de\/de\/wp-json\/wp\/v2\/users\/3"}],"replies":[{"embeddable":true,"href":"https:\/\/now-news.de\/de\/wp-json\/wp\/v2\/comments?post=28479"}],"version-history":[{"count":0,"href":"https:\/\/now-news.de\/de\/wp-json\/wp\/v2\/posts\/28479\/revisions"}],"wp:featuredmedia":[{"embeddable":true,"href":"https:\/\/now-news.de\/de\/wp-json\/wp\/v2\/media\/28480"}],"wp:attachment":[{"href":"https:\/\/now-news.de\/de\/wp-json\/wp\/v2\/media?parent=28479"}],"wp:term":[{"taxonomy":"category","embeddable":true,"href":"https:\/\/now-news.de\/de\/wp-json\/wp\/v2\/categories?post=28479"},{"taxonomy":"post_tag","embeddable":true,"href":"https:\/\/now-news.de\/de\/wp-json\/wp\/v2\/tags?post=28479"}],"curies":[{"name":"wp","href":"https:\/\/api.w.org\/{rel}","templated":true}]}}