{"id":28445,"date":"2023-01-23T19:07:03","date_gmt":"2023-01-23T17:07:03","guid":{"rendered":"https:\/\/just-now.news\/de\/deutschland\/tschechischer-praesidentschaftskandidat-stellt-nato-grundprinzip-infrage\/"},"modified":"2023-01-23T19:07:03","modified_gmt":"2023-01-23T17:07:03","slug":"tschechischer-praesidentschaftskandidat-stellt-nato-grundprinzip-infrage","status":"publish","type":"post","link":"https:\/\/now-news.de\/de\/deutschland\/tschechischer-praesidentschaftskandidat-stellt-nato-grundprinzip-infrage\/","title":{"rendered":"Tschechischer Pr\u00e4sidentschaftskandidat stellt NATO-Grundprinzip infrage"},"content":{"rendered":"<p><img decoding=\"async\" src=\"http:\/\/just-now.news\/de\/wp-content\/uploads\/sites\/3\/2023\/01\/63ceaa4d48fbef593b04c861.jpg\" \/><\/p>\n<div class=\"Text-root Text-type_1 \">\n                In einer Fernsehdebatte hat der tschechische Pr\u00e4sidentschaftskandidat Babis der NATO-B\u00fcndnispflicht eine Absage erteilt. Babis wird gegen den ehemaligen NATO-General Pavel am Samstag in einer Stichwahl antreten.\n            <\/div>\n<p><\/p>\n<div class=\"Text-root Text-type_5 ArticleView-text ViewText-root \">\n<p>Der tschechische Pr\u00e4sidentschaftskandidat und ehemalige Regierungschef Andrej Babis stellt die NATO-Beistandspflicht infrage. Babis verneinte die Frage, ob er als Pr\u00e4sident im Fall eines Angriffs Soldaten in die baltischen Staaten oder nach Polen senden w\u00fcrde.\u00a0<\/p>\n<p>Babis f\u00fchrte in einer Fernsehdebatte dazu aus:<\/p>\n<blockquote>\n<p><em>&#8220;Ich will Frieden, ich will keinen Krieg. Und in keinem Fall w\u00fcrde ich unsere Kinder und die Kinder unserer Frauen in einen Krieg schicken.&#8221;<\/em><\/p>\n<\/blockquote>\n<p>Diese \u00c4u\u00dferung brachte Babis viel Kritik, aber auch Zustimmung ein. In einem Tweet ruderte Babis dann allerdings zur\u00fcck. Er f\u00fchle sich falsch verstanden, schreibt er. Er habe nicht die B\u00fcndnispflicht infrage stellen wollen. Er wolle sich einfach nicht vorstellen, dass es zum Dritten Weltkrieg kommen k\u00f6nnte. Politiker m\u00fcssen Frieden anstreben und Krieg verhindern.\u00a0<\/p>\n<div class=\"EmbedBlock-root EmbedBlock-twitter\">\n<div class=\"TwitterEmbed\">\n<blockquote class=\"twitter-tweet lazyload\" data-twitter=\"twitter-tweet\">\n<p lang=\"cs\" dir=\"ltr\">Z\u00e1sadn\u011b odm\u00edt\u00e1m snahu p\u0159ekrucovat moje v\u00fdroky, kter\u00e9 padly b\u011bhem v\u010derej\u0161\u00ed debaty. Nikdy jsem \u010dl\u00e1nek 5, tedy kolektivn\u00ed obranu NATO, nezpochybnil. Jen jsem si necht\u011bl ani p\u0159edstavit, \u017ee by mohlo doj\u00edt ke 3. sv\u011btov\u00e9 v\u00e1lce. Proto politici musej\u00ed usilovat o m\u00edr a zabr\u00e1nit v\u00e1lce.<\/p>\n<p>\u2014 Andrej Babi\u0161 (@AndrejBabis) <a rel=\"nofollow noopener\" target=\"_blank\" href=\"https:\/\/twitter.com\/AndrejBabis\/status\/1617481784220061697?ref_src=twsrc%5Etfw\">January 23, 2023<\/a><\/p><\/blockquote>\n<\/div>\n<\/div>\n<p>Babis wird am kommenden Samstag in einer Stichwahl auf den fr\u00fcheren NATO-General Petr Pavel treffen. Dieser widersprach \u2013 wie zu erwarten \u2013 Babis. Er sagte:<\/p>\n<blockquote>\n<p><em>&#8220;Wenn wir Mitglied einer solchen Organisation sind, dann nicht nur, um die Vorteile der kollektiven Sicherheit zu genie\u00dfen, sondern auch, um selbst etwas beizutragen.&#8221;<\/em><\/p>\n<\/blockquote>\n<p>Zwischenzeitlich schaltete sich auch der lettische Au\u00dfenminister in die Debatte ein. Die \u00c4u\u00dferungen Babis seien nicht verantwortungsvoll gewesen, meinte er. Welchen Beitrag Lettland leisten k\u00f6nne, damit es nicht zu einer Eskalation in Europa kommt, sagte er nicht. Die baltischen Staaten fallen immer wieder mit Provokationen gegen\u00fcber Russland auf. Lettland hatte zuletzt den litauischen Staatsb\u00fcrger und Chefredakteur des russischen Senders <em>Sputnik Litauen<\/em>, Marat Kasem, festgenommen. Russland verurteilte den Schritt. Litauen verhindert den Transport von G\u00fctern per Bahn von Russland in die russische Exklave Kaliningrad, was von Russland ebenfalls als Provokation aufgefasst wird.\u00a0<\/p>\n<p>Eine aktuelle Umfrage sieht Pavel klar vorn. Der kommt auf 58,8 Prozent der Stimmen, w\u00e4hrend sich 41,2 f\u00fcr Babis aussprechen.\u00a0<\/p>\n<p><strong>Mehr zum Thema <\/strong>&#8211;<strong>\u00a0<\/strong><a rel=\"nofollow noopener\" target=\"_blank\" href=\"https:\/\/pressefreiheit.rtde.me\/international\/160685-ex-praesident-moldaus-neutralitaet-europaeischer\/\">Kein &#8220;Kanonenfutter f\u00fcr die NATO&#8221;: Ex-Pr\u00e4sident Moldawiens pocht auf Neutralit\u00e4t seines Landes<\/a><\/p>\n<\/div>\n<p><script async src=\"https:\/\/platform.twitter.com\/widgets.js\" charset=\"utf-8\"><\/script><br \/>\n<br \/><br \/>\n<br \/><a href=\"https:\/\/de.rt.com\/europa\/160757-tschechischer-praesidentschaftskandidat-stellt-nato-grundprinzip-infrage\/\">Source link <\/a><\/p>\n","protected":false},"excerpt":{"rendered":"<p>In einer Fernsehdebatte hat der tschechische Pr\u00e4sidentschaftskandidat Babis der NATO-B\u00fcndnispflicht eine Absage erteilt. Babis wird gegen den ehemaligen NATO-General Pavel am Samstag in einer Stichwahl antreten. Der tschechische Pr\u00e4sidentschaftskandidat und ehemalige Regierungschef Andrej Babis stellt die NATO-Beistandspflicht infrage. Babis verneinte die Frage, ob er als Pr\u00e4sident im Fall eines Angriffs Soldaten in die baltischen Staaten [&hellip;]<\/p>\n","protected":false},"author":3,"featured_media":28446,"comment_status":"open","ping_status":"open","sticky":false,"template":"","format":"standard","meta":{"_yoast_indexnow_last_ping":["1674494335"],"wp_automatic_camp":["217"],"6f7b2467aa03372b1fdff9824cbc4dd2":["Tschechischer Pr\u00e4sidentschaftskandidat stellt NATO-Grundprinzip infrage"],"original_link":["https:\/\/de.rt.com\/europa\/160757-tschechischer-praesidentschaftskandidat-stellt-nato-grundprinzip-infrage\/"],"_thumbnail_id":["28446"],"_wptgpro_p2tg_sent2tg":["a:1:{i:23737;s:19:\"2023-01-23 19:19:58\";}"],"jnews_social_counter_last_update":["1777174491"]},"categories":[19,23],"tags":[23651,39518,35945,15979,25471],"yoast_head":"<!-- This site is optimized with the Yoast SEO Premium plugin v22.7 (Yoast SEO v22.7) - https:\/\/yoast.com\/wordpress\/plugins\/seo\/ -->\n<title>Tschechischer Pr\u00e4sidentschaftskandidat stellt NATO-Grundprinzip infrage - just-now.NEWS Deutschland<\/title>\n<meta name=\"robots\" content=\"index, follow, max-snippet:-1, max-image-preview:large, max-video-preview:-1\" \/>\n<link rel=\"canonical\" href=\"https:\/\/now-news.de\/de\/deutschland\/tschechischer-praesidentschaftskandidat-stellt-nato-grundprinzip-infrage\/\" \/>\n<meta property=\"og:locale\" content=\"de_DE\" \/>\n<meta property=\"og:type\" content=\"article\" \/>\n<meta property=\"og:title\" content=\"Tschechischer Pr\u00e4sidentschaftskandidat stellt NATO-Grundprinzip infrage\" \/>\n<meta property=\"og:description\" content=\"In einer Fernsehdebatte hat der tschechische Pr\u00e4sidentschaftskandidat Babis der NATO-B\u00fcndnispflicht eine Absage erteilt. Babis wird gegen den ehemaligen NATO-General Pavel am Samstag in einer Stichwahl antreten. Der tschechische Pr\u00e4sidentschaftskandidat und ehemalige Regierungschef Andrej Babis stellt die NATO-Beistandspflicht infrage. Babis verneinte die Frage, ob er als Pr\u00e4sident im Fall eines Angriffs Soldaten in die baltischen Staaten [&hellip;]\" \/>\n<meta property=\"og:url\" content=\"https:\/\/now-news.de\/de\/deutschland\/tschechischer-praesidentschaftskandidat-stellt-nato-grundprinzip-infrage\/\" \/>\n<meta property=\"og:site_name\" content=\"just-now.NEWS Deutschland\" \/>\n<meta property=\"article:publisher\" content=\"https:\/\/www.facebook.com\/wirmachenauf\" \/>\n<meta property=\"article:published_time\" content=\"2023-01-23T17:07:03+00:00\" \/>\n<meta property=\"og:image\" content=\"https:\/\/now-news.de\/de\/wp-content\/uploads\/sites\/3\/2023\/01\/Tschechischer-Praesidentschaftskandidat-stellt-NATO-Grundprinzip-infrage.jpg\" \/>\n\t<meta property=\"og:image:width\" content=\"460\" \/>\n\t<meta property=\"og:image:height\" content=\"259\" \/>\n\t<meta property=\"og:image:type\" content=\"image\/jpeg\" \/>\n<meta name=\"author\" content=\"rtnews\" \/>\n<meta name=\"twitter:card\" content=\"summary_large_image\" \/>\n<meta name=\"twitter:creator\" content=\"@WirMachenAuf_de\" \/>\n<meta name=\"twitter:site\" content=\"@WirMachenAuf_de\" \/>\n<meta name=\"twitter:label1\" content=\"Verfasst von\" \/>\n\t<meta name=\"twitter:data1\" content=\"rtnews\" \/>\n\t<meta name=\"twitter:label2\" content=\"Gesch\u00e4tzte Lesezeit\" \/>\n\t<meta name=\"twitter:data2\" content=\"2\u00a0Minuten\" \/>\n<script type=\"application\/ld+json\" class=\"yoast-schema-graph\">{\"@context\":\"https:\/\/schema.org\",\"@graph\":[{\"@type\":\"Article\",\"@id\":\"https:\/\/now-news.de\/de\/deutschland\/tschechischer-praesidentschaftskandidat-stellt-nato-grundprinzip-infrage\/#article\",\"isPartOf\":{\"@id\":\"https:\/\/now-news.de\/de\/deutschland\/tschechischer-praesidentschaftskandidat-stellt-nato-grundprinzip-infrage\/\"},\"author\":{\"name\":\"rtnews\",\"@id\":\"https:\/\/now-news.de\/de\/#\/schema\/person\/fb534a4e865501d8b3285208df34a9b5\"},\"headline\":\"Tschechischer Pr\u00e4sidentschaftskandidat stellt NATO-Grundprinzip infrage\",\"datePublished\":\"2023-01-23T17:07:03+00:00\",\"dateModified\":\"2023-01-23T17:07:03+00:00\",\"mainEntityOfPage\":{\"@id\":\"https:\/\/now-news.de\/de\/deutschland\/tschechischer-praesidentschaftskandidat-stellt-nato-grundprinzip-infrage\/\"},\"wordCount\":412,\"commentCount\":0,\"publisher\":{\"@id\":\"https:\/\/now-news.de\/de\/#organization\"},\"image\":{\"@id\":\"https:\/\/now-news.de\/de\/deutschland\/tschechischer-praesidentschaftskandidat-stellt-nato-grundprinzip-infrage\/#primaryimage\"},\"thumbnailUrl\":\"https:\/\/now-news.de\/de\/wp-content\/uploads\/sites\/3\/2023\/01\/Tschechischer-Praesidentschaftskandidat-stellt-NATO-Grundprinzip-infrage.jpg\",\"keywords\":[\"infrage\",\"NATOGrundprinzip\",\"Pr\u00e4sidentschaftskandidat\",\"stellt\",\"Tschechischer\"],\"articleSection\":[\"Deutschland\",\"Russland\"],\"inLanguage\":\"de\",\"potentialAction\":[{\"@type\":\"CommentAction\",\"name\":\"Comment\",\"target\":[\"https:\/\/now-news.de\/de\/deutschland\/tschechischer-praesidentschaftskandidat-stellt-nato-grundprinzip-infrage\/#respond\"]}]},{\"@type\":\"WebPage\",\"@id\":\"https:\/\/now-news.de\/de\/deutschland\/tschechischer-praesidentschaftskandidat-stellt-nato-grundprinzip-infrage\/\",\"url\":\"https:\/\/now-news.de\/de\/deutschland\/tschechischer-praesidentschaftskandidat-stellt-nato-grundprinzip-infrage\/\",\"name\":\"Tschechischer Pr\u00e4sidentschaftskandidat stellt NATO-Grundprinzip infrage - just-now.NEWS Deutschland\",\"isPartOf\":{\"@id\":\"https:\/\/now-news.de\/de\/#website\"},\"primaryImageOfPage\":{\"@id\":\"https:\/\/now-news.de\/de\/deutschland\/tschechischer-praesidentschaftskandidat-stellt-nato-grundprinzip-infrage\/#primaryimage\"},\"image\":{\"@id\":\"https:\/\/now-news.de\/de\/deutschland\/tschechischer-praesidentschaftskandidat-stellt-nato-grundprinzip-infrage\/#primaryimage\"},\"thumbnailUrl\":\"https:\/\/now-news.de\/de\/wp-content\/uploads\/sites\/3\/2023\/01\/Tschechischer-Praesidentschaftskandidat-stellt-NATO-Grundprinzip-infrage.jpg\",\"datePublished\":\"2023-01-23T17:07:03+00:00\",\"dateModified\":\"2023-01-23T17:07:03+00:00\",\"breadcrumb\":{\"@id\":\"https:\/\/now-news.de\/de\/deutschland\/tschechischer-praesidentschaftskandidat-stellt-nato-grundprinzip-infrage\/#breadcrumb\"},\"inLanguage\":\"de\",\"potentialAction\":[{\"@type\":\"ReadAction\",\"target\":[\"https:\/\/now-news.de\/de\/deutschland\/tschechischer-praesidentschaftskandidat-stellt-nato-grundprinzip-infrage\/\"]}]},{\"@type\":\"ImageObject\",\"inLanguage\":\"de\",\"@id\":\"https:\/\/now-news.de\/de\/deutschland\/tschechischer-praesidentschaftskandidat-stellt-nato-grundprinzip-infrage\/#primaryimage\",\"url\":\"https:\/\/now-news.de\/de\/wp-content\/uploads\/sites\/3\/2023\/01\/Tschechischer-Praesidentschaftskandidat-stellt-NATO-Grundprinzip-infrage.jpg\",\"contentUrl\":\"https:\/\/now-news.de\/de\/wp-content\/uploads\/sites\/3\/2023\/01\/Tschechischer-Praesidentschaftskandidat-stellt-NATO-Grundprinzip-infrage.jpg\",\"width\":460,\"height\":259,\"caption\":\"Tschechischer Pr\u00e4sidentschaftskandidat stellt NATO-Grundprinzip infrage\"},{\"@type\":\"BreadcrumbList\",\"@id\":\"https:\/\/now-news.de\/de\/deutschland\/tschechischer-praesidentschaftskandidat-stellt-nato-grundprinzip-infrage\/#breadcrumb\",\"itemListElement\":[{\"@type\":\"ListItem\",\"position\":1,\"name\":\"Home\",\"item\":\"https:\/\/now-news.de\/de\/\"},{\"@type\":\"ListItem\",\"position\":2,\"name\":\"Tschechischer Pr\u00e4sidentschaftskandidat stellt NATO-Grundprinzip infrage\"}]},{\"@type\":\"WebSite\",\"@id\":\"https:\/\/now-news.de\/de\/#website\",\"url\":\"https:\/\/now-news.de\/de\/\",\"name\":\"just-now.NEWS Deutschland\",\"description\":\"Das Portal f\u00fcr unzensierte Nachrichten aus der Welt\",\"publisher\":{\"@id\":\"https:\/\/now-news.de\/de\/#organization\"},\"potentialAction\":[{\"@type\":\"SearchAction\",\"target\":{\"@type\":\"EntryPoint\",\"urlTemplate\":\"https:\/\/now-news.de\/de\/?s={search_term_string}\"},\"query-input\":\"required name=search_term_string\"}],\"inLanguage\":\"de\"},{\"@type\":\"Organization\",\"@id\":\"https:\/\/now-news.de\/de\/#organization\",\"name\":\"Just Now News\",\"url\":\"https:\/\/now-news.de\/de\/\",\"logo\":{\"@type\":\"ImageObject\",\"inLanguage\":\"de\",\"@id\":\"https:\/\/now-news.de\/de\/#\/schema\/logo\/image\/\",\"url\":\"http:\/\/just-now.news\/de\/wp-content\/uploads\/sites\/3\/2022\/04\/logo500x500.jpg\",\"contentUrl\":\"http:\/\/just-now.news\/de\/wp-content\/uploads\/sites\/3\/2022\/04\/logo500x500.jpg\",\"width\":500,\"height\":500,\"caption\":\"Just Now News\"},\"image\":{\"@id\":\"https:\/\/now-news.de\/de\/#\/schema\/logo\/image\/\"},\"sameAs\":[\"https:\/\/www.facebook.com\/wirmachenauf\",\"https:\/\/x.com\/WirMachenAuf_de\"]},{\"@type\":\"Person\",\"@id\":\"https:\/\/now-news.de\/de\/#\/schema\/person\/fb534a4e865501d8b3285208df34a9b5\",\"name\":\"rtnews\",\"image\":{\"@type\":\"ImageObject\",\"inLanguage\":\"de\",\"@id\":\"https:\/\/now-news.de\/de\/#\/schema\/person\/image\/\",\"url\":\"https:\/\/secure.gravatar.com\/avatar\/82aafea7d8127119dd649515f56e2117?s=96&d=mm&r=g\",\"contentUrl\":\"https:\/\/secure.gravatar.com\/avatar\/82aafea7d8127119dd649515f56e2117?s=96&d=mm&r=g\",\"caption\":\"rtnews\"},\"url\":\"https:\/\/now-news.de\/de\/author\/rnews\/\"}]}<\/script>\n<!-- \/ Yoast SEO Premium plugin. -->","yoast_head_json":{"title":"Tschechischer Pr\u00e4sidentschaftskandidat stellt NATO-Grundprinzip infrage - just-now.NEWS Deutschland","robots":{"index":"index","follow":"follow","max-snippet":"max-snippet:-1","max-image-preview":"max-image-preview:large","max-video-preview":"max-video-preview:-1"},"canonical":"https:\/\/now-news.de\/de\/deutschland\/tschechischer-praesidentschaftskandidat-stellt-nato-grundprinzip-infrage\/","og_locale":"de_DE","og_type":"article","og_title":"Tschechischer Pr\u00e4sidentschaftskandidat stellt NATO-Grundprinzip infrage","og_description":"In einer Fernsehdebatte hat der tschechische Pr\u00e4sidentschaftskandidat Babis der NATO-B\u00fcndnispflicht eine Absage erteilt. Babis wird gegen den ehemaligen NATO-General Pavel am Samstag in einer Stichwahl antreten. Der tschechische Pr\u00e4sidentschaftskandidat und ehemalige Regierungschef Andrej Babis stellt die NATO-Beistandspflicht infrage. Babis verneinte die Frage, ob er als Pr\u00e4sident im Fall eines Angriffs Soldaten in die baltischen Staaten [&hellip;]","og_url":"https:\/\/now-news.de\/de\/deutschland\/tschechischer-praesidentschaftskandidat-stellt-nato-grundprinzip-infrage\/","og_site_name":"just-now.NEWS Deutschland","article_publisher":"https:\/\/www.facebook.com\/wirmachenauf","article_published_time":"2023-01-23T17:07:03+00:00","og_image":[{"width":460,"height":259,"url":"https:\/\/now-news.de\/de\/wp-content\/uploads\/sites\/3\/2023\/01\/Tschechischer-Praesidentschaftskandidat-stellt-NATO-Grundprinzip-infrage.jpg","type":"image\/jpeg"}],"author":"rtnews","twitter_card":"summary_large_image","twitter_creator":"@WirMachenAuf_de","twitter_site":"@WirMachenAuf_de","twitter_misc":{"Verfasst von":"rtnews","Gesch\u00e4tzte Lesezeit":"2\u00a0Minuten"},"schema":{"@context":"https:\/\/schema.org","@graph":[{"@type":"Article","@id":"https:\/\/now-news.de\/de\/deutschland\/tschechischer-praesidentschaftskandidat-stellt-nato-grundprinzip-infrage\/#article","isPartOf":{"@id":"https:\/\/now-news.de\/de\/deutschland\/tschechischer-praesidentschaftskandidat-stellt-nato-grundprinzip-infrage\/"},"author":{"name":"rtnews","@id":"https:\/\/now-news.de\/de\/#\/schema\/person\/fb534a4e865501d8b3285208df34a9b5"},"headline":"Tschechischer Pr\u00e4sidentschaftskandidat stellt NATO-Grundprinzip infrage","datePublished":"2023-01-23T17:07:03+00:00","dateModified":"2023-01-23T17:07:03+00:00","mainEntityOfPage":{"@id":"https:\/\/now-news.de\/de\/deutschland\/tschechischer-praesidentschaftskandidat-stellt-nato-grundprinzip-infrage\/"},"wordCount":412,"commentCount":0,"publisher":{"@id":"https:\/\/now-news.de\/de\/#organization"},"image":{"@id":"https:\/\/now-news.de\/de\/deutschland\/tschechischer-praesidentschaftskandidat-stellt-nato-grundprinzip-infrage\/#primaryimage"},"thumbnailUrl":"https:\/\/now-news.de\/de\/wp-content\/uploads\/sites\/3\/2023\/01\/Tschechischer-Praesidentschaftskandidat-stellt-NATO-Grundprinzip-infrage.jpg","keywords":["infrage","NATOGrundprinzip","Pr\u00e4sidentschaftskandidat","stellt","Tschechischer"],"articleSection":["Deutschland","Russland"],"inLanguage":"de","potentialAction":[{"@type":"CommentAction","name":"Comment","target":["https:\/\/now-news.de\/de\/deutschland\/tschechischer-praesidentschaftskandidat-stellt-nato-grundprinzip-infrage\/#respond"]}]},{"@type":"WebPage","@id":"https:\/\/now-news.de\/de\/deutschland\/tschechischer-praesidentschaftskandidat-stellt-nato-grundprinzip-infrage\/","url":"https:\/\/now-news.de\/de\/deutschland\/tschechischer-praesidentschaftskandidat-stellt-nato-grundprinzip-infrage\/","name":"Tschechischer Pr\u00e4sidentschaftskandidat stellt NATO-Grundprinzip infrage - just-now.NEWS Deutschland","isPartOf":{"@id":"https:\/\/now-news.de\/de\/#website"},"primaryImageOfPage":{"@id":"https:\/\/now-news.de\/de\/deutschland\/tschechischer-praesidentschaftskandidat-stellt-nato-grundprinzip-infrage\/#primaryimage"},"image":{"@id":"https:\/\/now-news.de\/de\/deutschland\/tschechischer-praesidentschaftskandidat-stellt-nato-grundprinzip-infrage\/#primaryimage"},"thumbnailUrl":"https:\/\/now-news.de\/de\/wp-content\/uploads\/sites\/3\/2023\/01\/Tschechischer-Praesidentschaftskandidat-stellt-NATO-Grundprinzip-infrage.jpg","datePublished":"2023-01-23T17:07:03+00:00","dateModified":"2023-01-23T17:07:03+00:00","breadcrumb":{"@id":"https:\/\/now-news.de\/de\/deutschland\/tschechischer-praesidentschaftskandidat-stellt-nato-grundprinzip-infrage\/#breadcrumb"},"inLanguage":"de","potentialAction":[{"@type":"ReadAction","target":["https:\/\/now-news.de\/de\/deutschland\/tschechischer-praesidentschaftskandidat-stellt-nato-grundprinzip-infrage\/"]}]},{"@type":"ImageObject","inLanguage":"de","@id":"https:\/\/now-news.de\/de\/deutschland\/tschechischer-praesidentschaftskandidat-stellt-nato-grundprinzip-infrage\/#primaryimage","url":"https:\/\/now-news.de\/de\/wp-content\/uploads\/sites\/3\/2023\/01\/Tschechischer-Praesidentschaftskandidat-stellt-NATO-Grundprinzip-infrage.jpg","contentUrl":"https:\/\/now-news.de\/de\/wp-content\/uploads\/sites\/3\/2023\/01\/Tschechischer-Praesidentschaftskandidat-stellt-NATO-Grundprinzip-infrage.jpg","width":460,"height":259,"caption":"Tschechischer Pr\u00e4sidentschaftskandidat stellt NATO-Grundprinzip infrage"},{"@type":"BreadcrumbList","@id":"https:\/\/now-news.de\/de\/deutschland\/tschechischer-praesidentschaftskandidat-stellt-nato-grundprinzip-infrage\/#breadcrumb","itemListElement":[{"@type":"ListItem","position":1,"name":"Home","item":"https:\/\/now-news.de\/de\/"},{"@type":"ListItem","position":2,"name":"Tschechischer Pr\u00e4sidentschaftskandidat stellt NATO-Grundprinzip infrage"}]},{"@type":"WebSite","@id":"https:\/\/now-news.de\/de\/#website","url":"https:\/\/now-news.de\/de\/","name":"just-now.NEWS Deutschland","description":"Das Portal f\u00fcr unzensierte Nachrichten aus der Welt","publisher":{"@id":"https:\/\/now-news.de\/de\/#organization"},"potentialAction":[{"@type":"SearchAction","target":{"@type":"EntryPoint","urlTemplate":"https:\/\/now-news.de\/de\/?s={search_term_string}"},"query-input":"required name=search_term_string"}],"inLanguage":"de"},{"@type":"Organization","@id":"https:\/\/now-news.de\/de\/#organization","name":"Just Now News","url":"https:\/\/now-news.de\/de\/","logo":{"@type":"ImageObject","inLanguage":"de","@id":"https:\/\/now-news.de\/de\/#\/schema\/logo\/image\/","url":"http:\/\/just-now.news\/de\/wp-content\/uploads\/sites\/3\/2022\/04\/logo500x500.jpg","contentUrl":"http:\/\/just-now.news\/de\/wp-content\/uploads\/sites\/3\/2022\/04\/logo500x500.jpg","width":500,"height":500,"caption":"Just Now News"},"image":{"@id":"https:\/\/now-news.de\/de\/#\/schema\/logo\/image\/"},"sameAs":["https:\/\/www.facebook.com\/wirmachenauf","https:\/\/x.com\/WirMachenAuf_de"]},{"@type":"Person","@id":"https:\/\/now-news.de\/de\/#\/schema\/person\/fb534a4e865501d8b3285208df34a9b5","name":"rtnews","image":{"@type":"ImageObject","inLanguage":"de","@id":"https:\/\/now-news.de\/de\/#\/schema\/person\/image\/","url":"https:\/\/secure.gravatar.com\/avatar\/82aafea7d8127119dd649515f56e2117?s=96&d=mm&r=g","contentUrl":"https:\/\/secure.gravatar.com\/avatar\/82aafea7d8127119dd649515f56e2117?s=96&d=mm&r=g","caption":"rtnews"},"url":"https:\/\/now-news.de\/de\/author\/rnews\/"}]}},"_links":{"self":[{"href":"https:\/\/now-news.de\/de\/wp-json\/wp\/v2\/posts\/28445"}],"collection":[{"href":"https:\/\/now-news.de\/de\/wp-json\/wp\/v2\/posts"}],"about":[{"href":"https:\/\/now-news.de\/de\/wp-json\/wp\/v2\/types\/post"}],"author":[{"embeddable":true,"href":"https:\/\/now-news.de\/de\/wp-json\/wp\/v2\/users\/3"}],"replies":[{"embeddable":true,"href":"https:\/\/now-news.de\/de\/wp-json\/wp\/v2\/comments?post=28445"}],"version-history":[{"count":0,"href":"https:\/\/now-news.de\/de\/wp-json\/wp\/v2\/posts\/28445\/revisions"}],"wp:featuredmedia":[{"embeddable":true,"href":"https:\/\/now-news.de\/de\/wp-json\/wp\/v2\/media\/28446"}],"wp:attachment":[{"href":"https:\/\/now-news.de\/de\/wp-json\/wp\/v2\/media?parent=28445"}],"wp:term":[{"taxonomy":"category","embeddable":true,"href":"https:\/\/now-news.de\/de\/wp-json\/wp\/v2\/categories?post=28445"},{"taxonomy":"post_tag","embeddable":true,"href":"https:\/\/now-news.de\/de\/wp-json\/wp\/v2\/tags?post=28445"}],"curies":[{"name":"wp","href":"https:\/\/api.w.org\/{rel}","templated":true}]}}