{"id":28435,"date":"2023-01-23T17:37:44","date_gmt":"2023-01-23T15:37:44","guid":{"rendered":"https:\/\/just-now.news\/de\/deutschland\/ex-brigadegeneral-erich-vad-warnt-vor-gefahr-eines-dritten-weltkrieges\/"},"modified":"2023-01-23T17:37:44","modified_gmt":"2023-01-23T15:37:44","slug":"ex-brigadegeneral-erich-vad-warnt-vor-gefahr-eines-dritten-weltkrieges","status":"publish","type":"post","link":"https:\/\/now-news.de\/de\/deutschland\/ex-brigadegeneral-erich-vad-warnt-vor-gefahr-eines-dritten-weltkrieges\/","title":{"rendered":"Ex-Brigadegeneral Erich Vad warnt vor Gefahr eines Dritten Weltkrieges"},"content":{"rendered":"<p><img decoding=\"async\" src=\"http:\/\/just-now.news\/de\/wp-content\/uploads\/sites\/3\/2023\/01\/63ce6066b480cc6f35174b62.jpg\" \/><\/p>\n<div class=\"Text-root Text-type_1 \">\n                Erich Vad ist nicht nur ehemaliger Brigadegeneral, von 2006 bis 2013 war er auch milit\u00e4rpolitischer Berater von Bundeskanzlerin Merkel. In einer Talkshow des &#8220;Bayerischen Rundfunks&#8221; rechnete er mit der gelb-gr\u00fcnen Politik im Ukraine-Krieg ab und warnte vor der Gefahr eines Dritten Weltkrieges.\n            <\/div>\n<p><\/p>\n<div class=\"Text-root Text-type_5 ArticleView-text ViewText-root \">\n<p>Brigadegeneral a. D. Erich Vad hat sich gegen die Lieferung von schweren Waffen an die\u00a0Ukraine\u00a0ausgesprochen.\u00a0Beim\u00a0&#8220;Sonntags-Stammtisch&#8221; des\u00a0<em>Bayerischen Rundfunks<\/em>\u00a0wartete der ehemalige milit\u00e4rpolitische Berater von Bundeskanzlerin Angela Merkel vor allem mit\u00a0schwerwiegenden Vorw\u00fcrfen an den Gr\u00fcnen und der FDP auf.\u00a0&#8220;Die politische Scharfmacherei eines wirklich komplexen Themas \u2013 das st\u00f6rt mich&#8221;, kritisierte Vad die Forderung beider Regierungsparteien nach immer schnelleren Waffenlieferungen. Diese gef\u00e4hrliche Rhetorik k\u00f6nne er sich nur\u00a0durch wahlkampftaktische Gr\u00fcnde erkl\u00e4ren. Das sei nicht in Ordnung.<\/p>\n<p>Als eine der wenigen Pers\u00f6nlichkeiten in Deutschland kritisiert Vad Berlins\u00a0Lieferung von 40 Marder-Sch\u00fctzenpanzern an die Ukraine. Den von Bundeskanzler Olaf Scholz (SPD) trotz des anhaltenden Drucks von FDP und Gr\u00fcnen bisher verfolgten Weg der Zur\u00fcckhaltung verteidigt der Ex-General daher.\u00a0In der Talkshow verwies er in diesem Zusammenhang auf die Gratwanderung des Kanzlers, sich in der Frage,\u00a0ob NATO-L\u00e4nder schwere Kampfpanzer an die Ukraine liefern,\u00a0nicht zu sehr von den Forderungen der beiden Regierungsparteien leiten zu lassen. Stattdessen stimme sich Scholz besonnen\u00a0mit den wichtigsten B\u00fcndnispartnern, allen voran den USA, ab, lobte Vad.\u00a0<\/p>\n<p>Denn nicht nur Deutschland z\u00f6gert, Kampfpanzer in die Ukraine zu liefern. Auch die USA verweigern sich dem Schritt bislang. Dies liege vor allem daran, dass die Lieferung von Kampfpanzern zu einer weiteren Eskalation f\u00fchren k\u00f6nne,\u00a0wie der\u00a0fr\u00fchere General bereits vergangene Woche in einem Interview mit der Zeitschrift\u00a0<em>Emma<\/em>\u00a0erkl\u00e4rte. Vad verwies diesbez\u00fcglich auf eine Einsch\u00e4tzung aus dem Pentagon, die jener des Wei\u00dfen Hauses teils widerspreche, \u00fcber die aber kaum berichtet werde.\u00a0Der US-amerikanische Generalstabschef Mark Milley habe demnach darauf hingewiesen,<\/p>\n<blockquote>\n<p><em>&#8220;dass ein milit\u00e4rischer Sieg der Ukraine nicht zu erwarten\u00a0ist und dass Verhandlungen der einzig m\u00f6gliche Weg sind. Alles andere bedeutet den sinnlosen Verschlei\u00df von Menschenleben&#8221;.<\/em><\/p>\n<\/blockquote>\n<p>Verst\u00f6rend sei, so Vad im Gespr\u00e4ch mit der <em>Emma<\/em> weiter, dass in deutschen Medien \u00fcber Milleys Aussagen kaum berichtet werde, obwohl er der Generalstabschef der westlichen F\u00fchrungsmacht ist. &#8220;Wir erleben weitgehend eine Gleichschaltung der Medien, wie ich sie so in der Bundesrepublik noch nie erlebt habe. Das ist pure Meinungsmache.&#8221; S\u00e4mtliche mahnende Stimmen w\u00fcrden aus der medialen Meinungsbildung ausgeklammert, kritisierte der Ex-General.<\/p>\n<blockquote>\n<p><em>&#8220;Milit\u00e4rische Fachleute \u2013 die wissen, was unter den Geheimdiensten l\u00e4uft, wie es vor Ort aussieht und was Krieg wirklich bedeutet \u2013 werden weitestgehend aus dem Diskurs ausgeschlossen.&#8221;<\/em><\/p>\n<\/blockquote>\n<p>In der <em>BR-<\/em>Talkrunde am Sonntag nutzte der ehemalige milit\u00e4rpolitische Berater von Altkanzlerin Merkel daher die Chance und warnte erneut vor der mit der Lieferung immer schwererer Waffen einhergehenden Gefahr\u00a0eines Dritten Weltkrieges. Um\u00a0diese zu verdeutlichen, erinnerte Vad an erst k\u00fcrzlich get\u00e4tigte Aussagen des ehemaligen russischen Pr\u00e4sidenten Dmitri Medwedew. \u00dcber den Messengerdienst Telegram hatte dieser erkl\u00e4rt, dass &#8220;eine Niederlage einer Atommacht in einem konventionellen Krieg einen Atomkrieg ausl\u00f6sen k\u00f6nnte&#8221;. Medwedew, der auch stellvertretender Vorsitzender des Nationalen Sicherheitsrats und ein enger Vertrauter des russischen Pr\u00e4sidenten Wladimir Putin ist, hatte im Zusammenhang mit der Ukraine bereits zuvor vor der m\u00f6glicherweise in einem Atomkrieg endenden Eskalationsspirale gewarnt.<\/p>\n<p>Mahnende Worte, die im Westen zumindest von Scholz\u00a0ernst genommen wurden. &#8220;Ich tue alles, um eine Eskalation zu verhindern, die zu einem Dritten Weltkrieg f\u00fchrt. Es darf keinen Atomkrieg geben&#8221;, stellte der Kanzler bereits letztes Jahr klar. Trotz seiner Kritik an den Forderungen nach immer schwereren Waffen betont Vad aber auch, dass er prinzipiell nicht gegen Waffenlieferungen sei. Allerdings,\u00a0so der ehemalige General, m\u00fcsse die Bundesregierung zuvor die mit den Lieferungen forcierten politischen Ziele definieren. So k\u00f6nnten taktisch durchdachte Waffenlieferungen Kiew etwa dabei unterst\u00fctzten, &#8220;ann\u00e4hernd parit\u00e4tisch&#8221; mit Russland verhandeln zu k\u00f6nnen. Zumeist von den Gr\u00fcnen in den Raum geworfene Forderungen nach einer R\u00fcckeroberung des Donbass und der Krim oder gar die auch von den meisten Medien geteilte Auffassung, Russland m\u00fcsse vernichtend geschlagen werden, seien dagegen verantwortungslos.<\/p>\n<p>Man m\u00fcsse sich nur allein die numerische \u00dcberlegenheit der Russen gegen\u00fcber der Ukraine vor Augen f\u00fchren, erl\u00e4uterte Vad der <em>Emma<\/em>. &#8220;Russland kann bis zu zwei Millionen Reservisten mobil machen. Da kann der Westen 100 Marder und 100 Leoparden hinschicken, sie \u00e4ndern an der milit\u00e4rischen Gesamtlage nichts.&#8221; Die M\u00f6glichkeit eines\u00a0schnellen milit\u00e4rischen Siegs der Ukraine sehe er entgegen der gel\u00e4ufigen Auffassung angesichts dieser Tatsachen n\u00e4mlich nicht. \u00c4hnlich sieht das offenbar auch US-Generalstabschef Milley. Aus milit\u00e4rischer Sicht sei es f\u00fcr die Ukraine &#8220;sehr, sehr schwierig&#8221;, die russischen Streitkr\u00e4fte aus den besetzten Gebieten zu vertreiben, sagte Milley am Freitag nach der Ukraine-Konferenz auf dem US-St\u00fctzpunkt Ramstein\u00a0Air Base.<\/p>\n<p>&#8220;Das hei\u00dft nicht, dass es nicht passieren kann&#8221;, betonte er, &#8220;aber es w\u00e4re sehr, sehr schwierig&#8221;. Vielmehr glaube er, dass dieser Krieg, wie viele anderen zuvor auch schon, letztlich am Verhandlungstisch enden werde. Eine Einsch\u00e4tzung, die Vad zuvor bereits im Gespr\u00e4ch mit der <em>Emma <\/em>dargelegt hatte. In der Ukraine bestehe zurzeit &#8220;eine milit\u00e4risch operative Pattsituation, die wir aber milit\u00e4risch nicht l\u00f6sen k\u00f6nnen&#8221;. F\u00fcr den weiteren Fortgang sei nun entscheidend, was Washington und Moskau tun. &#8220;Es ist doch l\u00e4cherlich zu sagen, die Ukraine m\u00fcsse das entscheiden&#8221;, verh\u00f6hnte der Ex-General die Auffassung vieler Parlamentarier. Auch sei klar: &#8220;Bei einer freien Volksabstimmung auf der Krim w\u00fcrde die Bev\u00f6lkerung mit Sicherheit f\u00fcr Russland votieren.&#8221;<\/p>\n<p>Dar\u00fcber hinaus sei unglaubw\u00fcrdig, dass Putin nicht verhandeln wolle. &#8220;Beide, die Russen und Ukrainer, waren am Anfang des Krieges Ende M\u00e4rz, Anfang April 2022 zu einer Friedensvereinbarung bereit. Daraus ist dann nichts geworden.&#8221; Daher m\u00fcsse sich in Washington eine breitere Front f\u00fcr Frieden aufbauen. &#8220;Wir hatten bis jetzt 200.000 Gefallene und Verwundete auf beiden Seiten, 50.000 Ziviltote, Millionen von Fl\u00fcchtlingen&#8221;, erinnerte der ehemalige Merkel-Berater. &#8220;Hinter jedem gefallenen Soldaten steht eine weinende Mutter, eine weinende Ehefrau.&#8221; Deshalb brauche es Verhandlungen.\u00a0<\/p>\n<p>Vad war von 2000 bis 2006 Berater f\u00fcr Sicherheits- und Verteidigungs\u00ad\u00ad\u00adpolitik im Deutschen Bundestag in Berlin sowie von 2006 bis 2013 Gruppen\u00ad\u00adleiter im Bundeskanzleramt, Sekret\u00e4r des Bundes\u00ad\u00adsicherheits\u00ad\u00adrates und milit\u00e4rischer Berater von Bundeskanzlerin Angela Merkel.<\/p>\n<p><strong>Mehr zum Thema &#8211;<\/strong>\u00a0<a rel=\"nofollow noopener\" target=\"_blank\" href=\"https:\/\/test.rtde.tech\/inland\/159739-ex-brigadegeneral-erich-vad-deutsche\/\">Ex-Brigadegeneral Erich Vad: Deutsche Panzerlieferung ist eine milit\u00e4rische Eskalation<\/a><\/p>\n<\/div>\n<p><br \/>\n<br \/><a href=\"https:\/\/de.rt.com\/inland\/160681-ex-brigadegeneral-erich-vad-warnt-vor-dritten-weltkrieg\/\">Source link <\/a><\/p>\n","protected":false},"excerpt":{"rendered":"<p>Erich Vad ist nicht nur ehemaliger Brigadegeneral, von 2006 bis 2013 war er auch milit\u00e4rpolitischer Berater von Bundeskanzlerin Merkel. In einer Talkshow des &#8220;Bayerischen Rundfunks&#8221; rechnete er mit der gelb-gr\u00fcnen Politik im Ukraine-Krieg ab und warnte vor der Gefahr eines Dritten Weltkrieges. Brigadegeneral a. D. Erich Vad hat sich gegen die Lieferung von schweren Waffen [&hellip;]<\/p>\n","protected":false},"author":3,"featured_media":28436,"comment_status":"open","ping_status":"open","sticky":false,"template":"","format":"standard","meta":{"_yoast_indexnow_last_ping":["1674488455"],"wp_automatic_camp":["217"],"89b30977c0b715a1c979177d53c702db":["Ex-Brigadegeneral Erich Vad warnt vor Gefahr eines Dritten Weltkrieges"],"original_link":["https:\/\/de.rt.com\/inland\/160681-ex-brigadegeneral-erich-vad-warnt-vor-dritten-weltkrieg\/"],"_thumbnail_id":["28436"],"_wptgpro_p2tg_sent2tg":["a:1:{i:23737;s:19:\"2023-01-23 17:41:55\";}"],"jnews_social_counter_last_update":["1777147348"]},"categories":[19,23],"tags":[1726,2111,31648,38989,4448,38990,320,912,39514],"yoast_head":"<!-- This site is optimized with the Yoast SEO Premium plugin v22.7 (Yoast SEO v22.7) - https:\/\/yoast.com\/wordpress\/plugins\/seo\/ -->\n<title>Ex-Brigadegeneral Erich Vad warnt vor Gefahr eines Dritten Weltkrieges - just-now.NEWS Deutschland<\/title>\n<meta name=\"robots\" content=\"index, follow, max-snippet:-1, max-image-preview:large, max-video-preview:-1\" \/>\n<link rel=\"canonical\" href=\"https:\/\/now-news.de\/de\/deutschland\/ex-brigadegeneral-erich-vad-warnt-vor-gefahr-eines-dritten-weltkrieges\/\" \/>\n<meta property=\"og:locale\" content=\"de_DE\" \/>\n<meta property=\"og:type\" content=\"article\" \/>\n<meta property=\"og:title\" content=\"Ex-Brigadegeneral Erich Vad warnt vor Gefahr eines Dritten Weltkrieges\" \/>\n<meta property=\"og:description\" content=\"Erich Vad ist nicht nur ehemaliger Brigadegeneral, von 2006 bis 2013 war er auch milit\u00e4rpolitischer Berater von Bundeskanzlerin Merkel. In einer Talkshow des &#8220;Bayerischen Rundfunks&#8221; rechnete er mit der gelb-gr\u00fcnen Politik im Ukraine-Krieg ab und warnte vor der Gefahr eines Dritten Weltkrieges. Brigadegeneral a. D. Erich Vad hat sich gegen die Lieferung von schweren Waffen [&hellip;]\" \/>\n<meta property=\"og:url\" content=\"https:\/\/now-news.de\/de\/deutschland\/ex-brigadegeneral-erich-vad-warnt-vor-gefahr-eines-dritten-weltkrieges\/\" \/>\n<meta property=\"og:site_name\" content=\"just-now.NEWS Deutschland\" \/>\n<meta property=\"article:publisher\" content=\"https:\/\/www.facebook.com\/wirmachenauf\" \/>\n<meta property=\"article:published_time\" content=\"2023-01-23T15:37:44+00:00\" \/>\n<meta property=\"og:image\" content=\"https:\/\/now-news.de\/de\/wp-content\/uploads\/sites\/3\/2023\/01\/Ex-Brigadegeneral-Erich-Vad-warnt-vor-Gefahr-eines-Dritten-Weltkrieges.jpg\" \/>\n\t<meta property=\"og:image:width\" content=\"460\" \/>\n\t<meta property=\"og:image:height\" content=\"259\" \/>\n\t<meta property=\"og:image:type\" content=\"image\/jpeg\" \/>\n<meta name=\"author\" content=\"rtnews\" \/>\n<meta name=\"twitter:card\" content=\"summary_large_image\" \/>\n<meta name=\"twitter:creator\" content=\"@WirMachenAuf_de\" \/>\n<meta name=\"twitter:site\" content=\"@WirMachenAuf_de\" \/>\n<meta name=\"twitter:label1\" content=\"Verfasst von\" \/>\n\t<meta name=\"twitter:data1\" content=\"rtnews\" \/>\n\t<meta name=\"twitter:label2\" content=\"Gesch\u00e4tzte Lesezeit\" \/>\n\t<meta name=\"twitter:data2\" content=\"5\u00a0Minuten\" \/>\n<script type=\"application\/ld+json\" class=\"yoast-schema-graph\">{\"@context\":\"https:\/\/schema.org\",\"@graph\":[{\"@type\":\"Article\",\"@id\":\"https:\/\/now-news.de\/de\/deutschland\/ex-brigadegeneral-erich-vad-warnt-vor-gefahr-eines-dritten-weltkrieges\/#article\",\"isPartOf\":{\"@id\":\"https:\/\/now-news.de\/de\/deutschland\/ex-brigadegeneral-erich-vad-warnt-vor-gefahr-eines-dritten-weltkrieges\/\"},\"author\":{\"name\":\"rtnews\",\"@id\":\"https:\/\/now-news.de\/de\/#\/schema\/person\/fb534a4e865501d8b3285208df34a9b5\"},\"headline\":\"Ex-Brigadegeneral Erich Vad warnt vor Gefahr eines Dritten Weltkrieges\",\"datePublished\":\"2023-01-23T15:37:44+00:00\",\"dateModified\":\"2023-01-23T15:37:44+00:00\",\"mainEntityOfPage\":{\"@id\":\"https:\/\/now-news.de\/de\/deutschland\/ex-brigadegeneral-erich-vad-warnt-vor-gefahr-eines-dritten-weltkrieges\/\"},\"wordCount\":1073,\"commentCount\":0,\"publisher\":{\"@id\":\"https:\/\/now-news.de\/de\/#organization\"},\"image\":{\"@id\":\"https:\/\/now-news.de\/de\/deutschland\/ex-brigadegeneral-erich-vad-warnt-vor-gefahr-eines-dritten-weltkrieges\/#primaryimage\"},\"thumbnailUrl\":\"https:\/\/now-news.de\/de\/wp-content\/uploads\/sites\/3\/2023\/01\/Ex-Brigadegeneral-Erich-Vad-warnt-vor-Gefahr-eines-Dritten-Weltkrieges.jpg\",\"keywords\":[\"dritten\",\"eines\",\"Erich\",\"ExBrigadegeneral\",\"Gefahr\",\"Vad\",\"vor\",\"warnt\",\"Weltkrieges\"],\"articleSection\":[\"Deutschland\",\"Russland\"],\"inLanguage\":\"de\",\"potentialAction\":[{\"@type\":\"CommentAction\",\"name\":\"Comment\",\"target\":[\"https:\/\/now-news.de\/de\/deutschland\/ex-brigadegeneral-erich-vad-warnt-vor-gefahr-eines-dritten-weltkrieges\/#respond\"]}]},{\"@type\":\"WebPage\",\"@id\":\"https:\/\/now-news.de\/de\/deutschland\/ex-brigadegeneral-erich-vad-warnt-vor-gefahr-eines-dritten-weltkrieges\/\",\"url\":\"https:\/\/now-news.de\/de\/deutschland\/ex-brigadegeneral-erich-vad-warnt-vor-gefahr-eines-dritten-weltkrieges\/\",\"name\":\"Ex-Brigadegeneral Erich Vad warnt vor Gefahr eines Dritten Weltkrieges - just-now.NEWS Deutschland\",\"isPartOf\":{\"@id\":\"https:\/\/now-news.de\/de\/#website\"},\"primaryImageOfPage\":{\"@id\":\"https:\/\/now-news.de\/de\/deutschland\/ex-brigadegeneral-erich-vad-warnt-vor-gefahr-eines-dritten-weltkrieges\/#primaryimage\"},\"image\":{\"@id\":\"https:\/\/now-news.de\/de\/deutschland\/ex-brigadegeneral-erich-vad-warnt-vor-gefahr-eines-dritten-weltkrieges\/#primaryimage\"},\"thumbnailUrl\":\"https:\/\/now-news.de\/de\/wp-content\/uploads\/sites\/3\/2023\/01\/Ex-Brigadegeneral-Erich-Vad-warnt-vor-Gefahr-eines-Dritten-Weltkrieges.jpg\",\"datePublished\":\"2023-01-23T15:37:44+00:00\",\"dateModified\":\"2023-01-23T15:37:44+00:00\",\"breadcrumb\":{\"@id\":\"https:\/\/now-news.de\/de\/deutschland\/ex-brigadegeneral-erich-vad-warnt-vor-gefahr-eines-dritten-weltkrieges\/#breadcrumb\"},\"inLanguage\":\"de\",\"potentialAction\":[{\"@type\":\"ReadAction\",\"target\":[\"https:\/\/now-news.de\/de\/deutschland\/ex-brigadegeneral-erich-vad-warnt-vor-gefahr-eines-dritten-weltkrieges\/\"]}]},{\"@type\":\"ImageObject\",\"inLanguage\":\"de\",\"@id\":\"https:\/\/now-news.de\/de\/deutschland\/ex-brigadegeneral-erich-vad-warnt-vor-gefahr-eines-dritten-weltkrieges\/#primaryimage\",\"url\":\"https:\/\/now-news.de\/de\/wp-content\/uploads\/sites\/3\/2023\/01\/Ex-Brigadegeneral-Erich-Vad-warnt-vor-Gefahr-eines-Dritten-Weltkrieges.jpg\",\"contentUrl\":\"https:\/\/now-news.de\/de\/wp-content\/uploads\/sites\/3\/2023\/01\/Ex-Brigadegeneral-Erich-Vad-warnt-vor-Gefahr-eines-Dritten-Weltkrieges.jpg\",\"width\":460,\"height\":259,\"caption\":\"Ex-Brigadegeneral Erich Vad warnt vor Gefahr eines Dritten Weltkrieges\"},{\"@type\":\"BreadcrumbList\",\"@id\":\"https:\/\/now-news.de\/de\/deutschland\/ex-brigadegeneral-erich-vad-warnt-vor-gefahr-eines-dritten-weltkrieges\/#breadcrumb\",\"itemListElement\":[{\"@type\":\"ListItem\",\"position\":1,\"name\":\"Home\",\"item\":\"https:\/\/now-news.de\/de\/\"},{\"@type\":\"ListItem\",\"position\":2,\"name\":\"Ex-Brigadegeneral Erich Vad warnt vor Gefahr eines Dritten Weltkrieges\"}]},{\"@type\":\"WebSite\",\"@id\":\"https:\/\/now-news.de\/de\/#website\",\"url\":\"https:\/\/now-news.de\/de\/\",\"name\":\"just-now.NEWS Deutschland\",\"description\":\"Das Portal f\u00fcr unzensierte Nachrichten aus der Welt\",\"publisher\":{\"@id\":\"https:\/\/now-news.de\/de\/#organization\"},\"potentialAction\":[{\"@type\":\"SearchAction\",\"target\":{\"@type\":\"EntryPoint\",\"urlTemplate\":\"https:\/\/now-news.de\/de\/?s={search_term_string}\"},\"query-input\":\"required name=search_term_string\"}],\"inLanguage\":\"de\"},{\"@type\":\"Organization\",\"@id\":\"https:\/\/now-news.de\/de\/#organization\",\"name\":\"Just Now News\",\"url\":\"https:\/\/now-news.de\/de\/\",\"logo\":{\"@type\":\"ImageObject\",\"inLanguage\":\"de\",\"@id\":\"https:\/\/now-news.de\/de\/#\/schema\/logo\/image\/\",\"url\":\"http:\/\/just-now.news\/de\/wp-content\/uploads\/sites\/3\/2022\/04\/logo500x500.jpg\",\"contentUrl\":\"http:\/\/just-now.news\/de\/wp-content\/uploads\/sites\/3\/2022\/04\/logo500x500.jpg\",\"width\":500,\"height\":500,\"caption\":\"Just Now News\"},\"image\":{\"@id\":\"https:\/\/now-news.de\/de\/#\/schema\/logo\/image\/\"},\"sameAs\":[\"https:\/\/www.facebook.com\/wirmachenauf\",\"https:\/\/x.com\/WirMachenAuf_de\"]},{\"@type\":\"Person\",\"@id\":\"https:\/\/now-news.de\/de\/#\/schema\/person\/fb534a4e865501d8b3285208df34a9b5\",\"name\":\"rtnews\",\"image\":{\"@type\":\"ImageObject\",\"inLanguage\":\"de\",\"@id\":\"https:\/\/now-news.de\/de\/#\/schema\/person\/image\/\",\"url\":\"https:\/\/secure.gravatar.com\/avatar\/82aafea7d8127119dd649515f56e2117?s=96&d=mm&r=g\",\"contentUrl\":\"https:\/\/secure.gravatar.com\/avatar\/82aafea7d8127119dd649515f56e2117?s=96&d=mm&r=g\",\"caption\":\"rtnews\"},\"url\":\"https:\/\/now-news.de\/de\/author\/rnews\/\"}]}<\/script>\n<!-- \/ Yoast SEO Premium plugin. -->","yoast_head_json":{"title":"Ex-Brigadegeneral Erich Vad warnt vor Gefahr eines Dritten Weltkrieges - just-now.NEWS Deutschland","robots":{"index":"index","follow":"follow","max-snippet":"max-snippet:-1","max-image-preview":"max-image-preview:large","max-video-preview":"max-video-preview:-1"},"canonical":"https:\/\/now-news.de\/de\/deutschland\/ex-brigadegeneral-erich-vad-warnt-vor-gefahr-eines-dritten-weltkrieges\/","og_locale":"de_DE","og_type":"article","og_title":"Ex-Brigadegeneral Erich Vad warnt vor Gefahr eines Dritten Weltkrieges","og_description":"Erich Vad ist nicht nur ehemaliger Brigadegeneral, von 2006 bis 2013 war er auch milit\u00e4rpolitischer Berater von Bundeskanzlerin Merkel. In einer Talkshow des &#8220;Bayerischen Rundfunks&#8221; rechnete er mit der gelb-gr\u00fcnen Politik im Ukraine-Krieg ab und warnte vor der Gefahr eines Dritten Weltkrieges. Brigadegeneral a. D. Erich Vad hat sich gegen die Lieferung von schweren Waffen [&hellip;]","og_url":"https:\/\/now-news.de\/de\/deutschland\/ex-brigadegeneral-erich-vad-warnt-vor-gefahr-eines-dritten-weltkrieges\/","og_site_name":"just-now.NEWS Deutschland","article_publisher":"https:\/\/www.facebook.com\/wirmachenauf","article_published_time":"2023-01-23T15:37:44+00:00","og_image":[{"width":460,"height":259,"url":"https:\/\/now-news.de\/de\/wp-content\/uploads\/sites\/3\/2023\/01\/Ex-Brigadegeneral-Erich-Vad-warnt-vor-Gefahr-eines-Dritten-Weltkrieges.jpg","type":"image\/jpeg"}],"author":"rtnews","twitter_card":"summary_large_image","twitter_creator":"@WirMachenAuf_de","twitter_site":"@WirMachenAuf_de","twitter_misc":{"Verfasst von":"rtnews","Gesch\u00e4tzte Lesezeit":"5\u00a0Minuten"},"schema":{"@context":"https:\/\/schema.org","@graph":[{"@type":"Article","@id":"https:\/\/now-news.de\/de\/deutschland\/ex-brigadegeneral-erich-vad-warnt-vor-gefahr-eines-dritten-weltkrieges\/#article","isPartOf":{"@id":"https:\/\/now-news.de\/de\/deutschland\/ex-brigadegeneral-erich-vad-warnt-vor-gefahr-eines-dritten-weltkrieges\/"},"author":{"name":"rtnews","@id":"https:\/\/now-news.de\/de\/#\/schema\/person\/fb534a4e865501d8b3285208df34a9b5"},"headline":"Ex-Brigadegeneral Erich Vad warnt vor Gefahr eines Dritten Weltkrieges","datePublished":"2023-01-23T15:37:44+00:00","dateModified":"2023-01-23T15:37:44+00:00","mainEntityOfPage":{"@id":"https:\/\/now-news.de\/de\/deutschland\/ex-brigadegeneral-erich-vad-warnt-vor-gefahr-eines-dritten-weltkrieges\/"},"wordCount":1073,"commentCount":0,"publisher":{"@id":"https:\/\/now-news.de\/de\/#organization"},"image":{"@id":"https:\/\/now-news.de\/de\/deutschland\/ex-brigadegeneral-erich-vad-warnt-vor-gefahr-eines-dritten-weltkrieges\/#primaryimage"},"thumbnailUrl":"https:\/\/now-news.de\/de\/wp-content\/uploads\/sites\/3\/2023\/01\/Ex-Brigadegeneral-Erich-Vad-warnt-vor-Gefahr-eines-Dritten-Weltkrieges.jpg","keywords":["dritten","eines","Erich","ExBrigadegeneral","Gefahr","Vad","vor","warnt","Weltkrieges"],"articleSection":["Deutschland","Russland"],"inLanguage":"de","potentialAction":[{"@type":"CommentAction","name":"Comment","target":["https:\/\/now-news.de\/de\/deutschland\/ex-brigadegeneral-erich-vad-warnt-vor-gefahr-eines-dritten-weltkrieges\/#respond"]}]},{"@type":"WebPage","@id":"https:\/\/now-news.de\/de\/deutschland\/ex-brigadegeneral-erich-vad-warnt-vor-gefahr-eines-dritten-weltkrieges\/","url":"https:\/\/now-news.de\/de\/deutschland\/ex-brigadegeneral-erich-vad-warnt-vor-gefahr-eines-dritten-weltkrieges\/","name":"Ex-Brigadegeneral Erich Vad warnt vor Gefahr eines Dritten Weltkrieges - just-now.NEWS Deutschland","isPartOf":{"@id":"https:\/\/now-news.de\/de\/#website"},"primaryImageOfPage":{"@id":"https:\/\/now-news.de\/de\/deutschland\/ex-brigadegeneral-erich-vad-warnt-vor-gefahr-eines-dritten-weltkrieges\/#primaryimage"},"image":{"@id":"https:\/\/now-news.de\/de\/deutschland\/ex-brigadegeneral-erich-vad-warnt-vor-gefahr-eines-dritten-weltkrieges\/#primaryimage"},"thumbnailUrl":"https:\/\/now-news.de\/de\/wp-content\/uploads\/sites\/3\/2023\/01\/Ex-Brigadegeneral-Erich-Vad-warnt-vor-Gefahr-eines-Dritten-Weltkrieges.jpg","datePublished":"2023-01-23T15:37:44+00:00","dateModified":"2023-01-23T15:37:44+00:00","breadcrumb":{"@id":"https:\/\/now-news.de\/de\/deutschland\/ex-brigadegeneral-erich-vad-warnt-vor-gefahr-eines-dritten-weltkrieges\/#breadcrumb"},"inLanguage":"de","potentialAction":[{"@type":"ReadAction","target":["https:\/\/now-news.de\/de\/deutschland\/ex-brigadegeneral-erich-vad-warnt-vor-gefahr-eines-dritten-weltkrieges\/"]}]},{"@type":"ImageObject","inLanguage":"de","@id":"https:\/\/now-news.de\/de\/deutschland\/ex-brigadegeneral-erich-vad-warnt-vor-gefahr-eines-dritten-weltkrieges\/#primaryimage","url":"https:\/\/now-news.de\/de\/wp-content\/uploads\/sites\/3\/2023\/01\/Ex-Brigadegeneral-Erich-Vad-warnt-vor-Gefahr-eines-Dritten-Weltkrieges.jpg","contentUrl":"https:\/\/now-news.de\/de\/wp-content\/uploads\/sites\/3\/2023\/01\/Ex-Brigadegeneral-Erich-Vad-warnt-vor-Gefahr-eines-Dritten-Weltkrieges.jpg","width":460,"height":259,"caption":"Ex-Brigadegeneral Erich Vad warnt vor Gefahr eines Dritten Weltkrieges"},{"@type":"BreadcrumbList","@id":"https:\/\/now-news.de\/de\/deutschland\/ex-brigadegeneral-erich-vad-warnt-vor-gefahr-eines-dritten-weltkrieges\/#breadcrumb","itemListElement":[{"@type":"ListItem","position":1,"name":"Home","item":"https:\/\/now-news.de\/de\/"},{"@type":"ListItem","position":2,"name":"Ex-Brigadegeneral Erich Vad warnt vor Gefahr eines Dritten Weltkrieges"}]},{"@type":"WebSite","@id":"https:\/\/now-news.de\/de\/#website","url":"https:\/\/now-news.de\/de\/","name":"just-now.NEWS Deutschland","description":"Das Portal f\u00fcr unzensierte Nachrichten aus der Welt","publisher":{"@id":"https:\/\/now-news.de\/de\/#organization"},"potentialAction":[{"@type":"SearchAction","target":{"@type":"EntryPoint","urlTemplate":"https:\/\/now-news.de\/de\/?s={search_term_string}"},"query-input":"required name=search_term_string"}],"inLanguage":"de"},{"@type":"Organization","@id":"https:\/\/now-news.de\/de\/#organization","name":"Just Now News","url":"https:\/\/now-news.de\/de\/","logo":{"@type":"ImageObject","inLanguage":"de","@id":"https:\/\/now-news.de\/de\/#\/schema\/logo\/image\/","url":"http:\/\/just-now.news\/de\/wp-content\/uploads\/sites\/3\/2022\/04\/logo500x500.jpg","contentUrl":"http:\/\/just-now.news\/de\/wp-content\/uploads\/sites\/3\/2022\/04\/logo500x500.jpg","width":500,"height":500,"caption":"Just Now News"},"image":{"@id":"https:\/\/now-news.de\/de\/#\/schema\/logo\/image\/"},"sameAs":["https:\/\/www.facebook.com\/wirmachenauf","https:\/\/x.com\/WirMachenAuf_de"]},{"@type":"Person","@id":"https:\/\/now-news.de\/de\/#\/schema\/person\/fb534a4e865501d8b3285208df34a9b5","name":"rtnews","image":{"@type":"ImageObject","inLanguage":"de","@id":"https:\/\/now-news.de\/de\/#\/schema\/person\/image\/","url":"https:\/\/secure.gravatar.com\/avatar\/82aafea7d8127119dd649515f56e2117?s=96&d=mm&r=g","contentUrl":"https:\/\/secure.gravatar.com\/avatar\/82aafea7d8127119dd649515f56e2117?s=96&d=mm&r=g","caption":"rtnews"},"url":"https:\/\/now-news.de\/de\/author\/rnews\/"}]}},"_links":{"self":[{"href":"https:\/\/now-news.de\/de\/wp-json\/wp\/v2\/posts\/28435"}],"collection":[{"href":"https:\/\/now-news.de\/de\/wp-json\/wp\/v2\/posts"}],"about":[{"href":"https:\/\/now-news.de\/de\/wp-json\/wp\/v2\/types\/post"}],"author":[{"embeddable":true,"href":"https:\/\/now-news.de\/de\/wp-json\/wp\/v2\/users\/3"}],"replies":[{"embeddable":true,"href":"https:\/\/now-news.de\/de\/wp-json\/wp\/v2\/comments?post=28435"}],"version-history":[{"count":0,"href":"https:\/\/now-news.de\/de\/wp-json\/wp\/v2\/posts\/28435\/revisions"}],"wp:featuredmedia":[{"embeddable":true,"href":"https:\/\/now-news.de\/de\/wp-json\/wp\/v2\/media\/28436"}],"wp:attachment":[{"href":"https:\/\/now-news.de\/de\/wp-json\/wp\/v2\/media?parent=28435"}],"wp:term":[{"taxonomy":"category","embeddable":true,"href":"https:\/\/now-news.de\/de\/wp-json\/wp\/v2\/categories?post=28435"},{"taxonomy":"post_tag","embeddable":true,"href":"https:\/\/now-news.de\/de\/wp-json\/wp\/v2\/tags?post=28435"}],"curies":[{"name":"wp","href":"https:\/\/api.w.org\/{rel}","templated":true}]}}