{"id":28431,"date":"2023-01-23T17:03:30","date_gmt":"2023-01-23T15:03:30","guid":{"rendered":"https:\/\/just-now.news\/de\/deutschland\/wegen-eines-warnstreiks-am-mittwoch-kein-flugbetrieb-am-ber\/"},"modified":"2023-01-23T17:03:30","modified_gmt":"2023-01-23T15:03:30","slug":"wegen-eines-warnstreiks-am-mittwoch-kein-flugbetrieb-am-ber","status":"publish","type":"post","link":"https:\/\/now-news.de\/de\/deutschland\/wegen-eines-warnstreiks-am-mittwoch-kein-flugbetrieb-am-ber\/","title":{"rendered":"Wegen eines Warnstreiks: Am Mittwoch kein Flugbetrieb am BER"},"content":{"rendered":"<p><img decoding=\"async\" src=\"http:\/\/just-now.news\/de\/wp-content\/uploads\/sites\/3\/2023\/01\/63ce9914b480cc6f68067aed.jpg\" \/><\/p>\n<div class=\"Text-root Text-type_1 \">\n                Weil die Gewerkschaft Verdi am Mittwoch einen Warnstreik durchf\u00fchrt, wird es voraussichtlich am Hauptstadtflughafen Berlin-Brandenburg (BER) keine Passagierfl\u00fcge geben. Das teilte die Flughafengesellschaft am Montag mit.\n            <\/div>\n<p><\/p>\n<div class=\"Text-root Text-type_5 ArticleView-text ViewText-root \">\n<p>Wegen eines Warnstreiks am Mittwoch werden voraussichtlich keine Passagierfl\u00fcge vom Flughafen Berlin-Brandenburg (BER) abheben oder dort landen. Laut der Gewerkschaft Verdi handelt es sich um einen ganzt\u00e4gigen Warnstreik.<\/p>\n<p>Betroffen seien die Bodenverkehrsdienste, die Flughafengesellschaft und auch die Luftsicherheit, teilte die Gewerkschaft am Montag mit. Die Fluggesellschaft erkl\u00e4rte:<\/p>\n<blockquote>\n<p><em>&#8220;Die Flughafengesellschaft muss in dieser Situation davon ausgehen, dass an diesem Tag keine regul\u00e4ren Passagierfl\u00fcge am BER stattfinden k\u00f6nnen, und hat in diesem Sinne auch alle Partner am Flughafen \u00fcber den angek\u00fcndigten Warnstreik informiert.&#8221;<\/em><\/p>\n<\/blockquote>\n<p>Vorgesehen waren demnach rund 3.000 Starts und Landungen mit etwa 35.000 Passagieren.<\/p>\n<p>Hintergrund des Streiks sind die Lohnforderungen von Verdi f\u00fcr die Besch\u00e4ftigten der Bodenverkehrsdienste und der Flughafengesellschaft. Die Besch\u00e4ftigten sollen 500 Euro mehr im Monat bei einer Laufzeit des Tarifvertrags von zw\u00f6lf Monaten bekommen.<\/p>\n<p>Die Arbeitgeberseite fordert laut Verdi sowohl bei den Bodenverkehrsdiensten als auch der Flughafengesellschaft vor allem l\u00e4ngere Vertragslaufzeiten.<\/p>\n<p>Bei der Flughafengesellschaft angestellt sind neben der Verwaltung auch Feuerwehrleute, die Flughafensicherheit und die Verkehrsleitung. Verdi zufolge sind 6.000 Besch\u00e4ftigte von den Tarifverhandlungen betroffen.<\/p>\n<p>F\u00fcr die Besch\u00e4ftigten der Luftsicherheit wird der Gewerkschaft zufolge bundesweit verhandelt. In sieben Verhandlungsrunden habe es &#8220;faktisch keinerlei Fortschritt&#8221; gegeben, teilte die Gewerkschaft mit.<\/p>\n<p><strong>Mehr zum Thema<\/strong> \u2013 <a rel=\"nofollow noopener\" target=\"_blank\" href=\"https:\/\/de.rt.com\/kurzclips\/video\/160432-britische-pflegekraefte-streiken-fuer-lohnerhoehungen\/\">Britische Pflegekr\u00e4fte streiken f\u00fcr Lohnerh\u00f6hungen: &#8220;Genug ist genug&#8221;<\/a><\/p>\n<div class=\"EmbedBlock-root EmbedBlock-externalVideo EmbedBlock-vk\">\n<div class=\"VkEmbed\"><iframe class=\"lazyload\" data-src=\"https:\/\/vk.com\/video_ext.php?oid=-134310637&amp;id=456262669&amp;hash=93a68cc352b3e230\" frameborder=\"0\" width=\"853\" height=\"480\" allowfullscreen><\/iframe><\/div>\n<\/div>\n<\/div>\n<p><br \/>\n<br \/><a href=\"https:\/\/de.rt.com\/inland\/160752-wegen-eines-warnstreiks-am-mittwoch-kein-flugbetrieb-am-ber\/\">Source link <\/a><\/p>\n","protected":false},"excerpt":{"rendered":"<p>Weil die Gewerkschaft Verdi am Mittwoch einen Warnstreik durchf\u00fchrt, wird es voraussichtlich am Hauptstadtflughafen Berlin-Brandenburg (BER) keine Passagierfl\u00fcge geben. Das teilte die Flughafengesellschaft am Montag mit. Wegen eines Warnstreiks am Mittwoch werden voraussichtlich keine Passagierfl\u00fcge vom Flughafen Berlin-Brandenburg (BER) abheben oder dort landen. Laut der Gewerkschaft Verdi handelt es sich um einen ganzt\u00e4gigen Warnstreik. Betroffen [&hellip;]<\/p>\n","protected":false},"author":3,"featured_media":28432,"comment_status":"open","ping_status":"open","sticky":false,"template":"","format":"standard","meta":{"_yoast_indexnow_last_ping":["1674486535"],"wp_automatic_camp":["217"],"0c47fb1d52ace0c21a29531ad007e2f9":["Wegen eines Warnstreiks: Am Mittwoch kein Flugbetrieb am BER"],"original_link":["https:\/\/de.rt.com\/inland\/160752-wegen-eines-warnstreiks-am-mittwoch-kein-flugbetrieb-am-ber\/"],"_thumbnail_id":["28432"],"_wptgpro_p2tg_sent2tg":["a:1:{i:23737;s:19:\"2023-01-23 17:09:57\";}"],"jnews_social_counter_last_update":["1777273739"]},"categories":[19,23],"tags":[36416,2111,36419,2030,24436,25434,145],"yoast_head":"<!-- This site is optimized with the Yoast SEO Premium plugin v22.7 (Yoast SEO v22.7) - https:\/\/yoast.com\/wordpress\/plugins\/seo\/ -->\n<title>Wegen eines Warnstreiks: Am Mittwoch kein Flugbetrieb am BER - just-now.NEWS Deutschland<\/title>\n<meta name=\"robots\" content=\"index, follow, max-snippet:-1, max-image-preview:large, max-video-preview:-1\" \/>\n<link rel=\"canonical\" href=\"https:\/\/now-news.de\/de\/deutschland\/wegen-eines-warnstreiks-am-mittwoch-kein-flugbetrieb-am-ber\/\" \/>\n<meta property=\"og:locale\" content=\"de_DE\" \/>\n<meta property=\"og:type\" content=\"article\" \/>\n<meta property=\"og:title\" content=\"Wegen eines Warnstreiks: Am Mittwoch kein Flugbetrieb am BER\" \/>\n<meta property=\"og:description\" content=\"Weil die Gewerkschaft Verdi am Mittwoch einen Warnstreik durchf\u00fchrt, wird es voraussichtlich am Hauptstadtflughafen Berlin-Brandenburg (BER) keine Passagierfl\u00fcge geben. Das teilte die Flughafengesellschaft am Montag mit. Wegen eines Warnstreiks am Mittwoch werden voraussichtlich keine Passagierfl\u00fcge vom Flughafen Berlin-Brandenburg (BER) abheben oder dort landen. Laut der Gewerkschaft Verdi handelt es sich um einen ganzt\u00e4gigen Warnstreik. Betroffen [&hellip;]\" \/>\n<meta property=\"og:url\" content=\"https:\/\/now-news.de\/de\/deutschland\/wegen-eines-warnstreiks-am-mittwoch-kein-flugbetrieb-am-ber\/\" \/>\n<meta property=\"og:site_name\" content=\"just-now.NEWS Deutschland\" \/>\n<meta property=\"article:publisher\" content=\"https:\/\/www.facebook.com\/wirmachenauf\" \/>\n<meta property=\"article:published_time\" content=\"2023-01-23T15:03:30+00:00\" \/>\n<meta property=\"og:image\" content=\"https:\/\/now-news.de\/de\/wp-content\/uploads\/sites\/3\/2023\/01\/Wegen-eines-Warnstreiks-Am-Mittwoch-kein-Flugbetrieb-am-BER.jpg\" \/>\n\t<meta property=\"og:image:width\" content=\"460\" \/>\n\t<meta property=\"og:image:height\" content=\"259\" \/>\n\t<meta property=\"og:image:type\" content=\"image\/jpeg\" \/>\n<meta name=\"author\" content=\"rtnews\" \/>\n<meta name=\"twitter:card\" content=\"summary_large_image\" \/>\n<meta name=\"twitter:creator\" content=\"@WirMachenAuf_de\" \/>\n<meta name=\"twitter:site\" content=\"@WirMachenAuf_de\" \/>\n<meta name=\"twitter:label1\" content=\"Verfasst von\" \/>\n\t<meta name=\"twitter:data1\" content=\"rtnews\" \/>\n\t<meta name=\"twitter:label2\" content=\"Gesch\u00e4tzte Lesezeit\" \/>\n\t<meta name=\"twitter:data2\" content=\"1\u00a0Minute\" \/>\n<script type=\"application\/ld+json\" class=\"yoast-schema-graph\">{\"@context\":\"https:\/\/schema.org\",\"@graph\":[{\"@type\":\"Article\",\"@id\":\"https:\/\/now-news.de\/de\/deutschland\/wegen-eines-warnstreiks-am-mittwoch-kein-flugbetrieb-am-ber\/#article\",\"isPartOf\":{\"@id\":\"https:\/\/now-news.de\/de\/deutschland\/wegen-eines-warnstreiks-am-mittwoch-kein-flugbetrieb-am-ber\/\"},\"author\":{\"name\":\"rtnews\",\"@id\":\"https:\/\/now-news.de\/de\/#\/schema\/person\/fb534a4e865501d8b3285208df34a9b5\"},\"headline\":\"Wegen eines Warnstreiks: Am Mittwoch kein Flugbetrieb am BER\",\"datePublished\":\"2023-01-23T15:03:30+00:00\",\"dateModified\":\"2023-01-23T15:03:30+00:00\",\"mainEntityOfPage\":{\"@id\":\"https:\/\/now-news.de\/de\/deutschland\/wegen-eines-warnstreiks-am-mittwoch-kein-flugbetrieb-am-ber\/\"},\"wordCount\":256,\"commentCount\":0,\"publisher\":{\"@id\":\"https:\/\/now-news.de\/de\/#organization\"},\"image\":{\"@id\":\"https:\/\/now-news.de\/de\/deutschland\/wegen-eines-warnstreiks-am-mittwoch-kein-flugbetrieb-am-ber\/#primaryimage\"},\"thumbnailUrl\":\"https:\/\/now-news.de\/de\/wp-content\/uploads\/sites\/3\/2023\/01\/Wegen-eines-Warnstreiks-Am-Mittwoch-kein-Flugbetrieb-am-BER.jpg\",\"keywords\":[\"BER\",\"eines\",\"Flugbetrieb\",\"Kein\",\"Mittwoch\",\"Warnstreiks\",\"wegen\"],\"articleSection\":[\"Deutschland\",\"Russland\"],\"inLanguage\":\"de\",\"potentialAction\":[{\"@type\":\"CommentAction\",\"name\":\"Comment\",\"target\":[\"https:\/\/now-news.de\/de\/deutschland\/wegen-eines-warnstreiks-am-mittwoch-kein-flugbetrieb-am-ber\/#respond\"]}]},{\"@type\":\"WebPage\",\"@id\":\"https:\/\/now-news.de\/de\/deutschland\/wegen-eines-warnstreiks-am-mittwoch-kein-flugbetrieb-am-ber\/\",\"url\":\"https:\/\/now-news.de\/de\/deutschland\/wegen-eines-warnstreiks-am-mittwoch-kein-flugbetrieb-am-ber\/\",\"name\":\"Wegen eines Warnstreiks: Am Mittwoch kein Flugbetrieb am BER - just-now.NEWS Deutschland\",\"isPartOf\":{\"@id\":\"https:\/\/now-news.de\/de\/#website\"},\"primaryImageOfPage\":{\"@id\":\"https:\/\/now-news.de\/de\/deutschland\/wegen-eines-warnstreiks-am-mittwoch-kein-flugbetrieb-am-ber\/#primaryimage\"},\"image\":{\"@id\":\"https:\/\/now-news.de\/de\/deutschland\/wegen-eines-warnstreiks-am-mittwoch-kein-flugbetrieb-am-ber\/#primaryimage\"},\"thumbnailUrl\":\"https:\/\/now-news.de\/de\/wp-content\/uploads\/sites\/3\/2023\/01\/Wegen-eines-Warnstreiks-Am-Mittwoch-kein-Flugbetrieb-am-BER.jpg\",\"datePublished\":\"2023-01-23T15:03:30+00:00\",\"dateModified\":\"2023-01-23T15:03:30+00:00\",\"breadcrumb\":{\"@id\":\"https:\/\/now-news.de\/de\/deutschland\/wegen-eines-warnstreiks-am-mittwoch-kein-flugbetrieb-am-ber\/#breadcrumb\"},\"inLanguage\":\"de\",\"potentialAction\":[{\"@type\":\"ReadAction\",\"target\":[\"https:\/\/now-news.de\/de\/deutschland\/wegen-eines-warnstreiks-am-mittwoch-kein-flugbetrieb-am-ber\/\"]}]},{\"@type\":\"ImageObject\",\"inLanguage\":\"de\",\"@id\":\"https:\/\/now-news.de\/de\/deutschland\/wegen-eines-warnstreiks-am-mittwoch-kein-flugbetrieb-am-ber\/#primaryimage\",\"url\":\"https:\/\/now-news.de\/de\/wp-content\/uploads\/sites\/3\/2023\/01\/Wegen-eines-Warnstreiks-Am-Mittwoch-kein-Flugbetrieb-am-BER.jpg\",\"contentUrl\":\"https:\/\/now-news.de\/de\/wp-content\/uploads\/sites\/3\/2023\/01\/Wegen-eines-Warnstreiks-Am-Mittwoch-kein-Flugbetrieb-am-BER.jpg\",\"width\":460,\"height\":259,\"caption\":\"Wegen eines Warnstreiks: Am Mittwoch kein Flugbetrieb am BER\"},{\"@type\":\"BreadcrumbList\",\"@id\":\"https:\/\/now-news.de\/de\/deutschland\/wegen-eines-warnstreiks-am-mittwoch-kein-flugbetrieb-am-ber\/#breadcrumb\",\"itemListElement\":[{\"@type\":\"ListItem\",\"position\":1,\"name\":\"Home\",\"item\":\"https:\/\/now-news.de\/de\/\"},{\"@type\":\"ListItem\",\"position\":2,\"name\":\"Wegen eines Warnstreiks: Am Mittwoch kein Flugbetrieb am BER\"}]},{\"@type\":\"WebSite\",\"@id\":\"https:\/\/now-news.de\/de\/#website\",\"url\":\"https:\/\/now-news.de\/de\/\",\"name\":\"just-now.NEWS Deutschland\",\"description\":\"Das Portal f\u00fcr unzensierte Nachrichten aus der Welt\",\"publisher\":{\"@id\":\"https:\/\/now-news.de\/de\/#organization\"},\"potentialAction\":[{\"@type\":\"SearchAction\",\"target\":{\"@type\":\"EntryPoint\",\"urlTemplate\":\"https:\/\/now-news.de\/de\/?s={search_term_string}\"},\"query-input\":\"required name=search_term_string\"}],\"inLanguage\":\"de\"},{\"@type\":\"Organization\",\"@id\":\"https:\/\/now-news.de\/de\/#organization\",\"name\":\"Just Now News\",\"url\":\"https:\/\/now-news.de\/de\/\",\"logo\":{\"@type\":\"ImageObject\",\"inLanguage\":\"de\",\"@id\":\"https:\/\/now-news.de\/de\/#\/schema\/logo\/image\/\",\"url\":\"http:\/\/just-now.news\/de\/wp-content\/uploads\/sites\/3\/2022\/04\/logo500x500.jpg\",\"contentUrl\":\"http:\/\/just-now.news\/de\/wp-content\/uploads\/sites\/3\/2022\/04\/logo500x500.jpg\",\"width\":500,\"height\":500,\"caption\":\"Just Now News\"},\"image\":{\"@id\":\"https:\/\/now-news.de\/de\/#\/schema\/logo\/image\/\"},\"sameAs\":[\"https:\/\/www.facebook.com\/wirmachenauf\",\"https:\/\/x.com\/WirMachenAuf_de\"]},{\"@type\":\"Person\",\"@id\":\"https:\/\/now-news.de\/de\/#\/schema\/person\/fb534a4e865501d8b3285208df34a9b5\",\"name\":\"rtnews\",\"image\":{\"@type\":\"ImageObject\",\"inLanguage\":\"de\",\"@id\":\"https:\/\/now-news.de\/de\/#\/schema\/person\/image\/\",\"url\":\"https:\/\/secure.gravatar.com\/avatar\/82aafea7d8127119dd649515f56e2117?s=96&d=mm&r=g\",\"contentUrl\":\"https:\/\/secure.gravatar.com\/avatar\/82aafea7d8127119dd649515f56e2117?s=96&d=mm&r=g\",\"caption\":\"rtnews\"},\"url\":\"https:\/\/now-news.de\/de\/author\/rnews\/\"}]}<\/script>\n<!-- \/ Yoast SEO Premium plugin. -->","yoast_head_json":{"title":"Wegen eines Warnstreiks: Am Mittwoch kein Flugbetrieb am BER - just-now.NEWS Deutschland","robots":{"index":"index","follow":"follow","max-snippet":"max-snippet:-1","max-image-preview":"max-image-preview:large","max-video-preview":"max-video-preview:-1"},"canonical":"https:\/\/now-news.de\/de\/deutschland\/wegen-eines-warnstreiks-am-mittwoch-kein-flugbetrieb-am-ber\/","og_locale":"de_DE","og_type":"article","og_title":"Wegen eines Warnstreiks: Am Mittwoch kein Flugbetrieb am BER","og_description":"Weil die Gewerkschaft Verdi am Mittwoch einen Warnstreik durchf\u00fchrt, wird es voraussichtlich am Hauptstadtflughafen Berlin-Brandenburg (BER) keine Passagierfl\u00fcge geben. Das teilte die Flughafengesellschaft am Montag mit. Wegen eines Warnstreiks am Mittwoch werden voraussichtlich keine Passagierfl\u00fcge vom Flughafen Berlin-Brandenburg (BER) abheben oder dort landen. Laut der Gewerkschaft Verdi handelt es sich um einen ganzt\u00e4gigen Warnstreik. Betroffen [&hellip;]","og_url":"https:\/\/now-news.de\/de\/deutschland\/wegen-eines-warnstreiks-am-mittwoch-kein-flugbetrieb-am-ber\/","og_site_name":"just-now.NEWS Deutschland","article_publisher":"https:\/\/www.facebook.com\/wirmachenauf","article_published_time":"2023-01-23T15:03:30+00:00","og_image":[{"width":460,"height":259,"url":"https:\/\/now-news.de\/de\/wp-content\/uploads\/sites\/3\/2023\/01\/Wegen-eines-Warnstreiks-Am-Mittwoch-kein-Flugbetrieb-am-BER.jpg","type":"image\/jpeg"}],"author":"rtnews","twitter_card":"summary_large_image","twitter_creator":"@WirMachenAuf_de","twitter_site":"@WirMachenAuf_de","twitter_misc":{"Verfasst von":"rtnews","Gesch\u00e4tzte Lesezeit":"1\u00a0Minute"},"schema":{"@context":"https:\/\/schema.org","@graph":[{"@type":"Article","@id":"https:\/\/now-news.de\/de\/deutschland\/wegen-eines-warnstreiks-am-mittwoch-kein-flugbetrieb-am-ber\/#article","isPartOf":{"@id":"https:\/\/now-news.de\/de\/deutschland\/wegen-eines-warnstreiks-am-mittwoch-kein-flugbetrieb-am-ber\/"},"author":{"name":"rtnews","@id":"https:\/\/now-news.de\/de\/#\/schema\/person\/fb534a4e865501d8b3285208df34a9b5"},"headline":"Wegen eines Warnstreiks: Am Mittwoch kein Flugbetrieb am BER","datePublished":"2023-01-23T15:03:30+00:00","dateModified":"2023-01-23T15:03:30+00:00","mainEntityOfPage":{"@id":"https:\/\/now-news.de\/de\/deutschland\/wegen-eines-warnstreiks-am-mittwoch-kein-flugbetrieb-am-ber\/"},"wordCount":256,"commentCount":0,"publisher":{"@id":"https:\/\/now-news.de\/de\/#organization"},"image":{"@id":"https:\/\/now-news.de\/de\/deutschland\/wegen-eines-warnstreiks-am-mittwoch-kein-flugbetrieb-am-ber\/#primaryimage"},"thumbnailUrl":"https:\/\/now-news.de\/de\/wp-content\/uploads\/sites\/3\/2023\/01\/Wegen-eines-Warnstreiks-Am-Mittwoch-kein-Flugbetrieb-am-BER.jpg","keywords":["BER","eines","Flugbetrieb","Kein","Mittwoch","Warnstreiks","wegen"],"articleSection":["Deutschland","Russland"],"inLanguage":"de","potentialAction":[{"@type":"CommentAction","name":"Comment","target":["https:\/\/now-news.de\/de\/deutschland\/wegen-eines-warnstreiks-am-mittwoch-kein-flugbetrieb-am-ber\/#respond"]}]},{"@type":"WebPage","@id":"https:\/\/now-news.de\/de\/deutschland\/wegen-eines-warnstreiks-am-mittwoch-kein-flugbetrieb-am-ber\/","url":"https:\/\/now-news.de\/de\/deutschland\/wegen-eines-warnstreiks-am-mittwoch-kein-flugbetrieb-am-ber\/","name":"Wegen eines Warnstreiks: Am Mittwoch kein Flugbetrieb am BER - just-now.NEWS Deutschland","isPartOf":{"@id":"https:\/\/now-news.de\/de\/#website"},"primaryImageOfPage":{"@id":"https:\/\/now-news.de\/de\/deutschland\/wegen-eines-warnstreiks-am-mittwoch-kein-flugbetrieb-am-ber\/#primaryimage"},"image":{"@id":"https:\/\/now-news.de\/de\/deutschland\/wegen-eines-warnstreiks-am-mittwoch-kein-flugbetrieb-am-ber\/#primaryimage"},"thumbnailUrl":"https:\/\/now-news.de\/de\/wp-content\/uploads\/sites\/3\/2023\/01\/Wegen-eines-Warnstreiks-Am-Mittwoch-kein-Flugbetrieb-am-BER.jpg","datePublished":"2023-01-23T15:03:30+00:00","dateModified":"2023-01-23T15:03:30+00:00","breadcrumb":{"@id":"https:\/\/now-news.de\/de\/deutschland\/wegen-eines-warnstreiks-am-mittwoch-kein-flugbetrieb-am-ber\/#breadcrumb"},"inLanguage":"de","potentialAction":[{"@type":"ReadAction","target":["https:\/\/now-news.de\/de\/deutschland\/wegen-eines-warnstreiks-am-mittwoch-kein-flugbetrieb-am-ber\/"]}]},{"@type":"ImageObject","inLanguage":"de","@id":"https:\/\/now-news.de\/de\/deutschland\/wegen-eines-warnstreiks-am-mittwoch-kein-flugbetrieb-am-ber\/#primaryimage","url":"https:\/\/now-news.de\/de\/wp-content\/uploads\/sites\/3\/2023\/01\/Wegen-eines-Warnstreiks-Am-Mittwoch-kein-Flugbetrieb-am-BER.jpg","contentUrl":"https:\/\/now-news.de\/de\/wp-content\/uploads\/sites\/3\/2023\/01\/Wegen-eines-Warnstreiks-Am-Mittwoch-kein-Flugbetrieb-am-BER.jpg","width":460,"height":259,"caption":"Wegen eines Warnstreiks: Am Mittwoch kein Flugbetrieb am BER"},{"@type":"BreadcrumbList","@id":"https:\/\/now-news.de\/de\/deutschland\/wegen-eines-warnstreiks-am-mittwoch-kein-flugbetrieb-am-ber\/#breadcrumb","itemListElement":[{"@type":"ListItem","position":1,"name":"Home","item":"https:\/\/now-news.de\/de\/"},{"@type":"ListItem","position":2,"name":"Wegen eines Warnstreiks: Am Mittwoch kein Flugbetrieb am BER"}]},{"@type":"WebSite","@id":"https:\/\/now-news.de\/de\/#website","url":"https:\/\/now-news.de\/de\/","name":"just-now.NEWS Deutschland","description":"Das Portal f\u00fcr unzensierte Nachrichten aus der Welt","publisher":{"@id":"https:\/\/now-news.de\/de\/#organization"},"potentialAction":[{"@type":"SearchAction","target":{"@type":"EntryPoint","urlTemplate":"https:\/\/now-news.de\/de\/?s={search_term_string}"},"query-input":"required name=search_term_string"}],"inLanguage":"de"},{"@type":"Organization","@id":"https:\/\/now-news.de\/de\/#organization","name":"Just Now News","url":"https:\/\/now-news.de\/de\/","logo":{"@type":"ImageObject","inLanguage":"de","@id":"https:\/\/now-news.de\/de\/#\/schema\/logo\/image\/","url":"http:\/\/just-now.news\/de\/wp-content\/uploads\/sites\/3\/2022\/04\/logo500x500.jpg","contentUrl":"http:\/\/just-now.news\/de\/wp-content\/uploads\/sites\/3\/2022\/04\/logo500x500.jpg","width":500,"height":500,"caption":"Just Now News"},"image":{"@id":"https:\/\/now-news.de\/de\/#\/schema\/logo\/image\/"},"sameAs":["https:\/\/www.facebook.com\/wirmachenauf","https:\/\/x.com\/WirMachenAuf_de"]},{"@type":"Person","@id":"https:\/\/now-news.de\/de\/#\/schema\/person\/fb534a4e865501d8b3285208df34a9b5","name":"rtnews","image":{"@type":"ImageObject","inLanguage":"de","@id":"https:\/\/now-news.de\/de\/#\/schema\/person\/image\/","url":"https:\/\/secure.gravatar.com\/avatar\/82aafea7d8127119dd649515f56e2117?s=96&d=mm&r=g","contentUrl":"https:\/\/secure.gravatar.com\/avatar\/82aafea7d8127119dd649515f56e2117?s=96&d=mm&r=g","caption":"rtnews"},"url":"https:\/\/now-news.de\/de\/author\/rnews\/"}]}},"_links":{"self":[{"href":"https:\/\/now-news.de\/de\/wp-json\/wp\/v2\/posts\/28431"}],"collection":[{"href":"https:\/\/now-news.de\/de\/wp-json\/wp\/v2\/posts"}],"about":[{"href":"https:\/\/now-news.de\/de\/wp-json\/wp\/v2\/types\/post"}],"author":[{"embeddable":true,"href":"https:\/\/now-news.de\/de\/wp-json\/wp\/v2\/users\/3"}],"replies":[{"embeddable":true,"href":"https:\/\/now-news.de\/de\/wp-json\/wp\/v2\/comments?post=28431"}],"version-history":[{"count":0,"href":"https:\/\/now-news.de\/de\/wp-json\/wp\/v2\/posts\/28431\/revisions"}],"wp:featuredmedia":[{"embeddable":true,"href":"https:\/\/now-news.de\/de\/wp-json\/wp\/v2\/media\/28432"}],"wp:attachment":[{"href":"https:\/\/now-news.de\/de\/wp-json\/wp\/v2\/media?parent=28431"}],"wp:term":[{"taxonomy":"category","embeddable":true,"href":"https:\/\/now-news.de\/de\/wp-json\/wp\/v2\/categories?post=28431"},{"taxonomy":"post_tag","embeddable":true,"href":"https:\/\/now-news.de\/de\/wp-json\/wp\/v2\/tags?post=28431"}],"curies":[{"name":"wp","href":"https:\/\/api.w.org\/{rel}","templated":true}]}}