{"id":28429,"date":"2023-01-23T16:46:13","date_gmt":"2023-01-23T14:46:13","guid":{"rendered":"https:\/\/just-now.news\/de\/deutschland\/israel-in-der-staatskrise-massenproteste-und-entlassung-eines-umstrittenen-ministers\/"},"modified":"2023-01-23T16:46:13","modified_gmt":"2023-01-23T14:46:13","slug":"israel-in-der-staatskrise-massenproteste-und-entlassung-eines-umstrittenen-ministers","status":"publish","type":"post","link":"https:\/\/now-news.de\/de\/deutschland\/israel-in-der-staatskrise-massenproteste-und-entlassung-eines-umstrittenen-ministers\/","title":{"rendered":"Israel in der Staatskrise: Massenproteste und Entlassung eines umstrittenen Ministers"},"content":{"rendered":"<p><img decoding=\"async\" src=\"http:\/\/just-now.news\/de\/wp-content\/uploads\/sites\/3\/2023\/01\/63ce6e4e48fbef576c6e5e3c.jpg\" \/><\/p>\n<div class=\"Text-root Text-type_1 \">\n                Das Oberste Gericht Israels hat die Regierung gezwungen, einen seiner wichtigsten Minister zu entlassen. Derweil kommen jedes Wochenende immer mehr Menschen auf die Stra\u00dfe, um gegen die radikale Regierung von Ministerpr\u00e4sident Benjamin Netanjahu zu protestieren.\n            <\/div>\n<p><\/p>\n<div class=\"Text-root Text-type_5 ArticleView-text ViewText-root \">\n<p>Israels\u00a0neue Regierung st\u00fcrzt\u00a0immer tiefer in die Krise.\u00a0Zehntausende Israelis\u00a0versammelten\u00a0sich den\u00a0dritten Samstagabend\u00a0in Folge in mehreren israelischen St\u00e4dten, um gegen die Pl\u00e4ne der neuen Regierung von Ministerpr\u00e4sident Benjamin Netanjahu zu protestieren. Diese\u00a0beabsichtigt, das Justizsystem des Landes zu\u00a0reformieren und das Oberste Gericht zu schw\u00e4chen. Die neue Regierung zielt darauf ab,\u00a0Kompetenzen des Obersten Gerichts bei der Pr\u00fcfung von\u00a0Parlamentsgesetzen stark zu beschneiden.<\/p>\n<p>Gegen Netanjahu l\u00e4uft ein Prozess wegen mutma\u00dflicher Korruption. Seine Gegner f\u00fcrchten, dass die geplante Reform auch diesem Verfahren ein Ende bereiten k\u00f6nnte.<\/p>\n<div class=\"EmbedBlock-root EmbedBlock-twitter\">\n<div class=\"TwitterEmbed\">\n<blockquote class=\"twitter-tweet lazyload\" data-twitter=\"twitter-tweet\">\n<p lang=\"en\" dir=\"ltr\">Protests against Israel&#8217;s gov&#8217;t are growing bigger by the week as tens of thousands turned out in Tel Aviv to condemn PM Netanyahu&#8217;s proposed judicial reforms \ud83d\udc47\ud83d\udd17: <a rel=\"nofollow noopener\" target=\"_blank\" href=\"https:\/\/t.co\/jQRHTOhL5W\">https:\/\/t.co\/jQRHTOhL5W<\/a><a rel=\"nofollow noopener\" target=\"_blank\" href=\"https:\/\/t.co\/uFKLnOLFWz\">pic.twitter.com\/uFKLnOLFWz<\/a><\/p>\n<p>\u2014 Al Jazeera English (@AJEnglish) <a rel=\"nofollow noopener\" target=\"_blank\" href=\"https:\/\/twitter.com\/AJEnglish\/status\/1617077104469835779?ref_src=twsrc%5Etfw\">January 22, 2023<\/a><\/p><\/blockquote>\n<\/div>\n<\/div>\n<p>Auf der Hauptdemonstration in Tel Aviv z\u00e4hlte die Polizei etwa 120.000 Menschen; in Jerusalem, Haifa und Be&#8217;er Scheva sollen weitere 10.000 auf die Stra\u00dfe gegangen sein.\u00a0Viele Teilnehmer scheuten sich Berichten zufolge\u00a0nicht vor nachdr\u00fccklichen Forderungen. Man m\u00fcsse die Demokratie retten und verhindern, dass Israel zu einer Diktatur werde, war immer wieder zu h\u00f6ren und auf Plakaten zu lesen.<\/p>\n<p>Die Demonstranten, die israelische Flaggen und\u00a0Plakate mit der Aufschrift &#8220;Unsere Kinder werden nicht in einer Diktatur leben&#8221; trugen, <a rel=\"nofollow noopener\" target=\"_blank\" href=\"https:\/\/www.aljazeera.com\/news\/2023\/1\/22\/huge-crowds-in-israel-protest-against-netanyahus-judicial-plans\">sagten<\/a>, dass die Zukunft der israelischen Demokratie auf dem Spiel stehe, wenn es der Regierung gelinge, die Pl\u00e4ne zur Justizreform durchzusetzen.\u00a0Denn sie w\u00fcrde die politische Kontrolle \u00fcber die Ernennung von Richtern versch\u00e4rfen und die Befugnisse des Obersten Gerichtshofs beschr\u00e4nken, Regierungsentscheidungen oder Knesset-Gesetze aufzuheben.\u00a0<\/p>\n<p>Die Kundgebungen fanden wenige Tage statt, nachdem der Oberste Gerichtshof die Entlassung\u00a0des Innen- und Gesundheitsministers gefordert hatte. Nach\u00a0dem\u00a0Urteil des Obersten Gerichts\u00a0entlie\u00df Israels Regierungschef Netanjahu am Wochenende einen seiner wichtigsten Minister,\u00a0den Vorsitzenden der streng religi\u00f6sen Schas-Partei, Arje Deri.\u00a0Netanjahu erkl\u00e4rte in einer Botschaft, er sei zu der Entlassung gezwungen gewesen, sie erfolge &#8220;schweren Herzens und mit gro\u00dfer Sorge&#8221;.\u00a0<\/p>\n<p>Netanjahu beugte sich damit dem Obersten Gericht widerwillig und\u00a0entlie\u00df Deri. Dieser\u00a0ist mehrfach verurteilt, zuletzt 2021 wegen Steuerhinterziehung. Der neue Justizminister Yariv Levin teilte allerdings mit, er werde &#8220;alles Notwendige unternehmen, um das Unrecht gegen\u00fcber Deri wiedergutzumachen&#8221;.\u00a0Die Entscheidung der Richter war ein Signal, dass der Konflikt \u00fcber die geplante Justizreform auch vonseiten der Betroffenen mit einer harten\u00a0Reaktion ausgetragen wird.<\/p>\n<p>Vor diesem Hintergrund\u00a0ist anzumerken, dass die neue Regierung von\u00a0Netanjahu aus einer schwachen Position heraus zustande kam.\u00a0Er hatte seinen nationalistischen und ultrareligi\u00f6sen Koalitionspartnern mehrere Zugest\u00e4ndnisse machen m\u00fcssen, um \u00fcberhaupt ein Regierungsb\u00fcndnis schmieden zu k\u00f6nnen, unter anderem mit Ben-Gvirs umstrittener Partei Otzma Jehudit.<\/p>\n<p><strong>Mehr zum Thema<\/strong> &#8211; <a rel=\"nofollow noopener\" target=\"_blank\" href=\"https:\/\/de.rt.com\/der-nahe-osten\/160391-justizstreit-eskaliert-israels-oberstes-gericht\/\">Justizstreit eskaliert: Israels Oberstes Gericht erkl\u00e4rt Ernennung von Innenminister f\u00fcr ung\u00fcltig<\/a><\/p>\n<div class=\"EmbedBlock-root EmbedBlock-externalVideo EmbedBlock-vk\">\n<div class=\"VkEmbed\"><iframe class=\"lazyload\" data-src=\"https:\/\/vk.com\/video_ext.php?oid=-134310637&amp;id=456261852&amp;hash=a8f4480010129512\" frameborder=\"0\" width=\"853\" height=\"480\" allowfullscreen><\/iframe><\/div>\n<\/div>\n<\/div>\n<p><script async src=\"https:\/\/platform.twitter.com\/widgets.js\" charset=\"utf-8\"><\/script><br \/>\n<br \/><br \/>\n<br \/><a href=\"https:\/\/de.rt.com\/der-nahe-osten\/160707-israel-in-staatskrise-massenproteste-und\/\">Source link <\/a><\/p>\n","protected":false},"excerpt":{"rendered":"<p>Das Oberste Gericht Israels hat die Regierung gezwungen, einen seiner wichtigsten Minister zu entlassen. Derweil kommen jedes Wochenende immer mehr Menschen auf die Stra\u00dfe, um gegen die radikale Regierung von Ministerpr\u00e4sident Benjamin Netanjahu zu protestieren. Israels\u00a0neue Regierung st\u00fcrzt\u00a0immer tiefer in die Krise.\u00a0Zehntausende Israelis\u00a0versammelten\u00a0sich den\u00a0dritten Samstagabend\u00a0in Folge in mehreren israelischen St\u00e4dten, um gegen die Pl\u00e4ne der [&hellip;]<\/p>\n","protected":false},"author":3,"featured_media":28430,"comment_status":"open","ping_status":"open","sticky":false,"template":"","format":"standard","meta":{"_yoast_indexnow_last_ping":["1674485577"],"wp_automatic_camp":["217"],"1f757b08d353f39349b6badf4217c05f":["Israel in der Staatskrise: Massenproteste und Entlassung eines umstrittenen Ministers"],"original_link":["https:\/\/de.rt.com\/der-nahe-osten\/160707-israel-in-staatskrise-massenproteste-und\/"],"_thumbnail_id":["28430"],"_wptgpro_p2tg_sent2tg":["a:1:{i:23737;s:19:\"2023-01-23 16:54:10\";}"],"jnews_social_counter_last_update":["1777169376"]},"categories":[19,23],"tags":[82,2111,2951,432,33868,39509,39508,3744,140],"yoast_head":"<!-- This site is optimized with the Yoast SEO Premium plugin v22.7 (Yoast SEO v22.7) - https:\/\/yoast.com\/wordpress\/plugins\/seo\/ -->\n<title>Israel in der Staatskrise: Massenproteste und Entlassung eines umstrittenen Ministers - just-now.NEWS Deutschland<\/title>\n<meta name=\"robots\" content=\"index, follow, max-snippet:-1, max-image-preview:large, max-video-preview:-1\" \/>\n<link rel=\"canonical\" href=\"https:\/\/now-news.de\/de\/deutschland\/israel-in-der-staatskrise-massenproteste-und-entlassung-eines-umstrittenen-ministers\/\" \/>\n<meta property=\"og:locale\" content=\"de_DE\" \/>\n<meta property=\"og:type\" content=\"article\" \/>\n<meta property=\"og:title\" content=\"Israel in der Staatskrise: Massenproteste und Entlassung eines umstrittenen Ministers\" \/>\n<meta property=\"og:description\" content=\"Das Oberste Gericht Israels hat die Regierung gezwungen, einen seiner wichtigsten Minister zu entlassen. Derweil kommen jedes Wochenende immer mehr Menschen auf die Stra\u00dfe, um gegen die radikale Regierung von Ministerpr\u00e4sident Benjamin Netanjahu zu protestieren. Israels\u00a0neue Regierung st\u00fcrzt\u00a0immer tiefer in die Krise.\u00a0Zehntausende Israelis\u00a0versammelten\u00a0sich den\u00a0dritten Samstagabend\u00a0in Folge in mehreren israelischen St\u00e4dten, um gegen die Pl\u00e4ne der [&hellip;]\" \/>\n<meta property=\"og:url\" content=\"https:\/\/now-news.de\/de\/deutschland\/israel-in-der-staatskrise-massenproteste-und-entlassung-eines-umstrittenen-ministers\/\" \/>\n<meta property=\"og:site_name\" content=\"just-now.NEWS Deutschland\" \/>\n<meta property=\"article:publisher\" content=\"https:\/\/www.facebook.com\/wirmachenauf\" \/>\n<meta property=\"article:published_time\" content=\"2023-01-23T14:46:13+00:00\" \/>\n<meta property=\"og:image\" content=\"https:\/\/now-news.de\/de\/wp-content\/uploads\/sites\/3\/2023\/01\/Israel-in-der-Staatskrise-Massenproteste-und-Entlassung-eines-umstrittenen-Ministers.jpg\" \/>\n\t<meta property=\"og:image:width\" content=\"460\" \/>\n\t<meta property=\"og:image:height\" content=\"259\" \/>\n\t<meta property=\"og:image:type\" content=\"image\/jpeg\" \/>\n<meta name=\"author\" content=\"rtnews\" \/>\n<meta name=\"twitter:card\" content=\"summary_large_image\" \/>\n<meta name=\"twitter:creator\" content=\"@WirMachenAuf_de\" \/>\n<meta name=\"twitter:site\" content=\"@WirMachenAuf_de\" \/>\n<meta name=\"twitter:label1\" content=\"Verfasst von\" \/>\n\t<meta name=\"twitter:data1\" content=\"rtnews\" \/>\n\t<meta name=\"twitter:label2\" content=\"Gesch\u00e4tzte Lesezeit\" \/>\n\t<meta name=\"twitter:data2\" content=\"3\u00a0Minuten\" \/>\n<script type=\"application\/ld+json\" class=\"yoast-schema-graph\">{\"@context\":\"https:\/\/schema.org\",\"@graph\":[{\"@type\":\"Article\",\"@id\":\"https:\/\/now-news.de\/de\/deutschland\/israel-in-der-staatskrise-massenproteste-und-entlassung-eines-umstrittenen-ministers\/#article\",\"isPartOf\":{\"@id\":\"https:\/\/now-news.de\/de\/deutschland\/israel-in-der-staatskrise-massenproteste-und-entlassung-eines-umstrittenen-ministers\/\"},\"author\":{\"name\":\"rtnews\",\"@id\":\"https:\/\/now-news.de\/de\/#\/schema\/person\/fb534a4e865501d8b3285208df34a9b5\"},\"headline\":\"Israel in der Staatskrise: Massenproteste und Entlassung eines umstrittenen Ministers\",\"datePublished\":\"2023-01-23T14:46:13+00:00\",\"dateModified\":\"2023-01-23T14:46:13+00:00\",\"mainEntityOfPage\":{\"@id\":\"https:\/\/now-news.de\/de\/deutschland\/israel-in-der-staatskrise-massenproteste-und-entlassung-eines-umstrittenen-ministers\/\"},\"wordCount\":516,\"commentCount\":0,\"publisher\":{\"@id\":\"https:\/\/now-news.de\/de\/#organization\"},\"image\":{\"@id\":\"https:\/\/now-news.de\/de\/deutschland\/israel-in-der-staatskrise-massenproteste-und-entlassung-eines-umstrittenen-ministers\/#primaryimage\"},\"thumbnailUrl\":\"https:\/\/now-news.de\/de\/wp-content\/uploads\/sites\/3\/2023\/01\/Israel-in-der-Staatskrise-Massenproteste-und-Entlassung-eines-umstrittenen-Ministers.jpg\",\"keywords\":[\"der\",\"eines\",\"Entlassung\",\"Israel\",\"Massenproteste\",\"Ministers\",\"Staatskrise\",\"umstrittenen\",\"und\"],\"articleSection\":[\"Deutschland\",\"Russland\"],\"inLanguage\":\"de\",\"potentialAction\":[{\"@type\":\"CommentAction\",\"name\":\"Comment\",\"target\":[\"https:\/\/now-news.de\/de\/deutschland\/israel-in-der-staatskrise-massenproteste-und-entlassung-eines-umstrittenen-ministers\/#respond\"]}]},{\"@type\":\"WebPage\",\"@id\":\"https:\/\/now-news.de\/de\/deutschland\/israel-in-der-staatskrise-massenproteste-und-entlassung-eines-umstrittenen-ministers\/\",\"url\":\"https:\/\/now-news.de\/de\/deutschland\/israel-in-der-staatskrise-massenproteste-und-entlassung-eines-umstrittenen-ministers\/\",\"name\":\"Israel in der Staatskrise: Massenproteste und Entlassung eines umstrittenen Ministers - just-now.NEWS Deutschland\",\"isPartOf\":{\"@id\":\"https:\/\/now-news.de\/de\/#website\"},\"primaryImageOfPage\":{\"@id\":\"https:\/\/now-news.de\/de\/deutschland\/israel-in-der-staatskrise-massenproteste-und-entlassung-eines-umstrittenen-ministers\/#primaryimage\"},\"image\":{\"@id\":\"https:\/\/now-news.de\/de\/deutschland\/israel-in-der-staatskrise-massenproteste-und-entlassung-eines-umstrittenen-ministers\/#primaryimage\"},\"thumbnailUrl\":\"https:\/\/now-news.de\/de\/wp-content\/uploads\/sites\/3\/2023\/01\/Israel-in-der-Staatskrise-Massenproteste-und-Entlassung-eines-umstrittenen-Ministers.jpg\",\"datePublished\":\"2023-01-23T14:46:13+00:00\",\"dateModified\":\"2023-01-23T14:46:13+00:00\",\"breadcrumb\":{\"@id\":\"https:\/\/now-news.de\/de\/deutschland\/israel-in-der-staatskrise-massenproteste-und-entlassung-eines-umstrittenen-ministers\/#breadcrumb\"},\"inLanguage\":\"de\",\"potentialAction\":[{\"@type\":\"ReadAction\",\"target\":[\"https:\/\/now-news.de\/de\/deutschland\/israel-in-der-staatskrise-massenproteste-und-entlassung-eines-umstrittenen-ministers\/\"]}]},{\"@type\":\"ImageObject\",\"inLanguage\":\"de\",\"@id\":\"https:\/\/now-news.de\/de\/deutschland\/israel-in-der-staatskrise-massenproteste-und-entlassung-eines-umstrittenen-ministers\/#primaryimage\",\"url\":\"https:\/\/now-news.de\/de\/wp-content\/uploads\/sites\/3\/2023\/01\/Israel-in-der-Staatskrise-Massenproteste-und-Entlassung-eines-umstrittenen-Ministers.jpg\",\"contentUrl\":\"https:\/\/now-news.de\/de\/wp-content\/uploads\/sites\/3\/2023\/01\/Israel-in-der-Staatskrise-Massenproteste-und-Entlassung-eines-umstrittenen-Ministers.jpg\",\"width\":460,\"height\":259,\"caption\":\"Israel in der Staatskrise: Massenproteste und Entlassung eines umstrittenen Ministers\"},{\"@type\":\"BreadcrumbList\",\"@id\":\"https:\/\/now-news.de\/de\/deutschland\/israel-in-der-staatskrise-massenproteste-und-entlassung-eines-umstrittenen-ministers\/#breadcrumb\",\"itemListElement\":[{\"@type\":\"ListItem\",\"position\":1,\"name\":\"Home\",\"item\":\"https:\/\/now-news.de\/de\/\"},{\"@type\":\"ListItem\",\"position\":2,\"name\":\"Israel in der Staatskrise: Massenproteste und Entlassung eines umstrittenen Ministers\"}]},{\"@type\":\"WebSite\",\"@id\":\"https:\/\/now-news.de\/de\/#website\",\"url\":\"https:\/\/now-news.de\/de\/\",\"name\":\"just-now.NEWS Deutschland\",\"description\":\"Das Portal f\u00fcr unzensierte Nachrichten aus der Welt\",\"publisher\":{\"@id\":\"https:\/\/now-news.de\/de\/#organization\"},\"potentialAction\":[{\"@type\":\"SearchAction\",\"target\":{\"@type\":\"EntryPoint\",\"urlTemplate\":\"https:\/\/now-news.de\/de\/?s={search_term_string}\"},\"query-input\":\"required name=search_term_string\"}],\"inLanguage\":\"de\"},{\"@type\":\"Organization\",\"@id\":\"https:\/\/now-news.de\/de\/#organization\",\"name\":\"Just Now News\",\"url\":\"https:\/\/now-news.de\/de\/\",\"logo\":{\"@type\":\"ImageObject\",\"inLanguage\":\"de\",\"@id\":\"https:\/\/now-news.de\/de\/#\/schema\/logo\/image\/\",\"url\":\"http:\/\/just-now.news\/de\/wp-content\/uploads\/sites\/3\/2022\/04\/logo500x500.jpg\",\"contentUrl\":\"http:\/\/just-now.news\/de\/wp-content\/uploads\/sites\/3\/2022\/04\/logo500x500.jpg\",\"width\":500,\"height\":500,\"caption\":\"Just Now News\"},\"image\":{\"@id\":\"https:\/\/now-news.de\/de\/#\/schema\/logo\/image\/\"},\"sameAs\":[\"https:\/\/www.facebook.com\/wirmachenauf\",\"https:\/\/x.com\/WirMachenAuf_de\"]},{\"@type\":\"Person\",\"@id\":\"https:\/\/now-news.de\/de\/#\/schema\/person\/fb534a4e865501d8b3285208df34a9b5\",\"name\":\"rtnews\",\"image\":{\"@type\":\"ImageObject\",\"inLanguage\":\"de\",\"@id\":\"https:\/\/now-news.de\/de\/#\/schema\/person\/image\/\",\"url\":\"https:\/\/secure.gravatar.com\/avatar\/82aafea7d8127119dd649515f56e2117?s=96&d=mm&r=g\",\"contentUrl\":\"https:\/\/secure.gravatar.com\/avatar\/82aafea7d8127119dd649515f56e2117?s=96&d=mm&r=g\",\"caption\":\"rtnews\"},\"url\":\"https:\/\/now-news.de\/de\/author\/rnews\/\"}]}<\/script>\n<!-- \/ Yoast SEO Premium plugin. -->","yoast_head_json":{"title":"Israel in der Staatskrise: Massenproteste und Entlassung eines umstrittenen Ministers - just-now.NEWS Deutschland","robots":{"index":"index","follow":"follow","max-snippet":"max-snippet:-1","max-image-preview":"max-image-preview:large","max-video-preview":"max-video-preview:-1"},"canonical":"https:\/\/now-news.de\/de\/deutschland\/israel-in-der-staatskrise-massenproteste-und-entlassung-eines-umstrittenen-ministers\/","og_locale":"de_DE","og_type":"article","og_title":"Israel in der Staatskrise: Massenproteste und Entlassung eines umstrittenen Ministers","og_description":"Das Oberste Gericht Israels hat die Regierung gezwungen, einen seiner wichtigsten Minister zu entlassen. Derweil kommen jedes Wochenende immer mehr Menschen auf die Stra\u00dfe, um gegen die radikale Regierung von Ministerpr\u00e4sident Benjamin Netanjahu zu protestieren. Israels\u00a0neue Regierung st\u00fcrzt\u00a0immer tiefer in die Krise.\u00a0Zehntausende Israelis\u00a0versammelten\u00a0sich den\u00a0dritten Samstagabend\u00a0in Folge in mehreren israelischen St\u00e4dten, um gegen die Pl\u00e4ne der [&hellip;]","og_url":"https:\/\/now-news.de\/de\/deutschland\/israel-in-der-staatskrise-massenproteste-und-entlassung-eines-umstrittenen-ministers\/","og_site_name":"just-now.NEWS Deutschland","article_publisher":"https:\/\/www.facebook.com\/wirmachenauf","article_published_time":"2023-01-23T14:46:13+00:00","og_image":[{"width":460,"height":259,"url":"https:\/\/now-news.de\/de\/wp-content\/uploads\/sites\/3\/2023\/01\/Israel-in-der-Staatskrise-Massenproteste-und-Entlassung-eines-umstrittenen-Ministers.jpg","type":"image\/jpeg"}],"author":"rtnews","twitter_card":"summary_large_image","twitter_creator":"@WirMachenAuf_de","twitter_site":"@WirMachenAuf_de","twitter_misc":{"Verfasst von":"rtnews","Gesch\u00e4tzte Lesezeit":"3\u00a0Minuten"},"schema":{"@context":"https:\/\/schema.org","@graph":[{"@type":"Article","@id":"https:\/\/now-news.de\/de\/deutschland\/israel-in-der-staatskrise-massenproteste-und-entlassung-eines-umstrittenen-ministers\/#article","isPartOf":{"@id":"https:\/\/now-news.de\/de\/deutschland\/israel-in-der-staatskrise-massenproteste-und-entlassung-eines-umstrittenen-ministers\/"},"author":{"name":"rtnews","@id":"https:\/\/now-news.de\/de\/#\/schema\/person\/fb534a4e865501d8b3285208df34a9b5"},"headline":"Israel in der Staatskrise: Massenproteste und Entlassung eines umstrittenen Ministers","datePublished":"2023-01-23T14:46:13+00:00","dateModified":"2023-01-23T14:46:13+00:00","mainEntityOfPage":{"@id":"https:\/\/now-news.de\/de\/deutschland\/israel-in-der-staatskrise-massenproteste-und-entlassung-eines-umstrittenen-ministers\/"},"wordCount":516,"commentCount":0,"publisher":{"@id":"https:\/\/now-news.de\/de\/#organization"},"image":{"@id":"https:\/\/now-news.de\/de\/deutschland\/israel-in-der-staatskrise-massenproteste-und-entlassung-eines-umstrittenen-ministers\/#primaryimage"},"thumbnailUrl":"https:\/\/now-news.de\/de\/wp-content\/uploads\/sites\/3\/2023\/01\/Israel-in-der-Staatskrise-Massenproteste-und-Entlassung-eines-umstrittenen-Ministers.jpg","keywords":["der","eines","Entlassung","Israel","Massenproteste","Ministers","Staatskrise","umstrittenen","und"],"articleSection":["Deutschland","Russland"],"inLanguage":"de","potentialAction":[{"@type":"CommentAction","name":"Comment","target":["https:\/\/now-news.de\/de\/deutschland\/israel-in-der-staatskrise-massenproteste-und-entlassung-eines-umstrittenen-ministers\/#respond"]}]},{"@type":"WebPage","@id":"https:\/\/now-news.de\/de\/deutschland\/israel-in-der-staatskrise-massenproteste-und-entlassung-eines-umstrittenen-ministers\/","url":"https:\/\/now-news.de\/de\/deutschland\/israel-in-der-staatskrise-massenproteste-und-entlassung-eines-umstrittenen-ministers\/","name":"Israel in der Staatskrise: Massenproteste und Entlassung eines umstrittenen Ministers - just-now.NEWS Deutschland","isPartOf":{"@id":"https:\/\/now-news.de\/de\/#website"},"primaryImageOfPage":{"@id":"https:\/\/now-news.de\/de\/deutschland\/israel-in-der-staatskrise-massenproteste-und-entlassung-eines-umstrittenen-ministers\/#primaryimage"},"image":{"@id":"https:\/\/now-news.de\/de\/deutschland\/israel-in-der-staatskrise-massenproteste-und-entlassung-eines-umstrittenen-ministers\/#primaryimage"},"thumbnailUrl":"https:\/\/now-news.de\/de\/wp-content\/uploads\/sites\/3\/2023\/01\/Israel-in-der-Staatskrise-Massenproteste-und-Entlassung-eines-umstrittenen-Ministers.jpg","datePublished":"2023-01-23T14:46:13+00:00","dateModified":"2023-01-23T14:46:13+00:00","breadcrumb":{"@id":"https:\/\/now-news.de\/de\/deutschland\/israel-in-der-staatskrise-massenproteste-und-entlassung-eines-umstrittenen-ministers\/#breadcrumb"},"inLanguage":"de","potentialAction":[{"@type":"ReadAction","target":["https:\/\/now-news.de\/de\/deutschland\/israel-in-der-staatskrise-massenproteste-und-entlassung-eines-umstrittenen-ministers\/"]}]},{"@type":"ImageObject","inLanguage":"de","@id":"https:\/\/now-news.de\/de\/deutschland\/israel-in-der-staatskrise-massenproteste-und-entlassung-eines-umstrittenen-ministers\/#primaryimage","url":"https:\/\/now-news.de\/de\/wp-content\/uploads\/sites\/3\/2023\/01\/Israel-in-der-Staatskrise-Massenproteste-und-Entlassung-eines-umstrittenen-Ministers.jpg","contentUrl":"https:\/\/now-news.de\/de\/wp-content\/uploads\/sites\/3\/2023\/01\/Israel-in-der-Staatskrise-Massenproteste-und-Entlassung-eines-umstrittenen-Ministers.jpg","width":460,"height":259,"caption":"Israel in der Staatskrise: Massenproteste und Entlassung eines umstrittenen Ministers"},{"@type":"BreadcrumbList","@id":"https:\/\/now-news.de\/de\/deutschland\/israel-in-der-staatskrise-massenproteste-und-entlassung-eines-umstrittenen-ministers\/#breadcrumb","itemListElement":[{"@type":"ListItem","position":1,"name":"Home","item":"https:\/\/now-news.de\/de\/"},{"@type":"ListItem","position":2,"name":"Israel in der Staatskrise: Massenproteste und Entlassung eines umstrittenen Ministers"}]},{"@type":"WebSite","@id":"https:\/\/now-news.de\/de\/#website","url":"https:\/\/now-news.de\/de\/","name":"just-now.NEWS Deutschland","description":"Das Portal f\u00fcr unzensierte Nachrichten aus der Welt","publisher":{"@id":"https:\/\/now-news.de\/de\/#organization"},"potentialAction":[{"@type":"SearchAction","target":{"@type":"EntryPoint","urlTemplate":"https:\/\/now-news.de\/de\/?s={search_term_string}"},"query-input":"required name=search_term_string"}],"inLanguage":"de"},{"@type":"Organization","@id":"https:\/\/now-news.de\/de\/#organization","name":"Just Now News","url":"https:\/\/now-news.de\/de\/","logo":{"@type":"ImageObject","inLanguage":"de","@id":"https:\/\/now-news.de\/de\/#\/schema\/logo\/image\/","url":"http:\/\/just-now.news\/de\/wp-content\/uploads\/sites\/3\/2022\/04\/logo500x500.jpg","contentUrl":"http:\/\/just-now.news\/de\/wp-content\/uploads\/sites\/3\/2022\/04\/logo500x500.jpg","width":500,"height":500,"caption":"Just Now News"},"image":{"@id":"https:\/\/now-news.de\/de\/#\/schema\/logo\/image\/"},"sameAs":["https:\/\/www.facebook.com\/wirmachenauf","https:\/\/x.com\/WirMachenAuf_de"]},{"@type":"Person","@id":"https:\/\/now-news.de\/de\/#\/schema\/person\/fb534a4e865501d8b3285208df34a9b5","name":"rtnews","image":{"@type":"ImageObject","inLanguage":"de","@id":"https:\/\/now-news.de\/de\/#\/schema\/person\/image\/","url":"https:\/\/secure.gravatar.com\/avatar\/82aafea7d8127119dd649515f56e2117?s=96&d=mm&r=g","contentUrl":"https:\/\/secure.gravatar.com\/avatar\/82aafea7d8127119dd649515f56e2117?s=96&d=mm&r=g","caption":"rtnews"},"url":"https:\/\/now-news.de\/de\/author\/rnews\/"}]}},"_links":{"self":[{"href":"https:\/\/now-news.de\/de\/wp-json\/wp\/v2\/posts\/28429"}],"collection":[{"href":"https:\/\/now-news.de\/de\/wp-json\/wp\/v2\/posts"}],"about":[{"href":"https:\/\/now-news.de\/de\/wp-json\/wp\/v2\/types\/post"}],"author":[{"embeddable":true,"href":"https:\/\/now-news.de\/de\/wp-json\/wp\/v2\/users\/3"}],"replies":[{"embeddable":true,"href":"https:\/\/now-news.de\/de\/wp-json\/wp\/v2\/comments?post=28429"}],"version-history":[{"count":0,"href":"https:\/\/now-news.de\/de\/wp-json\/wp\/v2\/posts\/28429\/revisions"}],"wp:featuredmedia":[{"embeddable":true,"href":"https:\/\/now-news.de\/de\/wp-json\/wp\/v2\/media\/28430"}],"wp:attachment":[{"href":"https:\/\/now-news.de\/de\/wp-json\/wp\/v2\/media?parent=28429"}],"wp:term":[{"taxonomy":"category","embeddable":true,"href":"https:\/\/now-news.de\/de\/wp-json\/wp\/v2\/categories?post=28429"},{"taxonomy":"post_tag","embeddable":true,"href":"https:\/\/now-news.de\/de\/wp-json\/wp\/v2\/tags?post=28429"}],"curies":[{"name":"wp","href":"https:\/\/api.w.org\/{rel}","templated":true}]}}