{"id":28370,"date":"2023-01-22T17:32:10","date_gmt":"2023-01-22T15:32:10","guid":{"rendered":"http:\/\/just-now.news\/de\/deutschland\/elon-musk-nach-corona-booster-fuehlte-mich-mehrere-tage-lang-als-wuerde-ich-sterben\/"},"modified":"2023-01-22T17:32:10","modified_gmt":"2023-01-22T15:32:10","slug":"elon-musk-nach-corona-booster-fuehlte-mich-mehrere-tage-lang-als-wuerde-ich-sterben","status":"publish","type":"post","link":"https:\/\/now-news.de\/de\/deutschland\/elon-musk-nach-corona-booster-fuehlte-mich-mehrere-tage-lang-als-wuerde-ich-sterben\/","title":{"rendered":"Elon Musk nach Corona-Booster: &quot;F\u00fchlte mich mehrere Tage lang, als w\u00fcrde ich sterben&quot;"},"content":{"rendered":"<div class=\"Text-root Text-type_1 \">\n                Elon Musk berichtet via Twitter \u00fcber &#8220;gravierende Nebenwirkungen&#8221; nach einer Corona-Impfung: &#8220;Hoffentlich keine bleibenden Sch\u00e4den, aber ich wei\u00df es nicht.&#8221; Noch schwerer habe es seinen Cousin getroffen, der mit  &#8220;einem schweren Fall von Myokarditis ins Krankenhaus musste&#8221;.\n            <\/div>\n<p><\/p>\n<div class=\"Text-root Text-type_5 ArticleView-text ViewText-root \">\n<p>Die Diskussion \u00fcber die teils lebensgef\u00e4hrlichen Nebenwirkungen des mRNA-Wirkstoffs gegen Corona findet weiterhin nur bedingt den Weg in die mediale \u00d6ffentlichkeit. Nun meldete auch Twitter-Chef und Multimilliard\u00e4r Elon Musk starke Nebenwirkungen nach der zweiten Booster-Spritze. Am Samstag <a rel=\"nofollow noopener\" target=\"_blank\" href=\"https:\/\/twitter.com\/elonmusk\/status\/1616697612043972610\">schrieb<\/a> Musk unter Bezug auf den j\u00fcngsten <a rel=\"nofollow noopener\" target=\"_blank\" href=\"https:\/\/twitter.com\/Rasmussen_Poll\/status\/1615054461562388481\">Rasmussen-Report<\/a>:<\/p>\n<blockquote>\n<p><em>&#8220;Die zweite Auffrischungsimpfung hatte bei mir starke Nebenwirkungen. Ich f\u00fchlte mich mehrere Tage lang, als w\u00fcrde ich sterben. Hoffentlich keine bleibenden Sch\u00e4den, aber ich wei\u00df es nicht.<\/em><\/p>\n<p><em>Und mein Cousin, der jung und kerngesund ist, hatte einen schweren Fall von Myokarditis. Er musste ins Krankenhaus.&#8221;<\/em><\/p>\n<\/blockquote>\n<figure class=\"RTImage-root\">\n<div class=\"RTImage-image RTImage-original\"><picture class=\"Picture-root Picture-original\"><!--[if IE 9]><video style=\"display: none;\"><![endif]--><source media=\"(-webkit-min-device-pixel-ratio: 2) and (min-resolution: 120dpi)\" data-srcset=\" \nhttp:\/\/just-now.news\/de\/wp-content\/uploads\/sites\/3\/2023\/01\/63cbcf5eb480cc1f47704f33.jpg 850w,\n                http:\/\/just-now.news\/de\/wp-content\/uploads\/sites\/3\/2023\/01\/63cbcf5eb480cc1f47704f33.jpg 1960w,\n            \" ><source data-srcset=\" \nhttp:\/\/just-now.news\/de\/wp-content\/uploads\/sites\/3\/2023\/01\/63cbcf5eb480cc1f47704f33.jpg 460w,\n              http:\/\/just-now.news\/de\/wp-content\/uploads\/sites\/3\/2023\/01\/63cbcf5eb480cc1f47704f33.jpg 980w,\n            \" ><!--[if IE 9]><\/video><![endif]--><img decoding=\"async\" data- src=\"data:image\/png;base64,iVBORw0KGgoAAAANSUhEUgAAABAAAAAJCAQAAACRI2S5AAAAEElEQVR42mNkIAAYRxWAAQAG9gAKqv6+AwAAAABJRU5ErkJggg==\" class=\"Picture-root Picture-original lazyload\" data-src=\"http:\/\/just-now.news\/de\/wp-content\/uploads\/sites\/3\/2023\/01\/63cbcf5eb480cc1f47704f33.jpg\" alt=\"\"><\/source><\/source><\/picture><!-- noscript pattern --><noscript><img decoding=\"async\" src=\"http:\/\/just-now.news\/de\/wp-content\/uploads\/sites\/3\/2023\/01\/63cbcf5eb480cc1f47704f33.jpg\" alt=\"\"><\/noscript><\/div><figcaption class=\"RTImage-footer\"><span class=\"RTImage-caption\"><\/span><span class=\"RTImage-source\"><span class=\"RTImage-captionItem\">Screenshot- Twitter-Account Elon Musk<\/span><\/span><\/figcaption><\/figure>\n<p>Im sp\u00e4teren Verlauf der Diskussion <a rel=\"nofollow noopener\" target=\"_blank\" href=\"https:\/\/twitter.com\/elonmusk\/status\/1616705517614923777\">f\u00fcgte<\/a> Musk seine Erfahrungen mit einer COVID-19-Infektion hinzu:<\/p>\n<blockquote>\n<p><em>&#8220;Ich hatte OG C19 [das Coronavirus], bevor die Impfstoffe herauskamen, und es war im Grunde eine leichte Erk\u00e4ltung. Dann hatte ich den J&amp;J-Impfstoff [des Herstellers\u00a0Johnson &amp; Johnson], der keine schlimmen Auswirkungen hatte, au\u00dfer dass mein Arm kurz wehtat. Die erste mRNA-Auffrischung war in Ordnung, aber die zweite hat mich zerquetscht.&#8221;<\/em><\/p>\n<\/blockquote>\n<p>Auf den aktuellen Gesundheitszustand seines Cousins ging Musk nicht n\u00e4her ein.<\/p>\n<p>Der Kardiologe und Sachbuchautor Peter A. McCullough, der durch die aus den sogenannten Twitter-Files bekannt gewordenen Erkenntnisse von der ehemaligen Twitter-Leitungsebene gesperrt worden war, <a rel=\"nofollow noopener\" target=\"_blank\" href=\"https:\/\/twitter.com\/P_McCulloughMD\/status\/1616761955976372224\">beteiligte<\/a> sich\u00a0ebenfalls an der Diskussion. Er antwortete Musk und seinen Ausf\u00fchrungen mit der Erkl\u00e4rung:<\/p>\n<blockquote>\n<p><em>&#8220;Elon, das nennt man &#8216;Reaktogenit\u00e4t&#8217;, die von Schuss [Impfung] eins zu Schuss zwei etwa das 80-fache betr\u00e4gt. Bei Spritze drei steigt sie sogar noch weiter an. CDC <a rel=\"nofollow noopener\" target=\"_blank\" href=\"https:\/\/www.cdc.gov\/coronavirus\/2019-ncov\/vaccines\/safety\/vsafe.html#:~:text=V%2Dsafe%20is%20a%20safety,getting%20a%20COVID%2D19%20vaccine.\">V-safe <\/a>Daten zeigen, dass 7-8 Prozent der Amerikaner so krank werden, dass sie ins Krankenhaus m\u00fcssen. Die Zeit ist auf Ihrer Seite, um die Bedenken zu zerstreuen \u2013 vorausgesetzt, es wird nicht mehr gespritzt.&#8221;<\/em><\/p>\n<\/blockquote>\n<p>Im engeren Sinne versteht man unter der Reaktogenit\u00e4t eines Impfstoffs das Ausma\u00df und die klinische Bedeutsamkeit der \u2013 nach Gabe eines bestimmten Impfstoffs \u2013 zu erwartenden Impfreaktion. In der aktuellen Fassung des Wikipedia-<a rel=\"nofollow noopener\" target=\"_blank\" href=\"https:\/\/en.wikipedia.org\/wiki\/Peter_A._McCullough\">Eintrags<\/a> zu McCullough hei\u00dft es unter anderem:<\/p>\n<blockquote>\n<p><em>&#8220;W\u00e4hrend der COVID-19-Pandemie hat McCullough Fehlinformationen \u00fcber COVID-19, seine Behandlung und die mRNA-Impfstoffe verbreitet.\u00a0McCullough setzte sich f\u00fcr eine fr\u00fchzeitige Behandlung mit den in Verruf geratenen Medikamenten Hydroxychloroquin und Ivermectin ein.&#8221;<\/em><\/p>\n<\/blockquote>\n<p>Bereits im <a rel=\"nofollow noopener\" target=\"_blank\" href=\"https:\/\/twitter.com\/elonmusk\/status\/1379887294933467139\">April 2021<\/a> lie\u00df Elon Musk wissen:<\/p>\n<blockquote>\n<p><em>&#8220;Um es klar zu sagen: Ich unterst\u00fctze Impfstoffe im Allgemeinen und die COVID-Impfstoffe im Besonderen. Die wissenschaftlichen Erkenntnisse sind unmissverst\u00e4ndlich. In sehr seltenen F\u00e4llen kommt es zu einer allergischen Reaktion, aber das l\u00e4sst sich mit einem EpiPen leicht beheben.&#8221;<\/em><\/p>\n<\/blockquote>\n<p>In einem <a rel=\"nofollow noopener\" target=\"_blank\" href=\"https:\/\/finance.yahoo.com\/news\/elon-musk-says-family-vaccinated-162645566.html?guccounter=1&amp;guce_referrer=aHR0cHM6Ly93d3cuZ29vZ2xlLmNvbS8&amp;guce_referrer_sig=AQAAACFCLenX6clupzOHLJ1rr-hE2HkvWKP4KHW1CJDITs87Fj00tDCdrjEWTh8et8cqmTi-fIjwVjg1qeeoeMslIFp_LR7_5BJHT-UCz7fL1zHcNkI1SrqDfaucJleqFrqNtvmVnDpwj31f5k6ma-M19mup6twkkgE-mTreJ4hUokVZ\">Artikel<\/a> von <em>Yahoo Finance<\/em>\u00a0von Dezember 2021 best\u00e4tigte Musk, dass &#8220;er und seine Familie geimpft&#8221; sind, aber &#8220;die Vorschriften f\u00fcr die Massen&#8221; f\u00fcr ihn eine &#8220;Erosion der Freiheit&#8221; darstellen. Am 16. Januar 2023 <a rel=\"nofollow noopener\" target=\"_blank\" href=\"https:\/\/twitter.com\/elonmusk\/status\/1614780167788048385?ref_src=twsrc%5Etfw\">kommentierte<\/a> Musk nun im Rahmen einer Impfstoff-Diskussion auf Twitter:<\/p>\n<blockquote>\n<p><em>&#8220;Ich bin generell f\u00fcr Impfstoffe, aber es gibt einen Punkt, an dem das Heilmittel\/ der Impfstoff, wenn es\/er der gesamten Bev\u00f6lkerung verabreicht wird, potenziell schlimmer ist als die Krankheit selbst.&#8221;<\/em><\/p>\n<\/blockquote>\n<p><strong>Mehr zum Thema \u2013<\/strong>\u00a0<a rel=\"nofollow noopener\" target=\"_blank\" href=\"https:\/\/de.rt.com\/europa\/160327-pfizer-chef-bourla-fluechtet-in\/\">Pfizer-Chef Bourla fl\u00fcchtet in Davos vor Journalisten \u2013 und schweigt zu unangenehmen Fragen<\/a><\/p>\n<\/div>\n<p><script async src=\"https:\/\/platform.twitter.com\/widgets.js\" charset=\"utf-8\"><\/script><br \/>\n<br \/><br \/>\n<br \/><a href=\"https:\/\/de.rt.com\/international\/160572-elon-musk-nach-corona-booster\/\">Source link <\/a><\/p>\n","protected":false},"excerpt":{"rendered":"<p>Elon Musk berichtet via Twitter \u00fcber &#8220;gravierende Nebenwirkungen&#8221; nach einer Corona-Impfung: &#8220;Hoffentlich keine bleibenden Sch\u00e4den, aber ich wei\u00df es nicht.&#8221; Noch schwerer habe es seinen Cousin getroffen, der mit &#8220;einem schweren Fall von Myokarditis ins Krankenhaus musste&#8221;. Die Diskussion \u00fcber die teils lebensgef\u00e4hrlichen Nebenwirkungen des mRNA-Wirkstoffs gegen Corona findet weiterhin nur bedingt den Weg in [&hellip;]<\/p>\n","protected":false},"author":3,"featured_media":28371,"comment_status":"open","ping_status":"open","sticky":false,"template":"","format":"standard","meta":{"_yoast_indexnow_last_ping":["1674401586"],"wp_automatic_camp":["217"],"8674b6482ddb28b5586d4b1b17c0e4e0":["Elon Musk nach Corona-Booster: &quot;F\u00fchlte mich mehrere Tage lang, als w\u00fcrde ich sterben&quot;"],"original_link":["https:\/\/de.rt.com\/international\/160572-elon-musk-nach-corona-booster\/"],"_thumbnail_id":["28371"],"_wptgpro_p2tg_sent2tg":["a:1:{i:23737;s:19:\"2023-01-22 17:34:25\";}"],"jnews_social_counter_last_update":["1777269099"]},"categories":[19,23],"tags":[273,39467,2056,410,3655,3653,3568,1582,979,39468,39469,3654,528],"yoast_head":"<!-- This site is optimized with the Yoast SEO Premium plugin v22.7 (Yoast SEO v22.7) - https:\/\/yoast.com\/wordpress\/plugins\/seo\/ -->\n<title>Elon Musk nach Corona-Booster: &quot;F\u00fchlte mich mehrere Tage lang, als w\u00fcrde ich sterben&quot; - just-now.NEWS Deutschland<\/title>\n<meta name=\"robots\" content=\"index, follow, max-snippet:-1, max-image-preview:large, max-video-preview:-1\" \/>\n<link rel=\"canonical\" href=\"https:\/\/now-news.de\/de\/deutschland\/elon-musk-nach-corona-booster-fuehlte-mich-mehrere-tage-lang-als-wuerde-ich-sterben\/\" \/>\n<meta property=\"og:locale\" content=\"de_DE\" \/>\n<meta property=\"og:type\" content=\"article\" \/>\n<meta property=\"og:title\" content=\"Elon Musk nach Corona-Booster: &quot;F\u00fchlte mich mehrere Tage lang, als w\u00fcrde ich sterben&quot;\" \/>\n<meta property=\"og:description\" content=\"Elon Musk berichtet via Twitter \u00fcber &#8220;gravierende Nebenwirkungen&#8221; nach einer Corona-Impfung: &#8220;Hoffentlich keine bleibenden Sch\u00e4den, aber ich wei\u00df es nicht.&#8221; Noch schwerer habe es seinen Cousin getroffen, der mit &#8220;einem schweren Fall von Myokarditis ins Krankenhaus musste&#8221;. Die Diskussion \u00fcber die teils lebensgef\u00e4hrlichen Nebenwirkungen des mRNA-Wirkstoffs gegen Corona findet weiterhin nur bedingt den Weg in [&hellip;]\" \/>\n<meta property=\"og:url\" content=\"https:\/\/now-news.de\/de\/deutschland\/elon-musk-nach-corona-booster-fuehlte-mich-mehrere-tage-lang-als-wuerde-ich-sterben\/\" \/>\n<meta property=\"og:site_name\" content=\"just-now.NEWS Deutschland\" \/>\n<meta property=\"article:publisher\" content=\"https:\/\/www.facebook.com\/wirmachenauf\" \/>\n<meta property=\"article:published_time\" content=\"2023-01-22T15:32:10+00:00\" \/>\n<meta property=\"og:image\" content=\"https:\/\/now-news.de\/de\/wp-content\/uploads\/sites\/3\/2023\/01\/Elon-Musk-nach-Corona-Booster-quotFuehlte-mich-mehrere-Tage-lang-als.jpg\" \/>\n\t<meta property=\"og:image:width\" content=\"618\" \/>\n\t<meta property=\"og:image:height\" content=\"391\" \/>\n\t<meta property=\"og:image:type\" content=\"image\/jpeg\" \/>\n<meta name=\"author\" content=\"rtnews\" \/>\n<meta name=\"twitter:card\" content=\"summary_large_image\" \/>\n<meta name=\"twitter:creator\" content=\"@WirMachenAuf_de\" \/>\n<meta name=\"twitter:site\" content=\"@WirMachenAuf_de\" \/>\n<meta name=\"twitter:label1\" content=\"Verfasst von\" \/>\n\t<meta name=\"twitter:data1\" content=\"rtnews\" \/>\n\t<meta name=\"twitter:label2\" content=\"Gesch\u00e4tzte Lesezeit\" \/>\n\t<meta name=\"twitter:data2\" content=\"3\u00a0Minuten\" \/>\n<script type=\"application\/ld+json\" class=\"yoast-schema-graph\">{\"@context\":\"https:\/\/schema.org\",\"@graph\":[{\"@type\":\"Article\",\"@id\":\"https:\/\/now-news.de\/de\/deutschland\/elon-musk-nach-corona-booster-fuehlte-mich-mehrere-tage-lang-als-wuerde-ich-sterben\/#article\",\"isPartOf\":{\"@id\":\"https:\/\/now-news.de\/de\/deutschland\/elon-musk-nach-corona-booster-fuehlte-mich-mehrere-tage-lang-als-wuerde-ich-sterben\/\"},\"author\":{\"name\":\"rtnews\",\"@id\":\"https:\/\/now-news.de\/de\/#\/schema\/person\/fb534a4e865501d8b3285208df34a9b5\"},\"headline\":\"Elon Musk nach Corona-Booster: &quot;F\u00fchlte mich mehrere Tage lang, als w\u00fcrde ich sterben&quot;\",\"datePublished\":\"2023-01-22T15:32:10+00:00\",\"dateModified\":\"2023-01-22T15:32:10+00:00\",\"mainEntityOfPage\":{\"@id\":\"https:\/\/now-news.de\/de\/deutschland\/elon-musk-nach-corona-booster-fuehlte-mich-mehrere-tage-lang-als-wuerde-ich-sterben\/\"},\"wordCount\":562,\"commentCount\":0,\"publisher\":{\"@id\":\"https:\/\/now-news.de\/de\/#organization\"},\"image\":{\"@id\":\"https:\/\/now-news.de\/de\/deutschland\/elon-musk-nach-corona-booster-fuehlte-mich-mehrere-tage-lang-als-wuerde-ich-sterben\/#primaryimage\"},\"thumbnailUrl\":\"https:\/\/now-news.de\/de\/wp-content\/uploads\/sites\/3\/2023\/01\/Elon-Musk-nach-Corona-Booster-quotFuehlte-mich-mehrere-Tage-lang-als.jpg\",\"keywords\":[\"als\",\"CoronaBooster\",\"ELON\",\"Ich\",\"lang\",\"mehrere\",\"mich\",\"Musk\",\"nach\",\"quotF\u00fchlte\",\"sterbenquot\",\"Tage\",\"wurde\"],\"articleSection\":[\"Deutschland\",\"Russland\"],\"inLanguage\":\"de\",\"potentialAction\":[{\"@type\":\"CommentAction\",\"name\":\"Comment\",\"target\":[\"https:\/\/now-news.de\/de\/deutschland\/elon-musk-nach-corona-booster-fuehlte-mich-mehrere-tage-lang-als-wuerde-ich-sterben\/#respond\"]}]},{\"@type\":\"WebPage\",\"@id\":\"https:\/\/now-news.de\/de\/deutschland\/elon-musk-nach-corona-booster-fuehlte-mich-mehrere-tage-lang-als-wuerde-ich-sterben\/\",\"url\":\"https:\/\/now-news.de\/de\/deutschland\/elon-musk-nach-corona-booster-fuehlte-mich-mehrere-tage-lang-als-wuerde-ich-sterben\/\",\"name\":\"Elon Musk nach Corona-Booster: &quot;F\u00fchlte mich mehrere Tage lang, als w\u00fcrde ich sterben&quot; - just-now.NEWS Deutschland\",\"isPartOf\":{\"@id\":\"https:\/\/now-news.de\/de\/#website\"},\"primaryImageOfPage\":{\"@id\":\"https:\/\/now-news.de\/de\/deutschland\/elon-musk-nach-corona-booster-fuehlte-mich-mehrere-tage-lang-als-wuerde-ich-sterben\/#primaryimage\"},\"image\":{\"@id\":\"https:\/\/now-news.de\/de\/deutschland\/elon-musk-nach-corona-booster-fuehlte-mich-mehrere-tage-lang-als-wuerde-ich-sterben\/#primaryimage\"},\"thumbnailUrl\":\"https:\/\/now-news.de\/de\/wp-content\/uploads\/sites\/3\/2023\/01\/Elon-Musk-nach-Corona-Booster-quotFuehlte-mich-mehrere-Tage-lang-als.jpg\",\"datePublished\":\"2023-01-22T15:32:10+00:00\",\"dateModified\":\"2023-01-22T15:32:10+00:00\",\"breadcrumb\":{\"@id\":\"https:\/\/now-news.de\/de\/deutschland\/elon-musk-nach-corona-booster-fuehlte-mich-mehrere-tage-lang-als-wuerde-ich-sterben\/#breadcrumb\"},\"inLanguage\":\"de\",\"potentialAction\":[{\"@type\":\"ReadAction\",\"target\":[\"https:\/\/now-news.de\/de\/deutschland\/elon-musk-nach-corona-booster-fuehlte-mich-mehrere-tage-lang-als-wuerde-ich-sterben\/\"]}]},{\"@type\":\"ImageObject\",\"inLanguage\":\"de\",\"@id\":\"https:\/\/now-news.de\/de\/deutschland\/elon-musk-nach-corona-booster-fuehlte-mich-mehrere-tage-lang-als-wuerde-ich-sterben\/#primaryimage\",\"url\":\"https:\/\/now-news.de\/de\/wp-content\/uploads\/sites\/3\/2023\/01\/Elon-Musk-nach-Corona-Booster-quotFuehlte-mich-mehrere-Tage-lang-als.jpg\",\"contentUrl\":\"https:\/\/now-news.de\/de\/wp-content\/uploads\/sites\/3\/2023\/01\/Elon-Musk-nach-Corona-Booster-quotFuehlte-mich-mehrere-Tage-lang-als.jpg\",\"width\":618,\"height\":391,\"caption\":\"Elon Musk nach Corona-Booster: &quot;F\u00fchlte mich mehrere Tage lang, als w\u00fcrde ich sterben&quot;\"},{\"@type\":\"BreadcrumbList\",\"@id\":\"https:\/\/now-news.de\/de\/deutschland\/elon-musk-nach-corona-booster-fuehlte-mich-mehrere-tage-lang-als-wuerde-ich-sterben\/#breadcrumb\",\"itemListElement\":[{\"@type\":\"ListItem\",\"position\":1,\"name\":\"Home\",\"item\":\"https:\/\/now-news.de\/de\/\"},{\"@type\":\"ListItem\",\"position\":2,\"name\":\"Elon Musk nach Corona-Booster: &quot;F\u00fchlte mich mehrere Tage lang, als w\u00fcrde ich sterben&quot;\"}]},{\"@type\":\"WebSite\",\"@id\":\"https:\/\/now-news.de\/de\/#website\",\"url\":\"https:\/\/now-news.de\/de\/\",\"name\":\"just-now.NEWS Deutschland\",\"description\":\"Das Portal f\u00fcr unzensierte Nachrichten aus der Welt\",\"publisher\":{\"@id\":\"https:\/\/now-news.de\/de\/#organization\"},\"potentialAction\":[{\"@type\":\"SearchAction\",\"target\":{\"@type\":\"EntryPoint\",\"urlTemplate\":\"https:\/\/now-news.de\/de\/?s={search_term_string}\"},\"query-input\":\"required name=search_term_string\"}],\"inLanguage\":\"de\"},{\"@type\":\"Organization\",\"@id\":\"https:\/\/now-news.de\/de\/#organization\",\"name\":\"Just Now News\",\"url\":\"https:\/\/now-news.de\/de\/\",\"logo\":{\"@type\":\"ImageObject\",\"inLanguage\":\"de\",\"@id\":\"https:\/\/now-news.de\/de\/#\/schema\/logo\/image\/\",\"url\":\"http:\/\/just-now.news\/de\/wp-content\/uploads\/sites\/3\/2022\/04\/logo500x500.jpg\",\"contentUrl\":\"http:\/\/just-now.news\/de\/wp-content\/uploads\/sites\/3\/2022\/04\/logo500x500.jpg\",\"width\":500,\"height\":500,\"caption\":\"Just Now News\"},\"image\":{\"@id\":\"https:\/\/now-news.de\/de\/#\/schema\/logo\/image\/\"},\"sameAs\":[\"https:\/\/www.facebook.com\/wirmachenauf\",\"https:\/\/x.com\/WirMachenAuf_de\"]},{\"@type\":\"Person\",\"@id\":\"https:\/\/now-news.de\/de\/#\/schema\/person\/fb534a4e865501d8b3285208df34a9b5\",\"name\":\"rtnews\",\"image\":{\"@type\":\"ImageObject\",\"inLanguage\":\"de\",\"@id\":\"https:\/\/now-news.de\/de\/#\/schema\/person\/image\/\",\"url\":\"https:\/\/secure.gravatar.com\/avatar\/82aafea7d8127119dd649515f56e2117?s=96&d=mm&r=g\",\"contentUrl\":\"https:\/\/secure.gravatar.com\/avatar\/82aafea7d8127119dd649515f56e2117?s=96&d=mm&r=g\",\"caption\":\"rtnews\"},\"url\":\"https:\/\/now-news.de\/de\/author\/rnews\/\"}]}<\/script>\n<!-- \/ Yoast SEO Premium plugin. -->","yoast_head_json":{"title":"Elon Musk nach Corona-Booster: &quot;F\u00fchlte mich mehrere Tage lang, als w\u00fcrde ich sterben&quot; - just-now.NEWS Deutschland","robots":{"index":"index","follow":"follow","max-snippet":"max-snippet:-1","max-image-preview":"max-image-preview:large","max-video-preview":"max-video-preview:-1"},"canonical":"https:\/\/now-news.de\/de\/deutschland\/elon-musk-nach-corona-booster-fuehlte-mich-mehrere-tage-lang-als-wuerde-ich-sterben\/","og_locale":"de_DE","og_type":"article","og_title":"Elon Musk nach Corona-Booster: &quot;F\u00fchlte mich mehrere Tage lang, als w\u00fcrde ich sterben&quot;","og_description":"Elon Musk berichtet via Twitter \u00fcber &#8220;gravierende Nebenwirkungen&#8221; nach einer Corona-Impfung: &#8220;Hoffentlich keine bleibenden Sch\u00e4den, aber ich wei\u00df es nicht.&#8221; Noch schwerer habe es seinen Cousin getroffen, der mit &#8220;einem schweren Fall von Myokarditis ins Krankenhaus musste&#8221;. Die Diskussion \u00fcber die teils lebensgef\u00e4hrlichen Nebenwirkungen des mRNA-Wirkstoffs gegen Corona findet weiterhin nur bedingt den Weg in [&hellip;]","og_url":"https:\/\/now-news.de\/de\/deutschland\/elon-musk-nach-corona-booster-fuehlte-mich-mehrere-tage-lang-als-wuerde-ich-sterben\/","og_site_name":"just-now.NEWS Deutschland","article_publisher":"https:\/\/www.facebook.com\/wirmachenauf","article_published_time":"2023-01-22T15:32:10+00:00","og_image":[{"width":618,"height":391,"url":"https:\/\/now-news.de\/de\/wp-content\/uploads\/sites\/3\/2023\/01\/Elon-Musk-nach-Corona-Booster-quotFuehlte-mich-mehrere-Tage-lang-als.jpg","type":"image\/jpeg"}],"author":"rtnews","twitter_card":"summary_large_image","twitter_creator":"@WirMachenAuf_de","twitter_site":"@WirMachenAuf_de","twitter_misc":{"Verfasst von":"rtnews","Gesch\u00e4tzte Lesezeit":"3\u00a0Minuten"},"schema":{"@context":"https:\/\/schema.org","@graph":[{"@type":"Article","@id":"https:\/\/now-news.de\/de\/deutschland\/elon-musk-nach-corona-booster-fuehlte-mich-mehrere-tage-lang-als-wuerde-ich-sterben\/#article","isPartOf":{"@id":"https:\/\/now-news.de\/de\/deutschland\/elon-musk-nach-corona-booster-fuehlte-mich-mehrere-tage-lang-als-wuerde-ich-sterben\/"},"author":{"name":"rtnews","@id":"https:\/\/now-news.de\/de\/#\/schema\/person\/fb534a4e865501d8b3285208df34a9b5"},"headline":"Elon Musk nach Corona-Booster: &quot;F\u00fchlte mich mehrere Tage lang, als w\u00fcrde ich sterben&quot;","datePublished":"2023-01-22T15:32:10+00:00","dateModified":"2023-01-22T15:32:10+00:00","mainEntityOfPage":{"@id":"https:\/\/now-news.de\/de\/deutschland\/elon-musk-nach-corona-booster-fuehlte-mich-mehrere-tage-lang-als-wuerde-ich-sterben\/"},"wordCount":562,"commentCount":0,"publisher":{"@id":"https:\/\/now-news.de\/de\/#organization"},"image":{"@id":"https:\/\/now-news.de\/de\/deutschland\/elon-musk-nach-corona-booster-fuehlte-mich-mehrere-tage-lang-als-wuerde-ich-sterben\/#primaryimage"},"thumbnailUrl":"https:\/\/now-news.de\/de\/wp-content\/uploads\/sites\/3\/2023\/01\/Elon-Musk-nach-Corona-Booster-quotFuehlte-mich-mehrere-Tage-lang-als.jpg","keywords":["als","CoronaBooster","ELON","Ich","lang","mehrere","mich","Musk","nach","quotF\u00fchlte","sterbenquot","Tage","wurde"],"articleSection":["Deutschland","Russland"],"inLanguage":"de","potentialAction":[{"@type":"CommentAction","name":"Comment","target":["https:\/\/now-news.de\/de\/deutschland\/elon-musk-nach-corona-booster-fuehlte-mich-mehrere-tage-lang-als-wuerde-ich-sterben\/#respond"]}]},{"@type":"WebPage","@id":"https:\/\/now-news.de\/de\/deutschland\/elon-musk-nach-corona-booster-fuehlte-mich-mehrere-tage-lang-als-wuerde-ich-sterben\/","url":"https:\/\/now-news.de\/de\/deutschland\/elon-musk-nach-corona-booster-fuehlte-mich-mehrere-tage-lang-als-wuerde-ich-sterben\/","name":"Elon Musk nach Corona-Booster: &quot;F\u00fchlte mich mehrere Tage lang, als w\u00fcrde ich sterben&quot; - just-now.NEWS Deutschland","isPartOf":{"@id":"https:\/\/now-news.de\/de\/#website"},"primaryImageOfPage":{"@id":"https:\/\/now-news.de\/de\/deutschland\/elon-musk-nach-corona-booster-fuehlte-mich-mehrere-tage-lang-als-wuerde-ich-sterben\/#primaryimage"},"image":{"@id":"https:\/\/now-news.de\/de\/deutschland\/elon-musk-nach-corona-booster-fuehlte-mich-mehrere-tage-lang-als-wuerde-ich-sterben\/#primaryimage"},"thumbnailUrl":"https:\/\/now-news.de\/de\/wp-content\/uploads\/sites\/3\/2023\/01\/Elon-Musk-nach-Corona-Booster-quotFuehlte-mich-mehrere-Tage-lang-als.jpg","datePublished":"2023-01-22T15:32:10+00:00","dateModified":"2023-01-22T15:32:10+00:00","breadcrumb":{"@id":"https:\/\/now-news.de\/de\/deutschland\/elon-musk-nach-corona-booster-fuehlte-mich-mehrere-tage-lang-als-wuerde-ich-sterben\/#breadcrumb"},"inLanguage":"de","potentialAction":[{"@type":"ReadAction","target":["https:\/\/now-news.de\/de\/deutschland\/elon-musk-nach-corona-booster-fuehlte-mich-mehrere-tage-lang-als-wuerde-ich-sterben\/"]}]},{"@type":"ImageObject","inLanguage":"de","@id":"https:\/\/now-news.de\/de\/deutschland\/elon-musk-nach-corona-booster-fuehlte-mich-mehrere-tage-lang-als-wuerde-ich-sterben\/#primaryimage","url":"https:\/\/now-news.de\/de\/wp-content\/uploads\/sites\/3\/2023\/01\/Elon-Musk-nach-Corona-Booster-quotFuehlte-mich-mehrere-Tage-lang-als.jpg","contentUrl":"https:\/\/now-news.de\/de\/wp-content\/uploads\/sites\/3\/2023\/01\/Elon-Musk-nach-Corona-Booster-quotFuehlte-mich-mehrere-Tage-lang-als.jpg","width":618,"height":391,"caption":"Elon Musk nach Corona-Booster: &quot;F\u00fchlte mich mehrere Tage lang, als w\u00fcrde ich sterben&quot;"},{"@type":"BreadcrumbList","@id":"https:\/\/now-news.de\/de\/deutschland\/elon-musk-nach-corona-booster-fuehlte-mich-mehrere-tage-lang-als-wuerde-ich-sterben\/#breadcrumb","itemListElement":[{"@type":"ListItem","position":1,"name":"Home","item":"https:\/\/now-news.de\/de\/"},{"@type":"ListItem","position":2,"name":"Elon Musk nach Corona-Booster: &quot;F\u00fchlte mich mehrere Tage lang, als w\u00fcrde ich sterben&quot;"}]},{"@type":"WebSite","@id":"https:\/\/now-news.de\/de\/#website","url":"https:\/\/now-news.de\/de\/","name":"just-now.NEWS Deutschland","description":"Das Portal f\u00fcr unzensierte Nachrichten aus der Welt","publisher":{"@id":"https:\/\/now-news.de\/de\/#organization"},"potentialAction":[{"@type":"SearchAction","target":{"@type":"EntryPoint","urlTemplate":"https:\/\/now-news.de\/de\/?s={search_term_string}"},"query-input":"required name=search_term_string"}],"inLanguage":"de"},{"@type":"Organization","@id":"https:\/\/now-news.de\/de\/#organization","name":"Just Now News","url":"https:\/\/now-news.de\/de\/","logo":{"@type":"ImageObject","inLanguage":"de","@id":"https:\/\/now-news.de\/de\/#\/schema\/logo\/image\/","url":"http:\/\/just-now.news\/de\/wp-content\/uploads\/sites\/3\/2022\/04\/logo500x500.jpg","contentUrl":"http:\/\/just-now.news\/de\/wp-content\/uploads\/sites\/3\/2022\/04\/logo500x500.jpg","width":500,"height":500,"caption":"Just Now News"},"image":{"@id":"https:\/\/now-news.de\/de\/#\/schema\/logo\/image\/"},"sameAs":["https:\/\/www.facebook.com\/wirmachenauf","https:\/\/x.com\/WirMachenAuf_de"]},{"@type":"Person","@id":"https:\/\/now-news.de\/de\/#\/schema\/person\/fb534a4e865501d8b3285208df34a9b5","name":"rtnews","image":{"@type":"ImageObject","inLanguage":"de","@id":"https:\/\/now-news.de\/de\/#\/schema\/person\/image\/","url":"https:\/\/secure.gravatar.com\/avatar\/82aafea7d8127119dd649515f56e2117?s=96&d=mm&r=g","contentUrl":"https:\/\/secure.gravatar.com\/avatar\/82aafea7d8127119dd649515f56e2117?s=96&d=mm&r=g","caption":"rtnews"},"url":"https:\/\/now-news.de\/de\/author\/rnews\/"}]}},"_links":{"self":[{"href":"https:\/\/now-news.de\/de\/wp-json\/wp\/v2\/posts\/28370"}],"collection":[{"href":"https:\/\/now-news.de\/de\/wp-json\/wp\/v2\/posts"}],"about":[{"href":"https:\/\/now-news.de\/de\/wp-json\/wp\/v2\/types\/post"}],"author":[{"embeddable":true,"href":"https:\/\/now-news.de\/de\/wp-json\/wp\/v2\/users\/3"}],"replies":[{"embeddable":true,"href":"https:\/\/now-news.de\/de\/wp-json\/wp\/v2\/comments?post=28370"}],"version-history":[{"count":0,"href":"https:\/\/now-news.de\/de\/wp-json\/wp\/v2\/posts\/28370\/revisions"}],"wp:featuredmedia":[{"embeddable":true,"href":"https:\/\/now-news.de\/de\/wp-json\/wp\/v2\/media\/28371"}],"wp:attachment":[{"href":"https:\/\/now-news.de\/de\/wp-json\/wp\/v2\/media?parent=28370"}],"wp:term":[{"taxonomy":"category","embeddable":true,"href":"https:\/\/now-news.de\/de\/wp-json\/wp\/v2\/categories?post=28370"},{"taxonomy":"post_tag","embeddable":true,"href":"https:\/\/now-news.de\/de\/wp-json\/wp\/v2\/tags?post=28370"}],"curies":[{"name":"wp","href":"https:\/\/api.w.org\/{rel}","templated":true}]}}