{"id":28368,"date":"2023-01-22T17:02:47","date_gmt":"2023-01-22T15:02:47","guid":{"rendered":"https:\/\/just-now.news\/de\/deutschland\/morawiecki-deutschlands-haltung-zu-leopard-2-lieferung-inakzeptabel\/"},"modified":"2023-01-22T17:02:47","modified_gmt":"2023-01-22T15:02:47","slug":"morawiecki-deutschlands-haltung-zu-leopard-2-lieferung-inakzeptabel","status":"publish","type":"post","link":"https:\/\/now-news.de\/de\/deutschland\/morawiecki-deutschlands-haltung-zu-leopard-2-lieferung-inakzeptabel\/","title":{"rendered":"Morawiecki: Deutschlands Haltung zu Leopard-2-Lieferung &quot;inakzeptabel&quot;"},"content":{"rendered":"<p><img decoding=\"async\" src=\"http:\/\/just-now.news\/de\/wp-content\/uploads\/sites\/3\/2023\/01\/63cd471cb480cc4b674a4d88.jpg\" \/><\/p>\n<div class=\"Text-root Text-type_1 \">\n                Au\u00dfergew\u00f6hnlich drastisch hat Polen die als &#8220;z\u00f6gerlich&#8221; beschriebene Haltung der Bundesrepublik Deutschland zur Lieferung deutscher Kampfpanzer an die Ukraine kritisiert. Der polnische Regierungschef nannte die deutsche Position &#8220;inakzeptabel&#8221;.\n            <\/div>\n<p><\/p>\n<div class=\"Text-root Text-type_5 ArticleView-text ViewText-root \">\n<p>Die Kritik an der ausweichenden Haltung der Bundesregierung in der Frage der Lieferung deutscher Kampfpanzer wird schriller. Der polnische Ministerpr\u00e4sident Mateusz Morawiecki nannte die Haltung der Bundesrepublik Deutschland in dieser Frage &#8220;inakzeptabel&#8221;.<\/p>\n<p>In einem Interview mit der polnischen Nachrichtenagentur <em>PAP<\/em> erkl\u00e4rte Morawiecki, Polen werde &#8220;eine kleine Koalition&#8221; von L\u00e4ndern auf die Beine stellen, falls die Bundesregierung ihre Haltung nicht \u00e4ndere, den Kampfpanzer Leopard 2 nicht an die Ukraine zu liefern.\u00a0 Die Koalition werde die Ukraine mit &#8220;moderner Ausr\u00fcstung&#8221; und &#8220;modernen Panzern&#8221; aus eigenen Best\u00e4nden versorgen.<\/p>\n<p>Durch den russischen &#8220;Angriffskrieg&#8221;, so\u00a0Morawiecki, &#8220;sterben jeden Tag unschuldige Menschen&#8221;. &#8220;Die russischen Bomben richten Verw\u00fcstungen in den ukrainischen St\u00e4dten an. Zivile Objekte werden angegriffen, Frauen und Kinder werden get\u00f6tet.&#8221;<\/p>\n<p>Polen hatte vor dem Treffen der &#8220;Ukraine-Kontaktgruppe&#8221; auf der US-Basis im rheinland-pf\u00e4lzischen Ramstein erkl\u00e4rt, dass es &#8220;Leopard&#8221;-Panzer aus eigenen Best\u00e4nden an\u00a0Kiew abgeben wolle. Da die Panzer jedoch aus deutscher Produktion stammen, m\u00fcsste die Bundesregierung daf\u00fcr ihre Zustimmung erteilen.<\/p>\n<div class=\"EmbedBlock-root EmbedBlock-twitter\">\n<div class=\"TwitterEmbed\">\n<blockquote class=\"twitter-tweet lazyload\" data-twitter=\"twitter-tweet\">\n<p lang=\"und\" dir=\"ltr\">\ud83e\udd26\u200d\u2642\ufe0f\ud83e\udd26\u200d\u2642\ufe0f\ud83e\udd26\u200d\u2642\ufe0f\ud83e\udd26\u200d\u2642\ufe0f\ud83e\udd26\u200d\u2642\ufe0f\ud83e\udd26\u200d\u2642\ufe0f\ud83e\udd26\u200d\u2642\ufe0f\ud83e\udd26\u200d\u2642\ufe0f\ud83e\udd26\u200d\u2642\ufe0f\ud83e\udd26\u200d\u2642\ufe0f\ud83e\udd26\u200d\u2642\ufe0f <a rel=\"nofollow noopener\" target=\"_blank\" href=\"https:\/\/t.co\/V84EDjiamv\">pic.twitter.com\/V84EDjiamv<\/a><\/p>\n<p>\u2014 Andrij Melnyk (@MelnykAndrij) <a rel=\"nofollow noopener\" target=\"_blank\" href=\"https:\/\/twitter.com\/MelnykAndrij\/status\/1617142850738704384?ref_src=twsrc%5Etfw\">January 22, 2023<\/a><\/p><\/blockquote>\n<\/div>\n<\/div>\n<p>Auch\u00a0die polnische Presse beschrieb die Haltung der Bundesregierung als Wegducken, wie aus dem vom fr\u00fcheren Botschafter in Berlin und heutigen Vize-Au\u00dfenminister Kiews, Andrei Melnyk,\u00a0verbreiteten Titel der Zeitschrift <em>Wprost<\/em> hervorgeht.<\/p>\n<div class=\"EmbedBlock-root EmbedBlock-twitter\">\n<div class=\"TwitterEmbed\">\n<blockquote class=\"twitter-tweet lazyload\" data-twitter=\"twitter-tweet\">\n<p lang=\"en\" dir=\"ltr\">We, \ud83c\uddf1\ud83c\uddf9 \ud83c\uddf1\ud83c\uddfb\ud83c\uddea\ud83c\uddea Foreign Ministers, call on Germany to provide Leopard tanks to Ukraine now. This is needed to stop Russian aggression, help Ukraine and restore peace in Europe quickly. Germany as the leading European power has special responsibility in this regard.<\/p>\n<p>\u2014 Gabrielius Landsbergis\ud83c\uddf1\ud83c\uddf9 (@GLandsbergis) <a rel=\"nofollow noopener\" target=\"_blank\" href=\"https:\/\/twitter.com\/GLandsbergis\/status\/1616699923994660865?ref_src=twsrc%5Etfw\">January 21, 2023<\/a><\/p><\/blockquote>\n<\/div>\n<\/div>\n<p>Zu Wort meldete sich auch der litauische Au\u00dfenminister\u00a0Gabrielius Landsbergis. Auf Twitter schrieb er:<\/p>\n<p>&#8220;Wir, die Au\u00dfenminister Litauens, Lettlands und Estlands fordern Deutschland auf, der Ukraine jetzt Leopard-Panzer zur Verf\u00fcgung zu stellen. Dies ist notwendig, um die russische Aggression zu stoppen, der Ukraine zu helfen und den Frieden in Europa schnell wiederherzustellen. Deutschland als f\u00fchrende europ\u00e4ische Macht tr\u00e4gt dabei eine besondere Verantwortung.&#8221;<\/p>\n<div class=\"EmbedBlock-root EmbedBlock-twitter\">\n<div class=\"TwitterEmbed\">\n<blockquote class=\"twitter-tweet lazyload\" data-twitter=\"twitter-tweet\">\n<p lang=\"en\" dir=\"ltr\">The problem is that Olaf Scholz doesn\u2019t only refuse to provide Ukraine with battle tanks. He refuses to allow other countries to send Leopard tanks to Ukraine. Germany must <a rel=\"nofollow noopener\" target=\"_blank\" href=\"https:\/\/twitter.com\/hashtag\/FreeTheLeopards?src=hash&amp;ref_src=twsrc%5Etfw\">#FreeTheLeopards<\/a> Photo Alina And <a rel=\"nofollow noopener\" target=\"_blank\" href=\"https:\/\/t.co\/6bzWfayV15\">pic.twitter.com\/6bzWfayV15<\/a><\/p>\n<p>\u2014 Oleksandra Matviichuk (@avalaina) <a rel=\"nofollow noopener\" target=\"_blank\" href=\"https:\/\/twitter.com\/avalaina\/status\/1616868620218568704?ref_src=twsrc%5Etfw\">January 21, 2023<\/a><\/p><\/blockquote>\n<\/div>\n<\/div>\n<p>Zu Wort meldete sich auch wenig \u00fcberraschend die Friedensnobelpreistr\u00e4gerin und Leiterin des Center for Civil Liberties, Alexandra Matwijtschuk. Sie sprach von einer &#8220;besonderen Verantwortung&#8221; Deutschlands und verwies auf den Bau der Pipeline Nord Stream 2.<\/p>\n<p>Zu den Hintergr\u00fcnden des Geschehens erkl\u00e4rte der fr\u00fchere Generalinspekteur der Bundeswehr und Vorsitzende des\u00a0NATO-Milit\u00e4rausschusses Harald Kujat in\u00a0<a rel=\"nofollow noopener\" target=\"_blank\" href=\"https:\/\/zeitgeschehen-im-fokus.ch\/de\/newspaper-ausgabe\/nr-1-vom-18-januar-2023.html\">einem Interview<\/a>\u00a0mit dem Schweizer Medium\u00a0<em>Zeitgeschehen im Fokus<\/em>, dass es einigen &#8220;Verb\u00fcndeten&#8221; der Bundesrepublik in der Debatte um die Lieferung von Kampfpanzern auch darum gehe, Deutschland zu exponieren. W\u00f6rtlich sagte der General:<\/p>\n<blockquote>\n<p><em>&#8220;In der deutschen Diskussion werden diese Zusammenh\u00e4nge nicht verstanden oder ignoriert. Dabei spielt auch die Art und Weise eine Rolle, wie einige Verb\u00fcndete versuchen, die Bundesregierung \u00f6ffentlich nun auch zur Lieferung von Leopard\u20092-Kampfpanzern zu dr\u00e4ngen. Das hat es in der NATO bisher nicht gegeben. Es zeigt, wie sehr Deutschlands Ansehen im B\u00fcndnis durch die Schw\u00e4chung der Bundeswehr gelitten hat und mit welchem Engagement einige Verb\u00fcndete das Ziel verfolgen, Deutschland gegen\u00fcber Russland besonders zu exponieren.&#8221;<\/em><\/p>\n<\/blockquote>\n<p><strong>Mehr zum Thema<\/strong> &#8211; <a rel=\"nofollow noopener\" target=\"_blank\" href=\"https:\/\/test.rtde.tech\/inland\/160562-strack-zimmermann-nach-ramstein-beschluss\/\">Strack-Zimmermann nach Ramstein-Beschluss sauer: &#8220;Deutschland hat leider gerade versagt&#8221;<\/a><\/p>\n<\/div>\n<p><script async src=\"https:\/\/platform.twitter.com\/widgets.js\" charset=\"utf-8\"><\/script><br \/>\n<br \/><br \/>\n<br \/><a href=\"https:\/\/de.rt.com\/europa\/160651-morawiecki-deutschlands-haltung-zu-leopard\/\">Source link <\/a><\/p>\n","protected":false},"excerpt":{"rendered":"<p>Au\u00dfergew\u00f6hnlich drastisch hat Polen die als &#8220;z\u00f6gerlich&#8221; beschriebene Haltung der Bundesrepublik Deutschland zur Lieferung deutscher Kampfpanzer an die Ukraine kritisiert. Der polnische Regierungschef nannte die deutsche Position &#8220;inakzeptabel&#8221;. Die Kritik an der ausweichenden Haltung der Bundesregierung in der Frage der Lieferung deutscher Kampfpanzer wird schriller. Der polnische Ministerpr\u00e4sident Mateusz Morawiecki nannte die Haltung der Bundesrepublik [&hellip;]<\/p>\n","protected":false},"author":3,"featured_media":28369,"comment_status":"open","ping_status":"open","sticky":false,"template":"","format":"standard","meta":{"_yoast_indexnow_last_ping":["1674400605"],"wp_automatic_camp":["217"],"60e53c7b7bddb3d4efadfac745a9d9c9":["Morawiecki: Deutschlands Haltung zu Leopard-2-Lieferung &quot;inakzeptabel&quot;"],"original_link":["https:\/\/de.rt.com\/europa\/160651-morawiecki-deutschlands-haltung-zu-leopard\/"],"_thumbnail_id":["28369"],"_wptgpro_p2tg_sent2tg":["a:1:{i:23737;s:19:\"2023-01-22 17:17:53\";}"],"jnews_social_counter_last_update":["1777177510"]},"categories":[19,23],"tags":[4480,11704,39466,13517,31503],"yoast_head":"<!-- This site is optimized with the Yoast SEO Premium plugin v22.7 (Yoast SEO v22.7) - https:\/\/yoast.com\/wordpress\/plugins\/seo\/ -->\n<title>Morawiecki: Deutschlands Haltung zu Leopard-2-Lieferung &quot;inakzeptabel&quot; - just-now.NEWS Deutschland<\/title>\n<meta name=\"robots\" content=\"index, follow, max-snippet:-1, max-image-preview:large, max-video-preview:-1\" \/>\n<link rel=\"canonical\" href=\"https:\/\/now-news.de\/de\/deutschland\/morawiecki-deutschlands-haltung-zu-leopard-2-lieferung-inakzeptabel\/\" \/>\n<meta property=\"og:locale\" content=\"de_DE\" \/>\n<meta property=\"og:type\" content=\"article\" \/>\n<meta property=\"og:title\" content=\"Morawiecki: Deutschlands Haltung zu Leopard-2-Lieferung &quot;inakzeptabel&quot;\" \/>\n<meta property=\"og:description\" content=\"Au\u00dfergew\u00f6hnlich drastisch hat Polen die als &#8220;z\u00f6gerlich&#8221; beschriebene Haltung der Bundesrepublik Deutschland zur Lieferung deutscher Kampfpanzer an die Ukraine kritisiert. Der polnische Regierungschef nannte die deutsche Position &#8220;inakzeptabel&#8221;. Die Kritik an der ausweichenden Haltung der Bundesregierung in der Frage der Lieferung deutscher Kampfpanzer wird schriller. Der polnische Ministerpr\u00e4sident Mateusz Morawiecki nannte die Haltung der Bundesrepublik [&hellip;]\" \/>\n<meta property=\"og:url\" content=\"https:\/\/now-news.de\/de\/deutschland\/morawiecki-deutschlands-haltung-zu-leopard-2-lieferung-inakzeptabel\/\" \/>\n<meta property=\"og:site_name\" content=\"just-now.NEWS Deutschland\" \/>\n<meta property=\"article:publisher\" content=\"https:\/\/www.facebook.com\/wirmachenauf\" \/>\n<meta property=\"article:published_time\" content=\"2023-01-22T15:02:47+00:00\" \/>\n<meta property=\"og:image\" content=\"https:\/\/now-news.de\/de\/wp-content\/uploads\/sites\/3\/2023\/01\/Morawiecki-Deutschlands-Haltung-zu-Leopard-2-Lieferung-quotinakzeptabelquot.jpg\" \/>\n\t<meta property=\"og:image:width\" content=\"460\" \/>\n\t<meta property=\"og:image:height\" content=\"259\" \/>\n\t<meta property=\"og:image:type\" content=\"image\/jpeg\" \/>\n<meta name=\"author\" content=\"rtnews\" \/>\n<meta name=\"twitter:card\" content=\"summary_large_image\" \/>\n<meta name=\"twitter:creator\" content=\"@WirMachenAuf_de\" \/>\n<meta name=\"twitter:site\" content=\"@WirMachenAuf_de\" \/>\n<meta name=\"twitter:label1\" content=\"Verfasst von\" \/>\n\t<meta name=\"twitter:data1\" content=\"rtnews\" \/>\n\t<meta name=\"twitter:label2\" content=\"Gesch\u00e4tzte Lesezeit\" \/>\n\t<meta name=\"twitter:data2\" content=\"3\u00a0Minuten\" \/>\n<script type=\"application\/ld+json\" class=\"yoast-schema-graph\">{\"@context\":\"https:\/\/schema.org\",\"@graph\":[{\"@type\":\"Article\",\"@id\":\"https:\/\/now-news.de\/de\/deutschland\/morawiecki-deutschlands-haltung-zu-leopard-2-lieferung-inakzeptabel\/#article\",\"isPartOf\":{\"@id\":\"https:\/\/now-news.de\/de\/deutschland\/morawiecki-deutschlands-haltung-zu-leopard-2-lieferung-inakzeptabel\/\"},\"author\":{\"name\":\"rtnews\",\"@id\":\"https:\/\/now-news.de\/de\/#\/schema\/person\/fb534a4e865501d8b3285208df34a9b5\"},\"headline\":\"Morawiecki: Deutschlands Haltung zu Leopard-2-Lieferung &quot;inakzeptabel&quot;\",\"datePublished\":\"2023-01-22T15:02:47+00:00\",\"dateModified\":\"2023-01-22T15:02:47+00:00\",\"mainEntityOfPage\":{\"@id\":\"https:\/\/now-news.de\/de\/deutschland\/morawiecki-deutschlands-haltung-zu-leopard-2-lieferung-inakzeptabel\/\"},\"wordCount\":593,\"commentCount\":0,\"publisher\":{\"@id\":\"https:\/\/now-news.de\/de\/#organization\"},\"image\":{\"@id\":\"https:\/\/now-news.de\/de\/deutschland\/morawiecki-deutschlands-haltung-zu-leopard-2-lieferung-inakzeptabel\/#primaryimage\"},\"thumbnailUrl\":\"https:\/\/now-news.de\/de\/wp-content\/uploads\/sites\/3\/2023\/01\/Morawiecki-Deutschlands-Haltung-zu-Leopard-2-Lieferung-quotinakzeptabelquot.jpg\",\"keywords\":[\"Deutschlands\",\"Haltung\",\"Leopard2Lieferung\",\"Morawiecki\",\"quotinakzeptabelquot\"],\"articleSection\":[\"Deutschland\",\"Russland\"],\"inLanguage\":\"de\",\"potentialAction\":[{\"@type\":\"CommentAction\",\"name\":\"Comment\",\"target\":[\"https:\/\/now-news.de\/de\/deutschland\/morawiecki-deutschlands-haltung-zu-leopard-2-lieferung-inakzeptabel\/#respond\"]}]},{\"@type\":\"WebPage\",\"@id\":\"https:\/\/now-news.de\/de\/deutschland\/morawiecki-deutschlands-haltung-zu-leopard-2-lieferung-inakzeptabel\/\",\"url\":\"https:\/\/now-news.de\/de\/deutschland\/morawiecki-deutschlands-haltung-zu-leopard-2-lieferung-inakzeptabel\/\",\"name\":\"Morawiecki: Deutschlands Haltung zu Leopard-2-Lieferung &quot;inakzeptabel&quot; - just-now.NEWS Deutschland\",\"isPartOf\":{\"@id\":\"https:\/\/now-news.de\/de\/#website\"},\"primaryImageOfPage\":{\"@id\":\"https:\/\/now-news.de\/de\/deutschland\/morawiecki-deutschlands-haltung-zu-leopard-2-lieferung-inakzeptabel\/#primaryimage\"},\"image\":{\"@id\":\"https:\/\/now-news.de\/de\/deutschland\/morawiecki-deutschlands-haltung-zu-leopard-2-lieferung-inakzeptabel\/#primaryimage\"},\"thumbnailUrl\":\"https:\/\/now-news.de\/de\/wp-content\/uploads\/sites\/3\/2023\/01\/Morawiecki-Deutschlands-Haltung-zu-Leopard-2-Lieferung-quotinakzeptabelquot.jpg\",\"datePublished\":\"2023-01-22T15:02:47+00:00\",\"dateModified\":\"2023-01-22T15:02:47+00:00\",\"breadcrumb\":{\"@id\":\"https:\/\/now-news.de\/de\/deutschland\/morawiecki-deutschlands-haltung-zu-leopard-2-lieferung-inakzeptabel\/#breadcrumb\"},\"inLanguage\":\"de\",\"potentialAction\":[{\"@type\":\"ReadAction\",\"target\":[\"https:\/\/now-news.de\/de\/deutschland\/morawiecki-deutschlands-haltung-zu-leopard-2-lieferung-inakzeptabel\/\"]}]},{\"@type\":\"ImageObject\",\"inLanguage\":\"de\",\"@id\":\"https:\/\/now-news.de\/de\/deutschland\/morawiecki-deutschlands-haltung-zu-leopard-2-lieferung-inakzeptabel\/#primaryimage\",\"url\":\"https:\/\/now-news.de\/de\/wp-content\/uploads\/sites\/3\/2023\/01\/Morawiecki-Deutschlands-Haltung-zu-Leopard-2-Lieferung-quotinakzeptabelquot.jpg\",\"contentUrl\":\"https:\/\/now-news.de\/de\/wp-content\/uploads\/sites\/3\/2023\/01\/Morawiecki-Deutschlands-Haltung-zu-Leopard-2-Lieferung-quotinakzeptabelquot.jpg\",\"width\":460,\"height\":259,\"caption\":\"Morawiecki: Deutschlands Haltung zu Leopard-2-Lieferung &quot;inakzeptabel&quot;\"},{\"@type\":\"BreadcrumbList\",\"@id\":\"https:\/\/now-news.de\/de\/deutschland\/morawiecki-deutschlands-haltung-zu-leopard-2-lieferung-inakzeptabel\/#breadcrumb\",\"itemListElement\":[{\"@type\":\"ListItem\",\"position\":1,\"name\":\"Home\",\"item\":\"https:\/\/now-news.de\/de\/\"},{\"@type\":\"ListItem\",\"position\":2,\"name\":\"Morawiecki: Deutschlands Haltung zu Leopard-2-Lieferung &quot;inakzeptabel&quot;\"}]},{\"@type\":\"WebSite\",\"@id\":\"https:\/\/now-news.de\/de\/#website\",\"url\":\"https:\/\/now-news.de\/de\/\",\"name\":\"just-now.NEWS Deutschland\",\"description\":\"Das Portal f\u00fcr unzensierte Nachrichten aus der Welt\",\"publisher\":{\"@id\":\"https:\/\/now-news.de\/de\/#organization\"},\"potentialAction\":[{\"@type\":\"SearchAction\",\"target\":{\"@type\":\"EntryPoint\",\"urlTemplate\":\"https:\/\/now-news.de\/de\/?s={search_term_string}\"},\"query-input\":\"required name=search_term_string\"}],\"inLanguage\":\"de\"},{\"@type\":\"Organization\",\"@id\":\"https:\/\/now-news.de\/de\/#organization\",\"name\":\"Just Now News\",\"url\":\"https:\/\/now-news.de\/de\/\",\"logo\":{\"@type\":\"ImageObject\",\"inLanguage\":\"de\",\"@id\":\"https:\/\/now-news.de\/de\/#\/schema\/logo\/image\/\",\"url\":\"http:\/\/just-now.news\/de\/wp-content\/uploads\/sites\/3\/2022\/04\/logo500x500.jpg\",\"contentUrl\":\"http:\/\/just-now.news\/de\/wp-content\/uploads\/sites\/3\/2022\/04\/logo500x500.jpg\",\"width\":500,\"height\":500,\"caption\":\"Just Now News\"},\"image\":{\"@id\":\"https:\/\/now-news.de\/de\/#\/schema\/logo\/image\/\"},\"sameAs\":[\"https:\/\/www.facebook.com\/wirmachenauf\",\"https:\/\/x.com\/WirMachenAuf_de\"]},{\"@type\":\"Person\",\"@id\":\"https:\/\/now-news.de\/de\/#\/schema\/person\/fb534a4e865501d8b3285208df34a9b5\",\"name\":\"rtnews\",\"image\":{\"@type\":\"ImageObject\",\"inLanguage\":\"de\",\"@id\":\"https:\/\/now-news.de\/de\/#\/schema\/person\/image\/\",\"url\":\"https:\/\/secure.gravatar.com\/avatar\/82aafea7d8127119dd649515f56e2117?s=96&d=mm&r=g\",\"contentUrl\":\"https:\/\/secure.gravatar.com\/avatar\/82aafea7d8127119dd649515f56e2117?s=96&d=mm&r=g\",\"caption\":\"rtnews\"},\"url\":\"https:\/\/now-news.de\/de\/author\/rnews\/\"}]}<\/script>\n<!-- \/ Yoast SEO Premium plugin. -->","yoast_head_json":{"title":"Morawiecki: Deutschlands Haltung zu Leopard-2-Lieferung &quot;inakzeptabel&quot; - just-now.NEWS Deutschland","robots":{"index":"index","follow":"follow","max-snippet":"max-snippet:-1","max-image-preview":"max-image-preview:large","max-video-preview":"max-video-preview:-1"},"canonical":"https:\/\/now-news.de\/de\/deutschland\/morawiecki-deutschlands-haltung-zu-leopard-2-lieferung-inakzeptabel\/","og_locale":"de_DE","og_type":"article","og_title":"Morawiecki: Deutschlands Haltung zu Leopard-2-Lieferung &quot;inakzeptabel&quot;","og_description":"Au\u00dfergew\u00f6hnlich drastisch hat Polen die als &#8220;z\u00f6gerlich&#8221; beschriebene Haltung der Bundesrepublik Deutschland zur Lieferung deutscher Kampfpanzer an die Ukraine kritisiert. Der polnische Regierungschef nannte die deutsche Position &#8220;inakzeptabel&#8221;. Die Kritik an der ausweichenden Haltung der Bundesregierung in der Frage der Lieferung deutscher Kampfpanzer wird schriller. Der polnische Ministerpr\u00e4sident Mateusz Morawiecki nannte die Haltung der Bundesrepublik [&hellip;]","og_url":"https:\/\/now-news.de\/de\/deutschland\/morawiecki-deutschlands-haltung-zu-leopard-2-lieferung-inakzeptabel\/","og_site_name":"just-now.NEWS Deutschland","article_publisher":"https:\/\/www.facebook.com\/wirmachenauf","article_published_time":"2023-01-22T15:02:47+00:00","og_image":[{"width":460,"height":259,"url":"https:\/\/now-news.de\/de\/wp-content\/uploads\/sites\/3\/2023\/01\/Morawiecki-Deutschlands-Haltung-zu-Leopard-2-Lieferung-quotinakzeptabelquot.jpg","type":"image\/jpeg"}],"author":"rtnews","twitter_card":"summary_large_image","twitter_creator":"@WirMachenAuf_de","twitter_site":"@WirMachenAuf_de","twitter_misc":{"Verfasst von":"rtnews","Gesch\u00e4tzte Lesezeit":"3\u00a0Minuten"},"schema":{"@context":"https:\/\/schema.org","@graph":[{"@type":"Article","@id":"https:\/\/now-news.de\/de\/deutschland\/morawiecki-deutschlands-haltung-zu-leopard-2-lieferung-inakzeptabel\/#article","isPartOf":{"@id":"https:\/\/now-news.de\/de\/deutschland\/morawiecki-deutschlands-haltung-zu-leopard-2-lieferung-inakzeptabel\/"},"author":{"name":"rtnews","@id":"https:\/\/now-news.de\/de\/#\/schema\/person\/fb534a4e865501d8b3285208df34a9b5"},"headline":"Morawiecki: Deutschlands Haltung zu Leopard-2-Lieferung &quot;inakzeptabel&quot;","datePublished":"2023-01-22T15:02:47+00:00","dateModified":"2023-01-22T15:02:47+00:00","mainEntityOfPage":{"@id":"https:\/\/now-news.de\/de\/deutschland\/morawiecki-deutschlands-haltung-zu-leopard-2-lieferung-inakzeptabel\/"},"wordCount":593,"commentCount":0,"publisher":{"@id":"https:\/\/now-news.de\/de\/#organization"},"image":{"@id":"https:\/\/now-news.de\/de\/deutschland\/morawiecki-deutschlands-haltung-zu-leopard-2-lieferung-inakzeptabel\/#primaryimage"},"thumbnailUrl":"https:\/\/now-news.de\/de\/wp-content\/uploads\/sites\/3\/2023\/01\/Morawiecki-Deutschlands-Haltung-zu-Leopard-2-Lieferung-quotinakzeptabelquot.jpg","keywords":["Deutschlands","Haltung","Leopard2Lieferung","Morawiecki","quotinakzeptabelquot"],"articleSection":["Deutschland","Russland"],"inLanguage":"de","potentialAction":[{"@type":"CommentAction","name":"Comment","target":["https:\/\/now-news.de\/de\/deutschland\/morawiecki-deutschlands-haltung-zu-leopard-2-lieferung-inakzeptabel\/#respond"]}]},{"@type":"WebPage","@id":"https:\/\/now-news.de\/de\/deutschland\/morawiecki-deutschlands-haltung-zu-leopard-2-lieferung-inakzeptabel\/","url":"https:\/\/now-news.de\/de\/deutschland\/morawiecki-deutschlands-haltung-zu-leopard-2-lieferung-inakzeptabel\/","name":"Morawiecki: Deutschlands Haltung zu Leopard-2-Lieferung &quot;inakzeptabel&quot; - just-now.NEWS Deutschland","isPartOf":{"@id":"https:\/\/now-news.de\/de\/#website"},"primaryImageOfPage":{"@id":"https:\/\/now-news.de\/de\/deutschland\/morawiecki-deutschlands-haltung-zu-leopard-2-lieferung-inakzeptabel\/#primaryimage"},"image":{"@id":"https:\/\/now-news.de\/de\/deutschland\/morawiecki-deutschlands-haltung-zu-leopard-2-lieferung-inakzeptabel\/#primaryimage"},"thumbnailUrl":"https:\/\/now-news.de\/de\/wp-content\/uploads\/sites\/3\/2023\/01\/Morawiecki-Deutschlands-Haltung-zu-Leopard-2-Lieferung-quotinakzeptabelquot.jpg","datePublished":"2023-01-22T15:02:47+00:00","dateModified":"2023-01-22T15:02:47+00:00","breadcrumb":{"@id":"https:\/\/now-news.de\/de\/deutschland\/morawiecki-deutschlands-haltung-zu-leopard-2-lieferung-inakzeptabel\/#breadcrumb"},"inLanguage":"de","potentialAction":[{"@type":"ReadAction","target":["https:\/\/now-news.de\/de\/deutschland\/morawiecki-deutschlands-haltung-zu-leopard-2-lieferung-inakzeptabel\/"]}]},{"@type":"ImageObject","inLanguage":"de","@id":"https:\/\/now-news.de\/de\/deutschland\/morawiecki-deutschlands-haltung-zu-leopard-2-lieferung-inakzeptabel\/#primaryimage","url":"https:\/\/now-news.de\/de\/wp-content\/uploads\/sites\/3\/2023\/01\/Morawiecki-Deutschlands-Haltung-zu-Leopard-2-Lieferung-quotinakzeptabelquot.jpg","contentUrl":"https:\/\/now-news.de\/de\/wp-content\/uploads\/sites\/3\/2023\/01\/Morawiecki-Deutschlands-Haltung-zu-Leopard-2-Lieferung-quotinakzeptabelquot.jpg","width":460,"height":259,"caption":"Morawiecki: Deutschlands Haltung zu Leopard-2-Lieferung &quot;inakzeptabel&quot;"},{"@type":"BreadcrumbList","@id":"https:\/\/now-news.de\/de\/deutschland\/morawiecki-deutschlands-haltung-zu-leopard-2-lieferung-inakzeptabel\/#breadcrumb","itemListElement":[{"@type":"ListItem","position":1,"name":"Home","item":"https:\/\/now-news.de\/de\/"},{"@type":"ListItem","position":2,"name":"Morawiecki: Deutschlands Haltung zu Leopard-2-Lieferung &quot;inakzeptabel&quot;"}]},{"@type":"WebSite","@id":"https:\/\/now-news.de\/de\/#website","url":"https:\/\/now-news.de\/de\/","name":"just-now.NEWS Deutschland","description":"Das Portal f\u00fcr unzensierte Nachrichten aus der Welt","publisher":{"@id":"https:\/\/now-news.de\/de\/#organization"},"potentialAction":[{"@type":"SearchAction","target":{"@type":"EntryPoint","urlTemplate":"https:\/\/now-news.de\/de\/?s={search_term_string}"},"query-input":"required name=search_term_string"}],"inLanguage":"de"},{"@type":"Organization","@id":"https:\/\/now-news.de\/de\/#organization","name":"Just Now News","url":"https:\/\/now-news.de\/de\/","logo":{"@type":"ImageObject","inLanguage":"de","@id":"https:\/\/now-news.de\/de\/#\/schema\/logo\/image\/","url":"http:\/\/just-now.news\/de\/wp-content\/uploads\/sites\/3\/2022\/04\/logo500x500.jpg","contentUrl":"http:\/\/just-now.news\/de\/wp-content\/uploads\/sites\/3\/2022\/04\/logo500x500.jpg","width":500,"height":500,"caption":"Just Now News"},"image":{"@id":"https:\/\/now-news.de\/de\/#\/schema\/logo\/image\/"},"sameAs":["https:\/\/www.facebook.com\/wirmachenauf","https:\/\/x.com\/WirMachenAuf_de"]},{"@type":"Person","@id":"https:\/\/now-news.de\/de\/#\/schema\/person\/fb534a4e865501d8b3285208df34a9b5","name":"rtnews","image":{"@type":"ImageObject","inLanguage":"de","@id":"https:\/\/now-news.de\/de\/#\/schema\/person\/image\/","url":"https:\/\/secure.gravatar.com\/avatar\/82aafea7d8127119dd649515f56e2117?s=96&d=mm&r=g","contentUrl":"https:\/\/secure.gravatar.com\/avatar\/82aafea7d8127119dd649515f56e2117?s=96&d=mm&r=g","caption":"rtnews"},"url":"https:\/\/now-news.de\/de\/author\/rnews\/"}]}},"_links":{"self":[{"href":"https:\/\/now-news.de\/de\/wp-json\/wp\/v2\/posts\/28368"}],"collection":[{"href":"https:\/\/now-news.de\/de\/wp-json\/wp\/v2\/posts"}],"about":[{"href":"https:\/\/now-news.de\/de\/wp-json\/wp\/v2\/types\/post"}],"author":[{"embeddable":true,"href":"https:\/\/now-news.de\/de\/wp-json\/wp\/v2\/users\/3"}],"replies":[{"embeddable":true,"href":"https:\/\/now-news.de\/de\/wp-json\/wp\/v2\/comments?post=28368"}],"version-history":[{"count":0,"href":"https:\/\/now-news.de\/de\/wp-json\/wp\/v2\/posts\/28368\/revisions"}],"wp:featuredmedia":[{"embeddable":true,"href":"https:\/\/now-news.de\/de\/wp-json\/wp\/v2\/media\/28369"}],"wp:attachment":[{"href":"https:\/\/now-news.de\/de\/wp-json\/wp\/v2\/media?parent=28368"}],"wp:term":[{"taxonomy":"category","embeddable":true,"href":"https:\/\/now-news.de\/de\/wp-json\/wp\/v2\/categories?post=28368"},{"taxonomy":"post_tag","embeddable":true,"href":"https:\/\/now-news.de\/de\/wp-json\/wp\/v2\/tags?post=28368"}],"curies":[{"name":"wp","href":"https:\/\/api.w.org\/{rel}","templated":true}]}}