{"id":28350,"date":"2023-01-22T12:12:33","date_gmt":"2023-01-22T10:12:33","guid":{"rendered":"https:\/\/just-now.news\/de\/deutschland\/mehr-als-60-tote-bei-protesten-in-peru-inka-stadt-machu-picchu-fuer-touristen-geschlossen\/"},"modified":"2023-01-22T12:12:33","modified_gmt":"2023-01-22T10:12:33","slug":"mehr-als-60-tote-bei-protesten-in-peru-inka-stadt-machu-picchu-fuer-touristen-geschlossen","status":"publish","type":"post","link":"https:\/\/now-news.de\/de\/deutschland\/mehr-als-60-tote-bei-protesten-in-peru-inka-stadt-machu-picchu-fuer-touristen-geschlossen\/","title":{"rendered":"Mehr als 60 Tote bei Protesten in Peru: Inka-Stadt Machu Picchu f\u00fcr Touristen geschlossen"},"content":{"rendered":"<p><img decoding=\"async\" src=\"http:\/\/just-now.news\/de\/wp-content\/uploads\/sites\/3\/2023\/01\/63ccf66cb480cc4abe0d43f7.jpg\" \/><\/p>\n<div class=\"Text-root Text-type_1 \">\n                Die politische Krise in Peru ger\u00e4t immer mehr au\u00dfer Kontrolle. Nach der Verhaftung von Ex-Pr\u00e4sident Pedro Castillo kommt es im Andenland fast jeden Tag zu blutigen Zusammenst\u00f6\u00dfen zwischen Demonstranten und Polizeikr\u00e4ften. Medien berichten inzwischen von mehr als 60 Toten.\n            <\/div>\n<p><\/p>\n<div class=\"Text-root Text-type_5 ArticleView-text ViewText-root \">\n<p>Die massenhaften Proteste gegen die \u00dcbergangsregierung in Lima rei\u00dfen nicht ab. Auch an diesem Samstag waren die Stra\u00dfen der peruanischen Hauptstadt voll mit Demonstranten, die den R\u00fccktritt der Interimspr\u00e4sidentin Dina Boluarte, die Aufl\u00f6sung des Kongresses und die Freilassung des inhaftierten Ex-Pr\u00e4sidenten Pedro Castillo forderten. Protestiert wurde auch gegen die Polizeigewalt.<\/p>\n<p>Am Samstag drang die Polizei in eine Universit\u00e4t in Lima ein. Dabei wurden mehr als 200 Personen festgenommen. Sie wurden beschuldigt, sich illegal auf dem Campus der Universidad Nacional Mayor de San Marcos aufzuhalten. Der Campus einer der wichtigsten und \u00e4ltesten Universit\u00e4ten der Amerikas war seit dem 18. Januar besetzt, nachdem Studierende beschlossen hatten, dort mehrere Demonstranten aus\u00a0anderen Regionen des Landes\u00a0zu beherbergen.<\/p>\n<div class=\"EmbedBlock-root EmbedBlock-twitter\">\n<div class=\"TwitterEmbed\">\n<blockquote class=\"twitter-tweet lazyload\" data-twitter=\"twitter-tweet\">\n<p lang=\"es\" dir=\"ltr\">Polic\u00eda Nacional ingres\u00f3 a la Universidad Nacional Mayor de San Marcos y desaloja a estudiantes de la residencia de la casa de estudios y a manifestantes que se encontraban al interior. \u25b6\ufe0f <a rel=\"nofollow noopener\" target=\"_blank\" href=\"https:\/\/t.co\/3OXFDEs15g\">https:\/\/t.co\/3OXFDEs15g<\/a><a rel=\"nofollow noopener\" target=\"_blank\" href=\"https:\/\/twitter.com\/hashtag\/ParoNacionalPeru?src=hash&amp;ref_src=twsrc%5Etfw\">#ParoNacionalPeru<\/a><a rel=\"nofollow noopener\" target=\"_blank\" href=\"https:\/\/t.co\/X6LFqp4oBS\">pic.twitter.com\/X6LFqp4oBS<\/a><\/p>\n<p>\u2014 La Rep\u00fablica (@larepublica_pe) <a rel=\"nofollow noopener\" target=\"_blank\" href=\"https:\/\/twitter.com\/larepublica_pe\/status\/1616831214085701634?ref_src=twsrc%5Etfw\">January 21, 2023<\/a><\/p><\/blockquote>\n<\/div>\n<\/div>\n<p>Am Freitagabend beschwerte sich die Universit\u00e4tsleitung bei der Polizei dar\u00fcber, dass einige maskierte Protestierende Sicherheitsmitarbeiter der Bildungsanstalt\u00a0\u00fcberfallen h\u00e4tten. Die Angreifer h\u00e4tten Sicherheitsausr\u00fcstung und Schutzwesten geraubt.<\/p>\n<div class=\"EmbedBlock-root EmbedBlock-twitter\">\n<div class=\"TwitterEmbed\">\n<blockquote class=\"twitter-tweet lazyload\" data-twitter=\"twitter-tweet\">\n<p lang=\"es\" dir=\"ltr\"><a rel=\"nofollow noopener\" target=\"_blank\" href=\"https:\/\/twitter.com\/hashtag\/PNPInforma?src=hash&amp;ref_src=twsrc%5Etfw\">#PNPInforma<\/a> \ud83d\udd34 | Ante la flagrancia de las personas que habr\u00edan tomado las instalaciones de la Universidad Nacional Mayor de San Marcos en <a rel=\"nofollow noopener\" target=\"_blank\" href=\"https:\/\/twitter.com\/hashtag\/Lima?src=hash&amp;ref_src=twsrc%5Etfw\">#Lima<\/a>, efectivos policiales ingresaron para poder desalojarlos de dicha entidad. <a rel=\"nofollow noopener\" target=\"_blank\" href=\"https:\/\/t.co\/RT9I8SnT0h\">pic.twitter.com\/RT9I8SnT0h<\/a><\/p>\n<p>\u2014 Polic\u00eda Nacional del Per\u00fa (@PoliciaPeru) <a rel=\"nofollow noopener\" target=\"_blank\" href=\"https:\/\/twitter.com\/PoliciaPeru\/status\/1616825706343710721?ref_src=twsrc%5Etfw\">January 21, 2023<\/a><\/p><\/blockquote>\n<\/div>\n<\/div>\n<p>Inzwischen stieg die Zahl der Todesopfer bei den landesweiten Protesten laut Medienberichten auf 62. Demnach <a rel=\"nofollow noopener\" target=\"_blank\" href=\"https:\/\/rpp.pe\/peru\/la-libertad\/la-libertad-dos-fallecidos-en-protestas-contra-el-gobierno-registradas-en-viru-noticia-1461550?fbclid=IwAR3ap_bYmq6cSHTpKZ1LyI72F0iQMB6ICuoo4FkDb-76wM-P2bUC2FztIqs\">kamen<\/a>\u00a0am Samstag\u00a0in der Provinz Vir\u00fa zwei Menschen ums Leben. Bei ihnen handelte es sich um M\u00e4nner im Alter von 23 und 54 Jahren.<\/p>\n<p>Nach einem Treffen mit Regierungsvertretern am Freitag bedauerte der Sondergesandte des Menschenrechtskommissariats der Vereinten Nationen, Christian Salazar Volkmann, die Toten und Verletzten. Er habe die Regierung in Lima um Informationen gebeten, wie sie diese F\u00e4lle untersuchen und in Zukunft verhindern wolle.\u00a0In der offiziellen Erkl\u00e4rung nach seinem Besuch <a rel=\"nofollow noopener\" target=\"_blank\" href=\"https:\/\/twitter.com\/OACNUDHPeru\/status\/1616633637612437504\">hie\u00df<\/a> es, dass die UN-Beh\u00f6rde seit dem Beginn der Proteste am 7. Dezember 44 get\u00f6tete Zivilisten, darunter sieben Minderj\u00e4hrige, gez\u00e4hlt habe. Neun weitere Menschen seien im Zusammenhang mit Stra\u00dfenblockaden ums Leben gekommen. Mindestens 598 Zivilisten h\u00e4tten Verletzungen erlitten. Bei den Krawallen sei zudem ein Polizist get\u00f6tet worden. Weitere 580 Polizeikr\u00e4fte h\u00e4tten Verletzungen erlitten.\u00a0Das UN-Hochkommissariat f\u00fcr Menschenrechte in Peru <a rel=\"nofollow noopener\" target=\"_blank\" href=\"https:\/\/twitter.com\/OACNUDHPeru\/status\/1616848899242692612\">rief<\/a> die Polizei nach der R\u00e4umung der Universit\u00e4t in Lima zu Verh\u00e4ltnism\u00e4\u00dfigkeit auf.<\/p>\n<p>Infolge der erbitterten Proteste <a rel=\"nofollow noopener\" target=\"_blank\" href=\"https:\/\/www.culturacusco.gob.pe\/noticia\/imagen\/comunicado-sobre-cierre-de-machupicchu-y-red-de-caminos-inka\/\">schloss<\/a> das Kulturministerium den Zugang zur ber\u00fchmten Inka-Ruinenstadt Machu Picchu. Die unbefristete Ma\u00dfnahme wurde mit der Sorge um die Sicherheit der Touristen und der Bev\u00f6lkerung begr\u00fcndet. Mehr als 400 gestrandete Reisende mussten nach Cusco gebracht werden. Die Betroffenen k\u00f6nnten ihre Tickets stornieren oder sp\u00e4ter nutzen, hie\u00df es.<\/p>\n<div class=\"EmbedBlock-root EmbedBlock-twitter\">\n<div class=\"TwitterEmbed\">\n<blockquote class=\"twitter-tweet lazyload\" data-twitter=\"twitter-tweet\">\n<p lang=\"es\" dir=\"ltr\"><a rel=\"nofollow noopener\" target=\"_blank\" href=\"https:\/\/twitter.com\/hashtag\/Mundo?src=hash&amp;ref_src=twsrc%5Etfw\">#Mundo<\/a><a rel=\"nofollow noopener\" target=\"_blank\" href=\"https:\/\/twitter.com\/hashtag\/Per%C3%BA?src=hash&amp;ref_src=twsrc%5Etfw\">#Per\u00fa<\/a> cerr\u00f3 por tiempo indefinido el ingreso a la ciudadela inca <a rel=\"nofollow noopener\" target=\"_blank\" href=\"https:\/\/twitter.com\/hashtag\/MachuPicchu?src=hash&amp;ref_src=twsrc%5Etfw\">#MachuPicchu<\/a> alegando motivos de seguridad ante las protestas que piden la renuncia de la presidenta Dina Boluarte, que dejan ya 46 muertos.Video: AFP <a rel=\"nofollow noopener\" target=\"_blank\" href=\"https:\/\/t.co\/RLAZBtKphN\">pic.twitter.com\/RLAZBtKphN<\/a><\/p>\n<p>\u2014 La Raz\u00f3n Digital (@LaRazon_Bolivia) <a rel=\"nofollow noopener\" target=\"_blank\" href=\"https:\/\/twitter.com\/LaRazon_Bolivia\/status\/1616926191335751682?ref_src=twsrc%5Etfw\">January 21, 2023<\/a><\/p><\/blockquote>\n<\/div>\n<\/div>\n<p>Zuvor hatten die Beh\u00f6rden in Cusco erkl\u00e4rt, dass der Betrieb der Eisenbahnstrecke nach Machu Picchu eingestellt worden sei. Als Grund wurden Sch\u00e4den genannt, die Protestierende angerichtet haben sollen. Am selben Tag rief die sogenannte Schutzfront der Interessen von Machu Picchu (FREDIM) einen unbefristeten Streik aus. Mit der Schlie\u00dfung s\u00e4mtlicher Gesch\u00e4fte vor Ort sollte Interimspr\u00e4sidentin Boluarte zum R\u00fccktritt gedr\u00e4ngt werden.<\/p>\n<div class=\"EmbedBlock-root EmbedBlock-twitter\">\n<div class=\"TwitterEmbed\">\n<blockquote class=\"twitter-tweet lazyload\" data-twitter=\"twitter-tweet\">\n<p lang=\"es\" dir=\"ltr\">Debido a la negativa de Dina Boluarte a renunciar a la Presidencia de la Rep\u00fablica, los comuneros del distrito de Machu Picchu decidieron radicalizar la medida de lucha. El Frente de Defensa de los Intereses de Machupicchu (Fredim) <a rel=\"nofollow noopener\" target=\"_blank\" href=\"https:\/\/t.co\/KtOWaOrPsX\">pic.twitter.com\/KtOWaOrPsX<\/a><\/p>\n<p>\u2014 Per\u00fa republica independiente del sur (@perudelsur_inka) <a rel=\"nofollow noopener\" target=\"_blank\" href=\"https:\/\/twitter.com\/perudelsur_inka\/status\/1616943532698124289?ref_src=twsrc%5Etfw\">January 21, 2023<\/a><\/p><\/blockquote>\n<\/div>\n<\/div>\n<p>Die massenhaften Proteste brachen am 7. Dezember aus, nachdem der Kongress in Lima den Staatschef Castillo seines Amtes enthoben hatte. Der linke Politiker wollte den Kongress aufl\u00f6sen, um einem Misstrauensvotum zuvorzukommen. Sowohl sein Kabinett als auch die Opposition warfen ihm einen Staatsstreich vor, weshalb der fr\u00fchere Dorfschullehrer am selben Tag festgenommen wurde. Vor allem Indigene aus dem armen S\u00fcden des Landes werteten die Absetzung als einen Schlag gegen eigene Interessen.<\/p>\n<p><strong>Mehr zum Thema<\/strong> &#8211;\u00a0<a rel=\"nofollow noopener\" target=\"_blank\" href=\"https:\/\/rtde.site\/amerika\/160115-peru-und-brasilien-zeigen-jede\/\">Peru und Brasilien zeigen: Jede progressive Regierung in Lateinamerika ist in Gefahr<\/a><\/p>\n<\/p>\n<\/div>\n<p><script async src=\"https:\/\/platform.twitter.com\/widgets.js\" charset=\"utf-8\"><\/script><br \/>\n<br \/><br \/>\n<br \/><a href=\"https:\/\/de.rt.com\/amerika\/160618-mehr-als-60-tote-bei-protesten-in-peru\/\">Source link <\/a><\/p>\n","protected":false},"excerpt":{"rendered":"<p>Die politische Krise in Peru ger\u00e4t immer mehr au\u00dfer Kontrolle. Nach der Verhaftung von Ex-Pr\u00e4sident Pedro Castillo kommt es im Andenland fast jeden Tag zu blutigen Zusammenst\u00f6\u00dfen zwischen Demonstranten und Polizeikr\u00e4ften. Medien berichten inzwischen von mehr als 60 Toten. Die massenhaften Proteste gegen die \u00dcbergangsregierung in Lima rei\u00dfen nicht ab. Auch an diesem Samstag waren [&hellip;]<\/p>\n","protected":false},"author":3,"featured_media":28351,"comment_status":"open","ping_status":"open","sticky":false,"template":"","format":"standard","meta":{"_yoast_indexnow_last_ping":["1674382982"],"wp_automatic_camp":["217"],"427ad1ed42e969fca49b37c68ed7b8f3":["Mehr als 60 Tote bei Protesten in Peru: Inka-Stadt Machu Picchu f\u00fcr Touristen geschlossen"],"original_link":["https:\/\/de.rt.com\/amerika\/160618-mehr-als-60-tote-bei-protesten-in-peru\/"],"_thumbnail_id":["28351"],"_wptgpro_p2tg_sent2tg":["a:1:{i:23737;s:19:\"2023-01-22 12:24:29\";}"],"jnews_social_counter_last_update":["1777564132"]},"categories":[19,23],"tags":[273,363,221,24341,39457,3865,2063,831,3866,19562,3233,22552],"yoast_head":"<!-- This site is optimized with the Yoast SEO Premium plugin v22.7 (Yoast SEO v22.7) - https:\/\/yoast.com\/wordpress\/plugins\/seo\/ -->\n<title>Mehr als 60 Tote bei Protesten in Peru: Inka-Stadt Machu Picchu f\u00fcr Touristen geschlossen - just-now.NEWS Deutschland<\/title>\n<meta name=\"robots\" content=\"index, follow, max-snippet:-1, max-image-preview:large, max-video-preview:-1\" \/>\n<link rel=\"canonical\" href=\"https:\/\/now-news.de\/de\/deutschland\/mehr-als-60-tote-bei-protesten-in-peru-inka-stadt-machu-picchu-fuer-touristen-geschlossen\/\" \/>\n<meta property=\"og:locale\" content=\"de_DE\" \/>\n<meta property=\"og:type\" content=\"article\" \/>\n<meta property=\"og:title\" content=\"Mehr als 60 Tote bei Protesten in Peru: Inka-Stadt Machu Picchu f\u00fcr Touristen geschlossen\" \/>\n<meta property=\"og:description\" content=\"Die politische Krise in Peru ger\u00e4t immer mehr au\u00dfer Kontrolle. Nach der Verhaftung von Ex-Pr\u00e4sident Pedro Castillo kommt es im Andenland fast jeden Tag zu blutigen Zusammenst\u00f6\u00dfen zwischen Demonstranten und Polizeikr\u00e4ften. Medien berichten inzwischen von mehr als 60 Toten. Die massenhaften Proteste gegen die \u00dcbergangsregierung in Lima rei\u00dfen nicht ab. Auch an diesem Samstag waren [&hellip;]\" \/>\n<meta property=\"og:url\" content=\"https:\/\/now-news.de\/de\/deutschland\/mehr-als-60-tote-bei-protesten-in-peru-inka-stadt-machu-picchu-fuer-touristen-geschlossen\/\" \/>\n<meta property=\"og:site_name\" content=\"just-now.NEWS Deutschland\" \/>\n<meta property=\"article:publisher\" content=\"https:\/\/www.facebook.com\/wirmachenauf\" \/>\n<meta property=\"article:published_time\" content=\"2023-01-22T10:12:33+00:00\" \/>\n<meta property=\"og:image\" content=\"https:\/\/now-news.de\/de\/wp-content\/uploads\/sites\/3\/2023\/01\/Mehr-als-60-Tote-bei-Protesten-in-Peru-Inka-Stadt-Machu.jpg\" \/>\n\t<meta property=\"og:image:width\" content=\"460\" \/>\n\t<meta property=\"og:image:height\" content=\"259\" \/>\n\t<meta property=\"og:image:type\" content=\"image\/jpeg\" \/>\n<meta name=\"author\" content=\"rtnews\" \/>\n<meta name=\"twitter:card\" content=\"summary_large_image\" \/>\n<meta name=\"twitter:creator\" content=\"@WirMachenAuf_de\" \/>\n<meta name=\"twitter:site\" content=\"@WirMachenAuf_de\" \/>\n<meta name=\"twitter:label1\" content=\"Verfasst von\" \/>\n\t<meta name=\"twitter:data1\" content=\"rtnews\" \/>\n\t<meta name=\"twitter:label2\" content=\"Gesch\u00e4tzte Lesezeit\" \/>\n\t<meta name=\"twitter:data2\" content=\"4\u00a0Minuten\" \/>\n<script type=\"application\/ld+json\" class=\"yoast-schema-graph\">{\"@context\":\"https:\/\/schema.org\",\"@graph\":[{\"@type\":\"Article\",\"@id\":\"https:\/\/now-news.de\/de\/deutschland\/mehr-als-60-tote-bei-protesten-in-peru-inka-stadt-machu-picchu-fuer-touristen-geschlossen\/#article\",\"isPartOf\":{\"@id\":\"https:\/\/now-news.de\/de\/deutschland\/mehr-als-60-tote-bei-protesten-in-peru-inka-stadt-machu-picchu-fuer-touristen-geschlossen\/\"},\"author\":{\"name\":\"rtnews\",\"@id\":\"https:\/\/now-news.de\/de\/#\/schema\/person\/fb534a4e865501d8b3285208df34a9b5\"},\"headline\":\"Mehr als 60 Tote bei Protesten in Peru: Inka-Stadt Machu Picchu f\u00fcr Touristen geschlossen\",\"datePublished\":\"2023-01-22T10:12:33+00:00\",\"dateModified\":\"2023-01-22T10:12:33+00:00\",\"mainEntityOfPage\":{\"@id\":\"https:\/\/now-news.de\/de\/deutschland\/mehr-als-60-tote-bei-protesten-in-peru-inka-stadt-machu-picchu-fuer-touristen-geschlossen\/\"},\"wordCount\":786,\"commentCount\":0,\"publisher\":{\"@id\":\"https:\/\/now-news.de\/de\/#organization\"},\"image\":{\"@id\":\"https:\/\/now-news.de\/de\/deutschland\/mehr-als-60-tote-bei-protesten-in-peru-inka-stadt-machu-picchu-fuer-touristen-geschlossen\/#primaryimage\"},\"thumbnailUrl\":\"https:\/\/now-news.de\/de\/wp-content\/uploads\/sites\/3\/2023\/01\/Mehr-als-60-Tote-bei-Protesten-in-Peru-Inka-Stadt-Machu.jpg\",\"keywords\":[\"als\",\"bei\",\"f\u00fcr\",\"geschlossen\",\"InkaStadt\",\"Machu\",\"mehr\",\"Peru\",\"Picchu\",\"Protesten\",\"Tote\",\"Touristen\"],\"articleSection\":[\"Deutschland\",\"Russland\"],\"inLanguage\":\"de\",\"potentialAction\":[{\"@type\":\"CommentAction\",\"name\":\"Comment\",\"target\":[\"https:\/\/now-news.de\/de\/deutschland\/mehr-als-60-tote-bei-protesten-in-peru-inka-stadt-machu-picchu-fuer-touristen-geschlossen\/#respond\"]}]},{\"@type\":\"WebPage\",\"@id\":\"https:\/\/now-news.de\/de\/deutschland\/mehr-als-60-tote-bei-protesten-in-peru-inka-stadt-machu-picchu-fuer-touristen-geschlossen\/\",\"url\":\"https:\/\/now-news.de\/de\/deutschland\/mehr-als-60-tote-bei-protesten-in-peru-inka-stadt-machu-picchu-fuer-touristen-geschlossen\/\",\"name\":\"Mehr als 60 Tote bei Protesten in Peru: Inka-Stadt Machu Picchu f\u00fcr Touristen geschlossen - just-now.NEWS Deutschland\",\"isPartOf\":{\"@id\":\"https:\/\/now-news.de\/de\/#website\"},\"primaryImageOfPage\":{\"@id\":\"https:\/\/now-news.de\/de\/deutschland\/mehr-als-60-tote-bei-protesten-in-peru-inka-stadt-machu-picchu-fuer-touristen-geschlossen\/#primaryimage\"},\"image\":{\"@id\":\"https:\/\/now-news.de\/de\/deutschland\/mehr-als-60-tote-bei-protesten-in-peru-inka-stadt-machu-picchu-fuer-touristen-geschlossen\/#primaryimage\"},\"thumbnailUrl\":\"https:\/\/now-news.de\/de\/wp-content\/uploads\/sites\/3\/2023\/01\/Mehr-als-60-Tote-bei-Protesten-in-Peru-Inka-Stadt-Machu.jpg\",\"datePublished\":\"2023-01-22T10:12:33+00:00\",\"dateModified\":\"2023-01-22T10:12:33+00:00\",\"breadcrumb\":{\"@id\":\"https:\/\/now-news.de\/de\/deutschland\/mehr-als-60-tote-bei-protesten-in-peru-inka-stadt-machu-picchu-fuer-touristen-geschlossen\/#breadcrumb\"},\"inLanguage\":\"de\",\"potentialAction\":[{\"@type\":\"ReadAction\",\"target\":[\"https:\/\/now-news.de\/de\/deutschland\/mehr-als-60-tote-bei-protesten-in-peru-inka-stadt-machu-picchu-fuer-touristen-geschlossen\/\"]}]},{\"@type\":\"ImageObject\",\"inLanguage\":\"de\",\"@id\":\"https:\/\/now-news.de\/de\/deutschland\/mehr-als-60-tote-bei-protesten-in-peru-inka-stadt-machu-picchu-fuer-touristen-geschlossen\/#primaryimage\",\"url\":\"https:\/\/now-news.de\/de\/wp-content\/uploads\/sites\/3\/2023\/01\/Mehr-als-60-Tote-bei-Protesten-in-Peru-Inka-Stadt-Machu.jpg\",\"contentUrl\":\"https:\/\/now-news.de\/de\/wp-content\/uploads\/sites\/3\/2023\/01\/Mehr-als-60-Tote-bei-Protesten-in-Peru-Inka-Stadt-Machu.jpg\",\"width\":460,\"height\":259,\"caption\":\"Mehr als 60 Tote bei Protesten in Peru: Inka-Stadt Machu Picchu f\u00fcr Touristen geschlossen\"},{\"@type\":\"BreadcrumbList\",\"@id\":\"https:\/\/now-news.de\/de\/deutschland\/mehr-als-60-tote-bei-protesten-in-peru-inka-stadt-machu-picchu-fuer-touristen-geschlossen\/#breadcrumb\",\"itemListElement\":[{\"@type\":\"ListItem\",\"position\":1,\"name\":\"Home\",\"item\":\"https:\/\/now-news.de\/de\/\"},{\"@type\":\"ListItem\",\"position\":2,\"name\":\"Mehr als 60 Tote bei Protesten in Peru: Inka-Stadt Machu Picchu f\u00fcr Touristen geschlossen\"}]},{\"@type\":\"WebSite\",\"@id\":\"https:\/\/now-news.de\/de\/#website\",\"url\":\"https:\/\/now-news.de\/de\/\",\"name\":\"just-now.NEWS Deutschland\",\"description\":\"Das Portal f\u00fcr unzensierte Nachrichten aus der Welt\",\"publisher\":{\"@id\":\"https:\/\/now-news.de\/de\/#organization\"},\"potentialAction\":[{\"@type\":\"SearchAction\",\"target\":{\"@type\":\"EntryPoint\",\"urlTemplate\":\"https:\/\/now-news.de\/de\/?s={search_term_string}\"},\"query-input\":\"required name=search_term_string\"}],\"inLanguage\":\"de\"},{\"@type\":\"Organization\",\"@id\":\"https:\/\/now-news.de\/de\/#organization\",\"name\":\"Just Now News\",\"url\":\"https:\/\/now-news.de\/de\/\",\"logo\":{\"@type\":\"ImageObject\",\"inLanguage\":\"de\",\"@id\":\"https:\/\/now-news.de\/de\/#\/schema\/logo\/image\/\",\"url\":\"http:\/\/just-now.news\/de\/wp-content\/uploads\/sites\/3\/2022\/04\/logo500x500.jpg\",\"contentUrl\":\"http:\/\/just-now.news\/de\/wp-content\/uploads\/sites\/3\/2022\/04\/logo500x500.jpg\",\"width\":500,\"height\":500,\"caption\":\"Just Now News\"},\"image\":{\"@id\":\"https:\/\/now-news.de\/de\/#\/schema\/logo\/image\/\"},\"sameAs\":[\"https:\/\/www.facebook.com\/wirmachenauf\",\"https:\/\/x.com\/WirMachenAuf_de\"]},{\"@type\":\"Person\",\"@id\":\"https:\/\/now-news.de\/de\/#\/schema\/person\/fb534a4e865501d8b3285208df34a9b5\",\"name\":\"rtnews\",\"image\":{\"@type\":\"ImageObject\",\"inLanguage\":\"de\",\"@id\":\"https:\/\/now-news.de\/de\/#\/schema\/person\/image\/\",\"url\":\"https:\/\/secure.gravatar.com\/avatar\/82aafea7d8127119dd649515f56e2117?s=96&d=mm&r=g\",\"contentUrl\":\"https:\/\/secure.gravatar.com\/avatar\/82aafea7d8127119dd649515f56e2117?s=96&d=mm&r=g\",\"caption\":\"rtnews\"},\"url\":\"https:\/\/now-news.de\/de\/author\/rnews\/\"}]}<\/script>\n<!-- \/ Yoast SEO Premium plugin. -->","yoast_head_json":{"title":"Mehr als 60 Tote bei Protesten in Peru: Inka-Stadt Machu Picchu f\u00fcr Touristen geschlossen - just-now.NEWS Deutschland","robots":{"index":"index","follow":"follow","max-snippet":"max-snippet:-1","max-image-preview":"max-image-preview:large","max-video-preview":"max-video-preview:-1"},"canonical":"https:\/\/now-news.de\/de\/deutschland\/mehr-als-60-tote-bei-protesten-in-peru-inka-stadt-machu-picchu-fuer-touristen-geschlossen\/","og_locale":"de_DE","og_type":"article","og_title":"Mehr als 60 Tote bei Protesten in Peru: Inka-Stadt Machu Picchu f\u00fcr Touristen geschlossen","og_description":"Die politische Krise in Peru ger\u00e4t immer mehr au\u00dfer Kontrolle. Nach der Verhaftung von Ex-Pr\u00e4sident Pedro Castillo kommt es im Andenland fast jeden Tag zu blutigen Zusammenst\u00f6\u00dfen zwischen Demonstranten und Polizeikr\u00e4ften. Medien berichten inzwischen von mehr als 60 Toten. Die massenhaften Proteste gegen die \u00dcbergangsregierung in Lima rei\u00dfen nicht ab. Auch an diesem Samstag waren [&hellip;]","og_url":"https:\/\/now-news.de\/de\/deutschland\/mehr-als-60-tote-bei-protesten-in-peru-inka-stadt-machu-picchu-fuer-touristen-geschlossen\/","og_site_name":"just-now.NEWS Deutschland","article_publisher":"https:\/\/www.facebook.com\/wirmachenauf","article_published_time":"2023-01-22T10:12:33+00:00","og_image":[{"width":460,"height":259,"url":"https:\/\/now-news.de\/de\/wp-content\/uploads\/sites\/3\/2023\/01\/Mehr-als-60-Tote-bei-Protesten-in-Peru-Inka-Stadt-Machu.jpg","type":"image\/jpeg"}],"author":"rtnews","twitter_card":"summary_large_image","twitter_creator":"@WirMachenAuf_de","twitter_site":"@WirMachenAuf_de","twitter_misc":{"Verfasst von":"rtnews","Gesch\u00e4tzte Lesezeit":"4\u00a0Minuten"},"schema":{"@context":"https:\/\/schema.org","@graph":[{"@type":"Article","@id":"https:\/\/now-news.de\/de\/deutschland\/mehr-als-60-tote-bei-protesten-in-peru-inka-stadt-machu-picchu-fuer-touristen-geschlossen\/#article","isPartOf":{"@id":"https:\/\/now-news.de\/de\/deutschland\/mehr-als-60-tote-bei-protesten-in-peru-inka-stadt-machu-picchu-fuer-touristen-geschlossen\/"},"author":{"name":"rtnews","@id":"https:\/\/now-news.de\/de\/#\/schema\/person\/fb534a4e865501d8b3285208df34a9b5"},"headline":"Mehr als 60 Tote bei Protesten in Peru: Inka-Stadt Machu Picchu f\u00fcr Touristen geschlossen","datePublished":"2023-01-22T10:12:33+00:00","dateModified":"2023-01-22T10:12:33+00:00","mainEntityOfPage":{"@id":"https:\/\/now-news.de\/de\/deutschland\/mehr-als-60-tote-bei-protesten-in-peru-inka-stadt-machu-picchu-fuer-touristen-geschlossen\/"},"wordCount":786,"commentCount":0,"publisher":{"@id":"https:\/\/now-news.de\/de\/#organization"},"image":{"@id":"https:\/\/now-news.de\/de\/deutschland\/mehr-als-60-tote-bei-protesten-in-peru-inka-stadt-machu-picchu-fuer-touristen-geschlossen\/#primaryimage"},"thumbnailUrl":"https:\/\/now-news.de\/de\/wp-content\/uploads\/sites\/3\/2023\/01\/Mehr-als-60-Tote-bei-Protesten-in-Peru-Inka-Stadt-Machu.jpg","keywords":["als","bei","f\u00fcr","geschlossen","InkaStadt","Machu","mehr","Peru","Picchu","Protesten","Tote","Touristen"],"articleSection":["Deutschland","Russland"],"inLanguage":"de","potentialAction":[{"@type":"CommentAction","name":"Comment","target":["https:\/\/now-news.de\/de\/deutschland\/mehr-als-60-tote-bei-protesten-in-peru-inka-stadt-machu-picchu-fuer-touristen-geschlossen\/#respond"]}]},{"@type":"WebPage","@id":"https:\/\/now-news.de\/de\/deutschland\/mehr-als-60-tote-bei-protesten-in-peru-inka-stadt-machu-picchu-fuer-touristen-geschlossen\/","url":"https:\/\/now-news.de\/de\/deutschland\/mehr-als-60-tote-bei-protesten-in-peru-inka-stadt-machu-picchu-fuer-touristen-geschlossen\/","name":"Mehr als 60 Tote bei Protesten in Peru: Inka-Stadt Machu Picchu f\u00fcr Touristen geschlossen - just-now.NEWS Deutschland","isPartOf":{"@id":"https:\/\/now-news.de\/de\/#website"},"primaryImageOfPage":{"@id":"https:\/\/now-news.de\/de\/deutschland\/mehr-als-60-tote-bei-protesten-in-peru-inka-stadt-machu-picchu-fuer-touristen-geschlossen\/#primaryimage"},"image":{"@id":"https:\/\/now-news.de\/de\/deutschland\/mehr-als-60-tote-bei-protesten-in-peru-inka-stadt-machu-picchu-fuer-touristen-geschlossen\/#primaryimage"},"thumbnailUrl":"https:\/\/now-news.de\/de\/wp-content\/uploads\/sites\/3\/2023\/01\/Mehr-als-60-Tote-bei-Protesten-in-Peru-Inka-Stadt-Machu.jpg","datePublished":"2023-01-22T10:12:33+00:00","dateModified":"2023-01-22T10:12:33+00:00","breadcrumb":{"@id":"https:\/\/now-news.de\/de\/deutschland\/mehr-als-60-tote-bei-protesten-in-peru-inka-stadt-machu-picchu-fuer-touristen-geschlossen\/#breadcrumb"},"inLanguage":"de","potentialAction":[{"@type":"ReadAction","target":["https:\/\/now-news.de\/de\/deutschland\/mehr-als-60-tote-bei-protesten-in-peru-inka-stadt-machu-picchu-fuer-touristen-geschlossen\/"]}]},{"@type":"ImageObject","inLanguage":"de","@id":"https:\/\/now-news.de\/de\/deutschland\/mehr-als-60-tote-bei-protesten-in-peru-inka-stadt-machu-picchu-fuer-touristen-geschlossen\/#primaryimage","url":"https:\/\/now-news.de\/de\/wp-content\/uploads\/sites\/3\/2023\/01\/Mehr-als-60-Tote-bei-Protesten-in-Peru-Inka-Stadt-Machu.jpg","contentUrl":"https:\/\/now-news.de\/de\/wp-content\/uploads\/sites\/3\/2023\/01\/Mehr-als-60-Tote-bei-Protesten-in-Peru-Inka-Stadt-Machu.jpg","width":460,"height":259,"caption":"Mehr als 60 Tote bei Protesten in Peru: Inka-Stadt Machu Picchu f\u00fcr Touristen geschlossen"},{"@type":"BreadcrumbList","@id":"https:\/\/now-news.de\/de\/deutschland\/mehr-als-60-tote-bei-protesten-in-peru-inka-stadt-machu-picchu-fuer-touristen-geschlossen\/#breadcrumb","itemListElement":[{"@type":"ListItem","position":1,"name":"Home","item":"https:\/\/now-news.de\/de\/"},{"@type":"ListItem","position":2,"name":"Mehr als 60 Tote bei Protesten in Peru: Inka-Stadt Machu Picchu f\u00fcr Touristen geschlossen"}]},{"@type":"WebSite","@id":"https:\/\/now-news.de\/de\/#website","url":"https:\/\/now-news.de\/de\/","name":"just-now.NEWS Deutschland","description":"Das Portal f\u00fcr unzensierte Nachrichten aus der Welt","publisher":{"@id":"https:\/\/now-news.de\/de\/#organization"},"potentialAction":[{"@type":"SearchAction","target":{"@type":"EntryPoint","urlTemplate":"https:\/\/now-news.de\/de\/?s={search_term_string}"},"query-input":"required name=search_term_string"}],"inLanguage":"de"},{"@type":"Organization","@id":"https:\/\/now-news.de\/de\/#organization","name":"Just Now News","url":"https:\/\/now-news.de\/de\/","logo":{"@type":"ImageObject","inLanguage":"de","@id":"https:\/\/now-news.de\/de\/#\/schema\/logo\/image\/","url":"http:\/\/just-now.news\/de\/wp-content\/uploads\/sites\/3\/2022\/04\/logo500x500.jpg","contentUrl":"http:\/\/just-now.news\/de\/wp-content\/uploads\/sites\/3\/2022\/04\/logo500x500.jpg","width":500,"height":500,"caption":"Just Now News"},"image":{"@id":"https:\/\/now-news.de\/de\/#\/schema\/logo\/image\/"},"sameAs":["https:\/\/www.facebook.com\/wirmachenauf","https:\/\/x.com\/WirMachenAuf_de"]},{"@type":"Person","@id":"https:\/\/now-news.de\/de\/#\/schema\/person\/fb534a4e865501d8b3285208df34a9b5","name":"rtnews","image":{"@type":"ImageObject","inLanguage":"de","@id":"https:\/\/now-news.de\/de\/#\/schema\/person\/image\/","url":"https:\/\/secure.gravatar.com\/avatar\/82aafea7d8127119dd649515f56e2117?s=96&d=mm&r=g","contentUrl":"https:\/\/secure.gravatar.com\/avatar\/82aafea7d8127119dd649515f56e2117?s=96&d=mm&r=g","caption":"rtnews"},"url":"https:\/\/now-news.de\/de\/author\/rnews\/"}]}},"_links":{"self":[{"href":"https:\/\/now-news.de\/de\/wp-json\/wp\/v2\/posts\/28350"}],"collection":[{"href":"https:\/\/now-news.de\/de\/wp-json\/wp\/v2\/posts"}],"about":[{"href":"https:\/\/now-news.de\/de\/wp-json\/wp\/v2\/types\/post"}],"author":[{"embeddable":true,"href":"https:\/\/now-news.de\/de\/wp-json\/wp\/v2\/users\/3"}],"replies":[{"embeddable":true,"href":"https:\/\/now-news.de\/de\/wp-json\/wp\/v2\/comments?post=28350"}],"version-history":[{"count":0,"href":"https:\/\/now-news.de\/de\/wp-json\/wp\/v2\/posts\/28350\/revisions"}],"wp:featuredmedia":[{"embeddable":true,"href":"https:\/\/now-news.de\/de\/wp-json\/wp\/v2\/media\/28351"}],"wp:attachment":[{"href":"https:\/\/now-news.de\/de\/wp-json\/wp\/v2\/media?parent=28350"}],"wp:term":[{"taxonomy":"category","embeddable":true,"href":"https:\/\/now-news.de\/de\/wp-json\/wp\/v2\/categories?post=28350"},{"taxonomy":"post_tag","embeddable":true,"href":"https:\/\/now-news.de\/de\/wp-json\/wp\/v2\/tags?post=28350"}],"curies":[{"name":"wp","href":"https:\/\/api.w.org\/{rel}","templated":true}]}}