{"id":28340,"date":"2023-01-21T23:43:40","date_gmt":"2023-01-21T21:43:40","guid":{"rendered":"https:\/\/just-now.news\/de\/deutschland\/rwe-verlangt-schadensersatz-von-oeko-aktivisten\/"},"modified":"2023-01-21T23:43:40","modified_gmt":"2023-01-21T21:43:40","slug":"rwe-verlangt-schadensersatz-von-oeko-aktivisten","status":"publish","type":"post","link":"https:\/\/now-news.de\/de\/deutschland\/rwe-verlangt-schadensersatz-von-oeko-aktivisten\/","title":{"rendered":"RWE verlangt Schadensersatz von \u00d6ko-Aktivisten"},"content":{"rendered":"<p><img decoding=\"async\" src=\"http:\/\/just-now.news\/de\/wp-content\/uploads\/sites\/3\/2023\/01\/63cc3754b480cc784a3c5462.jpg\" \/><\/p>\n<div class=\"Text-root Text-type_1 \">\n                Der Energiekonzern will nach der durchgef\u00fchrten R\u00e4umung von L\u00fctzerath von den Umweltaktivisten, die diese mit ihren Aktionen blockiert hatten, Schadensersatz in zivilrechtlichen Prozessen erzwingen.\n            <\/div>\n<p><\/p>\n<div class=\"Text-root Text-type_5 ArticleView-text ViewText-root \">\n<p>Nach der R\u00e4umung des Dorfes L\u00fctzerath hat der Energiekonzern\u00a0RWE\u00a0zivilrechtliche Schritte gegen Demonstranten angek\u00fcndigt.<\/p>\n<p>&#8220;Nat\u00fcrlich m\u00fcssen alle St\u00f6rer mit einer Schadenersatzforderung rechnen&#8221;, sagte Konzernsprecher Guido Steffen der <em>Neuen Osnabr\u00fccker Zeitung<\/em> am Samstag. Wie hoch diese ausfallen k\u00f6nnten, sei allerdings noch nicht zu beziffern. Es liege noch keine endg\u00fcltige Schadensbilanz im Zusammenhang mit der R\u00e4umung vor. L\u00fctzerath, das zu Erkelenz in der N\u00e4he von D\u00fcsseldorf und K\u00f6ln geh\u00f6rt, war in einem tagelangen Gro\u00dfeinsatz der Polizei gegen den Widerstand Hunderter Klimaaktivisten ger\u00e4umt worden.\u00a0<\/p>\n<p>RWE\u00a0will dort Braunkohle abbauen. Nach Angaben des Energiekonzerns kam es zu erheblichen Sachbesch\u00e4digungen, unter anderem an Fahrzeugen und Anlagen des Konzerns. Zudem seien mehrere Brunnen und Schaltanlagen zerst\u00f6rt worden.<\/p>\n<p><em>(rt\/dpa)<\/em><\/p>\n<p><strong>Mehr zum Thema<\/strong> \u2013\u00a0<a rel=\"nofollow noopener\" target=\"_blank\" href=\"https:\/\/de.rt.com\/meinung\/160029-greta-thunberg-wurde-koerperlich-attackiert\/\">Greta Thunberg attackiert? WDR und Gr\u00fcne fabrizieren erstaunliche News zu L\u00fctzerath<\/a><\/p>\n<\/div>\n<p><br \/>\n<br \/><a href=\"https:\/\/de.rt.com\/inland\/160607-rwe-verlangt-schadensersatz-von-oeko\/\">Source link <\/a><\/p>\n","protected":false},"excerpt":{"rendered":"<p>Der Energiekonzern will nach der durchgef\u00fchrten R\u00e4umung von L\u00fctzerath von den Umweltaktivisten, die diese mit ihren Aktionen blockiert hatten, Schadensersatz in zivilrechtlichen Prozessen erzwingen. Nach der R\u00e4umung des Dorfes L\u00fctzerath hat der Energiekonzern\u00a0RWE\u00a0zivilrechtliche Schritte gegen Demonstranten angek\u00fcndigt. &#8220;Nat\u00fcrlich m\u00fcssen alle St\u00f6rer mit einer Schadenersatzforderung rechnen&#8221;, sagte Konzernsprecher Guido Steffen der Neuen Osnabr\u00fccker Zeitung am Samstag. [&hellip;]<\/p>\n","protected":false},"author":3,"featured_media":28341,"comment_status":"open","ping_status":"open","sticky":false,"template":"","format":"standard","meta":{"_yoast_indexnow_last_ping":["1674338276"],"wp_automatic_camp":["217"],"d8d7963a43f62b7dd22d4478c2352019":["RWE verlangt Schadensersatz von \u00d6ko-Aktivisten"],"original_link":["https:\/\/de.rt.com\/inland\/160607-rwe-verlangt-schadensersatz-von-oeko\/"],"_thumbnail_id":["28341"],"_wptgpro_p2tg_sent2tg":["a:1:{i:23737;s:19:\"2023-01-21 23:59:16\";}"],"jnews_social_counter_last_update":["1777429229"]},"categories":[19,23],"tags":[39449,22275,22789,18985,50],"yoast_head":"<!-- This site is optimized with the Yoast SEO Premium plugin v22.7 (Yoast SEO v22.7) - https:\/\/yoast.com\/wordpress\/plugins\/seo\/ -->\n<title>RWE verlangt Schadensersatz von \u00d6ko-Aktivisten - just-now.NEWS Deutschland<\/title>\n<meta name=\"robots\" content=\"index, follow, max-snippet:-1, max-image-preview:large, max-video-preview:-1\" \/>\n<link rel=\"canonical\" href=\"https:\/\/now-news.de\/de\/deutschland\/rwe-verlangt-schadensersatz-von-oeko-aktivisten\/\" \/>\n<meta property=\"og:locale\" content=\"de_DE\" \/>\n<meta property=\"og:type\" content=\"article\" \/>\n<meta property=\"og:title\" content=\"RWE verlangt Schadensersatz von \u00d6ko-Aktivisten\" \/>\n<meta property=\"og:description\" content=\"Der Energiekonzern will nach der durchgef\u00fchrten R\u00e4umung von L\u00fctzerath von den Umweltaktivisten, die diese mit ihren Aktionen blockiert hatten, Schadensersatz in zivilrechtlichen Prozessen erzwingen. Nach der R\u00e4umung des Dorfes L\u00fctzerath hat der Energiekonzern\u00a0RWE\u00a0zivilrechtliche Schritte gegen Demonstranten angek\u00fcndigt. &#8220;Nat\u00fcrlich m\u00fcssen alle St\u00f6rer mit einer Schadenersatzforderung rechnen&#8221;, sagte Konzernsprecher Guido Steffen der Neuen Osnabr\u00fccker Zeitung am Samstag. [&hellip;]\" \/>\n<meta property=\"og:url\" content=\"https:\/\/now-news.de\/de\/deutschland\/rwe-verlangt-schadensersatz-von-oeko-aktivisten\/\" \/>\n<meta property=\"og:site_name\" content=\"just-now.NEWS Deutschland\" \/>\n<meta property=\"article:publisher\" content=\"https:\/\/www.facebook.com\/wirmachenauf\" \/>\n<meta property=\"article:published_time\" content=\"2023-01-21T21:43:40+00:00\" \/>\n<meta property=\"og:image\" content=\"https:\/\/now-news.de\/de\/wp-content\/uploads\/sites\/3\/2023\/01\/RWE-verlangt-Schadensersatz-von-Oeko-Aktivisten.jpg\" \/>\n\t<meta property=\"og:image:width\" content=\"460\" \/>\n\t<meta property=\"og:image:height\" content=\"259\" \/>\n\t<meta property=\"og:image:type\" content=\"image\/jpeg\" \/>\n<meta name=\"author\" content=\"rtnews\" \/>\n<meta name=\"twitter:card\" content=\"summary_large_image\" \/>\n<meta name=\"twitter:creator\" content=\"@WirMachenAuf_de\" \/>\n<meta name=\"twitter:site\" content=\"@WirMachenAuf_de\" \/>\n<meta name=\"twitter:label1\" content=\"Verfasst von\" \/>\n\t<meta name=\"twitter:data1\" content=\"rtnews\" \/>\n\t<meta name=\"twitter:label2\" content=\"Gesch\u00e4tzte Lesezeit\" \/>\n\t<meta name=\"twitter:data2\" content=\"1\u00a0Minute\" \/>\n<script type=\"application\/ld+json\" class=\"yoast-schema-graph\">{\"@context\":\"https:\/\/schema.org\",\"@graph\":[{\"@type\":\"Article\",\"@id\":\"https:\/\/now-news.de\/de\/deutschland\/rwe-verlangt-schadensersatz-von-oeko-aktivisten\/#article\",\"isPartOf\":{\"@id\":\"https:\/\/now-news.de\/de\/deutschland\/rwe-verlangt-schadensersatz-von-oeko-aktivisten\/\"},\"author\":{\"name\":\"rtnews\",\"@id\":\"https:\/\/now-news.de\/de\/#\/schema\/person\/fb534a4e865501d8b3285208df34a9b5\"},\"headline\":\"RWE verlangt Schadensersatz von \u00d6ko-Aktivisten\",\"datePublished\":\"2023-01-21T21:43:40+00:00\",\"dateModified\":\"2023-01-21T21:43:40+00:00\",\"mainEntityOfPage\":{\"@id\":\"https:\/\/now-news.de\/de\/deutschland\/rwe-verlangt-schadensersatz-von-oeko-aktivisten\/\"},\"wordCount\":184,\"commentCount\":0,\"publisher\":{\"@id\":\"https:\/\/now-news.de\/de\/#organization\"},\"image\":{\"@id\":\"https:\/\/now-news.de\/de\/deutschland\/rwe-verlangt-schadensersatz-von-oeko-aktivisten\/#primaryimage\"},\"thumbnailUrl\":\"https:\/\/now-news.de\/de\/wp-content\/uploads\/sites\/3\/2023\/01\/RWE-verlangt-Schadensersatz-von-Oeko-Aktivisten.jpg\",\"keywords\":[\"\u00d6koAktivisten\",\"RWE\",\"Schadensersatz\",\"verlangt\",\"von\"],\"articleSection\":[\"Deutschland\",\"Russland\"],\"inLanguage\":\"de\",\"potentialAction\":[{\"@type\":\"CommentAction\",\"name\":\"Comment\",\"target\":[\"https:\/\/now-news.de\/de\/deutschland\/rwe-verlangt-schadensersatz-von-oeko-aktivisten\/#respond\"]}]},{\"@type\":\"WebPage\",\"@id\":\"https:\/\/now-news.de\/de\/deutschland\/rwe-verlangt-schadensersatz-von-oeko-aktivisten\/\",\"url\":\"https:\/\/now-news.de\/de\/deutschland\/rwe-verlangt-schadensersatz-von-oeko-aktivisten\/\",\"name\":\"RWE verlangt Schadensersatz von \u00d6ko-Aktivisten - just-now.NEWS Deutschland\",\"isPartOf\":{\"@id\":\"https:\/\/now-news.de\/de\/#website\"},\"primaryImageOfPage\":{\"@id\":\"https:\/\/now-news.de\/de\/deutschland\/rwe-verlangt-schadensersatz-von-oeko-aktivisten\/#primaryimage\"},\"image\":{\"@id\":\"https:\/\/now-news.de\/de\/deutschland\/rwe-verlangt-schadensersatz-von-oeko-aktivisten\/#primaryimage\"},\"thumbnailUrl\":\"https:\/\/now-news.de\/de\/wp-content\/uploads\/sites\/3\/2023\/01\/RWE-verlangt-Schadensersatz-von-Oeko-Aktivisten.jpg\",\"datePublished\":\"2023-01-21T21:43:40+00:00\",\"dateModified\":\"2023-01-21T21:43:40+00:00\",\"breadcrumb\":{\"@id\":\"https:\/\/now-news.de\/de\/deutschland\/rwe-verlangt-schadensersatz-von-oeko-aktivisten\/#breadcrumb\"},\"inLanguage\":\"de\",\"potentialAction\":[{\"@type\":\"ReadAction\",\"target\":[\"https:\/\/now-news.de\/de\/deutschland\/rwe-verlangt-schadensersatz-von-oeko-aktivisten\/\"]}]},{\"@type\":\"ImageObject\",\"inLanguage\":\"de\",\"@id\":\"https:\/\/now-news.de\/de\/deutschland\/rwe-verlangt-schadensersatz-von-oeko-aktivisten\/#primaryimage\",\"url\":\"https:\/\/now-news.de\/de\/wp-content\/uploads\/sites\/3\/2023\/01\/RWE-verlangt-Schadensersatz-von-Oeko-Aktivisten.jpg\",\"contentUrl\":\"https:\/\/now-news.de\/de\/wp-content\/uploads\/sites\/3\/2023\/01\/RWE-verlangt-Schadensersatz-von-Oeko-Aktivisten.jpg\",\"width\":460,\"height\":259,\"caption\":\"RWE verlangt Schadensersatz von \u00d6ko-Aktivisten\"},{\"@type\":\"BreadcrumbList\",\"@id\":\"https:\/\/now-news.de\/de\/deutschland\/rwe-verlangt-schadensersatz-von-oeko-aktivisten\/#breadcrumb\",\"itemListElement\":[{\"@type\":\"ListItem\",\"position\":1,\"name\":\"Home\",\"item\":\"https:\/\/now-news.de\/de\/\"},{\"@type\":\"ListItem\",\"position\":2,\"name\":\"RWE verlangt Schadensersatz von \u00d6ko-Aktivisten\"}]},{\"@type\":\"WebSite\",\"@id\":\"https:\/\/now-news.de\/de\/#website\",\"url\":\"https:\/\/now-news.de\/de\/\",\"name\":\"just-now.NEWS Deutschland\",\"description\":\"Das Portal f\u00fcr unzensierte Nachrichten aus der Welt\",\"publisher\":{\"@id\":\"https:\/\/now-news.de\/de\/#organization\"},\"potentialAction\":[{\"@type\":\"SearchAction\",\"target\":{\"@type\":\"EntryPoint\",\"urlTemplate\":\"https:\/\/now-news.de\/de\/?s={search_term_string}\"},\"query-input\":\"required name=search_term_string\"}],\"inLanguage\":\"de\"},{\"@type\":\"Organization\",\"@id\":\"https:\/\/now-news.de\/de\/#organization\",\"name\":\"Just Now News\",\"url\":\"https:\/\/now-news.de\/de\/\",\"logo\":{\"@type\":\"ImageObject\",\"inLanguage\":\"de\",\"@id\":\"https:\/\/now-news.de\/de\/#\/schema\/logo\/image\/\",\"url\":\"http:\/\/just-now.news\/de\/wp-content\/uploads\/sites\/3\/2022\/04\/logo500x500.jpg\",\"contentUrl\":\"http:\/\/just-now.news\/de\/wp-content\/uploads\/sites\/3\/2022\/04\/logo500x500.jpg\",\"width\":500,\"height\":500,\"caption\":\"Just Now News\"},\"image\":{\"@id\":\"https:\/\/now-news.de\/de\/#\/schema\/logo\/image\/\"},\"sameAs\":[\"https:\/\/www.facebook.com\/wirmachenauf\",\"https:\/\/x.com\/WirMachenAuf_de\"]},{\"@type\":\"Person\",\"@id\":\"https:\/\/now-news.de\/de\/#\/schema\/person\/fb534a4e865501d8b3285208df34a9b5\",\"name\":\"rtnews\",\"image\":{\"@type\":\"ImageObject\",\"inLanguage\":\"de\",\"@id\":\"https:\/\/now-news.de\/de\/#\/schema\/person\/image\/\",\"url\":\"https:\/\/secure.gravatar.com\/avatar\/82aafea7d8127119dd649515f56e2117?s=96&d=mm&r=g\",\"contentUrl\":\"https:\/\/secure.gravatar.com\/avatar\/82aafea7d8127119dd649515f56e2117?s=96&d=mm&r=g\",\"caption\":\"rtnews\"},\"url\":\"https:\/\/now-news.de\/de\/author\/rnews\/\"}]}<\/script>\n<!-- \/ Yoast SEO Premium plugin. -->","yoast_head_json":{"title":"RWE verlangt Schadensersatz von \u00d6ko-Aktivisten - just-now.NEWS Deutschland","robots":{"index":"index","follow":"follow","max-snippet":"max-snippet:-1","max-image-preview":"max-image-preview:large","max-video-preview":"max-video-preview:-1"},"canonical":"https:\/\/now-news.de\/de\/deutschland\/rwe-verlangt-schadensersatz-von-oeko-aktivisten\/","og_locale":"de_DE","og_type":"article","og_title":"RWE verlangt Schadensersatz von \u00d6ko-Aktivisten","og_description":"Der Energiekonzern will nach der durchgef\u00fchrten R\u00e4umung von L\u00fctzerath von den Umweltaktivisten, die diese mit ihren Aktionen blockiert hatten, Schadensersatz in zivilrechtlichen Prozessen erzwingen. Nach der R\u00e4umung des Dorfes L\u00fctzerath hat der Energiekonzern\u00a0RWE\u00a0zivilrechtliche Schritte gegen Demonstranten angek\u00fcndigt. &#8220;Nat\u00fcrlich m\u00fcssen alle St\u00f6rer mit einer Schadenersatzforderung rechnen&#8221;, sagte Konzernsprecher Guido Steffen der Neuen Osnabr\u00fccker Zeitung am Samstag. [&hellip;]","og_url":"https:\/\/now-news.de\/de\/deutschland\/rwe-verlangt-schadensersatz-von-oeko-aktivisten\/","og_site_name":"just-now.NEWS Deutschland","article_publisher":"https:\/\/www.facebook.com\/wirmachenauf","article_published_time":"2023-01-21T21:43:40+00:00","og_image":[{"width":460,"height":259,"url":"https:\/\/now-news.de\/de\/wp-content\/uploads\/sites\/3\/2023\/01\/RWE-verlangt-Schadensersatz-von-Oeko-Aktivisten.jpg","type":"image\/jpeg"}],"author":"rtnews","twitter_card":"summary_large_image","twitter_creator":"@WirMachenAuf_de","twitter_site":"@WirMachenAuf_de","twitter_misc":{"Verfasst von":"rtnews","Gesch\u00e4tzte Lesezeit":"1\u00a0Minute"},"schema":{"@context":"https:\/\/schema.org","@graph":[{"@type":"Article","@id":"https:\/\/now-news.de\/de\/deutschland\/rwe-verlangt-schadensersatz-von-oeko-aktivisten\/#article","isPartOf":{"@id":"https:\/\/now-news.de\/de\/deutschland\/rwe-verlangt-schadensersatz-von-oeko-aktivisten\/"},"author":{"name":"rtnews","@id":"https:\/\/now-news.de\/de\/#\/schema\/person\/fb534a4e865501d8b3285208df34a9b5"},"headline":"RWE verlangt Schadensersatz von \u00d6ko-Aktivisten","datePublished":"2023-01-21T21:43:40+00:00","dateModified":"2023-01-21T21:43:40+00:00","mainEntityOfPage":{"@id":"https:\/\/now-news.de\/de\/deutschland\/rwe-verlangt-schadensersatz-von-oeko-aktivisten\/"},"wordCount":184,"commentCount":0,"publisher":{"@id":"https:\/\/now-news.de\/de\/#organization"},"image":{"@id":"https:\/\/now-news.de\/de\/deutschland\/rwe-verlangt-schadensersatz-von-oeko-aktivisten\/#primaryimage"},"thumbnailUrl":"https:\/\/now-news.de\/de\/wp-content\/uploads\/sites\/3\/2023\/01\/RWE-verlangt-Schadensersatz-von-Oeko-Aktivisten.jpg","keywords":["\u00d6koAktivisten","RWE","Schadensersatz","verlangt","von"],"articleSection":["Deutschland","Russland"],"inLanguage":"de","potentialAction":[{"@type":"CommentAction","name":"Comment","target":["https:\/\/now-news.de\/de\/deutschland\/rwe-verlangt-schadensersatz-von-oeko-aktivisten\/#respond"]}]},{"@type":"WebPage","@id":"https:\/\/now-news.de\/de\/deutschland\/rwe-verlangt-schadensersatz-von-oeko-aktivisten\/","url":"https:\/\/now-news.de\/de\/deutschland\/rwe-verlangt-schadensersatz-von-oeko-aktivisten\/","name":"RWE verlangt Schadensersatz von \u00d6ko-Aktivisten - just-now.NEWS Deutschland","isPartOf":{"@id":"https:\/\/now-news.de\/de\/#website"},"primaryImageOfPage":{"@id":"https:\/\/now-news.de\/de\/deutschland\/rwe-verlangt-schadensersatz-von-oeko-aktivisten\/#primaryimage"},"image":{"@id":"https:\/\/now-news.de\/de\/deutschland\/rwe-verlangt-schadensersatz-von-oeko-aktivisten\/#primaryimage"},"thumbnailUrl":"https:\/\/now-news.de\/de\/wp-content\/uploads\/sites\/3\/2023\/01\/RWE-verlangt-Schadensersatz-von-Oeko-Aktivisten.jpg","datePublished":"2023-01-21T21:43:40+00:00","dateModified":"2023-01-21T21:43:40+00:00","breadcrumb":{"@id":"https:\/\/now-news.de\/de\/deutschland\/rwe-verlangt-schadensersatz-von-oeko-aktivisten\/#breadcrumb"},"inLanguage":"de","potentialAction":[{"@type":"ReadAction","target":["https:\/\/now-news.de\/de\/deutschland\/rwe-verlangt-schadensersatz-von-oeko-aktivisten\/"]}]},{"@type":"ImageObject","inLanguage":"de","@id":"https:\/\/now-news.de\/de\/deutschland\/rwe-verlangt-schadensersatz-von-oeko-aktivisten\/#primaryimage","url":"https:\/\/now-news.de\/de\/wp-content\/uploads\/sites\/3\/2023\/01\/RWE-verlangt-Schadensersatz-von-Oeko-Aktivisten.jpg","contentUrl":"https:\/\/now-news.de\/de\/wp-content\/uploads\/sites\/3\/2023\/01\/RWE-verlangt-Schadensersatz-von-Oeko-Aktivisten.jpg","width":460,"height":259,"caption":"RWE verlangt Schadensersatz von \u00d6ko-Aktivisten"},{"@type":"BreadcrumbList","@id":"https:\/\/now-news.de\/de\/deutschland\/rwe-verlangt-schadensersatz-von-oeko-aktivisten\/#breadcrumb","itemListElement":[{"@type":"ListItem","position":1,"name":"Home","item":"https:\/\/now-news.de\/de\/"},{"@type":"ListItem","position":2,"name":"RWE verlangt Schadensersatz von \u00d6ko-Aktivisten"}]},{"@type":"WebSite","@id":"https:\/\/now-news.de\/de\/#website","url":"https:\/\/now-news.de\/de\/","name":"just-now.NEWS Deutschland","description":"Das Portal f\u00fcr unzensierte Nachrichten aus der Welt","publisher":{"@id":"https:\/\/now-news.de\/de\/#organization"},"potentialAction":[{"@type":"SearchAction","target":{"@type":"EntryPoint","urlTemplate":"https:\/\/now-news.de\/de\/?s={search_term_string}"},"query-input":"required name=search_term_string"}],"inLanguage":"de"},{"@type":"Organization","@id":"https:\/\/now-news.de\/de\/#organization","name":"Just Now News","url":"https:\/\/now-news.de\/de\/","logo":{"@type":"ImageObject","inLanguage":"de","@id":"https:\/\/now-news.de\/de\/#\/schema\/logo\/image\/","url":"http:\/\/just-now.news\/de\/wp-content\/uploads\/sites\/3\/2022\/04\/logo500x500.jpg","contentUrl":"http:\/\/just-now.news\/de\/wp-content\/uploads\/sites\/3\/2022\/04\/logo500x500.jpg","width":500,"height":500,"caption":"Just Now News"},"image":{"@id":"https:\/\/now-news.de\/de\/#\/schema\/logo\/image\/"},"sameAs":["https:\/\/www.facebook.com\/wirmachenauf","https:\/\/x.com\/WirMachenAuf_de"]},{"@type":"Person","@id":"https:\/\/now-news.de\/de\/#\/schema\/person\/fb534a4e865501d8b3285208df34a9b5","name":"rtnews","image":{"@type":"ImageObject","inLanguage":"de","@id":"https:\/\/now-news.de\/de\/#\/schema\/person\/image\/","url":"https:\/\/secure.gravatar.com\/avatar\/82aafea7d8127119dd649515f56e2117?s=96&d=mm&r=g","contentUrl":"https:\/\/secure.gravatar.com\/avatar\/82aafea7d8127119dd649515f56e2117?s=96&d=mm&r=g","caption":"rtnews"},"url":"https:\/\/now-news.de\/de\/author\/rnews\/"}]}},"_links":{"self":[{"href":"https:\/\/now-news.de\/de\/wp-json\/wp\/v2\/posts\/28340"}],"collection":[{"href":"https:\/\/now-news.de\/de\/wp-json\/wp\/v2\/posts"}],"about":[{"href":"https:\/\/now-news.de\/de\/wp-json\/wp\/v2\/types\/post"}],"author":[{"embeddable":true,"href":"https:\/\/now-news.de\/de\/wp-json\/wp\/v2\/users\/3"}],"replies":[{"embeddable":true,"href":"https:\/\/now-news.de\/de\/wp-json\/wp\/v2\/comments?post=28340"}],"version-history":[{"count":0,"href":"https:\/\/now-news.de\/de\/wp-json\/wp\/v2\/posts\/28340\/revisions"}],"wp:featuredmedia":[{"embeddable":true,"href":"https:\/\/now-news.de\/de\/wp-json\/wp\/v2\/media\/28341"}],"wp:attachment":[{"href":"https:\/\/now-news.de\/de\/wp-json\/wp\/v2\/media?parent=28340"}],"wp:term":[{"taxonomy":"category","embeddable":true,"href":"https:\/\/now-news.de\/de\/wp-json\/wp\/v2\/categories?post=28340"},{"taxonomy":"post_tag","embeddable":true,"href":"https:\/\/now-news.de\/de\/wp-json\/wp\/v2\/tags?post=28340"}],"curies":[{"name":"wp","href":"https:\/\/api.w.org\/{rel}","templated":true}]}}