{"id":28291,"date":"2023-01-21T14:31:06","date_gmt":"2023-01-21T12:31:06","guid":{"rendered":"https:\/\/just-now.news\/de\/deutschland\/resolution-des-eu-parlaments-serbien-soll-aussenpolitik-jener-der-eu-angleichen\/"},"modified":"2023-01-21T14:31:06","modified_gmt":"2023-01-21T12:31:06","slug":"resolution-des-eu-parlaments-serbien-soll-aussenpolitik-jener-der-eu-angleichen","status":"publish","type":"post","link":"https:\/\/now-news.de\/de\/deutschland\/resolution-des-eu-parlaments-serbien-soll-aussenpolitik-jener-der-eu-angleichen\/","title":{"rendered":"Resolution des EU-Parlaments: Serbien soll Au\u00dfenpolitik jener der EU angleichen"},"content":{"rendered":"<p><img decoding=\"async\" src=\"http:\/\/just-now.news\/de\/wp-content\/uploads\/sites\/3\/2023\/01\/63cac17eb480cc5ccc0171b1.jpg\" \/><\/p>\n<div class=\"Text-root Text-type_1 \">\n                Das Europ\u00e4ische Parlament bedauert die geringe \u00dcbereinstimmung Belgrads mit der Position der EU gegen\u00fcber Russland. In einer nun angenommenen Resolution wird Serbien als Land mit Kandidatenstatus aufgefordert, seine Au\u00dfenpolitik jener der Europ\u00e4ischen Union anzugleichen.\n            <\/div>\n<p><\/p>\n<div class=\"Text-root Text-type_5 ArticleView-text ViewText-root \">\n<p>Das Europ\u00e4ische Parlament (EP) hat eine Resolution angenommen, in der Serbien aufgefordert wird, sich der Gemeinsamen Au\u00dfen- und Sicherheitspolitik der Europ\u00e4ischen Union \u2013 GASP \u2013 anzuschlie\u00dfen. Und zwar insbesondere, was Sanktionen gegen Drittl\u00e4nder wie Russland betrifft.\u00a0Das Europ\u00e4ische Parlament betonte, dass Belgrad aufgrund seines Kandidatenstatus f\u00fcr die EU-Mitgliedschaft verpflichtet sei, sich an die Werte und Rechte der Staatengemeinschaft zu halten. Der serbische Pr\u00e4sident Aleksandar Vu\u010di\u0107\u00a0hingegen nannte die EP-Resolution &#8220;heuchlerisch&#8221;.<\/p>\n<p>In der am Mittwoch ver\u00f6ffentlichten Resolution, die sich auf den GASP-Jahresbericht 2022 st\u00fctzt, wird betont, es sei wichtig,\u00a0dass die L\u00e4nder des westlichen Balkans vollst\u00e4ndig mit der EU-Politik in Einklang kommen.<\/p>\n<p>Die Autoren des Dokuments lenkten die Aufmerksamkeit besonders auf die Beziehungen Serbiens zu Russland, die fehlende Verurteilung der Handlungen Moskaus in der Ukraine und die &#8220;Folgen dieser Beziehungen f\u00fcr den gesamten westlichen Balkan&#8221;.<\/p>\n<p>Das Parlament bestand zudem darauf, dass neue Kapitel der\u00a0Beitrittsverhandlungen f\u00fcr die EU-Mitgliedschaft Serbiens erst dann er\u00f6ffnet werden sollten, wenn Belgrad &#8220;sein Engagement f\u00fcr Reformen in den Bereichen Demokratie und Rechtsstaatlichkeit verst\u00e4rkt.&#8221; Serbien wurde au\u00dferdem aufgefordert, die Beziehungen zu Kosovo auf der Grundlage der &#8220;gegenseitigen Anerkennung&#8221; zu normalisieren.\u00a0In diesem Zusammenhang r\u00fcgte die EP-Resolution\u00a0Belgrad f\u00fcr sein &#8220;kontinuierliches Muster eskalierender Handlungen&#8221;.<\/p>\n<p>Das Europ\u00e4ische Parlament bekr\u00e4ftigte zudem seinen Standpunkt, dass die Unabh\u00e4ngigkeit der abtr\u00fcnnigen serbischen Provinz Kosovo, die 2008 in Pristina ausgerufen wurde, &#8220;unwiderruflich&#8221; sei. Zugleich wurden die f\u00fcnf EU-Mitgliedstaaten Spanien, Slowakei, Zypern, Rum\u00e4nien und Griechenland, die das Kosovo noch nicht als unabh\u00e4ngigen Staat anerkannt haben, aufgefordert, dies &#8220;mit sofortiger Wirkung&#8221; zu tun.<\/p>\n<p>Vu\u010di\u0107\u00a0bezeichnete die Resolution als &#8220;heuchlerisch&#8221; und als Paradebeispiel f\u00fcr das &#8220;schamlose&#8221; Verhalten des Westens. Der serbische Staatschef sagte\u00a0am\u00a0Rande des Weltwirtschaftsforums im schweizerischen Davos:<\/p>\n<blockquote>\n<p><em>&#8220;Sie organisierten eine gewaltsame Sezession eines Teils unseres Territoriums. Wie weit kann dieses schamlose Verhalten gehen? Mir fehlen die Worte.&#8221;<\/em><\/p>\n<\/blockquote>\n<p>Und er f\u00fcgte hinzu:\u00a0<\/p>\n<blockquote>\n<p><em>&#8220;Nach allem, was ich geh\u00f6rt habe, will keiner von ihnen h\u00f6ren oder sehen, dass es da auch einen anderen Standpunkt gibt. Das einzige, was sie interessiert, ist ein unabh\u00e4ngiges Kosovo, Sanktionen gegen Russland, es gibt keine Opposition.&#8221;<\/em><\/p>\n<\/blockquote>\n<p>Der serbische Au\u00dfenminister Ivica Da\u010di\u0107 verurteilte den Bericht ebenfalls und erkl\u00e4rte:<\/p>\n<blockquote>\n<p><em> &#8220;Bevor das Europ\u00e4ische Parlament Serbien wegen seiner mangelnden Anpassung an die EU-Au\u00dfenpolitik belehrt, sollte es sich mit den grundlegenden Prinzipien des V\u00f6lkerrechts zum Schutz der territorialen Integrit\u00e4t der Staaten der Welt auseinandersetzen.&#8221;<\/em><\/p>\n<\/blockquote>\n<p>Die NATO \u00fcbernahm 1999 die Kontrolle \u00fcber das Kosovo. Zuvor wurde Serbien monatelang seitens der transatlantischen Milit\u00e4rallianz zugunsten der albanischen Separatisten im Kosovo bombardiert, bis die politische F\u00fchrung in Belgrad schlie\u00dflich in einen R\u00fcckzug der serbischen Streit- und Polizeikr\u00e4fte aus der Provinz einwilligte.<\/p>\n<p>Die provisorische Regierung der Provinz, dessen Spitzenpolitiker aus den Reihen der kosovo-albanischen Separatisten stammten, erkl\u00e4rte 2008 \u2013 mit Unterst\u00fctzung vor allem der USA, aber auch der EU mit Deutschland an der Spitze\u00a0\u2013 ihre Unabh\u00e4ngigkeit. Mit Unterst\u00fctzung Russlands und Chinas hat sich Serbien seither dem Druck widersetzt, die Provinz als Staat anzuerkennen. Wie der serbische Pr\u00e4sident nun betonte, sei das Ziel dieser neuen Resolution auch, den &#8220;Druck noch mehr zu <a rel=\"nofollow noopener\" target=\"_blank\" href=\"https:\/\/www.politika.rs\/sr\/clanak\/533157\/Vucic-Cilj-rezolucije-Evropskog-parlamenta-pritisak-na-Srbiju)\">erh\u00f6hen<\/a>.&#8221;\u00a0<\/p>\n<p><strong>Mehr zum Thema<\/strong>\u00a0&#8211;\u00a0<a rel=\"nofollow noopener\" target=\"_blank\" href=\"https:\/\/test.rtde.tech\/international\/video\/140679-usa-druck-auf-serbien\/\">USA: Druck auf Serbien<\/a><\/p>\n<\/div>\n<p><br \/>\n<br \/><a href=\"https:\/\/de.rt.com\/europa\/160511-resolution-eu-parlaments-serbien-soll\/\">Source link <\/a><\/p>\n","protected":false},"excerpt":{"rendered":"<p>Das Europ\u00e4ische Parlament bedauert die geringe \u00dcbereinstimmung Belgrads mit der Position der EU gegen\u00fcber Russland. In einer nun angenommenen Resolution wird Serbien als Land mit Kandidatenstatus aufgefordert, seine Au\u00dfenpolitik jener der Europ\u00e4ischen Union anzugleichen. Das Europ\u00e4ische Parlament (EP) hat eine Resolution angenommen, in der Serbien aufgefordert wird, sich der Gemeinsamen Au\u00dfen- und Sicherheitspolitik der Europ\u00e4ischen [&hellip;]<\/p>\n","protected":false},"author":3,"featured_media":28292,"comment_status":"open","ping_status":"open","sticky":false,"template":"","format":"standard","meta":{"_yoast_indexnow_last_ping":["1674304457"],"wp_automatic_camp":["217"],"004b6413c70b6c9af0036e3a3d012550":["Resolution des EU-Parlaments: Serbien soll Au\u00dfenpolitik jener der EU angleichen"],"original_link":["https:\/\/de.rt.com\/europa\/160511-resolution-eu-parlaments-serbien-soll\/"],"_thumbnail_id":["28292"],"_wptgpro_p2tg_sent2tg":["a:1:{i:23737;s:19:\"2023-01-21 14:35:42\";}"],"jnews_social_counter_last_update":["1777437504"]},"categories":[19,23],"tags":[39421,11441,82,583,34321,39420,28910,978,766],"yoast_head":"<!-- This site is optimized with the Yoast SEO Premium plugin v22.7 (Yoast SEO v22.7) - https:\/\/yoast.com\/wordpress\/plugins\/seo\/ -->\n<title>Resolution des EU-Parlaments: Serbien soll Au\u00dfenpolitik jener der EU angleichen - just-now.NEWS Deutschland<\/title>\n<meta name=\"robots\" content=\"index, follow, max-snippet:-1, max-image-preview:large, max-video-preview:-1\" \/>\n<link rel=\"canonical\" href=\"https:\/\/now-news.de\/de\/deutschland\/resolution-des-eu-parlaments-serbien-soll-aussenpolitik-jener-der-eu-angleichen\/\" \/>\n<meta property=\"og:locale\" content=\"de_DE\" \/>\n<meta property=\"og:type\" content=\"article\" \/>\n<meta property=\"og:title\" content=\"Resolution des EU-Parlaments: Serbien soll Au\u00dfenpolitik jener der EU angleichen\" \/>\n<meta property=\"og:description\" content=\"Das Europ\u00e4ische Parlament bedauert die geringe \u00dcbereinstimmung Belgrads mit der Position der EU gegen\u00fcber Russland. In einer nun angenommenen Resolution wird Serbien als Land mit Kandidatenstatus aufgefordert, seine Au\u00dfenpolitik jener der Europ\u00e4ischen Union anzugleichen. Das Europ\u00e4ische Parlament (EP) hat eine Resolution angenommen, in der Serbien aufgefordert wird, sich der Gemeinsamen Au\u00dfen- und Sicherheitspolitik der Europ\u00e4ischen [&hellip;]\" \/>\n<meta property=\"og:url\" content=\"https:\/\/now-news.de\/de\/deutschland\/resolution-des-eu-parlaments-serbien-soll-aussenpolitik-jener-der-eu-angleichen\/\" \/>\n<meta property=\"og:site_name\" content=\"just-now.NEWS Deutschland\" \/>\n<meta property=\"article:publisher\" content=\"https:\/\/www.facebook.com\/wirmachenauf\" \/>\n<meta property=\"article:published_time\" content=\"2023-01-21T12:31:06+00:00\" \/>\n<meta property=\"og:image\" content=\"https:\/\/now-news.de\/de\/wp-content\/uploads\/sites\/3\/2023\/01\/Resolution-des-EU-Parlaments-Serbien-soll-Aussenpolitik-jener-der-EU-angleichen.jpg\" \/>\n\t<meta property=\"og:image:width\" content=\"460\" \/>\n\t<meta property=\"og:image:height\" content=\"259\" \/>\n\t<meta property=\"og:image:type\" content=\"image\/jpeg\" \/>\n<meta name=\"author\" content=\"rtnews\" \/>\n<meta name=\"twitter:card\" content=\"summary_large_image\" \/>\n<meta name=\"twitter:creator\" content=\"@WirMachenAuf_de\" \/>\n<meta name=\"twitter:site\" content=\"@WirMachenAuf_de\" \/>\n<meta name=\"twitter:label1\" content=\"Verfasst von\" \/>\n\t<meta name=\"twitter:data1\" content=\"rtnews\" \/>\n\t<meta name=\"twitter:label2\" content=\"Gesch\u00e4tzte Lesezeit\" \/>\n\t<meta name=\"twitter:data2\" content=\"3\u00a0Minuten\" \/>\n<script type=\"application\/ld+json\" class=\"yoast-schema-graph\">{\"@context\":\"https:\/\/schema.org\",\"@graph\":[{\"@type\":\"Article\",\"@id\":\"https:\/\/now-news.de\/de\/deutschland\/resolution-des-eu-parlaments-serbien-soll-aussenpolitik-jener-der-eu-angleichen\/#article\",\"isPartOf\":{\"@id\":\"https:\/\/now-news.de\/de\/deutschland\/resolution-des-eu-parlaments-serbien-soll-aussenpolitik-jener-der-eu-angleichen\/\"},\"author\":{\"name\":\"rtnews\",\"@id\":\"https:\/\/now-news.de\/de\/#\/schema\/person\/fb534a4e865501d8b3285208df34a9b5\"},\"headline\":\"Resolution des EU-Parlaments: Serbien soll Au\u00dfenpolitik jener der EU angleichen\",\"datePublished\":\"2023-01-21T12:31:06+00:00\",\"dateModified\":\"2023-01-21T12:31:06+00:00\",\"mainEntityOfPage\":{\"@id\":\"https:\/\/now-news.de\/de\/deutschland\/resolution-des-eu-parlaments-serbien-soll-aussenpolitik-jener-der-eu-angleichen\/\"},\"wordCount\":594,\"commentCount\":0,\"publisher\":{\"@id\":\"https:\/\/now-news.de\/de\/#organization\"},\"image\":{\"@id\":\"https:\/\/now-news.de\/de\/deutschland\/resolution-des-eu-parlaments-serbien-soll-aussenpolitik-jener-der-eu-angleichen\/#primaryimage\"},\"thumbnailUrl\":\"https:\/\/now-news.de\/de\/wp-content\/uploads\/sites\/3\/2023\/01\/Resolution-des-EU-Parlaments-Serbien-soll-Aussenpolitik-jener-der-EU-angleichen.jpg\",\"keywords\":[\"angleichen\",\"au\u00dfenpolitik\",\"der\",\"des\",\"EUParlaments\",\"jener\",\"Resolution\",\"Serbien\",\"soll\"],\"articleSection\":[\"Deutschland\",\"Russland\"],\"inLanguage\":\"de\",\"potentialAction\":[{\"@type\":\"CommentAction\",\"name\":\"Comment\",\"target\":[\"https:\/\/now-news.de\/de\/deutschland\/resolution-des-eu-parlaments-serbien-soll-aussenpolitik-jener-der-eu-angleichen\/#respond\"]}]},{\"@type\":\"WebPage\",\"@id\":\"https:\/\/now-news.de\/de\/deutschland\/resolution-des-eu-parlaments-serbien-soll-aussenpolitik-jener-der-eu-angleichen\/\",\"url\":\"https:\/\/now-news.de\/de\/deutschland\/resolution-des-eu-parlaments-serbien-soll-aussenpolitik-jener-der-eu-angleichen\/\",\"name\":\"Resolution des EU-Parlaments: Serbien soll Au\u00dfenpolitik jener der EU angleichen - just-now.NEWS Deutschland\",\"isPartOf\":{\"@id\":\"https:\/\/now-news.de\/de\/#website\"},\"primaryImageOfPage\":{\"@id\":\"https:\/\/now-news.de\/de\/deutschland\/resolution-des-eu-parlaments-serbien-soll-aussenpolitik-jener-der-eu-angleichen\/#primaryimage\"},\"image\":{\"@id\":\"https:\/\/now-news.de\/de\/deutschland\/resolution-des-eu-parlaments-serbien-soll-aussenpolitik-jener-der-eu-angleichen\/#primaryimage\"},\"thumbnailUrl\":\"https:\/\/now-news.de\/de\/wp-content\/uploads\/sites\/3\/2023\/01\/Resolution-des-EU-Parlaments-Serbien-soll-Aussenpolitik-jener-der-EU-angleichen.jpg\",\"datePublished\":\"2023-01-21T12:31:06+00:00\",\"dateModified\":\"2023-01-21T12:31:06+00:00\",\"breadcrumb\":{\"@id\":\"https:\/\/now-news.de\/de\/deutschland\/resolution-des-eu-parlaments-serbien-soll-aussenpolitik-jener-der-eu-angleichen\/#breadcrumb\"},\"inLanguage\":\"de\",\"potentialAction\":[{\"@type\":\"ReadAction\",\"target\":[\"https:\/\/now-news.de\/de\/deutschland\/resolution-des-eu-parlaments-serbien-soll-aussenpolitik-jener-der-eu-angleichen\/\"]}]},{\"@type\":\"ImageObject\",\"inLanguage\":\"de\",\"@id\":\"https:\/\/now-news.de\/de\/deutschland\/resolution-des-eu-parlaments-serbien-soll-aussenpolitik-jener-der-eu-angleichen\/#primaryimage\",\"url\":\"https:\/\/now-news.de\/de\/wp-content\/uploads\/sites\/3\/2023\/01\/Resolution-des-EU-Parlaments-Serbien-soll-Aussenpolitik-jener-der-EU-angleichen.jpg\",\"contentUrl\":\"https:\/\/now-news.de\/de\/wp-content\/uploads\/sites\/3\/2023\/01\/Resolution-des-EU-Parlaments-Serbien-soll-Aussenpolitik-jener-der-EU-angleichen.jpg\",\"width\":460,\"height\":259,\"caption\":\"Resolution des EU-Parlaments: Serbien soll Au\u00dfenpolitik jener der EU angleichen\"},{\"@type\":\"BreadcrumbList\",\"@id\":\"https:\/\/now-news.de\/de\/deutschland\/resolution-des-eu-parlaments-serbien-soll-aussenpolitik-jener-der-eu-angleichen\/#breadcrumb\",\"itemListElement\":[{\"@type\":\"ListItem\",\"position\":1,\"name\":\"Home\",\"item\":\"https:\/\/now-news.de\/de\/\"},{\"@type\":\"ListItem\",\"position\":2,\"name\":\"Resolution des EU-Parlaments: Serbien soll Au\u00dfenpolitik jener der EU angleichen\"}]},{\"@type\":\"WebSite\",\"@id\":\"https:\/\/now-news.de\/de\/#website\",\"url\":\"https:\/\/now-news.de\/de\/\",\"name\":\"just-now.NEWS Deutschland\",\"description\":\"Das Portal f\u00fcr unzensierte Nachrichten aus der Welt\",\"publisher\":{\"@id\":\"https:\/\/now-news.de\/de\/#organization\"},\"potentialAction\":[{\"@type\":\"SearchAction\",\"target\":{\"@type\":\"EntryPoint\",\"urlTemplate\":\"https:\/\/now-news.de\/de\/?s={search_term_string}\"},\"query-input\":\"required name=search_term_string\"}],\"inLanguage\":\"de\"},{\"@type\":\"Organization\",\"@id\":\"https:\/\/now-news.de\/de\/#organization\",\"name\":\"Just Now News\",\"url\":\"https:\/\/now-news.de\/de\/\",\"logo\":{\"@type\":\"ImageObject\",\"inLanguage\":\"de\",\"@id\":\"https:\/\/now-news.de\/de\/#\/schema\/logo\/image\/\",\"url\":\"http:\/\/just-now.news\/de\/wp-content\/uploads\/sites\/3\/2022\/04\/logo500x500.jpg\",\"contentUrl\":\"http:\/\/just-now.news\/de\/wp-content\/uploads\/sites\/3\/2022\/04\/logo500x500.jpg\",\"width\":500,\"height\":500,\"caption\":\"Just Now News\"},\"image\":{\"@id\":\"https:\/\/now-news.de\/de\/#\/schema\/logo\/image\/\"},\"sameAs\":[\"https:\/\/www.facebook.com\/wirmachenauf\",\"https:\/\/x.com\/WirMachenAuf_de\"]},{\"@type\":\"Person\",\"@id\":\"https:\/\/now-news.de\/de\/#\/schema\/person\/fb534a4e865501d8b3285208df34a9b5\",\"name\":\"rtnews\",\"image\":{\"@type\":\"ImageObject\",\"inLanguage\":\"de\",\"@id\":\"https:\/\/now-news.de\/de\/#\/schema\/person\/image\/\",\"url\":\"https:\/\/secure.gravatar.com\/avatar\/82aafea7d8127119dd649515f56e2117?s=96&d=mm&r=g\",\"contentUrl\":\"https:\/\/secure.gravatar.com\/avatar\/82aafea7d8127119dd649515f56e2117?s=96&d=mm&r=g\",\"caption\":\"rtnews\"},\"url\":\"https:\/\/now-news.de\/de\/author\/rnews\/\"}]}<\/script>\n<!-- \/ Yoast SEO Premium plugin. -->","yoast_head_json":{"title":"Resolution des EU-Parlaments: Serbien soll Au\u00dfenpolitik jener der EU angleichen - just-now.NEWS Deutschland","robots":{"index":"index","follow":"follow","max-snippet":"max-snippet:-1","max-image-preview":"max-image-preview:large","max-video-preview":"max-video-preview:-1"},"canonical":"https:\/\/now-news.de\/de\/deutschland\/resolution-des-eu-parlaments-serbien-soll-aussenpolitik-jener-der-eu-angleichen\/","og_locale":"de_DE","og_type":"article","og_title":"Resolution des EU-Parlaments: Serbien soll Au\u00dfenpolitik jener der EU angleichen","og_description":"Das Europ\u00e4ische Parlament bedauert die geringe \u00dcbereinstimmung Belgrads mit der Position der EU gegen\u00fcber Russland. In einer nun angenommenen Resolution wird Serbien als Land mit Kandidatenstatus aufgefordert, seine Au\u00dfenpolitik jener der Europ\u00e4ischen Union anzugleichen. Das Europ\u00e4ische Parlament (EP) hat eine Resolution angenommen, in der Serbien aufgefordert wird, sich der Gemeinsamen Au\u00dfen- und Sicherheitspolitik der Europ\u00e4ischen [&hellip;]","og_url":"https:\/\/now-news.de\/de\/deutschland\/resolution-des-eu-parlaments-serbien-soll-aussenpolitik-jener-der-eu-angleichen\/","og_site_name":"just-now.NEWS Deutschland","article_publisher":"https:\/\/www.facebook.com\/wirmachenauf","article_published_time":"2023-01-21T12:31:06+00:00","og_image":[{"width":460,"height":259,"url":"https:\/\/now-news.de\/de\/wp-content\/uploads\/sites\/3\/2023\/01\/Resolution-des-EU-Parlaments-Serbien-soll-Aussenpolitik-jener-der-EU-angleichen.jpg","type":"image\/jpeg"}],"author":"rtnews","twitter_card":"summary_large_image","twitter_creator":"@WirMachenAuf_de","twitter_site":"@WirMachenAuf_de","twitter_misc":{"Verfasst von":"rtnews","Gesch\u00e4tzte Lesezeit":"3\u00a0Minuten"},"schema":{"@context":"https:\/\/schema.org","@graph":[{"@type":"Article","@id":"https:\/\/now-news.de\/de\/deutschland\/resolution-des-eu-parlaments-serbien-soll-aussenpolitik-jener-der-eu-angleichen\/#article","isPartOf":{"@id":"https:\/\/now-news.de\/de\/deutschland\/resolution-des-eu-parlaments-serbien-soll-aussenpolitik-jener-der-eu-angleichen\/"},"author":{"name":"rtnews","@id":"https:\/\/now-news.de\/de\/#\/schema\/person\/fb534a4e865501d8b3285208df34a9b5"},"headline":"Resolution des EU-Parlaments: Serbien soll Au\u00dfenpolitik jener der EU angleichen","datePublished":"2023-01-21T12:31:06+00:00","dateModified":"2023-01-21T12:31:06+00:00","mainEntityOfPage":{"@id":"https:\/\/now-news.de\/de\/deutschland\/resolution-des-eu-parlaments-serbien-soll-aussenpolitik-jener-der-eu-angleichen\/"},"wordCount":594,"commentCount":0,"publisher":{"@id":"https:\/\/now-news.de\/de\/#organization"},"image":{"@id":"https:\/\/now-news.de\/de\/deutschland\/resolution-des-eu-parlaments-serbien-soll-aussenpolitik-jener-der-eu-angleichen\/#primaryimage"},"thumbnailUrl":"https:\/\/now-news.de\/de\/wp-content\/uploads\/sites\/3\/2023\/01\/Resolution-des-EU-Parlaments-Serbien-soll-Aussenpolitik-jener-der-EU-angleichen.jpg","keywords":["angleichen","au\u00dfenpolitik","der","des","EUParlaments","jener","Resolution","Serbien","soll"],"articleSection":["Deutschland","Russland"],"inLanguage":"de","potentialAction":[{"@type":"CommentAction","name":"Comment","target":["https:\/\/now-news.de\/de\/deutschland\/resolution-des-eu-parlaments-serbien-soll-aussenpolitik-jener-der-eu-angleichen\/#respond"]}]},{"@type":"WebPage","@id":"https:\/\/now-news.de\/de\/deutschland\/resolution-des-eu-parlaments-serbien-soll-aussenpolitik-jener-der-eu-angleichen\/","url":"https:\/\/now-news.de\/de\/deutschland\/resolution-des-eu-parlaments-serbien-soll-aussenpolitik-jener-der-eu-angleichen\/","name":"Resolution des EU-Parlaments: Serbien soll Au\u00dfenpolitik jener der EU angleichen - just-now.NEWS Deutschland","isPartOf":{"@id":"https:\/\/now-news.de\/de\/#website"},"primaryImageOfPage":{"@id":"https:\/\/now-news.de\/de\/deutschland\/resolution-des-eu-parlaments-serbien-soll-aussenpolitik-jener-der-eu-angleichen\/#primaryimage"},"image":{"@id":"https:\/\/now-news.de\/de\/deutschland\/resolution-des-eu-parlaments-serbien-soll-aussenpolitik-jener-der-eu-angleichen\/#primaryimage"},"thumbnailUrl":"https:\/\/now-news.de\/de\/wp-content\/uploads\/sites\/3\/2023\/01\/Resolution-des-EU-Parlaments-Serbien-soll-Aussenpolitik-jener-der-EU-angleichen.jpg","datePublished":"2023-01-21T12:31:06+00:00","dateModified":"2023-01-21T12:31:06+00:00","breadcrumb":{"@id":"https:\/\/now-news.de\/de\/deutschland\/resolution-des-eu-parlaments-serbien-soll-aussenpolitik-jener-der-eu-angleichen\/#breadcrumb"},"inLanguage":"de","potentialAction":[{"@type":"ReadAction","target":["https:\/\/now-news.de\/de\/deutschland\/resolution-des-eu-parlaments-serbien-soll-aussenpolitik-jener-der-eu-angleichen\/"]}]},{"@type":"ImageObject","inLanguage":"de","@id":"https:\/\/now-news.de\/de\/deutschland\/resolution-des-eu-parlaments-serbien-soll-aussenpolitik-jener-der-eu-angleichen\/#primaryimage","url":"https:\/\/now-news.de\/de\/wp-content\/uploads\/sites\/3\/2023\/01\/Resolution-des-EU-Parlaments-Serbien-soll-Aussenpolitik-jener-der-EU-angleichen.jpg","contentUrl":"https:\/\/now-news.de\/de\/wp-content\/uploads\/sites\/3\/2023\/01\/Resolution-des-EU-Parlaments-Serbien-soll-Aussenpolitik-jener-der-EU-angleichen.jpg","width":460,"height":259,"caption":"Resolution des EU-Parlaments: Serbien soll Au\u00dfenpolitik jener der EU angleichen"},{"@type":"BreadcrumbList","@id":"https:\/\/now-news.de\/de\/deutschland\/resolution-des-eu-parlaments-serbien-soll-aussenpolitik-jener-der-eu-angleichen\/#breadcrumb","itemListElement":[{"@type":"ListItem","position":1,"name":"Home","item":"https:\/\/now-news.de\/de\/"},{"@type":"ListItem","position":2,"name":"Resolution des EU-Parlaments: Serbien soll Au\u00dfenpolitik jener der EU angleichen"}]},{"@type":"WebSite","@id":"https:\/\/now-news.de\/de\/#website","url":"https:\/\/now-news.de\/de\/","name":"just-now.NEWS Deutschland","description":"Das Portal f\u00fcr unzensierte Nachrichten aus der Welt","publisher":{"@id":"https:\/\/now-news.de\/de\/#organization"},"potentialAction":[{"@type":"SearchAction","target":{"@type":"EntryPoint","urlTemplate":"https:\/\/now-news.de\/de\/?s={search_term_string}"},"query-input":"required name=search_term_string"}],"inLanguage":"de"},{"@type":"Organization","@id":"https:\/\/now-news.de\/de\/#organization","name":"Just Now News","url":"https:\/\/now-news.de\/de\/","logo":{"@type":"ImageObject","inLanguage":"de","@id":"https:\/\/now-news.de\/de\/#\/schema\/logo\/image\/","url":"http:\/\/just-now.news\/de\/wp-content\/uploads\/sites\/3\/2022\/04\/logo500x500.jpg","contentUrl":"http:\/\/just-now.news\/de\/wp-content\/uploads\/sites\/3\/2022\/04\/logo500x500.jpg","width":500,"height":500,"caption":"Just Now News"},"image":{"@id":"https:\/\/now-news.de\/de\/#\/schema\/logo\/image\/"},"sameAs":["https:\/\/www.facebook.com\/wirmachenauf","https:\/\/x.com\/WirMachenAuf_de"]},{"@type":"Person","@id":"https:\/\/now-news.de\/de\/#\/schema\/person\/fb534a4e865501d8b3285208df34a9b5","name":"rtnews","image":{"@type":"ImageObject","inLanguage":"de","@id":"https:\/\/now-news.de\/de\/#\/schema\/person\/image\/","url":"https:\/\/secure.gravatar.com\/avatar\/82aafea7d8127119dd649515f56e2117?s=96&d=mm&r=g","contentUrl":"https:\/\/secure.gravatar.com\/avatar\/82aafea7d8127119dd649515f56e2117?s=96&d=mm&r=g","caption":"rtnews"},"url":"https:\/\/now-news.de\/de\/author\/rnews\/"}]}},"_links":{"self":[{"href":"https:\/\/now-news.de\/de\/wp-json\/wp\/v2\/posts\/28291"}],"collection":[{"href":"https:\/\/now-news.de\/de\/wp-json\/wp\/v2\/posts"}],"about":[{"href":"https:\/\/now-news.de\/de\/wp-json\/wp\/v2\/types\/post"}],"author":[{"embeddable":true,"href":"https:\/\/now-news.de\/de\/wp-json\/wp\/v2\/users\/3"}],"replies":[{"embeddable":true,"href":"https:\/\/now-news.de\/de\/wp-json\/wp\/v2\/comments?post=28291"}],"version-history":[{"count":0,"href":"https:\/\/now-news.de\/de\/wp-json\/wp\/v2\/posts\/28291\/revisions"}],"wp:featuredmedia":[{"embeddable":true,"href":"https:\/\/now-news.de\/de\/wp-json\/wp\/v2\/media\/28292"}],"wp:attachment":[{"href":"https:\/\/now-news.de\/de\/wp-json\/wp\/v2\/media?parent=28291"}],"wp:term":[{"taxonomy":"category","embeddable":true,"href":"https:\/\/now-news.de\/de\/wp-json\/wp\/v2\/categories?post=28291"},{"taxonomy":"post_tag","embeddable":true,"href":"https:\/\/now-news.de\/de\/wp-json\/wp\/v2\/tags?post=28291"}],"curies":[{"name":"wp","href":"https:\/\/api.w.org\/{rel}","templated":true}]}}