{"id":28267,"date":"2023-01-20T23:29:29","date_gmt":"2023-01-20T21:29:29","guid":{"rendered":"https:\/\/just-now.news\/de\/deutschland\/frankreich-erhoeht-militaerausgaben-auf-400-milliarden-euro\/"},"modified":"2023-01-20T23:29:29","modified_gmt":"2023-01-20T21:29:29","slug":"frankreich-erhoeht-militaerausgaben-auf-400-milliarden-euro","status":"publish","type":"post","link":"https:\/\/now-news.de\/de\/deutschland\/frankreich-erhoeht-militaerausgaben-auf-400-milliarden-euro\/","title":{"rendered":"Frankreich erh\u00f6ht Milit\u00e4rausgaben auf 400 Milliarden Euro"},"content":{"rendered":"<p><img decoding=\"async\" src=\"http:\/\/just-now.news\/de\/wp-content\/uploads\/sites\/3\/2023\/01\/63ca99adb480cc6ab424368e.jpg\" \/><\/p>\n<div class=\"Text-root Text-type_1 \">\n                Die franz\u00f6sischen Streitkr\u00e4fte werden im Zeitraum von 2024 bis 2030 ein Budget von 400 Milliarden Euro erhalten, ein Drittel mehr als der vorherige Rahmen, wie der franz\u00f6sische Pr\u00e4sident Emmanuel Macron am Freitag ank\u00fcndigte.\n            <\/div>\n<p><\/p>\n<div class=\"Text-root Text-type_5 ArticleView-text ViewText-root \">\n<p>&#8220;Das Milit\u00e4rprogrammgesetz spiegelt die Anstrengungen des Landes zugunsten seiner Armeen wider&#8221; und &#8220;diese Anstrengungen werden im Verh\u00e4ltnis zu den Gefahren stehen, d. h. betr\u00e4chtlich sein&#8221;, sagte Macron bei seinen Neujahrsw\u00fcnschen f\u00fcr die Armeen auf dem Luftwaffenst\u00fctzpunkt Mont-de-Marsan und f\u00fcgte hinzu, dass &#8220;nachdem wir die Armeen repariert haben, werden wir sie umgestalten&#8221;.<\/p>\n<p>Dar\u00fcber hinaus werde das Budget f\u00fcr den milit\u00e4rischen Nachrichtendienst im Zeitraum 2024 bis 2030 um fast 60 Prozent erh\u00f6ht, k\u00fcndigte Macron an. Das Budget der Direktion f\u00fcr milit\u00e4rische Aufkl\u00e4rung (Direction du renseignement militaire, DRM) und der Direktion f\u00fcr Aufkl\u00e4rung und Sicherheit der Verteidigung (Direction du renseignement et de la s\u00e9curit\u00e9 de la d\u00e9fense, DRSD) werde insbesondere verdoppelt.<\/p>\n<p>Wenn man die Erh\u00f6hungen seit 2019 mit einrechne, bedeute dies eine Verdoppelung der Milit\u00e4rausgaben Frankreichs und die gr\u00f6\u00dfte Verteidigungsanstrengung seit 50 Jahren. Die Armee m\u00fcsse schneller reagieren k\u00f6nnen und schnell an St\u00e4rke gewinnen, so Macron weiter. Mit Blick auf den\u00a0Konflikt in der Ukraine werde Frankreich seine Abschreckung auch im nuklearen Bereich erh\u00f6hen, so Macron. Und weiter:<\/p>\n<blockquote>\n<p><em>&#8220;Es gibt keine Friedensdividende mehr nach dem von Russland gestarteten Angriff auf die Ukraine.&#8221;<\/em><\/p>\n<\/blockquote>\n<p>Die gemeinsame europ\u00e4ische Verteidigungspolitik m\u00fcsse weiter gest\u00e4rkt werden, sagte\u00a0Macron. Neben der technischen Verzahnung der Streitkr\u00e4fte und einer gemeinsamen Strategie gehe es um die europ\u00e4ische F\u00e4higkeit, zusammen eine gro\u00dfe Milit\u00e4roperation zu leiten. F\u00fcr Frankreich bedeute dies, bis zu 20.000 Soldaten daf\u00fcr stellen zu k\u00f6nnen.<\/p>\n<p><strong>Mehr zum Thema<\/strong>\u00a0&#8211; <a rel=\"nofollow noopener\" target=\"_blank\" href=\"https:\/\/de.rt.com\/europa\/160465-rt-bankkonten-in-frankreich-gesperrt\/\">RT-Bankkonten in Frankreich gesperrt<\/a><\/p>\n<div class=\"EmbedBlock-root EmbedBlock-externalVideo EmbedBlock-vk\">\n<div class=\"VkEmbed\"><iframe class=\"lazyload\" data-src=\"https:\/\/vk.com\/video_ext.php?oid=-134310637&amp;id=456262669&amp;hash=93a68cc352b3e230\" frameborder=\"0\" width=\"853\" height=\"480\" allowfullscreen><\/iframe><\/div>\n<\/div>\n<\/div>\n<p><br \/>\n<br \/><a href=\"https:\/\/de.rt.com\/international\/160492-frankreich-erhoeht-militaerausgaben-auf-400\/\">Source link <\/a><\/p>\n","protected":false},"excerpt":{"rendered":"<p>Die franz\u00f6sischen Streitkr\u00e4fte werden im Zeitraum von 2024 bis 2030 ein Budget von 400 Milliarden Euro erhalten, ein Drittel mehr als der vorherige Rahmen, wie der franz\u00f6sische Pr\u00e4sident Emmanuel Macron am Freitag ank\u00fcndigte. &#8220;Das Milit\u00e4rprogrammgesetz spiegelt die Anstrengungen des Landes zugunsten seiner Armeen wider&#8221; und &#8220;diese Anstrengungen werden im Verh\u00e4ltnis zu den Gefahren stehen, d. [&hellip;]<\/p>\n","protected":false},"author":3,"featured_media":28268,"comment_status":"open","ping_status":"open","sticky":false,"template":"","format":"standard","meta":{"_yoast_indexnow_last_ping":["1674250201"],"wp_automatic_camp":["217"],"b8a10ea5f35b9b4158283a50dc043912":["Frankreich erh\u00f6ht Milit\u00e4rausgaben auf 400 Milliarden Euro"],"original_link":["https:\/\/de.rt.com\/international\/160492-frankreich-erhoeht-militaerausgaben-auf-400\/"],"_thumbnail_id":["28268"],"jnews_social_counter_last_update":["1777655037"],"_wptgpro_p2tg_sent2tg":["a:1:{i:23737;s:19:\"2023-01-20 23:31:08\";}"]},"categories":[19,23],"tags":[133,3073,1005,3320,10292,1004],"yoast_head":"<!-- This site is optimized with the Yoast SEO Premium plugin v22.7 (Yoast SEO v22.7) - https:\/\/yoast.com\/wordpress\/plugins\/seo\/ -->\n<title>Frankreich erh\u00f6ht Milit\u00e4rausgaben auf 400 Milliarden Euro - just-now.NEWS Deutschland<\/title>\n<meta name=\"robots\" content=\"index, follow, max-snippet:-1, max-image-preview:large, max-video-preview:-1\" \/>\n<link rel=\"canonical\" href=\"https:\/\/now-news.de\/de\/deutschland\/frankreich-erhoeht-militaerausgaben-auf-400-milliarden-euro\/\" \/>\n<meta property=\"og:locale\" content=\"de_DE\" \/>\n<meta property=\"og:type\" content=\"article\" \/>\n<meta property=\"og:title\" content=\"Frankreich erh\u00f6ht Milit\u00e4rausgaben auf 400 Milliarden Euro\" \/>\n<meta property=\"og:description\" content=\"Die franz\u00f6sischen Streitkr\u00e4fte werden im Zeitraum von 2024 bis 2030 ein Budget von 400 Milliarden Euro erhalten, ein Drittel mehr als der vorherige Rahmen, wie der franz\u00f6sische Pr\u00e4sident Emmanuel Macron am Freitag ank\u00fcndigte. &#8220;Das Milit\u00e4rprogrammgesetz spiegelt die Anstrengungen des Landes zugunsten seiner Armeen wider&#8221; und &#8220;diese Anstrengungen werden im Verh\u00e4ltnis zu den Gefahren stehen, d. [&hellip;]\" \/>\n<meta property=\"og:url\" content=\"https:\/\/now-news.de\/de\/deutschland\/frankreich-erhoeht-militaerausgaben-auf-400-milliarden-euro\/\" \/>\n<meta property=\"og:site_name\" content=\"just-now.NEWS Deutschland\" \/>\n<meta property=\"article:publisher\" content=\"https:\/\/www.facebook.com\/wirmachenauf\" \/>\n<meta property=\"article:published_time\" content=\"2023-01-20T21:29:29+00:00\" \/>\n<meta property=\"og:image\" content=\"https:\/\/now-news.de\/de\/wp-content\/uploads\/sites\/3\/2023\/01\/Frankreich-erhoeht-Militaerausgaben-auf-400-Milliarden-Euro.jpg\" \/>\n\t<meta property=\"og:image:width\" content=\"460\" \/>\n\t<meta property=\"og:image:height\" content=\"259\" \/>\n\t<meta property=\"og:image:type\" content=\"image\/jpeg\" \/>\n<meta name=\"author\" content=\"rtnews\" \/>\n<meta name=\"twitter:card\" content=\"summary_large_image\" \/>\n<meta name=\"twitter:creator\" content=\"@WirMachenAuf_de\" \/>\n<meta name=\"twitter:site\" content=\"@WirMachenAuf_de\" \/>\n<meta name=\"twitter:label1\" content=\"Verfasst von\" \/>\n\t<meta name=\"twitter:data1\" content=\"rtnews\" \/>\n\t<meta name=\"twitter:label2\" content=\"Gesch\u00e4tzte Lesezeit\" \/>\n\t<meta name=\"twitter:data2\" content=\"2\u00a0Minuten\" \/>\n<script type=\"application\/ld+json\" class=\"yoast-schema-graph\">{\"@context\":\"https:\/\/schema.org\",\"@graph\":[{\"@type\":\"Article\",\"@id\":\"https:\/\/now-news.de\/de\/deutschland\/frankreich-erhoeht-militaerausgaben-auf-400-milliarden-euro\/#article\",\"isPartOf\":{\"@id\":\"https:\/\/now-news.de\/de\/deutschland\/frankreich-erhoeht-militaerausgaben-auf-400-milliarden-euro\/\"},\"author\":{\"name\":\"rtnews\",\"@id\":\"https:\/\/now-news.de\/de\/#\/schema\/person\/fb534a4e865501d8b3285208df34a9b5\"},\"headline\":\"Frankreich erh\u00f6ht Milit\u00e4rausgaben auf 400 Milliarden Euro\",\"datePublished\":\"2023-01-20T21:29:29+00:00\",\"dateModified\":\"2023-01-20T21:29:29+00:00\",\"mainEntityOfPage\":{\"@id\":\"https:\/\/now-news.de\/de\/deutschland\/frankreich-erhoeht-militaerausgaben-auf-400-milliarden-euro\/\"},\"wordCount\":308,\"commentCount\":0,\"publisher\":{\"@id\":\"https:\/\/now-news.de\/de\/#organization\"},\"image\":{\"@id\":\"https:\/\/now-news.de\/de\/deutschland\/frankreich-erhoeht-militaerausgaben-auf-400-milliarden-euro\/#primaryimage\"},\"thumbnailUrl\":\"https:\/\/now-news.de\/de\/wp-content\/uploads\/sites\/3\/2023\/01\/Frankreich-erhoeht-Militaerausgaben-auf-400-Milliarden-Euro.jpg\",\"keywords\":[\"AUF\",\"erh\u00f6ht\",\"Euro\",\"Frankreich\",\"Milit\u00e4rausgaben\",\"Milliarden\"],\"articleSection\":[\"Deutschland\",\"Russland\"],\"inLanguage\":\"de\",\"potentialAction\":[{\"@type\":\"CommentAction\",\"name\":\"Comment\",\"target\":[\"https:\/\/now-news.de\/de\/deutschland\/frankreich-erhoeht-militaerausgaben-auf-400-milliarden-euro\/#respond\"]}]},{\"@type\":\"WebPage\",\"@id\":\"https:\/\/now-news.de\/de\/deutschland\/frankreich-erhoeht-militaerausgaben-auf-400-milliarden-euro\/\",\"url\":\"https:\/\/now-news.de\/de\/deutschland\/frankreich-erhoeht-militaerausgaben-auf-400-milliarden-euro\/\",\"name\":\"Frankreich erh\u00f6ht Milit\u00e4rausgaben auf 400 Milliarden Euro - just-now.NEWS Deutschland\",\"isPartOf\":{\"@id\":\"https:\/\/now-news.de\/de\/#website\"},\"primaryImageOfPage\":{\"@id\":\"https:\/\/now-news.de\/de\/deutschland\/frankreich-erhoeht-militaerausgaben-auf-400-milliarden-euro\/#primaryimage\"},\"image\":{\"@id\":\"https:\/\/now-news.de\/de\/deutschland\/frankreich-erhoeht-militaerausgaben-auf-400-milliarden-euro\/#primaryimage\"},\"thumbnailUrl\":\"https:\/\/now-news.de\/de\/wp-content\/uploads\/sites\/3\/2023\/01\/Frankreich-erhoeht-Militaerausgaben-auf-400-Milliarden-Euro.jpg\",\"datePublished\":\"2023-01-20T21:29:29+00:00\",\"dateModified\":\"2023-01-20T21:29:29+00:00\",\"breadcrumb\":{\"@id\":\"https:\/\/now-news.de\/de\/deutschland\/frankreich-erhoeht-militaerausgaben-auf-400-milliarden-euro\/#breadcrumb\"},\"inLanguage\":\"de\",\"potentialAction\":[{\"@type\":\"ReadAction\",\"target\":[\"https:\/\/now-news.de\/de\/deutschland\/frankreich-erhoeht-militaerausgaben-auf-400-milliarden-euro\/\"]}]},{\"@type\":\"ImageObject\",\"inLanguage\":\"de\",\"@id\":\"https:\/\/now-news.de\/de\/deutschland\/frankreich-erhoeht-militaerausgaben-auf-400-milliarden-euro\/#primaryimage\",\"url\":\"https:\/\/now-news.de\/de\/wp-content\/uploads\/sites\/3\/2023\/01\/Frankreich-erhoeht-Militaerausgaben-auf-400-Milliarden-Euro.jpg\",\"contentUrl\":\"https:\/\/now-news.de\/de\/wp-content\/uploads\/sites\/3\/2023\/01\/Frankreich-erhoeht-Militaerausgaben-auf-400-Milliarden-Euro.jpg\",\"width\":460,\"height\":259,\"caption\":\"Frankreich erh\u00f6ht Milit\u00e4rausgaben auf 400 Milliarden Euro\"},{\"@type\":\"BreadcrumbList\",\"@id\":\"https:\/\/now-news.de\/de\/deutschland\/frankreich-erhoeht-militaerausgaben-auf-400-milliarden-euro\/#breadcrumb\",\"itemListElement\":[{\"@type\":\"ListItem\",\"position\":1,\"name\":\"Home\",\"item\":\"https:\/\/now-news.de\/de\/\"},{\"@type\":\"ListItem\",\"position\":2,\"name\":\"Frankreich erh\u00f6ht Milit\u00e4rausgaben auf 400 Milliarden Euro\"}]},{\"@type\":\"WebSite\",\"@id\":\"https:\/\/now-news.de\/de\/#website\",\"url\":\"https:\/\/now-news.de\/de\/\",\"name\":\"just-now.NEWS Deutschland\",\"description\":\"Das Portal f\u00fcr unzensierte Nachrichten aus der Welt\",\"publisher\":{\"@id\":\"https:\/\/now-news.de\/de\/#organization\"},\"potentialAction\":[{\"@type\":\"SearchAction\",\"target\":{\"@type\":\"EntryPoint\",\"urlTemplate\":\"https:\/\/now-news.de\/de\/?s={search_term_string}\"},\"query-input\":\"required name=search_term_string\"}],\"inLanguage\":\"de\"},{\"@type\":\"Organization\",\"@id\":\"https:\/\/now-news.de\/de\/#organization\",\"name\":\"Just Now News\",\"url\":\"https:\/\/now-news.de\/de\/\",\"logo\":{\"@type\":\"ImageObject\",\"inLanguage\":\"de\",\"@id\":\"https:\/\/now-news.de\/de\/#\/schema\/logo\/image\/\",\"url\":\"http:\/\/just-now.news\/de\/wp-content\/uploads\/sites\/3\/2022\/04\/logo500x500.jpg\",\"contentUrl\":\"http:\/\/just-now.news\/de\/wp-content\/uploads\/sites\/3\/2022\/04\/logo500x500.jpg\",\"width\":500,\"height\":500,\"caption\":\"Just Now News\"},\"image\":{\"@id\":\"https:\/\/now-news.de\/de\/#\/schema\/logo\/image\/\"},\"sameAs\":[\"https:\/\/www.facebook.com\/wirmachenauf\",\"https:\/\/x.com\/WirMachenAuf_de\"]},{\"@type\":\"Person\",\"@id\":\"https:\/\/now-news.de\/de\/#\/schema\/person\/fb534a4e865501d8b3285208df34a9b5\",\"name\":\"rtnews\",\"image\":{\"@type\":\"ImageObject\",\"inLanguage\":\"de\",\"@id\":\"https:\/\/now-news.de\/de\/#\/schema\/person\/image\/\",\"url\":\"https:\/\/secure.gravatar.com\/avatar\/82aafea7d8127119dd649515f56e2117?s=96&d=mm&r=g\",\"contentUrl\":\"https:\/\/secure.gravatar.com\/avatar\/82aafea7d8127119dd649515f56e2117?s=96&d=mm&r=g\",\"caption\":\"rtnews\"},\"url\":\"https:\/\/now-news.de\/de\/author\/rnews\/\"}]}<\/script>\n<!-- \/ Yoast SEO Premium plugin. -->","yoast_head_json":{"title":"Frankreich erh\u00f6ht Milit\u00e4rausgaben auf 400 Milliarden Euro - just-now.NEWS Deutschland","robots":{"index":"index","follow":"follow","max-snippet":"max-snippet:-1","max-image-preview":"max-image-preview:large","max-video-preview":"max-video-preview:-1"},"canonical":"https:\/\/now-news.de\/de\/deutschland\/frankreich-erhoeht-militaerausgaben-auf-400-milliarden-euro\/","og_locale":"de_DE","og_type":"article","og_title":"Frankreich erh\u00f6ht Milit\u00e4rausgaben auf 400 Milliarden Euro","og_description":"Die franz\u00f6sischen Streitkr\u00e4fte werden im Zeitraum von 2024 bis 2030 ein Budget von 400 Milliarden Euro erhalten, ein Drittel mehr als der vorherige Rahmen, wie der franz\u00f6sische Pr\u00e4sident Emmanuel Macron am Freitag ank\u00fcndigte. &#8220;Das Milit\u00e4rprogrammgesetz spiegelt die Anstrengungen des Landes zugunsten seiner Armeen wider&#8221; und &#8220;diese Anstrengungen werden im Verh\u00e4ltnis zu den Gefahren stehen, d. [&hellip;]","og_url":"https:\/\/now-news.de\/de\/deutschland\/frankreich-erhoeht-militaerausgaben-auf-400-milliarden-euro\/","og_site_name":"just-now.NEWS Deutschland","article_publisher":"https:\/\/www.facebook.com\/wirmachenauf","article_published_time":"2023-01-20T21:29:29+00:00","og_image":[{"width":460,"height":259,"url":"https:\/\/now-news.de\/de\/wp-content\/uploads\/sites\/3\/2023\/01\/Frankreich-erhoeht-Militaerausgaben-auf-400-Milliarden-Euro.jpg","type":"image\/jpeg"}],"author":"rtnews","twitter_card":"summary_large_image","twitter_creator":"@WirMachenAuf_de","twitter_site":"@WirMachenAuf_de","twitter_misc":{"Verfasst von":"rtnews","Gesch\u00e4tzte Lesezeit":"2\u00a0Minuten"},"schema":{"@context":"https:\/\/schema.org","@graph":[{"@type":"Article","@id":"https:\/\/now-news.de\/de\/deutschland\/frankreich-erhoeht-militaerausgaben-auf-400-milliarden-euro\/#article","isPartOf":{"@id":"https:\/\/now-news.de\/de\/deutschland\/frankreich-erhoeht-militaerausgaben-auf-400-milliarden-euro\/"},"author":{"name":"rtnews","@id":"https:\/\/now-news.de\/de\/#\/schema\/person\/fb534a4e865501d8b3285208df34a9b5"},"headline":"Frankreich erh\u00f6ht Milit\u00e4rausgaben auf 400 Milliarden Euro","datePublished":"2023-01-20T21:29:29+00:00","dateModified":"2023-01-20T21:29:29+00:00","mainEntityOfPage":{"@id":"https:\/\/now-news.de\/de\/deutschland\/frankreich-erhoeht-militaerausgaben-auf-400-milliarden-euro\/"},"wordCount":308,"commentCount":0,"publisher":{"@id":"https:\/\/now-news.de\/de\/#organization"},"image":{"@id":"https:\/\/now-news.de\/de\/deutschland\/frankreich-erhoeht-militaerausgaben-auf-400-milliarden-euro\/#primaryimage"},"thumbnailUrl":"https:\/\/now-news.de\/de\/wp-content\/uploads\/sites\/3\/2023\/01\/Frankreich-erhoeht-Militaerausgaben-auf-400-Milliarden-Euro.jpg","keywords":["AUF","erh\u00f6ht","Euro","Frankreich","Milit\u00e4rausgaben","Milliarden"],"articleSection":["Deutschland","Russland"],"inLanguage":"de","potentialAction":[{"@type":"CommentAction","name":"Comment","target":["https:\/\/now-news.de\/de\/deutschland\/frankreich-erhoeht-militaerausgaben-auf-400-milliarden-euro\/#respond"]}]},{"@type":"WebPage","@id":"https:\/\/now-news.de\/de\/deutschland\/frankreich-erhoeht-militaerausgaben-auf-400-milliarden-euro\/","url":"https:\/\/now-news.de\/de\/deutschland\/frankreich-erhoeht-militaerausgaben-auf-400-milliarden-euro\/","name":"Frankreich erh\u00f6ht Milit\u00e4rausgaben auf 400 Milliarden Euro - just-now.NEWS Deutschland","isPartOf":{"@id":"https:\/\/now-news.de\/de\/#website"},"primaryImageOfPage":{"@id":"https:\/\/now-news.de\/de\/deutschland\/frankreich-erhoeht-militaerausgaben-auf-400-milliarden-euro\/#primaryimage"},"image":{"@id":"https:\/\/now-news.de\/de\/deutschland\/frankreich-erhoeht-militaerausgaben-auf-400-milliarden-euro\/#primaryimage"},"thumbnailUrl":"https:\/\/now-news.de\/de\/wp-content\/uploads\/sites\/3\/2023\/01\/Frankreich-erhoeht-Militaerausgaben-auf-400-Milliarden-Euro.jpg","datePublished":"2023-01-20T21:29:29+00:00","dateModified":"2023-01-20T21:29:29+00:00","breadcrumb":{"@id":"https:\/\/now-news.de\/de\/deutschland\/frankreich-erhoeht-militaerausgaben-auf-400-milliarden-euro\/#breadcrumb"},"inLanguage":"de","potentialAction":[{"@type":"ReadAction","target":["https:\/\/now-news.de\/de\/deutschland\/frankreich-erhoeht-militaerausgaben-auf-400-milliarden-euro\/"]}]},{"@type":"ImageObject","inLanguage":"de","@id":"https:\/\/now-news.de\/de\/deutschland\/frankreich-erhoeht-militaerausgaben-auf-400-milliarden-euro\/#primaryimage","url":"https:\/\/now-news.de\/de\/wp-content\/uploads\/sites\/3\/2023\/01\/Frankreich-erhoeht-Militaerausgaben-auf-400-Milliarden-Euro.jpg","contentUrl":"https:\/\/now-news.de\/de\/wp-content\/uploads\/sites\/3\/2023\/01\/Frankreich-erhoeht-Militaerausgaben-auf-400-Milliarden-Euro.jpg","width":460,"height":259,"caption":"Frankreich erh\u00f6ht Milit\u00e4rausgaben auf 400 Milliarden Euro"},{"@type":"BreadcrumbList","@id":"https:\/\/now-news.de\/de\/deutschland\/frankreich-erhoeht-militaerausgaben-auf-400-milliarden-euro\/#breadcrumb","itemListElement":[{"@type":"ListItem","position":1,"name":"Home","item":"https:\/\/now-news.de\/de\/"},{"@type":"ListItem","position":2,"name":"Frankreich erh\u00f6ht Milit\u00e4rausgaben auf 400 Milliarden Euro"}]},{"@type":"WebSite","@id":"https:\/\/now-news.de\/de\/#website","url":"https:\/\/now-news.de\/de\/","name":"just-now.NEWS Deutschland","description":"Das Portal f\u00fcr unzensierte Nachrichten aus der Welt","publisher":{"@id":"https:\/\/now-news.de\/de\/#organization"},"potentialAction":[{"@type":"SearchAction","target":{"@type":"EntryPoint","urlTemplate":"https:\/\/now-news.de\/de\/?s={search_term_string}"},"query-input":"required name=search_term_string"}],"inLanguage":"de"},{"@type":"Organization","@id":"https:\/\/now-news.de\/de\/#organization","name":"Just Now News","url":"https:\/\/now-news.de\/de\/","logo":{"@type":"ImageObject","inLanguage":"de","@id":"https:\/\/now-news.de\/de\/#\/schema\/logo\/image\/","url":"http:\/\/just-now.news\/de\/wp-content\/uploads\/sites\/3\/2022\/04\/logo500x500.jpg","contentUrl":"http:\/\/just-now.news\/de\/wp-content\/uploads\/sites\/3\/2022\/04\/logo500x500.jpg","width":500,"height":500,"caption":"Just Now News"},"image":{"@id":"https:\/\/now-news.de\/de\/#\/schema\/logo\/image\/"},"sameAs":["https:\/\/www.facebook.com\/wirmachenauf","https:\/\/x.com\/WirMachenAuf_de"]},{"@type":"Person","@id":"https:\/\/now-news.de\/de\/#\/schema\/person\/fb534a4e865501d8b3285208df34a9b5","name":"rtnews","image":{"@type":"ImageObject","inLanguage":"de","@id":"https:\/\/now-news.de\/de\/#\/schema\/person\/image\/","url":"https:\/\/secure.gravatar.com\/avatar\/82aafea7d8127119dd649515f56e2117?s=96&d=mm&r=g","contentUrl":"https:\/\/secure.gravatar.com\/avatar\/82aafea7d8127119dd649515f56e2117?s=96&d=mm&r=g","caption":"rtnews"},"url":"https:\/\/now-news.de\/de\/author\/rnews\/"}]}},"_links":{"self":[{"href":"https:\/\/now-news.de\/de\/wp-json\/wp\/v2\/posts\/28267"}],"collection":[{"href":"https:\/\/now-news.de\/de\/wp-json\/wp\/v2\/posts"}],"about":[{"href":"https:\/\/now-news.de\/de\/wp-json\/wp\/v2\/types\/post"}],"author":[{"embeddable":true,"href":"https:\/\/now-news.de\/de\/wp-json\/wp\/v2\/users\/3"}],"replies":[{"embeddable":true,"href":"https:\/\/now-news.de\/de\/wp-json\/wp\/v2\/comments?post=28267"}],"version-history":[{"count":0,"href":"https:\/\/now-news.de\/de\/wp-json\/wp\/v2\/posts\/28267\/revisions"}],"wp:featuredmedia":[{"embeddable":true,"href":"https:\/\/now-news.de\/de\/wp-json\/wp\/v2\/media\/28268"}],"wp:attachment":[{"href":"https:\/\/now-news.de\/de\/wp-json\/wp\/v2\/media?parent=28267"}],"wp:term":[{"taxonomy":"category","embeddable":true,"href":"https:\/\/now-news.de\/de\/wp-json\/wp\/v2\/categories?post=28267"},{"taxonomy":"post_tag","embeddable":true,"href":"https:\/\/now-news.de\/de\/wp-json\/wp\/v2\/tags?post=28267"}],"curies":[{"name":"wp","href":"https:\/\/api.w.org\/{rel}","templated":true}]}}