{"id":28233,"date":"2023-01-20T18:45:39","date_gmt":"2023-01-20T16:45:39","guid":{"rendered":"https:\/\/just-now.news\/de\/deutschland\/umfrage-von-elon-musk-soll-das-weltwirtschaftsforum-die-welt-kontrollieren\/"},"modified":"2023-01-20T18:45:39","modified_gmt":"2023-01-20T16:45:39","slug":"umfrage-von-elon-musk-soll-das-weltwirtschaftsforum-die-welt-kontrollieren","status":"publish","type":"post","link":"https:\/\/now-news.de\/de\/deutschland\/umfrage-von-elon-musk-soll-das-weltwirtschaftsforum-die-welt-kontrollieren\/","title":{"rendered":"Umfrage von Elon Musk: &quot;Soll das Weltwirtschaftsforum die Welt kontrollieren?&quot;"},"content":{"rendered":"<p><img decoding=\"async\" src=\"http:\/\/just-now.news\/de\/wp-content\/uploads\/sites\/3\/2023\/01\/63ca866048fbef1ed558db40.png\" \/><\/p>\n<div class=\"Text-root Text-type_1 \">\n                Auf Twitter fragte Elon Musk nach dem Interesse der Menschen an einer globalen Vorherrschaft des Weltwirtschaftsforums. 86 Prozent der Umfrage-Teilnehmer stimmten dagegen. An der Abstimmung beteiligten sich bis Mittwoch 2,4 Millionen Menschen.\n            <\/div>\n<p><\/p>\n<div class=\"Text-root Text-type_5 ArticleView-text ViewText-root \">\n<p>Am Freitag endet das diesj\u00e4hrige Weltwirtschaftsforum in Davos. Elon Musk nutzte w\u00e4hrenddessen die Gelegenheit, die Menschen nach ihrer Meinung \u00fcber diese globale Wirtschaftsinstitution zu befragen. Wie viel Macht wollten die Menschen dem WEF zugestehen? Laut der von Musk durchgef\u00fchrten <a rel=\"nofollow noopener\" target=\"_blank\" href=\"https:\/\/twitter.com\/elonmusk\/status\/1615753259972702208?cxt=HHwWgMDRlfDBp-wsAAAA\">Twitter-Umfrage<\/a>, ob das Weltwirtschaftsforum die Welt kontrollieren solle, stimmten 86 Prozent der beteiligten Menschen dagegen. Musk ver\u00f6ffentlichte das Umfrage-Ergebnis am Mittwoch auf seinem Twitter-Konto.<\/p>\n<blockquote>\n<p><em>&#8220;Soll das Weltwirtschaftsforum die Welt kontrollieren?&#8221;, lautete die Frage. <\/em><\/p>\n<\/blockquote>\n<p>Den Angaben zufolge\u00a0h\u00e4tten sich \u00fcber 2,4 Millionen Menschen an der Abstimmung beteiligt. Mit gro\u00dfer Mehrheit votierten sie dabei gegen eine Weltherrschaft des WEF. Nur 14 Prozent bef\u00fcrworteten eine globale Kontrolle durch die Entscheider beim Weltwirtschaftsforum.<\/p>\n<div class=\"EmbedBlock-root EmbedBlock-twitter\">\n<div class=\"TwitterEmbed\">\n<blockquote class=\"twitter-tweet lazyload\" data-twitter=\"twitter-tweet\">\n<p lang=\"en\" dir=\"ltr\">The World Economic Forum should control the world<\/p>\n<p>\u2014 Elon Musk (@elonmusk) <a rel=\"nofollow noopener\" target=\"_blank\" href=\"https:\/\/twitter.com\/elonmusk\/status\/1615753259972702208?ref_src=twsrc%5Etfw\">January 18, 2023<\/a><\/p><\/blockquote>\n<\/div>\n<\/div>\n<p><strong>Mehr zum Thema<\/strong> &#8211;\u00a0<a rel=\"nofollow noopener\" target=\"_blank\" href=\"https:\/\/pressefreiheit.rtde.tech\/europa\/159405-elitaere-parallelgesellschaft-wef-treffen-2023\/\">Elit\u00e4re Parallelgesellschaft: WEF-Treffen 2023 l\u00e4sst sich durch 5.000 Soldaten besch\u00fctzen<\/a>\u00a0<\/p>\n<\/div>\n<p><script async src=\"https:\/\/platform.twitter.com\/widgets.js\" charset=\"utf-8\"><\/script><br \/>\n<br \/><br \/>\n<br \/><a href=\"https:\/\/de.rt.com\/international\/160475-umfrage-von-elon-musk-soll\/\">Source link <\/a><\/p>\n","protected":false},"excerpt":{"rendered":"<p>Auf Twitter fragte Elon Musk nach dem Interesse der Menschen an einer globalen Vorherrschaft des Weltwirtschaftsforums. 86 Prozent der Umfrage-Teilnehmer stimmten dagegen. An der Abstimmung beteiligten sich bis Mittwoch 2,4 Millionen Menschen. Am Freitag endet das diesj\u00e4hrige Weltwirtschaftsforum in Davos. Elon Musk nutzte w\u00e4hrenddessen die Gelegenheit, die Menschen nach ihrer Meinung \u00fcber diese globale Wirtschaftsinstitution [&hellip;]<\/p>\n","protected":false},"author":3,"featured_media":28234,"comment_status":"open","ping_status":"open","sticky":false,"template":"","format":"standard","meta":{"_yoast_indexnow_last_ping":["1674233673"],"wp_automatic_camp":["217"],"fab70c5fd7cfa6dfbf683c97beb32c81":["Umfrage von Elon Musk: &quot;Soll das Weltwirtschaftsforum die Welt kontrollieren?&quot;"],"original_link":["https:\/\/de.rt.com\/international\/160475-umfrage-von-elon-musk-soll\/"],"_thumbnail_id":["28234"],"_wptgpro_p2tg_sent2tg":["a:1:{i:23737;s:19:\"2023-01-20 18:55:58\";}"],"jnews_social_counter_last_update":["1777410983"]},"categories":[19,23],"tags":[427,45,2056,39396,1582,39395,1428,50,778,61],"yoast_head":"<!-- This site is optimized with the Yoast SEO Premium plugin v22.7 (Yoast SEO v22.7) - https:\/\/yoast.com\/wordpress\/plugins\/seo\/ -->\n<title>Umfrage von Elon Musk: &quot;Soll das Weltwirtschaftsforum die Welt kontrollieren?&quot; - just-now.NEWS Deutschland<\/title>\n<meta name=\"robots\" content=\"index, follow, max-snippet:-1, max-image-preview:large, max-video-preview:-1\" \/>\n<link rel=\"canonical\" href=\"https:\/\/now-news.de\/de\/deutschland\/umfrage-von-elon-musk-soll-das-weltwirtschaftsforum-die-welt-kontrollieren\/\" \/>\n<meta property=\"og:locale\" content=\"de_DE\" \/>\n<meta property=\"og:type\" content=\"article\" \/>\n<meta property=\"og:title\" content=\"Umfrage von Elon Musk: &quot;Soll das Weltwirtschaftsforum die Welt kontrollieren?&quot;\" \/>\n<meta property=\"og:description\" content=\"Auf Twitter fragte Elon Musk nach dem Interesse der Menschen an einer globalen Vorherrschaft des Weltwirtschaftsforums. 86 Prozent der Umfrage-Teilnehmer stimmten dagegen. An der Abstimmung beteiligten sich bis Mittwoch 2,4 Millionen Menschen. Am Freitag endet das diesj\u00e4hrige Weltwirtschaftsforum in Davos. Elon Musk nutzte w\u00e4hrenddessen die Gelegenheit, die Menschen nach ihrer Meinung \u00fcber diese globale Wirtschaftsinstitution [&hellip;]\" \/>\n<meta property=\"og:url\" content=\"https:\/\/now-news.de\/de\/deutschland\/umfrage-von-elon-musk-soll-das-weltwirtschaftsforum-die-welt-kontrollieren\/\" \/>\n<meta property=\"og:site_name\" content=\"just-now.NEWS Deutschland\" \/>\n<meta property=\"article:publisher\" content=\"https:\/\/www.facebook.com\/wirmachenauf\" \/>\n<meta property=\"article:published_time\" content=\"2023-01-20T16:45:39+00:00\" \/>\n<meta property=\"og:image\" content=\"https:\/\/now-news.de\/de\/wp-content\/uploads\/sites\/3\/2023\/01\/Umfrage-von-Elon-Musk-quotSoll-das-Weltwirtschaftsforum-die-Welt-kontrollierenquot.png\" \/>\n\t<meta property=\"og:image:width\" content=\"460\" \/>\n\t<meta property=\"og:image:height\" content=\"259\" \/>\n\t<meta property=\"og:image:type\" content=\"image\/png\" \/>\n<meta name=\"author\" content=\"rtnews\" \/>\n<meta name=\"twitter:card\" content=\"summary_large_image\" \/>\n<meta name=\"twitter:creator\" content=\"@WirMachenAuf_de\" \/>\n<meta name=\"twitter:site\" content=\"@WirMachenAuf_de\" \/>\n<meta name=\"twitter:label1\" content=\"Verfasst von\" \/>\n\t<meta name=\"twitter:data1\" content=\"rtnews\" \/>\n\t<meta name=\"twitter:label2\" content=\"Gesch\u00e4tzte Lesezeit\" \/>\n\t<meta name=\"twitter:data2\" content=\"1\u00a0Minute\" \/>\n<script type=\"application\/ld+json\" class=\"yoast-schema-graph\">{\"@context\":\"https:\/\/schema.org\",\"@graph\":[{\"@type\":\"Article\",\"@id\":\"https:\/\/now-news.de\/de\/deutschland\/umfrage-von-elon-musk-soll-das-weltwirtschaftsforum-die-welt-kontrollieren\/#article\",\"isPartOf\":{\"@id\":\"https:\/\/now-news.de\/de\/deutschland\/umfrage-von-elon-musk-soll-das-weltwirtschaftsforum-die-welt-kontrollieren\/\"},\"author\":{\"name\":\"rtnews\",\"@id\":\"https:\/\/now-news.de\/de\/#\/schema\/person\/fb534a4e865501d8b3285208df34a9b5\"},\"headline\":\"Umfrage von Elon Musk: &quot;Soll das Weltwirtschaftsforum die Welt kontrollieren?&quot;\",\"datePublished\":\"2023-01-20T16:45:39+00:00\",\"dateModified\":\"2023-01-20T16:45:39+00:00\",\"mainEntityOfPage\":{\"@id\":\"https:\/\/now-news.de\/de\/deutschland\/umfrage-von-elon-musk-soll-das-weltwirtschaftsforum-die-welt-kontrollieren\/\"},\"wordCount\":184,\"commentCount\":0,\"publisher\":{\"@id\":\"https:\/\/now-news.de\/de\/#organization\"},\"image\":{\"@id\":\"https:\/\/now-news.de\/de\/deutschland\/umfrage-von-elon-musk-soll-das-weltwirtschaftsforum-die-welt-kontrollieren\/#primaryimage\"},\"thumbnailUrl\":\"https:\/\/now-news.de\/de\/wp-content\/uploads\/sites\/3\/2023\/01\/Umfrage-von-Elon-Musk-quotSoll-das-Weltwirtschaftsforum-die-Welt-kontrollierenquot.png\",\"keywords\":[\"das\",\"die\",\"ELON\",\"kontrollierenquot\",\"Musk\",\"quotSoll\",\"Umfrage\",\"von\",\"Welt\",\"Weltwirtschaftsforum\"],\"articleSection\":[\"Deutschland\",\"Russland\"],\"inLanguage\":\"de\",\"potentialAction\":[{\"@type\":\"CommentAction\",\"name\":\"Comment\",\"target\":[\"https:\/\/now-news.de\/de\/deutschland\/umfrage-von-elon-musk-soll-das-weltwirtschaftsforum-die-welt-kontrollieren\/#respond\"]}]},{\"@type\":\"WebPage\",\"@id\":\"https:\/\/now-news.de\/de\/deutschland\/umfrage-von-elon-musk-soll-das-weltwirtschaftsforum-die-welt-kontrollieren\/\",\"url\":\"https:\/\/now-news.de\/de\/deutschland\/umfrage-von-elon-musk-soll-das-weltwirtschaftsforum-die-welt-kontrollieren\/\",\"name\":\"Umfrage von Elon Musk: &quot;Soll das Weltwirtschaftsforum die Welt kontrollieren?&quot; - just-now.NEWS Deutschland\",\"isPartOf\":{\"@id\":\"https:\/\/now-news.de\/de\/#website\"},\"primaryImageOfPage\":{\"@id\":\"https:\/\/now-news.de\/de\/deutschland\/umfrage-von-elon-musk-soll-das-weltwirtschaftsforum-die-welt-kontrollieren\/#primaryimage\"},\"image\":{\"@id\":\"https:\/\/now-news.de\/de\/deutschland\/umfrage-von-elon-musk-soll-das-weltwirtschaftsforum-die-welt-kontrollieren\/#primaryimage\"},\"thumbnailUrl\":\"https:\/\/now-news.de\/de\/wp-content\/uploads\/sites\/3\/2023\/01\/Umfrage-von-Elon-Musk-quotSoll-das-Weltwirtschaftsforum-die-Welt-kontrollierenquot.png\",\"datePublished\":\"2023-01-20T16:45:39+00:00\",\"dateModified\":\"2023-01-20T16:45:39+00:00\",\"breadcrumb\":{\"@id\":\"https:\/\/now-news.de\/de\/deutschland\/umfrage-von-elon-musk-soll-das-weltwirtschaftsforum-die-welt-kontrollieren\/#breadcrumb\"},\"inLanguage\":\"de\",\"potentialAction\":[{\"@type\":\"ReadAction\",\"target\":[\"https:\/\/now-news.de\/de\/deutschland\/umfrage-von-elon-musk-soll-das-weltwirtschaftsforum-die-welt-kontrollieren\/\"]}]},{\"@type\":\"ImageObject\",\"inLanguage\":\"de\",\"@id\":\"https:\/\/now-news.de\/de\/deutschland\/umfrage-von-elon-musk-soll-das-weltwirtschaftsforum-die-welt-kontrollieren\/#primaryimage\",\"url\":\"https:\/\/now-news.de\/de\/wp-content\/uploads\/sites\/3\/2023\/01\/Umfrage-von-Elon-Musk-quotSoll-das-Weltwirtschaftsforum-die-Welt-kontrollierenquot.png\",\"contentUrl\":\"https:\/\/now-news.de\/de\/wp-content\/uploads\/sites\/3\/2023\/01\/Umfrage-von-Elon-Musk-quotSoll-das-Weltwirtschaftsforum-die-Welt-kontrollierenquot.png\",\"width\":460,\"height\":259,\"caption\":\"Umfrage von Elon Musk: &quot;Soll das Weltwirtschaftsforum die Welt kontrollieren?&quot;\"},{\"@type\":\"BreadcrumbList\",\"@id\":\"https:\/\/now-news.de\/de\/deutschland\/umfrage-von-elon-musk-soll-das-weltwirtschaftsforum-die-welt-kontrollieren\/#breadcrumb\",\"itemListElement\":[{\"@type\":\"ListItem\",\"position\":1,\"name\":\"Home\",\"item\":\"https:\/\/now-news.de\/de\/\"},{\"@type\":\"ListItem\",\"position\":2,\"name\":\"Umfrage von Elon Musk: &quot;Soll das Weltwirtschaftsforum die Welt kontrollieren?&quot;\"}]},{\"@type\":\"WebSite\",\"@id\":\"https:\/\/now-news.de\/de\/#website\",\"url\":\"https:\/\/now-news.de\/de\/\",\"name\":\"just-now.NEWS Deutschland\",\"description\":\"Das Portal f\u00fcr unzensierte Nachrichten aus der Welt\",\"publisher\":{\"@id\":\"https:\/\/now-news.de\/de\/#organization\"},\"potentialAction\":[{\"@type\":\"SearchAction\",\"target\":{\"@type\":\"EntryPoint\",\"urlTemplate\":\"https:\/\/now-news.de\/de\/?s={search_term_string}\"},\"query-input\":\"required name=search_term_string\"}],\"inLanguage\":\"de\"},{\"@type\":\"Organization\",\"@id\":\"https:\/\/now-news.de\/de\/#organization\",\"name\":\"Just Now News\",\"url\":\"https:\/\/now-news.de\/de\/\",\"logo\":{\"@type\":\"ImageObject\",\"inLanguage\":\"de\",\"@id\":\"https:\/\/now-news.de\/de\/#\/schema\/logo\/image\/\",\"url\":\"http:\/\/just-now.news\/de\/wp-content\/uploads\/sites\/3\/2022\/04\/logo500x500.jpg\",\"contentUrl\":\"http:\/\/just-now.news\/de\/wp-content\/uploads\/sites\/3\/2022\/04\/logo500x500.jpg\",\"width\":500,\"height\":500,\"caption\":\"Just Now News\"},\"image\":{\"@id\":\"https:\/\/now-news.de\/de\/#\/schema\/logo\/image\/\"},\"sameAs\":[\"https:\/\/www.facebook.com\/wirmachenauf\",\"https:\/\/x.com\/WirMachenAuf_de\"]},{\"@type\":\"Person\",\"@id\":\"https:\/\/now-news.de\/de\/#\/schema\/person\/fb534a4e865501d8b3285208df34a9b5\",\"name\":\"rtnews\",\"image\":{\"@type\":\"ImageObject\",\"inLanguage\":\"de\",\"@id\":\"https:\/\/now-news.de\/de\/#\/schema\/person\/image\/\",\"url\":\"https:\/\/secure.gravatar.com\/avatar\/82aafea7d8127119dd649515f56e2117?s=96&d=mm&r=g\",\"contentUrl\":\"https:\/\/secure.gravatar.com\/avatar\/82aafea7d8127119dd649515f56e2117?s=96&d=mm&r=g\",\"caption\":\"rtnews\"},\"url\":\"https:\/\/now-news.de\/de\/author\/rnews\/\"}]}<\/script>\n<!-- \/ Yoast SEO Premium plugin. -->","yoast_head_json":{"title":"Umfrage von Elon Musk: &quot;Soll das Weltwirtschaftsforum die Welt kontrollieren?&quot; - just-now.NEWS Deutschland","robots":{"index":"index","follow":"follow","max-snippet":"max-snippet:-1","max-image-preview":"max-image-preview:large","max-video-preview":"max-video-preview:-1"},"canonical":"https:\/\/now-news.de\/de\/deutschland\/umfrage-von-elon-musk-soll-das-weltwirtschaftsforum-die-welt-kontrollieren\/","og_locale":"de_DE","og_type":"article","og_title":"Umfrage von Elon Musk: &quot;Soll das Weltwirtschaftsforum die Welt kontrollieren?&quot;","og_description":"Auf Twitter fragte Elon Musk nach dem Interesse der Menschen an einer globalen Vorherrschaft des Weltwirtschaftsforums. 86 Prozent der Umfrage-Teilnehmer stimmten dagegen. An der Abstimmung beteiligten sich bis Mittwoch 2,4 Millionen Menschen. Am Freitag endet das diesj\u00e4hrige Weltwirtschaftsforum in Davos. Elon Musk nutzte w\u00e4hrenddessen die Gelegenheit, die Menschen nach ihrer Meinung \u00fcber diese globale Wirtschaftsinstitution [&hellip;]","og_url":"https:\/\/now-news.de\/de\/deutschland\/umfrage-von-elon-musk-soll-das-weltwirtschaftsforum-die-welt-kontrollieren\/","og_site_name":"just-now.NEWS Deutschland","article_publisher":"https:\/\/www.facebook.com\/wirmachenauf","article_published_time":"2023-01-20T16:45:39+00:00","og_image":[{"width":460,"height":259,"url":"https:\/\/now-news.de\/de\/wp-content\/uploads\/sites\/3\/2023\/01\/Umfrage-von-Elon-Musk-quotSoll-das-Weltwirtschaftsforum-die-Welt-kontrollierenquot.png","type":"image\/png"}],"author":"rtnews","twitter_card":"summary_large_image","twitter_creator":"@WirMachenAuf_de","twitter_site":"@WirMachenAuf_de","twitter_misc":{"Verfasst von":"rtnews","Gesch\u00e4tzte Lesezeit":"1\u00a0Minute"},"schema":{"@context":"https:\/\/schema.org","@graph":[{"@type":"Article","@id":"https:\/\/now-news.de\/de\/deutschland\/umfrage-von-elon-musk-soll-das-weltwirtschaftsforum-die-welt-kontrollieren\/#article","isPartOf":{"@id":"https:\/\/now-news.de\/de\/deutschland\/umfrage-von-elon-musk-soll-das-weltwirtschaftsforum-die-welt-kontrollieren\/"},"author":{"name":"rtnews","@id":"https:\/\/now-news.de\/de\/#\/schema\/person\/fb534a4e865501d8b3285208df34a9b5"},"headline":"Umfrage von Elon Musk: &quot;Soll das Weltwirtschaftsforum die Welt kontrollieren?&quot;","datePublished":"2023-01-20T16:45:39+00:00","dateModified":"2023-01-20T16:45:39+00:00","mainEntityOfPage":{"@id":"https:\/\/now-news.de\/de\/deutschland\/umfrage-von-elon-musk-soll-das-weltwirtschaftsforum-die-welt-kontrollieren\/"},"wordCount":184,"commentCount":0,"publisher":{"@id":"https:\/\/now-news.de\/de\/#organization"},"image":{"@id":"https:\/\/now-news.de\/de\/deutschland\/umfrage-von-elon-musk-soll-das-weltwirtschaftsforum-die-welt-kontrollieren\/#primaryimage"},"thumbnailUrl":"https:\/\/now-news.de\/de\/wp-content\/uploads\/sites\/3\/2023\/01\/Umfrage-von-Elon-Musk-quotSoll-das-Weltwirtschaftsforum-die-Welt-kontrollierenquot.png","keywords":["das","die","ELON","kontrollierenquot","Musk","quotSoll","Umfrage","von","Welt","Weltwirtschaftsforum"],"articleSection":["Deutschland","Russland"],"inLanguage":"de","potentialAction":[{"@type":"CommentAction","name":"Comment","target":["https:\/\/now-news.de\/de\/deutschland\/umfrage-von-elon-musk-soll-das-weltwirtschaftsforum-die-welt-kontrollieren\/#respond"]}]},{"@type":"WebPage","@id":"https:\/\/now-news.de\/de\/deutschland\/umfrage-von-elon-musk-soll-das-weltwirtschaftsforum-die-welt-kontrollieren\/","url":"https:\/\/now-news.de\/de\/deutschland\/umfrage-von-elon-musk-soll-das-weltwirtschaftsforum-die-welt-kontrollieren\/","name":"Umfrage von Elon Musk: &quot;Soll das Weltwirtschaftsforum die Welt kontrollieren?&quot; - just-now.NEWS Deutschland","isPartOf":{"@id":"https:\/\/now-news.de\/de\/#website"},"primaryImageOfPage":{"@id":"https:\/\/now-news.de\/de\/deutschland\/umfrage-von-elon-musk-soll-das-weltwirtschaftsforum-die-welt-kontrollieren\/#primaryimage"},"image":{"@id":"https:\/\/now-news.de\/de\/deutschland\/umfrage-von-elon-musk-soll-das-weltwirtschaftsforum-die-welt-kontrollieren\/#primaryimage"},"thumbnailUrl":"https:\/\/now-news.de\/de\/wp-content\/uploads\/sites\/3\/2023\/01\/Umfrage-von-Elon-Musk-quotSoll-das-Weltwirtschaftsforum-die-Welt-kontrollierenquot.png","datePublished":"2023-01-20T16:45:39+00:00","dateModified":"2023-01-20T16:45:39+00:00","breadcrumb":{"@id":"https:\/\/now-news.de\/de\/deutschland\/umfrage-von-elon-musk-soll-das-weltwirtschaftsforum-die-welt-kontrollieren\/#breadcrumb"},"inLanguage":"de","potentialAction":[{"@type":"ReadAction","target":["https:\/\/now-news.de\/de\/deutschland\/umfrage-von-elon-musk-soll-das-weltwirtschaftsforum-die-welt-kontrollieren\/"]}]},{"@type":"ImageObject","inLanguage":"de","@id":"https:\/\/now-news.de\/de\/deutschland\/umfrage-von-elon-musk-soll-das-weltwirtschaftsforum-die-welt-kontrollieren\/#primaryimage","url":"https:\/\/now-news.de\/de\/wp-content\/uploads\/sites\/3\/2023\/01\/Umfrage-von-Elon-Musk-quotSoll-das-Weltwirtschaftsforum-die-Welt-kontrollierenquot.png","contentUrl":"https:\/\/now-news.de\/de\/wp-content\/uploads\/sites\/3\/2023\/01\/Umfrage-von-Elon-Musk-quotSoll-das-Weltwirtschaftsforum-die-Welt-kontrollierenquot.png","width":460,"height":259,"caption":"Umfrage von Elon Musk: &quot;Soll das Weltwirtschaftsforum die Welt kontrollieren?&quot;"},{"@type":"BreadcrumbList","@id":"https:\/\/now-news.de\/de\/deutschland\/umfrage-von-elon-musk-soll-das-weltwirtschaftsforum-die-welt-kontrollieren\/#breadcrumb","itemListElement":[{"@type":"ListItem","position":1,"name":"Home","item":"https:\/\/now-news.de\/de\/"},{"@type":"ListItem","position":2,"name":"Umfrage von Elon Musk: &quot;Soll das Weltwirtschaftsforum die Welt kontrollieren?&quot;"}]},{"@type":"WebSite","@id":"https:\/\/now-news.de\/de\/#website","url":"https:\/\/now-news.de\/de\/","name":"just-now.NEWS Deutschland","description":"Das Portal f\u00fcr unzensierte Nachrichten aus der Welt","publisher":{"@id":"https:\/\/now-news.de\/de\/#organization"},"potentialAction":[{"@type":"SearchAction","target":{"@type":"EntryPoint","urlTemplate":"https:\/\/now-news.de\/de\/?s={search_term_string}"},"query-input":"required name=search_term_string"}],"inLanguage":"de"},{"@type":"Organization","@id":"https:\/\/now-news.de\/de\/#organization","name":"Just Now News","url":"https:\/\/now-news.de\/de\/","logo":{"@type":"ImageObject","inLanguage":"de","@id":"https:\/\/now-news.de\/de\/#\/schema\/logo\/image\/","url":"http:\/\/just-now.news\/de\/wp-content\/uploads\/sites\/3\/2022\/04\/logo500x500.jpg","contentUrl":"http:\/\/just-now.news\/de\/wp-content\/uploads\/sites\/3\/2022\/04\/logo500x500.jpg","width":500,"height":500,"caption":"Just Now News"},"image":{"@id":"https:\/\/now-news.de\/de\/#\/schema\/logo\/image\/"},"sameAs":["https:\/\/www.facebook.com\/wirmachenauf","https:\/\/x.com\/WirMachenAuf_de"]},{"@type":"Person","@id":"https:\/\/now-news.de\/de\/#\/schema\/person\/fb534a4e865501d8b3285208df34a9b5","name":"rtnews","image":{"@type":"ImageObject","inLanguage":"de","@id":"https:\/\/now-news.de\/de\/#\/schema\/person\/image\/","url":"https:\/\/secure.gravatar.com\/avatar\/82aafea7d8127119dd649515f56e2117?s=96&d=mm&r=g","contentUrl":"https:\/\/secure.gravatar.com\/avatar\/82aafea7d8127119dd649515f56e2117?s=96&d=mm&r=g","caption":"rtnews"},"url":"https:\/\/now-news.de\/de\/author\/rnews\/"}]}},"_links":{"self":[{"href":"https:\/\/now-news.de\/de\/wp-json\/wp\/v2\/posts\/28233"}],"collection":[{"href":"https:\/\/now-news.de\/de\/wp-json\/wp\/v2\/posts"}],"about":[{"href":"https:\/\/now-news.de\/de\/wp-json\/wp\/v2\/types\/post"}],"author":[{"embeddable":true,"href":"https:\/\/now-news.de\/de\/wp-json\/wp\/v2\/users\/3"}],"replies":[{"embeddable":true,"href":"https:\/\/now-news.de\/de\/wp-json\/wp\/v2\/comments?post=28233"}],"version-history":[{"count":0,"href":"https:\/\/now-news.de\/de\/wp-json\/wp\/v2\/posts\/28233\/revisions"}],"wp:featuredmedia":[{"embeddable":true,"href":"https:\/\/now-news.de\/de\/wp-json\/wp\/v2\/media\/28234"}],"wp:attachment":[{"href":"https:\/\/now-news.de\/de\/wp-json\/wp\/v2\/media?parent=28233"}],"wp:term":[{"taxonomy":"category","embeddable":true,"href":"https:\/\/now-news.de\/de\/wp-json\/wp\/v2\/categories?post=28233"},{"taxonomy":"post_tag","embeddable":true,"href":"https:\/\/now-news.de\/de\/wp-json\/wp\/v2\/tags?post=28233"}],"curies":[{"name":"wp","href":"https:\/\/api.w.org\/{rel}","templated":true}]}}